{"id":190475,"date":"2025-11-26T20:20:49","date_gmt":"2025-11-26T19:20:49","guid":{"rendered":"https:\/\/candas365.es\/noticias\/?p=190475"},"modified":"2025-11-26T20:20:49","modified_gmt":"2025-11-26T19:20:49","slug":"prohens-defiende-el-turismo-regenerativo-en-baleares","status":"publish","type":"post","link":"https:\/\/candas365.es\/noticias\/prohens-defiende-el-turismo-regenerativo-en-baleares\/","title":{"rendered":"Prohens defiende el turismo regenerativo en Baleares"},"content":{"rendered":"<p>La presidenta de Baleares, Marga Prohens, afirm\u00f3 que el <a href=\"https:\/\/candas365.es\/noticias\/category\/turismo\/\"><span style=\"color: #ff6600;\"><strong>turismo regenerativo<\/strong><\/span><\/a> es la clave para reforzar la competitividad del archipi\u00e9lago y un motivo de orgullo en la estrategia tur\u00edstica de la comunidad.<\/p>\n<figure id=\"attachment_190476\" aria-describedby=\"caption-attachment-190476\" style=\"width: 650px\" class=\"wp-caption aligncenter\"><img fetchpriority=\"high\" decoding=\"async\" class=\"size-large wp-image-190476\" src=\"https:\/\/candas365.es\/noticias\/wp-content\/uploads\/2025\/11\/Prohens-defiende-el-turismo-regenerativo-en-Baleares-650x415.jpg\" alt=\"Prohens defiende el turismo regenerativo en Baleares\" width=\"650\" height=\"415\" srcset=\"https:\/\/candas365.es\/noticias\/wp-content\/uploads\/2025\/11\/Prohens-defiende-el-turismo-regenerativo-en-Baleares-650x415.jpg 650w, https:\/\/candas365.es\/noticias\/wp-content\/uploads\/2025\/11\/Prohens-defiende-el-turismo-regenerativo-en-Baleares-360x230.jpg 360w, https:\/\/candas365.es\/noticias\/wp-content\/uploads\/2025\/11\/Prohens-defiende-el-turismo-regenerativo-en-Baleares-768x490.jpg 768w, https:\/\/candas365.es\/noticias\/wp-content\/uploads\/2025\/11\/Prohens-defiende-el-turismo-regenerativo-en-Baleares-150x96.jpg 150w, https:\/\/candas365.es\/noticias\/wp-content\/uploads\/2025\/11\/Prohens-defiende-el-turismo-regenerativo-en-Baleares-450x287.jpg 450w, https:\/\/candas365.es\/noticias\/wp-content\/uploads\/2025\/11\/Prohens-defiende-el-turismo-regenerativo-en-Baleares.jpg 1017w\" sizes=\"(max-width: 650px) 100vw, 650px\" \/><figcaption id=\"caption-attachment-190476\" class=\"wp-caption-text\">Marga Prohens, durante el acto<\/figcaption><\/figure>\n<p>Palma fue este mi\u00e9rcoles la capital del debate del <a href=\"https:\/\/eldigitaldeasturias.com\/magazine365\/category\/actualidad-turismo\/\" target=\"_blank\" rel=\"noopener\"><span style=\"color: #ff6600;\"><strong>sector tur\u00edstico<\/strong><\/span><\/a> durante el &#8216;Forbes Illes Balears Tourism Summit 2025&#8217;, un encuentro en el que se ha dado un \u201cmandato\u201d claro para la industria: el enfoque regenerativo ya no es una tendencia, sino una exigencia ineludible y la nueva frontera econ\u00f3mica.<\/p>\n<p>En este debate, Prohens situ\u00f3 al archipi\u00e9lago a la vanguardia de un modelo que busca alinear la rentabilidad empresarial con la sostenibilidad social y el bienestar ciudadano, redefiniendo el valor de cada visita.<\/p>\n<p>Prohens insisti\u00f3 en que Baleares lidera el cambio. \u201cNo solo somos uno de los principales destinos tur\u00edsticos de Europa y del mundo, sino que tambi\u00e9n somos expertos exportadores de conocimiento sobre el sector y, ahora, exportadores de innovaci\u00f3n aplicada al turismo\u00bb, afirm\u00f3, y destac\u00f3 que el Govern comparte \u00abel fruto del trabajo que estamos haciendo desde las islas, desde las instituciones y el sector privado, de la mano de los agentes sociales y de las entidades de la sociedad civil, para una verdadera transformaci\u00f3n del modelo econ\u00f3mico y tur\u00edstico\u201d.<\/p>\n<p>La l\u00edder del ejecutivo balear aprovech\u00f3 el foro organizado por Forbes para poner en valor el modelo \u00fanico de las islas, \u201cporque somos, tal vez, el primer caso de una econom\u00eda que quiere transitar, no desde la recesi\u00f3n ni desde la crisis, sino desde el \u00e9xito; desde un modelo que genera riqueza. Preferimos asumir este reto de gestionar el \u00e9xito y no tener que reinventarnos desde cero\u201d.<\/p>\n<p>Adem\u00e1s, resalt\u00f3 el resultado de la colaboraci\u00f3n p\u00fablico-privada, \u201cque es clave para transformar cualquier sociedad\u00bb, una colaboraci\u00f3n que quiso defender expl\u00edcitamente \u00abfrente a los que criminalizan al sector privado, frente a los que se\u00f1alan, frente a los que buscan siempre la caricatura f\u00e1cil. Yo me he encontrado un sector privado en estas islas, unas empresas, unos agentes sociales y econ\u00f3micos totalmente comprometidos, sobre todo, con el futuro de las islas\u201d.<\/p>\n<h2>IMPACTO DEL TURISMO EN LAS ISLAS<\/h2>\n<p>La jornada, celebrada en el emblem\u00e1tico Es Baluard Museu d&#8217;Art Contemporani, abord\u00f3 el impacto del turismo en la econom\u00eda real. En la mesa sobre el liderazgo balear como motor de competitividad, las grandes empresas tomaron la palabra para validar esta transici\u00f3n. Entre ellas, Vicente Fenollar, presidente de Grupo \u00c1voris, quien puso el acento en la capacidad de adaptaci\u00f3n e innovaci\u00f3n de las compa\u00f1\u00edas en las islas, indicando que \u201csomos un &#8216;Silicon Valley&#8217; del turismo. Tenemos mucho talento en Baleares, un gran talento que formamos aqu\u00ed y con el que trabajamos y gestionamos nuestros equipos, lo que nos permite exportar nuestro &#8216;know-how&#8217;\u201d.<\/p>\n<p>A su lado, Toni Mir, CEO de Cap Vermell Group, explic\u00f3 c\u00f3mo \u00abel liderazgo en el turismo regenerativo parte de una cultura de empresa. Nosotros no lo seguimos como una tendencia, lo hemos interiorizado porque la sostenibilidad va m\u00e1s all\u00e1 de lo ambiental: es social. En Baleares somos l\u00edderes, somos referentes. Ver cadenas de la zona en todo el mundo nos da orgullo\u201d.<\/p>\n<p>Uno de los puntos m\u00e1s atractivos del encuentro gir\u00f3 en torno al reconocimiento de la identidad propia como activo tur\u00edstico. Se debati\u00f3 intensamente sobre c\u00f3mo la gastronom\u00eda, el arte y la creatividad act\u00faan como embajadores de la marca Baleares. En este sentido, el alcalde de Palma, Jaime Mart\u00ednez Llabr\u00e9s, agreg\u00f3 que en las islas \u201csomos \u00fanicos, estamos en el medio del Mediterr\u00e1neo, tenemos una historia milenaria y una experiencia de trabajo en el sector tur\u00edstico que se ha fortalecido en las \u00faltimas d\u00e9cadas. Por eso presentamos nuestra candidatura para ser Capital Europea de la Cultura en 2031, con nuestra cultura como motor\u201d.<\/p>\n<p>Uno de los componentes clave dentro del turismo regenerativo es la integraci\u00f3n de pilares identitarios como la gastronom\u00eda dentro de la oferta del sector. En palabras del chef Estrella Michelin Andreu Genestra, esta conexi\u00f3n en las islas es algo natural porque \u201csomos una tierra que ha sabido acoger el negocio del turismo y que hemos abierto las puertas de nuestra cultura, pero ahora tenemos que ser astutos para que esa cultura no est\u00e9 en riesgo y que siga siendo un baluarte para los residentes y los visitantes\u201d.<\/p>\n<h2>GESTI\u00d3N Y RETO P\u00daBLICO<\/h2>\n<p>El consenso general de la jornada apunta a que Baleares tiene \u00ablos deberes hechos\u00bb para afrontar la pr\u00f3xima d\u00e9cada, pero el reto de la implementaci\u00f3n sigue vigente. La administraci\u00f3n recogi\u00f3 el guante, asegurando que las pol\u00edticas p\u00fablicas acompa\u00f1ar\u00e1n este esfuerzo del sector privado para garantizar que la riqueza tur\u00edstica permee en toda la sociedad.<\/p>\n<p>Marga Prohens clausur\u00f3 el acto reiterando su compromiso con un modelo que genere orgullo de pertenencia. \u201cPodemos decir con orgullo, aunque siempre con humildad, que nuestra estrategia est\u00e1 funcionando. Los datos demuestran que ya se est\u00e1 produciendo un cambio de tendencia en el turismo de nuestras islas: mientras estamos logrando la contenci\u00f3n en los meses de verano, estamos creciendo como nunca en los meses de temporada media y baja\u201d.<\/p>\n<p>No obstante, la presidenta fue cr\u00edtica sobre el papel del sector p\u00fablico, admitiendo que tiene mucho por hacer, ya que \u201cen ocasiones somos el principal h\u00e1ndicap para que las inversiones productivas y diversificadas en proyectos estrat\u00e9gicos puedan encontrar en Baleares un sitio atractivo. Pero estamos trabajando en convertirnos en un aliado y en un referente para las empresas, para que nuestro modelo se desarrolle sobre un balance entre el bienestar y el crecimiento\u201d.<\/p>\n<p>La presidenta concluy\u00f3 con un mensaje de confianza hacia los empresarios y la sociedad civil: \u201cSomos una potencia tur\u00edstica y no vamos a pedir perd\u00f3n por ello; vamos a crecer y a consolidar un nuevo motor para Baleares, potenciando lo que sabemos hacer y exportando buenas pr\u00e1cticas\u201d, sellando as\u00ed una jornada que marca un punto de inflexi\u00f3n en la visi\u00f3n tur\u00edstica de las islas.<\/p>\n<p>(<a href=\"https:\/\/www.servimedia.es\/\" target=\"_blank\" rel=\"noopener\"><span style=\"color: #ff6600;\"><strong>SERVIMEDIA<\/strong><\/span><\/a>)<\/p>\n","protected":false},"excerpt":{"rendered":"<p>La presidenta de Baleares, Marga Prohens, afirm\u00f3 que el turismo regenerativo es la clave para reforzar la competitividad del archipi\u00e9lago y un motivo de orgullo en la estrategia tur\u00edstica de la comunidad. Palma fue este mi\u00e9rcoles la capital del debate del sector tur\u00edstico durante el &#8216;Forbes Illes Balears Tourism Summit 2025&#8217;, un encuentro en el<\/p>\n","protected":false},"author":1,"featured_media":190476,"comment_status":"closed","ping_status":"closed","sticky":false,"template":"","format":"standard","meta":{"footnotes":""},"categories":[486],"tags":[437],"class_list":{"0":"post-190475","1":"post","2":"type-post","3":"status-publish","4":"format-standard","5":"has-post-thumbnail","7":"category-economia","8":"tag-economia"},"aioseo_notices":[],"aioseo_head":"\n\t\t<!-- All in One SEO Pro 4.9.6.2 - aioseo.com -->\n\t<meta name=\"description\" content=\"La presidenta de Baleares, Marga Prohens, afirm\u00f3 que el turismo regenerativo es la clave para reforzar la competitividad del archipi\u00e9lago y un motivo\" \/>\n\t<meta name=\"robots\" content=\"max-image-preview:large\" \/>\n\t<meta name=\"author\" content=\"Cand\u00e1s 365\"\/>\n\t<meta name=\"google-site-verification\" content=\"UA-32230408-1\" \/>\n\t<meta name=\"msvalidate.01\" content=\"354F3CDFB2DA171B47FBE9ABF1F88D5\" \/>\n\t<meta name=\"keywords\" content=\"econom\u00eda\" \/>\n\t<link rel=\"canonical\" href=\"https:\/\/candas365.es\/noticias\/prohens-defiende-el-turismo-regenerativo-en-baleares\/\" \/>\n\t<meta name=\"generator\" content=\"All in One SEO Pro (AIOSEO) 4.9.6.2\" \/>\n\t\t<meta property=\"og:locale\" content=\"es_ES\" \/>\n\t\t<meta property=\"og:site_name\" content=\"Cand\u00e1s 365\" \/>\n\t\t<meta property=\"og:type\" content=\"article\" \/>\n\t\t<meta property=\"og:title\" content=\"Prohens defiende el turismo regenerativo en Baleares | Cand\u00e1s 365\" \/>\n\t\t<meta property=\"og:description\" content=\"La presidenta de Baleares, Marga Prohens, afirm\u00f3 que el turismo regenerativo es la clave para reforzar la competitividad del archipi\u00e9lago y un motivo\" \/>\n\t\t<meta property=\"og:url\" content=\"https:\/\/candas365.es\/noticias\/prohens-defiende-el-turismo-regenerativo-en-baleares\/\" \/>\n\t\t<meta property=\"og:image\" content=\"https:\/\/candas365.es\/noticias\/wp-content\/uploads\/2025\/11\/Prohens-defiende-el-turismo-regenerativo-en-Baleares.jpg\" \/>\n\t\t<meta property=\"og:image:secure_url\" content=\"https:\/\/candas365.es\/noticias\/wp-content\/uploads\/2025\/11\/Prohens-defiende-el-turismo-regenerativo-en-Baleares.jpg\" \/>\n\t\t<meta property=\"og:image:width\" content=\"1017\" \/>\n\t\t<meta property=\"og:image:height\" content=\"649\" \/>\n\t\t<meta property=\"article:published_time\" content=\"2025-11-26T19:20:49+00:00\" \/>\n\t\t<meta property=\"article:modified_time\" content=\"2025-11-26T19:20:49+00:00\" \/>\n\t\t<meta property=\"article:publisher\" content=\"https:\/\/www.facebook.com\/Nachofdezber\" \/>\n\t\t<meta property=\"article:author\" content=\"https:\/\/www.facebook.com\/carrenoactualidad\" \/>\n\t\t<meta name=\"twitter:card\" content=\"summary_large_image\" \/>\n\t\t<meta name=\"twitter:site\" content=\"@NabercoDigital\" \/>\n\t\t<meta name=\"twitter:title\" content=\"Prohens defiende el turismo regenerativo en Baleares | Cand\u00e1s 365\" \/>\n\t\t<meta name=\"twitter:description\" content=\"La presidenta de Baleares, Marga Prohens, afirm\u00f3 que el turismo regenerativo es la clave para reforzar la competitividad del archipi\u00e9lago y un motivo\" \/>\n\t\t<meta name=\"twitter:creator\" content=\"@nbasturias\" \/>\n\t\t<meta name=\"twitter:image\" content=\"https:\/\/candas365.es\/noticias\/wp-content\/uploads\/2025\/11\/Prohens-defiende-el-turismo-regenerativo-en-Baleares.jpg\" \/>\n\t\t<meta name=\"twitter:label1\" content=\"Escrito por\" \/>\n\t\t<meta name=\"twitter:data1\" content=\"Cand\u00e1s 365\" \/>\n\t\t<meta name=\"twitter:label2\" content=\"Tiempo de lectura estimado\" \/>\n\t\t<meta name=\"twitter:data2\" content=\"5 minutos\" \/>\n\t\t<script type=\"application\/ld+json\" class=\"aioseo-schema\">\n\t\t\t{\"@context\":\"https:\\\/\\\/schema.org\",\"@graph\":[{\"@type\":\"BreadcrumbList\",\"@id\":\"https:\\\/\\\/candas365.es\\\/noticias\\\/prohens-defiende-el-turismo-regenerativo-en-baleares\\\/#breadcrumblist\",\"itemListElement\":[{\"@type\":\"ListItem\",\"@id\":\"https:\\\/\\\/candas365.es\\\/noticias#listItem\",\"position\":1,\"name\":\"Home\",\"item\":\"https:\\\/\\\/candas365.es\\\/noticias\",\"nextItem\":{\"@type\":\"ListItem\",\"@id\":\"https:\\\/\\\/candas365.es\\\/noticias\\\/category\\\/economia\\\/#listItem\",\"name\":\"Econom\\u00eda\"}},{\"@type\":\"ListItem\",\"@id\":\"https:\\\/\\\/candas365.es\\\/noticias\\\/category\\\/economia\\\/#listItem\",\"position\":2,\"name\":\"Econom\\u00eda\",\"item\":\"https:\\\/\\\/candas365.es\\\/noticias\\\/category\\\/economia\\\/\",\"nextItem\":{\"@type\":\"ListItem\",\"@id\":\"https:\\\/\\\/candas365.es\\\/noticias\\\/prohens-defiende-el-turismo-regenerativo-en-baleares\\\/#listItem\",\"name\":\"Prohens defiende el turismo regenerativo en Baleares\"},\"previousItem\":{\"@type\":\"ListItem\",\"@id\":\"https:\\\/\\\/candas365.es\\\/noticias#listItem\",\"name\":\"Home\"}},{\"@type\":\"ListItem\",\"@id\":\"https:\\\/\\\/candas365.es\\\/noticias\\\/prohens-defiende-el-turismo-regenerativo-en-baleares\\\/#listItem\",\"position\":3,\"name\":\"Prohens defiende el turismo regenerativo en Baleares\",\"previousItem\":{\"@type\":\"ListItem\",\"@id\":\"https:\\\/\\\/candas365.es\\\/noticias\\\/category\\\/economia\\\/#listItem\",\"name\":\"Econom\\u00eda\"}}]},{\"@type\":\"NewsArticle\",\"@id\":\"https:\\\/\\\/candas365.es\\\/noticias\\\/prohens-defiende-el-turismo-regenerativo-en-baleares\\\/#newsarticle\",\"name\":\"Prohens defiende el turismo regenerativo en Baleares | Cand\\u00e1s 365\",\"headline\":\"Prohens defiende el turismo regenerativo en Baleares\",\"author\":{\"@id\":\"https:\\\/\\\/candas365.es\\\/noticias\\\/author\\\/admin\\\/#author\"},\"publisher\":{\"@id\":\"https:\\\/\\\/candas365.es\\\/noticias\\\/#organization\"},\"image\":{\"@type\":\"ImageObject\",\"url\":\"https:\\\/\\\/candas365.es\\\/noticias\\\/wp-content\\\/uploads\\\/2025\\\/11\\\/Prohens-defiende-el-turismo-regenerativo-en-Baleares.jpg\",\"width\":1017,\"height\":649,\"caption\":\"Marga Prohens, durante el acto\"},\"datePublished\":\"2025-11-26T20:20:49+01:00\",\"dateModified\":\"2025-11-26T20:20:49+01:00\",\"inLanguage\":\"es-ES\",\"mainEntityOfPage\":{\"@id\":\"https:\\\/\\\/candas365.es\\\/noticias\\\/prohens-defiende-el-turismo-regenerativo-en-baleares\\\/#webpage\"},\"isPartOf\":{\"@id\":\"https:\\\/\\\/candas365.es\\\/noticias\\\/prohens-defiende-el-turismo-regenerativo-en-baleares\\\/#webpage\"},\"articleSection\":\"Econom\\u00eda, Econom\\u00eda\",\"dateline\":\"Publicado el noviembre 26, 2025.\"},{\"@type\":\"Organization\",\"@id\":\"https:\\\/\\\/candas365.es\\\/noticias\\\/#organization\",\"name\":\"Cand\\u00e1s 365\",\"description\":\"Cand\\u00e1s 365 es un diario digital independiente, fundado en 2012, con base en Asturias. Informamos con rigor sobre actualidad, sociedad, cultura y ocio, con una mirada local y global.\",\"url\":\"https:\\\/\\\/candas365.es\\\/noticias\\\/\",\"email\":\"info@candas365.es\",\"telephone\":\"+34652131393\",\"foundingDate\":\"2012-06-10\",\"logo\":{\"@type\":\"ImageObject\",\"url\":\"https:\\\/\\\/candas365.es\\\/noticias\\\/wp-content\\\/uploads\\\/2024\\\/09\\\/Candas-365-Redes.jpg\",\"@id\":\"https:\\\/\\\/candas365.es\\\/noticias\\\/prohens-defiende-el-turismo-regenerativo-en-baleares\\\/#organizationLogo\",\"width\":1152,\"height\":864,\"caption\":\"Cand\\u00e1s 365 Redes\"},\"image\":{\"@id\":\"https:\\\/\\\/candas365.es\\\/noticias\\\/prohens-defiende-el-turismo-regenerativo-en-baleares\\\/#organizationLogo\"},\"sameAs\":[\"https:\\\/\\\/www.facebook.com\\\/Nachofdezber\",\"https:\\\/\\\/x.com\\\/NabercoDigital\",\"https:\\\/\\\/www.instagram.com\\\/nachofdezber\\\/\",\"https:\\\/\\\/www.youtube.com\\\/channel\\\/UCZP-2wLEB9Rv6erhFmqVnvg\"],\"address\":{\"@id\":\"https:\\\/\\\/candas365.es\\\/noticias\\\/#postaladdress\",\"@type\":\"PostalAddress\",\"streetAddress\":\"san antonio 4, san antonio 4\",\"postalCode\":\"33430\",\"addressLocality\":\"Cand\\u00e1s\",\"addressRegion\":\"Asturias\",\"addressCountry\":\"ES\"}},{\"@type\":\"Person\",\"@id\":\"https:\\\/\\\/candas365.es\\\/noticias\\\/author\\\/admin\\\/#author\",\"url\":\"https:\\\/\\\/candas365.es\\\/noticias\\\/author\\\/admin\\\/\",\"name\":\"Cand\\u00e1s 365\",\"image\":{\"@type\":\"ImageObject\",\"@id\":\"https:\\\/\\\/candas365.es\\\/noticias\\\/prohens-defiende-el-turismo-regenerativo-en-baleares\\\/#authorImage\",\"url\":\"https:\\\/\\\/secure.gravatar.com\\\/avatar\\\/496a8e03d0c493ede1718b7934145dbdf8d89be1036b0eec9544e1094c9de390?s=96&d=mm&r=g\",\"width\":96,\"height\":96,\"caption\":\"Cand\\u00e1s 365\"},\"sameAs\":[\"https:\\\/\\\/www.facebook.com\\\/carrenoactualidad\",\"https:\\\/\\\/twitter.com\\\/nbasturias\",\"https:\\\/\\\/www.instagram.com\\\/nachofdezber\\\/\",\"https:\\\/\\\/www.youtube.com\\\/channel\\\/UCZP-2wLEB9Rv6erhFmqVnvg\"]},{\"@type\":\"WebPage\",\"@id\":\"https:\\\/\\\/candas365.es\\\/noticias\\\/prohens-defiende-el-turismo-regenerativo-en-baleares\\\/#webpage\",\"url\":\"https:\\\/\\\/candas365.es\\\/noticias\\\/prohens-defiende-el-turismo-regenerativo-en-baleares\\\/\",\"name\":\"Prohens defiende el turismo regenerativo en Baleares | Cand\\u00e1s 365\",\"description\":\"La presidenta de Baleares, Marga Prohens, afirm\\u00f3 que el turismo regenerativo es la clave para reforzar la competitividad del archipi\\u00e9lago y un motivo\",\"inLanguage\":\"es-ES\",\"isPartOf\":{\"@id\":\"https:\\\/\\\/candas365.es\\\/noticias\\\/#website\"},\"breadcrumb\":{\"@id\":\"https:\\\/\\\/candas365.es\\\/noticias\\\/prohens-defiende-el-turismo-regenerativo-en-baleares\\\/#breadcrumblist\"},\"author\":{\"@id\":\"https:\\\/\\\/candas365.es\\\/noticias\\\/author\\\/admin\\\/#author\"},\"creator\":{\"@id\":\"https:\\\/\\\/candas365.es\\\/noticias\\\/author\\\/admin\\\/#author\"},\"image\":{\"@type\":\"ImageObject\",\"url\":\"https:\\\/\\\/candas365.es\\\/noticias\\\/wp-content\\\/uploads\\\/2025\\\/11\\\/Prohens-defiende-el-turismo-regenerativo-en-Baleares.jpg\",\"@id\":\"https:\\\/\\\/candas365.es\\\/noticias\\\/prohens-defiende-el-turismo-regenerativo-en-baleares\\\/#mainImage\",\"width\":1017,\"height\":649,\"caption\":\"Marga Prohens, durante el acto\"},\"primaryImageOfPage\":{\"@id\":\"https:\\\/\\\/candas365.es\\\/noticias\\\/prohens-defiende-el-turismo-regenerativo-en-baleares\\\/#mainImage\"},\"datePublished\":\"2025-11-26T20:20:49+01:00\",\"dateModified\":\"2025-11-26T20:20:49+01:00\"},{\"@type\":\"WebSite\",\"@id\":\"https:\\\/\\\/candas365.es\\\/noticias\\\/#website\",\"url\":\"https:\\\/\\\/candas365.es\\\/noticias\\\/\",\"name\":\"Cand\\u00e1s 365\",\"alternateName\":\"Cand\\u00e1s 365 Noticias\",\"description\":\"Actualidad desde Carre\\u00f1o para el mundo\",\"inLanguage\":\"es-ES\",\"publisher\":{\"@id\":\"https:\\\/\\\/candas365.es\\\/noticias\\\/#organization\"}}]}\n\t\t<\/script>\n\t\t<!-- All in One SEO Pro -->\r\n\t\t<title>Prohens defiende el turismo regenerativo en Baleares | Cand\u00e1s 365<\/title>\n\n","aioseo_head_json":{"title":"Prohens defiende el turismo regenerativo en Baleares | Cand\u00e1s 365","description":"La presidenta de Baleares, Marga Prohens, afirm\u00f3 que el turismo regenerativo es la clave para reforzar la competitividad del archipi\u00e9lago y un motivo","canonical_url":"https:\/\/candas365.es\/noticias\/prohens-defiende-el-turismo-regenerativo-en-baleares\/","robots":"max-image-preview:large","keywords":"econom\u00eda","webmasterTools":{"google-site-verification":"UA-32230408-1","msvalidate.01":"354F3CDFB2DA171B47FBE9ABF1F88D5","miscellaneous":""},"schema":{"@context":"https:\/\/schema.org","@graph":[{"@type":"BreadcrumbList","@id":"https:\/\/candas365.es\/noticias\/prohens-defiende-el-turismo-regenerativo-en-baleares\/#breadcrumblist","itemListElement":[{"@type":"ListItem","@id":"https:\/\/candas365.es\/noticias#listItem","position":1,"name":"Home","item":"https:\/\/candas365.es\/noticias","nextItem":{"@type":"ListItem","@id":"https:\/\/candas365.es\/noticias\/category\/economia\/#listItem","name":"Econom\u00eda"}},{"@type":"ListItem","@id":"https:\/\/candas365.es\/noticias\/category\/economia\/#listItem","position":2,"name":"Econom\u00eda","item":"https:\/\/candas365.es\/noticias\/category\/economia\/","nextItem":{"@type":"ListItem","@id":"https:\/\/candas365.es\/noticias\/prohens-defiende-el-turismo-regenerativo-en-baleares\/#listItem","name":"Prohens defiende el turismo regenerativo en Baleares"},"previousItem":{"@type":"ListItem","@id":"https:\/\/candas365.es\/noticias#listItem","name":"Home"}},{"@type":"ListItem","@id":"https:\/\/candas365.es\/noticias\/prohens-defiende-el-turismo-regenerativo-en-baleares\/#listItem","position":3,"name":"Prohens defiende el turismo regenerativo en Baleares","previousItem":{"@type":"ListItem","@id":"https:\/\/candas365.es\/noticias\/category\/economia\/#listItem","name":"Econom\u00eda"}}]},{"@type":"NewsArticle","@id":"https:\/\/candas365.es\/noticias\/prohens-defiende-el-turismo-regenerativo-en-baleares\/#newsarticle","name":"Prohens defiende el turismo regenerativo en Baleares | Cand\u00e1s 365","headline":"Prohens defiende el turismo regenerativo en Baleares","author":{"@id":"https:\/\/candas365.es\/noticias\/author\/admin\/#author"},"publisher":{"@id":"https:\/\/candas365.es\/noticias\/#organization"},"image":{"@type":"ImageObject","url":"https:\/\/candas365.es\/noticias\/wp-content\/uploads\/2025\/11\/Prohens-defiende-el-turismo-regenerativo-en-Baleares.jpg","width":1017,"height":649,"caption":"Marga Prohens, durante el acto"},"datePublished":"2025-11-26T20:20:49+01:00","dateModified":"2025-11-26T20:20:49+01:00","inLanguage":"es-ES","mainEntityOfPage":{"@id":"https:\/\/candas365.es\/noticias\/prohens-defiende-el-turismo-regenerativo-en-baleares\/#webpage"},"isPartOf":{"@id":"https:\/\/candas365.es\/noticias\/prohens-defiende-el-turismo-regenerativo-en-baleares\/#webpage"},"articleSection":"Econom\u00eda, Econom\u00eda","dateline":"Publicado el noviembre 26, 2025."},{"@type":"Organization","@id":"https:\/\/candas365.es\/noticias\/#organization","name":"Cand\u00e1s 365","description":"Cand\u00e1s 365 es un diario digital independiente, fundado en 2012, con base en Asturias. Informamos con rigor sobre actualidad, sociedad, cultura y ocio, con una mirada local y global.","url":"https:\/\/candas365.es\/noticias\/","email":"info@candas365.es","telephone":"+34652131393","foundingDate":"2012-06-10","logo":{"@type":"ImageObject","url":"https:\/\/candas365.es\/noticias\/wp-content\/uploads\/2024\/09\/Candas-365-Redes.jpg","@id":"https:\/\/candas365.es\/noticias\/prohens-defiende-el-turismo-regenerativo-en-baleares\/#organizationLogo","width":1152,"height":864,"caption":"Cand\u00e1s 365 Redes"},"image":{"@id":"https:\/\/candas365.es\/noticias\/prohens-defiende-el-turismo-regenerativo-en-baleares\/#organizationLogo"},"sameAs":["https:\/\/www.facebook.com\/Nachofdezber","https:\/\/x.com\/NabercoDigital","https:\/\/www.instagram.com\/nachofdezber\/","https:\/\/www.youtube.com\/channel\/UCZP-2wLEB9Rv6erhFmqVnvg"],"address":{"@id":"https:\/\/candas365.es\/noticias\/#postaladdress","@type":"PostalAddress","streetAddress":"san antonio 4, san antonio 4","postalCode":"33430","addressLocality":"Cand\u00e1s","addressRegion":"Asturias","addressCountry":"ES"}},{"@type":"Person","@id":"https:\/\/candas365.es\/noticias\/author\/admin\/#author","url":"https:\/\/candas365.es\/noticias\/author\/admin\/","name":"Cand\u00e1s 365","image":{"@type":"ImageObject","@id":"https:\/\/candas365.es\/noticias\/prohens-defiende-el-turismo-regenerativo-en-baleares\/#authorImage","url":"https:\/\/secure.gravatar.com\/avatar\/496a8e03d0c493ede1718b7934145dbdf8d89be1036b0eec9544e1094c9de390?s=96&d=mm&r=g","width":96,"height":96,"caption":"Cand\u00e1s 365"},"sameAs":["https:\/\/www.facebook.com\/carrenoactualidad","https:\/\/twitter.com\/nbasturias","https:\/\/www.instagram.com\/nachofdezber\/","https:\/\/www.youtube.com\/channel\/UCZP-2wLEB9Rv6erhFmqVnvg"]},{"@type":"WebPage","@id":"https:\/\/candas365.es\/noticias\/prohens-defiende-el-turismo-regenerativo-en-baleares\/#webpage","url":"https:\/\/candas365.es\/noticias\/prohens-defiende-el-turismo-regenerativo-en-baleares\/","name":"Prohens defiende el turismo regenerativo en Baleares | Cand\u00e1s 365","description":"La presidenta de Baleares, Marga Prohens, afirm\u00f3 que el turismo regenerativo es la clave para reforzar la competitividad del archipi\u00e9lago y un motivo","inLanguage":"es-ES","isPartOf":{"@id":"https:\/\/candas365.es\/noticias\/#website"},"breadcrumb":{"@id":"https:\/\/candas365.es\/noticias\/prohens-defiende-el-turismo-regenerativo-en-baleares\/#breadcrumblist"},"author":{"@id":"https:\/\/candas365.es\/noticias\/author\/admin\/#author"},"creator":{"@id":"https:\/\/candas365.es\/noticias\/author\/admin\/#author"},"image":{"@type":"ImageObject","url":"https:\/\/candas365.es\/noticias\/wp-content\/uploads\/2025\/11\/Prohens-defiende-el-turismo-regenerativo-en-Baleares.jpg","@id":"https:\/\/candas365.es\/noticias\/prohens-defiende-el-turismo-regenerativo-en-baleares\/#mainImage","width":1017,"height":649,"caption":"Marga Prohens, durante el acto"},"primaryImageOfPage":{"@id":"https:\/\/candas365.es\/noticias\/prohens-defiende-el-turismo-regenerativo-en-baleares\/#mainImage"},"datePublished":"2025-11-26T20:20:49+01:00","dateModified":"2025-11-26T20:20:49+01:00"},{"@type":"WebSite","@id":"https:\/\/candas365.es\/noticias\/#website","url":"https:\/\/candas365.es\/noticias\/","name":"Cand\u00e1s 365","alternateName":"Cand\u00e1s 365 Noticias","description":"Actualidad desde Carre\u00f1o para el mundo","inLanguage":"es-ES","publisher":{"@id":"https:\/\/candas365.es\/noticias\/#organization"}}]},"og:locale":"es_ES","og:site_name":"Cand\u00e1s 365","og:type":"article","og:title":"Prohens defiende el turismo regenerativo en Baleares | Cand\u00e1s 365","og:description":"La presidenta de Baleares, Marga Prohens, afirm\u00f3 que el turismo regenerativo es la clave para reforzar la competitividad del archipi\u00e9lago y un motivo","og:url":"https:\/\/candas365.es\/noticias\/prohens-defiende-el-turismo-regenerativo-en-baleares\/","og:image":"https:\/\/candas365.es\/noticias\/wp-content\/uploads\/2025\/11\/Prohens-defiende-el-turismo-regenerativo-en-Baleares.jpg","og:image:secure_url":"https:\/\/candas365.es\/noticias\/wp-content\/uploads\/2025\/11\/Prohens-defiende-el-turismo-regenerativo-en-Baleares.jpg","og:image:width":1017,"og:image:height":649,"article:published_time":"2025-11-26T19:20:49+00:00","article:modified_time":"2025-11-26T19:20:49+00:00","article:publisher":"https:\/\/www.facebook.com\/Nachofdezber","article:author":"https:\/\/www.facebook.com\/carrenoactualidad","twitter:card":"summary_large_image","twitter:site":"@NabercoDigital","twitter:title":"Prohens defiende el turismo regenerativo en Baleares | Cand\u00e1s 365","twitter:description":"La presidenta de Baleares, Marga Prohens, afirm\u00f3 que el turismo regenerativo es la clave para reforzar la competitividad del archipi\u00e9lago y un motivo","twitter:creator":"@nbasturias","twitter:image":"https:\/\/candas365.es\/noticias\/wp-content\/uploads\/2025\/11\/Prohens-defiende-el-turismo-regenerativo-en-Baleares.jpg","twitter:label1":"Escrito por","twitter:data1":"Cand\u00e1s 365","twitter:label2":"Tiempo de lectura estimado","twitter:data2":"5 minutos"},"aioseo_meta_data":{"post_id":"190475","title":null,"description":"La presidenta de Baleares, Marga Prohens, afirm\u00f3 que el turismo regenerativo es la clave para reforzar la competitividad del archipi\u00e9lago y un motivo","keywords":null,"keyphrases":{"focus":{"keyphrase":"Prohens","score":78,"analysis":{"keyphraseInTitle":{"score":9,"maxScore":9,"error":0},"keyphraseInDescription":{"score":9,"maxScore":9,"error":0},"keyphraseLength":{"score":9,"maxScore":9,"error":0,"length":1},"keyphraseInURL":{"score":5,"maxScore":5,"error":0},"keyphraseInIntroduction":{"score":9,"maxScore":9,"error":0},"keyphraseInSubHeadings":{"score":3,"maxScore":9,"error":1},"keyphraseInImageAlt":{"score":9,"maxScore":9,"error":0},"keywordDensity":{"score":0,"type":"low","maxScore":9,"error":1}}},"additional":[{"keyphrase":"Baleares","score":100,"analysis":{"keyphraseInDescription":{"score":9,"maxScore":9,"error":0},"keyphraseLength":{"score":9,"maxScore":9,"error":0,"length":1},"keyphraseInIntroduction":{"score":9,"maxScore":9,"error":0},"keyphraseInImageAlt":{"score":9,"maxScore":9,"error":0},"keywordDensity":{"type":"best","score":9,"maxScore":9,"error":0}}}]},"primary_term":null,"canonical_url":null,"og_title":null,"og_description":null,"og_object_type":"default","og_image_type":"default","og_image_url":null,"og_image_width":null,"og_image_height":null,"og_image_custom_url":null,"og_image_custom_fields":null,"og_video":"","og_custom_url":null,"og_article_section":null,"og_article_tags":null,"twitter_use_og":false,"twitter_card":"default","twitter_image_type":"default","twitter_image_url":null,"twitter_image_custom_url":null,"twitter_image_custom_fields":null,"twitter_title":null,"twitter_description":null,"schema":{"blockGraphs":[],"customGraphs":[],"default":{"data":{"Article":[],"Course":[],"Dataset":[],"FAQPage":[],"Movie":[],"Person":[],"Product":[],"ProductReview":[],"Car":[],"Recipe":[],"Service":[],"SoftwareApplication":[],"WebPage":[]},"graphName":"Article","isEnabled":true},"graphs":[]},"schema_type":"default","schema_type_options":null,"pillar_content":false,"robots_default":true,"robots_noindex":false,"robots_noarchive":false,"robots_nosnippet":false,"robots_nofollow":false,"robots_noimageindex":false,"robots_noodp":false,"robots_notranslate":false,"robots_max_snippet":"-1","robots_max_videopreview":"-1","robots_max_imagepreview":"large","priority":null,"frequency":"default","location":null,"local_seo":null,"seo_analyzer_scan_date":"2025-11-26 19:21:04","breadcrumb_settings":null,"limit_modified_date":false,"reviewed_by":null,"open_ai":null,"ai":{"faqs":[],"keyPoints":[],"titles":[],"descriptions":[],"socialPosts":{"email":[],"linkedin":[],"twitter":[],"facebook":[],"instagram":[]}},"created":"2025-11-26 19:15:44","updated":"2025-11-26 19:28:29"},"aioseo_breadcrumb":"<div class=\"aioseo-breadcrumbs\"><span class=\"aioseo-breadcrumb\">\n\t<a href=\"https:\/\/candas365.es\/noticias\" title=\"Home\">Home<\/a>\n<\/span><span class=\"aioseo-breadcrumb-separator\">&ndash;<\/span><span class=\"aioseo-breadcrumb\">\n\t<a href=\"https:\/\/candas365.es\/noticias\/category\/economia\/\" title=\"Econom\u00eda\">Econom\u00eda<\/a>\n<\/span><span class=\"aioseo-breadcrumb-separator\">&ndash;<\/span><span class=\"aioseo-breadcrumb\">\n\tProhens defiende el turismo regenerativo en Baleares\n<\/span><\/div>","aioseo_breadcrumb_json":[{"label":"Home","link":"https:\/\/candas365.es\/noticias"},{"label":"Econom\u00eda","link":"https:\/\/candas365.es\/noticias\/category\/economia\/"},{"label":"Prohens defiende el turismo regenerativo en Baleares","link":"https:\/\/candas365.es\/noticias\/prohens-defiende-el-turismo-regenerativo-en-baleares\/"}],"_links":{"self":[{"href":"https:\/\/candas365.es\/noticias\/wp-json\/wp\/v2\/posts\/190475","targetHints":{"allow":["GET"]}}],"collection":[{"href":"https:\/\/candas365.es\/noticias\/wp-json\/wp\/v2\/posts"}],"about":[{"href":"https:\/\/candas365.es\/noticias\/wp-json\/wp\/v2\/types\/post"}],"author":[{"embeddable":true,"href":"https:\/\/candas365.es\/noticias\/wp-json\/wp\/v2\/users\/1"}],"replies":[{"embeddable":true,"href":"https:\/\/candas365.es\/noticias\/wp-json\/wp\/v2\/comments?post=190475"}],"version-history":[{"count":0,"href":"https:\/\/candas365.es\/noticias\/wp-json\/wp\/v2\/posts\/190475\/revisions"}],"wp:featuredmedia":[{"embeddable":true,"href":"https:\/\/candas365.es\/noticias\/wp-json\/wp\/v2\/media\/190476"}],"wp:attachment":[{"href":"https:\/\/candas365.es\/noticias\/wp-json\/wp\/v2\/media?parent=190475"}],"wp:term":[{"taxonomy":"category","embeddable":true,"href":"https:\/\/candas365.es\/noticias\/wp-json\/wp\/v2\/categories?post=190475"},{"taxonomy":"post_tag","embeddable":true,"href":"https:\/\/candas365.es\/noticias\/wp-json\/wp\/v2\/tags?post=190475"}],"curies":[{"name":"wp","href":"https:\/\/api.w.org\/{rel}","templated":true}]}}