{"id":190463,"date":"2025-11-26T17:48:41","date_gmt":"2025-11-26T16:48:41","guid":{"rendered":"https:\/\/candas365.es\/noticias\/?p=190463"},"modified":"2025-11-26T17:48:41","modified_gmt":"2025-11-26T16:48:41","slug":"aada-visibiliza-la-dermatitis-atopica-con-una-exposicion","status":"publish","type":"post","link":"https:\/\/candas365.es\/noticias\/aada-visibiliza-la-dermatitis-atopica-con-una-exposicion\/","title":{"rendered":"AADA visibiliza la dermatitis at\u00f3pica con una exposici\u00f3n"},"content":{"rendered":"<p>La Asociaci\u00f3n de Afectados por la <a href=\"https:\/\/candas365.es\/noticias\/category\/salud\/\"><span style=\"color: #ff6600;\"><strong>Dermatitis At\u00f3pica<\/strong><\/span><\/a> present\u00f3 la exposici\u00f3n \u2018Pieles Perfectamente Imperfectas. Historias At\u00f3picas\u2019, una iniciativa para visibilizar una enfermedad que puede causar trastornos del sue\u00f1o, ansiedad, depresi\u00f3n y falta de productividad.<\/p>\n<figure id=\"attachment_190464\" aria-describedby=\"caption-attachment-190464\" style=\"width: 650px\" class=\"wp-caption aligncenter\"><img fetchpriority=\"high\" decoding=\"async\" class=\"size-large wp-image-190464\" src=\"https:\/\/candas365.es\/noticias\/wp-content\/uploads\/2025\/11\/AADA-visibiliza-la-dermatitis-atopica-con-una-exposicion-650x459.jpg\" alt=\"AADA visibiliza la dermatitis at\u00f3pica con una exposici\u00f3n\" width=\"650\" height=\"459\" srcset=\"https:\/\/candas365.es\/noticias\/wp-content\/uploads\/2025\/11\/AADA-visibiliza-la-dermatitis-atopica-con-una-exposicion-650x459.jpg 650w, https:\/\/candas365.es\/noticias\/wp-content\/uploads\/2025\/11\/AADA-visibiliza-la-dermatitis-atopica-con-una-exposicion-360x254.jpg 360w, https:\/\/candas365.es\/noticias\/wp-content\/uploads\/2025\/11\/AADA-visibiliza-la-dermatitis-atopica-con-una-exposicion-768x542.jpg 768w, https:\/\/candas365.es\/noticias\/wp-content\/uploads\/2025\/11\/AADA-visibiliza-la-dermatitis-atopica-con-una-exposicion-150x106.jpg 150w, https:\/\/candas365.es\/noticias\/wp-content\/uploads\/2025\/11\/AADA-visibiliza-la-dermatitis-atopica-con-una-exposicion-450x318.jpg 450w, https:\/\/candas365.es\/noticias\/wp-content\/uploads\/2025\/11\/AADA-visibiliza-la-dermatitis-atopica-con-una-exposicion.jpg 918w\" sizes=\"(max-width: 650px) 100vw, 650px\" \/><figcaption id=\"caption-attachment-190464\" class=\"wp-caption-text\">Participantes en la presentaci\u00f3n de la exposici\u00f3n sobre dermatitis at\u00f3pica | Foto de AADA<\/figcaption><\/figure>\n<p>Los pacientes con dermatitis at\u00f3pica grave pueden padecer trastornos del sue\u00f1o, falta de productividad, ansiedad y depresi\u00f3n, por lo que para visibilizar esta enfermedad,<strong> la Asociaci\u00f3n de Afectados por la Dermatitis At\u00f3pica (AADA) present\u00f3 este mi\u00e9rcoles la exposici\u00f3n \u2018Pieles Perfectamente Imperfectas. Historias At\u00f3picas\u2019<\/strong>, que estar\u00e1 abierta en la pop-up de Callao hasta el 30 de noviembre.<\/p>\n<p>Seg\u00fan inform\u00f3 la AADA, la dermatitis at\u00f3pica es una enfermedad cr\u00f3nica y compleja cuyo impacto va m\u00e1s all\u00e1 de sus efectos visibles en la piel. La realidad es que, a pesar de que afecta a 1,5 millones de adultos y alrededor del 10-20% de ni\u00f1os, un 20% de los espa\u00f1oles no sabe qu\u00e9 es realmente esta enfermedad y uno de cada tres no sabe explicar sus s\u00edntomas m\u00e1s all\u00e1 de los sarpullidos, erupciones o picores.<\/p>\n<p>Una patolog\u00eda en la que su impacto no se detiene en la piel, pues se extiende a la vida personal, social y profesional de los pacientes, paraliz\u00e1ndola e incluso llegando a quebrarla.<\/p>\n<p>Hasta un 90% de los adultos con esta patolog\u00eda padecen trastornos del sue\u00f1o, una consecuencia que repercute directamente en su rendimiento laboral o acad\u00e9mico. De hecho, el 86% de los pacientes reconoce haber perdido horas de productividad laboral o de estudio, llegando el 57% de los trabajadores a faltar al menos durante un d\u00eda a su puesto.<\/p>\n<p>Para muchos, convivir con la dermatitis at\u00f3pica supone un desequilibrio constante, una carga emocional y f\u00edsica en la que la angustia y el agotamiento se entrelazan, dificultando encontrar momentos de alivio, siempre con la preocupaci\u00f3n de cu\u00e1ndo ser\u00e1 el pr\u00f3ximo brote, dificultando con todo esto encontrar momentos de alivio, seg\u00fan se\u00f1alaron desde la AADA.<\/p>\n<h2>APOYO PSICOL\u00d3GICO<\/h2>\n<p>El impacto emocional tambi\u00e9n es muy alto: el 44% de los pacientes necesit\u00f3 apoyo psicol\u00f3gico, el 30% present\u00f3 ansiedad y el 36% s\u00edntomas de depresi\u00f3n.<\/p>\n<p>De hecho, coment\u00f3 el jefe del servicio de Dermatolog\u00eda del Hospital General Universitario Gregorio Mara\u00f1\u00f3n de Madrid, el doctor Pablo de la Cueva, \u201caunque a menudo se percibe la dermatitis at\u00f3pica como una simple afecci\u00f3n cut\u00e1nea limitada al picor o las lesiones visibles, en realidad es una enfermedad que condiciona profundamente la vida de quienes la padece. Afecta a su bienestar emocional, a sus relaciones y a su d\u00eda a d\u00eda. Adem\u00e1s, todav\u00eda hoy cerca del 10% de la poblaci\u00f3n cree que la dermatitis es una enfermedad contagiosa, una idea que debemos desterrar por completo\u201d.<\/p>\n<p>Por su parte, la portavoz de la AADA, \u00c1frica Luca de Tena, asegur\u00f3 que \u201cla gente sigue viendo la dermatitis at\u00f3pica como unas simples marcas en la piel o un picor, reduci\u00e9ndola a algo menor o incluso est\u00e9tico. Pero para quienes convivimos con ella cada d\u00eda \u2014especialmente cuando se trata de dermatitis at\u00f3pica grave\u2014, tareas tan cotidianas como vestirse pueden convertirse en todo un desaf\u00edo\u201d.<\/p>\n<h2>EXPOCISI\u00d3N EN MADRID<\/h2>\n<p>Para visibilizar esta realidad, se present\u00f3 en Madrid la <strong>exposici\u00f3n<\/strong> \u2018Pieles Perfectamente Imperfectas. Historias At\u00f3picas\u2019, una iniciativa impulsada por Pfizer con la colaboraci\u00f3n de la AADA, que coincidi\u00f3 con la conmemoraci\u00f3n del D\u00eda Nacional de la Dermatitis At\u00f3pica del 27 de noviembre.<\/p>\n<p>La muestra estar\u00e1 abierta desde hoy al 30 de noviembre en la pop-up de Callao (Plaza del Callao, 1) de 10.30 a 21.30 horas de mi\u00e9rcoles a s\u00e1bado y de 10.30 a 21 horas el domingo.<\/p>\n<p>En esta exposici\u00f3n, seis pacientes compartieron sus historias, sus miedos y c\u00f3mo sus vidas se vieron afectadas por la enfermedad con el artista \u00c1lex de Marcos y el escritor Defreds. El resultado fue seis retratos y relatos que nos acercan la realidad de esta patolog\u00eda y nos ense\u00f1an c\u00f3mo afecta realmente la dermatitis at\u00f3pica a aquellos que conviven con ella.<\/p>\n<p>(<a href=\"https:\/\/www.servimedia.es\" target=\"_blank\" rel=\"noopener\"><strong><span style=\"color: #ff6600;\">SERVIMEDIA<\/span><\/strong><\/a>)<\/p>\n","protected":false},"excerpt":{"rendered":"<p>La Asociaci\u00f3n de Afectados por la Dermatitis At\u00f3pica present\u00f3 la exposici\u00f3n \u2018Pieles Perfectamente Imperfectas. Historias At\u00f3picas\u2019, una iniciativa para visibilizar una enfermedad que puede causar trastornos del sue\u00f1o, ansiedad, depresi\u00f3n y falta de productividad. Los pacientes con dermatitis at\u00f3pica grave pueden padecer trastornos del sue\u00f1o, falta de productividad, ansiedad y depresi\u00f3n, por lo que para<\/p>\n","protected":false},"author":1,"featured_media":190464,"comment_status":"closed","ping_status":"closed","sticky":false,"template":"","format":"standard","meta":{"footnotes":""},"categories":[372],"tags":[548,378],"class_list":{"0":"post-190463","1":"post","2":"type-post","3":"status-publish","4":"format-standard","5":"has-post-thumbnail","7":"category-salud","8":"tag-madrid","9":"tag-salud"},"aioseo_notices":[],"aioseo_head":"\n\t\t<!-- All in One SEO Pro 4.9.6.2 - aioseo.com -->\n\t<meta name=\"description\" content=\"La Asociaci\u00f3n de Afectados por la Dermatitis At\u00f3pica present\u00f3 la exposici\u00f3n \u2018Pieles Perfectamente Imperfectas. Historias At\u00f3picas\u2019, una iniciativa\" \/>\n\t<meta name=\"robots\" content=\"max-image-preview:large\" \/>\n\t<meta name=\"author\" content=\"Cand\u00e1s 365\"\/>\n\t<meta name=\"google-site-verification\" content=\"UA-32230408-1\" \/>\n\t<meta name=\"msvalidate.01\" content=\"354F3CDFB2DA171B47FBE9ABF1F88D5\" \/>\n\t<meta name=\"keywords\" content=\"salud\" \/>\n\t<link rel=\"canonical\" href=\"https:\/\/candas365.es\/noticias\/aada-visibiliza-la-dermatitis-atopica-con-una-exposicion\/\" \/>\n\t<meta name=\"generator\" content=\"All in One SEO Pro (AIOSEO) 4.9.6.2\" \/>\n\t\t<meta property=\"og:locale\" content=\"es_ES\" \/>\n\t\t<meta property=\"og:site_name\" content=\"Cand\u00e1s 365\" \/>\n\t\t<meta property=\"og:type\" content=\"article\" \/>\n\t\t<meta property=\"og:title\" content=\"AADA visibiliza la dermatitis at\u00f3pica con una exposici\u00f3n | Cand\u00e1s 365\" \/>\n\t\t<meta property=\"og:description\" content=\"La Asociaci\u00f3n de Afectados por la Dermatitis At\u00f3pica present\u00f3 la exposici\u00f3n \u2018Pieles Perfectamente Imperfectas. Historias At\u00f3picas\u2019, una iniciativa\" \/>\n\t\t<meta property=\"og:url\" content=\"https:\/\/candas365.es\/noticias\/aada-visibiliza-la-dermatitis-atopica-con-una-exposicion\/\" \/>\n\t\t<meta property=\"og:image\" content=\"https:\/\/candas365.es\/noticias\/wp-content\/uploads\/2025\/11\/AADA-visibiliza-la-dermatitis-atopica-con-una-exposicion.jpg\" \/>\n\t\t<meta property=\"og:image:secure_url\" content=\"https:\/\/candas365.es\/noticias\/wp-content\/uploads\/2025\/11\/AADA-visibiliza-la-dermatitis-atopica-con-una-exposicion.jpg\" \/>\n\t\t<meta property=\"og:image:width\" content=\"918\" \/>\n\t\t<meta property=\"og:image:height\" content=\"648\" \/>\n\t\t<meta property=\"article:published_time\" content=\"2025-11-26T16:48:41+00:00\" \/>\n\t\t<meta property=\"article:modified_time\" content=\"2025-11-26T16:48:41+00:00\" \/>\n\t\t<meta property=\"article:publisher\" content=\"https:\/\/www.facebook.com\/Nachofdezber\" \/>\n\t\t<meta property=\"article:author\" content=\"https:\/\/www.facebook.com\/carrenoactualidad\" \/>\n\t\t<meta name=\"twitter:card\" content=\"summary_large_image\" \/>\n\t\t<meta name=\"twitter:site\" content=\"@NabercoDigital\" \/>\n\t\t<meta name=\"twitter:title\" content=\"AADA visibiliza la dermatitis at\u00f3pica con una exposici\u00f3n | Cand\u00e1s 365\" \/>\n\t\t<meta name=\"twitter:description\" content=\"La Asociaci\u00f3n de Afectados por la Dermatitis At\u00f3pica present\u00f3 la exposici\u00f3n \u2018Pieles Perfectamente Imperfectas. Historias At\u00f3picas\u2019, una iniciativa\" \/>\n\t\t<meta name=\"twitter:creator\" content=\"@nbasturias\" \/>\n\t\t<meta name=\"twitter:image\" content=\"https:\/\/candas365.es\/noticias\/wp-content\/uploads\/2025\/11\/AADA-visibiliza-la-dermatitis-atopica-con-una-exposicion.jpg\" \/>\n\t\t<meta name=\"twitter:label1\" content=\"Escrito por\" \/>\n\t\t<meta name=\"twitter:data1\" content=\"Cand\u00e1s 365\" \/>\n\t\t<meta name=\"twitter:label2\" content=\"Tiempo de lectura estimado\" \/>\n\t\t<meta name=\"twitter:data2\" content=\"4 minutos\" \/>\n\t\t<script type=\"application\/ld+json\" class=\"aioseo-schema\">\n\t\t\t{\"@context\":\"https:\\\/\\\/schema.org\",\"@graph\":[{\"@type\":\"BreadcrumbList\",\"@id\":\"https:\\\/\\\/candas365.es\\\/noticias\\\/aada-visibiliza-la-dermatitis-atopica-con-una-exposicion\\\/#breadcrumblist\",\"itemListElement\":[{\"@type\":\"ListItem\",\"@id\":\"https:\\\/\\\/candas365.es\\\/noticias#listItem\",\"position\":1,\"name\":\"Home\",\"item\":\"https:\\\/\\\/candas365.es\\\/noticias\",\"nextItem\":{\"@type\":\"ListItem\",\"@id\":\"https:\\\/\\\/candas365.es\\\/noticias\\\/category\\\/salud\\\/#listItem\",\"name\":\"Salud\"}},{\"@type\":\"ListItem\",\"@id\":\"https:\\\/\\\/candas365.es\\\/noticias\\\/category\\\/salud\\\/#listItem\",\"position\":2,\"name\":\"Salud\",\"item\":\"https:\\\/\\\/candas365.es\\\/noticias\\\/category\\\/salud\\\/\",\"nextItem\":{\"@type\":\"ListItem\",\"@id\":\"https:\\\/\\\/candas365.es\\\/noticias\\\/aada-visibiliza-la-dermatitis-atopica-con-una-exposicion\\\/#listItem\",\"name\":\"AADA visibiliza la dermatitis at\\u00f3pica con una exposici\\u00f3n\"},\"previousItem\":{\"@type\":\"ListItem\",\"@id\":\"https:\\\/\\\/candas365.es\\\/noticias#listItem\",\"name\":\"Home\"}},{\"@type\":\"ListItem\",\"@id\":\"https:\\\/\\\/candas365.es\\\/noticias\\\/aada-visibiliza-la-dermatitis-atopica-con-una-exposicion\\\/#listItem\",\"position\":3,\"name\":\"AADA visibiliza la dermatitis at\\u00f3pica con una exposici\\u00f3n\",\"previousItem\":{\"@type\":\"ListItem\",\"@id\":\"https:\\\/\\\/candas365.es\\\/noticias\\\/category\\\/salud\\\/#listItem\",\"name\":\"Salud\"}}]},{\"@type\":\"NewsArticle\",\"@id\":\"https:\\\/\\\/candas365.es\\\/noticias\\\/aada-visibiliza-la-dermatitis-atopica-con-una-exposicion\\\/#newsarticle\",\"name\":\"AADA visibiliza la dermatitis at\\u00f3pica con una exposici\\u00f3n | Cand\\u00e1s 365\",\"headline\":\"AADA visibiliza la dermatitis at\\u00f3pica con una exposici\\u00f3n\",\"author\":{\"@id\":\"https:\\\/\\\/candas365.es\\\/noticias\\\/author\\\/admin\\\/#author\"},\"publisher\":{\"@id\":\"https:\\\/\\\/candas365.es\\\/noticias\\\/#organization\"},\"image\":{\"@type\":\"ImageObject\",\"url\":\"https:\\\/\\\/candas365.es\\\/noticias\\\/wp-content\\\/uploads\\\/2025\\\/11\\\/AADA-visibiliza-la-dermatitis-atopica-con-una-exposicion.jpg\",\"width\":918,\"height\":648,\"caption\":\"Participantes en la presentaci\\u00f3n de la exposici\\u00f3n sobre dermatitis at\\u00f3pica | Foto de AADA\"},\"datePublished\":\"2025-11-26T17:48:41+01:00\",\"dateModified\":\"2025-11-26T17:48:41+01:00\",\"inLanguage\":\"es-ES\",\"mainEntityOfPage\":{\"@id\":\"https:\\\/\\\/candas365.es\\\/noticias\\\/aada-visibiliza-la-dermatitis-atopica-con-una-exposicion\\\/#webpage\"},\"isPartOf\":{\"@id\":\"https:\\\/\\\/candas365.es\\\/noticias\\\/aada-visibiliza-la-dermatitis-atopica-con-una-exposicion\\\/#webpage\"},\"articleSection\":\"Salud, Madrid, Salud\",\"dateline\":\"Publicado el noviembre 26, 2025.\"},{\"@type\":\"Organization\",\"@id\":\"https:\\\/\\\/candas365.es\\\/noticias\\\/#organization\",\"name\":\"Cand\\u00e1s 365\",\"description\":\"Cand\\u00e1s 365 es un diario digital independiente, fundado en 2012, con base en Asturias. Informamos con rigor sobre actualidad, sociedad, cultura y ocio, con una mirada local y global.\",\"url\":\"https:\\\/\\\/candas365.es\\\/noticias\\\/\",\"email\":\"info@candas365.es\",\"telephone\":\"+34652131393\",\"foundingDate\":\"2012-06-10\",\"logo\":{\"@type\":\"ImageObject\",\"url\":\"https:\\\/\\\/candas365.es\\\/noticias\\\/wp-content\\\/uploads\\\/2024\\\/09\\\/Candas-365-Redes.jpg\",\"@id\":\"https:\\\/\\\/candas365.es\\\/noticias\\\/aada-visibiliza-la-dermatitis-atopica-con-una-exposicion\\\/#organizationLogo\",\"width\":1152,\"height\":864,\"caption\":\"Cand\\u00e1s 365 Redes\"},\"image\":{\"@id\":\"https:\\\/\\\/candas365.es\\\/noticias\\\/aada-visibiliza-la-dermatitis-atopica-con-una-exposicion\\\/#organizationLogo\"},\"sameAs\":[\"https:\\\/\\\/www.facebook.com\\\/Nachofdezber\",\"https:\\\/\\\/x.com\\\/NabercoDigital\",\"https:\\\/\\\/www.instagram.com\\\/nachofdezber\\\/\",\"https:\\\/\\\/www.youtube.com\\\/channel\\\/UCZP-2wLEB9Rv6erhFmqVnvg\"],\"address\":{\"@id\":\"https:\\\/\\\/candas365.es\\\/noticias\\\/#postaladdress\",\"@type\":\"PostalAddress\",\"streetAddress\":\"san antonio 4, san antonio 4\",\"postalCode\":\"33430\",\"addressLocality\":\"Cand\\u00e1s\",\"addressRegion\":\"Asturias\",\"addressCountry\":\"ES\"}},{\"@type\":\"Person\",\"@id\":\"https:\\\/\\\/candas365.es\\\/noticias\\\/author\\\/admin\\\/#author\",\"url\":\"https:\\\/\\\/candas365.es\\\/noticias\\\/author\\\/admin\\\/\",\"name\":\"Cand\\u00e1s 365\",\"image\":{\"@type\":\"ImageObject\",\"@id\":\"https:\\\/\\\/candas365.es\\\/noticias\\\/aada-visibiliza-la-dermatitis-atopica-con-una-exposicion\\\/#authorImage\",\"url\":\"https:\\\/\\\/secure.gravatar.com\\\/avatar\\\/496a8e03d0c493ede1718b7934145dbdf8d89be1036b0eec9544e1094c9de390?s=96&d=mm&r=g\",\"width\":96,\"height\":96,\"caption\":\"Cand\\u00e1s 365\"},\"sameAs\":[\"https:\\\/\\\/www.facebook.com\\\/carrenoactualidad\",\"https:\\\/\\\/twitter.com\\\/nbasturias\",\"https:\\\/\\\/www.instagram.com\\\/nachofdezber\\\/\",\"https:\\\/\\\/www.youtube.com\\\/channel\\\/UCZP-2wLEB9Rv6erhFmqVnvg\"]},{\"@type\":\"WebPage\",\"@id\":\"https:\\\/\\\/candas365.es\\\/noticias\\\/aada-visibiliza-la-dermatitis-atopica-con-una-exposicion\\\/#webpage\",\"url\":\"https:\\\/\\\/candas365.es\\\/noticias\\\/aada-visibiliza-la-dermatitis-atopica-con-una-exposicion\\\/\",\"name\":\"AADA visibiliza la dermatitis at\\u00f3pica con una exposici\\u00f3n | Cand\\u00e1s 365\",\"description\":\"La Asociaci\\u00f3n de Afectados por la Dermatitis At\\u00f3pica present\\u00f3 la exposici\\u00f3n \\u2018Pieles Perfectamente Imperfectas. Historias At\\u00f3picas\\u2019, una iniciativa\",\"inLanguage\":\"es-ES\",\"isPartOf\":{\"@id\":\"https:\\\/\\\/candas365.es\\\/noticias\\\/#website\"},\"breadcrumb\":{\"@id\":\"https:\\\/\\\/candas365.es\\\/noticias\\\/aada-visibiliza-la-dermatitis-atopica-con-una-exposicion\\\/#breadcrumblist\"},\"author\":{\"@id\":\"https:\\\/\\\/candas365.es\\\/noticias\\\/author\\\/admin\\\/#author\"},\"creator\":{\"@id\":\"https:\\\/\\\/candas365.es\\\/noticias\\\/author\\\/admin\\\/#author\"},\"image\":{\"@type\":\"ImageObject\",\"url\":\"https:\\\/\\\/candas365.es\\\/noticias\\\/wp-content\\\/uploads\\\/2025\\\/11\\\/AADA-visibiliza-la-dermatitis-atopica-con-una-exposicion.jpg\",\"@id\":\"https:\\\/\\\/candas365.es\\\/noticias\\\/aada-visibiliza-la-dermatitis-atopica-con-una-exposicion\\\/#mainImage\",\"width\":918,\"height\":648,\"caption\":\"Participantes en la presentaci\\u00f3n de la exposici\\u00f3n sobre dermatitis at\\u00f3pica | Foto de AADA\"},\"primaryImageOfPage\":{\"@id\":\"https:\\\/\\\/candas365.es\\\/noticias\\\/aada-visibiliza-la-dermatitis-atopica-con-una-exposicion\\\/#mainImage\"},\"datePublished\":\"2025-11-26T17:48:41+01:00\",\"dateModified\":\"2025-11-26T17:48:41+01:00\"},{\"@type\":\"WebSite\",\"@id\":\"https:\\\/\\\/candas365.es\\\/noticias\\\/#website\",\"url\":\"https:\\\/\\\/candas365.es\\\/noticias\\\/\",\"name\":\"Cand\\u00e1s 365\",\"alternateName\":\"Cand\\u00e1s 365 Noticias\",\"description\":\"Actualidad desde Carre\\u00f1o para el mundo\",\"inLanguage\":\"es-ES\",\"publisher\":{\"@id\":\"https:\\\/\\\/candas365.es\\\/noticias\\\/#organization\"}}]}\n\t\t<\/script>\n\t\t<!-- All in One SEO Pro -->\r\n\t\t<title>AADA visibiliza la dermatitis at\u00f3pica con una exposici\u00f3n | Cand\u00e1s 365<\/title>\n\n","aioseo_head_json":{"title":"AADA visibiliza la dermatitis at\u00f3pica con una exposici\u00f3n | Cand\u00e1s 365","description":"La Asociaci\u00f3n de Afectados por la Dermatitis At\u00f3pica present\u00f3 la exposici\u00f3n \u2018Pieles Perfectamente Imperfectas. Historias At\u00f3picas\u2019, una iniciativa","canonical_url":"https:\/\/candas365.es\/noticias\/aada-visibiliza-la-dermatitis-atopica-con-una-exposicion\/","robots":"max-image-preview:large","keywords":"salud","webmasterTools":{"google-site-verification":"UA-32230408-1","msvalidate.01":"354F3CDFB2DA171B47FBE9ABF1F88D5","miscellaneous":""},"schema":{"@context":"https:\/\/schema.org","@graph":[{"@type":"BreadcrumbList","@id":"https:\/\/candas365.es\/noticias\/aada-visibiliza-la-dermatitis-atopica-con-una-exposicion\/#breadcrumblist","itemListElement":[{"@type":"ListItem","@id":"https:\/\/candas365.es\/noticias#listItem","position":1,"name":"Home","item":"https:\/\/candas365.es\/noticias","nextItem":{"@type":"ListItem","@id":"https:\/\/candas365.es\/noticias\/category\/salud\/#listItem","name":"Salud"}},{"@type":"ListItem","@id":"https:\/\/candas365.es\/noticias\/category\/salud\/#listItem","position":2,"name":"Salud","item":"https:\/\/candas365.es\/noticias\/category\/salud\/","nextItem":{"@type":"ListItem","@id":"https:\/\/candas365.es\/noticias\/aada-visibiliza-la-dermatitis-atopica-con-una-exposicion\/#listItem","name":"AADA visibiliza la dermatitis at\u00f3pica con una exposici\u00f3n"},"previousItem":{"@type":"ListItem","@id":"https:\/\/candas365.es\/noticias#listItem","name":"Home"}},{"@type":"ListItem","@id":"https:\/\/candas365.es\/noticias\/aada-visibiliza-la-dermatitis-atopica-con-una-exposicion\/#listItem","position":3,"name":"AADA visibiliza la dermatitis at\u00f3pica con una exposici\u00f3n","previousItem":{"@type":"ListItem","@id":"https:\/\/candas365.es\/noticias\/category\/salud\/#listItem","name":"Salud"}}]},{"@type":"NewsArticle","@id":"https:\/\/candas365.es\/noticias\/aada-visibiliza-la-dermatitis-atopica-con-una-exposicion\/#newsarticle","name":"AADA visibiliza la dermatitis at\u00f3pica con una exposici\u00f3n | Cand\u00e1s 365","headline":"AADA visibiliza la dermatitis at\u00f3pica con una exposici\u00f3n","author":{"@id":"https:\/\/candas365.es\/noticias\/author\/admin\/#author"},"publisher":{"@id":"https:\/\/candas365.es\/noticias\/#organization"},"image":{"@type":"ImageObject","url":"https:\/\/candas365.es\/noticias\/wp-content\/uploads\/2025\/11\/AADA-visibiliza-la-dermatitis-atopica-con-una-exposicion.jpg","width":918,"height":648,"caption":"Participantes en la presentaci\u00f3n de la exposici\u00f3n sobre dermatitis at\u00f3pica | Foto de AADA"},"datePublished":"2025-11-26T17:48:41+01:00","dateModified":"2025-11-26T17:48:41+01:00","inLanguage":"es-ES","mainEntityOfPage":{"@id":"https:\/\/candas365.es\/noticias\/aada-visibiliza-la-dermatitis-atopica-con-una-exposicion\/#webpage"},"isPartOf":{"@id":"https:\/\/candas365.es\/noticias\/aada-visibiliza-la-dermatitis-atopica-con-una-exposicion\/#webpage"},"articleSection":"Salud, Madrid, Salud","dateline":"Publicado el noviembre 26, 2025."},{"@type":"Organization","@id":"https:\/\/candas365.es\/noticias\/#organization","name":"Cand\u00e1s 365","description":"Cand\u00e1s 365 es un diario digital independiente, fundado en 2012, con base en Asturias. Informamos con rigor sobre actualidad, sociedad, cultura y ocio, con una mirada local y global.","url":"https:\/\/candas365.es\/noticias\/","email":"info@candas365.es","telephone":"+34652131393","foundingDate":"2012-06-10","logo":{"@type":"ImageObject","url":"https:\/\/candas365.es\/noticias\/wp-content\/uploads\/2024\/09\/Candas-365-Redes.jpg","@id":"https:\/\/candas365.es\/noticias\/aada-visibiliza-la-dermatitis-atopica-con-una-exposicion\/#organizationLogo","width":1152,"height":864,"caption":"Cand\u00e1s 365 Redes"},"image":{"@id":"https:\/\/candas365.es\/noticias\/aada-visibiliza-la-dermatitis-atopica-con-una-exposicion\/#organizationLogo"},"sameAs":["https:\/\/www.facebook.com\/Nachofdezber","https:\/\/x.com\/NabercoDigital","https:\/\/www.instagram.com\/nachofdezber\/","https:\/\/www.youtube.com\/channel\/UCZP-2wLEB9Rv6erhFmqVnvg"],"address":{"@id":"https:\/\/candas365.es\/noticias\/#postaladdress","@type":"PostalAddress","streetAddress":"san antonio 4, san antonio 4","postalCode":"33430","addressLocality":"Cand\u00e1s","addressRegion":"Asturias","addressCountry":"ES"}},{"@type":"Person","@id":"https:\/\/candas365.es\/noticias\/author\/admin\/#author","url":"https:\/\/candas365.es\/noticias\/author\/admin\/","name":"Cand\u00e1s 365","image":{"@type":"ImageObject","@id":"https:\/\/candas365.es\/noticias\/aada-visibiliza-la-dermatitis-atopica-con-una-exposicion\/#authorImage","url":"https:\/\/secure.gravatar.com\/avatar\/496a8e03d0c493ede1718b7934145dbdf8d89be1036b0eec9544e1094c9de390?s=96&d=mm&r=g","width":96,"height":96,"caption":"Cand\u00e1s 365"},"sameAs":["https:\/\/www.facebook.com\/carrenoactualidad","https:\/\/twitter.com\/nbasturias","https:\/\/www.instagram.com\/nachofdezber\/","https:\/\/www.youtube.com\/channel\/UCZP-2wLEB9Rv6erhFmqVnvg"]},{"@type":"WebPage","@id":"https:\/\/candas365.es\/noticias\/aada-visibiliza-la-dermatitis-atopica-con-una-exposicion\/#webpage","url":"https:\/\/candas365.es\/noticias\/aada-visibiliza-la-dermatitis-atopica-con-una-exposicion\/","name":"AADA visibiliza la dermatitis at\u00f3pica con una exposici\u00f3n | Cand\u00e1s 365","description":"La Asociaci\u00f3n de Afectados por la Dermatitis At\u00f3pica present\u00f3 la exposici\u00f3n \u2018Pieles Perfectamente Imperfectas. Historias At\u00f3picas\u2019, una iniciativa","inLanguage":"es-ES","isPartOf":{"@id":"https:\/\/candas365.es\/noticias\/#website"},"breadcrumb":{"@id":"https:\/\/candas365.es\/noticias\/aada-visibiliza-la-dermatitis-atopica-con-una-exposicion\/#breadcrumblist"},"author":{"@id":"https:\/\/candas365.es\/noticias\/author\/admin\/#author"},"creator":{"@id":"https:\/\/candas365.es\/noticias\/author\/admin\/#author"},"image":{"@type":"ImageObject","url":"https:\/\/candas365.es\/noticias\/wp-content\/uploads\/2025\/11\/AADA-visibiliza-la-dermatitis-atopica-con-una-exposicion.jpg","@id":"https:\/\/candas365.es\/noticias\/aada-visibiliza-la-dermatitis-atopica-con-una-exposicion\/#mainImage","width":918,"height":648,"caption":"Participantes en la presentaci\u00f3n de la exposici\u00f3n sobre dermatitis at\u00f3pica | Foto de AADA"},"primaryImageOfPage":{"@id":"https:\/\/candas365.es\/noticias\/aada-visibiliza-la-dermatitis-atopica-con-una-exposicion\/#mainImage"},"datePublished":"2025-11-26T17:48:41+01:00","dateModified":"2025-11-26T17:48:41+01:00"},{"@type":"WebSite","@id":"https:\/\/candas365.es\/noticias\/#website","url":"https:\/\/candas365.es\/noticias\/","name":"Cand\u00e1s 365","alternateName":"Cand\u00e1s 365 Noticias","description":"Actualidad desde Carre\u00f1o para el mundo","inLanguage":"es-ES","publisher":{"@id":"https:\/\/candas365.es\/noticias\/#organization"}}]},"og:locale":"es_ES","og:site_name":"Cand\u00e1s 365","og:type":"article","og:title":"AADA visibiliza la dermatitis at\u00f3pica con una exposici\u00f3n | Cand\u00e1s 365","og:description":"La Asociaci\u00f3n de Afectados por la Dermatitis At\u00f3pica present\u00f3 la exposici\u00f3n \u2018Pieles Perfectamente Imperfectas. Historias At\u00f3picas\u2019, una iniciativa","og:url":"https:\/\/candas365.es\/noticias\/aada-visibiliza-la-dermatitis-atopica-con-una-exposicion\/","og:image":"https:\/\/candas365.es\/noticias\/wp-content\/uploads\/2025\/11\/AADA-visibiliza-la-dermatitis-atopica-con-una-exposicion.jpg","og:image:secure_url":"https:\/\/candas365.es\/noticias\/wp-content\/uploads\/2025\/11\/AADA-visibiliza-la-dermatitis-atopica-con-una-exposicion.jpg","og:image:width":918,"og:image:height":648,"article:published_time":"2025-11-26T16:48:41+00:00","article:modified_time":"2025-11-26T16:48:41+00:00","article:publisher":"https:\/\/www.facebook.com\/Nachofdezber","article:author":"https:\/\/www.facebook.com\/carrenoactualidad","twitter:card":"summary_large_image","twitter:site":"@NabercoDigital","twitter:title":"AADA visibiliza la dermatitis at\u00f3pica con una exposici\u00f3n | Cand\u00e1s 365","twitter:description":"La Asociaci\u00f3n de Afectados por la Dermatitis At\u00f3pica present\u00f3 la exposici\u00f3n \u2018Pieles Perfectamente Imperfectas. Historias At\u00f3picas\u2019, una iniciativa","twitter:creator":"@nbasturias","twitter:image":"https:\/\/candas365.es\/noticias\/wp-content\/uploads\/2025\/11\/AADA-visibiliza-la-dermatitis-atopica-con-una-exposicion.jpg","twitter:label1":"Escrito por","twitter:data1":"Cand\u00e1s 365","twitter:label2":"Tiempo de lectura estimado","twitter:data2":"4 minutos"},"aioseo_meta_data":{"post_id":"190463","title":null,"description":"La Asociaci\u00f3n de Afectados por la Dermatitis At\u00f3pica present\u00f3 la exposici\u00f3n \u2018Pieles Perfectamente Imperfectas. Historias At\u00f3picas\u2019, una iniciativa","keywords":null,"keyphrases":{"focus":{"keyphrase":"Dermatitis At\u00f3pica","score":91,"analysis":{"keyphraseInTitle":{"score":9,"maxScore":9,"error":0},"keyphraseInDescription":{"score":9,"maxScore":9,"error":0},"keyphraseLength":{"score":9,"maxScore":9,"error":0,"length":3},"keyphraseInURL":{"score":5,"maxScore":5,"error":0},"keyphraseInIntroduction":{"score":9,"maxScore":9,"error":0},"keyphraseInSubHeadings":{"score":3,"maxScore":9,"error":1},"keyphraseInImageAlt":{"score":9,"maxScore":9,"error":0},"keywordDensity":{"type":"best","score":9,"maxScore":9,"error":0}}},"additional":[{"keyphrase":"Dermatitis At\u00f3pica","score":100,"analysis":{"keyphraseInDescription":{"score":9,"maxScore":9,"error":0},"keyphraseLength":{"score":9,"maxScore":9,"error":0,"length":3},"keyphraseInIntroduction":{"score":9,"maxScore":9,"error":0},"keyphraseInImageAlt":{"score":9,"maxScore":9,"error":0},"keywordDensity":{"type":"best","score":9,"maxScore":9,"error":0}}}]},"primary_term":null,"canonical_url":null,"og_title":null,"og_description":null,"og_object_type":"default","og_image_type":"default","og_image_url":null,"og_image_width":null,"og_image_height":null,"og_image_custom_url":null,"og_image_custom_fields":null,"og_video":"","og_custom_url":null,"og_article_section":null,"og_article_tags":null,"twitter_use_og":false,"twitter_card":"default","twitter_image_type":"default","twitter_image_url":null,"twitter_image_custom_url":null,"twitter_image_custom_fields":null,"twitter_title":null,"twitter_description":null,"schema":{"blockGraphs":[],"customGraphs":[],"default":{"data":{"Article":[],"Course":[],"Dataset":[],"FAQPage":[],"Movie":[],"Person":[],"Product":[],"ProductReview":[],"Car":[],"Recipe":[],"Service":[],"SoftwareApplication":[],"WebPage":[]},"graphName":"Article","isEnabled":true},"graphs":[]},"schema_type":"default","schema_type_options":null,"pillar_content":false,"robots_default":true,"robots_noindex":false,"robots_noarchive":false,"robots_nosnippet":false,"robots_nofollow":false,"robots_noimageindex":false,"robots_noodp":false,"robots_notranslate":false,"robots_max_snippet":"-1","robots_max_videopreview":"-1","robots_max_imagepreview":"large","priority":null,"frequency":"default","location":null,"local_seo":null,"seo_analyzer_scan_date":"2025-11-26 16:57:36","breadcrumb_settings":null,"limit_modified_date":false,"reviewed_by":null,"open_ai":null,"ai":{"faqs":[],"keyPoints":[],"titles":[],"descriptions":[],"socialPosts":{"email":[],"linkedin":[],"twitter":[],"facebook":[],"instagram":[]}},"created":"2025-11-26 16:42:58","updated":"2025-11-26 16:57:36"},"aioseo_breadcrumb":"<div class=\"aioseo-breadcrumbs\"><span class=\"aioseo-breadcrumb\">\n\t<a href=\"https:\/\/candas365.es\/noticias\" title=\"Home\">Home<\/a>\n<\/span><span class=\"aioseo-breadcrumb-separator\">&ndash;<\/span><span class=\"aioseo-breadcrumb\">\n\t<a href=\"https:\/\/candas365.es\/noticias\/category\/salud\/\" title=\"Salud\">Salud<\/a>\n<\/span><span class=\"aioseo-breadcrumb-separator\">&ndash;<\/span><span class=\"aioseo-breadcrumb\">\n\tAADA visibiliza la dermatitis at\u00f3pica con una exposici\u00f3n\n<\/span><\/div>","aioseo_breadcrumb_json":[{"label":"Home","link":"https:\/\/candas365.es\/noticias"},{"label":"Salud","link":"https:\/\/candas365.es\/noticias\/category\/salud\/"},{"label":"AADA visibiliza la dermatitis at\u00f3pica con una exposici\u00f3n","link":"https:\/\/candas365.es\/noticias\/aada-visibiliza-la-dermatitis-atopica-con-una-exposicion\/"}],"_links":{"self":[{"href":"https:\/\/candas365.es\/noticias\/wp-json\/wp\/v2\/posts\/190463","targetHints":{"allow":["GET"]}}],"collection":[{"href":"https:\/\/candas365.es\/noticias\/wp-json\/wp\/v2\/posts"}],"about":[{"href":"https:\/\/candas365.es\/noticias\/wp-json\/wp\/v2\/types\/post"}],"author":[{"embeddable":true,"href":"https:\/\/candas365.es\/noticias\/wp-json\/wp\/v2\/users\/1"}],"replies":[{"embeddable":true,"href":"https:\/\/candas365.es\/noticias\/wp-json\/wp\/v2\/comments?post=190463"}],"version-history":[{"count":0,"href":"https:\/\/candas365.es\/noticias\/wp-json\/wp\/v2\/posts\/190463\/revisions"}],"wp:featuredmedia":[{"embeddable":true,"href":"https:\/\/candas365.es\/noticias\/wp-json\/wp\/v2\/media\/190464"}],"wp:attachment":[{"href":"https:\/\/candas365.es\/noticias\/wp-json\/wp\/v2\/media?parent=190463"}],"wp:term":[{"taxonomy":"category","embeddable":true,"href":"https:\/\/candas365.es\/noticias\/wp-json\/wp\/v2\/categories?post=190463"},{"taxonomy":"post_tag","embeddable":true,"href":"https:\/\/candas365.es\/noticias\/wp-json\/wp\/v2\/tags?post=190463"}],"curies":[{"name":"wp","href":"https:\/\/api.w.org\/{rel}","templated":true}]}}