{"id":190417,"date":"2025-11-25T20:02:22","date_gmt":"2025-11-25T19:02:22","guid":{"rendered":"https:\/\/candas365.es\/noticias\/?p=190417"},"modified":"2025-11-25T20:02:22","modified_gmt":"2025-11-25T19:02:22","slug":"estudio-sobre-el-gasto-navideno-y-black-friday-2025","status":"publish","type":"post","link":"https:\/\/candas365.es\/noticias\/estudio-sobre-el-gasto-navideno-y-black-friday-2025\/","title":{"rendered":"Estudio sobre el gasto navide\u00f1o y Black Friday 2025"},"content":{"rendered":"<p>Un estudio de La Red del Cambio 2025, elaborado por Wallapop, indica que los espa\u00f1oles gastar\u00e1n una media de 588 euros entre <a href=\"https:\/\/candas365.es\/noticias\/category\/economia\/\"><span style=\"color: #ff6600;\"><strong>Black Friday y Navidad<\/strong><\/span><\/a>, y que un 58% contempla la segunda mano como opci\u00f3n para sus regalos.<\/p>\n<figure id=\"attachment_190418\" aria-describedby=\"caption-attachment-190418\" style=\"width: 650px\" class=\"wp-caption aligncenter\"><img fetchpriority=\"high\" decoding=\"async\" class=\"size-large wp-image-190418\" src=\"https:\/\/candas365.es\/noticias\/wp-content\/uploads\/2025\/11\/Estudio-sobre-el-gasto-navideno-y-Black-Friday-2025-650x350.jpg\" alt=\"Estudio sobre el gasto navide\u00f1o y Black Friday 2025\" width=\"650\" height=\"350\" srcset=\"https:\/\/candas365.es\/noticias\/wp-content\/uploads\/2025\/11\/Estudio-sobre-el-gasto-navideno-y-Black-Friday-2025-650x350.jpg 650w, https:\/\/candas365.es\/noticias\/wp-content\/uploads\/2025\/11\/Estudio-sobre-el-gasto-navideno-y-Black-Friday-2025-360x194.jpg 360w, https:\/\/candas365.es\/noticias\/wp-content\/uploads\/2025\/11\/Estudio-sobre-el-gasto-navideno-y-Black-Friday-2025-768x413.jpg 768w, https:\/\/candas365.es\/noticias\/wp-content\/uploads\/2025\/11\/Estudio-sobre-el-gasto-navideno-y-Black-Friday-2025-150x81.jpg 150w, https:\/\/candas365.es\/noticias\/wp-content\/uploads\/2025\/11\/Estudio-sobre-el-gasto-navideno-y-Black-Friday-2025-450x242.jpg 450w, https:\/\/candas365.es\/noticias\/wp-content\/uploads\/2025\/11\/Estudio-sobre-el-gasto-navideno-y-Black-Friday-2025.jpg 1123w\" sizes=\"(max-width: 650px) 100vw, 650px\" \/><figcaption id=\"caption-attachment-190418\" class=\"wp-caption-text\">Foto: 123rf.com<\/figcaption><\/figure>\n<p>As\u00ed lo precis\u00f3 este martes la entidad en un comunicado en el que asever\u00f3 que esta tendencia es \u201ca\u00fan m\u00e1s marcada\u201d entre la Generaci\u00f3n Z, donde la cifra se eleva hasta el 73%, tal y como explic\u00f3 en un comunicado.<\/p>\n<p>Entre las categor\u00edas de reutilizados \u201cm\u00e1s populares\u201d para regalar en estas fechas destacan los libros (51%), seguidos de los art\u00edculos de decoraci\u00f3n (32%) y la tecnolog\u00eda (30%).<\/p>\n<p>Adem\u00e1s, seg\u00fan La Red del Cambio 2025, en la categor\u00eda de hogar y jard\u00edn se puede ahorrar hasta un 65%, lo que equivale a aproximadamente 102 euros por producto; en cultura (cines, libros y m\u00fasica), el ahorro alcanza el 59%, unos 45 euros por producto; y en tecnolog\u00eda, los compradores pueden reducir su gasto en un 55%, es decir, unos 131 euros por art\u00edculo.<\/p>\n<p>En cuanto a las motivaciones principales detr\u00e1s de este cambio, el 35% de los espa\u00f1oles optar\u00eda por la segunda mano para ahorrar, mientras que un 31% lo har\u00eda para dar una segunda vida a los productos y un 23% por la facilidad que ofrecen las plataformas de compraventa.<\/p>\n<p>Por comunidades aut\u00f3nomas, Pa\u00eds Vasco lidera la intenci\u00f3n de compra de productos reutilizados esta Navidad con un 75%, seguido de Andaluc\u00eda y Catalu\u00f1a, ambas con un 57% y Madrid, con un 55%.<\/p>\n<p>Asimismo, durante la campa\u00f1a navide\u00f1a los espa\u00f1oles ahorran una media de 87 euros comprando y vendiendo art\u00edculos reutilizados y Catalu\u00f1a y Madrid encabezan el ranking con 132 y 95 euros de media, respectivamente, mientras que Andaluc\u00eda (72 euros) y Pa\u00eds Vasco (71) registran cifras \u201calgo m\u00e1s moderadas\u201d, seg\u00fan la plataforma.<\/p>\n<p>(<a href=\"https:\/\/www.servimedia.es\/\" target=\"_blank\" rel=\"noopener\"><span style=\"color: #ff6600;\"><strong>SERVIMEDIA<\/strong><\/span><\/a>)<\/p>\n","protected":false},"excerpt":{"rendered":"<p>Un estudio de La Red del Cambio 2025, elaborado por Wallapop, indica que los espa\u00f1oles gastar\u00e1n una media de 588 euros entre Black Friday y Navidad, y que un 58% contempla la segunda mano como opci\u00f3n para sus regalos. As\u00ed lo precis\u00f3 este martes la entidad en un comunicado en el que asever\u00f3 que esta<\/p>\n","protected":false},"author":1,"featured_media":190418,"comment_status":"closed","ping_status":"closed","sticky":false,"template":"","format":"standard","meta":{"footnotes":""},"categories":[151],"tags":[383],"class_list":{"0":"post-190417","1":"post","2":"type-post","3":"status-publish","4":"format-standard","5":"has-post-thumbnail","7":"category-canal-empresas","8":"tag-empresas"},"aioseo_notices":[],"aioseo_head":"\n\t\t<!-- All in One SEO Pro 4.9.6.2 - aioseo.com -->\n\t<meta name=\"description\" content=\"Un estudio de La Red del Cambio 2025, elaborado por Wallapop, indica que los espa\u00f1oles gastar\u00e1n una media de 588 euros entre Black Friday y Navidad\" \/>\n\t<meta name=\"robots\" content=\"max-image-preview:large\" \/>\n\t<meta name=\"author\" content=\"Cand\u00e1s 365\"\/>\n\t<meta name=\"google-site-verification\" content=\"UA-32230408-1\" \/>\n\t<meta name=\"msvalidate.01\" content=\"354F3CDFB2DA171B47FBE9ABF1F88D5\" \/>\n\t<meta name=\"keywords\" content=\"canal empresas\" \/>\n\t<link rel=\"canonical\" href=\"https:\/\/candas365.es\/noticias\/estudio-sobre-el-gasto-navideno-y-black-friday-2025\/\" \/>\n\t<meta name=\"generator\" content=\"All in One SEO Pro (AIOSEO) 4.9.6.2\" \/>\n\t\t<meta property=\"og:locale\" content=\"es_ES\" \/>\n\t\t<meta property=\"og:site_name\" content=\"Cand\u00e1s 365\" \/>\n\t\t<meta property=\"og:type\" content=\"article\" \/>\n\t\t<meta property=\"og:title\" content=\"Estudio sobre el gasto navide\u00f1o y Black Friday 2025 | Cand\u00e1s 365\" \/>\n\t\t<meta property=\"og:description\" content=\"Un estudio de La Red del Cambio 2025, elaborado por Wallapop, indica que los espa\u00f1oles gastar\u00e1n una media de 588 euros entre Black Friday y Navidad\" \/>\n\t\t<meta property=\"og:url\" content=\"https:\/\/candas365.es\/noticias\/estudio-sobre-el-gasto-navideno-y-black-friday-2025\/\" \/>\n\t\t<meta property=\"og:image\" content=\"https:\/\/candas365.es\/noticias\/wp-content\/uploads\/2025\/11\/Estudio-sobre-el-gasto-navideno-y-Black-Friday-2025.jpg\" \/>\n\t\t<meta property=\"og:image:secure_url\" content=\"https:\/\/candas365.es\/noticias\/wp-content\/uploads\/2025\/11\/Estudio-sobre-el-gasto-navideno-y-Black-Friday-2025.jpg\" \/>\n\t\t<meta property=\"og:image:width\" content=\"1123\" \/>\n\t\t<meta property=\"og:image:height\" content=\"604\" \/>\n\t\t<meta property=\"article:published_time\" content=\"2025-11-25T19:02:22+00:00\" \/>\n\t\t<meta property=\"article:modified_time\" content=\"2025-11-25T19:02:22+00:00\" \/>\n\t\t<meta property=\"article:publisher\" content=\"https:\/\/www.facebook.com\/Nachofdezber\" \/>\n\t\t<meta property=\"article:author\" content=\"https:\/\/www.facebook.com\/carrenoactualidad\" \/>\n\t\t<meta name=\"twitter:card\" content=\"summary_large_image\" \/>\n\t\t<meta name=\"twitter:site\" content=\"@NabercoDigital\" \/>\n\t\t<meta name=\"twitter:title\" content=\"Estudio sobre el gasto navide\u00f1o y Black Friday 2025 | Cand\u00e1s 365\" \/>\n\t\t<meta name=\"twitter:description\" content=\"Un estudio de La Red del Cambio 2025, elaborado por Wallapop, indica que los espa\u00f1oles gastar\u00e1n una media de 588 euros entre Black Friday y Navidad\" \/>\n\t\t<meta name=\"twitter:creator\" content=\"@nbasturias\" \/>\n\t\t<meta name=\"twitter:image\" content=\"https:\/\/candas365.es\/noticias\/wp-content\/uploads\/2025\/11\/Estudio-sobre-el-gasto-navideno-y-Black-Friday-2025.jpg\" \/>\n\t\t<meta name=\"twitter:label1\" content=\"Escrito por\" \/>\n\t\t<meta name=\"twitter:data1\" content=\"Cand\u00e1s 365\" \/>\n\t\t<meta name=\"twitter:label2\" content=\"Tiempo de lectura estimado\" \/>\n\t\t<meta name=\"twitter:data2\" content=\"2 minutos\" \/>\n\t\t<script type=\"application\/ld+json\" class=\"aioseo-schema\">\n\t\t\t{\"@context\":\"https:\\\/\\\/schema.org\",\"@graph\":[{\"@type\":\"BreadcrumbList\",\"@id\":\"https:\\\/\\\/candas365.es\\\/noticias\\\/estudio-sobre-el-gasto-navideno-y-black-friday-2025\\\/#breadcrumblist\",\"itemListElement\":[{\"@type\":\"ListItem\",\"@id\":\"https:\\\/\\\/candas365.es\\\/noticias#listItem\",\"position\":1,\"name\":\"Home\",\"item\":\"https:\\\/\\\/candas365.es\\\/noticias\",\"nextItem\":{\"@type\":\"ListItem\",\"@id\":\"https:\\\/\\\/candas365.es\\\/noticias\\\/category\\\/canal-empresas\\\/#listItem\",\"name\":\"Canal Empresas\"}},{\"@type\":\"ListItem\",\"@id\":\"https:\\\/\\\/candas365.es\\\/noticias\\\/category\\\/canal-empresas\\\/#listItem\",\"position\":2,\"name\":\"Canal Empresas\",\"item\":\"https:\\\/\\\/candas365.es\\\/noticias\\\/category\\\/canal-empresas\\\/\",\"nextItem\":{\"@type\":\"ListItem\",\"@id\":\"https:\\\/\\\/candas365.es\\\/noticias\\\/estudio-sobre-el-gasto-navideno-y-black-friday-2025\\\/#listItem\",\"name\":\"Estudio sobre el gasto navide\\u00f1o y Black Friday 2025\"},\"previousItem\":{\"@type\":\"ListItem\",\"@id\":\"https:\\\/\\\/candas365.es\\\/noticias#listItem\",\"name\":\"Home\"}},{\"@type\":\"ListItem\",\"@id\":\"https:\\\/\\\/candas365.es\\\/noticias\\\/estudio-sobre-el-gasto-navideno-y-black-friday-2025\\\/#listItem\",\"position\":3,\"name\":\"Estudio sobre el gasto navide\\u00f1o y Black Friday 2025\",\"previousItem\":{\"@type\":\"ListItem\",\"@id\":\"https:\\\/\\\/candas365.es\\\/noticias\\\/category\\\/canal-empresas\\\/#listItem\",\"name\":\"Canal Empresas\"}}]},{\"@type\":\"NewsArticle\",\"@id\":\"https:\\\/\\\/candas365.es\\\/noticias\\\/estudio-sobre-el-gasto-navideno-y-black-friday-2025\\\/#newsarticle\",\"name\":\"Estudio sobre el gasto navide\\u00f1o y Black Friday 2025 | Cand\\u00e1s 365\",\"headline\":\"Estudio sobre el gasto navide\\u00f1o y Black Friday 2025\",\"author\":{\"@id\":\"https:\\\/\\\/candas365.es\\\/noticias\\\/author\\\/admin\\\/#author\"},\"publisher\":{\"@id\":\"https:\\\/\\\/candas365.es\\\/noticias\\\/#organization\"},\"image\":{\"@type\":\"ImageObject\",\"url\":\"https:\\\/\\\/candas365.es\\\/noticias\\\/wp-content\\\/uploads\\\/2025\\\/11\\\/Estudio-sobre-el-gasto-navideno-y-Black-Friday-2025.jpg\",\"width\":1123,\"height\":604,\"caption\":\"Foto: 123rf.com\"},\"datePublished\":\"2025-11-25T20:02:22+01:00\",\"dateModified\":\"2025-11-25T20:02:22+01:00\",\"inLanguage\":\"es-ES\",\"mainEntityOfPage\":{\"@id\":\"https:\\\/\\\/candas365.es\\\/noticias\\\/estudio-sobre-el-gasto-navideno-y-black-friday-2025\\\/#webpage\"},\"isPartOf\":{\"@id\":\"https:\\\/\\\/candas365.es\\\/noticias\\\/estudio-sobre-el-gasto-navideno-y-black-friday-2025\\\/#webpage\"},\"articleSection\":\"Canal Empresas, empresas\",\"dateline\":\"Publicado el noviembre 25, 2025.\"},{\"@type\":\"Organization\",\"@id\":\"https:\\\/\\\/candas365.es\\\/noticias\\\/#organization\",\"name\":\"Cand\\u00e1s 365\",\"description\":\"Cand\\u00e1s 365 es un diario digital independiente, fundado en 2012, con base en Asturias. Informamos con rigor sobre actualidad, sociedad, cultura y ocio, con una mirada local y global.\",\"url\":\"https:\\\/\\\/candas365.es\\\/noticias\\\/\",\"email\":\"info@candas365.es\",\"telephone\":\"+34652131393\",\"foundingDate\":\"2012-06-10\",\"logo\":{\"@type\":\"ImageObject\",\"url\":\"https:\\\/\\\/candas365.es\\\/noticias\\\/wp-content\\\/uploads\\\/2024\\\/09\\\/Candas-365-Redes.jpg\",\"@id\":\"https:\\\/\\\/candas365.es\\\/noticias\\\/estudio-sobre-el-gasto-navideno-y-black-friday-2025\\\/#organizationLogo\",\"width\":1152,\"height\":864,\"caption\":\"Cand\\u00e1s 365 Redes\"},\"image\":{\"@id\":\"https:\\\/\\\/candas365.es\\\/noticias\\\/estudio-sobre-el-gasto-navideno-y-black-friday-2025\\\/#organizationLogo\"},\"sameAs\":[\"https:\\\/\\\/www.facebook.com\\\/Nachofdezber\",\"https:\\\/\\\/x.com\\\/NabercoDigital\",\"https:\\\/\\\/www.instagram.com\\\/nachofdezber\\\/\",\"https:\\\/\\\/www.youtube.com\\\/channel\\\/UCZP-2wLEB9Rv6erhFmqVnvg\"],\"address\":{\"@id\":\"https:\\\/\\\/candas365.es\\\/noticias\\\/#postaladdress\",\"@type\":\"PostalAddress\",\"streetAddress\":\"san antonio 4, san antonio 4\",\"postalCode\":\"33430\",\"addressLocality\":\"Cand\\u00e1s\",\"addressRegion\":\"Asturias\",\"addressCountry\":\"ES\"}},{\"@type\":\"Person\",\"@id\":\"https:\\\/\\\/candas365.es\\\/noticias\\\/author\\\/admin\\\/#author\",\"url\":\"https:\\\/\\\/candas365.es\\\/noticias\\\/author\\\/admin\\\/\",\"name\":\"Cand\\u00e1s 365\",\"image\":{\"@type\":\"ImageObject\",\"@id\":\"https:\\\/\\\/candas365.es\\\/noticias\\\/estudio-sobre-el-gasto-navideno-y-black-friday-2025\\\/#authorImage\",\"url\":\"https:\\\/\\\/secure.gravatar.com\\\/avatar\\\/496a8e03d0c493ede1718b7934145dbdf8d89be1036b0eec9544e1094c9de390?s=96&d=mm&r=g\",\"width\":96,\"height\":96,\"caption\":\"Cand\\u00e1s 365\"},\"sameAs\":[\"https:\\\/\\\/www.facebook.com\\\/carrenoactualidad\",\"https:\\\/\\\/twitter.com\\\/nbasturias\",\"https:\\\/\\\/www.instagram.com\\\/nachofdezber\\\/\",\"https:\\\/\\\/www.youtube.com\\\/channel\\\/UCZP-2wLEB9Rv6erhFmqVnvg\"]},{\"@type\":\"WebPage\",\"@id\":\"https:\\\/\\\/candas365.es\\\/noticias\\\/estudio-sobre-el-gasto-navideno-y-black-friday-2025\\\/#webpage\",\"url\":\"https:\\\/\\\/candas365.es\\\/noticias\\\/estudio-sobre-el-gasto-navideno-y-black-friday-2025\\\/\",\"name\":\"Estudio sobre el gasto navide\\u00f1o y Black Friday 2025 | Cand\\u00e1s 365\",\"description\":\"Un estudio de La Red del Cambio 2025, elaborado por Wallapop, indica que los espa\\u00f1oles gastar\\u00e1n una media de 588 euros entre Black Friday y Navidad\",\"inLanguage\":\"es-ES\",\"isPartOf\":{\"@id\":\"https:\\\/\\\/candas365.es\\\/noticias\\\/#website\"},\"breadcrumb\":{\"@id\":\"https:\\\/\\\/candas365.es\\\/noticias\\\/estudio-sobre-el-gasto-navideno-y-black-friday-2025\\\/#breadcrumblist\"},\"author\":{\"@id\":\"https:\\\/\\\/candas365.es\\\/noticias\\\/author\\\/admin\\\/#author\"},\"creator\":{\"@id\":\"https:\\\/\\\/candas365.es\\\/noticias\\\/author\\\/admin\\\/#author\"},\"image\":{\"@type\":\"ImageObject\",\"url\":\"https:\\\/\\\/candas365.es\\\/noticias\\\/wp-content\\\/uploads\\\/2025\\\/11\\\/Estudio-sobre-el-gasto-navideno-y-Black-Friday-2025.jpg\",\"@id\":\"https:\\\/\\\/candas365.es\\\/noticias\\\/estudio-sobre-el-gasto-navideno-y-black-friday-2025\\\/#mainImage\",\"width\":1123,\"height\":604,\"caption\":\"Foto: 123rf.com\"},\"primaryImageOfPage\":{\"@id\":\"https:\\\/\\\/candas365.es\\\/noticias\\\/estudio-sobre-el-gasto-navideno-y-black-friday-2025\\\/#mainImage\"},\"datePublished\":\"2025-11-25T20:02:22+01:00\",\"dateModified\":\"2025-11-25T20:02:22+01:00\"},{\"@type\":\"WebSite\",\"@id\":\"https:\\\/\\\/candas365.es\\\/noticias\\\/#website\",\"url\":\"https:\\\/\\\/candas365.es\\\/noticias\\\/\",\"name\":\"Cand\\u00e1s 365\",\"alternateName\":\"Cand\\u00e1s 365 Noticias\",\"description\":\"Actualidad desde Carre\\u00f1o para el mundo\",\"inLanguage\":\"es-ES\",\"publisher\":{\"@id\":\"https:\\\/\\\/candas365.es\\\/noticias\\\/#organization\"}}]}\n\t\t<\/script>\n\t\t<!-- All in One SEO Pro -->\r\n\t\t<title>Estudio sobre el gasto navide\u00f1o y Black Friday 2025 | Cand\u00e1s 365<\/title>\n\n","aioseo_head_json":{"title":"Estudio sobre el gasto navide\u00f1o y Black Friday 2025 | Cand\u00e1s 365","description":"Un estudio de La Red del Cambio 2025, elaborado por Wallapop, indica que los espa\u00f1oles gastar\u00e1n una media de 588 euros entre Black Friday y Navidad","canonical_url":"https:\/\/candas365.es\/noticias\/estudio-sobre-el-gasto-navideno-y-black-friday-2025\/","robots":"max-image-preview:large","keywords":"canal empresas","webmasterTools":{"google-site-verification":"UA-32230408-1","msvalidate.01":"354F3CDFB2DA171B47FBE9ABF1F88D5","miscellaneous":""},"schema":{"@context":"https:\/\/schema.org","@graph":[{"@type":"BreadcrumbList","@id":"https:\/\/candas365.es\/noticias\/estudio-sobre-el-gasto-navideno-y-black-friday-2025\/#breadcrumblist","itemListElement":[{"@type":"ListItem","@id":"https:\/\/candas365.es\/noticias#listItem","position":1,"name":"Home","item":"https:\/\/candas365.es\/noticias","nextItem":{"@type":"ListItem","@id":"https:\/\/candas365.es\/noticias\/category\/canal-empresas\/#listItem","name":"Canal Empresas"}},{"@type":"ListItem","@id":"https:\/\/candas365.es\/noticias\/category\/canal-empresas\/#listItem","position":2,"name":"Canal Empresas","item":"https:\/\/candas365.es\/noticias\/category\/canal-empresas\/","nextItem":{"@type":"ListItem","@id":"https:\/\/candas365.es\/noticias\/estudio-sobre-el-gasto-navideno-y-black-friday-2025\/#listItem","name":"Estudio sobre el gasto navide\u00f1o y Black Friday 2025"},"previousItem":{"@type":"ListItem","@id":"https:\/\/candas365.es\/noticias#listItem","name":"Home"}},{"@type":"ListItem","@id":"https:\/\/candas365.es\/noticias\/estudio-sobre-el-gasto-navideno-y-black-friday-2025\/#listItem","position":3,"name":"Estudio sobre el gasto navide\u00f1o y Black Friday 2025","previousItem":{"@type":"ListItem","@id":"https:\/\/candas365.es\/noticias\/category\/canal-empresas\/#listItem","name":"Canal Empresas"}}]},{"@type":"NewsArticle","@id":"https:\/\/candas365.es\/noticias\/estudio-sobre-el-gasto-navideno-y-black-friday-2025\/#newsarticle","name":"Estudio sobre el gasto navide\u00f1o y Black Friday 2025 | Cand\u00e1s 365","headline":"Estudio sobre el gasto navide\u00f1o y Black Friday 2025","author":{"@id":"https:\/\/candas365.es\/noticias\/author\/admin\/#author"},"publisher":{"@id":"https:\/\/candas365.es\/noticias\/#organization"},"image":{"@type":"ImageObject","url":"https:\/\/candas365.es\/noticias\/wp-content\/uploads\/2025\/11\/Estudio-sobre-el-gasto-navideno-y-Black-Friday-2025.jpg","width":1123,"height":604,"caption":"Foto: 123rf.com"},"datePublished":"2025-11-25T20:02:22+01:00","dateModified":"2025-11-25T20:02:22+01:00","inLanguage":"es-ES","mainEntityOfPage":{"@id":"https:\/\/candas365.es\/noticias\/estudio-sobre-el-gasto-navideno-y-black-friday-2025\/#webpage"},"isPartOf":{"@id":"https:\/\/candas365.es\/noticias\/estudio-sobre-el-gasto-navideno-y-black-friday-2025\/#webpage"},"articleSection":"Canal Empresas, empresas","dateline":"Publicado el noviembre 25, 2025."},{"@type":"Organization","@id":"https:\/\/candas365.es\/noticias\/#organization","name":"Cand\u00e1s 365","description":"Cand\u00e1s 365 es un diario digital independiente, fundado en 2012, con base en Asturias. Informamos con rigor sobre actualidad, sociedad, cultura y ocio, con una mirada local y global.","url":"https:\/\/candas365.es\/noticias\/","email":"info@candas365.es","telephone":"+34652131393","foundingDate":"2012-06-10","logo":{"@type":"ImageObject","url":"https:\/\/candas365.es\/noticias\/wp-content\/uploads\/2024\/09\/Candas-365-Redes.jpg","@id":"https:\/\/candas365.es\/noticias\/estudio-sobre-el-gasto-navideno-y-black-friday-2025\/#organizationLogo","width":1152,"height":864,"caption":"Cand\u00e1s 365 Redes"},"image":{"@id":"https:\/\/candas365.es\/noticias\/estudio-sobre-el-gasto-navideno-y-black-friday-2025\/#organizationLogo"},"sameAs":["https:\/\/www.facebook.com\/Nachofdezber","https:\/\/x.com\/NabercoDigital","https:\/\/www.instagram.com\/nachofdezber\/","https:\/\/www.youtube.com\/channel\/UCZP-2wLEB9Rv6erhFmqVnvg"],"address":{"@id":"https:\/\/candas365.es\/noticias\/#postaladdress","@type":"PostalAddress","streetAddress":"san antonio 4, san antonio 4","postalCode":"33430","addressLocality":"Cand\u00e1s","addressRegion":"Asturias","addressCountry":"ES"}},{"@type":"Person","@id":"https:\/\/candas365.es\/noticias\/author\/admin\/#author","url":"https:\/\/candas365.es\/noticias\/author\/admin\/","name":"Cand\u00e1s 365","image":{"@type":"ImageObject","@id":"https:\/\/candas365.es\/noticias\/estudio-sobre-el-gasto-navideno-y-black-friday-2025\/#authorImage","url":"https:\/\/secure.gravatar.com\/avatar\/496a8e03d0c493ede1718b7934145dbdf8d89be1036b0eec9544e1094c9de390?s=96&d=mm&r=g","width":96,"height":96,"caption":"Cand\u00e1s 365"},"sameAs":["https:\/\/www.facebook.com\/carrenoactualidad","https:\/\/twitter.com\/nbasturias","https:\/\/www.instagram.com\/nachofdezber\/","https:\/\/www.youtube.com\/channel\/UCZP-2wLEB9Rv6erhFmqVnvg"]},{"@type":"WebPage","@id":"https:\/\/candas365.es\/noticias\/estudio-sobre-el-gasto-navideno-y-black-friday-2025\/#webpage","url":"https:\/\/candas365.es\/noticias\/estudio-sobre-el-gasto-navideno-y-black-friday-2025\/","name":"Estudio sobre el gasto navide\u00f1o y Black Friday 2025 | Cand\u00e1s 365","description":"Un estudio de La Red del Cambio 2025, elaborado por Wallapop, indica que los espa\u00f1oles gastar\u00e1n una media de 588 euros entre Black Friday y Navidad","inLanguage":"es-ES","isPartOf":{"@id":"https:\/\/candas365.es\/noticias\/#website"},"breadcrumb":{"@id":"https:\/\/candas365.es\/noticias\/estudio-sobre-el-gasto-navideno-y-black-friday-2025\/#breadcrumblist"},"author":{"@id":"https:\/\/candas365.es\/noticias\/author\/admin\/#author"},"creator":{"@id":"https:\/\/candas365.es\/noticias\/author\/admin\/#author"},"image":{"@type":"ImageObject","url":"https:\/\/candas365.es\/noticias\/wp-content\/uploads\/2025\/11\/Estudio-sobre-el-gasto-navideno-y-Black-Friday-2025.jpg","@id":"https:\/\/candas365.es\/noticias\/estudio-sobre-el-gasto-navideno-y-black-friday-2025\/#mainImage","width":1123,"height":604,"caption":"Foto: 123rf.com"},"primaryImageOfPage":{"@id":"https:\/\/candas365.es\/noticias\/estudio-sobre-el-gasto-navideno-y-black-friday-2025\/#mainImage"},"datePublished":"2025-11-25T20:02:22+01:00","dateModified":"2025-11-25T20:02:22+01:00"},{"@type":"WebSite","@id":"https:\/\/candas365.es\/noticias\/#website","url":"https:\/\/candas365.es\/noticias\/","name":"Cand\u00e1s 365","alternateName":"Cand\u00e1s 365 Noticias","description":"Actualidad desde Carre\u00f1o para el mundo","inLanguage":"es-ES","publisher":{"@id":"https:\/\/candas365.es\/noticias\/#organization"}}]},"og:locale":"es_ES","og:site_name":"Cand\u00e1s 365","og:type":"article","og:title":"Estudio sobre el gasto navide\u00f1o y Black Friday 2025 | Cand\u00e1s 365","og:description":"Un estudio de La Red del Cambio 2025, elaborado por Wallapop, indica que los espa\u00f1oles gastar\u00e1n una media de 588 euros entre Black Friday y Navidad","og:url":"https:\/\/candas365.es\/noticias\/estudio-sobre-el-gasto-navideno-y-black-friday-2025\/","og:image":"https:\/\/candas365.es\/noticias\/wp-content\/uploads\/2025\/11\/Estudio-sobre-el-gasto-navideno-y-Black-Friday-2025.jpg","og:image:secure_url":"https:\/\/candas365.es\/noticias\/wp-content\/uploads\/2025\/11\/Estudio-sobre-el-gasto-navideno-y-Black-Friday-2025.jpg","og:image:width":1123,"og:image:height":604,"article:published_time":"2025-11-25T19:02:22+00:00","article:modified_time":"2025-11-25T19:02:22+00:00","article:publisher":"https:\/\/www.facebook.com\/Nachofdezber","article:author":"https:\/\/www.facebook.com\/carrenoactualidad","twitter:card":"summary_large_image","twitter:site":"@NabercoDigital","twitter:title":"Estudio sobre el gasto navide\u00f1o y Black Friday 2025 | Cand\u00e1s 365","twitter:description":"Un estudio de La Red del Cambio 2025, elaborado por Wallapop, indica que los espa\u00f1oles gastar\u00e1n una media de 588 euros entre Black Friday y Navidad","twitter:creator":"@nbasturias","twitter:image":"https:\/\/candas365.es\/noticias\/wp-content\/uploads\/2025\/11\/Estudio-sobre-el-gasto-navideno-y-Black-Friday-2025.jpg","twitter:label1":"Escrito por","twitter:data1":"Cand\u00e1s 365","twitter:label2":"Tiempo de lectura estimado","twitter:data2":"2 minutos"},"aioseo_meta_data":{"post_id":"190417","title":null,"description":"Un estudio de La Red del Cambio 2025, elaborado por Wallapop, indica que los espa\u00f1oles gastar\u00e1n una media de 588 euros entre Black Friday y Navidad","keywords":null,"keyphrases":{"focus":{"keyphrase":"Black Friday","score":85,"analysis":{"keyphraseInTitle":{"score":9,"maxScore":9,"error":0},"keyphraseInDescription":{"score":9,"maxScore":9,"error":0},"keyphraseLength":{"score":9,"maxScore":9,"error":0,"length":2},"keyphraseInURL":{"score":5,"maxScore":5,"error":0},"keyphraseInIntroduction":{"score":9,"maxScore":9,"error":0},"keyphraseInSubHeadings":[],"keyphraseInImageAlt":{"score":9,"maxScore":9,"error":0},"keywordDensity":{"score":0,"type":"low","maxScore":9,"error":1}}},"additional":[{"keyphrase":"Black Friday","score":80,"analysis":{"keyphraseInDescription":{"score":9,"maxScore":9,"error":0},"keyphraseLength":{"score":9,"maxScore":9,"error":0,"length":2},"keyphraseInIntroduction":{"score":9,"maxScore":9,"error":0},"keyphraseInImageAlt":{"score":9,"maxScore":9,"error":0},"keywordDensity":{"score":0,"type":"low","maxScore":9,"error":1}}}]},"primary_term":null,"canonical_url":null,"og_title":null,"og_description":null,"og_object_type":"default","og_image_type":"default","og_image_url":null,"og_image_width":null,"og_image_height":null,"og_image_custom_url":null,"og_image_custom_fields":null,"og_video":"","og_custom_url":null,"og_article_section":null,"og_article_tags":null,"twitter_use_og":false,"twitter_card":"default","twitter_image_type":"default","twitter_image_url":null,"twitter_image_custom_url":null,"twitter_image_custom_fields":null,"twitter_title":null,"twitter_description":null,"schema":{"blockGraphs":[],"customGraphs":[],"default":{"data":{"Article":[],"Course":[],"Dataset":[],"FAQPage":[],"Movie":[],"Person":[],"Product":[],"ProductReview":[],"Car":[],"Recipe":[],"Service":[],"SoftwareApplication":[],"WebPage":[]},"graphName":"Article","isEnabled":true},"graphs":[]},"schema_type":"default","schema_type_options":null,"pillar_content":false,"robots_default":true,"robots_noindex":false,"robots_noarchive":false,"robots_nosnippet":false,"robots_nofollow":false,"robots_noimageindex":false,"robots_noodp":false,"robots_notranslate":false,"robots_max_snippet":"-1","robots_max_videopreview":"-1","robots_max_imagepreview":"large","priority":null,"frequency":"default","location":null,"local_seo":null,"seo_analyzer_scan_date":"2025-11-25 19:13:23","breadcrumb_settings":null,"limit_modified_date":false,"reviewed_by":null,"open_ai":null,"ai":{"faqs":[],"keyPoints":[],"titles":[],"descriptions":[],"socialPosts":{"email":[],"linkedin":[],"twitter":[],"facebook":[],"instagram":[]}},"created":"2025-11-25 18:54:11","updated":"2025-11-25 19:13:23"},"aioseo_breadcrumb":"<div class=\"aioseo-breadcrumbs\"><span class=\"aioseo-breadcrumb\">\n\t<a href=\"https:\/\/candas365.es\/noticias\" title=\"Home\">Home<\/a>\n<\/span><span class=\"aioseo-breadcrumb-separator\">&ndash;<\/span><span class=\"aioseo-breadcrumb\">\n\t<a href=\"https:\/\/candas365.es\/noticias\/category\/canal-empresas\/\" title=\"Canal Empresas\">Canal Empresas<\/a>\n<\/span><span class=\"aioseo-breadcrumb-separator\">&ndash;<\/span><span class=\"aioseo-breadcrumb\">\n\tEstudio sobre el gasto navide\u00f1o y Black Friday 2025\n<\/span><\/div>","aioseo_breadcrumb_json":[{"label":"Home","link":"https:\/\/candas365.es\/noticias"},{"label":"Canal Empresas","link":"https:\/\/candas365.es\/noticias\/category\/canal-empresas\/"},{"label":"Estudio sobre el gasto navide\u00f1o y Black Friday 2025","link":"https:\/\/candas365.es\/noticias\/estudio-sobre-el-gasto-navideno-y-black-friday-2025\/"}],"_links":{"self":[{"href":"https:\/\/candas365.es\/noticias\/wp-json\/wp\/v2\/posts\/190417","targetHints":{"allow":["GET"]}}],"collection":[{"href":"https:\/\/candas365.es\/noticias\/wp-json\/wp\/v2\/posts"}],"about":[{"href":"https:\/\/candas365.es\/noticias\/wp-json\/wp\/v2\/types\/post"}],"author":[{"embeddable":true,"href":"https:\/\/candas365.es\/noticias\/wp-json\/wp\/v2\/users\/1"}],"replies":[{"embeddable":true,"href":"https:\/\/candas365.es\/noticias\/wp-json\/wp\/v2\/comments?post=190417"}],"version-history":[{"count":0,"href":"https:\/\/candas365.es\/noticias\/wp-json\/wp\/v2\/posts\/190417\/revisions"}],"wp:featuredmedia":[{"embeddable":true,"href":"https:\/\/candas365.es\/noticias\/wp-json\/wp\/v2\/media\/190418"}],"wp:attachment":[{"href":"https:\/\/candas365.es\/noticias\/wp-json\/wp\/v2\/media?parent=190417"}],"wp:term":[{"taxonomy":"category","embeddable":true,"href":"https:\/\/candas365.es\/noticias\/wp-json\/wp\/v2\/categories?post=190417"},{"taxonomy":"post_tag","embeddable":true,"href":"https:\/\/candas365.es\/noticias\/wp-json\/wp\/v2\/tags?post=190417"}],"curies":[{"name":"wp","href":"https:\/\/api.w.org\/{rel}","templated":true}]}}