{"id":190414,"date":"2025-11-25T19:52:10","date_gmt":"2025-11-25T18:52:10","guid":{"rendered":"https:\/\/candas365.es\/noticias\/?p=190414"},"modified":"2025-11-25T19:52:10","modified_gmt":"2025-11-25T18:52:10","slug":"almeida-reta-a-maroto-a-llevarle-a-los-tribunales","status":"publish","type":"post","link":"https:\/\/candas365.es\/noticias\/almeida-reta-a-maroto-a-llevarle-a-los-tribunales\/","title":{"rendered":"Almeida reta a Maroto a llevarle a los tribunales"},"content":{"rendered":"<p>Jos\u00e9 Luis Mart\u00ednez-Almeida afirm\u00f3 que est\u00e1 dispuesto a que Reyes Maroto lo lleve a los tribunales por sus comentarios sobre <span style=\"color: #ff6600;\"><a style=\"color: #ff6600;\" href=\"https:\/\/candas365.es\/noticias\/category\/sucesos\/\"><strong>corrupci\u00f3n<\/strong><\/a><\/span> y asegur\u00f3 que no se sentir\u00e1 confrontado ni intimidado ni dejar\u00e1 de denunciar lo que considera corrupci\u00f3n.<\/p>\n<figure id=\"attachment_190415\" aria-describedby=\"caption-attachment-190415\" style=\"width: 650px\" class=\"wp-caption aligncenter\"><img fetchpriority=\"high\" decoding=\"async\" class=\"size-large wp-image-190415\" src=\"https:\/\/candas365.es\/noticias\/wp-content\/uploads\/2025\/11\/Almeida-reta-a-Maroto-a-llevarle-a-los-tribunales-650x433.jpg\" alt=\"Almeida reta a Maroto a llevarle a los tribunales\" width=\"650\" height=\"433\" srcset=\"https:\/\/candas365.es\/noticias\/wp-content\/uploads\/2025\/11\/Almeida-reta-a-Maroto-a-llevarle-a-los-tribunales-650x433.jpg 650w, https:\/\/candas365.es\/noticias\/wp-content\/uploads\/2025\/11\/Almeida-reta-a-Maroto-a-llevarle-a-los-tribunales-360x240.jpg 360w, https:\/\/candas365.es\/noticias\/wp-content\/uploads\/2025\/11\/Almeida-reta-a-Maroto-a-llevarle-a-los-tribunales-768x511.jpg 768w, https:\/\/candas365.es\/noticias\/wp-content\/uploads\/2025\/11\/Almeida-reta-a-Maroto-a-llevarle-a-los-tribunales-150x100.jpg 150w, https:\/\/candas365.es\/noticias\/wp-content\/uploads\/2025\/11\/Almeida-reta-a-Maroto-a-llevarle-a-los-tribunales-450x300.jpg 450w, https:\/\/candas365.es\/noticias\/wp-content\/uploads\/2025\/11\/Almeida-reta-a-Maroto-a-llevarle-a-los-tribunales.jpg 1023w\" sizes=\"(max-width: 650px) 100vw, 650px\" \/><figcaption id=\"caption-attachment-190415\" class=\"wp-caption-text\">El alcalde de Madrid, Jos\u00e9 Luis Mart\u00ednez-Almeida | Foto de Ayuntamiento de Madrid\/ Alejandro Olea<\/figcaption><\/figure>\n<p>As\u00ed respondi\u00f3 Almeida a las declaraciones de Maroto, quien asegur\u00f3 que la pr\u00f3xima vez que Almeida le \u00abacuse falsamente de corrupci\u00f3n\u00bb acudir\u00e1 a los tribunales.<\/p>\n<p>El regidor acus\u00f3 a Maroto de \u00abconvertir el Pleno del Ayuntamiento de Madrid en un lodazal, lleno de barro, de crispaci\u00f3n y de enfrentamiento\u00bb que no es \u00abla imagen que se tiene que dar en el Pleno\u00bb.<\/p>\n<p>El conflicto comenz\u00f3 al inicio del Pleno a cuenta de una pregunta sobre limpieza en la ciudad a la que el alcalde contest\u00f3<strong>: \u00abEn t\u00e9rminos de suciedad, nadie como usted, se\u00f1ora Maroto\u00bb. Adem\u00e1s, subray\u00f3 la \u00abcorrupci\u00f3n esf\u00e9rica\u00bb que rodea a la portavoz.<\/strong><\/p>\n<p>Almeida ret\u00f3 a Maroto a que cumpla con la amenaza y acuda a los tribunales si considera que sus palabras afectan a su \u00abhonor y su dignidad\u00bb. <strong>\u00abMe ratifico en todas y cada una de las palabras que he dicho en la sesi\u00f3n plenaria. Y, por tanto, que no espere a la siguiente vez, que se vaya ya a los tribunales\u00bb, afirm\u00f3.<\/strong><\/p>\n<p>Explic\u00f3 que cuando se le presente esa querella preguntar\u00e1 a Maroto si conoc\u00eda al empresario V\u00edctor de Aldama, se\u00f1alado por el &#8216;caso Hidrocarburos&#8217;, si \u00abpidi\u00f3 al se\u00f1or Aldama ser candidata del PSOE al Ayuntamiento de Madrid\u00bb y que \u00abexplique por qu\u00e9 la trama de hidrocarburos se reuni\u00f3 en la sede del Ministerio de la que ella era titular\u00bb.<\/p>\n<p>\u00abEstoy deseando que me lleve a los tribunales para decirle que ni me va a confrontar, ni me va a intimidar, ni va a conseguir que deje de denunciar su corrupci\u00f3n y al mismo tiempo para que nos explique sus relaciones con Aldama, con Koldo, con \u00c1balos y con Santos Cerd\u00e1n\u00bb, asever\u00f3.<\/p>\n<p><strong>Insisti\u00f3 en que Maroto le tendr\u00e1 que explicar delante de un juez \u00abcu\u00e1ntos wasap tiene con Aldama\u00bb.<\/strong> Preguntado por si hace autocr\u00edtica por el comentario sobre la suciedad, replic\u00f3 que se limit\u00f3 a se\u00f1alar \u00aben un debate pol\u00edtico que obviamente si alguien sabe de la suciedad de la corrupci\u00f3n es Reyes Maroto\u00bb.<\/p>\n<p>No obstante, expres\u00f3 que \u00abes importante la limpieza de las calles y es muy importante la limpieza institucional\u00bb. \u00abNo he dicho nada m\u00e1s, no la he insultado, no he mentido, no he dicho una sola falsedad, me he limitado a hacer preguntas\u00bb, concluy\u00f3.<\/p>\n<p>(<a href=\"https:\/\/www.servimedia.es\/\" target=\"_blank\" rel=\"noopener\"><span style=\"color: #ff6600;\"><strong>SERVIMEDIA<\/strong><\/span><\/a>)<\/p>\n","protected":false},"excerpt":{"rendered":"<p>Jos\u00e9 Luis Mart\u00ednez-Almeida afirm\u00f3 que est\u00e1 dispuesto a que Reyes Maroto lo lleve a los tribunales por sus comentarios sobre corrupci\u00f3n y asegur\u00f3 que no se sentir\u00e1 confrontado ni intimidado ni dejar\u00e1 de denunciar lo que considera corrupci\u00f3n. As\u00ed respondi\u00f3 Almeida a las declaraciones de Maroto, quien asegur\u00f3 que la pr\u00f3xima vez que Almeida le<\/p>\n","protected":false},"author":1,"featured_media":190415,"comment_status":"closed","ping_status":"closed","sticky":false,"template":"","format":"standard","meta":{"footnotes":""},"categories":[343],"tags":[548,470],"class_list":{"0":"post-190414","1":"post","2":"type-post","3":"status-publish","4":"format-standard","5":"has-post-thumbnail","7":"category-actualidad","8":"tag-madrid","9":"tag-politica"},"aioseo_notices":[],"aioseo_head":"\n\t\t<!-- All in One SEO Pro 4.9.6.2 - aioseo.com -->\n\t<meta name=\"description\" content=\"Jos\u00e9 Luis Mart\u00ednez-Almeida afirm\u00f3 que est\u00e1 dispuesto a que Reyes Maroto lo lleve a los tribunales por sus comentarios sobre corrupci\u00f3n y asegur\u00f3 que no\" \/>\n\t<meta name=\"robots\" content=\"max-image-preview:large\" \/>\n\t<meta name=\"author\" content=\"Cand\u00e1s 365\"\/>\n\t<meta name=\"google-site-verification\" content=\"UA-32230408-1\" \/>\n\t<meta name=\"msvalidate.01\" content=\"354F3CDFB2DA171B47FBE9ABF1F88D5\" \/>\n\t<meta name=\"keywords\" content=\"actualidad\" \/>\n\t<link rel=\"canonical\" href=\"https:\/\/candas365.es\/noticias\/almeida-reta-a-maroto-a-llevarle-a-los-tribunales\/\" \/>\n\t<meta name=\"generator\" content=\"All in One SEO Pro (AIOSEO) 4.9.6.2\" \/>\n\t\t<meta property=\"og:locale\" content=\"es_ES\" \/>\n\t\t<meta property=\"og:site_name\" content=\"Cand\u00e1s 365\" \/>\n\t\t<meta property=\"og:type\" content=\"article\" \/>\n\t\t<meta property=\"og:title\" content=\"Almeida reta a Maroto a llevarle a los tribunales | Cand\u00e1s 365\" \/>\n\t\t<meta property=\"og:description\" content=\"Jos\u00e9 Luis Mart\u00ednez-Almeida afirm\u00f3 que est\u00e1 dispuesto a que Reyes Maroto lo lleve a los tribunales por sus comentarios sobre corrupci\u00f3n y asegur\u00f3 que no\" \/>\n\t\t<meta property=\"og:url\" content=\"https:\/\/candas365.es\/noticias\/almeida-reta-a-maroto-a-llevarle-a-los-tribunales\/\" \/>\n\t\t<meta property=\"og:image\" content=\"https:\/\/candas365.es\/noticias\/wp-content\/uploads\/2025\/11\/Almeida-reta-a-Maroto-a-llevarle-a-los-tribunales.jpg\" \/>\n\t\t<meta property=\"og:image:secure_url\" content=\"https:\/\/candas365.es\/noticias\/wp-content\/uploads\/2025\/11\/Almeida-reta-a-Maroto-a-llevarle-a-los-tribunales.jpg\" \/>\n\t\t<meta property=\"og:image:width\" content=\"1023\" \/>\n\t\t<meta property=\"og:image:height\" content=\"681\" \/>\n\t\t<meta property=\"article:published_time\" content=\"2025-11-25T18:52:10+00:00\" \/>\n\t\t<meta property=\"article:modified_time\" content=\"2025-11-25T18:52:10+00:00\" \/>\n\t\t<meta property=\"article:publisher\" content=\"https:\/\/www.facebook.com\/Nachofdezber\" \/>\n\t\t<meta property=\"article:author\" content=\"https:\/\/www.facebook.com\/carrenoactualidad\" \/>\n\t\t<meta name=\"twitter:card\" content=\"summary_large_image\" \/>\n\t\t<meta name=\"twitter:site\" content=\"@NabercoDigital\" \/>\n\t\t<meta name=\"twitter:title\" content=\"Almeida reta a Maroto a llevarle a los tribunales | Cand\u00e1s 365\" \/>\n\t\t<meta name=\"twitter:description\" content=\"Jos\u00e9 Luis Mart\u00ednez-Almeida afirm\u00f3 que est\u00e1 dispuesto a que Reyes Maroto lo lleve a los tribunales por sus comentarios sobre corrupci\u00f3n y asegur\u00f3 que no\" \/>\n\t\t<meta name=\"twitter:creator\" content=\"@nbasturias\" \/>\n\t\t<meta name=\"twitter:image\" content=\"https:\/\/candas365.es\/noticias\/wp-content\/uploads\/2025\/11\/Almeida-reta-a-Maroto-a-llevarle-a-los-tribunales.jpg\" \/>\n\t\t<meta name=\"twitter:label1\" content=\"Escrito por\" \/>\n\t\t<meta name=\"twitter:data1\" content=\"Cand\u00e1s 365\" \/>\n\t\t<meta name=\"twitter:label2\" content=\"Tiempo de lectura estimado\" \/>\n\t\t<meta name=\"twitter:data2\" content=\"2 minutos\" \/>\n\t\t<script type=\"application\/ld+json\" class=\"aioseo-schema\">\n\t\t\t{\"@context\":\"https:\\\/\\\/schema.org\",\"@graph\":[{\"@type\":\"BreadcrumbList\",\"@id\":\"https:\\\/\\\/candas365.es\\\/noticias\\\/almeida-reta-a-maroto-a-llevarle-a-los-tribunales\\\/#breadcrumblist\",\"itemListElement\":[{\"@type\":\"ListItem\",\"@id\":\"https:\\\/\\\/candas365.es\\\/noticias#listItem\",\"position\":1,\"name\":\"Home\",\"item\":\"https:\\\/\\\/candas365.es\\\/noticias\",\"nextItem\":{\"@type\":\"ListItem\",\"@id\":\"https:\\\/\\\/candas365.es\\\/noticias\\\/category\\\/actualidad\\\/#listItem\",\"name\":\"Actualidad\"}},{\"@type\":\"ListItem\",\"@id\":\"https:\\\/\\\/candas365.es\\\/noticias\\\/category\\\/actualidad\\\/#listItem\",\"position\":2,\"name\":\"Actualidad\",\"item\":\"https:\\\/\\\/candas365.es\\\/noticias\\\/category\\\/actualidad\\\/\",\"nextItem\":{\"@type\":\"ListItem\",\"@id\":\"https:\\\/\\\/candas365.es\\\/noticias\\\/almeida-reta-a-maroto-a-llevarle-a-los-tribunales\\\/#listItem\",\"name\":\"Almeida reta a Maroto a llevarle a los tribunales\"},\"previousItem\":{\"@type\":\"ListItem\",\"@id\":\"https:\\\/\\\/candas365.es\\\/noticias#listItem\",\"name\":\"Home\"}},{\"@type\":\"ListItem\",\"@id\":\"https:\\\/\\\/candas365.es\\\/noticias\\\/almeida-reta-a-maroto-a-llevarle-a-los-tribunales\\\/#listItem\",\"position\":3,\"name\":\"Almeida reta a Maroto a llevarle a los tribunales\",\"previousItem\":{\"@type\":\"ListItem\",\"@id\":\"https:\\\/\\\/candas365.es\\\/noticias\\\/category\\\/actualidad\\\/#listItem\",\"name\":\"Actualidad\"}}]},{\"@type\":\"NewsArticle\",\"@id\":\"https:\\\/\\\/candas365.es\\\/noticias\\\/almeida-reta-a-maroto-a-llevarle-a-los-tribunales\\\/#newsarticle\",\"name\":\"Almeida reta a Maroto a llevarle a los tribunales | Cand\\u00e1s 365\",\"headline\":\"Almeida reta a Maroto a llevarle a los tribunales\",\"author\":{\"@id\":\"https:\\\/\\\/candas365.es\\\/noticias\\\/author\\\/admin\\\/#author\"},\"publisher\":{\"@id\":\"https:\\\/\\\/candas365.es\\\/noticias\\\/#organization\"},\"image\":{\"@type\":\"ImageObject\",\"url\":\"https:\\\/\\\/candas365.es\\\/noticias\\\/wp-content\\\/uploads\\\/2025\\\/11\\\/Almeida-reta-a-Maroto-a-llevarle-a-los-tribunales.jpg\",\"width\":1023,\"height\":681,\"caption\":\"El alcalde de Madrid, Jos\\u00e9 Luis Mart\\u00ednez-Almeida | Foto de Ayuntamiento de Madrid\\\/ Alejandro Olea\"},\"datePublished\":\"2025-11-25T19:52:10+01:00\",\"dateModified\":\"2025-11-25T19:52:10+01:00\",\"inLanguage\":\"es-ES\",\"mainEntityOfPage\":{\"@id\":\"https:\\\/\\\/candas365.es\\\/noticias\\\/almeida-reta-a-maroto-a-llevarle-a-los-tribunales\\\/#webpage\"},\"isPartOf\":{\"@id\":\"https:\\\/\\\/candas365.es\\\/noticias\\\/almeida-reta-a-maroto-a-llevarle-a-los-tribunales\\\/#webpage\"},\"articleSection\":\"Actualidad, Madrid, pol\\u00edtica\",\"dateline\":\"Publicado el noviembre 25, 2025.\"},{\"@type\":\"Organization\",\"@id\":\"https:\\\/\\\/candas365.es\\\/noticias\\\/#organization\",\"name\":\"Cand\\u00e1s 365\",\"description\":\"Cand\\u00e1s 365 es un diario digital independiente, fundado en 2012, con base en Asturias. Informamos con rigor sobre actualidad, sociedad, cultura y ocio, con una mirada local y global.\",\"url\":\"https:\\\/\\\/candas365.es\\\/noticias\\\/\",\"email\":\"info@candas365.es\",\"telephone\":\"+34652131393\",\"foundingDate\":\"2012-06-10\",\"logo\":{\"@type\":\"ImageObject\",\"url\":\"https:\\\/\\\/candas365.es\\\/noticias\\\/wp-content\\\/uploads\\\/2024\\\/09\\\/Candas-365-Redes.jpg\",\"@id\":\"https:\\\/\\\/candas365.es\\\/noticias\\\/almeida-reta-a-maroto-a-llevarle-a-los-tribunales\\\/#organizationLogo\",\"width\":1152,\"height\":864,\"caption\":\"Cand\\u00e1s 365 Redes\"},\"image\":{\"@id\":\"https:\\\/\\\/candas365.es\\\/noticias\\\/almeida-reta-a-maroto-a-llevarle-a-los-tribunales\\\/#organizationLogo\"},\"sameAs\":[\"https:\\\/\\\/www.facebook.com\\\/Nachofdezber\",\"https:\\\/\\\/x.com\\\/NabercoDigital\",\"https:\\\/\\\/www.instagram.com\\\/nachofdezber\\\/\",\"https:\\\/\\\/www.youtube.com\\\/channel\\\/UCZP-2wLEB9Rv6erhFmqVnvg\"],\"address\":{\"@id\":\"https:\\\/\\\/candas365.es\\\/noticias\\\/#postaladdress\",\"@type\":\"PostalAddress\",\"streetAddress\":\"san antonio 4, san antonio 4\",\"postalCode\":\"33430\",\"addressLocality\":\"Cand\\u00e1s\",\"addressRegion\":\"Asturias\",\"addressCountry\":\"ES\"}},{\"@type\":\"Person\",\"@id\":\"https:\\\/\\\/candas365.es\\\/noticias\\\/author\\\/admin\\\/#author\",\"url\":\"https:\\\/\\\/candas365.es\\\/noticias\\\/author\\\/admin\\\/\",\"name\":\"Cand\\u00e1s 365\",\"image\":{\"@type\":\"ImageObject\",\"@id\":\"https:\\\/\\\/candas365.es\\\/noticias\\\/almeida-reta-a-maroto-a-llevarle-a-los-tribunales\\\/#authorImage\",\"url\":\"https:\\\/\\\/secure.gravatar.com\\\/avatar\\\/496a8e03d0c493ede1718b7934145dbdf8d89be1036b0eec9544e1094c9de390?s=96&d=mm&r=g\",\"width\":96,\"height\":96,\"caption\":\"Cand\\u00e1s 365\"},\"sameAs\":[\"https:\\\/\\\/www.facebook.com\\\/carrenoactualidad\",\"https:\\\/\\\/twitter.com\\\/nbasturias\",\"https:\\\/\\\/www.instagram.com\\\/nachofdezber\\\/\",\"https:\\\/\\\/www.youtube.com\\\/channel\\\/UCZP-2wLEB9Rv6erhFmqVnvg\"]},{\"@type\":\"WebPage\",\"@id\":\"https:\\\/\\\/candas365.es\\\/noticias\\\/almeida-reta-a-maroto-a-llevarle-a-los-tribunales\\\/#webpage\",\"url\":\"https:\\\/\\\/candas365.es\\\/noticias\\\/almeida-reta-a-maroto-a-llevarle-a-los-tribunales\\\/\",\"name\":\"Almeida reta a Maroto a llevarle a los tribunales | Cand\\u00e1s 365\",\"description\":\"Jos\\u00e9 Luis Mart\\u00ednez-Almeida afirm\\u00f3 que est\\u00e1 dispuesto a que Reyes Maroto lo lleve a los tribunales por sus comentarios sobre corrupci\\u00f3n y asegur\\u00f3 que no\",\"inLanguage\":\"es-ES\",\"isPartOf\":{\"@id\":\"https:\\\/\\\/candas365.es\\\/noticias\\\/#website\"},\"breadcrumb\":{\"@id\":\"https:\\\/\\\/candas365.es\\\/noticias\\\/almeida-reta-a-maroto-a-llevarle-a-los-tribunales\\\/#breadcrumblist\"},\"author\":{\"@id\":\"https:\\\/\\\/candas365.es\\\/noticias\\\/author\\\/admin\\\/#author\"},\"creator\":{\"@id\":\"https:\\\/\\\/candas365.es\\\/noticias\\\/author\\\/admin\\\/#author\"},\"image\":{\"@type\":\"ImageObject\",\"url\":\"https:\\\/\\\/candas365.es\\\/noticias\\\/wp-content\\\/uploads\\\/2025\\\/11\\\/Almeida-reta-a-Maroto-a-llevarle-a-los-tribunales.jpg\",\"@id\":\"https:\\\/\\\/candas365.es\\\/noticias\\\/almeida-reta-a-maroto-a-llevarle-a-los-tribunales\\\/#mainImage\",\"width\":1023,\"height\":681,\"caption\":\"El alcalde de Madrid, Jos\\u00e9 Luis Mart\\u00ednez-Almeida | Foto de Ayuntamiento de Madrid\\\/ Alejandro Olea\"},\"primaryImageOfPage\":{\"@id\":\"https:\\\/\\\/candas365.es\\\/noticias\\\/almeida-reta-a-maroto-a-llevarle-a-los-tribunales\\\/#mainImage\"},\"datePublished\":\"2025-11-25T19:52:10+01:00\",\"dateModified\":\"2025-11-25T19:52:10+01:00\"},{\"@type\":\"WebSite\",\"@id\":\"https:\\\/\\\/candas365.es\\\/noticias\\\/#website\",\"url\":\"https:\\\/\\\/candas365.es\\\/noticias\\\/\",\"name\":\"Cand\\u00e1s 365\",\"alternateName\":\"Cand\\u00e1s 365 Noticias\",\"description\":\"Actualidad desde Carre\\u00f1o para el mundo\",\"inLanguage\":\"es-ES\",\"publisher\":{\"@id\":\"https:\\\/\\\/candas365.es\\\/noticias\\\/#organization\"}}]}\n\t\t<\/script>\n\t\t<!-- All in One SEO Pro -->\r\n\t\t<title>Almeida reta a Maroto a llevarle a los tribunales | Cand\u00e1s 365<\/title>\n\n","aioseo_head_json":{"title":"Almeida reta a Maroto a llevarle a los tribunales | Cand\u00e1s 365","description":"Jos\u00e9 Luis Mart\u00ednez-Almeida afirm\u00f3 que est\u00e1 dispuesto a que Reyes Maroto lo lleve a los tribunales por sus comentarios sobre corrupci\u00f3n y asegur\u00f3 que no","canonical_url":"https:\/\/candas365.es\/noticias\/almeida-reta-a-maroto-a-llevarle-a-los-tribunales\/","robots":"max-image-preview:large","keywords":"actualidad","webmasterTools":{"google-site-verification":"UA-32230408-1","msvalidate.01":"354F3CDFB2DA171B47FBE9ABF1F88D5","miscellaneous":""},"schema":{"@context":"https:\/\/schema.org","@graph":[{"@type":"BreadcrumbList","@id":"https:\/\/candas365.es\/noticias\/almeida-reta-a-maroto-a-llevarle-a-los-tribunales\/#breadcrumblist","itemListElement":[{"@type":"ListItem","@id":"https:\/\/candas365.es\/noticias#listItem","position":1,"name":"Home","item":"https:\/\/candas365.es\/noticias","nextItem":{"@type":"ListItem","@id":"https:\/\/candas365.es\/noticias\/category\/actualidad\/#listItem","name":"Actualidad"}},{"@type":"ListItem","@id":"https:\/\/candas365.es\/noticias\/category\/actualidad\/#listItem","position":2,"name":"Actualidad","item":"https:\/\/candas365.es\/noticias\/category\/actualidad\/","nextItem":{"@type":"ListItem","@id":"https:\/\/candas365.es\/noticias\/almeida-reta-a-maroto-a-llevarle-a-los-tribunales\/#listItem","name":"Almeida reta a Maroto a llevarle a los tribunales"},"previousItem":{"@type":"ListItem","@id":"https:\/\/candas365.es\/noticias#listItem","name":"Home"}},{"@type":"ListItem","@id":"https:\/\/candas365.es\/noticias\/almeida-reta-a-maroto-a-llevarle-a-los-tribunales\/#listItem","position":3,"name":"Almeida reta a Maroto a llevarle a los tribunales","previousItem":{"@type":"ListItem","@id":"https:\/\/candas365.es\/noticias\/category\/actualidad\/#listItem","name":"Actualidad"}}]},{"@type":"NewsArticle","@id":"https:\/\/candas365.es\/noticias\/almeida-reta-a-maroto-a-llevarle-a-los-tribunales\/#newsarticle","name":"Almeida reta a Maroto a llevarle a los tribunales | Cand\u00e1s 365","headline":"Almeida reta a Maroto a llevarle a los tribunales","author":{"@id":"https:\/\/candas365.es\/noticias\/author\/admin\/#author"},"publisher":{"@id":"https:\/\/candas365.es\/noticias\/#organization"},"image":{"@type":"ImageObject","url":"https:\/\/candas365.es\/noticias\/wp-content\/uploads\/2025\/11\/Almeida-reta-a-Maroto-a-llevarle-a-los-tribunales.jpg","width":1023,"height":681,"caption":"El alcalde de Madrid, Jos\u00e9 Luis Mart\u00ednez-Almeida | Foto de Ayuntamiento de Madrid\/ Alejandro Olea"},"datePublished":"2025-11-25T19:52:10+01:00","dateModified":"2025-11-25T19:52:10+01:00","inLanguage":"es-ES","mainEntityOfPage":{"@id":"https:\/\/candas365.es\/noticias\/almeida-reta-a-maroto-a-llevarle-a-los-tribunales\/#webpage"},"isPartOf":{"@id":"https:\/\/candas365.es\/noticias\/almeida-reta-a-maroto-a-llevarle-a-los-tribunales\/#webpage"},"articleSection":"Actualidad, Madrid, pol\u00edtica","dateline":"Publicado el noviembre 25, 2025."},{"@type":"Organization","@id":"https:\/\/candas365.es\/noticias\/#organization","name":"Cand\u00e1s 365","description":"Cand\u00e1s 365 es un diario digital independiente, fundado en 2012, con base en Asturias. Informamos con rigor sobre actualidad, sociedad, cultura y ocio, con una mirada local y global.","url":"https:\/\/candas365.es\/noticias\/","email":"info@candas365.es","telephone":"+34652131393","foundingDate":"2012-06-10","logo":{"@type":"ImageObject","url":"https:\/\/candas365.es\/noticias\/wp-content\/uploads\/2024\/09\/Candas-365-Redes.jpg","@id":"https:\/\/candas365.es\/noticias\/almeida-reta-a-maroto-a-llevarle-a-los-tribunales\/#organizationLogo","width":1152,"height":864,"caption":"Cand\u00e1s 365 Redes"},"image":{"@id":"https:\/\/candas365.es\/noticias\/almeida-reta-a-maroto-a-llevarle-a-los-tribunales\/#organizationLogo"},"sameAs":["https:\/\/www.facebook.com\/Nachofdezber","https:\/\/x.com\/NabercoDigital","https:\/\/www.instagram.com\/nachofdezber\/","https:\/\/www.youtube.com\/channel\/UCZP-2wLEB9Rv6erhFmqVnvg"],"address":{"@id":"https:\/\/candas365.es\/noticias\/#postaladdress","@type":"PostalAddress","streetAddress":"san antonio 4, san antonio 4","postalCode":"33430","addressLocality":"Cand\u00e1s","addressRegion":"Asturias","addressCountry":"ES"}},{"@type":"Person","@id":"https:\/\/candas365.es\/noticias\/author\/admin\/#author","url":"https:\/\/candas365.es\/noticias\/author\/admin\/","name":"Cand\u00e1s 365","image":{"@type":"ImageObject","@id":"https:\/\/candas365.es\/noticias\/almeida-reta-a-maroto-a-llevarle-a-los-tribunales\/#authorImage","url":"https:\/\/secure.gravatar.com\/avatar\/496a8e03d0c493ede1718b7934145dbdf8d89be1036b0eec9544e1094c9de390?s=96&d=mm&r=g","width":96,"height":96,"caption":"Cand\u00e1s 365"},"sameAs":["https:\/\/www.facebook.com\/carrenoactualidad","https:\/\/twitter.com\/nbasturias","https:\/\/www.instagram.com\/nachofdezber\/","https:\/\/www.youtube.com\/channel\/UCZP-2wLEB9Rv6erhFmqVnvg"]},{"@type":"WebPage","@id":"https:\/\/candas365.es\/noticias\/almeida-reta-a-maroto-a-llevarle-a-los-tribunales\/#webpage","url":"https:\/\/candas365.es\/noticias\/almeida-reta-a-maroto-a-llevarle-a-los-tribunales\/","name":"Almeida reta a Maroto a llevarle a los tribunales | Cand\u00e1s 365","description":"Jos\u00e9 Luis Mart\u00ednez-Almeida afirm\u00f3 que est\u00e1 dispuesto a que Reyes Maroto lo lleve a los tribunales por sus comentarios sobre corrupci\u00f3n y asegur\u00f3 que no","inLanguage":"es-ES","isPartOf":{"@id":"https:\/\/candas365.es\/noticias\/#website"},"breadcrumb":{"@id":"https:\/\/candas365.es\/noticias\/almeida-reta-a-maroto-a-llevarle-a-los-tribunales\/#breadcrumblist"},"author":{"@id":"https:\/\/candas365.es\/noticias\/author\/admin\/#author"},"creator":{"@id":"https:\/\/candas365.es\/noticias\/author\/admin\/#author"},"image":{"@type":"ImageObject","url":"https:\/\/candas365.es\/noticias\/wp-content\/uploads\/2025\/11\/Almeida-reta-a-Maroto-a-llevarle-a-los-tribunales.jpg","@id":"https:\/\/candas365.es\/noticias\/almeida-reta-a-maroto-a-llevarle-a-los-tribunales\/#mainImage","width":1023,"height":681,"caption":"El alcalde de Madrid, Jos\u00e9 Luis Mart\u00ednez-Almeida | Foto de Ayuntamiento de Madrid\/ Alejandro Olea"},"primaryImageOfPage":{"@id":"https:\/\/candas365.es\/noticias\/almeida-reta-a-maroto-a-llevarle-a-los-tribunales\/#mainImage"},"datePublished":"2025-11-25T19:52:10+01:00","dateModified":"2025-11-25T19:52:10+01:00"},{"@type":"WebSite","@id":"https:\/\/candas365.es\/noticias\/#website","url":"https:\/\/candas365.es\/noticias\/","name":"Cand\u00e1s 365","alternateName":"Cand\u00e1s 365 Noticias","description":"Actualidad desde Carre\u00f1o para el mundo","inLanguage":"es-ES","publisher":{"@id":"https:\/\/candas365.es\/noticias\/#organization"}}]},"og:locale":"es_ES","og:site_name":"Cand\u00e1s 365","og:type":"article","og:title":"Almeida reta a Maroto a llevarle a los tribunales | Cand\u00e1s 365","og:description":"Jos\u00e9 Luis Mart\u00ednez-Almeida afirm\u00f3 que est\u00e1 dispuesto a que Reyes Maroto lo lleve a los tribunales por sus comentarios sobre corrupci\u00f3n y asegur\u00f3 que no","og:url":"https:\/\/candas365.es\/noticias\/almeida-reta-a-maroto-a-llevarle-a-los-tribunales\/","og:image":"https:\/\/candas365.es\/noticias\/wp-content\/uploads\/2025\/11\/Almeida-reta-a-Maroto-a-llevarle-a-los-tribunales.jpg","og:image:secure_url":"https:\/\/candas365.es\/noticias\/wp-content\/uploads\/2025\/11\/Almeida-reta-a-Maroto-a-llevarle-a-los-tribunales.jpg","og:image:width":1023,"og:image:height":681,"article:published_time":"2025-11-25T18:52:10+00:00","article:modified_time":"2025-11-25T18:52:10+00:00","article:publisher":"https:\/\/www.facebook.com\/Nachofdezber","article:author":"https:\/\/www.facebook.com\/carrenoactualidad","twitter:card":"summary_large_image","twitter:site":"@NabercoDigital","twitter:title":"Almeida reta a Maroto a llevarle a los tribunales | Cand\u00e1s 365","twitter:description":"Jos\u00e9 Luis Mart\u00ednez-Almeida afirm\u00f3 que est\u00e1 dispuesto a que Reyes Maroto lo lleve a los tribunales por sus comentarios sobre corrupci\u00f3n y asegur\u00f3 que no","twitter:creator":"@nbasturias","twitter:image":"https:\/\/candas365.es\/noticias\/wp-content\/uploads\/2025\/11\/Almeida-reta-a-Maroto-a-llevarle-a-los-tribunales.jpg","twitter:label1":"Escrito por","twitter:data1":"Cand\u00e1s 365","twitter:label2":"Tiempo de lectura estimado","twitter:data2":"2 minutos"},"aioseo_meta_data":{"post_id":"190414","title":null,"description":"Jos\u00e9 Luis Mart\u00ednez-Almeida afirm\u00f3 que est\u00e1 dispuesto a que Reyes Maroto lo lleve a los tribunales por sus comentarios sobre corrupci\u00f3n y asegur\u00f3 que no","keywords":null,"keyphrases":{"focus":{"keyphrase":"Almeida","score":100,"analysis":{"keyphraseInTitle":{"score":9,"maxScore":9,"error":0},"keyphraseInDescription":{"score":9,"maxScore":9,"error":0},"keyphraseLength":{"score":9,"maxScore":9,"error":0,"length":1},"keyphraseInURL":{"score":5,"maxScore":5,"error":0},"keyphraseInIntroduction":{"score":9,"maxScore":9,"error":0},"keyphraseInSubHeadings":[],"keyphraseInImageAlt":{"score":9,"maxScore":9,"error":0},"keywordDensity":{"type":"best","score":9,"maxScore":9,"error":0}}},"additional":[{"keyphrase":"Maroto","score":100,"analysis":{"keyphraseInDescription":{"score":9,"maxScore":9,"error":0},"keyphraseLength":{"score":9,"maxScore":9,"error":0,"length":1},"keyphraseInIntroduction":{"score":9,"maxScore":9,"error":0},"keyphraseInImageAlt":{"score":9,"maxScore":9,"error":0},"keywordDensity":{"type":"best","score":9,"maxScore":9,"error":0}}}]},"primary_term":null,"canonical_url":null,"og_title":null,"og_description":null,"og_object_type":"default","og_image_type":"default","og_image_url":null,"og_image_width":null,"og_image_height":null,"og_image_custom_url":null,"og_image_custom_fields":null,"og_video":"","og_custom_url":null,"og_article_section":null,"og_article_tags":null,"twitter_use_og":false,"twitter_card":"default","twitter_image_type":"default","twitter_image_url":null,"twitter_image_custom_url":null,"twitter_image_custom_fields":null,"twitter_title":null,"twitter_description":null,"schema":{"blockGraphs":[],"customGraphs":[],"default":{"data":{"Article":[],"Course":[],"Dataset":[],"FAQPage":[],"Movie":[],"Person":[],"Product":[],"ProductReview":[],"Car":[],"Recipe":[],"Service":[],"SoftwareApplication":[],"WebPage":[]},"graphName":"Article","isEnabled":true},"graphs":[]},"schema_type":"default","schema_type_options":null,"pillar_content":false,"robots_default":true,"robots_noindex":false,"robots_noarchive":false,"robots_nosnippet":false,"robots_nofollow":false,"robots_noimageindex":false,"robots_noodp":false,"robots_notranslate":false,"robots_max_snippet":"-1","robots_max_videopreview":"-1","robots_max_imagepreview":"large","priority":null,"frequency":"default","location":null,"local_seo":null,"seo_analyzer_scan_date":"2025-11-25 18:54:12","breadcrumb_settings":null,"limit_modified_date":false,"reviewed_by":null,"open_ai":null,"ai":{"faqs":[],"keyPoints":[],"titles":[],"descriptions":[],"socialPosts":{"email":[],"linkedin":[],"twitter":[],"facebook":[],"instagram":[]}},"created":"2025-11-25 18:46:14","updated":"2025-11-25 18:56:15"},"aioseo_breadcrumb":"<div class=\"aioseo-breadcrumbs\"><span class=\"aioseo-breadcrumb\">\n\t<a href=\"https:\/\/candas365.es\/noticias\" title=\"Home\">Home<\/a>\n<\/span><span class=\"aioseo-breadcrumb-separator\">&ndash;<\/span><span class=\"aioseo-breadcrumb\">\n\t<a href=\"https:\/\/candas365.es\/noticias\/category\/actualidad\/\" title=\"Actualidad\">Actualidad<\/a>\n<\/span><span class=\"aioseo-breadcrumb-separator\">&ndash;<\/span><span class=\"aioseo-breadcrumb\">\n\tAlmeida reta a Maroto a llevarle a los tribunales\n<\/span><\/div>","aioseo_breadcrumb_json":[{"label":"Home","link":"https:\/\/candas365.es\/noticias"},{"label":"Actualidad","link":"https:\/\/candas365.es\/noticias\/category\/actualidad\/"},{"label":"Almeida reta a Maroto a llevarle a los tribunales","link":"https:\/\/candas365.es\/noticias\/almeida-reta-a-maroto-a-llevarle-a-los-tribunales\/"}],"_links":{"self":[{"href":"https:\/\/candas365.es\/noticias\/wp-json\/wp\/v2\/posts\/190414","targetHints":{"allow":["GET"]}}],"collection":[{"href":"https:\/\/candas365.es\/noticias\/wp-json\/wp\/v2\/posts"}],"about":[{"href":"https:\/\/candas365.es\/noticias\/wp-json\/wp\/v2\/types\/post"}],"author":[{"embeddable":true,"href":"https:\/\/candas365.es\/noticias\/wp-json\/wp\/v2\/users\/1"}],"replies":[{"embeddable":true,"href":"https:\/\/candas365.es\/noticias\/wp-json\/wp\/v2\/comments?post=190414"}],"version-history":[{"count":0,"href":"https:\/\/candas365.es\/noticias\/wp-json\/wp\/v2\/posts\/190414\/revisions"}],"wp:featuredmedia":[{"embeddable":true,"href":"https:\/\/candas365.es\/noticias\/wp-json\/wp\/v2\/media\/190415"}],"wp:attachment":[{"href":"https:\/\/candas365.es\/noticias\/wp-json\/wp\/v2\/media?parent=190414"}],"wp:term":[{"taxonomy":"category","embeddable":true,"href":"https:\/\/candas365.es\/noticias\/wp-json\/wp\/v2\/categories?post=190414"},{"taxonomy":"post_tag","embeddable":true,"href":"https:\/\/candas365.es\/noticias\/wp-json\/wp\/v2\/tags?post=190414"}],"curies":[{"name":"wp","href":"https:\/\/api.w.org\/{rel}","templated":true}]}}