{"id":190393,"date":"2025-11-25T16:08:59","date_gmt":"2025-11-25T15:08:59","guid":{"rendered":"https:\/\/candas365.es\/noticias\/?p=190393"},"modified":"2025-11-25T16:08:59","modified_gmt":"2025-11-25T15:08:59","slug":"el-cementerio-de-nuna-dispondra-de-nuevos-nichos","status":"publish","type":"post","link":"https:\/\/candas365.es\/noticias\/el-cementerio-de-nuna-dispondra-de-nuevos-nichos\/","title":{"rendered":"El cementerio de Nu\u00f1a dispondr\u00e1 de nuevos nichos"},"content":{"rendered":"<p>El <a href=\"https:\/\/eldigitaldeasturias.com\/radio\/category\/concejos-asturias\/\" target=\"_blank\" rel=\"noopener\"><span style=\"color: #ff6600;\"><strong>cementerio de Nu\u00f1a<\/strong><\/span><\/a> dispondr\u00e1 de nuevos nichos gracias a una obra licitada por 75.036 euros para <strong>ampliar el camposanto con 80 unidades y mejorar accesos dentro del programa de obras cooperables.<\/strong><\/p>\n<figure id=\"attachment_190394\" aria-describedby=\"caption-attachment-190394\" style=\"width: 641px\" class=\"wp-caption aligncenter\"><img fetchpriority=\"high\" decoding=\"async\" class=\"size-large wp-image-190394\" src=\"https:\/\/candas365.es\/noticias\/wp-content\/uploads\/2025\/11\/El-cementerio-de-Nuna-dispondra-de-nuevos-nichos-641x480.jpg\" alt=\"El cementerio de Nu\u00f1a dispondr\u00e1 de nuevos nichos\" width=\"641\" height=\"480\" srcset=\"https:\/\/candas365.es\/noticias\/wp-content\/uploads\/2025\/11\/El-cementerio-de-Nuna-dispondra-de-nuevos-nichos-641x480.jpg 641w, https:\/\/candas365.es\/noticias\/wp-content\/uploads\/2025\/11\/El-cementerio-de-Nuna-dispondra-de-nuevos-nichos-360x269.jpg 360w, https:\/\/candas365.es\/noticias\/wp-content\/uploads\/2025\/11\/El-cementerio-de-Nuna-dispondra-de-nuevos-nichos-150x112.jpg 150w, https:\/\/candas365.es\/noticias\/wp-content\/uploads\/2025\/11\/El-cementerio-de-Nuna-dispondra-de-nuevos-nichos-450x337.jpg 450w, https:\/\/candas365.es\/noticias\/wp-content\/uploads\/2025\/11\/El-cementerio-de-Nuna-dispondra-de-nuevos-nichos.jpg 727w\" sizes=\"(max-width: 641px) 100vw, 641px\" \/><figcaption id=\"caption-attachment-190394\" class=\"wp-caption-text\">Foto: Prensa Principado de Asturias<\/figcaption><\/figure>\n<p>La Consejer\u00eda de Movilidad, Medio Ambiente y Gesti\u00f3n de Emergencias dl <a href=\"https:\/\/actualidad.asturias.es\/\" target=\"_blank\" rel=\"noopener\"><span style=\"color: #ff6600;\"><strong>Principado<\/strong><\/span><\/a> ha licitado por 75.036 euros la ampliaci\u00f3n del cementerio de Nu\u00f1a, en la parroquia de Cancienes, en el concejo de Corvera de Asturias. <strong>Las empresas tienen hasta el 4 de diciembre para presentar sus ofertas<\/strong>.<\/p>\n<p>El proyecto incluye la construcci\u00f3n de un nuevo bloque con 80 nichos en m\u00f3dulos prefabricados de hormig\u00f3n armado en la zona suroeste del cementerio, colindantes con la \u00faltima ampliaci\u00f3n ejecutada. En total se ejecutar\u00e1n 20 columnas en cuatro alturas. En la parte delantera de los pabellones de nichos se adecuar\u00e1 una acera de tres metros de ancho.<\/p>\n<h2>Programa de cooperaci\u00f3n municipal<\/h2>\n<p>La actuaci\u00f3n se enmarca en el <strong>programa de obras cooperables que el Principado desarrolla junto a los <a href=\"https:\/\/candas365.es\/noticias\/category\/noticias-carreno\/\"><span style=\"color: #ff6600;\">ayuntamientos<\/span><\/a><\/strong> para mejorar y conservar infraestructuras de competencia municipal en concejos con menos de 20.000 habitantes.<\/p>\n","protected":false},"excerpt":{"rendered":"<p>El cementerio de Nu\u00f1a dispondr\u00e1 de nuevos nichos gracias a una obra licitada por 75.036 euros para ampliar el camposanto con 80 unidades y mejorar accesos dentro del programa de obras cooperables. La Consejer\u00eda de Movilidad, Medio Ambiente y Gesti\u00f3n de Emergencias dl Principado ha licitado por 75.036 euros la ampliaci\u00f3n del cementerio de Nu\u00f1a,<\/p>\n","protected":false},"author":1,"featured_media":190394,"comment_status":"closed","ping_status":"closed","sticky":false,"template":"","format":"standard","meta":{"footnotes":""},"categories":[7],"tags":[380,540],"class_list":{"0":"post-190393","1":"post","2":"type-post","3":"status-publish","4":"format-standard","5":"has-post-thumbnail","7":"category-asturias","8":"tag-asturias","9":"tag-corvera"},"aioseo_notices":[],"aioseo_head":"\n\t\t<!-- All in One SEO Pro 4.9.6.2 - aioseo.com -->\n\t<meta name=\"description\" content=\"El cementerio de Nu\u00f1a dispondr\u00e1 de nuevos nichos gracias a una obra licitada por 75.036 euros para ampliar el camposanto con 80 unidades y mejorar accesos\" \/>\n\t<meta name=\"robots\" content=\"max-image-preview:large\" \/>\n\t<meta name=\"author\" content=\"Cand\u00e1s 365\"\/>\n\t<meta name=\"google-site-verification\" content=\"UA-32230408-1\" \/>\n\t<meta name=\"msvalidate.01\" content=\"354F3CDFB2DA171B47FBE9ABF1F88D5\" \/>\n\t<meta name=\"keywords\" content=\"asturias\" \/>\n\t<link rel=\"canonical\" href=\"https:\/\/candas365.es\/noticias\/el-cementerio-de-nuna-dispondra-de-nuevos-nichos\/\" \/>\n\t<meta name=\"generator\" content=\"All in One SEO Pro (AIOSEO) 4.9.6.2\" \/>\n\t\t<meta property=\"og:locale\" content=\"es_ES\" \/>\n\t\t<meta property=\"og:site_name\" content=\"Cand\u00e1s 365\" \/>\n\t\t<meta property=\"og:type\" content=\"article\" \/>\n\t\t<meta property=\"og:title\" content=\"El cementerio de Nu\u00f1a dispondr\u00e1 de nuevos nichos | Cand\u00e1s 365\" \/>\n\t\t<meta property=\"og:description\" content=\"El cementerio de Nu\u00f1a dispondr\u00e1 de nuevos nichos gracias a una obra licitada por 75.036 euros para ampliar el camposanto con 80 unidades y mejorar accesos\" \/>\n\t\t<meta property=\"og:url\" content=\"https:\/\/candas365.es\/noticias\/el-cementerio-de-nuna-dispondra-de-nuevos-nichos\/\" \/>\n\t\t<meta property=\"og:image\" content=\"https:\/\/candas365.es\/noticias\/wp-content\/uploads\/2025\/11\/El-cementerio-de-Nuna-dispondra-de-nuevos-nichos.jpg\" \/>\n\t\t<meta property=\"og:image:secure_url\" content=\"https:\/\/candas365.es\/noticias\/wp-content\/uploads\/2025\/11\/El-cementerio-de-Nuna-dispondra-de-nuevos-nichos.jpg\" \/>\n\t\t<meta property=\"og:image:width\" content=\"727\" \/>\n\t\t<meta property=\"og:image:height\" content=\"544\" \/>\n\t\t<meta property=\"article:published_time\" content=\"2025-11-25T15:08:59+00:00\" \/>\n\t\t<meta property=\"article:modified_time\" content=\"2025-11-25T15:08:59+00:00\" \/>\n\t\t<meta property=\"article:publisher\" content=\"https:\/\/www.facebook.com\/Nachofdezber\" \/>\n\t\t<meta property=\"article:author\" content=\"https:\/\/www.facebook.com\/carrenoactualidad\" \/>\n\t\t<meta name=\"twitter:card\" content=\"summary_large_image\" \/>\n\t\t<meta name=\"twitter:site\" content=\"@NabercoDigital\" \/>\n\t\t<meta name=\"twitter:title\" content=\"El cementerio de Nu\u00f1a dispondr\u00e1 de nuevos nichos | Cand\u00e1s 365\" \/>\n\t\t<meta name=\"twitter:description\" content=\"El cementerio de Nu\u00f1a dispondr\u00e1 de nuevos nichos gracias a una obra licitada por 75.036 euros para ampliar el camposanto con 80 unidades y mejorar accesos\" \/>\n\t\t<meta name=\"twitter:creator\" content=\"@nbasturias\" \/>\n\t\t<meta name=\"twitter:image\" content=\"https:\/\/candas365.es\/noticias\/wp-content\/uploads\/2025\/11\/El-cementerio-de-Nuna-dispondra-de-nuevos-nichos.jpg\" \/>\n\t\t<meta name=\"twitter:label1\" content=\"Escrito por\" \/>\n\t\t<meta name=\"twitter:data1\" content=\"Cand\u00e1s 365\" \/>\n\t\t<meta name=\"twitter:label2\" content=\"Tiempo de lectura estimado\" \/>\n\t\t<meta name=\"twitter:data2\" content=\"1 minuto\" \/>\n\t\t<script type=\"application\/ld+json\" class=\"aioseo-schema\">\n\t\t\t{\"@context\":\"https:\\\/\\\/schema.org\",\"@graph\":[{\"@type\":\"BreadcrumbList\",\"@id\":\"https:\\\/\\\/candas365.es\\\/noticias\\\/el-cementerio-de-nuna-dispondra-de-nuevos-nichos\\\/#breadcrumblist\",\"itemListElement\":[{\"@type\":\"ListItem\",\"@id\":\"https:\\\/\\\/candas365.es\\\/noticias#listItem\",\"position\":1,\"name\":\"Home\",\"item\":\"https:\\\/\\\/candas365.es\\\/noticias\",\"nextItem\":{\"@type\":\"ListItem\",\"@id\":\"https:\\\/\\\/candas365.es\\\/noticias\\\/category\\\/asturias\\\/#listItem\",\"name\":\"Asturias\"}},{\"@type\":\"ListItem\",\"@id\":\"https:\\\/\\\/candas365.es\\\/noticias\\\/category\\\/asturias\\\/#listItem\",\"position\":2,\"name\":\"Asturias\",\"item\":\"https:\\\/\\\/candas365.es\\\/noticias\\\/category\\\/asturias\\\/\",\"nextItem\":{\"@type\":\"ListItem\",\"@id\":\"https:\\\/\\\/candas365.es\\\/noticias\\\/el-cementerio-de-nuna-dispondra-de-nuevos-nichos\\\/#listItem\",\"name\":\"El cementerio de Nu\\u00f1a dispondr\\u00e1 de nuevos nichos\"},\"previousItem\":{\"@type\":\"ListItem\",\"@id\":\"https:\\\/\\\/candas365.es\\\/noticias#listItem\",\"name\":\"Home\"}},{\"@type\":\"ListItem\",\"@id\":\"https:\\\/\\\/candas365.es\\\/noticias\\\/el-cementerio-de-nuna-dispondra-de-nuevos-nichos\\\/#listItem\",\"position\":3,\"name\":\"El cementerio de Nu\\u00f1a dispondr\\u00e1 de nuevos nichos\",\"previousItem\":{\"@type\":\"ListItem\",\"@id\":\"https:\\\/\\\/candas365.es\\\/noticias\\\/category\\\/asturias\\\/#listItem\",\"name\":\"Asturias\"}}]},{\"@type\":\"NewsArticle\",\"@id\":\"https:\\\/\\\/candas365.es\\\/noticias\\\/el-cementerio-de-nuna-dispondra-de-nuevos-nichos\\\/#newsarticle\",\"name\":\"El cementerio de Nu\\u00f1a dispondr\\u00e1 de nuevos nichos | Cand\\u00e1s 365\",\"headline\":\"El cementerio de Nu\\u00f1a dispondr\\u00e1 de nuevos nichos\",\"author\":{\"@id\":\"https:\\\/\\\/candas365.es\\\/noticias\\\/author\\\/admin\\\/#author\"},\"publisher\":{\"@id\":\"https:\\\/\\\/candas365.es\\\/noticias\\\/#organization\"},\"image\":{\"@type\":\"ImageObject\",\"url\":\"https:\\\/\\\/candas365.es\\\/noticias\\\/wp-content\\\/uploads\\\/2025\\\/11\\\/El-cementerio-de-Nuna-dispondra-de-nuevos-nichos.jpg\",\"width\":727,\"height\":544,\"caption\":\"Foto: Prensa Principado de Asturias\"},\"datePublished\":\"2025-11-25T16:08:59+01:00\",\"dateModified\":\"2025-11-25T16:08:59+01:00\",\"inLanguage\":\"es-ES\",\"mainEntityOfPage\":{\"@id\":\"https:\\\/\\\/candas365.es\\\/noticias\\\/el-cementerio-de-nuna-dispondra-de-nuevos-nichos\\\/#webpage\"},\"isPartOf\":{\"@id\":\"https:\\\/\\\/candas365.es\\\/noticias\\\/el-cementerio-de-nuna-dispondra-de-nuevos-nichos\\\/#webpage\"},\"articleSection\":\"Asturias, Asturias, Corvera\",\"dateline\":\"Publicado el noviembre 25, 2025.\"},{\"@type\":\"Organization\",\"@id\":\"https:\\\/\\\/candas365.es\\\/noticias\\\/#organization\",\"name\":\"Cand\\u00e1s 365\",\"description\":\"Cand\\u00e1s 365 es un diario digital independiente, fundado en 2012, con base en Asturias. Informamos con rigor sobre actualidad, sociedad, cultura y ocio, con una mirada local y global.\",\"url\":\"https:\\\/\\\/candas365.es\\\/noticias\\\/\",\"email\":\"info@candas365.es\",\"telephone\":\"+34652131393\",\"foundingDate\":\"2012-06-10\",\"logo\":{\"@type\":\"ImageObject\",\"url\":\"https:\\\/\\\/candas365.es\\\/noticias\\\/wp-content\\\/uploads\\\/2024\\\/09\\\/Candas-365-Redes.jpg\",\"@id\":\"https:\\\/\\\/candas365.es\\\/noticias\\\/el-cementerio-de-nuna-dispondra-de-nuevos-nichos\\\/#organizationLogo\",\"width\":1152,\"height\":864,\"caption\":\"Cand\\u00e1s 365 Redes\"},\"image\":{\"@id\":\"https:\\\/\\\/candas365.es\\\/noticias\\\/el-cementerio-de-nuna-dispondra-de-nuevos-nichos\\\/#organizationLogo\"},\"sameAs\":[\"https:\\\/\\\/www.facebook.com\\\/Nachofdezber\",\"https:\\\/\\\/x.com\\\/NabercoDigital\",\"https:\\\/\\\/www.instagram.com\\\/nachofdezber\\\/\",\"https:\\\/\\\/www.youtube.com\\\/channel\\\/UCZP-2wLEB9Rv6erhFmqVnvg\"],\"address\":{\"@id\":\"https:\\\/\\\/candas365.es\\\/noticias\\\/#postaladdress\",\"@type\":\"PostalAddress\",\"streetAddress\":\"san antonio 4, san antonio 4\",\"postalCode\":\"33430\",\"addressLocality\":\"Cand\\u00e1s\",\"addressRegion\":\"Asturias\",\"addressCountry\":\"ES\"}},{\"@type\":\"Person\",\"@id\":\"https:\\\/\\\/candas365.es\\\/noticias\\\/author\\\/admin\\\/#author\",\"url\":\"https:\\\/\\\/candas365.es\\\/noticias\\\/author\\\/admin\\\/\",\"name\":\"Cand\\u00e1s 365\",\"image\":{\"@type\":\"ImageObject\",\"@id\":\"https:\\\/\\\/candas365.es\\\/noticias\\\/el-cementerio-de-nuna-dispondra-de-nuevos-nichos\\\/#authorImage\",\"url\":\"https:\\\/\\\/secure.gravatar.com\\\/avatar\\\/496a8e03d0c493ede1718b7934145dbdf8d89be1036b0eec9544e1094c9de390?s=96&d=mm&r=g\",\"width\":96,\"height\":96,\"caption\":\"Cand\\u00e1s 365\"},\"sameAs\":[\"https:\\\/\\\/www.facebook.com\\\/carrenoactualidad\",\"https:\\\/\\\/twitter.com\\\/nbasturias\",\"https:\\\/\\\/www.instagram.com\\\/nachofdezber\\\/\",\"https:\\\/\\\/www.youtube.com\\\/channel\\\/UCZP-2wLEB9Rv6erhFmqVnvg\"]},{\"@type\":\"WebPage\",\"@id\":\"https:\\\/\\\/candas365.es\\\/noticias\\\/el-cementerio-de-nuna-dispondra-de-nuevos-nichos\\\/#webpage\",\"url\":\"https:\\\/\\\/candas365.es\\\/noticias\\\/el-cementerio-de-nuna-dispondra-de-nuevos-nichos\\\/\",\"name\":\"El cementerio de Nu\\u00f1a dispondr\\u00e1 de nuevos nichos | Cand\\u00e1s 365\",\"description\":\"El cementerio de Nu\\u00f1a dispondr\\u00e1 de nuevos nichos gracias a una obra licitada por 75.036 euros para ampliar el camposanto con 80 unidades y mejorar accesos\",\"inLanguage\":\"es-ES\",\"isPartOf\":{\"@id\":\"https:\\\/\\\/candas365.es\\\/noticias\\\/#website\"},\"breadcrumb\":{\"@id\":\"https:\\\/\\\/candas365.es\\\/noticias\\\/el-cementerio-de-nuna-dispondra-de-nuevos-nichos\\\/#breadcrumblist\"},\"author\":{\"@id\":\"https:\\\/\\\/candas365.es\\\/noticias\\\/author\\\/admin\\\/#author\"},\"creator\":{\"@id\":\"https:\\\/\\\/candas365.es\\\/noticias\\\/author\\\/admin\\\/#author\"},\"image\":{\"@type\":\"ImageObject\",\"url\":\"https:\\\/\\\/candas365.es\\\/noticias\\\/wp-content\\\/uploads\\\/2025\\\/11\\\/El-cementerio-de-Nuna-dispondra-de-nuevos-nichos.jpg\",\"@id\":\"https:\\\/\\\/candas365.es\\\/noticias\\\/el-cementerio-de-nuna-dispondra-de-nuevos-nichos\\\/#mainImage\",\"width\":727,\"height\":544,\"caption\":\"Foto: Prensa Principado de Asturias\"},\"primaryImageOfPage\":{\"@id\":\"https:\\\/\\\/candas365.es\\\/noticias\\\/el-cementerio-de-nuna-dispondra-de-nuevos-nichos\\\/#mainImage\"},\"datePublished\":\"2025-11-25T16:08:59+01:00\",\"dateModified\":\"2025-11-25T16:08:59+01:00\"},{\"@type\":\"WebSite\",\"@id\":\"https:\\\/\\\/candas365.es\\\/noticias\\\/#website\",\"url\":\"https:\\\/\\\/candas365.es\\\/noticias\\\/\",\"name\":\"Cand\\u00e1s 365\",\"alternateName\":\"Cand\\u00e1s 365 Noticias\",\"description\":\"Actualidad desde Carre\\u00f1o para el mundo\",\"inLanguage\":\"es-ES\",\"publisher\":{\"@id\":\"https:\\\/\\\/candas365.es\\\/noticias\\\/#organization\"}}]}\n\t\t<\/script>\n\t\t<!-- All in One SEO Pro -->\r\n\t\t<title>El cementerio de Nu\u00f1a dispondr\u00e1 de nuevos nichos | Cand\u00e1s 365<\/title>\n\n","aioseo_head_json":{"title":"El cementerio de Nu\u00f1a dispondr\u00e1 de nuevos nichos | Cand\u00e1s 365","description":"El cementerio de Nu\u00f1a dispondr\u00e1 de nuevos nichos gracias a una obra licitada por 75.036 euros para ampliar el camposanto con 80 unidades y mejorar accesos","canonical_url":"https:\/\/candas365.es\/noticias\/el-cementerio-de-nuna-dispondra-de-nuevos-nichos\/","robots":"max-image-preview:large","keywords":"asturias","webmasterTools":{"google-site-verification":"UA-32230408-1","msvalidate.01":"354F3CDFB2DA171B47FBE9ABF1F88D5","miscellaneous":""},"schema":{"@context":"https:\/\/schema.org","@graph":[{"@type":"BreadcrumbList","@id":"https:\/\/candas365.es\/noticias\/el-cementerio-de-nuna-dispondra-de-nuevos-nichos\/#breadcrumblist","itemListElement":[{"@type":"ListItem","@id":"https:\/\/candas365.es\/noticias#listItem","position":1,"name":"Home","item":"https:\/\/candas365.es\/noticias","nextItem":{"@type":"ListItem","@id":"https:\/\/candas365.es\/noticias\/category\/asturias\/#listItem","name":"Asturias"}},{"@type":"ListItem","@id":"https:\/\/candas365.es\/noticias\/category\/asturias\/#listItem","position":2,"name":"Asturias","item":"https:\/\/candas365.es\/noticias\/category\/asturias\/","nextItem":{"@type":"ListItem","@id":"https:\/\/candas365.es\/noticias\/el-cementerio-de-nuna-dispondra-de-nuevos-nichos\/#listItem","name":"El cementerio de Nu\u00f1a dispondr\u00e1 de nuevos nichos"},"previousItem":{"@type":"ListItem","@id":"https:\/\/candas365.es\/noticias#listItem","name":"Home"}},{"@type":"ListItem","@id":"https:\/\/candas365.es\/noticias\/el-cementerio-de-nuna-dispondra-de-nuevos-nichos\/#listItem","position":3,"name":"El cementerio de Nu\u00f1a dispondr\u00e1 de nuevos nichos","previousItem":{"@type":"ListItem","@id":"https:\/\/candas365.es\/noticias\/category\/asturias\/#listItem","name":"Asturias"}}]},{"@type":"NewsArticle","@id":"https:\/\/candas365.es\/noticias\/el-cementerio-de-nuna-dispondra-de-nuevos-nichos\/#newsarticle","name":"El cementerio de Nu\u00f1a dispondr\u00e1 de nuevos nichos | Cand\u00e1s 365","headline":"El cementerio de Nu\u00f1a dispondr\u00e1 de nuevos nichos","author":{"@id":"https:\/\/candas365.es\/noticias\/author\/admin\/#author"},"publisher":{"@id":"https:\/\/candas365.es\/noticias\/#organization"},"image":{"@type":"ImageObject","url":"https:\/\/candas365.es\/noticias\/wp-content\/uploads\/2025\/11\/El-cementerio-de-Nuna-dispondra-de-nuevos-nichos.jpg","width":727,"height":544,"caption":"Foto: Prensa Principado de Asturias"},"datePublished":"2025-11-25T16:08:59+01:00","dateModified":"2025-11-25T16:08:59+01:00","inLanguage":"es-ES","mainEntityOfPage":{"@id":"https:\/\/candas365.es\/noticias\/el-cementerio-de-nuna-dispondra-de-nuevos-nichos\/#webpage"},"isPartOf":{"@id":"https:\/\/candas365.es\/noticias\/el-cementerio-de-nuna-dispondra-de-nuevos-nichos\/#webpage"},"articleSection":"Asturias, Asturias, Corvera","dateline":"Publicado el noviembre 25, 2025."},{"@type":"Organization","@id":"https:\/\/candas365.es\/noticias\/#organization","name":"Cand\u00e1s 365","description":"Cand\u00e1s 365 es un diario digital independiente, fundado en 2012, con base en Asturias. Informamos con rigor sobre actualidad, sociedad, cultura y ocio, con una mirada local y global.","url":"https:\/\/candas365.es\/noticias\/","email":"info@candas365.es","telephone":"+34652131393","foundingDate":"2012-06-10","logo":{"@type":"ImageObject","url":"https:\/\/candas365.es\/noticias\/wp-content\/uploads\/2024\/09\/Candas-365-Redes.jpg","@id":"https:\/\/candas365.es\/noticias\/el-cementerio-de-nuna-dispondra-de-nuevos-nichos\/#organizationLogo","width":1152,"height":864,"caption":"Cand\u00e1s 365 Redes"},"image":{"@id":"https:\/\/candas365.es\/noticias\/el-cementerio-de-nuna-dispondra-de-nuevos-nichos\/#organizationLogo"},"sameAs":["https:\/\/www.facebook.com\/Nachofdezber","https:\/\/x.com\/NabercoDigital","https:\/\/www.instagram.com\/nachofdezber\/","https:\/\/www.youtube.com\/channel\/UCZP-2wLEB9Rv6erhFmqVnvg"],"address":{"@id":"https:\/\/candas365.es\/noticias\/#postaladdress","@type":"PostalAddress","streetAddress":"san antonio 4, san antonio 4","postalCode":"33430","addressLocality":"Cand\u00e1s","addressRegion":"Asturias","addressCountry":"ES"}},{"@type":"Person","@id":"https:\/\/candas365.es\/noticias\/author\/admin\/#author","url":"https:\/\/candas365.es\/noticias\/author\/admin\/","name":"Cand\u00e1s 365","image":{"@type":"ImageObject","@id":"https:\/\/candas365.es\/noticias\/el-cementerio-de-nuna-dispondra-de-nuevos-nichos\/#authorImage","url":"https:\/\/secure.gravatar.com\/avatar\/496a8e03d0c493ede1718b7934145dbdf8d89be1036b0eec9544e1094c9de390?s=96&d=mm&r=g","width":96,"height":96,"caption":"Cand\u00e1s 365"},"sameAs":["https:\/\/www.facebook.com\/carrenoactualidad","https:\/\/twitter.com\/nbasturias","https:\/\/www.instagram.com\/nachofdezber\/","https:\/\/www.youtube.com\/channel\/UCZP-2wLEB9Rv6erhFmqVnvg"]},{"@type":"WebPage","@id":"https:\/\/candas365.es\/noticias\/el-cementerio-de-nuna-dispondra-de-nuevos-nichos\/#webpage","url":"https:\/\/candas365.es\/noticias\/el-cementerio-de-nuna-dispondra-de-nuevos-nichos\/","name":"El cementerio de Nu\u00f1a dispondr\u00e1 de nuevos nichos | Cand\u00e1s 365","description":"El cementerio de Nu\u00f1a dispondr\u00e1 de nuevos nichos gracias a una obra licitada por 75.036 euros para ampliar el camposanto con 80 unidades y mejorar accesos","inLanguage":"es-ES","isPartOf":{"@id":"https:\/\/candas365.es\/noticias\/#website"},"breadcrumb":{"@id":"https:\/\/candas365.es\/noticias\/el-cementerio-de-nuna-dispondra-de-nuevos-nichos\/#breadcrumblist"},"author":{"@id":"https:\/\/candas365.es\/noticias\/author\/admin\/#author"},"creator":{"@id":"https:\/\/candas365.es\/noticias\/author\/admin\/#author"},"image":{"@type":"ImageObject","url":"https:\/\/candas365.es\/noticias\/wp-content\/uploads\/2025\/11\/El-cementerio-de-Nuna-dispondra-de-nuevos-nichos.jpg","@id":"https:\/\/candas365.es\/noticias\/el-cementerio-de-nuna-dispondra-de-nuevos-nichos\/#mainImage","width":727,"height":544,"caption":"Foto: Prensa Principado de Asturias"},"primaryImageOfPage":{"@id":"https:\/\/candas365.es\/noticias\/el-cementerio-de-nuna-dispondra-de-nuevos-nichos\/#mainImage"},"datePublished":"2025-11-25T16:08:59+01:00","dateModified":"2025-11-25T16:08:59+01:00"},{"@type":"WebSite","@id":"https:\/\/candas365.es\/noticias\/#website","url":"https:\/\/candas365.es\/noticias\/","name":"Cand\u00e1s 365","alternateName":"Cand\u00e1s 365 Noticias","description":"Actualidad desde Carre\u00f1o para el mundo","inLanguage":"es-ES","publisher":{"@id":"https:\/\/candas365.es\/noticias\/#organization"}}]},"og:locale":"es_ES","og:site_name":"Cand\u00e1s 365","og:type":"article","og:title":"El cementerio de Nu\u00f1a dispondr\u00e1 de nuevos nichos | Cand\u00e1s 365","og:description":"El cementerio de Nu\u00f1a dispondr\u00e1 de nuevos nichos gracias a una obra licitada por 75.036 euros para ampliar el camposanto con 80 unidades y mejorar accesos","og:url":"https:\/\/candas365.es\/noticias\/el-cementerio-de-nuna-dispondra-de-nuevos-nichos\/","og:image":"https:\/\/candas365.es\/noticias\/wp-content\/uploads\/2025\/11\/El-cementerio-de-Nuna-dispondra-de-nuevos-nichos.jpg","og:image:secure_url":"https:\/\/candas365.es\/noticias\/wp-content\/uploads\/2025\/11\/El-cementerio-de-Nuna-dispondra-de-nuevos-nichos.jpg","og:image:width":727,"og:image:height":544,"article:published_time":"2025-11-25T15:08:59+00:00","article:modified_time":"2025-11-25T15:08:59+00:00","article:publisher":"https:\/\/www.facebook.com\/Nachofdezber","article:author":"https:\/\/www.facebook.com\/carrenoactualidad","twitter:card":"summary_large_image","twitter:site":"@NabercoDigital","twitter:title":"El cementerio de Nu\u00f1a dispondr\u00e1 de nuevos nichos | Cand\u00e1s 365","twitter:description":"El cementerio de Nu\u00f1a dispondr\u00e1 de nuevos nichos gracias a una obra licitada por 75.036 euros para ampliar el camposanto con 80 unidades y mejorar accesos","twitter:creator":"@nbasturias","twitter:image":"https:\/\/candas365.es\/noticias\/wp-content\/uploads\/2025\/11\/El-cementerio-de-Nuna-dispondra-de-nuevos-nichos.jpg","twitter:label1":"Escrito por","twitter:data1":"Cand\u00e1s 365","twitter:label2":"Tiempo de lectura estimado","twitter:data2":"1 minuto"},"aioseo_meta_data":{"post_id":"190393","title":null,"description":"El cementerio de Nu\u00f1a dispondr\u00e1 de nuevos nichos gracias a una obra licitada por 75.036 euros para ampliar el camposanto con 80 unidades y mejorar accesos","keywords":null,"keyphrases":{"focus":{"keyphrase":"cementerio de Nu\u00f1a","score":91,"analysis":{"keyphraseInTitle":{"score":9,"maxScore":9,"error":0},"keyphraseInDescription":{"score":9,"maxScore":9,"error":0},"keyphraseLength":{"score":9,"maxScore":9,"error":0,"length":4},"keyphraseInURL":{"score":5,"maxScore":5,"error":0},"keyphraseInIntroduction":{"score":9,"maxScore":9,"error":0},"keyphraseInSubHeadings":{"score":3,"maxScore":9,"error":1},"keyphraseInImageAlt":{"score":9,"maxScore":9,"error":0},"keywordDensity":{"type":"best","score":9,"maxScore":9,"error":0}}},"additional":[{"keyphrase":"cementerio de Nu\u00f1a","score":100,"analysis":{"keyphraseInDescription":{"score":9,"maxScore":9,"error":0},"keyphraseLength":{"score":9,"maxScore":9,"error":0,"length":4},"keyphraseInIntroduction":{"score":9,"maxScore":9,"error":0},"keyphraseInImageAlt":{"score":9,"maxScore":9,"error":0},"keywordDensity":{"type":"best","score":9,"maxScore":9,"error":0}}}]},"primary_term":null,"canonical_url":null,"og_title":null,"og_description":null,"og_object_type":"default","og_image_type":"default","og_image_url":null,"og_image_width":null,"og_image_height":null,"og_image_custom_url":null,"og_image_custom_fields":null,"og_video":"","og_custom_url":null,"og_article_section":null,"og_article_tags":null,"twitter_use_og":false,"twitter_card":"default","twitter_image_type":"default","twitter_image_url":null,"twitter_image_custom_url":null,"twitter_image_custom_fields":null,"twitter_title":null,"twitter_description":null,"schema":{"blockGraphs":[],"customGraphs":[],"default":{"data":{"Article":[],"Course":[],"Dataset":[],"FAQPage":[],"Movie":[],"Person":[],"Product":[],"ProductReview":[],"Car":[],"Recipe":[],"Service":[],"SoftwareApplication":[],"WebPage":[]},"graphName":"Article","isEnabled":true},"graphs":[]},"schema_type":"default","schema_type_options":null,"pillar_content":false,"robots_default":true,"robots_noindex":false,"robots_noarchive":false,"robots_nosnippet":false,"robots_nofollow":false,"robots_noimageindex":false,"robots_noodp":false,"robots_notranslate":false,"robots_max_snippet":"-1","robots_max_videopreview":"-1","robots_max_imagepreview":"large","priority":null,"frequency":"default","location":null,"local_seo":null,"seo_analyzer_scan_date":"2025-11-25 15:12:12","breadcrumb_settings":null,"limit_modified_date":false,"reviewed_by":null,"open_ai":null,"ai":{"faqs":[],"keyPoints":[],"titles":[],"descriptions":[],"socialPosts":{"email":[],"linkedin":[],"twitter":[],"facebook":[],"instagram":[]}},"created":"2025-11-25 15:02:36","updated":"2025-11-25 15:12:16"},"aioseo_breadcrumb":"<div class=\"aioseo-breadcrumbs\"><span class=\"aioseo-breadcrumb\">\n\t<a href=\"https:\/\/candas365.es\/noticias\" title=\"Home\">Home<\/a>\n<\/span><span class=\"aioseo-breadcrumb-separator\">&ndash;<\/span><span class=\"aioseo-breadcrumb\">\n\t<a href=\"https:\/\/candas365.es\/noticias\/category\/asturias\/\" title=\"Asturias\">Asturias<\/a>\n<\/span><span class=\"aioseo-breadcrumb-separator\">&ndash;<\/span><span class=\"aioseo-breadcrumb\">\n\tEl cementerio de Nu\u00f1a dispondr\u00e1 de nuevos nichos\n<\/span><\/div>","aioseo_breadcrumb_json":[{"label":"Home","link":"https:\/\/candas365.es\/noticias"},{"label":"Asturias","link":"https:\/\/candas365.es\/noticias\/category\/asturias\/"},{"label":"El cementerio de Nu\u00f1a dispondr\u00e1 de nuevos nichos","link":"https:\/\/candas365.es\/noticias\/el-cementerio-de-nuna-dispondra-de-nuevos-nichos\/"}],"_links":{"self":[{"href":"https:\/\/candas365.es\/noticias\/wp-json\/wp\/v2\/posts\/190393","targetHints":{"allow":["GET"]}}],"collection":[{"href":"https:\/\/candas365.es\/noticias\/wp-json\/wp\/v2\/posts"}],"about":[{"href":"https:\/\/candas365.es\/noticias\/wp-json\/wp\/v2\/types\/post"}],"author":[{"embeddable":true,"href":"https:\/\/candas365.es\/noticias\/wp-json\/wp\/v2\/users\/1"}],"replies":[{"embeddable":true,"href":"https:\/\/candas365.es\/noticias\/wp-json\/wp\/v2\/comments?post=190393"}],"version-history":[{"count":0,"href":"https:\/\/candas365.es\/noticias\/wp-json\/wp\/v2\/posts\/190393\/revisions"}],"wp:featuredmedia":[{"embeddable":true,"href":"https:\/\/candas365.es\/noticias\/wp-json\/wp\/v2\/media\/190394"}],"wp:attachment":[{"href":"https:\/\/candas365.es\/noticias\/wp-json\/wp\/v2\/media?parent=190393"}],"wp:term":[{"taxonomy":"category","embeddable":true,"href":"https:\/\/candas365.es\/noticias\/wp-json\/wp\/v2\/categories?post=190393"},{"taxonomy":"post_tag","embeddable":true,"href":"https:\/\/candas365.es\/noticias\/wp-json\/wp\/v2\/tags?post=190393"}],"curies":[{"name":"wp","href":"https:\/\/api.w.org\/{rel}","templated":true}]}}