{"id":190362,"date":"2025-11-22T21:20:19","date_gmt":"2025-11-22T20:20:19","guid":{"rendered":"https:\/\/candas365.es\/noticias\/?p=190362"},"modified":"2025-11-22T21:20:19","modified_gmt":"2025-11-22T20:20:19","slug":"merz-los-miembros-del-g20-deben-asumir-sus-responsabilidades","status":"publish","type":"post","link":"https:\/\/candas365.es\/noticias\/merz-los-miembros-del-g20-deben-asumir-sus-responsabilidades\/","title":{"rendered":"Merz: \u00abLos miembros del G20 deben asumir sus responsabilidades\u00bb"},"content":{"rendered":"<p>Johannesburgo (Sud\u00e1frica), 22 nov (<a href=\"https:\/\/www.dpa-news.de\/\" target=\"_blank\" rel=\"noopener\"><span style=\"color: #ff6600;\"><strong>dpa<\/strong><\/span><\/a>) \u2013 El canciller alem\u00e1n, Friedrich Merz, enfatiz\u00f3 en el marco de la cumbre del G20 en Sud\u00e1frica que no se puede poner fin a la <span style=\"color: #ff6600;\"><a style=\"color: #ff6600;\" href=\"https:\/\/candas365.es\/noticias\/category\/internacional\/\"><strong>guerra en Ucrania<\/strong><\/a><\/span> sin el consentimiento adicional de Europa, adem\u00e1s del del pa\u00eds atacado.<\/p>\n<figure id=\"attachment_190363\" aria-describedby=\"caption-attachment-190363\" style=\"width: 650px\" class=\"wp-caption aligncenter\"><img fetchpriority=\"high\" decoding=\"async\" class=\"size-large wp-image-190363\" src=\"https:\/\/candas365.es\/noticias\/wp-content\/uploads\/2025\/11\/Merz-G20-650x426.jpg\" alt=\"Merz G20\" width=\"650\" height=\"426\" srcset=\"https:\/\/candas365.es\/noticias\/wp-content\/uploads\/2025\/11\/Merz-G20-650x426.jpg 650w, https:\/\/candas365.es\/noticias\/wp-content\/uploads\/2025\/11\/Merz-G20-360x236.jpg 360w, https:\/\/candas365.es\/noticias\/wp-content\/uploads\/2025\/11\/Merz-G20-768x504.jpg 768w, https:\/\/candas365.es\/noticias\/wp-content\/uploads\/2025\/11\/Merz-G20-150x98.jpg 150w, https:\/\/candas365.es\/noticias\/wp-content\/uploads\/2025\/11\/Merz-G20-450x295.jpg 450w, https:\/\/candas365.es\/noticias\/wp-content\/uploads\/2025\/11\/Merz-G20.jpg 1038w\" sizes=\"(max-width: 650px) 100vw, 650px\" \/><figcaption id=\"caption-attachment-190363\" class=\"wp-caption-text\">Foto: Michael Kappeler\/dpa-Pool\/dpa<\/figcaption><\/figure>\n<p>El consentimiento europeo tambi\u00e9n es necesario, afirm\u00f3 Merz. \u00abSi Ucrania perdiera esta guerra y posiblemente colapsara, eso tendr\u00eda repercusiones en toda la pol\u00edtica europea, en todo el continente europeo\u00bb, declar\u00f3.<\/p>\n<p>El canciller germano tambi\u00e9n afirm\u00f3, sin embargo, que actualmente existe la posibilidad de poner fin a la guerra. Pero un resultado positivo \u00aba\u00fan est\u00e1 muy lejos\u00bb. Lo dej\u00f3 claro durante su conversaci\u00f3n telef\u00f3nica con el presidente estadounidense Donald Trump el viernes por la noche, afirm\u00f3 Merz.<\/p>\n<p>Tambi\u00e9n record\u00f3 a Trump c\u00f3mo Mosc\u00fa hab\u00eda gestionado el Memor\u00e1ndum de Budapest de 1994. En aquel momento, dijo, Rusia ya hab\u00eda hecho una promesa a Ucrania, a cambio de la cual, entre otras cosas, Ucrania renunci\u00f3 a sus armas nucleares.<\/p>\n<p>A cambio, a\u00f1adi\u00f3, Ucrania recibi\u00f3 la promesa de Rusia de respetar permanentemente su integridad territorial, algo que Mosc\u00fa no ha cumplido. Por lo tanto, reclam\u00f3, ahora deben ofrecerse otras garant\u00edas de seguridad m\u00e1s fiables.<\/p>\n<p>Asimismo, Merz inst\u00f3 hoy una vez m\u00e1s a Rusia a poner fin a su guerra de agresi\u00f3n contra Ucrania: \u00abRusia ha desatado una guerra de agresi\u00f3n ilegal. Ahora Rusia debe poner fin a esta agresi\u00f3n, que ha causado un terrible sufrimiento humano a Europa\u00bb.<\/p>\n<p>Rusia tambi\u00e9n tiene la responsabilidad de poner fin al enorme impacto de la guerra en la econom\u00eda mundial, agreg\u00f3 Merz. Todos los dem\u00e1s miembros del G20 tambi\u00e9n deben asumir sus responsabilidades, no solo por intereses econ\u00f3micos: \u00abSe lo debemos a todos los pueblos del mundo; este es el mayor desaf\u00edo para el G20\u00bb.<\/p>\n<p>Adem\u00e1s, sobre el plan de paz propuesto por Estados Unidos, que impone renuncias territoriales a Ucrania, la limitaci\u00f3n de efectivos de sus Fuerzas Armadas as\u00ed como incluir en su carta constitucional el no ingreso en la OTAN, Merz dijo: \u00abLas grandes potencias no pueden poner fin a las guerras ignorando a los pa\u00edses involucrados\u00bb.<\/p>\n<blockquote><p>\u00abEl fin de la guerra solo puede ocurrir, por supuesto, con el consentimiento inequ\u00edvoco de Ucrania\u00bb, agreg\u00f3.<\/p><\/blockquote>\n<p>Merz considera la cumbre del G20 importante a pesar de la ausencia de diversos mandatarios en Johannesburgo, el centro econ\u00f3mico y financiero de Sud\u00e1frica.<\/p>\n<p>Rusia est\u00e1 representada \u00fanicamente por el subjefe de la Administraci\u00f3n Presidencial, Maxim Oreshkin. Varios otros pa\u00edses, como China y Estados Unidos, tampoco participan al m\u00e1s alto nivel. Los estadounidenses boicotean la reuni\u00f3n por completo.<\/p>\n<p>En sus declaraciones, Merz dej\u00f3 claro que a\u00fan considera importante el formato del G20. \u00abEsta alianza se fund\u00f3 en tiempos de crisis\u00bb, declar\u00f3, seg\u00fan se informa. \u00abHa demostrado su eficacia. Hoy, nos enfrentamos de nuevo a crisis, guerras y problemas econ\u00f3micos\u00bb, a\u00f1adi\u00f3.<\/p>\n<p>El G20 agrupa a 19 pa\u00edses, a la Uni\u00f3n Europea (UE) y a la Uni\u00f3n Africana (UA).<\/p>\n","protected":false},"excerpt":{"rendered":"<p>Johannesburgo (Sud\u00e1frica), 22 nov (dpa) \u2013 El canciller alem\u00e1n, Friedrich Merz, enfatiz\u00f3 en el marco de la cumbre del G20 en Sud\u00e1frica que no se puede poner fin a la guerra en Ucrania sin el consentimiento adicional de Europa, adem\u00e1s del del pa\u00eds atacado. El consentimiento europeo tambi\u00e9n es necesario, afirm\u00f3 Merz. \u00abSi Ucrania perdiera<\/p>\n","protected":false},"author":1,"featured_media":190363,"comment_status":"closed","ping_status":"closed","sticky":false,"template":"","format":"standard","meta":{"footnotes":""},"categories":[485],"tags":[417,464,418],"class_list":{"0":"post-190362","1":"post","2":"type-post","3":"status-publish","4":"format-standard","5":"has-post-thumbnail","7":"category-internacional","8":"tag-alemania","9":"tag-conflictos","10":"tag-internacional"},"aioseo_notices":[],"aioseo_head":"\n\t\t<!-- All in One SEO Pro 4.9.6.2 - aioseo.com -->\n\t<meta name=\"description\" content=\"Johannesburgo (Sud\u00e1frica), 22 nov (dpa) \u2013 El canciller alem\u00e1n, Friedrich Merz, enfatiz\u00f3 en el marco de la cumbre del G20 en Sud\u00e1frica que no se puede poner fin\" \/>\n\t<meta name=\"robots\" content=\"max-image-preview:large\" \/>\n\t<meta name=\"author\" content=\"Cand\u00e1s 365\"\/>\n\t<meta name=\"google-site-verification\" content=\"UA-32230408-1\" \/>\n\t<meta name=\"msvalidate.01\" content=\"354F3CDFB2DA171B47FBE9ABF1F88D5\" \/>\n\t<meta name=\"keywords\" content=\"internacional\" \/>\n\t<link rel=\"canonical\" href=\"https:\/\/candas365.es\/noticias\/merz-los-miembros-del-g20-deben-asumir-sus-responsabilidades\/\" \/>\n\t<meta name=\"generator\" content=\"All in One SEO Pro (AIOSEO) 4.9.6.2\" \/>\n\t\t<meta property=\"og:locale\" content=\"es_ES\" \/>\n\t\t<meta property=\"og:site_name\" content=\"Cand\u00e1s 365\" \/>\n\t\t<meta property=\"og:type\" content=\"article\" \/>\n\t\t<meta property=\"og:title\" content=\"Merz: \u00abLos miembros del G20 deben asumir sus responsabilidades\u00bb | Cand\u00e1s 365\" \/>\n\t\t<meta property=\"og:description\" content=\"Johannesburgo (Sud\u00e1frica), 22 nov (dpa) \u2013 El canciller alem\u00e1n, Friedrich Merz, enfatiz\u00f3 en el marco de la cumbre del G20 en Sud\u00e1frica que no se puede poner fin\" \/>\n\t\t<meta property=\"og:url\" content=\"https:\/\/candas365.es\/noticias\/merz-los-miembros-del-g20-deben-asumir-sus-responsabilidades\/\" \/>\n\t\t<meta property=\"og:image\" content=\"https:\/\/candas365.es\/noticias\/wp-content\/uploads\/2025\/11\/Merz-G20.jpg\" \/>\n\t\t<meta property=\"og:image:secure_url\" content=\"https:\/\/candas365.es\/noticias\/wp-content\/uploads\/2025\/11\/Merz-G20.jpg\" \/>\n\t\t<meta property=\"og:image:width\" content=\"1038\" \/>\n\t\t<meta property=\"og:image:height\" content=\"681\" \/>\n\t\t<meta property=\"article:published_time\" content=\"2025-11-22T20:20:19+00:00\" \/>\n\t\t<meta property=\"article:modified_time\" content=\"2025-11-22T20:20:19+00:00\" \/>\n\t\t<meta property=\"article:publisher\" content=\"https:\/\/www.facebook.com\/Nachofdezber\" \/>\n\t\t<meta property=\"article:author\" content=\"https:\/\/www.facebook.com\/carrenoactualidad\" \/>\n\t\t<meta name=\"twitter:card\" content=\"summary_large_image\" \/>\n\t\t<meta name=\"twitter:site\" content=\"@NabercoDigital\" \/>\n\t\t<meta name=\"twitter:title\" content=\"Merz: \u00abLos miembros del G20 deben asumir sus responsabilidades\u00bb | Cand\u00e1s 365\" \/>\n\t\t<meta name=\"twitter:description\" content=\"Johannesburgo (Sud\u00e1frica), 22 nov (dpa) \u2013 El canciller alem\u00e1n, Friedrich Merz, enfatiz\u00f3 en el marco de la cumbre del G20 en Sud\u00e1frica que no se puede poner fin\" \/>\n\t\t<meta name=\"twitter:creator\" content=\"@nbasturias\" \/>\n\t\t<meta name=\"twitter:image\" content=\"https:\/\/candas365.es\/noticias\/wp-content\/uploads\/2025\/11\/Merz-G20.jpg\" \/>\n\t\t<meta name=\"twitter:label1\" content=\"Escrito por\" \/>\n\t\t<meta name=\"twitter:data1\" content=\"Cand\u00e1s 365\" \/>\n\t\t<meta name=\"twitter:label2\" content=\"Tiempo de lectura estimado\" \/>\n\t\t<meta name=\"twitter:data2\" content=\"3 minutos\" \/>\n\t\t<script type=\"application\/ld+json\" class=\"aioseo-schema\">\n\t\t\t{\"@context\":\"https:\\\/\\\/schema.org\",\"@graph\":[{\"@type\":\"BreadcrumbList\",\"@id\":\"https:\\\/\\\/candas365.es\\\/noticias\\\/merz-los-miembros-del-g20-deben-asumir-sus-responsabilidades\\\/#breadcrumblist\",\"itemListElement\":[{\"@type\":\"ListItem\",\"@id\":\"https:\\\/\\\/candas365.es\\\/noticias#listItem\",\"position\":1,\"name\":\"Home\",\"item\":\"https:\\\/\\\/candas365.es\\\/noticias\",\"nextItem\":{\"@type\":\"ListItem\",\"@id\":\"https:\\\/\\\/candas365.es\\\/noticias\\\/category\\\/internacional\\\/#listItem\",\"name\":\"Internacional\"}},{\"@type\":\"ListItem\",\"@id\":\"https:\\\/\\\/candas365.es\\\/noticias\\\/category\\\/internacional\\\/#listItem\",\"position\":2,\"name\":\"Internacional\",\"item\":\"https:\\\/\\\/candas365.es\\\/noticias\\\/category\\\/internacional\\\/\",\"nextItem\":{\"@type\":\"ListItem\",\"@id\":\"https:\\\/\\\/candas365.es\\\/noticias\\\/merz-los-miembros-del-g20-deben-asumir-sus-responsabilidades\\\/#listItem\",\"name\":\"Merz: \\u00abLos miembros del G20 deben asumir sus responsabilidades\\u00bb\"},\"previousItem\":{\"@type\":\"ListItem\",\"@id\":\"https:\\\/\\\/candas365.es\\\/noticias#listItem\",\"name\":\"Home\"}},{\"@type\":\"ListItem\",\"@id\":\"https:\\\/\\\/candas365.es\\\/noticias\\\/merz-los-miembros-del-g20-deben-asumir-sus-responsabilidades\\\/#listItem\",\"position\":3,\"name\":\"Merz: \\u00abLos miembros del G20 deben asumir sus responsabilidades\\u00bb\",\"previousItem\":{\"@type\":\"ListItem\",\"@id\":\"https:\\\/\\\/candas365.es\\\/noticias\\\/category\\\/internacional\\\/#listItem\",\"name\":\"Internacional\"}}]},{\"@type\":\"NewsArticle\",\"@id\":\"https:\\\/\\\/candas365.es\\\/noticias\\\/merz-los-miembros-del-g20-deben-asumir-sus-responsabilidades\\\/#newsarticle\",\"name\":\"Merz: \\u00abLos miembros del G20 deben asumir sus responsabilidades\\u00bb | Cand\\u00e1s 365\",\"headline\":\"Merz: \\u00abLos miembros del G20 deben asumir sus responsabilidades\\u00bb\",\"author\":{\"@id\":\"https:\\\/\\\/candas365.es\\\/noticias\\\/author\\\/admin\\\/#author\"},\"publisher\":{\"@id\":\"https:\\\/\\\/candas365.es\\\/noticias\\\/#organization\"},\"image\":{\"@type\":\"ImageObject\",\"url\":\"https:\\\/\\\/candas365.es\\\/noticias\\\/wp-content\\\/uploads\\\/2025\\\/11\\\/Merz-G20.jpg\",\"width\":1038,\"height\":681,\"caption\":\"Foto: Michael Kappeler\\\/dpa-Pool\\\/dpa\"},\"datePublished\":\"2025-11-22T21:20:19+01:00\",\"dateModified\":\"2025-11-22T21:20:19+01:00\",\"inLanguage\":\"es-ES\",\"mainEntityOfPage\":{\"@id\":\"https:\\\/\\\/candas365.es\\\/noticias\\\/merz-los-miembros-del-g20-deben-asumir-sus-responsabilidades\\\/#webpage\"},\"isPartOf\":{\"@id\":\"https:\\\/\\\/candas365.es\\\/noticias\\\/merz-los-miembros-del-g20-deben-asumir-sus-responsabilidades\\\/#webpage\"},\"articleSection\":\"Internacional, Alemania, conflictos, Internacional\",\"dateline\":\"Publicado el noviembre 22, 2025.\"},{\"@type\":\"Organization\",\"@id\":\"https:\\\/\\\/candas365.es\\\/noticias\\\/#organization\",\"name\":\"Cand\\u00e1s 365\",\"description\":\"Cand\\u00e1s 365 es un diario digital independiente, fundado en 2012, con base en Asturias. Informamos con rigor sobre actualidad, sociedad, cultura y ocio, con una mirada local y global.\",\"url\":\"https:\\\/\\\/candas365.es\\\/noticias\\\/\",\"email\":\"info@candas365.es\",\"telephone\":\"+34652131393\",\"foundingDate\":\"2012-06-10\",\"logo\":{\"@type\":\"ImageObject\",\"url\":\"https:\\\/\\\/candas365.es\\\/noticias\\\/wp-content\\\/uploads\\\/2024\\\/09\\\/Candas-365-Redes.jpg\",\"@id\":\"https:\\\/\\\/candas365.es\\\/noticias\\\/merz-los-miembros-del-g20-deben-asumir-sus-responsabilidades\\\/#organizationLogo\",\"width\":1152,\"height\":864,\"caption\":\"Cand\\u00e1s 365 Redes\"},\"image\":{\"@id\":\"https:\\\/\\\/candas365.es\\\/noticias\\\/merz-los-miembros-del-g20-deben-asumir-sus-responsabilidades\\\/#organizationLogo\"},\"sameAs\":[\"https:\\\/\\\/www.facebook.com\\\/Nachofdezber\",\"https:\\\/\\\/x.com\\\/NabercoDigital\",\"https:\\\/\\\/www.instagram.com\\\/nachofdezber\\\/\",\"https:\\\/\\\/www.youtube.com\\\/channel\\\/UCZP-2wLEB9Rv6erhFmqVnvg\"],\"address\":{\"@id\":\"https:\\\/\\\/candas365.es\\\/noticias\\\/#postaladdress\",\"@type\":\"PostalAddress\",\"streetAddress\":\"san antonio 4, san antonio 4\",\"postalCode\":\"33430\",\"addressLocality\":\"Cand\\u00e1s\",\"addressRegion\":\"Asturias\",\"addressCountry\":\"ES\"}},{\"@type\":\"Person\",\"@id\":\"https:\\\/\\\/candas365.es\\\/noticias\\\/author\\\/admin\\\/#author\",\"url\":\"https:\\\/\\\/candas365.es\\\/noticias\\\/author\\\/admin\\\/\",\"name\":\"Cand\\u00e1s 365\",\"image\":{\"@type\":\"ImageObject\",\"@id\":\"https:\\\/\\\/candas365.es\\\/noticias\\\/merz-los-miembros-del-g20-deben-asumir-sus-responsabilidades\\\/#authorImage\",\"url\":\"https:\\\/\\\/secure.gravatar.com\\\/avatar\\\/496a8e03d0c493ede1718b7934145dbdf8d89be1036b0eec9544e1094c9de390?s=96&d=mm&r=g\",\"width\":96,\"height\":96,\"caption\":\"Cand\\u00e1s 365\"},\"sameAs\":[\"https:\\\/\\\/www.facebook.com\\\/carrenoactualidad\",\"https:\\\/\\\/twitter.com\\\/nbasturias\",\"https:\\\/\\\/www.instagram.com\\\/nachofdezber\\\/\",\"https:\\\/\\\/www.youtube.com\\\/channel\\\/UCZP-2wLEB9Rv6erhFmqVnvg\"]},{\"@type\":\"WebPage\",\"@id\":\"https:\\\/\\\/candas365.es\\\/noticias\\\/merz-los-miembros-del-g20-deben-asumir-sus-responsabilidades\\\/#webpage\",\"url\":\"https:\\\/\\\/candas365.es\\\/noticias\\\/merz-los-miembros-del-g20-deben-asumir-sus-responsabilidades\\\/\",\"name\":\"Merz: \\u00abLos miembros del G20 deben asumir sus responsabilidades\\u00bb | Cand\\u00e1s 365\",\"description\":\"Johannesburgo (Sud\\u00e1frica), 22 nov (dpa) \\u2013 El canciller alem\\u00e1n, Friedrich Merz, enfatiz\\u00f3 en el marco de la cumbre del G20 en Sud\\u00e1frica que no se puede poner fin\",\"inLanguage\":\"es-ES\",\"isPartOf\":{\"@id\":\"https:\\\/\\\/candas365.es\\\/noticias\\\/#website\"},\"breadcrumb\":{\"@id\":\"https:\\\/\\\/candas365.es\\\/noticias\\\/merz-los-miembros-del-g20-deben-asumir-sus-responsabilidades\\\/#breadcrumblist\"},\"author\":{\"@id\":\"https:\\\/\\\/candas365.es\\\/noticias\\\/author\\\/admin\\\/#author\"},\"creator\":{\"@id\":\"https:\\\/\\\/candas365.es\\\/noticias\\\/author\\\/admin\\\/#author\"},\"image\":{\"@type\":\"ImageObject\",\"url\":\"https:\\\/\\\/candas365.es\\\/noticias\\\/wp-content\\\/uploads\\\/2025\\\/11\\\/Merz-G20.jpg\",\"@id\":\"https:\\\/\\\/candas365.es\\\/noticias\\\/merz-los-miembros-del-g20-deben-asumir-sus-responsabilidades\\\/#mainImage\",\"width\":1038,\"height\":681,\"caption\":\"Foto: Michael Kappeler\\\/dpa-Pool\\\/dpa\"},\"primaryImageOfPage\":{\"@id\":\"https:\\\/\\\/candas365.es\\\/noticias\\\/merz-los-miembros-del-g20-deben-asumir-sus-responsabilidades\\\/#mainImage\"},\"datePublished\":\"2025-11-22T21:20:19+01:00\",\"dateModified\":\"2025-11-22T21:20:19+01:00\"},{\"@type\":\"WebSite\",\"@id\":\"https:\\\/\\\/candas365.es\\\/noticias\\\/#website\",\"url\":\"https:\\\/\\\/candas365.es\\\/noticias\\\/\",\"name\":\"Cand\\u00e1s 365\",\"alternateName\":\"Cand\\u00e1s 365 Noticias\",\"description\":\"Actualidad desde Carre\\u00f1o para el mundo\",\"inLanguage\":\"es-ES\",\"publisher\":{\"@id\":\"https:\\\/\\\/candas365.es\\\/noticias\\\/#organization\"}}]}\n\t\t<\/script>\n\t\t<!-- All in One SEO Pro -->\r\n\t\t<title>Merz: \u00abLos miembros del G20 deben asumir sus responsabilidades\u00bb | Cand\u00e1s 365<\/title>\n\n","aioseo_head_json":{"title":"Merz: \u00abLos miembros del G20 deben asumir sus responsabilidades\u00bb | Cand\u00e1s 365","description":"Johannesburgo (Sud\u00e1frica), 22 nov (dpa) \u2013 El canciller alem\u00e1n, Friedrich Merz, enfatiz\u00f3 en el marco de la cumbre del G20 en Sud\u00e1frica que no se puede poner fin","canonical_url":"https:\/\/candas365.es\/noticias\/merz-los-miembros-del-g20-deben-asumir-sus-responsabilidades\/","robots":"max-image-preview:large","keywords":"internacional","webmasterTools":{"google-site-verification":"UA-32230408-1","msvalidate.01":"354F3CDFB2DA171B47FBE9ABF1F88D5","miscellaneous":""},"schema":{"@context":"https:\/\/schema.org","@graph":[{"@type":"BreadcrumbList","@id":"https:\/\/candas365.es\/noticias\/merz-los-miembros-del-g20-deben-asumir-sus-responsabilidades\/#breadcrumblist","itemListElement":[{"@type":"ListItem","@id":"https:\/\/candas365.es\/noticias#listItem","position":1,"name":"Home","item":"https:\/\/candas365.es\/noticias","nextItem":{"@type":"ListItem","@id":"https:\/\/candas365.es\/noticias\/category\/internacional\/#listItem","name":"Internacional"}},{"@type":"ListItem","@id":"https:\/\/candas365.es\/noticias\/category\/internacional\/#listItem","position":2,"name":"Internacional","item":"https:\/\/candas365.es\/noticias\/category\/internacional\/","nextItem":{"@type":"ListItem","@id":"https:\/\/candas365.es\/noticias\/merz-los-miembros-del-g20-deben-asumir-sus-responsabilidades\/#listItem","name":"Merz: \u00abLos miembros del G20 deben asumir sus responsabilidades\u00bb"},"previousItem":{"@type":"ListItem","@id":"https:\/\/candas365.es\/noticias#listItem","name":"Home"}},{"@type":"ListItem","@id":"https:\/\/candas365.es\/noticias\/merz-los-miembros-del-g20-deben-asumir-sus-responsabilidades\/#listItem","position":3,"name":"Merz: \u00abLos miembros del G20 deben asumir sus responsabilidades\u00bb","previousItem":{"@type":"ListItem","@id":"https:\/\/candas365.es\/noticias\/category\/internacional\/#listItem","name":"Internacional"}}]},{"@type":"NewsArticle","@id":"https:\/\/candas365.es\/noticias\/merz-los-miembros-del-g20-deben-asumir-sus-responsabilidades\/#newsarticle","name":"Merz: \u00abLos miembros del G20 deben asumir sus responsabilidades\u00bb | Cand\u00e1s 365","headline":"Merz: \u00abLos miembros del G20 deben asumir sus responsabilidades\u00bb","author":{"@id":"https:\/\/candas365.es\/noticias\/author\/admin\/#author"},"publisher":{"@id":"https:\/\/candas365.es\/noticias\/#organization"},"image":{"@type":"ImageObject","url":"https:\/\/candas365.es\/noticias\/wp-content\/uploads\/2025\/11\/Merz-G20.jpg","width":1038,"height":681,"caption":"Foto: Michael Kappeler\/dpa-Pool\/dpa"},"datePublished":"2025-11-22T21:20:19+01:00","dateModified":"2025-11-22T21:20:19+01:00","inLanguage":"es-ES","mainEntityOfPage":{"@id":"https:\/\/candas365.es\/noticias\/merz-los-miembros-del-g20-deben-asumir-sus-responsabilidades\/#webpage"},"isPartOf":{"@id":"https:\/\/candas365.es\/noticias\/merz-los-miembros-del-g20-deben-asumir-sus-responsabilidades\/#webpage"},"articleSection":"Internacional, Alemania, conflictos, Internacional","dateline":"Publicado el noviembre 22, 2025."},{"@type":"Organization","@id":"https:\/\/candas365.es\/noticias\/#organization","name":"Cand\u00e1s 365","description":"Cand\u00e1s 365 es un diario digital independiente, fundado en 2012, con base en Asturias. Informamos con rigor sobre actualidad, sociedad, cultura y ocio, con una mirada local y global.","url":"https:\/\/candas365.es\/noticias\/","email":"info@candas365.es","telephone":"+34652131393","foundingDate":"2012-06-10","logo":{"@type":"ImageObject","url":"https:\/\/candas365.es\/noticias\/wp-content\/uploads\/2024\/09\/Candas-365-Redes.jpg","@id":"https:\/\/candas365.es\/noticias\/merz-los-miembros-del-g20-deben-asumir-sus-responsabilidades\/#organizationLogo","width":1152,"height":864,"caption":"Cand\u00e1s 365 Redes"},"image":{"@id":"https:\/\/candas365.es\/noticias\/merz-los-miembros-del-g20-deben-asumir-sus-responsabilidades\/#organizationLogo"},"sameAs":["https:\/\/www.facebook.com\/Nachofdezber","https:\/\/x.com\/NabercoDigital","https:\/\/www.instagram.com\/nachofdezber\/","https:\/\/www.youtube.com\/channel\/UCZP-2wLEB9Rv6erhFmqVnvg"],"address":{"@id":"https:\/\/candas365.es\/noticias\/#postaladdress","@type":"PostalAddress","streetAddress":"san antonio 4, san antonio 4","postalCode":"33430","addressLocality":"Cand\u00e1s","addressRegion":"Asturias","addressCountry":"ES"}},{"@type":"Person","@id":"https:\/\/candas365.es\/noticias\/author\/admin\/#author","url":"https:\/\/candas365.es\/noticias\/author\/admin\/","name":"Cand\u00e1s 365","image":{"@type":"ImageObject","@id":"https:\/\/candas365.es\/noticias\/merz-los-miembros-del-g20-deben-asumir-sus-responsabilidades\/#authorImage","url":"https:\/\/secure.gravatar.com\/avatar\/496a8e03d0c493ede1718b7934145dbdf8d89be1036b0eec9544e1094c9de390?s=96&d=mm&r=g","width":96,"height":96,"caption":"Cand\u00e1s 365"},"sameAs":["https:\/\/www.facebook.com\/carrenoactualidad","https:\/\/twitter.com\/nbasturias","https:\/\/www.instagram.com\/nachofdezber\/","https:\/\/www.youtube.com\/channel\/UCZP-2wLEB9Rv6erhFmqVnvg"]},{"@type":"WebPage","@id":"https:\/\/candas365.es\/noticias\/merz-los-miembros-del-g20-deben-asumir-sus-responsabilidades\/#webpage","url":"https:\/\/candas365.es\/noticias\/merz-los-miembros-del-g20-deben-asumir-sus-responsabilidades\/","name":"Merz: \u00abLos miembros del G20 deben asumir sus responsabilidades\u00bb | Cand\u00e1s 365","description":"Johannesburgo (Sud\u00e1frica), 22 nov (dpa) \u2013 El canciller alem\u00e1n, Friedrich Merz, enfatiz\u00f3 en el marco de la cumbre del G20 en Sud\u00e1frica que no se puede poner fin","inLanguage":"es-ES","isPartOf":{"@id":"https:\/\/candas365.es\/noticias\/#website"},"breadcrumb":{"@id":"https:\/\/candas365.es\/noticias\/merz-los-miembros-del-g20-deben-asumir-sus-responsabilidades\/#breadcrumblist"},"author":{"@id":"https:\/\/candas365.es\/noticias\/author\/admin\/#author"},"creator":{"@id":"https:\/\/candas365.es\/noticias\/author\/admin\/#author"},"image":{"@type":"ImageObject","url":"https:\/\/candas365.es\/noticias\/wp-content\/uploads\/2025\/11\/Merz-G20.jpg","@id":"https:\/\/candas365.es\/noticias\/merz-los-miembros-del-g20-deben-asumir-sus-responsabilidades\/#mainImage","width":1038,"height":681,"caption":"Foto: Michael Kappeler\/dpa-Pool\/dpa"},"primaryImageOfPage":{"@id":"https:\/\/candas365.es\/noticias\/merz-los-miembros-del-g20-deben-asumir-sus-responsabilidades\/#mainImage"},"datePublished":"2025-11-22T21:20:19+01:00","dateModified":"2025-11-22T21:20:19+01:00"},{"@type":"WebSite","@id":"https:\/\/candas365.es\/noticias\/#website","url":"https:\/\/candas365.es\/noticias\/","name":"Cand\u00e1s 365","alternateName":"Cand\u00e1s 365 Noticias","description":"Actualidad desde Carre\u00f1o para el mundo","inLanguage":"es-ES","publisher":{"@id":"https:\/\/candas365.es\/noticias\/#organization"}}]},"og:locale":"es_ES","og:site_name":"Cand\u00e1s 365","og:type":"article","og:title":"Merz: \u00abLos miembros del G20 deben asumir sus responsabilidades\u00bb | Cand\u00e1s 365","og:description":"Johannesburgo (Sud\u00e1frica), 22 nov (dpa) \u2013 El canciller alem\u00e1n, Friedrich Merz, enfatiz\u00f3 en el marco de la cumbre del G20 en Sud\u00e1frica que no se puede poner fin","og:url":"https:\/\/candas365.es\/noticias\/merz-los-miembros-del-g20-deben-asumir-sus-responsabilidades\/","og:image":"https:\/\/candas365.es\/noticias\/wp-content\/uploads\/2025\/11\/Merz-G20.jpg","og:image:secure_url":"https:\/\/candas365.es\/noticias\/wp-content\/uploads\/2025\/11\/Merz-G20.jpg","og:image:width":1038,"og:image:height":681,"article:published_time":"2025-11-22T20:20:19+00:00","article:modified_time":"2025-11-22T20:20:19+00:00","article:publisher":"https:\/\/www.facebook.com\/Nachofdezber","article:author":"https:\/\/www.facebook.com\/carrenoactualidad","twitter:card":"summary_large_image","twitter:site":"@NabercoDigital","twitter:title":"Merz: \u00abLos miembros del G20 deben asumir sus responsabilidades\u00bb | Cand\u00e1s 365","twitter:description":"Johannesburgo (Sud\u00e1frica), 22 nov (dpa) \u2013 El canciller alem\u00e1n, Friedrich Merz, enfatiz\u00f3 en el marco de la cumbre del G20 en Sud\u00e1frica que no se puede poner fin","twitter:creator":"@nbasturias","twitter:image":"https:\/\/candas365.es\/noticias\/wp-content\/uploads\/2025\/11\/Merz-G20.jpg","twitter:label1":"Escrito por","twitter:data1":"Cand\u00e1s 365","twitter:label2":"Tiempo de lectura estimado","twitter:data2":"3 minutos"},"aioseo_meta_data":{"post_id":"190362","title":null,"description":"Johannesburgo (Sud\u00e1frica), 22 nov (dpa) \u2013 El canciller alem\u00e1n, Friedrich Merz, enfatiz\u00f3 en el marco de la cumbre del G20 en Sud\u00e1frica que no se puede poner fin","keywords":null,"keyphrases":{"focus":{"keyphrase":"Merz","score":100,"analysis":{"keyphraseInTitle":{"score":9,"maxScore":9,"error":0},"keyphraseInDescription":{"score":9,"maxScore":9,"error":0},"keyphraseLength":{"score":9,"maxScore":9,"error":0,"length":1},"keyphraseInURL":{"score":5,"maxScore":5,"error":0},"keyphraseInIntroduction":{"score":9,"maxScore":9,"error":0},"keyphraseInSubHeadings":[],"keyphraseInImageAlt":{"score":9,"maxScore":9,"error":0},"keywordDensity":{"type":"best","score":9,"maxScore":9,"error":0}}},"additional":[{"keyphrase":"G20","score":100,"analysis":{"keyphraseInDescription":{"score":9,"maxScore":9,"error":0},"keyphraseLength":{"score":9,"maxScore":9,"error":0,"length":1},"keyphraseInIntroduction":{"score":9,"maxScore":9,"error":0},"keyphraseInImageAlt":{"score":9,"maxScore":9,"error":0},"keywordDensity":{"type":"best","score":9,"maxScore":9,"error":0}}}]},"primary_term":null,"canonical_url":null,"og_title":null,"og_description":null,"og_object_type":"default","og_image_type":"default","og_image_url":null,"og_image_width":null,"og_image_height":null,"og_image_custom_url":null,"og_image_custom_fields":null,"og_video":"","og_custom_url":null,"og_article_section":null,"og_article_tags":null,"twitter_use_og":false,"twitter_card":"default","twitter_image_type":"default","twitter_image_url":null,"twitter_image_custom_url":null,"twitter_image_custom_fields":null,"twitter_title":null,"twitter_description":null,"schema":{"blockGraphs":[],"customGraphs":[],"default":{"data":{"Article":[],"Course":[],"Dataset":[],"FAQPage":[],"Movie":[],"Person":[],"Product":[],"ProductReview":[],"Car":[],"Recipe":[],"Service":[],"SoftwareApplication":[],"WebPage":[]},"graphName":"Article","isEnabled":true},"graphs":[]},"schema_type":"default","schema_type_options":null,"pillar_content":false,"robots_default":true,"robots_noindex":false,"robots_noarchive":false,"robots_nosnippet":false,"robots_nofollow":false,"robots_noimageindex":false,"robots_noodp":false,"robots_notranslate":false,"robots_max_snippet":"-1","robots_max_videopreview":"-1","robots_max_imagepreview":"large","priority":null,"frequency":"default","location":null,"local_seo":null,"seo_analyzer_scan_date":"2025-11-22 20:24:37","breadcrumb_settings":null,"limit_modified_date":false,"reviewed_by":null,"open_ai":null,"ai":{"faqs":[],"keyPoints":[],"titles":[],"descriptions":[],"socialPosts":{"email":[],"linkedin":[],"twitter":[],"facebook":[],"instagram":[]}},"created":"2025-11-22 20:13:39","updated":"2025-11-22 20:25:09"},"aioseo_breadcrumb":"<div class=\"aioseo-breadcrumbs\"><span class=\"aioseo-breadcrumb\">\n\t<a href=\"https:\/\/candas365.es\/noticias\" title=\"Home\">Home<\/a>\n<\/span><span class=\"aioseo-breadcrumb-separator\">&ndash;<\/span><span class=\"aioseo-breadcrumb\">\n\t<a href=\"https:\/\/candas365.es\/noticias\/category\/internacional\/\" title=\"Internacional\">Internacional<\/a>\n<\/span><span class=\"aioseo-breadcrumb-separator\">&ndash;<\/span><span class=\"aioseo-breadcrumb\">\n\tMerz: \u00abLos miembros del G20 deben asumir sus responsabilidades\u00bb\n<\/span><\/div>","aioseo_breadcrumb_json":[{"label":"Home","link":"https:\/\/candas365.es\/noticias"},{"label":"Internacional","link":"https:\/\/candas365.es\/noticias\/category\/internacional\/"},{"label":"Merz: \u00abLos miembros del G20 deben asumir sus responsabilidades\u00bb","link":"https:\/\/candas365.es\/noticias\/merz-los-miembros-del-g20-deben-asumir-sus-responsabilidades\/"}],"_links":{"self":[{"href":"https:\/\/candas365.es\/noticias\/wp-json\/wp\/v2\/posts\/190362","targetHints":{"allow":["GET"]}}],"collection":[{"href":"https:\/\/candas365.es\/noticias\/wp-json\/wp\/v2\/posts"}],"about":[{"href":"https:\/\/candas365.es\/noticias\/wp-json\/wp\/v2\/types\/post"}],"author":[{"embeddable":true,"href":"https:\/\/candas365.es\/noticias\/wp-json\/wp\/v2\/users\/1"}],"replies":[{"embeddable":true,"href":"https:\/\/candas365.es\/noticias\/wp-json\/wp\/v2\/comments?post=190362"}],"version-history":[{"count":0,"href":"https:\/\/candas365.es\/noticias\/wp-json\/wp\/v2\/posts\/190362\/revisions"}],"wp:featuredmedia":[{"embeddable":true,"href":"https:\/\/candas365.es\/noticias\/wp-json\/wp\/v2\/media\/190363"}],"wp:attachment":[{"href":"https:\/\/candas365.es\/noticias\/wp-json\/wp\/v2\/media?parent=190362"}],"wp:term":[{"taxonomy":"category","embeddable":true,"href":"https:\/\/candas365.es\/noticias\/wp-json\/wp\/v2\/categories?post=190362"},{"taxonomy":"post_tag","embeddable":true,"href":"https:\/\/candas365.es\/noticias\/wp-json\/wp\/v2\/tags?post=190362"}],"curies":[{"name":"wp","href":"https:\/\/api.w.org\/{rel}","templated":true}]}}