{"id":190353,"date":"2025-11-22T20:26:42","date_gmt":"2025-11-22T19:26:42","guid":{"rendered":"https:\/\/candas365.es\/noticias\/?p=190353"},"modified":"2025-11-22T20:26:42","modified_gmt":"2025-11-22T19:26:42","slug":"fontaniella-el-accidente-en-vega-de-rengos-fue-por-un-desprendimiento","status":"publish","type":"post","link":"https:\/\/candas365.es\/noticias\/fontaniella-el-accidente-en-vega-de-rengos-fue-por-un-desprendimiento\/","title":{"rendered":"Fontaniella: El accidente en Vega de Rengos fue por un desprendimiento"},"content":{"rendered":"<p>El alcalde de <a href=\"https:\/\/eldigitaldeasturias.com\/radio\/luto-oficial-en-asturias-por-los-mineros-fallecidos\/\" target=\"_blank\" rel=\"noopener\"><span style=\"color: #ff6600;\"><strong>Cangas del Narcea<\/strong><\/span><\/a>, Jos\u00e9 Luis Fontaniella, afirm\u00f3 este s\u00e1bado que el <strong>accidente en la mina de <a href=\"https:\/\/candas365.es\/noticias\/category\/sucesos\/\"><span style=\"color: #ff6600;\">Vega de Rengos<\/span><\/a><\/strong>, que dej\u00f3 dos trabajadores fallecidos, se debi\u00f3 a un desprendimiento \u00abni previsto ni calculado\u00bb.<\/p>\n<figure id=\"attachment_190354\" aria-describedby=\"caption-attachment-190354\" style=\"width: 650px\" class=\"wp-caption aligncenter\"><img fetchpriority=\"high\" decoding=\"async\" class=\"size-large wp-image-190354\" src=\"https:\/\/candas365.es\/noticias\/wp-content\/uploads\/2025\/11\/Fontaniella-El-accidente-en-Vega-de-Rengos-650x314.jpg\" alt=\"Fontaniella El accidente en Vega de Rengos\" width=\"650\" height=\"314\" srcset=\"https:\/\/candas365.es\/noticias\/wp-content\/uploads\/2025\/11\/Fontaniella-El-accidente-en-Vega-de-Rengos-650x314.jpg 650w, https:\/\/candas365.es\/noticias\/wp-content\/uploads\/2025\/11\/Fontaniella-El-accidente-en-Vega-de-Rengos-360x174.jpg 360w, https:\/\/candas365.es\/noticias\/wp-content\/uploads\/2025\/11\/Fontaniella-El-accidente-en-Vega-de-Rengos-768x371.jpg 768w, https:\/\/candas365.es\/noticias\/wp-content\/uploads\/2025\/11\/Fontaniella-El-accidente-en-Vega-de-Rengos-150x72.jpg 150w, https:\/\/candas365.es\/noticias\/wp-content\/uploads\/2025\/11\/Fontaniella-El-accidente-en-Vega-de-Rengos-450x217.jpg 450w, https:\/\/candas365.es\/noticias\/wp-content\/uploads\/2025\/11\/Fontaniella-El-accidente-en-Vega-de-Rengos.jpg 1136w\" sizes=\"(max-width: 650px) 100vw, 650px\" \/><figcaption id=\"caption-attachment-190354\" class=\"wp-caption-text\">Imagen del alcalde haciendo declaraciones a los medios tomada a la retransimisi\u00f3n de RTVE | Foto de Servimedia<\/figcaption><\/figure>\n<p>El alcalde atendi\u00f3 a los medios de comunicaci\u00f3n y se\u00f1al\u00f3 que \u201ctodos los avances\u201d que se trasladan desde el Gobierno de Asturias van en la l\u00ednea de que \u201cparece ser que hab\u00eda rocas que estaban rotas\u201d y <strong>\u201cen un momento determinado hubo un desprendimiento ni previsto ni calculado\u201d. \u201cUn accidente fatal\u201d que acab\u00f3 con la vida de dos mineros, mientras que un tercero sali\u00f3 ileso.<\/strong><\/p>\n<p>El Centro de Coordinaci\u00f3n de Emergencias recibi\u00f3 ayer a las 16.58 horas una llamada en la que se informaba de un hundimiento del terreno y dos mineros atrapados en la planta dos, que posteriormente fueron tres. El hundimiento se produjo a un kil\u00f3metro y medio de la entrada.<\/p>\n<p><strong>El alcalde afirm\u00f3 hoy que los permisos de la empresa que gestiona la mina, TYC Narcea, son \u201cescrupulosamente correctos\u201d<\/strong> y los actuarios presentes en el lugar del accidente a\u00f1adieron que la empresa adem\u00e1s toma medidas adicionales de seguridad. Administrativamente, \u201ccreo que es un ejemplo de empresa\u201d, dijo el alcalde, que a\u00f1adi\u00f3 que esta semana hab\u00eda superado otra inspecci\u00f3n, que \u201cson ahora muy numerosas\u201d.<\/p>\n<p>Jos\u00e9 Luis Fontaniella traslad\u00f3 su p\u00e9same a las familias afectadas y agradeci\u00f3 que el presidente del Gobierno asturiano, el socialista Adri\u00e1n Barb\u00f3n, se desplazara a la mina. Se\u00f1al\u00f3 que hay decretados dos d\u00edas de luto en Asturias y en Castilla y Le\u00f3n, donde resid\u00eda uno de los fallecidos.<\/p>\n<p>\u201cHoy todav\u00eda la mina se respira en nuestras familias\u201d y los habitantes de Cangas del Narcea defienden \u201ccomo explotaciones rentables, que todav\u00eda las hay\u201d, se\u00f1al\u00f3.<\/p>\n<p>(<a href=\"https:\/\/www.servimedia.es\/\" target=\"_blank\" rel=\"noopener\"><span style=\"color: #ff6600;\"><strong>SERVIMEDIA<\/strong><\/span><\/a>)<\/p>\n","protected":false},"excerpt":{"rendered":"<p>El alcalde de Cangas del Narcea, Jos\u00e9 Luis Fontaniella, afirm\u00f3 este s\u00e1bado que el accidente en la mina de Vega de Rengos, que dej\u00f3 dos trabajadores fallecidos, se debi\u00f3 a un desprendimiento \u00abni previsto ni calculado\u00bb. El alcalde atendi\u00f3 a los medios de comunicaci\u00f3n y se\u00f1al\u00f3 que \u201ctodos los avances\u201d que se trasladan desde el<\/p>\n","protected":false},"author":1,"featured_media":190354,"comment_status":"closed","ping_status":"closed","sticky":false,"template":"","format":"standard","meta":{"footnotes":""},"categories":[316,487],"tags":[380,391],"class_list":{"0":"post-190353","1":"post","2":"type-post","3":"status-publish","4":"format-standard","5":"has-post-thumbnail","7":"category-destacadas","8":"category-sucesos","9":"tag-asturias","10":"tag-sucesos"},"aioseo_notices":[],"aioseo_head":"\n\t\t<!-- All in One SEO Pro 4.9.6.2 - aioseo.com -->\n\t<meta name=\"description\" content=\"El alcalde de Cangas del Narcea, Jos\u00e9 Luis Fontaniella, afirm\u00f3 este s\u00e1bado que el accidente en la mina de Vega de Rengos, que dej\u00f3 dos trabajadores fallecidos\" \/>\n\t<meta name=\"robots\" content=\"max-image-preview:large\" \/>\n\t<meta name=\"author\" content=\"Cand\u00e1s 365\"\/>\n\t<meta name=\"google-site-verification\" content=\"UA-32230408-1\" \/>\n\t<meta name=\"msvalidate.01\" content=\"354F3CDFB2DA171B47FBE9ABF1F88D5\" \/>\n\t<meta name=\"keywords\" content=\"destacadas,sucesos\" \/>\n\t<link rel=\"canonical\" href=\"https:\/\/candas365.es\/noticias\/fontaniella-el-accidente-en-vega-de-rengos-fue-por-un-desprendimiento\/\" \/>\n\t<meta name=\"generator\" content=\"All in One SEO Pro (AIOSEO) 4.9.6.2\" \/>\n\t\t<meta property=\"og:locale\" content=\"es_ES\" \/>\n\t\t<meta property=\"og:site_name\" content=\"Cand\u00e1s 365\" \/>\n\t\t<meta property=\"og:type\" content=\"article\" \/>\n\t\t<meta property=\"og:title\" content=\"Fontaniella: El accidente en Vega de Rengos fue por un desprendimiento | Cand\u00e1s 365\" \/>\n\t\t<meta property=\"og:description\" content=\"El alcalde de Cangas del Narcea, Jos\u00e9 Luis Fontaniella, afirm\u00f3 este s\u00e1bado que el accidente en la mina de Vega de Rengos, que dej\u00f3 dos trabajadores fallecidos\" \/>\n\t\t<meta property=\"og:url\" content=\"https:\/\/candas365.es\/noticias\/fontaniella-el-accidente-en-vega-de-rengos-fue-por-un-desprendimiento\/\" \/>\n\t\t<meta property=\"og:image\" content=\"https:\/\/candas365.es\/noticias\/wp-content\/uploads\/2025\/11\/Fontaniella-El-accidente-en-Vega-de-Rengos.jpg\" \/>\n\t\t<meta property=\"og:image:secure_url\" content=\"https:\/\/candas365.es\/noticias\/wp-content\/uploads\/2025\/11\/Fontaniella-El-accidente-en-Vega-de-Rengos.jpg\" \/>\n\t\t<meta property=\"og:image:width\" content=\"1136\" \/>\n\t\t<meta property=\"og:image:height\" content=\"549\" \/>\n\t\t<meta property=\"article:published_time\" content=\"2025-11-22T19:26:42+00:00\" \/>\n\t\t<meta property=\"article:modified_time\" content=\"2025-11-22T19:26:42+00:00\" \/>\n\t\t<meta property=\"article:publisher\" content=\"https:\/\/www.facebook.com\/Nachofdezber\" \/>\n\t\t<meta property=\"article:author\" content=\"https:\/\/www.facebook.com\/carrenoactualidad\" \/>\n\t\t<meta name=\"twitter:card\" content=\"summary_large_image\" \/>\n\t\t<meta name=\"twitter:site\" content=\"@NabercoDigital\" \/>\n\t\t<meta name=\"twitter:title\" content=\"Fontaniella: El accidente en Vega de Rengos fue por un desprendimiento | Cand\u00e1s 365\" \/>\n\t\t<meta name=\"twitter:description\" content=\"El alcalde de Cangas del Narcea, Jos\u00e9 Luis Fontaniella, afirm\u00f3 este s\u00e1bado que el accidente en la mina de Vega de Rengos, que dej\u00f3 dos trabajadores fallecidos\" \/>\n\t\t<meta name=\"twitter:creator\" content=\"@nbasturias\" \/>\n\t\t<meta name=\"twitter:image\" content=\"https:\/\/candas365.es\/noticias\/wp-content\/uploads\/2025\/11\/Fontaniella-El-accidente-en-Vega-de-Rengos.jpg\" \/>\n\t\t<meta name=\"twitter:label1\" content=\"Escrito por\" \/>\n\t\t<meta name=\"twitter:data1\" content=\"Cand\u00e1s 365\" \/>\n\t\t<meta name=\"twitter:label2\" content=\"Tiempo de lectura estimado\" \/>\n\t\t<meta name=\"twitter:data2\" content=\"2 minutos\" \/>\n\t\t<script type=\"application\/ld+json\" class=\"aioseo-schema\">\n\t\t\t{\"@context\":\"https:\\\/\\\/schema.org\",\"@graph\":[{\"@type\":\"BreadcrumbList\",\"@id\":\"https:\\\/\\\/candas365.es\\\/noticias\\\/fontaniella-el-accidente-en-vega-de-rengos-fue-por-un-desprendimiento\\\/#breadcrumblist\",\"itemListElement\":[{\"@type\":\"ListItem\",\"@id\":\"https:\\\/\\\/candas365.es\\\/noticias#listItem\",\"position\":1,\"name\":\"Home\",\"item\":\"https:\\\/\\\/candas365.es\\\/noticias\",\"nextItem\":{\"@type\":\"ListItem\",\"@id\":\"https:\\\/\\\/candas365.es\\\/noticias\\\/category\\\/destacadas\\\/#listItem\",\"name\":\"Destacadas\"}},{\"@type\":\"ListItem\",\"@id\":\"https:\\\/\\\/candas365.es\\\/noticias\\\/category\\\/destacadas\\\/#listItem\",\"position\":2,\"name\":\"Destacadas\",\"item\":\"https:\\\/\\\/candas365.es\\\/noticias\\\/category\\\/destacadas\\\/\",\"nextItem\":{\"@type\":\"ListItem\",\"@id\":\"https:\\\/\\\/candas365.es\\\/noticias\\\/fontaniella-el-accidente-en-vega-de-rengos-fue-por-un-desprendimiento\\\/#listItem\",\"name\":\"Fontaniella: El accidente en Vega de Rengos fue por un desprendimiento\"},\"previousItem\":{\"@type\":\"ListItem\",\"@id\":\"https:\\\/\\\/candas365.es\\\/noticias#listItem\",\"name\":\"Home\"}},{\"@type\":\"ListItem\",\"@id\":\"https:\\\/\\\/candas365.es\\\/noticias\\\/fontaniella-el-accidente-en-vega-de-rengos-fue-por-un-desprendimiento\\\/#listItem\",\"position\":3,\"name\":\"Fontaniella: El accidente en Vega de Rengos fue por un desprendimiento\",\"previousItem\":{\"@type\":\"ListItem\",\"@id\":\"https:\\\/\\\/candas365.es\\\/noticias\\\/category\\\/destacadas\\\/#listItem\",\"name\":\"Destacadas\"}}]},{\"@type\":\"NewsArticle\",\"@id\":\"https:\\\/\\\/candas365.es\\\/noticias\\\/fontaniella-el-accidente-en-vega-de-rengos-fue-por-un-desprendimiento\\\/#newsarticle\",\"name\":\"Fontaniella: El accidente en Vega de Rengos fue por un desprendimiento | Cand\\u00e1s 365\",\"headline\":\"Fontaniella: El accidente en Vega de Rengos fue por un desprendimiento\",\"author\":{\"@id\":\"https:\\\/\\\/candas365.es\\\/noticias\\\/author\\\/admin\\\/#author\"},\"publisher\":{\"@id\":\"https:\\\/\\\/candas365.es\\\/noticias\\\/#organization\"},\"image\":{\"@type\":\"ImageObject\",\"url\":\"https:\\\/\\\/candas365.es\\\/noticias\\\/wp-content\\\/uploads\\\/2025\\\/11\\\/Fontaniella-El-accidente-en-Vega-de-Rengos.jpg\",\"width\":1136,\"height\":549,\"caption\":\"Imagen del alcalde haciendo declaraciones a los medios tomada a la retransimisi\\u00f3n de RTVE | Foto de Servimedia\"},\"datePublished\":\"2025-11-22T20:26:42+01:00\",\"dateModified\":\"2025-11-22T20:26:42+01:00\",\"inLanguage\":\"es-ES\",\"mainEntityOfPage\":{\"@id\":\"https:\\\/\\\/candas365.es\\\/noticias\\\/fontaniella-el-accidente-en-vega-de-rengos-fue-por-un-desprendimiento\\\/#webpage\"},\"isPartOf\":{\"@id\":\"https:\\\/\\\/candas365.es\\\/noticias\\\/fontaniella-el-accidente-en-vega-de-rengos-fue-por-un-desprendimiento\\\/#webpage\"},\"articleSection\":\"Destacadas, Sucesos, Asturias, sucesos\",\"dateline\":\"Publicado el noviembre 22, 2025.\"},{\"@type\":\"Organization\",\"@id\":\"https:\\\/\\\/candas365.es\\\/noticias\\\/#organization\",\"name\":\"Cand\\u00e1s 365\",\"description\":\"Cand\\u00e1s 365 es un diario digital independiente, fundado en 2012, con base en Asturias. Informamos con rigor sobre actualidad, sociedad, cultura y ocio, con una mirada local y global.\",\"url\":\"https:\\\/\\\/candas365.es\\\/noticias\\\/\",\"email\":\"info@candas365.es\",\"telephone\":\"+34652131393\",\"foundingDate\":\"2012-06-10\",\"logo\":{\"@type\":\"ImageObject\",\"url\":\"https:\\\/\\\/candas365.es\\\/noticias\\\/wp-content\\\/uploads\\\/2024\\\/09\\\/Candas-365-Redes.jpg\",\"@id\":\"https:\\\/\\\/candas365.es\\\/noticias\\\/fontaniella-el-accidente-en-vega-de-rengos-fue-por-un-desprendimiento\\\/#organizationLogo\",\"width\":1152,\"height\":864,\"caption\":\"Cand\\u00e1s 365 Redes\"},\"image\":{\"@id\":\"https:\\\/\\\/candas365.es\\\/noticias\\\/fontaniella-el-accidente-en-vega-de-rengos-fue-por-un-desprendimiento\\\/#organizationLogo\"},\"sameAs\":[\"https:\\\/\\\/www.facebook.com\\\/Nachofdezber\",\"https:\\\/\\\/x.com\\\/NabercoDigital\",\"https:\\\/\\\/www.instagram.com\\\/nachofdezber\\\/\",\"https:\\\/\\\/www.youtube.com\\\/channel\\\/UCZP-2wLEB9Rv6erhFmqVnvg\"],\"address\":{\"@id\":\"https:\\\/\\\/candas365.es\\\/noticias\\\/#postaladdress\",\"@type\":\"PostalAddress\",\"streetAddress\":\"san antonio 4, san antonio 4\",\"postalCode\":\"33430\",\"addressLocality\":\"Cand\\u00e1s\",\"addressRegion\":\"Asturias\",\"addressCountry\":\"ES\"}},{\"@type\":\"Person\",\"@id\":\"https:\\\/\\\/candas365.es\\\/noticias\\\/author\\\/admin\\\/#author\",\"url\":\"https:\\\/\\\/candas365.es\\\/noticias\\\/author\\\/admin\\\/\",\"name\":\"Cand\\u00e1s 365\",\"image\":{\"@type\":\"ImageObject\",\"@id\":\"https:\\\/\\\/candas365.es\\\/noticias\\\/fontaniella-el-accidente-en-vega-de-rengos-fue-por-un-desprendimiento\\\/#authorImage\",\"url\":\"https:\\\/\\\/secure.gravatar.com\\\/avatar\\\/496a8e03d0c493ede1718b7934145dbdf8d89be1036b0eec9544e1094c9de390?s=96&d=mm&r=g\",\"width\":96,\"height\":96,\"caption\":\"Cand\\u00e1s 365\"},\"sameAs\":[\"https:\\\/\\\/www.facebook.com\\\/carrenoactualidad\",\"https:\\\/\\\/twitter.com\\\/nbasturias\",\"https:\\\/\\\/www.instagram.com\\\/nachofdezber\\\/\",\"https:\\\/\\\/www.youtube.com\\\/channel\\\/UCZP-2wLEB9Rv6erhFmqVnvg\"]},{\"@type\":\"WebPage\",\"@id\":\"https:\\\/\\\/candas365.es\\\/noticias\\\/fontaniella-el-accidente-en-vega-de-rengos-fue-por-un-desprendimiento\\\/#webpage\",\"url\":\"https:\\\/\\\/candas365.es\\\/noticias\\\/fontaniella-el-accidente-en-vega-de-rengos-fue-por-un-desprendimiento\\\/\",\"name\":\"Fontaniella: El accidente en Vega de Rengos fue por un desprendimiento | Cand\\u00e1s 365\",\"description\":\"El alcalde de Cangas del Narcea, Jos\\u00e9 Luis Fontaniella, afirm\\u00f3 este s\\u00e1bado que el accidente en la mina de Vega de Rengos, que dej\\u00f3 dos trabajadores fallecidos\",\"inLanguage\":\"es-ES\",\"isPartOf\":{\"@id\":\"https:\\\/\\\/candas365.es\\\/noticias\\\/#website\"},\"breadcrumb\":{\"@id\":\"https:\\\/\\\/candas365.es\\\/noticias\\\/fontaniella-el-accidente-en-vega-de-rengos-fue-por-un-desprendimiento\\\/#breadcrumblist\"},\"author\":{\"@id\":\"https:\\\/\\\/candas365.es\\\/noticias\\\/author\\\/admin\\\/#author\"},\"creator\":{\"@id\":\"https:\\\/\\\/candas365.es\\\/noticias\\\/author\\\/admin\\\/#author\"},\"image\":{\"@type\":\"ImageObject\",\"url\":\"https:\\\/\\\/candas365.es\\\/noticias\\\/wp-content\\\/uploads\\\/2025\\\/11\\\/Fontaniella-El-accidente-en-Vega-de-Rengos.jpg\",\"@id\":\"https:\\\/\\\/candas365.es\\\/noticias\\\/fontaniella-el-accidente-en-vega-de-rengos-fue-por-un-desprendimiento\\\/#mainImage\",\"width\":1136,\"height\":549,\"caption\":\"Imagen del alcalde haciendo declaraciones a los medios tomada a la retransimisi\\u00f3n de RTVE | Foto de Servimedia\"},\"primaryImageOfPage\":{\"@id\":\"https:\\\/\\\/candas365.es\\\/noticias\\\/fontaniella-el-accidente-en-vega-de-rengos-fue-por-un-desprendimiento\\\/#mainImage\"},\"datePublished\":\"2025-11-22T20:26:42+01:00\",\"dateModified\":\"2025-11-22T20:26:42+01:00\"},{\"@type\":\"WebSite\",\"@id\":\"https:\\\/\\\/candas365.es\\\/noticias\\\/#website\",\"url\":\"https:\\\/\\\/candas365.es\\\/noticias\\\/\",\"name\":\"Cand\\u00e1s 365\",\"alternateName\":\"Cand\\u00e1s 365 Noticias\",\"description\":\"Actualidad desde Carre\\u00f1o para el mundo\",\"inLanguage\":\"es-ES\",\"publisher\":{\"@id\":\"https:\\\/\\\/candas365.es\\\/noticias\\\/#organization\"}}]}\n\t\t<\/script>\n\t\t<!-- All in One SEO Pro -->\r\n\t\t<title>Fontaniella: El accidente en Vega de Rengos fue por un desprendimiento | Cand\u00e1s 365<\/title>\n\n","aioseo_head_json":{"title":"Fontaniella: El accidente en Vega de Rengos fue por un desprendimiento | Cand\u00e1s 365","description":"El alcalde de Cangas del Narcea, Jos\u00e9 Luis Fontaniella, afirm\u00f3 este s\u00e1bado que el accidente en la mina de Vega de Rengos, que dej\u00f3 dos trabajadores fallecidos","canonical_url":"https:\/\/candas365.es\/noticias\/fontaniella-el-accidente-en-vega-de-rengos-fue-por-un-desprendimiento\/","robots":"max-image-preview:large","keywords":"destacadas,sucesos","webmasterTools":{"google-site-verification":"UA-32230408-1","msvalidate.01":"354F3CDFB2DA171B47FBE9ABF1F88D5","miscellaneous":""},"schema":{"@context":"https:\/\/schema.org","@graph":[{"@type":"BreadcrumbList","@id":"https:\/\/candas365.es\/noticias\/fontaniella-el-accidente-en-vega-de-rengos-fue-por-un-desprendimiento\/#breadcrumblist","itemListElement":[{"@type":"ListItem","@id":"https:\/\/candas365.es\/noticias#listItem","position":1,"name":"Home","item":"https:\/\/candas365.es\/noticias","nextItem":{"@type":"ListItem","@id":"https:\/\/candas365.es\/noticias\/category\/destacadas\/#listItem","name":"Destacadas"}},{"@type":"ListItem","@id":"https:\/\/candas365.es\/noticias\/category\/destacadas\/#listItem","position":2,"name":"Destacadas","item":"https:\/\/candas365.es\/noticias\/category\/destacadas\/","nextItem":{"@type":"ListItem","@id":"https:\/\/candas365.es\/noticias\/fontaniella-el-accidente-en-vega-de-rengos-fue-por-un-desprendimiento\/#listItem","name":"Fontaniella: El accidente en Vega de Rengos fue por un desprendimiento"},"previousItem":{"@type":"ListItem","@id":"https:\/\/candas365.es\/noticias#listItem","name":"Home"}},{"@type":"ListItem","@id":"https:\/\/candas365.es\/noticias\/fontaniella-el-accidente-en-vega-de-rengos-fue-por-un-desprendimiento\/#listItem","position":3,"name":"Fontaniella: El accidente en Vega de Rengos fue por un desprendimiento","previousItem":{"@type":"ListItem","@id":"https:\/\/candas365.es\/noticias\/category\/destacadas\/#listItem","name":"Destacadas"}}]},{"@type":"NewsArticle","@id":"https:\/\/candas365.es\/noticias\/fontaniella-el-accidente-en-vega-de-rengos-fue-por-un-desprendimiento\/#newsarticle","name":"Fontaniella: El accidente en Vega de Rengos fue por un desprendimiento | Cand\u00e1s 365","headline":"Fontaniella: El accidente en Vega de Rengos fue por un desprendimiento","author":{"@id":"https:\/\/candas365.es\/noticias\/author\/admin\/#author"},"publisher":{"@id":"https:\/\/candas365.es\/noticias\/#organization"},"image":{"@type":"ImageObject","url":"https:\/\/candas365.es\/noticias\/wp-content\/uploads\/2025\/11\/Fontaniella-El-accidente-en-Vega-de-Rengos.jpg","width":1136,"height":549,"caption":"Imagen del alcalde haciendo declaraciones a los medios tomada a la retransimisi\u00f3n de RTVE | Foto de Servimedia"},"datePublished":"2025-11-22T20:26:42+01:00","dateModified":"2025-11-22T20:26:42+01:00","inLanguage":"es-ES","mainEntityOfPage":{"@id":"https:\/\/candas365.es\/noticias\/fontaniella-el-accidente-en-vega-de-rengos-fue-por-un-desprendimiento\/#webpage"},"isPartOf":{"@id":"https:\/\/candas365.es\/noticias\/fontaniella-el-accidente-en-vega-de-rengos-fue-por-un-desprendimiento\/#webpage"},"articleSection":"Destacadas, Sucesos, Asturias, sucesos","dateline":"Publicado el noviembre 22, 2025."},{"@type":"Organization","@id":"https:\/\/candas365.es\/noticias\/#organization","name":"Cand\u00e1s 365","description":"Cand\u00e1s 365 es un diario digital independiente, fundado en 2012, con base en Asturias. Informamos con rigor sobre actualidad, sociedad, cultura y ocio, con una mirada local y global.","url":"https:\/\/candas365.es\/noticias\/","email":"info@candas365.es","telephone":"+34652131393","foundingDate":"2012-06-10","logo":{"@type":"ImageObject","url":"https:\/\/candas365.es\/noticias\/wp-content\/uploads\/2024\/09\/Candas-365-Redes.jpg","@id":"https:\/\/candas365.es\/noticias\/fontaniella-el-accidente-en-vega-de-rengos-fue-por-un-desprendimiento\/#organizationLogo","width":1152,"height":864,"caption":"Cand\u00e1s 365 Redes"},"image":{"@id":"https:\/\/candas365.es\/noticias\/fontaniella-el-accidente-en-vega-de-rengos-fue-por-un-desprendimiento\/#organizationLogo"},"sameAs":["https:\/\/www.facebook.com\/Nachofdezber","https:\/\/x.com\/NabercoDigital","https:\/\/www.instagram.com\/nachofdezber\/","https:\/\/www.youtube.com\/channel\/UCZP-2wLEB9Rv6erhFmqVnvg"],"address":{"@id":"https:\/\/candas365.es\/noticias\/#postaladdress","@type":"PostalAddress","streetAddress":"san antonio 4, san antonio 4","postalCode":"33430","addressLocality":"Cand\u00e1s","addressRegion":"Asturias","addressCountry":"ES"}},{"@type":"Person","@id":"https:\/\/candas365.es\/noticias\/author\/admin\/#author","url":"https:\/\/candas365.es\/noticias\/author\/admin\/","name":"Cand\u00e1s 365","image":{"@type":"ImageObject","@id":"https:\/\/candas365.es\/noticias\/fontaniella-el-accidente-en-vega-de-rengos-fue-por-un-desprendimiento\/#authorImage","url":"https:\/\/secure.gravatar.com\/avatar\/496a8e03d0c493ede1718b7934145dbdf8d89be1036b0eec9544e1094c9de390?s=96&d=mm&r=g","width":96,"height":96,"caption":"Cand\u00e1s 365"},"sameAs":["https:\/\/www.facebook.com\/carrenoactualidad","https:\/\/twitter.com\/nbasturias","https:\/\/www.instagram.com\/nachofdezber\/","https:\/\/www.youtube.com\/channel\/UCZP-2wLEB9Rv6erhFmqVnvg"]},{"@type":"WebPage","@id":"https:\/\/candas365.es\/noticias\/fontaniella-el-accidente-en-vega-de-rengos-fue-por-un-desprendimiento\/#webpage","url":"https:\/\/candas365.es\/noticias\/fontaniella-el-accidente-en-vega-de-rengos-fue-por-un-desprendimiento\/","name":"Fontaniella: El accidente en Vega de Rengos fue por un desprendimiento | Cand\u00e1s 365","description":"El alcalde de Cangas del Narcea, Jos\u00e9 Luis Fontaniella, afirm\u00f3 este s\u00e1bado que el accidente en la mina de Vega de Rengos, que dej\u00f3 dos trabajadores fallecidos","inLanguage":"es-ES","isPartOf":{"@id":"https:\/\/candas365.es\/noticias\/#website"},"breadcrumb":{"@id":"https:\/\/candas365.es\/noticias\/fontaniella-el-accidente-en-vega-de-rengos-fue-por-un-desprendimiento\/#breadcrumblist"},"author":{"@id":"https:\/\/candas365.es\/noticias\/author\/admin\/#author"},"creator":{"@id":"https:\/\/candas365.es\/noticias\/author\/admin\/#author"},"image":{"@type":"ImageObject","url":"https:\/\/candas365.es\/noticias\/wp-content\/uploads\/2025\/11\/Fontaniella-El-accidente-en-Vega-de-Rengos.jpg","@id":"https:\/\/candas365.es\/noticias\/fontaniella-el-accidente-en-vega-de-rengos-fue-por-un-desprendimiento\/#mainImage","width":1136,"height":549,"caption":"Imagen del alcalde haciendo declaraciones a los medios tomada a la retransimisi\u00f3n de RTVE | Foto de Servimedia"},"primaryImageOfPage":{"@id":"https:\/\/candas365.es\/noticias\/fontaniella-el-accidente-en-vega-de-rengos-fue-por-un-desprendimiento\/#mainImage"},"datePublished":"2025-11-22T20:26:42+01:00","dateModified":"2025-11-22T20:26:42+01:00"},{"@type":"WebSite","@id":"https:\/\/candas365.es\/noticias\/#website","url":"https:\/\/candas365.es\/noticias\/","name":"Cand\u00e1s 365","alternateName":"Cand\u00e1s 365 Noticias","description":"Actualidad desde Carre\u00f1o para el mundo","inLanguage":"es-ES","publisher":{"@id":"https:\/\/candas365.es\/noticias\/#organization"}}]},"og:locale":"es_ES","og:site_name":"Cand\u00e1s 365","og:type":"article","og:title":"Fontaniella: El accidente en Vega de Rengos fue por un desprendimiento | Cand\u00e1s 365","og:description":"El alcalde de Cangas del Narcea, Jos\u00e9 Luis Fontaniella, afirm\u00f3 este s\u00e1bado que el accidente en la mina de Vega de Rengos, que dej\u00f3 dos trabajadores fallecidos","og:url":"https:\/\/candas365.es\/noticias\/fontaniella-el-accidente-en-vega-de-rengos-fue-por-un-desprendimiento\/","og:image":"https:\/\/candas365.es\/noticias\/wp-content\/uploads\/2025\/11\/Fontaniella-El-accidente-en-Vega-de-Rengos.jpg","og:image:secure_url":"https:\/\/candas365.es\/noticias\/wp-content\/uploads\/2025\/11\/Fontaniella-El-accidente-en-Vega-de-Rengos.jpg","og:image:width":1136,"og:image:height":549,"article:published_time":"2025-11-22T19:26:42+00:00","article:modified_time":"2025-11-22T19:26:42+00:00","article:publisher":"https:\/\/www.facebook.com\/Nachofdezber","article:author":"https:\/\/www.facebook.com\/carrenoactualidad","twitter:card":"summary_large_image","twitter:site":"@NabercoDigital","twitter:title":"Fontaniella: El accidente en Vega de Rengos fue por un desprendimiento | Cand\u00e1s 365","twitter:description":"El alcalde de Cangas del Narcea, Jos\u00e9 Luis Fontaniella, afirm\u00f3 este s\u00e1bado que el accidente en la mina de Vega de Rengos, que dej\u00f3 dos trabajadores fallecidos","twitter:creator":"@nbasturias","twitter:image":"https:\/\/candas365.es\/noticias\/wp-content\/uploads\/2025\/11\/Fontaniella-El-accidente-en-Vega-de-Rengos.jpg","twitter:label1":"Escrito por","twitter:data1":"Cand\u00e1s 365","twitter:label2":"Tiempo de lectura estimado","twitter:data2":"2 minutos"},"aioseo_meta_data":{"post_id":"190353","title":null,"description":"El alcalde de Cangas del Narcea, Jos\u00e9 Luis Fontaniella, afirm\u00f3 este s\u00e1bado que el accidente en la mina de Vega de Rengos, que dej\u00f3 dos trabajadores fallecidos","keywords":null,"keyphrases":{"focus":{"keyphrase":"Vega de Rengos","score":85,"analysis":{"keyphraseInTitle":{"score":9,"maxScore":9,"error":0},"keyphraseInDescription":{"score":9,"maxScore":9,"error":0},"keyphraseLength":{"score":9,"maxScore":9,"error":0,"length":3},"keyphraseInURL":{"score":5,"maxScore":5,"error":0},"keyphraseInIntroduction":{"score":9,"maxScore":9,"error":0},"keyphraseInSubHeadings":[],"keyphraseInImageAlt":{"score":9,"maxScore":9,"error":0},"keywordDensity":{"score":0,"type":"low","maxScore":9,"error":1}}},"additional":[{"keyphrase":"Fontaniella","score":100,"analysis":{"keyphraseInDescription":{"score":9,"maxScore":9,"error":0},"keyphraseLength":{"score":9,"maxScore":9,"error":0,"length":1},"keyphraseInIntroduction":{"score":9,"maxScore":9,"error":0},"keyphraseInImageAlt":{"score":9,"maxScore":9,"error":0},"keywordDensity":{"type":"best","score":9,"maxScore":9,"error":0}}}]},"primary_term":null,"canonical_url":null,"og_title":null,"og_description":null,"og_object_type":"default","og_image_type":"default","og_image_url":null,"og_image_width":null,"og_image_height":null,"og_image_custom_url":null,"og_image_custom_fields":null,"og_video":"","og_custom_url":null,"og_article_section":null,"og_article_tags":null,"twitter_use_og":false,"twitter_card":"default","twitter_image_type":"default","twitter_image_url":null,"twitter_image_custom_url":null,"twitter_image_custom_fields":null,"twitter_title":null,"twitter_description":null,"schema":{"blockGraphs":[],"customGraphs":[],"default":{"data":{"Article":[],"Course":[],"Dataset":[],"FAQPage":[],"Movie":[],"Person":[],"Product":[],"ProductReview":[],"Car":[],"Recipe":[],"Service":[],"SoftwareApplication":[],"WebPage":[]},"graphName":"Article","isEnabled":true},"graphs":[]},"schema_type":"default","schema_type_options":null,"pillar_content":false,"robots_default":true,"robots_noindex":false,"robots_noarchive":false,"robots_nosnippet":false,"robots_nofollow":false,"robots_noimageindex":false,"robots_noodp":false,"robots_notranslate":false,"robots_max_snippet":"-1","robots_max_videopreview":"-1","robots_max_imagepreview":"large","priority":null,"frequency":"default","location":null,"local_seo":null,"seo_analyzer_scan_date":"2025-11-22 19:32:10","breadcrumb_settings":null,"limit_modified_date":false,"reviewed_by":null,"open_ai":null,"ai":{"faqs":[],"keyPoints":[],"titles":[],"descriptions":[],"socialPosts":{"email":[],"linkedin":[],"twitter":[],"facebook":[],"instagram":[]}},"created":"2025-11-22 19:20:13","updated":"2025-11-22 19:36:09"},"aioseo_breadcrumb":"<div class=\"aioseo-breadcrumbs\"><span class=\"aioseo-breadcrumb\">\n\t<a href=\"https:\/\/candas365.es\/noticias\" title=\"Home\">Home<\/a>\n<\/span><span class=\"aioseo-breadcrumb-separator\">&ndash;<\/span><span class=\"aioseo-breadcrumb\">\n\t<a href=\"https:\/\/candas365.es\/noticias\/category\/destacadas\/\" title=\"Destacadas\">Destacadas<\/a>\n<\/span><span class=\"aioseo-breadcrumb-separator\">&ndash;<\/span><span class=\"aioseo-breadcrumb\">\n\tFontaniella: El accidente en Vega de Rengos fue por un desprendimiento\n<\/span><\/div>","aioseo_breadcrumb_json":[{"label":"Home","link":"https:\/\/candas365.es\/noticias"},{"label":"Destacadas","link":"https:\/\/candas365.es\/noticias\/category\/destacadas\/"},{"label":"Fontaniella: El accidente en Vega de Rengos fue por un desprendimiento","link":"https:\/\/candas365.es\/noticias\/fontaniella-el-accidente-en-vega-de-rengos-fue-por-un-desprendimiento\/"}],"_links":{"self":[{"href":"https:\/\/candas365.es\/noticias\/wp-json\/wp\/v2\/posts\/190353","targetHints":{"allow":["GET"]}}],"collection":[{"href":"https:\/\/candas365.es\/noticias\/wp-json\/wp\/v2\/posts"}],"about":[{"href":"https:\/\/candas365.es\/noticias\/wp-json\/wp\/v2\/types\/post"}],"author":[{"embeddable":true,"href":"https:\/\/candas365.es\/noticias\/wp-json\/wp\/v2\/users\/1"}],"replies":[{"embeddable":true,"href":"https:\/\/candas365.es\/noticias\/wp-json\/wp\/v2\/comments?post=190353"}],"version-history":[{"count":0,"href":"https:\/\/candas365.es\/noticias\/wp-json\/wp\/v2\/posts\/190353\/revisions"}],"wp:featuredmedia":[{"embeddable":true,"href":"https:\/\/candas365.es\/noticias\/wp-json\/wp\/v2\/media\/190354"}],"wp:attachment":[{"href":"https:\/\/candas365.es\/noticias\/wp-json\/wp\/v2\/media?parent=190353"}],"wp:term":[{"taxonomy":"category","embeddable":true,"href":"https:\/\/candas365.es\/noticias\/wp-json\/wp\/v2\/categories?post=190353"},{"taxonomy":"post_tag","embeddable":true,"href":"https:\/\/candas365.es\/noticias\/wp-json\/wp\/v2\/tags?post=190353"}],"curies":[{"name":"wp","href":"https:\/\/api.w.org\/{rel}","templated":true}]}}