{"id":190344,"date":"2025-11-22T19:44:12","date_gmt":"2025-11-22T18:44:12","guid":{"rendered":"https:\/\/candas365.es\/noticias\/?p=190344"},"modified":"2025-11-22T19:44:12","modified_gmt":"2025-11-22T18:44:12","slug":"el-precio-de-la-electricidad-baja-el-23-de-noviembre","status":"publish","type":"post","link":"https:\/\/candas365.es\/noticias\/el-precio-de-la-electricidad-baja-el-23-de-noviembre\/","title":{"rendered":"El precio de la electricidad baja el 23 de noviembre"},"content":{"rendered":"<p>El <a href=\"https:\/\/candas365.es\/noticias\/category\/economia\/\"><span style=\"color: #ff6600;\"><strong>precio medio de la electricidad<\/strong><\/span><\/a> en el mercado mayorista bajar\u00e1 un 32,5% este domingo 23 de noviembre de 2025, situ\u00e1ndose en 39,88 euros el megavatio hora (MWh), frente a los 59,07 euros de este s\u00e1bado.<\/p>\n<figure id=\"attachment_190345\" aria-describedby=\"caption-attachment-190345\" style=\"width: 650px\" class=\"wp-caption aligncenter\"><img fetchpriority=\"high\" decoding=\"async\" class=\"size-large wp-image-190345\" src=\"https:\/\/candas365.es\/noticias\/wp-content\/uploads\/2025\/11\/El-precio-de-la-electricidad-baja-el-23-de-noviembre-650x429.jpg\" alt=\"El precio de la electricidad baja el 23 de noviembre\" width=\"650\" height=\"429\" srcset=\"https:\/\/candas365.es\/noticias\/wp-content\/uploads\/2025\/11\/El-precio-de-la-electricidad-baja-el-23-de-noviembre-650x429.jpg 650w, https:\/\/candas365.es\/noticias\/wp-content\/uploads\/2025\/11\/El-precio-de-la-electricidad-baja-el-23-de-noviembre-360x238.jpg 360w, https:\/\/candas365.es\/noticias\/wp-content\/uploads\/2025\/11\/El-precio-de-la-electricidad-baja-el-23-de-noviembre-768x507.jpg 768w, https:\/\/candas365.es\/noticias\/wp-content\/uploads\/2025\/11\/El-precio-de-la-electricidad-baja-el-23-de-noviembre-150x99.jpg 150w, https:\/\/candas365.es\/noticias\/wp-content\/uploads\/2025\/11\/El-precio-de-la-electricidad-baja-el-23-de-noviembre-450x297.jpg 450w, https:\/\/candas365.es\/noticias\/wp-content\/uploads\/2025\/11\/El-precio-de-la-electricidad-baja-el-23-de-noviembre.jpg 1027w\" sizes=\"(max-width: 650px) 100vw, 650px\" \/><figcaption id=\"caption-attachment-190345\" class=\"wp-caption-text\">Foto: 123rf.com<\/figcaption><\/figure>\n<p>Con este descenso, el precio de la luz sumar\u00e1 cuatro d\u00edas por debajo de los 100 euros por MWh, seg\u00fan los \u00faltimos datos del Operador del Mercado Ib\u00e9rico de la Electricidad (OMIE) recogidos por Servimedia, que reflejan que el coste m\u00e1ximo este domingo se registrar\u00e1 en torno a las 21.00 horas, y habr\u00e1 un tramo entre el mediod\u00eda y las 16.00 horas en el que el precio se mover\u00e1 ligeramente por encima de los cero euros.<\/p>\n<p>Los 39,88 euros de media de este domingo suponen una subida de un 16,8% en comparaci\u00f3n con los 34,14 euros del domingo anterior, y de un 69% respecto a los 23,59 euros de un mes antes, el 23 de octubre.<\/p>\n<p>En comparativa interanual, el encarecimiento ser\u00e1 del 54,2%, ya que el 23 noviembre del a\u00f1o pasado el precio fue de 87,23 euros por MWh.<\/p>\n<p>(<a href=\"https:\/\/www.servimedia.es\/\" target=\"_blank\" rel=\"noopener\"><span style=\"color: #ff6600;\"><strong>SERVIMEDIA<\/strong><\/span><\/a>)<\/p>\n","protected":false},"excerpt":{"rendered":"<p>El precio medio de la electricidad en el mercado mayorista bajar\u00e1 un 32,5% este domingo 23 de noviembre de 2025, situ\u00e1ndose en 39,88 euros el megavatio hora (MWh), frente a los 59,07 euros de este s\u00e1bado. Con este descenso, el precio de la luz sumar\u00e1 cuatro d\u00edas por debajo de los 100 euros por MWh,<\/p>\n","protected":false},"author":1,"featured_media":190345,"comment_status":"closed","ping_status":"closed","sticky":false,"template":"","format":"standard","meta":{"footnotes":""},"categories":[486],"tags":[437],"class_list":{"0":"post-190344","1":"post","2":"type-post","3":"status-publish","4":"format-standard","5":"has-post-thumbnail","7":"category-economia","8":"tag-economia"},"aioseo_notices":[],"aioseo_head":"\n\t\t<!-- All in One SEO Pro 4.9.6.2 - aioseo.com -->\n\t<meta name=\"description\" content=\"El precio medio de la electricidad en el mercado mayorista bajar\u00e1 un 32,5% este domingo 23 de noviembre de 2025, situ\u00e1ndose en 39,88 euros el megavatio\" \/>\n\t<meta name=\"robots\" content=\"max-image-preview:large\" \/>\n\t<meta name=\"author\" content=\"Cand\u00e1s 365\"\/>\n\t<meta name=\"google-site-verification\" content=\"UA-32230408-1\" \/>\n\t<meta name=\"msvalidate.01\" content=\"354F3CDFB2DA171B47FBE9ABF1F88D5\" \/>\n\t<meta name=\"keywords\" content=\"econom\u00eda\" \/>\n\t<link rel=\"canonical\" href=\"https:\/\/candas365.es\/noticias\/el-precio-de-la-electricidad-baja-el-23-de-noviembre\/\" \/>\n\t<meta name=\"generator\" content=\"All in One SEO Pro (AIOSEO) 4.9.6.2\" \/>\n\t\t<meta property=\"og:locale\" content=\"es_ES\" \/>\n\t\t<meta property=\"og:site_name\" content=\"Cand\u00e1s 365\" \/>\n\t\t<meta property=\"og:type\" content=\"article\" \/>\n\t\t<meta property=\"og:title\" content=\"El precio de la electricidad baja el 23 de noviembre | Cand\u00e1s 365\" \/>\n\t\t<meta property=\"og:description\" content=\"El precio medio de la electricidad en el mercado mayorista bajar\u00e1 un 32,5% este domingo 23 de noviembre de 2025, situ\u00e1ndose en 39,88 euros el megavatio\" \/>\n\t\t<meta property=\"og:url\" content=\"https:\/\/candas365.es\/noticias\/el-precio-de-la-electricidad-baja-el-23-de-noviembre\/\" \/>\n\t\t<meta property=\"og:image\" content=\"https:\/\/candas365.es\/noticias\/wp-content\/uploads\/2025\/11\/El-precio-de-la-electricidad-baja-el-23-de-noviembre.jpg\" \/>\n\t\t<meta property=\"og:image:secure_url\" content=\"https:\/\/candas365.es\/noticias\/wp-content\/uploads\/2025\/11\/El-precio-de-la-electricidad-baja-el-23-de-noviembre.jpg\" \/>\n\t\t<meta property=\"og:image:width\" content=\"1027\" \/>\n\t\t<meta property=\"og:image:height\" content=\"678\" \/>\n\t\t<meta property=\"article:published_time\" content=\"2025-11-22T18:44:12+00:00\" \/>\n\t\t<meta property=\"article:modified_time\" content=\"2025-11-22T18:44:12+00:00\" \/>\n\t\t<meta property=\"article:publisher\" content=\"https:\/\/www.facebook.com\/Nachofdezber\" \/>\n\t\t<meta property=\"article:author\" content=\"https:\/\/www.facebook.com\/carrenoactualidad\" \/>\n\t\t<meta name=\"twitter:card\" content=\"summary_large_image\" \/>\n\t\t<meta name=\"twitter:site\" content=\"@NabercoDigital\" \/>\n\t\t<meta name=\"twitter:title\" content=\"El precio de la electricidad baja el 23 de noviembre | Cand\u00e1s 365\" \/>\n\t\t<meta name=\"twitter:description\" content=\"El precio medio de la electricidad en el mercado mayorista bajar\u00e1 un 32,5% este domingo 23 de noviembre de 2025, situ\u00e1ndose en 39,88 euros el megavatio\" \/>\n\t\t<meta name=\"twitter:creator\" content=\"@nbasturias\" \/>\n\t\t<meta name=\"twitter:image\" content=\"https:\/\/candas365.es\/noticias\/wp-content\/uploads\/2025\/11\/El-precio-de-la-electricidad-baja-el-23-de-noviembre.jpg\" \/>\n\t\t<meta name=\"twitter:label1\" content=\"Escrito por\" \/>\n\t\t<meta name=\"twitter:data1\" content=\"Cand\u00e1s 365\" \/>\n\t\t<meta name=\"twitter:label2\" content=\"Tiempo de lectura estimado\" \/>\n\t\t<meta name=\"twitter:data2\" content=\"1 minuto\" \/>\n\t\t<script type=\"application\/ld+json\" class=\"aioseo-schema\">\n\t\t\t{\"@context\":\"https:\\\/\\\/schema.org\",\"@graph\":[{\"@type\":\"BreadcrumbList\",\"@id\":\"https:\\\/\\\/candas365.es\\\/noticias\\\/el-precio-de-la-electricidad-baja-el-23-de-noviembre\\\/#breadcrumblist\",\"itemListElement\":[{\"@type\":\"ListItem\",\"@id\":\"https:\\\/\\\/candas365.es\\\/noticias#listItem\",\"position\":1,\"name\":\"Home\",\"item\":\"https:\\\/\\\/candas365.es\\\/noticias\",\"nextItem\":{\"@type\":\"ListItem\",\"@id\":\"https:\\\/\\\/candas365.es\\\/noticias\\\/category\\\/economia\\\/#listItem\",\"name\":\"Econom\\u00eda\"}},{\"@type\":\"ListItem\",\"@id\":\"https:\\\/\\\/candas365.es\\\/noticias\\\/category\\\/economia\\\/#listItem\",\"position\":2,\"name\":\"Econom\\u00eda\",\"item\":\"https:\\\/\\\/candas365.es\\\/noticias\\\/category\\\/economia\\\/\",\"nextItem\":{\"@type\":\"ListItem\",\"@id\":\"https:\\\/\\\/candas365.es\\\/noticias\\\/el-precio-de-la-electricidad-baja-el-23-de-noviembre\\\/#listItem\",\"name\":\"El precio de la electricidad baja el 23 de noviembre\"},\"previousItem\":{\"@type\":\"ListItem\",\"@id\":\"https:\\\/\\\/candas365.es\\\/noticias#listItem\",\"name\":\"Home\"}},{\"@type\":\"ListItem\",\"@id\":\"https:\\\/\\\/candas365.es\\\/noticias\\\/el-precio-de-la-electricidad-baja-el-23-de-noviembre\\\/#listItem\",\"position\":3,\"name\":\"El precio de la electricidad baja el 23 de noviembre\",\"previousItem\":{\"@type\":\"ListItem\",\"@id\":\"https:\\\/\\\/candas365.es\\\/noticias\\\/category\\\/economia\\\/#listItem\",\"name\":\"Econom\\u00eda\"}}]},{\"@type\":\"NewsArticle\",\"@id\":\"https:\\\/\\\/candas365.es\\\/noticias\\\/el-precio-de-la-electricidad-baja-el-23-de-noviembre\\\/#newsarticle\",\"name\":\"El precio de la electricidad baja el 23 de noviembre | Cand\\u00e1s 365\",\"headline\":\"El precio de la electricidad baja el 23 de noviembre\",\"author\":{\"@id\":\"https:\\\/\\\/candas365.es\\\/noticias\\\/author\\\/admin\\\/#author\"},\"publisher\":{\"@id\":\"https:\\\/\\\/candas365.es\\\/noticias\\\/#organization\"},\"image\":{\"@type\":\"ImageObject\",\"url\":\"https:\\\/\\\/candas365.es\\\/noticias\\\/wp-content\\\/uploads\\\/2025\\\/11\\\/El-precio-de-la-electricidad-baja-el-23-de-noviembre.jpg\",\"width\":1027,\"height\":678,\"caption\":\"Foto: 123rf.com\"},\"datePublished\":\"2025-11-22T19:44:12+01:00\",\"dateModified\":\"2025-11-22T19:44:12+01:00\",\"inLanguage\":\"es-ES\",\"mainEntityOfPage\":{\"@id\":\"https:\\\/\\\/candas365.es\\\/noticias\\\/el-precio-de-la-electricidad-baja-el-23-de-noviembre\\\/#webpage\"},\"isPartOf\":{\"@id\":\"https:\\\/\\\/candas365.es\\\/noticias\\\/el-precio-de-la-electricidad-baja-el-23-de-noviembre\\\/#webpage\"},\"articleSection\":\"Econom\\u00eda, Econom\\u00eda\",\"dateline\":\"Publicado el noviembre 22, 2025.\"},{\"@type\":\"Organization\",\"@id\":\"https:\\\/\\\/candas365.es\\\/noticias\\\/#organization\",\"name\":\"Cand\\u00e1s 365\",\"description\":\"Cand\\u00e1s 365 es un diario digital independiente, fundado en 2012, con base en Asturias. Informamos con rigor sobre actualidad, sociedad, cultura y ocio, con una mirada local y global.\",\"url\":\"https:\\\/\\\/candas365.es\\\/noticias\\\/\",\"email\":\"info@candas365.es\",\"telephone\":\"+34652131393\",\"foundingDate\":\"2012-06-10\",\"logo\":{\"@type\":\"ImageObject\",\"url\":\"https:\\\/\\\/candas365.es\\\/noticias\\\/wp-content\\\/uploads\\\/2024\\\/09\\\/Candas-365-Redes.jpg\",\"@id\":\"https:\\\/\\\/candas365.es\\\/noticias\\\/el-precio-de-la-electricidad-baja-el-23-de-noviembre\\\/#organizationLogo\",\"width\":1152,\"height\":864,\"caption\":\"Cand\\u00e1s 365 Redes\"},\"image\":{\"@id\":\"https:\\\/\\\/candas365.es\\\/noticias\\\/el-precio-de-la-electricidad-baja-el-23-de-noviembre\\\/#organizationLogo\"},\"sameAs\":[\"https:\\\/\\\/www.facebook.com\\\/Nachofdezber\",\"https:\\\/\\\/x.com\\\/NabercoDigital\",\"https:\\\/\\\/www.instagram.com\\\/nachofdezber\\\/\",\"https:\\\/\\\/www.youtube.com\\\/channel\\\/UCZP-2wLEB9Rv6erhFmqVnvg\"],\"address\":{\"@id\":\"https:\\\/\\\/candas365.es\\\/noticias\\\/#postaladdress\",\"@type\":\"PostalAddress\",\"streetAddress\":\"san antonio 4, san antonio 4\",\"postalCode\":\"33430\",\"addressLocality\":\"Cand\\u00e1s\",\"addressRegion\":\"Asturias\",\"addressCountry\":\"ES\"}},{\"@type\":\"Person\",\"@id\":\"https:\\\/\\\/candas365.es\\\/noticias\\\/author\\\/admin\\\/#author\",\"url\":\"https:\\\/\\\/candas365.es\\\/noticias\\\/author\\\/admin\\\/\",\"name\":\"Cand\\u00e1s 365\",\"image\":{\"@type\":\"ImageObject\",\"@id\":\"https:\\\/\\\/candas365.es\\\/noticias\\\/el-precio-de-la-electricidad-baja-el-23-de-noviembre\\\/#authorImage\",\"url\":\"https:\\\/\\\/secure.gravatar.com\\\/avatar\\\/496a8e03d0c493ede1718b7934145dbdf8d89be1036b0eec9544e1094c9de390?s=96&d=mm&r=g\",\"width\":96,\"height\":96,\"caption\":\"Cand\\u00e1s 365\"},\"sameAs\":[\"https:\\\/\\\/www.facebook.com\\\/carrenoactualidad\",\"https:\\\/\\\/twitter.com\\\/nbasturias\",\"https:\\\/\\\/www.instagram.com\\\/nachofdezber\\\/\",\"https:\\\/\\\/www.youtube.com\\\/channel\\\/UCZP-2wLEB9Rv6erhFmqVnvg\"]},{\"@type\":\"WebPage\",\"@id\":\"https:\\\/\\\/candas365.es\\\/noticias\\\/el-precio-de-la-electricidad-baja-el-23-de-noviembre\\\/#webpage\",\"url\":\"https:\\\/\\\/candas365.es\\\/noticias\\\/el-precio-de-la-electricidad-baja-el-23-de-noviembre\\\/\",\"name\":\"El precio de la electricidad baja el 23 de noviembre | Cand\\u00e1s 365\",\"description\":\"El precio medio de la electricidad en el mercado mayorista bajar\\u00e1 un 32,5% este domingo 23 de noviembre de 2025, situ\\u00e1ndose en 39,88 euros el megavatio\",\"inLanguage\":\"es-ES\",\"isPartOf\":{\"@id\":\"https:\\\/\\\/candas365.es\\\/noticias\\\/#website\"},\"breadcrumb\":{\"@id\":\"https:\\\/\\\/candas365.es\\\/noticias\\\/el-precio-de-la-electricidad-baja-el-23-de-noviembre\\\/#breadcrumblist\"},\"author\":{\"@id\":\"https:\\\/\\\/candas365.es\\\/noticias\\\/author\\\/admin\\\/#author\"},\"creator\":{\"@id\":\"https:\\\/\\\/candas365.es\\\/noticias\\\/author\\\/admin\\\/#author\"},\"image\":{\"@type\":\"ImageObject\",\"url\":\"https:\\\/\\\/candas365.es\\\/noticias\\\/wp-content\\\/uploads\\\/2025\\\/11\\\/El-precio-de-la-electricidad-baja-el-23-de-noviembre.jpg\",\"@id\":\"https:\\\/\\\/candas365.es\\\/noticias\\\/el-precio-de-la-electricidad-baja-el-23-de-noviembre\\\/#mainImage\",\"width\":1027,\"height\":678,\"caption\":\"Foto: 123rf.com\"},\"primaryImageOfPage\":{\"@id\":\"https:\\\/\\\/candas365.es\\\/noticias\\\/el-precio-de-la-electricidad-baja-el-23-de-noviembre\\\/#mainImage\"},\"datePublished\":\"2025-11-22T19:44:12+01:00\",\"dateModified\":\"2025-11-22T19:44:12+01:00\"},{\"@type\":\"WebSite\",\"@id\":\"https:\\\/\\\/candas365.es\\\/noticias\\\/#website\",\"url\":\"https:\\\/\\\/candas365.es\\\/noticias\\\/\",\"name\":\"Cand\\u00e1s 365\",\"alternateName\":\"Cand\\u00e1s 365 Noticias\",\"description\":\"Actualidad desde Carre\\u00f1o para el mundo\",\"inLanguage\":\"es-ES\",\"publisher\":{\"@id\":\"https:\\\/\\\/candas365.es\\\/noticias\\\/#organization\"}}]}\n\t\t<\/script>\n\t\t<!-- All in One SEO Pro -->\r\n\t\t<title>El precio de la electricidad baja el 23 de noviembre | Cand\u00e1s 365<\/title>\n\n","aioseo_head_json":{"title":"El precio de la electricidad baja el 23 de noviembre | Cand\u00e1s 365","description":"El precio medio de la electricidad en el mercado mayorista bajar\u00e1 un 32,5% este domingo 23 de noviembre de 2025, situ\u00e1ndose en 39,88 euros el megavatio","canonical_url":"https:\/\/candas365.es\/noticias\/el-precio-de-la-electricidad-baja-el-23-de-noviembre\/","robots":"max-image-preview:large","keywords":"econom\u00eda","webmasterTools":{"google-site-verification":"UA-32230408-1","msvalidate.01":"354F3CDFB2DA171B47FBE9ABF1F88D5","miscellaneous":""},"schema":{"@context":"https:\/\/schema.org","@graph":[{"@type":"BreadcrumbList","@id":"https:\/\/candas365.es\/noticias\/el-precio-de-la-electricidad-baja-el-23-de-noviembre\/#breadcrumblist","itemListElement":[{"@type":"ListItem","@id":"https:\/\/candas365.es\/noticias#listItem","position":1,"name":"Home","item":"https:\/\/candas365.es\/noticias","nextItem":{"@type":"ListItem","@id":"https:\/\/candas365.es\/noticias\/category\/economia\/#listItem","name":"Econom\u00eda"}},{"@type":"ListItem","@id":"https:\/\/candas365.es\/noticias\/category\/economia\/#listItem","position":2,"name":"Econom\u00eda","item":"https:\/\/candas365.es\/noticias\/category\/economia\/","nextItem":{"@type":"ListItem","@id":"https:\/\/candas365.es\/noticias\/el-precio-de-la-electricidad-baja-el-23-de-noviembre\/#listItem","name":"El precio de la electricidad baja el 23 de noviembre"},"previousItem":{"@type":"ListItem","@id":"https:\/\/candas365.es\/noticias#listItem","name":"Home"}},{"@type":"ListItem","@id":"https:\/\/candas365.es\/noticias\/el-precio-de-la-electricidad-baja-el-23-de-noviembre\/#listItem","position":3,"name":"El precio de la electricidad baja el 23 de noviembre","previousItem":{"@type":"ListItem","@id":"https:\/\/candas365.es\/noticias\/category\/economia\/#listItem","name":"Econom\u00eda"}}]},{"@type":"NewsArticle","@id":"https:\/\/candas365.es\/noticias\/el-precio-de-la-electricidad-baja-el-23-de-noviembre\/#newsarticle","name":"El precio de la electricidad baja el 23 de noviembre | Cand\u00e1s 365","headline":"El precio de la electricidad baja el 23 de noviembre","author":{"@id":"https:\/\/candas365.es\/noticias\/author\/admin\/#author"},"publisher":{"@id":"https:\/\/candas365.es\/noticias\/#organization"},"image":{"@type":"ImageObject","url":"https:\/\/candas365.es\/noticias\/wp-content\/uploads\/2025\/11\/El-precio-de-la-electricidad-baja-el-23-de-noviembre.jpg","width":1027,"height":678,"caption":"Foto: 123rf.com"},"datePublished":"2025-11-22T19:44:12+01:00","dateModified":"2025-11-22T19:44:12+01:00","inLanguage":"es-ES","mainEntityOfPage":{"@id":"https:\/\/candas365.es\/noticias\/el-precio-de-la-electricidad-baja-el-23-de-noviembre\/#webpage"},"isPartOf":{"@id":"https:\/\/candas365.es\/noticias\/el-precio-de-la-electricidad-baja-el-23-de-noviembre\/#webpage"},"articleSection":"Econom\u00eda, Econom\u00eda","dateline":"Publicado el noviembre 22, 2025."},{"@type":"Organization","@id":"https:\/\/candas365.es\/noticias\/#organization","name":"Cand\u00e1s 365","description":"Cand\u00e1s 365 es un diario digital independiente, fundado en 2012, con base en Asturias. Informamos con rigor sobre actualidad, sociedad, cultura y ocio, con una mirada local y global.","url":"https:\/\/candas365.es\/noticias\/","email":"info@candas365.es","telephone":"+34652131393","foundingDate":"2012-06-10","logo":{"@type":"ImageObject","url":"https:\/\/candas365.es\/noticias\/wp-content\/uploads\/2024\/09\/Candas-365-Redes.jpg","@id":"https:\/\/candas365.es\/noticias\/el-precio-de-la-electricidad-baja-el-23-de-noviembre\/#organizationLogo","width":1152,"height":864,"caption":"Cand\u00e1s 365 Redes"},"image":{"@id":"https:\/\/candas365.es\/noticias\/el-precio-de-la-electricidad-baja-el-23-de-noviembre\/#organizationLogo"},"sameAs":["https:\/\/www.facebook.com\/Nachofdezber","https:\/\/x.com\/NabercoDigital","https:\/\/www.instagram.com\/nachofdezber\/","https:\/\/www.youtube.com\/channel\/UCZP-2wLEB9Rv6erhFmqVnvg"],"address":{"@id":"https:\/\/candas365.es\/noticias\/#postaladdress","@type":"PostalAddress","streetAddress":"san antonio 4, san antonio 4","postalCode":"33430","addressLocality":"Cand\u00e1s","addressRegion":"Asturias","addressCountry":"ES"}},{"@type":"Person","@id":"https:\/\/candas365.es\/noticias\/author\/admin\/#author","url":"https:\/\/candas365.es\/noticias\/author\/admin\/","name":"Cand\u00e1s 365","image":{"@type":"ImageObject","@id":"https:\/\/candas365.es\/noticias\/el-precio-de-la-electricidad-baja-el-23-de-noviembre\/#authorImage","url":"https:\/\/secure.gravatar.com\/avatar\/496a8e03d0c493ede1718b7934145dbdf8d89be1036b0eec9544e1094c9de390?s=96&d=mm&r=g","width":96,"height":96,"caption":"Cand\u00e1s 365"},"sameAs":["https:\/\/www.facebook.com\/carrenoactualidad","https:\/\/twitter.com\/nbasturias","https:\/\/www.instagram.com\/nachofdezber\/","https:\/\/www.youtube.com\/channel\/UCZP-2wLEB9Rv6erhFmqVnvg"]},{"@type":"WebPage","@id":"https:\/\/candas365.es\/noticias\/el-precio-de-la-electricidad-baja-el-23-de-noviembre\/#webpage","url":"https:\/\/candas365.es\/noticias\/el-precio-de-la-electricidad-baja-el-23-de-noviembre\/","name":"El precio de la electricidad baja el 23 de noviembre | Cand\u00e1s 365","description":"El precio medio de la electricidad en el mercado mayorista bajar\u00e1 un 32,5% este domingo 23 de noviembre de 2025, situ\u00e1ndose en 39,88 euros el megavatio","inLanguage":"es-ES","isPartOf":{"@id":"https:\/\/candas365.es\/noticias\/#website"},"breadcrumb":{"@id":"https:\/\/candas365.es\/noticias\/el-precio-de-la-electricidad-baja-el-23-de-noviembre\/#breadcrumblist"},"author":{"@id":"https:\/\/candas365.es\/noticias\/author\/admin\/#author"},"creator":{"@id":"https:\/\/candas365.es\/noticias\/author\/admin\/#author"},"image":{"@type":"ImageObject","url":"https:\/\/candas365.es\/noticias\/wp-content\/uploads\/2025\/11\/El-precio-de-la-electricidad-baja-el-23-de-noviembre.jpg","@id":"https:\/\/candas365.es\/noticias\/el-precio-de-la-electricidad-baja-el-23-de-noviembre\/#mainImage","width":1027,"height":678,"caption":"Foto: 123rf.com"},"primaryImageOfPage":{"@id":"https:\/\/candas365.es\/noticias\/el-precio-de-la-electricidad-baja-el-23-de-noviembre\/#mainImage"},"datePublished":"2025-11-22T19:44:12+01:00","dateModified":"2025-11-22T19:44:12+01:00"},{"@type":"WebSite","@id":"https:\/\/candas365.es\/noticias\/#website","url":"https:\/\/candas365.es\/noticias\/","name":"Cand\u00e1s 365","alternateName":"Cand\u00e1s 365 Noticias","description":"Actualidad desde Carre\u00f1o para el mundo","inLanguage":"es-ES","publisher":{"@id":"https:\/\/candas365.es\/noticias\/#organization"}}]},"og:locale":"es_ES","og:site_name":"Cand\u00e1s 365","og:type":"article","og:title":"El precio de la electricidad baja el 23 de noviembre | Cand\u00e1s 365","og:description":"El precio medio de la electricidad en el mercado mayorista bajar\u00e1 un 32,5% este domingo 23 de noviembre de 2025, situ\u00e1ndose en 39,88 euros el megavatio","og:url":"https:\/\/candas365.es\/noticias\/el-precio-de-la-electricidad-baja-el-23-de-noviembre\/","og:image":"https:\/\/candas365.es\/noticias\/wp-content\/uploads\/2025\/11\/El-precio-de-la-electricidad-baja-el-23-de-noviembre.jpg","og:image:secure_url":"https:\/\/candas365.es\/noticias\/wp-content\/uploads\/2025\/11\/El-precio-de-la-electricidad-baja-el-23-de-noviembre.jpg","og:image:width":1027,"og:image:height":678,"article:published_time":"2025-11-22T18:44:12+00:00","article:modified_time":"2025-11-22T18:44:12+00:00","article:publisher":"https:\/\/www.facebook.com\/Nachofdezber","article:author":"https:\/\/www.facebook.com\/carrenoactualidad","twitter:card":"summary_large_image","twitter:site":"@NabercoDigital","twitter:title":"El precio de la electricidad baja el 23 de noviembre | Cand\u00e1s 365","twitter:description":"El precio medio de la electricidad en el mercado mayorista bajar\u00e1 un 32,5% este domingo 23 de noviembre de 2025, situ\u00e1ndose en 39,88 euros el megavatio","twitter:creator":"@nbasturias","twitter:image":"https:\/\/candas365.es\/noticias\/wp-content\/uploads\/2025\/11\/El-precio-de-la-electricidad-baja-el-23-de-noviembre.jpg","twitter:label1":"Escrito por","twitter:data1":"Cand\u00e1s 365","twitter:label2":"Tiempo de lectura estimado","twitter:data2":"1 minuto"},"aioseo_meta_data":{"post_id":"190344","title":null,"description":"El precio medio de la electricidad en el mercado mayorista bajar\u00e1 un 32,5% este domingo 23 de noviembre de 2025, situ\u00e1ndose en 39,88 euros el megavatio","keywords":null,"keyphrases":{"focus":{"keyphrase":"electricidad","score":100,"analysis":{"keyphraseInTitle":{"score":9,"maxScore":9,"error":0},"keyphraseInDescription":{"score":9,"maxScore":9,"error":0},"keyphraseLength":{"score":9,"maxScore":9,"error":0,"length":1},"keyphraseInURL":{"score":5,"maxScore":5,"error":0},"keyphraseInIntroduction":{"score":9,"maxScore":9,"error":0},"keyphraseInSubHeadings":[],"keyphraseInImageAlt":{"score":9,"maxScore":9,"error":0},"keywordDensity":{"type":"best","score":9,"maxScore":9,"error":0}}},"additional":[{"keyphrase":"noviembre","score":100,"analysis":{"keyphraseInDescription":{"score":9,"maxScore":9,"error":0},"keyphraseLength":{"score":9,"maxScore":9,"error":0,"length":1},"keyphraseInIntroduction":{"score":9,"maxScore":9,"error":0},"keyphraseInImageAlt":{"score":9,"maxScore":9,"error":0},"keywordDensity":{"type":"best","score":9,"maxScore":9,"error":0}}}]},"primary_term":null,"canonical_url":null,"og_title":null,"og_description":null,"og_object_type":"default","og_image_type":"default","og_image_url":null,"og_image_width":null,"og_image_height":null,"og_image_custom_url":null,"og_image_custom_fields":null,"og_video":"","og_custom_url":null,"og_article_section":null,"og_article_tags":null,"twitter_use_og":false,"twitter_card":"default","twitter_image_type":"default","twitter_image_url":null,"twitter_image_custom_url":null,"twitter_image_custom_fields":null,"twitter_title":null,"twitter_description":null,"schema":{"blockGraphs":[],"customGraphs":[],"default":{"data":{"Article":[],"Course":[],"Dataset":[],"FAQPage":[],"Movie":[],"Person":[],"Product":[],"ProductReview":[],"Car":[],"Recipe":[],"Service":[],"SoftwareApplication":[],"WebPage":[]},"graphName":"Article","isEnabled":true},"graphs":[]},"schema_type":"default","schema_type_options":null,"pillar_content":false,"robots_default":true,"robots_noindex":false,"robots_noarchive":false,"robots_nosnippet":false,"robots_nofollow":false,"robots_noimageindex":false,"robots_noodp":false,"robots_notranslate":false,"robots_max_snippet":"-1","robots_max_videopreview":"-1","robots_max_imagepreview":"large","priority":null,"frequency":"default","location":null,"local_seo":null,"seo_analyzer_scan_date":"2025-11-22 18:53:29","breadcrumb_settings":null,"limit_modified_date":false,"reviewed_by":null,"open_ai":null,"ai":{"faqs":[],"keyPoints":[],"titles":[],"descriptions":[],"socialPosts":{"email":[],"linkedin":[],"twitter":[],"facebook":[],"instagram":[]}},"created":"2025-11-22 15:58:52","updated":"2025-11-22 18:53:29"},"aioseo_breadcrumb":"<div class=\"aioseo-breadcrumbs\"><span class=\"aioseo-breadcrumb\">\n\t<a href=\"https:\/\/candas365.es\/noticias\" title=\"Home\">Home<\/a>\n<\/span><span class=\"aioseo-breadcrumb-separator\">&ndash;<\/span><span class=\"aioseo-breadcrumb\">\n\t<a href=\"https:\/\/candas365.es\/noticias\/category\/economia\/\" title=\"Econom\u00eda\">Econom\u00eda<\/a>\n<\/span><span class=\"aioseo-breadcrumb-separator\">&ndash;<\/span><span class=\"aioseo-breadcrumb\">\n\tEl precio de la electricidad baja el 23 de noviembre\n<\/span><\/div>","aioseo_breadcrumb_json":[{"label":"Home","link":"https:\/\/candas365.es\/noticias"},{"label":"Econom\u00eda","link":"https:\/\/candas365.es\/noticias\/category\/economia\/"},{"label":"El precio de la electricidad baja el 23 de noviembre","link":"https:\/\/candas365.es\/noticias\/el-precio-de-la-electricidad-baja-el-23-de-noviembre\/"}],"_links":{"self":[{"href":"https:\/\/candas365.es\/noticias\/wp-json\/wp\/v2\/posts\/190344","targetHints":{"allow":["GET"]}}],"collection":[{"href":"https:\/\/candas365.es\/noticias\/wp-json\/wp\/v2\/posts"}],"about":[{"href":"https:\/\/candas365.es\/noticias\/wp-json\/wp\/v2\/types\/post"}],"author":[{"embeddable":true,"href":"https:\/\/candas365.es\/noticias\/wp-json\/wp\/v2\/users\/1"}],"replies":[{"embeddable":true,"href":"https:\/\/candas365.es\/noticias\/wp-json\/wp\/v2\/comments?post=190344"}],"version-history":[{"count":0,"href":"https:\/\/candas365.es\/noticias\/wp-json\/wp\/v2\/posts\/190344\/revisions"}],"wp:featuredmedia":[{"embeddable":true,"href":"https:\/\/candas365.es\/noticias\/wp-json\/wp\/v2\/media\/190345"}],"wp:attachment":[{"href":"https:\/\/candas365.es\/noticias\/wp-json\/wp\/v2\/media?parent=190344"}],"wp:term":[{"taxonomy":"category","embeddable":true,"href":"https:\/\/candas365.es\/noticias\/wp-json\/wp\/v2\/categories?post=190344"},{"taxonomy":"post_tag","embeddable":true,"href":"https:\/\/candas365.es\/noticias\/wp-json\/wp\/v2\/tags?post=190344"}],"curies":[{"name":"wp","href":"https:\/\/api.w.org\/{rel}","templated":true}]}}