{"id":190257,"date":"2025-11-20T20:56:13","date_gmt":"2025-11-20T19:56:13","guid":{"rendered":"https:\/\/candas365.es\/noticias\/?p=190257"},"modified":"2025-11-20T20:56:13","modified_gmt":"2025-11-20T19:56:13","slug":"lara-martinez-defiende-el-modelo-de-turismo-rural-de-asturias","status":"publish","type":"post","link":"https:\/\/candas365.es\/noticias\/lara-martinez-defiende-el-modelo-de-turismo-rural-de-asturias\/","title":{"rendered":"Lara Mart\u00ednez defiende el modelo de turismo rural de Asturias"},"content":{"rendered":"<p>Lara Mart\u00ednez defendi\u00f3 el <strong>modelo de turismo rural de Asturias<\/strong> en la clausura del I Congreso Internacional, destacando sostenibilidad, autenticidad y participaci\u00f3n comunitaria como claves de futuro.<\/p>\n<figure id=\"attachment_190258\" aria-describedby=\"caption-attachment-190258\" style=\"width: 650px\" class=\"wp-caption aligncenter\"><img fetchpriority=\"high\" decoding=\"async\" class=\"size-large wp-image-190258\" src=\"https:\/\/candas365.es\/noticias\/wp-content\/uploads\/2025\/11\/Lara-Martinez-defiende-el-modelo-de-turismo-rural-de-Asturias-650x430.jpg\" alt=\"Lara Mart\u00ednez defiende el modelo de turismo rural de Asturias\" width=\"650\" height=\"430\" srcset=\"https:\/\/candas365.es\/noticias\/wp-content\/uploads\/2025\/11\/Lara-Martinez-defiende-el-modelo-de-turismo-rural-de-Asturias-650x430.jpg 650w, https:\/\/candas365.es\/noticias\/wp-content\/uploads\/2025\/11\/Lara-Martinez-defiende-el-modelo-de-turismo-rural-de-Asturias-360x238.jpg 360w, https:\/\/candas365.es\/noticias\/wp-content\/uploads\/2025\/11\/Lara-Martinez-defiende-el-modelo-de-turismo-rural-de-Asturias-768x508.jpg 768w, https:\/\/candas365.es\/noticias\/wp-content\/uploads\/2025\/11\/Lara-Martinez-defiende-el-modelo-de-turismo-rural-de-Asturias-150x99.jpg 150w, https:\/\/candas365.es\/noticias\/wp-content\/uploads\/2025\/11\/Lara-Martinez-defiende-el-modelo-de-turismo-rural-de-Asturias-450x298.jpg 450w, https:\/\/candas365.es\/noticias\/wp-content\/uploads\/2025\/11\/Lara-Martinez-defiende-el-modelo-de-turismo-rural-de-Asturias.jpg 1026w\" sizes=\"(max-width: 650px) 100vw, 650px\" \/><figcaption id=\"caption-attachment-190258\" class=\"wp-caption-text\">Foto: Prensa Gobierno de Asturias<\/figcaption><\/figure>\n<h1>Claves para un modelo basado en sostenibilidad y territorio<\/h1>\n<p>El I <a href=\"https:\/\/candas365.es\/noticias\/asturias-marca-el-ritmo-en-turismo-rural\/\"><span style=\"color: #ff6600;\"><strong>Congreso Internacional de Turismo Rural de Asturias<\/strong><\/span><\/a> identifica como pilares del futuro del sector la colaboraci\u00f3n, la sostenibilidad, la autenticidad y la participaci\u00f3n comunitaria. El encuentro, celebrado en el Parador de Cangas de On\u00eds, finaliz\u00f3 tras dos jornadas de trabajo con 180 profesionales y una treintena de agencias de Espa\u00f1a, Alemania, Italia, Pa\u00edses Bajos y Reino Unido.<\/p>\n<p>Las personas participantes trasladaron una visi\u00f3n optimista y defendieron un modelo arraigado en el territorio y en la cultura local. La cita consolida a Asturias como referente nacional e internacional en turismo rural sostenible en el a\u00f1o del 40\u00ba aniversario de la marca Asturias Para\u00edso Natural.<\/p>\n<p>Las jornadas permitieron analizar los nuevos perfiles del viajero rural, la evoluci\u00f3n de sus h\u00e1bitos y motivaciones y la importancia de la sostenibilidad y el valor local como ejes estrat\u00e9gicos.<\/p>\n<h2>Innovaci\u00f3n, competitividad y uso de la inteligencia artificial<\/h2>\n<p>El congreso abord\u00f3 tambi\u00e9n casos de \u00e9xito nacionales e internacionales, estrategias de comercializaci\u00f3n y el posicionamiento competitivo de los destinos rurales. Se analiz\u00f3 adem\u00e1s el uso de la inteligencia artificial como herramienta para mejorar la gesti\u00f3n, la promoci\u00f3n y la experiencia tur\u00edstica.<\/p>\n<p>La viceconsejera de Turismo, Lara Mart\u00ednez, clausur\u00f3 el encuentro y destac\u00f3 la relevancia del turismo rural como motor de cohesi\u00f3n y transformaci\u00f3n territorial. Asegur\u00f3 que el modelo asturiano funciona \u201cporque reparte oportunidades y crea justicia territorial\u201d. Tambi\u00e9n record\u00f3 que Asturias mantiene una de las menores presiones tur\u00edsticas de Espa\u00f1a gracias a la planificaci\u00f3n, la regulaci\u00f3n y la responsabilidad compartida.<\/p>\n<p>\u201cEn Asturias no queremos destinos, queremos territorios vivos\u201d, afirm\u00f3, reivindicando al Principado como \u201caliado \u00fatil y cercano\u201d del sector. Subray\u00f3 que el turismo rural \u201cno solo genera econom\u00eda, tambi\u00e9n genera comunidad\u00bb y apel\u00f3 a reforzar la profesionalizaci\u00f3n, la innovaci\u00f3n y la cooperaci\u00f3n.<\/p>\n<h2>Acceso a ponencias y estrategia del Principado<\/h2>\n<p>Las personas que no hayan podido asistir podr\u00e1n consultar las ponencias del congreso a partir del pr\u00f3ximo martes en la web oficial: congresoturismoruralasturias.es<\/p>\n<p>El <a href=\"https:\/\/actualidad.asturias.es\/\" target=\"_blank\" rel=\"noopener\"><span style=\"color: #ff6600;\"><strong>Gobierno del Principado<\/strong><\/span><\/a> trabaja para fortalecer el turismo rural como pieza clave de la internacionalizaci\u00f3n, la desestacionalizaci\u00f3n y la triple sostenibilidad \u2014ambiental, econ\u00f3mica y social\u2014 que orientan la pol\u00edtica tur\u00edstica regional.<\/p>\n","protected":false},"excerpt":{"rendered":"<p>Lara Mart\u00ednez defendi\u00f3 el modelo de turismo rural de Asturias en la clausura del I Congreso Internacional, destacando sostenibilidad, autenticidad y participaci\u00f3n comunitaria como claves de futuro. Claves para un modelo basado en sostenibilidad y territorio El I Congreso Internacional de Turismo Rural de Asturias identifica como pilares del futuro del sector la colaboraci\u00f3n, la<\/p>\n","protected":false},"author":1,"featured_media":190258,"comment_status":"closed","ping_status":"closed","sticky":false,"template":"","format":"standard","meta":{"footnotes":""},"categories":[7],"tags":[380,412],"class_list":{"0":"post-190257","1":"post","2":"type-post","3":"status-publish","4":"format-standard","5":"has-post-thumbnail","7":"category-asturias","8":"tag-asturias","9":"tag-turismo"},"aioseo_notices":[],"aioseo_head":"\n\t\t<!-- All in One SEO Pro 4.9.6.2 - aioseo.com -->\n\t<meta name=\"description\" content=\"Lara Mart\u00ednez defendi\u00f3 el modelo de turismo rural de Asturias en la clausura del I Congreso Internacional, destacando sostenibilidad, autenticidad\" \/>\n\t<meta name=\"robots\" content=\"max-image-preview:large\" \/>\n\t<meta name=\"author\" content=\"Cand\u00e1s 365\"\/>\n\t<meta name=\"google-site-verification\" content=\"UA-32230408-1\" \/>\n\t<meta name=\"msvalidate.01\" content=\"354F3CDFB2DA171B47FBE9ABF1F88D5\" \/>\n\t<meta name=\"keywords\" content=\"asturias\" \/>\n\t<link rel=\"canonical\" href=\"https:\/\/candas365.es\/noticias\/lara-martinez-defiende-el-modelo-de-turismo-rural-de-asturias\/\" \/>\n\t<meta name=\"generator\" content=\"All in One SEO Pro (AIOSEO) 4.9.6.2\" \/>\n\t\t<meta property=\"og:locale\" content=\"es_ES\" \/>\n\t\t<meta property=\"og:site_name\" content=\"Cand\u00e1s 365\" \/>\n\t\t<meta property=\"og:type\" content=\"article\" \/>\n\t\t<meta property=\"og:title\" content=\"Lara Mart\u00ednez defiende el modelo de turismo rural de Asturias | Cand\u00e1s 365\" \/>\n\t\t<meta property=\"og:description\" content=\"Lara Mart\u00ednez defendi\u00f3 el modelo de turismo rural de Asturias en la clausura del I Congreso Internacional, destacando sostenibilidad, autenticidad\" \/>\n\t\t<meta property=\"og:url\" content=\"https:\/\/candas365.es\/noticias\/lara-martinez-defiende-el-modelo-de-turismo-rural-de-asturias\/\" \/>\n\t\t<meta property=\"og:image\" content=\"https:\/\/candas365.es\/noticias\/wp-content\/uploads\/2025\/11\/Lara-Martinez-defiende-el-modelo-de-turismo-rural-de-Asturias.jpg\" \/>\n\t\t<meta property=\"og:image:secure_url\" content=\"https:\/\/candas365.es\/noticias\/wp-content\/uploads\/2025\/11\/Lara-Martinez-defiende-el-modelo-de-turismo-rural-de-Asturias.jpg\" \/>\n\t\t<meta property=\"og:image:width\" content=\"1026\" \/>\n\t\t<meta property=\"og:image:height\" content=\"679\" \/>\n\t\t<meta property=\"article:published_time\" content=\"2025-11-20T19:56:13+00:00\" \/>\n\t\t<meta property=\"article:modified_time\" content=\"2025-11-20T19:56:13+00:00\" \/>\n\t\t<meta property=\"article:publisher\" content=\"https:\/\/www.facebook.com\/Nachofdezber\" \/>\n\t\t<meta property=\"article:author\" content=\"https:\/\/www.facebook.com\/carrenoactualidad\" \/>\n\t\t<meta name=\"twitter:card\" content=\"summary_large_image\" \/>\n\t\t<meta name=\"twitter:site\" content=\"@NabercoDigital\" \/>\n\t\t<meta name=\"twitter:title\" content=\"Lara Mart\u00ednez defiende el modelo de turismo rural de Asturias | Cand\u00e1s 365\" \/>\n\t\t<meta name=\"twitter:description\" content=\"Lara Mart\u00ednez defendi\u00f3 el modelo de turismo rural de Asturias en la clausura del I Congreso Internacional, destacando sostenibilidad, autenticidad\" \/>\n\t\t<meta name=\"twitter:creator\" content=\"@nbasturias\" \/>\n\t\t<meta name=\"twitter:image\" content=\"https:\/\/candas365.es\/noticias\/wp-content\/uploads\/2025\/11\/Lara-Martinez-defiende-el-modelo-de-turismo-rural-de-Asturias.jpg\" \/>\n\t\t<meta name=\"twitter:label1\" content=\"Escrito por\" \/>\n\t\t<meta name=\"twitter:data1\" content=\"Cand\u00e1s 365\" \/>\n\t\t<meta name=\"twitter:label2\" content=\"Tiempo de lectura estimado\" \/>\n\t\t<meta name=\"twitter:data2\" content=\"2 minutos\" \/>\n\t\t<script type=\"application\/ld+json\" class=\"aioseo-schema\">\n\t\t\t{\"@context\":\"https:\\\/\\\/schema.org\",\"@graph\":[{\"@type\":\"BreadcrumbList\",\"@id\":\"https:\\\/\\\/candas365.es\\\/noticias\\\/lara-martinez-defiende-el-modelo-de-turismo-rural-de-asturias\\\/#breadcrumblist\",\"itemListElement\":[{\"@type\":\"ListItem\",\"@id\":\"https:\\\/\\\/candas365.es\\\/noticias#listItem\",\"position\":1,\"name\":\"Home\",\"item\":\"https:\\\/\\\/candas365.es\\\/noticias\",\"nextItem\":{\"@type\":\"ListItem\",\"@id\":\"https:\\\/\\\/candas365.es\\\/noticias\\\/category\\\/asturias\\\/#listItem\",\"name\":\"Asturias\"}},{\"@type\":\"ListItem\",\"@id\":\"https:\\\/\\\/candas365.es\\\/noticias\\\/category\\\/asturias\\\/#listItem\",\"position\":2,\"name\":\"Asturias\",\"item\":\"https:\\\/\\\/candas365.es\\\/noticias\\\/category\\\/asturias\\\/\",\"nextItem\":{\"@type\":\"ListItem\",\"@id\":\"https:\\\/\\\/candas365.es\\\/noticias\\\/lara-martinez-defiende-el-modelo-de-turismo-rural-de-asturias\\\/#listItem\",\"name\":\"Lara Mart\\u00ednez defiende el modelo de turismo rural de Asturias\"},\"previousItem\":{\"@type\":\"ListItem\",\"@id\":\"https:\\\/\\\/candas365.es\\\/noticias#listItem\",\"name\":\"Home\"}},{\"@type\":\"ListItem\",\"@id\":\"https:\\\/\\\/candas365.es\\\/noticias\\\/lara-martinez-defiende-el-modelo-de-turismo-rural-de-asturias\\\/#listItem\",\"position\":3,\"name\":\"Lara Mart\\u00ednez defiende el modelo de turismo rural de Asturias\",\"previousItem\":{\"@type\":\"ListItem\",\"@id\":\"https:\\\/\\\/candas365.es\\\/noticias\\\/category\\\/asturias\\\/#listItem\",\"name\":\"Asturias\"}}]},{\"@type\":\"NewsArticle\",\"@id\":\"https:\\\/\\\/candas365.es\\\/noticias\\\/lara-martinez-defiende-el-modelo-de-turismo-rural-de-asturias\\\/#newsarticle\",\"name\":\"Lara Mart\\u00ednez defiende el modelo de turismo rural de Asturias | Cand\\u00e1s 365\",\"headline\":\"Lara Mart\\u00ednez defiende el modelo de turismo rural de Asturias\",\"author\":{\"@id\":\"https:\\\/\\\/candas365.es\\\/noticias\\\/author\\\/admin\\\/#author\"},\"publisher\":{\"@id\":\"https:\\\/\\\/candas365.es\\\/noticias\\\/#organization\"},\"image\":{\"@type\":\"ImageObject\",\"url\":\"https:\\\/\\\/candas365.es\\\/noticias\\\/wp-content\\\/uploads\\\/2025\\\/11\\\/Lara-Martinez-defiende-el-modelo-de-turismo-rural-de-Asturias.jpg\",\"width\":1026,\"height\":679,\"caption\":\"Foto: Prensa Gobierno de Asturias\"},\"datePublished\":\"2025-11-20T20:56:13+01:00\",\"dateModified\":\"2025-11-20T20:56:13+01:00\",\"inLanguage\":\"es-ES\",\"mainEntityOfPage\":{\"@id\":\"https:\\\/\\\/candas365.es\\\/noticias\\\/lara-martinez-defiende-el-modelo-de-turismo-rural-de-asturias\\\/#webpage\"},\"isPartOf\":{\"@id\":\"https:\\\/\\\/candas365.es\\\/noticias\\\/lara-martinez-defiende-el-modelo-de-turismo-rural-de-asturias\\\/#webpage\"},\"articleSection\":\"Asturias, Asturias, turismo\",\"dateline\":\"Publicado el noviembre 20, 2025.\"},{\"@type\":\"Organization\",\"@id\":\"https:\\\/\\\/candas365.es\\\/noticias\\\/#organization\",\"name\":\"Cand\\u00e1s 365\",\"description\":\"Cand\\u00e1s 365 es un diario digital independiente, fundado en 2012, con base en Asturias. Informamos con rigor sobre actualidad, sociedad, cultura y ocio, con una mirada local y global.\",\"url\":\"https:\\\/\\\/candas365.es\\\/noticias\\\/\",\"email\":\"info@candas365.es\",\"telephone\":\"+34652131393\",\"foundingDate\":\"2012-06-10\",\"logo\":{\"@type\":\"ImageObject\",\"url\":\"https:\\\/\\\/candas365.es\\\/noticias\\\/wp-content\\\/uploads\\\/2024\\\/09\\\/Candas-365-Redes.jpg\",\"@id\":\"https:\\\/\\\/candas365.es\\\/noticias\\\/lara-martinez-defiende-el-modelo-de-turismo-rural-de-asturias\\\/#organizationLogo\",\"width\":1152,\"height\":864,\"caption\":\"Cand\\u00e1s 365 Redes\"},\"image\":{\"@id\":\"https:\\\/\\\/candas365.es\\\/noticias\\\/lara-martinez-defiende-el-modelo-de-turismo-rural-de-asturias\\\/#organizationLogo\"},\"sameAs\":[\"https:\\\/\\\/www.facebook.com\\\/Nachofdezber\",\"https:\\\/\\\/x.com\\\/NabercoDigital\",\"https:\\\/\\\/www.instagram.com\\\/nachofdezber\\\/\",\"https:\\\/\\\/www.youtube.com\\\/channel\\\/UCZP-2wLEB9Rv6erhFmqVnvg\"],\"address\":{\"@id\":\"https:\\\/\\\/candas365.es\\\/noticias\\\/#postaladdress\",\"@type\":\"PostalAddress\",\"streetAddress\":\"san antonio 4, san antonio 4\",\"postalCode\":\"33430\",\"addressLocality\":\"Cand\\u00e1s\",\"addressRegion\":\"Asturias\",\"addressCountry\":\"ES\"}},{\"@type\":\"Person\",\"@id\":\"https:\\\/\\\/candas365.es\\\/noticias\\\/author\\\/admin\\\/#author\",\"url\":\"https:\\\/\\\/candas365.es\\\/noticias\\\/author\\\/admin\\\/\",\"name\":\"Cand\\u00e1s 365\",\"image\":{\"@type\":\"ImageObject\",\"@id\":\"https:\\\/\\\/candas365.es\\\/noticias\\\/lara-martinez-defiende-el-modelo-de-turismo-rural-de-asturias\\\/#authorImage\",\"url\":\"https:\\\/\\\/secure.gravatar.com\\\/avatar\\\/496a8e03d0c493ede1718b7934145dbdf8d89be1036b0eec9544e1094c9de390?s=96&d=mm&r=g\",\"width\":96,\"height\":96,\"caption\":\"Cand\\u00e1s 365\"},\"sameAs\":[\"https:\\\/\\\/www.facebook.com\\\/carrenoactualidad\",\"https:\\\/\\\/twitter.com\\\/nbasturias\",\"https:\\\/\\\/www.instagram.com\\\/nachofdezber\\\/\",\"https:\\\/\\\/www.youtube.com\\\/channel\\\/UCZP-2wLEB9Rv6erhFmqVnvg\"]},{\"@type\":\"WebPage\",\"@id\":\"https:\\\/\\\/candas365.es\\\/noticias\\\/lara-martinez-defiende-el-modelo-de-turismo-rural-de-asturias\\\/#webpage\",\"url\":\"https:\\\/\\\/candas365.es\\\/noticias\\\/lara-martinez-defiende-el-modelo-de-turismo-rural-de-asturias\\\/\",\"name\":\"Lara Mart\\u00ednez defiende el modelo de turismo rural de Asturias | Cand\\u00e1s 365\",\"description\":\"Lara Mart\\u00ednez defendi\\u00f3 el modelo de turismo rural de Asturias en la clausura del I Congreso Internacional, destacando sostenibilidad, autenticidad\",\"inLanguage\":\"es-ES\",\"isPartOf\":{\"@id\":\"https:\\\/\\\/candas365.es\\\/noticias\\\/#website\"},\"breadcrumb\":{\"@id\":\"https:\\\/\\\/candas365.es\\\/noticias\\\/lara-martinez-defiende-el-modelo-de-turismo-rural-de-asturias\\\/#breadcrumblist\"},\"author\":{\"@id\":\"https:\\\/\\\/candas365.es\\\/noticias\\\/author\\\/admin\\\/#author\"},\"creator\":{\"@id\":\"https:\\\/\\\/candas365.es\\\/noticias\\\/author\\\/admin\\\/#author\"},\"image\":{\"@type\":\"ImageObject\",\"url\":\"https:\\\/\\\/candas365.es\\\/noticias\\\/wp-content\\\/uploads\\\/2025\\\/11\\\/Lara-Martinez-defiende-el-modelo-de-turismo-rural-de-Asturias.jpg\",\"@id\":\"https:\\\/\\\/candas365.es\\\/noticias\\\/lara-martinez-defiende-el-modelo-de-turismo-rural-de-asturias\\\/#mainImage\",\"width\":1026,\"height\":679,\"caption\":\"Foto: Prensa Gobierno de Asturias\"},\"primaryImageOfPage\":{\"@id\":\"https:\\\/\\\/candas365.es\\\/noticias\\\/lara-martinez-defiende-el-modelo-de-turismo-rural-de-asturias\\\/#mainImage\"},\"datePublished\":\"2025-11-20T20:56:13+01:00\",\"dateModified\":\"2025-11-20T20:56:13+01:00\"},{\"@type\":\"WebSite\",\"@id\":\"https:\\\/\\\/candas365.es\\\/noticias\\\/#website\",\"url\":\"https:\\\/\\\/candas365.es\\\/noticias\\\/\",\"name\":\"Cand\\u00e1s 365\",\"alternateName\":\"Cand\\u00e1s 365 Noticias\",\"description\":\"Actualidad desde Carre\\u00f1o para el mundo\",\"inLanguage\":\"es-ES\",\"publisher\":{\"@id\":\"https:\\\/\\\/candas365.es\\\/noticias\\\/#organization\"}}]}\n\t\t<\/script>\n\t\t<!-- All in One SEO Pro -->\r\n\t\t<title>Lara Mart\u00ednez defiende el modelo de turismo rural de Asturias | Cand\u00e1s 365<\/title>\n\n","aioseo_head_json":{"title":"Lara Mart\u00ednez defiende el modelo de turismo rural de Asturias | Cand\u00e1s 365","description":"Lara Mart\u00ednez defendi\u00f3 el modelo de turismo rural de Asturias en la clausura del I Congreso Internacional, destacando sostenibilidad, autenticidad","canonical_url":"https:\/\/candas365.es\/noticias\/lara-martinez-defiende-el-modelo-de-turismo-rural-de-asturias\/","robots":"max-image-preview:large","keywords":"asturias","webmasterTools":{"google-site-verification":"UA-32230408-1","msvalidate.01":"354F3CDFB2DA171B47FBE9ABF1F88D5","miscellaneous":""},"schema":{"@context":"https:\/\/schema.org","@graph":[{"@type":"BreadcrumbList","@id":"https:\/\/candas365.es\/noticias\/lara-martinez-defiende-el-modelo-de-turismo-rural-de-asturias\/#breadcrumblist","itemListElement":[{"@type":"ListItem","@id":"https:\/\/candas365.es\/noticias#listItem","position":1,"name":"Home","item":"https:\/\/candas365.es\/noticias","nextItem":{"@type":"ListItem","@id":"https:\/\/candas365.es\/noticias\/category\/asturias\/#listItem","name":"Asturias"}},{"@type":"ListItem","@id":"https:\/\/candas365.es\/noticias\/category\/asturias\/#listItem","position":2,"name":"Asturias","item":"https:\/\/candas365.es\/noticias\/category\/asturias\/","nextItem":{"@type":"ListItem","@id":"https:\/\/candas365.es\/noticias\/lara-martinez-defiende-el-modelo-de-turismo-rural-de-asturias\/#listItem","name":"Lara Mart\u00ednez defiende el modelo de turismo rural de Asturias"},"previousItem":{"@type":"ListItem","@id":"https:\/\/candas365.es\/noticias#listItem","name":"Home"}},{"@type":"ListItem","@id":"https:\/\/candas365.es\/noticias\/lara-martinez-defiende-el-modelo-de-turismo-rural-de-asturias\/#listItem","position":3,"name":"Lara Mart\u00ednez defiende el modelo de turismo rural de Asturias","previousItem":{"@type":"ListItem","@id":"https:\/\/candas365.es\/noticias\/category\/asturias\/#listItem","name":"Asturias"}}]},{"@type":"NewsArticle","@id":"https:\/\/candas365.es\/noticias\/lara-martinez-defiende-el-modelo-de-turismo-rural-de-asturias\/#newsarticle","name":"Lara Mart\u00ednez defiende el modelo de turismo rural de Asturias | Cand\u00e1s 365","headline":"Lara Mart\u00ednez defiende el modelo de turismo rural de Asturias","author":{"@id":"https:\/\/candas365.es\/noticias\/author\/admin\/#author"},"publisher":{"@id":"https:\/\/candas365.es\/noticias\/#organization"},"image":{"@type":"ImageObject","url":"https:\/\/candas365.es\/noticias\/wp-content\/uploads\/2025\/11\/Lara-Martinez-defiende-el-modelo-de-turismo-rural-de-Asturias.jpg","width":1026,"height":679,"caption":"Foto: Prensa Gobierno de Asturias"},"datePublished":"2025-11-20T20:56:13+01:00","dateModified":"2025-11-20T20:56:13+01:00","inLanguage":"es-ES","mainEntityOfPage":{"@id":"https:\/\/candas365.es\/noticias\/lara-martinez-defiende-el-modelo-de-turismo-rural-de-asturias\/#webpage"},"isPartOf":{"@id":"https:\/\/candas365.es\/noticias\/lara-martinez-defiende-el-modelo-de-turismo-rural-de-asturias\/#webpage"},"articleSection":"Asturias, Asturias, turismo","dateline":"Publicado el noviembre 20, 2025."},{"@type":"Organization","@id":"https:\/\/candas365.es\/noticias\/#organization","name":"Cand\u00e1s 365","description":"Cand\u00e1s 365 es un diario digital independiente, fundado en 2012, con base en Asturias. Informamos con rigor sobre actualidad, sociedad, cultura y ocio, con una mirada local y global.","url":"https:\/\/candas365.es\/noticias\/","email":"info@candas365.es","telephone":"+34652131393","foundingDate":"2012-06-10","logo":{"@type":"ImageObject","url":"https:\/\/candas365.es\/noticias\/wp-content\/uploads\/2024\/09\/Candas-365-Redes.jpg","@id":"https:\/\/candas365.es\/noticias\/lara-martinez-defiende-el-modelo-de-turismo-rural-de-asturias\/#organizationLogo","width":1152,"height":864,"caption":"Cand\u00e1s 365 Redes"},"image":{"@id":"https:\/\/candas365.es\/noticias\/lara-martinez-defiende-el-modelo-de-turismo-rural-de-asturias\/#organizationLogo"},"sameAs":["https:\/\/www.facebook.com\/Nachofdezber","https:\/\/x.com\/NabercoDigital","https:\/\/www.instagram.com\/nachofdezber\/","https:\/\/www.youtube.com\/channel\/UCZP-2wLEB9Rv6erhFmqVnvg"],"address":{"@id":"https:\/\/candas365.es\/noticias\/#postaladdress","@type":"PostalAddress","streetAddress":"san antonio 4, san antonio 4","postalCode":"33430","addressLocality":"Cand\u00e1s","addressRegion":"Asturias","addressCountry":"ES"}},{"@type":"Person","@id":"https:\/\/candas365.es\/noticias\/author\/admin\/#author","url":"https:\/\/candas365.es\/noticias\/author\/admin\/","name":"Cand\u00e1s 365","image":{"@type":"ImageObject","@id":"https:\/\/candas365.es\/noticias\/lara-martinez-defiende-el-modelo-de-turismo-rural-de-asturias\/#authorImage","url":"https:\/\/secure.gravatar.com\/avatar\/496a8e03d0c493ede1718b7934145dbdf8d89be1036b0eec9544e1094c9de390?s=96&d=mm&r=g","width":96,"height":96,"caption":"Cand\u00e1s 365"},"sameAs":["https:\/\/www.facebook.com\/carrenoactualidad","https:\/\/twitter.com\/nbasturias","https:\/\/www.instagram.com\/nachofdezber\/","https:\/\/www.youtube.com\/channel\/UCZP-2wLEB9Rv6erhFmqVnvg"]},{"@type":"WebPage","@id":"https:\/\/candas365.es\/noticias\/lara-martinez-defiende-el-modelo-de-turismo-rural-de-asturias\/#webpage","url":"https:\/\/candas365.es\/noticias\/lara-martinez-defiende-el-modelo-de-turismo-rural-de-asturias\/","name":"Lara Mart\u00ednez defiende el modelo de turismo rural de Asturias | Cand\u00e1s 365","description":"Lara Mart\u00ednez defendi\u00f3 el modelo de turismo rural de Asturias en la clausura del I Congreso Internacional, destacando sostenibilidad, autenticidad","inLanguage":"es-ES","isPartOf":{"@id":"https:\/\/candas365.es\/noticias\/#website"},"breadcrumb":{"@id":"https:\/\/candas365.es\/noticias\/lara-martinez-defiende-el-modelo-de-turismo-rural-de-asturias\/#breadcrumblist"},"author":{"@id":"https:\/\/candas365.es\/noticias\/author\/admin\/#author"},"creator":{"@id":"https:\/\/candas365.es\/noticias\/author\/admin\/#author"},"image":{"@type":"ImageObject","url":"https:\/\/candas365.es\/noticias\/wp-content\/uploads\/2025\/11\/Lara-Martinez-defiende-el-modelo-de-turismo-rural-de-Asturias.jpg","@id":"https:\/\/candas365.es\/noticias\/lara-martinez-defiende-el-modelo-de-turismo-rural-de-asturias\/#mainImage","width":1026,"height":679,"caption":"Foto: Prensa Gobierno de Asturias"},"primaryImageOfPage":{"@id":"https:\/\/candas365.es\/noticias\/lara-martinez-defiende-el-modelo-de-turismo-rural-de-asturias\/#mainImage"},"datePublished":"2025-11-20T20:56:13+01:00","dateModified":"2025-11-20T20:56:13+01:00"},{"@type":"WebSite","@id":"https:\/\/candas365.es\/noticias\/#website","url":"https:\/\/candas365.es\/noticias\/","name":"Cand\u00e1s 365","alternateName":"Cand\u00e1s 365 Noticias","description":"Actualidad desde Carre\u00f1o para el mundo","inLanguage":"es-ES","publisher":{"@id":"https:\/\/candas365.es\/noticias\/#organization"}}]},"og:locale":"es_ES","og:site_name":"Cand\u00e1s 365","og:type":"article","og:title":"Lara Mart\u00ednez defiende el modelo de turismo rural de Asturias | Cand\u00e1s 365","og:description":"Lara Mart\u00ednez defendi\u00f3 el modelo de turismo rural de Asturias en la clausura del I Congreso Internacional, destacando sostenibilidad, autenticidad","og:url":"https:\/\/candas365.es\/noticias\/lara-martinez-defiende-el-modelo-de-turismo-rural-de-asturias\/","og:image":"https:\/\/candas365.es\/noticias\/wp-content\/uploads\/2025\/11\/Lara-Martinez-defiende-el-modelo-de-turismo-rural-de-Asturias.jpg","og:image:secure_url":"https:\/\/candas365.es\/noticias\/wp-content\/uploads\/2025\/11\/Lara-Martinez-defiende-el-modelo-de-turismo-rural-de-Asturias.jpg","og:image:width":1026,"og:image:height":679,"article:published_time":"2025-11-20T19:56:13+00:00","article:modified_time":"2025-11-20T19:56:13+00:00","article:publisher":"https:\/\/www.facebook.com\/Nachofdezber","article:author":"https:\/\/www.facebook.com\/carrenoactualidad","twitter:card":"summary_large_image","twitter:site":"@NabercoDigital","twitter:title":"Lara Mart\u00ednez defiende el modelo de turismo rural de Asturias | Cand\u00e1s 365","twitter:description":"Lara Mart\u00ednez defendi\u00f3 el modelo de turismo rural de Asturias en la clausura del I Congreso Internacional, destacando sostenibilidad, autenticidad","twitter:creator":"@nbasturias","twitter:image":"https:\/\/candas365.es\/noticias\/wp-content\/uploads\/2025\/11\/Lara-Martinez-defiende-el-modelo-de-turismo-rural-de-Asturias.jpg","twitter:label1":"Escrito por","twitter:data1":"Cand\u00e1s 365","twitter:label2":"Tiempo de lectura estimado","twitter:data2":"2 minutos"},"aioseo_meta_data":{"post_id":"190257","title":null,"description":"Lara Mart\u00ednez defendi\u00f3 el modelo de turismo rural de Asturias en la clausura del I Congreso Internacional, destacando sostenibilidad, autenticidad","keywords":null,"keyphrases":{"focus":{"keyphrase":"Lara Mart\u00ednez","score":78,"analysis":{"keyphraseInTitle":{"score":9,"maxScore":9,"error":0},"keyphraseInDescription":{"score":9,"maxScore":9,"error":0},"keyphraseLength":{"score":9,"maxScore":9,"error":0,"length":3},"keyphraseInURL":{"score":5,"maxScore":5,"error":0},"keyphraseInIntroduction":{"score":9,"maxScore":9,"error":0},"keyphraseInSubHeadings":{"score":3,"maxScore":9,"error":1},"keyphraseInImageAlt":{"score":9,"maxScore":9,"error":0},"keywordDensity":{"score":0,"type":"low","maxScore":9,"error":1}}},"additional":[{"keyphrase":"Asturias","score":100,"analysis":{"keyphraseInDescription":{"score":9,"maxScore":9,"error":0},"keyphraseLength":{"score":9,"maxScore":9,"error":0,"length":1},"keyphraseInIntroduction":{"score":9,"maxScore":9,"error":0},"keyphraseInImageAlt":{"score":9,"maxScore":9,"error":0},"keywordDensity":{"type":"best","score":9,"maxScore":9,"error":0}}},{"keyphrase":"turismo rural","score":100,"analysis":{"keyphraseInDescription":{"score":9,"maxScore":9,"error":0},"keyphraseLength":{"score":9,"maxScore":9,"error":0,"length":2},"keyphraseInIntroduction":{"score":9,"maxScore":9,"error":0},"keyphraseInImageAlt":{"score":9,"maxScore":9,"error":0},"keywordDensity":{"type":"best","score":9,"maxScore":9,"error":0}}}]},"primary_term":null,"canonical_url":null,"og_title":null,"og_description":null,"og_object_type":"default","og_image_type":"default","og_image_url":null,"og_image_width":null,"og_image_height":null,"og_image_custom_url":null,"og_image_custom_fields":null,"og_video":"","og_custom_url":null,"og_article_section":null,"og_article_tags":null,"twitter_use_og":false,"twitter_card":"default","twitter_image_type":"default","twitter_image_url":null,"twitter_image_custom_url":null,"twitter_image_custom_fields":null,"twitter_title":null,"twitter_description":null,"schema":{"blockGraphs":[],"customGraphs":[],"default":{"data":{"Article":[],"Course":[],"Dataset":[],"FAQPage":[],"Movie":[],"Person":[],"Product":[],"ProductReview":[],"Car":[],"Recipe":[],"Service":[],"SoftwareApplication":[],"WebPage":[]},"graphName":"Article","isEnabled":true},"graphs":[]},"schema_type":"default","schema_type_options":null,"pillar_content":false,"robots_default":true,"robots_noindex":false,"robots_noarchive":false,"robots_nosnippet":false,"robots_nofollow":false,"robots_noimageindex":false,"robots_noodp":false,"robots_notranslate":false,"robots_max_snippet":"-1","robots_max_videopreview":"-1","robots_max_imagepreview":"large","priority":null,"frequency":"default","location":null,"local_seo":null,"seo_analyzer_scan_date":"2025-11-20 19:57:33","breadcrumb_settings":null,"limit_modified_date":false,"reviewed_by":null,"open_ai":null,"ai":{"faqs":[],"keyPoints":[],"titles":[],"descriptions":[],"socialPosts":{"email":[],"linkedin":[],"twitter":[],"facebook":[],"instagram":[]}},"created":"2025-11-20 19:48:59","updated":"2025-11-20 20:01:12"},"aioseo_breadcrumb":"<div class=\"aioseo-breadcrumbs\"><span class=\"aioseo-breadcrumb\">\n\t<a href=\"https:\/\/candas365.es\/noticias\" title=\"Home\">Home<\/a>\n<\/span><span class=\"aioseo-breadcrumb-separator\">&ndash;<\/span><span class=\"aioseo-breadcrumb\">\n\t<a href=\"https:\/\/candas365.es\/noticias\/category\/asturias\/\" title=\"Asturias\">Asturias<\/a>\n<\/span><span class=\"aioseo-breadcrumb-separator\">&ndash;<\/span><span class=\"aioseo-breadcrumb\">\n\tLara Mart\u00ednez defiende el modelo de turismo rural de Asturias\n<\/span><\/div>","aioseo_breadcrumb_json":[{"label":"Home","link":"https:\/\/candas365.es\/noticias"},{"label":"Asturias","link":"https:\/\/candas365.es\/noticias\/category\/asturias\/"},{"label":"Lara Mart\u00ednez defiende el modelo de turismo rural de Asturias","link":"https:\/\/candas365.es\/noticias\/lara-martinez-defiende-el-modelo-de-turismo-rural-de-asturias\/"}],"_links":{"self":[{"href":"https:\/\/candas365.es\/noticias\/wp-json\/wp\/v2\/posts\/190257","targetHints":{"allow":["GET"]}}],"collection":[{"href":"https:\/\/candas365.es\/noticias\/wp-json\/wp\/v2\/posts"}],"about":[{"href":"https:\/\/candas365.es\/noticias\/wp-json\/wp\/v2\/types\/post"}],"author":[{"embeddable":true,"href":"https:\/\/candas365.es\/noticias\/wp-json\/wp\/v2\/users\/1"}],"replies":[{"embeddable":true,"href":"https:\/\/candas365.es\/noticias\/wp-json\/wp\/v2\/comments?post=190257"}],"version-history":[{"count":0,"href":"https:\/\/candas365.es\/noticias\/wp-json\/wp\/v2\/posts\/190257\/revisions"}],"wp:featuredmedia":[{"embeddable":true,"href":"https:\/\/candas365.es\/noticias\/wp-json\/wp\/v2\/media\/190258"}],"wp:attachment":[{"href":"https:\/\/candas365.es\/noticias\/wp-json\/wp\/v2\/media?parent=190257"}],"wp:term":[{"taxonomy":"category","embeddable":true,"href":"https:\/\/candas365.es\/noticias\/wp-json\/wp\/v2\/categories?post=190257"},{"taxonomy":"post_tag","embeddable":true,"href":"https:\/\/candas365.es\/noticias\/wp-json\/wp\/v2\/tags?post=190257"}],"curies":[{"name":"wp","href":"https:\/\/api.w.org\/{rel}","templated":true}]}}