{"id":190251,"date":"2025-11-20T20:33:11","date_gmt":"2025-11-20T19:33:11","guid":{"rendered":"https:\/\/candas365.es\/noticias\/?p=190251"},"modified":"2025-11-20T20:33:11","modified_gmt":"2025-11-20T19:33:11","slug":"incendio-en-la-cop30-de-belem","status":"publish","type":"post","link":"https:\/\/candas365.es\/noticias\/incendio-en-la-cop30-de-belem\/","title":{"rendered":"Incendio en la COP30 de Bel\u00e9m"},"content":{"rendered":"<p>Un <a href=\"https:\/\/candas365.es\/noticias\/category\/sucesos\/\"><span style=\"color: #ff6600;\"><strong>incendio<\/strong><\/span><\/a> en la COP30, celebrada en Bel\u00e9m, oblig\u00f3 a evacuar a los asistentes de la Zona Azul, donde se desarrollan las negociaciones entre delegados de casi 200 pa\u00edses.<\/p>\n<figure id=\"attachment_190252\" aria-describedby=\"caption-attachment-190252\" style=\"width: 650px\" class=\"wp-caption aligncenter\"><img fetchpriority=\"high\" decoding=\"async\" class=\"size-large wp-image-190252\" src=\"https:\/\/candas365.es\/noticias\/wp-content\/uploads\/2025\/11\/Incendio-en-la-COP30-de-Belem-650x422.jpg\" alt=\"Incendio en la COP30 de Bel\u00e9m\" width=\"650\" height=\"422\" srcset=\"https:\/\/candas365.es\/noticias\/wp-content\/uploads\/2025\/11\/Incendio-en-la-COP30-de-Belem-650x422.jpg 650w, https:\/\/candas365.es\/noticias\/wp-content\/uploads\/2025\/11\/Incendio-en-la-COP30-de-Belem-360x234.jpg 360w, https:\/\/candas365.es\/noticias\/wp-content\/uploads\/2025\/11\/Incendio-en-la-COP30-de-Belem-768x498.jpg 768w, https:\/\/candas365.es\/noticias\/wp-content\/uploads\/2025\/11\/Incendio-en-la-COP30-de-Belem-150x97.jpg 150w, https:\/\/candas365.es\/noticias\/wp-content\/uploads\/2025\/11\/Incendio-en-la-COP30-de-Belem-450x292.jpg 450w, https:\/\/candas365.es\/noticias\/wp-content\/uploads\/2025\/11\/Incendio-en-la-COP30-de-Belem.jpg 1017w\" sizes=\"(max-width: 650px) 100vw, 650px\" \/><figcaption id=\"caption-attachment-190252\" class=\"wp-caption-text\">Foto: 123rf.com<\/figcaption><\/figure>\n<p>El fuego se inici\u00f3 alrededor de las 14.10 horas (las 18.10 en la Espa\u00f1a peninsular) a pocos metros de los pabellones de las delegaciones de los pa\u00edses, seg\u00fan informaron fuentes del equipo espa\u00f1ol. El humo pod\u00eda verse a bastantes metros de distancia del recinto de la cumbre.<\/p>\n<p>Las llamas se desataron muy cerca de la oficina espa\u00f1ola, en una zona de tr\u00e1nsito de la carpa donde se celebra la COP30 desde el pasado 10 de noviembre.<\/p>\n<p>No obstante, fueron sofocadas por los bomberos. \u00abToda la delegaci\u00f3n espa\u00f1ola y los periodistas se encuentran en perfecto estado\u00bb, apunt\u00f3 Sara Aagesen, vicepresidenta tercera del Gobierno y ministra para la Transici\u00f3n Ecol\u00f3gica y el Reto Demogr\u00e1fico.<\/p>\n<p>El ministro de Turismo de Brasil, Celso Sabino, declar\u00f3 a los periodistas que el origen del incendio pudo provenir de un tel\u00e9fono m\u00f3vil o de un cortocircuito. \u201cPodr\u00eda ocurrir en cualquier lugar del planeta Tierra\u201d, apunt\u00f3, antes de a\u00f1adir que la conferencia \u201cest\u00e1 programada para cerrar ma\u00f1ana\u201d.<\/p>\n<p>Este incidente se produjo cuando la Presidencia de la COP30 hab\u00eda convocado un primer Plenario de clausura para las 18.00 horas de este jueves (22.00 en la Espa\u00f1a peninsular), cuando se podr\u00eda cerrar el \u2018paquete pol\u00edtico de Bel\u00e9m\u2019 con acuerdos sobre financiaci\u00f3n, comercio, transparencia y brecha de emisiones para frenar el cambio clim\u00e1tico.<\/p>\n<p>(<span style=\"color: #ff6600;\"><a style=\"color: #ff6600;\" href=\"https:\/\/www.servimedia.es\/\" target=\"_blank\" rel=\"noopener\"><strong>SERVIMEDIA<\/strong><\/a><\/span>)<\/p>\n","protected":false},"excerpt":{"rendered":"<p>Un incendio en la COP30, celebrada en Bel\u00e9m, oblig\u00f3 a evacuar a los asistentes de la Zona Azul, donde se desarrollan las negociaciones entre delegados de casi 200 pa\u00edses. El fuego se inici\u00f3 alrededor de las 14.10 horas (las 18.10 en la Espa\u00f1a peninsular) a pocos metros de los pabellones de las delegaciones de los<\/p>\n","protected":false},"author":1,"featured_media":190252,"comment_status":"closed","ping_status":"closed","sticky":false,"template":"","format":"standard","meta":{"footnotes":""},"categories":[316,487],"tags":[391],"class_list":{"0":"post-190251","1":"post","2":"type-post","3":"status-publish","4":"format-standard","5":"has-post-thumbnail","7":"category-destacadas","8":"category-sucesos","9":"tag-sucesos"},"aioseo_notices":[],"aioseo_head":"\n\t\t<!-- All in One SEO Pro 4.9.6.2 - aioseo.com -->\n\t<meta name=\"description\" content=\"Un incendio en la COP30, celebrada en Bel\u00e9m, oblig\u00f3 a evacuar a los asistentes de la Zona Azul, donde se desarrollan las negociaciones entre delegados\" \/>\n\t<meta name=\"robots\" content=\"max-image-preview:large\" \/>\n\t<meta name=\"author\" content=\"Cand\u00e1s 365\"\/>\n\t<meta name=\"google-site-verification\" content=\"UA-32230408-1\" \/>\n\t<meta name=\"msvalidate.01\" content=\"354F3CDFB2DA171B47FBE9ABF1F88D5\" \/>\n\t<meta name=\"keywords\" content=\"destacadas,sucesos\" \/>\n\t<link rel=\"canonical\" href=\"https:\/\/candas365.es\/noticias\/incendio-en-la-cop30-de-belem\/\" \/>\n\t<meta name=\"generator\" content=\"All in One SEO Pro (AIOSEO) 4.9.6.2\" \/>\n\t\t<meta property=\"og:locale\" content=\"es_ES\" \/>\n\t\t<meta property=\"og:site_name\" content=\"Cand\u00e1s 365\" \/>\n\t\t<meta property=\"og:type\" content=\"article\" \/>\n\t\t<meta property=\"og:title\" content=\"Incendio en la COP30 de Bel\u00e9m | Cand\u00e1s 365\" \/>\n\t\t<meta property=\"og:description\" content=\"Un incendio en la COP30, celebrada en Bel\u00e9m, oblig\u00f3 a evacuar a los asistentes de la Zona Azul, donde se desarrollan las negociaciones entre delegados\" \/>\n\t\t<meta property=\"og:url\" content=\"https:\/\/candas365.es\/noticias\/incendio-en-la-cop30-de-belem\/\" \/>\n\t\t<meta property=\"og:image\" content=\"https:\/\/candas365.es\/noticias\/wp-content\/uploads\/2025\/11\/Incendio-en-la-COP30-de-Belem.jpg\" \/>\n\t\t<meta property=\"og:image:secure_url\" content=\"https:\/\/candas365.es\/noticias\/wp-content\/uploads\/2025\/11\/Incendio-en-la-COP30-de-Belem.jpg\" \/>\n\t\t<meta property=\"og:image:width\" content=\"1017\" \/>\n\t\t<meta property=\"og:image:height\" content=\"660\" \/>\n\t\t<meta property=\"article:published_time\" content=\"2025-11-20T19:33:11+00:00\" \/>\n\t\t<meta property=\"article:modified_time\" content=\"2025-11-20T19:33:11+00:00\" \/>\n\t\t<meta property=\"article:publisher\" content=\"https:\/\/www.facebook.com\/Nachofdezber\" \/>\n\t\t<meta property=\"article:author\" content=\"https:\/\/www.facebook.com\/carrenoactualidad\" \/>\n\t\t<meta name=\"twitter:card\" content=\"summary_large_image\" \/>\n\t\t<meta name=\"twitter:site\" content=\"@NabercoDigital\" \/>\n\t\t<meta name=\"twitter:title\" content=\"Incendio en la COP30 de Bel\u00e9m | Cand\u00e1s 365\" \/>\n\t\t<meta name=\"twitter:description\" content=\"Un incendio en la COP30, celebrada en Bel\u00e9m, oblig\u00f3 a evacuar a los asistentes de la Zona Azul, donde se desarrollan las negociaciones entre delegados\" \/>\n\t\t<meta name=\"twitter:creator\" content=\"@nbasturias\" \/>\n\t\t<meta name=\"twitter:image\" content=\"https:\/\/candas365.es\/noticias\/wp-content\/uploads\/2025\/11\/Incendio-en-la-COP30-de-Belem.jpg\" \/>\n\t\t<meta name=\"twitter:label1\" content=\"Escrito por\" \/>\n\t\t<meta name=\"twitter:data1\" content=\"Cand\u00e1s 365\" \/>\n\t\t<meta name=\"twitter:label2\" content=\"Tiempo de lectura estimado\" \/>\n\t\t<meta name=\"twitter:data2\" content=\"1 minuto\" \/>\n\t\t<script type=\"application\/ld+json\" class=\"aioseo-schema\">\n\t\t\t{\"@context\":\"https:\\\/\\\/schema.org\",\"@graph\":[{\"@type\":\"BreadcrumbList\",\"@id\":\"https:\\\/\\\/candas365.es\\\/noticias\\\/incendio-en-la-cop30-de-belem\\\/#breadcrumblist\",\"itemListElement\":[{\"@type\":\"ListItem\",\"@id\":\"https:\\\/\\\/candas365.es\\\/noticias#listItem\",\"position\":1,\"name\":\"Home\",\"item\":\"https:\\\/\\\/candas365.es\\\/noticias\",\"nextItem\":{\"@type\":\"ListItem\",\"@id\":\"https:\\\/\\\/candas365.es\\\/noticias\\\/category\\\/destacadas\\\/#listItem\",\"name\":\"Destacadas\"}},{\"@type\":\"ListItem\",\"@id\":\"https:\\\/\\\/candas365.es\\\/noticias\\\/category\\\/destacadas\\\/#listItem\",\"position\":2,\"name\":\"Destacadas\",\"item\":\"https:\\\/\\\/candas365.es\\\/noticias\\\/category\\\/destacadas\\\/\",\"nextItem\":{\"@type\":\"ListItem\",\"@id\":\"https:\\\/\\\/candas365.es\\\/noticias\\\/incendio-en-la-cop30-de-belem\\\/#listItem\",\"name\":\"Incendio en la COP30 de Bel\\u00e9m\"},\"previousItem\":{\"@type\":\"ListItem\",\"@id\":\"https:\\\/\\\/candas365.es\\\/noticias#listItem\",\"name\":\"Home\"}},{\"@type\":\"ListItem\",\"@id\":\"https:\\\/\\\/candas365.es\\\/noticias\\\/incendio-en-la-cop30-de-belem\\\/#listItem\",\"position\":3,\"name\":\"Incendio en la COP30 de Bel\\u00e9m\",\"previousItem\":{\"@type\":\"ListItem\",\"@id\":\"https:\\\/\\\/candas365.es\\\/noticias\\\/category\\\/destacadas\\\/#listItem\",\"name\":\"Destacadas\"}}]},{\"@type\":\"NewsArticle\",\"@id\":\"https:\\\/\\\/candas365.es\\\/noticias\\\/incendio-en-la-cop30-de-belem\\\/#newsarticle\",\"name\":\"Incendio en la COP30 de Bel\\u00e9m | Cand\\u00e1s 365\",\"headline\":\"Incendio en la COP30 de Bel\\u00e9m\",\"author\":{\"@id\":\"https:\\\/\\\/candas365.es\\\/noticias\\\/author\\\/admin\\\/#author\"},\"publisher\":{\"@id\":\"https:\\\/\\\/candas365.es\\\/noticias\\\/#organization\"},\"image\":{\"@type\":\"ImageObject\",\"url\":\"https:\\\/\\\/candas365.es\\\/noticias\\\/wp-content\\\/uploads\\\/2025\\\/11\\\/Incendio-en-la-COP30-de-Belem.jpg\",\"width\":1017,\"height\":660,\"caption\":\"Foto: 123rf.com\"},\"datePublished\":\"2025-11-20T20:33:11+01:00\",\"dateModified\":\"2025-11-20T20:33:11+01:00\",\"inLanguage\":\"es-ES\",\"mainEntityOfPage\":{\"@id\":\"https:\\\/\\\/candas365.es\\\/noticias\\\/incendio-en-la-cop30-de-belem\\\/#webpage\"},\"isPartOf\":{\"@id\":\"https:\\\/\\\/candas365.es\\\/noticias\\\/incendio-en-la-cop30-de-belem\\\/#webpage\"},\"articleSection\":\"Destacadas, Sucesos, sucesos\",\"dateline\":\"Publicado el noviembre 20, 2025.\"},{\"@type\":\"Organization\",\"@id\":\"https:\\\/\\\/candas365.es\\\/noticias\\\/#organization\",\"name\":\"Cand\\u00e1s 365\",\"description\":\"Cand\\u00e1s 365 es un diario digital independiente, fundado en 2012, con base en Asturias. Informamos con rigor sobre actualidad, sociedad, cultura y ocio, con una mirada local y global.\",\"url\":\"https:\\\/\\\/candas365.es\\\/noticias\\\/\",\"email\":\"info@candas365.es\",\"telephone\":\"+34652131393\",\"foundingDate\":\"2012-06-10\",\"logo\":{\"@type\":\"ImageObject\",\"url\":\"https:\\\/\\\/candas365.es\\\/noticias\\\/wp-content\\\/uploads\\\/2024\\\/09\\\/Candas-365-Redes.jpg\",\"@id\":\"https:\\\/\\\/candas365.es\\\/noticias\\\/incendio-en-la-cop30-de-belem\\\/#organizationLogo\",\"width\":1152,\"height\":864,\"caption\":\"Cand\\u00e1s 365 Redes\"},\"image\":{\"@id\":\"https:\\\/\\\/candas365.es\\\/noticias\\\/incendio-en-la-cop30-de-belem\\\/#organizationLogo\"},\"sameAs\":[\"https:\\\/\\\/www.facebook.com\\\/Nachofdezber\",\"https:\\\/\\\/x.com\\\/NabercoDigital\",\"https:\\\/\\\/www.instagram.com\\\/nachofdezber\\\/\",\"https:\\\/\\\/www.youtube.com\\\/channel\\\/UCZP-2wLEB9Rv6erhFmqVnvg\"],\"address\":{\"@id\":\"https:\\\/\\\/candas365.es\\\/noticias\\\/#postaladdress\",\"@type\":\"PostalAddress\",\"streetAddress\":\"san antonio 4, san antonio 4\",\"postalCode\":\"33430\",\"addressLocality\":\"Cand\\u00e1s\",\"addressRegion\":\"Asturias\",\"addressCountry\":\"ES\"}},{\"@type\":\"Person\",\"@id\":\"https:\\\/\\\/candas365.es\\\/noticias\\\/author\\\/admin\\\/#author\",\"url\":\"https:\\\/\\\/candas365.es\\\/noticias\\\/author\\\/admin\\\/\",\"name\":\"Cand\\u00e1s 365\",\"image\":{\"@type\":\"ImageObject\",\"@id\":\"https:\\\/\\\/candas365.es\\\/noticias\\\/incendio-en-la-cop30-de-belem\\\/#authorImage\",\"url\":\"https:\\\/\\\/secure.gravatar.com\\\/avatar\\\/496a8e03d0c493ede1718b7934145dbdf8d89be1036b0eec9544e1094c9de390?s=96&d=mm&r=g\",\"width\":96,\"height\":96,\"caption\":\"Cand\\u00e1s 365\"},\"sameAs\":[\"https:\\\/\\\/www.facebook.com\\\/carrenoactualidad\",\"https:\\\/\\\/twitter.com\\\/nbasturias\",\"https:\\\/\\\/www.instagram.com\\\/nachofdezber\\\/\",\"https:\\\/\\\/www.youtube.com\\\/channel\\\/UCZP-2wLEB9Rv6erhFmqVnvg\"]},{\"@type\":\"WebPage\",\"@id\":\"https:\\\/\\\/candas365.es\\\/noticias\\\/incendio-en-la-cop30-de-belem\\\/#webpage\",\"url\":\"https:\\\/\\\/candas365.es\\\/noticias\\\/incendio-en-la-cop30-de-belem\\\/\",\"name\":\"Incendio en la COP30 de Bel\\u00e9m | Cand\\u00e1s 365\",\"description\":\"Un incendio en la COP30, celebrada en Bel\\u00e9m, oblig\\u00f3 a evacuar a los asistentes de la Zona Azul, donde se desarrollan las negociaciones entre delegados\",\"inLanguage\":\"es-ES\",\"isPartOf\":{\"@id\":\"https:\\\/\\\/candas365.es\\\/noticias\\\/#website\"},\"breadcrumb\":{\"@id\":\"https:\\\/\\\/candas365.es\\\/noticias\\\/incendio-en-la-cop30-de-belem\\\/#breadcrumblist\"},\"author\":{\"@id\":\"https:\\\/\\\/candas365.es\\\/noticias\\\/author\\\/admin\\\/#author\"},\"creator\":{\"@id\":\"https:\\\/\\\/candas365.es\\\/noticias\\\/author\\\/admin\\\/#author\"},\"image\":{\"@type\":\"ImageObject\",\"url\":\"https:\\\/\\\/candas365.es\\\/noticias\\\/wp-content\\\/uploads\\\/2025\\\/11\\\/Incendio-en-la-COP30-de-Belem.jpg\",\"@id\":\"https:\\\/\\\/candas365.es\\\/noticias\\\/incendio-en-la-cop30-de-belem\\\/#mainImage\",\"width\":1017,\"height\":660,\"caption\":\"Foto: 123rf.com\"},\"primaryImageOfPage\":{\"@id\":\"https:\\\/\\\/candas365.es\\\/noticias\\\/incendio-en-la-cop30-de-belem\\\/#mainImage\"},\"datePublished\":\"2025-11-20T20:33:11+01:00\",\"dateModified\":\"2025-11-20T20:33:11+01:00\"},{\"@type\":\"WebSite\",\"@id\":\"https:\\\/\\\/candas365.es\\\/noticias\\\/#website\",\"url\":\"https:\\\/\\\/candas365.es\\\/noticias\\\/\",\"name\":\"Cand\\u00e1s 365\",\"alternateName\":\"Cand\\u00e1s 365 Noticias\",\"description\":\"Actualidad desde Carre\\u00f1o para el mundo\",\"inLanguage\":\"es-ES\",\"publisher\":{\"@id\":\"https:\\\/\\\/candas365.es\\\/noticias\\\/#organization\"}}]}\n\t\t<\/script>\n\t\t<!-- All in One SEO Pro -->\r\n\t\t<title>Incendio en la COP30 de Bel\u00e9m | Cand\u00e1s 365<\/title>\n\n","aioseo_head_json":{"title":"Incendio en la COP30 de Bel\u00e9m | Cand\u00e1s 365","description":"Un incendio en la COP30, celebrada en Bel\u00e9m, oblig\u00f3 a evacuar a los asistentes de la Zona Azul, donde se desarrollan las negociaciones entre delegados","canonical_url":"https:\/\/candas365.es\/noticias\/incendio-en-la-cop30-de-belem\/","robots":"max-image-preview:large","keywords":"destacadas,sucesos","webmasterTools":{"google-site-verification":"UA-32230408-1","msvalidate.01":"354F3CDFB2DA171B47FBE9ABF1F88D5","miscellaneous":""},"schema":{"@context":"https:\/\/schema.org","@graph":[{"@type":"BreadcrumbList","@id":"https:\/\/candas365.es\/noticias\/incendio-en-la-cop30-de-belem\/#breadcrumblist","itemListElement":[{"@type":"ListItem","@id":"https:\/\/candas365.es\/noticias#listItem","position":1,"name":"Home","item":"https:\/\/candas365.es\/noticias","nextItem":{"@type":"ListItem","@id":"https:\/\/candas365.es\/noticias\/category\/destacadas\/#listItem","name":"Destacadas"}},{"@type":"ListItem","@id":"https:\/\/candas365.es\/noticias\/category\/destacadas\/#listItem","position":2,"name":"Destacadas","item":"https:\/\/candas365.es\/noticias\/category\/destacadas\/","nextItem":{"@type":"ListItem","@id":"https:\/\/candas365.es\/noticias\/incendio-en-la-cop30-de-belem\/#listItem","name":"Incendio en la COP30 de Bel\u00e9m"},"previousItem":{"@type":"ListItem","@id":"https:\/\/candas365.es\/noticias#listItem","name":"Home"}},{"@type":"ListItem","@id":"https:\/\/candas365.es\/noticias\/incendio-en-la-cop30-de-belem\/#listItem","position":3,"name":"Incendio en la COP30 de Bel\u00e9m","previousItem":{"@type":"ListItem","@id":"https:\/\/candas365.es\/noticias\/category\/destacadas\/#listItem","name":"Destacadas"}}]},{"@type":"NewsArticle","@id":"https:\/\/candas365.es\/noticias\/incendio-en-la-cop30-de-belem\/#newsarticle","name":"Incendio en la COP30 de Bel\u00e9m | Cand\u00e1s 365","headline":"Incendio en la COP30 de Bel\u00e9m","author":{"@id":"https:\/\/candas365.es\/noticias\/author\/admin\/#author"},"publisher":{"@id":"https:\/\/candas365.es\/noticias\/#organization"},"image":{"@type":"ImageObject","url":"https:\/\/candas365.es\/noticias\/wp-content\/uploads\/2025\/11\/Incendio-en-la-COP30-de-Belem.jpg","width":1017,"height":660,"caption":"Foto: 123rf.com"},"datePublished":"2025-11-20T20:33:11+01:00","dateModified":"2025-11-20T20:33:11+01:00","inLanguage":"es-ES","mainEntityOfPage":{"@id":"https:\/\/candas365.es\/noticias\/incendio-en-la-cop30-de-belem\/#webpage"},"isPartOf":{"@id":"https:\/\/candas365.es\/noticias\/incendio-en-la-cop30-de-belem\/#webpage"},"articleSection":"Destacadas, Sucesos, sucesos","dateline":"Publicado el noviembre 20, 2025."},{"@type":"Organization","@id":"https:\/\/candas365.es\/noticias\/#organization","name":"Cand\u00e1s 365","description":"Cand\u00e1s 365 es un diario digital independiente, fundado en 2012, con base en Asturias. Informamos con rigor sobre actualidad, sociedad, cultura y ocio, con una mirada local y global.","url":"https:\/\/candas365.es\/noticias\/","email":"info@candas365.es","telephone":"+34652131393","foundingDate":"2012-06-10","logo":{"@type":"ImageObject","url":"https:\/\/candas365.es\/noticias\/wp-content\/uploads\/2024\/09\/Candas-365-Redes.jpg","@id":"https:\/\/candas365.es\/noticias\/incendio-en-la-cop30-de-belem\/#organizationLogo","width":1152,"height":864,"caption":"Cand\u00e1s 365 Redes"},"image":{"@id":"https:\/\/candas365.es\/noticias\/incendio-en-la-cop30-de-belem\/#organizationLogo"},"sameAs":["https:\/\/www.facebook.com\/Nachofdezber","https:\/\/x.com\/NabercoDigital","https:\/\/www.instagram.com\/nachofdezber\/","https:\/\/www.youtube.com\/channel\/UCZP-2wLEB9Rv6erhFmqVnvg"],"address":{"@id":"https:\/\/candas365.es\/noticias\/#postaladdress","@type":"PostalAddress","streetAddress":"san antonio 4, san antonio 4","postalCode":"33430","addressLocality":"Cand\u00e1s","addressRegion":"Asturias","addressCountry":"ES"}},{"@type":"Person","@id":"https:\/\/candas365.es\/noticias\/author\/admin\/#author","url":"https:\/\/candas365.es\/noticias\/author\/admin\/","name":"Cand\u00e1s 365","image":{"@type":"ImageObject","@id":"https:\/\/candas365.es\/noticias\/incendio-en-la-cop30-de-belem\/#authorImage","url":"https:\/\/secure.gravatar.com\/avatar\/496a8e03d0c493ede1718b7934145dbdf8d89be1036b0eec9544e1094c9de390?s=96&d=mm&r=g","width":96,"height":96,"caption":"Cand\u00e1s 365"},"sameAs":["https:\/\/www.facebook.com\/carrenoactualidad","https:\/\/twitter.com\/nbasturias","https:\/\/www.instagram.com\/nachofdezber\/","https:\/\/www.youtube.com\/channel\/UCZP-2wLEB9Rv6erhFmqVnvg"]},{"@type":"WebPage","@id":"https:\/\/candas365.es\/noticias\/incendio-en-la-cop30-de-belem\/#webpage","url":"https:\/\/candas365.es\/noticias\/incendio-en-la-cop30-de-belem\/","name":"Incendio en la COP30 de Bel\u00e9m | Cand\u00e1s 365","description":"Un incendio en la COP30, celebrada en Bel\u00e9m, oblig\u00f3 a evacuar a los asistentes de la Zona Azul, donde se desarrollan las negociaciones entre delegados","inLanguage":"es-ES","isPartOf":{"@id":"https:\/\/candas365.es\/noticias\/#website"},"breadcrumb":{"@id":"https:\/\/candas365.es\/noticias\/incendio-en-la-cop30-de-belem\/#breadcrumblist"},"author":{"@id":"https:\/\/candas365.es\/noticias\/author\/admin\/#author"},"creator":{"@id":"https:\/\/candas365.es\/noticias\/author\/admin\/#author"},"image":{"@type":"ImageObject","url":"https:\/\/candas365.es\/noticias\/wp-content\/uploads\/2025\/11\/Incendio-en-la-COP30-de-Belem.jpg","@id":"https:\/\/candas365.es\/noticias\/incendio-en-la-cop30-de-belem\/#mainImage","width":1017,"height":660,"caption":"Foto: 123rf.com"},"primaryImageOfPage":{"@id":"https:\/\/candas365.es\/noticias\/incendio-en-la-cop30-de-belem\/#mainImage"},"datePublished":"2025-11-20T20:33:11+01:00","dateModified":"2025-11-20T20:33:11+01:00"},{"@type":"WebSite","@id":"https:\/\/candas365.es\/noticias\/#website","url":"https:\/\/candas365.es\/noticias\/","name":"Cand\u00e1s 365","alternateName":"Cand\u00e1s 365 Noticias","description":"Actualidad desde Carre\u00f1o para el mundo","inLanguage":"es-ES","publisher":{"@id":"https:\/\/candas365.es\/noticias\/#organization"}}]},"og:locale":"es_ES","og:site_name":"Cand\u00e1s 365","og:type":"article","og:title":"Incendio en la COP30 de Bel\u00e9m | Cand\u00e1s 365","og:description":"Un incendio en la COP30, celebrada en Bel\u00e9m, oblig\u00f3 a evacuar a los asistentes de la Zona Azul, donde se desarrollan las negociaciones entre delegados","og:url":"https:\/\/candas365.es\/noticias\/incendio-en-la-cop30-de-belem\/","og:image":"https:\/\/candas365.es\/noticias\/wp-content\/uploads\/2025\/11\/Incendio-en-la-COP30-de-Belem.jpg","og:image:secure_url":"https:\/\/candas365.es\/noticias\/wp-content\/uploads\/2025\/11\/Incendio-en-la-COP30-de-Belem.jpg","og:image:width":1017,"og:image:height":660,"article:published_time":"2025-11-20T19:33:11+00:00","article:modified_time":"2025-11-20T19:33:11+00:00","article:publisher":"https:\/\/www.facebook.com\/Nachofdezber","article:author":"https:\/\/www.facebook.com\/carrenoactualidad","twitter:card":"summary_large_image","twitter:site":"@NabercoDigital","twitter:title":"Incendio en la COP30 de Bel\u00e9m | Cand\u00e1s 365","twitter:description":"Un incendio en la COP30, celebrada en Bel\u00e9m, oblig\u00f3 a evacuar a los asistentes de la Zona Azul, donde se desarrollan las negociaciones entre delegados","twitter:creator":"@nbasturias","twitter:image":"https:\/\/candas365.es\/noticias\/wp-content\/uploads\/2025\/11\/Incendio-en-la-COP30-de-Belem.jpg","twitter:label1":"Escrito por","twitter:data1":"Cand\u00e1s 365","twitter:label2":"Tiempo de lectura estimado","twitter:data2":"1 minuto"},"aioseo_meta_data":{"post_id":"190251","title":null,"description":"Un incendio en la COP30, celebrada en Bel\u00e9m, oblig\u00f3 a evacuar a los asistentes de la Zona Azul, donde se desarrollan las negociaciones entre delegados","keywords":null,"keyphrases":{"focus":{"keyphrase":"Bel\u00e9m","score":100,"analysis":{"keyphraseInTitle":{"score":9,"maxScore":9,"error":0},"keyphraseInDescription":{"score":9,"maxScore":9,"error":0},"keyphraseLength":{"score":9,"maxScore":9,"error":0,"length":2},"keyphraseInURL":{"score":5,"maxScore":5,"error":0},"keyphraseInIntroduction":{"score":9,"maxScore":9,"error":0},"keyphraseInSubHeadings":[],"keyphraseInImageAlt":{"score":9,"maxScore":9,"error":0},"keywordDensity":{"type":"best","score":9,"maxScore":9,"error":0}}},"additional":[{"keyphrase":"COP30","score":100,"analysis":{"keyphraseInDescription":{"score":9,"maxScore":9,"error":0},"keyphraseLength":{"score":9,"maxScore":9,"error":0,"length":1},"keyphraseInIntroduction":{"score":9,"maxScore":9,"error":0},"keyphraseInImageAlt":{"score":9,"maxScore":9,"error":0},"keywordDensity":{"type":"best","score":9,"maxScore":9,"error":0}}}]},"primary_term":null,"canonical_url":null,"og_title":null,"og_description":null,"og_object_type":"default","og_image_type":"default","og_image_url":null,"og_image_width":null,"og_image_height":null,"og_image_custom_url":null,"og_image_custom_fields":null,"og_video":"","og_custom_url":null,"og_article_section":null,"og_article_tags":null,"twitter_use_og":false,"twitter_card":"default","twitter_image_type":"default","twitter_image_url":null,"twitter_image_custom_url":null,"twitter_image_custom_fields":null,"twitter_title":null,"twitter_description":null,"schema":{"blockGraphs":[],"customGraphs":[],"default":{"data":{"Article":[],"Course":[],"Dataset":[],"FAQPage":[],"Movie":[],"Person":[],"Product":[],"ProductReview":[],"Car":[],"Recipe":[],"Service":[],"SoftwareApplication":[],"WebPage":[]},"graphName":"Article","isEnabled":true},"graphs":[]},"schema_type":"default","schema_type_options":null,"pillar_content":false,"robots_default":true,"robots_noindex":false,"robots_noarchive":false,"robots_nosnippet":false,"robots_nofollow":false,"robots_noimageindex":false,"robots_noodp":false,"robots_notranslate":false,"robots_max_snippet":"-1","robots_max_videopreview":"-1","robots_max_imagepreview":"large","priority":null,"frequency":"default","location":null,"local_seo":null,"seo_analyzer_scan_date":"2025-11-20 19:34:15","breadcrumb_settings":null,"limit_modified_date":false,"reviewed_by":null,"open_ai":null,"ai":{"faqs":[],"keyPoints":[],"titles":[],"descriptions":[],"socialPosts":{"email":[],"linkedin":[],"twitter":[],"facebook":[],"instagram":[]}},"created":"2025-11-20 19:25:00","updated":"2025-11-20 19:40:00"},"aioseo_breadcrumb":"<div class=\"aioseo-breadcrumbs\"><span class=\"aioseo-breadcrumb\">\n\t<a href=\"https:\/\/candas365.es\/noticias\" title=\"Home\">Home<\/a>\n<\/span><span class=\"aioseo-breadcrumb-separator\">&ndash;<\/span><span class=\"aioseo-breadcrumb\">\n\t<a href=\"https:\/\/candas365.es\/noticias\/category\/destacadas\/\" title=\"Destacadas\">Destacadas<\/a>\n<\/span><span class=\"aioseo-breadcrumb-separator\">&ndash;<\/span><span class=\"aioseo-breadcrumb\">\n\tIncendio en la COP30 de Bel\u00e9m\n<\/span><\/div>","aioseo_breadcrumb_json":[{"label":"Home","link":"https:\/\/candas365.es\/noticias"},{"label":"Destacadas","link":"https:\/\/candas365.es\/noticias\/category\/destacadas\/"},{"label":"Incendio en la COP30 de Bel\u00e9m","link":"https:\/\/candas365.es\/noticias\/incendio-en-la-cop30-de-belem\/"}],"_links":{"self":[{"href":"https:\/\/candas365.es\/noticias\/wp-json\/wp\/v2\/posts\/190251","targetHints":{"allow":["GET"]}}],"collection":[{"href":"https:\/\/candas365.es\/noticias\/wp-json\/wp\/v2\/posts"}],"about":[{"href":"https:\/\/candas365.es\/noticias\/wp-json\/wp\/v2\/types\/post"}],"author":[{"embeddable":true,"href":"https:\/\/candas365.es\/noticias\/wp-json\/wp\/v2\/users\/1"}],"replies":[{"embeddable":true,"href":"https:\/\/candas365.es\/noticias\/wp-json\/wp\/v2\/comments?post=190251"}],"version-history":[{"count":0,"href":"https:\/\/candas365.es\/noticias\/wp-json\/wp\/v2\/posts\/190251\/revisions"}],"wp:featuredmedia":[{"embeddable":true,"href":"https:\/\/candas365.es\/noticias\/wp-json\/wp\/v2\/media\/190252"}],"wp:attachment":[{"href":"https:\/\/candas365.es\/noticias\/wp-json\/wp\/v2\/media?parent=190251"}],"wp:term":[{"taxonomy":"category","embeddable":true,"href":"https:\/\/candas365.es\/noticias\/wp-json\/wp\/v2\/categories?post=190251"},{"taxonomy":"post_tag","embeddable":true,"href":"https:\/\/candas365.es\/noticias\/wp-json\/wp\/v2\/tags?post=190251"}],"curies":[{"name":"wp","href":"https:\/\/api.w.org\/{rel}","templated":true}]}}