{"id":190197,"date":"2025-11-19T13:36:58","date_gmt":"2025-11-19T12:36:58","guid":{"rendered":"https:\/\/candas365.es\/noticias\/?p=190197"},"modified":"2025-11-19T13:36:58","modified_gmt":"2025-11-19T12:36:58","slug":"el-principado-y-el-museo-thyssen-impulsan-un-ciclo-artistico-conjunto","status":"publish","type":"post","link":"https:\/\/candas365.es\/noticias\/el-principado-y-el-museo-thyssen-impulsan-un-ciclo-artistico-conjunto\/","title":{"rendered":"El Principado y el Museo Thyssen impulsan un ciclo art\u00edstico conjunto"},"content":{"rendered":"<p>El <span style=\"color: #ff6600;\"><a style=\"color: #ff6600;\" href=\"https:\/\/actualidad.asturias.es\/\" target=\"_blank\" rel=\"noopener\"><strong>Principado<\/strong><\/a><\/span> de Asturias y el Museo Thyssen colaborar\u00e1n hasta 2028 en el ciclo Visi\u00f3n y presencia, que permitir\u00e1 a dos creadoras asturianas presentar sus obras en Madrid y traer\u00e1 a LABoral propuestas nacionales e internacionales.<\/p>\n<figure id=\"attachment_190198\" aria-describedby=\"caption-attachment-190198\" style=\"width: 650px\" class=\"wp-caption aligncenter\"><img fetchpriority=\"high\" decoding=\"async\" class=\"size-large wp-image-190198\" src=\"https:\/\/candas365.es\/noticias\/wp-content\/uploads\/2025\/11\/El-Principado-y-el-Museo-Thyssen-impulsan-un-ciclo-artistico-650x432.jpg\" alt=\"El Principado y el Museo Thyssen impulsan un ciclo art\u00edstico\" width=\"650\" height=\"432\" srcset=\"https:\/\/candas365.es\/noticias\/wp-content\/uploads\/2025\/11\/El-Principado-y-el-Museo-Thyssen-impulsan-un-ciclo-artistico-650x432.jpg 650w, https:\/\/candas365.es\/noticias\/wp-content\/uploads\/2025\/11\/El-Principado-y-el-Museo-Thyssen-impulsan-un-ciclo-artistico-360x239.jpg 360w, https:\/\/candas365.es\/noticias\/wp-content\/uploads\/2025\/11\/El-Principado-y-el-Museo-Thyssen-impulsan-un-ciclo-artistico-768x510.jpg 768w, https:\/\/candas365.es\/noticias\/wp-content\/uploads\/2025\/11\/El-Principado-y-el-Museo-Thyssen-impulsan-un-ciclo-artistico-150x100.jpg 150w, https:\/\/candas365.es\/noticias\/wp-content\/uploads\/2025\/11\/El-Principado-y-el-Museo-Thyssen-impulsan-un-ciclo-artistico-450x299.jpg 450w, https:\/\/candas365.es\/noticias\/wp-content\/uploads\/2025\/11\/El-Principado-y-el-Museo-Thyssen-impulsan-un-ciclo-artistico.jpg 1025w\" sizes=\"(max-width: 650px) 100vw, 650px\" \/><figcaption id=\"caption-attachment-190198\" class=\"wp-caption-text\">Foto: Prensa Principado<\/figcaption><\/figure>\n<h2>Un acuerdo para reforzar la presencia art\u00edstica asturiana<\/h2>\n<p>La consejera de Cultura, Pol\u00edtica Lling\u00fc\u00edstica y Deporte y presidenta de la Fundaci\u00f3n LABoral, Vanessa Guti\u00e9rrez, ha firmado un acuerdo de colaboraci\u00f3n con el Museo Nacional Thyssen-Bornemisza que permitir\u00e1 que dos artistas residentes en Asturias presenten cada a\u00f1o sus creaciones en el museo madrile\u00f1o dentro del ciclo Visi\u00f3n y presencia, un programa consolidado de alcance nacional e internacional.<\/p>\n<p>El convenio, con vigencia hasta 2028 y opci\u00f3n de pr\u00f3rroga, incluye tambi\u00e9n la propuesta anual por parte del Thyssen de tres artistas nacionales o internacionales para exponer o escenificar sus obras en <a href=\"https:\/\/candas365.es\/noticias\/category\/agenda\/\"><span style=\"color: #ff6600;\"><strong>LABoral Centro de Arte<\/strong><\/span><\/a>, en Gij\u00f3n\/Xix\u00f3n.<\/p>\n<h2>LAS primeras creadoras participar\u00e1n en 2026<\/h2>\n<p>La colaboraci\u00f3n arrancar\u00e1 en 2026 con la participaci\u00f3n de las artistas asturianas Mar\u00eda Vallina (Llangr\u00e9u\/Langreo, 1978) y M\u00f3nica Cofi\u00f1o (Gij\u00f3n\/Xix\u00f3n, 1980), que presentar\u00e1n sus obras en distintos espacios del Thyssen. Vallina mostrar\u00e1 el 21 de enero Silencio roto para un encuentro en los l\u00edmites habitables, mientras que Cofi\u00f1o llevar\u00e1 a escena el 18 de noviembre Radiofon\u00edas de una guerra.<\/p>\n<p>Por su parte, tres creadoras que han pasado por ediciones anteriores del ciclo \u2014la asturiana Noem\u00ed Iglesias Barrios, la camerunesa-espa\u00f1ola Agnes Essonti y la canaria Teresa Correa\u2014 actuar\u00e1n en LABoral a lo largo de 2026.<\/p>\n<p>El acuerdo se dio a conocer en una rueda de prensa con la participaci\u00f3n de la consejera Vanessa Guti\u00e9rrez, el director art\u00edstico del Thyssen, Guillermo Solana, y el director gerente, Evelio Acevedo. Todos destacaron la importancia de esta alianza para visibilizar el talento asturiano y fortalecer las redes culturales entre instituciones.<\/p>\n<h2>Un ciclo centrado en mirada cr\u00edtica y diversidad<\/h2>\n<p>Creado por Sem\u00edramis Gonz\u00e1lez, directora de LABoral, el ciclo Visi\u00f3n y presencia alcanzar\u00e1 en 2026 su quinta edici\u00f3n con diez nuevas acciones ideadas por artistas nacionales e internacionales para presentarlas en el museo madrile\u00f1o. Esta iniciativa aborda tem\u00e1ticas como tradiciones, ecofeminismo, emergencia clim\u00e1tica o migraciones, con el objetivo de poner el foco en problem\u00e1ticas sociales desde perspectivas diversas.<\/p>\n<p>En la pr\u00f3xima edici\u00f3n participar\u00e1n creadoras procedentes de Espa\u00f1a, Guatemala, Chile, Guinea Ecuatorial y Per\u00fa, con el apoyo de instituciones como el Centro Atl\u00e1ntico de Arte Moderno (CAAM), la Agencia Espa\u00f1ola de Cooperaci\u00f3n Internacional para el Desarrollo (AECID) y eventos como Ellas Crean o la Bienal de Mujeres en las Artes Visuales.<\/p>\n","protected":false},"excerpt":{"rendered":"<p>El Principado de Asturias y el Museo Thyssen colaborar\u00e1n hasta 2028 en el ciclo Visi\u00f3n y presencia, que permitir\u00e1 a dos creadoras asturianas presentar sus obras en Madrid y traer\u00e1 a LABoral propuestas nacionales e internacionales. Un acuerdo para reforzar la presencia art\u00edstica asturiana La consejera de Cultura, Pol\u00edtica Lling\u00fc\u00edstica y Deporte y presidenta de<\/p>\n","protected":false},"author":1,"featured_media":190198,"comment_status":"closed","ping_status":"closed","sticky":false,"template":"","format":"standard","meta":{"footnotes":""},"categories":[7],"tags":[380,430],"class_list":{"0":"post-190197","1":"post","2":"type-post","3":"status-publish","4":"format-standard","5":"has-post-thumbnail","7":"category-asturias","8":"tag-asturias","9":"tag-cultura"},"aioseo_notices":[],"aioseo_head":"\n\t\t<!-- All in One SEO Pro 4.9.6.2 - aioseo.com -->\n\t<meta name=\"description\" content=\"El Principado de Asturias y el Museo Thyssen colaborar\u00e1n hasta 2028 en el ciclo Visi\u00f3n y presencia, que permitir\u00e1 a dos creadoras asturianas presentar sus obras\" \/>\n\t<meta name=\"robots\" content=\"max-image-preview:large\" \/>\n\t<meta name=\"author\" content=\"Cand\u00e1s 365\"\/>\n\t<meta name=\"google-site-verification\" content=\"UA-32230408-1\" \/>\n\t<meta name=\"msvalidate.01\" content=\"354F3CDFB2DA171B47FBE9ABF1F88D5\" \/>\n\t<meta name=\"keywords\" content=\"asturias\" \/>\n\t<link rel=\"canonical\" href=\"https:\/\/candas365.es\/noticias\/el-principado-y-el-museo-thyssen-impulsan-un-ciclo-artistico-conjunto\/\" \/>\n\t<meta name=\"generator\" content=\"All in One SEO Pro (AIOSEO) 4.9.6.2\" \/>\n\t\t<meta property=\"og:locale\" content=\"es_ES\" \/>\n\t\t<meta property=\"og:site_name\" content=\"Cand\u00e1s 365\" \/>\n\t\t<meta property=\"og:type\" content=\"article\" \/>\n\t\t<meta property=\"og:title\" content=\"El Principado y el Museo Thyssen impulsan un ciclo art\u00edstico conjunto | Cand\u00e1s 365\" \/>\n\t\t<meta property=\"og:description\" content=\"El Principado de Asturias y el Museo Thyssen colaborar\u00e1n hasta 2028 en el ciclo Visi\u00f3n y presencia, que permitir\u00e1 a dos creadoras asturianas presentar sus obras\" \/>\n\t\t<meta property=\"og:url\" content=\"https:\/\/candas365.es\/noticias\/el-principado-y-el-museo-thyssen-impulsan-un-ciclo-artistico-conjunto\/\" \/>\n\t\t<meta property=\"og:image\" content=\"https:\/\/candas365.es\/noticias\/wp-content\/uploads\/2025\/11\/El-Principado-y-el-Museo-Thyssen-impulsan-un-ciclo-artistico.jpg\" \/>\n\t\t<meta property=\"og:image:secure_url\" content=\"https:\/\/candas365.es\/noticias\/wp-content\/uploads\/2025\/11\/El-Principado-y-el-Museo-Thyssen-impulsan-un-ciclo-artistico.jpg\" \/>\n\t\t<meta property=\"og:image:width\" content=\"1025\" \/>\n\t\t<meta property=\"og:image:height\" content=\"681\" \/>\n\t\t<meta property=\"article:published_time\" content=\"2025-11-19T12:36:58+00:00\" \/>\n\t\t<meta property=\"article:modified_time\" content=\"2025-11-19T12:36:58+00:00\" \/>\n\t\t<meta property=\"article:publisher\" content=\"https:\/\/www.facebook.com\/Nachofdezber\" \/>\n\t\t<meta property=\"article:author\" content=\"https:\/\/www.facebook.com\/carrenoactualidad\" \/>\n\t\t<meta name=\"twitter:card\" content=\"summary_large_image\" \/>\n\t\t<meta name=\"twitter:site\" content=\"@NabercoDigital\" \/>\n\t\t<meta name=\"twitter:title\" content=\"El Principado y el Museo Thyssen impulsan un ciclo art\u00edstico conjunto | Cand\u00e1s 365\" \/>\n\t\t<meta name=\"twitter:description\" content=\"El Principado de Asturias y el Museo Thyssen colaborar\u00e1n hasta 2028 en el ciclo Visi\u00f3n y presencia, que permitir\u00e1 a dos creadoras asturianas presentar sus obras\" \/>\n\t\t<meta name=\"twitter:creator\" content=\"@nbasturias\" \/>\n\t\t<meta name=\"twitter:image\" content=\"https:\/\/candas365.es\/noticias\/wp-content\/uploads\/2025\/11\/El-Principado-y-el-Museo-Thyssen-impulsan-un-ciclo-artistico.jpg\" \/>\n\t\t<meta name=\"twitter:label1\" content=\"Escrito por\" \/>\n\t\t<meta name=\"twitter:data1\" content=\"Cand\u00e1s 365\" \/>\n\t\t<meta name=\"twitter:label2\" content=\"Tiempo de lectura estimado\" \/>\n\t\t<meta name=\"twitter:data2\" content=\"2 minutos\" \/>\n\t\t<script type=\"application\/ld+json\" class=\"aioseo-schema\">\n\t\t\t{\"@context\":\"https:\\\/\\\/schema.org\",\"@graph\":[{\"@type\":\"BreadcrumbList\",\"@id\":\"https:\\\/\\\/candas365.es\\\/noticias\\\/el-principado-y-el-museo-thyssen-impulsan-un-ciclo-artistico-conjunto\\\/#breadcrumblist\",\"itemListElement\":[{\"@type\":\"ListItem\",\"@id\":\"https:\\\/\\\/candas365.es\\\/noticias#listItem\",\"position\":1,\"name\":\"Home\",\"item\":\"https:\\\/\\\/candas365.es\\\/noticias\",\"nextItem\":{\"@type\":\"ListItem\",\"@id\":\"https:\\\/\\\/candas365.es\\\/noticias\\\/category\\\/asturias\\\/#listItem\",\"name\":\"Asturias\"}},{\"@type\":\"ListItem\",\"@id\":\"https:\\\/\\\/candas365.es\\\/noticias\\\/category\\\/asturias\\\/#listItem\",\"position\":2,\"name\":\"Asturias\",\"item\":\"https:\\\/\\\/candas365.es\\\/noticias\\\/category\\\/asturias\\\/\",\"nextItem\":{\"@type\":\"ListItem\",\"@id\":\"https:\\\/\\\/candas365.es\\\/noticias\\\/el-principado-y-el-museo-thyssen-impulsan-un-ciclo-artistico-conjunto\\\/#listItem\",\"name\":\"El Principado y el Museo Thyssen impulsan un ciclo art\\u00edstico conjunto\"},\"previousItem\":{\"@type\":\"ListItem\",\"@id\":\"https:\\\/\\\/candas365.es\\\/noticias#listItem\",\"name\":\"Home\"}},{\"@type\":\"ListItem\",\"@id\":\"https:\\\/\\\/candas365.es\\\/noticias\\\/el-principado-y-el-museo-thyssen-impulsan-un-ciclo-artistico-conjunto\\\/#listItem\",\"position\":3,\"name\":\"El Principado y el Museo Thyssen impulsan un ciclo art\\u00edstico conjunto\",\"previousItem\":{\"@type\":\"ListItem\",\"@id\":\"https:\\\/\\\/candas365.es\\\/noticias\\\/category\\\/asturias\\\/#listItem\",\"name\":\"Asturias\"}}]},{\"@type\":\"NewsArticle\",\"@id\":\"https:\\\/\\\/candas365.es\\\/noticias\\\/el-principado-y-el-museo-thyssen-impulsan-un-ciclo-artistico-conjunto\\\/#newsarticle\",\"name\":\"El Principado y el Museo Thyssen impulsan un ciclo art\\u00edstico conjunto | Cand\\u00e1s 365\",\"headline\":\"El Principado y el Museo Thyssen impulsan un ciclo art\\u00edstico conjunto\",\"author\":{\"@id\":\"https:\\\/\\\/candas365.es\\\/noticias\\\/author\\\/admin\\\/#author\"},\"publisher\":{\"@id\":\"https:\\\/\\\/candas365.es\\\/noticias\\\/#organization\"},\"image\":{\"@type\":\"ImageObject\",\"url\":\"https:\\\/\\\/candas365.es\\\/noticias\\\/wp-content\\\/uploads\\\/2025\\\/11\\\/El-Principado-y-el-Museo-Thyssen-impulsan-un-ciclo-artistico.jpg\",\"width\":1025,\"height\":681,\"caption\":\"Foto: Prensa Principado\"},\"datePublished\":\"2025-11-19T13:36:58+01:00\",\"dateModified\":\"2025-11-19T13:36:58+01:00\",\"inLanguage\":\"es-ES\",\"mainEntityOfPage\":{\"@id\":\"https:\\\/\\\/candas365.es\\\/noticias\\\/el-principado-y-el-museo-thyssen-impulsan-un-ciclo-artistico-conjunto\\\/#webpage\"},\"isPartOf\":{\"@id\":\"https:\\\/\\\/candas365.es\\\/noticias\\\/el-principado-y-el-museo-thyssen-impulsan-un-ciclo-artistico-conjunto\\\/#webpage\"},\"articleSection\":\"Asturias, Asturias, cultura\",\"dateline\":\"Publicado el noviembre 19, 2025.\"},{\"@type\":\"Organization\",\"@id\":\"https:\\\/\\\/candas365.es\\\/noticias\\\/#organization\",\"name\":\"Cand\\u00e1s 365\",\"description\":\"Cand\\u00e1s 365 es un diario digital independiente, fundado en 2012, con base en Asturias. Informamos con rigor sobre actualidad, sociedad, cultura y ocio, con una mirada local y global.\",\"url\":\"https:\\\/\\\/candas365.es\\\/noticias\\\/\",\"email\":\"info@candas365.es\",\"telephone\":\"+34652131393\",\"foundingDate\":\"2012-06-10\",\"logo\":{\"@type\":\"ImageObject\",\"url\":\"https:\\\/\\\/candas365.es\\\/noticias\\\/wp-content\\\/uploads\\\/2024\\\/09\\\/Candas-365-Redes.jpg\",\"@id\":\"https:\\\/\\\/candas365.es\\\/noticias\\\/el-principado-y-el-museo-thyssen-impulsan-un-ciclo-artistico-conjunto\\\/#organizationLogo\",\"width\":1152,\"height\":864,\"caption\":\"Cand\\u00e1s 365 Redes\"},\"image\":{\"@id\":\"https:\\\/\\\/candas365.es\\\/noticias\\\/el-principado-y-el-museo-thyssen-impulsan-un-ciclo-artistico-conjunto\\\/#organizationLogo\"},\"sameAs\":[\"https:\\\/\\\/www.facebook.com\\\/Nachofdezber\",\"https:\\\/\\\/x.com\\\/NabercoDigital\",\"https:\\\/\\\/www.instagram.com\\\/nachofdezber\\\/\",\"https:\\\/\\\/www.youtube.com\\\/channel\\\/UCZP-2wLEB9Rv6erhFmqVnvg\"],\"address\":{\"@id\":\"https:\\\/\\\/candas365.es\\\/noticias\\\/#postaladdress\",\"@type\":\"PostalAddress\",\"streetAddress\":\"san antonio 4, san antonio 4\",\"postalCode\":\"33430\",\"addressLocality\":\"Cand\\u00e1s\",\"addressRegion\":\"Asturias\",\"addressCountry\":\"ES\"}},{\"@type\":\"Person\",\"@id\":\"https:\\\/\\\/candas365.es\\\/noticias\\\/author\\\/admin\\\/#author\",\"url\":\"https:\\\/\\\/candas365.es\\\/noticias\\\/author\\\/admin\\\/\",\"name\":\"Cand\\u00e1s 365\",\"image\":{\"@type\":\"ImageObject\",\"@id\":\"https:\\\/\\\/candas365.es\\\/noticias\\\/el-principado-y-el-museo-thyssen-impulsan-un-ciclo-artistico-conjunto\\\/#authorImage\",\"url\":\"https:\\\/\\\/secure.gravatar.com\\\/avatar\\\/496a8e03d0c493ede1718b7934145dbdf8d89be1036b0eec9544e1094c9de390?s=96&d=mm&r=g\",\"width\":96,\"height\":96,\"caption\":\"Cand\\u00e1s 365\"},\"sameAs\":[\"https:\\\/\\\/www.facebook.com\\\/carrenoactualidad\",\"https:\\\/\\\/twitter.com\\\/nbasturias\",\"https:\\\/\\\/www.instagram.com\\\/nachofdezber\\\/\",\"https:\\\/\\\/www.youtube.com\\\/channel\\\/UCZP-2wLEB9Rv6erhFmqVnvg\"]},{\"@type\":\"WebPage\",\"@id\":\"https:\\\/\\\/candas365.es\\\/noticias\\\/el-principado-y-el-museo-thyssen-impulsan-un-ciclo-artistico-conjunto\\\/#webpage\",\"url\":\"https:\\\/\\\/candas365.es\\\/noticias\\\/el-principado-y-el-museo-thyssen-impulsan-un-ciclo-artistico-conjunto\\\/\",\"name\":\"El Principado y el Museo Thyssen impulsan un ciclo art\\u00edstico conjunto | Cand\\u00e1s 365\",\"description\":\"El Principado de Asturias y el Museo Thyssen colaborar\\u00e1n hasta 2028 en el ciclo Visi\\u00f3n y presencia, que permitir\\u00e1 a dos creadoras asturianas presentar sus obras\",\"inLanguage\":\"es-ES\",\"isPartOf\":{\"@id\":\"https:\\\/\\\/candas365.es\\\/noticias\\\/#website\"},\"breadcrumb\":{\"@id\":\"https:\\\/\\\/candas365.es\\\/noticias\\\/el-principado-y-el-museo-thyssen-impulsan-un-ciclo-artistico-conjunto\\\/#breadcrumblist\"},\"author\":{\"@id\":\"https:\\\/\\\/candas365.es\\\/noticias\\\/author\\\/admin\\\/#author\"},\"creator\":{\"@id\":\"https:\\\/\\\/candas365.es\\\/noticias\\\/author\\\/admin\\\/#author\"},\"image\":{\"@type\":\"ImageObject\",\"url\":\"https:\\\/\\\/candas365.es\\\/noticias\\\/wp-content\\\/uploads\\\/2025\\\/11\\\/El-Principado-y-el-Museo-Thyssen-impulsan-un-ciclo-artistico.jpg\",\"@id\":\"https:\\\/\\\/candas365.es\\\/noticias\\\/el-principado-y-el-museo-thyssen-impulsan-un-ciclo-artistico-conjunto\\\/#mainImage\",\"width\":1025,\"height\":681,\"caption\":\"Foto: Prensa Principado\"},\"primaryImageOfPage\":{\"@id\":\"https:\\\/\\\/candas365.es\\\/noticias\\\/el-principado-y-el-museo-thyssen-impulsan-un-ciclo-artistico-conjunto\\\/#mainImage\"},\"datePublished\":\"2025-11-19T13:36:58+01:00\",\"dateModified\":\"2025-11-19T13:36:58+01:00\"},{\"@type\":\"WebSite\",\"@id\":\"https:\\\/\\\/candas365.es\\\/noticias\\\/#website\",\"url\":\"https:\\\/\\\/candas365.es\\\/noticias\\\/\",\"name\":\"Cand\\u00e1s 365\",\"alternateName\":\"Cand\\u00e1s 365 Noticias\",\"description\":\"Actualidad desde Carre\\u00f1o para el mundo\",\"inLanguage\":\"es-ES\",\"publisher\":{\"@id\":\"https:\\\/\\\/candas365.es\\\/noticias\\\/#organization\"}}]}\n\t\t<\/script>\n\t\t<!-- All in One SEO Pro -->\r\n\t\t<title>El Principado y el Museo Thyssen impulsan un ciclo art\u00edstico conjunto | Cand\u00e1s 365<\/title>\n\n","aioseo_head_json":{"title":"El Principado y el Museo Thyssen impulsan un ciclo art\u00edstico conjunto | Cand\u00e1s 365","description":"El Principado de Asturias y el Museo Thyssen colaborar\u00e1n hasta 2028 en el ciclo Visi\u00f3n y presencia, que permitir\u00e1 a dos creadoras asturianas presentar sus obras","canonical_url":"https:\/\/candas365.es\/noticias\/el-principado-y-el-museo-thyssen-impulsan-un-ciclo-artistico-conjunto\/","robots":"max-image-preview:large","keywords":"asturias","webmasterTools":{"google-site-verification":"UA-32230408-1","msvalidate.01":"354F3CDFB2DA171B47FBE9ABF1F88D5","miscellaneous":""},"schema":{"@context":"https:\/\/schema.org","@graph":[{"@type":"BreadcrumbList","@id":"https:\/\/candas365.es\/noticias\/el-principado-y-el-museo-thyssen-impulsan-un-ciclo-artistico-conjunto\/#breadcrumblist","itemListElement":[{"@type":"ListItem","@id":"https:\/\/candas365.es\/noticias#listItem","position":1,"name":"Home","item":"https:\/\/candas365.es\/noticias","nextItem":{"@type":"ListItem","@id":"https:\/\/candas365.es\/noticias\/category\/asturias\/#listItem","name":"Asturias"}},{"@type":"ListItem","@id":"https:\/\/candas365.es\/noticias\/category\/asturias\/#listItem","position":2,"name":"Asturias","item":"https:\/\/candas365.es\/noticias\/category\/asturias\/","nextItem":{"@type":"ListItem","@id":"https:\/\/candas365.es\/noticias\/el-principado-y-el-museo-thyssen-impulsan-un-ciclo-artistico-conjunto\/#listItem","name":"El Principado y el Museo Thyssen impulsan un ciclo art\u00edstico conjunto"},"previousItem":{"@type":"ListItem","@id":"https:\/\/candas365.es\/noticias#listItem","name":"Home"}},{"@type":"ListItem","@id":"https:\/\/candas365.es\/noticias\/el-principado-y-el-museo-thyssen-impulsan-un-ciclo-artistico-conjunto\/#listItem","position":3,"name":"El Principado y el Museo Thyssen impulsan un ciclo art\u00edstico conjunto","previousItem":{"@type":"ListItem","@id":"https:\/\/candas365.es\/noticias\/category\/asturias\/#listItem","name":"Asturias"}}]},{"@type":"NewsArticle","@id":"https:\/\/candas365.es\/noticias\/el-principado-y-el-museo-thyssen-impulsan-un-ciclo-artistico-conjunto\/#newsarticle","name":"El Principado y el Museo Thyssen impulsan un ciclo art\u00edstico conjunto | Cand\u00e1s 365","headline":"El Principado y el Museo Thyssen impulsan un ciclo art\u00edstico conjunto","author":{"@id":"https:\/\/candas365.es\/noticias\/author\/admin\/#author"},"publisher":{"@id":"https:\/\/candas365.es\/noticias\/#organization"},"image":{"@type":"ImageObject","url":"https:\/\/candas365.es\/noticias\/wp-content\/uploads\/2025\/11\/El-Principado-y-el-Museo-Thyssen-impulsan-un-ciclo-artistico.jpg","width":1025,"height":681,"caption":"Foto: Prensa Principado"},"datePublished":"2025-11-19T13:36:58+01:00","dateModified":"2025-11-19T13:36:58+01:00","inLanguage":"es-ES","mainEntityOfPage":{"@id":"https:\/\/candas365.es\/noticias\/el-principado-y-el-museo-thyssen-impulsan-un-ciclo-artistico-conjunto\/#webpage"},"isPartOf":{"@id":"https:\/\/candas365.es\/noticias\/el-principado-y-el-museo-thyssen-impulsan-un-ciclo-artistico-conjunto\/#webpage"},"articleSection":"Asturias, Asturias, cultura","dateline":"Publicado el noviembre 19, 2025."},{"@type":"Organization","@id":"https:\/\/candas365.es\/noticias\/#organization","name":"Cand\u00e1s 365","description":"Cand\u00e1s 365 es un diario digital independiente, fundado en 2012, con base en Asturias. Informamos con rigor sobre actualidad, sociedad, cultura y ocio, con una mirada local y global.","url":"https:\/\/candas365.es\/noticias\/","email":"info@candas365.es","telephone":"+34652131393","foundingDate":"2012-06-10","logo":{"@type":"ImageObject","url":"https:\/\/candas365.es\/noticias\/wp-content\/uploads\/2024\/09\/Candas-365-Redes.jpg","@id":"https:\/\/candas365.es\/noticias\/el-principado-y-el-museo-thyssen-impulsan-un-ciclo-artistico-conjunto\/#organizationLogo","width":1152,"height":864,"caption":"Cand\u00e1s 365 Redes"},"image":{"@id":"https:\/\/candas365.es\/noticias\/el-principado-y-el-museo-thyssen-impulsan-un-ciclo-artistico-conjunto\/#organizationLogo"},"sameAs":["https:\/\/www.facebook.com\/Nachofdezber","https:\/\/x.com\/NabercoDigital","https:\/\/www.instagram.com\/nachofdezber\/","https:\/\/www.youtube.com\/channel\/UCZP-2wLEB9Rv6erhFmqVnvg"],"address":{"@id":"https:\/\/candas365.es\/noticias\/#postaladdress","@type":"PostalAddress","streetAddress":"san antonio 4, san antonio 4","postalCode":"33430","addressLocality":"Cand\u00e1s","addressRegion":"Asturias","addressCountry":"ES"}},{"@type":"Person","@id":"https:\/\/candas365.es\/noticias\/author\/admin\/#author","url":"https:\/\/candas365.es\/noticias\/author\/admin\/","name":"Cand\u00e1s 365","image":{"@type":"ImageObject","@id":"https:\/\/candas365.es\/noticias\/el-principado-y-el-museo-thyssen-impulsan-un-ciclo-artistico-conjunto\/#authorImage","url":"https:\/\/secure.gravatar.com\/avatar\/496a8e03d0c493ede1718b7934145dbdf8d89be1036b0eec9544e1094c9de390?s=96&d=mm&r=g","width":96,"height":96,"caption":"Cand\u00e1s 365"},"sameAs":["https:\/\/www.facebook.com\/carrenoactualidad","https:\/\/twitter.com\/nbasturias","https:\/\/www.instagram.com\/nachofdezber\/","https:\/\/www.youtube.com\/channel\/UCZP-2wLEB9Rv6erhFmqVnvg"]},{"@type":"WebPage","@id":"https:\/\/candas365.es\/noticias\/el-principado-y-el-museo-thyssen-impulsan-un-ciclo-artistico-conjunto\/#webpage","url":"https:\/\/candas365.es\/noticias\/el-principado-y-el-museo-thyssen-impulsan-un-ciclo-artistico-conjunto\/","name":"El Principado y el Museo Thyssen impulsan un ciclo art\u00edstico conjunto | Cand\u00e1s 365","description":"El Principado de Asturias y el Museo Thyssen colaborar\u00e1n hasta 2028 en el ciclo Visi\u00f3n y presencia, que permitir\u00e1 a dos creadoras asturianas presentar sus obras","inLanguage":"es-ES","isPartOf":{"@id":"https:\/\/candas365.es\/noticias\/#website"},"breadcrumb":{"@id":"https:\/\/candas365.es\/noticias\/el-principado-y-el-museo-thyssen-impulsan-un-ciclo-artistico-conjunto\/#breadcrumblist"},"author":{"@id":"https:\/\/candas365.es\/noticias\/author\/admin\/#author"},"creator":{"@id":"https:\/\/candas365.es\/noticias\/author\/admin\/#author"},"image":{"@type":"ImageObject","url":"https:\/\/candas365.es\/noticias\/wp-content\/uploads\/2025\/11\/El-Principado-y-el-Museo-Thyssen-impulsan-un-ciclo-artistico.jpg","@id":"https:\/\/candas365.es\/noticias\/el-principado-y-el-museo-thyssen-impulsan-un-ciclo-artistico-conjunto\/#mainImage","width":1025,"height":681,"caption":"Foto: Prensa Principado"},"primaryImageOfPage":{"@id":"https:\/\/candas365.es\/noticias\/el-principado-y-el-museo-thyssen-impulsan-un-ciclo-artistico-conjunto\/#mainImage"},"datePublished":"2025-11-19T13:36:58+01:00","dateModified":"2025-11-19T13:36:58+01:00"},{"@type":"WebSite","@id":"https:\/\/candas365.es\/noticias\/#website","url":"https:\/\/candas365.es\/noticias\/","name":"Cand\u00e1s 365","alternateName":"Cand\u00e1s 365 Noticias","description":"Actualidad desde Carre\u00f1o para el mundo","inLanguage":"es-ES","publisher":{"@id":"https:\/\/candas365.es\/noticias\/#organization"}}]},"og:locale":"es_ES","og:site_name":"Cand\u00e1s 365","og:type":"article","og:title":"El Principado y el Museo Thyssen impulsan un ciclo art\u00edstico conjunto | Cand\u00e1s 365","og:description":"El Principado de Asturias y el Museo Thyssen colaborar\u00e1n hasta 2028 en el ciclo Visi\u00f3n y presencia, que permitir\u00e1 a dos creadoras asturianas presentar sus obras","og:url":"https:\/\/candas365.es\/noticias\/el-principado-y-el-museo-thyssen-impulsan-un-ciclo-artistico-conjunto\/","og:image":"https:\/\/candas365.es\/noticias\/wp-content\/uploads\/2025\/11\/El-Principado-y-el-Museo-Thyssen-impulsan-un-ciclo-artistico.jpg","og:image:secure_url":"https:\/\/candas365.es\/noticias\/wp-content\/uploads\/2025\/11\/El-Principado-y-el-Museo-Thyssen-impulsan-un-ciclo-artistico.jpg","og:image:width":1025,"og:image:height":681,"article:published_time":"2025-11-19T12:36:58+00:00","article:modified_time":"2025-11-19T12:36:58+00:00","article:publisher":"https:\/\/www.facebook.com\/Nachofdezber","article:author":"https:\/\/www.facebook.com\/carrenoactualidad","twitter:card":"summary_large_image","twitter:site":"@NabercoDigital","twitter:title":"El Principado y el Museo Thyssen impulsan un ciclo art\u00edstico conjunto | Cand\u00e1s 365","twitter:description":"El Principado de Asturias y el Museo Thyssen colaborar\u00e1n hasta 2028 en el ciclo Visi\u00f3n y presencia, que permitir\u00e1 a dos creadoras asturianas presentar sus obras","twitter:creator":"@nbasturias","twitter:image":"https:\/\/candas365.es\/noticias\/wp-content\/uploads\/2025\/11\/El-Principado-y-el-Museo-Thyssen-impulsan-un-ciclo-artistico.jpg","twitter:label1":"Escrito por","twitter:data1":"Cand\u00e1s 365","twitter:label2":"Tiempo de lectura estimado","twitter:data2":"2 minutos"},"aioseo_meta_data":{"post_id":"190197","title":null,"description":"El Principado de Asturias y el Museo Thyssen colaborar\u00e1n hasta 2028 en el ciclo Visi\u00f3n y presencia, que permitir\u00e1 a dos creadoras asturianas presentar sus obras","keywords":null,"keyphrases":{"focus":{"keyphrase":"Principado","score":78,"analysis":{"keyphraseInTitle":{"score":9,"maxScore":9,"error":0},"keyphraseInDescription":{"score":9,"maxScore":9,"error":0},"keyphraseLength":{"score":9,"maxScore":9,"error":0,"length":1},"keyphraseInURL":{"score":5,"maxScore":5,"error":0},"keyphraseInIntroduction":{"score":9,"maxScore":9,"error":0},"keyphraseInSubHeadings":{"score":3,"maxScore":9,"error":1},"keyphraseInImageAlt":{"score":9,"maxScore":9,"error":0},"keywordDensity":{"score":0,"type":"low","maxScore":9,"error":1}}},"additional":[{"keyphrase":"Museo Thyssen","score":80,"analysis":{"keyphraseInDescription":{"score":9,"maxScore":9,"error":0},"keyphraseLength":{"score":9,"maxScore":9,"error":0,"length":2},"keyphraseInIntroduction":{"score":9,"maxScore":9,"error":0},"keyphraseInImageAlt":{"score":9,"maxScore":9,"error":0},"keywordDensity":{"score":0,"type":"low","maxScore":9,"error":1}}}]},"primary_term":null,"canonical_url":null,"og_title":null,"og_description":null,"og_object_type":"default","og_image_type":"default","og_image_url":null,"og_image_width":null,"og_image_height":null,"og_image_custom_url":null,"og_image_custom_fields":null,"og_video":"","og_custom_url":null,"og_article_section":null,"og_article_tags":null,"twitter_use_og":false,"twitter_card":"default","twitter_image_type":"default","twitter_image_url":null,"twitter_image_custom_url":null,"twitter_image_custom_fields":null,"twitter_title":null,"twitter_description":null,"schema":{"blockGraphs":[],"customGraphs":[],"default":{"data":{"Article":[],"Course":[],"Dataset":[],"FAQPage":[],"Movie":[],"Person":[],"Product":[],"ProductReview":[],"Car":[],"Recipe":[],"Service":[],"SoftwareApplication":[],"WebPage":[]},"graphName":"Article","isEnabled":true},"graphs":[]},"schema_type":"default","schema_type_options":null,"pillar_content":false,"robots_default":true,"robots_noindex":false,"robots_noarchive":false,"robots_nosnippet":false,"robots_nofollow":false,"robots_noimageindex":false,"robots_noodp":false,"robots_notranslate":false,"robots_max_snippet":"-1","robots_max_videopreview":"-1","robots_max_imagepreview":"large","priority":null,"frequency":"default","location":null,"local_seo":null,"seo_analyzer_scan_date":"2025-11-19 12:50:23","breadcrumb_settings":null,"limit_modified_date":false,"reviewed_by":null,"open_ai":null,"ai":{"faqs":[],"keyPoints":[],"titles":[],"descriptions":[],"socialPosts":{"email":[],"linkedin":[],"twitter":[],"facebook":[],"instagram":[]}},"created":"2025-11-19 12:29:15","updated":"2025-11-19 12:50:23"},"aioseo_breadcrumb":"<div class=\"aioseo-breadcrumbs\"><span class=\"aioseo-breadcrumb\">\n\t<a href=\"https:\/\/candas365.es\/noticias\" title=\"Home\">Home<\/a>\n<\/span><span class=\"aioseo-breadcrumb-separator\">&ndash;<\/span><span class=\"aioseo-breadcrumb\">\n\t<a href=\"https:\/\/candas365.es\/noticias\/category\/asturias\/\" title=\"Asturias\">Asturias<\/a>\n<\/span><span class=\"aioseo-breadcrumb-separator\">&ndash;<\/span><span class=\"aioseo-breadcrumb\">\n\tEl Principado y el Museo Thyssen impulsan un ciclo art\u00edstico conjunto\n<\/span><\/div>","aioseo_breadcrumb_json":[{"label":"Home","link":"https:\/\/candas365.es\/noticias"},{"label":"Asturias","link":"https:\/\/candas365.es\/noticias\/category\/asturias\/"},{"label":"El Principado y el Museo Thyssen impulsan un ciclo art\u00edstico conjunto","link":"https:\/\/candas365.es\/noticias\/el-principado-y-el-museo-thyssen-impulsan-un-ciclo-artistico-conjunto\/"}],"_links":{"self":[{"href":"https:\/\/candas365.es\/noticias\/wp-json\/wp\/v2\/posts\/190197","targetHints":{"allow":["GET"]}}],"collection":[{"href":"https:\/\/candas365.es\/noticias\/wp-json\/wp\/v2\/posts"}],"about":[{"href":"https:\/\/candas365.es\/noticias\/wp-json\/wp\/v2\/types\/post"}],"author":[{"embeddable":true,"href":"https:\/\/candas365.es\/noticias\/wp-json\/wp\/v2\/users\/1"}],"replies":[{"embeddable":true,"href":"https:\/\/candas365.es\/noticias\/wp-json\/wp\/v2\/comments?post=190197"}],"version-history":[{"count":0,"href":"https:\/\/candas365.es\/noticias\/wp-json\/wp\/v2\/posts\/190197\/revisions"}],"wp:featuredmedia":[{"embeddable":true,"href":"https:\/\/candas365.es\/noticias\/wp-json\/wp\/v2\/media\/190198"}],"wp:attachment":[{"href":"https:\/\/candas365.es\/noticias\/wp-json\/wp\/v2\/media?parent=190197"}],"wp:term":[{"taxonomy":"category","embeddable":true,"href":"https:\/\/candas365.es\/noticias\/wp-json\/wp\/v2\/categories?post=190197"},{"taxonomy":"post_tag","embeddable":true,"href":"https:\/\/candas365.es\/noticias\/wp-json\/wp\/v2\/tags?post=190197"}],"curies":[{"name":"wp","href":"https:\/\/api.w.org\/{rel}","templated":true}]}}