{"id":190183,"date":"2025-11-18T22:45:28","date_gmt":"2025-11-18T21:45:28","guid":{"rendered":"https:\/\/candas365.es\/noticias\/?p=190183"},"modified":"2025-11-18T22:45:28","modified_gmt":"2025-11-18T21:45:28","slug":"barbon-participa-en-la-gala-de-otea","status":"publish","type":"post","link":"https:\/\/candas365.es\/noticias\/barbon-participa-en-la-gala-de-otea\/","title":{"rendered":"Barb\u00f3n participa en la gala de Otea"},"content":{"rendered":"<p>Adri\u00e1n Barb\u00f3n subray\u00f3 en la gala del <strong>d\u00e9cimo aniversario de Otea<\/strong> que el turismo y la hosteler\u00eda son motores clave de la econom\u00eda asturiana, con 47.000 empleos y 2.800 millones de euros de impacto.<\/p>\n<figure id=\"attachment_190184\" aria-describedby=\"caption-attachment-190184\" style=\"width: 650px\" class=\"wp-caption aligncenter\"><img fetchpriority=\"high\" decoding=\"async\" class=\"size-large wp-image-190184\" src=\"https:\/\/candas365.es\/noticias\/wp-content\/uploads\/2025\/11\/Barbon-participa-en-la-gala-de-Otea-650x452.jpg\" alt=\"Barb\u00f3n participa en la gala de Otea\" width=\"650\" height=\"452\" srcset=\"https:\/\/candas365.es\/noticias\/wp-content\/uploads\/2025\/11\/Barbon-participa-en-la-gala-de-Otea-650x452.jpg 650w, https:\/\/candas365.es\/noticias\/wp-content\/uploads\/2025\/11\/Barbon-participa-en-la-gala-de-Otea-360x250.jpg 360w, https:\/\/candas365.es\/noticias\/wp-content\/uploads\/2025\/11\/Barbon-participa-en-la-gala-de-Otea-768x534.jpg 768w, https:\/\/candas365.es\/noticias\/wp-content\/uploads\/2025\/11\/Barbon-participa-en-la-gala-de-Otea-150x104.jpg 150w, https:\/\/candas365.es\/noticias\/wp-content\/uploads\/2025\/11\/Barbon-participa-en-la-gala-de-Otea-450x313.jpg 450w, https:\/\/candas365.es\/noticias\/wp-content\/uploads\/2025\/11\/Barbon-participa-en-la-gala-de-Otea.jpg 892w\" sizes=\"(max-width: 650px) 100vw, 650px\" \/><figcaption id=\"caption-attachment-190184\" class=\"wp-caption-text\">Foto: Prensa Principado<\/figcaption><\/figure>\n<h1>El turismo, motor econ\u00f3mico y social del Principado<\/h1>\n<p>El presidente del <span style=\"color: #ff6600;\"><a style=\"color: #ff6600;\" href=\"https:\/\/actualidad.asturias.es\/\" target=\"_blank\" rel=\"noopener\"><strong>Principado<\/strong><\/a><\/span>, Adri\u00e1n Barb\u00f3n, afirm\u00f3 que \u201cel turismo y la hosteler\u00eda son motores esenciales para el desarrollo econ\u00f3mico y social de Asturias\u201d durante la gala del d\u00e9cimo aniversario de Otea, celebrada en el Teatro Campoamor de Oviedo. El acto cont\u00f3 con la presencia de la vicepresidenta del Gobierno asturiano, Gimena Llamedo, y la viceconsejera de Turismo, Lara Mart\u00ednez.<\/p>\n<p>Barb\u00f3n insisti\u00f3 en que el turismo no es una actividad complementaria, sino uno de los principales motores econ\u00f3micos de la comunidad. Record\u00f3 que el sector genera 47.000 empleos, 2.800 millones de euros y m\u00e1s de 2,8 millones de visitantes, seg\u00fan el informe de Exceltur sobre el impacto econ\u00f3mico del <a href=\"https:\/\/candas365.es\/noticias\/category\/turismo\/\" target=\"_blank\" rel=\"noopener\"><span style=\"color: #ff6600;\"><strong>turismo en Asturias<\/strong><\/span><\/a>.<\/p>\n<h2>Un modelo basado en la calidad y la sostenibilidad<\/h2>\n<p>Durante su intervenci\u00f3n, el presidente defendi\u00f3 el modelo asturiano de turismo, centrado en la calidad, la sostenibilidad y la protecci\u00f3n del entorno natural. Subray\u00f3 que la costa del Principado es \u201cla mejor conservada de Espa\u00f1a y de Europa\u201d gracias a decisiones adoptadas en el pasado para evitar la masificaci\u00f3n, citando a los expresidentes Pedro de Silva, Juan Luis Rodr\u00edguez-Vigil y Antonio Trev\u00edn.<\/p>\n<p>Tambi\u00e9n agradeci\u00f3 el papel del sector durante la pandemia y resalt\u00f3 la actitud responsable de hosteleros y hoteleros en un momento cr\u00edtico. Explic\u00f3 que Asturias adopt\u00f3 medidas duras para proteger la salud y negoci\u00f3 compensaciones econ\u00f3micas para sostener la actividad.<\/p>\n<h2>Desestacionalizaci\u00f3n y equilibrio territorial<\/h2>\n<p>El jefe del Ejecutivo defendi\u00f3 la importancia de atraer visitantes fuera de la temporada alta y de extender la actividad tur\u00edstica a todo el territorio. \u201cQueremos que llegue a todos los concejos, incluso los m\u00e1s peque\u00f1os, porque turismo y reto demogr\u00e1fico forman parte de una misma estrategia\u201d, se\u00f1al\u00f3, destacando la labor de la vicepresidenta Gimena Llamedo.<\/p>\n<p>Finalmente, Barb\u00f3n anim\u00f3 a reforzar la colaboraci\u00f3n con Otea para consolidar Asturias como destino tur\u00edstico de referencia. Destac\u00f3 \u201ctres elementos \u00fanicos\u201d: un himno conocido, una bandera que se luce con orgullo y una marca tur\u00edstica consolidada, Asturias Para\u00edso Natural, que cumple 40 a\u00f1os. \u201cNo queremos un turismo agresivo, sino uno que preserve nuestra esencia y refuerce nuestra condici\u00f3n de tierra acogedora\u201d, concluy\u00f3.<\/p>\n","protected":false},"excerpt":{"rendered":"<p>Adri\u00e1n Barb\u00f3n subray\u00f3 en la gala del d\u00e9cimo aniversario de Otea que el turismo y la hosteler\u00eda son motores clave de la econom\u00eda asturiana, con 47.000 empleos y 2.800 millones de euros de impacto. El turismo, motor econ\u00f3mico y social del Principado El presidente del Principado, Adri\u00e1n Barb\u00f3n, afirm\u00f3 que \u201cel turismo y la hosteler\u00eda<\/p>\n","protected":false},"author":1,"featured_media":190184,"comment_status":"closed","ping_status":"closed","sticky":false,"template":"","format":"standard","meta":{"footnotes":""},"categories":[7],"tags":[380,412],"class_list":{"0":"post-190183","1":"post","2":"type-post","3":"status-publish","4":"format-standard","5":"has-post-thumbnail","7":"category-asturias","8":"tag-asturias","9":"tag-turismo"},"aioseo_notices":[],"aioseo_head":"\n\t\t<!-- All in One SEO Pro 4.9.6.2 - aioseo.com -->\n\t<meta name=\"description\" content=\"Adri\u00e1n Barb\u00f3n subray\u00f3 en la gala del d\u00e9cimo aniversario de Otea que el turismo y la hosteler\u00eda son motores clave de la econom\u00eda asturiana, con 47.000 empleos\" \/>\n\t<meta name=\"robots\" content=\"max-image-preview:large\" \/>\n\t<meta name=\"author\" content=\"Cand\u00e1s 365\"\/>\n\t<meta name=\"google-site-verification\" content=\"UA-32230408-1\" \/>\n\t<meta name=\"msvalidate.01\" content=\"354F3CDFB2DA171B47FBE9ABF1F88D5\" \/>\n\t<meta name=\"keywords\" content=\"asturias\" \/>\n\t<link rel=\"canonical\" href=\"https:\/\/candas365.es\/noticias\/barbon-participa-en-la-gala-de-otea\/\" \/>\n\t<meta name=\"generator\" content=\"All in One SEO Pro (AIOSEO) 4.9.6.2\" \/>\n\t\t<meta property=\"og:locale\" content=\"es_ES\" \/>\n\t\t<meta property=\"og:site_name\" content=\"Cand\u00e1s 365\" \/>\n\t\t<meta property=\"og:type\" content=\"article\" \/>\n\t\t<meta property=\"og:title\" content=\"Barb\u00f3n participa en la gala de Otea | Cand\u00e1s 365\" \/>\n\t\t<meta property=\"og:description\" content=\"Adri\u00e1n Barb\u00f3n subray\u00f3 en la gala del d\u00e9cimo aniversario de Otea que el turismo y la hosteler\u00eda son motores clave de la econom\u00eda asturiana, con 47.000 empleos\" \/>\n\t\t<meta property=\"og:url\" content=\"https:\/\/candas365.es\/noticias\/barbon-participa-en-la-gala-de-otea\/\" \/>\n\t\t<meta property=\"og:image\" content=\"https:\/\/candas365.es\/noticias\/wp-content\/uploads\/2025\/11\/Barbon-participa-en-la-gala-de-Otea.jpg\" \/>\n\t\t<meta property=\"og:image:secure_url\" content=\"https:\/\/candas365.es\/noticias\/wp-content\/uploads\/2025\/11\/Barbon-participa-en-la-gala-de-Otea.jpg\" \/>\n\t\t<meta property=\"og:image:width\" content=\"892\" \/>\n\t\t<meta property=\"og:image:height\" content=\"620\" \/>\n\t\t<meta property=\"article:published_time\" content=\"2025-11-18T21:45:28+00:00\" \/>\n\t\t<meta property=\"article:modified_time\" content=\"2025-11-18T21:45:28+00:00\" \/>\n\t\t<meta property=\"article:publisher\" content=\"https:\/\/www.facebook.com\/Nachofdezber\" \/>\n\t\t<meta property=\"article:author\" content=\"https:\/\/www.facebook.com\/carrenoactualidad\" \/>\n\t\t<meta name=\"twitter:card\" content=\"summary_large_image\" \/>\n\t\t<meta name=\"twitter:site\" content=\"@NabercoDigital\" \/>\n\t\t<meta name=\"twitter:title\" content=\"Barb\u00f3n participa en la gala de Otea | Cand\u00e1s 365\" \/>\n\t\t<meta name=\"twitter:description\" content=\"Adri\u00e1n Barb\u00f3n subray\u00f3 en la gala del d\u00e9cimo aniversario de Otea que el turismo y la hosteler\u00eda son motores clave de la econom\u00eda asturiana, con 47.000 empleos\" \/>\n\t\t<meta name=\"twitter:creator\" content=\"@nbasturias\" \/>\n\t\t<meta name=\"twitter:image\" content=\"https:\/\/candas365.es\/noticias\/wp-content\/uploads\/2025\/11\/Barbon-participa-en-la-gala-de-Otea.jpg\" \/>\n\t\t<meta name=\"twitter:label1\" content=\"Escrito por\" \/>\n\t\t<meta name=\"twitter:data1\" content=\"Cand\u00e1s 365\" \/>\n\t\t<meta name=\"twitter:label2\" content=\"Tiempo de lectura estimado\" \/>\n\t\t<meta name=\"twitter:data2\" content=\"2 minutos\" \/>\n\t\t<script type=\"application\/ld+json\" class=\"aioseo-schema\">\n\t\t\t{\"@context\":\"https:\\\/\\\/schema.org\",\"@graph\":[{\"@type\":\"BreadcrumbList\",\"@id\":\"https:\\\/\\\/candas365.es\\\/noticias\\\/barbon-participa-en-la-gala-de-otea\\\/#breadcrumblist\",\"itemListElement\":[{\"@type\":\"ListItem\",\"@id\":\"https:\\\/\\\/candas365.es\\\/noticias#listItem\",\"position\":1,\"name\":\"Home\",\"item\":\"https:\\\/\\\/candas365.es\\\/noticias\",\"nextItem\":{\"@type\":\"ListItem\",\"@id\":\"https:\\\/\\\/candas365.es\\\/noticias\\\/category\\\/asturias\\\/#listItem\",\"name\":\"Asturias\"}},{\"@type\":\"ListItem\",\"@id\":\"https:\\\/\\\/candas365.es\\\/noticias\\\/category\\\/asturias\\\/#listItem\",\"position\":2,\"name\":\"Asturias\",\"item\":\"https:\\\/\\\/candas365.es\\\/noticias\\\/category\\\/asturias\\\/\",\"nextItem\":{\"@type\":\"ListItem\",\"@id\":\"https:\\\/\\\/candas365.es\\\/noticias\\\/barbon-participa-en-la-gala-de-otea\\\/#listItem\",\"name\":\"Barb\\u00f3n participa en la gala de Otea\"},\"previousItem\":{\"@type\":\"ListItem\",\"@id\":\"https:\\\/\\\/candas365.es\\\/noticias#listItem\",\"name\":\"Home\"}},{\"@type\":\"ListItem\",\"@id\":\"https:\\\/\\\/candas365.es\\\/noticias\\\/barbon-participa-en-la-gala-de-otea\\\/#listItem\",\"position\":3,\"name\":\"Barb\\u00f3n participa en la gala de Otea\",\"previousItem\":{\"@type\":\"ListItem\",\"@id\":\"https:\\\/\\\/candas365.es\\\/noticias\\\/category\\\/asturias\\\/#listItem\",\"name\":\"Asturias\"}}]},{\"@type\":\"NewsArticle\",\"@id\":\"https:\\\/\\\/candas365.es\\\/noticias\\\/barbon-participa-en-la-gala-de-otea\\\/#newsarticle\",\"name\":\"Barb\\u00f3n participa en la gala de Otea | Cand\\u00e1s 365\",\"headline\":\"Barb\\u00f3n participa en la gala de Otea\",\"author\":{\"@id\":\"https:\\\/\\\/candas365.es\\\/noticias\\\/author\\\/admin\\\/#author\"},\"publisher\":{\"@id\":\"https:\\\/\\\/candas365.es\\\/noticias\\\/#organization\"},\"image\":{\"@type\":\"ImageObject\",\"url\":\"https:\\\/\\\/candas365.es\\\/noticias\\\/wp-content\\\/uploads\\\/2025\\\/11\\\/Barbon-participa-en-la-gala-de-Otea.jpg\",\"width\":892,\"height\":620,\"caption\":\"Foto: Prensa Principado\"},\"datePublished\":\"2025-11-18T22:45:28+01:00\",\"dateModified\":\"2025-11-18T22:45:28+01:00\",\"inLanguage\":\"es-ES\",\"mainEntityOfPage\":{\"@id\":\"https:\\\/\\\/candas365.es\\\/noticias\\\/barbon-participa-en-la-gala-de-otea\\\/#webpage\"},\"isPartOf\":{\"@id\":\"https:\\\/\\\/candas365.es\\\/noticias\\\/barbon-participa-en-la-gala-de-otea\\\/#webpage\"},\"articleSection\":\"Asturias, Asturias, turismo\",\"dateline\":\"Publicado el noviembre 18, 2025.\"},{\"@type\":\"Organization\",\"@id\":\"https:\\\/\\\/candas365.es\\\/noticias\\\/#organization\",\"name\":\"Cand\\u00e1s 365\",\"description\":\"Cand\\u00e1s 365 es un diario digital independiente, fundado en 2012, con base en Asturias. Informamos con rigor sobre actualidad, sociedad, cultura y ocio, con una mirada local y global.\",\"url\":\"https:\\\/\\\/candas365.es\\\/noticias\\\/\",\"email\":\"info@candas365.es\",\"telephone\":\"+34652131393\",\"foundingDate\":\"2012-06-10\",\"logo\":{\"@type\":\"ImageObject\",\"url\":\"https:\\\/\\\/candas365.es\\\/noticias\\\/wp-content\\\/uploads\\\/2024\\\/09\\\/Candas-365-Redes.jpg\",\"@id\":\"https:\\\/\\\/candas365.es\\\/noticias\\\/barbon-participa-en-la-gala-de-otea\\\/#organizationLogo\",\"width\":1152,\"height\":864,\"caption\":\"Cand\\u00e1s 365 Redes\"},\"image\":{\"@id\":\"https:\\\/\\\/candas365.es\\\/noticias\\\/barbon-participa-en-la-gala-de-otea\\\/#organizationLogo\"},\"sameAs\":[\"https:\\\/\\\/www.facebook.com\\\/Nachofdezber\",\"https:\\\/\\\/x.com\\\/NabercoDigital\",\"https:\\\/\\\/www.instagram.com\\\/nachofdezber\\\/\",\"https:\\\/\\\/www.youtube.com\\\/channel\\\/UCZP-2wLEB9Rv6erhFmqVnvg\"],\"address\":{\"@id\":\"https:\\\/\\\/candas365.es\\\/noticias\\\/#postaladdress\",\"@type\":\"PostalAddress\",\"streetAddress\":\"san antonio 4, san antonio 4\",\"postalCode\":\"33430\",\"addressLocality\":\"Cand\\u00e1s\",\"addressRegion\":\"Asturias\",\"addressCountry\":\"ES\"}},{\"@type\":\"Person\",\"@id\":\"https:\\\/\\\/candas365.es\\\/noticias\\\/author\\\/admin\\\/#author\",\"url\":\"https:\\\/\\\/candas365.es\\\/noticias\\\/author\\\/admin\\\/\",\"name\":\"Cand\\u00e1s 365\",\"image\":{\"@type\":\"ImageObject\",\"@id\":\"https:\\\/\\\/candas365.es\\\/noticias\\\/barbon-participa-en-la-gala-de-otea\\\/#authorImage\",\"url\":\"https:\\\/\\\/secure.gravatar.com\\\/avatar\\\/496a8e03d0c493ede1718b7934145dbdf8d89be1036b0eec9544e1094c9de390?s=96&d=mm&r=g\",\"width\":96,\"height\":96,\"caption\":\"Cand\\u00e1s 365\"},\"sameAs\":[\"https:\\\/\\\/www.facebook.com\\\/carrenoactualidad\",\"https:\\\/\\\/twitter.com\\\/nbasturias\",\"https:\\\/\\\/www.instagram.com\\\/nachofdezber\\\/\",\"https:\\\/\\\/www.youtube.com\\\/channel\\\/UCZP-2wLEB9Rv6erhFmqVnvg\"]},{\"@type\":\"WebPage\",\"@id\":\"https:\\\/\\\/candas365.es\\\/noticias\\\/barbon-participa-en-la-gala-de-otea\\\/#webpage\",\"url\":\"https:\\\/\\\/candas365.es\\\/noticias\\\/barbon-participa-en-la-gala-de-otea\\\/\",\"name\":\"Barb\\u00f3n participa en la gala de Otea | Cand\\u00e1s 365\",\"description\":\"Adri\\u00e1n Barb\\u00f3n subray\\u00f3 en la gala del d\\u00e9cimo aniversario de Otea que el turismo y la hosteler\\u00eda son motores clave de la econom\\u00eda asturiana, con 47.000 empleos\",\"inLanguage\":\"es-ES\",\"isPartOf\":{\"@id\":\"https:\\\/\\\/candas365.es\\\/noticias\\\/#website\"},\"breadcrumb\":{\"@id\":\"https:\\\/\\\/candas365.es\\\/noticias\\\/barbon-participa-en-la-gala-de-otea\\\/#breadcrumblist\"},\"author\":{\"@id\":\"https:\\\/\\\/candas365.es\\\/noticias\\\/author\\\/admin\\\/#author\"},\"creator\":{\"@id\":\"https:\\\/\\\/candas365.es\\\/noticias\\\/author\\\/admin\\\/#author\"},\"image\":{\"@type\":\"ImageObject\",\"url\":\"https:\\\/\\\/candas365.es\\\/noticias\\\/wp-content\\\/uploads\\\/2025\\\/11\\\/Barbon-participa-en-la-gala-de-Otea.jpg\",\"@id\":\"https:\\\/\\\/candas365.es\\\/noticias\\\/barbon-participa-en-la-gala-de-otea\\\/#mainImage\",\"width\":892,\"height\":620,\"caption\":\"Foto: Prensa Principado\"},\"primaryImageOfPage\":{\"@id\":\"https:\\\/\\\/candas365.es\\\/noticias\\\/barbon-participa-en-la-gala-de-otea\\\/#mainImage\"},\"datePublished\":\"2025-11-18T22:45:28+01:00\",\"dateModified\":\"2025-11-18T22:45:28+01:00\"},{\"@type\":\"WebSite\",\"@id\":\"https:\\\/\\\/candas365.es\\\/noticias\\\/#website\",\"url\":\"https:\\\/\\\/candas365.es\\\/noticias\\\/\",\"name\":\"Cand\\u00e1s 365\",\"alternateName\":\"Cand\\u00e1s 365 Noticias\",\"description\":\"Actualidad desde Carre\\u00f1o para el mundo\",\"inLanguage\":\"es-ES\",\"publisher\":{\"@id\":\"https:\\\/\\\/candas365.es\\\/noticias\\\/#organization\"}}]}\n\t\t<\/script>\n\t\t<!-- All in One SEO Pro -->\r\n\t\t<title>Barb\u00f3n participa en la gala de Otea | Cand\u00e1s 365<\/title>\n\n","aioseo_head_json":{"title":"Barb\u00f3n participa en la gala de Otea | Cand\u00e1s 365","description":"Adri\u00e1n Barb\u00f3n subray\u00f3 en la gala del d\u00e9cimo aniversario de Otea que el turismo y la hosteler\u00eda son motores clave de la econom\u00eda asturiana, con 47.000 empleos","canonical_url":"https:\/\/candas365.es\/noticias\/barbon-participa-en-la-gala-de-otea\/","robots":"max-image-preview:large","keywords":"asturias","webmasterTools":{"google-site-verification":"UA-32230408-1","msvalidate.01":"354F3CDFB2DA171B47FBE9ABF1F88D5","miscellaneous":""},"schema":{"@context":"https:\/\/schema.org","@graph":[{"@type":"BreadcrumbList","@id":"https:\/\/candas365.es\/noticias\/barbon-participa-en-la-gala-de-otea\/#breadcrumblist","itemListElement":[{"@type":"ListItem","@id":"https:\/\/candas365.es\/noticias#listItem","position":1,"name":"Home","item":"https:\/\/candas365.es\/noticias","nextItem":{"@type":"ListItem","@id":"https:\/\/candas365.es\/noticias\/category\/asturias\/#listItem","name":"Asturias"}},{"@type":"ListItem","@id":"https:\/\/candas365.es\/noticias\/category\/asturias\/#listItem","position":2,"name":"Asturias","item":"https:\/\/candas365.es\/noticias\/category\/asturias\/","nextItem":{"@type":"ListItem","@id":"https:\/\/candas365.es\/noticias\/barbon-participa-en-la-gala-de-otea\/#listItem","name":"Barb\u00f3n participa en la gala de Otea"},"previousItem":{"@type":"ListItem","@id":"https:\/\/candas365.es\/noticias#listItem","name":"Home"}},{"@type":"ListItem","@id":"https:\/\/candas365.es\/noticias\/barbon-participa-en-la-gala-de-otea\/#listItem","position":3,"name":"Barb\u00f3n participa en la gala de Otea","previousItem":{"@type":"ListItem","@id":"https:\/\/candas365.es\/noticias\/category\/asturias\/#listItem","name":"Asturias"}}]},{"@type":"NewsArticle","@id":"https:\/\/candas365.es\/noticias\/barbon-participa-en-la-gala-de-otea\/#newsarticle","name":"Barb\u00f3n participa en la gala de Otea | Cand\u00e1s 365","headline":"Barb\u00f3n participa en la gala de Otea","author":{"@id":"https:\/\/candas365.es\/noticias\/author\/admin\/#author"},"publisher":{"@id":"https:\/\/candas365.es\/noticias\/#organization"},"image":{"@type":"ImageObject","url":"https:\/\/candas365.es\/noticias\/wp-content\/uploads\/2025\/11\/Barbon-participa-en-la-gala-de-Otea.jpg","width":892,"height":620,"caption":"Foto: Prensa Principado"},"datePublished":"2025-11-18T22:45:28+01:00","dateModified":"2025-11-18T22:45:28+01:00","inLanguage":"es-ES","mainEntityOfPage":{"@id":"https:\/\/candas365.es\/noticias\/barbon-participa-en-la-gala-de-otea\/#webpage"},"isPartOf":{"@id":"https:\/\/candas365.es\/noticias\/barbon-participa-en-la-gala-de-otea\/#webpage"},"articleSection":"Asturias, Asturias, turismo","dateline":"Publicado el noviembre 18, 2025."},{"@type":"Organization","@id":"https:\/\/candas365.es\/noticias\/#organization","name":"Cand\u00e1s 365","description":"Cand\u00e1s 365 es un diario digital independiente, fundado en 2012, con base en Asturias. Informamos con rigor sobre actualidad, sociedad, cultura y ocio, con una mirada local y global.","url":"https:\/\/candas365.es\/noticias\/","email":"info@candas365.es","telephone":"+34652131393","foundingDate":"2012-06-10","logo":{"@type":"ImageObject","url":"https:\/\/candas365.es\/noticias\/wp-content\/uploads\/2024\/09\/Candas-365-Redes.jpg","@id":"https:\/\/candas365.es\/noticias\/barbon-participa-en-la-gala-de-otea\/#organizationLogo","width":1152,"height":864,"caption":"Cand\u00e1s 365 Redes"},"image":{"@id":"https:\/\/candas365.es\/noticias\/barbon-participa-en-la-gala-de-otea\/#organizationLogo"},"sameAs":["https:\/\/www.facebook.com\/Nachofdezber","https:\/\/x.com\/NabercoDigital","https:\/\/www.instagram.com\/nachofdezber\/","https:\/\/www.youtube.com\/channel\/UCZP-2wLEB9Rv6erhFmqVnvg"],"address":{"@id":"https:\/\/candas365.es\/noticias\/#postaladdress","@type":"PostalAddress","streetAddress":"san antonio 4, san antonio 4","postalCode":"33430","addressLocality":"Cand\u00e1s","addressRegion":"Asturias","addressCountry":"ES"}},{"@type":"Person","@id":"https:\/\/candas365.es\/noticias\/author\/admin\/#author","url":"https:\/\/candas365.es\/noticias\/author\/admin\/","name":"Cand\u00e1s 365","image":{"@type":"ImageObject","@id":"https:\/\/candas365.es\/noticias\/barbon-participa-en-la-gala-de-otea\/#authorImage","url":"https:\/\/secure.gravatar.com\/avatar\/496a8e03d0c493ede1718b7934145dbdf8d89be1036b0eec9544e1094c9de390?s=96&d=mm&r=g","width":96,"height":96,"caption":"Cand\u00e1s 365"},"sameAs":["https:\/\/www.facebook.com\/carrenoactualidad","https:\/\/twitter.com\/nbasturias","https:\/\/www.instagram.com\/nachofdezber\/","https:\/\/www.youtube.com\/channel\/UCZP-2wLEB9Rv6erhFmqVnvg"]},{"@type":"WebPage","@id":"https:\/\/candas365.es\/noticias\/barbon-participa-en-la-gala-de-otea\/#webpage","url":"https:\/\/candas365.es\/noticias\/barbon-participa-en-la-gala-de-otea\/","name":"Barb\u00f3n participa en la gala de Otea | Cand\u00e1s 365","description":"Adri\u00e1n Barb\u00f3n subray\u00f3 en la gala del d\u00e9cimo aniversario de Otea que el turismo y la hosteler\u00eda son motores clave de la econom\u00eda asturiana, con 47.000 empleos","inLanguage":"es-ES","isPartOf":{"@id":"https:\/\/candas365.es\/noticias\/#website"},"breadcrumb":{"@id":"https:\/\/candas365.es\/noticias\/barbon-participa-en-la-gala-de-otea\/#breadcrumblist"},"author":{"@id":"https:\/\/candas365.es\/noticias\/author\/admin\/#author"},"creator":{"@id":"https:\/\/candas365.es\/noticias\/author\/admin\/#author"},"image":{"@type":"ImageObject","url":"https:\/\/candas365.es\/noticias\/wp-content\/uploads\/2025\/11\/Barbon-participa-en-la-gala-de-Otea.jpg","@id":"https:\/\/candas365.es\/noticias\/barbon-participa-en-la-gala-de-otea\/#mainImage","width":892,"height":620,"caption":"Foto: Prensa Principado"},"primaryImageOfPage":{"@id":"https:\/\/candas365.es\/noticias\/barbon-participa-en-la-gala-de-otea\/#mainImage"},"datePublished":"2025-11-18T22:45:28+01:00","dateModified":"2025-11-18T22:45:28+01:00"},{"@type":"WebSite","@id":"https:\/\/candas365.es\/noticias\/#website","url":"https:\/\/candas365.es\/noticias\/","name":"Cand\u00e1s 365","alternateName":"Cand\u00e1s 365 Noticias","description":"Actualidad desde Carre\u00f1o para el mundo","inLanguage":"es-ES","publisher":{"@id":"https:\/\/candas365.es\/noticias\/#organization"}}]},"og:locale":"es_ES","og:site_name":"Cand\u00e1s 365","og:type":"article","og:title":"Barb\u00f3n participa en la gala de Otea | Cand\u00e1s 365","og:description":"Adri\u00e1n Barb\u00f3n subray\u00f3 en la gala del d\u00e9cimo aniversario de Otea que el turismo y la hosteler\u00eda son motores clave de la econom\u00eda asturiana, con 47.000 empleos","og:url":"https:\/\/candas365.es\/noticias\/barbon-participa-en-la-gala-de-otea\/","og:image":"https:\/\/candas365.es\/noticias\/wp-content\/uploads\/2025\/11\/Barbon-participa-en-la-gala-de-Otea.jpg","og:image:secure_url":"https:\/\/candas365.es\/noticias\/wp-content\/uploads\/2025\/11\/Barbon-participa-en-la-gala-de-Otea.jpg","og:image:width":892,"og:image:height":620,"article:published_time":"2025-11-18T21:45:28+00:00","article:modified_time":"2025-11-18T21:45:28+00:00","article:publisher":"https:\/\/www.facebook.com\/Nachofdezber","article:author":"https:\/\/www.facebook.com\/carrenoactualidad","twitter:card":"summary_large_image","twitter:site":"@NabercoDigital","twitter:title":"Barb\u00f3n participa en la gala de Otea | Cand\u00e1s 365","twitter:description":"Adri\u00e1n Barb\u00f3n subray\u00f3 en la gala del d\u00e9cimo aniversario de Otea que el turismo y la hosteler\u00eda son motores clave de la econom\u00eda asturiana, con 47.000 empleos","twitter:creator":"@nbasturias","twitter:image":"https:\/\/candas365.es\/noticias\/wp-content\/uploads\/2025\/11\/Barbon-participa-en-la-gala-de-Otea.jpg","twitter:label1":"Escrito por","twitter:data1":"Cand\u00e1s 365","twitter:label2":"Tiempo de lectura estimado","twitter:data2":"2 minutos"},"aioseo_meta_data":{"post_id":"190183","title":null,"description":"Adri\u00e1n Barb\u00f3n subray\u00f3 en la gala del d\u00e9cimo aniversario de Otea que el turismo y la hosteler\u00eda son motores clave de la econom\u00eda asturiana, con 47.000 empleos","keywords":null,"keyphrases":{"focus":{"keyphrase":"Barb\u00f3n","score":91,"analysis":{"keyphraseInTitle":{"score":9,"maxScore":9,"error":0},"keyphraseInDescription":{"score":9,"maxScore":9,"error":0},"keyphraseLength":{"score":9,"maxScore":9,"error":0,"length":2},"keyphraseInURL":{"score":5,"maxScore":5,"error":0},"keyphraseInIntroduction":{"score":9,"maxScore":9,"error":0},"keyphraseInSubHeadings":{"score":3,"maxScore":9,"error":1},"keyphraseInImageAlt":{"score":9,"maxScore":9,"error":0},"keywordDensity":{"type":"best","score":9,"maxScore":9,"error":0}}},"additional":[{"keyphrase":"Otea","score":100,"analysis":{"keyphraseInDescription":{"score":9,"maxScore":9,"error":0},"keyphraseLength":{"score":9,"maxScore":9,"error":0,"length":1},"keyphraseInIntroduction":{"score":9,"maxScore":9,"error":0},"keyphraseInImageAlt":{"score":9,"maxScore":9,"error":0},"keywordDensity":{"type":"best","score":9,"maxScore":9,"error":0}}}]},"primary_term":null,"canonical_url":null,"og_title":null,"og_description":null,"og_object_type":"default","og_image_type":"default","og_image_url":null,"og_image_width":null,"og_image_height":null,"og_image_custom_url":null,"og_image_custom_fields":null,"og_video":"","og_custom_url":null,"og_article_section":null,"og_article_tags":null,"twitter_use_og":false,"twitter_card":"default","twitter_image_type":"default","twitter_image_url":null,"twitter_image_custom_url":null,"twitter_image_custom_fields":null,"twitter_title":null,"twitter_description":null,"schema":{"blockGraphs":[],"customGraphs":[],"default":{"data":{"Article":[],"Course":[],"Dataset":[],"FAQPage":[],"Movie":[],"Person":[],"Product":[],"ProductReview":[],"Car":[],"Recipe":[],"Service":[],"SoftwareApplication":[],"WebPage":[]},"graphName":"Article","isEnabled":true},"graphs":[]},"schema_type":"default","schema_type_options":null,"pillar_content":false,"robots_default":true,"robots_noindex":false,"robots_noarchive":false,"robots_nosnippet":false,"robots_nofollow":false,"robots_noimageindex":false,"robots_noodp":false,"robots_notranslate":false,"robots_max_snippet":"-1","robots_max_videopreview":"-1","robots_max_imagepreview":"large","priority":null,"frequency":"default","location":null,"local_seo":null,"seo_analyzer_scan_date":"2025-11-18 21:47:23","breadcrumb_settings":null,"limit_modified_date":false,"reviewed_by":null,"open_ai":null,"ai":{"faqs":[],"keyPoints":[],"titles":[],"descriptions":[],"socialPosts":{"email":[],"linkedin":[],"twitter":[],"facebook":[],"instagram":[]}},"created":"2025-11-18 21:40:02","updated":"2025-11-18 21:47:23"},"aioseo_breadcrumb":"<div class=\"aioseo-breadcrumbs\"><span class=\"aioseo-breadcrumb\">\n\t<a href=\"https:\/\/candas365.es\/noticias\" title=\"Home\">Home<\/a>\n<\/span><span class=\"aioseo-breadcrumb-separator\">&ndash;<\/span><span class=\"aioseo-breadcrumb\">\n\t<a href=\"https:\/\/candas365.es\/noticias\/category\/asturias\/\" title=\"Asturias\">Asturias<\/a>\n<\/span><span class=\"aioseo-breadcrumb-separator\">&ndash;<\/span><span class=\"aioseo-breadcrumb\">\n\tBarb\u00f3n participa en la gala de Otea\n<\/span><\/div>","aioseo_breadcrumb_json":[{"label":"Home","link":"https:\/\/candas365.es\/noticias"},{"label":"Asturias","link":"https:\/\/candas365.es\/noticias\/category\/asturias\/"},{"label":"Barb\u00f3n participa en la gala de Otea","link":"https:\/\/candas365.es\/noticias\/barbon-participa-en-la-gala-de-otea\/"}],"_links":{"self":[{"href":"https:\/\/candas365.es\/noticias\/wp-json\/wp\/v2\/posts\/190183","targetHints":{"allow":["GET"]}}],"collection":[{"href":"https:\/\/candas365.es\/noticias\/wp-json\/wp\/v2\/posts"}],"about":[{"href":"https:\/\/candas365.es\/noticias\/wp-json\/wp\/v2\/types\/post"}],"author":[{"embeddable":true,"href":"https:\/\/candas365.es\/noticias\/wp-json\/wp\/v2\/users\/1"}],"replies":[{"embeddable":true,"href":"https:\/\/candas365.es\/noticias\/wp-json\/wp\/v2\/comments?post=190183"}],"version-history":[{"count":0,"href":"https:\/\/candas365.es\/noticias\/wp-json\/wp\/v2\/posts\/190183\/revisions"}],"wp:featuredmedia":[{"embeddable":true,"href":"https:\/\/candas365.es\/noticias\/wp-json\/wp\/v2\/media\/190184"}],"wp:attachment":[{"href":"https:\/\/candas365.es\/noticias\/wp-json\/wp\/v2\/media?parent=190183"}],"wp:term":[{"taxonomy":"category","embeddable":true,"href":"https:\/\/candas365.es\/noticias\/wp-json\/wp\/v2\/categories?post=190183"},{"taxonomy":"post_tag","embeddable":true,"href":"https:\/\/candas365.es\/noticias\/wp-json\/wp\/v2\/tags?post=190183"}],"curies":[{"name":"wp","href":"https:\/\/api.w.org\/{rel}","templated":true}]}}