{"id":190180,"date":"2025-11-18T22:26:09","date_gmt":"2025-11-18T21:26:09","guid":{"rendered":"https:\/\/candas365.es\/noticias\/?p=190180"},"modified":"2025-11-18T22:26:09","modified_gmt":"2025-11-18T21:26:09","slug":"espana-registra-70-000-casos-de-exclusion-sanitaria","status":"publish","type":"post","link":"https:\/\/candas365.es\/noticias\/espana-registra-70-000-casos-de-exclusion-sanitaria\/","title":{"rendered":"Espa\u00f1a registra 70.000 casos de exclusi\u00f3n sanitaria"},"content":{"rendered":"<p>El presidente de M\u00e9dicos del Mundo, Jos\u00e9 Fern\u00e1ndez, afirm\u00f3 en el Congreso que la ONG document\u00f3 cerca de 70.000 casos de <a href=\"https:\/\/candas365.es\/noticias\/category\/salud\/\"><span style=\"color: #ff6600;\"><strong>exclusi\u00f3n sanitaria<\/strong> <\/span><\/a>que afectaron a m\u00e1s de 28.000 personas entre enero de 2022 y agosto de 2024.<\/p>\n<figure id=\"attachment_190181\" aria-describedby=\"caption-attachment-190181\" style=\"width: 650px\" class=\"wp-caption aligncenter\"><img fetchpriority=\"high\" decoding=\"async\" class=\"size-large wp-image-190181\" src=\"https:\/\/candas365.es\/noticias\/wp-content\/uploads\/2025\/11\/Espana-registra-70000-casos-de-exclusion-sanitaria-650x437.jpg\" alt=\"Espa\u00f1a registra 70.000 casos de exclusi\u00f3n sanitaria\" width=\"650\" height=\"437\" srcset=\"https:\/\/candas365.es\/noticias\/wp-content\/uploads\/2025\/11\/Espana-registra-70000-casos-de-exclusion-sanitaria-650x437.jpg 650w, https:\/\/candas365.es\/noticias\/wp-content\/uploads\/2025\/11\/Espana-registra-70000-casos-de-exclusion-sanitaria-360x242.jpg 360w, https:\/\/candas365.es\/noticias\/wp-content\/uploads\/2025\/11\/Espana-registra-70000-casos-de-exclusion-sanitaria-768x516.jpg 768w, https:\/\/candas365.es\/noticias\/wp-content\/uploads\/2025\/11\/Espana-registra-70000-casos-de-exclusion-sanitaria-150x101.jpg 150w, https:\/\/candas365.es\/noticias\/wp-content\/uploads\/2025\/11\/Espana-registra-70000-casos-de-exclusion-sanitaria-450x303.jpg 450w, https:\/\/candas365.es\/noticias\/wp-content\/uploads\/2025\/11\/Espana-registra-70000-casos-de-exclusion-sanitaria.jpg 1026w\" sizes=\"(max-width: 650px) 100vw, 650px\" \/><figcaption id=\"caption-attachment-190181\" class=\"wp-caption-text\">Jos\u00e9 Fern\u00e1ndez durante su comparecencia ante la Comisi\u00f3n de Sanidad del Congreso | Foto de Congreso<\/figcaption><\/figure>\n<p>Por ello, seg\u00fan inform\u00f3 la organizaci\u00f3n, en su comparecencia ante la Comisi\u00f3n de Sanidad defendi\u00f3 \u00abun Sistema Nacional de Salud en el que tengan cabida todas las personas, sin excepci\u00f3n\u00bb ya que \u00abla normativa actual sigue generando barreras que excluyen a parte de la poblaci\u00f3n\u00bb.<\/p>\n<p>\u00abEl derecho a la salud a\u00fan no est\u00e1 plenamente garantizado en Espa\u00f1a y miles de personas contin\u00faan encontrando obst\u00e1culos para acceder a la atenci\u00f3n sanitaria\u00bb, denunci\u00f3, porque \u00aba pesar de los avances logrados los \u00faltimos a\u00f1os para mitigar el retroceso que provoc\u00f3 la normativa de 2012, el actual modelo sigue sin ser verdaderamente universal\u00bb. \u00abAs\u00ed lo evidencian los miles de casos de personas excluidas del sistema sanitario\u00bb que M\u00e9dicos del Mundo denunci\u00f3 que ha documentado.<\/p>\n<p>En concreto, desde enero de 2022 hasta agosto de 2024, la ONG sanitaria registr\u00f3 \u00abcerca de 70.000 situaciones de exclusi\u00f3n sanitaria que afectaron a m\u00e1s de 28.000 personas\u00bb. El 29% de los casos correspondieron a personas que, aun residiendo en Espa\u00f1a, no pod\u00edan cumplir o demostrar que cumpl\u00edan los requisitos establecidos por el Real Decreto Ley 7\/2018 para acceder a la atenci\u00f3n sanitaria, como demostrar de forma oficial que llevaban m\u00e1s de tres meses residiendo en Espa\u00f1a, a\u00f1adi\u00f3 Fern\u00e1ndez.<\/p>\n<p>Durante su intervenci\u00f3n, apel\u00f3 al esp\u00edritu de consenso con el que se aprob\u00f3 la Ley General de Salud, que el a\u00f1o que viene cumple 40 a\u00f1os, y record\u00f3 que sent\u00f3 las bases de un Sistema Nacional de Salud verdaderamente universal. Subray\u00f3 adem\u00e1s que esa universalidad se quebr\u00f3 en 2012 con la aprobaci\u00f3n del Real Decreto 6\/2012, \u00abque supuso la expulsi\u00f3n dr\u00e1stica y abrupta del sistema sanitario de casi un mill\u00f3n de personas que ten\u00edan reconocido el derecho a la asistencia sanitaria\u00bb.<\/p>\n<h2>COLECTIVOS VULNERABLES<\/h2>\n<p>M\u00e9dicos de Mundo alert\u00f3 tambi\u00e9n ante \u00abla denegaci\u00f3n de la atenci\u00f3n sanitaria en colectivos especialmente vulnerables y que deber\u00edan estar cubiertas por el sistema sanitario como es el caso de menores de edad, embarazadas, solicitantes de protecci\u00f3n internacional o personas que precisaron atenci\u00f3n por urgencia grave\u00bb.<\/p>\n<p>Esta problem\u00e1tica no afecta \u00fanicamente a personas en situaci\u00f3n administrativa irregular. Tambi\u00e9n se da \u00aben el caso de las personas mayores que llegan a Espa\u00f1a a trav\u00e9s de procesos de reagrupaci\u00f3n familiar, muchas de ellas con un estado de salud fr\u00e1gil y, debido al marco legal actual, quedan sin posibilidad de recibir atenci\u00f3n sanitaria\u00bb.<\/p>\n<p>El Proyecto de Ley de Universalidad del Sistema Nacional de Salud (SNS), que actualmente se encuentra en tr\u00e1mite parlamentario, \u00absupone una nueva oportunidad para avanzar hacia un sistema plenamente universal\u00bb. La ONG sanitaria valor\u00f3 \u00abpositivamente el texto actual del proyecto y reconoci\u00f3 que es un buen punto de partida, especialmente en lo relativo a las personas reagrupadas, pero estima que es necesario introducir una serie de ajustes\u00bb. Por ello, inform\u00f3 que ha trasladado a los grupos parlamentarios un documento que recoge las principales enmiendas para garantizar que la futura ley cumpla efectivamente con el principio de universalidad.<\/p>\n<p>Entre las principales propuestas, solicita \u00abque se reconozca el derecho a la atenci\u00f3n sanitaria a todas las personas residentes en Espa\u00f1a, sin importar su situaci\u00f3n administrativa ni el tiempo de estancia\u00bb. Asimismo, plantea \u00abgarantizar este derecho a los colectivos especialmente vulnerables como menores de edad, embarazadas, personas que requieran atenci\u00f3n por urgencia grave\u00bb.<\/p>\n<p>(<a href=\"https:\/\/www.servimedia.es\/\" target=\"_blank\" rel=\"noopener\"><span style=\"color: #ff6600;\"><strong>SERVIMEDIA<\/strong><\/span><\/a>)<\/p>\n","protected":false},"excerpt":{"rendered":"<p>El presidente de M\u00e9dicos del Mundo, Jos\u00e9 Fern\u00e1ndez, afirm\u00f3 en el Congreso que la ONG document\u00f3 cerca de 70.000 casos de exclusi\u00f3n sanitaria que afectaron a m\u00e1s de 28.000 personas entre enero de 2022 y agosto de 2024. Por ello, seg\u00fan inform\u00f3 la organizaci\u00f3n, en su comparecencia ante la Comisi\u00f3n de Sanidad defendi\u00f3 \u00abun Sistema<\/p>\n","protected":false},"author":1,"featured_media":190181,"comment_status":"closed","ping_status":"closed","sticky":false,"template":"","format":"standard","meta":{"footnotes":""},"categories":[372],"tags":[378],"class_list":{"0":"post-190180","1":"post","2":"type-post","3":"status-publish","4":"format-standard","5":"has-post-thumbnail","7":"category-salud","8":"tag-salud"},"aioseo_notices":[],"aioseo_head":"\n\t\t<!-- All in One SEO Pro 4.9.6.2 - aioseo.com -->\n\t<meta name=\"description\" content=\"El presidente de M\u00e9dicos del Mundo, Jos\u00e9 Fern\u00e1ndez, afirm\u00f3 en el Congreso que la ONG document\u00f3 cerca de 70.000 casos de exclusi\u00f3n sanitaria que afectaron\" \/>\n\t<meta name=\"robots\" content=\"max-image-preview:large\" \/>\n\t<meta name=\"author\" content=\"Cand\u00e1s 365\"\/>\n\t<meta name=\"google-site-verification\" content=\"UA-32230408-1\" \/>\n\t<meta name=\"msvalidate.01\" content=\"354F3CDFB2DA171B47FBE9ABF1F88D5\" \/>\n\t<meta name=\"keywords\" content=\"salud\" \/>\n\t<link rel=\"canonical\" href=\"https:\/\/candas365.es\/noticias\/espana-registra-70-000-casos-de-exclusion-sanitaria\/\" \/>\n\t<meta name=\"generator\" content=\"All in One SEO Pro (AIOSEO) 4.9.6.2\" \/>\n\t\t<meta property=\"og:locale\" content=\"es_ES\" \/>\n\t\t<meta property=\"og:site_name\" content=\"Cand\u00e1s 365\" \/>\n\t\t<meta property=\"og:type\" content=\"article\" \/>\n\t\t<meta property=\"og:title\" content=\"Espa\u00f1a registra 70.000 casos de exclusi\u00f3n sanitaria | Cand\u00e1s 365\" \/>\n\t\t<meta property=\"og:description\" content=\"El presidente de M\u00e9dicos del Mundo, Jos\u00e9 Fern\u00e1ndez, afirm\u00f3 en el Congreso que la ONG document\u00f3 cerca de 70.000 casos de exclusi\u00f3n sanitaria que afectaron\" \/>\n\t\t<meta property=\"og:url\" content=\"https:\/\/candas365.es\/noticias\/espana-registra-70-000-casos-de-exclusion-sanitaria\/\" \/>\n\t\t<meta property=\"og:image\" content=\"https:\/\/candas365.es\/noticias\/wp-content\/uploads\/2025\/11\/Espana-registra-70000-casos-de-exclusion-sanitaria.jpg\" \/>\n\t\t<meta property=\"og:image:secure_url\" content=\"https:\/\/candas365.es\/noticias\/wp-content\/uploads\/2025\/11\/Espana-registra-70000-casos-de-exclusion-sanitaria.jpg\" \/>\n\t\t<meta property=\"og:image:width\" content=\"1026\" \/>\n\t\t<meta property=\"og:image:height\" content=\"690\" \/>\n\t\t<meta property=\"article:published_time\" content=\"2025-11-18T21:26:09+00:00\" \/>\n\t\t<meta property=\"article:modified_time\" content=\"2025-11-18T21:26:09+00:00\" \/>\n\t\t<meta property=\"article:publisher\" content=\"https:\/\/www.facebook.com\/Nachofdezber\" \/>\n\t\t<meta property=\"article:author\" content=\"https:\/\/www.facebook.com\/carrenoactualidad\" \/>\n\t\t<meta name=\"twitter:card\" content=\"summary_large_image\" \/>\n\t\t<meta name=\"twitter:site\" content=\"@NabercoDigital\" \/>\n\t\t<meta name=\"twitter:title\" content=\"Espa\u00f1a registra 70.000 casos de exclusi\u00f3n sanitaria | Cand\u00e1s 365\" \/>\n\t\t<meta name=\"twitter:description\" content=\"El presidente de M\u00e9dicos del Mundo, Jos\u00e9 Fern\u00e1ndez, afirm\u00f3 en el Congreso que la ONG document\u00f3 cerca de 70.000 casos de exclusi\u00f3n sanitaria que afectaron\" \/>\n\t\t<meta name=\"twitter:creator\" content=\"@nbasturias\" \/>\n\t\t<meta name=\"twitter:image\" content=\"https:\/\/candas365.es\/noticias\/wp-content\/uploads\/2025\/11\/Espana-registra-70000-casos-de-exclusion-sanitaria.jpg\" \/>\n\t\t<meta name=\"twitter:label1\" content=\"Escrito por\" \/>\n\t\t<meta name=\"twitter:data1\" content=\"Cand\u00e1s 365\" \/>\n\t\t<meta name=\"twitter:label2\" content=\"Tiempo de lectura estimado\" \/>\n\t\t<meta name=\"twitter:data2\" content=\"3 minutos\" \/>\n\t\t<script type=\"application\/ld+json\" class=\"aioseo-schema\">\n\t\t\t{\"@context\":\"https:\\\/\\\/schema.org\",\"@graph\":[{\"@type\":\"BreadcrumbList\",\"@id\":\"https:\\\/\\\/candas365.es\\\/noticias\\\/espana-registra-70-000-casos-de-exclusion-sanitaria\\\/#breadcrumblist\",\"itemListElement\":[{\"@type\":\"ListItem\",\"@id\":\"https:\\\/\\\/candas365.es\\\/noticias#listItem\",\"position\":1,\"name\":\"Home\",\"item\":\"https:\\\/\\\/candas365.es\\\/noticias\",\"nextItem\":{\"@type\":\"ListItem\",\"@id\":\"https:\\\/\\\/candas365.es\\\/noticias\\\/category\\\/salud\\\/#listItem\",\"name\":\"Salud\"}},{\"@type\":\"ListItem\",\"@id\":\"https:\\\/\\\/candas365.es\\\/noticias\\\/category\\\/salud\\\/#listItem\",\"position\":2,\"name\":\"Salud\",\"item\":\"https:\\\/\\\/candas365.es\\\/noticias\\\/category\\\/salud\\\/\",\"nextItem\":{\"@type\":\"ListItem\",\"@id\":\"https:\\\/\\\/candas365.es\\\/noticias\\\/espana-registra-70-000-casos-de-exclusion-sanitaria\\\/#listItem\",\"name\":\"Espa\\u00f1a registra 70.000 casos de exclusi\\u00f3n sanitaria\"},\"previousItem\":{\"@type\":\"ListItem\",\"@id\":\"https:\\\/\\\/candas365.es\\\/noticias#listItem\",\"name\":\"Home\"}},{\"@type\":\"ListItem\",\"@id\":\"https:\\\/\\\/candas365.es\\\/noticias\\\/espana-registra-70-000-casos-de-exclusion-sanitaria\\\/#listItem\",\"position\":3,\"name\":\"Espa\\u00f1a registra 70.000 casos de exclusi\\u00f3n sanitaria\",\"previousItem\":{\"@type\":\"ListItem\",\"@id\":\"https:\\\/\\\/candas365.es\\\/noticias\\\/category\\\/salud\\\/#listItem\",\"name\":\"Salud\"}}]},{\"@type\":\"NewsArticle\",\"@id\":\"https:\\\/\\\/candas365.es\\\/noticias\\\/espana-registra-70-000-casos-de-exclusion-sanitaria\\\/#newsarticle\",\"name\":\"Espa\\u00f1a registra 70.000 casos de exclusi\\u00f3n sanitaria | Cand\\u00e1s 365\",\"headline\":\"Espa\\u00f1a registra 70.000 casos de exclusi\\u00f3n sanitaria\",\"author\":{\"@id\":\"https:\\\/\\\/candas365.es\\\/noticias\\\/author\\\/admin\\\/#author\"},\"publisher\":{\"@id\":\"https:\\\/\\\/candas365.es\\\/noticias\\\/#organization\"},\"image\":{\"@type\":\"ImageObject\",\"url\":\"https:\\\/\\\/candas365.es\\\/noticias\\\/wp-content\\\/uploads\\\/2025\\\/11\\\/Espana-registra-70000-casos-de-exclusion-sanitaria.jpg\",\"width\":1026,\"height\":690,\"caption\":\"Jos\\u00e9 Fern\\u00e1ndez durante su comparecencia ante la Comisi\\u00f3n de Sanidad del Congreso | Foto de Congreso\"},\"datePublished\":\"2025-11-18T22:26:09+01:00\",\"dateModified\":\"2025-11-18T22:26:09+01:00\",\"inLanguage\":\"es-ES\",\"mainEntityOfPage\":{\"@id\":\"https:\\\/\\\/candas365.es\\\/noticias\\\/espana-registra-70-000-casos-de-exclusion-sanitaria\\\/#webpage\"},\"isPartOf\":{\"@id\":\"https:\\\/\\\/candas365.es\\\/noticias\\\/espana-registra-70-000-casos-de-exclusion-sanitaria\\\/#webpage\"},\"articleSection\":\"Salud, Salud\",\"dateline\":\"Publicado el noviembre 18, 2025.\"},{\"@type\":\"Organization\",\"@id\":\"https:\\\/\\\/candas365.es\\\/noticias\\\/#organization\",\"name\":\"Cand\\u00e1s 365\",\"description\":\"Cand\\u00e1s 365 es un diario digital independiente, fundado en 2012, con base en Asturias. Informamos con rigor sobre actualidad, sociedad, cultura y ocio, con una mirada local y global.\",\"url\":\"https:\\\/\\\/candas365.es\\\/noticias\\\/\",\"email\":\"info@candas365.es\",\"telephone\":\"+34652131393\",\"foundingDate\":\"2012-06-10\",\"logo\":{\"@type\":\"ImageObject\",\"url\":\"https:\\\/\\\/candas365.es\\\/noticias\\\/wp-content\\\/uploads\\\/2024\\\/09\\\/Candas-365-Redes.jpg\",\"@id\":\"https:\\\/\\\/candas365.es\\\/noticias\\\/espana-registra-70-000-casos-de-exclusion-sanitaria\\\/#organizationLogo\",\"width\":1152,\"height\":864,\"caption\":\"Cand\\u00e1s 365 Redes\"},\"image\":{\"@id\":\"https:\\\/\\\/candas365.es\\\/noticias\\\/espana-registra-70-000-casos-de-exclusion-sanitaria\\\/#organizationLogo\"},\"sameAs\":[\"https:\\\/\\\/www.facebook.com\\\/Nachofdezber\",\"https:\\\/\\\/x.com\\\/NabercoDigital\",\"https:\\\/\\\/www.instagram.com\\\/nachofdezber\\\/\",\"https:\\\/\\\/www.youtube.com\\\/channel\\\/UCZP-2wLEB9Rv6erhFmqVnvg\"],\"address\":{\"@id\":\"https:\\\/\\\/candas365.es\\\/noticias\\\/#postaladdress\",\"@type\":\"PostalAddress\",\"streetAddress\":\"san antonio 4, san antonio 4\",\"postalCode\":\"33430\",\"addressLocality\":\"Cand\\u00e1s\",\"addressRegion\":\"Asturias\",\"addressCountry\":\"ES\"}},{\"@type\":\"Person\",\"@id\":\"https:\\\/\\\/candas365.es\\\/noticias\\\/author\\\/admin\\\/#author\",\"url\":\"https:\\\/\\\/candas365.es\\\/noticias\\\/author\\\/admin\\\/\",\"name\":\"Cand\\u00e1s 365\",\"image\":{\"@type\":\"ImageObject\",\"@id\":\"https:\\\/\\\/candas365.es\\\/noticias\\\/espana-registra-70-000-casos-de-exclusion-sanitaria\\\/#authorImage\",\"url\":\"https:\\\/\\\/secure.gravatar.com\\\/avatar\\\/496a8e03d0c493ede1718b7934145dbdf8d89be1036b0eec9544e1094c9de390?s=96&d=mm&r=g\",\"width\":96,\"height\":96,\"caption\":\"Cand\\u00e1s 365\"},\"sameAs\":[\"https:\\\/\\\/www.facebook.com\\\/carrenoactualidad\",\"https:\\\/\\\/twitter.com\\\/nbasturias\",\"https:\\\/\\\/www.instagram.com\\\/nachofdezber\\\/\",\"https:\\\/\\\/www.youtube.com\\\/channel\\\/UCZP-2wLEB9Rv6erhFmqVnvg\"]},{\"@type\":\"WebPage\",\"@id\":\"https:\\\/\\\/candas365.es\\\/noticias\\\/espana-registra-70-000-casos-de-exclusion-sanitaria\\\/#webpage\",\"url\":\"https:\\\/\\\/candas365.es\\\/noticias\\\/espana-registra-70-000-casos-de-exclusion-sanitaria\\\/\",\"name\":\"Espa\\u00f1a registra 70.000 casos de exclusi\\u00f3n sanitaria | Cand\\u00e1s 365\",\"description\":\"El presidente de M\\u00e9dicos del Mundo, Jos\\u00e9 Fern\\u00e1ndez, afirm\\u00f3 en el Congreso que la ONG document\\u00f3 cerca de 70.000 casos de exclusi\\u00f3n sanitaria que afectaron\",\"inLanguage\":\"es-ES\",\"isPartOf\":{\"@id\":\"https:\\\/\\\/candas365.es\\\/noticias\\\/#website\"},\"breadcrumb\":{\"@id\":\"https:\\\/\\\/candas365.es\\\/noticias\\\/espana-registra-70-000-casos-de-exclusion-sanitaria\\\/#breadcrumblist\"},\"author\":{\"@id\":\"https:\\\/\\\/candas365.es\\\/noticias\\\/author\\\/admin\\\/#author\"},\"creator\":{\"@id\":\"https:\\\/\\\/candas365.es\\\/noticias\\\/author\\\/admin\\\/#author\"},\"image\":{\"@type\":\"ImageObject\",\"url\":\"https:\\\/\\\/candas365.es\\\/noticias\\\/wp-content\\\/uploads\\\/2025\\\/11\\\/Espana-registra-70000-casos-de-exclusion-sanitaria.jpg\",\"@id\":\"https:\\\/\\\/candas365.es\\\/noticias\\\/espana-registra-70-000-casos-de-exclusion-sanitaria\\\/#mainImage\",\"width\":1026,\"height\":690,\"caption\":\"Jos\\u00e9 Fern\\u00e1ndez durante su comparecencia ante la Comisi\\u00f3n de Sanidad del Congreso | Foto de Congreso\"},\"primaryImageOfPage\":{\"@id\":\"https:\\\/\\\/candas365.es\\\/noticias\\\/espana-registra-70-000-casos-de-exclusion-sanitaria\\\/#mainImage\"},\"datePublished\":\"2025-11-18T22:26:09+01:00\",\"dateModified\":\"2025-11-18T22:26:09+01:00\"},{\"@type\":\"WebSite\",\"@id\":\"https:\\\/\\\/candas365.es\\\/noticias\\\/#website\",\"url\":\"https:\\\/\\\/candas365.es\\\/noticias\\\/\",\"name\":\"Cand\\u00e1s 365\",\"alternateName\":\"Cand\\u00e1s 365 Noticias\",\"description\":\"Actualidad desde Carre\\u00f1o para el mundo\",\"inLanguage\":\"es-ES\",\"publisher\":{\"@id\":\"https:\\\/\\\/candas365.es\\\/noticias\\\/#organization\"}}]}\n\t\t<\/script>\n\t\t<!-- All in One SEO Pro -->\r\n\t\t<title>Espa\u00f1a registra 70.000 casos de exclusi\u00f3n sanitaria | Cand\u00e1s 365<\/title>\n\n","aioseo_head_json":{"title":"Espa\u00f1a registra 70.000 casos de exclusi\u00f3n sanitaria | Cand\u00e1s 365","description":"El presidente de M\u00e9dicos del Mundo, Jos\u00e9 Fern\u00e1ndez, afirm\u00f3 en el Congreso que la ONG document\u00f3 cerca de 70.000 casos de exclusi\u00f3n sanitaria que afectaron","canonical_url":"https:\/\/candas365.es\/noticias\/espana-registra-70-000-casos-de-exclusion-sanitaria\/","robots":"max-image-preview:large","keywords":"salud","webmasterTools":{"google-site-verification":"UA-32230408-1","msvalidate.01":"354F3CDFB2DA171B47FBE9ABF1F88D5","miscellaneous":""},"schema":{"@context":"https:\/\/schema.org","@graph":[{"@type":"BreadcrumbList","@id":"https:\/\/candas365.es\/noticias\/espana-registra-70-000-casos-de-exclusion-sanitaria\/#breadcrumblist","itemListElement":[{"@type":"ListItem","@id":"https:\/\/candas365.es\/noticias#listItem","position":1,"name":"Home","item":"https:\/\/candas365.es\/noticias","nextItem":{"@type":"ListItem","@id":"https:\/\/candas365.es\/noticias\/category\/salud\/#listItem","name":"Salud"}},{"@type":"ListItem","@id":"https:\/\/candas365.es\/noticias\/category\/salud\/#listItem","position":2,"name":"Salud","item":"https:\/\/candas365.es\/noticias\/category\/salud\/","nextItem":{"@type":"ListItem","@id":"https:\/\/candas365.es\/noticias\/espana-registra-70-000-casos-de-exclusion-sanitaria\/#listItem","name":"Espa\u00f1a registra 70.000 casos de exclusi\u00f3n sanitaria"},"previousItem":{"@type":"ListItem","@id":"https:\/\/candas365.es\/noticias#listItem","name":"Home"}},{"@type":"ListItem","@id":"https:\/\/candas365.es\/noticias\/espana-registra-70-000-casos-de-exclusion-sanitaria\/#listItem","position":3,"name":"Espa\u00f1a registra 70.000 casos de exclusi\u00f3n sanitaria","previousItem":{"@type":"ListItem","@id":"https:\/\/candas365.es\/noticias\/category\/salud\/#listItem","name":"Salud"}}]},{"@type":"NewsArticle","@id":"https:\/\/candas365.es\/noticias\/espana-registra-70-000-casos-de-exclusion-sanitaria\/#newsarticle","name":"Espa\u00f1a registra 70.000 casos de exclusi\u00f3n sanitaria | Cand\u00e1s 365","headline":"Espa\u00f1a registra 70.000 casos de exclusi\u00f3n sanitaria","author":{"@id":"https:\/\/candas365.es\/noticias\/author\/admin\/#author"},"publisher":{"@id":"https:\/\/candas365.es\/noticias\/#organization"},"image":{"@type":"ImageObject","url":"https:\/\/candas365.es\/noticias\/wp-content\/uploads\/2025\/11\/Espana-registra-70000-casos-de-exclusion-sanitaria.jpg","width":1026,"height":690,"caption":"Jos\u00e9 Fern\u00e1ndez durante su comparecencia ante la Comisi\u00f3n de Sanidad del Congreso | Foto de Congreso"},"datePublished":"2025-11-18T22:26:09+01:00","dateModified":"2025-11-18T22:26:09+01:00","inLanguage":"es-ES","mainEntityOfPage":{"@id":"https:\/\/candas365.es\/noticias\/espana-registra-70-000-casos-de-exclusion-sanitaria\/#webpage"},"isPartOf":{"@id":"https:\/\/candas365.es\/noticias\/espana-registra-70-000-casos-de-exclusion-sanitaria\/#webpage"},"articleSection":"Salud, Salud","dateline":"Publicado el noviembre 18, 2025."},{"@type":"Organization","@id":"https:\/\/candas365.es\/noticias\/#organization","name":"Cand\u00e1s 365","description":"Cand\u00e1s 365 es un diario digital independiente, fundado en 2012, con base en Asturias. Informamos con rigor sobre actualidad, sociedad, cultura y ocio, con una mirada local y global.","url":"https:\/\/candas365.es\/noticias\/","email":"info@candas365.es","telephone":"+34652131393","foundingDate":"2012-06-10","logo":{"@type":"ImageObject","url":"https:\/\/candas365.es\/noticias\/wp-content\/uploads\/2024\/09\/Candas-365-Redes.jpg","@id":"https:\/\/candas365.es\/noticias\/espana-registra-70-000-casos-de-exclusion-sanitaria\/#organizationLogo","width":1152,"height":864,"caption":"Cand\u00e1s 365 Redes"},"image":{"@id":"https:\/\/candas365.es\/noticias\/espana-registra-70-000-casos-de-exclusion-sanitaria\/#organizationLogo"},"sameAs":["https:\/\/www.facebook.com\/Nachofdezber","https:\/\/x.com\/NabercoDigital","https:\/\/www.instagram.com\/nachofdezber\/","https:\/\/www.youtube.com\/channel\/UCZP-2wLEB9Rv6erhFmqVnvg"],"address":{"@id":"https:\/\/candas365.es\/noticias\/#postaladdress","@type":"PostalAddress","streetAddress":"san antonio 4, san antonio 4","postalCode":"33430","addressLocality":"Cand\u00e1s","addressRegion":"Asturias","addressCountry":"ES"}},{"@type":"Person","@id":"https:\/\/candas365.es\/noticias\/author\/admin\/#author","url":"https:\/\/candas365.es\/noticias\/author\/admin\/","name":"Cand\u00e1s 365","image":{"@type":"ImageObject","@id":"https:\/\/candas365.es\/noticias\/espana-registra-70-000-casos-de-exclusion-sanitaria\/#authorImage","url":"https:\/\/secure.gravatar.com\/avatar\/496a8e03d0c493ede1718b7934145dbdf8d89be1036b0eec9544e1094c9de390?s=96&d=mm&r=g","width":96,"height":96,"caption":"Cand\u00e1s 365"},"sameAs":["https:\/\/www.facebook.com\/carrenoactualidad","https:\/\/twitter.com\/nbasturias","https:\/\/www.instagram.com\/nachofdezber\/","https:\/\/www.youtube.com\/channel\/UCZP-2wLEB9Rv6erhFmqVnvg"]},{"@type":"WebPage","@id":"https:\/\/candas365.es\/noticias\/espana-registra-70-000-casos-de-exclusion-sanitaria\/#webpage","url":"https:\/\/candas365.es\/noticias\/espana-registra-70-000-casos-de-exclusion-sanitaria\/","name":"Espa\u00f1a registra 70.000 casos de exclusi\u00f3n sanitaria | Cand\u00e1s 365","description":"El presidente de M\u00e9dicos del Mundo, Jos\u00e9 Fern\u00e1ndez, afirm\u00f3 en el Congreso que la ONG document\u00f3 cerca de 70.000 casos de exclusi\u00f3n sanitaria que afectaron","inLanguage":"es-ES","isPartOf":{"@id":"https:\/\/candas365.es\/noticias\/#website"},"breadcrumb":{"@id":"https:\/\/candas365.es\/noticias\/espana-registra-70-000-casos-de-exclusion-sanitaria\/#breadcrumblist"},"author":{"@id":"https:\/\/candas365.es\/noticias\/author\/admin\/#author"},"creator":{"@id":"https:\/\/candas365.es\/noticias\/author\/admin\/#author"},"image":{"@type":"ImageObject","url":"https:\/\/candas365.es\/noticias\/wp-content\/uploads\/2025\/11\/Espana-registra-70000-casos-de-exclusion-sanitaria.jpg","@id":"https:\/\/candas365.es\/noticias\/espana-registra-70-000-casos-de-exclusion-sanitaria\/#mainImage","width":1026,"height":690,"caption":"Jos\u00e9 Fern\u00e1ndez durante su comparecencia ante la Comisi\u00f3n de Sanidad del Congreso | Foto de Congreso"},"primaryImageOfPage":{"@id":"https:\/\/candas365.es\/noticias\/espana-registra-70-000-casos-de-exclusion-sanitaria\/#mainImage"},"datePublished":"2025-11-18T22:26:09+01:00","dateModified":"2025-11-18T22:26:09+01:00"},{"@type":"WebSite","@id":"https:\/\/candas365.es\/noticias\/#website","url":"https:\/\/candas365.es\/noticias\/","name":"Cand\u00e1s 365","alternateName":"Cand\u00e1s 365 Noticias","description":"Actualidad desde Carre\u00f1o para el mundo","inLanguage":"es-ES","publisher":{"@id":"https:\/\/candas365.es\/noticias\/#organization"}}]},"og:locale":"es_ES","og:site_name":"Cand\u00e1s 365","og:type":"article","og:title":"Espa\u00f1a registra 70.000 casos de exclusi\u00f3n sanitaria | Cand\u00e1s 365","og:description":"El presidente de M\u00e9dicos del Mundo, Jos\u00e9 Fern\u00e1ndez, afirm\u00f3 en el Congreso que la ONG document\u00f3 cerca de 70.000 casos de exclusi\u00f3n sanitaria que afectaron","og:url":"https:\/\/candas365.es\/noticias\/espana-registra-70-000-casos-de-exclusion-sanitaria\/","og:image":"https:\/\/candas365.es\/noticias\/wp-content\/uploads\/2025\/11\/Espana-registra-70000-casos-de-exclusion-sanitaria.jpg","og:image:secure_url":"https:\/\/candas365.es\/noticias\/wp-content\/uploads\/2025\/11\/Espana-registra-70000-casos-de-exclusion-sanitaria.jpg","og:image:width":1026,"og:image:height":690,"article:published_time":"2025-11-18T21:26:09+00:00","article:modified_time":"2025-11-18T21:26:09+00:00","article:publisher":"https:\/\/www.facebook.com\/Nachofdezber","article:author":"https:\/\/www.facebook.com\/carrenoactualidad","twitter:card":"summary_large_image","twitter:site":"@NabercoDigital","twitter:title":"Espa\u00f1a registra 70.000 casos de exclusi\u00f3n sanitaria | Cand\u00e1s 365","twitter:description":"El presidente de M\u00e9dicos del Mundo, Jos\u00e9 Fern\u00e1ndez, afirm\u00f3 en el Congreso que la ONG document\u00f3 cerca de 70.000 casos de exclusi\u00f3n sanitaria que afectaron","twitter:creator":"@nbasturias","twitter:image":"https:\/\/candas365.es\/noticias\/wp-content\/uploads\/2025\/11\/Espana-registra-70000-casos-de-exclusion-sanitaria.jpg","twitter:label1":"Escrito por","twitter:data1":"Cand\u00e1s 365","twitter:label2":"Tiempo de lectura estimado","twitter:data2":"3 minutos"},"aioseo_meta_data":{"post_id":"190180","title":null,"description":"El presidente de M\u00e9dicos del Mundo, Jos\u00e9 Fern\u00e1ndez, afirm\u00f3 en el Congreso que la ONG document\u00f3 cerca de 70.000 casos de exclusi\u00f3n sanitaria que afectaron","keywords":null,"keyphrases":{"focus":{"keyphrase":"sanitaria","score":91,"analysis":{"keyphraseInTitle":{"score":9,"maxScore":9,"error":0},"keyphraseInDescription":{"score":9,"maxScore":9,"error":0},"keyphraseLength":{"score":9,"maxScore":9,"error":0,"length":1},"keyphraseInURL":{"score":5,"maxScore":5,"error":0},"keyphraseInIntroduction":{"score":9,"maxScore":9,"error":0},"keyphraseInSubHeadings":{"score":3,"maxScore":9,"error":1},"keyphraseInImageAlt":{"score":9,"maxScore":9,"error":0},"keywordDensity":{"type":"best","score":9,"maxScore":9,"error":0}}},"additional":[{"keyphrase":"exclusi\u00f3n sanitaria","score":80,"analysis":{"keyphraseInDescription":{"score":9,"maxScore":9,"error":0},"keyphraseLength":{"score":9,"maxScore":9,"error":0,"length":3},"keyphraseInIntroduction":{"score":9,"maxScore":9,"error":0},"keyphraseInImageAlt":{"score":9,"maxScore":9,"error":0},"keywordDensity":{"score":0,"type":"low","maxScore":9,"error":1}}}]},"primary_term":null,"canonical_url":null,"og_title":null,"og_description":null,"og_object_type":"default","og_image_type":"default","og_image_url":null,"og_image_width":null,"og_image_height":null,"og_image_custom_url":null,"og_image_custom_fields":null,"og_video":"","og_custom_url":null,"og_article_section":null,"og_article_tags":null,"twitter_use_og":false,"twitter_card":"default","twitter_image_type":"default","twitter_image_url":null,"twitter_image_custom_url":null,"twitter_image_custom_fields":null,"twitter_title":null,"twitter_description":null,"schema":{"blockGraphs":[],"customGraphs":[],"default":{"data":{"Article":[],"Course":[],"Dataset":[],"FAQPage":[],"Movie":[],"Person":[],"Product":[],"ProductReview":[],"Car":[],"Recipe":[],"Service":[],"SoftwareApplication":[],"WebPage":[]},"graphName":"Article","isEnabled":true},"graphs":[]},"schema_type":"default","schema_type_options":null,"pillar_content":false,"robots_default":true,"robots_noindex":false,"robots_noarchive":false,"robots_nosnippet":false,"robots_nofollow":false,"robots_noimageindex":false,"robots_noodp":false,"robots_notranslate":false,"robots_max_snippet":"-1","robots_max_videopreview":"-1","robots_max_imagepreview":"large","priority":null,"frequency":"default","location":null,"local_seo":null,"seo_analyzer_scan_date":"2025-11-18 21:41:07","breadcrumb_settings":null,"limit_modified_date":false,"reviewed_by":null,"open_ai":null,"ai":{"faqs":[],"keyPoints":[],"titles":[],"descriptions":[],"socialPosts":{"email":[],"linkedin":[],"twitter":[],"facebook":[],"instagram":[]}},"created":"2025-11-18 21:12:10","updated":"2025-11-18 21:41:07"},"aioseo_breadcrumb":"<div class=\"aioseo-breadcrumbs\"><span class=\"aioseo-breadcrumb\">\n\t<a href=\"https:\/\/candas365.es\/noticias\" title=\"Home\">Home<\/a>\n<\/span><span class=\"aioseo-breadcrumb-separator\">&ndash;<\/span><span class=\"aioseo-breadcrumb\">\n\t<a href=\"https:\/\/candas365.es\/noticias\/category\/salud\/\" title=\"Salud\">Salud<\/a>\n<\/span><span class=\"aioseo-breadcrumb-separator\">&ndash;<\/span><span class=\"aioseo-breadcrumb\">\n\tEspa\u00f1a registra 70.000 casos de exclusi\u00f3n sanitaria\n<\/span><\/div>","aioseo_breadcrumb_json":[{"label":"Home","link":"https:\/\/candas365.es\/noticias"},{"label":"Salud","link":"https:\/\/candas365.es\/noticias\/category\/salud\/"},{"label":"Espa\u00f1a registra 70.000 casos de exclusi\u00f3n sanitaria","link":"https:\/\/candas365.es\/noticias\/espana-registra-70-000-casos-de-exclusion-sanitaria\/"}],"_links":{"self":[{"href":"https:\/\/candas365.es\/noticias\/wp-json\/wp\/v2\/posts\/190180","targetHints":{"allow":["GET"]}}],"collection":[{"href":"https:\/\/candas365.es\/noticias\/wp-json\/wp\/v2\/posts"}],"about":[{"href":"https:\/\/candas365.es\/noticias\/wp-json\/wp\/v2\/types\/post"}],"author":[{"embeddable":true,"href":"https:\/\/candas365.es\/noticias\/wp-json\/wp\/v2\/users\/1"}],"replies":[{"embeddable":true,"href":"https:\/\/candas365.es\/noticias\/wp-json\/wp\/v2\/comments?post=190180"}],"version-history":[{"count":0,"href":"https:\/\/candas365.es\/noticias\/wp-json\/wp\/v2\/posts\/190180\/revisions"}],"wp:featuredmedia":[{"embeddable":true,"href":"https:\/\/candas365.es\/noticias\/wp-json\/wp\/v2\/media\/190181"}],"wp:attachment":[{"href":"https:\/\/candas365.es\/noticias\/wp-json\/wp\/v2\/media?parent=190180"}],"wp:term":[{"taxonomy":"category","embeddable":true,"href":"https:\/\/candas365.es\/noticias\/wp-json\/wp\/v2\/categories?post=190180"},{"taxonomy":"post_tag","embeddable":true,"href":"https:\/\/candas365.es\/noticias\/wp-json\/wp\/v2\/tags?post=190180"}],"curies":[{"name":"wp","href":"https:\/\/api.w.org\/{rel}","templated":true}]}}