{"id":190134,"date":"2025-11-14T14:18:29","date_gmt":"2025-11-14T13:18:29","guid":{"rendered":"https:\/\/candas365.es\/noticias\/?p=190134"},"modified":"2025-11-14T14:18:29","modified_gmt":"2025-11-14T13:18:29","slug":"el-pp-reclama-un-nuevo-centro-de-salud-en-piedras-blancas","status":"publish","type":"post","link":"https:\/\/candas365.es\/noticias\/el-pp-reclama-un-nuevo-centro-de-salud-en-piedras-blancas\/","title":{"rendered":"El PP reclama un nuevo centro de salud en Piedras Blancas"},"content":{"rendered":"<p data-start=\"483\" data-end=\"698\">El <a href=\"https:\/\/candas365.es\/noticias\/tag\/politica\/\"><span style=\"color: #ff6600;\"><strong>PP<\/strong><\/span><\/a> reclama un <span style=\"color: #ff6600;\"><a style=\"color: #ff6600;\" href=\"https:\/\/eldigitaldeasturias.com\/radio\/category\/concejos-asturias\/\" target=\"_blank\" rel=\"noopener\"><strong>nuevo centro de salud en Piedras Blancas<\/strong><\/a> <\/span>y exige al <span style=\"color: #ff6600;\"><a style=\"color: #ff6600;\" href=\"https:\/\/actualidad.asturias.es\/\" target=\"_blank\" rel=\"noopener\"><strong>Principado<\/strong><\/a><\/span> recuperar la inversi\u00f3n prevista tras la reducci\u00f3n de partidas, defendiendo la urgencia de reforzar la atenci\u00f3n sanitaria en Castrill\u00f3n.<\/p>\n<figure id=\"attachment_190135\" aria-describedby=\"caption-attachment-190135\" style=\"width: 650px\" class=\"wp-caption aligncenter\"><img fetchpriority=\"high\" decoding=\"async\" class=\"size-large wp-image-190135\" src=\"https:\/\/candas365.es\/noticias\/wp-content\/uploads\/2025\/11\/El-PP-reclama-un-nuevo-centro-de-salud-en-Piedras-Blancas-650x448.jpg\" alt=\"El PP reclama un nuevo centro de salud en Piedras Blancas\" width=\"650\" height=\"448\" srcset=\"https:\/\/candas365.es\/noticias\/wp-content\/uploads\/2025\/11\/El-PP-reclama-un-nuevo-centro-de-salud-en-Piedras-Blancas-650x448.jpg 650w, https:\/\/candas365.es\/noticias\/wp-content\/uploads\/2025\/11\/El-PP-reclama-un-nuevo-centro-de-salud-en-Piedras-Blancas-360x248.jpg 360w, https:\/\/candas365.es\/noticias\/wp-content\/uploads\/2025\/11\/El-PP-reclama-un-nuevo-centro-de-salud-en-Piedras-Blancas-768x529.jpg 768w, https:\/\/candas365.es\/noticias\/wp-content\/uploads\/2025\/11\/El-PP-reclama-un-nuevo-centro-de-salud-en-Piedras-Blancas-150x103.jpg 150w, https:\/\/candas365.es\/noticias\/wp-content\/uploads\/2025\/11\/El-PP-reclama-un-nuevo-centro-de-salud-en-Piedras-Blancas-450x310.jpg 450w, https:\/\/candas365.es\/noticias\/wp-content\/uploads\/2025\/11\/El-PP-reclama-un-nuevo-centro-de-salud-en-Piedras-Blancas.jpg 1042w\" sizes=\"(max-width: 650px) 100vw, 650px\" \/><figcaption id=\"caption-attachment-190135\" class=\"wp-caption-text\">Foto: Prensa PP Asturias<\/figcaption><\/figure>\n<p data-start=\"705\" data-end=\"1194\">La diputada regional del Partido Popular y portavoz de Sanidad, <strong data-start=\"769\" data-end=\"794\">Pilar Fern\u00e1ndez Pardo<\/strong>, <strong data-start=\"796\" data-end=\"848\">ha instado al Gobierno asturiano a comprometerse<\/strong> con la construcci\u00f3n de un <strong data-start=\"875\" data-end=\"919\">nuevo centro de salud en Piedras Blancas<\/strong>, al considerar insuficiente el actual equipamiento y la presi\u00f3n asistencial que soporta. La parlamentaria compareci\u00f3 acompa\u00f1ada por la diputada regional y teniente de alcalde de Castrill\u00f3n, <strong data-start=\"1110\" data-end=\"1134\">Nuria Gonz\u00e1lez-Nuevo<\/strong>, y los concejales <strong data-start=\"1153\" data-end=\"1170\">Lourdes L\u00f3pez<\/strong> e <strong data-start=\"1173\" data-end=\"1193\">Ignacio Men\u00e9ndez<\/strong>.<\/p>\n<h2 data-start=\"1196\" data-end=\"1254\">Cr\u00edticas por la reducci\u00f3n de partidas presupuestarias<\/h2>\n<p data-start=\"1255\" data-end=\"1628\">Fern\u00e1ndez Pardo record\u00f3 que los presupuestos auton\u00f3micos recog\u00edan <strong data-start=\"1321\" data-end=\"1346\">177.000 euros en 2023<\/strong> para impulsar el proyecto, una partida que desapareci\u00f3 al a\u00f1o siguiente y que en 2025 qued\u00f3 reducida a <strong data-start=\"1450\" data-end=\"1466\">56.000 euros<\/strong>. La diputada subray\u00f3 que la elaboraci\u00f3n de las nuevas cuentas del Principado es \u201cel momento de incluir la financiaci\u00f3n necesaria para su construcci\u00f3n inmediata\u201d.<\/p>\n<h2 data-start=\"1630\" data-end=\"1686\">El PP de Castrill\u00f3n denuncia abandono del municipio<\/h2>\n<p data-start=\"1687\" data-end=\"2101\">Por su parte, Gonz\u00e1lez-Nuevo critic\u00f3 el trato que, a su juicio, recibe Castrill\u00f3n por parte del Gobierno auton\u00f3mico. Denunci\u00f3 que, tras la llegada del PP al gobierno local, \u201cel bipartito retir\u00f3 la partida comprometida para el nuevo centro de salud, pese a estar recogida en los presupuestos auton\u00f3micos\u201d. La dirigente insisti\u00f3 en que el municipio necesita \u201cuna soluci\u00f3n justa y urgente\u201d para atender a sus vecinos.<\/p>\n","protected":false},"excerpt":{"rendered":"<p>El PP reclama un nuevo centro de salud en Piedras Blancas y exige al Principado recuperar la inversi\u00f3n prevista tras la reducci\u00f3n de partidas, defendiendo la urgencia de reforzar la atenci\u00f3n sanitaria en Castrill\u00f3n. La diputada regional del Partido Popular y portavoz de Sanidad, Pilar Fern\u00e1ndez Pardo, ha instado al Gobierno asturiano a comprometerse con<\/p>\n","protected":false},"author":1,"featured_media":190135,"comment_status":"closed","ping_status":"closed","sticky":false,"template":"","format":"standard","meta":{"footnotes":""},"categories":[7],"tags":[380,470,480],"class_list":{"0":"post-190134","1":"post","2":"type-post","3":"status-publish","4":"format-standard","5":"has-post-thumbnail","7":"category-asturias","8":"tag-asturias","9":"tag-politica","10":"tag-pp"},"aioseo_notices":[],"aioseo_head":"\n\t\t<!-- All in One SEO Pro 4.9.6.2 - aioseo.com -->\n\t<meta name=\"description\" content=\"El PP reclama un nuevo centro de salud en Piedras Blancas y exige al Principado recuperar la inversi\u00f3n prevista tras la reducci\u00f3n de partidas\" \/>\n\t<meta name=\"robots\" content=\"max-image-preview:large\" \/>\n\t<meta name=\"author\" content=\"Cand\u00e1s 365\"\/>\n\t<meta name=\"google-site-verification\" content=\"UA-32230408-1\" \/>\n\t<meta name=\"msvalidate.01\" content=\"354F3CDFB2DA171B47FBE9ABF1F88D5\" \/>\n\t<meta name=\"keywords\" content=\"asturias\" \/>\n\t<link rel=\"canonical\" href=\"https:\/\/candas365.es\/noticias\/el-pp-reclama-un-nuevo-centro-de-salud-en-piedras-blancas\/\" \/>\n\t<meta name=\"generator\" content=\"All in One SEO Pro (AIOSEO) 4.9.6.2\" \/>\n\t\t<meta property=\"og:locale\" content=\"es_ES\" \/>\n\t\t<meta property=\"og:site_name\" content=\"Cand\u00e1s 365\" \/>\n\t\t<meta property=\"og:type\" content=\"article\" \/>\n\t\t<meta property=\"og:title\" content=\"El PP reclama un nuevo centro de salud en Piedras Blancas | Cand\u00e1s 365\" \/>\n\t\t<meta property=\"og:description\" content=\"El PP reclama un nuevo centro de salud en Piedras Blancas y exige al Principado recuperar la inversi\u00f3n prevista tras la reducci\u00f3n de partidas\" \/>\n\t\t<meta property=\"og:url\" content=\"https:\/\/candas365.es\/noticias\/el-pp-reclama-un-nuevo-centro-de-salud-en-piedras-blancas\/\" \/>\n\t\t<meta property=\"og:image\" content=\"https:\/\/candas365.es\/noticias\/wp-content\/uploads\/2025\/11\/El-PP-reclama-un-nuevo-centro-de-salud-en-Piedras-Blancas.jpg\" \/>\n\t\t<meta property=\"og:image:secure_url\" content=\"https:\/\/candas365.es\/noticias\/wp-content\/uploads\/2025\/11\/El-PP-reclama-un-nuevo-centro-de-salud-en-Piedras-Blancas.jpg\" \/>\n\t\t<meta property=\"og:image:width\" content=\"1042\" \/>\n\t\t<meta property=\"og:image:height\" content=\"718\" \/>\n\t\t<meta property=\"article:published_time\" content=\"2025-11-14T13:18:29+00:00\" \/>\n\t\t<meta property=\"article:modified_time\" content=\"2025-11-14T13:18:29+00:00\" \/>\n\t\t<meta property=\"article:publisher\" content=\"https:\/\/www.facebook.com\/Nachofdezber\" \/>\n\t\t<meta property=\"article:author\" content=\"https:\/\/www.facebook.com\/carrenoactualidad\" \/>\n\t\t<meta name=\"twitter:card\" content=\"summary_large_image\" \/>\n\t\t<meta name=\"twitter:site\" content=\"@NabercoDigital\" \/>\n\t\t<meta name=\"twitter:title\" content=\"El PP reclama un nuevo centro de salud en Piedras Blancas | Cand\u00e1s 365\" \/>\n\t\t<meta name=\"twitter:description\" content=\"El PP reclama un nuevo centro de salud en Piedras Blancas y exige al Principado recuperar la inversi\u00f3n prevista tras la reducci\u00f3n de partidas\" \/>\n\t\t<meta name=\"twitter:creator\" content=\"@nbasturias\" \/>\n\t\t<meta name=\"twitter:image\" content=\"https:\/\/candas365.es\/noticias\/wp-content\/uploads\/2025\/11\/El-PP-reclama-un-nuevo-centro-de-salud-en-Piedras-Blancas.jpg\" \/>\n\t\t<meta name=\"twitter:label1\" content=\"Escrito por\" \/>\n\t\t<meta name=\"twitter:data1\" content=\"Cand\u00e1s 365\" \/>\n\t\t<meta name=\"twitter:label2\" content=\"Tiempo de lectura estimado\" \/>\n\t\t<meta name=\"twitter:data2\" content=\"1 minuto\" \/>\n\t\t<script type=\"application\/ld+json\" class=\"aioseo-schema\">\n\t\t\t{\"@context\":\"https:\\\/\\\/schema.org\",\"@graph\":[{\"@type\":\"BreadcrumbList\",\"@id\":\"https:\\\/\\\/candas365.es\\\/noticias\\\/el-pp-reclama-un-nuevo-centro-de-salud-en-piedras-blancas\\\/#breadcrumblist\",\"itemListElement\":[{\"@type\":\"ListItem\",\"@id\":\"https:\\\/\\\/candas365.es\\\/noticias#listItem\",\"position\":1,\"name\":\"Home\",\"item\":\"https:\\\/\\\/candas365.es\\\/noticias\",\"nextItem\":{\"@type\":\"ListItem\",\"@id\":\"https:\\\/\\\/candas365.es\\\/noticias\\\/category\\\/asturias\\\/#listItem\",\"name\":\"Asturias\"}},{\"@type\":\"ListItem\",\"@id\":\"https:\\\/\\\/candas365.es\\\/noticias\\\/category\\\/asturias\\\/#listItem\",\"position\":2,\"name\":\"Asturias\",\"item\":\"https:\\\/\\\/candas365.es\\\/noticias\\\/category\\\/asturias\\\/\",\"nextItem\":{\"@type\":\"ListItem\",\"@id\":\"https:\\\/\\\/candas365.es\\\/noticias\\\/el-pp-reclama-un-nuevo-centro-de-salud-en-piedras-blancas\\\/#listItem\",\"name\":\"El PP reclama un nuevo centro de salud en Piedras Blancas\"},\"previousItem\":{\"@type\":\"ListItem\",\"@id\":\"https:\\\/\\\/candas365.es\\\/noticias#listItem\",\"name\":\"Home\"}},{\"@type\":\"ListItem\",\"@id\":\"https:\\\/\\\/candas365.es\\\/noticias\\\/el-pp-reclama-un-nuevo-centro-de-salud-en-piedras-blancas\\\/#listItem\",\"position\":3,\"name\":\"El PP reclama un nuevo centro de salud en Piedras Blancas\",\"previousItem\":{\"@type\":\"ListItem\",\"@id\":\"https:\\\/\\\/candas365.es\\\/noticias\\\/category\\\/asturias\\\/#listItem\",\"name\":\"Asturias\"}}]},{\"@type\":\"NewsArticle\",\"@id\":\"https:\\\/\\\/candas365.es\\\/noticias\\\/el-pp-reclama-un-nuevo-centro-de-salud-en-piedras-blancas\\\/#newsarticle\",\"name\":\"El PP reclama un nuevo centro de salud en Piedras Blancas | Cand\\u00e1s 365\",\"headline\":\"El PP reclama un nuevo centro de salud en Piedras Blancas\",\"author\":{\"@id\":\"https:\\\/\\\/candas365.es\\\/noticias\\\/author\\\/admin\\\/#author\"},\"publisher\":{\"@id\":\"https:\\\/\\\/candas365.es\\\/noticias\\\/#organization\"},\"image\":{\"@type\":\"ImageObject\",\"url\":\"https:\\\/\\\/candas365.es\\\/noticias\\\/wp-content\\\/uploads\\\/2025\\\/11\\\/El-PP-reclama-un-nuevo-centro-de-salud-en-Piedras-Blancas.jpg\",\"width\":1042,\"height\":718,\"caption\":\"Foto: Prensa PP Asturias\"},\"datePublished\":\"2025-11-14T14:18:29+01:00\",\"dateModified\":\"2025-11-14T14:18:29+01:00\",\"inLanguage\":\"es-ES\",\"mainEntityOfPage\":{\"@id\":\"https:\\\/\\\/candas365.es\\\/noticias\\\/el-pp-reclama-un-nuevo-centro-de-salud-en-piedras-blancas\\\/#webpage\"},\"isPartOf\":{\"@id\":\"https:\\\/\\\/candas365.es\\\/noticias\\\/el-pp-reclama-un-nuevo-centro-de-salud-en-piedras-blancas\\\/#webpage\"},\"articleSection\":\"Asturias, Asturias, pol\\u00edtica, PP\",\"dateline\":\"Publicado el noviembre 14, 2025.\"},{\"@type\":\"Organization\",\"@id\":\"https:\\\/\\\/candas365.es\\\/noticias\\\/#organization\",\"name\":\"Cand\\u00e1s 365\",\"description\":\"Cand\\u00e1s 365 es un diario digital independiente, fundado en 2012, con base en Asturias. Informamos con rigor sobre actualidad, sociedad, cultura y ocio, con una mirada local y global.\",\"url\":\"https:\\\/\\\/candas365.es\\\/noticias\\\/\",\"email\":\"info@candas365.es\",\"telephone\":\"+34652131393\",\"foundingDate\":\"2012-06-10\",\"logo\":{\"@type\":\"ImageObject\",\"url\":\"https:\\\/\\\/candas365.es\\\/noticias\\\/wp-content\\\/uploads\\\/2024\\\/09\\\/Candas-365-Redes.jpg\",\"@id\":\"https:\\\/\\\/candas365.es\\\/noticias\\\/el-pp-reclama-un-nuevo-centro-de-salud-en-piedras-blancas\\\/#organizationLogo\",\"width\":1152,\"height\":864,\"caption\":\"Cand\\u00e1s 365 Redes\"},\"image\":{\"@id\":\"https:\\\/\\\/candas365.es\\\/noticias\\\/el-pp-reclama-un-nuevo-centro-de-salud-en-piedras-blancas\\\/#organizationLogo\"},\"sameAs\":[\"https:\\\/\\\/www.facebook.com\\\/Nachofdezber\",\"https:\\\/\\\/x.com\\\/NabercoDigital\",\"https:\\\/\\\/www.instagram.com\\\/nachofdezber\\\/\",\"https:\\\/\\\/www.youtube.com\\\/channel\\\/UCZP-2wLEB9Rv6erhFmqVnvg\"],\"address\":{\"@id\":\"https:\\\/\\\/candas365.es\\\/noticias\\\/#postaladdress\",\"@type\":\"PostalAddress\",\"streetAddress\":\"san antonio 4, san antonio 4\",\"postalCode\":\"33430\",\"addressLocality\":\"Cand\\u00e1s\",\"addressRegion\":\"Asturias\",\"addressCountry\":\"ES\"}},{\"@type\":\"Person\",\"@id\":\"https:\\\/\\\/candas365.es\\\/noticias\\\/author\\\/admin\\\/#author\",\"url\":\"https:\\\/\\\/candas365.es\\\/noticias\\\/author\\\/admin\\\/\",\"name\":\"Cand\\u00e1s 365\",\"image\":{\"@type\":\"ImageObject\",\"@id\":\"https:\\\/\\\/candas365.es\\\/noticias\\\/el-pp-reclama-un-nuevo-centro-de-salud-en-piedras-blancas\\\/#authorImage\",\"url\":\"https:\\\/\\\/secure.gravatar.com\\\/avatar\\\/496a8e03d0c493ede1718b7934145dbdf8d89be1036b0eec9544e1094c9de390?s=96&d=mm&r=g\",\"width\":96,\"height\":96,\"caption\":\"Cand\\u00e1s 365\"},\"sameAs\":[\"https:\\\/\\\/www.facebook.com\\\/carrenoactualidad\",\"https:\\\/\\\/twitter.com\\\/nbasturias\",\"https:\\\/\\\/www.instagram.com\\\/nachofdezber\\\/\",\"https:\\\/\\\/www.youtube.com\\\/channel\\\/UCZP-2wLEB9Rv6erhFmqVnvg\"]},{\"@type\":\"WebPage\",\"@id\":\"https:\\\/\\\/candas365.es\\\/noticias\\\/el-pp-reclama-un-nuevo-centro-de-salud-en-piedras-blancas\\\/#webpage\",\"url\":\"https:\\\/\\\/candas365.es\\\/noticias\\\/el-pp-reclama-un-nuevo-centro-de-salud-en-piedras-blancas\\\/\",\"name\":\"El PP reclama un nuevo centro de salud en Piedras Blancas | Cand\\u00e1s 365\",\"description\":\"El PP reclama un nuevo centro de salud en Piedras Blancas y exige al Principado recuperar la inversi\\u00f3n prevista tras la reducci\\u00f3n de partidas\",\"inLanguage\":\"es-ES\",\"isPartOf\":{\"@id\":\"https:\\\/\\\/candas365.es\\\/noticias\\\/#website\"},\"breadcrumb\":{\"@id\":\"https:\\\/\\\/candas365.es\\\/noticias\\\/el-pp-reclama-un-nuevo-centro-de-salud-en-piedras-blancas\\\/#breadcrumblist\"},\"author\":{\"@id\":\"https:\\\/\\\/candas365.es\\\/noticias\\\/author\\\/admin\\\/#author\"},\"creator\":{\"@id\":\"https:\\\/\\\/candas365.es\\\/noticias\\\/author\\\/admin\\\/#author\"},\"image\":{\"@type\":\"ImageObject\",\"url\":\"https:\\\/\\\/candas365.es\\\/noticias\\\/wp-content\\\/uploads\\\/2025\\\/11\\\/El-PP-reclama-un-nuevo-centro-de-salud-en-Piedras-Blancas.jpg\",\"@id\":\"https:\\\/\\\/candas365.es\\\/noticias\\\/el-pp-reclama-un-nuevo-centro-de-salud-en-piedras-blancas\\\/#mainImage\",\"width\":1042,\"height\":718,\"caption\":\"Foto: Prensa PP Asturias\"},\"primaryImageOfPage\":{\"@id\":\"https:\\\/\\\/candas365.es\\\/noticias\\\/el-pp-reclama-un-nuevo-centro-de-salud-en-piedras-blancas\\\/#mainImage\"},\"datePublished\":\"2025-11-14T14:18:29+01:00\",\"dateModified\":\"2025-11-14T14:18:29+01:00\"},{\"@type\":\"WebSite\",\"@id\":\"https:\\\/\\\/candas365.es\\\/noticias\\\/#website\",\"url\":\"https:\\\/\\\/candas365.es\\\/noticias\\\/\",\"name\":\"Cand\\u00e1s 365\",\"alternateName\":\"Cand\\u00e1s 365 Noticias\",\"description\":\"Actualidad desde Carre\\u00f1o para el mundo\",\"inLanguage\":\"es-ES\",\"publisher\":{\"@id\":\"https:\\\/\\\/candas365.es\\\/noticias\\\/#organization\"}}]}\n\t\t<\/script>\n\t\t<!-- All in One SEO Pro -->\r\n\t\t<title>El PP reclama un nuevo centro de salud en Piedras Blancas | Cand\u00e1s 365<\/title>\n\n","aioseo_head_json":{"title":"El PP reclama un nuevo centro de salud en Piedras Blancas | Cand\u00e1s 365","description":"El PP reclama un nuevo centro de salud en Piedras Blancas y exige al Principado recuperar la inversi\u00f3n prevista tras la reducci\u00f3n de partidas","canonical_url":"https:\/\/candas365.es\/noticias\/el-pp-reclama-un-nuevo-centro-de-salud-en-piedras-blancas\/","robots":"max-image-preview:large","keywords":"asturias","webmasterTools":{"google-site-verification":"UA-32230408-1","msvalidate.01":"354F3CDFB2DA171B47FBE9ABF1F88D5","miscellaneous":""},"schema":{"@context":"https:\/\/schema.org","@graph":[{"@type":"BreadcrumbList","@id":"https:\/\/candas365.es\/noticias\/el-pp-reclama-un-nuevo-centro-de-salud-en-piedras-blancas\/#breadcrumblist","itemListElement":[{"@type":"ListItem","@id":"https:\/\/candas365.es\/noticias#listItem","position":1,"name":"Home","item":"https:\/\/candas365.es\/noticias","nextItem":{"@type":"ListItem","@id":"https:\/\/candas365.es\/noticias\/category\/asturias\/#listItem","name":"Asturias"}},{"@type":"ListItem","@id":"https:\/\/candas365.es\/noticias\/category\/asturias\/#listItem","position":2,"name":"Asturias","item":"https:\/\/candas365.es\/noticias\/category\/asturias\/","nextItem":{"@type":"ListItem","@id":"https:\/\/candas365.es\/noticias\/el-pp-reclama-un-nuevo-centro-de-salud-en-piedras-blancas\/#listItem","name":"El PP reclama un nuevo centro de salud en Piedras Blancas"},"previousItem":{"@type":"ListItem","@id":"https:\/\/candas365.es\/noticias#listItem","name":"Home"}},{"@type":"ListItem","@id":"https:\/\/candas365.es\/noticias\/el-pp-reclama-un-nuevo-centro-de-salud-en-piedras-blancas\/#listItem","position":3,"name":"El PP reclama un nuevo centro de salud en Piedras Blancas","previousItem":{"@type":"ListItem","@id":"https:\/\/candas365.es\/noticias\/category\/asturias\/#listItem","name":"Asturias"}}]},{"@type":"NewsArticle","@id":"https:\/\/candas365.es\/noticias\/el-pp-reclama-un-nuevo-centro-de-salud-en-piedras-blancas\/#newsarticle","name":"El PP reclama un nuevo centro de salud en Piedras Blancas | Cand\u00e1s 365","headline":"El PP reclama un nuevo centro de salud en Piedras Blancas","author":{"@id":"https:\/\/candas365.es\/noticias\/author\/admin\/#author"},"publisher":{"@id":"https:\/\/candas365.es\/noticias\/#organization"},"image":{"@type":"ImageObject","url":"https:\/\/candas365.es\/noticias\/wp-content\/uploads\/2025\/11\/El-PP-reclama-un-nuevo-centro-de-salud-en-Piedras-Blancas.jpg","width":1042,"height":718,"caption":"Foto: Prensa PP Asturias"},"datePublished":"2025-11-14T14:18:29+01:00","dateModified":"2025-11-14T14:18:29+01:00","inLanguage":"es-ES","mainEntityOfPage":{"@id":"https:\/\/candas365.es\/noticias\/el-pp-reclama-un-nuevo-centro-de-salud-en-piedras-blancas\/#webpage"},"isPartOf":{"@id":"https:\/\/candas365.es\/noticias\/el-pp-reclama-un-nuevo-centro-de-salud-en-piedras-blancas\/#webpage"},"articleSection":"Asturias, Asturias, pol\u00edtica, PP","dateline":"Publicado el noviembre 14, 2025."},{"@type":"Organization","@id":"https:\/\/candas365.es\/noticias\/#organization","name":"Cand\u00e1s 365","description":"Cand\u00e1s 365 es un diario digital independiente, fundado en 2012, con base en Asturias. Informamos con rigor sobre actualidad, sociedad, cultura y ocio, con una mirada local y global.","url":"https:\/\/candas365.es\/noticias\/","email":"info@candas365.es","telephone":"+34652131393","foundingDate":"2012-06-10","logo":{"@type":"ImageObject","url":"https:\/\/candas365.es\/noticias\/wp-content\/uploads\/2024\/09\/Candas-365-Redes.jpg","@id":"https:\/\/candas365.es\/noticias\/el-pp-reclama-un-nuevo-centro-de-salud-en-piedras-blancas\/#organizationLogo","width":1152,"height":864,"caption":"Cand\u00e1s 365 Redes"},"image":{"@id":"https:\/\/candas365.es\/noticias\/el-pp-reclama-un-nuevo-centro-de-salud-en-piedras-blancas\/#organizationLogo"},"sameAs":["https:\/\/www.facebook.com\/Nachofdezber","https:\/\/x.com\/NabercoDigital","https:\/\/www.instagram.com\/nachofdezber\/","https:\/\/www.youtube.com\/channel\/UCZP-2wLEB9Rv6erhFmqVnvg"],"address":{"@id":"https:\/\/candas365.es\/noticias\/#postaladdress","@type":"PostalAddress","streetAddress":"san antonio 4, san antonio 4","postalCode":"33430","addressLocality":"Cand\u00e1s","addressRegion":"Asturias","addressCountry":"ES"}},{"@type":"Person","@id":"https:\/\/candas365.es\/noticias\/author\/admin\/#author","url":"https:\/\/candas365.es\/noticias\/author\/admin\/","name":"Cand\u00e1s 365","image":{"@type":"ImageObject","@id":"https:\/\/candas365.es\/noticias\/el-pp-reclama-un-nuevo-centro-de-salud-en-piedras-blancas\/#authorImage","url":"https:\/\/secure.gravatar.com\/avatar\/496a8e03d0c493ede1718b7934145dbdf8d89be1036b0eec9544e1094c9de390?s=96&d=mm&r=g","width":96,"height":96,"caption":"Cand\u00e1s 365"},"sameAs":["https:\/\/www.facebook.com\/carrenoactualidad","https:\/\/twitter.com\/nbasturias","https:\/\/www.instagram.com\/nachofdezber\/","https:\/\/www.youtube.com\/channel\/UCZP-2wLEB9Rv6erhFmqVnvg"]},{"@type":"WebPage","@id":"https:\/\/candas365.es\/noticias\/el-pp-reclama-un-nuevo-centro-de-salud-en-piedras-blancas\/#webpage","url":"https:\/\/candas365.es\/noticias\/el-pp-reclama-un-nuevo-centro-de-salud-en-piedras-blancas\/","name":"El PP reclama un nuevo centro de salud en Piedras Blancas | Cand\u00e1s 365","description":"El PP reclama un nuevo centro de salud en Piedras Blancas y exige al Principado recuperar la inversi\u00f3n prevista tras la reducci\u00f3n de partidas","inLanguage":"es-ES","isPartOf":{"@id":"https:\/\/candas365.es\/noticias\/#website"},"breadcrumb":{"@id":"https:\/\/candas365.es\/noticias\/el-pp-reclama-un-nuevo-centro-de-salud-en-piedras-blancas\/#breadcrumblist"},"author":{"@id":"https:\/\/candas365.es\/noticias\/author\/admin\/#author"},"creator":{"@id":"https:\/\/candas365.es\/noticias\/author\/admin\/#author"},"image":{"@type":"ImageObject","url":"https:\/\/candas365.es\/noticias\/wp-content\/uploads\/2025\/11\/El-PP-reclama-un-nuevo-centro-de-salud-en-Piedras-Blancas.jpg","@id":"https:\/\/candas365.es\/noticias\/el-pp-reclama-un-nuevo-centro-de-salud-en-piedras-blancas\/#mainImage","width":1042,"height":718,"caption":"Foto: Prensa PP Asturias"},"primaryImageOfPage":{"@id":"https:\/\/candas365.es\/noticias\/el-pp-reclama-un-nuevo-centro-de-salud-en-piedras-blancas\/#mainImage"},"datePublished":"2025-11-14T14:18:29+01:00","dateModified":"2025-11-14T14:18:29+01:00"},{"@type":"WebSite","@id":"https:\/\/candas365.es\/noticias\/#website","url":"https:\/\/candas365.es\/noticias\/","name":"Cand\u00e1s 365","alternateName":"Cand\u00e1s 365 Noticias","description":"Actualidad desde Carre\u00f1o para el mundo","inLanguage":"es-ES","publisher":{"@id":"https:\/\/candas365.es\/noticias\/#organization"}}]},"og:locale":"es_ES","og:site_name":"Cand\u00e1s 365","og:type":"article","og:title":"El PP reclama un nuevo centro de salud en Piedras Blancas | Cand\u00e1s 365","og:description":"El PP reclama un nuevo centro de salud en Piedras Blancas y exige al Principado recuperar la inversi\u00f3n prevista tras la reducci\u00f3n de partidas","og:url":"https:\/\/candas365.es\/noticias\/el-pp-reclama-un-nuevo-centro-de-salud-en-piedras-blancas\/","og:image":"https:\/\/candas365.es\/noticias\/wp-content\/uploads\/2025\/11\/El-PP-reclama-un-nuevo-centro-de-salud-en-Piedras-Blancas.jpg","og:image:secure_url":"https:\/\/candas365.es\/noticias\/wp-content\/uploads\/2025\/11\/El-PP-reclama-un-nuevo-centro-de-salud-en-Piedras-Blancas.jpg","og:image:width":1042,"og:image:height":718,"article:published_time":"2025-11-14T13:18:29+00:00","article:modified_time":"2025-11-14T13:18:29+00:00","article:publisher":"https:\/\/www.facebook.com\/Nachofdezber","article:author":"https:\/\/www.facebook.com\/carrenoactualidad","twitter:card":"summary_large_image","twitter:site":"@NabercoDigital","twitter:title":"El PP reclama un nuevo centro de salud en Piedras Blancas | Cand\u00e1s 365","twitter:description":"El PP reclama un nuevo centro de salud en Piedras Blancas y exige al Principado recuperar la inversi\u00f3n prevista tras la reducci\u00f3n de partidas","twitter:creator":"@nbasturias","twitter:image":"https:\/\/candas365.es\/noticias\/wp-content\/uploads\/2025\/11\/El-PP-reclama-un-nuevo-centro-de-salud-en-Piedras-Blancas.jpg","twitter:label1":"Escrito por","twitter:data1":"Cand\u00e1s 365","twitter:label2":"Tiempo de lectura estimado","twitter:data2":"1 minuto"},"aioseo_meta_data":{"post_id":"190134","title":null,"description":"El PP reclama un nuevo centro de salud en Piedras Blancas y exige al Principado recuperar la inversi\u00f3n prevista tras la reducci\u00f3n de partidas","keywords":null,"keyphrases":{"focus":{"keyphrase":"PP","score":100,"analysis":{"keyphraseInTitle":{"score":9,"maxScore":9,"error":0},"keyphraseInDescription":{"score":9,"maxScore":9,"error":0},"keyphraseLength":{"score":9,"maxScore":9,"error":0,"length":1},"keyphraseInURL":{"score":5,"maxScore":5,"error":0},"keyphraseInIntroduction":{"score":9,"maxScore":9,"error":0},"keyphraseInSubHeadings":{"score":9,"maxScore":9,"error":0},"keyphraseInImageAlt":{"score":9,"maxScore":9,"error":0},"keywordDensity":{"type":"best","score":9,"maxScore":9,"error":0}}},"additional":[{"keyphrase":"Piedras Blancas","score":100,"analysis":{"keyphraseInDescription":{"score":9,"maxScore":9,"error":0},"keyphraseLength":{"score":9,"maxScore":9,"error":0,"length":2},"keyphraseInIntroduction":{"score":9,"maxScore":9,"error":0},"keyphraseInImageAlt":{"score":9,"maxScore":9,"error":0},"keywordDensity":{"type":"best","score":9,"maxScore":9,"error":0}}},{"keyphrase":"PP","score":100,"analysis":{"keyphraseInDescription":{"score":9,"maxScore":9,"error":0},"keyphraseLength":{"score":9,"maxScore":9,"error":0,"length":1},"keyphraseInIntroduction":{"score":9,"maxScore":9,"error":0},"keyphraseInImageAlt":{"score":9,"maxScore":9,"error":0},"keywordDensity":{"type":"best","score":9,"maxScore":9,"error":0}}}]},"primary_term":null,"canonical_url":null,"og_title":null,"og_description":null,"og_object_type":"default","og_image_type":"default","og_image_url":null,"og_image_width":null,"og_image_height":null,"og_image_custom_url":null,"og_image_custom_fields":null,"og_video":"","og_custom_url":null,"og_article_section":null,"og_article_tags":null,"twitter_use_og":false,"twitter_card":"default","twitter_image_type":"default","twitter_image_url":null,"twitter_image_custom_url":null,"twitter_image_custom_fields":null,"twitter_title":null,"twitter_description":null,"schema":{"blockGraphs":[],"customGraphs":[],"default":{"data":{"Article":[],"Course":[],"Dataset":[],"FAQPage":[],"Movie":[],"Person":[],"Product":[],"ProductReview":[],"Car":[],"Recipe":[],"Service":[],"SoftwareApplication":[],"WebPage":[]},"graphName":"Article","isEnabled":true},"graphs":[]},"schema_type":"default","schema_type_options":null,"pillar_content":false,"robots_default":true,"robots_noindex":false,"robots_noarchive":false,"robots_nosnippet":false,"robots_nofollow":false,"robots_noimageindex":false,"robots_noodp":false,"robots_notranslate":false,"robots_max_snippet":"-1","robots_max_videopreview":"-1","robots_max_imagepreview":"large","priority":null,"frequency":"default","location":null,"local_seo":null,"seo_analyzer_scan_date":"2025-11-14 13:24:34","breadcrumb_settings":null,"limit_modified_date":false,"reviewed_by":null,"open_ai":null,"ai":{"faqs":[],"keyPoints":[],"titles":[],"descriptions":[],"socialPosts":{"email":[],"linkedin":[],"twitter":[],"facebook":[],"instagram":[]}},"created":"2025-11-14 13:10:34","updated":"2025-11-14 13:26:17"},"aioseo_breadcrumb":"<div class=\"aioseo-breadcrumbs\"><span class=\"aioseo-breadcrumb\">\n\t<a href=\"https:\/\/candas365.es\/noticias\" title=\"Home\">Home<\/a>\n<\/span><span class=\"aioseo-breadcrumb-separator\">&ndash;<\/span><span class=\"aioseo-breadcrumb\">\n\t<a href=\"https:\/\/candas365.es\/noticias\/category\/asturias\/\" title=\"Asturias\">Asturias<\/a>\n<\/span><span class=\"aioseo-breadcrumb-separator\">&ndash;<\/span><span class=\"aioseo-breadcrumb\">\n\tEl PP reclama un nuevo centro de salud en Piedras Blancas\n<\/span><\/div>","aioseo_breadcrumb_json":[{"label":"Home","link":"https:\/\/candas365.es\/noticias"},{"label":"Asturias","link":"https:\/\/candas365.es\/noticias\/category\/asturias\/"},{"label":"El PP reclama un nuevo centro de salud en Piedras Blancas","link":"https:\/\/candas365.es\/noticias\/el-pp-reclama-un-nuevo-centro-de-salud-en-piedras-blancas\/"}],"_links":{"self":[{"href":"https:\/\/candas365.es\/noticias\/wp-json\/wp\/v2\/posts\/190134","targetHints":{"allow":["GET"]}}],"collection":[{"href":"https:\/\/candas365.es\/noticias\/wp-json\/wp\/v2\/posts"}],"about":[{"href":"https:\/\/candas365.es\/noticias\/wp-json\/wp\/v2\/types\/post"}],"author":[{"embeddable":true,"href":"https:\/\/candas365.es\/noticias\/wp-json\/wp\/v2\/users\/1"}],"replies":[{"embeddable":true,"href":"https:\/\/candas365.es\/noticias\/wp-json\/wp\/v2\/comments?post=190134"}],"version-history":[{"count":0,"href":"https:\/\/candas365.es\/noticias\/wp-json\/wp\/v2\/posts\/190134\/revisions"}],"wp:featuredmedia":[{"embeddable":true,"href":"https:\/\/candas365.es\/noticias\/wp-json\/wp\/v2\/media\/190135"}],"wp:attachment":[{"href":"https:\/\/candas365.es\/noticias\/wp-json\/wp\/v2\/media?parent=190134"}],"wp:term":[{"taxonomy":"category","embeddable":true,"href":"https:\/\/candas365.es\/noticias\/wp-json\/wp\/v2\/categories?post=190134"},{"taxonomy":"post_tag","embeddable":true,"href":"https:\/\/candas365.es\/noticias\/wp-json\/wp\/v2\/tags?post=190134"}],"curies":[{"name":"wp","href":"https:\/\/api.w.org\/{rel}","templated":true}]}}