{"id":190089,"date":"2025-11-12T22:37:26","date_gmt":"2025-11-12T21:37:26","guid":{"rendered":"https:\/\/candas365.es\/noticias\/?p=190089"},"modified":"2025-11-12T22:37:26","modified_gmt":"2025-11-12T21:37:26","slug":"el-pp-denuncia-el-deterioro-del-colegio-campiello-en-castrillon","status":"publish","type":"post","link":"https:\/\/candas365.es\/noticias\/el-pp-denuncia-el-deterioro-del-colegio-campiello-en-castrillon\/","title":{"rendered":"El PP denuncia el deterioro del colegio Campiello en Castrill\u00f3n"},"content":{"rendered":"<p>La diputada del <a href=\"https:\/\/candas365.es\/noticias\/tag\/politica\/\"><span style=\"color: #ff6600;\"><strong>PP<\/strong><\/span><\/a> de Asturias, <strong>Gloria Garc\u00eda critica la falta de reparaciones en el colegio Maestro Jos\u00e9 Luis Garc\u00eda Rodr\u00edguez de Castrill\u00f3n y reclama a la Consejer\u00eda de Educaci\u00f3n actuaciones urgentes.<\/strong><\/p>\n<figure id=\"attachment_190090\" aria-describedby=\"caption-attachment-190090\" style=\"width: 650px\" class=\"wp-caption aligncenter\"><img fetchpriority=\"high\" decoding=\"async\" class=\"size-large wp-image-190090\" src=\"https:\/\/candas365.es\/noticias\/wp-content\/uploads\/2025\/11\/El-PP-denuncia-el-deterioro-del-colegio-Campiello-en-Castrillon-650x453.jpg\" alt=\"El PP denuncia el deterioro del colegio Campiello en Castrill\u00f3n\" width=\"650\" height=\"453\" srcset=\"https:\/\/candas365.es\/noticias\/wp-content\/uploads\/2025\/11\/El-PP-denuncia-el-deterioro-del-colegio-Campiello-en-Castrillon-650x453.jpg 650w, https:\/\/candas365.es\/noticias\/wp-content\/uploads\/2025\/11\/El-PP-denuncia-el-deterioro-del-colegio-Campiello-en-Castrillon-360x251.jpg 360w, https:\/\/candas365.es\/noticias\/wp-content\/uploads\/2025\/11\/El-PP-denuncia-el-deterioro-del-colegio-Campiello-en-Castrillon-768x535.jpg 768w, https:\/\/candas365.es\/noticias\/wp-content\/uploads\/2025\/11\/El-PP-denuncia-el-deterioro-del-colegio-Campiello-en-Castrillon-150x105.jpg 150w, https:\/\/candas365.es\/noticias\/wp-content\/uploads\/2025\/11\/El-PP-denuncia-el-deterioro-del-colegio-Campiello-en-Castrillon-450x314.jpg 450w, https:\/\/candas365.es\/noticias\/wp-content\/uploads\/2025\/11\/El-PP-denuncia-el-deterioro-del-colegio-Campiello-en-Castrillon.jpg 1050w\" sizes=\"(max-width: 650px) 100vw, 650px\" \/><figcaption id=\"caption-attachment-190090\" class=\"wp-caption-text\">Foto: Prensa PP Asturias<\/figcaption><\/figure>\n<p>La diputada popular y portavoz de Educaci\u00f3n, Gloria Garc\u00eda, denunci\u00f3 hoy el estado en el que se encuentra el Colegio Maestro Jos\u00e9 Luis Garc\u00eda Rodr\u00edguez \u201cCampiello\u201d, un centro que cuenta casi con 50 a\u00f1os de antig\u00fcedad y no ha recibido las reparaciones que necesita.<\/p>\n<h2>Reclamaciones por falta de mantenimiento<\/h2>\n<p>Gloria Garc\u00eda, que estuvo acompa\u00f1ada por la diputada regional y teniente de alcalde del Ayuntamiento de Castrill\u00f3n, Nuria Gonz\u00e1lez-Nuevo; la tambi\u00e9n parlamentaria popular Susana Fern\u00e1ndez; la concejala del PP Marian Gonz\u00e1lez-Carbajal, y familiares de alumnos del colegio, afirm\u00f3 que \u201ctanto el centro como las familias llevan a\u00f1os reclamando un cambio de ventanas. Las actuales no ajustan bien: unas no cierran, otras ni siquiera pueden abrirse. Esta situaci\u00f3n provoca que los ni\u00f1os pasen fr\u00edo, que en algunas aulas entre agua y que en otras haya falta de ventilaci\u00f3n\u201d.<\/p>\n<p>\u201cDurante dos a\u00f1os la direcci\u00f3n del centro solicit\u00f3 reuniones al Servicio de Infraestructuras sin obtener respuesta. Fue en 2024 cuando el Ayuntamiento de Castrill\u00f3n intervino, logrando que finalmente fuera recibido. En ese encuentro con la Consejer\u00eda de Educaci\u00f3n se alcanz\u00f3 un acuerdo para iniciar la sustituci\u00f3n de las ventanas; sin embargo, en mayo de este a\u00f1o se les deneg\u00f3 la obra\u201d, denunci\u00f3 Garc\u00eda.<\/p>\n<p>En esta misma l\u00ednea, la diputada popular subray\u00f3 que \u201cel suelo de madera del gimnasio presenta desperfectos que ponen en riesgo a los alumnos, la planta baja tiene goteras y la fachada se encuentra en un estado lamentable\u201d.<\/p>\n<blockquote><p>Ante esta situaci\u00f3n, Garc\u00eda anunci\u00f3 que preguntar\u00e1 por este asunto a la consejera en la comisi\u00f3n de Educaci\u00f3n de este jueves.<\/p><\/blockquote>\n<h2>Cr\u00edticas al Principado por parte del Ayuntamiento<\/h2>\n<p>Por su parte, la diputada popular y teniente de alcalde de Castrill\u00f3n, Nuria Gonz\u00e1lez-Nuevo, se\u00f1al\u00f3 que existen problemas de seguridad derivados del estado de las ventanas, una situaci\u00f3n que, seg\u00fan explic\u00f3, se extiende a todos los centros educativos del concejo.<\/p>\n<p>\u201cDesde hace tiempo, la Consejer\u00eda de Educaci\u00f3n est\u00e1 tratando de trasladar al Ayuntamiento de Castrill\u00f3n obras que son de su competencia y que deber\u00eda acometer directamente. Esto nos coloca en un permanente tira y afloja, oblig\u00e1ndonos a solicitar que la Consejer\u00eda asuma su trabajo. Exigimos a la Consejer\u00eda que sea responsable con nuestro municipio; tenemos compromisos pendientes en todos los colegios de Castrill\u00f3n,\u201d concluy\u00f3 Nuria Gonz\u00e1lez-Nuevo.<\/p>\n","protected":false},"excerpt":{"rendered":"<p>La diputada del PP de Asturias, Gloria Garc\u00eda critica la falta de reparaciones en el colegio Maestro Jos\u00e9 Luis Garc\u00eda Rodr\u00edguez de Castrill\u00f3n y reclama a la Consejer\u00eda de Educaci\u00f3n actuaciones urgentes. La diputada popular y portavoz de Educaci\u00f3n, Gloria Garc\u00eda, denunci\u00f3 hoy el estado en el que se encuentra el Colegio Maestro Jos\u00e9 Luis<\/p>\n","protected":false},"author":1,"featured_media":190090,"comment_status":"closed","ping_status":"closed","sticky":false,"template":"","format":"standard","meta":{"footnotes":""},"categories":[7],"tags":[380,470,480],"class_list":{"0":"post-190089","1":"post","2":"type-post","3":"status-publish","4":"format-standard","5":"has-post-thumbnail","7":"category-asturias","8":"tag-asturias","9":"tag-politica","10":"tag-pp"},"aioseo_notices":[],"aioseo_head":"\n\t\t<!-- All in One SEO Pro 4.9.6.2 - aioseo.com -->\n\t<meta name=\"description\" content=\"La diputada del PP de Asturias, Gloria Garc\u00eda critica la falta de reparaciones en el colegio Maestro Jos\u00e9 Luis Garc\u00eda Rodr\u00edguez de Castrill\u00f3n\" \/>\n\t<meta name=\"robots\" content=\"max-image-preview:large\" \/>\n\t<meta name=\"author\" content=\"Cand\u00e1s 365\"\/>\n\t<meta name=\"google-site-verification\" content=\"UA-32230408-1\" \/>\n\t<meta name=\"msvalidate.01\" content=\"354F3CDFB2DA171B47FBE9ABF1F88D5\" \/>\n\t<meta name=\"keywords\" content=\"asturias\" \/>\n\t<link rel=\"canonical\" href=\"https:\/\/candas365.es\/noticias\/el-pp-denuncia-el-deterioro-del-colegio-campiello-en-castrillon\/\" \/>\n\t<meta name=\"generator\" content=\"All in One SEO Pro (AIOSEO) 4.9.6.2\" \/>\n\t\t<meta property=\"og:locale\" content=\"es_ES\" \/>\n\t\t<meta property=\"og:site_name\" content=\"Cand\u00e1s 365\" \/>\n\t\t<meta property=\"og:type\" content=\"article\" \/>\n\t\t<meta property=\"og:title\" content=\"El PP denuncia el deterioro del colegio Campiello en Castrill\u00f3n | Cand\u00e1s 365\" \/>\n\t\t<meta property=\"og:description\" content=\"La diputada del PP de Asturias, Gloria Garc\u00eda critica la falta de reparaciones en el colegio Maestro Jos\u00e9 Luis Garc\u00eda Rodr\u00edguez de Castrill\u00f3n\" \/>\n\t\t<meta property=\"og:url\" content=\"https:\/\/candas365.es\/noticias\/el-pp-denuncia-el-deterioro-del-colegio-campiello-en-castrillon\/\" \/>\n\t\t<meta property=\"og:image\" content=\"https:\/\/candas365.es\/noticias\/wp-content\/uploads\/2025\/11\/El-PP-denuncia-el-deterioro-del-colegio-Campiello-en-Castrillon.jpg\" \/>\n\t\t<meta property=\"og:image:secure_url\" content=\"https:\/\/candas365.es\/noticias\/wp-content\/uploads\/2025\/11\/El-PP-denuncia-el-deterioro-del-colegio-Campiello-en-Castrillon.jpg\" \/>\n\t\t<meta property=\"og:image:width\" content=\"1050\" \/>\n\t\t<meta property=\"og:image:height\" content=\"732\" \/>\n\t\t<meta property=\"article:published_time\" content=\"2025-11-12T21:37:26+00:00\" \/>\n\t\t<meta property=\"article:modified_time\" content=\"2025-11-12T21:37:26+00:00\" \/>\n\t\t<meta property=\"article:publisher\" content=\"https:\/\/www.facebook.com\/Nachofdezber\" \/>\n\t\t<meta property=\"article:author\" content=\"https:\/\/www.facebook.com\/carrenoactualidad\" \/>\n\t\t<meta name=\"twitter:card\" content=\"summary_large_image\" \/>\n\t\t<meta name=\"twitter:site\" content=\"@NabercoDigital\" \/>\n\t\t<meta name=\"twitter:title\" content=\"El PP denuncia el deterioro del colegio Campiello en Castrill\u00f3n | Cand\u00e1s 365\" \/>\n\t\t<meta name=\"twitter:description\" content=\"La diputada del PP de Asturias, Gloria Garc\u00eda critica la falta de reparaciones en el colegio Maestro Jos\u00e9 Luis Garc\u00eda Rodr\u00edguez de Castrill\u00f3n\" \/>\n\t\t<meta name=\"twitter:creator\" content=\"@nbasturias\" \/>\n\t\t<meta name=\"twitter:image\" content=\"https:\/\/candas365.es\/noticias\/wp-content\/uploads\/2025\/11\/El-PP-denuncia-el-deterioro-del-colegio-Campiello-en-Castrillon.jpg\" \/>\n\t\t<meta name=\"twitter:label1\" content=\"Escrito por\" \/>\n\t\t<meta name=\"twitter:data1\" content=\"Cand\u00e1s 365\" \/>\n\t\t<meta name=\"twitter:label2\" content=\"Tiempo de lectura estimado\" \/>\n\t\t<meta name=\"twitter:data2\" content=\"2 minutos\" \/>\n\t\t<script type=\"application\/ld+json\" class=\"aioseo-schema\">\n\t\t\t{\"@context\":\"https:\\\/\\\/schema.org\",\"@graph\":[{\"@type\":\"BreadcrumbList\",\"@id\":\"https:\\\/\\\/candas365.es\\\/noticias\\\/el-pp-denuncia-el-deterioro-del-colegio-campiello-en-castrillon\\\/#breadcrumblist\",\"itemListElement\":[{\"@type\":\"ListItem\",\"@id\":\"https:\\\/\\\/candas365.es\\\/noticias#listItem\",\"position\":1,\"name\":\"Home\",\"item\":\"https:\\\/\\\/candas365.es\\\/noticias\",\"nextItem\":{\"@type\":\"ListItem\",\"@id\":\"https:\\\/\\\/candas365.es\\\/noticias\\\/category\\\/asturias\\\/#listItem\",\"name\":\"Asturias\"}},{\"@type\":\"ListItem\",\"@id\":\"https:\\\/\\\/candas365.es\\\/noticias\\\/category\\\/asturias\\\/#listItem\",\"position\":2,\"name\":\"Asturias\",\"item\":\"https:\\\/\\\/candas365.es\\\/noticias\\\/category\\\/asturias\\\/\",\"nextItem\":{\"@type\":\"ListItem\",\"@id\":\"https:\\\/\\\/candas365.es\\\/noticias\\\/el-pp-denuncia-el-deterioro-del-colegio-campiello-en-castrillon\\\/#listItem\",\"name\":\"El PP denuncia el deterioro del colegio Campiello en Castrill\\u00f3n\"},\"previousItem\":{\"@type\":\"ListItem\",\"@id\":\"https:\\\/\\\/candas365.es\\\/noticias#listItem\",\"name\":\"Home\"}},{\"@type\":\"ListItem\",\"@id\":\"https:\\\/\\\/candas365.es\\\/noticias\\\/el-pp-denuncia-el-deterioro-del-colegio-campiello-en-castrillon\\\/#listItem\",\"position\":3,\"name\":\"El PP denuncia el deterioro del colegio Campiello en Castrill\\u00f3n\",\"previousItem\":{\"@type\":\"ListItem\",\"@id\":\"https:\\\/\\\/candas365.es\\\/noticias\\\/category\\\/asturias\\\/#listItem\",\"name\":\"Asturias\"}}]},{\"@type\":\"NewsArticle\",\"@id\":\"https:\\\/\\\/candas365.es\\\/noticias\\\/el-pp-denuncia-el-deterioro-del-colegio-campiello-en-castrillon\\\/#newsarticle\",\"name\":\"El PP denuncia el deterioro del colegio Campiello en Castrill\\u00f3n | Cand\\u00e1s 365\",\"headline\":\"El PP denuncia el deterioro del colegio Campiello en Castrill\\u00f3n\",\"author\":{\"@id\":\"https:\\\/\\\/candas365.es\\\/noticias\\\/author\\\/admin\\\/#author\"},\"publisher\":{\"@id\":\"https:\\\/\\\/candas365.es\\\/noticias\\\/#organization\"},\"image\":{\"@type\":\"ImageObject\",\"url\":\"https:\\\/\\\/candas365.es\\\/noticias\\\/wp-content\\\/uploads\\\/2025\\\/11\\\/El-PP-denuncia-el-deterioro-del-colegio-Campiello-en-Castrillon.jpg\",\"width\":1050,\"height\":732,\"caption\":\"Foto: Prensa PP Asturias\"},\"datePublished\":\"2025-11-12T22:37:26+01:00\",\"dateModified\":\"2025-11-12T22:37:26+01:00\",\"inLanguage\":\"es-ES\",\"mainEntityOfPage\":{\"@id\":\"https:\\\/\\\/candas365.es\\\/noticias\\\/el-pp-denuncia-el-deterioro-del-colegio-campiello-en-castrillon\\\/#webpage\"},\"isPartOf\":{\"@id\":\"https:\\\/\\\/candas365.es\\\/noticias\\\/el-pp-denuncia-el-deterioro-del-colegio-campiello-en-castrillon\\\/#webpage\"},\"articleSection\":\"Asturias, Asturias, pol\\u00edtica, PP\",\"dateline\":\"Publicado el noviembre 12, 2025.\"},{\"@type\":\"Organization\",\"@id\":\"https:\\\/\\\/candas365.es\\\/noticias\\\/#organization\",\"name\":\"Cand\\u00e1s 365\",\"description\":\"Cand\\u00e1s 365 es un diario digital independiente, fundado en 2012, con base en Asturias. Informamos con rigor sobre actualidad, sociedad, cultura y ocio, con una mirada local y global.\",\"url\":\"https:\\\/\\\/candas365.es\\\/noticias\\\/\",\"email\":\"info@candas365.es\",\"telephone\":\"+34652131393\",\"foundingDate\":\"2012-06-10\",\"logo\":{\"@type\":\"ImageObject\",\"url\":\"https:\\\/\\\/candas365.es\\\/noticias\\\/wp-content\\\/uploads\\\/2024\\\/09\\\/Candas-365-Redes.jpg\",\"@id\":\"https:\\\/\\\/candas365.es\\\/noticias\\\/el-pp-denuncia-el-deterioro-del-colegio-campiello-en-castrillon\\\/#organizationLogo\",\"width\":1152,\"height\":864,\"caption\":\"Cand\\u00e1s 365 Redes\"},\"image\":{\"@id\":\"https:\\\/\\\/candas365.es\\\/noticias\\\/el-pp-denuncia-el-deterioro-del-colegio-campiello-en-castrillon\\\/#organizationLogo\"},\"sameAs\":[\"https:\\\/\\\/www.facebook.com\\\/Nachofdezber\",\"https:\\\/\\\/x.com\\\/NabercoDigital\",\"https:\\\/\\\/www.instagram.com\\\/nachofdezber\\\/\",\"https:\\\/\\\/www.youtube.com\\\/channel\\\/UCZP-2wLEB9Rv6erhFmqVnvg\"],\"address\":{\"@id\":\"https:\\\/\\\/candas365.es\\\/noticias\\\/#postaladdress\",\"@type\":\"PostalAddress\",\"streetAddress\":\"san antonio 4, san antonio 4\",\"postalCode\":\"33430\",\"addressLocality\":\"Cand\\u00e1s\",\"addressRegion\":\"Asturias\",\"addressCountry\":\"ES\"}},{\"@type\":\"Person\",\"@id\":\"https:\\\/\\\/candas365.es\\\/noticias\\\/author\\\/admin\\\/#author\",\"url\":\"https:\\\/\\\/candas365.es\\\/noticias\\\/author\\\/admin\\\/\",\"name\":\"Cand\\u00e1s 365\",\"image\":{\"@type\":\"ImageObject\",\"@id\":\"https:\\\/\\\/candas365.es\\\/noticias\\\/el-pp-denuncia-el-deterioro-del-colegio-campiello-en-castrillon\\\/#authorImage\",\"url\":\"https:\\\/\\\/secure.gravatar.com\\\/avatar\\\/496a8e03d0c493ede1718b7934145dbdf8d89be1036b0eec9544e1094c9de390?s=96&d=mm&r=g\",\"width\":96,\"height\":96,\"caption\":\"Cand\\u00e1s 365\"},\"sameAs\":[\"https:\\\/\\\/www.facebook.com\\\/carrenoactualidad\",\"https:\\\/\\\/twitter.com\\\/nbasturias\",\"https:\\\/\\\/www.instagram.com\\\/nachofdezber\\\/\",\"https:\\\/\\\/www.youtube.com\\\/channel\\\/UCZP-2wLEB9Rv6erhFmqVnvg\"]},{\"@type\":\"WebPage\",\"@id\":\"https:\\\/\\\/candas365.es\\\/noticias\\\/el-pp-denuncia-el-deterioro-del-colegio-campiello-en-castrillon\\\/#webpage\",\"url\":\"https:\\\/\\\/candas365.es\\\/noticias\\\/el-pp-denuncia-el-deterioro-del-colegio-campiello-en-castrillon\\\/\",\"name\":\"El PP denuncia el deterioro del colegio Campiello en Castrill\\u00f3n | Cand\\u00e1s 365\",\"description\":\"La diputada del PP de Asturias, Gloria Garc\\u00eda critica la falta de reparaciones en el colegio Maestro Jos\\u00e9 Luis Garc\\u00eda Rodr\\u00edguez de Castrill\\u00f3n\",\"inLanguage\":\"es-ES\",\"isPartOf\":{\"@id\":\"https:\\\/\\\/candas365.es\\\/noticias\\\/#website\"},\"breadcrumb\":{\"@id\":\"https:\\\/\\\/candas365.es\\\/noticias\\\/el-pp-denuncia-el-deterioro-del-colegio-campiello-en-castrillon\\\/#breadcrumblist\"},\"author\":{\"@id\":\"https:\\\/\\\/candas365.es\\\/noticias\\\/author\\\/admin\\\/#author\"},\"creator\":{\"@id\":\"https:\\\/\\\/candas365.es\\\/noticias\\\/author\\\/admin\\\/#author\"},\"image\":{\"@type\":\"ImageObject\",\"url\":\"https:\\\/\\\/candas365.es\\\/noticias\\\/wp-content\\\/uploads\\\/2025\\\/11\\\/El-PP-denuncia-el-deterioro-del-colegio-Campiello-en-Castrillon.jpg\",\"@id\":\"https:\\\/\\\/candas365.es\\\/noticias\\\/el-pp-denuncia-el-deterioro-del-colegio-campiello-en-castrillon\\\/#mainImage\",\"width\":1050,\"height\":732,\"caption\":\"Foto: Prensa PP Asturias\"},\"primaryImageOfPage\":{\"@id\":\"https:\\\/\\\/candas365.es\\\/noticias\\\/el-pp-denuncia-el-deterioro-del-colegio-campiello-en-castrillon\\\/#mainImage\"},\"datePublished\":\"2025-11-12T22:37:26+01:00\",\"dateModified\":\"2025-11-12T22:37:26+01:00\"},{\"@type\":\"WebSite\",\"@id\":\"https:\\\/\\\/candas365.es\\\/noticias\\\/#website\",\"url\":\"https:\\\/\\\/candas365.es\\\/noticias\\\/\",\"name\":\"Cand\\u00e1s 365\",\"alternateName\":\"Cand\\u00e1s 365 Noticias\",\"description\":\"Actualidad desde Carre\\u00f1o para el mundo\",\"inLanguage\":\"es-ES\",\"publisher\":{\"@id\":\"https:\\\/\\\/candas365.es\\\/noticias\\\/#organization\"}}]}\n\t\t<\/script>\n\t\t<!-- All in One SEO Pro -->\r\n\t\t<title>El PP denuncia el deterioro del colegio Campiello en Castrill\u00f3n | Cand\u00e1s 365<\/title>\n\n","aioseo_head_json":{"title":"El PP denuncia el deterioro del colegio Campiello en Castrill\u00f3n | Cand\u00e1s 365","description":"La diputada del PP de Asturias, Gloria Garc\u00eda critica la falta de reparaciones en el colegio Maestro Jos\u00e9 Luis Garc\u00eda Rodr\u00edguez de Castrill\u00f3n","canonical_url":"https:\/\/candas365.es\/noticias\/el-pp-denuncia-el-deterioro-del-colegio-campiello-en-castrillon\/","robots":"max-image-preview:large","keywords":"asturias","webmasterTools":{"google-site-verification":"UA-32230408-1","msvalidate.01":"354F3CDFB2DA171B47FBE9ABF1F88D5","miscellaneous":""},"schema":{"@context":"https:\/\/schema.org","@graph":[{"@type":"BreadcrumbList","@id":"https:\/\/candas365.es\/noticias\/el-pp-denuncia-el-deterioro-del-colegio-campiello-en-castrillon\/#breadcrumblist","itemListElement":[{"@type":"ListItem","@id":"https:\/\/candas365.es\/noticias#listItem","position":1,"name":"Home","item":"https:\/\/candas365.es\/noticias","nextItem":{"@type":"ListItem","@id":"https:\/\/candas365.es\/noticias\/category\/asturias\/#listItem","name":"Asturias"}},{"@type":"ListItem","@id":"https:\/\/candas365.es\/noticias\/category\/asturias\/#listItem","position":2,"name":"Asturias","item":"https:\/\/candas365.es\/noticias\/category\/asturias\/","nextItem":{"@type":"ListItem","@id":"https:\/\/candas365.es\/noticias\/el-pp-denuncia-el-deterioro-del-colegio-campiello-en-castrillon\/#listItem","name":"El PP denuncia el deterioro del colegio Campiello en Castrill\u00f3n"},"previousItem":{"@type":"ListItem","@id":"https:\/\/candas365.es\/noticias#listItem","name":"Home"}},{"@type":"ListItem","@id":"https:\/\/candas365.es\/noticias\/el-pp-denuncia-el-deterioro-del-colegio-campiello-en-castrillon\/#listItem","position":3,"name":"El PP denuncia el deterioro del colegio Campiello en Castrill\u00f3n","previousItem":{"@type":"ListItem","@id":"https:\/\/candas365.es\/noticias\/category\/asturias\/#listItem","name":"Asturias"}}]},{"@type":"NewsArticle","@id":"https:\/\/candas365.es\/noticias\/el-pp-denuncia-el-deterioro-del-colegio-campiello-en-castrillon\/#newsarticle","name":"El PP denuncia el deterioro del colegio Campiello en Castrill\u00f3n | Cand\u00e1s 365","headline":"El PP denuncia el deterioro del colegio Campiello en Castrill\u00f3n","author":{"@id":"https:\/\/candas365.es\/noticias\/author\/admin\/#author"},"publisher":{"@id":"https:\/\/candas365.es\/noticias\/#organization"},"image":{"@type":"ImageObject","url":"https:\/\/candas365.es\/noticias\/wp-content\/uploads\/2025\/11\/El-PP-denuncia-el-deterioro-del-colegio-Campiello-en-Castrillon.jpg","width":1050,"height":732,"caption":"Foto: Prensa PP Asturias"},"datePublished":"2025-11-12T22:37:26+01:00","dateModified":"2025-11-12T22:37:26+01:00","inLanguage":"es-ES","mainEntityOfPage":{"@id":"https:\/\/candas365.es\/noticias\/el-pp-denuncia-el-deterioro-del-colegio-campiello-en-castrillon\/#webpage"},"isPartOf":{"@id":"https:\/\/candas365.es\/noticias\/el-pp-denuncia-el-deterioro-del-colegio-campiello-en-castrillon\/#webpage"},"articleSection":"Asturias, Asturias, pol\u00edtica, PP","dateline":"Publicado el noviembre 12, 2025."},{"@type":"Organization","@id":"https:\/\/candas365.es\/noticias\/#organization","name":"Cand\u00e1s 365","description":"Cand\u00e1s 365 es un diario digital independiente, fundado en 2012, con base en Asturias. Informamos con rigor sobre actualidad, sociedad, cultura y ocio, con una mirada local y global.","url":"https:\/\/candas365.es\/noticias\/","email":"info@candas365.es","telephone":"+34652131393","foundingDate":"2012-06-10","logo":{"@type":"ImageObject","url":"https:\/\/candas365.es\/noticias\/wp-content\/uploads\/2024\/09\/Candas-365-Redes.jpg","@id":"https:\/\/candas365.es\/noticias\/el-pp-denuncia-el-deterioro-del-colegio-campiello-en-castrillon\/#organizationLogo","width":1152,"height":864,"caption":"Cand\u00e1s 365 Redes"},"image":{"@id":"https:\/\/candas365.es\/noticias\/el-pp-denuncia-el-deterioro-del-colegio-campiello-en-castrillon\/#organizationLogo"},"sameAs":["https:\/\/www.facebook.com\/Nachofdezber","https:\/\/x.com\/NabercoDigital","https:\/\/www.instagram.com\/nachofdezber\/","https:\/\/www.youtube.com\/channel\/UCZP-2wLEB9Rv6erhFmqVnvg"],"address":{"@id":"https:\/\/candas365.es\/noticias\/#postaladdress","@type":"PostalAddress","streetAddress":"san antonio 4, san antonio 4","postalCode":"33430","addressLocality":"Cand\u00e1s","addressRegion":"Asturias","addressCountry":"ES"}},{"@type":"Person","@id":"https:\/\/candas365.es\/noticias\/author\/admin\/#author","url":"https:\/\/candas365.es\/noticias\/author\/admin\/","name":"Cand\u00e1s 365","image":{"@type":"ImageObject","@id":"https:\/\/candas365.es\/noticias\/el-pp-denuncia-el-deterioro-del-colegio-campiello-en-castrillon\/#authorImage","url":"https:\/\/secure.gravatar.com\/avatar\/496a8e03d0c493ede1718b7934145dbdf8d89be1036b0eec9544e1094c9de390?s=96&d=mm&r=g","width":96,"height":96,"caption":"Cand\u00e1s 365"},"sameAs":["https:\/\/www.facebook.com\/carrenoactualidad","https:\/\/twitter.com\/nbasturias","https:\/\/www.instagram.com\/nachofdezber\/","https:\/\/www.youtube.com\/channel\/UCZP-2wLEB9Rv6erhFmqVnvg"]},{"@type":"WebPage","@id":"https:\/\/candas365.es\/noticias\/el-pp-denuncia-el-deterioro-del-colegio-campiello-en-castrillon\/#webpage","url":"https:\/\/candas365.es\/noticias\/el-pp-denuncia-el-deterioro-del-colegio-campiello-en-castrillon\/","name":"El PP denuncia el deterioro del colegio Campiello en Castrill\u00f3n | Cand\u00e1s 365","description":"La diputada del PP de Asturias, Gloria Garc\u00eda critica la falta de reparaciones en el colegio Maestro Jos\u00e9 Luis Garc\u00eda Rodr\u00edguez de Castrill\u00f3n","inLanguage":"es-ES","isPartOf":{"@id":"https:\/\/candas365.es\/noticias\/#website"},"breadcrumb":{"@id":"https:\/\/candas365.es\/noticias\/el-pp-denuncia-el-deterioro-del-colegio-campiello-en-castrillon\/#breadcrumblist"},"author":{"@id":"https:\/\/candas365.es\/noticias\/author\/admin\/#author"},"creator":{"@id":"https:\/\/candas365.es\/noticias\/author\/admin\/#author"},"image":{"@type":"ImageObject","url":"https:\/\/candas365.es\/noticias\/wp-content\/uploads\/2025\/11\/El-PP-denuncia-el-deterioro-del-colegio-Campiello-en-Castrillon.jpg","@id":"https:\/\/candas365.es\/noticias\/el-pp-denuncia-el-deterioro-del-colegio-campiello-en-castrillon\/#mainImage","width":1050,"height":732,"caption":"Foto: Prensa PP Asturias"},"primaryImageOfPage":{"@id":"https:\/\/candas365.es\/noticias\/el-pp-denuncia-el-deterioro-del-colegio-campiello-en-castrillon\/#mainImage"},"datePublished":"2025-11-12T22:37:26+01:00","dateModified":"2025-11-12T22:37:26+01:00"},{"@type":"WebSite","@id":"https:\/\/candas365.es\/noticias\/#website","url":"https:\/\/candas365.es\/noticias\/","name":"Cand\u00e1s 365","alternateName":"Cand\u00e1s 365 Noticias","description":"Actualidad desde Carre\u00f1o para el mundo","inLanguage":"es-ES","publisher":{"@id":"https:\/\/candas365.es\/noticias\/#organization"}}]},"og:locale":"es_ES","og:site_name":"Cand\u00e1s 365","og:type":"article","og:title":"El PP denuncia el deterioro del colegio Campiello en Castrill\u00f3n | Cand\u00e1s 365","og:description":"La diputada del PP de Asturias, Gloria Garc\u00eda critica la falta de reparaciones en el colegio Maestro Jos\u00e9 Luis Garc\u00eda Rodr\u00edguez de Castrill\u00f3n","og:url":"https:\/\/candas365.es\/noticias\/el-pp-denuncia-el-deterioro-del-colegio-campiello-en-castrillon\/","og:image":"https:\/\/candas365.es\/noticias\/wp-content\/uploads\/2025\/11\/El-PP-denuncia-el-deterioro-del-colegio-Campiello-en-Castrillon.jpg","og:image:secure_url":"https:\/\/candas365.es\/noticias\/wp-content\/uploads\/2025\/11\/El-PP-denuncia-el-deterioro-del-colegio-Campiello-en-Castrillon.jpg","og:image:width":1050,"og:image:height":732,"article:published_time":"2025-11-12T21:37:26+00:00","article:modified_time":"2025-11-12T21:37:26+00:00","article:publisher":"https:\/\/www.facebook.com\/Nachofdezber","article:author":"https:\/\/www.facebook.com\/carrenoactualidad","twitter:card":"summary_large_image","twitter:site":"@NabercoDigital","twitter:title":"El PP denuncia el deterioro del colegio Campiello en Castrill\u00f3n | Cand\u00e1s 365","twitter:description":"La diputada del PP de Asturias, Gloria Garc\u00eda critica la falta de reparaciones en el colegio Maestro Jos\u00e9 Luis Garc\u00eda Rodr\u00edguez de Castrill\u00f3n","twitter:creator":"@nbasturias","twitter:image":"https:\/\/candas365.es\/noticias\/wp-content\/uploads\/2025\/11\/El-PP-denuncia-el-deterioro-del-colegio-Campiello-en-Castrillon.jpg","twitter:label1":"Escrito por","twitter:data1":"Cand\u00e1s 365","twitter:label2":"Tiempo de lectura estimado","twitter:data2":"2 minutos"},"aioseo_meta_data":{"post_id":"190089","title":null,"description":"La diputada del PP de Asturias, Gloria Garc\u00eda critica la falta de reparaciones en el colegio Maestro Jos\u00e9 Luis Garc\u00eda Rodr\u00edguez de Castrill\u00f3n","keywords":null,"keyphrases":{"focus":{"keyphrase":"PP","score":91,"analysis":{"keyphraseInTitle":{"score":9,"maxScore":9,"error":0},"keyphraseInDescription":{"score":9,"maxScore":9,"error":0},"keyphraseLength":{"score":9,"maxScore":9,"error":0,"length":1},"keyphraseInURL":{"score":5,"maxScore":5,"error":0},"keyphraseInIntroduction":{"score":9,"maxScore":9,"error":0},"keyphraseInSubHeadings":{"score":3,"maxScore":9,"error":1},"keyphraseInImageAlt":{"score":9,"maxScore":9,"error":0},"keywordDensity":{"type":"best","score":9,"maxScore":9,"error":0}}},"additional":[{"keyphrase":"Castrill\u00f3n","score":100,"analysis":{"keyphraseInDescription":{"score":9,"maxScore":9,"error":0},"keyphraseLength":{"score":9,"maxScore":9,"error":0,"length":2},"keyphraseInIntroduction":{"score":9,"maxScore":9,"error":0},"keyphraseInImageAlt":{"score":9,"maxScore":9,"error":0},"keywordDensity":{"type":"best","score":9,"maxScore":9,"error":0}}},{"keyphrase":"PP","score":100,"analysis":{"keyphraseInDescription":{"score":9,"maxScore":9,"error":0},"keyphraseLength":{"score":9,"maxScore":9,"error":0,"length":1},"keyphraseInIntroduction":{"score":9,"maxScore":9,"error":0},"keyphraseInImageAlt":{"score":9,"maxScore":9,"error":0},"keywordDensity":{"type":"best","score":9,"maxScore":9,"error":0}}}]},"primary_term":null,"canonical_url":null,"og_title":null,"og_description":null,"og_object_type":"default","og_image_type":"default","og_image_url":null,"og_image_width":null,"og_image_height":null,"og_image_custom_url":null,"og_image_custom_fields":null,"og_video":"","og_custom_url":null,"og_article_section":null,"og_article_tags":null,"twitter_use_og":false,"twitter_card":"default","twitter_image_type":"default","twitter_image_url":null,"twitter_image_custom_url":null,"twitter_image_custom_fields":null,"twitter_title":null,"twitter_description":null,"schema":{"blockGraphs":[],"customGraphs":[],"default":{"data":{"Article":[],"Course":[],"Dataset":[],"FAQPage":[],"Movie":[],"Person":[],"Product":[],"ProductReview":[],"Car":[],"Recipe":[],"Service":[],"SoftwareApplication":[],"WebPage":[]},"graphName":"Article","isEnabled":true},"graphs":[]},"schema_type":"default","schema_type_options":null,"pillar_content":false,"robots_default":true,"robots_noindex":false,"robots_noarchive":false,"robots_nosnippet":false,"robots_nofollow":false,"robots_noimageindex":false,"robots_noodp":false,"robots_notranslate":false,"robots_max_snippet":"-1","robots_max_videopreview":"-1","robots_max_imagepreview":"large","priority":null,"frequency":"default","location":null,"local_seo":null,"seo_analyzer_scan_date":"2025-11-12 21:37:40","breadcrumb_settings":null,"limit_modified_date":false,"reviewed_by":null,"open_ai":null,"ai":{"faqs":[],"keyPoints":[],"titles":[],"descriptions":[],"socialPosts":{"email":[],"linkedin":[],"twitter":[],"facebook":[],"instagram":[]}},"created":"2025-11-12 21:29:52","updated":"2025-11-12 21:47:10"},"aioseo_breadcrumb":"<div class=\"aioseo-breadcrumbs\"><span class=\"aioseo-breadcrumb\">\n\t<a href=\"https:\/\/candas365.es\/noticias\" title=\"Home\">Home<\/a>\n<\/span><span class=\"aioseo-breadcrumb-separator\">&ndash;<\/span><span class=\"aioseo-breadcrumb\">\n\t<a href=\"https:\/\/candas365.es\/noticias\/category\/asturias\/\" title=\"Asturias\">Asturias<\/a>\n<\/span><span class=\"aioseo-breadcrumb-separator\">&ndash;<\/span><span class=\"aioseo-breadcrumb\">\n\tEl PP denuncia el deterioro del colegio Campiello en Castrill\u00f3n\n<\/span><\/div>","aioseo_breadcrumb_json":[{"label":"Home","link":"https:\/\/candas365.es\/noticias"},{"label":"Asturias","link":"https:\/\/candas365.es\/noticias\/category\/asturias\/"},{"label":"El PP denuncia el deterioro del colegio Campiello en Castrill\u00f3n","link":"https:\/\/candas365.es\/noticias\/el-pp-denuncia-el-deterioro-del-colegio-campiello-en-castrillon\/"}],"_links":{"self":[{"href":"https:\/\/candas365.es\/noticias\/wp-json\/wp\/v2\/posts\/190089","targetHints":{"allow":["GET"]}}],"collection":[{"href":"https:\/\/candas365.es\/noticias\/wp-json\/wp\/v2\/posts"}],"about":[{"href":"https:\/\/candas365.es\/noticias\/wp-json\/wp\/v2\/types\/post"}],"author":[{"embeddable":true,"href":"https:\/\/candas365.es\/noticias\/wp-json\/wp\/v2\/users\/1"}],"replies":[{"embeddable":true,"href":"https:\/\/candas365.es\/noticias\/wp-json\/wp\/v2\/comments?post=190089"}],"version-history":[{"count":0,"href":"https:\/\/candas365.es\/noticias\/wp-json\/wp\/v2\/posts\/190089\/revisions"}],"wp:featuredmedia":[{"embeddable":true,"href":"https:\/\/candas365.es\/noticias\/wp-json\/wp\/v2\/media\/190090"}],"wp:attachment":[{"href":"https:\/\/candas365.es\/noticias\/wp-json\/wp\/v2\/media?parent=190089"}],"wp:term":[{"taxonomy":"category","embeddable":true,"href":"https:\/\/candas365.es\/noticias\/wp-json\/wp\/v2\/categories?post=190089"},{"taxonomy":"post_tag","embeddable":true,"href":"https:\/\/candas365.es\/noticias\/wp-json\/wp\/v2\/tags?post=190089"}],"curies":[{"name":"wp","href":"https:\/\/api.w.org\/{rel}","templated":true}]}}