{"id":190080,"date":"2025-11-12T21:52:10","date_gmt":"2025-11-12T20:52:10","guid":{"rendered":"https:\/\/candas365.es\/noticias\/?p=190080"},"modified":"2025-11-12T21:52:10","modified_gmt":"2025-11-12T20:52:10","slug":"el-principado-pide-a-gijon-ceder-suelo-para-300-viviendas-publicas","status":"publish","type":"post","link":"https:\/\/candas365.es\/noticias\/el-principado-pide-a-gijon-ceder-suelo-para-300-viviendas-publicas\/","title":{"rendered":"El Principado pide a Gij\u00f3n ceder suelo para 300 viviendas p\u00fablicas"},"content":{"rendered":"<p>El <a href=\"https:\/\/actualidad.asturias.es\/\" target=\"_blank\" rel=\"noopener\"><span style=\"color: #ff6600;\"><strong>Gobierno del Principado<\/strong><\/span><\/a> de Asturias insta al Ayuntamiento de <span style=\"color: #ff6600;\"><a style=\"color: #ff6600;\" href=\"https:\/\/eldigitaldeasturias.com\/radio\/category\/concejos-asturias\/\" target=\"_blank\" rel=\"noopener\"><strong>Gij\u00f3n<\/strong><\/a><\/span> a ceder suelo para construir 300 viviendas p\u00fablicas en r\u00e9gimen de alquiler asequible y detalla las zonas con mayor necesidad residencial.<\/p>\n<figure id=\"attachment_190081\" aria-describedby=\"caption-attachment-190081\" style=\"width: 650px\" class=\"wp-caption aligncenter\"><img fetchpriority=\"high\" decoding=\"async\" class=\"size-large wp-image-190081\" src=\"https:\/\/candas365.es\/noticias\/wp-content\/uploads\/2025\/11\/l-Principado-pide-a-Gijon-ceder-suelo-para-300-viviendas-publicas-650x471.jpg\" alt=\"El Principado pide a Gij\u00f3n ceder suelo para 300 viviendas p\u00fablicas\" width=\"650\" height=\"471\" srcset=\"https:\/\/candas365.es\/noticias\/wp-content\/uploads\/2025\/11\/l-Principado-pide-a-Gijon-ceder-suelo-para-300-viviendas-publicas-650x471.jpg 650w, https:\/\/candas365.es\/noticias\/wp-content\/uploads\/2025\/11\/l-Principado-pide-a-Gijon-ceder-suelo-para-300-viviendas-publicas-360x261.jpg 360w, https:\/\/candas365.es\/noticias\/wp-content\/uploads\/2025\/11\/l-Principado-pide-a-Gijon-ceder-suelo-para-300-viviendas-publicas-768x557.jpg 768w, https:\/\/candas365.es\/noticias\/wp-content\/uploads\/2025\/11\/l-Principado-pide-a-Gijon-ceder-suelo-para-300-viviendas-publicas-150x109.jpg 150w, https:\/\/candas365.es\/noticias\/wp-content\/uploads\/2025\/11\/l-Principado-pide-a-Gijon-ceder-suelo-para-300-viviendas-publicas-450x326.jpg 450w, https:\/\/candas365.es\/noticias\/wp-content\/uploads\/2025\/11\/l-Principado-pide-a-Gijon-ceder-suelo-para-300-viviendas-publicas.jpg 921w\" sizes=\"(max-width: 650px) 100vw, 650px\" \/><figcaption id=\"caption-attachment-190081\" class=\"wp-caption-text\">Foto: Prensa Principado<\/figcaption><\/figure>\n<p>El consejero de Ordenaci\u00f3n del Territorio, Urbanismo, Vivienda y Derechos Ciudadanos, Ovidio Zapico, ha instado al Ayuntamiento de Gij\u00f3n a ceder suelo al Principado para la construcci\u00f3n de 300 viviendas p\u00fablicas destinadas al alquiler asequible. En ese sentido, ha asegurado que ni la financiaci\u00f3n ni la gesti\u00f3n representan obst\u00e1culo alguno para el Gobierno de Asturias en estos momentos: \u201cEstamos en disposici\u00f3n de iniciar la construcci\u00f3n de esas 300 viviendas p\u00fablicas\u201d.<\/p>\n<p>Zapico ha instado a la Administraci\u00f3n local a ofrecer la misma colaboraci\u00f3n institucional que se practica en otros concejos como Oviedo, \u201cdonde un gobierno de derechas ha cedido varias parcelas en Las Campas para construir 305 pisos\u201d.<\/p>\n<h2>Informe sobre el suelo edificable en Gij\u00f3n<\/h2>\n<p>Durante la presentaci\u00f3n del <a href=\"https:\/\/candas365.es\/noticias\/category\/asturias\/\"><strong><span style=\"color: #ff6600;\">informe t\u00e9cnico Suelo y vivienda en Gij\u00f3n<\/span><\/strong><\/a> y opciones de intervenci\u00f3n urban\u00edstica, el consejero ha se\u00f1alado que el acceso a un hogar digno sigue siendo uno de los principales problemas para la ciudadan\u00eda en Asturias. En este contexto, ha puesto en valor iniciativas como la promoci\u00f3n de 250 viviendas en el antiguo solar de Peritos de Gij\u00f3n\/Xix\u00f3n o el programa Alquil\u00e1moste, cuya resoluci\u00f3n se firmar\u00e1 y se publicar\u00e1 en el Bolet\u00edn Oficial del Principado (Bopa) el d\u00eda 20.<\/p>\n<p>El titular de Vivienda, que ha estado acompa\u00f1ado en la presentaci\u00f3n por la directora general de Urbanismo, Laura L\u00f3pez, ha advertido de que, si la cesi\u00f3n de suelo por parte del Ayuntamiento de Gij\u00f3n se retrasa, su departamento est\u00e1 dispuesto a estudiar los mecanismos oportunos para poner en marcha la iniciativa. \u201cEs un empe\u00f1o pol\u00edtico, no queremos que la ciudadan\u00eda de Gij\u00f3n sea menos que la de Oviedo\u201d, ha subrayado.<\/p>\n<p>Por su parte, Laura L\u00f3pez ha explicado que el estudio elaborado por el Instituto de Recursos Naturales y Ordenaci\u00f3n del Territorio (Indurot) analiza la capacidad real de suelo edificable en Gij\u00f3n, gran parte del cual requiere procesos de transformaci\u00f3n urban\u00edstica. El documento tambi\u00e9n identifica las zonas que podr\u00edan densificarse, aquellas donde convendr\u00eda crear espacios verdes y las \u00e1reas con mayor vulnerabilidad residencial.<\/p>\n<p>Seg\u00fan el informe, barrios del sur como Santa B\u00e1rbara, Contrueces, Ceares y El Llano presentan los mayores problemas de acceso a la vivienda, mientras que La Calzada, Cimadevilla y La Arena registran vulnerabilidades menores, vinculadas a fen\u00f3menos de gentrificaci\u00f3n y turistificaci\u00f3n.<\/p>\n<p>L\u00f3pez ha detallado varias \u00e1reas en las que podr\u00edan desarrollarse nuevas actuaciones urban\u00edsticas, entre las que ha citado El Natahoyo, con dos proyectos que permitir\u00edan crear cerca de 350 pisos, en coordinaci\u00f3n con el desarrollo de Naval Gij\u00f3n. Tambi\u00e9n se ha referido a una parcela municipal junto a la estaci\u00f3n de tren, con capacidad para 262 viviendas; a un solar en el sur de la ciudad, pr\u00f3ximo al futuro hospital Quir\u00f3n, apto para levantar otras 159, y un terreno en Nuevo Gij\u00f3n Oeste, donde podr\u00edan edificarse alrededor de 606 pisos.<\/p>\n<h2>Valoraci\u00f3n del Plan Llave y de la vivienda protegida<\/h2>\n<p>Por otra parte, Zapico ha cuestionado la forma en que el Ayuntamiento de Gij\u00f3n ha gestionado el Plan Llave y ha lamentado que el Principado no fuera informado ni consultado sobre la iniciativa, de la que tuvo conocimiento a trav\u00e9s de los medios de comunicaci\u00f3n.<\/p>\n<p>Tambi\u00e9n ha censurado la propuesta del equipo de gobierno municipal de redirigir fondos destinados a ayudas al alquiler para destinarlos a constructoras, una medida que, a su juicio, \u201cno tiene sentido\u201d y que supondr\u00eda restar recursos a las familias que m\u00e1s lo necesitan. \u201cMientras sea consejero de Vivienda, no participar\u00e9 en ninguna iniciativa que fomente la especulaci\u00f3n o la usura a costa de los trabajadores\u201d, ha sentenciado.<\/p>\n<p>Respecto a la revisi\u00f3n del precio del m\u00f3dulo de la vivienda protegida, el consejero ha explicado que este asunto se est\u00e1 negociando en el marco de la concertaci\u00f3n social y ha matizado que, de acordarse una subida, ser\u00e1 inferior al alza de los salarios desde 2023, estar\u00e1 condicionada a la construcci\u00f3n de un determinado n\u00famero de viviendas protegidas y entrar\u00e1 en vigor el mismo d\u00eda que la Ley de Vivienda auton\u00f3mica.<\/p>\n<p>Adem\u00e1s, ha agregado que la posible subida no alcanzar\u00e1 las cifras que inicialmente reclamaban las constructoras, que propon\u00edan elevarla a unos 3.000 euros por metro cuadrado, un valor equiparable al de la vivienda libre de lujo.<\/p>\n","protected":false},"excerpt":{"rendered":"<p>El Gobierno del Principado de Asturias insta al Ayuntamiento de Gij\u00f3n a ceder suelo para construir 300 viviendas p\u00fablicas en r\u00e9gimen de alquiler asequible y detalla las zonas con mayor necesidad residencial. El consejero de Ordenaci\u00f3n del Territorio, Urbanismo, Vivienda y Derechos Ciudadanos, Ovidio Zapico, ha instado al Ayuntamiento de Gij\u00f3n a ceder suelo al<\/p>\n","protected":false},"author":1,"featured_media":190081,"comment_status":"closed","ping_status":"closed","sticky":false,"template":"","format":"standard","meta":{"footnotes":""},"categories":[7],"tags":[380,512],"class_list":{"0":"post-190080","1":"post","2":"type-post","3":"status-publish","4":"format-standard","5":"has-post-thumbnail","7":"category-asturias","8":"tag-asturias","9":"tag-gijon"},"aioseo_notices":[],"aioseo_head":"\n\t\t<!-- All in One SEO Pro 4.9.6.2 - aioseo.com -->\n\t<meta name=\"description\" content=\"El Gobierno del Principado de Asturias insta al Ayuntamiento de Gij\u00f3n a ceder suelo para construir 300 viviendas p\u00fablicas en r\u00e9gimen de alquiler asequible\" \/>\n\t<meta name=\"robots\" content=\"max-image-preview:large\" \/>\n\t<meta name=\"author\" content=\"Cand\u00e1s 365\"\/>\n\t<meta name=\"google-site-verification\" content=\"UA-32230408-1\" \/>\n\t<meta name=\"msvalidate.01\" content=\"354F3CDFB2DA171B47FBE9ABF1F88D5\" \/>\n\t<meta name=\"keywords\" content=\"asturias\" \/>\n\t<link rel=\"canonical\" href=\"https:\/\/candas365.es\/noticias\/el-principado-pide-a-gijon-ceder-suelo-para-300-viviendas-publicas\/\" \/>\n\t<meta name=\"generator\" content=\"All in One SEO Pro (AIOSEO) 4.9.6.2\" \/>\n\t\t<meta property=\"og:locale\" content=\"es_ES\" \/>\n\t\t<meta property=\"og:site_name\" content=\"Cand\u00e1s 365\" \/>\n\t\t<meta property=\"og:type\" content=\"article\" \/>\n\t\t<meta property=\"og:title\" content=\"El Principado pide a Gij\u00f3n ceder suelo para 300 viviendas p\u00fablicas | Cand\u00e1s 365\" \/>\n\t\t<meta property=\"og:description\" content=\"El Gobierno del Principado de Asturias insta al Ayuntamiento de Gij\u00f3n a ceder suelo para construir 300 viviendas p\u00fablicas en r\u00e9gimen de alquiler asequible\" \/>\n\t\t<meta property=\"og:url\" content=\"https:\/\/candas365.es\/noticias\/el-principado-pide-a-gijon-ceder-suelo-para-300-viviendas-publicas\/\" \/>\n\t\t<meta property=\"og:image\" content=\"https:\/\/candas365.es\/noticias\/wp-content\/uploads\/2025\/11\/l-Principado-pide-a-Gijon-ceder-suelo-para-300-viviendas-publicas.jpg\" \/>\n\t\t<meta property=\"og:image:secure_url\" content=\"https:\/\/candas365.es\/noticias\/wp-content\/uploads\/2025\/11\/l-Principado-pide-a-Gijon-ceder-suelo-para-300-viviendas-publicas.jpg\" \/>\n\t\t<meta property=\"og:image:width\" content=\"921\" \/>\n\t\t<meta property=\"og:image:height\" content=\"668\" \/>\n\t\t<meta property=\"article:published_time\" content=\"2025-11-12T20:52:10+00:00\" \/>\n\t\t<meta property=\"article:modified_time\" content=\"2025-11-12T20:52:10+00:00\" \/>\n\t\t<meta property=\"article:publisher\" content=\"https:\/\/www.facebook.com\/Nachofdezber\" \/>\n\t\t<meta property=\"article:author\" content=\"https:\/\/www.facebook.com\/carrenoactualidad\" \/>\n\t\t<meta name=\"twitter:card\" content=\"summary_large_image\" \/>\n\t\t<meta name=\"twitter:site\" content=\"@NabercoDigital\" \/>\n\t\t<meta name=\"twitter:title\" content=\"El Principado pide a Gij\u00f3n ceder suelo para 300 viviendas p\u00fablicas | Cand\u00e1s 365\" \/>\n\t\t<meta name=\"twitter:description\" content=\"El Gobierno del Principado de Asturias insta al Ayuntamiento de Gij\u00f3n a ceder suelo para construir 300 viviendas p\u00fablicas en r\u00e9gimen de alquiler asequible\" \/>\n\t\t<meta name=\"twitter:creator\" content=\"@nbasturias\" \/>\n\t\t<meta name=\"twitter:image\" content=\"https:\/\/candas365.es\/noticias\/wp-content\/uploads\/2025\/11\/l-Principado-pide-a-Gijon-ceder-suelo-para-300-viviendas-publicas.jpg\" \/>\n\t\t<meta name=\"twitter:label1\" content=\"Escrito por\" \/>\n\t\t<meta name=\"twitter:data1\" content=\"Cand\u00e1s 365\" \/>\n\t\t<meta name=\"twitter:label2\" content=\"Tiempo de lectura estimado\" \/>\n\t\t<meta name=\"twitter:data2\" content=\"4 minutos\" \/>\n\t\t<script type=\"application\/ld+json\" class=\"aioseo-schema\">\n\t\t\t{\"@context\":\"https:\\\/\\\/schema.org\",\"@graph\":[{\"@type\":\"BreadcrumbList\",\"@id\":\"https:\\\/\\\/candas365.es\\\/noticias\\\/el-principado-pide-a-gijon-ceder-suelo-para-300-viviendas-publicas\\\/#breadcrumblist\",\"itemListElement\":[{\"@type\":\"ListItem\",\"@id\":\"https:\\\/\\\/candas365.es\\\/noticias#listItem\",\"position\":1,\"name\":\"Home\",\"item\":\"https:\\\/\\\/candas365.es\\\/noticias\",\"nextItem\":{\"@type\":\"ListItem\",\"@id\":\"https:\\\/\\\/candas365.es\\\/noticias\\\/category\\\/asturias\\\/#listItem\",\"name\":\"Asturias\"}},{\"@type\":\"ListItem\",\"@id\":\"https:\\\/\\\/candas365.es\\\/noticias\\\/category\\\/asturias\\\/#listItem\",\"position\":2,\"name\":\"Asturias\",\"item\":\"https:\\\/\\\/candas365.es\\\/noticias\\\/category\\\/asturias\\\/\",\"nextItem\":{\"@type\":\"ListItem\",\"@id\":\"https:\\\/\\\/candas365.es\\\/noticias\\\/el-principado-pide-a-gijon-ceder-suelo-para-300-viviendas-publicas\\\/#listItem\",\"name\":\"El Principado pide a Gij\\u00f3n ceder suelo para 300 viviendas p\\u00fablicas\"},\"previousItem\":{\"@type\":\"ListItem\",\"@id\":\"https:\\\/\\\/candas365.es\\\/noticias#listItem\",\"name\":\"Home\"}},{\"@type\":\"ListItem\",\"@id\":\"https:\\\/\\\/candas365.es\\\/noticias\\\/el-principado-pide-a-gijon-ceder-suelo-para-300-viviendas-publicas\\\/#listItem\",\"position\":3,\"name\":\"El Principado pide a Gij\\u00f3n ceder suelo para 300 viviendas p\\u00fablicas\",\"previousItem\":{\"@type\":\"ListItem\",\"@id\":\"https:\\\/\\\/candas365.es\\\/noticias\\\/category\\\/asturias\\\/#listItem\",\"name\":\"Asturias\"}}]},{\"@type\":\"NewsArticle\",\"@id\":\"https:\\\/\\\/candas365.es\\\/noticias\\\/el-principado-pide-a-gijon-ceder-suelo-para-300-viviendas-publicas\\\/#newsarticle\",\"name\":\"El Principado pide a Gij\\u00f3n ceder suelo para 300 viviendas p\\u00fablicas | Cand\\u00e1s 365\",\"headline\":\"El Principado pide a Gij\\u00f3n ceder suelo para 300 viviendas p\\u00fablicas\",\"author\":{\"@id\":\"https:\\\/\\\/candas365.es\\\/noticias\\\/author\\\/admin\\\/#author\"},\"publisher\":{\"@id\":\"https:\\\/\\\/candas365.es\\\/noticias\\\/#organization\"},\"image\":{\"@type\":\"ImageObject\",\"url\":\"https:\\\/\\\/candas365.es\\\/noticias\\\/wp-content\\\/uploads\\\/2025\\\/11\\\/l-Principado-pide-a-Gijon-ceder-suelo-para-300-viviendas-publicas.jpg\",\"width\":921,\"height\":668,\"caption\":\"Foto: Prensa Principado\"},\"datePublished\":\"2025-11-12T21:52:10+01:00\",\"dateModified\":\"2025-11-12T21:52:10+01:00\",\"inLanguage\":\"es-ES\",\"mainEntityOfPage\":{\"@id\":\"https:\\\/\\\/candas365.es\\\/noticias\\\/el-principado-pide-a-gijon-ceder-suelo-para-300-viviendas-publicas\\\/#webpage\"},\"isPartOf\":{\"@id\":\"https:\\\/\\\/candas365.es\\\/noticias\\\/el-principado-pide-a-gijon-ceder-suelo-para-300-viviendas-publicas\\\/#webpage\"},\"articleSection\":\"Asturias, Asturias, Gij\\u00f3n\",\"dateline\":\"Publicado el noviembre 12, 2025.\"},{\"@type\":\"Organization\",\"@id\":\"https:\\\/\\\/candas365.es\\\/noticias\\\/#organization\",\"name\":\"Cand\\u00e1s 365\",\"description\":\"Cand\\u00e1s 365 es un diario digital independiente, fundado en 2012, con base en Asturias. Informamos con rigor sobre actualidad, sociedad, cultura y ocio, con una mirada local y global.\",\"url\":\"https:\\\/\\\/candas365.es\\\/noticias\\\/\",\"email\":\"info@candas365.es\",\"telephone\":\"+34652131393\",\"foundingDate\":\"2012-06-10\",\"logo\":{\"@type\":\"ImageObject\",\"url\":\"https:\\\/\\\/candas365.es\\\/noticias\\\/wp-content\\\/uploads\\\/2024\\\/09\\\/Candas-365-Redes.jpg\",\"@id\":\"https:\\\/\\\/candas365.es\\\/noticias\\\/el-principado-pide-a-gijon-ceder-suelo-para-300-viviendas-publicas\\\/#organizationLogo\",\"width\":1152,\"height\":864,\"caption\":\"Cand\\u00e1s 365 Redes\"},\"image\":{\"@id\":\"https:\\\/\\\/candas365.es\\\/noticias\\\/el-principado-pide-a-gijon-ceder-suelo-para-300-viviendas-publicas\\\/#organizationLogo\"},\"sameAs\":[\"https:\\\/\\\/www.facebook.com\\\/Nachofdezber\",\"https:\\\/\\\/x.com\\\/NabercoDigital\",\"https:\\\/\\\/www.instagram.com\\\/nachofdezber\\\/\",\"https:\\\/\\\/www.youtube.com\\\/channel\\\/UCZP-2wLEB9Rv6erhFmqVnvg\"],\"address\":{\"@id\":\"https:\\\/\\\/candas365.es\\\/noticias\\\/#postaladdress\",\"@type\":\"PostalAddress\",\"streetAddress\":\"san antonio 4, san antonio 4\",\"postalCode\":\"33430\",\"addressLocality\":\"Cand\\u00e1s\",\"addressRegion\":\"Asturias\",\"addressCountry\":\"ES\"}},{\"@type\":\"Person\",\"@id\":\"https:\\\/\\\/candas365.es\\\/noticias\\\/author\\\/admin\\\/#author\",\"url\":\"https:\\\/\\\/candas365.es\\\/noticias\\\/author\\\/admin\\\/\",\"name\":\"Cand\\u00e1s 365\",\"image\":{\"@type\":\"ImageObject\",\"@id\":\"https:\\\/\\\/candas365.es\\\/noticias\\\/el-principado-pide-a-gijon-ceder-suelo-para-300-viviendas-publicas\\\/#authorImage\",\"url\":\"https:\\\/\\\/secure.gravatar.com\\\/avatar\\\/496a8e03d0c493ede1718b7934145dbdf8d89be1036b0eec9544e1094c9de390?s=96&d=mm&r=g\",\"width\":96,\"height\":96,\"caption\":\"Cand\\u00e1s 365\"},\"sameAs\":[\"https:\\\/\\\/www.facebook.com\\\/carrenoactualidad\",\"https:\\\/\\\/twitter.com\\\/nbasturias\",\"https:\\\/\\\/www.instagram.com\\\/nachofdezber\\\/\",\"https:\\\/\\\/www.youtube.com\\\/channel\\\/UCZP-2wLEB9Rv6erhFmqVnvg\"]},{\"@type\":\"WebPage\",\"@id\":\"https:\\\/\\\/candas365.es\\\/noticias\\\/el-principado-pide-a-gijon-ceder-suelo-para-300-viviendas-publicas\\\/#webpage\",\"url\":\"https:\\\/\\\/candas365.es\\\/noticias\\\/el-principado-pide-a-gijon-ceder-suelo-para-300-viviendas-publicas\\\/\",\"name\":\"El Principado pide a Gij\\u00f3n ceder suelo para 300 viviendas p\\u00fablicas | Cand\\u00e1s 365\",\"description\":\"El Gobierno del Principado de Asturias insta al Ayuntamiento de Gij\\u00f3n a ceder suelo para construir 300 viviendas p\\u00fablicas en r\\u00e9gimen de alquiler asequible\",\"inLanguage\":\"es-ES\",\"isPartOf\":{\"@id\":\"https:\\\/\\\/candas365.es\\\/noticias\\\/#website\"},\"breadcrumb\":{\"@id\":\"https:\\\/\\\/candas365.es\\\/noticias\\\/el-principado-pide-a-gijon-ceder-suelo-para-300-viviendas-publicas\\\/#breadcrumblist\"},\"author\":{\"@id\":\"https:\\\/\\\/candas365.es\\\/noticias\\\/author\\\/admin\\\/#author\"},\"creator\":{\"@id\":\"https:\\\/\\\/candas365.es\\\/noticias\\\/author\\\/admin\\\/#author\"},\"image\":{\"@type\":\"ImageObject\",\"url\":\"https:\\\/\\\/candas365.es\\\/noticias\\\/wp-content\\\/uploads\\\/2025\\\/11\\\/l-Principado-pide-a-Gijon-ceder-suelo-para-300-viviendas-publicas.jpg\",\"@id\":\"https:\\\/\\\/candas365.es\\\/noticias\\\/el-principado-pide-a-gijon-ceder-suelo-para-300-viviendas-publicas\\\/#mainImage\",\"width\":921,\"height\":668,\"caption\":\"Foto: Prensa Principado\"},\"primaryImageOfPage\":{\"@id\":\"https:\\\/\\\/candas365.es\\\/noticias\\\/el-principado-pide-a-gijon-ceder-suelo-para-300-viviendas-publicas\\\/#mainImage\"},\"datePublished\":\"2025-11-12T21:52:10+01:00\",\"dateModified\":\"2025-11-12T21:52:10+01:00\"},{\"@type\":\"WebSite\",\"@id\":\"https:\\\/\\\/candas365.es\\\/noticias\\\/#website\",\"url\":\"https:\\\/\\\/candas365.es\\\/noticias\\\/\",\"name\":\"Cand\\u00e1s 365\",\"alternateName\":\"Cand\\u00e1s 365 Noticias\",\"description\":\"Actualidad desde Carre\\u00f1o para el mundo\",\"inLanguage\":\"es-ES\",\"publisher\":{\"@id\":\"https:\\\/\\\/candas365.es\\\/noticias\\\/#organization\"}}]}\n\t\t<\/script>\n\t\t<!-- All in One SEO Pro -->\r\n\t\t<title>El Principado pide a Gij\u00f3n ceder suelo para 300 viviendas p\u00fablicas | Cand\u00e1s 365<\/title>\n\n","aioseo_head_json":{"title":"El Principado pide a Gij\u00f3n ceder suelo para 300 viviendas p\u00fablicas | Cand\u00e1s 365","description":"El Gobierno del Principado de Asturias insta al Ayuntamiento de Gij\u00f3n a ceder suelo para construir 300 viviendas p\u00fablicas en r\u00e9gimen de alquiler asequible","canonical_url":"https:\/\/candas365.es\/noticias\/el-principado-pide-a-gijon-ceder-suelo-para-300-viviendas-publicas\/","robots":"max-image-preview:large","keywords":"asturias","webmasterTools":{"google-site-verification":"UA-32230408-1","msvalidate.01":"354F3CDFB2DA171B47FBE9ABF1F88D5","miscellaneous":""},"schema":{"@context":"https:\/\/schema.org","@graph":[{"@type":"BreadcrumbList","@id":"https:\/\/candas365.es\/noticias\/el-principado-pide-a-gijon-ceder-suelo-para-300-viviendas-publicas\/#breadcrumblist","itemListElement":[{"@type":"ListItem","@id":"https:\/\/candas365.es\/noticias#listItem","position":1,"name":"Home","item":"https:\/\/candas365.es\/noticias","nextItem":{"@type":"ListItem","@id":"https:\/\/candas365.es\/noticias\/category\/asturias\/#listItem","name":"Asturias"}},{"@type":"ListItem","@id":"https:\/\/candas365.es\/noticias\/category\/asturias\/#listItem","position":2,"name":"Asturias","item":"https:\/\/candas365.es\/noticias\/category\/asturias\/","nextItem":{"@type":"ListItem","@id":"https:\/\/candas365.es\/noticias\/el-principado-pide-a-gijon-ceder-suelo-para-300-viviendas-publicas\/#listItem","name":"El Principado pide a Gij\u00f3n ceder suelo para 300 viviendas p\u00fablicas"},"previousItem":{"@type":"ListItem","@id":"https:\/\/candas365.es\/noticias#listItem","name":"Home"}},{"@type":"ListItem","@id":"https:\/\/candas365.es\/noticias\/el-principado-pide-a-gijon-ceder-suelo-para-300-viviendas-publicas\/#listItem","position":3,"name":"El Principado pide a Gij\u00f3n ceder suelo para 300 viviendas p\u00fablicas","previousItem":{"@type":"ListItem","@id":"https:\/\/candas365.es\/noticias\/category\/asturias\/#listItem","name":"Asturias"}}]},{"@type":"NewsArticle","@id":"https:\/\/candas365.es\/noticias\/el-principado-pide-a-gijon-ceder-suelo-para-300-viviendas-publicas\/#newsarticle","name":"El Principado pide a Gij\u00f3n ceder suelo para 300 viviendas p\u00fablicas | Cand\u00e1s 365","headline":"El Principado pide a Gij\u00f3n ceder suelo para 300 viviendas p\u00fablicas","author":{"@id":"https:\/\/candas365.es\/noticias\/author\/admin\/#author"},"publisher":{"@id":"https:\/\/candas365.es\/noticias\/#organization"},"image":{"@type":"ImageObject","url":"https:\/\/candas365.es\/noticias\/wp-content\/uploads\/2025\/11\/l-Principado-pide-a-Gijon-ceder-suelo-para-300-viviendas-publicas.jpg","width":921,"height":668,"caption":"Foto: Prensa Principado"},"datePublished":"2025-11-12T21:52:10+01:00","dateModified":"2025-11-12T21:52:10+01:00","inLanguage":"es-ES","mainEntityOfPage":{"@id":"https:\/\/candas365.es\/noticias\/el-principado-pide-a-gijon-ceder-suelo-para-300-viviendas-publicas\/#webpage"},"isPartOf":{"@id":"https:\/\/candas365.es\/noticias\/el-principado-pide-a-gijon-ceder-suelo-para-300-viviendas-publicas\/#webpage"},"articleSection":"Asturias, Asturias, Gij\u00f3n","dateline":"Publicado el noviembre 12, 2025."},{"@type":"Organization","@id":"https:\/\/candas365.es\/noticias\/#organization","name":"Cand\u00e1s 365","description":"Cand\u00e1s 365 es un diario digital independiente, fundado en 2012, con base en Asturias. Informamos con rigor sobre actualidad, sociedad, cultura y ocio, con una mirada local y global.","url":"https:\/\/candas365.es\/noticias\/","email":"info@candas365.es","telephone":"+34652131393","foundingDate":"2012-06-10","logo":{"@type":"ImageObject","url":"https:\/\/candas365.es\/noticias\/wp-content\/uploads\/2024\/09\/Candas-365-Redes.jpg","@id":"https:\/\/candas365.es\/noticias\/el-principado-pide-a-gijon-ceder-suelo-para-300-viviendas-publicas\/#organizationLogo","width":1152,"height":864,"caption":"Cand\u00e1s 365 Redes"},"image":{"@id":"https:\/\/candas365.es\/noticias\/el-principado-pide-a-gijon-ceder-suelo-para-300-viviendas-publicas\/#organizationLogo"},"sameAs":["https:\/\/www.facebook.com\/Nachofdezber","https:\/\/x.com\/NabercoDigital","https:\/\/www.instagram.com\/nachofdezber\/","https:\/\/www.youtube.com\/channel\/UCZP-2wLEB9Rv6erhFmqVnvg"],"address":{"@id":"https:\/\/candas365.es\/noticias\/#postaladdress","@type":"PostalAddress","streetAddress":"san antonio 4, san antonio 4","postalCode":"33430","addressLocality":"Cand\u00e1s","addressRegion":"Asturias","addressCountry":"ES"}},{"@type":"Person","@id":"https:\/\/candas365.es\/noticias\/author\/admin\/#author","url":"https:\/\/candas365.es\/noticias\/author\/admin\/","name":"Cand\u00e1s 365","image":{"@type":"ImageObject","@id":"https:\/\/candas365.es\/noticias\/el-principado-pide-a-gijon-ceder-suelo-para-300-viviendas-publicas\/#authorImage","url":"https:\/\/secure.gravatar.com\/avatar\/496a8e03d0c493ede1718b7934145dbdf8d89be1036b0eec9544e1094c9de390?s=96&d=mm&r=g","width":96,"height":96,"caption":"Cand\u00e1s 365"},"sameAs":["https:\/\/www.facebook.com\/carrenoactualidad","https:\/\/twitter.com\/nbasturias","https:\/\/www.instagram.com\/nachofdezber\/","https:\/\/www.youtube.com\/channel\/UCZP-2wLEB9Rv6erhFmqVnvg"]},{"@type":"WebPage","@id":"https:\/\/candas365.es\/noticias\/el-principado-pide-a-gijon-ceder-suelo-para-300-viviendas-publicas\/#webpage","url":"https:\/\/candas365.es\/noticias\/el-principado-pide-a-gijon-ceder-suelo-para-300-viviendas-publicas\/","name":"El Principado pide a Gij\u00f3n ceder suelo para 300 viviendas p\u00fablicas | Cand\u00e1s 365","description":"El Gobierno del Principado de Asturias insta al Ayuntamiento de Gij\u00f3n a ceder suelo para construir 300 viviendas p\u00fablicas en r\u00e9gimen de alquiler asequible","inLanguage":"es-ES","isPartOf":{"@id":"https:\/\/candas365.es\/noticias\/#website"},"breadcrumb":{"@id":"https:\/\/candas365.es\/noticias\/el-principado-pide-a-gijon-ceder-suelo-para-300-viviendas-publicas\/#breadcrumblist"},"author":{"@id":"https:\/\/candas365.es\/noticias\/author\/admin\/#author"},"creator":{"@id":"https:\/\/candas365.es\/noticias\/author\/admin\/#author"},"image":{"@type":"ImageObject","url":"https:\/\/candas365.es\/noticias\/wp-content\/uploads\/2025\/11\/l-Principado-pide-a-Gijon-ceder-suelo-para-300-viviendas-publicas.jpg","@id":"https:\/\/candas365.es\/noticias\/el-principado-pide-a-gijon-ceder-suelo-para-300-viviendas-publicas\/#mainImage","width":921,"height":668,"caption":"Foto: Prensa Principado"},"primaryImageOfPage":{"@id":"https:\/\/candas365.es\/noticias\/el-principado-pide-a-gijon-ceder-suelo-para-300-viviendas-publicas\/#mainImage"},"datePublished":"2025-11-12T21:52:10+01:00","dateModified":"2025-11-12T21:52:10+01:00"},{"@type":"WebSite","@id":"https:\/\/candas365.es\/noticias\/#website","url":"https:\/\/candas365.es\/noticias\/","name":"Cand\u00e1s 365","alternateName":"Cand\u00e1s 365 Noticias","description":"Actualidad desde Carre\u00f1o para el mundo","inLanguage":"es-ES","publisher":{"@id":"https:\/\/candas365.es\/noticias\/#organization"}}]},"og:locale":"es_ES","og:site_name":"Cand\u00e1s 365","og:type":"article","og:title":"El Principado pide a Gij\u00f3n ceder suelo para 300 viviendas p\u00fablicas | Cand\u00e1s 365","og:description":"El Gobierno del Principado de Asturias insta al Ayuntamiento de Gij\u00f3n a ceder suelo para construir 300 viviendas p\u00fablicas en r\u00e9gimen de alquiler asequible","og:url":"https:\/\/candas365.es\/noticias\/el-principado-pide-a-gijon-ceder-suelo-para-300-viviendas-publicas\/","og:image":"https:\/\/candas365.es\/noticias\/wp-content\/uploads\/2025\/11\/l-Principado-pide-a-Gijon-ceder-suelo-para-300-viviendas-publicas.jpg","og:image:secure_url":"https:\/\/candas365.es\/noticias\/wp-content\/uploads\/2025\/11\/l-Principado-pide-a-Gijon-ceder-suelo-para-300-viviendas-publicas.jpg","og:image:width":921,"og:image:height":668,"article:published_time":"2025-11-12T20:52:10+00:00","article:modified_time":"2025-11-12T20:52:10+00:00","article:publisher":"https:\/\/www.facebook.com\/Nachofdezber","article:author":"https:\/\/www.facebook.com\/carrenoactualidad","twitter:card":"summary_large_image","twitter:site":"@NabercoDigital","twitter:title":"El Principado pide a Gij\u00f3n ceder suelo para 300 viviendas p\u00fablicas | Cand\u00e1s 365","twitter:description":"El Gobierno del Principado de Asturias insta al Ayuntamiento de Gij\u00f3n a ceder suelo para construir 300 viviendas p\u00fablicas en r\u00e9gimen de alquiler asequible","twitter:creator":"@nbasturias","twitter:image":"https:\/\/candas365.es\/noticias\/wp-content\/uploads\/2025\/11\/l-Principado-pide-a-Gijon-ceder-suelo-para-300-viviendas-publicas.jpg","twitter:label1":"Escrito por","twitter:data1":"Cand\u00e1s 365","twitter:label2":"Tiempo de lectura estimado","twitter:data2":"4 minutos"},"aioseo_meta_data":{"post_id":"190080","title":null,"description":"El Gobierno del Principado de Asturias insta al Ayuntamiento de Gij\u00f3n a ceder suelo para construir 300 viviendas p\u00fablicas en r\u00e9gimen de alquiler asequible","keywords":null,"keyphrases":{"focus":{"keyphrase":"Principado","score":91,"analysis":{"keyphraseInTitle":{"score":9,"maxScore":9,"error":0},"keyphraseInDescription":{"score":9,"maxScore":9,"error":0},"keyphraseLength":{"score":9,"maxScore":9,"error":0,"length":1},"keyphraseInURL":{"score":5,"maxScore":5,"error":0},"keyphraseInIntroduction":{"score":9,"maxScore":9,"error":0},"keyphraseInSubHeadings":{"score":3,"maxScore":9,"error":1},"keyphraseInImageAlt":{"score":9,"maxScore":9,"error":0},"keywordDensity":{"type":"best","score":9,"maxScore":9,"error":0}}},"additional":[{"keyphrase":"Gij\u00f3n","score":100,"analysis":{"keyphraseInDescription":{"score":9,"maxScore":9,"error":0},"keyphraseLength":{"score":9,"maxScore":9,"error":0,"length":2},"keyphraseInIntroduction":{"score":9,"maxScore":9,"error":0},"keyphraseInImageAlt":{"score":9,"maxScore":9,"error":0},"keywordDensity":{"type":"best","score":9,"maxScore":9,"error":0}}}]},"primary_term":null,"canonical_url":null,"og_title":null,"og_description":null,"og_object_type":"default","og_image_type":"default","og_image_url":null,"og_image_width":null,"og_image_height":null,"og_image_custom_url":null,"og_image_custom_fields":null,"og_video":"","og_custom_url":null,"og_article_section":null,"og_article_tags":null,"twitter_use_og":false,"twitter_card":"default","twitter_image_type":"default","twitter_image_url":null,"twitter_image_custom_url":null,"twitter_image_custom_fields":null,"twitter_title":null,"twitter_description":null,"schema":{"blockGraphs":[],"customGraphs":[],"default":{"data":{"Article":[],"Course":[],"Dataset":[],"FAQPage":[],"Movie":[],"Person":[],"Product":[],"ProductReview":[],"Car":[],"Recipe":[],"Service":[],"SoftwareApplication":[],"WebPage":[]},"graphName":"Article","isEnabled":true},"graphs":[]},"schema_type":"default","schema_type_options":null,"pillar_content":false,"robots_default":true,"robots_noindex":false,"robots_noarchive":false,"robots_nosnippet":false,"robots_nofollow":false,"robots_noimageindex":false,"robots_noodp":false,"robots_notranslate":false,"robots_max_snippet":"-1","robots_max_videopreview":"-1","robots_max_imagepreview":"large","priority":null,"frequency":"default","location":null,"local_seo":null,"seo_analyzer_scan_date":"2025-11-12 21:00:30","breadcrumb_settings":null,"limit_modified_date":false,"reviewed_by":null,"open_ai":null,"ai":{"faqs":[],"keyPoints":[],"titles":[],"descriptions":[],"socialPosts":{"email":[],"linkedin":[],"twitter":[],"facebook":[],"instagram":[]}},"created":"2025-11-12 20:36:31","updated":"2025-11-12 21:00:30"},"aioseo_breadcrumb":"<div class=\"aioseo-breadcrumbs\"><span class=\"aioseo-breadcrumb\">\n\t<a href=\"https:\/\/candas365.es\/noticias\" title=\"Home\">Home<\/a>\n<\/span><span class=\"aioseo-breadcrumb-separator\">&ndash;<\/span><span class=\"aioseo-breadcrumb\">\n\t<a href=\"https:\/\/candas365.es\/noticias\/category\/asturias\/\" title=\"Asturias\">Asturias<\/a>\n<\/span><span class=\"aioseo-breadcrumb-separator\">&ndash;<\/span><span class=\"aioseo-breadcrumb\">\n\tEl Principado pide a Gij\u00f3n ceder suelo para 300 viviendas p\u00fablicas\n<\/span><\/div>","aioseo_breadcrumb_json":[{"label":"Home","link":"https:\/\/candas365.es\/noticias"},{"label":"Asturias","link":"https:\/\/candas365.es\/noticias\/category\/asturias\/"},{"label":"El Principado pide a Gij\u00f3n ceder suelo para 300 viviendas p\u00fablicas","link":"https:\/\/candas365.es\/noticias\/el-principado-pide-a-gijon-ceder-suelo-para-300-viviendas-publicas\/"}],"_links":{"self":[{"href":"https:\/\/candas365.es\/noticias\/wp-json\/wp\/v2\/posts\/190080","targetHints":{"allow":["GET"]}}],"collection":[{"href":"https:\/\/candas365.es\/noticias\/wp-json\/wp\/v2\/posts"}],"about":[{"href":"https:\/\/candas365.es\/noticias\/wp-json\/wp\/v2\/types\/post"}],"author":[{"embeddable":true,"href":"https:\/\/candas365.es\/noticias\/wp-json\/wp\/v2\/users\/1"}],"replies":[{"embeddable":true,"href":"https:\/\/candas365.es\/noticias\/wp-json\/wp\/v2\/comments?post=190080"}],"version-history":[{"count":0,"href":"https:\/\/candas365.es\/noticias\/wp-json\/wp\/v2\/posts\/190080\/revisions"}],"wp:featuredmedia":[{"embeddable":true,"href":"https:\/\/candas365.es\/noticias\/wp-json\/wp\/v2\/media\/190081"}],"wp:attachment":[{"href":"https:\/\/candas365.es\/noticias\/wp-json\/wp\/v2\/media?parent=190080"}],"wp:term":[{"taxonomy":"category","embeddable":true,"href":"https:\/\/candas365.es\/noticias\/wp-json\/wp\/v2\/categories?post=190080"},{"taxonomy":"post_tag","embeddable":true,"href":"https:\/\/candas365.es\/noticias\/wp-json\/wp\/v2\/tags?post=190080"}],"curies":[{"name":"wp","href":"https:\/\/api.w.org\/{rel}","templated":true}]}}