{"id":189954,"date":"2025-11-09T08:51:44","date_gmt":"2025-11-09T07:51:44","guid":{"rendered":"https:\/\/candas365.es\/noticias\/?p=189954"},"modified":"2025-11-09T08:51:44","modified_gmt":"2025-11-09T07:51:44","slug":"el-cambio-climatico-afecta-a-los-sumideros-naturale","status":"publish","type":"post","link":"https:\/\/candas365.es\/noticias\/el-cambio-climatico-afecta-a-los-sumideros-naturale\/","title":{"rendered":"El cambio clim\u00e1tico afecta a los sumideros naturales"},"content":{"rendered":"<p>Bosques, suelos y oc\u00e9anos, que act\u00faan como <span style=\"color: #ff6600;\"><a style=\"color: #ff6600;\" href=\"https:\/\/candas365.es\/noticias\/category\/sociedad\/\"><strong>sumideros naturales<\/strong><\/a><\/span> de carbono, est\u00e1n llegando a l\u00edmites cr\u00edticos y absorben menos gases de efecto invernadero de lo previsto porque d\u00e9cadas de <strong>cambio clim\u00e1tico<\/strong> han reducido su capacidad.<\/p>\n<figure id=\"attachment_189955\" aria-describedby=\"caption-attachment-189955\" style=\"width: 650px\" class=\"wp-caption aligncenter\"><img fetchpriority=\"high\" decoding=\"async\" class=\"size-large wp-image-189955\" src=\"https:\/\/candas365.es\/noticias\/wp-content\/uploads\/2025\/11\/El-cambio-climatico-afecta-a-los-sumideros-naturales-650x423.jpg\" alt=\"El cambio clim\u00e1tico afecta a los sumideros naturales\" width=\"650\" height=\"423\" srcset=\"https:\/\/candas365.es\/noticias\/wp-content\/uploads\/2025\/11\/El-cambio-climatico-afecta-a-los-sumideros-naturales-650x423.jpg 650w, https:\/\/candas365.es\/noticias\/wp-content\/uploads\/2025\/11\/El-cambio-climatico-afecta-a-los-sumideros-naturales-360x235.jpg 360w, https:\/\/candas365.es\/noticias\/wp-content\/uploads\/2025\/11\/El-cambio-climatico-afecta-a-los-sumideros-naturales-768x500.jpg 768w, https:\/\/candas365.es\/noticias\/wp-content\/uploads\/2025\/11\/El-cambio-climatico-afecta-a-los-sumideros-naturales-150x98.jpg 150w, https:\/\/candas365.es\/noticias\/wp-content\/uploads\/2025\/11\/El-cambio-climatico-afecta-a-los-sumideros-naturales-450x293.jpg 450w, https:\/\/candas365.es\/noticias\/wp-content\/uploads\/2025\/11\/El-cambio-climatico-afecta-a-los-sumideros-naturales.jpg 1033w\" sizes=\"(max-width: 650px) 100vw, 650px\" \/><figcaption id=\"caption-attachment-189955\" class=\"wp-caption-text\">Foto: 123rf.com<\/figcaption><\/figure>\n<p>Esa es la conclusi\u00f3n principal del \u00faltimo informe anual \u201910 nuevas perspectivas en la ciencia clim\u00e1tica\u2019, impulsado por las organizaciones internacionales Future Earth, The Earth League y World Climate Research Programme. <strong>El trabajo, dado a conocer el pasado jueves, cuenta con aportaciones de m\u00e1s de 70 investigadores de 21 pa\u00edses.<\/strong><\/p>\n<p>Cada a\u00f1o, destacados cient\u00edficos resumen los avances m\u00e1s importantes de la investigaci\u00f3n sobre el cambio clim\u00e1tico publicados en los \u00faltimos 18 meses en 10 ideas clave para las negociaciones de las Cumbres del Clima. La de este a\u00f1o, conocida como COP30, comenzar\u00e1 el pr\u00f3ximo 10 de noviembre en Bel\u00e9n (Brasil).<\/p>\n<p>Algunas de 10 ideas del informe tratan sobre el calentamiento planetario r\u00e9cord de 2023 y 2094, el calentamiento acelerado de los oc\u00e9anos, la presi\u00f3n sobre los sumideros de carbono terrestres, la retroalimentaci\u00f3n entre el clima y la biodiversidad y el descenso de los niveles de agua subterr\u00e1nea.<\/p>\n<p>Los brotes de dengue provocados por el clima, las repercusiones en la productividad laboral, la ampliaci\u00f3n de la eliminaci\u00f3n de di\u00f3xido de carbono, retos para la integridad del mercado del carbono y combinaciones de pol\u00edticas eficaces completan el dec\u00e1logo.<\/p>\n<h2>BAJO PRESI\u00d3N<\/h2>\n<p>Por otro lado, el informe indica que los sumideros naturales de carbono terrestres est\u00e1n bajo presi\u00f3n, especialmente los bosques y los suelos del hemisferio norte. Su capacidad para capturar carbono se ha reducido, lo que provoca que m\u00e1s emisiones permanezcan en la atm\u00f3sfera y se acelere a\u00fan m\u00e1s el calentamiento del planeta.<\/p>\n<p>Adem\u00e1s, el oc\u00e9ano -otro sumidero vital de carbono- ha experimentado un calentamiento sin precedentes y una mayor incidencia de olas de calor marinas, lo que ha perjudicado la biodiversidad y los medios de vida de las personas.<\/p>\n<p>Aunque la captura de CO2 puede ser una soluci\u00f3n para proteger y ampliar los sumideros de carbono, el informe destaca que el despliegue a gran escala de la captura basada en la naturaleza podr\u00eda tener un coste para la seguridad alimentaria y la biodiversidad, ya que estos proyectos compiten con ambas por el espacio terrestre.<\/p>\n<p>El informe tambi\u00e9n concluye que los mercados voluntarios de cr\u00e9ditos de carbono, en los que pueden operar proyectos de captura de carbono, se presentan como otra posible soluci\u00f3n, pero adolecen de problemas de credibilidad y requieren par\u00e1metros de referencia y est\u00e1ndares de mercado m\u00e1s s\u00f3lidos para garantizar su integridad.<\/p>\n<p>\u201cDurante mucho tiempo hemos confiado en los bosques y los suelos para limpiar silenciosamente nuestro desastre de carbono, pero su capacidad est\u00e1 disminuyendo. Eso significa que es posible que estemos subestimando la brecha actual de emisiones, as\u00ed como el ritmo del calentamiento futuro\u201d, seg\u00fan Sabine Fuss, jefa de departamento del Instituto de Potsdam para la Investigaci\u00f3n del Impacto Clim\u00e1tico (PIK, por sus siglas en alem\u00e1n) y miembro del comit\u00e9 editorial del informe.<\/p>\n<h2>CALOR R\u00c9CORD<\/h2>\n<p>Otras perspectivas del informe examinan los factores que contribuyeron al calor r\u00e9cord de 2023 y 2024, cuando las altas temperaturas ejercieron una presi\u00f3n sin precedentes sobre los recursos de agua dulce, la salud humana y los medios de subsistencia.<\/p>\n<p>Nuevas investigaciones sintetizadas en el informe revelan c\u00f3mo el aumento de las temperaturas est\u00e1 reduciendo los niveles de agua subterr\u00e1nea, vitales para la agricultura en muchas regiones.<\/p>\n<p>Adem\u00e1s, el cambio clim\u00e1tico tambi\u00e9n est\u00e1 impulsando la propagaci\u00f3n de enfermedades transmitidas por mosquitos, como el dengue, ya que las temperaturas m\u00e1s altas expanden el h\u00e1bitat de estos insectos.<\/p>\n<p>\u201cLas conclusiones sintetizadas en el informe \u201810 Nuevas Perspectivas\u2019 son un claro recordatorio de que nadie es inmune a los impactos del cambio clim\u00e1tico: sus consecuencias son globales, interconectadas y ya est\u00e1n a la vuelta de la esquina\u201d, seg\u00fan Kristie Ebi, profesora de salud global en la Universidad de Washington (Estados Unidos) y miembro del comit\u00e9 editorial del informe.<\/p>\n<p>Adem\u00e1s de la <span style=\"color: #ff6600;\"><a style=\"color: #ff6600;\" href=\"https:\/\/naberco.es\/category\/salud\/\" target=\"_blank\" rel=\"noopener\"><strong>salud humana<\/strong><\/a><\/span>, el informe tambi\u00e9n explica c\u00f3mo el estr\u00e9s t\u00e9rmico est\u00e1 provocando una fuerte ca\u00edda en la productividad laboral, lo que afecta a los ingresos y genera una mayor inestabilidad econ\u00f3mica.<\/p>\n<p>Por ejemplo, se prev\u00e9 que un calentamiento de tan solo un grado m\u00e1s que en la \u00e9poca preindustrial exponga a m\u00e1s de 800 millones de personas en regiones tropicales a niveles peligrosos de estr\u00e9s t\u00e9rmico, lo que podr\u00eda reducir sus horas laborales hasta en un 50%.<\/p>\n<p>(<a href=\"https:\/\/www.servimedia.es\/\" target=\"_blank\" rel=\"noopener\"><span style=\"color: #ff6600;\"><strong>SERVIMEDIA<\/strong><\/span><\/a>)<\/p>\n","protected":false},"excerpt":{"rendered":"<p>Bosques, suelos y oc\u00e9anos, que act\u00faan como sumideros naturales de carbono, est\u00e1n llegando a l\u00edmites cr\u00edticos y absorben menos gases de efecto invernadero de lo previsto porque d\u00e9cadas de cambio clim\u00e1tico han reducido su capacidad. Esa es la conclusi\u00f3n principal del \u00faltimo informe anual \u201910 nuevas perspectivas en la ciencia clim\u00e1tica\u2019, impulsado por las organizaciones<\/p>\n","protected":false},"author":1,"featured_media":189955,"comment_status":"closed","ping_status":"closed","sticky":false,"template":"","format":"standard","meta":{"footnotes":""},"categories":[143],"tags":[453],"class_list":{"0":"post-189954","1":"post","2":"type-post","3":"status-publish","4":"format-standard","5":"has-post-thumbnail","7":"category-sociedad","8":"tag-naturaleza"},"aioseo_notices":[],"aioseo_head":"\n\t\t<!-- All in One SEO Pro 4.9.6.2 - aioseo.com -->\n\t<meta name=\"description\" content=\"Bosques, suelos y oc\u00e9anos, que act\u00faan como sumideros naturales de carbono, est\u00e1n llegando a l\u00edmites cr\u00edticos y absorben menos gases de efecto invernadero\" \/>\n\t<meta name=\"robots\" content=\"max-image-preview:large\" \/>\n\t<meta name=\"author\" content=\"Cand\u00e1s 365\"\/>\n\t<meta name=\"google-site-verification\" content=\"UA-32230408-1\" \/>\n\t<meta name=\"msvalidate.01\" content=\"354F3CDFB2DA171B47FBE9ABF1F88D5\" \/>\n\t<meta name=\"keywords\" content=\"sociedad\" \/>\n\t<link rel=\"canonical\" href=\"https:\/\/candas365.es\/noticias\/el-cambio-climatico-afecta-a-los-sumideros-naturale\/\" \/>\n\t<meta name=\"generator\" content=\"All in One SEO Pro (AIOSEO) 4.9.6.2\" \/>\n\t\t<meta property=\"og:locale\" content=\"es_ES\" \/>\n\t\t<meta property=\"og:site_name\" content=\"Cand\u00e1s 365\" \/>\n\t\t<meta property=\"og:type\" content=\"article\" \/>\n\t\t<meta property=\"og:title\" content=\"El cambio clim\u00e1tico afecta a los sumideros naturales | Cand\u00e1s 365\" \/>\n\t\t<meta property=\"og:description\" content=\"Bosques, suelos y oc\u00e9anos, que act\u00faan como sumideros naturales de carbono, est\u00e1n llegando a l\u00edmites cr\u00edticos y absorben menos gases de efecto invernadero\" \/>\n\t\t<meta property=\"og:url\" content=\"https:\/\/candas365.es\/noticias\/el-cambio-climatico-afecta-a-los-sumideros-naturale\/\" \/>\n\t\t<meta property=\"og:image\" content=\"https:\/\/candas365.es\/noticias\/wp-content\/uploads\/2025\/11\/El-cambio-climatico-afecta-a-los-sumideros-naturales.jpg\" \/>\n\t\t<meta property=\"og:image:secure_url\" content=\"https:\/\/candas365.es\/noticias\/wp-content\/uploads\/2025\/11\/El-cambio-climatico-afecta-a-los-sumideros-naturales.jpg\" \/>\n\t\t<meta property=\"og:image:width\" content=\"1033\" \/>\n\t\t<meta property=\"og:image:height\" content=\"673\" \/>\n\t\t<meta property=\"article:published_time\" content=\"2025-11-09T07:51:44+00:00\" \/>\n\t\t<meta property=\"article:modified_time\" content=\"2025-11-09T07:51:44+00:00\" \/>\n\t\t<meta property=\"article:publisher\" content=\"https:\/\/www.facebook.com\/Nachofdezber\" \/>\n\t\t<meta property=\"article:author\" content=\"https:\/\/www.facebook.com\/carrenoactualidad\" \/>\n\t\t<meta name=\"twitter:card\" content=\"summary_large_image\" \/>\n\t\t<meta name=\"twitter:site\" content=\"@NabercoDigital\" \/>\n\t\t<meta name=\"twitter:title\" content=\"El cambio clim\u00e1tico afecta a los sumideros naturales | Cand\u00e1s 365\" \/>\n\t\t<meta name=\"twitter:description\" content=\"Bosques, suelos y oc\u00e9anos, que act\u00faan como sumideros naturales de carbono, est\u00e1n llegando a l\u00edmites cr\u00edticos y absorben menos gases de efecto invernadero\" \/>\n\t\t<meta name=\"twitter:creator\" content=\"@nbasturias\" \/>\n\t\t<meta name=\"twitter:image\" content=\"https:\/\/candas365.es\/noticias\/wp-content\/uploads\/2025\/11\/El-cambio-climatico-afecta-a-los-sumideros-naturales.jpg\" \/>\n\t\t<meta name=\"twitter:label1\" content=\"Escrito por\" \/>\n\t\t<meta name=\"twitter:data1\" content=\"Cand\u00e1s 365\" \/>\n\t\t<meta name=\"twitter:label2\" content=\"Tiempo de lectura estimado\" \/>\n\t\t<meta name=\"twitter:data2\" content=\"4 minutos\" \/>\n\t\t<script type=\"application\/ld+json\" class=\"aioseo-schema\">\n\t\t\t{\"@context\":\"https:\\\/\\\/schema.org\",\"@graph\":[{\"@type\":\"BreadcrumbList\",\"@id\":\"https:\\\/\\\/candas365.es\\\/noticias\\\/el-cambio-climatico-afecta-a-los-sumideros-naturale\\\/#breadcrumblist\",\"itemListElement\":[{\"@type\":\"ListItem\",\"@id\":\"https:\\\/\\\/candas365.es\\\/noticias#listItem\",\"position\":1,\"name\":\"Home\",\"item\":\"https:\\\/\\\/candas365.es\\\/noticias\",\"nextItem\":{\"@type\":\"ListItem\",\"@id\":\"https:\\\/\\\/candas365.es\\\/noticias\\\/category\\\/sociedad\\\/#listItem\",\"name\":\"Sociedad\"}},{\"@type\":\"ListItem\",\"@id\":\"https:\\\/\\\/candas365.es\\\/noticias\\\/category\\\/sociedad\\\/#listItem\",\"position\":2,\"name\":\"Sociedad\",\"item\":\"https:\\\/\\\/candas365.es\\\/noticias\\\/category\\\/sociedad\\\/\",\"nextItem\":{\"@type\":\"ListItem\",\"@id\":\"https:\\\/\\\/candas365.es\\\/noticias\\\/el-cambio-climatico-afecta-a-los-sumideros-naturale\\\/#listItem\",\"name\":\"El cambio clim\\u00e1tico afecta a los sumideros naturales\"},\"previousItem\":{\"@type\":\"ListItem\",\"@id\":\"https:\\\/\\\/candas365.es\\\/noticias#listItem\",\"name\":\"Home\"}},{\"@type\":\"ListItem\",\"@id\":\"https:\\\/\\\/candas365.es\\\/noticias\\\/el-cambio-climatico-afecta-a-los-sumideros-naturale\\\/#listItem\",\"position\":3,\"name\":\"El cambio clim\\u00e1tico afecta a los sumideros naturales\",\"previousItem\":{\"@type\":\"ListItem\",\"@id\":\"https:\\\/\\\/candas365.es\\\/noticias\\\/category\\\/sociedad\\\/#listItem\",\"name\":\"Sociedad\"}}]},{\"@type\":\"NewsArticle\",\"@id\":\"https:\\\/\\\/candas365.es\\\/noticias\\\/el-cambio-climatico-afecta-a-los-sumideros-naturale\\\/#newsarticle\",\"name\":\"El cambio clim\\u00e1tico afecta a los sumideros naturales | Cand\\u00e1s 365\",\"headline\":\"El cambio clim\\u00e1tico afecta a los sumideros naturales\",\"author\":{\"@id\":\"https:\\\/\\\/candas365.es\\\/noticias\\\/author\\\/admin\\\/#author\"},\"publisher\":{\"@id\":\"https:\\\/\\\/candas365.es\\\/noticias\\\/#organization\"},\"image\":{\"@type\":\"ImageObject\",\"url\":\"https:\\\/\\\/candas365.es\\\/noticias\\\/wp-content\\\/uploads\\\/2025\\\/11\\\/El-cambio-climatico-afecta-a-los-sumideros-naturales.jpg\",\"width\":1033,\"height\":673,\"caption\":\"Foto: 123rf.com\"},\"datePublished\":\"2025-11-09T08:51:44+01:00\",\"dateModified\":\"2025-11-09T08:51:44+01:00\",\"inLanguage\":\"es-ES\",\"mainEntityOfPage\":{\"@id\":\"https:\\\/\\\/candas365.es\\\/noticias\\\/el-cambio-climatico-afecta-a-los-sumideros-naturale\\\/#webpage\"},\"isPartOf\":{\"@id\":\"https:\\\/\\\/candas365.es\\\/noticias\\\/el-cambio-climatico-afecta-a-los-sumideros-naturale\\\/#webpage\"},\"articleSection\":\"Sociedad, naturaleza\",\"dateline\":\"Publicado el noviembre 9, 2025.\"},{\"@type\":\"Organization\",\"@id\":\"https:\\\/\\\/candas365.es\\\/noticias\\\/#organization\",\"name\":\"Cand\\u00e1s 365\",\"description\":\"Cand\\u00e1s 365 es un diario digital independiente, fundado en 2012, con base en Asturias. Informamos con rigor sobre actualidad, sociedad, cultura y ocio, con una mirada local y global.\",\"url\":\"https:\\\/\\\/candas365.es\\\/noticias\\\/\",\"email\":\"info@candas365.es\",\"telephone\":\"+34652131393\",\"foundingDate\":\"2012-06-10\",\"logo\":{\"@type\":\"ImageObject\",\"url\":\"https:\\\/\\\/candas365.es\\\/noticias\\\/wp-content\\\/uploads\\\/2024\\\/09\\\/Candas-365-Redes.jpg\",\"@id\":\"https:\\\/\\\/candas365.es\\\/noticias\\\/el-cambio-climatico-afecta-a-los-sumideros-naturale\\\/#organizationLogo\",\"width\":1152,\"height\":864,\"caption\":\"Cand\\u00e1s 365 Redes\"},\"image\":{\"@id\":\"https:\\\/\\\/candas365.es\\\/noticias\\\/el-cambio-climatico-afecta-a-los-sumideros-naturale\\\/#organizationLogo\"},\"sameAs\":[\"https:\\\/\\\/www.facebook.com\\\/Nachofdezber\",\"https:\\\/\\\/x.com\\\/NabercoDigital\",\"https:\\\/\\\/www.instagram.com\\\/nachofdezber\\\/\",\"https:\\\/\\\/www.youtube.com\\\/channel\\\/UCZP-2wLEB9Rv6erhFmqVnvg\"],\"address\":{\"@id\":\"https:\\\/\\\/candas365.es\\\/noticias\\\/#postaladdress\",\"@type\":\"PostalAddress\",\"streetAddress\":\"san antonio 4, san antonio 4\",\"postalCode\":\"33430\",\"addressLocality\":\"Cand\\u00e1s\",\"addressRegion\":\"Asturias\",\"addressCountry\":\"ES\"}},{\"@type\":\"Person\",\"@id\":\"https:\\\/\\\/candas365.es\\\/noticias\\\/author\\\/admin\\\/#author\",\"url\":\"https:\\\/\\\/candas365.es\\\/noticias\\\/author\\\/admin\\\/\",\"name\":\"Cand\\u00e1s 365\",\"image\":{\"@type\":\"ImageObject\",\"@id\":\"https:\\\/\\\/candas365.es\\\/noticias\\\/el-cambio-climatico-afecta-a-los-sumideros-naturale\\\/#authorImage\",\"url\":\"https:\\\/\\\/secure.gravatar.com\\\/avatar\\\/496a8e03d0c493ede1718b7934145dbdf8d89be1036b0eec9544e1094c9de390?s=96&d=mm&r=g\",\"width\":96,\"height\":96,\"caption\":\"Cand\\u00e1s 365\"},\"sameAs\":[\"https:\\\/\\\/www.facebook.com\\\/carrenoactualidad\",\"https:\\\/\\\/twitter.com\\\/nbasturias\",\"https:\\\/\\\/www.instagram.com\\\/nachofdezber\\\/\",\"https:\\\/\\\/www.youtube.com\\\/channel\\\/UCZP-2wLEB9Rv6erhFmqVnvg\"]},{\"@type\":\"WebPage\",\"@id\":\"https:\\\/\\\/candas365.es\\\/noticias\\\/el-cambio-climatico-afecta-a-los-sumideros-naturale\\\/#webpage\",\"url\":\"https:\\\/\\\/candas365.es\\\/noticias\\\/el-cambio-climatico-afecta-a-los-sumideros-naturale\\\/\",\"name\":\"El cambio clim\\u00e1tico afecta a los sumideros naturales | Cand\\u00e1s 365\",\"description\":\"Bosques, suelos y oc\\u00e9anos, que act\\u00faan como sumideros naturales de carbono, est\\u00e1n llegando a l\\u00edmites cr\\u00edticos y absorben menos gases de efecto invernadero\",\"inLanguage\":\"es-ES\",\"isPartOf\":{\"@id\":\"https:\\\/\\\/candas365.es\\\/noticias\\\/#website\"},\"breadcrumb\":{\"@id\":\"https:\\\/\\\/candas365.es\\\/noticias\\\/el-cambio-climatico-afecta-a-los-sumideros-naturale\\\/#breadcrumblist\"},\"author\":{\"@id\":\"https:\\\/\\\/candas365.es\\\/noticias\\\/author\\\/admin\\\/#author\"},\"creator\":{\"@id\":\"https:\\\/\\\/candas365.es\\\/noticias\\\/author\\\/admin\\\/#author\"},\"image\":{\"@type\":\"ImageObject\",\"url\":\"https:\\\/\\\/candas365.es\\\/noticias\\\/wp-content\\\/uploads\\\/2025\\\/11\\\/El-cambio-climatico-afecta-a-los-sumideros-naturales.jpg\",\"@id\":\"https:\\\/\\\/candas365.es\\\/noticias\\\/el-cambio-climatico-afecta-a-los-sumideros-naturale\\\/#mainImage\",\"width\":1033,\"height\":673,\"caption\":\"Foto: 123rf.com\"},\"primaryImageOfPage\":{\"@id\":\"https:\\\/\\\/candas365.es\\\/noticias\\\/el-cambio-climatico-afecta-a-los-sumideros-naturale\\\/#mainImage\"},\"datePublished\":\"2025-11-09T08:51:44+01:00\",\"dateModified\":\"2025-11-09T08:51:44+01:00\"},{\"@type\":\"WebSite\",\"@id\":\"https:\\\/\\\/candas365.es\\\/noticias\\\/#website\",\"url\":\"https:\\\/\\\/candas365.es\\\/noticias\\\/\",\"name\":\"Cand\\u00e1s 365\",\"alternateName\":\"Cand\\u00e1s 365 Noticias\",\"description\":\"Actualidad desde Carre\\u00f1o para el mundo\",\"inLanguage\":\"es-ES\",\"publisher\":{\"@id\":\"https:\\\/\\\/candas365.es\\\/noticias\\\/#organization\"}}]}\n\t\t<\/script>\n\t\t<!-- All in One SEO Pro -->\r\n\t\t<title>El cambio clim\u00e1tico afecta a los sumideros naturales | Cand\u00e1s 365<\/title>\n\n","aioseo_head_json":{"title":"El cambio clim\u00e1tico afecta a los sumideros naturales | Cand\u00e1s 365","description":"Bosques, suelos y oc\u00e9anos, que act\u00faan como sumideros naturales de carbono, est\u00e1n llegando a l\u00edmites cr\u00edticos y absorben menos gases de efecto invernadero","canonical_url":"https:\/\/candas365.es\/noticias\/el-cambio-climatico-afecta-a-los-sumideros-naturale\/","robots":"max-image-preview:large","keywords":"sociedad","webmasterTools":{"google-site-verification":"UA-32230408-1","msvalidate.01":"354F3CDFB2DA171B47FBE9ABF1F88D5","miscellaneous":""},"schema":{"@context":"https:\/\/schema.org","@graph":[{"@type":"BreadcrumbList","@id":"https:\/\/candas365.es\/noticias\/el-cambio-climatico-afecta-a-los-sumideros-naturale\/#breadcrumblist","itemListElement":[{"@type":"ListItem","@id":"https:\/\/candas365.es\/noticias#listItem","position":1,"name":"Home","item":"https:\/\/candas365.es\/noticias","nextItem":{"@type":"ListItem","@id":"https:\/\/candas365.es\/noticias\/category\/sociedad\/#listItem","name":"Sociedad"}},{"@type":"ListItem","@id":"https:\/\/candas365.es\/noticias\/category\/sociedad\/#listItem","position":2,"name":"Sociedad","item":"https:\/\/candas365.es\/noticias\/category\/sociedad\/","nextItem":{"@type":"ListItem","@id":"https:\/\/candas365.es\/noticias\/el-cambio-climatico-afecta-a-los-sumideros-naturale\/#listItem","name":"El cambio clim\u00e1tico afecta a los sumideros naturales"},"previousItem":{"@type":"ListItem","@id":"https:\/\/candas365.es\/noticias#listItem","name":"Home"}},{"@type":"ListItem","@id":"https:\/\/candas365.es\/noticias\/el-cambio-climatico-afecta-a-los-sumideros-naturale\/#listItem","position":3,"name":"El cambio clim\u00e1tico afecta a los sumideros naturales","previousItem":{"@type":"ListItem","@id":"https:\/\/candas365.es\/noticias\/category\/sociedad\/#listItem","name":"Sociedad"}}]},{"@type":"NewsArticle","@id":"https:\/\/candas365.es\/noticias\/el-cambio-climatico-afecta-a-los-sumideros-naturale\/#newsarticle","name":"El cambio clim\u00e1tico afecta a los sumideros naturales | Cand\u00e1s 365","headline":"El cambio clim\u00e1tico afecta a los sumideros naturales","author":{"@id":"https:\/\/candas365.es\/noticias\/author\/admin\/#author"},"publisher":{"@id":"https:\/\/candas365.es\/noticias\/#organization"},"image":{"@type":"ImageObject","url":"https:\/\/candas365.es\/noticias\/wp-content\/uploads\/2025\/11\/El-cambio-climatico-afecta-a-los-sumideros-naturales.jpg","width":1033,"height":673,"caption":"Foto: 123rf.com"},"datePublished":"2025-11-09T08:51:44+01:00","dateModified":"2025-11-09T08:51:44+01:00","inLanguage":"es-ES","mainEntityOfPage":{"@id":"https:\/\/candas365.es\/noticias\/el-cambio-climatico-afecta-a-los-sumideros-naturale\/#webpage"},"isPartOf":{"@id":"https:\/\/candas365.es\/noticias\/el-cambio-climatico-afecta-a-los-sumideros-naturale\/#webpage"},"articleSection":"Sociedad, naturaleza","dateline":"Publicado el noviembre 9, 2025."},{"@type":"Organization","@id":"https:\/\/candas365.es\/noticias\/#organization","name":"Cand\u00e1s 365","description":"Cand\u00e1s 365 es un diario digital independiente, fundado en 2012, con base en Asturias. Informamos con rigor sobre actualidad, sociedad, cultura y ocio, con una mirada local y global.","url":"https:\/\/candas365.es\/noticias\/","email":"info@candas365.es","telephone":"+34652131393","foundingDate":"2012-06-10","logo":{"@type":"ImageObject","url":"https:\/\/candas365.es\/noticias\/wp-content\/uploads\/2024\/09\/Candas-365-Redes.jpg","@id":"https:\/\/candas365.es\/noticias\/el-cambio-climatico-afecta-a-los-sumideros-naturale\/#organizationLogo","width":1152,"height":864,"caption":"Cand\u00e1s 365 Redes"},"image":{"@id":"https:\/\/candas365.es\/noticias\/el-cambio-climatico-afecta-a-los-sumideros-naturale\/#organizationLogo"},"sameAs":["https:\/\/www.facebook.com\/Nachofdezber","https:\/\/x.com\/NabercoDigital","https:\/\/www.instagram.com\/nachofdezber\/","https:\/\/www.youtube.com\/channel\/UCZP-2wLEB9Rv6erhFmqVnvg"],"address":{"@id":"https:\/\/candas365.es\/noticias\/#postaladdress","@type":"PostalAddress","streetAddress":"san antonio 4, san antonio 4","postalCode":"33430","addressLocality":"Cand\u00e1s","addressRegion":"Asturias","addressCountry":"ES"}},{"@type":"Person","@id":"https:\/\/candas365.es\/noticias\/author\/admin\/#author","url":"https:\/\/candas365.es\/noticias\/author\/admin\/","name":"Cand\u00e1s 365","image":{"@type":"ImageObject","@id":"https:\/\/candas365.es\/noticias\/el-cambio-climatico-afecta-a-los-sumideros-naturale\/#authorImage","url":"https:\/\/secure.gravatar.com\/avatar\/496a8e03d0c493ede1718b7934145dbdf8d89be1036b0eec9544e1094c9de390?s=96&d=mm&r=g","width":96,"height":96,"caption":"Cand\u00e1s 365"},"sameAs":["https:\/\/www.facebook.com\/carrenoactualidad","https:\/\/twitter.com\/nbasturias","https:\/\/www.instagram.com\/nachofdezber\/","https:\/\/www.youtube.com\/channel\/UCZP-2wLEB9Rv6erhFmqVnvg"]},{"@type":"WebPage","@id":"https:\/\/candas365.es\/noticias\/el-cambio-climatico-afecta-a-los-sumideros-naturale\/#webpage","url":"https:\/\/candas365.es\/noticias\/el-cambio-climatico-afecta-a-los-sumideros-naturale\/","name":"El cambio clim\u00e1tico afecta a los sumideros naturales | Cand\u00e1s 365","description":"Bosques, suelos y oc\u00e9anos, que act\u00faan como sumideros naturales de carbono, est\u00e1n llegando a l\u00edmites cr\u00edticos y absorben menos gases de efecto invernadero","inLanguage":"es-ES","isPartOf":{"@id":"https:\/\/candas365.es\/noticias\/#website"},"breadcrumb":{"@id":"https:\/\/candas365.es\/noticias\/el-cambio-climatico-afecta-a-los-sumideros-naturale\/#breadcrumblist"},"author":{"@id":"https:\/\/candas365.es\/noticias\/author\/admin\/#author"},"creator":{"@id":"https:\/\/candas365.es\/noticias\/author\/admin\/#author"},"image":{"@type":"ImageObject","url":"https:\/\/candas365.es\/noticias\/wp-content\/uploads\/2025\/11\/El-cambio-climatico-afecta-a-los-sumideros-naturales.jpg","@id":"https:\/\/candas365.es\/noticias\/el-cambio-climatico-afecta-a-los-sumideros-naturale\/#mainImage","width":1033,"height":673,"caption":"Foto: 123rf.com"},"primaryImageOfPage":{"@id":"https:\/\/candas365.es\/noticias\/el-cambio-climatico-afecta-a-los-sumideros-naturale\/#mainImage"},"datePublished":"2025-11-09T08:51:44+01:00","dateModified":"2025-11-09T08:51:44+01:00"},{"@type":"WebSite","@id":"https:\/\/candas365.es\/noticias\/#website","url":"https:\/\/candas365.es\/noticias\/","name":"Cand\u00e1s 365","alternateName":"Cand\u00e1s 365 Noticias","description":"Actualidad desde Carre\u00f1o para el mundo","inLanguage":"es-ES","publisher":{"@id":"https:\/\/candas365.es\/noticias\/#organization"}}]},"og:locale":"es_ES","og:site_name":"Cand\u00e1s 365","og:type":"article","og:title":"El cambio clim\u00e1tico afecta a los sumideros naturales | Cand\u00e1s 365","og:description":"Bosques, suelos y oc\u00e9anos, que act\u00faan como sumideros naturales de carbono, est\u00e1n llegando a l\u00edmites cr\u00edticos y absorben menos gases de efecto invernadero","og:url":"https:\/\/candas365.es\/noticias\/el-cambio-climatico-afecta-a-los-sumideros-naturale\/","og:image":"https:\/\/candas365.es\/noticias\/wp-content\/uploads\/2025\/11\/El-cambio-climatico-afecta-a-los-sumideros-naturales.jpg","og:image:secure_url":"https:\/\/candas365.es\/noticias\/wp-content\/uploads\/2025\/11\/El-cambio-climatico-afecta-a-los-sumideros-naturales.jpg","og:image:width":1033,"og:image:height":673,"article:published_time":"2025-11-09T07:51:44+00:00","article:modified_time":"2025-11-09T07:51:44+00:00","article:publisher":"https:\/\/www.facebook.com\/Nachofdezber","article:author":"https:\/\/www.facebook.com\/carrenoactualidad","twitter:card":"summary_large_image","twitter:site":"@NabercoDigital","twitter:title":"El cambio clim\u00e1tico afecta a los sumideros naturales | Cand\u00e1s 365","twitter:description":"Bosques, suelos y oc\u00e9anos, que act\u00faan como sumideros naturales de carbono, est\u00e1n llegando a l\u00edmites cr\u00edticos y absorben menos gases de efecto invernadero","twitter:creator":"@nbasturias","twitter:image":"https:\/\/candas365.es\/noticias\/wp-content\/uploads\/2025\/11\/El-cambio-climatico-afecta-a-los-sumideros-naturales.jpg","twitter:label1":"Escrito por","twitter:data1":"Cand\u00e1s 365","twitter:label2":"Tiempo de lectura estimado","twitter:data2":"4 minutos"},"aioseo_meta_data":{"post_id":"189954","title":null,"description":"Bosques, suelos y oc\u00e9anos, que act\u00faan como sumideros naturales de carbono, est\u00e1n llegando a l\u00edmites cr\u00edticos y absorben menos gases de efecto invernadero","keywords":null,"keyphrases":{"focus":{"keyphrase":"sumideros naturales","score":72,"analysis":{"keyphraseInTitle":{"score":9,"maxScore":9,"error":0},"keyphraseInDescription":{"score":9,"maxScore":9,"error":0},"keyphraseLength":{"score":9,"maxScore":9,"error":0,"length":2},"keyphraseInURL":{"score":1,"maxScore":5,"error":1},"keyphraseInIntroduction":{"score":9,"maxScore":9,"error":0},"keyphraseInSubHeadings":{"score":3,"maxScore":9,"error":1},"keyphraseInImageAlt":{"score":9,"maxScore":9,"error":0},"keywordDensity":{"score":0,"type":"low","maxScore":9,"error":1}}},"additional":[{"keyphrase":"naturales","score":80,"analysis":{"keyphraseInDescription":{"score":9,"maxScore":9,"error":0},"keyphraseLength":{"score":9,"maxScore":9,"error":0,"length":1},"keyphraseInIntroduction":{"score":9,"maxScore":9,"error":0},"keyphraseInImageAlt":{"score":9,"maxScore":9,"error":0},"keywordDensity":{"score":0,"type":"low","maxScore":9,"error":1}}},{"keyphrase":"sumideros naturales","score":80,"analysis":{"keyphraseInDescription":{"score":9,"maxScore":9,"error":0},"keyphraseLength":{"score":9,"maxScore":9,"error":0,"length":2},"keyphraseInIntroduction":{"score":9,"maxScore":9,"error":0},"keyphraseInImageAlt":{"score":9,"maxScore":9,"error":0},"keywordDensity":{"score":0,"type":"low","maxScore":9,"error":1}}}]},"primary_term":null,"canonical_url":null,"og_title":null,"og_description":null,"og_object_type":"default","og_image_type":"default","og_image_url":null,"og_image_width":null,"og_image_height":null,"og_image_custom_url":null,"og_image_custom_fields":null,"og_video":"","og_custom_url":null,"og_article_section":null,"og_article_tags":null,"twitter_use_og":false,"twitter_card":"default","twitter_image_type":"default","twitter_image_url":null,"twitter_image_custom_url":null,"twitter_image_custom_fields":null,"twitter_title":null,"twitter_description":null,"schema":{"blockGraphs":[],"customGraphs":[],"default":{"data":{"Article":[],"Course":[],"Dataset":[],"FAQPage":[],"Movie":[],"Person":[],"Product":[],"ProductReview":[],"Car":[],"Recipe":[],"Service":[],"SoftwareApplication":[],"WebPage":[]},"graphName":"Article","isEnabled":true},"graphs":[]},"schema_type":"default","schema_type_options":null,"pillar_content":false,"robots_default":true,"robots_noindex":false,"robots_noarchive":false,"robots_nosnippet":false,"robots_nofollow":false,"robots_noimageindex":false,"robots_noodp":false,"robots_notranslate":false,"robots_max_snippet":"-1","robots_max_videopreview":"-1","robots_max_imagepreview":"large","priority":null,"frequency":"default","location":null,"local_seo":null,"seo_analyzer_scan_date":"2025-11-09 07:56:20","breadcrumb_settings":null,"limit_modified_date":false,"reviewed_by":null,"open_ai":null,"ai":{"faqs":[],"keyPoints":[],"titles":[],"descriptions":[],"socialPosts":{"email":[],"linkedin":[],"twitter":[],"facebook":[],"instagram":[]}},"created":"2025-11-09 07:35:58","updated":"2025-11-09 08:05:19"},"aioseo_breadcrumb":"<div class=\"aioseo-breadcrumbs\"><span class=\"aioseo-breadcrumb\">\n\t<a href=\"https:\/\/candas365.es\/noticias\" title=\"Home\">Home<\/a>\n<\/span><span class=\"aioseo-breadcrumb-separator\">&ndash;<\/span><span class=\"aioseo-breadcrumb\">\n\t<a href=\"https:\/\/candas365.es\/noticias\/category\/sociedad\/\" title=\"Sociedad\">Sociedad<\/a>\n<\/span><span class=\"aioseo-breadcrumb-separator\">&ndash;<\/span><span class=\"aioseo-breadcrumb\">\n\tEl cambio clim\u00e1tico afecta a los sumideros naturales\n<\/span><\/div>","aioseo_breadcrumb_json":[{"label":"Home","link":"https:\/\/candas365.es\/noticias"},{"label":"Sociedad","link":"https:\/\/candas365.es\/noticias\/category\/sociedad\/"},{"label":"El cambio clim\u00e1tico afecta a los sumideros naturales","link":"https:\/\/candas365.es\/noticias\/el-cambio-climatico-afecta-a-los-sumideros-naturale\/"}],"_links":{"self":[{"href":"https:\/\/candas365.es\/noticias\/wp-json\/wp\/v2\/posts\/189954","targetHints":{"allow":["GET"]}}],"collection":[{"href":"https:\/\/candas365.es\/noticias\/wp-json\/wp\/v2\/posts"}],"about":[{"href":"https:\/\/candas365.es\/noticias\/wp-json\/wp\/v2\/types\/post"}],"author":[{"embeddable":true,"href":"https:\/\/candas365.es\/noticias\/wp-json\/wp\/v2\/users\/1"}],"replies":[{"embeddable":true,"href":"https:\/\/candas365.es\/noticias\/wp-json\/wp\/v2\/comments?post=189954"}],"version-history":[{"count":0,"href":"https:\/\/candas365.es\/noticias\/wp-json\/wp\/v2\/posts\/189954\/revisions"}],"wp:featuredmedia":[{"embeddable":true,"href":"https:\/\/candas365.es\/noticias\/wp-json\/wp\/v2\/media\/189955"}],"wp:attachment":[{"href":"https:\/\/candas365.es\/noticias\/wp-json\/wp\/v2\/media?parent=189954"}],"wp:term":[{"taxonomy":"category","embeddable":true,"href":"https:\/\/candas365.es\/noticias\/wp-json\/wp\/v2\/categories?post=189954"},{"taxonomy":"post_tag","embeddable":true,"href":"https:\/\/candas365.es\/noticias\/wp-json\/wp\/v2\/tags?post=189954"}],"curies":[{"name":"wp","href":"https:\/\/api.w.org\/{rel}","templated":true}]}}