{"id":189939,"date":"2025-11-08T12:14:40","date_gmt":"2025-11-08T11:14:40","guid":{"rendered":"https:\/\/candas365.es\/noticias\/?p=189939"},"modified":"2025-11-08T12:14:40","modified_gmt":"2025-11-08T11:14:40","slug":"la-mesa-compartida-el-ingrediente-invisible","status":"publish","type":"post","link":"https:\/\/candas365.es\/noticias\/la-mesa-compartida-el-ingrediente-invisible\/","title":{"rendered":"La mesa compartida: el ingrediente invisible"},"content":{"rendered":"<p>La mesa compartida es el ingrediente invisible de cualquier comida memorable. <strong>No se cocina, no se sirve y no se mastica, pero cambia el <\/strong><a href=\"https:\/\/eldigitaldeasturias.com\/radio\/category\/gastronomia\/\" target=\"_blank\" rel=\"noopener\"><span style=\"color: #ff6600;\"><strong>sabor<\/strong><\/span><\/a><strong> de todo lo que la rodea.<\/strong><\/p>\n<figure id=\"attachment_189940\" aria-describedby=\"caption-attachment-189940\" style=\"width: 650px\" class=\"wp-caption aligncenter\"><img fetchpriority=\"high\" decoding=\"async\" class=\"size-large wp-image-189940\" src=\"https:\/\/candas365.es\/noticias\/wp-content\/uploads\/2025\/11\/mesa-compartida-650x368.jpg\" alt=\"mesa compartida\" width=\"650\" height=\"368\" srcset=\"https:\/\/candas365.es\/noticias\/wp-content\/uploads\/2025\/11\/mesa-compartida-650x368.jpg 650w, https:\/\/candas365.es\/noticias\/wp-content\/uploads\/2025\/11\/mesa-compartida-360x204.jpg 360w, https:\/\/candas365.es\/noticias\/wp-content\/uploads\/2025\/11\/mesa-compartida-768x435.jpg 768w, https:\/\/candas365.es\/noticias\/wp-content\/uploads\/2025\/11\/mesa-compartida-150x85.jpg 150w, https:\/\/candas365.es\/noticias\/wp-content\/uploads\/2025\/11\/mesa-compartida-450x255.jpg 450w, https:\/\/candas365.es\/noticias\/wp-content\/uploads\/2025\/11\/mesa-compartida.jpg 1094w\" sizes=\"(max-width: 650px) 100vw, 650px\" \/><figcaption id=\"caption-attachment-189940\" class=\"wp-caption-text\">Foto: 123rf.com<\/figcaption><\/figure>\n<h2>Comer juntos no es lo mismo que comer al mismo tiempo<\/h2>\n<p>Sentarse a la mesa no es solo una acci\u00f3n f\u00edsica: es un puente. La comida puede ser sencilla, el plato puede ser humilde, pero cuando se comparte, se agranda. Algo pasa entre los cubiertos y las palabras: el ritmo baja, el cuerpo se relaja y lo cotidiano se vuelve celebraci\u00f3n. La mesa no es un lugar: es un momento.<\/p>\n<p>Por eso la gastronom\u00eda no se entiende sin compa\u00f1\u00eda. Da igual el pa\u00eds, la cultura o la tradici\u00f3n: donde hay mesa, hay v\u00ednculo. Una sopa caliente en familia, una tabla de quesos entre amigos, unas tapas en barra, una sobremesa que se alarga, un pan que se parte con las manos. Nada de eso sabe igual si se come solo.<\/p>\n<h1>Comer bien alimenta; comer acompa\u00f1ado nutre.<\/h1>\n<blockquote><p>La comida es sabor, pero tambi\u00e9n conversaci\u00f3n<\/p><\/blockquote>\n<p>La <span style=\"color: #ff6600;\"><a style=\"color: #ff6600;\" href=\"https:\/\/candas365.es\/noticias\/category\/sociedad\/\"><strong>mesa compartida<\/strong><\/a><\/span> funciona porque convierte el acto de comer en un acto colectivo. Un plato no se describe: se comenta. Una salsa no se prueba: se ofrece. Un pan no se corta: se reparte. La comida deja de ser una experiencia individual y pasa a ser una experiencia coral.<\/p>\n<p>Y ah\u00ed est\u00e1 su magia: lo que se comparte no es solo la comida, sino el tiempo. Un guiso humeante, unas patatas fritas, una botella de vino, un bizcocho reci\u00e9n cortado\u2026 nada necesita lujo para convertirse en recuerdo. <strong>Lo que queda no es la foto del plato, sino la risa que lo acompa\u00f1\u00f3.<\/strong><\/p>\n<p>Incluso la comida m\u00e1s corriente \u2014unos huevos, un caldo, un trozo de queso\u2014 puede convertirse en ritual si se sirve en buena compa\u00f1\u00eda. Lo invisible se vuelve ingrediente.<\/p>\n<blockquote><p>El mejor restaurante no es el que tiene m\u00e1s estrellas, sino el que tiene m\u00e1s conversaci\u00f3n.<\/p><\/blockquote>\n<p>La mesa compartida es la prueba de que la gastronom\u00eda no empieza en la cocina ni termina en el plato. Empieza en el gesto de \u201csi\u00e9ntate\u201d y termina en el \u201cqu\u00e9date un rato m\u00e1s\u201d. <strong>Lo dem\u00e1s, por muy bien hecho que est\u00e9, es solo comida. La mesa, en cambio, es memoria.<\/strong><\/p>\n","protected":false},"excerpt":{"rendered":"<p>La mesa compartida es el ingrediente invisible de cualquier comida memorable. No se cocina, no se sirve y no se mastica, pero cambia el sabor de todo lo que la rodea. Comer juntos no es lo mismo que comer al mismo tiempo Sentarse a la mesa no es solo una acci\u00f3n f\u00edsica: es un puente.<\/p>\n","protected":false},"author":1,"featured_media":189940,"comment_status":"closed","ping_status":"closed","sticky":false,"template":"","format":"standard","meta":{"footnotes":""},"categories":[143],"tags":[452,408],"class_list":{"0":"post-189939","1":"post","2":"type-post","3":"status-publish","4":"format-standard","5":"has-post-thumbnail","7":"category-sociedad","8":"tag-gastronomia","9":"tag-sociedad"},"aioseo_notices":[],"aioseo_head":"\n\t\t<!-- All in One SEO Pro 4.9.6.2 - aioseo.com -->\n\t<meta name=\"description\" content=\"La mesa compartida es el ingrediente invisible de cualquier comida memorable. No se cocina, no se sirve y no se mastica, pero cambia el sabor de todo\" \/>\n\t<meta name=\"robots\" content=\"max-image-preview:large\" \/>\n\t<meta name=\"author\" content=\"Cand\u00e1s 365\"\/>\n\t<meta name=\"google-site-verification\" content=\"UA-32230408-1\" \/>\n\t<meta name=\"msvalidate.01\" content=\"354F3CDFB2DA171B47FBE9ABF1F88D5\" \/>\n\t<meta name=\"keywords\" content=\"sociedad\" \/>\n\t<link rel=\"canonical\" href=\"https:\/\/candas365.es\/noticias\/la-mesa-compartida-el-ingrediente-invisible\/\" \/>\n\t<meta name=\"generator\" content=\"All in One SEO Pro (AIOSEO) 4.9.6.2\" \/>\n\t\t<meta property=\"og:locale\" content=\"es_ES\" \/>\n\t\t<meta property=\"og:site_name\" content=\"Cand\u00e1s 365\" \/>\n\t\t<meta property=\"og:type\" content=\"article\" \/>\n\t\t<meta property=\"og:title\" content=\"La mesa compartida: el ingrediente invisible | Cand\u00e1s 365\" \/>\n\t\t<meta property=\"og:description\" content=\"La mesa compartida es el ingrediente invisible de cualquier comida memorable. No se cocina, no se sirve y no se mastica, pero cambia el sabor de todo\" \/>\n\t\t<meta property=\"og:url\" content=\"https:\/\/candas365.es\/noticias\/la-mesa-compartida-el-ingrediente-invisible\/\" \/>\n\t\t<meta property=\"og:image\" content=\"https:\/\/candas365.es\/noticias\/wp-content\/uploads\/2025\/11\/mesa-compartida.jpg\" \/>\n\t\t<meta property=\"og:image:secure_url\" content=\"https:\/\/candas365.es\/noticias\/wp-content\/uploads\/2025\/11\/mesa-compartida.jpg\" \/>\n\t\t<meta property=\"og:image:width\" content=\"1094\" \/>\n\t\t<meta property=\"og:image:height\" content=\"619\" \/>\n\t\t<meta property=\"article:published_time\" content=\"2025-11-08T11:14:40+00:00\" \/>\n\t\t<meta property=\"article:modified_time\" content=\"2025-11-08T11:14:40+00:00\" \/>\n\t\t<meta property=\"article:publisher\" content=\"https:\/\/www.facebook.com\/Nachofdezber\" \/>\n\t\t<meta property=\"article:author\" content=\"https:\/\/www.facebook.com\/carrenoactualidad\" \/>\n\t\t<meta name=\"twitter:card\" content=\"summary_large_image\" \/>\n\t\t<meta name=\"twitter:site\" content=\"@NabercoDigital\" \/>\n\t\t<meta name=\"twitter:title\" content=\"La mesa compartida: el ingrediente invisible | Cand\u00e1s 365\" \/>\n\t\t<meta name=\"twitter:description\" content=\"La mesa compartida es el ingrediente invisible de cualquier comida memorable. No se cocina, no se sirve y no se mastica, pero cambia el sabor de todo\" \/>\n\t\t<meta name=\"twitter:creator\" content=\"@nbasturias\" \/>\n\t\t<meta name=\"twitter:image\" content=\"https:\/\/candas365.es\/noticias\/wp-content\/uploads\/2025\/11\/mesa-compartida.jpg\" \/>\n\t\t<meta name=\"twitter:label1\" content=\"Escrito por\" \/>\n\t\t<meta name=\"twitter:data1\" content=\"Cand\u00e1s 365\" \/>\n\t\t<meta name=\"twitter:label2\" content=\"Tiempo de lectura estimado\" \/>\n\t\t<meta name=\"twitter:data2\" content=\"2 minutos\" \/>\n\t\t<script type=\"application\/ld+json\" class=\"aioseo-schema\">\n\t\t\t{\"@context\":\"https:\\\/\\\/schema.org\",\"@graph\":[{\"@type\":\"BreadcrumbList\",\"@id\":\"https:\\\/\\\/candas365.es\\\/noticias\\\/la-mesa-compartida-el-ingrediente-invisible\\\/#breadcrumblist\",\"itemListElement\":[{\"@type\":\"ListItem\",\"@id\":\"https:\\\/\\\/candas365.es\\\/noticias#listItem\",\"position\":1,\"name\":\"Home\",\"item\":\"https:\\\/\\\/candas365.es\\\/noticias\",\"nextItem\":{\"@type\":\"ListItem\",\"@id\":\"https:\\\/\\\/candas365.es\\\/noticias\\\/category\\\/sociedad\\\/#listItem\",\"name\":\"Sociedad\"}},{\"@type\":\"ListItem\",\"@id\":\"https:\\\/\\\/candas365.es\\\/noticias\\\/category\\\/sociedad\\\/#listItem\",\"position\":2,\"name\":\"Sociedad\",\"item\":\"https:\\\/\\\/candas365.es\\\/noticias\\\/category\\\/sociedad\\\/\",\"nextItem\":{\"@type\":\"ListItem\",\"@id\":\"https:\\\/\\\/candas365.es\\\/noticias\\\/la-mesa-compartida-el-ingrediente-invisible\\\/#listItem\",\"name\":\"La mesa compartida: el ingrediente invisible\"},\"previousItem\":{\"@type\":\"ListItem\",\"@id\":\"https:\\\/\\\/candas365.es\\\/noticias#listItem\",\"name\":\"Home\"}},{\"@type\":\"ListItem\",\"@id\":\"https:\\\/\\\/candas365.es\\\/noticias\\\/la-mesa-compartida-el-ingrediente-invisible\\\/#listItem\",\"position\":3,\"name\":\"La mesa compartida: el ingrediente invisible\",\"previousItem\":{\"@type\":\"ListItem\",\"@id\":\"https:\\\/\\\/candas365.es\\\/noticias\\\/category\\\/sociedad\\\/#listItem\",\"name\":\"Sociedad\"}}]},{\"@type\":\"NewsArticle\",\"@id\":\"https:\\\/\\\/candas365.es\\\/noticias\\\/la-mesa-compartida-el-ingrediente-invisible\\\/#newsarticle\",\"name\":\"La mesa compartida: el ingrediente invisible | Cand\\u00e1s 365\",\"headline\":\"La mesa compartida: el ingrediente invisible\",\"author\":{\"@id\":\"https:\\\/\\\/candas365.es\\\/noticias\\\/author\\\/admin\\\/#author\"},\"publisher\":{\"@id\":\"https:\\\/\\\/candas365.es\\\/noticias\\\/#organization\"},\"image\":{\"@type\":\"ImageObject\",\"url\":\"https:\\\/\\\/candas365.es\\\/noticias\\\/wp-content\\\/uploads\\\/2025\\\/11\\\/mesa-compartida.jpg\",\"width\":1094,\"height\":619,\"caption\":\"Foto: 123rf.com\"},\"datePublished\":\"2025-11-08T12:14:40+01:00\",\"dateModified\":\"2025-11-08T12:14:40+01:00\",\"inLanguage\":\"es-ES\",\"mainEntityOfPage\":{\"@id\":\"https:\\\/\\\/candas365.es\\\/noticias\\\/la-mesa-compartida-el-ingrediente-invisible\\\/#webpage\"},\"isPartOf\":{\"@id\":\"https:\\\/\\\/candas365.es\\\/noticias\\\/la-mesa-compartida-el-ingrediente-invisible\\\/#webpage\"},\"articleSection\":\"Sociedad, Gastronom\\u00eda, sociedad\",\"dateline\":\"Publicado el noviembre 8, 2025.\"},{\"@type\":\"Organization\",\"@id\":\"https:\\\/\\\/candas365.es\\\/noticias\\\/#organization\",\"name\":\"Cand\\u00e1s 365\",\"description\":\"Cand\\u00e1s 365 es un diario digital independiente, fundado en 2012, con base en Asturias. Informamos con rigor sobre actualidad, sociedad, cultura y ocio, con una mirada local y global.\",\"url\":\"https:\\\/\\\/candas365.es\\\/noticias\\\/\",\"email\":\"info@candas365.es\",\"telephone\":\"+34652131393\",\"foundingDate\":\"2012-06-10\",\"logo\":{\"@type\":\"ImageObject\",\"url\":\"https:\\\/\\\/candas365.es\\\/noticias\\\/wp-content\\\/uploads\\\/2024\\\/09\\\/Candas-365-Redes.jpg\",\"@id\":\"https:\\\/\\\/candas365.es\\\/noticias\\\/la-mesa-compartida-el-ingrediente-invisible\\\/#organizationLogo\",\"width\":1152,\"height\":864,\"caption\":\"Cand\\u00e1s 365 Redes\"},\"image\":{\"@id\":\"https:\\\/\\\/candas365.es\\\/noticias\\\/la-mesa-compartida-el-ingrediente-invisible\\\/#organizationLogo\"},\"sameAs\":[\"https:\\\/\\\/www.facebook.com\\\/Nachofdezber\",\"https:\\\/\\\/x.com\\\/NabercoDigital\",\"https:\\\/\\\/www.instagram.com\\\/nachofdezber\\\/\",\"https:\\\/\\\/www.youtube.com\\\/channel\\\/UCZP-2wLEB9Rv6erhFmqVnvg\"],\"address\":{\"@id\":\"https:\\\/\\\/candas365.es\\\/noticias\\\/#postaladdress\",\"@type\":\"PostalAddress\",\"streetAddress\":\"san antonio 4, san antonio 4\",\"postalCode\":\"33430\",\"addressLocality\":\"Cand\\u00e1s\",\"addressRegion\":\"Asturias\",\"addressCountry\":\"ES\"}},{\"@type\":\"Person\",\"@id\":\"https:\\\/\\\/candas365.es\\\/noticias\\\/author\\\/admin\\\/#author\",\"url\":\"https:\\\/\\\/candas365.es\\\/noticias\\\/author\\\/admin\\\/\",\"name\":\"Cand\\u00e1s 365\",\"image\":{\"@type\":\"ImageObject\",\"@id\":\"https:\\\/\\\/candas365.es\\\/noticias\\\/la-mesa-compartida-el-ingrediente-invisible\\\/#authorImage\",\"url\":\"https:\\\/\\\/secure.gravatar.com\\\/avatar\\\/496a8e03d0c493ede1718b7934145dbdf8d89be1036b0eec9544e1094c9de390?s=96&d=mm&r=g\",\"width\":96,\"height\":96,\"caption\":\"Cand\\u00e1s 365\"},\"sameAs\":[\"https:\\\/\\\/www.facebook.com\\\/carrenoactualidad\",\"https:\\\/\\\/twitter.com\\\/nbasturias\",\"https:\\\/\\\/www.instagram.com\\\/nachofdezber\\\/\",\"https:\\\/\\\/www.youtube.com\\\/channel\\\/UCZP-2wLEB9Rv6erhFmqVnvg\"]},{\"@type\":\"WebPage\",\"@id\":\"https:\\\/\\\/candas365.es\\\/noticias\\\/la-mesa-compartida-el-ingrediente-invisible\\\/#webpage\",\"url\":\"https:\\\/\\\/candas365.es\\\/noticias\\\/la-mesa-compartida-el-ingrediente-invisible\\\/\",\"name\":\"La mesa compartida: el ingrediente invisible | Cand\\u00e1s 365\",\"description\":\"La mesa compartida es el ingrediente invisible de cualquier comida memorable. No se cocina, no se sirve y no se mastica, pero cambia el sabor de todo\",\"inLanguage\":\"es-ES\",\"isPartOf\":{\"@id\":\"https:\\\/\\\/candas365.es\\\/noticias\\\/#website\"},\"breadcrumb\":{\"@id\":\"https:\\\/\\\/candas365.es\\\/noticias\\\/la-mesa-compartida-el-ingrediente-invisible\\\/#breadcrumblist\"},\"author\":{\"@id\":\"https:\\\/\\\/candas365.es\\\/noticias\\\/author\\\/admin\\\/#author\"},\"creator\":{\"@id\":\"https:\\\/\\\/candas365.es\\\/noticias\\\/author\\\/admin\\\/#author\"},\"image\":{\"@type\":\"ImageObject\",\"url\":\"https:\\\/\\\/candas365.es\\\/noticias\\\/wp-content\\\/uploads\\\/2025\\\/11\\\/mesa-compartida.jpg\",\"@id\":\"https:\\\/\\\/candas365.es\\\/noticias\\\/la-mesa-compartida-el-ingrediente-invisible\\\/#mainImage\",\"width\":1094,\"height\":619,\"caption\":\"Foto: 123rf.com\"},\"primaryImageOfPage\":{\"@id\":\"https:\\\/\\\/candas365.es\\\/noticias\\\/la-mesa-compartida-el-ingrediente-invisible\\\/#mainImage\"},\"datePublished\":\"2025-11-08T12:14:40+01:00\",\"dateModified\":\"2025-11-08T12:14:40+01:00\"},{\"@type\":\"WebSite\",\"@id\":\"https:\\\/\\\/candas365.es\\\/noticias\\\/#website\",\"url\":\"https:\\\/\\\/candas365.es\\\/noticias\\\/\",\"name\":\"Cand\\u00e1s 365\",\"alternateName\":\"Cand\\u00e1s 365 Noticias\",\"description\":\"Actualidad desde Carre\\u00f1o para el mundo\",\"inLanguage\":\"es-ES\",\"publisher\":{\"@id\":\"https:\\\/\\\/candas365.es\\\/noticias\\\/#organization\"}}]}\n\t\t<\/script>\n\t\t<!-- All in One SEO Pro -->\r\n\t\t<title>La mesa compartida: el ingrediente invisible | Cand\u00e1s 365<\/title>\n\n","aioseo_head_json":{"title":"La mesa compartida: el ingrediente invisible | Cand\u00e1s 365","description":"La mesa compartida es el ingrediente invisible de cualquier comida memorable. No se cocina, no se sirve y no se mastica, pero cambia el sabor de todo","canonical_url":"https:\/\/candas365.es\/noticias\/la-mesa-compartida-el-ingrediente-invisible\/","robots":"max-image-preview:large","keywords":"sociedad","webmasterTools":{"google-site-verification":"UA-32230408-1","msvalidate.01":"354F3CDFB2DA171B47FBE9ABF1F88D5","miscellaneous":""},"schema":{"@context":"https:\/\/schema.org","@graph":[{"@type":"BreadcrumbList","@id":"https:\/\/candas365.es\/noticias\/la-mesa-compartida-el-ingrediente-invisible\/#breadcrumblist","itemListElement":[{"@type":"ListItem","@id":"https:\/\/candas365.es\/noticias#listItem","position":1,"name":"Home","item":"https:\/\/candas365.es\/noticias","nextItem":{"@type":"ListItem","@id":"https:\/\/candas365.es\/noticias\/category\/sociedad\/#listItem","name":"Sociedad"}},{"@type":"ListItem","@id":"https:\/\/candas365.es\/noticias\/category\/sociedad\/#listItem","position":2,"name":"Sociedad","item":"https:\/\/candas365.es\/noticias\/category\/sociedad\/","nextItem":{"@type":"ListItem","@id":"https:\/\/candas365.es\/noticias\/la-mesa-compartida-el-ingrediente-invisible\/#listItem","name":"La mesa compartida: el ingrediente invisible"},"previousItem":{"@type":"ListItem","@id":"https:\/\/candas365.es\/noticias#listItem","name":"Home"}},{"@type":"ListItem","@id":"https:\/\/candas365.es\/noticias\/la-mesa-compartida-el-ingrediente-invisible\/#listItem","position":3,"name":"La mesa compartida: el ingrediente invisible","previousItem":{"@type":"ListItem","@id":"https:\/\/candas365.es\/noticias\/category\/sociedad\/#listItem","name":"Sociedad"}}]},{"@type":"NewsArticle","@id":"https:\/\/candas365.es\/noticias\/la-mesa-compartida-el-ingrediente-invisible\/#newsarticle","name":"La mesa compartida: el ingrediente invisible | Cand\u00e1s 365","headline":"La mesa compartida: el ingrediente invisible","author":{"@id":"https:\/\/candas365.es\/noticias\/author\/admin\/#author"},"publisher":{"@id":"https:\/\/candas365.es\/noticias\/#organization"},"image":{"@type":"ImageObject","url":"https:\/\/candas365.es\/noticias\/wp-content\/uploads\/2025\/11\/mesa-compartida.jpg","width":1094,"height":619,"caption":"Foto: 123rf.com"},"datePublished":"2025-11-08T12:14:40+01:00","dateModified":"2025-11-08T12:14:40+01:00","inLanguage":"es-ES","mainEntityOfPage":{"@id":"https:\/\/candas365.es\/noticias\/la-mesa-compartida-el-ingrediente-invisible\/#webpage"},"isPartOf":{"@id":"https:\/\/candas365.es\/noticias\/la-mesa-compartida-el-ingrediente-invisible\/#webpage"},"articleSection":"Sociedad, Gastronom\u00eda, sociedad","dateline":"Publicado el noviembre 8, 2025."},{"@type":"Organization","@id":"https:\/\/candas365.es\/noticias\/#organization","name":"Cand\u00e1s 365","description":"Cand\u00e1s 365 es un diario digital independiente, fundado en 2012, con base en Asturias. Informamos con rigor sobre actualidad, sociedad, cultura y ocio, con una mirada local y global.","url":"https:\/\/candas365.es\/noticias\/","email":"info@candas365.es","telephone":"+34652131393","foundingDate":"2012-06-10","logo":{"@type":"ImageObject","url":"https:\/\/candas365.es\/noticias\/wp-content\/uploads\/2024\/09\/Candas-365-Redes.jpg","@id":"https:\/\/candas365.es\/noticias\/la-mesa-compartida-el-ingrediente-invisible\/#organizationLogo","width":1152,"height":864,"caption":"Cand\u00e1s 365 Redes"},"image":{"@id":"https:\/\/candas365.es\/noticias\/la-mesa-compartida-el-ingrediente-invisible\/#organizationLogo"},"sameAs":["https:\/\/www.facebook.com\/Nachofdezber","https:\/\/x.com\/NabercoDigital","https:\/\/www.instagram.com\/nachofdezber\/","https:\/\/www.youtube.com\/channel\/UCZP-2wLEB9Rv6erhFmqVnvg"],"address":{"@id":"https:\/\/candas365.es\/noticias\/#postaladdress","@type":"PostalAddress","streetAddress":"san antonio 4, san antonio 4","postalCode":"33430","addressLocality":"Cand\u00e1s","addressRegion":"Asturias","addressCountry":"ES"}},{"@type":"Person","@id":"https:\/\/candas365.es\/noticias\/author\/admin\/#author","url":"https:\/\/candas365.es\/noticias\/author\/admin\/","name":"Cand\u00e1s 365","image":{"@type":"ImageObject","@id":"https:\/\/candas365.es\/noticias\/la-mesa-compartida-el-ingrediente-invisible\/#authorImage","url":"https:\/\/secure.gravatar.com\/avatar\/496a8e03d0c493ede1718b7934145dbdf8d89be1036b0eec9544e1094c9de390?s=96&d=mm&r=g","width":96,"height":96,"caption":"Cand\u00e1s 365"},"sameAs":["https:\/\/www.facebook.com\/carrenoactualidad","https:\/\/twitter.com\/nbasturias","https:\/\/www.instagram.com\/nachofdezber\/","https:\/\/www.youtube.com\/channel\/UCZP-2wLEB9Rv6erhFmqVnvg"]},{"@type":"WebPage","@id":"https:\/\/candas365.es\/noticias\/la-mesa-compartida-el-ingrediente-invisible\/#webpage","url":"https:\/\/candas365.es\/noticias\/la-mesa-compartida-el-ingrediente-invisible\/","name":"La mesa compartida: el ingrediente invisible | Cand\u00e1s 365","description":"La mesa compartida es el ingrediente invisible de cualquier comida memorable. No se cocina, no se sirve y no se mastica, pero cambia el sabor de todo","inLanguage":"es-ES","isPartOf":{"@id":"https:\/\/candas365.es\/noticias\/#website"},"breadcrumb":{"@id":"https:\/\/candas365.es\/noticias\/la-mesa-compartida-el-ingrediente-invisible\/#breadcrumblist"},"author":{"@id":"https:\/\/candas365.es\/noticias\/author\/admin\/#author"},"creator":{"@id":"https:\/\/candas365.es\/noticias\/author\/admin\/#author"},"image":{"@type":"ImageObject","url":"https:\/\/candas365.es\/noticias\/wp-content\/uploads\/2025\/11\/mesa-compartida.jpg","@id":"https:\/\/candas365.es\/noticias\/la-mesa-compartida-el-ingrediente-invisible\/#mainImage","width":1094,"height":619,"caption":"Foto: 123rf.com"},"primaryImageOfPage":{"@id":"https:\/\/candas365.es\/noticias\/la-mesa-compartida-el-ingrediente-invisible\/#mainImage"},"datePublished":"2025-11-08T12:14:40+01:00","dateModified":"2025-11-08T12:14:40+01:00"},{"@type":"WebSite","@id":"https:\/\/candas365.es\/noticias\/#website","url":"https:\/\/candas365.es\/noticias\/","name":"Cand\u00e1s 365","alternateName":"Cand\u00e1s 365 Noticias","description":"Actualidad desde Carre\u00f1o para el mundo","inLanguage":"es-ES","publisher":{"@id":"https:\/\/candas365.es\/noticias\/#organization"}}]},"og:locale":"es_ES","og:site_name":"Cand\u00e1s 365","og:type":"article","og:title":"La mesa compartida: el ingrediente invisible | Cand\u00e1s 365","og:description":"La mesa compartida es el ingrediente invisible de cualquier comida memorable. No se cocina, no se sirve y no se mastica, pero cambia el sabor de todo","og:url":"https:\/\/candas365.es\/noticias\/la-mesa-compartida-el-ingrediente-invisible\/","og:image":"https:\/\/candas365.es\/noticias\/wp-content\/uploads\/2025\/11\/mesa-compartida.jpg","og:image:secure_url":"https:\/\/candas365.es\/noticias\/wp-content\/uploads\/2025\/11\/mesa-compartida.jpg","og:image:width":1094,"og:image:height":619,"article:published_time":"2025-11-08T11:14:40+00:00","article:modified_time":"2025-11-08T11:14:40+00:00","article:publisher":"https:\/\/www.facebook.com\/Nachofdezber","article:author":"https:\/\/www.facebook.com\/carrenoactualidad","twitter:card":"summary_large_image","twitter:site":"@NabercoDigital","twitter:title":"La mesa compartida: el ingrediente invisible | Cand\u00e1s 365","twitter:description":"La mesa compartida es el ingrediente invisible de cualquier comida memorable. No se cocina, no se sirve y no se mastica, pero cambia el sabor de todo","twitter:creator":"@nbasturias","twitter:image":"https:\/\/candas365.es\/noticias\/wp-content\/uploads\/2025\/11\/mesa-compartida.jpg","twitter:label1":"Escrito por","twitter:data1":"Cand\u00e1s 365","twitter:label2":"Tiempo de lectura estimado","twitter:data2":"2 minutos"},"aioseo_meta_data":{"post_id":"189939","title":null,"description":"La mesa compartida es el ingrediente invisible de cualquier comida memorable. No se cocina, no se sirve y no se mastica, pero cambia el sabor de todo","keywords":null,"keyphrases":{"focus":{"keyphrase":"mesa compartida","score":91,"analysis":{"keyphraseInTitle":{"score":9,"maxScore":9,"error":0},"keyphraseInDescription":{"score":9,"maxScore":9,"error":0},"keyphraseLength":{"score":9,"maxScore":9,"error":0,"length":2},"keyphraseInURL":{"score":5,"maxScore":5,"error":0},"keyphraseInIntroduction":{"score":9,"maxScore":9,"error":0},"keyphraseInSubHeadings":{"score":3,"maxScore":9,"error":1},"keyphraseInImageAlt":{"score":9,"maxScore":9,"error":0},"keywordDensity":{"type":"best","score":9,"maxScore":9,"error":0}}},"additional":[{"keyphrase":"mesa compartida","score":100,"analysis":{"keyphraseInDescription":{"score":9,"maxScore":9,"error":0},"keyphraseLength":{"score":9,"maxScore":9,"error":0,"length":2},"keyphraseInIntroduction":{"score":9,"maxScore":9,"error":0},"keyphraseInImageAlt":{"score":9,"maxScore":9,"error":0},"keywordDensity":{"type":"best","score":9,"maxScore":9,"error":0}}}]},"primary_term":null,"canonical_url":null,"og_title":null,"og_description":null,"og_object_type":"default","og_image_type":"default","og_image_url":null,"og_image_width":null,"og_image_height":null,"og_image_custom_url":null,"og_image_custom_fields":null,"og_video":"","og_custom_url":null,"og_article_section":null,"og_article_tags":null,"twitter_use_og":false,"twitter_card":"default","twitter_image_type":"default","twitter_image_url":null,"twitter_image_custom_url":null,"twitter_image_custom_fields":null,"twitter_title":null,"twitter_description":null,"schema":{"blockGraphs":[],"customGraphs":[],"default":{"data":{"Article":[],"Course":[],"Dataset":[],"FAQPage":[],"Movie":[],"Person":[],"Product":[],"ProductReview":[],"Car":[],"Recipe":[],"Service":[],"SoftwareApplication":[],"WebPage":[]},"graphName":"Article","isEnabled":true},"graphs":[]},"schema_type":"default","schema_type_options":null,"pillar_content":false,"robots_default":true,"robots_noindex":false,"robots_noarchive":false,"robots_nosnippet":false,"robots_nofollow":false,"robots_noimageindex":false,"robots_noodp":false,"robots_notranslate":false,"robots_max_snippet":"-1","robots_max_videopreview":"-1","robots_max_imagepreview":"large","priority":null,"frequency":"default","location":null,"local_seo":null,"seo_analyzer_scan_date":"2025-11-08 11:15:54","breadcrumb_settings":null,"limit_modified_date":false,"reviewed_by":null,"open_ai":null,"ai":{"faqs":[],"keyPoints":[],"titles":[],"descriptions":[],"socialPosts":{"email":[],"linkedin":[],"twitter":[],"facebook":[],"instagram":[]}},"created":"2025-11-08 11:07:57","updated":"2025-11-08 11:24:14"},"aioseo_breadcrumb":"<div class=\"aioseo-breadcrumbs\"><span class=\"aioseo-breadcrumb\">\n\t<a href=\"https:\/\/candas365.es\/noticias\" title=\"Home\">Home<\/a>\n<\/span><span class=\"aioseo-breadcrumb-separator\">&ndash;<\/span><span class=\"aioseo-breadcrumb\">\n\t<a href=\"https:\/\/candas365.es\/noticias\/category\/sociedad\/\" title=\"Sociedad\">Sociedad<\/a>\n<\/span><span class=\"aioseo-breadcrumb-separator\">&ndash;<\/span><span class=\"aioseo-breadcrumb\">\n\tLa mesa compartida: el ingrediente invisible\n<\/span><\/div>","aioseo_breadcrumb_json":[{"label":"Home","link":"https:\/\/candas365.es\/noticias"},{"label":"Sociedad","link":"https:\/\/candas365.es\/noticias\/category\/sociedad\/"},{"label":"La mesa compartida: el ingrediente invisible","link":"https:\/\/candas365.es\/noticias\/la-mesa-compartida-el-ingrediente-invisible\/"}],"_links":{"self":[{"href":"https:\/\/candas365.es\/noticias\/wp-json\/wp\/v2\/posts\/189939","targetHints":{"allow":["GET"]}}],"collection":[{"href":"https:\/\/candas365.es\/noticias\/wp-json\/wp\/v2\/posts"}],"about":[{"href":"https:\/\/candas365.es\/noticias\/wp-json\/wp\/v2\/types\/post"}],"author":[{"embeddable":true,"href":"https:\/\/candas365.es\/noticias\/wp-json\/wp\/v2\/users\/1"}],"replies":[{"embeddable":true,"href":"https:\/\/candas365.es\/noticias\/wp-json\/wp\/v2\/comments?post=189939"}],"version-history":[{"count":0,"href":"https:\/\/candas365.es\/noticias\/wp-json\/wp\/v2\/posts\/189939\/revisions"}],"wp:featuredmedia":[{"embeddable":true,"href":"https:\/\/candas365.es\/noticias\/wp-json\/wp\/v2\/media\/189940"}],"wp:attachment":[{"href":"https:\/\/candas365.es\/noticias\/wp-json\/wp\/v2\/media?parent=189939"}],"wp:term":[{"taxonomy":"category","embeddable":true,"href":"https:\/\/candas365.es\/noticias\/wp-json\/wp\/v2\/categories?post=189939"},{"taxonomy":"post_tag","embeddable":true,"href":"https:\/\/candas365.es\/noticias\/wp-json\/wp\/v2\/tags?post=189939"}],"curies":[{"name":"wp","href":"https:\/\/api.w.org\/{rel}","templated":true}]}}