{"id":189883,"date":"2025-11-07T15:21:17","date_gmt":"2025-11-07T14:21:17","guid":{"rendered":"https:\/\/candas365.es\/noticias\/?p=189883"},"modified":"2025-11-07T15:21:17","modified_gmt":"2025-11-07T14:21:17","slug":"cae-la-facturacion-de-daimler-truck","status":"publish","type":"post","link":"https:\/\/candas365.es\/noticias\/cae-la-facturacion-de-daimler-truck\/","title":{"rendered":"Cae la facturaci\u00f3n de Daimler Truck"},"content":{"rendered":"<p>Leinfelden-Echterdingen (Alemania), 7 nov (<a href=\"https:\/\/www.dpa-news.de\/\" target=\"_blank\" rel=\"noopener\"><span style=\"color: #ff6600;\"><strong>dpa<\/strong><\/span><\/a>) &#8211; La facturaci\u00f3n del <strong><a href=\"https:\/\/candas365.es\/noticias\/category\/canal-empresas\/\"><span style=\"color: #ff6600;\">fabricante alem\u00e1n de veh\u00edculos comerciales<\/span><\/a><\/strong> Daimler Truck cay\u00f3 un 14 % interanual en el tercer trimestre del a\u00f1o, hasta los 10.600 millones de euros (12.200 millones de d\u00f3lares).<\/p>\n<figure id=\"attachment_189884\" aria-describedby=\"caption-attachment-189884\" style=\"width: 650px\" class=\"wp-caption aligncenter\"><img fetchpriority=\"high\" decoding=\"async\" class=\"size-large wp-image-189884\" src=\"https:\/\/candas365.es\/noticias\/wp-content\/uploads\/2025\/11\/Daimler-Truck-650x432.jpg\" alt=\"Daimler Truck\" width=\"650\" height=\"432\" srcset=\"https:\/\/candas365.es\/noticias\/wp-content\/uploads\/2025\/11\/Daimler-Truck-650x432.jpg 650w, https:\/\/candas365.es\/noticias\/wp-content\/uploads\/2025\/11\/Daimler-Truck-360x239.jpg 360w, https:\/\/candas365.es\/noticias\/wp-content\/uploads\/2025\/11\/Daimler-Truck-768x511.jpg 768w, https:\/\/candas365.es\/noticias\/wp-content\/uploads\/2025\/11\/Daimler-Truck-150x100.jpg 150w, https:\/\/candas365.es\/noticias\/wp-content\/uploads\/2025\/11\/Daimler-Truck-450x299.jpg 450w, https:\/\/candas365.es\/noticias\/wp-content\/uploads\/2025\/11\/Daimler-Truck.jpg 997w\" sizes=\"(max-width: 650px) 100vw, 650px\" \/><figcaption id=\"caption-attachment-189884\" class=\"wp-caption-text\">Foto: Uli Deck\/dpa<\/figcaption><\/figure>\n<p>En un comunicado emitido hoy, la empresa comunic\u00f3 que el resultado antes de intereses e impuestos, ajustado por efectos especiales, cay\u00f3 un 40 % interanual en dicho periodo, hasta quedarse en 716 millones de euros.<\/p>\n<p>La directora general del grupo, la sueca Karin Radstr\u00f6m, confirm\u00f3 las previsiones para el a\u00f1o, que se han rebajado varias veces ya. Asimismo, inform\u00f3 que los beneficios atribuibles a los accionistas cayeron un 29 %, hasta los 434 millones de euros.<\/p>\n<h2>Previsiones dif\u00edciles en EEUU<\/h2>\n<p>Las subidas de aranceles decretadas por el presidente estadounidense, Donald Trump, han trastocado el mercado hasta el punto de que los transportistas apenas pueden estimar cu\u00e1l ser\u00e1 el volumen llegado a los puertos del pa\u00eds en los pr\u00f3ximos a\u00f1os y, debido a la incertidumbre, est\u00e1n encargando menos camiones.<\/p>\n<p>Adem\u00e1s, el aumento de los aranceles sobre las importaciones de acero y aluminio supone un coste adicional para los fabricantes de veh\u00edculos industriales.<\/p>\n<p>En el tercer trimestre, los clientes de Norteam\u00e9rica encargaron 26.168 veh\u00edculos a Daimler Truck, casi el doble que en el trimestre anterior, pero en comparaci\u00f3n con el mismo periodo del a\u00f1o anterior, esto supuso un descenso de casi el 33 %.<\/p>\n<p>Norteam\u00e9rica es, por regla general, el mercado m\u00e1s lucrativo de Daimler Truck, sobre todo con las marcas Freightliner y Western Star.<\/p>\n<p>Por el contrario, en Europa, Daimler Truck inform\u00f3 que el negocio se est\u00e1 recuperando tras la recesi\u00f3n econ\u00f3mica. Las ventas de la marca Mercedes-Benz, la principal del grupo en la regi\u00f3n, aumentaron un 8 % en comparaci\u00f3n con el a\u00f1o anterior, y los pedidos, m\u00e1s de un 20 %.<\/p>\n<h2>Recortes de empleos<\/h2>\n<p>La directora general del grupo, Karin Radstr\u00f6m, anunci\u00f3 recientemente un programa de ahorro para aumentar a largo plazo el margen de la divisi\u00f3n Mercedes-Benz en Europa, que sufre de una rentabilidad baja desde hace tiempo.<\/p>\n<p>Para 2030, los gastos corrientes en el continente europeo se reducir\u00e1n en m\u00e1s de 1.000 millones de euros, lo que supondr\u00e1 la eliminaci\u00f3n de unos 5.000 puestos de trabajo en Alemania. En Norteam\u00e9rica, Daimler Truck est\u00e1 reduciendo su capacidad de producci\u00f3n, lo que, seg\u00fan datos anteriores, afectar\u00e1 a un total de m\u00e1s de 2.000 puestos de trabajo.<\/p>\n","protected":false},"excerpt":{"rendered":"<p>Leinfelden-Echterdingen (Alemania), 7 nov (dpa) &#8211; La facturaci\u00f3n del fabricante alem\u00e1n de veh\u00edculos comerciales Daimler Truck cay\u00f3 un 14 % interanual en el tercer trimestre del a\u00f1o, hasta los 10.600 millones de euros (12.200 millones de d\u00f3lares). En un comunicado emitido hoy, la empresa comunic\u00f3 que el resultado antes de intereses e impuestos, ajustado por<\/p>\n","protected":false},"author":1,"featured_media":189884,"comment_status":"closed","ping_status":"closed","sticky":false,"template":"","format":"standard","meta":{"footnotes":""},"categories":[151],"tags":[383],"class_list":{"0":"post-189883","1":"post","2":"type-post","3":"status-publish","4":"format-standard","5":"has-post-thumbnail","7":"category-canal-empresas","8":"tag-empresas"},"aioseo_notices":[],"aioseo_head":"\n\t\t<!-- All in One SEO Pro 4.9.6.2 - aioseo.com -->\n\t<meta name=\"description\" content=\"Leinfelden-Echterdingen (Alemania), 7 nov (dpa) - La facturaci\u00f3n del fabricante alem\u00e1n de veh\u00edculos comerciales Daimler Truck cay\u00f3 un 14 % interanual\" \/>\n\t<meta name=\"robots\" content=\"max-image-preview:large\" \/>\n\t<meta name=\"author\" content=\"Cand\u00e1s 365\"\/>\n\t<meta name=\"google-site-verification\" content=\"UA-32230408-1\" \/>\n\t<meta name=\"msvalidate.01\" content=\"354F3CDFB2DA171B47FBE9ABF1F88D5\" \/>\n\t<meta name=\"keywords\" content=\"canal empresas\" \/>\n\t<link rel=\"canonical\" href=\"https:\/\/candas365.es\/noticias\/cae-la-facturacion-de-daimler-truck\/\" \/>\n\t<meta name=\"generator\" content=\"All in One SEO Pro (AIOSEO) 4.9.6.2\" \/>\n\t\t<meta property=\"og:locale\" content=\"es_ES\" \/>\n\t\t<meta property=\"og:site_name\" content=\"Cand\u00e1s 365\" \/>\n\t\t<meta property=\"og:type\" content=\"article\" \/>\n\t\t<meta property=\"og:title\" content=\"Cae la facturaci\u00f3n de Daimler Truck | Cand\u00e1s 365\" \/>\n\t\t<meta property=\"og:description\" content=\"Leinfelden-Echterdingen (Alemania), 7 nov (dpa) - La facturaci\u00f3n del fabricante alem\u00e1n de veh\u00edculos comerciales Daimler Truck cay\u00f3 un 14 % interanual\" \/>\n\t\t<meta property=\"og:url\" content=\"https:\/\/candas365.es\/noticias\/cae-la-facturacion-de-daimler-truck\/\" \/>\n\t\t<meta property=\"og:image\" content=\"https:\/\/candas365.es\/noticias\/wp-content\/uploads\/2025\/11\/Daimler-Truck.jpg\" \/>\n\t\t<meta property=\"og:image:secure_url\" content=\"https:\/\/candas365.es\/noticias\/wp-content\/uploads\/2025\/11\/Daimler-Truck.jpg\" \/>\n\t\t<meta property=\"og:image:width\" content=\"997\" \/>\n\t\t<meta property=\"og:image:height\" content=\"663\" \/>\n\t\t<meta property=\"article:published_time\" content=\"2025-11-07T14:21:17+00:00\" \/>\n\t\t<meta property=\"article:modified_time\" content=\"2025-11-07T14:21:17+00:00\" \/>\n\t\t<meta property=\"article:publisher\" content=\"https:\/\/www.facebook.com\/Nachofdezber\" \/>\n\t\t<meta property=\"article:author\" content=\"https:\/\/www.facebook.com\/carrenoactualidad\" \/>\n\t\t<meta name=\"twitter:card\" content=\"summary_large_image\" \/>\n\t\t<meta name=\"twitter:site\" content=\"@NabercoDigital\" \/>\n\t\t<meta name=\"twitter:title\" content=\"Cae la facturaci\u00f3n de Daimler Truck | Cand\u00e1s 365\" \/>\n\t\t<meta name=\"twitter:description\" content=\"Leinfelden-Echterdingen (Alemania), 7 nov (dpa) - La facturaci\u00f3n del fabricante alem\u00e1n de veh\u00edculos comerciales Daimler Truck cay\u00f3 un 14 % interanual\" \/>\n\t\t<meta name=\"twitter:creator\" content=\"@nbasturias\" \/>\n\t\t<meta name=\"twitter:image\" content=\"https:\/\/candas365.es\/noticias\/wp-content\/uploads\/2025\/11\/Daimler-Truck.jpg\" \/>\n\t\t<meta name=\"twitter:label1\" content=\"Escrito por\" \/>\n\t\t<meta name=\"twitter:data1\" content=\"Cand\u00e1s 365\" \/>\n\t\t<meta name=\"twitter:label2\" content=\"Tiempo de lectura estimado\" \/>\n\t\t<meta name=\"twitter:data2\" content=\"2 minutos\" \/>\n\t\t<script type=\"application\/ld+json\" class=\"aioseo-schema\">\n\t\t\t{\"@context\":\"https:\\\/\\\/schema.org\",\"@graph\":[{\"@type\":\"BreadcrumbList\",\"@id\":\"https:\\\/\\\/candas365.es\\\/noticias\\\/cae-la-facturacion-de-daimler-truck\\\/#breadcrumblist\",\"itemListElement\":[{\"@type\":\"ListItem\",\"@id\":\"https:\\\/\\\/candas365.es\\\/noticias#listItem\",\"position\":1,\"name\":\"Home\",\"item\":\"https:\\\/\\\/candas365.es\\\/noticias\",\"nextItem\":{\"@type\":\"ListItem\",\"@id\":\"https:\\\/\\\/candas365.es\\\/noticias\\\/category\\\/canal-empresas\\\/#listItem\",\"name\":\"Canal Empresas\"}},{\"@type\":\"ListItem\",\"@id\":\"https:\\\/\\\/candas365.es\\\/noticias\\\/category\\\/canal-empresas\\\/#listItem\",\"position\":2,\"name\":\"Canal Empresas\",\"item\":\"https:\\\/\\\/candas365.es\\\/noticias\\\/category\\\/canal-empresas\\\/\",\"nextItem\":{\"@type\":\"ListItem\",\"@id\":\"https:\\\/\\\/candas365.es\\\/noticias\\\/cae-la-facturacion-de-daimler-truck\\\/#listItem\",\"name\":\"Cae la facturaci\\u00f3n de Daimler Truck\"},\"previousItem\":{\"@type\":\"ListItem\",\"@id\":\"https:\\\/\\\/candas365.es\\\/noticias#listItem\",\"name\":\"Home\"}},{\"@type\":\"ListItem\",\"@id\":\"https:\\\/\\\/candas365.es\\\/noticias\\\/cae-la-facturacion-de-daimler-truck\\\/#listItem\",\"position\":3,\"name\":\"Cae la facturaci\\u00f3n de Daimler Truck\",\"previousItem\":{\"@type\":\"ListItem\",\"@id\":\"https:\\\/\\\/candas365.es\\\/noticias\\\/category\\\/canal-empresas\\\/#listItem\",\"name\":\"Canal Empresas\"}}]},{\"@type\":\"NewsArticle\",\"@id\":\"https:\\\/\\\/candas365.es\\\/noticias\\\/cae-la-facturacion-de-daimler-truck\\\/#newsarticle\",\"name\":\"Cae la facturaci\\u00f3n de Daimler Truck | Cand\\u00e1s 365\",\"headline\":\"Cae la facturaci\\u00f3n de Daimler Truck\",\"author\":{\"@id\":\"https:\\\/\\\/candas365.es\\\/noticias\\\/author\\\/admin\\\/#author\"},\"publisher\":{\"@id\":\"https:\\\/\\\/candas365.es\\\/noticias\\\/#organization\"},\"image\":{\"@type\":\"ImageObject\",\"url\":\"https:\\\/\\\/candas365.es\\\/noticias\\\/wp-content\\\/uploads\\\/2025\\\/11\\\/Daimler-Truck.jpg\",\"width\":997,\"height\":663,\"caption\":\"Foto: Uli Deck\\\/dpa\"},\"datePublished\":\"2025-11-07T15:21:17+01:00\",\"dateModified\":\"2025-11-07T15:21:17+01:00\",\"inLanguage\":\"es-ES\",\"mainEntityOfPage\":{\"@id\":\"https:\\\/\\\/candas365.es\\\/noticias\\\/cae-la-facturacion-de-daimler-truck\\\/#webpage\"},\"isPartOf\":{\"@id\":\"https:\\\/\\\/candas365.es\\\/noticias\\\/cae-la-facturacion-de-daimler-truck\\\/#webpage\"},\"articleSection\":\"Canal Empresas, empresas\",\"dateline\":\"Publicado el noviembre 7, 2025.\"},{\"@type\":\"Organization\",\"@id\":\"https:\\\/\\\/candas365.es\\\/noticias\\\/#organization\",\"name\":\"Cand\\u00e1s 365\",\"description\":\"Cand\\u00e1s 365 es un diario digital independiente, fundado en 2012, con base en Asturias. Informamos con rigor sobre actualidad, sociedad, cultura y ocio, con una mirada local y global.\",\"url\":\"https:\\\/\\\/candas365.es\\\/noticias\\\/\",\"email\":\"info@candas365.es\",\"telephone\":\"+34652131393\",\"foundingDate\":\"2012-06-10\",\"logo\":{\"@type\":\"ImageObject\",\"url\":\"https:\\\/\\\/candas365.es\\\/noticias\\\/wp-content\\\/uploads\\\/2024\\\/09\\\/Candas-365-Redes.jpg\",\"@id\":\"https:\\\/\\\/candas365.es\\\/noticias\\\/cae-la-facturacion-de-daimler-truck\\\/#organizationLogo\",\"width\":1152,\"height\":864,\"caption\":\"Cand\\u00e1s 365 Redes\"},\"image\":{\"@id\":\"https:\\\/\\\/candas365.es\\\/noticias\\\/cae-la-facturacion-de-daimler-truck\\\/#organizationLogo\"},\"sameAs\":[\"https:\\\/\\\/www.facebook.com\\\/Nachofdezber\",\"https:\\\/\\\/x.com\\\/NabercoDigital\",\"https:\\\/\\\/www.instagram.com\\\/nachofdezber\\\/\",\"https:\\\/\\\/www.youtube.com\\\/channel\\\/UCZP-2wLEB9Rv6erhFmqVnvg\"],\"address\":{\"@id\":\"https:\\\/\\\/candas365.es\\\/noticias\\\/#postaladdress\",\"@type\":\"PostalAddress\",\"streetAddress\":\"san antonio 4, san antonio 4\",\"postalCode\":\"33430\",\"addressLocality\":\"Cand\\u00e1s\",\"addressRegion\":\"Asturias\",\"addressCountry\":\"ES\"}},{\"@type\":\"Person\",\"@id\":\"https:\\\/\\\/candas365.es\\\/noticias\\\/author\\\/admin\\\/#author\",\"url\":\"https:\\\/\\\/candas365.es\\\/noticias\\\/author\\\/admin\\\/\",\"name\":\"Cand\\u00e1s 365\",\"image\":{\"@type\":\"ImageObject\",\"@id\":\"https:\\\/\\\/candas365.es\\\/noticias\\\/cae-la-facturacion-de-daimler-truck\\\/#authorImage\",\"url\":\"https:\\\/\\\/secure.gravatar.com\\\/avatar\\\/496a8e03d0c493ede1718b7934145dbdf8d89be1036b0eec9544e1094c9de390?s=96&d=mm&r=g\",\"width\":96,\"height\":96,\"caption\":\"Cand\\u00e1s 365\"},\"sameAs\":[\"https:\\\/\\\/www.facebook.com\\\/carrenoactualidad\",\"https:\\\/\\\/twitter.com\\\/nbasturias\",\"https:\\\/\\\/www.instagram.com\\\/nachofdezber\\\/\",\"https:\\\/\\\/www.youtube.com\\\/channel\\\/UCZP-2wLEB9Rv6erhFmqVnvg\"]},{\"@type\":\"WebPage\",\"@id\":\"https:\\\/\\\/candas365.es\\\/noticias\\\/cae-la-facturacion-de-daimler-truck\\\/#webpage\",\"url\":\"https:\\\/\\\/candas365.es\\\/noticias\\\/cae-la-facturacion-de-daimler-truck\\\/\",\"name\":\"Cae la facturaci\\u00f3n de Daimler Truck | Cand\\u00e1s 365\",\"description\":\"Leinfelden-Echterdingen (Alemania), 7 nov (dpa) - La facturaci\\u00f3n del fabricante alem\\u00e1n de veh\\u00edculos comerciales Daimler Truck cay\\u00f3 un 14 % interanual\",\"inLanguage\":\"es-ES\",\"isPartOf\":{\"@id\":\"https:\\\/\\\/candas365.es\\\/noticias\\\/#website\"},\"breadcrumb\":{\"@id\":\"https:\\\/\\\/candas365.es\\\/noticias\\\/cae-la-facturacion-de-daimler-truck\\\/#breadcrumblist\"},\"author\":{\"@id\":\"https:\\\/\\\/candas365.es\\\/noticias\\\/author\\\/admin\\\/#author\"},\"creator\":{\"@id\":\"https:\\\/\\\/candas365.es\\\/noticias\\\/author\\\/admin\\\/#author\"},\"image\":{\"@type\":\"ImageObject\",\"url\":\"https:\\\/\\\/candas365.es\\\/noticias\\\/wp-content\\\/uploads\\\/2025\\\/11\\\/Daimler-Truck.jpg\",\"@id\":\"https:\\\/\\\/candas365.es\\\/noticias\\\/cae-la-facturacion-de-daimler-truck\\\/#mainImage\",\"width\":997,\"height\":663,\"caption\":\"Foto: Uli Deck\\\/dpa\"},\"primaryImageOfPage\":{\"@id\":\"https:\\\/\\\/candas365.es\\\/noticias\\\/cae-la-facturacion-de-daimler-truck\\\/#mainImage\"},\"datePublished\":\"2025-11-07T15:21:17+01:00\",\"dateModified\":\"2025-11-07T15:21:17+01:00\"},{\"@type\":\"WebSite\",\"@id\":\"https:\\\/\\\/candas365.es\\\/noticias\\\/#website\",\"url\":\"https:\\\/\\\/candas365.es\\\/noticias\\\/\",\"name\":\"Cand\\u00e1s 365\",\"alternateName\":\"Cand\\u00e1s 365 Noticias\",\"description\":\"Actualidad desde Carre\\u00f1o para el mundo\",\"inLanguage\":\"es-ES\",\"publisher\":{\"@id\":\"https:\\\/\\\/candas365.es\\\/noticias\\\/#organization\"}}]}\n\t\t<\/script>\n\t\t<!-- All in One SEO Pro -->\r\n\t\t<title>Cae la facturaci\u00f3n de Daimler Truck | Cand\u00e1s 365<\/title>\n\n","aioseo_head_json":{"title":"Cae la facturaci\u00f3n de Daimler Truck | Cand\u00e1s 365","description":"Leinfelden-Echterdingen (Alemania), 7 nov (dpa) - La facturaci\u00f3n del fabricante alem\u00e1n de veh\u00edculos comerciales Daimler Truck cay\u00f3 un 14 % interanual","canonical_url":"https:\/\/candas365.es\/noticias\/cae-la-facturacion-de-daimler-truck\/","robots":"max-image-preview:large","keywords":"canal empresas","webmasterTools":{"google-site-verification":"UA-32230408-1","msvalidate.01":"354F3CDFB2DA171B47FBE9ABF1F88D5","miscellaneous":""},"schema":{"@context":"https:\/\/schema.org","@graph":[{"@type":"BreadcrumbList","@id":"https:\/\/candas365.es\/noticias\/cae-la-facturacion-de-daimler-truck\/#breadcrumblist","itemListElement":[{"@type":"ListItem","@id":"https:\/\/candas365.es\/noticias#listItem","position":1,"name":"Home","item":"https:\/\/candas365.es\/noticias","nextItem":{"@type":"ListItem","@id":"https:\/\/candas365.es\/noticias\/category\/canal-empresas\/#listItem","name":"Canal Empresas"}},{"@type":"ListItem","@id":"https:\/\/candas365.es\/noticias\/category\/canal-empresas\/#listItem","position":2,"name":"Canal Empresas","item":"https:\/\/candas365.es\/noticias\/category\/canal-empresas\/","nextItem":{"@type":"ListItem","@id":"https:\/\/candas365.es\/noticias\/cae-la-facturacion-de-daimler-truck\/#listItem","name":"Cae la facturaci\u00f3n de Daimler Truck"},"previousItem":{"@type":"ListItem","@id":"https:\/\/candas365.es\/noticias#listItem","name":"Home"}},{"@type":"ListItem","@id":"https:\/\/candas365.es\/noticias\/cae-la-facturacion-de-daimler-truck\/#listItem","position":3,"name":"Cae la facturaci\u00f3n de Daimler Truck","previousItem":{"@type":"ListItem","@id":"https:\/\/candas365.es\/noticias\/category\/canal-empresas\/#listItem","name":"Canal Empresas"}}]},{"@type":"NewsArticle","@id":"https:\/\/candas365.es\/noticias\/cae-la-facturacion-de-daimler-truck\/#newsarticle","name":"Cae la facturaci\u00f3n de Daimler Truck | Cand\u00e1s 365","headline":"Cae la facturaci\u00f3n de Daimler Truck","author":{"@id":"https:\/\/candas365.es\/noticias\/author\/admin\/#author"},"publisher":{"@id":"https:\/\/candas365.es\/noticias\/#organization"},"image":{"@type":"ImageObject","url":"https:\/\/candas365.es\/noticias\/wp-content\/uploads\/2025\/11\/Daimler-Truck.jpg","width":997,"height":663,"caption":"Foto: Uli Deck\/dpa"},"datePublished":"2025-11-07T15:21:17+01:00","dateModified":"2025-11-07T15:21:17+01:00","inLanguage":"es-ES","mainEntityOfPage":{"@id":"https:\/\/candas365.es\/noticias\/cae-la-facturacion-de-daimler-truck\/#webpage"},"isPartOf":{"@id":"https:\/\/candas365.es\/noticias\/cae-la-facturacion-de-daimler-truck\/#webpage"},"articleSection":"Canal Empresas, empresas","dateline":"Publicado el noviembre 7, 2025."},{"@type":"Organization","@id":"https:\/\/candas365.es\/noticias\/#organization","name":"Cand\u00e1s 365","description":"Cand\u00e1s 365 es un diario digital independiente, fundado en 2012, con base en Asturias. Informamos con rigor sobre actualidad, sociedad, cultura y ocio, con una mirada local y global.","url":"https:\/\/candas365.es\/noticias\/","email":"info@candas365.es","telephone":"+34652131393","foundingDate":"2012-06-10","logo":{"@type":"ImageObject","url":"https:\/\/candas365.es\/noticias\/wp-content\/uploads\/2024\/09\/Candas-365-Redes.jpg","@id":"https:\/\/candas365.es\/noticias\/cae-la-facturacion-de-daimler-truck\/#organizationLogo","width":1152,"height":864,"caption":"Cand\u00e1s 365 Redes"},"image":{"@id":"https:\/\/candas365.es\/noticias\/cae-la-facturacion-de-daimler-truck\/#organizationLogo"},"sameAs":["https:\/\/www.facebook.com\/Nachofdezber","https:\/\/x.com\/NabercoDigital","https:\/\/www.instagram.com\/nachofdezber\/","https:\/\/www.youtube.com\/channel\/UCZP-2wLEB9Rv6erhFmqVnvg"],"address":{"@id":"https:\/\/candas365.es\/noticias\/#postaladdress","@type":"PostalAddress","streetAddress":"san antonio 4, san antonio 4","postalCode":"33430","addressLocality":"Cand\u00e1s","addressRegion":"Asturias","addressCountry":"ES"}},{"@type":"Person","@id":"https:\/\/candas365.es\/noticias\/author\/admin\/#author","url":"https:\/\/candas365.es\/noticias\/author\/admin\/","name":"Cand\u00e1s 365","image":{"@type":"ImageObject","@id":"https:\/\/candas365.es\/noticias\/cae-la-facturacion-de-daimler-truck\/#authorImage","url":"https:\/\/secure.gravatar.com\/avatar\/496a8e03d0c493ede1718b7934145dbdf8d89be1036b0eec9544e1094c9de390?s=96&d=mm&r=g","width":96,"height":96,"caption":"Cand\u00e1s 365"},"sameAs":["https:\/\/www.facebook.com\/carrenoactualidad","https:\/\/twitter.com\/nbasturias","https:\/\/www.instagram.com\/nachofdezber\/","https:\/\/www.youtube.com\/channel\/UCZP-2wLEB9Rv6erhFmqVnvg"]},{"@type":"WebPage","@id":"https:\/\/candas365.es\/noticias\/cae-la-facturacion-de-daimler-truck\/#webpage","url":"https:\/\/candas365.es\/noticias\/cae-la-facturacion-de-daimler-truck\/","name":"Cae la facturaci\u00f3n de Daimler Truck | Cand\u00e1s 365","description":"Leinfelden-Echterdingen (Alemania), 7 nov (dpa) - La facturaci\u00f3n del fabricante alem\u00e1n de veh\u00edculos comerciales Daimler Truck cay\u00f3 un 14 % interanual","inLanguage":"es-ES","isPartOf":{"@id":"https:\/\/candas365.es\/noticias\/#website"},"breadcrumb":{"@id":"https:\/\/candas365.es\/noticias\/cae-la-facturacion-de-daimler-truck\/#breadcrumblist"},"author":{"@id":"https:\/\/candas365.es\/noticias\/author\/admin\/#author"},"creator":{"@id":"https:\/\/candas365.es\/noticias\/author\/admin\/#author"},"image":{"@type":"ImageObject","url":"https:\/\/candas365.es\/noticias\/wp-content\/uploads\/2025\/11\/Daimler-Truck.jpg","@id":"https:\/\/candas365.es\/noticias\/cae-la-facturacion-de-daimler-truck\/#mainImage","width":997,"height":663,"caption":"Foto: Uli Deck\/dpa"},"primaryImageOfPage":{"@id":"https:\/\/candas365.es\/noticias\/cae-la-facturacion-de-daimler-truck\/#mainImage"},"datePublished":"2025-11-07T15:21:17+01:00","dateModified":"2025-11-07T15:21:17+01:00"},{"@type":"WebSite","@id":"https:\/\/candas365.es\/noticias\/#website","url":"https:\/\/candas365.es\/noticias\/","name":"Cand\u00e1s 365","alternateName":"Cand\u00e1s 365 Noticias","description":"Actualidad desde Carre\u00f1o para el mundo","inLanguage":"es-ES","publisher":{"@id":"https:\/\/candas365.es\/noticias\/#organization"}}]},"og:locale":"es_ES","og:site_name":"Cand\u00e1s 365","og:type":"article","og:title":"Cae la facturaci\u00f3n de Daimler Truck | Cand\u00e1s 365","og:description":"Leinfelden-Echterdingen (Alemania), 7 nov (dpa) - La facturaci\u00f3n del fabricante alem\u00e1n de veh\u00edculos comerciales Daimler Truck cay\u00f3 un 14 % interanual","og:url":"https:\/\/candas365.es\/noticias\/cae-la-facturacion-de-daimler-truck\/","og:image":"https:\/\/candas365.es\/noticias\/wp-content\/uploads\/2025\/11\/Daimler-Truck.jpg","og:image:secure_url":"https:\/\/candas365.es\/noticias\/wp-content\/uploads\/2025\/11\/Daimler-Truck.jpg","og:image:width":997,"og:image:height":663,"article:published_time":"2025-11-07T14:21:17+00:00","article:modified_time":"2025-11-07T14:21:17+00:00","article:publisher":"https:\/\/www.facebook.com\/Nachofdezber","article:author":"https:\/\/www.facebook.com\/carrenoactualidad","twitter:card":"summary_large_image","twitter:site":"@NabercoDigital","twitter:title":"Cae la facturaci\u00f3n de Daimler Truck | Cand\u00e1s 365","twitter:description":"Leinfelden-Echterdingen (Alemania), 7 nov (dpa) - La facturaci\u00f3n del fabricante alem\u00e1n de veh\u00edculos comerciales Daimler Truck cay\u00f3 un 14 % interanual","twitter:creator":"@nbasturias","twitter:image":"https:\/\/candas365.es\/noticias\/wp-content\/uploads\/2025\/11\/Daimler-Truck.jpg","twitter:label1":"Escrito por","twitter:data1":"Cand\u00e1s 365","twitter:label2":"Tiempo de lectura estimado","twitter:data2":"2 minutos"},"aioseo_meta_data":{"post_id":"189883","title":null,"description":"Leinfelden-Echterdingen (Alemania), 7 nov (dpa) - La facturaci\u00f3n del fabricante alem\u00e1n de veh\u00edculos comerciales Daimler Truck cay\u00f3 un 14 % interanual","keywords":null,"keyphrases":{"focus":{"keyphrase":"Daimler Truck","score":91,"analysis":{"keyphraseInTitle":{"score":9,"maxScore":9,"error":0},"keyphraseInDescription":{"score":9,"maxScore":9,"error":0},"keyphraseLength":{"score":9,"maxScore":9,"error":0,"length":2},"keyphraseInURL":{"score":5,"maxScore":5,"error":0},"keyphraseInIntroduction":{"score":9,"maxScore":9,"error":0},"keyphraseInSubHeadings":{"score":3,"maxScore":9,"error":1},"keyphraseInImageAlt":{"score":9,"maxScore":9,"error":0},"keywordDensity":{"type":"best","score":9,"maxScore":9,"error":0}}},"additional":[{"keyphrase":"Daimler Truck","score":100,"analysis":{"keyphraseInDescription":{"score":9,"maxScore":9,"error":0},"keyphraseLength":{"score":9,"maxScore":9,"error":0,"length":2},"keyphraseInIntroduction":{"score":9,"maxScore":9,"error":0},"keyphraseInImageAlt":{"score":9,"maxScore":9,"error":0},"keywordDensity":{"type":"best","score":9,"maxScore":9,"error":0}}}]},"primary_term":null,"canonical_url":null,"og_title":null,"og_description":null,"og_object_type":"default","og_image_type":"default","og_image_url":null,"og_image_width":null,"og_image_height":null,"og_image_custom_url":null,"og_image_custom_fields":null,"og_video":"","og_custom_url":null,"og_article_section":null,"og_article_tags":null,"twitter_use_og":false,"twitter_card":"default","twitter_image_type":"default","twitter_image_url":null,"twitter_image_custom_url":null,"twitter_image_custom_fields":null,"twitter_title":null,"twitter_description":null,"schema":{"blockGraphs":[],"customGraphs":[],"default":{"data":{"Article":[],"Course":[],"Dataset":[],"FAQPage":[],"Movie":[],"Person":[],"Product":[],"ProductReview":[],"Car":[],"Recipe":[],"Service":[],"SoftwareApplication":[],"WebPage":[]},"graphName":"Article","isEnabled":true},"graphs":[]},"schema_type":"default","schema_type_options":null,"pillar_content":false,"robots_default":true,"robots_noindex":false,"robots_noarchive":false,"robots_nosnippet":false,"robots_nofollow":false,"robots_noimageindex":false,"robots_noodp":false,"robots_notranslate":false,"robots_max_snippet":"-1","robots_max_videopreview":"-1","robots_max_imagepreview":"large","priority":null,"frequency":"default","location":null,"local_seo":null,"seo_analyzer_scan_date":"2025-11-07 14:34:30","breadcrumb_settings":null,"limit_modified_date":false,"reviewed_by":null,"open_ai":null,"ai":{"faqs":[],"keyPoints":[],"titles":[],"descriptions":[],"socialPosts":{"email":[],"linkedin":[],"twitter":[],"facebook":[],"instagram":[]}},"created":"2025-11-07 14:14:47","updated":"2025-11-07 14:34:30"},"aioseo_breadcrumb":"<div class=\"aioseo-breadcrumbs\"><span class=\"aioseo-breadcrumb\">\n\t<a href=\"https:\/\/candas365.es\/noticias\" title=\"Home\">Home<\/a>\n<\/span><span class=\"aioseo-breadcrumb-separator\">&ndash;<\/span><span class=\"aioseo-breadcrumb\">\n\t<a href=\"https:\/\/candas365.es\/noticias\/category\/canal-empresas\/\" title=\"Canal Empresas\">Canal Empresas<\/a>\n<\/span><span class=\"aioseo-breadcrumb-separator\">&ndash;<\/span><span class=\"aioseo-breadcrumb\">\n\tCae la facturaci\u00f3n de Daimler Truck\n<\/span><\/div>","aioseo_breadcrumb_json":[{"label":"Home","link":"https:\/\/candas365.es\/noticias"},{"label":"Canal Empresas","link":"https:\/\/candas365.es\/noticias\/category\/canal-empresas\/"},{"label":"Cae la facturaci\u00f3n de Daimler Truck","link":"https:\/\/candas365.es\/noticias\/cae-la-facturacion-de-daimler-truck\/"}],"_links":{"self":[{"href":"https:\/\/candas365.es\/noticias\/wp-json\/wp\/v2\/posts\/189883","targetHints":{"allow":["GET"]}}],"collection":[{"href":"https:\/\/candas365.es\/noticias\/wp-json\/wp\/v2\/posts"}],"about":[{"href":"https:\/\/candas365.es\/noticias\/wp-json\/wp\/v2\/types\/post"}],"author":[{"embeddable":true,"href":"https:\/\/candas365.es\/noticias\/wp-json\/wp\/v2\/users\/1"}],"replies":[{"embeddable":true,"href":"https:\/\/candas365.es\/noticias\/wp-json\/wp\/v2\/comments?post=189883"}],"version-history":[{"count":0,"href":"https:\/\/candas365.es\/noticias\/wp-json\/wp\/v2\/posts\/189883\/revisions"}],"wp:featuredmedia":[{"embeddable":true,"href":"https:\/\/candas365.es\/noticias\/wp-json\/wp\/v2\/media\/189884"}],"wp:attachment":[{"href":"https:\/\/candas365.es\/noticias\/wp-json\/wp\/v2\/media?parent=189883"}],"wp:term":[{"taxonomy":"category","embeddable":true,"href":"https:\/\/candas365.es\/noticias\/wp-json\/wp\/v2\/categories?post=189883"},{"taxonomy":"post_tag","embeddable":true,"href":"https:\/\/candas365.es\/noticias\/wp-json\/wp\/v2\/tags?post=189883"}],"curies":[{"name":"wp","href":"https:\/\/api.w.org\/{rel}","templated":true}]}}