{"id":189880,"date":"2025-11-07T13:23:33","date_gmt":"2025-11-07T12:23:33","guid":{"rendered":"https:\/\/candas365.es\/noticias\/?p=189880"},"modified":"2025-11-07T13:23:33","modified_gmt":"2025-11-07T12:23:33","slug":"vega-moran-la-arena-no-pide-privilegios-pide-soluciones","status":"publish","type":"post","link":"https:\/\/candas365.es\/noticias\/vega-moran-la-arena-no-pide-privilegios-pide-soluciones\/","title":{"rendered":"Vega Mor\u00e1n: \u00abLa Arena no pide privilegios, pide soluciones\u00bb"},"content":{"rendered":"<p>Cristina Vega Mor\u00e1n, portavoz de Infraestructuras del PP, denunci\u00f3 en su visita al<a href=\"https:\/\/candas365.es\/noticias\/category\/asturias\/\"><span style=\"color: #ff6600;\"><strong> puerto de La Arena<\/strong><\/span><\/a> que \u00abel dragado anunciado por el <strong><span style=\"color: #ff6600;\"><a style=\"color: #ff6600;\" href=\"https:\/\/actualidad.asturias.es\/\" target=\"_blank\" rel=\"noopener\">Principado<\/a><\/span><\/strong> no es urgente ni suficiente y se aplaza hasta 2026, sin resolver el problema estructura\u00bb.<\/p>\n<figure id=\"attachment_189881\" aria-describedby=\"caption-attachment-189881\" style=\"width: 650px\" class=\"wp-caption aligncenter\"><img fetchpriority=\"high\" decoding=\"async\" class=\"size-large wp-image-189881\" src=\"https:\/\/candas365.es\/noticias\/wp-content\/uploads\/2025\/11\/Vega-Moran-puerto-de-La-Arena-650x406.jpg\" alt=\"Vega Mor\u00e1n puerto de La Arena\" width=\"650\" height=\"406\" srcset=\"https:\/\/candas365.es\/noticias\/wp-content\/uploads\/2025\/11\/Vega-Moran-puerto-de-La-Arena-650x406.jpg 650w, https:\/\/candas365.es\/noticias\/wp-content\/uploads\/2025\/11\/Vega-Moran-puerto-de-La-Arena-360x225.jpg 360w, https:\/\/candas365.es\/noticias\/wp-content\/uploads\/2025\/11\/Vega-Moran-puerto-de-La-Arena-768x480.jpg 768w, https:\/\/candas365.es\/noticias\/wp-content\/uploads\/2025\/11\/Vega-Moran-puerto-de-La-Arena-150x94.jpg 150w, https:\/\/candas365.es\/noticias\/wp-content\/uploads\/2025\/11\/Vega-Moran-puerto-de-La-Arena-450x281.jpg 450w, https:\/\/candas365.es\/noticias\/wp-content\/uploads\/2025\/11\/Vega-Moran-puerto-de-La-Arena.jpg 1092w\" sizes=\"(max-width: 650px) 100vw, 650px\" \/><figcaption id=\"caption-attachment-189881\" class=\"wp-caption-text\">Foto: Prensa PP Asturias<\/figcaption><\/figure>\n<p>La diputada regional y portavoz de Infraestructuras del Partido Popular, Cristina Vega Mor\u00e1n, junto con el presidente de la junta local del Partido Popular de Soto del Barco, Jos\u00e9 Manuel D\u00edaz, el presidente del Club N\u00e1utico, Jos\u00e9 Carlos \u00c1lvarez, y usuarios del puerto de La Arena, visit\u00f3 esta ma\u00f1ana el puerto, donde denunci\u00f3 que \u201cel dragado anunciado por el Principado ni es urgente, ni es suficiente, ni se realizar\u00e1 este a\u00f1o, al tratarse de una actuaci\u00f3n m\u00ednima que se aplaza hasta 2026 y no resuelve el problema estructural del puerto.\u201d<\/p>\n<p>Vega Mor\u00e1n record\u00f3 que \u201cllevamos mucho tiempo reclamando un dragado inmediato y una soluci\u00f3n definitiva. Nos dec\u00edan que no se pod\u00eda, que no hab\u00eda dinero, que era inviable. Hoy vemos que s\u00ed se puede, pero se hace tarde, a medias y despu\u00e9s de que la situaci\u00f3n haya llegado al l\u00edmite.\u201d<\/p>\n<p>Seg\u00fan se\u00f1al\u00f3 la parlamentaria popular, el puerto de La Arena arrastra una situaci\u00f3n cr\u00edtica desde hace a\u00f1os, con la bocana colmatada, amarres inoperativos y embarcaciones que solo pueden salir con la marea alta. \u201cLos dos \u00faltimos dragados del puerto, realizados en 2014 y 2023, superaron los 20.000 m\u00b3 cada uno. Sin embargo, apenas un a\u00f1o despu\u00e9s del \u00faltimo dragado, el puerto volvi\u00f3 a estar colmatado, con m\u00e1s de 20 amarres inoperativos embarcaciones varadas en bajamar,\u201d lament\u00f3 Vega quien a\u00f1adi\u00f3: \u201cAhora nos proponen un dragado de apenas 10.000 m3, una medida que nos parece una tomadura de pelo, viendo el estado actual del puerto.\u201d<\/p>\n<blockquote><p>\u201cEl puerto de La Arena est\u00e1 m\u00e1s tiempo en mal estado que en buen estado. Los dragados se hacen tarde, sin planificaci\u00f3n y de forma precipitada. Eso es tirar el dinero p\u00fablico\u201d, lament\u00f3 Vega Mor\u00e1n.<\/p><\/blockquote>\n<p>En este sentido, la parlamentaria advirti\u00f3 que la gravedad del problema volvi\u00f3 a quedar en evidencia en las \u00faltimas semanas, cuando una embarcaci\u00f3n se hundi\u00f3 en el puerto. \u201cEl suceso, que requiri\u00f3 la intervenci\u00f3n de los propios usuarios para poder reflotar el barco, ha generado una gran preocupaci\u00f3n entre los vecinos y el Club N\u00e1utico, que llevan a\u00f1os alertando del riesgo que supone la falta de calado y mantenimiento. En los \u00faltimos a\u00f1os se han contabilizado m\u00e1s de una treintena de barcos hundidos, una cifra que refleja la situaci\u00f3n l\u00edmite de un puerto que contin\u00faa sin una actuaci\u00f3n eficaz ni una soluci\u00f3n definitiva,\u201d censur\u00f3.<\/p>\n<p>\u201cNo puede ser que tengamos que esperar a que se hunda un barco para que el Principado se decida a actuar. Cada hundimiento es el reflejo de un abandono que dura ya demasiados a\u00f1os\u201d, subray\u00f3 Vega Mor\u00e1n.<\/p>\n<p>El Principado ha licitado el contrato \u201cDragado de mantenimiento de calados en los puertos de San Juan de La Arena y San Esteban de Pravia\u201d, con un presupuesto total de 533.915,34 \u20ac. Sin embargo, no se trata de una actuaci\u00f3n exclusiva para La Arena. Seg\u00fan el proyecto t\u00e9cnico en el puerto de la Arena solo se retirar\u00e1n 10.077 m\u00b3, la mitad que en 2023. Adem\u00e1s, el 95% del gasto previsto (509.715 \u20ac) se pospone al ejercicio 2026, dejando para 2025 solo 20.000 euros para tr\u00e1mites previos. \u201cAnuncian un dragado urgente y resulta que la obra real no se har\u00e1 hasta dentro de un a\u00f1o. Esto es, simple y llanamente burlarse de los vecinos. El puerto no puede esperar otro invierno m\u00e1s\u201d, se\u00f1al\u00f3 la diputada popular.<\/p>\n<p>Vega Mor\u00e1n afirm\u00f3 que el Principado ha licitado un estudio de alternativas y de impacto ambiental por 69.000 \u20ac para dise\u00f1ar una soluci\u00f3n definitiva y record\u00f3 que esta actuaci\u00f3n ya fue aprobada hace m\u00e1s de un a\u00f1o, en la proposici\u00f3n no de ley que el Partido popular present\u00f3 en la Junta General del Principado de Asturias en octubre de 2024, con el voto en contra del PSOE y Convocatoria por Asturias, que finalmente el Gobierno de Barb\u00f3n no cumpli\u00f3.<\/p>\n<p>\u201cNos dijeron que no era posible, que llevar\u00eda tiempo y que no hab\u00eda base t\u00e9cnica. Ahora hacen exactamente lo que ped\u00edamos entonces, pero con m\u00e1s de un a\u00f1o perdido, varios barcos hundidos y un puerto en peor estado que nunca\u201d, afirm\u00f3 Vega Mor\u00e1n.<\/p>\n<p>La diputada critic\u00f3 que \u201cel Gobierno de Barb\u00f3n sigue sin ejecutar plenamente las inversiones previstas en materia portuaria. En 2024, la ejecuci\u00f3n presupuestaria del cap\u00edtulo de inversiones dejo sin invertir m\u00e1s de 2,5 millones de euros, pese a la urgencia del puerto de La Arena y ya ven\u00edamos de un 2023 en el que se dejaron sin ejecutar 5 millones de euros en infraestructuras portuarias,\u201d y a\u00f1adi\u00f3 que \u201cno es un problema de dinero, es falta de voluntad. Si se quiere, se puede. Pero aqu\u00ed se ha preferido mirar hacia otro lado. Y mientras tanto, los barcos se hunden y los amarres se pierden.\u201d<\/p>\n<p>\u201cEn el Partido Popular exigimos la ejecuci\u00f3n inmediata del dragado, sin demorar la obra a 2026; el aumento del volumen previsto para la Arena acorde a su estado actual; el inicio urgente del proyecto definitivo ya sea espig\u00f3n u otro sistema de protecci\u00f3n, que ponga fin a los dragados continuos; y la publicaci\u00f3n de un calendario transparente y un seguimiento con plazos concretos y seguimiento t\u00e9cnico. La Arena no pide privilegios, pide soluciones. No queremos otro estudio que duerma en un caj\u00f3n, queremos puerto, queremos seguridad y queremos futuro\u201d, concluy\u00f3.<\/p>\n","protected":false},"excerpt":{"rendered":"<p>Cristina Vega Mor\u00e1n, portavoz de Infraestructuras del PP, denunci\u00f3 en su visita al puerto de La Arena que \u00abel dragado anunciado por el Principado no es urgente ni suficiente y se aplaza hasta 2026, sin resolver el problema estructura\u00bb. La diputada regional y portavoz de Infraestructuras del Partido Popular, Cristina Vega Mor\u00e1n, junto con el<\/p>\n","protected":false},"author":1,"featured_media":189881,"comment_status":"closed","ping_status":"closed","sticky":false,"template":"","format":"standard","meta":{"footnotes":""},"categories":[7],"tags":[380,470,480],"class_list":{"0":"post-189880","1":"post","2":"type-post","3":"status-publish","4":"format-standard","5":"has-post-thumbnail","7":"category-asturias","8":"tag-asturias","9":"tag-politica","10":"tag-pp"},"aioseo_notices":[],"aioseo_head":"\n\t\t<!-- All in One SEO Pro 4.9.6.2 - aioseo.com -->\n\t<meta name=\"description\" content=\"Cristina Vega Mor\u00e1n, portavoz de Infraestructuras del PP, denunci\u00f3 en su visita al puerto de La Arena que el dragado anunciado por el Principado no es urgente\" \/>\n\t<meta name=\"robots\" content=\"max-image-preview:large\" \/>\n\t<meta name=\"author\" content=\"Cand\u00e1s 365\"\/>\n\t<meta name=\"google-site-verification\" content=\"UA-32230408-1\" \/>\n\t<meta name=\"msvalidate.01\" content=\"354F3CDFB2DA171B47FBE9ABF1F88D5\" \/>\n\t<meta name=\"keywords\" content=\"asturias\" \/>\n\t<link rel=\"canonical\" href=\"https:\/\/candas365.es\/noticias\/vega-moran-la-arena-no-pide-privilegios-pide-soluciones\/\" \/>\n\t<meta name=\"generator\" content=\"All in One SEO Pro (AIOSEO) 4.9.6.2\" \/>\n\t\t<meta property=\"og:locale\" content=\"es_ES\" \/>\n\t\t<meta property=\"og:site_name\" content=\"Cand\u00e1s 365\" \/>\n\t\t<meta property=\"og:type\" content=\"article\" \/>\n\t\t<meta property=\"og:title\" content=\"Vega Mor\u00e1n: \u00abLa Arena no pide privilegios, pide soluciones\u00bb | Cand\u00e1s 365\" \/>\n\t\t<meta property=\"og:description\" content=\"Cristina Vega Mor\u00e1n, portavoz de Infraestructuras del PP, denunci\u00f3 en su visita al puerto de La Arena que el dragado anunciado por el Principado no es urgente\" \/>\n\t\t<meta property=\"og:url\" content=\"https:\/\/candas365.es\/noticias\/vega-moran-la-arena-no-pide-privilegios-pide-soluciones\/\" \/>\n\t\t<meta property=\"og:image\" content=\"https:\/\/candas365.es\/noticias\/wp-content\/uploads\/2025\/11\/Vega-Moran-puerto-de-La-Arena.jpg\" \/>\n\t\t<meta property=\"og:image:secure_url\" content=\"https:\/\/candas365.es\/noticias\/wp-content\/uploads\/2025\/11\/Vega-Moran-puerto-de-La-Arena.jpg\" \/>\n\t\t<meta property=\"og:image:width\" content=\"1092\" \/>\n\t\t<meta property=\"og:image:height\" content=\"682\" \/>\n\t\t<meta property=\"article:published_time\" content=\"2025-11-07T12:23:33+00:00\" \/>\n\t\t<meta property=\"article:modified_time\" content=\"2025-11-07T12:23:33+00:00\" \/>\n\t\t<meta property=\"article:publisher\" content=\"https:\/\/www.facebook.com\/Nachofdezber\" \/>\n\t\t<meta property=\"article:author\" content=\"https:\/\/www.facebook.com\/carrenoactualidad\" \/>\n\t\t<meta name=\"twitter:card\" content=\"summary_large_image\" \/>\n\t\t<meta name=\"twitter:site\" content=\"@NabercoDigital\" \/>\n\t\t<meta name=\"twitter:title\" content=\"Vega Mor\u00e1n: \u00abLa Arena no pide privilegios, pide soluciones\u00bb | Cand\u00e1s 365\" \/>\n\t\t<meta name=\"twitter:description\" content=\"Cristina Vega Mor\u00e1n, portavoz de Infraestructuras del PP, denunci\u00f3 en su visita al puerto de La Arena que el dragado anunciado por el Principado no es urgente\" \/>\n\t\t<meta name=\"twitter:creator\" content=\"@nbasturias\" \/>\n\t\t<meta name=\"twitter:image\" content=\"https:\/\/candas365.es\/noticias\/wp-content\/uploads\/2025\/11\/Vega-Moran-puerto-de-La-Arena.jpg\" \/>\n\t\t<meta name=\"twitter:label1\" content=\"Escrito por\" \/>\n\t\t<meta name=\"twitter:data1\" content=\"Cand\u00e1s 365\" \/>\n\t\t<meta name=\"twitter:label2\" content=\"Tiempo de lectura estimado\" \/>\n\t\t<meta name=\"twitter:data2\" content=\"5 minutos\" \/>\n\t\t<script type=\"application\/ld+json\" class=\"aioseo-schema\">\n\t\t\t{\"@context\":\"https:\\\/\\\/schema.org\",\"@graph\":[{\"@type\":\"BreadcrumbList\",\"@id\":\"https:\\\/\\\/candas365.es\\\/noticias\\\/vega-moran-la-arena-no-pide-privilegios-pide-soluciones\\\/#breadcrumblist\",\"itemListElement\":[{\"@type\":\"ListItem\",\"@id\":\"https:\\\/\\\/candas365.es\\\/noticias#listItem\",\"position\":1,\"name\":\"Home\",\"item\":\"https:\\\/\\\/candas365.es\\\/noticias\",\"nextItem\":{\"@type\":\"ListItem\",\"@id\":\"https:\\\/\\\/candas365.es\\\/noticias\\\/category\\\/asturias\\\/#listItem\",\"name\":\"Asturias\"}},{\"@type\":\"ListItem\",\"@id\":\"https:\\\/\\\/candas365.es\\\/noticias\\\/category\\\/asturias\\\/#listItem\",\"position\":2,\"name\":\"Asturias\",\"item\":\"https:\\\/\\\/candas365.es\\\/noticias\\\/category\\\/asturias\\\/\",\"nextItem\":{\"@type\":\"ListItem\",\"@id\":\"https:\\\/\\\/candas365.es\\\/noticias\\\/vega-moran-la-arena-no-pide-privilegios-pide-soluciones\\\/#listItem\",\"name\":\"Vega Mor\\u00e1n: \\u00abLa Arena no pide privilegios, pide soluciones\\u00bb\"},\"previousItem\":{\"@type\":\"ListItem\",\"@id\":\"https:\\\/\\\/candas365.es\\\/noticias#listItem\",\"name\":\"Home\"}},{\"@type\":\"ListItem\",\"@id\":\"https:\\\/\\\/candas365.es\\\/noticias\\\/vega-moran-la-arena-no-pide-privilegios-pide-soluciones\\\/#listItem\",\"position\":3,\"name\":\"Vega Mor\\u00e1n: \\u00abLa Arena no pide privilegios, pide soluciones\\u00bb\",\"previousItem\":{\"@type\":\"ListItem\",\"@id\":\"https:\\\/\\\/candas365.es\\\/noticias\\\/category\\\/asturias\\\/#listItem\",\"name\":\"Asturias\"}}]},{\"@type\":\"NewsArticle\",\"@id\":\"https:\\\/\\\/candas365.es\\\/noticias\\\/vega-moran-la-arena-no-pide-privilegios-pide-soluciones\\\/#newsarticle\",\"name\":\"Vega Mor\\u00e1n: \\u00abLa Arena no pide privilegios, pide soluciones\\u00bb | Cand\\u00e1s 365\",\"headline\":\"Vega Mor\\u00e1n: \\u00abLa Arena no pide privilegios, pide soluciones\\u00bb\",\"author\":{\"@id\":\"https:\\\/\\\/candas365.es\\\/noticias\\\/author\\\/admin\\\/#author\"},\"publisher\":{\"@id\":\"https:\\\/\\\/candas365.es\\\/noticias\\\/#organization\"},\"image\":{\"@type\":\"ImageObject\",\"url\":\"https:\\\/\\\/candas365.es\\\/noticias\\\/wp-content\\\/uploads\\\/2025\\\/11\\\/Vega-Moran-puerto-de-La-Arena.jpg\",\"width\":1092,\"height\":682,\"caption\":\"Foto: Prensa PP Asturias\"},\"datePublished\":\"2025-11-07T13:23:33+01:00\",\"dateModified\":\"2025-11-07T13:23:33+01:00\",\"inLanguage\":\"es-ES\",\"mainEntityOfPage\":{\"@id\":\"https:\\\/\\\/candas365.es\\\/noticias\\\/vega-moran-la-arena-no-pide-privilegios-pide-soluciones\\\/#webpage\"},\"isPartOf\":{\"@id\":\"https:\\\/\\\/candas365.es\\\/noticias\\\/vega-moran-la-arena-no-pide-privilegios-pide-soluciones\\\/#webpage\"},\"articleSection\":\"Asturias, Asturias, pol\\u00edtica, PP\",\"dateline\":\"Publicado el noviembre 7, 2025.\"},{\"@type\":\"Organization\",\"@id\":\"https:\\\/\\\/candas365.es\\\/noticias\\\/#organization\",\"name\":\"Cand\\u00e1s 365\",\"description\":\"Cand\\u00e1s 365 es un diario digital independiente, fundado en 2012, con base en Asturias. Informamos con rigor sobre actualidad, sociedad, cultura y ocio, con una mirada local y global.\",\"url\":\"https:\\\/\\\/candas365.es\\\/noticias\\\/\",\"email\":\"info@candas365.es\",\"telephone\":\"+34652131393\",\"foundingDate\":\"2012-06-10\",\"logo\":{\"@type\":\"ImageObject\",\"url\":\"https:\\\/\\\/candas365.es\\\/noticias\\\/wp-content\\\/uploads\\\/2024\\\/09\\\/Candas-365-Redes.jpg\",\"@id\":\"https:\\\/\\\/candas365.es\\\/noticias\\\/vega-moran-la-arena-no-pide-privilegios-pide-soluciones\\\/#organizationLogo\",\"width\":1152,\"height\":864,\"caption\":\"Cand\\u00e1s 365 Redes\"},\"image\":{\"@id\":\"https:\\\/\\\/candas365.es\\\/noticias\\\/vega-moran-la-arena-no-pide-privilegios-pide-soluciones\\\/#organizationLogo\"},\"sameAs\":[\"https:\\\/\\\/www.facebook.com\\\/Nachofdezber\",\"https:\\\/\\\/x.com\\\/NabercoDigital\",\"https:\\\/\\\/www.instagram.com\\\/nachofdezber\\\/\",\"https:\\\/\\\/www.youtube.com\\\/channel\\\/UCZP-2wLEB9Rv6erhFmqVnvg\"],\"address\":{\"@id\":\"https:\\\/\\\/candas365.es\\\/noticias\\\/#postaladdress\",\"@type\":\"PostalAddress\",\"streetAddress\":\"san antonio 4, san antonio 4\",\"postalCode\":\"33430\",\"addressLocality\":\"Cand\\u00e1s\",\"addressRegion\":\"Asturias\",\"addressCountry\":\"ES\"}},{\"@type\":\"Person\",\"@id\":\"https:\\\/\\\/candas365.es\\\/noticias\\\/author\\\/admin\\\/#author\",\"url\":\"https:\\\/\\\/candas365.es\\\/noticias\\\/author\\\/admin\\\/\",\"name\":\"Cand\\u00e1s 365\",\"image\":{\"@type\":\"ImageObject\",\"@id\":\"https:\\\/\\\/candas365.es\\\/noticias\\\/vega-moran-la-arena-no-pide-privilegios-pide-soluciones\\\/#authorImage\",\"url\":\"https:\\\/\\\/secure.gravatar.com\\\/avatar\\\/496a8e03d0c493ede1718b7934145dbdf8d89be1036b0eec9544e1094c9de390?s=96&d=mm&r=g\",\"width\":96,\"height\":96,\"caption\":\"Cand\\u00e1s 365\"},\"sameAs\":[\"https:\\\/\\\/www.facebook.com\\\/carrenoactualidad\",\"https:\\\/\\\/twitter.com\\\/nbasturias\",\"https:\\\/\\\/www.instagram.com\\\/nachofdezber\\\/\",\"https:\\\/\\\/www.youtube.com\\\/channel\\\/UCZP-2wLEB9Rv6erhFmqVnvg\"]},{\"@type\":\"WebPage\",\"@id\":\"https:\\\/\\\/candas365.es\\\/noticias\\\/vega-moran-la-arena-no-pide-privilegios-pide-soluciones\\\/#webpage\",\"url\":\"https:\\\/\\\/candas365.es\\\/noticias\\\/vega-moran-la-arena-no-pide-privilegios-pide-soluciones\\\/\",\"name\":\"Vega Mor\\u00e1n: \\u00abLa Arena no pide privilegios, pide soluciones\\u00bb | Cand\\u00e1s 365\",\"description\":\"Cristina Vega Mor\\u00e1n, portavoz de Infraestructuras del PP, denunci\\u00f3 en su visita al puerto de La Arena que el dragado anunciado por el Principado no es urgente\",\"inLanguage\":\"es-ES\",\"isPartOf\":{\"@id\":\"https:\\\/\\\/candas365.es\\\/noticias\\\/#website\"},\"breadcrumb\":{\"@id\":\"https:\\\/\\\/candas365.es\\\/noticias\\\/vega-moran-la-arena-no-pide-privilegios-pide-soluciones\\\/#breadcrumblist\"},\"author\":{\"@id\":\"https:\\\/\\\/candas365.es\\\/noticias\\\/author\\\/admin\\\/#author\"},\"creator\":{\"@id\":\"https:\\\/\\\/candas365.es\\\/noticias\\\/author\\\/admin\\\/#author\"},\"image\":{\"@type\":\"ImageObject\",\"url\":\"https:\\\/\\\/candas365.es\\\/noticias\\\/wp-content\\\/uploads\\\/2025\\\/11\\\/Vega-Moran-puerto-de-La-Arena.jpg\",\"@id\":\"https:\\\/\\\/candas365.es\\\/noticias\\\/vega-moran-la-arena-no-pide-privilegios-pide-soluciones\\\/#mainImage\",\"width\":1092,\"height\":682,\"caption\":\"Foto: Prensa PP Asturias\"},\"primaryImageOfPage\":{\"@id\":\"https:\\\/\\\/candas365.es\\\/noticias\\\/vega-moran-la-arena-no-pide-privilegios-pide-soluciones\\\/#mainImage\"},\"datePublished\":\"2025-11-07T13:23:33+01:00\",\"dateModified\":\"2025-11-07T13:23:33+01:00\"},{\"@type\":\"WebSite\",\"@id\":\"https:\\\/\\\/candas365.es\\\/noticias\\\/#website\",\"url\":\"https:\\\/\\\/candas365.es\\\/noticias\\\/\",\"name\":\"Cand\\u00e1s 365\",\"alternateName\":\"Cand\\u00e1s 365 Noticias\",\"description\":\"Actualidad desde Carre\\u00f1o para el mundo\",\"inLanguage\":\"es-ES\",\"publisher\":{\"@id\":\"https:\\\/\\\/candas365.es\\\/noticias\\\/#organization\"}}]}\n\t\t<\/script>\n\t\t<!-- All in One SEO Pro -->\r\n\t\t<title>Vega Mor\u00e1n: \u00abLa Arena no pide privilegios, pide soluciones\u00bb | Cand\u00e1s 365<\/title>\n\n","aioseo_head_json":{"title":"Vega Mor\u00e1n: \u00abLa Arena no pide privilegios, pide soluciones\u00bb | Cand\u00e1s 365","description":"Cristina Vega Mor\u00e1n, portavoz de Infraestructuras del PP, denunci\u00f3 en su visita al puerto de La Arena que el dragado anunciado por el Principado no es urgente","canonical_url":"https:\/\/candas365.es\/noticias\/vega-moran-la-arena-no-pide-privilegios-pide-soluciones\/","robots":"max-image-preview:large","keywords":"asturias","webmasterTools":{"google-site-verification":"UA-32230408-1","msvalidate.01":"354F3CDFB2DA171B47FBE9ABF1F88D5","miscellaneous":""},"schema":{"@context":"https:\/\/schema.org","@graph":[{"@type":"BreadcrumbList","@id":"https:\/\/candas365.es\/noticias\/vega-moran-la-arena-no-pide-privilegios-pide-soluciones\/#breadcrumblist","itemListElement":[{"@type":"ListItem","@id":"https:\/\/candas365.es\/noticias#listItem","position":1,"name":"Home","item":"https:\/\/candas365.es\/noticias","nextItem":{"@type":"ListItem","@id":"https:\/\/candas365.es\/noticias\/category\/asturias\/#listItem","name":"Asturias"}},{"@type":"ListItem","@id":"https:\/\/candas365.es\/noticias\/category\/asturias\/#listItem","position":2,"name":"Asturias","item":"https:\/\/candas365.es\/noticias\/category\/asturias\/","nextItem":{"@type":"ListItem","@id":"https:\/\/candas365.es\/noticias\/vega-moran-la-arena-no-pide-privilegios-pide-soluciones\/#listItem","name":"Vega Mor\u00e1n: \u00abLa Arena no pide privilegios, pide soluciones\u00bb"},"previousItem":{"@type":"ListItem","@id":"https:\/\/candas365.es\/noticias#listItem","name":"Home"}},{"@type":"ListItem","@id":"https:\/\/candas365.es\/noticias\/vega-moran-la-arena-no-pide-privilegios-pide-soluciones\/#listItem","position":3,"name":"Vega Mor\u00e1n: \u00abLa Arena no pide privilegios, pide soluciones\u00bb","previousItem":{"@type":"ListItem","@id":"https:\/\/candas365.es\/noticias\/category\/asturias\/#listItem","name":"Asturias"}}]},{"@type":"NewsArticle","@id":"https:\/\/candas365.es\/noticias\/vega-moran-la-arena-no-pide-privilegios-pide-soluciones\/#newsarticle","name":"Vega Mor\u00e1n: \u00abLa Arena no pide privilegios, pide soluciones\u00bb | Cand\u00e1s 365","headline":"Vega Mor\u00e1n: \u00abLa Arena no pide privilegios, pide soluciones\u00bb","author":{"@id":"https:\/\/candas365.es\/noticias\/author\/admin\/#author"},"publisher":{"@id":"https:\/\/candas365.es\/noticias\/#organization"},"image":{"@type":"ImageObject","url":"https:\/\/candas365.es\/noticias\/wp-content\/uploads\/2025\/11\/Vega-Moran-puerto-de-La-Arena.jpg","width":1092,"height":682,"caption":"Foto: Prensa PP Asturias"},"datePublished":"2025-11-07T13:23:33+01:00","dateModified":"2025-11-07T13:23:33+01:00","inLanguage":"es-ES","mainEntityOfPage":{"@id":"https:\/\/candas365.es\/noticias\/vega-moran-la-arena-no-pide-privilegios-pide-soluciones\/#webpage"},"isPartOf":{"@id":"https:\/\/candas365.es\/noticias\/vega-moran-la-arena-no-pide-privilegios-pide-soluciones\/#webpage"},"articleSection":"Asturias, Asturias, pol\u00edtica, PP","dateline":"Publicado el noviembre 7, 2025."},{"@type":"Organization","@id":"https:\/\/candas365.es\/noticias\/#organization","name":"Cand\u00e1s 365","description":"Cand\u00e1s 365 es un diario digital independiente, fundado en 2012, con base en Asturias. Informamos con rigor sobre actualidad, sociedad, cultura y ocio, con una mirada local y global.","url":"https:\/\/candas365.es\/noticias\/","email":"info@candas365.es","telephone":"+34652131393","foundingDate":"2012-06-10","logo":{"@type":"ImageObject","url":"https:\/\/candas365.es\/noticias\/wp-content\/uploads\/2024\/09\/Candas-365-Redes.jpg","@id":"https:\/\/candas365.es\/noticias\/vega-moran-la-arena-no-pide-privilegios-pide-soluciones\/#organizationLogo","width":1152,"height":864,"caption":"Cand\u00e1s 365 Redes"},"image":{"@id":"https:\/\/candas365.es\/noticias\/vega-moran-la-arena-no-pide-privilegios-pide-soluciones\/#organizationLogo"},"sameAs":["https:\/\/www.facebook.com\/Nachofdezber","https:\/\/x.com\/NabercoDigital","https:\/\/www.instagram.com\/nachofdezber\/","https:\/\/www.youtube.com\/channel\/UCZP-2wLEB9Rv6erhFmqVnvg"],"address":{"@id":"https:\/\/candas365.es\/noticias\/#postaladdress","@type":"PostalAddress","streetAddress":"san antonio 4, san antonio 4","postalCode":"33430","addressLocality":"Cand\u00e1s","addressRegion":"Asturias","addressCountry":"ES"}},{"@type":"Person","@id":"https:\/\/candas365.es\/noticias\/author\/admin\/#author","url":"https:\/\/candas365.es\/noticias\/author\/admin\/","name":"Cand\u00e1s 365","image":{"@type":"ImageObject","@id":"https:\/\/candas365.es\/noticias\/vega-moran-la-arena-no-pide-privilegios-pide-soluciones\/#authorImage","url":"https:\/\/secure.gravatar.com\/avatar\/496a8e03d0c493ede1718b7934145dbdf8d89be1036b0eec9544e1094c9de390?s=96&d=mm&r=g","width":96,"height":96,"caption":"Cand\u00e1s 365"},"sameAs":["https:\/\/www.facebook.com\/carrenoactualidad","https:\/\/twitter.com\/nbasturias","https:\/\/www.instagram.com\/nachofdezber\/","https:\/\/www.youtube.com\/channel\/UCZP-2wLEB9Rv6erhFmqVnvg"]},{"@type":"WebPage","@id":"https:\/\/candas365.es\/noticias\/vega-moran-la-arena-no-pide-privilegios-pide-soluciones\/#webpage","url":"https:\/\/candas365.es\/noticias\/vega-moran-la-arena-no-pide-privilegios-pide-soluciones\/","name":"Vega Mor\u00e1n: \u00abLa Arena no pide privilegios, pide soluciones\u00bb | Cand\u00e1s 365","description":"Cristina Vega Mor\u00e1n, portavoz de Infraestructuras del PP, denunci\u00f3 en su visita al puerto de La Arena que el dragado anunciado por el Principado no es urgente","inLanguage":"es-ES","isPartOf":{"@id":"https:\/\/candas365.es\/noticias\/#website"},"breadcrumb":{"@id":"https:\/\/candas365.es\/noticias\/vega-moran-la-arena-no-pide-privilegios-pide-soluciones\/#breadcrumblist"},"author":{"@id":"https:\/\/candas365.es\/noticias\/author\/admin\/#author"},"creator":{"@id":"https:\/\/candas365.es\/noticias\/author\/admin\/#author"},"image":{"@type":"ImageObject","url":"https:\/\/candas365.es\/noticias\/wp-content\/uploads\/2025\/11\/Vega-Moran-puerto-de-La-Arena.jpg","@id":"https:\/\/candas365.es\/noticias\/vega-moran-la-arena-no-pide-privilegios-pide-soluciones\/#mainImage","width":1092,"height":682,"caption":"Foto: Prensa PP Asturias"},"primaryImageOfPage":{"@id":"https:\/\/candas365.es\/noticias\/vega-moran-la-arena-no-pide-privilegios-pide-soluciones\/#mainImage"},"datePublished":"2025-11-07T13:23:33+01:00","dateModified":"2025-11-07T13:23:33+01:00"},{"@type":"WebSite","@id":"https:\/\/candas365.es\/noticias\/#website","url":"https:\/\/candas365.es\/noticias\/","name":"Cand\u00e1s 365","alternateName":"Cand\u00e1s 365 Noticias","description":"Actualidad desde Carre\u00f1o para el mundo","inLanguage":"es-ES","publisher":{"@id":"https:\/\/candas365.es\/noticias\/#organization"}}]},"og:locale":"es_ES","og:site_name":"Cand\u00e1s 365","og:type":"article","og:title":"Vega Mor\u00e1n: \u00abLa Arena no pide privilegios, pide soluciones\u00bb | Cand\u00e1s 365","og:description":"Cristina Vega Mor\u00e1n, portavoz de Infraestructuras del PP, denunci\u00f3 en su visita al puerto de La Arena que el dragado anunciado por el Principado no es urgente","og:url":"https:\/\/candas365.es\/noticias\/vega-moran-la-arena-no-pide-privilegios-pide-soluciones\/","og:image":"https:\/\/candas365.es\/noticias\/wp-content\/uploads\/2025\/11\/Vega-Moran-puerto-de-La-Arena.jpg","og:image:secure_url":"https:\/\/candas365.es\/noticias\/wp-content\/uploads\/2025\/11\/Vega-Moran-puerto-de-La-Arena.jpg","og:image:width":1092,"og:image:height":682,"article:published_time":"2025-11-07T12:23:33+00:00","article:modified_time":"2025-11-07T12:23:33+00:00","article:publisher":"https:\/\/www.facebook.com\/Nachofdezber","article:author":"https:\/\/www.facebook.com\/carrenoactualidad","twitter:card":"summary_large_image","twitter:site":"@NabercoDigital","twitter:title":"Vega Mor\u00e1n: \u00abLa Arena no pide privilegios, pide soluciones\u00bb | Cand\u00e1s 365","twitter:description":"Cristina Vega Mor\u00e1n, portavoz de Infraestructuras del PP, denunci\u00f3 en su visita al puerto de La Arena que el dragado anunciado por el Principado no es urgente","twitter:creator":"@nbasturias","twitter:image":"https:\/\/candas365.es\/noticias\/wp-content\/uploads\/2025\/11\/Vega-Moran-puerto-de-La-Arena.jpg","twitter:label1":"Escrito por","twitter:data1":"Cand\u00e1s 365","twitter:label2":"Tiempo de lectura estimado","twitter:data2":"5 minutos"},"aioseo_meta_data":{"post_id":"189880","title":null,"description":"Cristina Vega Mor\u00e1n, portavoz de Infraestructuras del PP, denunci\u00f3 en su visita al puerto de La Arena que el dragado anunciado por el Principado no es urgente","keywords":null,"keyphrases":{"focus":{"keyphrase":"Vega Mor\u00e1n","score":100,"analysis":{"keyphraseInTitle":{"score":9,"maxScore":9,"error":0},"keyphraseInDescription":{"score":9,"maxScore":9,"error":0},"keyphraseLength":{"score":9,"maxScore":9,"error":0,"length":3},"keyphraseInURL":{"score":5,"maxScore":5,"error":0},"keyphraseInIntroduction":{"score":9,"maxScore":9,"error":0},"keyphraseInSubHeadings":[],"keyphraseInImageAlt":{"score":9,"maxScore":9,"error":0},"keywordDensity":{"type":"best","score":9,"maxScore":9,"error":0}}},"additional":[{"keyphrase":"La Arena","score":100,"analysis":{"keyphraseInDescription":{"score":9,"maxScore":9,"error":0},"keyphraseLength":{"score":9,"maxScore":9,"error":0,"length":2},"keyphraseInIntroduction":{"score":9,"maxScore":9,"error":0},"keyphraseInImageAlt":{"score":9,"maxScore":9,"error":0},"keywordDensity":{"type":"best","score":9,"maxScore":9,"error":0}}}]},"primary_term":null,"canonical_url":null,"og_title":null,"og_description":null,"og_object_type":"default","og_image_type":"default","og_image_url":null,"og_image_width":null,"og_image_height":null,"og_image_custom_url":null,"og_image_custom_fields":null,"og_video":"","og_custom_url":null,"og_article_section":null,"og_article_tags":null,"twitter_use_og":false,"twitter_card":"default","twitter_image_type":"default","twitter_image_url":null,"twitter_image_custom_url":null,"twitter_image_custom_fields":null,"twitter_title":null,"twitter_description":null,"schema":{"blockGraphs":[],"customGraphs":[],"default":{"data":{"Article":[],"Course":[],"Dataset":[],"FAQPage":[],"Movie":[],"Person":[],"Product":[],"ProductReview":[],"Car":[],"Recipe":[],"Service":[],"SoftwareApplication":[],"WebPage":[]},"graphName":"Article","isEnabled":true},"graphs":[]},"schema_type":"default","schema_type_options":null,"pillar_content":false,"robots_default":true,"robots_noindex":false,"robots_noarchive":false,"robots_nosnippet":false,"robots_nofollow":false,"robots_noimageindex":false,"robots_noodp":false,"robots_notranslate":false,"robots_max_snippet":"-1","robots_max_videopreview":"-1","robots_max_imagepreview":"large","priority":null,"frequency":"default","location":null,"local_seo":null,"seo_analyzer_scan_date":"2025-11-07 12:36:32","breadcrumb_settings":null,"limit_modified_date":false,"reviewed_by":null,"open_ai":null,"ai":{"faqs":[],"keyPoints":[],"titles":[],"descriptions":[],"socialPosts":{"email":[],"linkedin":[],"twitter":[],"facebook":[],"instagram":[]}},"created":"2025-11-07 12:09:50","updated":"2025-11-07 12:36:32"},"aioseo_breadcrumb":"<div class=\"aioseo-breadcrumbs\"><span class=\"aioseo-breadcrumb\">\n\t<a href=\"https:\/\/candas365.es\/noticias\" title=\"Home\">Home<\/a>\n<\/span><span class=\"aioseo-breadcrumb-separator\">&ndash;<\/span><span class=\"aioseo-breadcrumb\">\n\t<a href=\"https:\/\/candas365.es\/noticias\/category\/asturias\/\" title=\"Asturias\">Asturias<\/a>\n<\/span><span class=\"aioseo-breadcrumb-separator\">&ndash;<\/span><span class=\"aioseo-breadcrumb\">\n\tVega Mor\u00e1n: \u00abLa Arena no pide privilegios, pide soluciones\u00bb\n<\/span><\/div>","aioseo_breadcrumb_json":[{"label":"Home","link":"https:\/\/candas365.es\/noticias"},{"label":"Asturias","link":"https:\/\/candas365.es\/noticias\/category\/asturias\/"},{"label":"Vega Mor\u00e1n: \u00abLa Arena no pide privilegios, pide soluciones\u00bb","link":"https:\/\/candas365.es\/noticias\/vega-moran-la-arena-no-pide-privilegios-pide-soluciones\/"}],"_links":{"self":[{"href":"https:\/\/candas365.es\/noticias\/wp-json\/wp\/v2\/posts\/189880","targetHints":{"allow":["GET"]}}],"collection":[{"href":"https:\/\/candas365.es\/noticias\/wp-json\/wp\/v2\/posts"}],"about":[{"href":"https:\/\/candas365.es\/noticias\/wp-json\/wp\/v2\/types\/post"}],"author":[{"embeddable":true,"href":"https:\/\/candas365.es\/noticias\/wp-json\/wp\/v2\/users\/1"}],"replies":[{"embeddable":true,"href":"https:\/\/candas365.es\/noticias\/wp-json\/wp\/v2\/comments?post=189880"}],"version-history":[{"count":0,"href":"https:\/\/candas365.es\/noticias\/wp-json\/wp\/v2\/posts\/189880\/revisions"}],"wp:featuredmedia":[{"embeddable":true,"href":"https:\/\/candas365.es\/noticias\/wp-json\/wp\/v2\/media\/189881"}],"wp:attachment":[{"href":"https:\/\/candas365.es\/noticias\/wp-json\/wp\/v2\/media?parent=189880"}],"wp:term":[{"taxonomy":"category","embeddable":true,"href":"https:\/\/candas365.es\/noticias\/wp-json\/wp\/v2\/categories?post=189880"},{"taxonomy":"post_tag","embeddable":true,"href":"https:\/\/candas365.es\/noticias\/wp-json\/wp\/v2\/tags?post=189880"}],"curies":[{"name":"wp","href":"https:\/\/api.w.org\/{rel}","templated":true}]}}