{"id":189851,"date":"2025-11-07T10:13:14","date_gmt":"2025-11-07T09:13:14","guid":{"rendered":"https:\/\/candas365.es\/noticias\/?p=189851"},"modified":"2025-11-07T10:13:14","modified_gmt":"2025-11-07T09:13:14","slug":"nueva-fase-del-programa-dica-en-asturias","status":"publish","type":"post","link":"https:\/\/candas365.es\/noticias\/nueva-fase-del-programa-dica-en-asturias\/","title":{"rendered":"Nueva fase del programa DICA en Asturias"},"content":{"rendered":"<p>La segunda fase del programa DICA, del <a href=\"https:\/\/actualidad.asturias.es\/\" target=\"_blank\" rel=\"noopener\"><span style=\"color: #ff6600;\"><strong>Gobierno de Asturias<\/strong><\/span><\/a>, refuerza la digitalizaci\u00f3n del <strong><a href=\"https:\/\/candas365.es\/noticias\/category\/canal-empresas\/\"><span style=\"color: #ff6600;\">comercio minorista<\/span><\/a><\/strong> incorporando formaci\u00f3n en an\u00e1lisis de datos de la clientela y el uso de inteligencia artificial para automatizar procesos.<\/p>\n<figure id=\"attachment_189852\" aria-describedby=\"caption-attachment-189852\" style=\"width: 650px\" class=\"wp-caption aligncenter\"><img fetchpriority=\"high\" decoding=\"async\" class=\"size-large wp-image-189852\" src=\"https:\/\/candas365.es\/noticias\/wp-content\/uploads\/2025\/11\/Nueva-fase-del-programa-DICA-en-Asturias-650x467.jpg\" alt=\"Nueva fase del programa DICA en Asturias\" width=\"650\" height=\"467\" srcset=\"https:\/\/candas365.es\/noticias\/wp-content\/uploads\/2025\/11\/Nueva-fase-del-programa-DICA-en-Asturias-650x467.jpg 650w, https:\/\/candas365.es\/noticias\/wp-content\/uploads\/2025\/11\/Nueva-fase-del-programa-DICA-en-Asturias-360x259.jpg 360w, https:\/\/candas365.es\/noticias\/wp-content\/uploads\/2025\/11\/Nueva-fase-del-programa-DICA-en-Asturias-768x551.jpg 768w, https:\/\/candas365.es\/noticias\/wp-content\/uploads\/2025\/11\/Nueva-fase-del-programa-DICA-en-Asturias-150x108.jpg 150w, https:\/\/candas365.es\/noticias\/wp-content\/uploads\/2025\/11\/Nueva-fase-del-programa-DICA-en-Asturias-450x323.jpg 450w, https:\/\/candas365.es\/noticias\/wp-content\/uploads\/2025\/11\/Nueva-fase-del-programa-DICA-en-Asturias.jpg 901w\" sizes=\"(max-width: 650px) 100vw, 650px\" \/><figcaption id=\"caption-attachment-189852\" class=\"wp-caption-text\">Foto: Prensa Gobierno de Asturias<\/figcaption><\/figure>\n<p>La implantaci\u00f3n ser\u00e1 progresiva. En una primera fase se trabajar\u00e1 con los comercios minoristas de los 33 concejos que forman las comarcas de <a href=\"https:\/\/eldigitaldeasturias.com\/radio\/category\/concejos-asturias\/\" target=\"_blank\" rel=\"noopener\"><span style=\"color: #ff6600;\"><strong>Oviedo, Gij\u00f3n y Avil\u00e9s<\/strong><\/span><\/a>, las zonas con mayor densidad comercial. A partir de mediados de 2026, el programa se extender\u00e1 al resto de comarcas asturianas.<\/p>\n<p>La Consejer\u00eda de Ciencia, Industria y Empleo, a trav\u00e9s de la Direcci\u00f3n General de Empresa y Comercio, ya ha presentado esta nueva edici\u00f3n del DICA a las asociaciones de comerciantes y a los ayuntamientos que participar\u00e1n en la primera fase. <strong>La adhesi\u00f3n al programa es voluntaria, y los comerciantes interesados pueden inscribirse a trav\u00e9s de la p\u00e1gina web oficial: www.dicasturias.es.<\/strong><\/p>\n<p>Durante todo el periodo de ejecuci\u00f3n se prev\u00e9 acompa\u00f1ar a un total de 350 comercios mediante dos l\u00edneas de actuaci\u00f3n. La primera est\u00e1 dirigida a negocios con un nivel b\u00e1sico de digitalizaci\u00f3n, con el objetivo de consolidar capacidades esenciales como la visibilidad online, la gesti\u00f3n de procesos internos y los canales de venta. <strong>La segunda l\u00ednea est\u00e1 pensada para establecimientos con mayor madurez digital, y se centrar\u00e1 en el uso estrat\u00e9gico de los datos de clientela para anticipar decisiones y definir estrategias comerciales.<\/strong><\/p>\n<p>Las acciones previstas abarcan desde tareas esenciales como la creaci\u00f3n de perfiles en buscadores, redes sociales y directorios, hasta procesos m\u00e1s avanzados como la gesti\u00f3n automatizada mediante TPV y CRM, el control de inventario, la anal\u00edtica de datos, el dise\u00f1o de campa\u00f1as segmentadas, la elaboraci\u00f3n de paneles de indicadores y la aplicaci\u00f3n de inteligencia artificial. Tambi\u00e9n se contempla la sistematizaci\u00f3n de los soportes tecnol\u00f3gicos utilizados por los comercios.<\/p>\n<h1>Apoyo al comercio minorista<\/h1>\n<p>El programa DICA da continuidad a la iniciativa lanzada en 2021 por el Principado como respuesta al crecimiento del comercio electr\u00f3nico durante la pandemia de la COVID-19. Aquella primera edici\u00f3n fue pionera a nivel nacional, tanto por el momento de su puesta en marcha como por su capacidad para identificar las necesidades reales del sector y las oportunidades que ofrece la digitalizaci\u00f3n para los comercios de proximidad.<\/p>\n<p>A partir de esa experiencia, esta segunda fase adopta una metodolog\u00eda renovada, m\u00e1s centrada en el comerciante y en la realidad cotidiana de su negocio. <strong>Se apuesta por una formaci\u00f3n m\u00e1s intensa y personalizada, as\u00ed como por un sistema de indicadores que permita hacer seguimiento del progreso de cada establecimiento.<\/strong><\/p>\n<p>\u201cCon esta nueva edici\u00f3n del DICA reafirmamos el apoyo al sector en la mejora de su competitividad, con el objetivo de que la digitalizaci\u00f3n no solo sea una herramienta de gesti\u00f3n, sino tambi\u00e9n una v\u00eda para mejorar la rentabilidad econ\u00f3mica\u201d, destaca Arantxa Gonz\u00e1lez Montell, directora general de Empresa y Comercio.<\/p>\n","protected":false},"excerpt":{"rendered":"<p>La segunda fase del programa DICA, del Gobierno de Asturias, refuerza la digitalizaci\u00f3n del comercio minorista incorporando formaci\u00f3n en an\u00e1lisis de datos de la clientela y el uso de inteligencia artificial para automatizar procesos. La implantaci\u00f3n ser\u00e1 progresiva. En una primera fase se trabajar\u00e1 con los comercios minoristas de los 33 concejos que forman las<\/p>\n","protected":false},"author":1,"featured_media":189852,"comment_status":"closed","ping_status":"closed","sticky":false,"template":"","format":"standard","meta":{"footnotes":""},"categories":[7],"tags":[380,383],"class_list":{"0":"post-189851","1":"post","2":"type-post","3":"status-publish","4":"format-standard","5":"has-post-thumbnail","7":"category-asturias","8":"tag-asturias","9":"tag-empresas"},"aioseo_notices":[],"aioseo_head":"\n\t\t<!-- All in One SEO Pro 4.9.6.2 - aioseo.com -->\n\t<meta name=\"description\" content=\"La segunda fase del programa DICA, del Gobierno de Asturias, refuerza la digitalizaci\u00f3n del comercio minorista incorporando formaci\u00f3n en an\u00e1lisis de datos\" \/>\n\t<meta name=\"robots\" content=\"max-image-preview:large\" \/>\n\t<meta name=\"author\" content=\"Cand\u00e1s 365\"\/>\n\t<meta name=\"google-site-verification\" content=\"UA-32230408-1\" \/>\n\t<meta name=\"msvalidate.01\" content=\"354F3CDFB2DA171B47FBE9ABF1F88D5\" \/>\n\t<meta name=\"keywords\" content=\"asturias\" \/>\n\t<link rel=\"canonical\" href=\"https:\/\/candas365.es\/noticias\/nueva-fase-del-programa-dica-en-asturias\/\" \/>\n\t<meta name=\"generator\" content=\"All in One SEO Pro (AIOSEO) 4.9.6.2\" \/>\n\t\t<meta property=\"og:locale\" content=\"es_ES\" \/>\n\t\t<meta property=\"og:site_name\" content=\"Cand\u00e1s 365\" \/>\n\t\t<meta property=\"og:type\" content=\"article\" \/>\n\t\t<meta property=\"og:title\" content=\"Nueva fase del programa DICA en Asturias | Cand\u00e1s 365\" \/>\n\t\t<meta property=\"og:description\" content=\"La segunda fase del programa DICA, del Gobierno de Asturias, refuerza la digitalizaci\u00f3n del comercio minorista incorporando formaci\u00f3n en an\u00e1lisis de datos\" \/>\n\t\t<meta property=\"og:url\" content=\"https:\/\/candas365.es\/noticias\/nueva-fase-del-programa-dica-en-asturias\/\" \/>\n\t\t<meta property=\"og:image\" content=\"https:\/\/candas365.es\/noticias\/wp-content\/uploads\/2025\/11\/Nueva-fase-del-programa-DICA-en-Asturias.jpg\" \/>\n\t\t<meta property=\"og:image:secure_url\" content=\"https:\/\/candas365.es\/noticias\/wp-content\/uploads\/2025\/11\/Nueva-fase-del-programa-DICA-en-Asturias.jpg\" \/>\n\t\t<meta property=\"og:image:width\" content=\"901\" \/>\n\t\t<meta property=\"og:image:height\" content=\"647\" \/>\n\t\t<meta property=\"article:published_time\" content=\"2025-11-07T09:13:14+00:00\" \/>\n\t\t<meta property=\"article:modified_time\" content=\"2025-11-07T09:13:14+00:00\" \/>\n\t\t<meta property=\"article:publisher\" content=\"https:\/\/www.facebook.com\/Nachofdezber\" \/>\n\t\t<meta property=\"article:author\" content=\"https:\/\/www.facebook.com\/carrenoactualidad\" \/>\n\t\t<meta name=\"twitter:card\" content=\"summary_large_image\" \/>\n\t\t<meta name=\"twitter:site\" content=\"@NabercoDigital\" \/>\n\t\t<meta name=\"twitter:title\" content=\"Nueva fase del programa DICA en Asturias | Cand\u00e1s 365\" \/>\n\t\t<meta name=\"twitter:description\" content=\"La segunda fase del programa DICA, del Gobierno de Asturias, refuerza la digitalizaci\u00f3n del comercio minorista incorporando formaci\u00f3n en an\u00e1lisis de datos\" \/>\n\t\t<meta name=\"twitter:creator\" content=\"@nbasturias\" \/>\n\t\t<meta name=\"twitter:image\" content=\"https:\/\/candas365.es\/noticias\/wp-content\/uploads\/2025\/11\/Nueva-fase-del-programa-DICA-en-Asturias.jpg\" \/>\n\t\t<meta name=\"twitter:label1\" content=\"Escrito por\" \/>\n\t\t<meta name=\"twitter:data1\" content=\"Cand\u00e1s 365\" \/>\n\t\t<meta name=\"twitter:label2\" content=\"Tiempo de lectura estimado\" \/>\n\t\t<meta name=\"twitter:data2\" content=\"3 minutos\" \/>\n\t\t<script type=\"application\/ld+json\" class=\"aioseo-schema\">\n\t\t\t{\"@context\":\"https:\\\/\\\/schema.org\",\"@graph\":[{\"@type\":\"BreadcrumbList\",\"@id\":\"https:\\\/\\\/candas365.es\\\/noticias\\\/nueva-fase-del-programa-dica-en-asturias\\\/#breadcrumblist\",\"itemListElement\":[{\"@type\":\"ListItem\",\"@id\":\"https:\\\/\\\/candas365.es\\\/noticias#listItem\",\"position\":1,\"name\":\"Home\",\"item\":\"https:\\\/\\\/candas365.es\\\/noticias\",\"nextItem\":{\"@type\":\"ListItem\",\"@id\":\"https:\\\/\\\/candas365.es\\\/noticias\\\/category\\\/asturias\\\/#listItem\",\"name\":\"Asturias\"}},{\"@type\":\"ListItem\",\"@id\":\"https:\\\/\\\/candas365.es\\\/noticias\\\/category\\\/asturias\\\/#listItem\",\"position\":2,\"name\":\"Asturias\",\"item\":\"https:\\\/\\\/candas365.es\\\/noticias\\\/category\\\/asturias\\\/\",\"nextItem\":{\"@type\":\"ListItem\",\"@id\":\"https:\\\/\\\/candas365.es\\\/noticias\\\/nueva-fase-del-programa-dica-en-asturias\\\/#listItem\",\"name\":\"Nueva fase del programa DICA en Asturias\"},\"previousItem\":{\"@type\":\"ListItem\",\"@id\":\"https:\\\/\\\/candas365.es\\\/noticias#listItem\",\"name\":\"Home\"}},{\"@type\":\"ListItem\",\"@id\":\"https:\\\/\\\/candas365.es\\\/noticias\\\/nueva-fase-del-programa-dica-en-asturias\\\/#listItem\",\"position\":3,\"name\":\"Nueva fase del programa DICA en Asturias\",\"previousItem\":{\"@type\":\"ListItem\",\"@id\":\"https:\\\/\\\/candas365.es\\\/noticias\\\/category\\\/asturias\\\/#listItem\",\"name\":\"Asturias\"}}]},{\"@type\":\"NewsArticle\",\"@id\":\"https:\\\/\\\/candas365.es\\\/noticias\\\/nueva-fase-del-programa-dica-en-asturias\\\/#newsarticle\",\"name\":\"Nueva fase del programa DICA en Asturias | Cand\\u00e1s 365\",\"headline\":\"Nueva fase del programa DICA en Asturias\",\"author\":{\"@id\":\"https:\\\/\\\/candas365.es\\\/noticias\\\/author\\\/admin\\\/#author\"},\"publisher\":{\"@id\":\"https:\\\/\\\/candas365.es\\\/noticias\\\/#organization\"},\"image\":{\"@type\":\"ImageObject\",\"url\":\"https:\\\/\\\/candas365.es\\\/noticias\\\/wp-content\\\/uploads\\\/2025\\\/11\\\/Nueva-fase-del-programa-DICA-en-Asturias.jpg\",\"width\":901,\"height\":647,\"caption\":\"Foto: Prensa Gobierno de Asturias\"},\"datePublished\":\"2025-11-07T10:13:14+01:00\",\"dateModified\":\"2025-11-07T10:13:14+01:00\",\"inLanguage\":\"es-ES\",\"mainEntityOfPage\":{\"@id\":\"https:\\\/\\\/candas365.es\\\/noticias\\\/nueva-fase-del-programa-dica-en-asturias\\\/#webpage\"},\"isPartOf\":{\"@id\":\"https:\\\/\\\/candas365.es\\\/noticias\\\/nueva-fase-del-programa-dica-en-asturias\\\/#webpage\"},\"articleSection\":\"Asturias, Asturias, empresas\",\"dateline\":\"Publicado el noviembre 7, 2025.\"},{\"@type\":\"Organization\",\"@id\":\"https:\\\/\\\/candas365.es\\\/noticias\\\/#organization\",\"name\":\"Cand\\u00e1s 365\",\"description\":\"Cand\\u00e1s 365 es un diario digital independiente, fundado en 2012, con base en Asturias. Informamos con rigor sobre actualidad, sociedad, cultura y ocio, con una mirada local y global.\",\"url\":\"https:\\\/\\\/candas365.es\\\/noticias\\\/\",\"email\":\"info@candas365.es\",\"telephone\":\"+34652131393\",\"foundingDate\":\"2012-06-10\",\"logo\":{\"@type\":\"ImageObject\",\"url\":\"https:\\\/\\\/candas365.es\\\/noticias\\\/wp-content\\\/uploads\\\/2024\\\/09\\\/Candas-365-Redes.jpg\",\"@id\":\"https:\\\/\\\/candas365.es\\\/noticias\\\/nueva-fase-del-programa-dica-en-asturias\\\/#organizationLogo\",\"width\":1152,\"height\":864,\"caption\":\"Cand\\u00e1s 365 Redes\"},\"image\":{\"@id\":\"https:\\\/\\\/candas365.es\\\/noticias\\\/nueva-fase-del-programa-dica-en-asturias\\\/#organizationLogo\"},\"sameAs\":[\"https:\\\/\\\/www.facebook.com\\\/Nachofdezber\",\"https:\\\/\\\/x.com\\\/NabercoDigital\",\"https:\\\/\\\/www.instagram.com\\\/nachofdezber\\\/\",\"https:\\\/\\\/www.youtube.com\\\/channel\\\/UCZP-2wLEB9Rv6erhFmqVnvg\"],\"address\":{\"@id\":\"https:\\\/\\\/candas365.es\\\/noticias\\\/#postaladdress\",\"@type\":\"PostalAddress\",\"streetAddress\":\"san antonio 4, san antonio 4\",\"postalCode\":\"33430\",\"addressLocality\":\"Cand\\u00e1s\",\"addressRegion\":\"Asturias\",\"addressCountry\":\"ES\"}},{\"@type\":\"Person\",\"@id\":\"https:\\\/\\\/candas365.es\\\/noticias\\\/author\\\/admin\\\/#author\",\"url\":\"https:\\\/\\\/candas365.es\\\/noticias\\\/author\\\/admin\\\/\",\"name\":\"Cand\\u00e1s 365\",\"image\":{\"@type\":\"ImageObject\",\"@id\":\"https:\\\/\\\/candas365.es\\\/noticias\\\/nueva-fase-del-programa-dica-en-asturias\\\/#authorImage\",\"url\":\"https:\\\/\\\/secure.gravatar.com\\\/avatar\\\/496a8e03d0c493ede1718b7934145dbdf8d89be1036b0eec9544e1094c9de390?s=96&d=mm&r=g\",\"width\":96,\"height\":96,\"caption\":\"Cand\\u00e1s 365\"},\"sameAs\":[\"https:\\\/\\\/www.facebook.com\\\/carrenoactualidad\",\"https:\\\/\\\/twitter.com\\\/nbasturias\",\"https:\\\/\\\/www.instagram.com\\\/nachofdezber\\\/\",\"https:\\\/\\\/www.youtube.com\\\/channel\\\/UCZP-2wLEB9Rv6erhFmqVnvg\"]},{\"@type\":\"WebPage\",\"@id\":\"https:\\\/\\\/candas365.es\\\/noticias\\\/nueva-fase-del-programa-dica-en-asturias\\\/#webpage\",\"url\":\"https:\\\/\\\/candas365.es\\\/noticias\\\/nueva-fase-del-programa-dica-en-asturias\\\/\",\"name\":\"Nueva fase del programa DICA en Asturias | Cand\\u00e1s 365\",\"description\":\"La segunda fase del programa DICA, del Gobierno de Asturias, refuerza la digitalizaci\\u00f3n del comercio minorista incorporando formaci\\u00f3n en an\\u00e1lisis de datos\",\"inLanguage\":\"es-ES\",\"isPartOf\":{\"@id\":\"https:\\\/\\\/candas365.es\\\/noticias\\\/#website\"},\"breadcrumb\":{\"@id\":\"https:\\\/\\\/candas365.es\\\/noticias\\\/nueva-fase-del-programa-dica-en-asturias\\\/#breadcrumblist\"},\"author\":{\"@id\":\"https:\\\/\\\/candas365.es\\\/noticias\\\/author\\\/admin\\\/#author\"},\"creator\":{\"@id\":\"https:\\\/\\\/candas365.es\\\/noticias\\\/author\\\/admin\\\/#author\"},\"image\":{\"@type\":\"ImageObject\",\"url\":\"https:\\\/\\\/candas365.es\\\/noticias\\\/wp-content\\\/uploads\\\/2025\\\/11\\\/Nueva-fase-del-programa-DICA-en-Asturias.jpg\",\"@id\":\"https:\\\/\\\/candas365.es\\\/noticias\\\/nueva-fase-del-programa-dica-en-asturias\\\/#mainImage\",\"width\":901,\"height\":647,\"caption\":\"Foto: Prensa Gobierno de Asturias\"},\"primaryImageOfPage\":{\"@id\":\"https:\\\/\\\/candas365.es\\\/noticias\\\/nueva-fase-del-programa-dica-en-asturias\\\/#mainImage\"},\"datePublished\":\"2025-11-07T10:13:14+01:00\",\"dateModified\":\"2025-11-07T10:13:14+01:00\"},{\"@type\":\"WebSite\",\"@id\":\"https:\\\/\\\/candas365.es\\\/noticias\\\/#website\",\"url\":\"https:\\\/\\\/candas365.es\\\/noticias\\\/\",\"name\":\"Cand\\u00e1s 365\",\"alternateName\":\"Cand\\u00e1s 365 Noticias\",\"description\":\"Actualidad desde Carre\\u00f1o para el mundo\",\"inLanguage\":\"es-ES\",\"publisher\":{\"@id\":\"https:\\\/\\\/candas365.es\\\/noticias\\\/#organization\"}}]}\n\t\t<\/script>\n\t\t<!-- All in One SEO Pro -->\r\n\t\t<title>Nueva fase del programa DICA en Asturias | Cand\u00e1s 365<\/title>\n\n","aioseo_head_json":{"title":"Nueva fase del programa DICA en Asturias | Cand\u00e1s 365","description":"La segunda fase del programa DICA, del Gobierno de Asturias, refuerza la digitalizaci\u00f3n del comercio minorista incorporando formaci\u00f3n en an\u00e1lisis de datos","canonical_url":"https:\/\/candas365.es\/noticias\/nueva-fase-del-programa-dica-en-asturias\/","robots":"max-image-preview:large","keywords":"asturias","webmasterTools":{"google-site-verification":"UA-32230408-1","msvalidate.01":"354F3CDFB2DA171B47FBE9ABF1F88D5","miscellaneous":""},"schema":{"@context":"https:\/\/schema.org","@graph":[{"@type":"BreadcrumbList","@id":"https:\/\/candas365.es\/noticias\/nueva-fase-del-programa-dica-en-asturias\/#breadcrumblist","itemListElement":[{"@type":"ListItem","@id":"https:\/\/candas365.es\/noticias#listItem","position":1,"name":"Home","item":"https:\/\/candas365.es\/noticias","nextItem":{"@type":"ListItem","@id":"https:\/\/candas365.es\/noticias\/category\/asturias\/#listItem","name":"Asturias"}},{"@type":"ListItem","@id":"https:\/\/candas365.es\/noticias\/category\/asturias\/#listItem","position":2,"name":"Asturias","item":"https:\/\/candas365.es\/noticias\/category\/asturias\/","nextItem":{"@type":"ListItem","@id":"https:\/\/candas365.es\/noticias\/nueva-fase-del-programa-dica-en-asturias\/#listItem","name":"Nueva fase del programa DICA en Asturias"},"previousItem":{"@type":"ListItem","@id":"https:\/\/candas365.es\/noticias#listItem","name":"Home"}},{"@type":"ListItem","@id":"https:\/\/candas365.es\/noticias\/nueva-fase-del-programa-dica-en-asturias\/#listItem","position":3,"name":"Nueva fase del programa DICA en Asturias","previousItem":{"@type":"ListItem","@id":"https:\/\/candas365.es\/noticias\/category\/asturias\/#listItem","name":"Asturias"}}]},{"@type":"NewsArticle","@id":"https:\/\/candas365.es\/noticias\/nueva-fase-del-programa-dica-en-asturias\/#newsarticle","name":"Nueva fase del programa DICA en Asturias | Cand\u00e1s 365","headline":"Nueva fase del programa DICA en Asturias","author":{"@id":"https:\/\/candas365.es\/noticias\/author\/admin\/#author"},"publisher":{"@id":"https:\/\/candas365.es\/noticias\/#organization"},"image":{"@type":"ImageObject","url":"https:\/\/candas365.es\/noticias\/wp-content\/uploads\/2025\/11\/Nueva-fase-del-programa-DICA-en-Asturias.jpg","width":901,"height":647,"caption":"Foto: Prensa Gobierno de Asturias"},"datePublished":"2025-11-07T10:13:14+01:00","dateModified":"2025-11-07T10:13:14+01:00","inLanguage":"es-ES","mainEntityOfPage":{"@id":"https:\/\/candas365.es\/noticias\/nueva-fase-del-programa-dica-en-asturias\/#webpage"},"isPartOf":{"@id":"https:\/\/candas365.es\/noticias\/nueva-fase-del-programa-dica-en-asturias\/#webpage"},"articleSection":"Asturias, Asturias, empresas","dateline":"Publicado el noviembre 7, 2025."},{"@type":"Organization","@id":"https:\/\/candas365.es\/noticias\/#organization","name":"Cand\u00e1s 365","description":"Cand\u00e1s 365 es un diario digital independiente, fundado en 2012, con base en Asturias. Informamos con rigor sobre actualidad, sociedad, cultura y ocio, con una mirada local y global.","url":"https:\/\/candas365.es\/noticias\/","email":"info@candas365.es","telephone":"+34652131393","foundingDate":"2012-06-10","logo":{"@type":"ImageObject","url":"https:\/\/candas365.es\/noticias\/wp-content\/uploads\/2024\/09\/Candas-365-Redes.jpg","@id":"https:\/\/candas365.es\/noticias\/nueva-fase-del-programa-dica-en-asturias\/#organizationLogo","width":1152,"height":864,"caption":"Cand\u00e1s 365 Redes"},"image":{"@id":"https:\/\/candas365.es\/noticias\/nueva-fase-del-programa-dica-en-asturias\/#organizationLogo"},"sameAs":["https:\/\/www.facebook.com\/Nachofdezber","https:\/\/x.com\/NabercoDigital","https:\/\/www.instagram.com\/nachofdezber\/","https:\/\/www.youtube.com\/channel\/UCZP-2wLEB9Rv6erhFmqVnvg"],"address":{"@id":"https:\/\/candas365.es\/noticias\/#postaladdress","@type":"PostalAddress","streetAddress":"san antonio 4, san antonio 4","postalCode":"33430","addressLocality":"Cand\u00e1s","addressRegion":"Asturias","addressCountry":"ES"}},{"@type":"Person","@id":"https:\/\/candas365.es\/noticias\/author\/admin\/#author","url":"https:\/\/candas365.es\/noticias\/author\/admin\/","name":"Cand\u00e1s 365","image":{"@type":"ImageObject","@id":"https:\/\/candas365.es\/noticias\/nueva-fase-del-programa-dica-en-asturias\/#authorImage","url":"https:\/\/secure.gravatar.com\/avatar\/496a8e03d0c493ede1718b7934145dbdf8d89be1036b0eec9544e1094c9de390?s=96&d=mm&r=g","width":96,"height":96,"caption":"Cand\u00e1s 365"},"sameAs":["https:\/\/www.facebook.com\/carrenoactualidad","https:\/\/twitter.com\/nbasturias","https:\/\/www.instagram.com\/nachofdezber\/","https:\/\/www.youtube.com\/channel\/UCZP-2wLEB9Rv6erhFmqVnvg"]},{"@type":"WebPage","@id":"https:\/\/candas365.es\/noticias\/nueva-fase-del-programa-dica-en-asturias\/#webpage","url":"https:\/\/candas365.es\/noticias\/nueva-fase-del-programa-dica-en-asturias\/","name":"Nueva fase del programa DICA en Asturias | Cand\u00e1s 365","description":"La segunda fase del programa DICA, del Gobierno de Asturias, refuerza la digitalizaci\u00f3n del comercio minorista incorporando formaci\u00f3n en an\u00e1lisis de datos","inLanguage":"es-ES","isPartOf":{"@id":"https:\/\/candas365.es\/noticias\/#website"},"breadcrumb":{"@id":"https:\/\/candas365.es\/noticias\/nueva-fase-del-programa-dica-en-asturias\/#breadcrumblist"},"author":{"@id":"https:\/\/candas365.es\/noticias\/author\/admin\/#author"},"creator":{"@id":"https:\/\/candas365.es\/noticias\/author\/admin\/#author"},"image":{"@type":"ImageObject","url":"https:\/\/candas365.es\/noticias\/wp-content\/uploads\/2025\/11\/Nueva-fase-del-programa-DICA-en-Asturias.jpg","@id":"https:\/\/candas365.es\/noticias\/nueva-fase-del-programa-dica-en-asturias\/#mainImage","width":901,"height":647,"caption":"Foto: Prensa Gobierno de Asturias"},"primaryImageOfPage":{"@id":"https:\/\/candas365.es\/noticias\/nueva-fase-del-programa-dica-en-asturias\/#mainImage"},"datePublished":"2025-11-07T10:13:14+01:00","dateModified":"2025-11-07T10:13:14+01:00"},{"@type":"WebSite","@id":"https:\/\/candas365.es\/noticias\/#website","url":"https:\/\/candas365.es\/noticias\/","name":"Cand\u00e1s 365","alternateName":"Cand\u00e1s 365 Noticias","description":"Actualidad desde Carre\u00f1o para el mundo","inLanguage":"es-ES","publisher":{"@id":"https:\/\/candas365.es\/noticias\/#organization"}}]},"og:locale":"es_ES","og:site_name":"Cand\u00e1s 365","og:type":"article","og:title":"Nueva fase del programa DICA en Asturias | Cand\u00e1s 365","og:description":"La segunda fase del programa DICA, del Gobierno de Asturias, refuerza la digitalizaci\u00f3n del comercio minorista incorporando formaci\u00f3n en an\u00e1lisis de datos","og:url":"https:\/\/candas365.es\/noticias\/nueva-fase-del-programa-dica-en-asturias\/","og:image":"https:\/\/candas365.es\/noticias\/wp-content\/uploads\/2025\/11\/Nueva-fase-del-programa-DICA-en-Asturias.jpg","og:image:secure_url":"https:\/\/candas365.es\/noticias\/wp-content\/uploads\/2025\/11\/Nueva-fase-del-programa-DICA-en-Asturias.jpg","og:image:width":901,"og:image:height":647,"article:published_time":"2025-11-07T09:13:14+00:00","article:modified_time":"2025-11-07T09:13:14+00:00","article:publisher":"https:\/\/www.facebook.com\/Nachofdezber","article:author":"https:\/\/www.facebook.com\/carrenoactualidad","twitter:card":"summary_large_image","twitter:site":"@NabercoDigital","twitter:title":"Nueva fase del programa DICA en Asturias | Cand\u00e1s 365","twitter:description":"La segunda fase del programa DICA, del Gobierno de Asturias, refuerza la digitalizaci\u00f3n del comercio minorista incorporando formaci\u00f3n en an\u00e1lisis de datos","twitter:creator":"@nbasturias","twitter:image":"https:\/\/candas365.es\/noticias\/wp-content\/uploads\/2025\/11\/Nueva-fase-del-programa-DICA-en-Asturias.jpg","twitter:label1":"Escrito por","twitter:data1":"Cand\u00e1s 365","twitter:label2":"Tiempo de lectura estimado","twitter:data2":"3 minutos"},"aioseo_meta_data":{"post_id":"189851","title":null,"description":"La segunda fase del programa DICA, del Gobierno de Asturias, refuerza la digitalizaci\u00f3n del comercio minorista incorporando formaci\u00f3n en an\u00e1lisis de datos","keywords":null,"keyphrases":{"focus":{"keyphrase":"Asturias","score":100,"analysis":{"keyphraseInTitle":{"score":9,"maxScore":9,"error":0},"keyphraseInDescription":{"score":9,"maxScore":9,"error":0},"keyphraseLength":{"score":9,"maxScore":9,"error":0,"length":1},"keyphraseInURL":{"score":5,"maxScore":5,"error":0},"keyphraseInIntroduction":{"score":9,"maxScore":9,"error":0},"keyphraseInSubHeadings":[],"keyphraseInImageAlt":{"score":9,"maxScore":9,"error":0},"keywordDensity":{"type":"best","score":9,"maxScore":9,"error":0}}},"additional":[{"keyphrase":"programa DICA","score":80,"analysis":{"keyphraseInDescription":{"score":9,"maxScore":9,"error":0},"keyphraseLength":{"score":9,"maxScore":9,"error":0,"length":2},"keyphraseInIntroduction":{"score":9,"maxScore":9,"error":0},"keyphraseInImageAlt":{"score":9,"maxScore":9,"error":0},"keywordDensity":{"score":0,"type":"low","maxScore":9,"error":1}}}]},"primary_term":null,"canonical_url":null,"og_title":null,"og_description":null,"og_object_type":"default","og_image_type":"default","og_image_url":null,"og_image_width":null,"og_image_height":null,"og_image_custom_url":null,"og_image_custom_fields":null,"og_video":"","og_custom_url":null,"og_article_section":null,"og_article_tags":null,"twitter_use_og":false,"twitter_card":"default","twitter_image_type":"default","twitter_image_url":null,"twitter_image_custom_url":null,"twitter_image_custom_fields":null,"twitter_title":null,"twitter_description":null,"schema":{"blockGraphs":[],"customGraphs":[],"default":{"data":{"Article":[],"Course":[],"Dataset":[],"FAQPage":[],"Movie":[],"Person":[],"Product":[],"ProductReview":[],"Car":[],"Recipe":[],"Service":[],"SoftwareApplication":[],"WebPage":[]},"graphName":"Article","isEnabled":true},"graphs":[]},"schema_type":"default","schema_type_options":null,"pillar_content":false,"robots_default":true,"robots_noindex":false,"robots_noarchive":false,"robots_nosnippet":false,"robots_nofollow":false,"robots_noimageindex":false,"robots_noodp":false,"robots_notranslate":false,"robots_max_snippet":"-1","robots_max_videopreview":"-1","robots_max_imagepreview":"large","priority":null,"frequency":"default","location":null,"local_seo":null,"seo_analyzer_scan_date":"2025-11-07 09:15:49","breadcrumb_settings":null,"limit_modified_date":false,"reviewed_by":null,"open_ai":null,"ai":{"faqs":[],"keyPoints":[],"titles":[],"descriptions":[],"socialPosts":{"email":[],"linkedin":[],"twitter":[],"facebook":[],"instagram":[]}},"created":"2025-11-07 09:06:54","updated":"2025-11-07 09:16:01"},"aioseo_breadcrumb":"<div class=\"aioseo-breadcrumbs\"><span class=\"aioseo-breadcrumb\">\n\t<a href=\"https:\/\/candas365.es\/noticias\" title=\"Home\">Home<\/a>\n<\/span><span class=\"aioseo-breadcrumb-separator\">&ndash;<\/span><span class=\"aioseo-breadcrumb\">\n\t<a href=\"https:\/\/candas365.es\/noticias\/category\/asturias\/\" title=\"Asturias\">Asturias<\/a>\n<\/span><span class=\"aioseo-breadcrumb-separator\">&ndash;<\/span><span class=\"aioseo-breadcrumb\">\n\tNueva fase del programa DICA en Asturias\n<\/span><\/div>","aioseo_breadcrumb_json":[{"label":"Home","link":"https:\/\/candas365.es\/noticias"},{"label":"Asturias","link":"https:\/\/candas365.es\/noticias\/category\/asturias\/"},{"label":"Nueva fase del programa DICA en Asturias","link":"https:\/\/candas365.es\/noticias\/nueva-fase-del-programa-dica-en-asturias\/"}],"_links":{"self":[{"href":"https:\/\/candas365.es\/noticias\/wp-json\/wp\/v2\/posts\/189851","targetHints":{"allow":["GET"]}}],"collection":[{"href":"https:\/\/candas365.es\/noticias\/wp-json\/wp\/v2\/posts"}],"about":[{"href":"https:\/\/candas365.es\/noticias\/wp-json\/wp\/v2\/types\/post"}],"author":[{"embeddable":true,"href":"https:\/\/candas365.es\/noticias\/wp-json\/wp\/v2\/users\/1"}],"replies":[{"embeddable":true,"href":"https:\/\/candas365.es\/noticias\/wp-json\/wp\/v2\/comments?post=189851"}],"version-history":[{"count":0,"href":"https:\/\/candas365.es\/noticias\/wp-json\/wp\/v2\/posts\/189851\/revisions"}],"wp:featuredmedia":[{"embeddable":true,"href":"https:\/\/candas365.es\/noticias\/wp-json\/wp\/v2\/media\/189852"}],"wp:attachment":[{"href":"https:\/\/candas365.es\/noticias\/wp-json\/wp\/v2\/media?parent=189851"}],"wp:term":[{"taxonomy":"category","embeddable":true,"href":"https:\/\/candas365.es\/noticias\/wp-json\/wp\/v2\/categories?post=189851"},{"taxonomy":"post_tag","embeddable":true,"href":"https:\/\/candas365.es\/noticias\/wp-json\/wp\/v2\/tags?post=189851"}],"curies":[{"name":"wp","href":"https:\/\/api.w.org\/{rel}","templated":true}]}}