{"id":189822,"date":"2025-11-06T11:44:08","date_gmt":"2025-11-06T10:44:08","guid":{"rendered":"https:\/\/candas365.es\/noticias\/?p=189822"},"modified":"2025-11-06T11:44:08","modified_gmt":"2025-11-06T10:44:08","slug":"operacion-ibidem-detenidas-18-personas","status":"publish","type":"post","link":"https:\/\/candas365.es\/noticias\/operacion-ibidem-detenidas-18-personas\/","title":{"rendered":"Operaci\u00f3n \u00abIbidem\u00bb: Detenidas 18 personas"},"content":{"rendered":"<p>La <span style=\"color: #ff6600;\"><a style=\"color: #ff6600;\" href=\"https:\/\/web.guardiacivil.es\/es\" target=\"_blank\" rel=\"noopener\"><strong>Guardia Civil<\/strong><\/a><\/span> detuvo a 18 personas en la <a href=\"https:\/\/candas365.es\/noticias\/category\/sucesos\/\"><span style=\"color: #ff6600;\"><strong>operaci\u00f3n \u2018Ibidem\u2019<\/strong> <\/span><\/a>por 36 robos de cobre en tres comunidades aut\u00f3nomas, donde sustrajeron 65.600 metros de cable valorados en 1,7 millones de euros.<\/p>\n<figure id=\"attachment_189823\" aria-describedby=\"caption-attachment-189823\" style=\"width: 650px\" class=\"wp-caption aligncenter\"><img fetchpriority=\"high\" decoding=\"async\" class=\"size-large wp-image-189823\" src=\"https:\/\/candas365.es\/noticias\/wp-content\/uploads\/2025\/11\/La-Guardia-Civil-detuvo-a-18-personas-en-la-operacion-Ibidem-650x428.jpg\" alt=\"La Guardia Civil detuvo a 18 personas en la operaci\u00f3n \u2018Ibidem\u2019\" width=\"650\" height=\"428\" srcset=\"https:\/\/candas365.es\/noticias\/wp-content\/uploads\/2025\/11\/La-Guardia-Civil-detuvo-a-18-personas-en-la-operacion-Ibidem-650x428.jpg 650w, https:\/\/candas365.es\/noticias\/wp-content\/uploads\/2025\/11\/La-Guardia-Civil-detuvo-a-18-personas-en-la-operacion-Ibidem-360x237.jpg 360w, https:\/\/candas365.es\/noticias\/wp-content\/uploads\/2025\/11\/La-Guardia-Civil-detuvo-a-18-personas-en-la-operacion-Ibidem-768x505.jpg 768w, https:\/\/candas365.es\/noticias\/wp-content\/uploads\/2025\/11\/La-Guardia-Civil-detuvo-a-18-personas-en-la-operacion-Ibidem-150x99.jpg 150w, https:\/\/candas365.es\/noticias\/wp-content\/uploads\/2025\/11\/La-Guardia-Civil-detuvo-a-18-personas-en-la-operacion-Ibidem-450x296.jpg 450w, https:\/\/candas365.es\/noticias\/wp-content\/uploads\/2025\/11\/La-Guardia-Civil-detuvo-a-18-personas-en-la-operacion-Ibidem.jpg 991w\" sizes=\"(max-width: 650px) 100vw, 650px\" \/><figcaption id=\"caption-attachment-189823\" class=\"wp-caption-text\">Foto: 123rf.com<\/figcaption><\/figure>\n<p>Seg\u00fan inform\u00f3 la Guardia Civil este jueves, se han recuperado unas 12 toneladas del metal sustra\u00eddo, tambi\u00e9n han sido detenidos e investigados los responsables de tres chatarrer\u00edas madrile\u00f1as como supuestos autores de un delito de receptaci\u00f3n del material sustra\u00eddo.<\/p>\n<p>El grupo se dedicaba a la sustracci\u00f3n de cable de cobre perteneciente a instalaciones fotovoltaicas, bodegas, almazaras, molinos, aserraderos y otras f\u00e1bricas agroalimentarias, llegando a cometer casi una veintena de robos en menos de 15 d\u00edas.<\/p>\n<p>En la primera fase de la investigaci\u00f3n se descubri\u00f3 que el grupo se divid\u00eda en dos c\u00e9lulas que se desplazaban en furgonetas propias o de alquiler desde Madrid hasta los municipios donde comet\u00edan estos hechos delictivos. Una vez comet\u00edan el robo, transportaban y entregaban el cable sustra\u00eddo a diferentes chatarrer\u00edas de la Comunidad de Madrid.<\/p>\n<p>El pasado mes de agosto, durante la segunda fase de la operaci\u00f3n, se intercept\u00f3 una de las furgonetas que usaban para la comisi\u00f3n de los delitos. La Guardia Civil encontr\u00f3 en su interior 3.800 kg de cable de cobre que acababan de sustraer de la fotovoltaica del municipio de Alange, en Badajoz. Los detenidos abandonaron el veh\u00edculo al ser sorprendidos por los agentes. En paralelo, en Torremocha, en la provincia de C\u00e1ceres, abandonaron otros 3.000 kg de cable. Entre los 18 detenidos, se encuentran los encargados de las chatarrer\u00edas que recib\u00edan el material sustra\u00eddo, en estas instalaciones se han intervenido m\u00e1s de cinco toneladas de cable de cobre.<\/p>\n<p>A los detenidos e investigados se les atribuye un total de 36 robos. Estos delitos tuvieron lugar en las provincias de Badajoz, C\u00e1ceres, Valladolid, Burgos, Soria y Murcia. Adem\u00e1s, tambi\u00e9n se les implica en supuestos delitos de pertenencia a organizaci\u00f3n criminal, falsedad documental, robo y uso de veh\u00edculo, usurpaci\u00f3n del estado civil y receptaci\u00f3n<\/p>\n<p>(<a href=\"https:\/\/www.servimedia.es\/\" target=\"_blank\" rel=\"noopener\"><span style=\"color: #ff6600;\"><strong>SERVIMEDIA<\/strong><\/span><\/a>)<\/p>\n","protected":false},"excerpt":{"rendered":"<p>La Guardia Civil detuvo a 18 personas en la operaci\u00f3n \u2018Ibidem\u2019 por 36 robos de cobre en tres comunidades aut\u00f3nomas, donde sustrajeron 65.600 metros de cable valorados en 1,7 millones de euros. Seg\u00fan inform\u00f3 la Guardia Civil este jueves, se han recuperado unas 12 toneladas del metal sustra\u00eddo, tambi\u00e9n han sido detenidos e investigados los<\/p>\n","protected":false},"author":1,"featured_media":189823,"comment_status":"closed","ping_status":"closed","sticky":false,"template":"","format":"standard","meta":{"footnotes":""},"categories":[487],"tags":[391],"class_list":{"0":"post-189822","1":"post","2":"type-post","3":"status-publish","4":"format-standard","5":"has-post-thumbnail","7":"category-sucesos","8":"tag-sucesos"},"aioseo_notices":[],"aioseo_head":"\n\t\t<!-- All in One SEO Pro 4.9.6.2 - aioseo.com -->\n\t<meta name=\"description\" content=\"La Guardia Civil detuvo a 18 personas en la operaci\u00f3n \u2018Ibidem\u2019 por 36 robos de cobre en tres comunidades aut\u00f3nomas, donde sustrajeron 65.600 metros de cable\" \/>\n\t<meta name=\"robots\" content=\"max-image-preview:large\" \/>\n\t<meta name=\"author\" content=\"Cand\u00e1s 365\"\/>\n\t<meta name=\"google-site-verification\" content=\"UA-32230408-1\" \/>\n\t<meta name=\"msvalidate.01\" content=\"354F3CDFB2DA171B47FBE9ABF1F88D5\" \/>\n\t<meta name=\"keywords\" content=\"sucesos\" \/>\n\t<link rel=\"canonical\" href=\"https:\/\/candas365.es\/noticias\/operacion-ibidem-detenidas-18-personas\/\" \/>\n\t<meta name=\"generator\" content=\"All in One SEO Pro (AIOSEO) 4.9.6.2\" \/>\n\t\t<meta property=\"og:locale\" content=\"es_ES\" \/>\n\t\t<meta property=\"og:site_name\" content=\"Cand\u00e1s 365\" \/>\n\t\t<meta property=\"og:type\" content=\"article\" \/>\n\t\t<meta property=\"og:title\" content=\"Operaci\u00f3n \u00abIbidem\u00bb: Detenidas 18 personas | Cand\u00e1s 365\" \/>\n\t\t<meta property=\"og:description\" content=\"La Guardia Civil detuvo a 18 personas en la operaci\u00f3n \u2018Ibidem\u2019 por 36 robos de cobre en tres comunidades aut\u00f3nomas, donde sustrajeron 65.600 metros de cable\" \/>\n\t\t<meta property=\"og:url\" content=\"https:\/\/candas365.es\/noticias\/operacion-ibidem-detenidas-18-personas\/\" \/>\n\t\t<meta property=\"og:image\" content=\"https:\/\/candas365.es\/noticias\/wp-content\/uploads\/2025\/11\/La-Guardia-Civil-detuvo-a-18-personas-en-la-operacion-Ibidem.jpg\" \/>\n\t\t<meta property=\"og:image:secure_url\" content=\"https:\/\/candas365.es\/noticias\/wp-content\/uploads\/2025\/11\/La-Guardia-Civil-detuvo-a-18-personas-en-la-operacion-Ibidem.jpg\" \/>\n\t\t<meta property=\"og:image:width\" content=\"991\" \/>\n\t\t<meta property=\"og:image:height\" content=\"652\" \/>\n\t\t<meta property=\"article:published_time\" content=\"2025-11-06T10:44:08+00:00\" \/>\n\t\t<meta property=\"article:modified_time\" content=\"2025-11-06T10:44:08+00:00\" \/>\n\t\t<meta property=\"article:publisher\" content=\"https:\/\/www.facebook.com\/Nachofdezber\" \/>\n\t\t<meta property=\"article:author\" content=\"https:\/\/www.facebook.com\/carrenoactualidad\" \/>\n\t\t<meta name=\"twitter:card\" content=\"summary_large_image\" \/>\n\t\t<meta name=\"twitter:site\" content=\"@NabercoDigital\" \/>\n\t\t<meta name=\"twitter:title\" content=\"Operaci\u00f3n \u00abIbidem\u00bb: Detenidas 18 personas | Cand\u00e1s 365\" \/>\n\t\t<meta name=\"twitter:description\" content=\"La Guardia Civil detuvo a 18 personas en la operaci\u00f3n \u2018Ibidem\u2019 por 36 robos de cobre en tres comunidades aut\u00f3nomas, donde sustrajeron 65.600 metros de cable\" \/>\n\t\t<meta name=\"twitter:creator\" content=\"@nbasturias\" \/>\n\t\t<meta name=\"twitter:image\" content=\"https:\/\/candas365.es\/noticias\/wp-content\/uploads\/2025\/11\/La-Guardia-Civil-detuvo-a-18-personas-en-la-operacion-Ibidem.jpg\" \/>\n\t\t<meta name=\"twitter:label1\" content=\"Escrito por\" \/>\n\t\t<meta name=\"twitter:data1\" content=\"Cand\u00e1s 365\" \/>\n\t\t<meta name=\"twitter:label2\" content=\"Tiempo de lectura estimado\" \/>\n\t\t<meta name=\"twitter:data2\" content=\"2 minutos\" \/>\n\t\t<script type=\"application\/ld+json\" class=\"aioseo-schema\">\n\t\t\t{\"@context\":\"https:\\\/\\\/schema.org\",\"@graph\":[{\"@type\":\"BreadcrumbList\",\"@id\":\"https:\\\/\\\/candas365.es\\\/noticias\\\/operacion-ibidem-detenidas-18-personas\\\/#breadcrumblist\",\"itemListElement\":[{\"@type\":\"ListItem\",\"@id\":\"https:\\\/\\\/candas365.es\\\/noticias#listItem\",\"position\":1,\"name\":\"Home\",\"item\":\"https:\\\/\\\/candas365.es\\\/noticias\",\"nextItem\":{\"@type\":\"ListItem\",\"@id\":\"https:\\\/\\\/candas365.es\\\/noticias\\\/category\\\/sucesos\\\/#listItem\",\"name\":\"Sucesos\"}},{\"@type\":\"ListItem\",\"@id\":\"https:\\\/\\\/candas365.es\\\/noticias\\\/category\\\/sucesos\\\/#listItem\",\"position\":2,\"name\":\"Sucesos\",\"item\":\"https:\\\/\\\/candas365.es\\\/noticias\\\/category\\\/sucesos\\\/\",\"nextItem\":{\"@type\":\"ListItem\",\"@id\":\"https:\\\/\\\/candas365.es\\\/noticias\\\/operacion-ibidem-detenidas-18-personas\\\/#listItem\",\"name\":\"Operaci\\u00f3n \\u00abIbidem\\u00bb: Detenidas 18 personas\"},\"previousItem\":{\"@type\":\"ListItem\",\"@id\":\"https:\\\/\\\/candas365.es\\\/noticias#listItem\",\"name\":\"Home\"}},{\"@type\":\"ListItem\",\"@id\":\"https:\\\/\\\/candas365.es\\\/noticias\\\/operacion-ibidem-detenidas-18-personas\\\/#listItem\",\"position\":3,\"name\":\"Operaci\\u00f3n \\u00abIbidem\\u00bb: Detenidas 18 personas\",\"previousItem\":{\"@type\":\"ListItem\",\"@id\":\"https:\\\/\\\/candas365.es\\\/noticias\\\/category\\\/sucesos\\\/#listItem\",\"name\":\"Sucesos\"}}]},{\"@type\":\"NewsArticle\",\"@id\":\"https:\\\/\\\/candas365.es\\\/noticias\\\/operacion-ibidem-detenidas-18-personas\\\/#newsarticle\",\"name\":\"Operaci\\u00f3n \\u00abIbidem\\u00bb: Detenidas 18 personas | Cand\\u00e1s 365\",\"headline\":\"Operaci\\u00f3n \\u00abIbidem\\u00bb: Detenidas 18 personas\",\"author\":{\"@id\":\"https:\\\/\\\/candas365.es\\\/noticias\\\/author\\\/admin\\\/#author\"},\"publisher\":{\"@id\":\"https:\\\/\\\/candas365.es\\\/noticias\\\/#organization\"},\"image\":{\"@type\":\"ImageObject\",\"url\":\"https:\\\/\\\/candas365.es\\\/noticias\\\/wp-content\\\/uploads\\\/2025\\\/11\\\/La-Guardia-Civil-detuvo-a-18-personas-en-la-operacion-Ibidem.jpg\",\"width\":991,\"height\":652,\"caption\":\"Foto: 123rf.com\"},\"datePublished\":\"2025-11-06T11:44:08+01:00\",\"dateModified\":\"2025-11-06T11:44:08+01:00\",\"inLanguage\":\"es-ES\",\"mainEntityOfPage\":{\"@id\":\"https:\\\/\\\/candas365.es\\\/noticias\\\/operacion-ibidem-detenidas-18-personas\\\/#webpage\"},\"isPartOf\":{\"@id\":\"https:\\\/\\\/candas365.es\\\/noticias\\\/operacion-ibidem-detenidas-18-personas\\\/#webpage\"},\"articleSection\":\"Sucesos, sucesos\",\"dateline\":\"Publicado el noviembre 6, 2025.\"},{\"@type\":\"Organization\",\"@id\":\"https:\\\/\\\/candas365.es\\\/noticias\\\/#organization\",\"name\":\"Cand\\u00e1s 365\",\"description\":\"Cand\\u00e1s 365 es un diario digital independiente, fundado en 2012, con base en Asturias. Informamos con rigor sobre actualidad, sociedad, cultura y ocio, con una mirada local y global.\",\"url\":\"https:\\\/\\\/candas365.es\\\/noticias\\\/\",\"email\":\"info@candas365.es\",\"telephone\":\"+34652131393\",\"foundingDate\":\"2012-06-10\",\"logo\":{\"@type\":\"ImageObject\",\"url\":\"https:\\\/\\\/candas365.es\\\/noticias\\\/wp-content\\\/uploads\\\/2024\\\/09\\\/Candas-365-Redes.jpg\",\"@id\":\"https:\\\/\\\/candas365.es\\\/noticias\\\/operacion-ibidem-detenidas-18-personas\\\/#organizationLogo\",\"width\":1152,\"height\":864,\"caption\":\"Cand\\u00e1s 365 Redes\"},\"image\":{\"@id\":\"https:\\\/\\\/candas365.es\\\/noticias\\\/operacion-ibidem-detenidas-18-personas\\\/#organizationLogo\"},\"sameAs\":[\"https:\\\/\\\/www.facebook.com\\\/Nachofdezber\",\"https:\\\/\\\/x.com\\\/NabercoDigital\",\"https:\\\/\\\/www.instagram.com\\\/nachofdezber\\\/\",\"https:\\\/\\\/www.youtube.com\\\/channel\\\/UCZP-2wLEB9Rv6erhFmqVnvg\"],\"address\":{\"@id\":\"https:\\\/\\\/candas365.es\\\/noticias\\\/#postaladdress\",\"@type\":\"PostalAddress\",\"streetAddress\":\"san antonio 4, san antonio 4\",\"postalCode\":\"33430\",\"addressLocality\":\"Cand\\u00e1s\",\"addressRegion\":\"Asturias\",\"addressCountry\":\"ES\"}},{\"@type\":\"Person\",\"@id\":\"https:\\\/\\\/candas365.es\\\/noticias\\\/author\\\/admin\\\/#author\",\"url\":\"https:\\\/\\\/candas365.es\\\/noticias\\\/author\\\/admin\\\/\",\"name\":\"Cand\\u00e1s 365\",\"image\":{\"@type\":\"ImageObject\",\"@id\":\"https:\\\/\\\/candas365.es\\\/noticias\\\/operacion-ibidem-detenidas-18-personas\\\/#authorImage\",\"url\":\"https:\\\/\\\/secure.gravatar.com\\\/avatar\\\/496a8e03d0c493ede1718b7934145dbdf8d89be1036b0eec9544e1094c9de390?s=96&d=mm&r=g\",\"width\":96,\"height\":96,\"caption\":\"Cand\\u00e1s 365\"},\"sameAs\":[\"https:\\\/\\\/www.facebook.com\\\/carrenoactualidad\",\"https:\\\/\\\/twitter.com\\\/nbasturias\",\"https:\\\/\\\/www.instagram.com\\\/nachofdezber\\\/\",\"https:\\\/\\\/www.youtube.com\\\/channel\\\/UCZP-2wLEB9Rv6erhFmqVnvg\"]},{\"@type\":\"WebPage\",\"@id\":\"https:\\\/\\\/candas365.es\\\/noticias\\\/operacion-ibidem-detenidas-18-personas\\\/#webpage\",\"url\":\"https:\\\/\\\/candas365.es\\\/noticias\\\/operacion-ibidem-detenidas-18-personas\\\/\",\"name\":\"Operaci\\u00f3n \\u00abIbidem\\u00bb: Detenidas 18 personas | Cand\\u00e1s 365\",\"description\":\"La Guardia Civil detuvo a 18 personas en la operaci\\u00f3n \\u2018Ibidem\\u2019 por 36 robos de cobre en tres comunidades aut\\u00f3nomas, donde sustrajeron 65.600 metros de cable\",\"inLanguage\":\"es-ES\",\"isPartOf\":{\"@id\":\"https:\\\/\\\/candas365.es\\\/noticias\\\/#website\"},\"breadcrumb\":{\"@id\":\"https:\\\/\\\/candas365.es\\\/noticias\\\/operacion-ibidem-detenidas-18-personas\\\/#breadcrumblist\"},\"author\":{\"@id\":\"https:\\\/\\\/candas365.es\\\/noticias\\\/author\\\/admin\\\/#author\"},\"creator\":{\"@id\":\"https:\\\/\\\/candas365.es\\\/noticias\\\/author\\\/admin\\\/#author\"},\"image\":{\"@type\":\"ImageObject\",\"url\":\"https:\\\/\\\/candas365.es\\\/noticias\\\/wp-content\\\/uploads\\\/2025\\\/11\\\/La-Guardia-Civil-detuvo-a-18-personas-en-la-operacion-Ibidem.jpg\",\"@id\":\"https:\\\/\\\/candas365.es\\\/noticias\\\/operacion-ibidem-detenidas-18-personas\\\/#mainImage\",\"width\":991,\"height\":652,\"caption\":\"Foto: 123rf.com\"},\"primaryImageOfPage\":{\"@id\":\"https:\\\/\\\/candas365.es\\\/noticias\\\/operacion-ibidem-detenidas-18-personas\\\/#mainImage\"},\"datePublished\":\"2025-11-06T11:44:08+01:00\",\"dateModified\":\"2025-11-06T11:44:08+01:00\"},{\"@type\":\"WebSite\",\"@id\":\"https:\\\/\\\/candas365.es\\\/noticias\\\/#website\",\"url\":\"https:\\\/\\\/candas365.es\\\/noticias\\\/\",\"name\":\"Cand\\u00e1s 365\",\"alternateName\":\"Cand\\u00e1s 365 Noticias\",\"description\":\"Actualidad desde Carre\\u00f1o para el mundo\",\"inLanguage\":\"es-ES\",\"publisher\":{\"@id\":\"https:\\\/\\\/candas365.es\\\/noticias\\\/#organization\"}}]}\n\t\t<\/script>\n\t\t<!-- All in One SEO Pro -->\r\n\t\t<title>Operaci\u00f3n \u00abIbidem\u00bb: Detenidas 18 personas | Cand\u00e1s 365<\/title>\n\n","aioseo_head_json":{"title":"Operaci\u00f3n \u00abIbidem\u00bb: Detenidas 18 personas | Cand\u00e1s 365","description":"La Guardia Civil detuvo a 18 personas en la operaci\u00f3n \u2018Ibidem\u2019 por 36 robos de cobre en tres comunidades aut\u00f3nomas, donde sustrajeron 65.600 metros de cable","canonical_url":"https:\/\/candas365.es\/noticias\/operacion-ibidem-detenidas-18-personas\/","robots":"max-image-preview:large","keywords":"sucesos","webmasterTools":{"google-site-verification":"UA-32230408-1","msvalidate.01":"354F3CDFB2DA171B47FBE9ABF1F88D5","miscellaneous":""},"schema":{"@context":"https:\/\/schema.org","@graph":[{"@type":"BreadcrumbList","@id":"https:\/\/candas365.es\/noticias\/operacion-ibidem-detenidas-18-personas\/#breadcrumblist","itemListElement":[{"@type":"ListItem","@id":"https:\/\/candas365.es\/noticias#listItem","position":1,"name":"Home","item":"https:\/\/candas365.es\/noticias","nextItem":{"@type":"ListItem","@id":"https:\/\/candas365.es\/noticias\/category\/sucesos\/#listItem","name":"Sucesos"}},{"@type":"ListItem","@id":"https:\/\/candas365.es\/noticias\/category\/sucesos\/#listItem","position":2,"name":"Sucesos","item":"https:\/\/candas365.es\/noticias\/category\/sucesos\/","nextItem":{"@type":"ListItem","@id":"https:\/\/candas365.es\/noticias\/operacion-ibidem-detenidas-18-personas\/#listItem","name":"Operaci\u00f3n \u00abIbidem\u00bb: Detenidas 18 personas"},"previousItem":{"@type":"ListItem","@id":"https:\/\/candas365.es\/noticias#listItem","name":"Home"}},{"@type":"ListItem","@id":"https:\/\/candas365.es\/noticias\/operacion-ibidem-detenidas-18-personas\/#listItem","position":3,"name":"Operaci\u00f3n \u00abIbidem\u00bb: Detenidas 18 personas","previousItem":{"@type":"ListItem","@id":"https:\/\/candas365.es\/noticias\/category\/sucesos\/#listItem","name":"Sucesos"}}]},{"@type":"NewsArticle","@id":"https:\/\/candas365.es\/noticias\/operacion-ibidem-detenidas-18-personas\/#newsarticle","name":"Operaci\u00f3n \u00abIbidem\u00bb: Detenidas 18 personas | Cand\u00e1s 365","headline":"Operaci\u00f3n \u00abIbidem\u00bb: Detenidas 18 personas","author":{"@id":"https:\/\/candas365.es\/noticias\/author\/admin\/#author"},"publisher":{"@id":"https:\/\/candas365.es\/noticias\/#organization"},"image":{"@type":"ImageObject","url":"https:\/\/candas365.es\/noticias\/wp-content\/uploads\/2025\/11\/La-Guardia-Civil-detuvo-a-18-personas-en-la-operacion-Ibidem.jpg","width":991,"height":652,"caption":"Foto: 123rf.com"},"datePublished":"2025-11-06T11:44:08+01:00","dateModified":"2025-11-06T11:44:08+01:00","inLanguage":"es-ES","mainEntityOfPage":{"@id":"https:\/\/candas365.es\/noticias\/operacion-ibidem-detenidas-18-personas\/#webpage"},"isPartOf":{"@id":"https:\/\/candas365.es\/noticias\/operacion-ibidem-detenidas-18-personas\/#webpage"},"articleSection":"Sucesos, sucesos","dateline":"Publicado el noviembre 6, 2025."},{"@type":"Organization","@id":"https:\/\/candas365.es\/noticias\/#organization","name":"Cand\u00e1s 365","description":"Cand\u00e1s 365 es un diario digital independiente, fundado en 2012, con base en Asturias. Informamos con rigor sobre actualidad, sociedad, cultura y ocio, con una mirada local y global.","url":"https:\/\/candas365.es\/noticias\/","email":"info@candas365.es","telephone":"+34652131393","foundingDate":"2012-06-10","logo":{"@type":"ImageObject","url":"https:\/\/candas365.es\/noticias\/wp-content\/uploads\/2024\/09\/Candas-365-Redes.jpg","@id":"https:\/\/candas365.es\/noticias\/operacion-ibidem-detenidas-18-personas\/#organizationLogo","width":1152,"height":864,"caption":"Cand\u00e1s 365 Redes"},"image":{"@id":"https:\/\/candas365.es\/noticias\/operacion-ibidem-detenidas-18-personas\/#organizationLogo"},"sameAs":["https:\/\/www.facebook.com\/Nachofdezber","https:\/\/x.com\/NabercoDigital","https:\/\/www.instagram.com\/nachofdezber\/","https:\/\/www.youtube.com\/channel\/UCZP-2wLEB9Rv6erhFmqVnvg"],"address":{"@id":"https:\/\/candas365.es\/noticias\/#postaladdress","@type":"PostalAddress","streetAddress":"san antonio 4, san antonio 4","postalCode":"33430","addressLocality":"Cand\u00e1s","addressRegion":"Asturias","addressCountry":"ES"}},{"@type":"Person","@id":"https:\/\/candas365.es\/noticias\/author\/admin\/#author","url":"https:\/\/candas365.es\/noticias\/author\/admin\/","name":"Cand\u00e1s 365","image":{"@type":"ImageObject","@id":"https:\/\/candas365.es\/noticias\/operacion-ibidem-detenidas-18-personas\/#authorImage","url":"https:\/\/secure.gravatar.com\/avatar\/496a8e03d0c493ede1718b7934145dbdf8d89be1036b0eec9544e1094c9de390?s=96&d=mm&r=g","width":96,"height":96,"caption":"Cand\u00e1s 365"},"sameAs":["https:\/\/www.facebook.com\/carrenoactualidad","https:\/\/twitter.com\/nbasturias","https:\/\/www.instagram.com\/nachofdezber\/","https:\/\/www.youtube.com\/channel\/UCZP-2wLEB9Rv6erhFmqVnvg"]},{"@type":"WebPage","@id":"https:\/\/candas365.es\/noticias\/operacion-ibidem-detenidas-18-personas\/#webpage","url":"https:\/\/candas365.es\/noticias\/operacion-ibidem-detenidas-18-personas\/","name":"Operaci\u00f3n \u00abIbidem\u00bb: Detenidas 18 personas | Cand\u00e1s 365","description":"La Guardia Civil detuvo a 18 personas en la operaci\u00f3n \u2018Ibidem\u2019 por 36 robos de cobre en tres comunidades aut\u00f3nomas, donde sustrajeron 65.600 metros de cable","inLanguage":"es-ES","isPartOf":{"@id":"https:\/\/candas365.es\/noticias\/#website"},"breadcrumb":{"@id":"https:\/\/candas365.es\/noticias\/operacion-ibidem-detenidas-18-personas\/#breadcrumblist"},"author":{"@id":"https:\/\/candas365.es\/noticias\/author\/admin\/#author"},"creator":{"@id":"https:\/\/candas365.es\/noticias\/author\/admin\/#author"},"image":{"@type":"ImageObject","url":"https:\/\/candas365.es\/noticias\/wp-content\/uploads\/2025\/11\/La-Guardia-Civil-detuvo-a-18-personas-en-la-operacion-Ibidem.jpg","@id":"https:\/\/candas365.es\/noticias\/operacion-ibidem-detenidas-18-personas\/#mainImage","width":991,"height":652,"caption":"Foto: 123rf.com"},"primaryImageOfPage":{"@id":"https:\/\/candas365.es\/noticias\/operacion-ibidem-detenidas-18-personas\/#mainImage"},"datePublished":"2025-11-06T11:44:08+01:00","dateModified":"2025-11-06T11:44:08+01:00"},{"@type":"WebSite","@id":"https:\/\/candas365.es\/noticias\/#website","url":"https:\/\/candas365.es\/noticias\/","name":"Cand\u00e1s 365","alternateName":"Cand\u00e1s 365 Noticias","description":"Actualidad desde Carre\u00f1o para el mundo","inLanguage":"es-ES","publisher":{"@id":"https:\/\/candas365.es\/noticias\/#organization"}}]},"og:locale":"es_ES","og:site_name":"Cand\u00e1s 365","og:type":"article","og:title":"Operaci\u00f3n \u00abIbidem\u00bb: Detenidas 18 personas | Cand\u00e1s 365","og:description":"La Guardia Civil detuvo a 18 personas en la operaci\u00f3n \u2018Ibidem\u2019 por 36 robos de cobre en tres comunidades aut\u00f3nomas, donde sustrajeron 65.600 metros de cable","og:url":"https:\/\/candas365.es\/noticias\/operacion-ibidem-detenidas-18-personas\/","og:image":"https:\/\/candas365.es\/noticias\/wp-content\/uploads\/2025\/11\/La-Guardia-Civil-detuvo-a-18-personas-en-la-operacion-Ibidem.jpg","og:image:secure_url":"https:\/\/candas365.es\/noticias\/wp-content\/uploads\/2025\/11\/La-Guardia-Civil-detuvo-a-18-personas-en-la-operacion-Ibidem.jpg","og:image:width":991,"og:image:height":652,"article:published_time":"2025-11-06T10:44:08+00:00","article:modified_time":"2025-11-06T10:44:08+00:00","article:publisher":"https:\/\/www.facebook.com\/Nachofdezber","article:author":"https:\/\/www.facebook.com\/carrenoactualidad","twitter:card":"summary_large_image","twitter:site":"@NabercoDigital","twitter:title":"Operaci\u00f3n \u00abIbidem\u00bb: Detenidas 18 personas | Cand\u00e1s 365","twitter:description":"La Guardia Civil detuvo a 18 personas en la operaci\u00f3n \u2018Ibidem\u2019 por 36 robos de cobre en tres comunidades aut\u00f3nomas, donde sustrajeron 65.600 metros de cable","twitter:creator":"@nbasturias","twitter:image":"https:\/\/candas365.es\/noticias\/wp-content\/uploads\/2025\/11\/La-Guardia-Civil-detuvo-a-18-personas-en-la-operacion-Ibidem.jpg","twitter:label1":"Escrito por","twitter:data1":"Cand\u00e1s 365","twitter:label2":"Tiempo de lectura estimado","twitter:data2":"2 minutos"},"aioseo_meta_data":{"post_id":"189822","title":null,"description":"La Guardia Civil detuvo a 18 personas en la operaci\u00f3n \u2018Ibidem\u2019 por 36 robos de cobre en tres comunidades aut\u00f3nomas, donde sustrajeron 65.600 metros de cable","keywords":null,"keyphrases":{"focus":{"keyphrase":"Operaci\u00f3n","score":100,"analysis":{"keyphraseInTitle":{"score":9,"maxScore":9,"error":0},"keyphraseInDescription":{"score":9,"maxScore":9,"error":0},"keyphraseLength":{"score":9,"maxScore":9,"error":0,"length":2},"keyphraseInURL":{"score":5,"maxScore":5,"error":0},"keyphraseInIntroduction":{"score":9,"maxScore":9,"error":0},"keyphraseInSubHeadings":[],"keyphraseInImageAlt":{"score":9,"maxScore":9,"error":0},"keywordDensity":{"type":"best","score":9,"maxScore":9,"error":0}}},"additional":[{"keyphrase":"Guardia Civil","score":100,"analysis":{"keyphraseInDescription":{"score":9,"maxScore":9,"error":0},"keyphraseLength":{"score":9,"maxScore":9,"error":0,"length":2},"keyphraseInIntroduction":{"score":9,"maxScore":9,"error":0},"keyphraseInImageAlt":{"score":9,"maxScore":9,"error":0},"keywordDensity":{"type":"best","score":9,"maxScore":9,"error":0}}}]},"primary_term":null,"canonical_url":null,"og_title":null,"og_description":null,"og_object_type":"default","og_image_type":"default","og_image_url":null,"og_image_width":null,"og_image_height":null,"og_image_custom_url":null,"og_image_custom_fields":null,"og_video":"","og_custom_url":null,"og_article_section":null,"og_article_tags":null,"twitter_use_og":false,"twitter_card":"default","twitter_image_type":"default","twitter_image_url":null,"twitter_image_custom_url":null,"twitter_image_custom_fields":null,"twitter_title":null,"twitter_description":null,"schema":{"blockGraphs":[],"customGraphs":[],"default":{"data":{"Article":[],"Course":[],"Dataset":[],"FAQPage":[],"Movie":[],"Person":[],"Product":[],"ProductReview":[],"Car":[],"Recipe":[],"Service":[],"SoftwareApplication":[],"WebPage":[]},"graphName":"Article","isEnabled":true},"graphs":[]},"schema_type":"default","schema_type_options":null,"pillar_content":false,"robots_default":true,"robots_noindex":false,"robots_noarchive":false,"robots_nosnippet":false,"robots_nofollow":false,"robots_noimageindex":false,"robots_noodp":false,"robots_notranslate":false,"robots_max_snippet":"-1","robots_max_videopreview":"-1","robots_max_imagepreview":"large","priority":null,"frequency":"default","location":null,"local_seo":null,"seo_analyzer_scan_date":"2025-11-06 10:44:20","breadcrumb_settings":null,"limit_modified_date":false,"reviewed_by":null,"open_ai":null,"ai":{"faqs":[],"keyPoints":[],"titles":[],"descriptions":[],"socialPosts":{"email":[],"linkedin":[],"twitter":[],"facebook":[],"instagram":[]}},"created":"2025-11-06 10:26:48","updated":"2025-11-06 10:45:10"},"aioseo_breadcrumb":"<div class=\"aioseo-breadcrumbs\"><span class=\"aioseo-breadcrumb\">\n\t<a href=\"https:\/\/candas365.es\/noticias\" title=\"Home\">Home<\/a>\n<\/span><span class=\"aioseo-breadcrumb-separator\">&ndash;<\/span><span class=\"aioseo-breadcrumb\">\n\t<a href=\"https:\/\/candas365.es\/noticias\/category\/sucesos\/\" title=\"Sucesos\">Sucesos<\/a>\n<\/span><span class=\"aioseo-breadcrumb-separator\">&ndash;<\/span><span class=\"aioseo-breadcrumb\">\n\tOperaci\u00f3n \u00abIbidem\u00bb: Detenidas 18 personas\n<\/span><\/div>","aioseo_breadcrumb_json":[{"label":"Home","link":"https:\/\/candas365.es\/noticias"},{"label":"Sucesos","link":"https:\/\/candas365.es\/noticias\/category\/sucesos\/"},{"label":"Operaci\u00f3n \u00abIbidem\u00bb: Detenidas 18 personas","link":"https:\/\/candas365.es\/noticias\/operacion-ibidem-detenidas-18-personas\/"}],"_links":{"self":[{"href":"https:\/\/candas365.es\/noticias\/wp-json\/wp\/v2\/posts\/189822","targetHints":{"allow":["GET"]}}],"collection":[{"href":"https:\/\/candas365.es\/noticias\/wp-json\/wp\/v2\/posts"}],"about":[{"href":"https:\/\/candas365.es\/noticias\/wp-json\/wp\/v2\/types\/post"}],"author":[{"embeddable":true,"href":"https:\/\/candas365.es\/noticias\/wp-json\/wp\/v2\/users\/1"}],"replies":[{"embeddable":true,"href":"https:\/\/candas365.es\/noticias\/wp-json\/wp\/v2\/comments?post=189822"}],"version-history":[{"count":0,"href":"https:\/\/candas365.es\/noticias\/wp-json\/wp\/v2\/posts\/189822\/revisions"}],"wp:featuredmedia":[{"embeddable":true,"href":"https:\/\/candas365.es\/noticias\/wp-json\/wp\/v2\/media\/189823"}],"wp:attachment":[{"href":"https:\/\/candas365.es\/noticias\/wp-json\/wp\/v2\/media?parent=189822"}],"wp:term":[{"taxonomy":"category","embeddable":true,"href":"https:\/\/candas365.es\/noticias\/wp-json\/wp\/v2\/categories?post=189822"},{"taxonomy":"post_tag","embeddable":true,"href":"https:\/\/candas365.es\/noticias\/wp-json\/wp\/v2\/tags?post=189822"}],"curies":[{"name":"wp","href":"https:\/\/api.w.org\/{rel}","templated":true}]}}