{"id":189799,"date":"2025-11-06T06:56:56","date_gmt":"2025-11-06T05:56:56","guid":{"rendered":"https:\/\/candas365.es\/noticias\/?p=189799"},"modified":"2025-11-06T06:56:56","modified_gmt":"2025-11-06T05:56:56","slug":"colores-que-hacen-un-salon-acogedor-de-verdad","status":"publish","type":"post","link":"https:\/\/candas365.es\/noticias\/colores-que-hacen-un-salon-acogedor-de-verdad\/","title":{"rendered":"Colores que hacen un sal\u00f3n acogedor de verdad"},"content":{"rendered":"<p data-start=\"145\" data-end=\"379\">Los colores que hacen un <a href=\"https:\/\/candas365.es\/noticias\/category\/sociedad\/\"><span style=\"color: #ff6600;\"><strong>sal\u00f3n acogedor<\/strong><\/span><\/a> no se eligen por tendencia, sino por sensaci\u00f3n. La forma en que un tono envuelve el espacio cambia m\u00e1s la atm\u00f3sfera que cualquier mueble.<\/p>\n<figure id=\"attachment_189800\" aria-describedby=\"caption-attachment-189800\" style=\"width: 650px\" class=\"wp-caption aligncenter\"><img fetchpriority=\"high\" decoding=\"async\" class=\"size-large wp-image-189800\" src=\"https:\/\/candas365.es\/noticias\/wp-content\/uploads\/2025\/11\/salon-acogedor-650x444.jpg\" alt=\"sal\u00f3n acogedor\" width=\"650\" height=\"444\" srcset=\"https:\/\/candas365.es\/noticias\/wp-content\/uploads\/2025\/11\/salon-acogedor-650x444.jpg 650w, https:\/\/candas365.es\/noticias\/wp-content\/uploads\/2025\/11\/salon-acogedor-360x246.jpg 360w, https:\/\/candas365.es\/noticias\/wp-content\/uploads\/2025\/11\/salon-acogedor-768x525.jpg 768w, https:\/\/candas365.es\/noticias\/wp-content\/uploads\/2025\/11\/salon-acogedor-150x102.jpg 150w, https:\/\/candas365.es\/noticias\/wp-content\/uploads\/2025\/11\/salon-acogedor-450x307.jpg 450w, https:\/\/candas365.es\/noticias\/wp-content\/uploads\/2025\/11\/salon-acogedor.jpg 982w\" sizes=\"(max-width: 650px) 100vw, 650px\" \/><figcaption id=\"caption-attachment-189800\" class=\"wp-caption-text\">Foto: 123rf.com<\/figcaption><\/figure>\n<h2 data-start=\"386\" data-end=\"437\">El color no solo decora: condiciona el ambiente<\/h2>\n<p data-start=\"439\" data-end=\"778\">Un sal\u00f3n puede tener buenos muebles, buena luz y una distribuci\u00f3n correcta, pero si el color no acompa\u00f1a, algo siempre parece faltar. <strong>La elecci\u00f3n del tono dominante no se limita a una pared o a un sof\u00e1: define c\u00f3mo se percibe la habitaci\u00f3n en calma, movimiento o descanso. Los colores hablan antes que los objetos, y lo hacen sin esfuerzo.<\/strong><\/p>\n<p data-start=\"780\" data-end=\"1067\">No existe un \u00fanico tono que \u201cfuncione para todos\u201d, porque la acogida no depende del color en s\u00ed, sino de su temperatura, intensidad y combinaci\u00f3n. Lo que importa no es que el color sea bonito, sino que sea habitable. <strong>Un sal\u00f3n acogedor no busca impacto visual: busca equilibrio emocional.<\/strong><\/p>\n<h2 data-start=\"1074\" data-end=\"1119\">La clave no es el color, sino c\u00f3mo se usa<\/h2>\n<p data-start=\"1121\" data-end=\"1472\">Los tonos c\u00e1lidos \u2014beige, arena, terracota suave, grises tostados\u2014 generan cercan\u00eda porque recuerdan a materiales naturales: madera, tierra, luz de vela. Son tonos que no exigen protagonismo y que abrazan sin imponerse. Tambi\u00e9n funcionan los verdes apagados y los azules con matiz gris, que aportan calma sin frialdad si se eligen con baja saturaci\u00f3n.<\/p>\n<p data-start=\"1474\" data-end=\"1759\">Los blancos puros iluminan, pero rara vez abrigan. Funcionan mejor cuando se suavizan: blanco roto, marfil, blanco con matiz piedra. Lo mismo con los grises: los fr\u00edos pueden parecer elegantes, pero solo resultan acogedores cuando se combinan con texturas c\u00e1lidas o detalles en madera.<\/p>\n<p data-start=\"1761\" data-end=\"2035\">El sal\u00f3n que descansa visualmente no mezcla demasiados colores. Puede haber contraste, pero no confusi\u00f3n. Los tonos dominantes deber\u00edan repetirse en distintos elementos: pared, cojines, alfombra, l\u00e1mpara, manta\u2026 La repetici\u00f3n ordena el ambiente sin necesidad de uniformidad.<\/p>\n<p data-start=\"2037\" data-end=\"2346\">La intensidad del color tambi\u00e9n importa. Un verde botella puede resultar acogedor si el resto de la estancia lo equilibra, pero un amarillo brillante dif\u00edcilmente generar\u00e1 reposo. No se trata de prohibir los colores vivos, sino de darles un papel secundario: un cuadro, una flor, un coj\u00edn, no la pared entera.<\/p>\n<p data-start=\"2353\" data-end=\"2521\">Un<a href=\"https:\/\/eldigitaldeasturias.com\/magazine365\/category\/hogar\/\" target=\"_blank\" rel=\"noopener\"><span style=\"color: #ff6600;\"><strong> sal\u00f3n acogedor<\/strong><\/span><\/a> no nace de la cantidad de cosas, sino del tono que lo envuelve. Cuando el color no lucha por atenci\u00f3n, la casa empieza a sentirse vivida, no decorada.<\/p>\n","protected":false},"excerpt":{"rendered":"<p>Los colores que hacen un sal\u00f3n acogedor no se eligen por tendencia, sino por sensaci\u00f3n. La forma en que un tono envuelve el espacio cambia m\u00e1s la atm\u00f3sfera que cualquier mueble. El color no solo decora: condiciona el ambiente Un sal\u00f3n puede tener buenos muebles, buena luz y una distribuci\u00f3n correcta, pero si el color<\/p>\n","protected":false},"author":1,"featured_media":189800,"comment_status":"closed","ping_status":"closed","sticky":false,"template":"","format":"standard","meta":{"footnotes":""},"categories":[143],"tags":[423,408],"class_list":{"0":"post-189799","1":"post","2":"type-post","3":"status-publish","4":"format-standard","5":"has-post-thumbnail","7":"category-sociedad","8":"tag-hogar","9":"tag-sociedad"},"aioseo_notices":[],"aioseo_head":"\n\t\t<!-- All in One SEO Pro 4.9.6.2 - aioseo.com -->\n\t<meta name=\"description\" content=\"Los colores que hacen un sal\u00f3n acogedor no se eligen por tendencia, sino por sensaci\u00f3n. La forma en que un tono envuelve el espacio cambia m\u00e1s la atm\u00f3sfera\" \/>\n\t<meta name=\"robots\" content=\"max-image-preview:large\" \/>\n\t<meta name=\"author\" content=\"Cand\u00e1s 365\"\/>\n\t<meta name=\"google-site-verification\" content=\"UA-32230408-1\" \/>\n\t<meta name=\"msvalidate.01\" content=\"354F3CDFB2DA171B47FBE9ABF1F88D5\" \/>\n\t<meta name=\"keywords\" content=\"sociedad\" \/>\n\t<link rel=\"canonical\" href=\"https:\/\/candas365.es\/noticias\/colores-que-hacen-un-salon-acogedor-de-verdad\/\" \/>\n\t<meta name=\"generator\" content=\"All in One SEO Pro (AIOSEO) 4.9.6.2\" \/>\n\t\t<meta property=\"og:locale\" content=\"es_ES\" \/>\n\t\t<meta property=\"og:site_name\" content=\"Cand\u00e1s 365\" \/>\n\t\t<meta property=\"og:type\" content=\"article\" \/>\n\t\t<meta property=\"og:title\" content=\"Colores que hacen un sal\u00f3n acogedor de verdad | Cand\u00e1s 365\" \/>\n\t\t<meta property=\"og:description\" content=\"Los colores que hacen un sal\u00f3n acogedor no se eligen por tendencia, sino por sensaci\u00f3n. La forma en que un tono envuelve el espacio cambia m\u00e1s la atm\u00f3sfera\" \/>\n\t\t<meta property=\"og:url\" content=\"https:\/\/candas365.es\/noticias\/colores-que-hacen-un-salon-acogedor-de-verdad\/\" \/>\n\t\t<meta property=\"og:image\" content=\"https:\/\/candas365.es\/noticias\/wp-content\/uploads\/2025\/11\/salon-acogedor.jpg\" \/>\n\t\t<meta property=\"og:image:secure_url\" content=\"https:\/\/candas365.es\/noticias\/wp-content\/uploads\/2025\/11\/salon-acogedor.jpg\" \/>\n\t\t<meta property=\"og:image:width\" content=\"982\" \/>\n\t\t<meta property=\"og:image:height\" content=\"671\" \/>\n\t\t<meta property=\"article:published_time\" content=\"2025-11-06T05:56:56+00:00\" \/>\n\t\t<meta property=\"article:modified_time\" content=\"2025-11-06T05:56:56+00:00\" \/>\n\t\t<meta property=\"article:publisher\" content=\"https:\/\/www.facebook.com\/Nachofdezber\" \/>\n\t\t<meta property=\"article:author\" content=\"https:\/\/www.facebook.com\/carrenoactualidad\" \/>\n\t\t<meta name=\"twitter:card\" content=\"summary_large_image\" \/>\n\t\t<meta name=\"twitter:site\" content=\"@NabercoDigital\" \/>\n\t\t<meta name=\"twitter:title\" content=\"Colores que hacen un sal\u00f3n acogedor de verdad | Cand\u00e1s 365\" \/>\n\t\t<meta name=\"twitter:description\" content=\"Los colores que hacen un sal\u00f3n acogedor no se eligen por tendencia, sino por sensaci\u00f3n. La forma en que un tono envuelve el espacio cambia m\u00e1s la atm\u00f3sfera\" \/>\n\t\t<meta name=\"twitter:creator\" content=\"@nbasturias\" \/>\n\t\t<meta name=\"twitter:image\" content=\"https:\/\/candas365.es\/noticias\/wp-content\/uploads\/2025\/11\/salon-acogedor.jpg\" \/>\n\t\t<meta name=\"twitter:label1\" content=\"Escrito por\" \/>\n\t\t<meta name=\"twitter:data1\" content=\"Cand\u00e1s 365\" \/>\n\t\t<meta name=\"twitter:label2\" content=\"Tiempo de lectura estimado\" \/>\n\t\t<meta name=\"twitter:data2\" content=\"2 minutos\" \/>\n\t\t<script type=\"application\/ld+json\" class=\"aioseo-schema\">\n\t\t\t{\"@context\":\"https:\\\/\\\/schema.org\",\"@graph\":[{\"@type\":\"BreadcrumbList\",\"@id\":\"https:\\\/\\\/candas365.es\\\/noticias\\\/colores-que-hacen-un-salon-acogedor-de-verdad\\\/#breadcrumblist\",\"itemListElement\":[{\"@type\":\"ListItem\",\"@id\":\"https:\\\/\\\/candas365.es\\\/noticias#listItem\",\"position\":1,\"name\":\"Home\",\"item\":\"https:\\\/\\\/candas365.es\\\/noticias\",\"nextItem\":{\"@type\":\"ListItem\",\"@id\":\"https:\\\/\\\/candas365.es\\\/noticias\\\/category\\\/sociedad\\\/#listItem\",\"name\":\"Sociedad\"}},{\"@type\":\"ListItem\",\"@id\":\"https:\\\/\\\/candas365.es\\\/noticias\\\/category\\\/sociedad\\\/#listItem\",\"position\":2,\"name\":\"Sociedad\",\"item\":\"https:\\\/\\\/candas365.es\\\/noticias\\\/category\\\/sociedad\\\/\",\"nextItem\":{\"@type\":\"ListItem\",\"@id\":\"https:\\\/\\\/candas365.es\\\/noticias\\\/colores-que-hacen-un-salon-acogedor-de-verdad\\\/#listItem\",\"name\":\"Colores que hacen un sal\\u00f3n acogedor de verdad\"},\"previousItem\":{\"@type\":\"ListItem\",\"@id\":\"https:\\\/\\\/candas365.es\\\/noticias#listItem\",\"name\":\"Home\"}},{\"@type\":\"ListItem\",\"@id\":\"https:\\\/\\\/candas365.es\\\/noticias\\\/colores-que-hacen-un-salon-acogedor-de-verdad\\\/#listItem\",\"position\":3,\"name\":\"Colores que hacen un sal\\u00f3n acogedor de verdad\",\"previousItem\":{\"@type\":\"ListItem\",\"@id\":\"https:\\\/\\\/candas365.es\\\/noticias\\\/category\\\/sociedad\\\/#listItem\",\"name\":\"Sociedad\"}}]},{\"@type\":\"NewsArticle\",\"@id\":\"https:\\\/\\\/candas365.es\\\/noticias\\\/colores-que-hacen-un-salon-acogedor-de-verdad\\\/#newsarticle\",\"name\":\"Colores que hacen un sal\\u00f3n acogedor de verdad | Cand\\u00e1s 365\",\"headline\":\"Colores que hacen un sal\\u00f3n acogedor de verdad\",\"author\":{\"@id\":\"https:\\\/\\\/candas365.es\\\/noticias\\\/author\\\/admin\\\/#author\"},\"publisher\":{\"@id\":\"https:\\\/\\\/candas365.es\\\/noticias\\\/#organization\"},\"image\":{\"@type\":\"ImageObject\",\"url\":\"https:\\\/\\\/candas365.es\\\/noticias\\\/wp-content\\\/uploads\\\/2025\\\/11\\\/salon-acogedor.jpg\",\"width\":982,\"height\":671,\"caption\":\"Foto: 123rf.com\"},\"datePublished\":\"2025-11-06T06:56:56+01:00\",\"dateModified\":\"2025-11-06T06:56:56+01:00\",\"inLanguage\":\"es-ES\",\"mainEntityOfPage\":{\"@id\":\"https:\\\/\\\/candas365.es\\\/noticias\\\/colores-que-hacen-un-salon-acogedor-de-verdad\\\/#webpage\"},\"isPartOf\":{\"@id\":\"https:\\\/\\\/candas365.es\\\/noticias\\\/colores-que-hacen-un-salon-acogedor-de-verdad\\\/#webpage\"},\"articleSection\":\"Sociedad, Hogar, sociedad\",\"dateline\":\"Publicado el noviembre 6, 2025.\"},{\"@type\":\"Organization\",\"@id\":\"https:\\\/\\\/candas365.es\\\/noticias\\\/#organization\",\"name\":\"Cand\\u00e1s 365\",\"description\":\"Cand\\u00e1s 365 es un diario digital independiente, fundado en 2012, con base en Asturias. Informamos con rigor sobre actualidad, sociedad, cultura y ocio, con una mirada local y global.\",\"url\":\"https:\\\/\\\/candas365.es\\\/noticias\\\/\",\"email\":\"info@candas365.es\",\"telephone\":\"+34652131393\",\"foundingDate\":\"2012-06-10\",\"logo\":{\"@type\":\"ImageObject\",\"url\":\"https:\\\/\\\/candas365.es\\\/noticias\\\/wp-content\\\/uploads\\\/2024\\\/09\\\/Candas-365-Redes.jpg\",\"@id\":\"https:\\\/\\\/candas365.es\\\/noticias\\\/colores-que-hacen-un-salon-acogedor-de-verdad\\\/#organizationLogo\",\"width\":1152,\"height\":864,\"caption\":\"Cand\\u00e1s 365 Redes\"},\"image\":{\"@id\":\"https:\\\/\\\/candas365.es\\\/noticias\\\/colores-que-hacen-un-salon-acogedor-de-verdad\\\/#organizationLogo\"},\"sameAs\":[\"https:\\\/\\\/www.facebook.com\\\/Nachofdezber\",\"https:\\\/\\\/x.com\\\/NabercoDigital\",\"https:\\\/\\\/www.instagram.com\\\/nachofdezber\\\/\",\"https:\\\/\\\/www.youtube.com\\\/channel\\\/UCZP-2wLEB9Rv6erhFmqVnvg\"],\"address\":{\"@id\":\"https:\\\/\\\/candas365.es\\\/noticias\\\/#postaladdress\",\"@type\":\"PostalAddress\",\"streetAddress\":\"san antonio 4, san antonio 4\",\"postalCode\":\"33430\",\"addressLocality\":\"Cand\\u00e1s\",\"addressRegion\":\"Asturias\",\"addressCountry\":\"ES\"}},{\"@type\":\"Person\",\"@id\":\"https:\\\/\\\/candas365.es\\\/noticias\\\/author\\\/admin\\\/#author\",\"url\":\"https:\\\/\\\/candas365.es\\\/noticias\\\/author\\\/admin\\\/\",\"name\":\"Cand\\u00e1s 365\",\"image\":{\"@type\":\"ImageObject\",\"@id\":\"https:\\\/\\\/candas365.es\\\/noticias\\\/colores-que-hacen-un-salon-acogedor-de-verdad\\\/#authorImage\",\"url\":\"https:\\\/\\\/secure.gravatar.com\\\/avatar\\\/496a8e03d0c493ede1718b7934145dbdf8d89be1036b0eec9544e1094c9de390?s=96&d=mm&r=g\",\"width\":96,\"height\":96,\"caption\":\"Cand\\u00e1s 365\"},\"sameAs\":[\"https:\\\/\\\/www.facebook.com\\\/carrenoactualidad\",\"https:\\\/\\\/twitter.com\\\/nbasturias\",\"https:\\\/\\\/www.instagram.com\\\/nachofdezber\\\/\",\"https:\\\/\\\/www.youtube.com\\\/channel\\\/UCZP-2wLEB9Rv6erhFmqVnvg\"]},{\"@type\":\"WebPage\",\"@id\":\"https:\\\/\\\/candas365.es\\\/noticias\\\/colores-que-hacen-un-salon-acogedor-de-verdad\\\/#webpage\",\"url\":\"https:\\\/\\\/candas365.es\\\/noticias\\\/colores-que-hacen-un-salon-acogedor-de-verdad\\\/\",\"name\":\"Colores que hacen un sal\\u00f3n acogedor de verdad | Cand\\u00e1s 365\",\"description\":\"Los colores que hacen un sal\\u00f3n acogedor no se eligen por tendencia, sino por sensaci\\u00f3n. La forma en que un tono envuelve el espacio cambia m\\u00e1s la atm\\u00f3sfera\",\"inLanguage\":\"es-ES\",\"isPartOf\":{\"@id\":\"https:\\\/\\\/candas365.es\\\/noticias\\\/#website\"},\"breadcrumb\":{\"@id\":\"https:\\\/\\\/candas365.es\\\/noticias\\\/colores-que-hacen-un-salon-acogedor-de-verdad\\\/#breadcrumblist\"},\"author\":{\"@id\":\"https:\\\/\\\/candas365.es\\\/noticias\\\/author\\\/admin\\\/#author\"},\"creator\":{\"@id\":\"https:\\\/\\\/candas365.es\\\/noticias\\\/author\\\/admin\\\/#author\"},\"image\":{\"@type\":\"ImageObject\",\"url\":\"https:\\\/\\\/candas365.es\\\/noticias\\\/wp-content\\\/uploads\\\/2025\\\/11\\\/salon-acogedor.jpg\",\"@id\":\"https:\\\/\\\/candas365.es\\\/noticias\\\/colores-que-hacen-un-salon-acogedor-de-verdad\\\/#mainImage\",\"width\":982,\"height\":671,\"caption\":\"Foto: 123rf.com\"},\"primaryImageOfPage\":{\"@id\":\"https:\\\/\\\/candas365.es\\\/noticias\\\/colores-que-hacen-un-salon-acogedor-de-verdad\\\/#mainImage\"},\"datePublished\":\"2025-11-06T06:56:56+01:00\",\"dateModified\":\"2025-11-06T06:56:56+01:00\"},{\"@type\":\"WebSite\",\"@id\":\"https:\\\/\\\/candas365.es\\\/noticias\\\/#website\",\"url\":\"https:\\\/\\\/candas365.es\\\/noticias\\\/\",\"name\":\"Cand\\u00e1s 365\",\"alternateName\":\"Cand\\u00e1s 365 Noticias\",\"description\":\"Actualidad desde Carre\\u00f1o para el mundo\",\"inLanguage\":\"es-ES\",\"publisher\":{\"@id\":\"https:\\\/\\\/candas365.es\\\/noticias\\\/#organization\"}}]}\n\t\t<\/script>\n\t\t<!-- All in One SEO Pro -->\r\n\t\t<title>Colores que hacen un sal\u00f3n acogedor de verdad | Cand\u00e1s 365<\/title>\n\n","aioseo_head_json":{"title":"Colores que hacen un sal\u00f3n acogedor de verdad | Cand\u00e1s 365","description":"Los colores que hacen un sal\u00f3n acogedor no se eligen por tendencia, sino por sensaci\u00f3n. La forma en que un tono envuelve el espacio cambia m\u00e1s la atm\u00f3sfera","canonical_url":"https:\/\/candas365.es\/noticias\/colores-que-hacen-un-salon-acogedor-de-verdad\/","robots":"max-image-preview:large","keywords":"sociedad","webmasterTools":{"google-site-verification":"UA-32230408-1","msvalidate.01":"354F3CDFB2DA171B47FBE9ABF1F88D5","miscellaneous":""},"schema":{"@context":"https:\/\/schema.org","@graph":[{"@type":"BreadcrumbList","@id":"https:\/\/candas365.es\/noticias\/colores-que-hacen-un-salon-acogedor-de-verdad\/#breadcrumblist","itemListElement":[{"@type":"ListItem","@id":"https:\/\/candas365.es\/noticias#listItem","position":1,"name":"Home","item":"https:\/\/candas365.es\/noticias","nextItem":{"@type":"ListItem","@id":"https:\/\/candas365.es\/noticias\/category\/sociedad\/#listItem","name":"Sociedad"}},{"@type":"ListItem","@id":"https:\/\/candas365.es\/noticias\/category\/sociedad\/#listItem","position":2,"name":"Sociedad","item":"https:\/\/candas365.es\/noticias\/category\/sociedad\/","nextItem":{"@type":"ListItem","@id":"https:\/\/candas365.es\/noticias\/colores-que-hacen-un-salon-acogedor-de-verdad\/#listItem","name":"Colores que hacen un sal\u00f3n acogedor de verdad"},"previousItem":{"@type":"ListItem","@id":"https:\/\/candas365.es\/noticias#listItem","name":"Home"}},{"@type":"ListItem","@id":"https:\/\/candas365.es\/noticias\/colores-que-hacen-un-salon-acogedor-de-verdad\/#listItem","position":3,"name":"Colores que hacen un sal\u00f3n acogedor de verdad","previousItem":{"@type":"ListItem","@id":"https:\/\/candas365.es\/noticias\/category\/sociedad\/#listItem","name":"Sociedad"}}]},{"@type":"NewsArticle","@id":"https:\/\/candas365.es\/noticias\/colores-que-hacen-un-salon-acogedor-de-verdad\/#newsarticle","name":"Colores que hacen un sal\u00f3n acogedor de verdad | Cand\u00e1s 365","headline":"Colores que hacen un sal\u00f3n acogedor de verdad","author":{"@id":"https:\/\/candas365.es\/noticias\/author\/admin\/#author"},"publisher":{"@id":"https:\/\/candas365.es\/noticias\/#organization"},"image":{"@type":"ImageObject","url":"https:\/\/candas365.es\/noticias\/wp-content\/uploads\/2025\/11\/salon-acogedor.jpg","width":982,"height":671,"caption":"Foto: 123rf.com"},"datePublished":"2025-11-06T06:56:56+01:00","dateModified":"2025-11-06T06:56:56+01:00","inLanguage":"es-ES","mainEntityOfPage":{"@id":"https:\/\/candas365.es\/noticias\/colores-que-hacen-un-salon-acogedor-de-verdad\/#webpage"},"isPartOf":{"@id":"https:\/\/candas365.es\/noticias\/colores-que-hacen-un-salon-acogedor-de-verdad\/#webpage"},"articleSection":"Sociedad, Hogar, sociedad","dateline":"Publicado el noviembre 6, 2025."},{"@type":"Organization","@id":"https:\/\/candas365.es\/noticias\/#organization","name":"Cand\u00e1s 365","description":"Cand\u00e1s 365 es un diario digital independiente, fundado en 2012, con base en Asturias. Informamos con rigor sobre actualidad, sociedad, cultura y ocio, con una mirada local y global.","url":"https:\/\/candas365.es\/noticias\/","email":"info@candas365.es","telephone":"+34652131393","foundingDate":"2012-06-10","logo":{"@type":"ImageObject","url":"https:\/\/candas365.es\/noticias\/wp-content\/uploads\/2024\/09\/Candas-365-Redes.jpg","@id":"https:\/\/candas365.es\/noticias\/colores-que-hacen-un-salon-acogedor-de-verdad\/#organizationLogo","width":1152,"height":864,"caption":"Cand\u00e1s 365 Redes"},"image":{"@id":"https:\/\/candas365.es\/noticias\/colores-que-hacen-un-salon-acogedor-de-verdad\/#organizationLogo"},"sameAs":["https:\/\/www.facebook.com\/Nachofdezber","https:\/\/x.com\/NabercoDigital","https:\/\/www.instagram.com\/nachofdezber\/","https:\/\/www.youtube.com\/channel\/UCZP-2wLEB9Rv6erhFmqVnvg"],"address":{"@id":"https:\/\/candas365.es\/noticias\/#postaladdress","@type":"PostalAddress","streetAddress":"san antonio 4, san antonio 4","postalCode":"33430","addressLocality":"Cand\u00e1s","addressRegion":"Asturias","addressCountry":"ES"}},{"@type":"Person","@id":"https:\/\/candas365.es\/noticias\/author\/admin\/#author","url":"https:\/\/candas365.es\/noticias\/author\/admin\/","name":"Cand\u00e1s 365","image":{"@type":"ImageObject","@id":"https:\/\/candas365.es\/noticias\/colores-que-hacen-un-salon-acogedor-de-verdad\/#authorImage","url":"https:\/\/secure.gravatar.com\/avatar\/496a8e03d0c493ede1718b7934145dbdf8d89be1036b0eec9544e1094c9de390?s=96&d=mm&r=g","width":96,"height":96,"caption":"Cand\u00e1s 365"},"sameAs":["https:\/\/www.facebook.com\/carrenoactualidad","https:\/\/twitter.com\/nbasturias","https:\/\/www.instagram.com\/nachofdezber\/","https:\/\/www.youtube.com\/channel\/UCZP-2wLEB9Rv6erhFmqVnvg"]},{"@type":"WebPage","@id":"https:\/\/candas365.es\/noticias\/colores-que-hacen-un-salon-acogedor-de-verdad\/#webpage","url":"https:\/\/candas365.es\/noticias\/colores-que-hacen-un-salon-acogedor-de-verdad\/","name":"Colores que hacen un sal\u00f3n acogedor de verdad | Cand\u00e1s 365","description":"Los colores que hacen un sal\u00f3n acogedor no se eligen por tendencia, sino por sensaci\u00f3n. La forma en que un tono envuelve el espacio cambia m\u00e1s la atm\u00f3sfera","inLanguage":"es-ES","isPartOf":{"@id":"https:\/\/candas365.es\/noticias\/#website"},"breadcrumb":{"@id":"https:\/\/candas365.es\/noticias\/colores-que-hacen-un-salon-acogedor-de-verdad\/#breadcrumblist"},"author":{"@id":"https:\/\/candas365.es\/noticias\/author\/admin\/#author"},"creator":{"@id":"https:\/\/candas365.es\/noticias\/author\/admin\/#author"},"image":{"@type":"ImageObject","url":"https:\/\/candas365.es\/noticias\/wp-content\/uploads\/2025\/11\/salon-acogedor.jpg","@id":"https:\/\/candas365.es\/noticias\/colores-que-hacen-un-salon-acogedor-de-verdad\/#mainImage","width":982,"height":671,"caption":"Foto: 123rf.com"},"primaryImageOfPage":{"@id":"https:\/\/candas365.es\/noticias\/colores-que-hacen-un-salon-acogedor-de-verdad\/#mainImage"},"datePublished":"2025-11-06T06:56:56+01:00","dateModified":"2025-11-06T06:56:56+01:00"},{"@type":"WebSite","@id":"https:\/\/candas365.es\/noticias\/#website","url":"https:\/\/candas365.es\/noticias\/","name":"Cand\u00e1s 365","alternateName":"Cand\u00e1s 365 Noticias","description":"Actualidad desde Carre\u00f1o para el mundo","inLanguage":"es-ES","publisher":{"@id":"https:\/\/candas365.es\/noticias\/#organization"}}]},"og:locale":"es_ES","og:site_name":"Cand\u00e1s 365","og:type":"article","og:title":"Colores que hacen un sal\u00f3n acogedor de verdad | Cand\u00e1s 365","og:description":"Los colores que hacen un sal\u00f3n acogedor no se eligen por tendencia, sino por sensaci\u00f3n. La forma en que un tono envuelve el espacio cambia m\u00e1s la atm\u00f3sfera","og:url":"https:\/\/candas365.es\/noticias\/colores-que-hacen-un-salon-acogedor-de-verdad\/","og:image":"https:\/\/candas365.es\/noticias\/wp-content\/uploads\/2025\/11\/salon-acogedor.jpg","og:image:secure_url":"https:\/\/candas365.es\/noticias\/wp-content\/uploads\/2025\/11\/salon-acogedor.jpg","og:image:width":982,"og:image:height":671,"article:published_time":"2025-11-06T05:56:56+00:00","article:modified_time":"2025-11-06T05:56:56+00:00","article:publisher":"https:\/\/www.facebook.com\/Nachofdezber","article:author":"https:\/\/www.facebook.com\/carrenoactualidad","twitter:card":"summary_large_image","twitter:site":"@NabercoDigital","twitter:title":"Colores que hacen un sal\u00f3n acogedor de verdad | Cand\u00e1s 365","twitter:description":"Los colores que hacen un sal\u00f3n acogedor no se eligen por tendencia, sino por sensaci\u00f3n. La forma en que un tono envuelve el espacio cambia m\u00e1s la atm\u00f3sfera","twitter:creator":"@nbasturias","twitter:image":"https:\/\/candas365.es\/noticias\/wp-content\/uploads\/2025\/11\/salon-acogedor.jpg","twitter:label1":"Escrito por","twitter:data1":"Cand\u00e1s 365","twitter:label2":"Tiempo de lectura estimado","twitter:data2":"2 minutos"},"aioseo_meta_data":{"post_id":"189799","title":null,"description":"Los colores que hacen un sal\u00f3n acogedor no se eligen por tendencia, sino por sensaci\u00f3n. La forma en que un tono envuelve el espacio cambia m\u00e1s la atm\u00f3sfera","keywords":null,"keyphrases":{"focus":{"keyphrase":"sal\u00f3n acogedor","score":91,"analysis":{"keyphraseInTitle":{"score":9,"maxScore":9,"error":0},"keyphraseInDescription":{"score":9,"maxScore":9,"error":0},"keyphraseLength":{"score":9,"maxScore":9,"error":0,"length":3},"keyphraseInURL":{"score":5,"maxScore":5,"error":0},"keyphraseInIntroduction":{"score":9,"maxScore":9,"error":0},"keyphraseInSubHeadings":{"score":3,"maxScore":9,"error":1},"keyphraseInImageAlt":{"score":9,"maxScore":9,"error":0},"keywordDensity":{"type":"best","score":9,"maxScore":9,"error":0}}},"additional":[{"keyphrase":"sal\u00f3n acogedor","score":100,"analysis":{"keyphraseInDescription":{"score":9,"maxScore":9,"error":0},"keyphraseLength":{"score":9,"maxScore":9,"error":0,"length":3},"keyphraseInIntroduction":{"score":9,"maxScore":9,"error":0},"keyphraseInImageAlt":{"score":9,"maxScore":9,"error":0},"keywordDensity":{"type":"best","score":9,"maxScore":9,"error":0}}}]},"primary_term":null,"canonical_url":null,"og_title":null,"og_description":null,"og_object_type":"default","og_image_type":"default","og_image_url":null,"og_image_width":null,"og_image_height":null,"og_image_custom_url":null,"og_image_custom_fields":null,"og_video":"","og_custom_url":null,"og_article_section":null,"og_article_tags":null,"twitter_use_og":false,"twitter_card":"default","twitter_image_type":"default","twitter_image_url":null,"twitter_image_custom_url":null,"twitter_image_custom_fields":null,"twitter_title":null,"twitter_description":null,"schema":{"blockGraphs":[],"customGraphs":[],"default":{"data":{"Article":[],"Course":[],"Dataset":[],"FAQPage":[],"Movie":[],"Person":[],"Product":[],"ProductReview":[],"Car":[],"Recipe":[],"Service":[],"SoftwareApplication":[],"WebPage":[]},"graphName":"Article","isEnabled":true},"graphs":[]},"schema_type":"default","schema_type_options":null,"pillar_content":false,"robots_default":true,"robots_noindex":false,"robots_noarchive":false,"robots_nosnippet":false,"robots_nofollow":false,"robots_noimageindex":false,"robots_noodp":false,"robots_notranslate":false,"robots_max_snippet":"-1","robots_max_videopreview":"-1","robots_max_imagepreview":"large","priority":null,"frequency":"default","location":null,"local_seo":null,"seo_analyzer_scan_date":"2025-11-06 05:57:05","breadcrumb_settings":null,"limit_modified_date":false,"reviewed_by":null,"open_ai":null,"ai":{"faqs":[],"keyPoints":[],"titles":[],"descriptions":[],"socialPosts":{"email":[],"linkedin":[],"twitter":[],"facebook":[],"instagram":[]}},"created":"2025-11-06 05:50:37","updated":"2025-11-06 06:11:15"},"aioseo_breadcrumb":"<div class=\"aioseo-breadcrumbs\"><span class=\"aioseo-breadcrumb\">\n\t<a href=\"https:\/\/candas365.es\/noticias\" title=\"Home\">Home<\/a>\n<\/span><span class=\"aioseo-breadcrumb-separator\">&ndash;<\/span><span class=\"aioseo-breadcrumb\">\n\t<a href=\"https:\/\/candas365.es\/noticias\/category\/sociedad\/\" title=\"Sociedad\">Sociedad<\/a>\n<\/span><span class=\"aioseo-breadcrumb-separator\">&ndash;<\/span><span class=\"aioseo-breadcrumb\">\n\tColores que hacen un sal\u00f3n acogedor de verdad\n<\/span><\/div>","aioseo_breadcrumb_json":[{"label":"Home","link":"https:\/\/candas365.es\/noticias"},{"label":"Sociedad","link":"https:\/\/candas365.es\/noticias\/category\/sociedad\/"},{"label":"Colores que hacen un sal\u00f3n acogedor de verdad","link":"https:\/\/candas365.es\/noticias\/colores-que-hacen-un-salon-acogedor-de-verdad\/"}],"_links":{"self":[{"href":"https:\/\/candas365.es\/noticias\/wp-json\/wp\/v2\/posts\/189799","targetHints":{"allow":["GET"]}}],"collection":[{"href":"https:\/\/candas365.es\/noticias\/wp-json\/wp\/v2\/posts"}],"about":[{"href":"https:\/\/candas365.es\/noticias\/wp-json\/wp\/v2\/types\/post"}],"author":[{"embeddable":true,"href":"https:\/\/candas365.es\/noticias\/wp-json\/wp\/v2\/users\/1"}],"replies":[{"embeddable":true,"href":"https:\/\/candas365.es\/noticias\/wp-json\/wp\/v2\/comments?post=189799"}],"version-history":[{"count":0,"href":"https:\/\/candas365.es\/noticias\/wp-json\/wp\/v2\/posts\/189799\/revisions"}],"wp:featuredmedia":[{"embeddable":true,"href":"https:\/\/candas365.es\/noticias\/wp-json\/wp\/v2\/media\/189800"}],"wp:attachment":[{"href":"https:\/\/candas365.es\/noticias\/wp-json\/wp\/v2\/media?parent=189799"}],"wp:term":[{"taxonomy":"category","embeddable":true,"href":"https:\/\/candas365.es\/noticias\/wp-json\/wp\/v2\/categories?post=189799"},{"taxonomy":"post_tag","embeddable":true,"href":"https:\/\/candas365.es\/noticias\/wp-json\/wp\/v2\/tags?post=189799"}],"curies":[{"name":"wp","href":"https:\/\/api.w.org\/{rel}","templated":true}]}}