{"id":189748,"date":"2025-11-04T12:12:42","date_gmt":"2025-11-04T11:12:42","guid":{"rendered":"https:\/\/candas365.es\/noticias\/?p=189748"},"modified":"2025-11-04T12:12:42","modified_gmt":"2025-11-04T11:12:42","slug":"crece-la-facturacion-de-los-call-centers-en-espana","status":"publish","type":"post","link":"https:\/\/candas365.es\/noticias\/crece-la-facturacion-de-los-call-centers-en-espana\/","title":{"rendered":"Crece la facturaci\u00f3n de los \u00abcall centers\u00bb en Espa\u00f1a"},"content":{"rendered":"<p>La facturaci\u00f3n del<span style=\"color: #ff6600;\"> <a style=\"color: #ff6600;\" href=\"https:\/\/candas365.es\/noticias\/category\/canal-empresas\/\"><strong>sector de los &#8216;call centers&#8217;<\/strong><\/a><\/span> en <a href=\"https:\/\/naberco.es\/\" target=\"_blank\" rel=\"noopener\"><span style=\"color: #ff6600;\"><strong>Espa\u00f1a<\/strong><\/span><\/a> creci\u00f3 un 5,5% interanual en 2024, alcanzando los 4.800 millones de euros, seg\u00fan el Observatorio Sectorial DBK de Informa.<\/p>\n<figure id=\"attachment_189749\" aria-describedby=\"caption-attachment-189749\" style=\"width: 650px\" class=\"wp-caption aligncenter\"><img fetchpriority=\"high\" decoding=\"async\" class=\"size-large wp-image-189749\" src=\"https:\/\/candas365.es\/noticias\/wp-content\/uploads\/2025\/11\/Crece-la-facturacion-de-los-call-centers-en-Espana-650x416.jpg\" alt=\"Crece la facturaci\u00f3n de los call centers en Espa\u00f1a\" width=\"650\" height=\"416\" srcset=\"https:\/\/candas365.es\/noticias\/wp-content\/uploads\/2025\/11\/Crece-la-facturacion-de-los-call-centers-en-Espana-650x416.jpg 650w, https:\/\/candas365.es\/noticias\/wp-content\/uploads\/2025\/11\/Crece-la-facturacion-de-los-call-centers-en-Espana-360x231.jpg 360w, https:\/\/candas365.es\/noticias\/wp-content\/uploads\/2025\/11\/Crece-la-facturacion-de-los-call-centers-en-Espana-768x492.jpg 768w, https:\/\/candas365.es\/noticias\/wp-content\/uploads\/2025\/11\/Crece-la-facturacion-de-los-call-centers-en-Espana-150x96.jpg 150w, https:\/\/candas365.es\/noticias\/wp-content\/uploads\/2025\/11\/Crece-la-facturacion-de-los-call-centers-en-Espana-450x288.jpg 450w, https:\/\/candas365.es\/noticias\/wp-content\/uploads\/2025\/11\/Crece-la-facturacion-de-los-call-centers-en-Espana.jpg 1049w\" sizes=\"(max-width: 650px) 100vw, 650px\" \/><figcaption id=\"caption-attachment-189749\" class=\"wp-caption-text\">Trabajadores en un call center | Foto de 123rf\/pavlolys<\/figcaption><\/figure>\n<p>El crecimiento del negocio estuvo impulsado por el dinamismo de la demanda procedente del extranjero, que aument\u00f3 un 9% y lleg\u00f3 a 2.060 millones de euros, frente al 3% de subida registrado por los ingresos procedentes de la prestaci\u00f3n de servicios a clientes en Espa\u00f1a, que se situaron en 2.740 millones.<\/p>\n<p>El \u00e1rea de recepci\u00f3n consolid\u00f3 su posici\u00f3n como principal l\u00ednea de actividad, representando algo m\u00e1s de dos tercios del negocio. Con un crecimiento del 7,7%, gener\u00f3 unos ingresos de 3.230 millones de euros. Por su parte, los servicios de emisi\u00f3n aumentaron un 2,6%, hasta los 1.165 millones.<\/p>\n<p>Por sectores de demanda, el \u00e1mbito financiero y asegurador se mostr\u00f3 como el de mayor dinamismo, con un incremento del 11% y una participaci\u00f3n del 29% sobre la facturaci\u00f3n total. En cambio, el sector de telecomunicaciones y medios mostr\u00f3 signos de estancamiento, mientras que el de utilities creci\u00f3 un 2,6%. Otros sectores tambi\u00e9n contribuyeron al dinamismo del mercado, con un crecimiento cercano al 9%.<\/p>\n<p>El n\u00famero de empresas activas en el sector se mantuvo estable en torno a 75, aunque el volumen de empleo descendi\u00f3 hasta los 120.000 trabajadores, debido principalmente al traslado de parte de los servicios al extranjero.<\/p>\n<p>La estructura de la oferta contin\u00faa mostrando un alto grado de concentraci\u00f3n. Las cinco primeras empresas reunieron en 2024 el 64,3% del volumen de negocio, mientras que las diez primeras alcanzaron el 78,1%. Este elevado nivel de concentraci\u00f3n refleja la consolidaci\u00f3n de los principales operadores, favorecida por operaciones corporativas y estrategias de expansi\u00f3n internacional.<\/p>\n<p>(<a href=\"https:\/\/www.servimedia.es\/\" target=\"_blank\" rel=\"noopener\"><span style=\"color: #ff6600;\"><strong>SERVIMEDIA<\/strong><\/span><\/a>)<\/p>\n","protected":false},"excerpt":{"rendered":"<p>La facturaci\u00f3n del sector de los &#8216;call centers&#8217; en Espa\u00f1a creci\u00f3 un 5,5% interanual en 2024, alcanzando los 4.800 millones de euros, seg\u00fan el Observatorio Sectorial DBK de Informa. El crecimiento del negocio estuvo impulsado por el dinamismo de la demanda procedente del extranjero, que aument\u00f3 un 9% y lleg\u00f3 a 2.060 millones de euros,<\/p>\n","protected":false},"author":1,"featured_media":189749,"comment_status":"closed","ping_status":"closed","sticky":false,"template":"","format":"standard","meta":{"footnotes":""},"categories":[151],"tags":[437],"class_list":{"0":"post-189748","1":"post","2":"type-post","3":"status-publish","4":"format-standard","5":"has-post-thumbnail","7":"category-canal-empresas","8":"tag-economia"},"aioseo_notices":[],"aioseo_head":"\n\t\t<!-- All in One SEO Pro 4.9.6.2 - aioseo.com -->\n\t<meta name=\"description\" content=\"La facturaci\u00f3n del sector de los &#039;call centers&#039; en Espa\u00f1a creci\u00f3 un 5,5% interanual en 2024, alcanzando los 4.800 millones de euros, seg\u00fan el Observatorio\" \/>\n\t<meta name=\"robots\" content=\"max-image-preview:large\" \/>\n\t<meta name=\"author\" content=\"Cand\u00e1s 365\"\/>\n\t<meta name=\"google-site-verification\" content=\"UA-32230408-1\" \/>\n\t<meta name=\"msvalidate.01\" content=\"354F3CDFB2DA171B47FBE9ABF1F88D5\" \/>\n\t<meta name=\"keywords\" content=\"canal empresas\" \/>\n\t<link rel=\"canonical\" href=\"https:\/\/candas365.es\/noticias\/crece-la-facturacion-de-los-call-centers-en-espana\/\" \/>\n\t<meta name=\"generator\" content=\"All in One SEO Pro (AIOSEO) 4.9.6.2\" \/>\n\t\t<meta property=\"og:locale\" content=\"es_ES\" \/>\n\t\t<meta property=\"og:site_name\" content=\"Cand\u00e1s 365\" \/>\n\t\t<meta property=\"og:type\" content=\"article\" \/>\n\t\t<meta property=\"og:title\" content=\"Crece la facturaci\u00f3n de los \u00abcall centers\u00bb en Espa\u00f1a | Cand\u00e1s 365\" \/>\n\t\t<meta property=\"og:description\" content=\"La facturaci\u00f3n del sector de los &#039;call centers&#039; en Espa\u00f1a creci\u00f3 un 5,5% interanual en 2024, alcanzando los 4.800 millones de euros, seg\u00fan el Observatorio\" \/>\n\t\t<meta property=\"og:url\" content=\"https:\/\/candas365.es\/noticias\/crece-la-facturacion-de-los-call-centers-en-espana\/\" \/>\n\t\t<meta property=\"og:image\" content=\"https:\/\/candas365.es\/noticias\/wp-content\/uploads\/2025\/11\/Crece-la-facturacion-de-los-call-centers-en-Espana.jpg\" \/>\n\t\t<meta property=\"og:image:secure_url\" content=\"https:\/\/candas365.es\/noticias\/wp-content\/uploads\/2025\/11\/Crece-la-facturacion-de-los-call-centers-en-Espana.jpg\" \/>\n\t\t<meta property=\"og:image:width\" content=\"1049\" \/>\n\t\t<meta property=\"og:image:height\" content=\"672\" \/>\n\t\t<meta property=\"article:published_time\" content=\"2025-11-04T11:12:42+00:00\" \/>\n\t\t<meta property=\"article:modified_time\" content=\"2025-11-04T11:12:42+00:00\" \/>\n\t\t<meta property=\"article:publisher\" content=\"https:\/\/www.facebook.com\/Nachofdezber\" \/>\n\t\t<meta property=\"article:author\" content=\"https:\/\/www.facebook.com\/carrenoactualidad\" \/>\n\t\t<meta name=\"twitter:card\" content=\"summary_large_image\" \/>\n\t\t<meta name=\"twitter:site\" content=\"@NabercoDigital\" \/>\n\t\t<meta name=\"twitter:title\" content=\"Crece la facturaci\u00f3n de los \u00abcall centers\u00bb en Espa\u00f1a | Cand\u00e1s 365\" \/>\n\t\t<meta name=\"twitter:description\" content=\"La facturaci\u00f3n del sector de los &#039;call centers&#039; en Espa\u00f1a creci\u00f3 un 5,5% interanual en 2024, alcanzando los 4.800 millones de euros, seg\u00fan el Observatorio\" \/>\n\t\t<meta name=\"twitter:creator\" content=\"@nbasturias\" \/>\n\t\t<meta name=\"twitter:image\" content=\"https:\/\/candas365.es\/noticias\/wp-content\/uploads\/2025\/11\/Crece-la-facturacion-de-los-call-centers-en-Espana.jpg\" \/>\n\t\t<meta name=\"twitter:label1\" content=\"Escrito por\" \/>\n\t\t<meta name=\"twitter:data1\" content=\"Cand\u00e1s 365\" \/>\n\t\t<meta name=\"twitter:label2\" content=\"Tiempo de lectura estimado\" \/>\n\t\t<meta name=\"twitter:data2\" content=\"1 minuto\" \/>\n\t\t<script type=\"application\/ld+json\" class=\"aioseo-schema\">\n\t\t\t{\"@context\":\"https:\\\/\\\/schema.org\",\"@graph\":[{\"@type\":\"BreadcrumbList\",\"@id\":\"https:\\\/\\\/candas365.es\\\/noticias\\\/crece-la-facturacion-de-los-call-centers-en-espana\\\/#breadcrumblist\",\"itemListElement\":[{\"@type\":\"ListItem\",\"@id\":\"https:\\\/\\\/candas365.es\\\/noticias#listItem\",\"position\":1,\"name\":\"Home\",\"item\":\"https:\\\/\\\/candas365.es\\\/noticias\",\"nextItem\":{\"@type\":\"ListItem\",\"@id\":\"https:\\\/\\\/candas365.es\\\/noticias\\\/category\\\/canal-empresas\\\/#listItem\",\"name\":\"Canal Empresas\"}},{\"@type\":\"ListItem\",\"@id\":\"https:\\\/\\\/candas365.es\\\/noticias\\\/category\\\/canal-empresas\\\/#listItem\",\"position\":2,\"name\":\"Canal Empresas\",\"item\":\"https:\\\/\\\/candas365.es\\\/noticias\\\/category\\\/canal-empresas\\\/\",\"nextItem\":{\"@type\":\"ListItem\",\"@id\":\"https:\\\/\\\/candas365.es\\\/noticias\\\/crece-la-facturacion-de-los-call-centers-en-espana\\\/#listItem\",\"name\":\"Crece la facturaci\\u00f3n de los \\u00abcall centers\\u00bb en Espa\\u00f1a\"},\"previousItem\":{\"@type\":\"ListItem\",\"@id\":\"https:\\\/\\\/candas365.es\\\/noticias#listItem\",\"name\":\"Home\"}},{\"@type\":\"ListItem\",\"@id\":\"https:\\\/\\\/candas365.es\\\/noticias\\\/crece-la-facturacion-de-los-call-centers-en-espana\\\/#listItem\",\"position\":3,\"name\":\"Crece la facturaci\\u00f3n de los \\u00abcall centers\\u00bb en Espa\\u00f1a\",\"previousItem\":{\"@type\":\"ListItem\",\"@id\":\"https:\\\/\\\/candas365.es\\\/noticias\\\/category\\\/canal-empresas\\\/#listItem\",\"name\":\"Canal Empresas\"}}]},{\"@type\":\"NewsArticle\",\"@id\":\"https:\\\/\\\/candas365.es\\\/noticias\\\/crece-la-facturacion-de-los-call-centers-en-espana\\\/#newsarticle\",\"name\":\"Crece la facturaci\\u00f3n de los \\u00abcall centers\\u00bb en Espa\\u00f1a | Cand\\u00e1s 365\",\"headline\":\"Crece la facturaci\\u00f3n de los \\u00abcall centers\\u00bb en Espa\\u00f1a\",\"author\":{\"@id\":\"https:\\\/\\\/candas365.es\\\/noticias\\\/author\\\/admin\\\/#author\"},\"publisher\":{\"@id\":\"https:\\\/\\\/candas365.es\\\/noticias\\\/#organization\"},\"image\":{\"@type\":\"ImageObject\",\"url\":\"https:\\\/\\\/candas365.es\\\/noticias\\\/wp-content\\\/uploads\\\/2025\\\/11\\\/Crece-la-facturacion-de-los-call-centers-en-Espana.jpg\",\"width\":1049,\"height\":672,\"caption\":\"Trabajadores en un call center | Foto de 123rf\\\/pavlolys\"},\"datePublished\":\"2025-11-04T12:12:42+01:00\",\"dateModified\":\"2025-11-04T12:12:42+01:00\",\"inLanguage\":\"es-ES\",\"mainEntityOfPage\":{\"@id\":\"https:\\\/\\\/candas365.es\\\/noticias\\\/crece-la-facturacion-de-los-call-centers-en-espana\\\/#webpage\"},\"isPartOf\":{\"@id\":\"https:\\\/\\\/candas365.es\\\/noticias\\\/crece-la-facturacion-de-los-call-centers-en-espana\\\/#webpage\"},\"articleSection\":\"Canal Empresas, Econom\\u00eda\",\"dateline\":\"Publicado el noviembre 4, 2025.\"},{\"@type\":\"Organization\",\"@id\":\"https:\\\/\\\/candas365.es\\\/noticias\\\/#organization\",\"name\":\"Cand\\u00e1s 365\",\"description\":\"Cand\\u00e1s 365 es un diario digital independiente, fundado en 2012, con base en Asturias. Informamos con rigor sobre actualidad, sociedad, cultura y ocio, con una mirada local y global.\",\"url\":\"https:\\\/\\\/candas365.es\\\/noticias\\\/\",\"email\":\"info@candas365.es\",\"telephone\":\"+34652131393\",\"foundingDate\":\"2012-06-10\",\"logo\":{\"@type\":\"ImageObject\",\"url\":\"https:\\\/\\\/candas365.es\\\/noticias\\\/wp-content\\\/uploads\\\/2024\\\/09\\\/Candas-365-Redes.jpg\",\"@id\":\"https:\\\/\\\/candas365.es\\\/noticias\\\/crece-la-facturacion-de-los-call-centers-en-espana\\\/#organizationLogo\",\"width\":1152,\"height\":864,\"caption\":\"Cand\\u00e1s 365 Redes\"},\"image\":{\"@id\":\"https:\\\/\\\/candas365.es\\\/noticias\\\/crece-la-facturacion-de-los-call-centers-en-espana\\\/#organizationLogo\"},\"sameAs\":[\"https:\\\/\\\/www.facebook.com\\\/Nachofdezber\",\"https:\\\/\\\/x.com\\\/NabercoDigital\",\"https:\\\/\\\/www.instagram.com\\\/nachofdezber\\\/\",\"https:\\\/\\\/www.youtube.com\\\/channel\\\/UCZP-2wLEB9Rv6erhFmqVnvg\"],\"address\":{\"@id\":\"https:\\\/\\\/candas365.es\\\/noticias\\\/#postaladdress\",\"@type\":\"PostalAddress\",\"streetAddress\":\"san antonio 4, san antonio 4\",\"postalCode\":\"33430\",\"addressLocality\":\"Cand\\u00e1s\",\"addressRegion\":\"Asturias\",\"addressCountry\":\"ES\"}},{\"@type\":\"Person\",\"@id\":\"https:\\\/\\\/candas365.es\\\/noticias\\\/author\\\/admin\\\/#author\",\"url\":\"https:\\\/\\\/candas365.es\\\/noticias\\\/author\\\/admin\\\/\",\"name\":\"Cand\\u00e1s 365\",\"image\":{\"@type\":\"ImageObject\",\"@id\":\"https:\\\/\\\/candas365.es\\\/noticias\\\/crece-la-facturacion-de-los-call-centers-en-espana\\\/#authorImage\",\"url\":\"https:\\\/\\\/secure.gravatar.com\\\/avatar\\\/496a8e03d0c493ede1718b7934145dbdf8d89be1036b0eec9544e1094c9de390?s=96&d=mm&r=g\",\"width\":96,\"height\":96,\"caption\":\"Cand\\u00e1s 365\"},\"sameAs\":[\"https:\\\/\\\/www.facebook.com\\\/carrenoactualidad\",\"https:\\\/\\\/twitter.com\\\/nbasturias\",\"https:\\\/\\\/www.instagram.com\\\/nachofdezber\\\/\",\"https:\\\/\\\/www.youtube.com\\\/channel\\\/UCZP-2wLEB9Rv6erhFmqVnvg\"]},{\"@type\":\"WebPage\",\"@id\":\"https:\\\/\\\/candas365.es\\\/noticias\\\/crece-la-facturacion-de-los-call-centers-en-espana\\\/#webpage\",\"url\":\"https:\\\/\\\/candas365.es\\\/noticias\\\/crece-la-facturacion-de-los-call-centers-en-espana\\\/\",\"name\":\"Crece la facturaci\\u00f3n de los \\u00abcall centers\\u00bb en Espa\\u00f1a | Cand\\u00e1s 365\",\"description\":\"La facturaci\\u00f3n del sector de los 'call centers' en Espa\\u00f1a creci\\u00f3 un 5,5% interanual en 2024, alcanzando los 4.800 millones de euros, seg\\u00fan el Observatorio\",\"inLanguage\":\"es-ES\",\"isPartOf\":{\"@id\":\"https:\\\/\\\/candas365.es\\\/noticias\\\/#website\"},\"breadcrumb\":{\"@id\":\"https:\\\/\\\/candas365.es\\\/noticias\\\/crece-la-facturacion-de-los-call-centers-en-espana\\\/#breadcrumblist\"},\"author\":{\"@id\":\"https:\\\/\\\/candas365.es\\\/noticias\\\/author\\\/admin\\\/#author\"},\"creator\":{\"@id\":\"https:\\\/\\\/candas365.es\\\/noticias\\\/author\\\/admin\\\/#author\"},\"image\":{\"@type\":\"ImageObject\",\"url\":\"https:\\\/\\\/candas365.es\\\/noticias\\\/wp-content\\\/uploads\\\/2025\\\/11\\\/Crece-la-facturacion-de-los-call-centers-en-Espana.jpg\",\"@id\":\"https:\\\/\\\/candas365.es\\\/noticias\\\/crece-la-facturacion-de-los-call-centers-en-espana\\\/#mainImage\",\"width\":1049,\"height\":672,\"caption\":\"Trabajadores en un call center | Foto de 123rf\\\/pavlolys\"},\"primaryImageOfPage\":{\"@id\":\"https:\\\/\\\/candas365.es\\\/noticias\\\/crece-la-facturacion-de-los-call-centers-en-espana\\\/#mainImage\"},\"datePublished\":\"2025-11-04T12:12:42+01:00\",\"dateModified\":\"2025-11-04T12:12:42+01:00\"},{\"@type\":\"WebSite\",\"@id\":\"https:\\\/\\\/candas365.es\\\/noticias\\\/#website\",\"url\":\"https:\\\/\\\/candas365.es\\\/noticias\\\/\",\"name\":\"Cand\\u00e1s 365\",\"alternateName\":\"Cand\\u00e1s 365 Noticias\",\"description\":\"Actualidad desde Carre\\u00f1o para el mundo\",\"inLanguage\":\"es-ES\",\"publisher\":{\"@id\":\"https:\\\/\\\/candas365.es\\\/noticias\\\/#organization\"}}]}\n\t\t<\/script>\n\t\t<!-- All in One SEO Pro -->\r\n\t\t<title>Crece la facturaci\u00f3n de los \u00abcall centers\u00bb en Espa\u00f1a | Cand\u00e1s 365<\/title>\n\n","aioseo_head_json":{"title":"Crece la facturaci\u00f3n de los \u00abcall centers\u00bb en Espa\u00f1a | Cand\u00e1s 365","description":"La facturaci\u00f3n del sector de los 'call centers' en Espa\u00f1a creci\u00f3 un 5,5% interanual en 2024, alcanzando los 4.800 millones de euros, seg\u00fan el Observatorio","canonical_url":"https:\/\/candas365.es\/noticias\/crece-la-facturacion-de-los-call-centers-en-espana\/","robots":"max-image-preview:large","keywords":"canal empresas","webmasterTools":{"google-site-verification":"UA-32230408-1","msvalidate.01":"354F3CDFB2DA171B47FBE9ABF1F88D5","miscellaneous":""},"schema":{"@context":"https:\/\/schema.org","@graph":[{"@type":"BreadcrumbList","@id":"https:\/\/candas365.es\/noticias\/crece-la-facturacion-de-los-call-centers-en-espana\/#breadcrumblist","itemListElement":[{"@type":"ListItem","@id":"https:\/\/candas365.es\/noticias#listItem","position":1,"name":"Home","item":"https:\/\/candas365.es\/noticias","nextItem":{"@type":"ListItem","@id":"https:\/\/candas365.es\/noticias\/category\/canal-empresas\/#listItem","name":"Canal Empresas"}},{"@type":"ListItem","@id":"https:\/\/candas365.es\/noticias\/category\/canal-empresas\/#listItem","position":2,"name":"Canal Empresas","item":"https:\/\/candas365.es\/noticias\/category\/canal-empresas\/","nextItem":{"@type":"ListItem","@id":"https:\/\/candas365.es\/noticias\/crece-la-facturacion-de-los-call-centers-en-espana\/#listItem","name":"Crece la facturaci\u00f3n de los \u00abcall centers\u00bb en Espa\u00f1a"},"previousItem":{"@type":"ListItem","@id":"https:\/\/candas365.es\/noticias#listItem","name":"Home"}},{"@type":"ListItem","@id":"https:\/\/candas365.es\/noticias\/crece-la-facturacion-de-los-call-centers-en-espana\/#listItem","position":3,"name":"Crece la facturaci\u00f3n de los \u00abcall centers\u00bb en Espa\u00f1a","previousItem":{"@type":"ListItem","@id":"https:\/\/candas365.es\/noticias\/category\/canal-empresas\/#listItem","name":"Canal Empresas"}}]},{"@type":"NewsArticle","@id":"https:\/\/candas365.es\/noticias\/crece-la-facturacion-de-los-call-centers-en-espana\/#newsarticle","name":"Crece la facturaci\u00f3n de los \u00abcall centers\u00bb en Espa\u00f1a | Cand\u00e1s 365","headline":"Crece la facturaci\u00f3n de los \u00abcall centers\u00bb en Espa\u00f1a","author":{"@id":"https:\/\/candas365.es\/noticias\/author\/admin\/#author"},"publisher":{"@id":"https:\/\/candas365.es\/noticias\/#organization"},"image":{"@type":"ImageObject","url":"https:\/\/candas365.es\/noticias\/wp-content\/uploads\/2025\/11\/Crece-la-facturacion-de-los-call-centers-en-Espana.jpg","width":1049,"height":672,"caption":"Trabajadores en un call center | Foto de 123rf\/pavlolys"},"datePublished":"2025-11-04T12:12:42+01:00","dateModified":"2025-11-04T12:12:42+01:00","inLanguage":"es-ES","mainEntityOfPage":{"@id":"https:\/\/candas365.es\/noticias\/crece-la-facturacion-de-los-call-centers-en-espana\/#webpage"},"isPartOf":{"@id":"https:\/\/candas365.es\/noticias\/crece-la-facturacion-de-los-call-centers-en-espana\/#webpage"},"articleSection":"Canal Empresas, Econom\u00eda","dateline":"Publicado el noviembre 4, 2025."},{"@type":"Organization","@id":"https:\/\/candas365.es\/noticias\/#organization","name":"Cand\u00e1s 365","description":"Cand\u00e1s 365 es un diario digital independiente, fundado en 2012, con base en Asturias. Informamos con rigor sobre actualidad, sociedad, cultura y ocio, con una mirada local y global.","url":"https:\/\/candas365.es\/noticias\/","email":"info@candas365.es","telephone":"+34652131393","foundingDate":"2012-06-10","logo":{"@type":"ImageObject","url":"https:\/\/candas365.es\/noticias\/wp-content\/uploads\/2024\/09\/Candas-365-Redes.jpg","@id":"https:\/\/candas365.es\/noticias\/crece-la-facturacion-de-los-call-centers-en-espana\/#organizationLogo","width":1152,"height":864,"caption":"Cand\u00e1s 365 Redes"},"image":{"@id":"https:\/\/candas365.es\/noticias\/crece-la-facturacion-de-los-call-centers-en-espana\/#organizationLogo"},"sameAs":["https:\/\/www.facebook.com\/Nachofdezber","https:\/\/x.com\/NabercoDigital","https:\/\/www.instagram.com\/nachofdezber\/","https:\/\/www.youtube.com\/channel\/UCZP-2wLEB9Rv6erhFmqVnvg"],"address":{"@id":"https:\/\/candas365.es\/noticias\/#postaladdress","@type":"PostalAddress","streetAddress":"san antonio 4, san antonio 4","postalCode":"33430","addressLocality":"Cand\u00e1s","addressRegion":"Asturias","addressCountry":"ES"}},{"@type":"Person","@id":"https:\/\/candas365.es\/noticias\/author\/admin\/#author","url":"https:\/\/candas365.es\/noticias\/author\/admin\/","name":"Cand\u00e1s 365","image":{"@type":"ImageObject","@id":"https:\/\/candas365.es\/noticias\/crece-la-facturacion-de-los-call-centers-en-espana\/#authorImage","url":"https:\/\/secure.gravatar.com\/avatar\/496a8e03d0c493ede1718b7934145dbdf8d89be1036b0eec9544e1094c9de390?s=96&d=mm&r=g","width":96,"height":96,"caption":"Cand\u00e1s 365"},"sameAs":["https:\/\/www.facebook.com\/carrenoactualidad","https:\/\/twitter.com\/nbasturias","https:\/\/www.instagram.com\/nachofdezber\/","https:\/\/www.youtube.com\/channel\/UCZP-2wLEB9Rv6erhFmqVnvg"]},{"@type":"WebPage","@id":"https:\/\/candas365.es\/noticias\/crece-la-facturacion-de-los-call-centers-en-espana\/#webpage","url":"https:\/\/candas365.es\/noticias\/crece-la-facturacion-de-los-call-centers-en-espana\/","name":"Crece la facturaci\u00f3n de los \u00abcall centers\u00bb en Espa\u00f1a | Cand\u00e1s 365","description":"La facturaci\u00f3n del sector de los 'call centers' en Espa\u00f1a creci\u00f3 un 5,5% interanual en 2024, alcanzando los 4.800 millones de euros, seg\u00fan el Observatorio","inLanguage":"es-ES","isPartOf":{"@id":"https:\/\/candas365.es\/noticias\/#website"},"breadcrumb":{"@id":"https:\/\/candas365.es\/noticias\/crece-la-facturacion-de-los-call-centers-en-espana\/#breadcrumblist"},"author":{"@id":"https:\/\/candas365.es\/noticias\/author\/admin\/#author"},"creator":{"@id":"https:\/\/candas365.es\/noticias\/author\/admin\/#author"},"image":{"@type":"ImageObject","url":"https:\/\/candas365.es\/noticias\/wp-content\/uploads\/2025\/11\/Crece-la-facturacion-de-los-call-centers-en-Espana.jpg","@id":"https:\/\/candas365.es\/noticias\/crece-la-facturacion-de-los-call-centers-en-espana\/#mainImage","width":1049,"height":672,"caption":"Trabajadores en un call center | Foto de 123rf\/pavlolys"},"primaryImageOfPage":{"@id":"https:\/\/candas365.es\/noticias\/crece-la-facturacion-de-los-call-centers-en-espana\/#mainImage"},"datePublished":"2025-11-04T12:12:42+01:00","dateModified":"2025-11-04T12:12:42+01:00"},{"@type":"WebSite","@id":"https:\/\/candas365.es\/noticias\/#website","url":"https:\/\/candas365.es\/noticias\/","name":"Cand\u00e1s 365","alternateName":"Cand\u00e1s 365 Noticias","description":"Actualidad desde Carre\u00f1o para el mundo","inLanguage":"es-ES","publisher":{"@id":"https:\/\/candas365.es\/noticias\/#organization"}}]},"og:locale":"es_ES","og:site_name":"Cand\u00e1s 365","og:type":"article","og:title":"Crece la facturaci\u00f3n de los \u00abcall centers\u00bb en Espa\u00f1a | Cand\u00e1s 365","og:description":"La facturaci\u00f3n del sector de los 'call centers' en Espa\u00f1a creci\u00f3 un 5,5% interanual en 2024, alcanzando los 4.800 millones de euros, seg\u00fan el Observatorio","og:url":"https:\/\/candas365.es\/noticias\/crece-la-facturacion-de-los-call-centers-en-espana\/","og:image":"https:\/\/candas365.es\/noticias\/wp-content\/uploads\/2025\/11\/Crece-la-facturacion-de-los-call-centers-en-Espana.jpg","og:image:secure_url":"https:\/\/candas365.es\/noticias\/wp-content\/uploads\/2025\/11\/Crece-la-facturacion-de-los-call-centers-en-Espana.jpg","og:image:width":1049,"og:image:height":672,"article:published_time":"2025-11-04T11:12:42+00:00","article:modified_time":"2025-11-04T11:12:42+00:00","article:publisher":"https:\/\/www.facebook.com\/Nachofdezber","article:author":"https:\/\/www.facebook.com\/carrenoactualidad","twitter:card":"summary_large_image","twitter:site":"@NabercoDigital","twitter:title":"Crece la facturaci\u00f3n de los \u00abcall centers\u00bb en Espa\u00f1a | Cand\u00e1s 365","twitter:description":"La facturaci\u00f3n del sector de los 'call centers' en Espa\u00f1a creci\u00f3 un 5,5% interanual en 2024, alcanzando los 4.800 millones de euros, seg\u00fan el Observatorio","twitter:creator":"@nbasturias","twitter:image":"https:\/\/candas365.es\/noticias\/wp-content\/uploads\/2025\/11\/Crece-la-facturacion-de-los-call-centers-en-Espana.jpg","twitter:label1":"Escrito por","twitter:data1":"Cand\u00e1s 365","twitter:label2":"Tiempo de lectura estimado","twitter:data2":"1 minuto"},"aioseo_meta_data":{"post_id":"189748","title":null,"description":"La facturaci\u00f3n del sector de los 'call centers' en Espa\u00f1a creci\u00f3 un 5,5% interanual en 2024, alcanzando los 4.800 millones de euros, seg\u00fan el Observatorio","keywords":null,"keyphrases":{"focus":{"keyphrase":"Espa\u00f1a","score":100,"analysis":{"keyphraseInTitle":{"score":9,"maxScore":9,"error":0},"keyphraseInDescription":{"score":9,"maxScore":9,"error":0},"keyphraseLength":{"score":9,"maxScore":9,"error":0,"length":2},"keyphraseInURL":{"score":5,"maxScore":5,"error":0},"keyphraseInIntroduction":{"score":9,"maxScore":9,"error":0},"keyphraseInSubHeadings":[],"keyphraseInImageAlt":{"score":9,"maxScore":9,"error":0},"keywordDensity":{"type":"best","score":9,"maxScore":9,"error":0}}},"additional":[{"keyphrase":"call centers","score":80,"analysis":{"keyphraseInDescription":{"score":9,"maxScore":9,"error":0},"keyphraseLength":{"score":9,"maxScore":9,"error":0,"length":2},"keyphraseInIntroduction":{"score":9,"maxScore":9,"error":0},"keyphraseInImageAlt":{"score":9,"maxScore":9,"error":0},"keywordDensity":{"score":0,"type":"low","maxScore":9,"error":1}}}]},"primary_term":null,"canonical_url":null,"og_title":null,"og_description":null,"og_object_type":"default","og_image_type":"default","og_image_url":null,"og_image_width":null,"og_image_height":null,"og_image_custom_url":null,"og_image_custom_fields":null,"og_video":"","og_custom_url":null,"og_article_section":null,"og_article_tags":null,"twitter_use_og":false,"twitter_card":"default","twitter_image_type":"default","twitter_image_url":null,"twitter_image_custom_url":null,"twitter_image_custom_fields":null,"twitter_title":null,"twitter_description":null,"schema":{"blockGraphs":[],"customGraphs":[],"default":{"data":{"Article":[],"Course":[],"Dataset":[],"FAQPage":[],"Movie":[],"Person":[],"Product":[],"ProductReview":[],"Car":[],"Recipe":[],"Service":[],"SoftwareApplication":[],"WebPage":[]},"graphName":"Article","isEnabled":true},"graphs":[]},"schema_type":"default","schema_type_options":null,"pillar_content":false,"robots_default":true,"robots_noindex":false,"robots_noarchive":false,"robots_nosnippet":false,"robots_nofollow":false,"robots_noimageindex":false,"robots_noodp":false,"robots_notranslate":false,"robots_max_snippet":"-1","robots_max_videopreview":"-1","robots_max_imagepreview":"large","priority":null,"frequency":"default","location":null,"local_seo":null,"seo_analyzer_scan_date":"2025-11-04 11:21:17","breadcrumb_settings":null,"limit_modified_date":false,"reviewed_by":null,"open_ai":null,"ai":{"faqs":[],"keyPoints":[],"titles":[],"descriptions":[],"socialPosts":{"email":[],"linkedin":[],"twitter":[],"facebook":[],"instagram":[]}},"created":"2025-11-04 11:05:55","updated":"2025-11-04 11:25:08"},"aioseo_breadcrumb":"<div class=\"aioseo-breadcrumbs\"><span class=\"aioseo-breadcrumb\">\n\t<a href=\"https:\/\/candas365.es\/noticias\" title=\"Home\">Home<\/a>\n<\/span><span class=\"aioseo-breadcrumb-separator\">&ndash;<\/span><span class=\"aioseo-breadcrumb\">\n\t<a href=\"https:\/\/candas365.es\/noticias\/category\/canal-empresas\/\" title=\"Canal Empresas\">Canal Empresas<\/a>\n<\/span><span class=\"aioseo-breadcrumb-separator\">&ndash;<\/span><span class=\"aioseo-breadcrumb\">\n\tCrece la facturaci\u00f3n de los \u00abcall centers\u00bb en Espa\u00f1a\n<\/span><\/div>","aioseo_breadcrumb_json":[{"label":"Home","link":"https:\/\/candas365.es\/noticias"},{"label":"Canal Empresas","link":"https:\/\/candas365.es\/noticias\/category\/canal-empresas\/"},{"label":"Crece la facturaci\u00f3n de los \u00abcall centers\u00bb en Espa\u00f1a","link":"https:\/\/candas365.es\/noticias\/crece-la-facturacion-de-los-call-centers-en-espana\/"}],"_links":{"self":[{"href":"https:\/\/candas365.es\/noticias\/wp-json\/wp\/v2\/posts\/189748","targetHints":{"allow":["GET"]}}],"collection":[{"href":"https:\/\/candas365.es\/noticias\/wp-json\/wp\/v2\/posts"}],"about":[{"href":"https:\/\/candas365.es\/noticias\/wp-json\/wp\/v2\/types\/post"}],"author":[{"embeddable":true,"href":"https:\/\/candas365.es\/noticias\/wp-json\/wp\/v2\/users\/1"}],"replies":[{"embeddable":true,"href":"https:\/\/candas365.es\/noticias\/wp-json\/wp\/v2\/comments?post=189748"}],"version-history":[{"count":0,"href":"https:\/\/candas365.es\/noticias\/wp-json\/wp\/v2\/posts\/189748\/revisions"}],"wp:featuredmedia":[{"embeddable":true,"href":"https:\/\/candas365.es\/noticias\/wp-json\/wp\/v2\/media\/189749"}],"wp:attachment":[{"href":"https:\/\/candas365.es\/noticias\/wp-json\/wp\/v2\/media?parent=189748"}],"wp:term":[{"taxonomy":"category","embeddable":true,"href":"https:\/\/candas365.es\/noticias\/wp-json\/wp\/v2\/categories?post=189748"},{"taxonomy":"post_tag","embeddable":true,"href":"https:\/\/candas365.es\/noticias\/wp-json\/wp\/v2\/tags?post=189748"}],"curies":[{"name":"wp","href":"https:\/\/api.w.org\/{rel}","templated":true}]}}