{"id":189691,"date":"2025-11-02T23:11:25","date_gmt":"2025-11-02T22:11:25","guid":{"rendered":"https:\/\/candas365.es\/noticias\/?p=189691"},"modified":"2025-11-02T23:11:25","modified_gmt":"2025-11-02T22:11:25","slug":"asturias-trabaja-en-la-nueva-planificacion-energetica","status":"publish","type":"post","link":"https:\/\/candas365.es\/noticias\/asturias-trabaja-en-la-nueva-planificacion-energetica\/","title":{"rendered":"Asturias trabaja en la nueva planificaci\u00f3n energ\u00e9tica"},"content":{"rendered":"<p data-start=\"332\" data-end=\"512\">El <a href=\"https:\/\/actualidad.asturias.es\/\" target=\"_blank\" rel=\"noopener\"><span style=\"color: #ff6600;\"><strong>Gobierno de Asturias<\/strong><\/span><\/a> destaca la importancia de las inversiones en infraestructuras el\u00e9ctricas para la descarbonizaci\u00f3n de la industria y el desarrollo econ\u00f3mico de la comunidad.<\/p>\n<figure id=\"attachment_189692\" aria-describedby=\"caption-attachment-189692\" style=\"width: 650px\" class=\"wp-caption aligncenter\"><img fetchpriority=\"high\" decoding=\"async\" class=\"size-large wp-image-189692\" src=\"https:\/\/candas365.es\/noticias\/wp-content\/uploads\/2025\/11\/Asturias-trabaja-en-la-nueva-planificacion-energetica-650x386.jpg\" alt=\"Asturias trabaja en la nueva planificaci\u00f3n energ\u00e9tica\" width=\"650\" height=\"386\" srcset=\"https:\/\/candas365.es\/noticias\/wp-content\/uploads\/2025\/11\/Asturias-trabaja-en-la-nueva-planificacion-energetica-650x386.jpg 650w, https:\/\/candas365.es\/noticias\/wp-content\/uploads\/2025\/11\/Asturias-trabaja-en-la-nueva-planificacion-energetica-360x214.jpg 360w, https:\/\/candas365.es\/noticias\/wp-content\/uploads\/2025\/11\/Asturias-trabaja-en-la-nueva-planificacion-energetica-768x457.jpg 768w, https:\/\/candas365.es\/noticias\/wp-content\/uploads\/2025\/11\/Asturias-trabaja-en-la-nueva-planificacion-energetica-150x89.jpg 150w, https:\/\/candas365.es\/noticias\/wp-content\/uploads\/2025\/11\/Asturias-trabaja-en-la-nueva-planificacion-energetica-450x267.jpg 450w, https:\/\/candas365.es\/noticias\/wp-content\/uploads\/2025\/11\/Asturias-trabaja-en-la-nueva-planificacion-energetica.jpg 1043w\" sizes=\"(max-width: 650px) 100vw, 650px\" \/><figcaption id=\"caption-attachment-189692\" class=\"wp-caption-text\">Foto: Prensa Gobierno de Asturias<\/figcaption><\/figure>\n<p data-start=\"541\" data-end=\"972\">El <strong data-start=\"544\" data-end=\"588\">consejero de Ciencia, Industria y Empleo<\/strong>, <strong data-start=\"590\" data-end=\"607\">Borja S\u00e1nchez<\/strong>, ha destacado que \u201cla ejecuci\u00f3n de las <strong data-start=\"647\" data-end=\"722\">inversiones de refuerzo y ampliaci\u00f3n de las infraestructuras el\u00e9ctricas<\/strong> debe tener un car\u00e1cter estrat\u00e9gico y ser una <strong data-start=\"768\" data-end=\"800\">prioridad para la ciudadan\u00eda<\/strong>\u201d. Tambi\u00e9n ha insistido en que del correcto desarrollo de esas redes \u201cdepende la <strong data-start=\"881\" data-end=\"917\">descarbonizaci\u00f3n de la industria<\/strong> y la implantaci\u00f3n de nuevas empresas en la comunidad\u201d.<\/p>\n<p data-start=\"974\" data-end=\"1302\">S\u00e1nchez ha presidido esta ma\u00f1ana la reuni\u00f3n del <strong data-start=\"1022\" data-end=\"1047\">Foro por la Industria<\/strong>, que ha abordado, con car\u00e1cter monogr\u00e1fico, la planificaci\u00f3n de la <strong data-start=\"1115\" data-end=\"1157\">red de transporte de energ\u00eda el\u00e9ctrica<\/strong> para el per\u00edodo <strong data-start=\"1174\" data-end=\"1187\">2025-2030<\/strong>, con especial atenci\u00f3n a las orientaciones generales del proyecto y las principales actuaciones para <a href=\"https:\/\/candas365.es\/noticias\/category\/asturias\/\"><span style=\"color: #ff6600;\"><strong data-start=\"1289\" data-end=\"1301\">Asturias<\/strong><\/span><\/a>.<\/p>\n<h3 data-start=\"1304\" data-end=\"1371\"><strong data-start=\"1308\" data-end=\"1369\">Foro por la Industria: \u00f3rgano de consulta y asesoramiento<\/strong><\/h3>\n<p data-start=\"1372\" data-end=\"1619\">El <strong data-start=\"1375\" data-end=\"1400\">Foro por la Industria<\/strong> es el \u00f3rgano de consulta y asesoramiento del Ejecutivo en <strong data-start=\"1459\" data-end=\"1482\">pol\u00edtica industrial<\/strong> y cuenta con representaci\u00f3n del <strong data-start=\"1515\" data-end=\"1529\">Principado<\/strong>, los sindicatos <strong data-start=\"1546\" data-end=\"1553\">UGT<\/strong> y <strong data-start=\"1556\" data-end=\"1566\">CC.OO.<\/strong> y la <strong data-start=\"1572\" data-end=\"1618\">Federaci\u00f3n Asturiana de Empresarios (Fade)<\/strong>.<\/p>\n<p data-start=\"1621\" data-end=\"1828\">En la sesi\u00f3n se han abordado las principales actuaciones previstas en <strong data-start=\"1691\" data-end=\"1703\">Asturias<\/strong> hasta 2030, que superan los <strong data-start=\"1732\" data-end=\"1761\">300 millones de inversi\u00f3n<\/strong>, y entre las que destaca el <strong data-start=\"1790\" data-end=\"1808\">anillo central<\/strong> como eje principal.<\/p>\n<h2 data-start=\"1830\" data-end=\"1893\"><strong data-start=\"1834\" data-end=\"1891\">El borrador de planificaci\u00f3n energ\u00e9tica para Asturias<\/strong><\/h2>\n<p data-start=\"1894\" data-end=\"2560\">El <strong data-start=\"1897\" data-end=\"1937\">borrador de planificaci\u00f3n energ\u00e9tica<\/strong> dise\u00f1ado por el <strong data-start=\"1954\" data-end=\"2028\">Ministerio para la Transici\u00f3n Ecol\u00f3gica y el Reto Demogr\u00e1fico (Miteco)<\/strong>, actualmente en fase de <strong data-start=\"2053\" data-end=\"2076\">informaci\u00f3n p\u00fablica<\/strong>, recoge todas las peticiones y necesidades de nuevas redes e infraestructuras demandadas por el <strong data-start=\"2173\" data-end=\"2200\">Gobierno del Principado<\/strong> y refrendadas por el <strong data-start=\"2222\" data-end=\"2247\">Foro por la Industria<\/strong> en la <strong data-start=\"2254\" data-end=\"2283\">declaraci\u00f3n institucional<\/strong> suscrita el pasado julio. En concreto, el documento asigna a <strong data-start=\"2345\" data-end=\"2357\">Asturias<\/strong> <strong data-start=\"2358\" data-end=\"2390\">78 nuevos puntos de conexi\u00f3n<\/strong> e incluye la construcci\u00f3n de <strong data-start=\"2420\" data-end=\"2440\">nueve estaciones<\/strong> y actuaciones en otras <strong data-start=\"2464\" data-end=\"2473\">cinco<\/strong>, de modo que se duplicar\u00e1 la capacidad actual de la <strong data-start=\"2526\" data-end=\"2543\">red el\u00e9ctrica<\/strong> en la comunidad.<\/p>\n<h2 data-start=\"2562\" data-end=\"2623\"><strong data-start=\"2566\" data-end=\"2621\">Consenso regional sobre la planificaci\u00f3n energ\u00e9tica<\/strong><\/h2>\n<p data-start=\"2624\" data-end=\"2829\">El consejero ha compartido con los miembros del <strong data-start=\"2672\" data-end=\"2697\">Foro por la Industria<\/strong> la importancia de que todas las actuaciones previstas para los pr\u00f3ximos cinco a\u00f1os finalicen con <strong data-start=\"2795\" data-end=\"2804\">\u00e9xito<\/strong> y en <strong data-start=\"2810\" data-end=\"2828\">tiempo y forma<\/strong>.<\/p>\n<p data-start=\"2831\" data-end=\"3240\">Por su parte, la <strong data-start=\"2848\" data-end=\"2860\">patronal<\/strong> y los <strong data-start=\"2867\" data-end=\"2881\">sindicatos<\/strong> han coincidido con el <strong data-start=\"2904\" data-end=\"2928\">Gobierno de Asturias<\/strong> en la necesidad de lograr un gran <strong data-start=\"2963\" data-end=\"2984\">consenso regional<\/strong> sobre la <strong data-start=\"2994\" data-end=\"3022\">planificaci\u00f3n energ\u00e9tica<\/strong>, de la que dependen la <strong data-start=\"3046\" data-end=\"3066\">descarbonizaci\u00f3n<\/strong> de sectores como la <strong data-start=\"3087\" data-end=\"3101\">siderurgia<\/strong> y el desarrollo de <strong data-start=\"3121\" data-end=\"3136\">inversiones<\/strong> en nuevas actividades innovadoras en \u00e1mbitos como las <strong data-start=\"3191\" data-end=\"3214\">energ\u00edas renovables<\/strong> y el <strong data-start=\"3220\" data-end=\"3239\">hidr\u00f3geno verde<\/strong>.<\/p>\n<p data-start=\"3242\" data-end=\"3442\">S\u00e1nchez ha informado al <strong data-start=\"3266\" data-end=\"3291\">Foro por la Industria<\/strong> de que el <strong data-start=\"3302\" data-end=\"3322\">grupo de trabajo<\/strong> impulsado por el Principado para el desarrollo de las nuevas <strong data-start=\"3384\" data-end=\"3415\">infraestructuras el\u00e9ctricas<\/strong> ya se ha puesto en marcha.<\/p>\n","protected":false},"excerpt":{"rendered":"<p>El Gobierno de Asturias destaca la importancia de las inversiones en infraestructuras el\u00e9ctricas para la descarbonizaci\u00f3n de la industria y el desarrollo econ\u00f3mico de la comunidad. El consejero de Ciencia, Industria y Empleo, Borja S\u00e1nchez, ha destacado que \u201cla ejecuci\u00f3n de las inversiones de refuerzo y ampliaci\u00f3n de las infraestructuras el\u00e9ctricas debe tener un car\u00e1cter<\/p>\n","protected":false},"author":1,"featured_media":189692,"comment_status":"closed","ping_status":"closed","sticky":false,"template":"","format":"standard","meta":{"footnotes":""},"categories":[7],"tags":[380,437],"class_list":{"0":"post-189691","1":"post","2":"type-post","3":"status-publish","4":"format-standard","5":"has-post-thumbnail","7":"category-asturias","8":"tag-asturias","9":"tag-economia"},"aioseo_notices":[],"aioseo_head":"\n\t\t<!-- All in One SEO Pro 4.9.6.2 - aioseo.com -->\n\t<meta name=\"description\" content=\"El Gobierno de Asturias destaca la importancia de las inversiones en infraestructuras el\u00e9ctricas para la descarbonizaci\u00f3n de la industria y el desarrollo econ\u00f3mico de la comunidad. El consejero de Ciencia, Industria y Empleo, Borja S\u00e1nchez, ha destacado que \u201cla ejecuci\u00f3n de las inversiones de refuerzo y ampliaci\u00f3n de las infraestructuras el\u00e9ctricas debe tener un car\u00e1cter\" \/>\n\t<meta name=\"robots\" content=\"max-image-preview:large\" \/>\n\t<meta name=\"author\" content=\"Cand\u00e1s 365\"\/>\n\t<meta name=\"google-site-verification\" content=\"UA-32230408-1\" \/>\n\t<meta name=\"msvalidate.01\" content=\"354F3CDFB2DA171B47FBE9ABF1F88D5\" \/>\n\t<meta name=\"keywords\" content=\"asturias\" \/>\n\t<link rel=\"canonical\" href=\"https:\/\/candas365.es\/noticias\/asturias-trabaja-en-la-nueva-planificacion-energetica\/\" \/>\n\t<meta name=\"generator\" content=\"All in One SEO Pro (AIOSEO) 4.9.6.2\" \/>\n\t\t<meta property=\"og:locale\" content=\"es_ES\" \/>\n\t\t<meta property=\"og:site_name\" content=\"Cand\u00e1s 365\" \/>\n\t\t<meta property=\"og:type\" content=\"article\" \/>\n\t\t<meta property=\"og:title\" content=\"Asturias trabaja en la nueva planificaci\u00f3n energ\u00e9tica | Cand\u00e1s 365\" \/>\n\t\t<meta property=\"og:description\" content=\"El Gobierno de Asturias destaca la importancia de las inversiones en infraestructuras el\u00e9ctricas para la descarbonizaci\u00f3n de la industria y el desarrollo econ\u00f3mico de la comunidad. El consejero de Ciencia, Industria y Empleo, Borja S\u00e1nchez, ha destacado que \u201cla ejecuci\u00f3n de las inversiones de refuerzo y ampliaci\u00f3n de las infraestructuras el\u00e9ctricas debe tener un car\u00e1cter\" \/>\n\t\t<meta property=\"og:url\" content=\"https:\/\/candas365.es\/noticias\/asturias-trabaja-en-la-nueva-planificacion-energetica\/\" \/>\n\t\t<meta property=\"og:image\" content=\"https:\/\/candas365.es\/noticias\/wp-content\/uploads\/2025\/11\/Asturias-trabaja-en-la-nueva-planificacion-energetica.jpg\" \/>\n\t\t<meta property=\"og:image:secure_url\" content=\"https:\/\/candas365.es\/noticias\/wp-content\/uploads\/2025\/11\/Asturias-trabaja-en-la-nueva-planificacion-energetica.jpg\" \/>\n\t\t<meta property=\"og:image:width\" content=\"1043\" \/>\n\t\t<meta property=\"og:image:height\" content=\"620\" \/>\n\t\t<meta property=\"article:published_time\" content=\"2025-11-02T22:11:25+00:00\" \/>\n\t\t<meta property=\"article:modified_time\" content=\"2025-11-02T22:11:25+00:00\" \/>\n\t\t<meta property=\"article:publisher\" content=\"https:\/\/www.facebook.com\/Nachofdezber\" \/>\n\t\t<meta property=\"article:author\" content=\"https:\/\/www.facebook.com\/carrenoactualidad\" \/>\n\t\t<meta name=\"twitter:card\" content=\"summary_large_image\" \/>\n\t\t<meta name=\"twitter:site\" content=\"@NabercoDigital\" \/>\n\t\t<meta name=\"twitter:title\" content=\"Asturias trabaja en la nueva planificaci\u00f3n energ\u00e9tica | Cand\u00e1s 365\" \/>\n\t\t<meta name=\"twitter:description\" content=\"El Gobierno de Asturias destaca la importancia de las inversiones en infraestructuras el\u00e9ctricas para la descarbonizaci\u00f3n de la industria y el desarrollo econ\u00f3mico de la comunidad. El consejero de Ciencia, Industria y Empleo, Borja S\u00e1nchez, ha destacado que \u201cla ejecuci\u00f3n de las inversiones de refuerzo y ampliaci\u00f3n de las infraestructuras el\u00e9ctricas debe tener un car\u00e1cter\" \/>\n\t\t<meta name=\"twitter:creator\" content=\"@nbasturias\" \/>\n\t\t<meta name=\"twitter:image\" content=\"https:\/\/candas365.es\/noticias\/wp-content\/uploads\/2025\/11\/Asturias-trabaja-en-la-nueva-planificacion-energetica.jpg\" \/>\n\t\t<meta name=\"twitter:label1\" content=\"Escrito por\" \/>\n\t\t<meta name=\"twitter:data1\" content=\"Cand\u00e1s 365\" \/>\n\t\t<meta name=\"twitter:label2\" content=\"Tiempo de lectura estimado\" \/>\n\t\t<meta name=\"twitter:data2\" content=\"3 minutos\" \/>\n\t\t<script type=\"application\/ld+json\" class=\"aioseo-schema\">\n\t\t\t{\"@context\":\"https:\\\/\\\/schema.org\",\"@graph\":[{\"@type\":\"BreadcrumbList\",\"@id\":\"https:\\\/\\\/candas365.es\\\/noticias\\\/asturias-trabaja-en-la-nueva-planificacion-energetica\\\/#breadcrumblist\",\"itemListElement\":[{\"@type\":\"ListItem\",\"@id\":\"https:\\\/\\\/candas365.es\\\/noticias#listItem\",\"position\":1,\"name\":\"Home\",\"item\":\"https:\\\/\\\/candas365.es\\\/noticias\",\"nextItem\":{\"@type\":\"ListItem\",\"@id\":\"https:\\\/\\\/candas365.es\\\/noticias\\\/category\\\/asturias\\\/#listItem\",\"name\":\"Asturias\"}},{\"@type\":\"ListItem\",\"@id\":\"https:\\\/\\\/candas365.es\\\/noticias\\\/category\\\/asturias\\\/#listItem\",\"position\":2,\"name\":\"Asturias\",\"item\":\"https:\\\/\\\/candas365.es\\\/noticias\\\/category\\\/asturias\\\/\",\"nextItem\":{\"@type\":\"ListItem\",\"@id\":\"https:\\\/\\\/candas365.es\\\/noticias\\\/asturias-trabaja-en-la-nueva-planificacion-energetica\\\/#listItem\",\"name\":\"Asturias trabaja en la nueva planificaci\\u00f3n energ\\u00e9tica\"},\"previousItem\":{\"@type\":\"ListItem\",\"@id\":\"https:\\\/\\\/candas365.es\\\/noticias#listItem\",\"name\":\"Home\"}},{\"@type\":\"ListItem\",\"@id\":\"https:\\\/\\\/candas365.es\\\/noticias\\\/asturias-trabaja-en-la-nueva-planificacion-energetica\\\/#listItem\",\"position\":3,\"name\":\"Asturias trabaja en la nueva planificaci\\u00f3n energ\\u00e9tica\",\"previousItem\":{\"@type\":\"ListItem\",\"@id\":\"https:\\\/\\\/candas365.es\\\/noticias\\\/category\\\/asturias\\\/#listItem\",\"name\":\"Asturias\"}}]},{\"@type\":\"NewsArticle\",\"@id\":\"https:\\\/\\\/candas365.es\\\/noticias\\\/asturias-trabaja-en-la-nueva-planificacion-energetica\\\/#newsarticle\",\"name\":\"Asturias trabaja en la nueva planificaci\\u00f3n energ\\u00e9tica | Cand\\u00e1s 365\",\"headline\":\"Asturias trabaja en la nueva planificaci\\u00f3n energ\\u00e9tica\",\"author\":{\"@id\":\"https:\\\/\\\/candas365.es\\\/noticias\\\/author\\\/admin\\\/#author\"},\"publisher\":{\"@id\":\"https:\\\/\\\/candas365.es\\\/noticias\\\/#organization\"},\"image\":{\"@type\":\"ImageObject\",\"url\":\"https:\\\/\\\/candas365.es\\\/noticias\\\/wp-content\\\/uploads\\\/2025\\\/11\\\/Asturias-trabaja-en-la-nueva-planificacion-energetica.jpg\",\"width\":1043,\"height\":620,\"caption\":\"Foto: Prensa Gobierno de Asturias\"},\"datePublished\":\"2025-11-02T23:11:25+01:00\",\"dateModified\":\"2025-11-02T23:11:25+01:00\",\"inLanguage\":\"es-ES\",\"mainEntityOfPage\":{\"@id\":\"https:\\\/\\\/candas365.es\\\/noticias\\\/asturias-trabaja-en-la-nueva-planificacion-energetica\\\/#webpage\"},\"isPartOf\":{\"@id\":\"https:\\\/\\\/candas365.es\\\/noticias\\\/asturias-trabaja-en-la-nueva-planificacion-energetica\\\/#webpage\"},\"articleSection\":\"Asturias, Asturias, Econom\\u00eda\",\"dateline\":\"Publicado el noviembre 2, 2025.\"},{\"@type\":\"Organization\",\"@id\":\"https:\\\/\\\/candas365.es\\\/noticias\\\/#organization\",\"name\":\"Cand\\u00e1s 365\",\"description\":\"Cand\\u00e1s 365 es un diario digital independiente, fundado en 2012, con base en Asturias. Informamos con rigor sobre actualidad, sociedad, cultura y ocio, con una mirada local y global.\",\"url\":\"https:\\\/\\\/candas365.es\\\/noticias\\\/\",\"email\":\"info@candas365.es\",\"telephone\":\"+34652131393\",\"foundingDate\":\"2012-06-10\",\"logo\":{\"@type\":\"ImageObject\",\"url\":\"https:\\\/\\\/candas365.es\\\/noticias\\\/wp-content\\\/uploads\\\/2024\\\/09\\\/Candas-365-Redes.jpg\",\"@id\":\"https:\\\/\\\/candas365.es\\\/noticias\\\/asturias-trabaja-en-la-nueva-planificacion-energetica\\\/#organizationLogo\",\"width\":1152,\"height\":864,\"caption\":\"Cand\\u00e1s 365 Redes\"},\"image\":{\"@id\":\"https:\\\/\\\/candas365.es\\\/noticias\\\/asturias-trabaja-en-la-nueva-planificacion-energetica\\\/#organizationLogo\"},\"sameAs\":[\"https:\\\/\\\/www.facebook.com\\\/Nachofdezber\",\"https:\\\/\\\/x.com\\\/NabercoDigital\",\"https:\\\/\\\/www.instagram.com\\\/nachofdezber\\\/\",\"https:\\\/\\\/www.youtube.com\\\/channel\\\/UCZP-2wLEB9Rv6erhFmqVnvg\"],\"address\":{\"@id\":\"https:\\\/\\\/candas365.es\\\/noticias\\\/#postaladdress\",\"@type\":\"PostalAddress\",\"streetAddress\":\"san antonio 4, san antonio 4\",\"postalCode\":\"33430\",\"addressLocality\":\"Cand\\u00e1s\",\"addressRegion\":\"Asturias\",\"addressCountry\":\"ES\"}},{\"@type\":\"Person\",\"@id\":\"https:\\\/\\\/candas365.es\\\/noticias\\\/author\\\/admin\\\/#author\",\"url\":\"https:\\\/\\\/candas365.es\\\/noticias\\\/author\\\/admin\\\/\",\"name\":\"Cand\\u00e1s 365\",\"image\":{\"@type\":\"ImageObject\",\"@id\":\"https:\\\/\\\/candas365.es\\\/noticias\\\/asturias-trabaja-en-la-nueva-planificacion-energetica\\\/#authorImage\",\"url\":\"https:\\\/\\\/secure.gravatar.com\\\/avatar\\\/496a8e03d0c493ede1718b7934145dbdf8d89be1036b0eec9544e1094c9de390?s=96&d=mm&r=g\",\"width\":96,\"height\":96,\"caption\":\"Cand\\u00e1s 365\"},\"sameAs\":[\"https:\\\/\\\/www.facebook.com\\\/carrenoactualidad\",\"https:\\\/\\\/twitter.com\\\/nbasturias\",\"https:\\\/\\\/www.instagram.com\\\/nachofdezber\\\/\",\"https:\\\/\\\/www.youtube.com\\\/channel\\\/UCZP-2wLEB9Rv6erhFmqVnvg\"]},{\"@type\":\"WebPage\",\"@id\":\"https:\\\/\\\/candas365.es\\\/noticias\\\/asturias-trabaja-en-la-nueva-planificacion-energetica\\\/#webpage\",\"url\":\"https:\\\/\\\/candas365.es\\\/noticias\\\/asturias-trabaja-en-la-nueva-planificacion-energetica\\\/\",\"name\":\"Asturias trabaja en la nueva planificaci\\u00f3n energ\\u00e9tica | Cand\\u00e1s 365\",\"description\":\"El Gobierno de Asturias destaca la importancia de las inversiones en infraestructuras el\\u00e9ctricas para la descarbonizaci\\u00f3n de la industria y el desarrollo econ\\u00f3mico de la comunidad. El consejero de Ciencia, Industria y Empleo, Borja S\\u00e1nchez, ha destacado que \\u201cla ejecuci\\u00f3n de las inversiones de refuerzo y ampliaci\\u00f3n de las infraestructuras el\\u00e9ctricas debe tener un car\\u00e1cter\",\"inLanguage\":\"es-ES\",\"isPartOf\":{\"@id\":\"https:\\\/\\\/candas365.es\\\/noticias\\\/#website\"},\"breadcrumb\":{\"@id\":\"https:\\\/\\\/candas365.es\\\/noticias\\\/asturias-trabaja-en-la-nueva-planificacion-energetica\\\/#breadcrumblist\"},\"author\":{\"@id\":\"https:\\\/\\\/candas365.es\\\/noticias\\\/author\\\/admin\\\/#author\"},\"creator\":{\"@id\":\"https:\\\/\\\/candas365.es\\\/noticias\\\/author\\\/admin\\\/#author\"},\"image\":{\"@type\":\"ImageObject\",\"url\":\"https:\\\/\\\/candas365.es\\\/noticias\\\/wp-content\\\/uploads\\\/2025\\\/11\\\/Asturias-trabaja-en-la-nueva-planificacion-energetica.jpg\",\"@id\":\"https:\\\/\\\/candas365.es\\\/noticias\\\/asturias-trabaja-en-la-nueva-planificacion-energetica\\\/#mainImage\",\"width\":1043,\"height\":620,\"caption\":\"Foto: Prensa Gobierno de Asturias\"},\"primaryImageOfPage\":{\"@id\":\"https:\\\/\\\/candas365.es\\\/noticias\\\/asturias-trabaja-en-la-nueva-planificacion-energetica\\\/#mainImage\"},\"datePublished\":\"2025-11-02T23:11:25+01:00\",\"dateModified\":\"2025-11-02T23:11:25+01:00\"},{\"@type\":\"WebSite\",\"@id\":\"https:\\\/\\\/candas365.es\\\/noticias\\\/#website\",\"url\":\"https:\\\/\\\/candas365.es\\\/noticias\\\/\",\"name\":\"Cand\\u00e1s 365\",\"alternateName\":\"Cand\\u00e1s 365 Noticias\",\"description\":\"Actualidad desde Carre\\u00f1o para el mundo\",\"inLanguage\":\"es-ES\",\"publisher\":{\"@id\":\"https:\\\/\\\/candas365.es\\\/noticias\\\/#organization\"}}]}\n\t\t<\/script>\n\t\t<!-- All in One SEO Pro -->\r\n\t\t<title>Asturias trabaja en la nueva planificaci\u00f3n energ\u00e9tica | Cand\u00e1s 365<\/title>\n\n","aioseo_head_json":{"title":"Asturias trabaja en la nueva planificaci\u00f3n energ\u00e9tica | Cand\u00e1s 365","description":"El Gobierno de Asturias destaca la importancia de las inversiones en infraestructuras el\u00e9ctricas para la descarbonizaci\u00f3n de la industria y el desarrollo econ\u00f3mico de la comunidad. El consejero de Ciencia, Industria y Empleo, Borja S\u00e1nchez, ha destacado que \u201cla ejecuci\u00f3n de las inversiones de refuerzo y ampliaci\u00f3n de las infraestructuras el\u00e9ctricas debe tener un car\u00e1cter","canonical_url":"https:\/\/candas365.es\/noticias\/asturias-trabaja-en-la-nueva-planificacion-energetica\/","robots":"max-image-preview:large","keywords":"asturias","webmasterTools":{"google-site-verification":"UA-32230408-1","msvalidate.01":"354F3CDFB2DA171B47FBE9ABF1F88D5","miscellaneous":""},"schema":{"@context":"https:\/\/schema.org","@graph":[{"@type":"BreadcrumbList","@id":"https:\/\/candas365.es\/noticias\/asturias-trabaja-en-la-nueva-planificacion-energetica\/#breadcrumblist","itemListElement":[{"@type":"ListItem","@id":"https:\/\/candas365.es\/noticias#listItem","position":1,"name":"Home","item":"https:\/\/candas365.es\/noticias","nextItem":{"@type":"ListItem","@id":"https:\/\/candas365.es\/noticias\/category\/asturias\/#listItem","name":"Asturias"}},{"@type":"ListItem","@id":"https:\/\/candas365.es\/noticias\/category\/asturias\/#listItem","position":2,"name":"Asturias","item":"https:\/\/candas365.es\/noticias\/category\/asturias\/","nextItem":{"@type":"ListItem","@id":"https:\/\/candas365.es\/noticias\/asturias-trabaja-en-la-nueva-planificacion-energetica\/#listItem","name":"Asturias trabaja en la nueva planificaci\u00f3n energ\u00e9tica"},"previousItem":{"@type":"ListItem","@id":"https:\/\/candas365.es\/noticias#listItem","name":"Home"}},{"@type":"ListItem","@id":"https:\/\/candas365.es\/noticias\/asturias-trabaja-en-la-nueva-planificacion-energetica\/#listItem","position":3,"name":"Asturias trabaja en la nueva planificaci\u00f3n energ\u00e9tica","previousItem":{"@type":"ListItem","@id":"https:\/\/candas365.es\/noticias\/category\/asturias\/#listItem","name":"Asturias"}}]},{"@type":"NewsArticle","@id":"https:\/\/candas365.es\/noticias\/asturias-trabaja-en-la-nueva-planificacion-energetica\/#newsarticle","name":"Asturias trabaja en la nueva planificaci\u00f3n energ\u00e9tica | Cand\u00e1s 365","headline":"Asturias trabaja en la nueva planificaci\u00f3n energ\u00e9tica","author":{"@id":"https:\/\/candas365.es\/noticias\/author\/admin\/#author"},"publisher":{"@id":"https:\/\/candas365.es\/noticias\/#organization"},"image":{"@type":"ImageObject","url":"https:\/\/candas365.es\/noticias\/wp-content\/uploads\/2025\/11\/Asturias-trabaja-en-la-nueva-planificacion-energetica.jpg","width":1043,"height":620,"caption":"Foto: Prensa Gobierno de Asturias"},"datePublished":"2025-11-02T23:11:25+01:00","dateModified":"2025-11-02T23:11:25+01:00","inLanguage":"es-ES","mainEntityOfPage":{"@id":"https:\/\/candas365.es\/noticias\/asturias-trabaja-en-la-nueva-planificacion-energetica\/#webpage"},"isPartOf":{"@id":"https:\/\/candas365.es\/noticias\/asturias-trabaja-en-la-nueva-planificacion-energetica\/#webpage"},"articleSection":"Asturias, Asturias, Econom\u00eda","dateline":"Publicado el noviembre 2, 2025."},{"@type":"Organization","@id":"https:\/\/candas365.es\/noticias\/#organization","name":"Cand\u00e1s 365","description":"Cand\u00e1s 365 es un diario digital independiente, fundado en 2012, con base en Asturias. Informamos con rigor sobre actualidad, sociedad, cultura y ocio, con una mirada local y global.","url":"https:\/\/candas365.es\/noticias\/","email":"info@candas365.es","telephone":"+34652131393","foundingDate":"2012-06-10","logo":{"@type":"ImageObject","url":"https:\/\/candas365.es\/noticias\/wp-content\/uploads\/2024\/09\/Candas-365-Redes.jpg","@id":"https:\/\/candas365.es\/noticias\/asturias-trabaja-en-la-nueva-planificacion-energetica\/#organizationLogo","width":1152,"height":864,"caption":"Cand\u00e1s 365 Redes"},"image":{"@id":"https:\/\/candas365.es\/noticias\/asturias-trabaja-en-la-nueva-planificacion-energetica\/#organizationLogo"},"sameAs":["https:\/\/www.facebook.com\/Nachofdezber","https:\/\/x.com\/NabercoDigital","https:\/\/www.instagram.com\/nachofdezber\/","https:\/\/www.youtube.com\/channel\/UCZP-2wLEB9Rv6erhFmqVnvg"],"address":{"@id":"https:\/\/candas365.es\/noticias\/#postaladdress","@type":"PostalAddress","streetAddress":"san antonio 4, san antonio 4","postalCode":"33430","addressLocality":"Cand\u00e1s","addressRegion":"Asturias","addressCountry":"ES"}},{"@type":"Person","@id":"https:\/\/candas365.es\/noticias\/author\/admin\/#author","url":"https:\/\/candas365.es\/noticias\/author\/admin\/","name":"Cand\u00e1s 365","image":{"@type":"ImageObject","@id":"https:\/\/candas365.es\/noticias\/asturias-trabaja-en-la-nueva-planificacion-energetica\/#authorImage","url":"https:\/\/secure.gravatar.com\/avatar\/496a8e03d0c493ede1718b7934145dbdf8d89be1036b0eec9544e1094c9de390?s=96&d=mm&r=g","width":96,"height":96,"caption":"Cand\u00e1s 365"},"sameAs":["https:\/\/www.facebook.com\/carrenoactualidad","https:\/\/twitter.com\/nbasturias","https:\/\/www.instagram.com\/nachofdezber\/","https:\/\/www.youtube.com\/channel\/UCZP-2wLEB9Rv6erhFmqVnvg"]},{"@type":"WebPage","@id":"https:\/\/candas365.es\/noticias\/asturias-trabaja-en-la-nueva-planificacion-energetica\/#webpage","url":"https:\/\/candas365.es\/noticias\/asturias-trabaja-en-la-nueva-planificacion-energetica\/","name":"Asturias trabaja en la nueva planificaci\u00f3n energ\u00e9tica | Cand\u00e1s 365","description":"El Gobierno de Asturias destaca la importancia de las inversiones en infraestructuras el\u00e9ctricas para la descarbonizaci\u00f3n de la industria y el desarrollo econ\u00f3mico de la comunidad. El consejero de Ciencia, Industria y Empleo, Borja S\u00e1nchez, ha destacado que \u201cla ejecuci\u00f3n de las inversiones de refuerzo y ampliaci\u00f3n de las infraestructuras el\u00e9ctricas debe tener un car\u00e1cter","inLanguage":"es-ES","isPartOf":{"@id":"https:\/\/candas365.es\/noticias\/#website"},"breadcrumb":{"@id":"https:\/\/candas365.es\/noticias\/asturias-trabaja-en-la-nueva-planificacion-energetica\/#breadcrumblist"},"author":{"@id":"https:\/\/candas365.es\/noticias\/author\/admin\/#author"},"creator":{"@id":"https:\/\/candas365.es\/noticias\/author\/admin\/#author"},"image":{"@type":"ImageObject","url":"https:\/\/candas365.es\/noticias\/wp-content\/uploads\/2025\/11\/Asturias-trabaja-en-la-nueva-planificacion-energetica.jpg","@id":"https:\/\/candas365.es\/noticias\/asturias-trabaja-en-la-nueva-planificacion-energetica\/#mainImage","width":1043,"height":620,"caption":"Foto: Prensa Gobierno de Asturias"},"primaryImageOfPage":{"@id":"https:\/\/candas365.es\/noticias\/asturias-trabaja-en-la-nueva-planificacion-energetica\/#mainImage"},"datePublished":"2025-11-02T23:11:25+01:00","dateModified":"2025-11-02T23:11:25+01:00"},{"@type":"WebSite","@id":"https:\/\/candas365.es\/noticias\/#website","url":"https:\/\/candas365.es\/noticias\/","name":"Cand\u00e1s 365","alternateName":"Cand\u00e1s 365 Noticias","description":"Actualidad desde Carre\u00f1o para el mundo","inLanguage":"es-ES","publisher":{"@id":"https:\/\/candas365.es\/noticias\/#organization"}}]},"og:locale":"es_ES","og:site_name":"Cand\u00e1s 365","og:type":"article","og:title":"Asturias trabaja en la nueva planificaci\u00f3n energ\u00e9tica | Cand\u00e1s 365","og:description":"El Gobierno de Asturias destaca la importancia de las inversiones en infraestructuras el\u00e9ctricas para la descarbonizaci\u00f3n de la industria y el desarrollo econ\u00f3mico de la comunidad. El consejero de Ciencia, Industria y Empleo, Borja S\u00e1nchez, ha destacado que \u201cla ejecuci\u00f3n de las inversiones de refuerzo y ampliaci\u00f3n de las infraestructuras el\u00e9ctricas debe tener un car\u00e1cter","og:url":"https:\/\/candas365.es\/noticias\/asturias-trabaja-en-la-nueva-planificacion-energetica\/","og:image":"https:\/\/candas365.es\/noticias\/wp-content\/uploads\/2025\/11\/Asturias-trabaja-en-la-nueva-planificacion-energetica.jpg","og:image:secure_url":"https:\/\/candas365.es\/noticias\/wp-content\/uploads\/2025\/11\/Asturias-trabaja-en-la-nueva-planificacion-energetica.jpg","og:image:width":1043,"og:image:height":620,"article:published_time":"2025-11-02T22:11:25+00:00","article:modified_time":"2025-11-02T22:11:25+00:00","article:publisher":"https:\/\/www.facebook.com\/Nachofdezber","article:author":"https:\/\/www.facebook.com\/carrenoactualidad","twitter:card":"summary_large_image","twitter:site":"@NabercoDigital","twitter:title":"Asturias trabaja en la nueva planificaci\u00f3n energ\u00e9tica | Cand\u00e1s 365","twitter:description":"El Gobierno de Asturias destaca la importancia de las inversiones en infraestructuras el\u00e9ctricas para la descarbonizaci\u00f3n de la industria y el desarrollo econ\u00f3mico de la comunidad. El consejero de Ciencia, Industria y Empleo, Borja S\u00e1nchez, ha destacado que \u201cla ejecuci\u00f3n de las inversiones de refuerzo y ampliaci\u00f3n de las infraestructuras el\u00e9ctricas debe tener un car\u00e1cter","twitter:creator":"@nbasturias","twitter:image":"https:\/\/candas365.es\/noticias\/wp-content\/uploads\/2025\/11\/Asturias-trabaja-en-la-nueva-planificacion-energetica.jpg","twitter:label1":"Escrito por","twitter:data1":"Cand\u00e1s 365","twitter:label2":"Tiempo de lectura estimado","twitter:data2":"3 minutos"},"aioseo_meta_data":{"post_id":"189691","title":null,"description":null,"keywords":null,"keyphrases":{"focus":{"keyphrase":"","score":0,"analysis":{"keyphraseInTitle":{"score":0,"maxScore":9,"error":1}}},"additional":[]},"primary_term":null,"canonical_url":null,"og_title":null,"og_description":null,"og_object_type":"default","og_image_type":"default","og_image_url":null,"og_image_width":null,"og_image_height":null,"og_image_custom_url":null,"og_image_custom_fields":null,"og_video":"","og_custom_url":null,"og_article_section":null,"og_article_tags":null,"twitter_use_og":false,"twitter_card":"default","twitter_image_type":"default","twitter_image_url":null,"twitter_image_custom_url":null,"twitter_image_custom_fields":null,"twitter_title":null,"twitter_description":null,"schema":{"blockGraphs":[],"customGraphs":[],"default":{"data":{"Article":[],"Course":[],"Dataset":[],"FAQPage":[],"Movie":[],"Person":[],"Product":[],"ProductReview":[],"Car":[],"Recipe":[],"Service":[],"SoftwareApplication":[],"WebPage":[]},"graphName":"Article","isEnabled":true},"graphs":[]},"schema_type":"default","schema_type_options":null,"pillar_content":false,"robots_default":true,"robots_noindex":false,"robots_noarchive":false,"robots_nosnippet":false,"robots_nofollow":false,"robots_noimageindex":false,"robots_noodp":false,"robots_notranslate":false,"robots_max_snippet":"-1","robots_max_videopreview":"-1","robots_max_imagepreview":"large","priority":null,"frequency":"default","location":null,"local_seo":null,"seo_analyzer_scan_date":"2025-11-02 22:13:09","breadcrumb_settings":null,"limit_modified_date":false,"reviewed_by":null,"open_ai":null,"ai":{"faqs":[],"keyPoints":[],"titles":[],"descriptions":[],"socialPosts":{"email":[],"linkedin":[],"twitter":[],"facebook":[],"instagram":[]}},"created":"2025-11-02 21:55:57","updated":"2025-11-02 22:20:05"},"aioseo_breadcrumb":"<div class=\"aioseo-breadcrumbs\"><span class=\"aioseo-breadcrumb\">\n\t<a href=\"https:\/\/candas365.es\/noticias\" title=\"Home\">Home<\/a>\n<\/span><span class=\"aioseo-breadcrumb-separator\">&ndash;<\/span><span class=\"aioseo-breadcrumb\">\n\t<a href=\"https:\/\/candas365.es\/noticias\/category\/asturias\/\" title=\"Asturias\">Asturias<\/a>\n<\/span><span class=\"aioseo-breadcrumb-separator\">&ndash;<\/span><span class=\"aioseo-breadcrumb\">\n\tAsturias trabaja en la nueva planificaci\u00f3n energ\u00e9tica\n<\/span><\/div>","aioseo_breadcrumb_json":[{"label":"Home","link":"https:\/\/candas365.es\/noticias"},{"label":"Asturias","link":"https:\/\/candas365.es\/noticias\/category\/asturias\/"},{"label":"Asturias trabaja en la nueva planificaci\u00f3n energ\u00e9tica","link":"https:\/\/candas365.es\/noticias\/asturias-trabaja-en-la-nueva-planificacion-energetica\/"}],"_links":{"self":[{"href":"https:\/\/candas365.es\/noticias\/wp-json\/wp\/v2\/posts\/189691","targetHints":{"allow":["GET"]}}],"collection":[{"href":"https:\/\/candas365.es\/noticias\/wp-json\/wp\/v2\/posts"}],"about":[{"href":"https:\/\/candas365.es\/noticias\/wp-json\/wp\/v2\/types\/post"}],"author":[{"embeddable":true,"href":"https:\/\/candas365.es\/noticias\/wp-json\/wp\/v2\/users\/1"}],"replies":[{"embeddable":true,"href":"https:\/\/candas365.es\/noticias\/wp-json\/wp\/v2\/comments?post=189691"}],"version-history":[{"count":0,"href":"https:\/\/candas365.es\/noticias\/wp-json\/wp\/v2\/posts\/189691\/revisions"}],"wp:featuredmedia":[{"embeddable":true,"href":"https:\/\/candas365.es\/noticias\/wp-json\/wp\/v2\/media\/189692"}],"wp:attachment":[{"href":"https:\/\/candas365.es\/noticias\/wp-json\/wp\/v2\/media?parent=189691"}],"wp:term":[{"taxonomy":"category","embeddable":true,"href":"https:\/\/candas365.es\/noticias\/wp-json\/wp\/v2\/categories?post=189691"},{"taxonomy":"post_tag","embeddable":true,"href":"https:\/\/candas365.es\/noticias\/wp-json\/wp\/v2\/tags?post=189691"}],"curies":[{"name":"wp","href":"https:\/\/api.w.org\/{rel}","templated":true}]}}