{"id":189495,"date":"2025-10-27T22:06:08","date_gmt":"2025-10-27T21:06:08","guid":{"rendered":"https:\/\/candas365.es\/noticias\/?p=189495"},"modified":"2025-10-27T22:06:08","modified_gmt":"2025-10-27T21:06:08","slug":"un-trabajador-herido-en-una-mina-de-ibias","status":"publish","type":"post","link":"https:\/\/candas365.es\/noticias\/un-trabajador-herido-en-una-mina-de-ibias\/","title":{"rendered":"Un trabajador herido en una mina de Ibias"},"content":{"rendered":"<p>Un <a href=\"https:\/\/candas365.es\/noticias\/category\/sucesos\/\"><span style=\"color: #ff6600;\"><strong>trabajador ha resultado herido de gravedad<\/strong> <\/span><\/a>en Ibias tras volcar y caer varios metros, en circunstancias que se desconocen, el d\u00famper con el que estaba realizando tareas de restauraci\u00f3n en una mina en Tormaleo.<\/p>\n<figure id=\"attachment_189496\" aria-describedby=\"caption-attachment-189496\" style=\"width: 643px\" class=\"wp-caption aligncenter\"><img fetchpriority=\"high\" decoding=\"async\" class=\"size-large wp-image-189496\" src=\"https:\/\/candas365.es\/noticias\/wp-content\/uploads\/2025\/10\/Un-trabajador-herido-en-una-mina-de-Ibias-643x480.jpg\" alt=\"Un trabajador herido en una mina de Ibias\" width=\"643\" height=\"480\" srcset=\"https:\/\/candas365.es\/noticias\/wp-content\/uploads\/2025\/10\/Un-trabajador-herido-en-una-mina-de-Ibias-643x480.jpg 643w, https:\/\/candas365.es\/noticias\/wp-content\/uploads\/2025\/10\/Un-trabajador-herido-en-una-mina-de-Ibias-360x269.jpg 360w, https:\/\/candas365.es\/noticias\/wp-content\/uploads\/2025\/10\/Un-trabajador-herido-en-una-mina-de-Ibias-768x573.jpg 768w, https:\/\/candas365.es\/noticias\/wp-content\/uploads\/2025\/10\/Un-trabajador-herido-en-una-mina-de-Ibias-150x112.jpg 150w, https:\/\/candas365.es\/noticias\/wp-content\/uploads\/2025\/10\/Un-trabajador-herido-en-una-mina-de-Ibias-450x336.jpg 450w, https:\/\/candas365.es\/noticias\/wp-content\/uploads\/2025\/10\/Un-trabajador-herido-en-una-mina-de-Ibias.jpg 914w\" sizes=\"(max-width: 643px) 100vw, 643px\" \/><figcaption id=\"caption-attachment-189496\" class=\"wp-caption-text\">Foto: Prensa SEPA<\/figcaption><\/figure>\n<p>El afectado, un var\u00f3n de 20 a\u00f1os de edad, fue evacuado con pron\u00f3stico grave, a expensas de m\u00e1s pruebas y hasta nueva valoraci\u00f3n m\u00e9dica, al Hospital Universitario Central de Asturias (HUCA), en Oviedo.<\/p>\n<p>El herido fue atendido por la m\u00e9dica-rescatadora del Grupo de Rescate de Bomberos del SEPA y evacuado en el helic\u00f3ptero medicalizado.<\/p>\n<p>Adem\u00e1s de movilizar al Grupo de Rescate, el Centro de Coordinaci\u00f3n de Emergencias del <strong><a href=\"https:\/\/www.112asturias.es\/\" target=\"_blank\" rel=\"noopener\"><span style=\"color: #ff6600;\">112-Asturias<\/span><\/a><\/strong> comunic\u00f3 lo sucedido al SAMU, a la Guardia Civil y a la autoridad laboral competente.<\/p>\n<p>Tambi\u00e9n se activ\u00f3 una dotaci\u00f3n de Bomberos del SEPA con base en el parque de Ibias.<\/p>\n<p>Finalizado el traslado el Grupo de Rescate regres\u00f3 a su base en La Morgal a las 18.15 horas y los bomberos del parque de Ibias a las 18.47 horas.<\/p>\n","protected":false},"excerpt":{"rendered":"<p>Un trabajador ha resultado herido de gravedad en Ibias tras volcar y caer varios metros, en circunstancias que se desconocen, el d\u00famper con el que estaba realizando tareas de restauraci\u00f3n en una mina en Tormaleo. El afectado, un var\u00f3n de 20 a\u00f1os de edad, fue evacuado con pron\u00f3stico grave, a expensas de m\u00e1s pruebas y<\/p>\n","protected":false},"author":1,"featured_media":189496,"comment_status":"closed","ping_status":"closed","sticky":false,"template":"","format":"standard","meta":{"footnotes":""},"categories":[487],"tags":[391],"class_list":{"0":"post-189495","1":"post","2":"type-post","3":"status-publish","4":"format-standard","5":"has-post-thumbnail","7":"category-sucesos","8":"tag-sucesos"},"aioseo_notices":[],"aioseo_head":"\n\t\t<!-- All in One SEO Pro 4.9.6.2 - aioseo.com -->\n\t<meta name=\"description\" content=\"Un trabajador ha resultado herido de gravedad en Ibias tras volcar y caer varios metros, en circunstancias que se desconocen, el d\u00famper con el que estaba\" \/>\n\t<meta name=\"robots\" content=\"max-image-preview:large\" \/>\n\t<meta name=\"author\" content=\"Cand\u00e1s 365\"\/>\n\t<meta name=\"google-site-verification\" content=\"UA-32230408-1\" \/>\n\t<meta name=\"msvalidate.01\" content=\"354F3CDFB2DA171B47FBE9ABF1F88D5\" \/>\n\t<meta name=\"keywords\" content=\"sucesos\" \/>\n\t<link rel=\"canonical\" href=\"https:\/\/candas365.es\/noticias\/un-trabajador-herido-en-una-mina-de-ibias\/\" \/>\n\t<meta name=\"generator\" content=\"All in One SEO Pro (AIOSEO) 4.9.6.2\" \/>\n\t\t<meta property=\"og:locale\" content=\"es_ES\" \/>\n\t\t<meta property=\"og:site_name\" content=\"Cand\u00e1s 365\" \/>\n\t\t<meta property=\"og:type\" content=\"article\" \/>\n\t\t<meta property=\"og:title\" content=\"Un trabajador herido en una mina de Ibias | Cand\u00e1s 365\" \/>\n\t\t<meta property=\"og:description\" content=\"Un trabajador ha resultado herido de gravedad en Ibias tras volcar y caer varios metros, en circunstancias que se desconocen, el d\u00famper con el que estaba\" \/>\n\t\t<meta property=\"og:url\" content=\"https:\/\/candas365.es\/noticias\/un-trabajador-herido-en-una-mina-de-ibias\/\" \/>\n\t\t<meta property=\"og:image\" content=\"https:\/\/candas365.es\/noticias\/wp-content\/uploads\/2025\/10\/Un-trabajador-herido-en-una-mina-de-Ibias.jpg\" \/>\n\t\t<meta property=\"og:image:secure_url\" content=\"https:\/\/candas365.es\/noticias\/wp-content\/uploads\/2025\/10\/Un-trabajador-herido-en-una-mina-de-Ibias.jpg\" \/>\n\t\t<meta property=\"og:image:width\" content=\"914\" \/>\n\t\t<meta property=\"og:image:height\" content=\"682\" \/>\n\t\t<meta property=\"article:published_time\" content=\"2025-10-27T21:06:08+00:00\" \/>\n\t\t<meta property=\"article:modified_time\" content=\"2025-10-27T21:06:08+00:00\" \/>\n\t\t<meta property=\"article:publisher\" content=\"https:\/\/www.facebook.com\/Nachofdezber\" \/>\n\t\t<meta property=\"article:author\" content=\"https:\/\/www.facebook.com\/carrenoactualidad\" \/>\n\t\t<meta name=\"twitter:card\" content=\"summary_large_image\" \/>\n\t\t<meta name=\"twitter:site\" content=\"@NabercoDigital\" \/>\n\t\t<meta name=\"twitter:title\" content=\"Un trabajador herido en una mina de Ibias | Cand\u00e1s 365\" \/>\n\t\t<meta name=\"twitter:description\" content=\"Un trabajador ha resultado herido de gravedad en Ibias tras volcar y caer varios metros, en circunstancias que se desconocen, el d\u00famper con el que estaba\" \/>\n\t\t<meta name=\"twitter:creator\" content=\"@nbasturias\" \/>\n\t\t<meta name=\"twitter:image\" content=\"https:\/\/candas365.es\/noticias\/wp-content\/uploads\/2025\/10\/Un-trabajador-herido-en-una-mina-de-Ibias.jpg\" \/>\n\t\t<meta name=\"twitter:label1\" content=\"Escrito por\" \/>\n\t\t<meta name=\"twitter:data1\" content=\"Cand\u00e1s 365\" \/>\n\t\t<meta name=\"twitter:label2\" content=\"Tiempo de lectura estimado\" \/>\n\t\t<meta name=\"twitter:data2\" content=\"1 minuto\" \/>\n\t\t<script type=\"application\/ld+json\" class=\"aioseo-schema\">\n\t\t\t{\"@context\":\"https:\\\/\\\/schema.org\",\"@graph\":[{\"@type\":\"BreadcrumbList\",\"@id\":\"https:\\\/\\\/candas365.es\\\/noticias\\\/un-trabajador-herido-en-una-mina-de-ibias\\\/#breadcrumblist\",\"itemListElement\":[{\"@type\":\"ListItem\",\"@id\":\"https:\\\/\\\/candas365.es\\\/noticias#listItem\",\"position\":1,\"name\":\"Home\",\"item\":\"https:\\\/\\\/candas365.es\\\/noticias\",\"nextItem\":{\"@type\":\"ListItem\",\"@id\":\"https:\\\/\\\/candas365.es\\\/noticias\\\/category\\\/sucesos\\\/#listItem\",\"name\":\"Sucesos\"}},{\"@type\":\"ListItem\",\"@id\":\"https:\\\/\\\/candas365.es\\\/noticias\\\/category\\\/sucesos\\\/#listItem\",\"position\":2,\"name\":\"Sucesos\",\"item\":\"https:\\\/\\\/candas365.es\\\/noticias\\\/category\\\/sucesos\\\/\",\"nextItem\":{\"@type\":\"ListItem\",\"@id\":\"https:\\\/\\\/candas365.es\\\/noticias\\\/un-trabajador-herido-en-una-mina-de-ibias\\\/#listItem\",\"name\":\"Un trabajador herido en una mina de Ibias\"},\"previousItem\":{\"@type\":\"ListItem\",\"@id\":\"https:\\\/\\\/candas365.es\\\/noticias#listItem\",\"name\":\"Home\"}},{\"@type\":\"ListItem\",\"@id\":\"https:\\\/\\\/candas365.es\\\/noticias\\\/un-trabajador-herido-en-una-mina-de-ibias\\\/#listItem\",\"position\":3,\"name\":\"Un trabajador herido en una mina de Ibias\",\"previousItem\":{\"@type\":\"ListItem\",\"@id\":\"https:\\\/\\\/candas365.es\\\/noticias\\\/category\\\/sucesos\\\/#listItem\",\"name\":\"Sucesos\"}}]},{\"@type\":\"NewsArticle\",\"@id\":\"https:\\\/\\\/candas365.es\\\/noticias\\\/un-trabajador-herido-en-una-mina-de-ibias\\\/#newsarticle\",\"name\":\"Un trabajador herido en una mina de Ibias | Cand\\u00e1s 365\",\"headline\":\"Un trabajador herido en una mina de Ibias\",\"author\":{\"@id\":\"https:\\\/\\\/candas365.es\\\/noticias\\\/author\\\/admin\\\/#author\"},\"publisher\":{\"@id\":\"https:\\\/\\\/candas365.es\\\/noticias\\\/#organization\"},\"image\":{\"@type\":\"ImageObject\",\"url\":\"https:\\\/\\\/candas365.es\\\/noticias\\\/wp-content\\\/uploads\\\/2025\\\/10\\\/Un-trabajador-herido-en-una-mina-de-Ibias.jpg\",\"width\":914,\"height\":682,\"caption\":\"Foto: Prensa SEPA\"},\"datePublished\":\"2025-10-27T22:06:08+01:00\",\"dateModified\":\"2025-10-27T22:06:08+01:00\",\"inLanguage\":\"es-ES\",\"mainEntityOfPage\":{\"@id\":\"https:\\\/\\\/candas365.es\\\/noticias\\\/un-trabajador-herido-en-una-mina-de-ibias\\\/#webpage\"},\"isPartOf\":{\"@id\":\"https:\\\/\\\/candas365.es\\\/noticias\\\/un-trabajador-herido-en-una-mina-de-ibias\\\/#webpage\"},\"articleSection\":\"Sucesos, sucesos\",\"dateline\":\"Publicado el octubre 27, 2025.\"},{\"@type\":\"Organization\",\"@id\":\"https:\\\/\\\/candas365.es\\\/noticias\\\/#organization\",\"name\":\"Cand\\u00e1s 365\",\"description\":\"Cand\\u00e1s 365 es un diario digital independiente, fundado en 2012, con base en Asturias. Informamos con rigor sobre actualidad, sociedad, cultura y ocio, con una mirada local y global.\",\"url\":\"https:\\\/\\\/candas365.es\\\/noticias\\\/\",\"email\":\"info@candas365.es\",\"telephone\":\"+34652131393\",\"foundingDate\":\"2012-06-10\",\"logo\":{\"@type\":\"ImageObject\",\"url\":\"https:\\\/\\\/candas365.es\\\/noticias\\\/wp-content\\\/uploads\\\/2024\\\/09\\\/Candas-365-Redes.jpg\",\"@id\":\"https:\\\/\\\/candas365.es\\\/noticias\\\/un-trabajador-herido-en-una-mina-de-ibias\\\/#organizationLogo\",\"width\":1152,\"height\":864,\"caption\":\"Cand\\u00e1s 365 Redes\"},\"image\":{\"@id\":\"https:\\\/\\\/candas365.es\\\/noticias\\\/un-trabajador-herido-en-una-mina-de-ibias\\\/#organizationLogo\"},\"sameAs\":[\"https:\\\/\\\/www.facebook.com\\\/Nachofdezber\",\"https:\\\/\\\/x.com\\\/NabercoDigital\",\"https:\\\/\\\/www.instagram.com\\\/nachofdezber\\\/\",\"https:\\\/\\\/www.youtube.com\\\/channel\\\/UCZP-2wLEB9Rv6erhFmqVnvg\"],\"address\":{\"@id\":\"https:\\\/\\\/candas365.es\\\/noticias\\\/#postaladdress\",\"@type\":\"PostalAddress\",\"streetAddress\":\"san antonio 4, san antonio 4\",\"postalCode\":\"33430\",\"addressLocality\":\"Cand\\u00e1s\",\"addressRegion\":\"Asturias\",\"addressCountry\":\"ES\"}},{\"@type\":\"Person\",\"@id\":\"https:\\\/\\\/candas365.es\\\/noticias\\\/author\\\/admin\\\/#author\",\"url\":\"https:\\\/\\\/candas365.es\\\/noticias\\\/author\\\/admin\\\/\",\"name\":\"Cand\\u00e1s 365\",\"image\":{\"@type\":\"ImageObject\",\"@id\":\"https:\\\/\\\/candas365.es\\\/noticias\\\/un-trabajador-herido-en-una-mina-de-ibias\\\/#authorImage\",\"url\":\"https:\\\/\\\/secure.gravatar.com\\\/avatar\\\/496a8e03d0c493ede1718b7934145dbdf8d89be1036b0eec9544e1094c9de390?s=96&d=mm&r=g\",\"width\":96,\"height\":96,\"caption\":\"Cand\\u00e1s 365\"},\"sameAs\":[\"https:\\\/\\\/www.facebook.com\\\/carrenoactualidad\",\"https:\\\/\\\/twitter.com\\\/nbasturias\",\"https:\\\/\\\/www.instagram.com\\\/nachofdezber\\\/\",\"https:\\\/\\\/www.youtube.com\\\/channel\\\/UCZP-2wLEB9Rv6erhFmqVnvg\"]},{\"@type\":\"WebPage\",\"@id\":\"https:\\\/\\\/candas365.es\\\/noticias\\\/un-trabajador-herido-en-una-mina-de-ibias\\\/#webpage\",\"url\":\"https:\\\/\\\/candas365.es\\\/noticias\\\/un-trabajador-herido-en-una-mina-de-ibias\\\/\",\"name\":\"Un trabajador herido en una mina de Ibias | Cand\\u00e1s 365\",\"description\":\"Un trabajador ha resultado herido de gravedad en Ibias tras volcar y caer varios metros, en circunstancias que se desconocen, el d\\u00famper con el que estaba\",\"inLanguage\":\"es-ES\",\"isPartOf\":{\"@id\":\"https:\\\/\\\/candas365.es\\\/noticias\\\/#website\"},\"breadcrumb\":{\"@id\":\"https:\\\/\\\/candas365.es\\\/noticias\\\/un-trabajador-herido-en-una-mina-de-ibias\\\/#breadcrumblist\"},\"author\":{\"@id\":\"https:\\\/\\\/candas365.es\\\/noticias\\\/author\\\/admin\\\/#author\"},\"creator\":{\"@id\":\"https:\\\/\\\/candas365.es\\\/noticias\\\/author\\\/admin\\\/#author\"},\"image\":{\"@type\":\"ImageObject\",\"url\":\"https:\\\/\\\/candas365.es\\\/noticias\\\/wp-content\\\/uploads\\\/2025\\\/10\\\/Un-trabajador-herido-en-una-mina-de-Ibias.jpg\",\"@id\":\"https:\\\/\\\/candas365.es\\\/noticias\\\/un-trabajador-herido-en-una-mina-de-ibias\\\/#mainImage\",\"width\":914,\"height\":682,\"caption\":\"Foto: Prensa SEPA\"},\"primaryImageOfPage\":{\"@id\":\"https:\\\/\\\/candas365.es\\\/noticias\\\/un-trabajador-herido-en-una-mina-de-ibias\\\/#mainImage\"},\"datePublished\":\"2025-10-27T22:06:08+01:00\",\"dateModified\":\"2025-10-27T22:06:08+01:00\"},{\"@type\":\"WebSite\",\"@id\":\"https:\\\/\\\/candas365.es\\\/noticias\\\/#website\",\"url\":\"https:\\\/\\\/candas365.es\\\/noticias\\\/\",\"name\":\"Cand\\u00e1s 365\",\"alternateName\":\"Cand\\u00e1s 365 Noticias\",\"description\":\"Actualidad desde Carre\\u00f1o para el mundo\",\"inLanguage\":\"es-ES\",\"publisher\":{\"@id\":\"https:\\\/\\\/candas365.es\\\/noticias\\\/#organization\"}}]}\n\t\t<\/script>\n\t\t<!-- All in One SEO Pro -->\r\n\t\t<title>Un trabajador herido en una mina de Ibias | Cand\u00e1s 365<\/title>\n\n","aioseo_head_json":{"title":"Un trabajador herido en una mina de Ibias | Cand\u00e1s 365","description":"Un trabajador ha resultado herido de gravedad en Ibias tras volcar y caer varios metros, en circunstancias que se desconocen, el d\u00famper con el que estaba","canonical_url":"https:\/\/candas365.es\/noticias\/un-trabajador-herido-en-una-mina-de-ibias\/","robots":"max-image-preview:large","keywords":"sucesos","webmasterTools":{"google-site-verification":"UA-32230408-1","msvalidate.01":"354F3CDFB2DA171B47FBE9ABF1F88D5","miscellaneous":""},"schema":{"@context":"https:\/\/schema.org","@graph":[{"@type":"BreadcrumbList","@id":"https:\/\/candas365.es\/noticias\/un-trabajador-herido-en-una-mina-de-ibias\/#breadcrumblist","itemListElement":[{"@type":"ListItem","@id":"https:\/\/candas365.es\/noticias#listItem","position":1,"name":"Home","item":"https:\/\/candas365.es\/noticias","nextItem":{"@type":"ListItem","@id":"https:\/\/candas365.es\/noticias\/category\/sucesos\/#listItem","name":"Sucesos"}},{"@type":"ListItem","@id":"https:\/\/candas365.es\/noticias\/category\/sucesos\/#listItem","position":2,"name":"Sucesos","item":"https:\/\/candas365.es\/noticias\/category\/sucesos\/","nextItem":{"@type":"ListItem","@id":"https:\/\/candas365.es\/noticias\/un-trabajador-herido-en-una-mina-de-ibias\/#listItem","name":"Un trabajador herido en una mina de Ibias"},"previousItem":{"@type":"ListItem","@id":"https:\/\/candas365.es\/noticias#listItem","name":"Home"}},{"@type":"ListItem","@id":"https:\/\/candas365.es\/noticias\/un-trabajador-herido-en-una-mina-de-ibias\/#listItem","position":3,"name":"Un trabajador herido en una mina de Ibias","previousItem":{"@type":"ListItem","@id":"https:\/\/candas365.es\/noticias\/category\/sucesos\/#listItem","name":"Sucesos"}}]},{"@type":"NewsArticle","@id":"https:\/\/candas365.es\/noticias\/un-trabajador-herido-en-una-mina-de-ibias\/#newsarticle","name":"Un trabajador herido en una mina de Ibias | Cand\u00e1s 365","headline":"Un trabajador herido en una mina de Ibias","author":{"@id":"https:\/\/candas365.es\/noticias\/author\/admin\/#author"},"publisher":{"@id":"https:\/\/candas365.es\/noticias\/#organization"},"image":{"@type":"ImageObject","url":"https:\/\/candas365.es\/noticias\/wp-content\/uploads\/2025\/10\/Un-trabajador-herido-en-una-mina-de-Ibias.jpg","width":914,"height":682,"caption":"Foto: Prensa SEPA"},"datePublished":"2025-10-27T22:06:08+01:00","dateModified":"2025-10-27T22:06:08+01:00","inLanguage":"es-ES","mainEntityOfPage":{"@id":"https:\/\/candas365.es\/noticias\/un-trabajador-herido-en-una-mina-de-ibias\/#webpage"},"isPartOf":{"@id":"https:\/\/candas365.es\/noticias\/un-trabajador-herido-en-una-mina-de-ibias\/#webpage"},"articleSection":"Sucesos, sucesos","dateline":"Publicado el octubre 27, 2025."},{"@type":"Organization","@id":"https:\/\/candas365.es\/noticias\/#organization","name":"Cand\u00e1s 365","description":"Cand\u00e1s 365 es un diario digital independiente, fundado en 2012, con base en Asturias. Informamos con rigor sobre actualidad, sociedad, cultura y ocio, con una mirada local y global.","url":"https:\/\/candas365.es\/noticias\/","email":"info@candas365.es","telephone":"+34652131393","foundingDate":"2012-06-10","logo":{"@type":"ImageObject","url":"https:\/\/candas365.es\/noticias\/wp-content\/uploads\/2024\/09\/Candas-365-Redes.jpg","@id":"https:\/\/candas365.es\/noticias\/un-trabajador-herido-en-una-mina-de-ibias\/#organizationLogo","width":1152,"height":864,"caption":"Cand\u00e1s 365 Redes"},"image":{"@id":"https:\/\/candas365.es\/noticias\/un-trabajador-herido-en-una-mina-de-ibias\/#organizationLogo"},"sameAs":["https:\/\/www.facebook.com\/Nachofdezber","https:\/\/x.com\/NabercoDigital","https:\/\/www.instagram.com\/nachofdezber\/","https:\/\/www.youtube.com\/channel\/UCZP-2wLEB9Rv6erhFmqVnvg"],"address":{"@id":"https:\/\/candas365.es\/noticias\/#postaladdress","@type":"PostalAddress","streetAddress":"san antonio 4, san antonio 4","postalCode":"33430","addressLocality":"Cand\u00e1s","addressRegion":"Asturias","addressCountry":"ES"}},{"@type":"Person","@id":"https:\/\/candas365.es\/noticias\/author\/admin\/#author","url":"https:\/\/candas365.es\/noticias\/author\/admin\/","name":"Cand\u00e1s 365","image":{"@type":"ImageObject","@id":"https:\/\/candas365.es\/noticias\/un-trabajador-herido-en-una-mina-de-ibias\/#authorImage","url":"https:\/\/secure.gravatar.com\/avatar\/496a8e03d0c493ede1718b7934145dbdf8d89be1036b0eec9544e1094c9de390?s=96&d=mm&r=g","width":96,"height":96,"caption":"Cand\u00e1s 365"},"sameAs":["https:\/\/www.facebook.com\/carrenoactualidad","https:\/\/twitter.com\/nbasturias","https:\/\/www.instagram.com\/nachofdezber\/","https:\/\/www.youtube.com\/channel\/UCZP-2wLEB9Rv6erhFmqVnvg"]},{"@type":"WebPage","@id":"https:\/\/candas365.es\/noticias\/un-trabajador-herido-en-una-mina-de-ibias\/#webpage","url":"https:\/\/candas365.es\/noticias\/un-trabajador-herido-en-una-mina-de-ibias\/","name":"Un trabajador herido en una mina de Ibias | Cand\u00e1s 365","description":"Un trabajador ha resultado herido de gravedad en Ibias tras volcar y caer varios metros, en circunstancias que se desconocen, el d\u00famper con el que estaba","inLanguage":"es-ES","isPartOf":{"@id":"https:\/\/candas365.es\/noticias\/#website"},"breadcrumb":{"@id":"https:\/\/candas365.es\/noticias\/un-trabajador-herido-en-una-mina-de-ibias\/#breadcrumblist"},"author":{"@id":"https:\/\/candas365.es\/noticias\/author\/admin\/#author"},"creator":{"@id":"https:\/\/candas365.es\/noticias\/author\/admin\/#author"},"image":{"@type":"ImageObject","url":"https:\/\/candas365.es\/noticias\/wp-content\/uploads\/2025\/10\/Un-trabajador-herido-en-una-mina-de-Ibias.jpg","@id":"https:\/\/candas365.es\/noticias\/un-trabajador-herido-en-una-mina-de-ibias\/#mainImage","width":914,"height":682,"caption":"Foto: Prensa SEPA"},"primaryImageOfPage":{"@id":"https:\/\/candas365.es\/noticias\/un-trabajador-herido-en-una-mina-de-ibias\/#mainImage"},"datePublished":"2025-10-27T22:06:08+01:00","dateModified":"2025-10-27T22:06:08+01:00"},{"@type":"WebSite","@id":"https:\/\/candas365.es\/noticias\/#website","url":"https:\/\/candas365.es\/noticias\/","name":"Cand\u00e1s 365","alternateName":"Cand\u00e1s 365 Noticias","description":"Actualidad desde Carre\u00f1o para el mundo","inLanguage":"es-ES","publisher":{"@id":"https:\/\/candas365.es\/noticias\/#organization"}}]},"og:locale":"es_ES","og:site_name":"Cand\u00e1s 365","og:type":"article","og:title":"Un trabajador herido en una mina de Ibias | Cand\u00e1s 365","og:description":"Un trabajador ha resultado herido de gravedad en Ibias tras volcar y caer varios metros, en circunstancias que se desconocen, el d\u00famper con el que estaba","og:url":"https:\/\/candas365.es\/noticias\/un-trabajador-herido-en-una-mina-de-ibias\/","og:image":"https:\/\/candas365.es\/noticias\/wp-content\/uploads\/2025\/10\/Un-trabajador-herido-en-una-mina-de-Ibias.jpg","og:image:secure_url":"https:\/\/candas365.es\/noticias\/wp-content\/uploads\/2025\/10\/Un-trabajador-herido-en-una-mina-de-Ibias.jpg","og:image:width":914,"og:image:height":682,"article:published_time":"2025-10-27T21:06:08+00:00","article:modified_time":"2025-10-27T21:06:08+00:00","article:publisher":"https:\/\/www.facebook.com\/Nachofdezber","article:author":"https:\/\/www.facebook.com\/carrenoactualidad","twitter:card":"summary_large_image","twitter:site":"@NabercoDigital","twitter:title":"Un trabajador herido en una mina de Ibias | Cand\u00e1s 365","twitter:description":"Un trabajador ha resultado herido de gravedad en Ibias tras volcar y caer varios metros, en circunstancias que se desconocen, el d\u00famper con el que estaba","twitter:creator":"@nbasturias","twitter:image":"https:\/\/candas365.es\/noticias\/wp-content\/uploads\/2025\/10\/Un-trabajador-herido-en-una-mina-de-Ibias.jpg","twitter:label1":"Escrito por","twitter:data1":"Cand\u00e1s 365","twitter:label2":"Tiempo de lectura estimado","twitter:data2":"1 minuto"},"aioseo_meta_data":{"post_id":"189495","title":null,"description":"Un trabajador ha resultado herido de gravedad en Ibias tras volcar y caer varios metros, en circunstancias que se desconocen, el d\u00famper con el que estaba","keywords":null,"keyphrases":{"focus":{"keyphrase":"Ibias","score":100,"analysis":{"keyphraseInTitle":{"score":9,"maxScore":9,"error":0},"keyphraseInDescription":{"score":9,"maxScore":9,"error":0},"keyphraseLength":{"score":9,"maxScore":9,"error":0,"length":1},"keyphraseInURL":{"score":5,"maxScore":5,"error":0},"keyphraseInIntroduction":{"score":9,"maxScore":9,"error":0},"keyphraseInSubHeadings":[],"keyphraseInImageAlt":{"score":9,"maxScore":9,"error":0},"keywordDensity":{"type":"best","score":9,"maxScore":9,"error":0}}},"additional":[{"keyphrase":"trabajador","score":100,"analysis":{"keyphraseInDescription":{"score":9,"maxScore":9,"error":0},"keyphraseLength":{"score":9,"maxScore":9,"error":0,"length":1},"keyphraseInIntroduction":{"score":9,"maxScore":9,"error":0},"keyphraseInImageAlt":{"score":9,"maxScore":9,"error":0},"keywordDensity":{"type":"best","score":9,"maxScore":9,"error":0}}}]},"primary_term":null,"canonical_url":null,"og_title":null,"og_description":null,"og_object_type":"default","og_image_type":"default","og_image_url":null,"og_image_width":null,"og_image_height":null,"og_image_custom_url":null,"og_image_custom_fields":null,"og_video":"","og_custom_url":null,"og_article_section":null,"og_article_tags":null,"twitter_use_og":false,"twitter_card":"default","twitter_image_type":"default","twitter_image_url":null,"twitter_image_custom_url":null,"twitter_image_custom_fields":null,"twitter_title":null,"twitter_description":null,"schema":{"blockGraphs":[],"customGraphs":[],"default":{"data":{"Article":[],"Course":[],"Dataset":[],"FAQPage":[],"Movie":[],"Person":[],"Product":[],"ProductReview":[],"Car":[],"Recipe":[],"Service":[],"SoftwareApplication":[],"WebPage":[]},"graphName":"Article","isEnabled":true},"graphs":[]},"schema_type":"default","schema_type_options":null,"pillar_content":false,"robots_default":true,"robots_noindex":false,"robots_noarchive":false,"robots_nosnippet":false,"robots_nofollow":false,"robots_noimageindex":false,"robots_noodp":false,"robots_notranslate":false,"robots_max_snippet":"-1","robots_max_videopreview":"-1","robots_max_imagepreview":"large","priority":null,"frequency":"default","location":null,"local_seo":null,"seo_analyzer_scan_date":"2025-10-27 21:08:01","breadcrumb_settings":null,"limit_modified_date":false,"reviewed_by":null,"open_ai":null,"ai":{"faqs":[],"keyPoints":[],"titles":[],"descriptions":[],"socialPosts":{"email":[],"linkedin":[],"twitter":[],"facebook":[],"instagram":[]}},"created":"2025-10-27 21:00:13","updated":"2025-10-27 21:15:14"},"aioseo_breadcrumb":"<div class=\"aioseo-breadcrumbs\"><span class=\"aioseo-breadcrumb\">\n\t<a href=\"https:\/\/candas365.es\/noticias\" title=\"Home\">Home<\/a>\n<\/span><span class=\"aioseo-breadcrumb-separator\">&ndash;<\/span><span class=\"aioseo-breadcrumb\">\n\t<a href=\"https:\/\/candas365.es\/noticias\/category\/sucesos\/\" title=\"Sucesos\">Sucesos<\/a>\n<\/span><span class=\"aioseo-breadcrumb-separator\">&ndash;<\/span><span class=\"aioseo-breadcrumb\">\n\tUn trabajador herido en una mina de Ibias\n<\/span><\/div>","aioseo_breadcrumb_json":[{"label":"Home","link":"https:\/\/candas365.es\/noticias"},{"label":"Sucesos","link":"https:\/\/candas365.es\/noticias\/category\/sucesos\/"},{"label":"Un trabajador herido en una mina de Ibias","link":"https:\/\/candas365.es\/noticias\/un-trabajador-herido-en-una-mina-de-ibias\/"}],"_links":{"self":[{"href":"https:\/\/candas365.es\/noticias\/wp-json\/wp\/v2\/posts\/189495","targetHints":{"allow":["GET"]}}],"collection":[{"href":"https:\/\/candas365.es\/noticias\/wp-json\/wp\/v2\/posts"}],"about":[{"href":"https:\/\/candas365.es\/noticias\/wp-json\/wp\/v2\/types\/post"}],"author":[{"embeddable":true,"href":"https:\/\/candas365.es\/noticias\/wp-json\/wp\/v2\/users\/1"}],"replies":[{"embeddable":true,"href":"https:\/\/candas365.es\/noticias\/wp-json\/wp\/v2\/comments?post=189495"}],"version-history":[{"count":0,"href":"https:\/\/candas365.es\/noticias\/wp-json\/wp\/v2\/posts\/189495\/revisions"}],"wp:featuredmedia":[{"embeddable":true,"href":"https:\/\/candas365.es\/noticias\/wp-json\/wp\/v2\/media\/189496"}],"wp:attachment":[{"href":"https:\/\/candas365.es\/noticias\/wp-json\/wp\/v2\/media?parent=189495"}],"wp:term":[{"taxonomy":"category","embeddable":true,"href":"https:\/\/candas365.es\/noticias\/wp-json\/wp\/v2\/categories?post=189495"},{"taxonomy":"post_tag","embeddable":true,"href":"https:\/\/candas365.es\/noticias\/wp-json\/wp\/v2\/tags?post=189495"}],"curies":[{"name":"wp","href":"https:\/\/api.w.org\/{rel}","templated":true}]}}