{"id":189492,"date":"2025-10-27T21:57:44","date_gmt":"2025-10-27T20:57:44","guid":{"rendered":"https:\/\/candas365.es\/noticias\/?p=189492"},"modified":"2025-10-27T21:57:44","modified_gmt":"2025-10-27T20:57:44","slug":"fallece-un-hombre-en-un-accidente-llanes","status":"publish","type":"post","link":"https:\/\/candas365.es\/noticias\/fallece-un-hombre-en-un-accidente-llanes\/","title":{"rendered":"Fallece un hombre en un accidente Llanes"},"content":{"rendered":"<p>El <a href=\"https:\/\/www.112asturias.es\/\" target=\"_blank\" rel=\"noopener\"><span style=\"color: #ff6600;\"><strong>SEPA<\/strong><\/span><\/a> ha informado de que <a href=\"https:\/\/candas365.es\/noticias\/category\/sucesos\/\"><span style=\"color: #ff6600;\"><strong>un hombre ha perdido la vida<\/strong><\/span><\/a>\u00a0 en Llanes tras salirse de la v\u00eda con el tractor que conduc\u00eda y caer por un desnivel, de unos cuatro metros, en la carretera de Llamigu. La Guardia Civil se ha hecho cargo de los tr\u00e1mites para proceder al levantamiento del cad\u00e1ver.<\/p>\n<figure id=\"attachment_189493\" aria-describedby=\"caption-attachment-189493\" style=\"width: 650px\" class=\"wp-caption aligncenter\"><img fetchpriority=\"high\" decoding=\"async\" class=\"size-large wp-image-189493\" src=\"https:\/\/candas365.es\/noticias\/wp-content\/uploads\/2025\/10\/Fallece-un-hombre-en-un-accidente-Llanes-650x468.jpg\" alt=\"Fallece un hombre en un accidente Llanes\" width=\"650\" height=\"468\" srcset=\"https:\/\/candas365.es\/noticias\/wp-content\/uploads\/2025\/10\/Fallece-un-hombre-en-un-accidente-Llanes-650x468.jpg 650w, https:\/\/candas365.es\/noticias\/wp-content\/uploads\/2025\/10\/Fallece-un-hombre-en-un-accidente-Llanes-360x259.jpg 360w, https:\/\/candas365.es\/noticias\/wp-content\/uploads\/2025\/10\/Fallece-un-hombre-en-un-accidente-Llanes-768x553.jpg 768w, https:\/\/candas365.es\/noticias\/wp-content\/uploads\/2025\/10\/Fallece-un-hombre-en-un-accidente-Llanes-150x108.jpg 150w, https:\/\/candas365.es\/noticias\/wp-content\/uploads\/2025\/10\/Fallece-un-hombre-en-un-accidente-Llanes-450x324.jpg 450w, https:\/\/candas365.es\/noticias\/wp-content\/uploads\/2025\/10\/Fallece-un-hombre-en-un-accidente-Llanes.jpg 906w\" sizes=\"(max-width: 650px) 100vw, 650px\" \/><figcaption id=\"caption-attachment-189493\" class=\"wp-caption-text\">Foto: Prensa SEPA<\/figcaption><\/figure>\n<p>Seg\u00fan los datos facilitados por el Servicio de Atenci\u00f3n M\u00e9dica Urgente (SAMU) el fallecido es un var\u00f3n de 52 a\u00f1os. Los equipos sanitaros desplazados al lugar s\u00f3lo pudieron confirmar su fallecimiento. Al incidente acudi\u00f3 el equipo m\u00e9dico de la UVI-m\u00f3vil de Arriondas, el de Atenci\u00f3n Primaria de Nueva de Llanes con una ambulancia de soporte vital b\u00e1sico.<\/p>\n<p>Tras recibir la correspondiente autorizaci\u00f3n los restos mortales del fallecido fueron excarcelados por efectivos de Bomberos del Servicio de Emergencias del Principado de Asturias (SEPA) con base en el parque llanisco.<\/p>\n<p>El Centro de Coordinaci\u00f3n de Emergencias del 112 Asturias recibi\u00f3 el aviso a las 19.28 horas. En la llamada indicaban que un tractor se hab\u00eda ca\u00eddo por un talud de m\u00e1s de tres metros. Desconoc\u00edan si hab\u00eda una persona atrapada.<\/p>\n<p>La Sala 112 del SEPA moviliz\u00f3 a los bomberos que tras llegar al lugar informan, a las 18.48 horas que hay una persona atrapada y fallecida. Una vez sean autorizados proceder\u00e1n a su excarcelaci\u00f3n. A las 08.26 horas comunican que yan han finalizado el rescate y ya han evacuado hasta la carretera al fallecido donde esperaban los servicios funerarios.<\/p>\n","protected":false},"excerpt":{"rendered":"<p>El SEPA ha informado de que un hombre ha perdido la vida\u00a0 en Llanes tras salirse de la v\u00eda con el tractor que conduc\u00eda y caer por un desnivel, de unos cuatro metros, en la carretera de Llamigu. La Guardia Civil se ha hecho cargo de los tr\u00e1mites para proceder al levantamiento del cad\u00e1ver. Seg\u00fan<\/p>\n","protected":false},"author":1,"featured_media":189493,"comment_status":"closed","ping_status":"closed","sticky":false,"template":"","format":"standard","meta":{"footnotes":""},"categories":[487],"tags":[391],"class_list":{"0":"post-189492","1":"post","2":"type-post","3":"status-publish","4":"format-standard","5":"has-post-thumbnail","7":"category-sucesos","8":"tag-sucesos"},"aioseo_notices":[],"aioseo_head":"\n\t\t<!-- All in One SEO Pro 4.9.6.2 - aioseo.com -->\n\t<meta name=\"description\" content=\"El SEPA ha informado de que un hombre ha perdido la vida en Llanes tras salirse de la v\u00eda con el tractor que conduc\u00eda y caer por un desnivel\" \/>\n\t<meta name=\"robots\" content=\"max-image-preview:large\" \/>\n\t<meta name=\"author\" content=\"Cand\u00e1s 365\"\/>\n\t<meta name=\"google-site-verification\" content=\"UA-32230408-1\" \/>\n\t<meta name=\"msvalidate.01\" content=\"354F3CDFB2DA171B47FBE9ABF1F88D5\" \/>\n\t<meta name=\"keywords\" content=\"sucesos\" \/>\n\t<link rel=\"canonical\" href=\"https:\/\/candas365.es\/noticias\/fallece-un-hombre-en-un-accidente-llanes\/\" \/>\n\t<meta name=\"generator\" content=\"All in One SEO Pro (AIOSEO) 4.9.6.2\" \/>\n\t\t<meta property=\"og:locale\" content=\"es_ES\" \/>\n\t\t<meta property=\"og:site_name\" content=\"Cand\u00e1s 365\" \/>\n\t\t<meta property=\"og:type\" content=\"article\" \/>\n\t\t<meta property=\"og:title\" content=\"Fallece un hombre en un accidente Llanes | Cand\u00e1s 365\" \/>\n\t\t<meta property=\"og:description\" content=\"El SEPA ha informado de que un hombre ha perdido la vida en Llanes tras salirse de la v\u00eda con el tractor que conduc\u00eda y caer por un desnivel\" \/>\n\t\t<meta property=\"og:url\" content=\"https:\/\/candas365.es\/noticias\/fallece-un-hombre-en-un-accidente-llanes\/\" \/>\n\t\t<meta property=\"og:image\" content=\"https:\/\/candas365.es\/noticias\/wp-content\/uploads\/2025\/10\/Fallece-un-hombre-en-un-accidente-Llanes.jpg\" \/>\n\t\t<meta property=\"og:image:secure_url\" content=\"https:\/\/candas365.es\/noticias\/wp-content\/uploads\/2025\/10\/Fallece-un-hombre-en-un-accidente-Llanes.jpg\" \/>\n\t\t<meta property=\"og:image:width\" content=\"906\" \/>\n\t\t<meta property=\"og:image:height\" content=\"652\" \/>\n\t\t<meta property=\"article:published_time\" content=\"2025-10-27T20:57:44+00:00\" \/>\n\t\t<meta property=\"article:modified_time\" content=\"2025-10-27T20:57:44+00:00\" \/>\n\t\t<meta property=\"article:publisher\" content=\"https:\/\/www.facebook.com\/Nachofdezber\" \/>\n\t\t<meta property=\"article:author\" content=\"https:\/\/www.facebook.com\/carrenoactualidad\" \/>\n\t\t<meta name=\"twitter:card\" content=\"summary_large_image\" \/>\n\t\t<meta name=\"twitter:site\" content=\"@NabercoDigital\" \/>\n\t\t<meta name=\"twitter:title\" content=\"Fallece un hombre en un accidente Llanes | Cand\u00e1s 365\" \/>\n\t\t<meta name=\"twitter:description\" content=\"El SEPA ha informado de que un hombre ha perdido la vida en Llanes tras salirse de la v\u00eda con el tractor que conduc\u00eda y caer por un desnivel\" \/>\n\t\t<meta name=\"twitter:creator\" content=\"@nbasturias\" \/>\n\t\t<meta name=\"twitter:image\" content=\"https:\/\/candas365.es\/noticias\/wp-content\/uploads\/2025\/10\/Fallece-un-hombre-en-un-accidente-Llanes.jpg\" \/>\n\t\t<meta name=\"twitter:label1\" content=\"Escrito por\" \/>\n\t\t<meta name=\"twitter:data1\" content=\"Cand\u00e1s 365\" \/>\n\t\t<meta name=\"twitter:label2\" content=\"Tiempo de lectura estimado\" \/>\n\t\t<meta name=\"twitter:data2\" content=\"1 minuto\" \/>\n\t\t<script type=\"application\/ld+json\" class=\"aioseo-schema\">\n\t\t\t{\"@context\":\"https:\\\/\\\/schema.org\",\"@graph\":[{\"@type\":\"BreadcrumbList\",\"@id\":\"https:\\\/\\\/candas365.es\\\/noticias\\\/fallece-un-hombre-en-un-accidente-llanes\\\/#breadcrumblist\",\"itemListElement\":[{\"@type\":\"ListItem\",\"@id\":\"https:\\\/\\\/candas365.es\\\/noticias#listItem\",\"position\":1,\"name\":\"Home\",\"item\":\"https:\\\/\\\/candas365.es\\\/noticias\",\"nextItem\":{\"@type\":\"ListItem\",\"@id\":\"https:\\\/\\\/candas365.es\\\/noticias\\\/category\\\/sucesos\\\/#listItem\",\"name\":\"Sucesos\"}},{\"@type\":\"ListItem\",\"@id\":\"https:\\\/\\\/candas365.es\\\/noticias\\\/category\\\/sucesos\\\/#listItem\",\"position\":2,\"name\":\"Sucesos\",\"item\":\"https:\\\/\\\/candas365.es\\\/noticias\\\/category\\\/sucesos\\\/\",\"nextItem\":{\"@type\":\"ListItem\",\"@id\":\"https:\\\/\\\/candas365.es\\\/noticias\\\/fallece-un-hombre-en-un-accidente-llanes\\\/#listItem\",\"name\":\"Fallece un hombre en un accidente Llanes\"},\"previousItem\":{\"@type\":\"ListItem\",\"@id\":\"https:\\\/\\\/candas365.es\\\/noticias#listItem\",\"name\":\"Home\"}},{\"@type\":\"ListItem\",\"@id\":\"https:\\\/\\\/candas365.es\\\/noticias\\\/fallece-un-hombre-en-un-accidente-llanes\\\/#listItem\",\"position\":3,\"name\":\"Fallece un hombre en un accidente Llanes\",\"previousItem\":{\"@type\":\"ListItem\",\"@id\":\"https:\\\/\\\/candas365.es\\\/noticias\\\/category\\\/sucesos\\\/#listItem\",\"name\":\"Sucesos\"}}]},{\"@type\":\"NewsArticle\",\"@id\":\"https:\\\/\\\/candas365.es\\\/noticias\\\/fallece-un-hombre-en-un-accidente-llanes\\\/#newsarticle\",\"name\":\"Fallece un hombre en un accidente Llanes | Cand\\u00e1s 365\",\"headline\":\"Fallece un hombre en un accidente Llanes\",\"author\":{\"@id\":\"https:\\\/\\\/candas365.es\\\/noticias\\\/author\\\/admin\\\/#author\"},\"publisher\":{\"@id\":\"https:\\\/\\\/candas365.es\\\/noticias\\\/#organization\"},\"image\":{\"@type\":\"ImageObject\",\"url\":\"https:\\\/\\\/candas365.es\\\/noticias\\\/wp-content\\\/uploads\\\/2025\\\/10\\\/Fallece-un-hombre-en-un-accidente-Llanes.jpg\",\"width\":906,\"height\":652,\"caption\":\"Foto: Prensa SEPA\"},\"datePublished\":\"2025-10-27T21:57:44+01:00\",\"dateModified\":\"2025-10-27T21:57:44+01:00\",\"inLanguage\":\"es-ES\",\"mainEntityOfPage\":{\"@id\":\"https:\\\/\\\/candas365.es\\\/noticias\\\/fallece-un-hombre-en-un-accidente-llanes\\\/#webpage\"},\"isPartOf\":{\"@id\":\"https:\\\/\\\/candas365.es\\\/noticias\\\/fallece-un-hombre-en-un-accidente-llanes\\\/#webpage\"},\"articleSection\":\"Sucesos, sucesos\",\"dateline\":\"Publicado el octubre 27, 2025.\"},{\"@type\":\"Organization\",\"@id\":\"https:\\\/\\\/candas365.es\\\/noticias\\\/#organization\",\"name\":\"Cand\\u00e1s 365\",\"description\":\"Cand\\u00e1s 365 es un diario digital independiente, fundado en 2012, con base en Asturias. Informamos con rigor sobre actualidad, sociedad, cultura y ocio, con una mirada local y global.\",\"url\":\"https:\\\/\\\/candas365.es\\\/noticias\\\/\",\"email\":\"info@candas365.es\",\"telephone\":\"+34652131393\",\"foundingDate\":\"2012-06-10\",\"logo\":{\"@type\":\"ImageObject\",\"url\":\"https:\\\/\\\/candas365.es\\\/noticias\\\/wp-content\\\/uploads\\\/2024\\\/09\\\/Candas-365-Redes.jpg\",\"@id\":\"https:\\\/\\\/candas365.es\\\/noticias\\\/fallece-un-hombre-en-un-accidente-llanes\\\/#organizationLogo\",\"width\":1152,\"height\":864,\"caption\":\"Cand\\u00e1s 365 Redes\"},\"image\":{\"@id\":\"https:\\\/\\\/candas365.es\\\/noticias\\\/fallece-un-hombre-en-un-accidente-llanes\\\/#organizationLogo\"},\"sameAs\":[\"https:\\\/\\\/www.facebook.com\\\/Nachofdezber\",\"https:\\\/\\\/x.com\\\/NabercoDigital\",\"https:\\\/\\\/www.instagram.com\\\/nachofdezber\\\/\",\"https:\\\/\\\/www.youtube.com\\\/channel\\\/UCZP-2wLEB9Rv6erhFmqVnvg\"],\"address\":{\"@id\":\"https:\\\/\\\/candas365.es\\\/noticias\\\/#postaladdress\",\"@type\":\"PostalAddress\",\"streetAddress\":\"san antonio 4, san antonio 4\",\"postalCode\":\"33430\",\"addressLocality\":\"Cand\\u00e1s\",\"addressRegion\":\"Asturias\",\"addressCountry\":\"ES\"}},{\"@type\":\"Person\",\"@id\":\"https:\\\/\\\/candas365.es\\\/noticias\\\/author\\\/admin\\\/#author\",\"url\":\"https:\\\/\\\/candas365.es\\\/noticias\\\/author\\\/admin\\\/\",\"name\":\"Cand\\u00e1s 365\",\"image\":{\"@type\":\"ImageObject\",\"@id\":\"https:\\\/\\\/candas365.es\\\/noticias\\\/fallece-un-hombre-en-un-accidente-llanes\\\/#authorImage\",\"url\":\"https:\\\/\\\/secure.gravatar.com\\\/avatar\\\/496a8e03d0c493ede1718b7934145dbdf8d89be1036b0eec9544e1094c9de390?s=96&d=mm&r=g\",\"width\":96,\"height\":96,\"caption\":\"Cand\\u00e1s 365\"},\"sameAs\":[\"https:\\\/\\\/www.facebook.com\\\/carrenoactualidad\",\"https:\\\/\\\/twitter.com\\\/nbasturias\",\"https:\\\/\\\/www.instagram.com\\\/nachofdezber\\\/\",\"https:\\\/\\\/www.youtube.com\\\/channel\\\/UCZP-2wLEB9Rv6erhFmqVnvg\"]},{\"@type\":\"WebPage\",\"@id\":\"https:\\\/\\\/candas365.es\\\/noticias\\\/fallece-un-hombre-en-un-accidente-llanes\\\/#webpage\",\"url\":\"https:\\\/\\\/candas365.es\\\/noticias\\\/fallece-un-hombre-en-un-accidente-llanes\\\/\",\"name\":\"Fallece un hombre en un accidente Llanes | Cand\\u00e1s 365\",\"description\":\"El SEPA ha informado de que un hombre ha perdido la vida en Llanes tras salirse de la v\\u00eda con el tractor que conduc\\u00eda y caer por un desnivel\",\"inLanguage\":\"es-ES\",\"isPartOf\":{\"@id\":\"https:\\\/\\\/candas365.es\\\/noticias\\\/#website\"},\"breadcrumb\":{\"@id\":\"https:\\\/\\\/candas365.es\\\/noticias\\\/fallece-un-hombre-en-un-accidente-llanes\\\/#breadcrumblist\"},\"author\":{\"@id\":\"https:\\\/\\\/candas365.es\\\/noticias\\\/author\\\/admin\\\/#author\"},\"creator\":{\"@id\":\"https:\\\/\\\/candas365.es\\\/noticias\\\/author\\\/admin\\\/#author\"},\"image\":{\"@type\":\"ImageObject\",\"url\":\"https:\\\/\\\/candas365.es\\\/noticias\\\/wp-content\\\/uploads\\\/2025\\\/10\\\/Fallece-un-hombre-en-un-accidente-Llanes.jpg\",\"@id\":\"https:\\\/\\\/candas365.es\\\/noticias\\\/fallece-un-hombre-en-un-accidente-llanes\\\/#mainImage\",\"width\":906,\"height\":652,\"caption\":\"Foto: Prensa SEPA\"},\"primaryImageOfPage\":{\"@id\":\"https:\\\/\\\/candas365.es\\\/noticias\\\/fallece-un-hombre-en-un-accidente-llanes\\\/#mainImage\"},\"datePublished\":\"2025-10-27T21:57:44+01:00\",\"dateModified\":\"2025-10-27T21:57:44+01:00\"},{\"@type\":\"WebSite\",\"@id\":\"https:\\\/\\\/candas365.es\\\/noticias\\\/#website\",\"url\":\"https:\\\/\\\/candas365.es\\\/noticias\\\/\",\"name\":\"Cand\\u00e1s 365\",\"alternateName\":\"Cand\\u00e1s 365 Noticias\",\"description\":\"Actualidad desde Carre\\u00f1o para el mundo\",\"inLanguage\":\"es-ES\",\"publisher\":{\"@id\":\"https:\\\/\\\/candas365.es\\\/noticias\\\/#organization\"}}]}\n\t\t<\/script>\n\t\t<!-- All in One SEO Pro -->\r\n\t\t<title>Fallece un hombre en un accidente Llanes | Cand\u00e1s 365<\/title>\n\n","aioseo_head_json":{"title":"Fallece un hombre en un accidente Llanes | Cand\u00e1s 365","description":"El SEPA ha informado de que un hombre ha perdido la vida en Llanes tras salirse de la v\u00eda con el tractor que conduc\u00eda y caer por un desnivel","canonical_url":"https:\/\/candas365.es\/noticias\/fallece-un-hombre-en-un-accidente-llanes\/","robots":"max-image-preview:large","keywords":"sucesos","webmasterTools":{"google-site-verification":"UA-32230408-1","msvalidate.01":"354F3CDFB2DA171B47FBE9ABF1F88D5","miscellaneous":""},"schema":{"@context":"https:\/\/schema.org","@graph":[{"@type":"BreadcrumbList","@id":"https:\/\/candas365.es\/noticias\/fallece-un-hombre-en-un-accidente-llanes\/#breadcrumblist","itemListElement":[{"@type":"ListItem","@id":"https:\/\/candas365.es\/noticias#listItem","position":1,"name":"Home","item":"https:\/\/candas365.es\/noticias","nextItem":{"@type":"ListItem","@id":"https:\/\/candas365.es\/noticias\/category\/sucesos\/#listItem","name":"Sucesos"}},{"@type":"ListItem","@id":"https:\/\/candas365.es\/noticias\/category\/sucesos\/#listItem","position":2,"name":"Sucesos","item":"https:\/\/candas365.es\/noticias\/category\/sucesos\/","nextItem":{"@type":"ListItem","@id":"https:\/\/candas365.es\/noticias\/fallece-un-hombre-en-un-accidente-llanes\/#listItem","name":"Fallece un hombre en un accidente Llanes"},"previousItem":{"@type":"ListItem","@id":"https:\/\/candas365.es\/noticias#listItem","name":"Home"}},{"@type":"ListItem","@id":"https:\/\/candas365.es\/noticias\/fallece-un-hombre-en-un-accidente-llanes\/#listItem","position":3,"name":"Fallece un hombre en un accidente Llanes","previousItem":{"@type":"ListItem","@id":"https:\/\/candas365.es\/noticias\/category\/sucesos\/#listItem","name":"Sucesos"}}]},{"@type":"NewsArticle","@id":"https:\/\/candas365.es\/noticias\/fallece-un-hombre-en-un-accidente-llanes\/#newsarticle","name":"Fallece un hombre en un accidente Llanes | Cand\u00e1s 365","headline":"Fallece un hombre en un accidente Llanes","author":{"@id":"https:\/\/candas365.es\/noticias\/author\/admin\/#author"},"publisher":{"@id":"https:\/\/candas365.es\/noticias\/#organization"},"image":{"@type":"ImageObject","url":"https:\/\/candas365.es\/noticias\/wp-content\/uploads\/2025\/10\/Fallece-un-hombre-en-un-accidente-Llanes.jpg","width":906,"height":652,"caption":"Foto: Prensa SEPA"},"datePublished":"2025-10-27T21:57:44+01:00","dateModified":"2025-10-27T21:57:44+01:00","inLanguage":"es-ES","mainEntityOfPage":{"@id":"https:\/\/candas365.es\/noticias\/fallece-un-hombre-en-un-accidente-llanes\/#webpage"},"isPartOf":{"@id":"https:\/\/candas365.es\/noticias\/fallece-un-hombre-en-un-accidente-llanes\/#webpage"},"articleSection":"Sucesos, sucesos","dateline":"Publicado el octubre 27, 2025."},{"@type":"Organization","@id":"https:\/\/candas365.es\/noticias\/#organization","name":"Cand\u00e1s 365","description":"Cand\u00e1s 365 es un diario digital independiente, fundado en 2012, con base en Asturias. Informamos con rigor sobre actualidad, sociedad, cultura y ocio, con una mirada local y global.","url":"https:\/\/candas365.es\/noticias\/","email":"info@candas365.es","telephone":"+34652131393","foundingDate":"2012-06-10","logo":{"@type":"ImageObject","url":"https:\/\/candas365.es\/noticias\/wp-content\/uploads\/2024\/09\/Candas-365-Redes.jpg","@id":"https:\/\/candas365.es\/noticias\/fallece-un-hombre-en-un-accidente-llanes\/#organizationLogo","width":1152,"height":864,"caption":"Cand\u00e1s 365 Redes"},"image":{"@id":"https:\/\/candas365.es\/noticias\/fallece-un-hombre-en-un-accidente-llanes\/#organizationLogo"},"sameAs":["https:\/\/www.facebook.com\/Nachofdezber","https:\/\/x.com\/NabercoDigital","https:\/\/www.instagram.com\/nachofdezber\/","https:\/\/www.youtube.com\/channel\/UCZP-2wLEB9Rv6erhFmqVnvg"],"address":{"@id":"https:\/\/candas365.es\/noticias\/#postaladdress","@type":"PostalAddress","streetAddress":"san antonio 4, san antonio 4","postalCode":"33430","addressLocality":"Cand\u00e1s","addressRegion":"Asturias","addressCountry":"ES"}},{"@type":"Person","@id":"https:\/\/candas365.es\/noticias\/author\/admin\/#author","url":"https:\/\/candas365.es\/noticias\/author\/admin\/","name":"Cand\u00e1s 365","image":{"@type":"ImageObject","@id":"https:\/\/candas365.es\/noticias\/fallece-un-hombre-en-un-accidente-llanes\/#authorImage","url":"https:\/\/secure.gravatar.com\/avatar\/496a8e03d0c493ede1718b7934145dbdf8d89be1036b0eec9544e1094c9de390?s=96&d=mm&r=g","width":96,"height":96,"caption":"Cand\u00e1s 365"},"sameAs":["https:\/\/www.facebook.com\/carrenoactualidad","https:\/\/twitter.com\/nbasturias","https:\/\/www.instagram.com\/nachofdezber\/","https:\/\/www.youtube.com\/channel\/UCZP-2wLEB9Rv6erhFmqVnvg"]},{"@type":"WebPage","@id":"https:\/\/candas365.es\/noticias\/fallece-un-hombre-en-un-accidente-llanes\/#webpage","url":"https:\/\/candas365.es\/noticias\/fallece-un-hombre-en-un-accidente-llanes\/","name":"Fallece un hombre en un accidente Llanes | Cand\u00e1s 365","description":"El SEPA ha informado de que un hombre ha perdido la vida en Llanes tras salirse de la v\u00eda con el tractor que conduc\u00eda y caer por un desnivel","inLanguage":"es-ES","isPartOf":{"@id":"https:\/\/candas365.es\/noticias\/#website"},"breadcrumb":{"@id":"https:\/\/candas365.es\/noticias\/fallece-un-hombre-en-un-accidente-llanes\/#breadcrumblist"},"author":{"@id":"https:\/\/candas365.es\/noticias\/author\/admin\/#author"},"creator":{"@id":"https:\/\/candas365.es\/noticias\/author\/admin\/#author"},"image":{"@type":"ImageObject","url":"https:\/\/candas365.es\/noticias\/wp-content\/uploads\/2025\/10\/Fallece-un-hombre-en-un-accidente-Llanes.jpg","@id":"https:\/\/candas365.es\/noticias\/fallece-un-hombre-en-un-accidente-llanes\/#mainImage","width":906,"height":652,"caption":"Foto: Prensa SEPA"},"primaryImageOfPage":{"@id":"https:\/\/candas365.es\/noticias\/fallece-un-hombre-en-un-accidente-llanes\/#mainImage"},"datePublished":"2025-10-27T21:57:44+01:00","dateModified":"2025-10-27T21:57:44+01:00"},{"@type":"WebSite","@id":"https:\/\/candas365.es\/noticias\/#website","url":"https:\/\/candas365.es\/noticias\/","name":"Cand\u00e1s 365","alternateName":"Cand\u00e1s 365 Noticias","description":"Actualidad desde Carre\u00f1o para el mundo","inLanguage":"es-ES","publisher":{"@id":"https:\/\/candas365.es\/noticias\/#organization"}}]},"og:locale":"es_ES","og:site_name":"Cand\u00e1s 365","og:type":"article","og:title":"Fallece un hombre en un accidente Llanes | Cand\u00e1s 365","og:description":"El SEPA ha informado de que un hombre ha perdido la vida en Llanes tras salirse de la v\u00eda con el tractor que conduc\u00eda y caer por un desnivel","og:url":"https:\/\/candas365.es\/noticias\/fallece-un-hombre-en-un-accidente-llanes\/","og:image":"https:\/\/candas365.es\/noticias\/wp-content\/uploads\/2025\/10\/Fallece-un-hombre-en-un-accidente-Llanes.jpg","og:image:secure_url":"https:\/\/candas365.es\/noticias\/wp-content\/uploads\/2025\/10\/Fallece-un-hombre-en-un-accidente-Llanes.jpg","og:image:width":906,"og:image:height":652,"article:published_time":"2025-10-27T20:57:44+00:00","article:modified_time":"2025-10-27T20:57:44+00:00","article:publisher":"https:\/\/www.facebook.com\/Nachofdezber","article:author":"https:\/\/www.facebook.com\/carrenoactualidad","twitter:card":"summary_large_image","twitter:site":"@NabercoDigital","twitter:title":"Fallece un hombre en un accidente Llanes | Cand\u00e1s 365","twitter:description":"El SEPA ha informado de que un hombre ha perdido la vida en Llanes tras salirse de la v\u00eda con el tractor que conduc\u00eda y caer por un desnivel","twitter:creator":"@nbasturias","twitter:image":"https:\/\/candas365.es\/noticias\/wp-content\/uploads\/2025\/10\/Fallece-un-hombre-en-un-accidente-Llanes.jpg","twitter:label1":"Escrito por","twitter:data1":"Cand\u00e1s 365","twitter:label2":"Tiempo de lectura estimado","twitter:data2":"1 minuto"},"aioseo_meta_data":{"post_id":"189492","title":null,"description":"El SEPA ha informado de que un hombre ha perdido la vida en Llanes tras salirse de la v\u00eda con el tractor que conduc\u00eda y caer por un desnivel","keywords":null,"keyphrases":{"focus":{"keyphrase":"Llanes","score":100,"analysis":{"keyphraseInTitle":{"score":9,"maxScore":9,"error":0},"keyphraseInDescription":{"score":9,"maxScore":9,"error":0},"keyphraseLength":{"score":9,"maxScore":9,"error":0,"length":1},"keyphraseInURL":{"score":5,"maxScore":5,"error":0},"keyphraseInIntroduction":{"score":9,"maxScore":9,"error":0},"keyphraseInSubHeadings":[],"keyphraseInImageAlt":{"score":9,"maxScore":9,"error":0},"keywordDensity":{"type":"best","score":9,"maxScore":9,"error":0}}},"additional":[{"keyphrase":"Llanes","score":100,"analysis":{"keyphraseInDescription":{"score":9,"maxScore":9,"error":0},"keyphraseLength":{"score":9,"maxScore":9,"error":0,"length":1},"keyphraseInIntroduction":{"score":9,"maxScore":9,"error":0},"keyphraseInImageAlt":{"score":9,"maxScore":9,"error":0},"keywordDensity":{"type":"best","score":9,"maxScore":9,"error":0}}}]},"primary_term":null,"canonical_url":null,"og_title":null,"og_description":null,"og_object_type":"default","og_image_type":"default","og_image_url":null,"og_image_width":null,"og_image_height":null,"og_image_custom_url":null,"og_image_custom_fields":null,"og_video":"","og_custom_url":null,"og_article_section":null,"og_article_tags":null,"twitter_use_og":false,"twitter_card":"default","twitter_image_type":"default","twitter_image_url":null,"twitter_image_custom_url":null,"twitter_image_custom_fields":null,"twitter_title":null,"twitter_description":null,"schema":{"blockGraphs":[],"customGraphs":[],"default":{"data":{"Article":[],"Course":[],"Dataset":[],"FAQPage":[],"Movie":[],"Person":[],"Product":[],"ProductReview":[],"Car":[],"Recipe":[],"Service":[],"SoftwareApplication":[],"WebPage":[]},"graphName":"Article","isEnabled":true},"graphs":[]},"schema_type":"default","schema_type_options":null,"pillar_content":false,"robots_default":true,"robots_noindex":false,"robots_noarchive":false,"robots_nosnippet":false,"robots_nofollow":false,"robots_noimageindex":false,"robots_noodp":false,"robots_notranslate":false,"robots_max_snippet":"-1","robots_max_videopreview":"-1","robots_max_imagepreview":"large","priority":null,"frequency":"default","location":null,"local_seo":null,"seo_analyzer_scan_date":"2025-10-27 21:06:10","breadcrumb_settings":null,"limit_modified_date":false,"reviewed_by":null,"open_ai":null,"ai":{"faqs":[],"keyPoints":[],"titles":[],"descriptions":[],"socialPosts":{"email":[],"linkedin":[],"twitter":[],"facebook":[],"instagram":[]}},"created":"2025-10-27 20:50:52","updated":"2025-10-27 21:06:10"},"aioseo_breadcrumb":"<div class=\"aioseo-breadcrumbs\"><span class=\"aioseo-breadcrumb\">\n\t<a href=\"https:\/\/candas365.es\/noticias\" title=\"Home\">Home<\/a>\n<\/span><span class=\"aioseo-breadcrumb-separator\">&ndash;<\/span><span class=\"aioseo-breadcrumb\">\n\t<a href=\"https:\/\/candas365.es\/noticias\/category\/sucesos\/\" title=\"Sucesos\">Sucesos<\/a>\n<\/span><span class=\"aioseo-breadcrumb-separator\">&ndash;<\/span><span class=\"aioseo-breadcrumb\">\n\tFallece un hombre en un accidente Llanes\n<\/span><\/div>","aioseo_breadcrumb_json":[{"label":"Home","link":"https:\/\/candas365.es\/noticias"},{"label":"Sucesos","link":"https:\/\/candas365.es\/noticias\/category\/sucesos\/"},{"label":"Fallece un hombre en un accidente Llanes","link":"https:\/\/candas365.es\/noticias\/fallece-un-hombre-en-un-accidente-llanes\/"}],"_links":{"self":[{"href":"https:\/\/candas365.es\/noticias\/wp-json\/wp\/v2\/posts\/189492","targetHints":{"allow":["GET"]}}],"collection":[{"href":"https:\/\/candas365.es\/noticias\/wp-json\/wp\/v2\/posts"}],"about":[{"href":"https:\/\/candas365.es\/noticias\/wp-json\/wp\/v2\/types\/post"}],"author":[{"embeddable":true,"href":"https:\/\/candas365.es\/noticias\/wp-json\/wp\/v2\/users\/1"}],"replies":[{"embeddable":true,"href":"https:\/\/candas365.es\/noticias\/wp-json\/wp\/v2\/comments?post=189492"}],"version-history":[{"count":0,"href":"https:\/\/candas365.es\/noticias\/wp-json\/wp\/v2\/posts\/189492\/revisions"}],"wp:featuredmedia":[{"embeddable":true,"href":"https:\/\/candas365.es\/noticias\/wp-json\/wp\/v2\/media\/189493"}],"wp:attachment":[{"href":"https:\/\/candas365.es\/noticias\/wp-json\/wp\/v2\/media?parent=189492"}],"wp:term":[{"taxonomy":"category","embeddable":true,"href":"https:\/\/candas365.es\/noticias\/wp-json\/wp\/v2\/categories?post=189492"},{"taxonomy":"post_tag","embeddable":true,"href":"https:\/\/candas365.es\/noticias\/wp-json\/wp\/v2\/tags?post=189492"}],"curies":[{"name":"wp","href":"https:\/\/api.w.org\/{rel}","templated":true}]}}