{"id":189463,"date":"2025-10-26T11:46:17","date_gmt":"2025-10-26T10:46:17","guid":{"rendered":"https:\/\/candas365.es\/noticias\/?p=189463"},"modified":"2025-10-26T11:46:17","modified_gmt":"2025-10-26T10:46:17","slug":"el-principado-se-suma-a-la-tendencia-ia","status":"publish","type":"post","link":"https:\/\/candas365.es\/noticias\/el-principado-se-suma-a-la-tendencia-ia\/","title":{"rendered":"El Principado se suma a la tendencia IA"},"content":{"rendered":"<p>El <a href=\"https:\/\/actualidad.asturias.es\/\" target=\"_blank\" rel=\"noopener\"><span style=\"color: #ff6600;\"><strong>Gobierno del Principad<\/strong><strong>o<\/strong><\/span><\/a> de Asturias se suma a la tendencia IA y lo har\u00e1 para tratar de impulsar una administraci\u00f3n m\u00e1s \u00e1gil y transparente con una <strong>aplicaci\u00f3n de inteligencia artificial<\/strong> para la contrataci\u00f3n p\u00fablica.<\/p>\n<figure id=\"attachment_189464\" aria-describedby=\"caption-attachment-189464\" style=\"width: 650px\" class=\"wp-caption aligncenter\"><img fetchpriority=\"high\" decoding=\"async\" class=\"size-large wp-image-189464\" src=\"https:\/\/candas365.es\/noticias\/wp-content\/uploads\/2025\/10\/El-Principado-se-suma-a-la-tendencia-IA-650x373.jpg\" alt=\"El Principado se suma a la tendencia IA\" width=\"650\" height=\"373\" srcset=\"https:\/\/candas365.es\/noticias\/wp-content\/uploads\/2025\/10\/El-Principado-se-suma-a-la-tendencia-IA-650x373.jpg 650w, https:\/\/candas365.es\/noticias\/wp-content\/uploads\/2025\/10\/El-Principado-se-suma-a-la-tendencia-IA-360x207.jpg 360w, https:\/\/candas365.es\/noticias\/wp-content\/uploads\/2025\/10\/El-Principado-se-suma-a-la-tendencia-IA-768x441.jpg 768w, https:\/\/candas365.es\/noticias\/wp-content\/uploads\/2025\/10\/El-Principado-se-suma-a-la-tendencia-IA-150x86.jpg 150w, https:\/\/candas365.es\/noticias\/wp-content\/uploads\/2025\/10\/El-Principado-se-suma-a-la-tendencia-IA-450x258.jpg 450w, https:\/\/candas365.es\/noticias\/wp-content\/uploads\/2025\/10\/El-Principado-se-suma-a-la-tendencia-IA.jpg 1058w\" sizes=\"(max-width: 650px) 100vw, 650px\" \/><figcaption id=\"caption-attachment-189464\" class=\"wp-caption-text\">Foto: Prensa Gobierno de Asturias<\/figcaption><\/figure>\n<p>La Administraci\u00f3n del Principado de <a href=\"https:\/\/candas365.es\/noticias\/category\/asturias\/\"><span style=\"color: #ff6600;\"><strong>Asturias<\/strong><\/span><\/a> da un paso decisivo en su proceso de modernizaci\u00f3n con la incorporaci\u00f3n de Tendios, una plataforma desarrollada para mejorar la gesti\u00f3n p\u00fablica y los servicios que prestan las administraciones basada en inteligencia artificial que transformar\u00e1 la gesti\u00f3n de la contrataci\u00f3n p\u00fablica.<\/p>\n<p>La herramienta permitir\u00e1 automatizar tareas clave, como la elaboraci\u00f3n de memorias justificativas o la redacci\u00f3n de pliegos rectores de la contrataci\u00f3n, reduciendo los tiempos de tramitaci\u00f3n y optimizando el proceso de licitaci\u00f3n.<\/p>\n<p><strong>\u201cLa inteligencia artificial no es un fin, sino una palanca para mejorar la calidad de los servicios p\u00fablicos. Con su aplicaci\u00f3n en la contrataci\u00f3n, avanzamos hacia una Administraci\u00f3n m\u00e1s \u00e1gil, transparente y orientada a las personas\u201d<\/strong>, ha destacado la vicepresidenta y consejera de Presidencia, Reto Demogr\u00e1fico, Igualdad y Turismo, Gimena Llamedo.<\/p>\n<p>Esta actuaci\u00f3n se enmarca en la Estrategia de Transformaci\u00f3n Digital del Principado de Asturias, coordinada por la Direcci\u00f3n General de Estrategia Digital e Inteligencia Artificial, que tiene como objetivo situar a la comunidad como referente en innovaci\u00f3n administrativa y en la guerra contra la burocracia.<\/p>\n<p>Adem\u00e1s, la implantaci\u00f3n de esta tecnolog\u00eda refuerza el cumplimiento del Decreto 98\/2025, que regula el uso de la inteligencia artificial en la Administraci\u00f3n del Principado, y responde a los principios de simplificaci\u00f3n, seguridad y transparencia recogidos en la normativa auton\u00f3mica.<\/p>\n<p>Con la implantaci\u00f3n de esta plataforma, los \u00f3rganos de contrataci\u00f3n podr\u00e1n generar pliegos en minutos, analizar documentaci\u00f3n de manera automatizada y gestionar expedientes con mayor eficiencia y trazabilidad. <strong>La inteligencia artificial facilitar\u00e1, asimismo, el an\u00e1lisis predictivo, la detecci\u00f3n de oportunidades y la elaboraci\u00f3n autom\u00e1tica de informes, garantizando procesos m\u00e1s abiertos, competitivos y con mayores garant\u00edas jur\u00eddicas.<\/strong><\/p>\n<p>El Gobierno de Asturias refuerza as\u00ed su compromiso con una Administraci\u00f3n sin trabas, en la que la tecnolog\u00eda se pone al servicio de la ciudadan\u00eda para ahorrar tiempo, ganar eficiencia y ofrecer servicios m\u00e1s proactivos, especialmente en los \u00e1mbitos con mayor carga burocr\u00e1tica.<\/p>\n<p>Esta medida forma parte de la hoja de ruta de transformaci\u00f3n digital que impulsa el Principado, junto con otras iniciativas como la digitalizaci\u00f3n de los procedimientos administrativos, la sede electr\u00f3nica avanzada o el despliegue del marco \u00e9tico y de seguridad para el uso de la inteligencia artificial, aprobado este mismo a\u00f1o.<\/p>\n<h2>Formaci\u00f3n y uso responsable de la inteligencia artificial<\/h2>\n<p>Adem\u00e1s de aplicar la inteligencia artificial en los procesos administrativos, el Principado apuesta por formar a su personal p\u00fablico en el uso seguro y eficiente de estas herramientas.<\/p>\n<p>En este contexto, la Direcci\u00f3n General de Estrategia Digital e Inteligencia Artificial ha puesto en marcha el programa \u201c<a href=\"https:\/\/copilot.microsoft.com\/\" target=\"_blank\" rel=\"noopener\"><strong><span style=\"color: #ff6600;\">Domina Copilot Chat<\/span><\/strong><\/a>\u201d, desarrollado en colaboraci\u00f3n con Microsoft, que ofrecer\u00e1 sesiones formativas peri\u00f3dicas sobre las aplicaciones pr\u00e1cticas de la IA en el trabajo diario.<\/p>\n<p>El objetivo es que el conjunto del personal empleado p\u00fablico aprenda a utilizar la inteligencia artificial como apoyo a sus tareas cotidianas, mejorando la productividad, el trabajo colaborativo y la calidad del servicio a la ciudadan\u00eda.<\/p>\n<p><strong>Con iniciativas como Tendios y Domina Copilot Chat<\/strong>, Asturias avanza hacia una Administraci\u00f3n moderna, transparente y cercana, capaz de responder con agilidad a las necesidades de empresas y ciudadan\u00eda, y de situar la innovaci\u00f3n al servicio del bien com\u00fan.<\/p>\n","protected":false},"excerpt":{"rendered":"<p>El Gobierno del Principado de Asturias se suma a la tendencia IA y lo har\u00e1 para tratar de impulsar una administraci\u00f3n m\u00e1s \u00e1gil y transparente con una aplicaci\u00f3n de inteligencia artificial para la contrataci\u00f3n p\u00fablica. La Administraci\u00f3n del Principado de Asturias da un paso decisivo en su proceso de modernizaci\u00f3n con la incorporaci\u00f3n de Tendios,<\/p>\n","protected":false},"author":1,"featured_media":189464,"comment_status":"closed","ping_status":"closed","sticky":false,"template":"","format":"standard","meta":{"footnotes":""},"categories":[7,316],"tags":[380,448],"class_list":{"0":"post-189463","1":"post","2":"type-post","3":"status-publish","4":"format-standard","5":"has-post-thumbnail","7":"category-asturias","8":"category-destacadas","9":"tag-asturias","10":"tag-tecnologia"},"aioseo_notices":[],"aioseo_head":"\n\t\t<!-- All in One SEO Pro 4.9.6.2 - aioseo.com -->\n\t<meta name=\"description\" content=\"El Gobierno del Principado de Asturias se suma a la tendencia IA y lo har\u00e1 para tratar de impulsar una administraci\u00f3n m\u00e1s \u00e1gil y transparente\" \/>\n\t<meta name=\"robots\" content=\"max-image-preview:large\" \/>\n\t<meta name=\"author\" content=\"Cand\u00e1s 365\"\/>\n\t<meta name=\"google-site-verification\" content=\"UA-32230408-1\" \/>\n\t<meta name=\"msvalidate.01\" content=\"354F3CDFB2DA171B47FBE9ABF1F88D5\" \/>\n\t<meta name=\"keywords\" content=\"asturias,destacadas\" \/>\n\t<link rel=\"canonical\" href=\"https:\/\/candas365.es\/noticias\/el-principado-se-suma-a-la-tendencia-ia\/\" \/>\n\t<meta name=\"generator\" content=\"All in One SEO Pro (AIOSEO) 4.9.6.2\" \/>\n\t\t<meta property=\"og:locale\" content=\"es_ES\" \/>\n\t\t<meta property=\"og:site_name\" content=\"Cand\u00e1s 365\" \/>\n\t\t<meta property=\"og:type\" content=\"article\" \/>\n\t\t<meta property=\"og:title\" content=\"El Principado se suma a la tendencia IA | Cand\u00e1s 365\" \/>\n\t\t<meta property=\"og:description\" content=\"El Gobierno del Principado de Asturias se suma a la tendencia IA y lo har\u00e1 para tratar de impulsar una administraci\u00f3n m\u00e1s \u00e1gil y transparente\" \/>\n\t\t<meta property=\"og:url\" content=\"https:\/\/candas365.es\/noticias\/el-principado-se-suma-a-la-tendencia-ia\/\" \/>\n\t\t<meta property=\"og:image\" content=\"https:\/\/candas365.es\/noticias\/wp-content\/uploads\/2025\/10\/El-Principado-se-suma-a-la-tendencia-IA.jpg\" \/>\n\t\t<meta property=\"og:image:secure_url\" content=\"https:\/\/candas365.es\/noticias\/wp-content\/uploads\/2025\/10\/El-Principado-se-suma-a-la-tendencia-IA.jpg\" \/>\n\t\t<meta property=\"og:image:width\" content=\"1058\" \/>\n\t\t<meta property=\"og:image:height\" content=\"607\" \/>\n\t\t<meta property=\"article:published_time\" content=\"2025-10-26T10:46:17+00:00\" \/>\n\t\t<meta property=\"article:modified_time\" content=\"2025-10-26T10:46:17+00:00\" \/>\n\t\t<meta property=\"article:publisher\" content=\"https:\/\/www.facebook.com\/Nachofdezber\" \/>\n\t\t<meta property=\"article:author\" content=\"https:\/\/www.facebook.com\/carrenoactualidad\" \/>\n\t\t<meta name=\"twitter:card\" content=\"summary_large_image\" \/>\n\t\t<meta name=\"twitter:site\" content=\"@NabercoDigital\" \/>\n\t\t<meta name=\"twitter:title\" content=\"El Principado se suma a la tendencia IA | Cand\u00e1s 365\" \/>\n\t\t<meta name=\"twitter:description\" content=\"El Gobierno del Principado de Asturias se suma a la tendencia IA y lo har\u00e1 para tratar de impulsar una administraci\u00f3n m\u00e1s \u00e1gil y transparente\" \/>\n\t\t<meta name=\"twitter:creator\" content=\"@nbasturias\" \/>\n\t\t<meta name=\"twitter:image\" content=\"https:\/\/candas365.es\/noticias\/wp-content\/uploads\/2025\/10\/El-Principado-se-suma-a-la-tendencia-IA.jpg\" \/>\n\t\t<meta name=\"twitter:label1\" content=\"Escrito por\" \/>\n\t\t<meta name=\"twitter:data1\" content=\"Cand\u00e1s 365\" \/>\n\t\t<meta name=\"twitter:label2\" content=\"Tiempo de lectura estimado\" \/>\n\t\t<meta name=\"twitter:data2\" content=\"3 minutos\" \/>\n\t\t<script type=\"application\/ld+json\" class=\"aioseo-schema\">\n\t\t\t{\"@context\":\"https:\\\/\\\/schema.org\",\"@graph\":[{\"@type\":\"BreadcrumbList\",\"@id\":\"https:\\\/\\\/candas365.es\\\/noticias\\\/el-principado-se-suma-a-la-tendencia-ia\\\/#breadcrumblist\",\"itemListElement\":[{\"@type\":\"ListItem\",\"@id\":\"https:\\\/\\\/candas365.es\\\/noticias#listItem\",\"position\":1,\"name\":\"Home\",\"item\":\"https:\\\/\\\/candas365.es\\\/noticias\",\"nextItem\":{\"@type\":\"ListItem\",\"@id\":\"https:\\\/\\\/candas365.es\\\/noticias\\\/category\\\/asturias\\\/#listItem\",\"name\":\"Asturias\"}},{\"@type\":\"ListItem\",\"@id\":\"https:\\\/\\\/candas365.es\\\/noticias\\\/category\\\/asturias\\\/#listItem\",\"position\":2,\"name\":\"Asturias\",\"item\":\"https:\\\/\\\/candas365.es\\\/noticias\\\/category\\\/asturias\\\/\",\"nextItem\":{\"@type\":\"ListItem\",\"@id\":\"https:\\\/\\\/candas365.es\\\/noticias\\\/el-principado-se-suma-a-la-tendencia-ia\\\/#listItem\",\"name\":\"El Principado se suma a la tendencia IA\"},\"previousItem\":{\"@type\":\"ListItem\",\"@id\":\"https:\\\/\\\/candas365.es\\\/noticias#listItem\",\"name\":\"Home\"}},{\"@type\":\"ListItem\",\"@id\":\"https:\\\/\\\/candas365.es\\\/noticias\\\/el-principado-se-suma-a-la-tendencia-ia\\\/#listItem\",\"position\":3,\"name\":\"El Principado se suma a la tendencia IA\",\"previousItem\":{\"@type\":\"ListItem\",\"@id\":\"https:\\\/\\\/candas365.es\\\/noticias\\\/category\\\/asturias\\\/#listItem\",\"name\":\"Asturias\"}}]},{\"@type\":\"NewsArticle\",\"@id\":\"https:\\\/\\\/candas365.es\\\/noticias\\\/el-principado-se-suma-a-la-tendencia-ia\\\/#newsarticle\",\"name\":\"El Principado se suma a la tendencia IA | Cand\\u00e1s 365\",\"headline\":\"El Principado se suma a la tendencia IA\",\"author\":{\"@id\":\"https:\\\/\\\/candas365.es\\\/noticias\\\/author\\\/admin\\\/#author\"},\"publisher\":{\"@id\":\"https:\\\/\\\/candas365.es\\\/noticias\\\/#organization\"},\"image\":{\"@type\":\"ImageObject\",\"url\":\"https:\\\/\\\/candas365.es\\\/noticias\\\/wp-content\\\/uploads\\\/2025\\\/10\\\/El-Principado-se-suma-a-la-tendencia-IA.jpg\",\"width\":1058,\"height\":607,\"caption\":\"Foto: Prensa Gobierno de Asturias\"},\"datePublished\":\"2025-10-26T11:46:17+01:00\",\"dateModified\":\"2025-10-26T11:46:17+01:00\",\"inLanguage\":\"es-ES\",\"mainEntityOfPage\":{\"@id\":\"https:\\\/\\\/candas365.es\\\/noticias\\\/el-principado-se-suma-a-la-tendencia-ia\\\/#webpage\"},\"isPartOf\":{\"@id\":\"https:\\\/\\\/candas365.es\\\/noticias\\\/el-principado-se-suma-a-la-tendencia-ia\\\/#webpage\"},\"articleSection\":\"Asturias, Destacadas, Asturias, Tecnolog\\u00eda\",\"dateline\":\"Publicado el octubre 26, 2025.\"},{\"@type\":\"Organization\",\"@id\":\"https:\\\/\\\/candas365.es\\\/noticias\\\/#organization\",\"name\":\"Cand\\u00e1s 365\",\"description\":\"Cand\\u00e1s 365 es un diario digital independiente, fundado en 2012, con base en Asturias. Informamos con rigor sobre actualidad, sociedad, cultura y ocio, con una mirada local y global.\",\"url\":\"https:\\\/\\\/candas365.es\\\/noticias\\\/\",\"email\":\"info@candas365.es\",\"telephone\":\"+34652131393\",\"foundingDate\":\"2012-06-10\",\"logo\":{\"@type\":\"ImageObject\",\"url\":\"https:\\\/\\\/candas365.es\\\/noticias\\\/wp-content\\\/uploads\\\/2024\\\/09\\\/Candas-365-Redes.jpg\",\"@id\":\"https:\\\/\\\/candas365.es\\\/noticias\\\/el-principado-se-suma-a-la-tendencia-ia\\\/#organizationLogo\",\"width\":1152,\"height\":864,\"caption\":\"Cand\\u00e1s 365 Redes\"},\"image\":{\"@id\":\"https:\\\/\\\/candas365.es\\\/noticias\\\/el-principado-se-suma-a-la-tendencia-ia\\\/#organizationLogo\"},\"sameAs\":[\"https:\\\/\\\/www.facebook.com\\\/Nachofdezber\",\"https:\\\/\\\/x.com\\\/NabercoDigital\",\"https:\\\/\\\/www.instagram.com\\\/nachofdezber\\\/\",\"https:\\\/\\\/www.youtube.com\\\/channel\\\/UCZP-2wLEB9Rv6erhFmqVnvg\"],\"address\":{\"@id\":\"https:\\\/\\\/candas365.es\\\/noticias\\\/#postaladdress\",\"@type\":\"PostalAddress\",\"streetAddress\":\"san antonio 4, san antonio 4\",\"postalCode\":\"33430\",\"addressLocality\":\"Cand\\u00e1s\",\"addressRegion\":\"Asturias\",\"addressCountry\":\"ES\"}},{\"@type\":\"Person\",\"@id\":\"https:\\\/\\\/candas365.es\\\/noticias\\\/author\\\/admin\\\/#author\",\"url\":\"https:\\\/\\\/candas365.es\\\/noticias\\\/author\\\/admin\\\/\",\"name\":\"Cand\\u00e1s 365\",\"image\":{\"@type\":\"ImageObject\",\"@id\":\"https:\\\/\\\/candas365.es\\\/noticias\\\/el-principado-se-suma-a-la-tendencia-ia\\\/#authorImage\",\"url\":\"https:\\\/\\\/secure.gravatar.com\\\/avatar\\\/496a8e03d0c493ede1718b7934145dbdf8d89be1036b0eec9544e1094c9de390?s=96&d=mm&r=g\",\"width\":96,\"height\":96,\"caption\":\"Cand\\u00e1s 365\"},\"sameAs\":[\"https:\\\/\\\/www.facebook.com\\\/carrenoactualidad\",\"https:\\\/\\\/twitter.com\\\/nbasturias\",\"https:\\\/\\\/www.instagram.com\\\/nachofdezber\\\/\",\"https:\\\/\\\/www.youtube.com\\\/channel\\\/UCZP-2wLEB9Rv6erhFmqVnvg\"]},{\"@type\":\"WebPage\",\"@id\":\"https:\\\/\\\/candas365.es\\\/noticias\\\/el-principado-se-suma-a-la-tendencia-ia\\\/#webpage\",\"url\":\"https:\\\/\\\/candas365.es\\\/noticias\\\/el-principado-se-suma-a-la-tendencia-ia\\\/\",\"name\":\"El Principado se suma a la tendencia IA | Cand\\u00e1s 365\",\"description\":\"El Gobierno del Principado de Asturias se suma a la tendencia IA y lo har\\u00e1 para tratar de impulsar una administraci\\u00f3n m\\u00e1s \\u00e1gil y transparente\",\"inLanguage\":\"es-ES\",\"isPartOf\":{\"@id\":\"https:\\\/\\\/candas365.es\\\/noticias\\\/#website\"},\"breadcrumb\":{\"@id\":\"https:\\\/\\\/candas365.es\\\/noticias\\\/el-principado-se-suma-a-la-tendencia-ia\\\/#breadcrumblist\"},\"author\":{\"@id\":\"https:\\\/\\\/candas365.es\\\/noticias\\\/author\\\/admin\\\/#author\"},\"creator\":{\"@id\":\"https:\\\/\\\/candas365.es\\\/noticias\\\/author\\\/admin\\\/#author\"},\"image\":{\"@type\":\"ImageObject\",\"url\":\"https:\\\/\\\/candas365.es\\\/noticias\\\/wp-content\\\/uploads\\\/2025\\\/10\\\/El-Principado-se-suma-a-la-tendencia-IA.jpg\",\"@id\":\"https:\\\/\\\/candas365.es\\\/noticias\\\/el-principado-se-suma-a-la-tendencia-ia\\\/#mainImage\",\"width\":1058,\"height\":607,\"caption\":\"Foto: Prensa Gobierno de Asturias\"},\"primaryImageOfPage\":{\"@id\":\"https:\\\/\\\/candas365.es\\\/noticias\\\/el-principado-se-suma-a-la-tendencia-ia\\\/#mainImage\"},\"datePublished\":\"2025-10-26T11:46:17+01:00\",\"dateModified\":\"2025-10-26T11:46:17+01:00\"},{\"@type\":\"WebSite\",\"@id\":\"https:\\\/\\\/candas365.es\\\/noticias\\\/#website\",\"url\":\"https:\\\/\\\/candas365.es\\\/noticias\\\/\",\"name\":\"Cand\\u00e1s 365\",\"alternateName\":\"Cand\\u00e1s 365 Noticias\",\"description\":\"Actualidad desde Carre\\u00f1o para el mundo\",\"inLanguage\":\"es-ES\",\"publisher\":{\"@id\":\"https:\\\/\\\/candas365.es\\\/noticias\\\/#organization\"}}]}\n\t\t<\/script>\n\t\t<!-- All in One SEO Pro -->\r\n\t\t<title>El Principado se suma a la tendencia IA | Cand\u00e1s 365<\/title>\n\n","aioseo_head_json":{"title":"El Principado se suma a la tendencia IA | Cand\u00e1s 365","description":"El Gobierno del Principado de Asturias se suma a la tendencia IA y lo har\u00e1 para tratar de impulsar una administraci\u00f3n m\u00e1s \u00e1gil y transparente","canonical_url":"https:\/\/candas365.es\/noticias\/el-principado-se-suma-a-la-tendencia-ia\/","robots":"max-image-preview:large","keywords":"asturias,destacadas","webmasterTools":{"google-site-verification":"UA-32230408-1","msvalidate.01":"354F3CDFB2DA171B47FBE9ABF1F88D5","miscellaneous":""},"schema":{"@context":"https:\/\/schema.org","@graph":[{"@type":"BreadcrumbList","@id":"https:\/\/candas365.es\/noticias\/el-principado-se-suma-a-la-tendencia-ia\/#breadcrumblist","itemListElement":[{"@type":"ListItem","@id":"https:\/\/candas365.es\/noticias#listItem","position":1,"name":"Home","item":"https:\/\/candas365.es\/noticias","nextItem":{"@type":"ListItem","@id":"https:\/\/candas365.es\/noticias\/category\/asturias\/#listItem","name":"Asturias"}},{"@type":"ListItem","@id":"https:\/\/candas365.es\/noticias\/category\/asturias\/#listItem","position":2,"name":"Asturias","item":"https:\/\/candas365.es\/noticias\/category\/asturias\/","nextItem":{"@type":"ListItem","@id":"https:\/\/candas365.es\/noticias\/el-principado-se-suma-a-la-tendencia-ia\/#listItem","name":"El Principado se suma a la tendencia IA"},"previousItem":{"@type":"ListItem","@id":"https:\/\/candas365.es\/noticias#listItem","name":"Home"}},{"@type":"ListItem","@id":"https:\/\/candas365.es\/noticias\/el-principado-se-suma-a-la-tendencia-ia\/#listItem","position":3,"name":"El Principado se suma a la tendencia IA","previousItem":{"@type":"ListItem","@id":"https:\/\/candas365.es\/noticias\/category\/asturias\/#listItem","name":"Asturias"}}]},{"@type":"NewsArticle","@id":"https:\/\/candas365.es\/noticias\/el-principado-se-suma-a-la-tendencia-ia\/#newsarticle","name":"El Principado se suma a la tendencia IA | Cand\u00e1s 365","headline":"El Principado se suma a la tendencia IA","author":{"@id":"https:\/\/candas365.es\/noticias\/author\/admin\/#author"},"publisher":{"@id":"https:\/\/candas365.es\/noticias\/#organization"},"image":{"@type":"ImageObject","url":"https:\/\/candas365.es\/noticias\/wp-content\/uploads\/2025\/10\/El-Principado-se-suma-a-la-tendencia-IA.jpg","width":1058,"height":607,"caption":"Foto: Prensa Gobierno de Asturias"},"datePublished":"2025-10-26T11:46:17+01:00","dateModified":"2025-10-26T11:46:17+01:00","inLanguage":"es-ES","mainEntityOfPage":{"@id":"https:\/\/candas365.es\/noticias\/el-principado-se-suma-a-la-tendencia-ia\/#webpage"},"isPartOf":{"@id":"https:\/\/candas365.es\/noticias\/el-principado-se-suma-a-la-tendencia-ia\/#webpage"},"articleSection":"Asturias, Destacadas, Asturias, Tecnolog\u00eda","dateline":"Publicado el octubre 26, 2025."},{"@type":"Organization","@id":"https:\/\/candas365.es\/noticias\/#organization","name":"Cand\u00e1s 365","description":"Cand\u00e1s 365 es un diario digital independiente, fundado en 2012, con base en Asturias. Informamos con rigor sobre actualidad, sociedad, cultura y ocio, con una mirada local y global.","url":"https:\/\/candas365.es\/noticias\/","email":"info@candas365.es","telephone":"+34652131393","foundingDate":"2012-06-10","logo":{"@type":"ImageObject","url":"https:\/\/candas365.es\/noticias\/wp-content\/uploads\/2024\/09\/Candas-365-Redes.jpg","@id":"https:\/\/candas365.es\/noticias\/el-principado-se-suma-a-la-tendencia-ia\/#organizationLogo","width":1152,"height":864,"caption":"Cand\u00e1s 365 Redes"},"image":{"@id":"https:\/\/candas365.es\/noticias\/el-principado-se-suma-a-la-tendencia-ia\/#organizationLogo"},"sameAs":["https:\/\/www.facebook.com\/Nachofdezber","https:\/\/x.com\/NabercoDigital","https:\/\/www.instagram.com\/nachofdezber\/","https:\/\/www.youtube.com\/channel\/UCZP-2wLEB9Rv6erhFmqVnvg"],"address":{"@id":"https:\/\/candas365.es\/noticias\/#postaladdress","@type":"PostalAddress","streetAddress":"san antonio 4, san antonio 4","postalCode":"33430","addressLocality":"Cand\u00e1s","addressRegion":"Asturias","addressCountry":"ES"}},{"@type":"Person","@id":"https:\/\/candas365.es\/noticias\/author\/admin\/#author","url":"https:\/\/candas365.es\/noticias\/author\/admin\/","name":"Cand\u00e1s 365","image":{"@type":"ImageObject","@id":"https:\/\/candas365.es\/noticias\/el-principado-se-suma-a-la-tendencia-ia\/#authorImage","url":"https:\/\/secure.gravatar.com\/avatar\/496a8e03d0c493ede1718b7934145dbdf8d89be1036b0eec9544e1094c9de390?s=96&d=mm&r=g","width":96,"height":96,"caption":"Cand\u00e1s 365"},"sameAs":["https:\/\/www.facebook.com\/carrenoactualidad","https:\/\/twitter.com\/nbasturias","https:\/\/www.instagram.com\/nachofdezber\/","https:\/\/www.youtube.com\/channel\/UCZP-2wLEB9Rv6erhFmqVnvg"]},{"@type":"WebPage","@id":"https:\/\/candas365.es\/noticias\/el-principado-se-suma-a-la-tendencia-ia\/#webpage","url":"https:\/\/candas365.es\/noticias\/el-principado-se-suma-a-la-tendencia-ia\/","name":"El Principado se suma a la tendencia IA | Cand\u00e1s 365","description":"El Gobierno del Principado de Asturias se suma a la tendencia IA y lo har\u00e1 para tratar de impulsar una administraci\u00f3n m\u00e1s \u00e1gil y transparente","inLanguage":"es-ES","isPartOf":{"@id":"https:\/\/candas365.es\/noticias\/#website"},"breadcrumb":{"@id":"https:\/\/candas365.es\/noticias\/el-principado-se-suma-a-la-tendencia-ia\/#breadcrumblist"},"author":{"@id":"https:\/\/candas365.es\/noticias\/author\/admin\/#author"},"creator":{"@id":"https:\/\/candas365.es\/noticias\/author\/admin\/#author"},"image":{"@type":"ImageObject","url":"https:\/\/candas365.es\/noticias\/wp-content\/uploads\/2025\/10\/El-Principado-se-suma-a-la-tendencia-IA.jpg","@id":"https:\/\/candas365.es\/noticias\/el-principado-se-suma-a-la-tendencia-ia\/#mainImage","width":1058,"height":607,"caption":"Foto: Prensa Gobierno de Asturias"},"primaryImageOfPage":{"@id":"https:\/\/candas365.es\/noticias\/el-principado-se-suma-a-la-tendencia-ia\/#mainImage"},"datePublished":"2025-10-26T11:46:17+01:00","dateModified":"2025-10-26T11:46:17+01:00"},{"@type":"WebSite","@id":"https:\/\/candas365.es\/noticias\/#website","url":"https:\/\/candas365.es\/noticias\/","name":"Cand\u00e1s 365","alternateName":"Cand\u00e1s 365 Noticias","description":"Actualidad desde Carre\u00f1o para el mundo","inLanguage":"es-ES","publisher":{"@id":"https:\/\/candas365.es\/noticias\/#organization"}}]},"og:locale":"es_ES","og:site_name":"Cand\u00e1s 365","og:type":"article","og:title":"El Principado se suma a la tendencia IA | Cand\u00e1s 365","og:description":"El Gobierno del Principado de Asturias se suma a la tendencia IA y lo har\u00e1 para tratar de impulsar una administraci\u00f3n m\u00e1s \u00e1gil y transparente","og:url":"https:\/\/candas365.es\/noticias\/el-principado-se-suma-a-la-tendencia-ia\/","og:image":"https:\/\/candas365.es\/noticias\/wp-content\/uploads\/2025\/10\/El-Principado-se-suma-a-la-tendencia-IA.jpg","og:image:secure_url":"https:\/\/candas365.es\/noticias\/wp-content\/uploads\/2025\/10\/El-Principado-se-suma-a-la-tendencia-IA.jpg","og:image:width":1058,"og:image:height":607,"article:published_time":"2025-10-26T10:46:17+00:00","article:modified_time":"2025-10-26T10:46:17+00:00","article:publisher":"https:\/\/www.facebook.com\/Nachofdezber","article:author":"https:\/\/www.facebook.com\/carrenoactualidad","twitter:card":"summary_large_image","twitter:site":"@NabercoDigital","twitter:title":"El Principado se suma a la tendencia IA | Cand\u00e1s 365","twitter:description":"El Gobierno del Principado de Asturias se suma a la tendencia IA y lo har\u00e1 para tratar de impulsar una administraci\u00f3n m\u00e1s \u00e1gil y transparente","twitter:creator":"@nbasturias","twitter:image":"https:\/\/candas365.es\/noticias\/wp-content\/uploads\/2025\/10\/El-Principado-se-suma-a-la-tendencia-IA.jpg","twitter:label1":"Escrito por","twitter:data1":"Cand\u00e1s 365","twitter:label2":"Tiempo de lectura estimado","twitter:data2":"3 minutos"},"aioseo_meta_data":{"post_id":"189463","title":null,"description":"El Gobierno del Principado de Asturias se suma a la tendencia IA y lo har\u00e1 para tratar de impulsar una administraci\u00f3n m\u00e1s \u00e1gil y transparente","keywords":null,"keyphrases":{"focus":{"keyphrase":"Principado","score":91,"analysis":{"keyphraseInTitle":{"score":9,"maxScore":9,"error":0},"keyphraseInDescription":{"score":9,"maxScore":9,"error":0},"keyphraseLength":{"score":9,"maxScore":9,"error":0,"length":1},"keyphraseInURL":{"score":5,"maxScore":5,"error":0},"keyphraseInIntroduction":{"score":9,"maxScore":9,"error":0},"keyphraseInSubHeadings":{"score":3,"maxScore":9,"error":1},"keyphraseInImageAlt":{"score":9,"maxScore":9,"error":0},"keywordDensity":{"type":"best","score":9,"maxScore":9,"error":0}}},"additional":[{"keyphrase":"tendencia IA","score":80,"analysis":{"keyphraseInDescription":{"score":9,"maxScore":9,"error":0},"keyphraseLength":{"score":9,"maxScore":9,"error":0,"length":2},"keyphraseInIntroduction":{"score":9,"maxScore":9,"error":0},"keyphraseInImageAlt":{"score":9,"maxScore":9,"error":0},"keywordDensity":{"score":0,"type":"low","maxScore":9,"error":1}}}]},"primary_term":null,"canonical_url":null,"og_title":null,"og_description":null,"og_object_type":"default","og_image_type":"default","og_image_url":null,"og_image_width":null,"og_image_height":null,"og_image_custom_url":null,"og_image_custom_fields":null,"og_video":"","og_custom_url":null,"og_article_section":null,"og_article_tags":null,"twitter_use_og":false,"twitter_card":"default","twitter_image_type":"default","twitter_image_url":null,"twitter_image_custom_url":null,"twitter_image_custom_fields":null,"twitter_title":null,"twitter_description":null,"schema":{"blockGraphs":[],"customGraphs":[],"default":{"data":{"Article":[],"Course":[],"Dataset":[],"FAQPage":[],"Movie":[],"Person":[],"Product":[],"ProductReview":[],"Car":[],"Recipe":[],"Service":[],"SoftwareApplication":[],"WebPage":[]},"graphName":"Article","isEnabled":true},"graphs":[]},"schema_type":"default","schema_type_options":null,"pillar_content":false,"robots_default":true,"robots_noindex":false,"robots_noarchive":false,"robots_nosnippet":false,"robots_nofollow":false,"robots_noimageindex":false,"robots_noodp":false,"robots_notranslate":false,"robots_max_snippet":"-1","robots_max_videopreview":"-1","robots_max_imagepreview":"large","priority":null,"frequency":"default","location":null,"local_seo":null,"seo_analyzer_scan_date":"2025-10-26 10:58:55","breadcrumb_settings":null,"limit_modified_date":false,"reviewed_by":null,"open_ai":null,"ai":{"faqs":[],"keyPoints":[],"titles":[],"descriptions":[],"socialPosts":{"email":[],"linkedin":[],"twitter":[],"facebook":[],"instagram":[]}},"created":"2025-10-26 10:29:37","updated":"2025-10-26 10:58:55"},"aioseo_breadcrumb":"<div class=\"aioseo-breadcrumbs\"><span class=\"aioseo-breadcrumb\">\n\t<a href=\"https:\/\/candas365.es\/noticias\" title=\"Home\">Home<\/a>\n<\/span><span class=\"aioseo-breadcrumb-separator\">&ndash;<\/span><span class=\"aioseo-breadcrumb\">\n\t<a href=\"https:\/\/candas365.es\/noticias\/category\/asturias\/\" title=\"Asturias\">Asturias<\/a>\n<\/span><span class=\"aioseo-breadcrumb-separator\">&ndash;<\/span><span class=\"aioseo-breadcrumb\">\n\tEl Principado se suma a la tendencia IA\n<\/span><\/div>","aioseo_breadcrumb_json":[{"label":"Home","link":"https:\/\/candas365.es\/noticias"},{"label":"Asturias","link":"https:\/\/candas365.es\/noticias\/category\/asturias\/"},{"label":"El Principado se suma a la tendencia IA","link":"https:\/\/candas365.es\/noticias\/el-principado-se-suma-a-la-tendencia-ia\/"}],"_links":{"self":[{"href":"https:\/\/candas365.es\/noticias\/wp-json\/wp\/v2\/posts\/189463","targetHints":{"allow":["GET"]}}],"collection":[{"href":"https:\/\/candas365.es\/noticias\/wp-json\/wp\/v2\/posts"}],"about":[{"href":"https:\/\/candas365.es\/noticias\/wp-json\/wp\/v2\/types\/post"}],"author":[{"embeddable":true,"href":"https:\/\/candas365.es\/noticias\/wp-json\/wp\/v2\/users\/1"}],"replies":[{"embeddable":true,"href":"https:\/\/candas365.es\/noticias\/wp-json\/wp\/v2\/comments?post=189463"}],"version-history":[{"count":0,"href":"https:\/\/candas365.es\/noticias\/wp-json\/wp\/v2\/posts\/189463\/revisions"}],"wp:featuredmedia":[{"embeddable":true,"href":"https:\/\/candas365.es\/noticias\/wp-json\/wp\/v2\/media\/189464"}],"wp:attachment":[{"href":"https:\/\/candas365.es\/noticias\/wp-json\/wp\/v2\/media?parent=189463"}],"wp:term":[{"taxonomy":"category","embeddable":true,"href":"https:\/\/candas365.es\/noticias\/wp-json\/wp\/v2\/categories?post=189463"},{"taxonomy":"post_tag","embeddable":true,"href":"https:\/\/candas365.es\/noticias\/wp-json\/wp\/v2\/tags?post=189463"}],"curies":[{"name":"wp","href":"https:\/\/api.w.org\/{rel}","templated":true}]}}