{"id":189375,"date":"2025-10-24T00:38:44","date_gmt":"2025-10-23T22:38:44","guid":{"rendered":"https:\/\/candas365.es\/noticias\/?p=189375"},"modified":"2025-10-24T00:38:44","modified_gmt":"2025-10-23T22:38:44","slug":"asturias-comienza-su-lucha-contra-las-bebidas-energeticas","status":"publish","type":"post","link":"https:\/\/candas365.es\/noticias\/asturias-comienza-su-lucha-contra-las-bebidas-energeticas\/","title":{"rendered":"Asturias comienza su lucha contra las bebidas energ\u00e9ticas"},"content":{"rendered":"<p><a href=\"https:\/\/candas365.es\/noticias\/category\/asturias\/\"><strong><span style=\"color: #ff6600;\">Asturias<\/span><\/strong><\/a> ha aprobado el proyecto de ley que proh\u00edbe la venta, suministro y consumo de bebidas energ\u00e9ticas a menores de 16 a\u00f1os. El objetivo es proteger a este segmento de la poblaci\u00f3n, as\u00ed como prevenir y sensibilizar ante los perjuicios que este tipo de productos causan en la salud.<\/p>\n<figure id=\"attachment_189376\" aria-describedby=\"caption-attachment-189376\" style=\"width: 650px\" class=\"wp-caption aligncenter\"><img fetchpriority=\"high\" decoding=\"async\" class=\"size-large wp-image-189376\" src=\"https:\/\/candas365.es\/noticias\/wp-content\/uploads\/2025\/10\/bebidas-energeticas-Asturias-650x426.jpg\" alt=\"bebidas energ\u00e9ticas Asturias\" width=\"650\" height=\"426\" srcset=\"https:\/\/candas365.es\/noticias\/wp-content\/uploads\/2025\/10\/bebidas-energeticas-Asturias-650x426.jpg 650w, https:\/\/candas365.es\/noticias\/wp-content\/uploads\/2025\/10\/bebidas-energeticas-Asturias-360x236.jpg 360w, https:\/\/candas365.es\/noticias\/wp-content\/uploads\/2025\/10\/bebidas-energeticas-Asturias-768x503.jpg 768w, https:\/\/candas365.es\/noticias\/wp-content\/uploads\/2025\/10\/bebidas-energeticas-Asturias-150x98.jpg 150w, https:\/\/candas365.es\/noticias\/wp-content\/uploads\/2025\/10\/bebidas-energeticas-Asturias-450x295.jpg 450w, https:\/\/candas365.es\/noticias\/wp-content\/uploads\/2025\/10\/bebidas-energeticas-Asturias.jpg 977w\" sizes=\"(max-width: 650px) 100vw, 650px\" \/><figcaption id=\"caption-attachment-189376\" class=\"wp-caption-text\">Foto: Prensa Gobierno de Asturias<\/figcaption><\/figure>\n<p>La Consejer\u00eda de Ordenaci\u00f3n de Territorio, Urbanismo, Vivienda y Derechos Ciudadanos, que ha elaborado la normativa, cifra en 30.000 los potenciales consumidores de estas bebidas con edades comprendidas entre los 12 y los 16 a\u00f1os.<\/p>\n<p>El texto se enviar\u00e1 a la Junta General para iniciar su tramitaci\u00f3n parlamentaria. <strong>Es pionero en Espa\u00f1a, junto con el que est\u00e1 tramitando Galicia, y solo tres pa\u00edses de la Uni\u00f3n Europea \u2013Polonia, Lituania y Letonia\u2013 han legislado esta misma prohibici\u00f3n.<\/strong><\/p>\n<h2>El Principado establece controles y sanciones<\/h2>\n<p>Entre otras medidas, el proyecto de ley establece que los comercios tendr\u00e1n obligaci\u00f3n de colocar estos productos en zonas acotadas, y tanto las tiendas como los establecimientos hosteleros deber\u00e1n comprobar la edad de los compradores. <strong>Adem\u00e1s, las m\u00e1quinas expendedoras tendr\u00e1n un sistema de verificaci\u00f3n de edad.<\/strong><\/p>\n<p>Respecto a las sanciones, se equiparan a las ya existentes para el consumo y venta de tabaco y alcohol, excepto en el tramo superior, que hace referencia a las muy graves. <strong>La imposici\u00f3n de multas a menores de 16 a\u00f1os que cometan una infracci\u00f3n ser\u00e1 excepcional y siempre se dar\u00e1 prioridad a las medidas educativas o preventivas, siguiendo los principios de proporcionalidad y finalidad pedag\u00f3gica.<\/strong><\/p>\n<p><strong>El tipo de penalizaci\u00f3n oscila desde el apercibimiento y las multas de hasta 600 euros (infracciones leves), hasta pagos de 10.000 euros (infracciones graves)<\/strong> y el posible cierre de establecimientos (infracciones muy graves). <strong>Este \u00faltimo tipo de penalizaci\u00f3n se aplicar\u00e1 a casos de venta y distribuci\u00f3n a gran escala, que pueden castigarse con hasta 100.000 euros.<\/strong><\/p>\n<p>La norma se ha elaborado con un proceso participativo en el que han intervenido varias \u00e1reas de la Administraci\u00f3n auton\u00f3mica por su car\u00e1cter transversal, as\u00ed como padres y madres, profesionales sanitarios, docentes, estudiantes, organizaciones juveniles y sindicatos.<\/p>\n<p>El <a href=\"https:\/\/actualidad.asturias.es\/\" target=\"_blank\" rel=\"noopener\"><span style=\"color: #ff6600;\"><strong>Gobierno de Asturias<\/strong><\/span><\/a> considera que la proliferaci\u00f3n de las bebidas energ\u00e9ticas y su creciente consumo entre menores de 16 a\u00f1os plantea un grave problema de salud p\u00fablica que obliga a impulsar una ley para evitar da\u00f1os.<\/p>\n","protected":false},"excerpt":{"rendered":"<p>Asturias ha aprobado el proyecto de ley que proh\u00edbe la venta, suministro y consumo de bebidas energ\u00e9ticas a menores de 16 a\u00f1os. El objetivo es proteger a este segmento de la poblaci\u00f3n, as\u00ed como prevenir y sensibilizar ante los perjuicios que este tipo de productos causan en la salud. La Consejer\u00eda de Ordenaci\u00f3n de Territorio,<\/p>\n","protected":false},"author":1,"featured_media":189376,"comment_status":"closed","ping_status":"closed","sticky":false,"template":"","format":"standard","meta":{"footnotes":""},"categories":[7,316],"tags":[380,378],"class_list":{"0":"post-189375","1":"post","2":"type-post","3":"status-publish","4":"format-standard","5":"has-post-thumbnail","7":"category-asturias","8":"category-destacadas","9":"tag-asturias","10":"tag-salud"},"aioseo_notices":[],"aioseo_head":"\n\t\t<!-- All in One SEO Pro 4.9.6.2 - aioseo.com -->\n\t<meta name=\"description\" content=\"Asturias ha aprobado el proyecto de ley que proh\u00edbe la venta, suministro y consumo de bebidas energ\u00e9ticas a menores de 16 a\u00f1os. El objetivo es proteger\" \/>\n\t<meta name=\"robots\" content=\"max-image-preview:large\" \/>\n\t<meta name=\"author\" content=\"Cand\u00e1s 365\"\/>\n\t<meta name=\"google-site-verification\" content=\"UA-32230408-1\" \/>\n\t<meta name=\"msvalidate.01\" content=\"354F3CDFB2DA171B47FBE9ABF1F88D5\" \/>\n\t<meta name=\"keywords\" content=\"asturias,destacadas\" \/>\n\t<link rel=\"canonical\" href=\"https:\/\/candas365.es\/noticias\/asturias-comienza-su-lucha-contra-las-bebidas-energeticas\/\" \/>\n\t<meta name=\"generator\" content=\"All in One SEO Pro (AIOSEO) 4.9.6.2\" \/>\n\t\t<meta property=\"og:locale\" content=\"es_ES\" \/>\n\t\t<meta property=\"og:site_name\" content=\"Cand\u00e1s 365\" \/>\n\t\t<meta property=\"og:type\" content=\"article\" \/>\n\t\t<meta property=\"og:title\" content=\"Asturias comienza su lucha contra las bebidas energ\u00e9ticas | Cand\u00e1s 365\" \/>\n\t\t<meta property=\"og:description\" content=\"Asturias ha aprobado el proyecto de ley que proh\u00edbe la venta, suministro y consumo de bebidas energ\u00e9ticas a menores de 16 a\u00f1os. El objetivo es proteger\" \/>\n\t\t<meta property=\"og:url\" content=\"https:\/\/candas365.es\/noticias\/asturias-comienza-su-lucha-contra-las-bebidas-energeticas\/\" \/>\n\t\t<meta property=\"og:image\" content=\"https:\/\/candas365.es\/noticias\/wp-content\/uploads\/2025\/10\/bebidas-energeticas-Asturias.jpg\" \/>\n\t\t<meta property=\"og:image:secure_url\" content=\"https:\/\/candas365.es\/noticias\/wp-content\/uploads\/2025\/10\/bebidas-energeticas-Asturias.jpg\" \/>\n\t\t<meta property=\"og:image:width\" content=\"977\" \/>\n\t\t<meta property=\"og:image:height\" content=\"640\" \/>\n\t\t<meta property=\"article:published_time\" content=\"2025-10-23T22:38:44+00:00\" \/>\n\t\t<meta property=\"article:modified_time\" content=\"2025-10-23T22:38:44+00:00\" \/>\n\t\t<meta property=\"article:publisher\" content=\"https:\/\/www.facebook.com\/Nachofdezber\" \/>\n\t\t<meta property=\"article:author\" content=\"https:\/\/www.facebook.com\/carrenoactualidad\" \/>\n\t\t<meta name=\"twitter:card\" content=\"summary_large_image\" \/>\n\t\t<meta name=\"twitter:site\" content=\"@NabercoDigital\" \/>\n\t\t<meta name=\"twitter:title\" content=\"Asturias comienza su lucha contra las bebidas energ\u00e9ticas | Cand\u00e1s 365\" \/>\n\t\t<meta name=\"twitter:description\" content=\"Asturias ha aprobado el proyecto de ley que proh\u00edbe la venta, suministro y consumo de bebidas energ\u00e9ticas a menores de 16 a\u00f1os. El objetivo es proteger\" \/>\n\t\t<meta name=\"twitter:creator\" content=\"@nbasturias\" \/>\n\t\t<meta name=\"twitter:image\" content=\"https:\/\/candas365.es\/noticias\/wp-content\/uploads\/2025\/10\/bebidas-energeticas-Asturias.jpg\" \/>\n\t\t<meta name=\"twitter:label1\" content=\"Escrito por\" \/>\n\t\t<meta name=\"twitter:data1\" content=\"Cand\u00e1s 365\" \/>\n\t\t<meta name=\"twitter:label2\" content=\"Tiempo de lectura estimado\" \/>\n\t\t<meta name=\"twitter:data2\" content=\"2 minutos\" \/>\n\t\t<script type=\"application\/ld+json\" class=\"aioseo-schema\">\n\t\t\t{\"@context\":\"https:\\\/\\\/schema.org\",\"@graph\":[{\"@type\":\"BreadcrumbList\",\"@id\":\"https:\\\/\\\/candas365.es\\\/noticias\\\/asturias-comienza-su-lucha-contra-las-bebidas-energeticas\\\/#breadcrumblist\",\"itemListElement\":[{\"@type\":\"ListItem\",\"@id\":\"https:\\\/\\\/candas365.es\\\/noticias#listItem\",\"position\":1,\"name\":\"Home\",\"item\":\"https:\\\/\\\/candas365.es\\\/noticias\",\"nextItem\":{\"@type\":\"ListItem\",\"@id\":\"https:\\\/\\\/candas365.es\\\/noticias\\\/category\\\/asturias\\\/#listItem\",\"name\":\"Asturias\"}},{\"@type\":\"ListItem\",\"@id\":\"https:\\\/\\\/candas365.es\\\/noticias\\\/category\\\/asturias\\\/#listItem\",\"position\":2,\"name\":\"Asturias\",\"item\":\"https:\\\/\\\/candas365.es\\\/noticias\\\/category\\\/asturias\\\/\",\"nextItem\":{\"@type\":\"ListItem\",\"@id\":\"https:\\\/\\\/candas365.es\\\/noticias\\\/asturias-comienza-su-lucha-contra-las-bebidas-energeticas\\\/#listItem\",\"name\":\"Asturias comienza su lucha contra las bebidas energ\\u00e9ticas\"},\"previousItem\":{\"@type\":\"ListItem\",\"@id\":\"https:\\\/\\\/candas365.es\\\/noticias#listItem\",\"name\":\"Home\"}},{\"@type\":\"ListItem\",\"@id\":\"https:\\\/\\\/candas365.es\\\/noticias\\\/asturias-comienza-su-lucha-contra-las-bebidas-energeticas\\\/#listItem\",\"position\":3,\"name\":\"Asturias comienza su lucha contra las bebidas energ\\u00e9ticas\",\"previousItem\":{\"@type\":\"ListItem\",\"@id\":\"https:\\\/\\\/candas365.es\\\/noticias\\\/category\\\/asturias\\\/#listItem\",\"name\":\"Asturias\"}}]},{\"@type\":\"NewsArticle\",\"@id\":\"https:\\\/\\\/candas365.es\\\/noticias\\\/asturias-comienza-su-lucha-contra-las-bebidas-energeticas\\\/#newsarticle\",\"name\":\"Asturias comienza su lucha contra las bebidas energ\\u00e9ticas | Cand\\u00e1s 365\",\"headline\":\"Asturias comienza su lucha contra las bebidas energ\\u00e9ticas\",\"author\":{\"@id\":\"https:\\\/\\\/candas365.es\\\/noticias\\\/author\\\/admin\\\/#author\"},\"publisher\":{\"@id\":\"https:\\\/\\\/candas365.es\\\/noticias\\\/#organization\"},\"image\":{\"@type\":\"ImageObject\",\"url\":\"https:\\\/\\\/candas365.es\\\/noticias\\\/wp-content\\\/uploads\\\/2025\\\/10\\\/bebidas-energeticas-Asturias.jpg\",\"width\":977,\"height\":640,\"caption\":\"Foto: Prensa Gobierno de Asturias\"},\"datePublished\":\"2025-10-24T00:38:44+02:00\",\"dateModified\":\"2025-10-24T00:38:44+02:00\",\"inLanguage\":\"es-ES\",\"mainEntityOfPage\":{\"@id\":\"https:\\\/\\\/candas365.es\\\/noticias\\\/asturias-comienza-su-lucha-contra-las-bebidas-energeticas\\\/#webpage\"},\"isPartOf\":{\"@id\":\"https:\\\/\\\/candas365.es\\\/noticias\\\/asturias-comienza-su-lucha-contra-las-bebidas-energeticas\\\/#webpage\"},\"articleSection\":\"Asturias, Destacadas, Asturias, Salud\",\"dateline\":\"Publicado el octubre 24, 2025.\"},{\"@type\":\"Organization\",\"@id\":\"https:\\\/\\\/candas365.es\\\/noticias\\\/#organization\",\"name\":\"Cand\\u00e1s 365\",\"description\":\"Cand\\u00e1s 365 es un diario digital independiente, fundado en 2012, con base en Asturias. Informamos con rigor sobre actualidad, sociedad, cultura y ocio, con una mirada local y global.\",\"url\":\"https:\\\/\\\/candas365.es\\\/noticias\\\/\",\"email\":\"info@candas365.es\",\"telephone\":\"+34652131393\",\"foundingDate\":\"2012-06-10\",\"logo\":{\"@type\":\"ImageObject\",\"url\":\"https:\\\/\\\/candas365.es\\\/noticias\\\/wp-content\\\/uploads\\\/2024\\\/09\\\/Candas-365-Redes.jpg\",\"@id\":\"https:\\\/\\\/candas365.es\\\/noticias\\\/asturias-comienza-su-lucha-contra-las-bebidas-energeticas\\\/#organizationLogo\",\"width\":1152,\"height\":864,\"caption\":\"Cand\\u00e1s 365 Redes\"},\"image\":{\"@id\":\"https:\\\/\\\/candas365.es\\\/noticias\\\/asturias-comienza-su-lucha-contra-las-bebidas-energeticas\\\/#organizationLogo\"},\"sameAs\":[\"https:\\\/\\\/www.facebook.com\\\/Nachofdezber\",\"https:\\\/\\\/x.com\\\/NabercoDigital\",\"https:\\\/\\\/www.instagram.com\\\/nachofdezber\\\/\",\"https:\\\/\\\/www.youtube.com\\\/channel\\\/UCZP-2wLEB9Rv6erhFmqVnvg\"],\"address\":{\"@id\":\"https:\\\/\\\/candas365.es\\\/noticias\\\/#postaladdress\",\"@type\":\"PostalAddress\",\"streetAddress\":\"san antonio 4, san antonio 4\",\"postalCode\":\"33430\",\"addressLocality\":\"Cand\\u00e1s\",\"addressRegion\":\"Asturias\",\"addressCountry\":\"ES\"}},{\"@type\":\"Person\",\"@id\":\"https:\\\/\\\/candas365.es\\\/noticias\\\/author\\\/admin\\\/#author\",\"url\":\"https:\\\/\\\/candas365.es\\\/noticias\\\/author\\\/admin\\\/\",\"name\":\"Cand\\u00e1s 365\",\"image\":{\"@type\":\"ImageObject\",\"@id\":\"https:\\\/\\\/candas365.es\\\/noticias\\\/asturias-comienza-su-lucha-contra-las-bebidas-energeticas\\\/#authorImage\",\"url\":\"https:\\\/\\\/secure.gravatar.com\\\/avatar\\\/496a8e03d0c493ede1718b7934145dbdf8d89be1036b0eec9544e1094c9de390?s=96&d=mm&r=g\",\"width\":96,\"height\":96,\"caption\":\"Cand\\u00e1s 365\"},\"sameAs\":[\"https:\\\/\\\/www.facebook.com\\\/carrenoactualidad\",\"https:\\\/\\\/twitter.com\\\/nbasturias\",\"https:\\\/\\\/www.instagram.com\\\/nachofdezber\\\/\",\"https:\\\/\\\/www.youtube.com\\\/channel\\\/UCZP-2wLEB9Rv6erhFmqVnvg\"]},{\"@type\":\"WebPage\",\"@id\":\"https:\\\/\\\/candas365.es\\\/noticias\\\/asturias-comienza-su-lucha-contra-las-bebidas-energeticas\\\/#webpage\",\"url\":\"https:\\\/\\\/candas365.es\\\/noticias\\\/asturias-comienza-su-lucha-contra-las-bebidas-energeticas\\\/\",\"name\":\"Asturias comienza su lucha contra las bebidas energ\\u00e9ticas | Cand\\u00e1s 365\",\"description\":\"Asturias ha aprobado el proyecto de ley que proh\\u00edbe la venta, suministro y consumo de bebidas energ\\u00e9ticas a menores de 16 a\\u00f1os. El objetivo es proteger\",\"inLanguage\":\"es-ES\",\"isPartOf\":{\"@id\":\"https:\\\/\\\/candas365.es\\\/noticias\\\/#website\"},\"breadcrumb\":{\"@id\":\"https:\\\/\\\/candas365.es\\\/noticias\\\/asturias-comienza-su-lucha-contra-las-bebidas-energeticas\\\/#breadcrumblist\"},\"author\":{\"@id\":\"https:\\\/\\\/candas365.es\\\/noticias\\\/author\\\/admin\\\/#author\"},\"creator\":{\"@id\":\"https:\\\/\\\/candas365.es\\\/noticias\\\/author\\\/admin\\\/#author\"},\"image\":{\"@type\":\"ImageObject\",\"url\":\"https:\\\/\\\/candas365.es\\\/noticias\\\/wp-content\\\/uploads\\\/2025\\\/10\\\/bebidas-energeticas-Asturias.jpg\",\"@id\":\"https:\\\/\\\/candas365.es\\\/noticias\\\/asturias-comienza-su-lucha-contra-las-bebidas-energeticas\\\/#mainImage\",\"width\":977,\"height\":640,\"caption\":\"Foto: Prensa Gobierno de Asturias\"},\"primaryImageOfPage\":{\"@id\":\"https:\\\/\\\/candas365.es\\\/noticias\\\/asturias-comienza-su-lucha-contra-las-bebidas-energeticas\\\/#mainImage\"},\"datePublished\":\"2025-10-24T00:38:44+02:00\",\"dateModified\":\"2025-10-24T00:38:44+02:00\"},{\"@type\":\"WebSite\",\"@id\":\"https:\\\/\\\/candas365.es\\\/noticias\\\/#website\",\"url\":\"https:\\\/\\\/candas365.es\\\/noticias\\\/\",\"name\":\"Cand\\u00e1s 365\",\"alternateName\":\"Cand\\u00e1s 365 Noticias\",\"description\":\"Actualidad desde Carre\\u00f1o para el mundo\",\"inLanguage\":\"es-ES\",\"publisher\":{\"@id\":\"https:\\\/\\\/candas365.es\\\/noticias\\\/#organization\"}}]}\n\t\t<\/script>\n\t\t<!-- All in One SEO Pro -->\r\n\t\t<title>Asturias comienza su lucha contra las bebidas energ\u00e9ticas | Cand\u00e1s 365<\/title>\n\n","aioseo_head_json":{"title":"Asturias comienza su lucha contra las bebidas energ\u00e9ticas | Cand\u00e1s 365","description":"Asturias ha aprobado el proyecto de ley que proh\u00edbe la venta, suministro y consumo de bebidas energ\u00e9ticas a menores de 16 a\u00f1os. El objetivo es proteger","canonical_url":"https:\/\/candas365.es\/noticias\/asturias-comienza-su-lucha-contra-las-bebidas-energeticas\/","robots":"max-image-preview:large","keywords":"asturias,destacadas","webmasterTools":{"google-site-verification":"UA-32230408-1","msvalidate.01":"354F3CDFB2DA171B47FBE9ABF1F88D5","miscellaneous":""},"schema":{"@context":"https:\/\/schema.org","@graph":[{"@type":"BreadcrumbList","@id":"https:\/\/candas365.es\/noticias\/asturias-comienza-su-lucha-contra-las-bebidas-energeticas\/#breadcrumblist","itemListElement":[{"@type":"ListItem","@id":"https:\/\/candas365.es\/noticias#listItem","position":1,"name":"Home","item":"https:\/\/candas365.es\/noticias","nextItem":{"@type":"ListItem","@id":"https:\/\/candas365.es\/noticias\/category\/asturias\/#listItem","name":"Asturias"}},{"@type":"ListItem","@id":"https:\/\/candas365.es\/noticias\/category\/asturias\/#listItem","position":2,"name":"Asturias","item":"https:\/\/candas365.es\/noticias\/category\/asturias\/","nextItem":{"@type":"ListItem","@id":"https:\/\/candas365.es\/noticias\/asturias-comienza-su-lucha-contra-las-bebidas-energeticas\/#listItem","name":"Asturias comienza su lucha contra las bebidas energ\u00e9ticas"},"previousItem":{"@type":"ListItem","@id":"https:\/\/candas365.es\/noticias#listItem","name":"Home"}},{"@type":"ListItem","@id":"https:\/\/candas365.es\/noticias\/asturias-comienza-su-lucha-contra-las-bebidas-energeticas\/#listItem","position":3,"name":"Asturias comienza su lucha contra las bebidas energ\u00e9ticas","previousItem":{"@type":"ListItem","@id":"https:\/\/candas365.es\/noticias\/category\/asturias\/#listItem","name":"Asturias"}}]},{"@type":"NewsArticle","@id":"https:\/\/candas365.es\/noticias\/asturias-comienza-su-lucha-contra-las-bebidas-energeticas\/#newsarticle","name":"Asturias comienza su lucha contra las bebidas energ\u00e9ticas | Cand\u00e1s 365","headline":"Asturias comienza su lucha contra las bebidas energ\u00e9ticas","author":{"@id":"https:\/\/candas365.es\/noticias\/author\/admin\/#author"},"publisher":{"@id":"https:\/\/candas365.es\/noticias\/#organization"},"image":{"@type":"ImageObject","url":"https:\/\/candas365.es\/noticias\/wp-content\/uploads\/2025\/10\/bebidas-energeticas-Asturias.jpg","width":977,"height":640,"caption":"Foto: Prensa Gobierno de Asturias"},"datePublished":"2025-10-24T00:38:44+02:00","dateModified":"2025-10-24T00:38:44+02:00","inLanguage":"es-ES","mainEntityOfPage":{"@id":"https:\/\/candas365.es\/noticias\/asturias-comienza-su-lucha-contra-las-bebidas-energeticas\/#webpage"},"isPartOf":{"@id":"https:\/\/candas365.es\/noticias\/asturias-comienza-su-lucha-contra-las-bebidas-energeticas\/#webpage"},"articleSection":"Asturias, Destacadas, Asturias, Salud","dateline":"Publicado el octubre 24, 2025."},{"@type":"Organization","@id":"https:\/\/candas365.es\/noticias\/#organization","name":"Cand\u00e1s 365","description":"Cand\u00e1s 365 es un diario digital independiente, fundado en 2012, con base en Asturias. Informamos con rigor sobre actualidad, sociedad, cultura y ocio, con una mirada local y global.","url":"https:\/\/candas365.es\/noticias\/","email":"info@candas365.es","telephone":"+34652131393","foundingDate":"2012-06-10","logo":{"@type":"ImageObject","url":"https:\/\/candas365.es\/noticias\/wp-content\/uploads\/2024\/09\/Candas-365-Redes.jpg","@id":"https:\/\/candas365.es\/noticias\/asturias-comienza-su-lucha-contra-las-bebidas-energeticas\/#organizationLogo","width":1152,"height":864,"caption":"Cand\u00e1s 365 Redes"},"image":{"@id":"https:\/\/candas365.es\/noticias\/asturias-comienza-su-lucha-contra-las-bebidas-energeticas\/#organizationLogo"},"sameAs":["https:\/\/www.facebook.com\/Nachofdezber","https:\/\/x.com\/NabercoDigital","https:\/\/www.instagram.com\/nachofdezber\/","https:\/\/www.youtube.com\/channel\/UCZP-2wLEB9Rv6erhFmqVnvg"],"address":{"@id":"https:\/\/candas365.es\/noticias\/#postaladdress","@type":"PostalAddress","streetAddress":"san antonio 4, san antonio 4","postalCode":"33430","addressLocality":"Cand\u00e1s","addressRegion":"Asturias","addressCountry":"ES"}},{"@type":"Person","@id":"https:\/\/candas365.es\/noticias\/author\/admin\/#author","url":"https:\/\/candas365.es\/noticias\/author\/admin\/","name":"Cand\u00e1s 365","image":{"@type":"ImageObject","@id":"https:\/\/candas365.es\/noticias\/asturias-comienza-su-lucha-contra-las-bebidas-energeticas\/#authorImage","url":"https:\/\/secure.gravatar.com\/avatar\/496a8e03d0c493ede1718b7934145dbdf8d89be1036b0eec9544e1094c9de390?s=96&d=mm&r=g","width":96,"height":96,"caption":"Cand\u00e1s 365"},"sameAs":["https:\/\/www.facebook.com\/carrenoactualidad","https:\/\/twitter.com\/nbasturias","https:\/\/www.instagram.com\/nachofdezber\/","https:\/\/www.youtube.com\/channel\/UCZP-2wLEB9Rv6erhFmqVnvg"]},{"@type":"WebPage","@id":"https:\/\/candas365.es\/noticias\/asturias-comienza-su-lucha-contra-las-bebidas-energeticas\/#webpage","url":"https:\/\/candas365.es\/noticias\/asturias-comienza-su-lucha-contra-las-bebidas-energeticas\/","name":"Asturias comienza su lucha contra las bebidas energ\u00e9ticas | Cand\u00e1s 365","description":"Asturias ha aprobado el proyecto de ley que proh\u00edbe la venta, suministro y consumo de bebidas energ\u00e9ticas a menores de 16 a\u00f1os. El objetivo es proteger","inLanguage":"es-ES","isPartOf":{"@id":"https:\/\/candas365.es\/noticias\/#website"},"breadcrumb":{"@id":"https:\/\/candas365.es\/noticias\/asturias-comienza-su-lucha-contra-las-bebidas-energeticas\/#breadcrumblist"},"author":{"@id":"https:\/\/candas365.es\/noticias\/author\/admin\/#author"},"creator":{"@id":"https:\/\/candas365.es\/noticias\/author\/admin\/#author"},"image":{"@type":"ImageObject","url":"https:\/\/candas365.es\/noticias\/wp-content\/uploads\/2025\/10\/bebidas-energeticas-Asturias.jpg","@id":"https:\/\/candas365.es\/noticias\/asturias-comienza-su-lucha-contra-las-bebidas-energeticas\/#mainImage","width":977,"height":640,"caption":"Foto: Prensa Gobierno de Asturias"},"primaryImageOfPage":{"@id":"https:\/\/candas365.es\/noticias\/asturias-comienza-su-lucha-contra-las-bebidas-energeticas\/#mainImage"},"datePublished":"2025-10-24T00:38:44+02:00","dateModified":"2025-10-24T00:38:44+02:00"},{"@type":"WebSite","@id":"https:\/\/candas365.es\/noticias\/#website","url":"https:\/\/candas365.es\/noticias\/","name":"Cand\u00e1s 365","alternateName":"Cand\u00e1s 365 Noticias","description":"Actualidad desde Carre\u00f1o para el mundo","inLanguage":"es-ES","publisher":{"@id":"https:\/\/candas365.es\/noticias\/#organization"}}]},"og:locale":"es_ES","og:site_name":"Cand\u00e1s 365","og:type":"article","og:title":"Asturias comienza su lucha contra las bebidas energ\u00e9ticas | Cand\u00e1s 365","og:description":"Asturias ha aprobado el proyecto de ley que proh\u00edbe la venta, suministro y consumo de bebidas energ\u00e9ticas a menores de 16 a\u00f1os. El objetivo es proteger","og:url":"https:\/\/candas365.es\/noticias\/asturias-comienza-su-lucha-contra-las-bebidas-energeticas\/","og:image":"https:\/\/candas365.es\/noticias\/wp-content\/uploads\/2025\/10\/bebidas-energeticas-Asturias.jpg","og:image:secure_url":"https:\/\/candas365.es\/noticias\/wp-content\/uploads\/2025\/10\/bebidas-energeticas-Asturias.jpg","og:image:width":977,"og:image:height":640,"article:published_time":"2025-10-23T22:38:44+00:00","article:modified_time":"2025-10-23T22:38:44+00:00","article:publisher":"https:\/\/www.facebook.com\/Nachofdezber","article:author":"https:\/\/www.facebook.com\/carrenoactualidad","twitter:card":"summary_large_image","twitter:site":"@NabercoDigital","twitter:title":"Asturias comienza su lucha contra las bebidas energ\u00e9ticas | Cand\u00e1s 365","twitter:description":"Asturias ha aprobado el proyecto de ley que proh\u00edbe la venta, suministro y consumo de bebidas energ\u00e9ticas a menores de 16 a\u00f1os. El objetivo es proteger","twitter:creator":"@nbasturias","twitter:image":"https:\/\/candas365.es\/noticias\/wp-content\/uploads\/2025\/10\/bebidas-energeticas-Asturias.jpg","twitter:label1":"Escrito por","twitter:data1":"Cand\u00e1s 365","twitter:label2":"Tiempo de lectura estimado","twitter:data2":"2 minutos"},"aioseo_meta_data":{"post_id":"189375","title":null,"description":"Asturias ha aprobado el proyecto de ley que proh\u00edbe la venta, suministro y consumo de bebidas energ\u00e9ticas a menores de 16 a\u00f1os. El objetivo es proteger","keywords":null,"keyphrases":{"focus":{"keyphrase":"Asturias","score":91,"analysis":{"keyphraseInTitle":{"score":9,"maxScore":9,"error":0},"keyphraseInDescription":{"score":9,"maxScore":9,"error":0},"keyphraseLength":{"score":9,"maxScore":9,"error":0,"length":1},"keyphraseInURL":{"score":5,"maxScore":5,"error":0},"keyphraseInIntroduction":{"score":9,"maxScore":9,"error":0},"keyphraseInSubHeadings":{"score":3,"maxScore":9,"error":1},"keyphraseInImageAlt":{"score":9,"maxScore":9,"error":0},"keywordDensity":{"type":"best","score":9,"maxScore":9,"error":0}}},"additional":[{"keyphrase":"bebidas energ\u00e9ticas","score":80,"analysis":{"keyphraseInDescription":{"score":9,"maxScore":9,"error":0},"keyphraseLength":{"score":9,"maxScore":9,"error":0,"length":3},"keyphraseInIntroduction":{"score":9,"maxScore":9,"error":0},"keyphraseInImageAlt":{"score":9,"maxScore":9,"error":0},"keywordDensity":{"score":0,"type":"low","maxScore":9,"error":1}}},{"keyphrase":"energ\u00e9ticas","score":80,"analysis":{"keyphraseInDescription":{"score":9,"maxScore":9,"error":0},"keyphraseLength":{"score":9,"maxScore":9,"error":0,"length":2},"keyphraseInIntroduction":{"score":9,"maxScore":9,"error":0},"keyphraseInImageAlt":{"score":9,"maxScore":9,"error":0},"keywordDensity":{"score":0,"type":"low","maxScore":9,"error":1}}}]},"primary_term":null,"canonical_url":null,"og_title":null,"og_description":null,"og_object_type":"default","og_image_type":"default","og_image_url":null,"og_image_width":null,"og_image_height":null,"og_image_custom_url":null,"og_image_custom_fields":null,"og_video":"","og_custom_url":null,"og_article_section":null,"og_article_tags":null,"twitter_use_og":false,"twitter_card":"default","twitter_image_type":"default","twitter_image_url":null,"twitter_image_custom_url":null,"twitter_image_custom_fields":null,"twitter_title":null,"twitter_description":null,"schema":{"blockGraphs":[],"customGraphs":[],"default":{"data":{"Article":[],"Course":[],"Dataset":[],"FAQPage":[],"Movie":[],"Person":[],"Product":[],"ProductReview":[],"Car":[],"Recipe":[],"Service":[],"SoftwareApplication":[],"WebPage":[]},"graphName":"Article","isEnabled":true},"graphs":[]},"schema_type":"default","schema_type_options":null,"pillar_content":false,"robots_default":true,"robots_noindex":false,"robots_noarchive":false,"robots_nosnippet":false,"robots_nofollow":false,"robots_noimageindex":false,"robots_noodp":false,"robots_notranslate":false,"robots_max_snippet":"-1","robots_max_videopreview":"-1","robots_max_imagepreview":"large","priority":null,"frequency":"default","location":null,"local_seo":null,"seo_analyzer_scan_date":"2025-10-23 22:49:01","breadcrumb_settings":null,"limit_modified_date":false,"reviewed_by":null,"open_ai":null,"ai":{"faqs":[],"keyPoints":[],"titles":[],"descriptions":[],"socialPosts":{"email":[],"linkedin":[],"twitter":[],"facebook":[],"instagram":[]}},"created":"2025-10-23 22:24:58","updated":"2025-10-23 22:49:01"},"aioseo_breadcrumb":"<div class=\"aioseo-breadcrumbs\"><span class=\"aioseo-breadcrumb\">\n\t<a href=\"https:\/\/candas365.es\/noticias\" title=\"Home\">Home<\/a>\n<\/span><span class=\"aioseo-breadcrumb-separator\">&ndash;<\/span><span class=\"aioseo-breadcrumb\">\n\t<a href=\"https:\/\/candas365.es\/noticias\/category\/asturias\/\" title=\"Asturias\">Asturias<\/a>\n<\/span><span class=\"aioseo-breadcrumb-separator\">&ndash;<\/span><span class=\"aioseo-breadcrumb\">\n\tAsturias comienza su lucha contra las bebidas energ\u00e9ticas\n<\/span><\/div>","aioseo_breadcrumb_json":[{"label":"Home","link":"https:\/\/candas365.es\/noticias"},{"label":"Asturias","link":"https:\/\/candas365.es\/noticias\/category\/asturias\/"},{"label":"Asturias comienza su lucha contra las bebidas energ\u00e9ticas","link":"https:\/\/candas365.es\/noticias\/asturias-comienza-su-lucha-contra-las-bebidas-energeticas\/"}],"_links":{"self":[{"href":"https:\/\/candas365.es\/noticias\/wp-json\/wp\/v2\/posts\/189375","targetHints":{"allow":["GET"]}}],"collection":[{"href":"https:\/\/candas365.es\/noticias\/wp-json\/wp\/v2\/posts"}],"about":[{"href":"https:\/\/candas365.es\/noticias\/wp-json\/wp\/v2\/types\/post"}],"author":[{"embeddable":true,"href":"https:\/\/candas365.es\/noticias\/wp-json\/wp\/v2\/users\/1"}],"replies":[{"embeddable":true,"href":"https:\/\/candas365.es\/noticias\/wp-json\/wp\/v2\/comments?post=189375"}],"version-history":[{"count":0,"href":"https:\/\/candas365.es\/noticias\/wp-json\/wp\/v2\/posts\/189375\/revisions"}],"wp:featuredmedia":[{"embeddable":true,"href":"https:\/\/candas365.es\/noticias\/wp-json\/wp\/v2\/media\/189376"}],"wp:attachment":[{"href":"https:\/\/candas365.es\/noticias\/wp-json\/wp\/v2\/media?parent=189375"}],"wp:term":[{"taxonomy":"category","embeddable":true,"href":"https:\/\/candas365.es\/noticias\/wp-json\/wp\/v2\/categories?post=189375"},{"taxonomy":"post_tag","embeddable":true,"href":"https:\/\/candas365.es\/noticias\/wp-json\/wp\/v2\/tags?post=189375"}],"curies":[{"name":"wp","href":"https:\/\/api.w.org\/{rel}","templated":true}]}}