{"id":189358,"date":"2025-10-23T11:39:30","date_gmt":"2025-10-23T09:39:30","guid":{"rendered":"https:\/\/candas365.es\/noticias\/?p=189358"},"modified":"2025-10-23T11:39:30","modified_gmt":"2025-10-23T09:39:30","slug":"el-mal-tiempo-provoca-mas-averias-electricas-en-hogares-de-gijon","status":"publish","type":"post","link":"https:\/\/candas365.es\/noticias\/el-mal-tiempo-provoca-mas-averias-electricas-en-hogares-de-gijon\/","title":{"rendered":"El mal tiempo provoca m\u00e1s aver\u00edas el\u00e9ctricas en hogares de Gij\u00f3n"},"content":{"rendered":"<p>Las lluvias intensas, la humedad y los cambios bruscos de temperatura est\u00e1n detr\u00e1s de buena parte de las aver\u00edas el\u00e9ctricas que se producen cada oto\u00f1o e invierno en Gij\u00f3n. Con la llegada del mal tiempo, los profesionales del sector advierten de un incremento notable en las incidencias dom\u00e9sticas, especialmente en viviendas con instalaciones antiguas o sin mantenimiento regular. Ante estas situaciones, contar con un servicio de<a title=\"electricistas en Gij\u00f3n\" href=\"https:\/\/electricistasgijon.es\/\" target=\"_blank\" rel=\"noopener\"><span style=\"color: #ff6600;\"><strong>\u00a0electricistas en Gij\u00f3n<\/strong><\/span><\/a>\u00a0disponible las 24 horas se convierte en una garant\u00eda de seguridad y tranquilidad para los vecinos.<\/p>\n<p><img fetchpriority=\"high\" decoding=\"async\" class=\"aligncenter size-large wp-image-189359\" src=\"https:\/\/candas365.es\/noticias\/wp-content\/uploads\/2025\/10\/averias-electricas-en-hogares-de-Gijon-650x367.jpg\" alt=\"aver\u00edas el\u00e9ctricas en hogares de Gij\u00f3n\" width=\"650\" height=\"367\" srcset=\"https:\/\/candas365.es\/noticias\/wp-content\/uploads\/2025\/10\/averias-electricas-en-hogares-de-Gijon-650x367.jpg 650w, https:\/\/candas365.es\/noticias\/wp-content\/uploads\/2025\/10\/averias-electricas-en-hogares-de-Gijon-360x203.jpg 360w, https:\/\/candas365.es\/noticias\/wp-content\/uploads\/2025\/10\/averias-electricas-en-hogares-de-Gijon-768x433.jpg 768w, https:\/\/candas365.es\/noticias\/wp-content\/uploads\/2025\/10\/averias-electricas-en-hogares-de-Gijon-150x85.jpg 150w, https:\/\/candas365.es\/noticias\/wp-content\/uploads\/2025\/10\/averias-electricas-en-hogares-de-Gijon-450x254.jpg 450w, https:\/\/candas365.es\/noticias\/wp-content\/uploads\/2025\/10\/averias-electricas-en-hogares-de-Gijon.jpg 1001w\" sizes=\"(max-width: 650px) 100vw, 650px\" \/><\/p>\n<p>Los t\u00e9cnicos especializados explican que la humedad es uno de los factores que m\u00e1s da\u00f1a las instalaciones el\u00e9ctricas. Cuando el agua o la condensaci\u00f3n se filtran en enchufes, cables o cuadros el\u00e9ctricos, pueden provocar cortocircuitos, saltos de diferencial o incluso peque\u00f1os incendios. En zonas costeras como Gij\u00f3n, donde la humedad ambiental se mantiene alta durante gran parte del a\u00f1o, este tipo de problemas se agrava. Por eso, los electricistas 24 horas en Gij\u00f3n reciben numerosas llamadas durante los meses de oto\u00f1o e invierno, cuando se combinan lluvia, viento y aparatos el\u00e9ctricos funcionando al m\u00e1ximo rendimiento.<\/p>\n<p>Otro de los motivos m\u00e1s habituales de las aver\u00edas es la antig\u00fcedad de muchas instalaciones. En barrios con edificios construidos hace varias d\u00e9cadas, los sistemas el\u00e9ctricos no siempre est\u00e1n preparados para soportar la demanda actual de energ\u00eda. Los electrodom\u00e9sticos modernos, los cargadores y los sistemas de calefacci\u00f3n el\u00e9ctrica pueden sobrecargar circuitos antiguos, provocando apagones repentinos o la quema de fusibles. Seg\u00fan explican los profesionales del sector,\u00a0<strong>una revisi\u00f3n preventiva puede evitar hasta el 70 % de las incidencias que se atienden en temporada de lluvias<\/strong>.<\/p>\n<p>Adem\u00e1s, el mal tiempo tambi\u00e9n afecta a los elementos exteriores, como antenas, cuadros de luz o cableado en terrazas y jardines. Las rachas de viento y las filtraciones de agua pueden deteriorar los puntos de conexi\u00f3n, generando cortes de suministro o derivaciones el\u00e9ctricas peligrosas. En esos casos, la rapidez de respuesta es fundamental. Los servicios de urgencias el\u00e9ctricas en Gij\u00f3n ofrecen asistencia inmediata, incluso de madrugada, para restablecer el suministro y garantizar la seguridad de los usuarios.<\/p>\n<p><strong>Los expertos recomiendan realizar una inspecci\u00f3n el\u00e9ctrica completa al menos una vez cada dos a\u00f1os<\/strong>, especialmente en viviendas cercanas al mar. Sustituir enchufes deteriorados, revisar los diferenciales y comprobar el estado de los cuadros el\u00e9ctricos son acciones sencillas que evitan muchos problemas. Tambi\u00e9n aconsejan no manipular instalaciones mojadas y desconectar la corriente ante cualquier olor a quemado o chispa visible.<\/p>\n<p>Con un clima tan cambiante como el asturiano, la prevenci\u00f3n sigue siendo la mejor herramienta para evitar emergencias. Y cuando el problema ya se ha producido, disponer del contacto de un electricista urgente en Gij\u00f3n puede marcar la diferencia entre una reparaci\u00f3n r\u00e1pida y un riesgo innecesario.<\/p>\n","protected":false},"excerpt":{"rendered":"<p>Las lluvias intensas, la humedad y los cambios bruscos de temperatura est\u00e1n detr\u00e1s de buena parte de las aver\u00edas el\u00e9ctricas que se producen cada oto\u00f1o e invierno en Gij\u00f3n. Con la llegada del mal tiempo, los profesionales del sector advierten de un incremento notable en las incidencias dom\u00e9sticas, especialmente en viviendas con instalaciones antiguas o<\/p>\n","protected":false},"author":1,"featured_media":189359,"comment_status":"closed","ping_status":"closed","sticky":false,"template":"","format":"standard","meta":{"footnotes":""},"categories":[143],"tags":[512,423],"class_list":{"0":"post-189358","1":"post","2":"type-post","3":"status-publish","4":"format-standard","5":"has-post-thumbnail","7":"category-sociedad","8":"tag-gijon","9":"tag-hogar"},"aioseo_notices":[],"aioseo_head":"\n\t\t<!-- All in One SEO Pro 4.9.6.2 - aioseo.com -->\n\t<meta name=\"description\" content=\"Las lluvias intensas, la humedad y los cambios bruscos de temperatura est\u00e1n detr\u00e1s de buena parte de las aver\u00edas el\u00e9ctricas que se producen cada oto\u00f1o\" \/>\n\t<meta name=\"robots\" content=\"max-image-preview:large\" \/>\n\t<meta name=\"author\" content=\"Cand\u00e1s 365\"\/>\n\t<meta name=\"google-site-verification\" content=\"UA-32230408-1\" \/>\n\t<meta name=\"msvalidate.01\" content=\"354F3CDFB2DA171B47FBE9ABF1F88D5\" \/>\n\t<meta name=\"keywords\" content=\"sociedad\" \/>\n\t<link rel=\"canonical\" href=\"https:\/\/candas365.es\/noticias\/el-mal-tiempo-provoca-mas-averias-electricas-en-hogares-de-gijon\/\" \/>\n\t<meta name=\"generator\" content=\"All in One SEO Pro (AIOSEO) 4.9.6.2\" \/>\n\t\t<meta property=\"og:locale\" content=\"es_ES\" \/>\n\t\t<meta property=\"og:site_name\" content=\"Cand\u00e1s 365\" \/>\n\t\t<meta property=\"og:type\" content=\"article\" \/>\n\t\t<meta property=\"og:title\" content=\"El mal tiempo provoca m\u00e1s aver\u00edas el\u00e9ctricas en hogares de Gij\u00f3n | Cand\u00e1s 365\" \/>\n\t\t<meta property=\"og:description\" content=\"Las lluvias intensas, la humedad y los cambios bruscos de temperatura est\u00e1n detr\u00e1s de buena parte de las aver\u00edas el\u00e9ctricas que se producen cada oto\u00f1o\" \/>\n\t\t<meta property=\"og:url\" content=\"https:\/\/candas365.es\/noticias\/el-mal-tiempo-provoca-mas-averias-electricas-en-hogares-de-gijon\/\" \/>\n\t\t<meta property=\"og:image\" content=\"https:\/\/candas365.es\/noticias\/wp-content\/uploads\/2025\/10\/averias-electricas-en-hogares-de-Gijon.jpg\" \/>\n\t\t<meta property=\"og:image:secure_url\" content=\"https:\/\/candas365.es\/noticias\/wp-content\/uploads\/2025\/10\/averias-electricas-en-hogares-de-Gijon.jpg\" \/>\n\t\t<meta property=\"og:image:width\" content=\"1001\" \/>\n\t\t<meta property=\"og:image:height\" content=\"565\" \/>\n\t\t<meta property=\"article:published_time\" content=\"2025-10-23T09:39:30+00:00\" \/>\n\t\t<meta property=\"article:modified_time\" content=\"2025-10-23T09:39:30+00:00\" \/>\n\t\t<meta property=\"article:publisher\" content=\"https:\/\/www.facebook.com\/Nachofdezber\" \/>\n\t\t<meta property=\"article:author\" content=\"https:\/\/www.facebook.com\/carrenoactualidad\" \/>\n\t\t<meta name=\"twitter:card\" content=\"summary_large_image\" \/>\n\t\t<meta name=\"twitter:site\" content=\"@NabercoDigital\" \/>\n\t\t<meta name=\"twitter:title\" content=\"El mal tiempo provoca m\u00e1s aver\u00edas el\u00e9ctricas en hogares de Gij\u00f3n | Cand\u00e1s 365\" \/>\n\t\t<meta name=\"twitter:description\" content=\"Las lluvias intensas, la humedad y los cambios bruscos de temperatura est\u00e1n detr\u00e1s de buena parte de las aver\u00edas el\u00e9ctricas que se producen cada oto\u00f1o\" \/>\n\t\t<meta name=\"twitter:creator\" content=\"@nbasturias\" \/>\n\t\t<meta name=\"twitter:image\" content=\"https:\/\/candas365.es\/noticias\/wp-content\/uploads\/2025\/10\/averias-electricas-en-hogares-de-Gijon.jpg\" \/>\n\t\t<meta name=\"twitter:label1\" content=\"Escrito por\" \/>\n\t\t<meta name=\"twitter:data1\" content=\"Cand\u00e1s 365\" \/>\n\t\t<meta name=\"twitter:label2\" content=\"Tiempo de lectura estimado\" \/>\n\t\t<meta name=\"twitter:data2\" content=\"2 minutos\" \/>\n\t\t<script type=\"application\/ld+json\" class=\"aioseo-schema\">\n\t\t\t{\"@context\":\"https:\\\/\\\/schema.org\",\"@graph\":[{\"@type\":\"BreadcrumbList\",\"@id\":\"https:\\\/\\\/candas365.es\\\/noticias\\\/el-mal-tiempo-provoca-mas-averias-electricas-en-hogares-de-gijon\\\/#breadcrumblist\",\"itemListElement\":[{\"@type\":\"ListItem\",\"@id\":\"https:\\\/\\\/candas365.es\\\/noticias#listItem\",\"position\":1,\"name\":\"Home\",\"item\":\"https:\\\/\\\/candas365.es\\\/noticias\",\"nextItem\":{\"@type\":\"ListItem\",\"@id\":\"https:\\\/\\\/candas365.es\\\/noticias\\\/category\\\/sociedad\\\/#listItem\",\"name\":\"Sociedad\"}},{\"@type\":\"ListItem\",\"@id\":\"https:\\\/\\\/candas365.es\\\/noticias\\\/category\\\/sociedad\\\/#listItem\",\"position\":2,\"name\":\"Sociedad\",\"item\":\"https:\\\/\\\/candas365.es\\\/noticias\\\/category\\\/sociedad\\\/\",\"nextItem\":{\"@type\":\"ListItem\",\"@id\":\"https:\\\/\\\/candas365.es\\\/noticias\\\/el-mal-tiempo-provoca-mas-averias-electricas-en-hogares-de-gijon\\\/#listItem\",\"name\":\"El mal tiempo provoca m\\u00e1s aver\\u00edas el\\u00e9ctricas en hogares de Gij\\u00f3n\"},\"previousItem\":{\"@type\":\"ListItem\",\"@id\":\"https:\\\/\\\/candas365.es\\\/noticias#listItem\",\"name\":\"Home\"}},{\"@type\":\"ListItem\",\"@id\":\"https:\\\/\\\/candas365.es\\\/noticias\\\/el-mal-tiempo-provoca-mas-averias-electricas-en-hogares-de-gijon\\\/#listItem\",\"position\":3,\"name\":\"El mal tiempo provoca m\\u00e1s aver\\u00edas el\\u00e9ctricas en hogares de Gij\\u00f3n\",\"previousItem\":{\"@type\":\"ListItem\",\"@id\":\"https:\\\/\\\/candas365.es\\\/noticias\\\/category\\\/sociedad\\\/#listItem\",\"name\":\"Sociedad\"}}]},{\"@type\":\"NewsArticle\",\"@id\":\"https:\\\/\\\/candas365.es\\\/noticias\\\/el-mal-tiempo-provoca-mas-averias-electricas-en-hogares-de-gijon\\\/#newsarticle\",\"name\":\"El mal tiempo provoca m\\u00e1s aver\\u00edas el\\u00e9ctricas en hogares de Gij\\u00f3n | Cand\\u00e1s 365\",\"headline\":\"El mal tiempo provoca m\\u00e1s aver\\u00edas el\\u00e9ctricas en hogares de Gij\\u00f3n\",\"author\":{\"@id\":\"https:\\\/\\\/candas365.es\\\/noticias\\\/author\\\/admin\\\/#author\"},\"publisher\":{\"@id\":\"https:\\\/\\\/candas365.es\\\/noticias\\\/#organization\"},\"image\":{\"@type\":\"ImageObject\",\"url\":\"https:\\\/\\\/candas365.es\\\/noticias\\\/wp-content\\\/uploads\\\/2025\\\/10\\\/averias-electricas-en-hogares-de-Gijon.jpg\",\"width\":1001,\"height\":565,\"caption\":\"aver\\u00edas el\\u00e9ctricas en hogares de Gij\\u00f3n\"},\"datePublished\":\"2025-10-23T11:39:30+02:00\",\"dateModified\":\"2025-10-23T11:39:30+02:00\",\"inLanguage\":\"es-ES\",\"mainEntityOfPage\":{\"@id\":\"https:\\\/\\\/candas365.es\\\/noticias\\\/el-mal-tiempo-provoca-mas-averias-electricas-en-hogares-de-gijon\\\/#webpage\"},\"isPartOf\":{\"@id\":\"https:\\\/\\\/candas365.es\\\/noticias\\\/el-mal-tiempo-provoca-mas-averias-electricas-en-hogares-de-gijon\\\/#webpage\"},\"articleSection\":\"Sociedad, Gij\\u00f3n, Hogar\",\"dateline\":\"Publicado el octubre 23, 2025.\"},{\"@type\":\"Organization\",\"@id\":\"https:\\\/\\\/candas365.es\\\/noticias\\\/#organization\",\"name\":\"Cand\\u00e1s 365\",\"description\":\"Cand\\u00e1s 365 es un diario digital independiente, fundado en 2012, con base en Asturias. Informamos con rigor sobre actualidad, sociedad, cultura y ocio, con una mirada local y global.\",\"url\":\"https:\\\/\\\/candas365.es\\\/noticias\\\/\",\"email\":\"info@candas365.es\",\"telephone\":\"+34652131393\",\"foundingDate\":\"2012-06-10\",\"logo\":{\"@type\":\"ImageObject\",\"url\":\"https:\\\/\\\/candas365.es\\\/noticias\\\/wp-content\\\/uploads\\\/2024\\\/09\\\/Candas-365-Redes.jpg\",\"@id\":\"https:\\\/\\\/candas365.es\\\/noticias\\\/el-mal-tiempo-provoca-mas-averias-electricas-en-hogares-de-gijon\\\/#organizationLogo\",\"width\":1152,\"height\":864,\"caption\":\"Cand\\u00e1s 365 Redes\"},\"image\":{\"@id\":\"https:\\\/\\\/candas365.es\\\/noticias\\\/el-mal-tiempo-provoca-mas-averias-electricas-en-hogares-de-gijon\\\/#organizationLogo\"},\"sameAs\":[\"https:\\\/\\\/www.facebook.com\\\/Nachofdezber\",\"https:\\\/\\\/x.com\\\/NabercoDigital\",\"https:\\\/\\\/www.instagram.com\\\/nachofdezber\\\/\",\"https:\\\/\\\/www.youtube.com\\\/channel\\\/UCZP-2wLEB9Rv6erhFmqVnvg\"],\"address\":{\"@id\":\"https:\\\/\\\/candas365.es\\\/noticias\\\/#postaladdress\",\"@type\":\"PostalAddress\",\"streetAddress\":\"san antonio 4, san antonio 4\",\"postalCode\":\"33430\",\"addressLocality\":\"Cand\\u00e1s\",\"addressRegion\":\"Asturias\",\"addressCountry\":\"ES\"}},{\"@type\":\"Person\",\"@id\":\"https:\\\/\\\/candas365.es\\\/noticias\\\/author\\\/admin\\\/#author\",\"url\":\"https:\\\/\\\/candas365.es\\\/noticias\\\/author\\\/admin\\\/\",\"name\":\"Cand\\u00e1s 365\",\"image\":{\"@type\":\"ImageObject\",\"@id\":\"https:\\\/\\\/candas365.es\\\/noticias\\\/el-mal-tiempo-provoca-mas-averias-electricas-en-hogares-de-gijon\\\/#authorImage\",\"url\":\"https:\\\/\\\/secure.gravatar.com\\\/avatar\\\/496a8e03d0c493ede1718b7934145dbdf8d89be1036b0eec9544e1094c9de390?s=96&d=mm&r=g\",\"width\":96,\"height\":96,\"caption\":\"Cand\\u00e1s 365\"},\"sameAs\":[\"https:\\\/\\\/www.facebook.com\\\/carrenoactualidad\",\"https:\\\/\\\/twitter.com\\\/nbasturias\",\"https:\\\/\\\/www.instagram.com\\\/nachofdezber\\\/\",\"https:\\\/\\\/www.youtube.com\\\/channel\\\/UCZP-2wLEB9Rv6erhFmqVnvg\"]},{\"@type\":\"WebPage\",\"@id\":\"https:\\\/\\\/candas365.es\\\/noticias\\\/el-mal-tiempo-provoca-mas-averias-electricas-en-hogares-de-gijon\\\/#webpage\",\"url\":\"https:\\\/\\\/candas365.es\\\/noticias\\\/el-mal-tiempo-provoca-mas-averias-electricas-en-hogares-de-gijon\\\/\",\"name\":\"El mal tiempo provoca m\\u00e1s aver\\u00edas el\\u00e9ctricas en hogares de Gij\\u00f3n | Cand\\u00e1s 365\",\"description\":\"Las lluvias intensas, la humedad y los cambios bruscos de temperatura est\\u00e1n detr\\u00e1s de buena parte de las aver\\u00edas el\\u00e9ctricas que se producen cada oto\\u00f1o\",\"inLanguage\":\"es-ES\",\"isPartOf\":{\"@id\":\"https:\\\/\\\/candas365.es\\\/noticias\\\/#website\"},\"breadcrumb\":{\"@id\":\"https:\\\/\\\/candas365.es\\\/noticias\\\/el-mal-tiempo-provoca-mas-averias-electricas-en-hogares-de-gijon\\\/#breadcrumblist\"},\"author\":{\"@id\":\"https:\\\/\\\/candas365.es\\\/noticias\\\/author\\\/admin\\\/#author\"},\"creator\":{\"@id\":\"https:\\\/\\\/candas365.es\\\/noticias\\\/author\\\/admin\\\/#author\"},\"image\":{\"@type\":\"ImageObject\",\"url\":\"https:\\\/\\\/candas365.es\\\/noticias\\\/wp-content\\\/uploads\\\/2025\\\/10\\\/averias-electricas-en-hogares-de-Gijon.jpg\",\"@id\":\"https:\\\/\\\/candas365.es\\\/noticias\\\/el-mal-tiempo-provoca-mas-averias-electricas-en-hogares-de-gijon\\\/#mainImage\",\"width\":1001,\"height\":565,\"caption\":\"aver\\u00edas el\\u00e9ctricas en hogares de Gij\\u00f3n\"},\"primaryImageOfPage\":{\"@id\":\"https:\\\/\\\/candas365.es\\\/noticias\\\/el-mal-tiempo-provoca-mas-averias-electricas-en-hogares-de-gijon\\\/#mainImage\"},\"datePublished\":\"2025-10-23T11:39:30+02:00\",\"dateModified\":\"2025-10-23T11:39:30+02:00\"},{\"@type\":\"WebSite\",\"@id\":\"https:\\\/\\\/candas365.es\\\/noticias\\\/#website\",\"url\":\"https:\\\/\\\/candas365.es\\\/noticias\\\/\",\"name\":\"Cand\\u00e1s 365\",\"alternateName\":\"Cand\\u00e1s 365 Noticias\",\"description\":\"Actualidad desde Carre\\u00f1o para el mundo\",\"inLanguage\":\"es-ES\",\"publisher\":{\"@id\":\"https:\\\/\\\/candas365.es\\\/noticias\\\/#organization\"}}]}\n\t\t<\/script>\n\t\t<!-- All in One SEO Pro -->\r\n\t\t<title>El mal tiempo provoca m\u00e1s aver\u00edas el\u00e9ctricas en hogares de Gij\u00f3n | Cand\u00e1s 365<\/title>\n\n","aioseo_head_json":{"title":"El mal tiempo provoca m\u00e1s aver\u00edas el\u00e9ctricas en hogares de Gij\u00f3n | Cand\u00e1s 365","description":"Las lluvias intensas, la humedad y los cambios bruscos de temperatura est\u00e1n detr\u00e1s de buena parte de las aver\u00edas el\u00e9ctricas que se producen cada oto\u00f1o","canonical_url":"https:\/\/candas365.es\/noticias\/el-mal-tiempo-provoca-mas-averias-electricas-en-hogares-de-gijon\/","robots":"max-image-preview:large","keywords":"sociedad","webmasterTools":{"google-site-verification":"UA-32230408-1","msvalidate.01":"354F3CDFB2DA171B47FBE9ABF1F88D5","miscellaneous":""},"schema":{"@context":"https:\/\/schema.org","@graph":[{"@type":"BreadcrumbList","@id":"https:\/\/candas365.es\/noticias\/el-mal-tiempo-provoca-mas-averias-electricas-en-hogares-de-gijon\/#breadcrumblist","itemListElement":[{"@type":"ListItem","@id":"https:\/\/candas365.es\/noticias#listItem","position":1,"name":"Home","item":"https:\/\/candas365.es\/noticias","nextItem":{"@type":"ListItem","@id":"https:\/\/candas365.es\/noticias\/category\/sociedad\/#listItem","name":"Sociedad"}},{"@type":"ListItem","@id":"https:\/\/candas365.es\/noticias\/category\/sociedad\/#listItem","position":2,"name":"Sociedad","item":"https:\/\/candas365.es\/noticias\/category\/sociedad\/","nextItem":{"@type":"ListItem","@id":"https:\/\/candas365.es\/noticias\/el-mal-tiempo-provoca-mas-averias-electricas-en-hogares-de-gijon\/#listItem","name":"El mal tiempo provoca m\u00e1s aver\u00edas el\u00e9ctricas en hogares de Gij\u00f3n"},"previousItem":{"@type":"ListItem","@id":"https:\/\/candas365.es\/noticias#listItem","name":"Home"}},{"@type":"ListItem","@id":"https:\/\/candas365.es\/noticias\/el-mal-tiempo-provoca-mas-averias-electricas-en-hogares-de-gijon\/#listItem","position":3,"name":"El mal tiempo provoca m\u00e1s aver\u00edas el\u00e9ctricas en hogares de Gij\u00f3n","previousItem":{"@type":"ListItem","@id":"https:\/\/candas365.es\/noticias\/category\/sociedad\/#listItem","name":"Sociedad"}}]},{"@type":"NewsArticle","@id":"https:\/\/candas365.es\/noticias\/el-mal-tiempo-provoca-mas-averias-electricas-en-hogares-de-gijon\/#newsarticle","name":"El mal tiempo provoca m\u00e1s aver\u00edas el\u00e9ctricas en hogares de Gij\u00f3n | Cand\u00e1s 365","headline":"El mal tiempo provoca m\u00e1s aver\u00edas el\u00e9ctricas en hogares de Gij\u00f3n","author":{"@id":"https:\/\/candas365.es\/noticias\/author\/admin\/#author"},"publisher":{"@id":"https:\/\/candas365.es\/noticias\/#organization"},"image":{"@type":"ImageObject","url":"https:\/\/candas365.es\/noticias\/wp-content\/uploads\/2025\/10\/averias-electricas-en-hogares-de-Gijon.jpg","width":1001,"height":565,"caption":"aver\u00edas el\u00e9ctricas en hogares de Gij\u00f3n"},"datePublished":"2025-10-23T11:39:30+02:00","dateModified":"2025-10-23T11:39:30+02:00","inLanguage":"es-ES","mainEntityOfPage":{"@id":"https:\/\/candas365.es\/noticias\/el-mal-tiempo-provoca-mas-averias-electricas-en-hogares-de-gijon\/#webpage"},"isPartOf":{"@id":"https:\/\/candas365.es\/noticias\/el-mal-tiempo-provoca-mas-averias-electricas-en-hogares-de-gijon\/#webpage"},"articleSection":"Sociedad, Gij\u00f3n, Hogar","dateline":"Publicado el octubre 23, 2025."},{"@type":"Organization","@id":"https:\/\/candas365.es\/noticias\/#organization","name":"Cand\u00e1s 365","description":"Cand\u00e1s 365 es un diario digital independiente, fundado en 2012, con base en Asturias. Informamos con rigor sobre actualidad, sociedad, cultura y ocio, con una mirada local y global.","url":"https:\/\/candas365.es\/noticias\/","email":"info@candas365.es","telephone":"+34652131393","foundingDate":"2012-06-10","logo":{"@type":"ImageObject","url":"https:\/\/candas365.es\/noticias\/wp-content\/uploads\/2024\/09\/Candas-365-Redes.jpg","@id":"https:\/\/candas365.es\/noticias\/el-mal-tiempo-provoca-mas-averias-electricas-en-hogares-de-gijon\/#organizationLogo","width":1152,"height":864,"caption":"Cand\u00e1s 365 Redes"},"image":{"@id":"https:\/\/candas365.es\/noticias\/el-mal-tiempo-provoca-mas-averias-electricas-en-hogares-de-gijon\/#organizationLogo"},"sameAs":["https:\/\/www.facebook.com\/Nachofdezber","https:\/\/x.com\/NabercoDigital","https:\/\/www.instagram.com\/nachofdezber\/","https:\/\/www.youtube.com\/channel\/UCZP-2wLEB9Rv6erhFmqVnvg"],"address":{"@id":"https:\/\/candas365.es\/noticias\/#postaladdress","@type":"PostalAddress","streetAddress":"san antonio 4, san antonio 4","postalCode":"33430","addressLocality":"Cand\u00e1s","addressRegion":"Asturias","addressCountry":"ES"}},{"@type":"Person","@id":"https:\/\/candas365.es\/noticias\/author\/admin\/#author","url":"https:\/\/candas365.es\/noticias\/author\/admin\/","name":"Cand\u00e1s 365","image":{"@type":"ImageObject","@id":"https:\/\/candas365.es\/noticias\/el-mal-tiempo-provoca-mas-averias-electricas-en-hogares-de-gijon\/#authorImage","url":"https:\/\/secure.gravatar.com\/avatar\/496a8e03d0c493ede1718b7934145dbdf8d89be1036b0eec9544e1094c9de390?s=96&d=mm&r=g","width":96,"height":96,"caption":"Cand\u00e1s 365"},"sameAs":["https:\/\/www.facebook.com\/carrenoactualidad","https:\/\/twitter.com\/nbasturias","https:\/\/www.instagram.com\/nachofdezber\/","https:\/\/www.youtube.com\/channel\/UCZP-2wLEB9Rv6erhFmqVnvg"]},{"@type":"WebPage","@id":"https:\/\/candas365.es\/noticias\/el-mal-tiempo-provoca-mas-averias-electricas-en-hogares-de-gijon\/#webpage","url":"https:\/\/candas365.es\/noticias\/el-mal-tiempo-provoca-mas-averias-electricas-en-hogares-de-gijon\/","name":"El mal tiempo provoca m\u00e1s aver\u00edas el\u00e9ctricas en hogares de Gij\u00f3n | Cand\u00e1s 365","description":"Las lluvias intensas, la humedad y los cambios bruscos de temperatura est\u00e1n detr\u00e1s de buena parte de las aver\u00edas el\u00e9ctricas que se producen cada oto\u00f1o","inLanguage":"es-ES","isPartOf":{"@id":"https:\/\/candas365.es\/noticias\/#website"},"breadcrumb":{"@id":"https:\/\/candas365.es\/noticias\/el-mal-tiempo-provoca-mas-averias-electricas-en-hogares-de-gijon\/#breadcrumblist"},"author":{"@id":"https:\/\/candas365.es\/noticias\/author\/admin\/#author"},"creator":{"@id":"https:\/\/candas365.es\/noticias\/author\/admin\/#author"},"image":{"@type":"ImageObject","url":"https:\/\/candas365.es\/noticias\/wp-content\/uploads\/2025\/10\/averias-electricas-en-hogares-de-Gijon.jpg","@id":"https:\/\/candas365.es\/noticias\/el-mal-tiempo-provoca-mas-averias-electricas-en-hogares-de-gijon\/#mainImage","width":1001,"height":565,"caption":"aver\u00edas el\u00e9ctricas en hogares de Gij\u00f3n"},"primaryImageOfPage":{"@id":"https:\/\/candas365.es\/noticias\/el-mal-tiempo-provoca-mas-averias-electricas-en-hogares-de-gijon\/#mainImage"},"datePublished":"2025-10-23T11:39:30+02:00","dateModified":"2025-10-23T11:39:30+02:00"},{"@type":"WebSite","@id":"https:\/\/candas365.es\/noticias\/#website","url":"https:\/\/candas365.es\/noticias\/","name":"Cand\u00e1s 365","alternateName":"Cand\u00e1s 365 Noticias","description":"Actualidad desde Carre\u00f1o para el mundo","inLanguage":"es-ES","publisher":{"@id":"https:\/\/candas365.es\/noticias\/#organization"}}]},"og:locale":"es_ES","og:site_name":"Cand\u00e1s 365","og:type":"article","og:title":"El mal tiempo provoca m\u00e1s aver\u00edas el\u00e9ctricas en hogares de Gij\u00f3n | Cand\u00e1s 365","og:description":"Las lluvias intensas, la humedad y los cambios bruscos de temperatura est\u00e1n detr\u00e1s de buena parte de las aver\u00edas el\u00e9ctricas que se producen cada oto\u00f1o","og:url":"https:\/\/candas365.es\/noticias\/el-mal-tiempo-provoca-mas-averias-electricas-en-hogares-de-gijon\/","og:image":"https:\/\/candas365.es\/noticias\/wp-content\/uploads\/2025\/10\/averias-electricas-en-hogares-de-Gijon.jpg","og:image:secure_url":"https:\/\/candas365.es\/noticias\/wp-content\/uploads\/2025\/10\/averias-electricas-en-hogares-de-Gijon.jpg","og:image:width":1001,"og:image:height":565,"article:published_time":"2025-10-23T09:39:30+00:00","article:modified_time":"2025-10-23T09:39:30+00:00","article:publisher":"https:\/\/www.facebook.com\/Nachofdezber","article:author":"https:\/\/www.facebook.com\/carrenoactualidad","twitter:card":"summary_large_image","twitter:site":"@NabercoDigital","twitter:title":"El mal tiempo provoca m\u00e1s aver\u00edas el\u00e9ctricas en hogares de Gij\u00f3n | Cand\u00e1s 365","twitter:description":"Las lluvias intensas, la humedad y los cambios bruscos de temperatura est\u00e1n detr\u00e1s de buena parte de las aver\u00edas el\u00e9ctricas que se producen cada oto\u00f1o","twitter:creator":"@nbasturias","twitter:image":"https:\/\/candas365.es\/noticias\/wp-content\/uploads\/2025\/10\/averias-electricas-en-hogares-de-Gijon.jpg","twitter:label1":"Escrito por","twitter:data1":"Cand\u00e1s 365","twitter:label2":"Tiempo de lectura estimado","twitter:data2":"2 minutos"},"aioseo_meta_data":{"post_id":"189358","title":null,"description":"Las lluvias intensas, la humedad y los cambios bruscos de temperatura est\u00e1n detr\u00e1s de buena parte de las aver\u00edas el\u00e9ctricas que se producen cada oto\u00f1o","keywords":null,"keyphrases":{"focus":{"keyphrase":"aver\u00edas el\u00e9ctricas","score":85,"analysis":{"keyphraseInTitle":{"score":9,"maxScore":9,"error":0},"keyphraseInDescription":{"score":9,"maxScore":9,"error":0},"keyphraseLength":{"score":9,"maxScore":9,"error":0,"length":4},"keyphraseInURL":{"score":5,"maxScore":5,"error":0},"keyphraseInIntroduction":{"score":9,"maxScore":9,"error":0},"keyphraseInSubHeadings":[],"keyphraseInImageAlt":{"score":9,"maxScore":9,"error":0},"keywordDensity":{"score":0,"type":"low","maxScore":9,"error":1}}},"additional":[{"keyphrase":"aver\u00edas el\u00e9ctricas","score":80,"analysis":{"keyphraseInDescription":{"score":9,"maxScore":9,"error":0},"keyphraseLength":{"score":9,"maxScore":9,"error":0,"length":4},"keyphraseInIntroduction":{"score":9,"maxScore":9,"error":0},"keyphraseInImageAlt":{"score":9,"maxScore":9,"error":0},"keywordDensity":{"score":0,"type":"low","maxScore":9,"error":1}}}]},"primary_term":null,"canonical_url":null,"og_title":null,"og_description":null,"og_object_type":"default","og_image_type":"default","og_image_url":null,"og_image_width":null,"og_image_height":null,"og_image_custom_url":null,"og_image_custom_fields":null,"og_video":"","og_custom_url":null,"og_article_section":null,"og_article_tags":null,"twitter_use_og":false,"twitter_card":"default","twitter_image_type":"default","twitter_image_url":null,"twitter_image_custom_url":null,"twitter_image_custom_fields":null,"twitter_title":null,"twitter_description":null,"schema":{"blockGraphs":[],"customGraphs":[],"default":{"data":{"Article":[],"Course":[],"Dataset":[],"FAQPage":[],"Movie":[],"Person":[],"Product":[],"ProductReview":[],"Car":[],"Recipe":[],"Service":[],"SoftwareApplication":[],"WebPage":[]},"graphName":"Article","isEnabled":true},"graphs":[]},"schema_type":"default","schema_type_options":null,"pillar_content":false,"robots_default":true,"robots_noindex":false,"robots_noarchive":false,"robots_nosnippet":false,"robots_nofollow":false,"robots_noimageindex":false,"robots_noodp":false,"robots_notranslate":false,"robots_max_snippet":"-1","robots_max_videopreview":"-1","robots_max_imagepreview":"large","priority":null,"frequency":"default","location":null,"local_seo":null,"seo_analyzer_scan_date":"2025-10-23 09:46:08","breadcrumb_settings":null,"limit_modified_date":false,"reviewed_by":null,"open_ai":null,"ai":{"faqs":[],"keyPoints":[],"titles":[],"descriptions":[],"socialPosts":{"email":[],"linkedin":[],"twitter":[],"facebook":[],"instagram":[]}},"created":"2025-10-23 09:34:42","updated":"2025-10-23 09:46:08"},"aioseo_breadcrumb":"<div class=\"aioseo-breadcrumbs\"><span class=\"aioseo-breadcrumb\">\n\t<a href=\"https:\/\/candas365.es\/noticias\" title=\"Home\">Home<\/a>\n<\/span><span class=\"aioseo-breadcrumb-separator\">&ndash;<\/span><span class=\"aioseo-breadcrumb\">\n\t<a href=\"https:\/\/candas365.es\/noticias\/category\/sociedad\/\" title=\"Sociedad\">Sociedad<\/a>\n<\/span><span class=\"aioseo-breadcrumb-separator\">&ndash;<\/span><span class=\"aioseo-breadcrumb\">\n\tEl mal tiempo provoca m\u00e1s aver\u00edas el\u00e9ctricas en hogares de Gij\u00f3n\n<\/span><\/div>","aioseo_breadcrumb_json":[{"label":"Home","link":"https:\/\/candas365.es\/noticias"},{"label":"Sociedad","link":"https:\/\/candas365.es\/noticias\/category\/sociedad\/"},{"label":"El mal tiempo provoca m\u00e1s aver\u00edas el\u00e9ctricas en hogares de Gij\u00f3n","link":"https:\/\/candas365.es\/noticias\/el-mal-tiempo-provoca-mas-averias-electricas-en-hogares-de-gijon\/"}],"_links":{"self":[{"href":"https:\/\/candas365.es\/noticias\/wp-json\/wp\/v2\/posts\/189358","targetHints":{"allow":["GET"]}}],"collection":[{"href":"https:\/\/candas365.es\/noticias\/wp-json\/wp\/v2\/posts"}],"about":[{"href":"https:\/\/candas365.es\/noticias\/wp-json\/wp\/v2\/types\/post"}],"author":[{"embeddable":true,"href":"https:\/\/candas365.es\/noticias\/wp-json\/wp\/v2\/users\/1"}],"replies":[{"embeddable":true,"href":"https:\/\/candas365.es\/noticias\/wp-json\/wp\/v2\/comments?post=189358"}],"version-history":[{"count":0,"href":"https:\/\/candas365.es\/noticias\/wp-json\/wp\/v2\/posts\/189358\/revisions"}],"wp:featuredmedia":[{"embeddable":true,"href":"https:\/\/candas365.es\/noticias\/wp-json\/wp\/v2\/media\/189359"}],"wp:attachment":[{"href":"https:\/\/candas365.es\/noticias\/wp-json\/wp\/v2\/media?parent=189358"}],"wp:term":[{"taxonomy":"category","embeddable":true,"href":"https:\/\/candas365.es\/noticias\/wp-json\/wp\/v2\/categories?post=189358"},{"taxonomy":"post_tag","embeddable":true,"href":"https:\/\/candas365.es\/noticias\/wp-json\/wp\/v2\/tags?post=189358"}],"curies":[{"name":"wp","href":"https:\/\/api.w.org\/{rel}","templated":true}]}}