{"id":189346,"date":"2025-10-23T06:13:31","date_gmt":"2025-10-23T04:13:31","guid":{"rendered":"https:\/\/candas365.es\/noticias\/?p=189346"},"modified":"2025-10-23T06:13:31","modified_gmt":"2025-10-23T04:13:31","slug":"noviembre-2025-mes-de-castanas-y-dulces","status":"publish","type":"post","link":"https:\/\/candas365.es\/noticias\/noviembre-2025-mes-de-castanas-y-dulces\/","title":{"rendered":"Noviembre 2025: Mes de casta\u00f1as y dulces"},"content":{"rendered":"<p>Cada plan tiene su momento, y con noviembre de 2025 las casta\u00f1as vuelven a la mente: <a href=\"https:\/\/candas365.es\/noticias\/category\/revista\/\"><strong><span style=\"color: #ff6600;\">sabores de oto\u00f1o<\/span><\/strong><\/a> que ofrecen variedad y ocio activo al aire libre.<\/p>\n<figure id=\"attachment_189347\" aria-describedby=\"caption-attachment-189347\" style=\"width: 650px\" class=\"wp-caption aligncenter\"><img fetchpriority=\"high\" decoding=\"async\" class=\"size-large wp-image-189347\" src=\"https:\/\/candas365.es\/noticias\/wp-content\/uploads\/2025\/10\/Noviembre-2025-Mes-de-castanas-y-dulces-650x430.jpg\" alt=\"Noviembre 2025 Mes de casta\u00f1as y dulces\" width=\"650\" height=\"430\" srcset=\"https:\/\/candas365.es\/noticias\/wp-content\/uploads\/2025\/10\/Noviembre-2025-Mes-de-castanas-y-dulces-650x430.jpg 650w, https:\/\/candas365.es\/noticias\/wp-content\/uploads\/2025\/10\/Noviembre-2025-Mes-de-castanas-y-dulces-360x238.jpg 360w, https:\/\/candas365.es\/noticias\/wp-content\/uploads\/2025\/10\/Noviembre-2025-Mes-de-castanas-y-dulces-768x508.jpg 768w, https:\/\/candas365.es\/noticias\/wp-content\/uploads\/2025\/10\/Noviembre-2025-Mes-de-castanas-y-dulces-150x99.jpg 150w, https:\/\/candas365.es\/noticias\/wp-content\/uploads\/2025\/10\/Noviembre-2025-Mes-de-castanas-y-dulces-450x297.jpg 450w, https:\/\/candas365.es\/noticias\/wp-content\/uploads\/2025\/10\/Noviembre-2025-Mes-de-castanas-y-dulces.jpg 1029w\" sizes=\"(max-width: 650px) 100vw, 650px\" \/><figcaption id=\"caption-attachment-189347\" class=\"wp-caption-text\">Foto: 123rf.com<\/figcaption><\/figure>\n<h3>C\u00f3mo y d\u00f3nde recoger casta\u00f1as en noviembre<\/h3>\n<p>Con la ca\u00edda de las hojas, los casta\u00f1os comienzan a soltar sus frutos. Pero no todo lo que cae est\u00e1 libre para coger. Antes de lanzarse al monte, conviene saber:<\/p>\n<ul>\n<li><strong>Si los casta\u00f1os est\u00e1n en una finca privada<\/strong>, lo mejor es pedir permiso. Y si se trata de una explotaci\u00f3n activa, ofrecer al due\u00f1o una cantidad justa y razonable puede ser lo correcto: quiz\u00e1s sea parte de su trabajo.<\/li>\n<li><strong>En espacios p\u00fablicos<\/strong> como montes comunales o caminos rurales, la recogida suele estar permitida, siempre con respeto. Tambi\u00e9n conviene recoger solo la cantidad que se vaya a consumir: as\u00ed se contribuye al equilibrio del entorno y se permite que otros puedan disfrutar la experiencia sin encontrarse el suelo vac\u00edo.<\/li>\n<li><strong>Normas b\u00e1sicas<\/strong>: no romper ramas, no usar herramientas agresivas, no dejar basura.<\/li>\n<li><strong>Cu\u00e1ndo ir<\/strong>: cada persona tiene su momento. Hay quien prefiere madrugar, y quien elige la tarde para desconectar del trabajo y reconectar con la naturaleza. Lo importante es hacerlo con calma y atenci\u00f3n.<\/li>\n<\/ul>\n<blockquote><p>Recoger casta\u00f1as no es solo una actividad: es una forma de estar en el paisaje sin alterarlo.<\/p><\/blockquote>\n<h2>Qu\u00e9 llevar para una jornada casta\u00f1era<\/h2>\n<p>Siempre es importante elegir buena ropa, calzado y otros elementos que faciliten la experiencia:<\/p>\n<ul>\n<li><strong>Ropa c\u00f3moda y resistente<\/strong>: pantalones largos, chaqueta impermeable, gorro si hace fr\u00edo.<\/li>\n<li><strong>Calzado adecuado<\/strong>: botas o zapatillas de monte, con buen agarre.<\/li>\n<li><strong>Guantes<\/strong>: para evitar pinchazos y facilitar la recogida.<\/li>\n<li><strong>Cesta o bolsa de tela<\/strong>: nunca pl\u00e1stico, que puede da\u00f1ar el entorno.<\/li>\n<li><strong>Agua y algo de comida<\/strong>: si se va en grupo, un termo con caf\u00e9 o chocolate siempre suma.<\/li>\n<li><strong>Linterna<\/strong>: si se elige ir a media tarde, puede ser \u00fatil para volver por sendas en las que quiz\u00e1s no haya luz.<\/li>\n<\/ul>\n<p>Y si hay ni\u00f1os, convertir la salida en juego: qui\u00e9n encuentra la casta\u00f1a m\u00e1s grande, la m\u00e1s brillante, la m\u00e1s escondida.<\/p>\n<h3>C\u00f3mo pelarlas, cocerlas y conservarlas<\/h3>\n<p>Una vez en casa, empieza el ritual. Las casta\u00f1as requieren mimo:<\/p>\n<ul>\n<li><strong>Para pelarlas<\/strong>: hacer un corte superficial antes de cocerlas ayuda a que la piel se desprenda.<\/li>\n<li><strong>Cocidas<\/strong>: en agua con sal durante 20\u201325 minutos.<\/li>\n<li><strong>Al horno<\/strong>: con corte previo, a 200\u202f\u00b0C unos 25 minutos.<\/li>\n<li><strong>Conservaci\u00f3n<\/strong>: pueden congelarse peladas, guardarse en alm\u00edbar o convertirse en pur\u00e9 para reposter\u00eda.<\/li>\n<\/ul>\n<blockquote><p>El aroma que desprenden al cocerse es, para muchos, el verdadero olor del oto\u00f1o.<\/p><\/blockquote>\n<h3>Recetas dulces con casta\u00f1as<\/h3>\n<p>Las <a href=\"https:\/\/eldigitaldeasturias.com\/radio\/category\/gastronomia\/\" target=\"_blank\" rel=\"noopener\"><span style=\"color: #ff6600;\"><strong>casta\u00f1as<\/strong><\/span><\/a> no solo se comen al natural. Tambi\u00e9n se transforman en dulces que reconfortan:<\/p>\n<ul>\n<li><strong>Mermelada de casta\u00f1as con vainilla<\/strong>: cocer, triturar, a\u00f1adir az\u00facar y esencia. Ideal para tostadas o rellenos.<\/li>\n<li><strong>Pastel de casta\u00f1as y chocolate<\/strong>: mezcla de pur\u00e9 de casta\u00f1as, cacao, huevos y mantequilla. Textura densa, sabor profundo.<\/li>\n<li><strong>Tarta de oto\u00f1o<\/strong>: base de galleta, crema de casta\u00f1as, manzana caramelizada y toque de canela.<\/li>\n<\/ul>\n<p>Son recetas sencillas, con ingredientes accesibles, que permiten aprovechar lo recogido y compartirlo en casa.<\/p>\n<h1>Casta\u00f1as como s\u00edmbolo del oto\u00f1o<\/h1>\n<p>En muchas regiones y pa\u00edses, las casta\u00f1as, adem\u00e1s de formar parte del paisaje que nos ofrece el oto\u00f1o, est\u00e1n presentes en fiestas populares, reuniones de vecinos e incluso en actividades escolares. La tradici\u00f3n sigue viva, y no es de extra\u00f1ar ver a abuelos con sus nietos, o a toda la familia colaborando para poner sabor a la vida con uno de los productos que nos regala la naturaleza.<\/p>\n<p>\u00bfSalir a por casta\u00f1as? Un buen plan.<strong> Pero recuerda siempre respetar el entorno y hacer todo lo que est\u00e9 en tus manos para que esa tradici\u00f3n perdure en el tiempo.<\/strong><\/p>\n","protected":false},"excerpt":{"rendered":"<p>Cada plan tiene su momento, y con noviembre de 2025 las casta\u00f1as vuelven a la mente: sabores de oto\u00f1o que ofrecen variedad y ocio activo al aire libre. C\u00f3mo y d\u00f3nde recoger casta\u00f1as en noviembre Con la ca\u00edda de las hojas, los casta\u00f1os comienzan a soltar sus frutos. Pero no todo lo que cae est\u00e1<\/p>\n","protected":false},"author":1,"featured_media":189347,"comment_status":"closed","ping_status":"closed","sticky":false,"template":"","format":"standard","meta":{"footnotes":""},"categories":[142],"tags":[452,465],"class_list":{"0":"post-189346","1":"post","2":"type-post","3":"status-publish","4":"format-standard","5":"has-post-thumbnail","7":"category-revista","8":"tag-gastronomia","9":"tag-ocio"},"aioseo_notices":[],"aioseo_head":"\n\t\t<!-- All in One SEO Pro 4.9.6.2 - aioseo.com -->\n\t<meta name=\"description\" content=\"Cada plan tiene su momento, y con noviembre de 2025 las casta\u00f1as vuelven a la mente: sabores de oto\u00f1o que ofrecen variedad y ocio activo al aire libre.\" \/>\n\t<meta name=\"robots\" content=\"max-image-preview:large\" \/>\n\t<meta name=\"author\" content=\"Cand\u00e1s 365\"\/>\n\t<meta name=\"google-site-verification\" content=\"UA-32230408-1\" \/>\n\t<meta name=\"msvalidate.01\" content=\"354F3CDFB2DA171B47FBE9ABF1F88D5\" \/>\n\t<meta name=\"keywords\" content=\"revista\" \/>\n\t<link rel=\"canonical\" href=\"https:\/\/candas365.es\/noticias\/noviembre-2025-mes-de-castanas-y-dulces\/\" \/>\n\t<meta name=\"generator\" content=\"All in One SEO Pro (AIOSEO) 4.9.6.2\" \/>\n\t\t<meta property=\"og:locale\" content=\"es_ES\" \/>\n\t\t<meta property=\"og:site_name\" content=\"Cand\u00e1s 365\" \/>\n\t\t<meta property=\"og:type\" content=\"article\" \/>\n\t\t<meta property=\"og:title\" content=\"Noviembre 2025: Mes de casta\u00f1as y dulces | Cand\u00e1s 365\" \/>\n\t\t<meta property=\"og:description\" content=\"Cada plan tiene su momento, y con noviembre de 2025 las casta\u00f1as vuelven a la mente: sabores de oto\u00f1o que ofrecen variedad y ocio activo al aire libre.\" \/>\n\t\t<meta property=\"og:url\" content=\"https:\/\/candas365.es\/noticias\/noviembre-2025-mes-de-castanas-y-dulces\/\" \/>\n\t\t<meta property=\"og:image\" content=\"https:\/\/candas365.es\/noticias\/wp-content\/uploads\/2025\/10\/Noviembre-2025-Mes-de-castanas-y-dulces.jpg\" \/>\n\t\t<meta property=\"og:image:secure_url\" content=\"https:\/\/candas365.es\/noticias\/wp-content\/uploads\/2025\/10\/Noviembre-2025-Mes-de-castanas-y-dulces.jpg\" \/>\n\t\t<meta property=\"og:image:width\" content=\"1029\" \/>\n\t\t<meta property=\"og:image:height\" content=\"680\" \/>\n\t\t<meta property=\"article:published_time\" content=\"2025-10-23T04:13:31+00:00\" \/>\n\t\t<meta property=\"article:modified_time\" content=\"2025-10-23T04:13:31+00:00\" \/>\n\t\t<meta property=\"article:publisher\" content=\"https:\/\/www.facebook.com\/Nachofdezber\" \/>\n\t\t<meta property=\"article:author\" content=\"https:\/\/www.facebook.com\/carrenoactualidad\" \/>\n\t\t<meta name=\"twitter:card\" content=\"summary_large_image\" \/>\n\t\t<meta name=\"twitter:site\" content=\"@NabercoDigital\" \/>\n\t\t<meta name=\"twitter:title\" content=\"Noviembre 2025: Mes de casta\u00f1as y dulces | Cand\u00e1s 365\" \/>\n\t\t<meta name=\"twitter:description\" content=\"Cada plan tiene su momento, y con noviembre de 2025 las casta\u00f1as vuelven a la mente: sabores de oto\u00f1o que ofrecen variedad y ocio activo al aire libre.\" \/>\n\t\t<meta name=\"twitter:creator\" content=\"@nbasturias\" \/>\n\t\t<meta name=\"twitter:image\" content=\"https:\/\/candas365.es\/noticias\/wp-content\/uploads\/2025\/10\/Noviembre-2025-Mes-de-castanas-y-dulces.jpg\" \/>\n\t\t<meta name=\"twitter:label1\" content=\"Escrito por\" \/>\n\t\t<meta name=\"twitter:data1\" content=\"Cand\u00e1s 365\" \/>\n\t\t<meta name=\"twitter:label2\" content=\"Tiempo de lectura estimado\" \/>\n\t\t<meta name=\"twitter:data2\" content=\"3 minutos\" \/>\n\t\t<script type=\"application\/ld+json\" class=\"aioseo-schema\">\n\t\t\t{\"@context\":\"https:\\\/\\\/schema.org\",\"@graph\":[{\"@type\":\"BreadcrumbList\",\"@id\":\"https:\\\/\\\/candas365.es\\\/noticias\\\/noviembre-2025-mes-de-castanas-y-dulces\\\/#breadcrumblist\",\"itemListElement\":[{\"@type\":\"ListItem\",\"@id\":\"https:\\\/\\\/candas365.es\\\/noticias#listItem\",\"position\":1,\"name\":\"Home\",\"item\":\"https:\\\/\\\/candas365.es\\\/noticias\",\"nextItem\":{\"@type\":\"ListItem\",\"@id\":\"https:\\\/\\\/candas365.es\\\/noticias\\\/category\\\/revista\\\/#listItem\",\"name\":\"Revista\"}},{\"@type\":\"ListItem\",\"@id\":\"https:\\\/\\\/candas365.es\\\/noticias\\\/category\\\/revista\\\/#listItem\",\"position\":2,\"name\":\"Revista\",\"item\":\"https:\\\/\\\/candas365.es\\\/noticias\\\/category\\\/revista\\\/\",\"nextItem\":{\"@type\":\"ListItem\",\"@id\":\"https:\\\/\\\/candas365.es\\\/noticias\\\/noviembre-2025-mes-de-castanas-y-dulces\\\/#listItem\",\"name\":\"Noviembre 2025: Mes de casta\\u00f1as y dulces\"},\"previousItem\":{\"@type\":\"ListItem\",\"@id\":\"https:\\\/\\\/candas365.es\\\/noticias#listItem\",\"name\":\"Home\"}},{\"@type\":\"ListItem\",\"@id\":\"https:\\\/\\\/candas365.es\\\/noticias\\\/noviembre-2025-mes-de-castanas-y-dulces\\\/#listItem\",\"position\":3,\"name\":\"Noviembre 2025: Mes de casta\\u00f1as y dulces\",\"previousItem\":{\"@type\":\"ListItem\",\"@id\":\"https:\\\/\\\/candas365.es\\\/noticias\\\/category\\\/revista\\\/#listItem\",\"name\":\"Revista\"}}]},{\"@type\":\"NewsArticle\",\"@id\":\"https:\\\/\\\/candas365.es\\\/noticias\\\/noviembre-2025-mes-de-castanas-y-dulces\\\/#newsarticle\",\"name\":\"Noviembre 2025: Mes de casta\\u00f1as y dulces | Cand\\u00e1s 365\",\"headline\":\"Noviembre 2025: Mes de casta\\u00f1as y dulces\",\"author\":{\"@id\":\"https:\\\/\\\/candas365.es\\\/noticias\\\/author\\\/admin\\\/#author\"},\"publisher\":{\"@id\":\"https:\\\/\\\/candas365.es\\\/noticias\\\/#organization\"},\"image\":{\"@type\":\"ImageObject\",\"url\":\"https:\\\/\\\/candas365.es\\\/noticias\\\/wp-content\\\/uploads\\\/2025\\\/10\\\/Noviembre-2025-Mes-de-castanas-y-dulces.jpg\",\"width\":1029,\"height\":680,\"caption\":\"Foto: 123rf.com\"},\"datePublished\":\"2025-10-23T06:13:31+02:00\",\"dateModified\":\"2025-10-23T06:13:31+02:00\",\"inLanguage\":\"es-ES\",\"mainEntityOfPage\":{\"@id\":\"https:\\\/\\\/candas365.es\\\/noticias\\\/noviembre-2025-mes-de-castanas-y-dulces\\\/#webpage\"},\"isPartOf\":{\"@id\":\"https:\\\/\\\/candas365.es\\\/noticias\\\/noviembre-2025-mes-de-castanas-y-dulces\\\/#webpage\"},\"articleSection\":\"Revista, Gastronom\\u00eda, Ocio\",\"dateline\":\"Publicado el octubre 23, 2025.\"},{\"@type\":\"Organization\",\"@id\":\"https:\\\/\\\/candas365.es\\\/noticias\\\/#organization\",\"name\":\"Cand\\u00e1s 365\",\"description\":\"Cand\\u00e1s 365 es un diario digital independiente, fundado en 2012, con base en Asturias. Informamos con rigor sobre actualidad, sociedad, cultura y ocio, con una mirada local y global.\",\"url\":\"https:\\\/\\\/candas365.es\\\/noticias\\\/\",\"email\":\"info@candas365.es\",\"telephone\":\"+34652131393\",\"foundingDate\":\"2012-06-10\",\"logo\":{\"@type\":\"ImageObject\",\"url\":\"https:\\\/\\\/candas365.es\\\/noticias\\\/wp-content\\\/uploads\\\/2024\\\/09\\\/Candas-365-Redes.jpg\",\"@id\":\"https:\\\/\\\/candas365.es\\\/noticias\\\/noviembre-2025-mes-de-castanas-y-dulces\\\/#organizationLogo\",\"width\":1152,\"height\":864,\"caption\":\"Cand\\u00e1s 365 Redes\"},\"image\":{\"@id\":\"https:\\\/\\\/candas365.es\\\/noticias\\\/noviembre-2025-mes-de-castanas-y-dulces\\\/#organizationLogo\"},\"sameAs\":[\"https:\\\/\\\/www.facebook.com\\\/Nachofdezber\",\"https:\\\/\\\/x.com\\\/NabercoDigital\",\"https:\\\/\\\/www.instagram.com\\\/nachofdezber\\\/\",\"https:\\\/\\\/www.youtube.com\\\/channel\\\/UCZP-2wLEB9Rv6erhFmqVnvg\"],\"address\":{\"@id\":\"https:\\\/\\\/candas365.es\\\/noticias\\\/#postaladdress\",\"@type\":\"PostalAddress\",\"streetAddress\":\"san antonio 4, san antonio 4\",\"postalCode\":\"33430\",\"addressLocality\":\"Cand\\u00e1s\",\"addressRegion\":\"Asturias\",\"addressCountry\":\"ES\"}},{\"@type\":\"Person\",\"@id\":\"https:\\\/\\\/candas365.es\\\/noticias\\\/author\\\/admin\\\/#author\",\"url\":\"https:\\\/\\\/candas365.es\\\/noticias\\\/author\\\/admin\\\/\",\"name\":\"Cand\\u00e1s 365\",\"image\":{\"@type\":\"ImageObject\",\"@id\":\"https:\\\/\\\/candas365.es\\\/noticias\\\/noviembre-2025-mes-de-castanas-y-dulces\\\/#authorImage\",\"url\":\"https:\\\/\\\/secure.gravatar.com\\\/avatar\\\/496a8e03d0c493ede1718b7934145dbdf8d89be1036b0eec9544e1094c9de390?s=96&d=mm&r=g\",\"width\":96,\"height\":96,\"caption\":\"Cand\\u00e1s 365\"},\"sameAs\":[\"https:\\\/\\\/www.facebook.com\\\/carrenoactualidad\",\"https:\\\/\\\/twitter.com\\\/nbasturias\",\"https:\\\/\\\/www.instagram.com\\\/nachofdezber\\\/\",\"https:\\\/\\\/www.youtube.com\\\/channel\\\/UCZP-2wLEB9Rv6erhFmqVnvg\"]},{\"@type\":\"WebPage\",\"@id\":\"https:\\\/\\\/candas365.es\\\/noticias\\\/noviembre-2025-mes-de-castanas-y-dulces\\\/#webpage\",\"url\":\"https:\\\/\\\/candas365.es\\\/noticias\\\/noviembre-2025-mes-de-castanas-y-dulces\\\/\",\"name\":\"Noviembre 2025: Mes de casta\\u00f1as y dulces | Cand\\u00e1s 365\",\"description\":\"Cada plan tiene su momento, y con noviembre de 2025 las casta\\u00f1as vuelven a la mente: sabores de oto\\u00f1o que ofrecen variedad y ocio activo al aire libre.\",\"inLanguage\":\"es-ES\",\"isPartOf\":{\"@id\":\"https:\\\/\\\/candas365.es\\\/noticias\\\/#website\"},\"breadcrumb\":{\"@id\":\"https:\\\/\\\/candas365.es\\\/noticias\\\/noviembre-2025-mes-de-castanas-y-dulces\\\/#breadcrumblist\"},\"author\":{\"@id\":\"https:\\\/\\\/candas365.es\\\/noticias\\\/author\\\/admin\\\/#author\"},\"creator\":{\"@id\":\"https:\\\/\\\/candas365.es\\\/noticias\\\/author\\\/admin\\\/#author\"},\"image\":{\"@type\":\"ImageObject\",\"url\":\"https:\\\/\\\/candas365.es\\\/noticias\\\/wp-content\\\/uploads\\\/2025\\\/10\\\/Noviembre-2025-Mes-de-castanas-y-dulces.jpg\",\"@id\":\"https:\\\/\\\/candas365.es\\\/noticias\\\/noviembre-2025-mes-de-castanas-y-dulces\\\/#mainImage\",\"width\":1029,\"height\":680,\"caption\":\"Foto: 123rf.com\"},\"primaryImageOfPage\":{\"@id\":\"https:\\\/\\\/candas365.es\\\/noticias\\\/noviembre-2025-mes-de-castanas-y-dulces\\\/#mainImage\"},\"datePublished\":\"2025-10-23T06:13:31+02:00\",\"dateModified\":\"2025-10-23T06:13:31+02:00\"},{\"@type\":\"WebSite\",\"@id\":\"https:\\\/\\\/candas365.es\\\/noticias\\\/#website\",\"url\":\"https:\\\/\\\/candas365.es\\\/noticias\\\/\",\"name\":\"Cand\\u00e1s 365\",\"alternateName\":\"Cand\\u00e1s 365 Noticias\",\"description\":\"Actualidad desde Carre\\u00f1o para el mundo\",\"inLanguage\":\"es-ES\",\"publisher\":{\"@id\":\"https:\\\/\\\/candas365.es\\\/noticias\\\/#organization\"}}]}\n\t\t<\/script>\n\t\t<!-- All in One SEO Pro -->\r\n\t\t<title>Noviembre 2025: Mes de casta\u00f1as y dulces | Cand\u00e1s 365<\/title>\n\n","aioseo_head_json":{"title":"Noviembre 2025: Mes de casta\u00f1as y dulces | Cand\u00e1s 365","description":"Cada plan tiene su momento, y con noviembre de 2025 las casta\u00f1as vuelven a la mente: sabores de oto\u00f1o que ofrecen variedad y ocio activo al aire libre.","canonical_url":"https:\/\/candas365.es\/noticias\/noviembre-2025-mes-de-castanas-y-dulces\/","robots":"max-image-preview:large","keywords":"revista","webmasterTools":{"google-site-verification":"UA-32230408-1","msvalidate.01":"354F3CDFB2DA171B47FBE9ABF1F88D5","miscellaneous":""},"schema":{"@context":"https:\/\/schema.org","@graph":[{"@type":"BreadcrumbList","@id":"https:\/\/candas365.es\/noticias\/noviembre-2025-mes-de-castanas-y-dulces\/#breadcrumblist","itemListElement":[{"@type":"ListItem","@id":"https:\/\/candas365.es\/noticias#listItem","position":1,"name":"Home","item":"https:\/\/candas365.es\/noticias","nextItem":{"@type":"ListItem","@id":"https:\/\/candas365.es\/noticias\/category\/revista\/#listItem","name":"Revista"}},{"@type":"ListItem","@id":"https:\/\/candas365.es\/noticias\/category\/revista\/#listItem","position":2,"name":"Revista","item":"https:\/\/candas365.es\/noticias\/category\/revista\/","nextItem":{"@type":"ListItem","@id":"https:\/\/candas365.es\/noticias\/noviembre-2025-mes-de-castanas-y-dulces\/#listItem","name":"Noviembre 2025: Mes de casta\u00f1as y dulces"},"previousItem":{"@type":"ListItem","@id":"https:\/\/candas365.es\/noticias#listItem","name":"Home"}},{"@type":"ListItem","@id":"https:\/\/candas365.es\/noticias\/noviembre-2025-mes-de-castanas-y-dulces\/#listItem","position":3,"name":"Noviembre 2025: Mes de casta\u00f1as y dulces","previousItem":{"@type":"ListItem","@id":"https:\/\/candas365.es\/noticias\/category\/revista\/#listItem","name":"Revista"}}]},{"@type":"NewsArticle","@id":"https:\/\/candas365.es\/noticias\/noviembre-2025-mes-de-castanas-y-dulces\/#newsarticle","name":"Noviembre 2025: Mes de casta\u00f1as y dulces | Cand\u00e1s 365","headline":"Noviembre 2025: Mes de casta\u00f1as y dulces","author":{"@id":"https:\/\/candas365.es\/noticias\/author\/admin\/#author"},"publisher":{"@id":"https:\/\/candas365.es\/noticias\/#organization"},"image":{"@type":"ImageObject","url":"https:\/\/candas365.es\/noticias\/wp-content\/uploads\/2025\/10\/Noviembre-2025-Mes-de-castanas-y-dulces.jpg","width":1029,"height":680,"caption":"Foto: 123rf.com"},"datePublished":"2025-10-23T06:13:31+02:00","dateModified":"2025-10-23T06:13:31+02:00","inLanguage":"es-ES","mainEntityOfPage":{"@id":"https:\/\/candas365.es\/noticias\/noviembre-2025-mes-de-castanas-y-dulces\/#webpage"},"isPartOf":{"@id":"https:\/\/candas365.es\/noticias\/noviembre-2025-mes-de-castanas-y-dulces\/#webpage"},"articleSection":"Revista, Gastronom\u00eda, Ocio","dateline":"Publicado el octubre 23, 2025."},{"@type":"Organization","@id":"https:\/\/candas365.es\/noticias\/#organization","name":"Cand\u00e1s 365","description":"Cand\u00e1s 365 es un diario digital independiente, fundado en 2012, con base en Asturias. Informamos con rigor sobre actualidad, sociedad, cultura y ocio, con una mirada local y global.","url":"https:\/\/candas365.es\/noticias\/","email":"info@candas365.es","telephone":"+34652131393","foundingDate":"2012-06-10","logo":{"@type":"ImageObject","url":"https:\/\/candas365.es\/noticias\/wp-content\/uploads\/2024\/09\/Candas-365-Redes.jpg","@id":"https:\/\/candas365.es\/noticias\/noviembre-2025-mes-de-castanas-y-dulces\/#organizationLogo","width":1152,"height":864,"caption":"Cand\u00e1s 365 Redes"},"image":{"@id":"https:\/\/candas365.es\/noticias\/noviembre-2025-mes-de-castanas-y-dulces\/#organizationLogo"},"sameAs":["https:\/\/www.facebook.com\/Nachofdezber","https:\/\/x.com\/NabercoDigital","https:\/\/www.instagram.com\/nachofdezber\/","https:\/\/www.youtube.com\/channel\/UCZP-2wLEB9Rv6erhFmqVnvg"],"address":{"@id":"https:\/\/candas365.es\/noticias\/#postaladdress","@type":"PostalAddress","streetAddress":"san antonio 4, san antonio 4","postalCode":"33430","addressLocality":"Cand\u00e1s","addressRegion":"Asturias","addressCountry":"ES"}},{"@type":"Person","@id":"https:\/\/candas365.es\/noticias\/author\/admin\/#author","url":"https:\/\/candas365.es\/noticias\/author\/admin\/","name":"Cand\u00e1s 365","image":{"@type":"ImageObject","@id":"https:\/\/candas365.es\/noticias\/noviembre-2025-mes-de-castanas-y-dulces\/#authorImage","url":"https:\/\/secure.gravatar.com\/avatar\/496a8e03d0c493ede1718b7934145dbdf8d89be1036b0eec9544e1094c9de390?s=96&d=mm&r=g","width":96,"height":96,"caption":"Cand\u00e1s 365"},"sameAs":["https:\/\/www.facebook.com\/carrenoactualidad","https:\/\/twitter.com\/nbasturias","https:\/\/www.instagram.com\/nachofdezber\/","https:\/\/www.youtube.com\/channel\/UCZP-2wLEB9Rv6erhFmqVnvg"]},{"@type":"WebPage","@id":"https:\/\/candas365.es\/noticias\/noviembre-2025-mes-de-castanas-y-dulces\/#webpage","url":"https:\/\/candas365.es\/noticias\/noviembre-2025-mes-de-castanas-y-dulces\/","name":"Noviembre 2025: Mes de casta\u00f1as y dulces | Cand\u00e1s 365","description":"Cada plan tiene su momento, y con noviembre de 2025 las casta\u00f1as vuelven a la mente: sabores de oto\u00f1o que ofrecen variedad y ocio activo al aire libre.","inLanguage":"es-ES","isPartOf":{"@id":"https:\/\/candas365.es\/noticias\/#website"},"breadcrumb":{"@id":"https:\/\/candas365.es\/noticias\/noviembre-2025-mes-de-castanas-y-dulces\/#breadcrumblist"},"author":{"@id":"https:\/\/candas365.es\/noticias\/author\/admin\/#author"},"creator":{"@id":"https:\/\/candas365.es\/noticias\/author\/admin\/#author"},"image":{"@type":"ImageObject","url":"https:\/\/candas365.es\/noticias\/wp-content\/uploads\/2025\/10\/Noviembre-2025-Mes-de-castanas-y-dulces.jpg","@id":"https:\/\/candas365.es\/noticias\/noviembre-2025-mes-de-castanas-y-dulces\/#mainImage","width":1029,"height":680,"caption":"Foto: 123rf.com"},"primaryImageOfPage":{"@id":"https:\/\/candas365.es\/noticias\/noviembre-2025-mes-de-castanas-y-dulces\/#mainImage"},"datePublished":"2025-10-23T06:13:31+02:00","dateModified":"2025-10-23T06:13:31+02:00"},{"@type":"WebSite","@id":"https:\/\/candas365.es\/noticias\/#website","url":"https:\/\/candas365.es\/noticias\/","name":"Cand\u00e1s 365","alternateName":"Cand\u00e1s 365 Noticias","description":"Actualidad desde Carre\u00f1o para el mundo","inLanguage":"es-ES","publisher":{"@id":"https:\/\/candas365.es\/noticias\/#organization"}}]},"og:locale":"es_ES","og:site_name":"Cand\u00e1s 365","og:type":"article","og:title":"Noviembre 2025: Mes de casta\u00f1as y dulces | Cand\u00e1s 365","og:description":"Cada plan tiene su momento, y con noviembre de 2025 las casta\u00f1as vuelven a la mente: sabores de oto\u00f1o que ofrecen variedad y ocio activo al aire libre.","og:url":"https:\/\/candas365.es\/noticias\/noviembre-2025-mes-de-castanas-y-dulces\/","og:image":"https:\/\/candas365.es\/noticias\/wp-content\/uploads\/2025\/10\/Noviembre-2025-Mes-de-castanas-y-dulces.jpg","og:image:secure_url":"https:\/\/candas365.es\/noticias\/wp-content\/uploads\/2025\/10\/Noviembre-2025-Mes-de-castanas-y-dulces.jpg","og:image:width":1029,"og:image:height":680,"article:published_time":"2025-10-23T04:13:31+00:00","article:modified_time":"2025-10-23T04:13:31+00:00","article:publisher":"https:\/\/www.facebook.com\/Nachofdezber","article:author":"https:\/\/www.facebook.com\/carrenoactualidad","twitter:card":"summary_large_image","twitter:site":"@NabercoDigital","twitter:title":"Noviembre 2025: Mes de casta\u00f1as y dulces | Cand\u00e1s 365","twitter:description":"Cada plan tiene su momento, y con noviembre de 2025 las casta\u00f1as vuelven a la mente: sabores de oto\u00f1o que ofrecen variedad y ocio activo al aire libre.","twitter:creator":"@nbasturias","twitter:image":"https:\/\/candas365.es\/noticias\/wp-content\/uploads\/2025\/10\/Noviembre-2025-Mes-de-castanas-y-dulces.jpg","twitter:label1":"Escrito por","twitter:data1":"Cand\u00e1s 365","twitter:label2":"Tiempo de lectura estimado","twitter:data2":"3 minutos"},"aioseo_meta_data":{"post_id":"189346","title":null,"description":"Cada plan tiene su momento, y con noviembre de 2025 las casta\u00f1as vuelven a la mente: sabores de oto\u00f1o que ofrecen variedad y ocio activo al aire libre.","keywords":null,"keyphrases":{"focus":{"keyphrase":"casta\u00f1as","score":100,"analysis":{"keyphraseInTitle":{"score":9,"maxScore":9,"error":0},"keyphraseInDescription":{"score":9,"maxScore":9,"error":0},"keyphraseLength":{"score":9,"maxScore":9,"error":0,"length":2},"keyphraseInURL":{"score":5,"maxScore":5,"error":0},"keyphraseInIntroduction":{"score":9,"maxScore":9,"error":0},"keyphraseInSubHeadings":{"score":9,"maxScore":9,"error":0},"keyphraseInImageAlt":{"score":9,"maxScore":9,"error":0},"keywordDensity":{"type":"best","score":9,"maxScore":9,"error":0}}},"additional":[{"keyphrase":"noviembre","score":80,"analysis":{"keyphraseInDescription":{"score":9,"maxScore":9,"error":0},"keyphraseLength":{"score":9,"maxScore":9,"error":0,"length":1},"keyphraseInIntroduction":{"score":9,"maxScore":9,"error":0},"keyphraseInImageAlt":{"score":9,"maxScore":9,"error":0},"keywordDensity":{"score":0,"type":"low","maxScore":9,"error":1}}}]},"primary_term":null,"canonical_url":null,"og_title":null,"og_description":null,"og_object_type":"default","og_image_type":"default","og_image_url":null,"og_image_width":null,"og_image_height":null,"og_image_custom_url":null,"og_image_custom_fields":null,"og_video":"","og_custom_url":null,"og_article_section":null,"og_article_tags":null,"twitter_use_og":false,"twitter_card":"default","twitter_image_type":"default","twitter_image_url":null,"twitter_image_custom_url":null,"twitter_image_custom_fields":null,"twitter_title":null,"twitter_description":null,"schema":{"blockGraphs":[],"customGraphs":[],"default":{"data":{"Article":[],"Course":[],"Dataset":[],"FAQPage":[],"Movie":[],"Person":[],"Product":[],"ProductReview":[],"Car":[],"Recipe":[],"Service":[],"SoftwareApplication":[],"WebPage":[]},"graphName":"Article","isEnabled":true},"graphs":[]},"schema_type":"default","schema_type_options":null,"pillar_content":false,"robots_default":true,"robots_noindex":false,"robots_noarchive":false,"robots_nosnippet":false,"robots_nofollow":false,"robots_noimageindex":false,"robots_noodp":false,"robots_notranslate":false,"robots_max_snippet":"-1","robots_max_videopreview":"-1","robots_max_imagepreview":"large","priority":null,"frequency":"default","location":null,"local_seo":null,"seo_analyzer_scan_date":"2025-10-23 04:16:07","breadcrumb_settings":null,"limit_modified_date":false,"reviewed_by":null,"open_ai":null,"ai":{"faqs":[],"keyPoints":[],"titles":[],"descriptions":[],"socialPosts":{"email":[],"linkedin":[],"twitter":[],"facebook":[],"instagram":[]}},"created":"2025-10-23 04:05:09","updated":"2025-10-23 04:20:16"},"aioseo_breadcrumb":"<div class=\"aioseo-breadcrumbs\"><span class=\"aioseo-breadcrumb\">\n\t<a href=\"https:\/\/candas365.es\/noticias\" title=\"Home\">Home<\/a>\n<\/span><span class=\"aioseo-breadcrumb-separator\">&ndash;<\/span><span class=\"aioseo-breadcrumb\">\n\t<a href=\"https:\/\/candas365.es\/noticias\/category\/revista\/\" title=\"Revista\">Revista<\/a>\n<\/span><span class=\"aioseo-breadcrumb-separator\">&ndash;<\/span><span class=\"aioseo-breadcrumb\">\n\tNoviembre 2025: Mes de casta\u00f1as y dulces\n<\/span><\/div>","aioseo_breadcrumb_json":[{"label":"Home","link":"https:\/\/candas365.es\/noticias"},{"label":"Revista","link":"https:\/\/candas365.es\/noticias\/category\/revista\/"},{"label":"Noviembre 2025: Mes de casta\u00f1as y dulces","link":"https:\/\/candas365.es\/noticias\/noviembre-2025-mes-de-castanas-y-dulces\/"}],"_links":{"self":[{"href":"https:\/\/candas365.es\/noticias\/wp-json\/wp\/v2\/posts\/189346","targetHints":{"allow":["GET"]}}],"collection":[{"href":"https:\/\/candas365.es\/noticias\/wp-json\/wp\/v2\/posts"}],"about":[{"href":"https:\/\/candas365.es\/noticias\/wp-json\/wp\/v2\/types\/post"}],"author":[{"embeddable":true,"href":"https:\/\/candas365.es\/noticias\/wp-json\/wp\/v2\/users\/1"}],"replies":[{"embeddable":true,"href":"https:\/\/candas365.es\/noticias\/wp-json\/wp\/v2\/comments?post=189346"}],"version-history":[{"count":0,"href":"https:\/\/candas365.es\/noticias\/wp-json\/wp\/v2\/posts\/189346\/revisions"}],"wp:featuredmedia":[{"embeddable":true,"href":"https:\/\/candas365.es\/noticias\/wp-json\/wp\/v2\/media\/189347"}],"wp:attachment":[{"href":"https:\/\/candas365.es\/noticias\/wp-json\/wp\/v2\/media?parent=189346"}],"wp:term":[{"taxonomy":"category","embeddable":true,"href":"https:\/\/candas365.es\/noticias\/wp-json\/wp\/v2\/categories?post=189346"},{"taxonomy":"post_tag","embeddable":true,"href":"https:\/\/candas365.es\/noticias\/wp-json\/wp\/v2\/tags?post=189346"}],"curies":[{"name":"wp","href":"https:\/\/api.w.org\/{rel}","templated":true}]}}