{"id":189260,"date":"2025-10-20T01:26:48","date_gmt":"2025-10-19T23:26:48","guid":{"rendered":"https:\/\/candas365.es\/noticias\/?p=189260"},"modified":"2025-10-20T01:26:48","modified_gmt":"2025-10-19T23:26:48","slug":"asturias-se-suma-a-la-divulgacion-cientifica-inclusiva","status":"publish","type":"post","link":"https:\/\/candas365.es\/noticias\/asturias-se-suma-a-la-divulgacion-cientifica-inclusiva\/","title":{"rendered":"Asturias se suma a la divulgaci\u00f3n cient\u00edfica inclusiva"},"content":{"rendered":"<p>El <a href=\"https:\/\/actualidad.asturias.es\/\" target=\"_blank\" rel=\"noopener\"><span style=\"color: #ff6600;\"><strong>Gobierno de Asturias<\/strong><\/span><\/a> ha puesto en marcha una nueva l\u00ednea para promover la divulgaci\u00f3n cient\u00edfica inclusiva. El objetivo es garantizar el acceso al conocimiento y a la investigaci\u00f3n a toda la ciudadan\u00eda, prestando especial atenci\u00f3n a las <a href=\"https:\/\/candas365.es\/noticias\/defensa-refuerza-la-inclusion-del-personal-con-discapacidad\/\"><span style=\"color: #ff6600;\"><strong>personas con discapacidad<\/strong><\/span><\/a>.<\/p>\n<figure id=\"attachment_189261\" aria-describedby=\"caption-attachment-189261\" style=\"width: 650px\" class=\"wp-caption aligncenter\"><img fetchpriority=\"high\" decoding=\"async\" class=\"size-large wp-image-189261\" src=\"https:\/\/candas365.es\/noticias\/wp-content\/uploads\/2025\/10\/Asturias-se-suma-a-la-divulgacion-cientifica-inclusiva-650x425.jpg\" alt=\"Asturias se suma a la divulgaci\u00f3n cient\u00edfica inclusiva\" width=\"650\" height=\"425\" srcset=\"https:\/\/candas365.es\/noticias\/wp-content\/uploads\/2025\/10\/Asturias-se-suma-a-la-divulgacion-cientifica-inclusiva-650x425.jpg 650w, https:\/\/candas365.es\/noticias\/wp-content\/uploads\/2025\/10\/Asturias-se-suma-a-la-divulgacion-cientifica-inclusiva-360x235.jpg 360w, https:\/\/candas365.es\/noticias\/wp-content\/uploads\/2025\/10\/Asturias-se-suma-a-la-divulgacion-cientifica-inclusiva-768x502.jpg 768w, https:\/\/candas365.es\/noticias\/wp-content\/uploads\/2025\/10\/Asturias-se-suma-a-la-divulgacion-cientifica-inclusiva-150x98.jpg 150w, https:\/\/candas365.es\/noticias\/wp-content\/uploads\/2025\/10\/Asturias-se-suma-a-la-divulgacion-cientifica-inclusiva-450x294.jpg 450w, https:\/\/candas365.es\/noticias\/wp-content\/uploads\/2025\/10\/Asturias-se-suma-a-la-divulgacion-cientifica-inclusiva.jpg 1025w\" sizes=\"(max-width: 650px) 100vw, 650px\" \/><figcaption id=\"caption-attachment-189261\" class=\"wp-caption-text\">Foto: Prensa Gobierno de Asturias<\/figcaption><\/figure>\n<h2>Actividad en Gij\u00f3n<\/h2>\n<p>La primera jornada del programa se celebr\u00f3 en Gij\u00f3n bajo el t\u00edtulo Ciencia Marina Accesible: El oc\u00e9ano en nuestras manos. M\u00e1s de treinta personas con discapacidad visual, de la Asociaci\u00f3n Es Retina Asturias y la ONCE Asturias, participaron en talleres sensoriales sobre el medio marino.<\/p>\n<p>La iniciativa, organizada por la Fundaci\u00f3n para el Fomento en Asturias de la Investigaci\u00f3n Cient\u00edfica y la Tecnolog\u00eda (Ficyt) en colaboraci\u00f3n con el grupo de investigaci\u00f3n ECOMARG del Instituto Espa\u00f1ol de Oceanograf\u00eda (IEO-CSIC), incluy\u00f3 actividades adaptadas de identificaci\u00f3n de especies, an\u00e1lisis de sedimentos y uso de mapas t\u00e1ctiles del fondo submarino.<\/p>\n<h2>Participaci\u00f3n y objetivos<\/h2>\n<p>La directora de Ficyt, Mercedes D\u00edaz, destac\u00f3 que esta propuesta busca acercar la ciencia a todos los sectores sociales y fomentar la participaci\u00f3n de colectivos con discapacidad.<\/p>\n<p>Tambi\u00e9n asistieron el director del Centro Oceanogr\u00e1fico de Gij\u00f3n, Rafael Gonz\u00e1lez Quir\u00f3s; la jefa del departamento de Servicios Sociales de la ONCE Asturias, Virginia Corredera; y el presidente de la Asociaci\u00f3n Es Retina Asturias, Andr\u00e9s Mayo.<\/p>\n<h2>Pr\u00f3ximas jornadas<\/h2>\n<p>El ciclo de actividades continuar\u00e1 el 19 de noviembre en el Auditorio de Oviedo con una jornada dedicada a la Astronom\u00eda, tambi\u00e9n adaptada a personas con discapacidad visual.<\/p>\n<p>Redacci\u00f3n Cand\u00e1s 365<\/p>\n","protected":false},"excerpt":{"rendered":"<p>El Gobierno de Asturias ha puesto en marcha una nueva l\u00ednea para promover la divulgaci\u00f3n cient\u00edfica inclusiva. El objetivo es garantizar el acceso al conocimiento y a la investigaci\u00f3n a toda la ciudadan\u00eda, prestando especial atenci\u00f3n a las personas con discapacidad. Actividad en Gij\u00f3n La primera jornada del programa se celebr\u00f3 en Gij\u00f3n bajo el<\/p>\n","protected":false},"author":1,"featured_media":189261,"comment_status":"closed","ping_status":"closed","sticky":false,"template":"","format":"standard","meta":{"footnotes":""},"categories":[7,316],"tags":[380,408],"class_list":{"0":"post-189260","1":"post","2":"type-post","3":"status-publish","4":"format-standard","5":"has-post-thumbnail","7":"category-asturias","8":"category-destacadas","9":"tag-asturias","10":"tag-sociedad"},"aioseo_notices":[],"aioseo_head":"\n\t\t<!-- All in One SEO Pro 4.9.6.2 - aioseo.com -->\n\t<meta name=\"description\" content=\"El Gobierno de Asturias ha puesto en marcha una nueva l\u00ednea para promover la divulgaci\u00f3n cient\u00edfica inclusiva. El objetivo es garantizar el acceso\" \/>\n\t<meta name=\"robots\" content=\"max-image-preview:large\" \/>\n\t<meta name=\"author\" content=\"Cand\u00e1s 365\"\/>\n\t<meta name=\"google-site-verification\" content=\"UA-32230408-1\" \/>\n\t<meta name=\"msvalidate.01\" content=\"354F3CDFB2DA171B47FBE9ABF1F88D5\" \/>\n\t<meta name=\"keywords\" content=\"asturias,destacadas\" \/>\n\t<link rel=\"canonical\" href=\"https:\/\/candas365.es\/noticias\/asturias-se-suma-a-la-divulgacion-cientifica-inclusiva\/\" \/>\n\t<meta name=\"generator\" content=\"All in One SEO Pro (AIOSEO) 4.9.6.2\" \/>\n\t\t<meta property=\"og:locale\" content=\"es_ES\" \/>\n\t\t<meta property=\"og:site_name\" content=\"Cand\u00e1s 365\" \/>\n\t\t<meta property=\"og:type\" content=\"article\" \/>\n\t\t<meta property=\"og:title\" content=\"Asturias se suma a la divulgaci\u00f3n cient\u00edfica inclusiva | Cand\u00e1s 365\" \/>\n\t\t<meta property=\"og:description\" content=\"El Gobierno de Asturias ha puesto en marcha una nueva l\u00ednea para promover la divulgaci\u00f3n cient\u00edfica inclusiva. El objetivo es garantizar el acceso\" \/>\n\t\t<meta property=\"og:url\" content=\"https:\/\/candas365.es\/noticias\/asturias-se-suma-a-la-divulgacion-cientifica-inclusiva\/\" \/>\n\t\t<meta property=\"og:image\" content=\"https:\/\/candas365.es\/noticias\/wp-content\/uploads\/2025\/10\/Asturias-se-suma-a-la-divulgacion-cientifica-inclusiva.jpg\" \/>\n\t\t<meta property=\"og:image:secure_url\" content=\"https:\/\/candas365.es\/noticias\/wp-content\/uploads\/2025\/10\/Asturias-se-suma-a-la-divulgacion-cientifica-inclusiva.jpg\" \/>\n\t\t<meta property=\"og:image:width\" content=\"1025\" \/>\n\t\t<meta property=\"og:image:height\" content=\"670\" \/>\n\t\t<meta property=\"article:published_time\" content=\"2025-10-19T23:26:48+00:00\" \/>\n\t\t<meta property=\"article:modified_time\" content=\"2025-10-19T23:26:48+00:00\" \/>\n\t\t<meta property=\"article:publisher\" content=\"https:\/\/www.facebook.com\/Nachofdezber\" \/>\n\t\t<meta property=\"article:author\" content=\"https:\/\/www.facebook.com\/carrenoactualidad\" \/>\n\t\t<meta name=\"twitter:card\" content=\"summary_large_image\" \/>\n\t\t<meta name=\"twitter:site\" content=\"@NabercoDigital\" \/>\n\t\t<meta name=\"twitter:title\" content=\"Asturias se suma a la divulgaci\u00f3n cient\u00edfica inclusiva | Cand\u00e1s 365\" \/>\n\t\t<meta name=\"twitter:description\" content=\"El Gobierno de Asturias ha puesto en marcha una nueva l\u00ednea para promover la divulgaci\u00f3n cient\u00edfica inclusiva. El objetivo es garantizar el acceso\" \/>\n\t\t<meta name=\"twitter:creator\" content=\"@nbasturias\" \/>\n\t\t<meta name=\"twitter:image\" content=\"https:\/\/candas365.es\/noticias\/wp-content\/uploads\/2025\/10\/Asturias-se-suma-a-la-divulgacion-cientifica-inclusiva.jpg\" \/>\n\t\t<meta name=\"twitter:label1\" content=\"Escrito por\" \/>\n\t\t<meta name=\"twitter:data1\" content=\"Cand\u00e1s 365\" \/>\n\t\t<meta name=\"twitter:label2\" content=\"Tiempo de lectura estimado\" \/>\n\t\t<meta name=\"twitter:data2\" content=\"1 minuto\" \/>\n\t\t<script type=\"application\/ld+json\" class=\"aioseo-schema\">\n\t\t\t{\"@context\":\"https:\\\/\\\/schema.org\",\"@graph\":[{\"@type\":\"BreadcrumbList\",\"@id\":\"https:\\\/\\\/candas365.es\\\/noticias\\\/asturias-se-suma-a-la-divulgacion-cientifica-inclusiva\\\/#breadcrumblist\",\"itemListElement\":[{\"@type\":\"ListItem\",\"@id\":\"https:\\\/\\\/candas365.es\\\/noticias#listItem\",\"position\":1,\"name\":\"Home\",\"item\":\"https:\\\/\\\/candas365.es\\\/noticias\",\"nextItem\":{\"@type\":\"ListItem\",\"@id\":\"https:\\\/\\\/candas365.es\\\/noticias\\\/category\\\/asturias\\\/#listItem\",\"name\":\"Asturias\"}},{\"@type\":\"ListItem\",\"@id\":\"https:\\\/\\\/candas365.es\\\/noticias\\\/category\\\/asturias\\\/#listItem\",\"position\":2,\"name\":\"Asturias\",\"item\":\"https:\\\/\\\/candas365.es\\\/noticias\\\/category\\\/asturias\\\/\",\"nextItem\":{\"@type\":\"ListItem\",\"@id\":\"https:\\\/\\\/candas365.es\\\/noticias\\\/asturias-se-suma-a-la-divulgacion-cientifica-inclusiva\\\/#listItem\",\"name\":\"Asturias se suma a la divulgaci\\u00f3n cient\\u00edfica inclusiva\"},\"previousItem\":{\"@type\":\"ListItem\",\"@id\":\"https:\\\/\\\/candas365.es\\\/noticias#listItem\",\"name\":\"Home\"}},{\"@type\":\"ListItem\",\"@id\":\"https:\\\/\\\/candas365.es\\\/noticias\\\/asturias-se-suma-a-la-divulgacion-cientifica-inclusiva\\\/#listItem\",\"position\":3,\"name\":\"Asturias se suma a la divulgaci\\u00f3n cient\\u00edfica inclusiva\",\"previousItem\":{\"@type\":\"ListItem\",\"@id\":\"https:\\\/\\\/candas365.es\\\/noticias\\\/category\\\/asturias\\\/#listItem\",\"name\":\"Asturias\"}}]},{\"@type\":\"NewsArticle\",\"@id\":\"https:\\\/\\\/candas365.es\\\/noticias\\\/asturias-se-suma-a-la-divulgacion-cientifica-inclusiva\\\/#newsarticle\",\"name\":\"Asturias se suma a la divulgaci\\u00f3n cient\\u00edfica inclusiva | Cand\\u00e1s 365\",\"headline\":\"Asturias se suma a la divulgaci\\u00f3n cient\\u00edfica inclusiva\",\"author\":{\"@id\":\"https:\\\/\\\/candas365.es\\\/noticias\\\/author\\\/admin\\\/#author\"},\"publisher\":{\"@id\":\"https:\\\/\\\/candas365.es\\\/noticias\\\/#organization\"},\"image\":{\"@type\":\"ImageObject\",\"url\":\"https:\\\/\\\/candas365.es\\\/noticias\\\/wp-content\\\/uploads\\\/2025\\\/10\\\/Asturias-se-suma-a-la-divulgacion-cientifica-inclusiva.jpg\",\"width\":1025,\"height\":670,\"caption\":\"Foto: Prensa Gobierno de Asturias\"},\"datePublished\":\"2025-10-20T01:26:48+02:00\",\"dateModified\":\"2025-10-20T01:26:48+02:00\",\"inLanguage\":\"es-ES\",\"mainEntityOfPage\":{\"@id\":\"https:\\\/\\\/candas365.es\\\/noticias\\\/asturias-se-suma-a-la-divulgacion-cientifica-inclusiva\\\/#webpage\"},\"isPartOf\":{\"@id\":\"https:\\\/\\\/candas365.es\\\/noticias\\\/asturias-se-suma-a-la-divulgacion-cientifica-inclusiva\\\/#webpage\"},\"articleSection\":\"Asturias, Destacadas, Asturias, sociedad\",\"dateline\":\"Publicado el octubre 20, 2025.\"},{\"@type\":\"Organization\",\"@id\":\"https:\\\/\\\/candas365.es\\\/noticias\\\/#organization\",\"name\":\"Cand\\u00e1s 365\",\"description\":\"Cand\\u00e1s 365 es un diario digital independiente, fundado en 2012, con base en Asturias. Informamos con rigor sobre actualidad, sociedad, cultura y ocio, con una mirada local y global.\",\"url\":\"https:\\\/\\\/candas365.es\\\/noticias\\\/\",\"email\":\"info@candas365.es\",\"telephone\":\"+34652131393\",\"foundingDate\":\"2012-06-10\",\"logo\":{\"@type\":\"ImageObject\",\"url\":\"https:\\\/\\\/candas365.es\\\/noticias\\\/wp-content\\\/uploads\\\/2024\\\/09\\\/Candas-365-Redes.jpg\",\"@id\":\"https:\\\/\\\/candas365.es\\\/noticias\\\/asturias-se-suma-a-la-divulgacion-cientifica-inclusiva\\\/#organizationLogo\",\"width\":1152,\"height\":864,\"caption\":\"Cand\\u00e1s 365 Redes\"},\"image\":{\"@id\":\"https:\\\/\\\/candas365.es\\\/noticias\\\/asturias-se-suma-a-la-divulgacion-cientifica-inclusiva\\\/#organizationLogo\"},\"sameAs\":[\"https:\\\/\\\/www.facebook.com\\\/Nachofdezber\",\"https:\\\/\\\/x.com\\\/NabercoDigital\",\"https:\\\/\\\/www.instagram.com\\\/nachofdezber\\\/\",\"https:\\\/\\\/www.youtube.com\\\/channel\\\/UCZP-2wLEB9Rv6erhFmqVnvg\"],\"address\":{\"@id\":\"https:\\\/\\\/candas365.es\\\/noticias\\\/#postaladdress\",\"@type\":\"PostalAddress\",\"streetAddress\":\"san antonio 4, san antonio 4\",\"postalCode\":\"33430\",\"addressLocality\":\"Cand\\u00e1s\",\"addressRegion\":\"Asturias\",\"addressCountry\":\"ES\"}},{\"@type\":\"Person\",\"@id\":\"https:\\\/\\\/candas365.es\\\/noticias\\\/author\\\/admin\\\/#author\",\"url\":\"https:\\\/\\\/candas365.es\\\/noticias\\\/author\\\/admin\\\/\",\"name\":\"Cand\\u00e1s 365\",\"image\":{\"@type\":\"ImageObject\",\"@id\":\"https:\\\/\\\/candas365.es\\\/noticias\\\/asturias-se-suma-a-la-divulgacion-cientifica-inclusiva\\\/#authorImage\",\"url\":\"https:\\\/\\\/secure.gravatar.com\\\/avatar\\\/496a8e03d0c493ede1718b7934145dbdf8d89be1036b0eec9544e1094c9de390?s=96&d=mm&r=g\",\"width\":96,\"height\":96,\"caption\":\"Cand\\u00e1s 365\"},\"sameAs\":[\"https:\\\/\\\/www.facebook.com\\\/carrenoactualidad\",\"https:\\\/\\\/twitter.com\\\/nbasturias\",\"https:\\\/\\\/www.instagram.com\\\/nachofdezber\\\/\",\"https:\\\/\\\/www.youtube.com\\\/channel\\\/UCZP-2wLEB9Rv6erhFmqVnvg\"]},{\"@type\":\"WebPage\",\"@id\":\"https:\\\/\\\/candas365.es\\\/noticias\\\/asturias-se-suma-a-la-divulgacion-cientifica-inclusiva\\\/#webpage\",\"url\":\"https:\\\/\\\/candas365.es\\\/noticias\\\/asturias-se-suma-a-la-divulgacion-cientifica-inclusiva\\\/\",\"name\":\"Asturias se suma a la divulgaci\\u00f3n cient\\u00edfica inclusiva | Cand\\u00e1s 365\",\"description\":\"El Gobierno de Asturias ha puesto en marcha una nueva l\\u00ednea para promover la divulgaci\\u00f3n cient\\u00edfica inclusiva. El objetivo es garantizar el acceso\",\"inLanguage\":\"es-ES\",\"isPartOf\":{\"@id\":\"https:\\\/\\\/candas365.es\\\/noticias\\\/#website\"},\"breadcrumb\":{\"@id\":\"https:\\\/\\\/candas365.es\\\/noticias\\\/asturias-se-suma-a-la-divulgacion-cientifica-inclusiva\\\/#breadcrumblist\"},\"author\":{\"@id\":\"https:\\\/\\\/candas365.es\\\/noticias\\\/author\\\/admin\\\/#author\"},\"creator\":{\"@id\":\"https:\\\/\\\/candas365.es\\\/noticias\\\/author\\\/admin\\\/#author\"},\"image\":{\"@type\":\"ImageObject\",\"url\":\"https:\\\/\\\/candas365.es\\\/noticias\\\/wp-content\\\/uploads\\\/2025\\\/10\\\/Asturias-se-suma-a-la-divulgacion-cientifica-inclusiva.jpg\",\"@id\":\"https:\\\/\\\/candas365.es\\\/noticias\\\/asturias-se-suma-a-la-divulgacion-cientifica-inclusiva\\\/#mainImage\",\"width\":1025,\"height\":670,\"caption\":\"Foto: Prensa Gobierno de Asturias\"},\"primaryImageOfPage\":{\"@id\":\"https:\\\/\\\/candas365.es\\\/noticias\\\/asturias-se-suma-a-la-divulgacion-cientifica-inclusiva\\\/#mainImage\"},\"datePublished\":\"2025-10-20T01:26:48+02:00\",\"dateModified\":\"2025-10-20T01:26:48+02:00\"},{\"@type\":\"WebSite\",\"@id\":\"https:\\\/\\\/candas365.es\\\/noticias\\\/#website\",\"url\":\"https:\\\/\\\/candas365.es\\\/noticias\\\/\",\"name\":\"Cand\\u00e1s 365\",\"alternateName\":\"Cand\\u00e1s 365 Noticias\",\"description\":\"Actualidad desde Carre\\u00f1o para el mundo\",\"inLanguage\":\"es-ES\",\"publisher\":{\"@id\":\"https:\\\/\\\/candas365.es\\\/noticias\\\/#organization\"}}]}\n\t\t<\/script>\n\t\t<!-- All in One SEO Pro -->\r\n\t\t<title>Asturias se suma a la divulgaci\u00f3n cient\u00edfica inclusiva | Cand\u00e1s 365<\/title>\n\n","aioseo_head_json":{"title":"Asturias se suma a la divulgaci\u00f3n cient\u00edfica inclusiva | Cand\u00e1s 365","description":"El Gobierno de Asturias ha puesto en marcha una nueva l\u00ednea para promover la divulgaci\u00f3n cient\u00edfica inclusiva. El objetivo es garantizar el acceso","canonical_url":"https:\/\/candas365.es\/noticias\/asturias-se-suma-a-la-divulgacion-cientifica-inclusiva\/","robots":"max-image-preview:large","keywords":"asturias,destacadas","webmasterTools":{"google-site-verification":"UA-32230408-1","msvalidate.01":"354F3CDFB2DA171B47FBE9ABF1F88D5","miscellaneous":""},"schema":{"@context":"https:\/\/schema.org","@graph":[{"@type":"BreadcrumbList","@id":"https:\/\/candas365.es\/noticias\/asturias-se-suma-a-la-divulgacion-cientifica-inclusiva\/#breadcrumblist","itemListElement":[{"@type":"ListItem","@id":"https:\/\/candas365.es\/noticias#listItem","position":1,"name":"Home","item":"https:\/\/candas365.es\/noticias","nextItem":{"@type":"ListItem","@id":"https:\/\/candas365.es\/noticias\/category\/asturias\/#listItem","name":"Asturias"}},{"@type":"ListItem","@id":"https:\/\/candas365.es\/noticias\/category\/asturias\/#listItem","position":2,"name":"Asturias","item":"https:\/\/candas365.es\/noticias\/category\/asturias\/","nextItem":{"@type":"ListItem","@id":"https:\/\/candas365.es\/noticias\/asturias-se-suma-a-la-divulgacion-cientifica-inclusiva\/#listItem","name":"Asturias se suma a la divulgaci\u00f3n cient\u00edfica inclusiva"},"previousItem":{"@type":"ListItem","@id":"https:\/\/candas365.es\/noticias#listItem","name":"Home"}},{"@type":"ListItem","@id":"https:\/\/candas365.es\/noticias\/asturias-se-suma-a-la-divulgacion-cientifica-inclusiva\/#listItem","position":3,"name":"Asturias se suma a la divulgaci\u00f3n cient\u00edfica inclusiva","previousItem":{"@type":"ListItem","@id":"https:\/\/candas365.es\/noticias\/category\/asturias\/#listItem","name":"Asturias"}}]},{"@type":"NewsArticle","@id":"https:\/\/candas365.es\/noticias\/asturias-se-suma-a-la-divulgacion-cientifica-inclusiva\/#newsarticle","name":"Asturias se suma a la divulgaci\u00f3n cient\u00edfica inclusiva | Cand\u00e1s 365","headline":"Asturias se suma a la divulgaci\u00f3n cient\u00edfica inclusiva","author":{"@id":"https:\/\/candas365.es\/noticias\/author\/admin\/#author"},"publisher":{"@id":"https:\/\/candas365.es\/noticias\/#organization"},"image":{"@type":"ImageObject","url":"https:\/\/candas365.es\/noticias\/wp-content\/uploads\/2025\/10\/Asturias-se-suma-a-la-divulgacion-cientifica-inclusiva.jpg","width":1025,"height":670,"caption":"Foto: Prensa Gobierno de Asturias"},"datePublished":"2025-10-20T01:26:48+02:00","dateModified":"2025-10-20T01:26:48+02:00","inLanguage":"es-ES","mainEntityOfPage":{"@id":"https:\/\/candas365.es\/noticias\/asturias-se-suma-a-la-divulgacion-cientifica-inclusiva\/#webpage"},"isPartOf":{"@id":"https:\/\/candas365.es\/noticias\/asturias-se-suma-a-la-divulgacion-cientifica-inclusiva\/#webpage"},"articleSection":"Asturias, Destacadas, Asturias, sociedad","dateline":"Publicado el octubre 20, 2025."},{"@type":"Organization","@id":"https:\/\/candas365.es\/noticias\/#organization","name":"Cand\u00e1s 365","description":"Cand\u00e1s 365 es un diario digital independiente, fundado en 2012, con base en Asturias. Informamos con rigor sobre actualidad, sociedad, cultura y ocio, con una mirada local y global.","url":"https:\/\/candas365.es\/noticias\/","email":"info@candas365.es","telephone":"+34652131393","foundingDate":"2012-06-10","logo":{"@type":"ImageObject","url":"https:\/\/candas365.es\/noticias\/wp-content\/uploads\/2024\/09\/Candas-365-Redes.jpg","@id":"https:\/\/candas365.es\/noticias\/asturias-se-suma-a-la-divulgacion-cientifica-inclusiva\/#organizationLogo","width":1152,"height":864,"caption":"Cand\u00e1s 365 Redes"},"image":{"@id":"https:\/\/candas365.es\/noticias\/asturias-se-suma-a-la-divulgacion-cientifica-inclusiva\/#organizationLogo"},"sameAs":["https:\/\/www.facebook.com\/Nachofdezber","https:\/\/x.com\/NabercoDigital","https:\/\/www.instagram.com\/nachofdezber\/","https:\/\/www.youtube.com\/channel\/UCZP-2wLEB9Rv6erhFmqVnvg"],"address":{"@id":"https:\/\/candas365.es\/noticias\/#postaladdress","@type":"PostalAddress","streetAddress":"san antonio 4, san antonio 4","postalCode":"33430","addressLocality":"Cand\u00e1s","addressRegion":"Asturias","addressCountry":"ES"}},{"@type":"Person","@id":"https:\/\/candas365.es\/noticias\/author\/admin\/#author","url":"https:\/\/candas365.es\/noticias\/author\/admin\/","name":"Cand\u00e1s 365","image":{"@type":"ImageObject","@id":"https:\/\/candas365.es\/noticias\/asturias-se-suma-a-la-divulgacion-cientifica-inclusiva\/#authorImage","url":"https:\/\/secure.gravatar.com\/avatar\/496a8e03d0c493ede1718b7934145dbdf8d89be1036b0eec9544e1094c9de390?s=96&d=mm&r=g","width":96,"height":96,"caption":"Cand\u00e1s 365"},"sameAs":["https:\/\/www.facebook.com\/carrenoactualidad","https:\/\/twitter.com\/nbasturias","https:\/\/www.instagram.com\/nachofdezber\/","https:\/\/www.youtube.com\/channel\/UCZP-2wLEB9Rv6erhFmqVnvg"]},{"@type":"WebPage","@id":"https:\/\/candas365.es\/noticias\/asturias-se-suma-a-la-divulgacion-cientifica-inclusiva\/#webpage","url":"https:\/\/candas365.es\/noticias\/asturias-se-suma-a-la-divulgacion-cientifica-inclusiva\/","name":"Asturias se suma a la divulgaci\u00f3n cient\u00edfica inclusiva | Cand\u00e1s 365","description":"El Gobierno de Asturias ha puesto en marcha una nueva l\u00ednea para promover la divulgaci\u00f3n cient\u00edfica inclusiva. El objetivo es garantizar el acceso","inLanguage":"es-ES","isPartOf":{"@id":"https:\/\/candas365.es\/noticias\/#website"},"breadcrumb":{"@id":"https:\/\/candas365.es\/noticias\/asturias-se-suma-a-la-divulgacion-cientifica-inclusiva\/#breadcrumblist"},"author":{"@id":"https:\/\/candas365.es\/noticias\/author\/admin\/#author"},"creator":{"@id":"https:\/\/candas365.es\/noticias\/author\/admin\/#author"},"image":{"@type":"ImageObject","url":"https:\/\/candas365.es\/noticias\/wp-content\/uploads\/2025\/10\/Asturias-se-suma-a-la-divulgacion-cientifica-inclusiva.jpg","@id":"https:\/\/candas365.es\/noticias\/asturias-se-suma-a-la-divulgacion-cientifica-inclusiva\/#mainImage","width":1025,"height":670,"caption":"Foto: Prensa Gobierno de Asturias"},"primaryImageOfPage":{"@id":"https:\/\/candas365.es\/noticias\/asturias-se-suma-a-la-divulgacion-cientifica-inclusiva\/#mainImage"},"datePublished":"2025-10-20T01:26:48+02:00","dateModified":"2025-10-20T01:26:48+02:00"},{"@type":"WebSite","@id":"https:\/\/candas365.es\/noticias\/#website","url":"https:\/\/candas365.es\/noticias\/","name":"Cand\u00e1s 365","alternateName":"Cand\u00e1s 365 Noticias","description":"Actualidad desde Carre\u00f1o para el mundo","inLanguage":"es-ES","publisher":{"@id":"https:\/\/candas365.es\/noticias\/#organization"}}]},"og:locale":"es_ES","og:site_name":"Cand\u00e1s 365","og:type":"article","og:title":"Asturias se suma a la divulgaci\u00f3n cient\u00edfica inclusiva | Cand\u00e1s 365","og:description":"El Gobierno de Asturias ha puesto en marcha una nueva l\u00ednea para promover la divulgaci\u00f3n cient\u00edfica inclusiva. El objetivo es garantizar el acceso","og:url":"https:\/\/candas365.es\/noticias\/asturias-se-suma-a-la-divulgacion-cientifica-inclusiva\/","og:image":"https:\/\/candas365.es\/noticias\/wp-content\/uploads\/2025\/10\/Asturias-se-suma-a-la-divulgacion-cientifica-inclusiva.jpg","og:image:secure_url":"https:\/\/candas365.es\/noticias\/wp-content\/uploads\/2025\/10\/Asturias-se-suma-a-la-divulgacion-cientifica-inclusiva.jpg","og:image:width":1025,"og:image:height":670,"article:published_time":"2025-10-19T23:26:48+00:00","article:modified_time":"2025-10-19T23:26:48+00:00","article:publisher":"https:\/\/www.facebook.com\/Nachofdezber","article:author":"https:\/\/www.facebook.com\/carrenoactualidad","twitter:card":"summary_large_image","twitter:site":"@NabercoDigital","twitter:title":"Asturias se suma a la divulgaci\u00f3n cient\u00edfica inclusiva | Cand\u00e1s 365","twitter:description":"El Gobierno de Asturias ha puesto en marcha una nueva l\u00ednea para promover la divulgaci\u00f3n cient\u00edfica inclusiva. El objetivo es garantizar el acceso","twitter:creator":"@nbasturias","twitter:image":"https:\/\/candas365.es\/noticias\/wp-content\/uploads\/2025\/10\/Asturias-se-suma-a-la-divulgacion-cientifica-inclusiva.jpg","twitter:label1":"Escrito por","twitter:data1":"Cand\u00e1s 365","twitter:label2":"Tiempo de lectura estimado","twitter:data2":"1 minuto"},"aioseo_meta_data":{"post_id":"189260","title":null,"description":"El Gobierno de Asturias ha puesto en marcha una nueva l\u00ednea para promover la divulgaci\u00f3n cient\u00edfica inclusiva. El objetivo es garantizar el acceso","keywords":null,"keyphrases":{"focus":{"keyphrase":"Asturias","score":91,"analysis":{"keyphraseInTitle":{"score":9,"maxScore":9,"error":0},"keyphraseInDescription":{"score":9,"maxScore":9,"error":0},"keyphraseLength":{"score":9,"maxScore":9,"error":0,"length":1},"keyphraseInURL":{"score":5,"maxScore":5,"error":0},"keyphraseInIntroduction":{"score":9,"maxScore":9,"error":0},"keyphraseInSubHeadings":{"score":3,"maxScore":9,"error":1},"keyphraseInImageAlt":{"score":9,"maxScore":9,"error":0},"keywordDensity":{"type":"best","score":9,"maxScore":9,"error":0}}},"additional":[{"keyphrase":"divulgaci\u00f3n","score":80,"analysis":{"keyphraseInDescription":{"score":9,"maxScore":9,"error":0},"keyphraseLength":{"score":9,"maxScore":9,"error":0,"length":2},"keyphraseInIntroduction":{"score":9,"maxScore":9,"error":0},"keyphraseInImageAlt":{"score":9,"maxScore":9,"error":0},"keywordDensity":{"score":0,"type":"low","maxScore":9,"error":1}}}]},"primary_term":null,"canonical_url":null,"og_title":null,"og_description":null,"og_object_type":"default","og_image_type":"default","og_image_url":null,"og_image_width":null,"og_image_height":null,"og_image_custom_url":null,"og_image_custom_fields":null,"og_video":"","og_custom_url":null,"og_article_section":null,"og_article_tags":null,"twitter_use_og":false,"twitter_card":"default","twitter_image_type":"default","twitter_image_url":null,"twitter_image_custom_url":null,"twitter_image_custom_fields":null,"twitter_title":null,"twitter_description":null,"schema":{"blockGraphs":[],"customGraphs":[],"default":{"data":{"Article":[],"Course":[],"Dataset":[],"FAQPage":[],"Movie":[],"Person":[],"Product":[],"ProductReview":[],"Car":[],"Recipe":[],"Service":[],"SoftwareApplication":[],"WebPage":[]},"graphName":"Article","isEnabled":true},"graphs":[]},"schema_type":"default","schema_type_options":null,"pillar_content":false,"robots_default":true,"robots_noindex":false,"robots_noarchive":false,"robots_nosnippet":false,"robots_nofollow":false,"robots_noimageindex":false,"robots_noodp":false,"robots_notranslate":false,"robots_max_snippet":"-1","robots_max_videopreview":"-1","robots_max_imagepreview":"large","priority":null,"frequency":"default","location":null,"local_seo":null,"seo_analyzer_scan_date":"2025-10-19 23:39:16","breadcrumb_settings":null,"limit_modified_date":false,"reviewed_by":null,"open_ai":null,"ai":{"faqs":[],"keyPoints":[],"titles":[],"descriptions":[],"socialPosts":{"email":[],"linkedin":[],"twitter":[],"facebook":[],"instagram":[]}},"created":"2025-10-19 23:16:00","updated":"2025-10-19 23:39:16"},"aioseo_breadcrumb":"<div class=\"aioseo-breadcrumbs\"><span class=\"aioseo-breadcrumb\">\n\t<a href=\"https:\/\/candas365.es\/noticias\" title=\"Home\">Home<\/a>\n<\/span><span class=\"aioseo-breadcrumb-separator\">&ndash;<\/span><span class=\"aioseo-breadcrumb\">\n\t<a href=\"https:\/\/candas365.es\/noticias\/category\/asturias\/\" title=\"Asturias\">Asturias<\/a>\n<\/span><span class=\"aioseo-breadcrumb-separator\">&ndash;<\/span><span class=\"aioseo-breadcrumb\">\n\tAsturias se suma a la divulgaci\u00f3n cient\u00edfica inclusiva\n<\/span><\/div>","aioseo_breadcrumb_json":[{"label":"Home","link":"https:\/\/candas365.es\/noticias"},{"label":"Asturias","link":"https:\/\/candas365.es\/noticias\/category\/asturias\/"},{"label":"Asturias se suma a la divulgaci\u00f3n cient\u00edfica inclusiva","link":"https:\/\/candas365.es\/noticias\/asturias-se-suma-a-la-divulgacion-cientifica-inclusiva\/"}],"_links":{"self":[{"href":"https:\/\/candas365.es\/noticias\/wp-json\/wp\/v2\/posts\/189260","targetHints":{"allow":["GET"]}}],"collection":[{"href":"https:\/\/candas365.es\/noticias\/wp-json\/wp\/v2\/posts"}],"about":[{"href":"https:\/\/candas365.es\/noticias\/wp-json\/wp\/v2\/types\/post"}],"author":[{"embeddable":true,"href":"https:\/\/candas365.es\/noticias\/wp-json\/wp\/v2\/users\/1"}],"replies":[{"embeddable":true,"href":"https:\/\/candas365.es\/noticias\/wp-json\/wp\/v2\/comments?post=189260"}],"version-history":[{"count":0,"href":"https:\/\/candas365.es\/noticias\/wp-json\/wp\/v2\/posts\/189260\/revisions"}],"wp:featuredmedia":[{"embeddable":true,"href":"https:\/\/candas365.es\/noticias\/wp-json\/wp\/v2\/media\/189261"}],"wp:attachment":[{"href":"https:\/\/candas365.es\/noticias\/wp-json\/wp\/v2\/media?parent=189260"}],"wp:term":[{"taxonomy":"category","embeddable":true,"href":"https:\/\/candas365.es\/noticias\/wp-json\/wp\/v2\/categories?post=189260"},{"taxonomy":"post_tag","embeddable":true,"href":"https:\/\/candas365.es\/noticias\/wp-json\/wp\/v2\/tags?post=189260"}],"curies":[{"name":"wp","href":"https:\/\/api.w.org\/{rel}","templated":true}]}}