{"id":189216,"date":"2025-10-17T10:20:36","date_gmt":"2025-10-17T08:20:36","guid":{"rendered":"https:\/\/candas365.es\/noticias\/?p=189216"},"modified":"2025-10-17T10:20:36","modified_gmt":"2025-10-17T08:20:36","slug":"colombia-pais-invitado-de-honor-en-la-fil-monterrey","status":"publish","type":"post","link":"https:\/\/candas365.es\/noticias\/colombia-pais-invitado-de-honor-en-la-fil-monterrey\/","title":{"rendered":"Colombia, pa\u00eds invitado de honor en la FIL Monterrey"},"content":{"rendered":"<p>Colombia es el pa\u00eds invitado de honor en la <a href=\"https:\/\/naberco.es\/category\/cultura\/\" target=\"_blank\" rel=\"noopener\"><span style=\"color: #ff6600;\"><strong>Feria Internacional del Libro de Monterrey<\/strong><\/span><\/a>, con 25 autores, 65 editoriales y una amplia agenda cultural.<\/p>\n<figure id=\"attachment_189217\" aria-describedby=\"caption-attachment-189217\" style=\"width: 650px\" class=\"wp-caption aligncenter\"><img fetchpriority=\"high\" decoding=\"async\" class=\"size-large wp-image-189217\" src=\"https:\/\/candas365.es\/noticias\/wp-content\/uploads\/2025\/10\/lirbos-FIL-Monterrey-650x366.jpg\" alt=\"lirbos FIL Monterrey\" width=\"650\" height=\"366\" srcset=\"https:\/\/candas365.es\/noticias\/wp-content\/uploads\/2025\/10\/lirbos-FIL-Monterrey-650x366.jpg 650w, https:\/\/candas365.es\/noticias\/wp-content\/uploads\/2025\/10\/lirbos-FIL-Monterrey-360x202.jpg 360w, https:\/\/candas365.es\/noticias\/wp-content\/uploads\/2025\/10\/lirbos-FIL-Monterrey-768x432.jpg 768w, https:\/\/candas365.es\/noticias\/wp-content\/uploads\/2025\/10\/lirbos-FIL-Monterrey-150x84.jpg 150w, https:\/\/candas365.es\/noticias\/wp-content\/uploads\/2025\/10\/lirbos-FIL-Monterrey-450x253.jpg 450w, https:\/\/candas365.es\/noticias\/wp-content\/uploads\/2025\/10\/lirbos-FIL-Monterrey.jpg 1081w\" sizes=\"(max-width: 650px) 100vw, 650px\" \/><figcaption id=\"caption-attachment-189217\" class=\"wp-caption-text\">Foto: .123rf.com<\/figcaption><\/figure>\n<p>Colombia participa como pa\u00eds invitado de honor en la Feria Internacional del Libro de Monterrey 2025 (FILMY), que se celebra del 11 al 19 de octubre en M\u00e9xico. La presencia del pa\u00eds andino refuerza los lazos culturales entre ambas naciones y proyecta su diversidad literaria y art\u00edstica en uno de los principales encuentros editoriales de Am\u00e9rica Latina.<\/p>\n<h2>Un pabell\u00f3n que refleja la diversidad creativa de Colombia<\/h2>\n<p>La delegaci\u00f3n colombiana est\u00e1 integrada por 25 autoras y autores, 65 editoriales y m\u00e1s de 4.000 publicaciones nacionales, reunidas en un pabell\u00f3n de 200 metros cuadrados que sirve como punto de encuentro entre lectores, editoriales y escritores. La programaci\u00f3n incluye conferencias, talleres, presentaciones musicales y actividades de mediaci\u00f3n lectora.<\/p>\n<p>Entre las propuestas m\u00e1s destacadas figura una exposici\u00f3n dedicada a la cumbia, presentada como s\u00edmbolo del patrimonio cultural colombiano. Adem\u00e1s, se ha organizado una franja audiovisual centrada en el cine biocultural, con producciones recientes que retratan los territorios, comunidades y ecosistemas del pa\u00eds, subrayando el papel del arte como herramienta de memoria y di\u00e1logo intercultural.<\/p>\n<h2>Diplomacia cultural y cooperaci\u00f3n editorial<\/h2>\n<p>La participaci\u00f3n de Colombia en la FIL Monterrey tiene como meta fortalecer la diplomacia cultural y promover la cooperaci\u00f3n editorial y art\u00edstica con M\u00e9xico y otros pa\u00edses de la regi\u00f3n. Tambi\u00e9n busca facilitar el intercambio entre creadores y ampliar la circulaci\u00f3n internacional del libro colombiano.<\/p>\n<p>Seg\u00fan la informaci\u00f3n oficial, la presencia del pa\u00eds en esta edici\u00f3n de la feria reafirma su compromiso con la palabra, la creatividad y el pensamiento cr\u00edtico, al tiempo que consolida la cultura como puente entre pueblos y expresi\u00f3n de un patrimonio compartido.<\/p>\n<p>Con informaci\u00f3n de NotiPress.<\/p>\n","protected":false},"excerpt":{"rendered":"<p>Colombia es el pa\u00eds invitado de honor en la Feria Internacional del Libro de Monterrey, con 25 autores, 65 editoriales y una amplia agenda cultural. Colombia participa como pa\u00eds invitado de honor en la Feria Internacional del Libro de Monterrey 2025 (FILMY), que se celebra del 11 al 19 de octubre en M\u00e9xico. La presencia<\/p>\n","protected":false},"author":1,"featured_media":189217,"comment_status":"closed","ping_status":"closed","sticky":false,"template":"","format":"standard","meta":{"footnotes":""},"categories":[142],"tags":[430],"class_list":{"0":"post-189216","1":"post","2":"type-post","3":"status-publish","4":"format-standard","5":"has-post-thumbnail","7":"category-revista","8":"tag-cultura"},"aioseo_notices":[],"aioseo_head":"\n\t\t<!-- All in One SEO Pro 4.9.6.2 - aioseo.com -->\n\t<meta name=\"description\" content=\"Colombia es el pa\u00eds invitado de honor en la Feria Internacional del Libro de Monterrey, con 25 autores, 65 editoriales y una amplia agenda cultural.\" \/>\n\t<meta name=\"robots\" content=\"max-image-preview:large\" \/>\n\t<meta name=\"author\" content=\"Cand\u00e1s 365\"\/>\n\t<meta name=\"google-site-verification\" content=\"UA-32230408-1\" \/>\n\t<meta name=\"msvalidate.01\" content=\"354F3CDFB2DA171B47FBE9ABF1F88D5\" \/>\n\t<meta name=\"keywords\" content=\"revista\" \/>\n\t<link rel=\"canonical\" href=\"https:\/\/candas365.es\/noticias\/colombia-pais-invitado-de-honor-en-la-fil-monterrey\/\" \/>\n\t<meta name=\"generator\" content=\"All in One SEO Pro (AIOSEO) 4.9.6.2\" \/>\n\t\t<meta property=\"og:locale\" content=\"es_ES\" \/>\n\t\t<meta property=\"og:site_name\" content=\"Cand\u00e1s 365\" \/>\n\t\t<meta property=\"og:type\" content=\"article\" \/>\n\t\t<meta property=\"og:title\" content=\"Colombia, pa\u00eds invitado de honor en la FIL Monterrey | Cand\u00e1s 365\" \/>\n\t\t<meta property=\"og:description\" content=\"Colombia es el pa\u00eds invitado de honor en la Feria Internacional del Libro de Monterrey, con 25 autores, 65 editoriales y una amplia agenda cultural.\" \/>\n\t\t<meta property=\"og:url\" content=\"https:\/\/candas365.es\/noticias\/colombia-pais-invitado-de-honor-en-la-fil-monterrey\/\" \/>\n\t\t<meta property=\"og:image\" content=\"https:\/\/candas365.es\/noticias\/wp-content\/uploads\/2025\/10\/lirbos-FIL-Monterrey.jpg\" \/>\n\t\t<meta property=\"og:image:secure_url\" content=\"https:\/\/candas365.es\/noticias\/wp-content\/uploads\/2025\/10\/lirbos-FIL-Monterrey.jpg\" \/>\n\t\t<meta property=\"og:image:width\" content=\"1081\" \/>\n\t\t<meta property=\"og:image:height\" content=\"608\" \/>\n\t\t<meta property=\"article:published_time\" content=\"2025-10-17T08:20:36+00:00\" \/>\n\t\t<meta property=\"article:modified_time\" content=\"2025-10-17T08:20:36+00:00\" \/>\n\t\t<meta property=\"article:publisher\" content=\"https:\/\/www.facebook.com\/Nachofdezber\" \/>\n\t\t<meta property=\"article:author\" content=\"https:\/\/www.facebook.com\/carrenoactualidad\" \/>\n\t\t<meta name=\"twitter:card\" content=\"summary_large_image\" \/>\n\t\t<meta name=\"twitter:site\" content=\"@NabercoDigital\" \/>\n\t\t<meta name=\"twitter:title\" content=\"Colombia, pa\u00eds invitado de honor en la FIL Monterrey | Cand\u00e1s 365\" \/>\n\t\t<meta name=\"twitter:description\" content=\"Colombia es el pa\u00eds invitado de honor en la Feria Internacional del Libro de Monterrey, con 25 autores, 65 editoriales y una amplia agenda cultural.\" \/>\n\t\t<meta name=\"twitter:creator\" content=\"@nbasturias\" \/>\n\t\t<meta name=\"twitter:image\" content=\"https:\/\/candas365.es\/noticias\/wp-content\/uploads\/2025\/10\/lirbos-FIL-Monterrey.jpg\" \/>\n\t\t<meta name=\"twitter:label1\" content=\"Escrito por\" \/>\n\t\t<meta name=\"twitter:data1\" content=\"Cand\u00e1s 365\" \/>\n\t\t<meta name=\"twitter:label2\" content=\"Tiempo de lectura estimado\" \/>\n\t\t<meta name=\"twitter:data2\" content=\"2 minutos\" \/>\n\t\t<script type=\"application\/ld+json\" class=\"aioseo-schema\">\n\t\t\t{\"@context\":\"https:\\\/\\\/schema.org\",\"@graph\":[{\"@type\":\"BreadcrumbList\",\"@id\":\"https:\\\/\\\/candas365.es\\\/noticias\\\/colombia-pais-invitado-de-honor-en-la-fil-monterrey\\\/#breadcrumblist\",\"itemListElement\":[{\"@type\":\"ListItem\",\"@id\":\"https:\\\/\\\/candas365.es\\\/noticias#listItem\",\"position\":1,\"name\":\"Home\",\"item\":\"https:\\\/\\\/candas365.es\\\/noticias\",\"nextItem\":{\"@type\":\"ListItem\",\"@id\":\"https:\\\/\\\/candas365.es\\\/noticias\\\/category\\\/revista\\\/#listItem\",\"name\":\"Revista\"}},{\"@type\":\"ListItem\",\"@id\":\"https:\\\/\\\/candas365.es\\\/noticias\\\/category\\\/revista\\\/#listItem\",\"position\":2,\"name\":\"Revista\",\"item\":\"https:\\\/\\\/candas365.es\\\/noticias\\\/category\\\/revista\\\/\",\"nextItem\":{\"@type\":\"ListItem\",\"@id\":\"https:\\\/\\\/candas365.es\\\/noticias\\\/colombia-pais-invitado-de-honor-en-la-fil-monterrey\\\/#listItem\",\"name\":\"Colombia, pa\\u00eds invitado de honor en la FIL Monterrey\"},\"previousItem\":{\"@type\":\"ListItem\",\"@id\":\"https:\\\/\\\/candas365.es\\\/noticias#listItem\",\"name\":\"Home\"}},{\"@type\":\"ListItem\",\"@id\":\"https:\\\/\\\/candas365.es\\\/noticias\\\/colombia-pais-invitado-de-honor-en-la-fil-monterrey\\\/#listItem\",\"position\":3,\"name\":\"Colombia, pa\\u00eds invitado de honor en la FIL Monterrey\",\"previousItem\":{\"@type\":\"ListItem\",\"@id\":\"https:\\\/\\\/candas365.es\\\/noticias\\\/category\\\/revista\\\/#listItem\",\"name\":\"Revista\"}}]},{\"@type\":\"NewsArticle\",\"@id\":\"https:\\\/\\\/candas365.es\\\/noticias\\\/colombia-pais-invitado-de-honor-en-la-fil-monterrey\\\/#newsarticle\",\"name\":\"Colombia, pa\\u00eds invitado de honor en la FIL Monterrey | Cand\\u00e1s 365\",\"headline\":\"Colombia, pa\\u00eds invitado de honor en la FIL Monterrey\",\"author\":{\"@id\":\"https:\\\/\\\/candas365.es\\\/noticias\\\/author\\\/admin\\\/#author\"},\"publisher\":{\"@id\":\"https:\\\/\\\/candas365.es\\\/noticias\\\/#organization\"},\"image\":{\"@type\":\"ImageObject\",\"url\":\"https:\\\/\\\/candas365.es\\\/noticias\\\/wp-content\\\/uploads\\\/2025\\\/10\\\/lirbos-FIL-Monterrey.jpg\",\"width\":1081,\"height\":608,\"caption\":\"Foto: .123rf.com\"},\"datePublished\":\"2025-10-17T10:20:36+02:00\",\"dateModified\":\"2025-10-17T10:20:36+02:00\",\"inLanguage\":\"es-ES\",\"mainEntityOfPage\":{\"@id\":\"https:\\\/\\\/candas365.es\\\/noticias\\\/colombia-pais-invitado-de-honor-en-la-fil-monterrey\\\/#webpage\"},\"isPartOf\":{\"@id\":\"https:\\\/\\\/candas365.es\\\/noticias\\\/colombia-pais-invitado-de-honor-en-la-fil-monterrey\\\/#webpage\"},\"articleSection\":\"Revista, cultura\",\"dateline\":\"Publicado el octubre 17, 2025.\"},{\"@type\":\"Organization\",\"@id\":\"https:\\\/\\\/candas365.es\\\/noticias\\\/#organization\",\"name\":\"Cand\\u00e1s 365\",\"description\":\"Cand\\u00e1s 365 es un diario digital independiente, fundado en 2012, con base en Asturias. Informamos con rigor sobre actualidad, sociedad, cultura y ocio, con una mirada local y global.\",\"url\":\"https:\\\/\\\/candas365.es\\\/noticias\\\/\",\"email\":\"info@candas365.es\",\"telephone\":\"+34652131393\",\"foundingDate\":\"2012-06-10\",\"logo\":{\"@type\":\"ImageObject\",\"url\":\"https:\\\/\\\/candas365.es\\\/noticias\\\/wp-content\\\/uploads\\\/2024\\\/09\\\/Candas-365-Redes.jpg\",\"@id\":\"https:\\\/\\\/candas365.es\\\/noticias\\\/colombia-pais-invitado-de-honor-en-la-fil-monterrey\\\/#organizationLogo\",\"width\":1152,\"height\":864,\"caption\":\"Cand\\u00e1s 365 Redes\"},\"image\":{\"@id\":\"https:\\\/\\\/candas365.es\\\/noticias\\\/colombia-pais-invitado-de-honor-en-la-fil-monterrey\\\/#organizationLogo\"},\"sameAs\":[\"https:\\\/\\\/www.facebook.com\\\/Nachofdezber\",\"https:\\\/\\\/x.com\\\/NabercoDigital\",\"https:\\\/\\\/www.instagram.com\\\/nachofdezber\\\/\",\"https:\\\/\\\/www.youtube.com\\\/channel\\\/UCZP-2wLEB9Rv6erhFmqVnvg\"],\"address\":{\"@id\":\"https:\\\/\\\/candas365.es\\\/noticias\\\/#postaladdress\",\"@type\":\"PostalAddress\",\"streetAddress\":\"san antonio 4, san antonio 4\",\"postalCode\":\"33430\",\"addressLocality\":\"Cand\\u00e1s\",\"addressRegion\":\"Asturias\",\"addressCountry\":\"ES\"}},{\"@type\":\"Person\",\"@id\":\"https:\\\/\\\/candas365.es\\\/noticias\\\/author\\\/admin\\\/#author\",\"url\":\"https:\\\/\\\/candas365.es\\\/noticias\\\/author\\\/admin\\\/\",\"name\":\"Cand\\u00e1s 365\",\"image\":{\"@type\":\"ImageObject\",\"@id\":\"https:\\\/\\\/candas365.es\\\/noticias\\\/colombia-pais-invitado-de-honor-en-la-fil-monterrey\\\/#authorImage\",\"url\":\"https:\\\/\\\/secure.gravatar.com\\\/avatar\\\/496a8e03d0c493ede1718b7934145dbdf8d89be1036b0eec9544e1094c9de390?s=96&d=mm&r=g\",\"width\":96,\"height\":96,\"caption\":\"Cand\\u00e1s 365\"},\"sameAs\":[\"https:\\\/\\\/www.facebook.com\\\/carrenoactualidad\",\"https:\\\/\\\/twitter.com\\\/nbasturias\",\"https:\\\/\\\/www.instagram.com\\\/nachofdezber\\\/\",\"https:\\\/\\\/www.youtube.com\\\/channel\\\/UCZP-2wLEB9Rv6erhFmqVnvg\"]},{\"@type\":\"WebPage\",\"@id\":\"https:\\\/\\\/candas365.es\\\/noticias\\\/colombia-pais-invitado-de-honor-en-la-fil-monterrey\\\/#webpage\",\"url\":\"https:\\\/\\\/candas365.es\\\/noticias\\\/colombia-pais-invitado-de-honor-en-la-fil-monterrey\\\/\",\"name\":\"Colombia, pa\\u00eds invitado de honor en la FIL Monterrey | Cand\\u00e1s 365\",\"description\":\"Colombia es el pa\\u00eds invitado de honor en la Feria Internacional del Libro de Monterrey, con 25 autores, 65 editoriales y una amplia agenda cultural.\",\"inLanguage\":\"es-ES\",\"isPartOf\":{\"@id\":\"https:\\\/\\\/candas365.es\\\/noticias\\\/#website\"},\"breadcrumb\":{\"@id\":\"https:\\\/\\\/candas365.es\\\/noticias\\\/colombia-pais-invitado-de-honor-en-la-fil-monterrey\\\/#breadcrumblist\"},\"author\":{\"@id\":\"https:\\\/\\\/candas365.es\\\/noticias\\\/author\\\/admin\\\/#author\"},\"creator\":{\"@id\":\"https:\\\/\\\/candas365.es\\\/noticias\\\/author\\\/admin\\\/#author\"},\"image\":{\"@type\":\"ImageObject\",\"url\":\"https:\\\/\\\/candas365.es\\\/noticias\\\/wp-content\\\/uploads\\\/2025\\\/10\\\/lirbos-FIL-Monterrey.jpg\",\"@id\":\"https:\\\/\\\/candas365.es\\\/noticias\\\/colombia-pais-invitado-de-honor-en-la-fil-monterrey\\\/#mainImage\",\"width\":1081,\"height\":608,\"caption\":\"Foto: .123rf.com\"},\"primaryImageOfPage\":{\"@id\":\"https:\\\/\\\/candas365.es\\\/noticias\\\/colombia-pais-invitado-de-honor-en-la-fil-monterrey\\\/#mainImage\"},\"datePublished\":\"2025-10-17T10:20:36+02:00\",\"dateModified\":\"2025-10-17T10:20:36+02:00\"},{\"@type\":\"WebSite\",\"@id\":\"https:\\\/\\\/candas365.es\\\/noticias\\\/#website\",\"url\":\"https:\\\/\\\/candas365.es\\\/noticias\\\/\",\"name\":\"Cand\\u00e1s 365\",\"alternateName\":\"Cand\\u00e1s 365 Noticias\",\"description\":\"Actualidad desde Carre\\u00f1o para el mundo\",\"inLanguage\":\"es-ES\",\"publisher\":{\"@id\":\"https:\\\/\\\/candas365.es\\\/noticias\\\/#organization\"}}]}\n\t\t<\/script>\n\t\t<!-- All in One SEO Pro -->\r\n\t\t<title>Colombia, pa\u00eds invitado de honor en la FIL Monterrey | Cand\u00e1s 365<\/title>\n\n","aioseo_head_json":{"title":"Colombia, pa\u00eds invitado de honor en la FIL Monterrey | Cand\u00e1s 365","description":"Colombia es el pa\u00eds invitado de honor en la Feria Internacional del Libro de Monterrey, con 25 autores, 65 editoriales y una amplia agenda cultural.","canonical_url":"https:\/\/candas365.es\/noticias\/colombia-pais-invitado-de-honor-en-la-fil-monterrey\/","robots":"max-image-preview:large","keywords":"revista","webmasterTools":{"google-site-verification":"UA-32230408-1","msvalidate.01":"354F3CDFB2DA171B47FBE9ABF1F88D5","miscellaneous":""},"schema":{"@context":"https:\/\/schema.org","@graph":[{"@type":"BreadcrumbList","@id":"https:\/\/candas365.es\/noticias\/colombia-pais-invitado-de-honor-en-la-fil-monterrey\/#breadcrumblist","itemListElement":[{"@type":"ListItem","@id":"https:\/\/candas365.es\/noticias#listItem","position":1,"name":"Home","item":"https:\/\/candas365.es\/noticias","nextItem":{"@type":"ListItem","@id":"https:\/\/candas365.es\/noticias\/category\/revista\/#listItem","name":"Revista"}},{"@type":"ListItem","@id":"https:\/\/candas365.es\/noticias\/category\/revista\/#listItem","position":2,"name":"Revista","item":"https:\/\/candas365.es\/noticias\/category\/revista\/","nextItem":{"@type":"ListItem","@id":"https:\/\/candas365.es\/noticias\/colombia-pais-invitado-de-honor-en-la-fil-monterrey\/#listItem","name":"Colombia, pa\u00eds invitado de honor en la FIL Monterrey"},"previousItem":{"@type":"ListItem","@id":"https:\/\/candas365.es\/noticias#listItem","name":"Home"}},{"@type":"ListItem","@id":"https:\/\/candas365.es\/noticias\/colombia-pais-invitado-de-honor-en-la-fil-monterrey\/#listItem","position":3,"name":"Colombia, pa\u00eds invitado de honor en la FIL Monterrey","previousItem":{"@type":"ListItem","@id":"https:\/\/candas365.es\/noticias\/category\/revista\/#listItem","name":"Revista"}}]},{"@type":"NewsArticle","@id":"https:\/\/candas365.es\/noticias\/colombia-pais-invitado-de-honor-en-la-fil-monterrey\/#newsarticle","name":"Colombia, pa\u00eds invitado de honor en la FIL Monterrey | Cand\u00e1s 365","headline":"Colombia, pa\u00eds invitado de honor en la FIL Monterrey","author":{"@id":"https:\/\/candas365.es\/noticias\/author\/admin\/#author"},"publisher":{"@id":"https:\/\/candas365.es\/noticias\/#organization"},"image":{"@type":"ImageObject","url":"https:\/\/candas365.es\/noticias\/wp-content\/uploads\/2025\/10\/lirbos-FIL-Monterrey.jpg","width":1081,"height":608,"caption":"Foto: .123rf.com"},"datePublished":"2025-10-17T10:20:36+02:00","dateModified":"2025-10-17T10:20:36+02:00","inLanguage":"es-ES","mainEntityOfPage":{"@id":"https:\/\/candas365.es\/noticias\/colombia-pais-invitado-de-honor-en-la-fil-monterrey\/#webpage"},"isPartOf":{"@id":"https:\/\/candas365.es\/noticias\/colombia-pais-invitado-de-honor-en-la-fil-monterrey\/#webpage"},"articleSection":"Revista, cultura","dateline":"Publicado el octubre 17, 2025."},{"@type":"Organization","@id":"https:\/\/candas365.es\/noticias\/#organization","name":"Cand\u00e1s 365","description":"Cand\u00e1s 365 es un diario digital independiente, fundado en 2012, con base en Asturias. Informamos con rigor sobre actualidad, sociedad, cultura y ocio, con una mirada local y global.","url":"https:\/\/candas365.es\/noticias\/","email":"info@candas365.es","telephone":"+34652131393","foundingDate":"2012-06-10","logo":{"@type":"ImageObject","url":"https:\/\/candas365.es\/noticias\/wp-content\/uploads\/2024\/09\/Candas-365-Redes.jpg","@id":"https:\/\/candas365.es\/noticias\/colombia-pais-invitado-de-honor-en-la-fil-monterrey\/#organizationLogo","width":1152,"height":864,"caption":"Cand\u00e1s 365 Redes"},"image":{"@id":"https:\/\/candas365.es\/noticias\/colombia-pais-invitado-de-honor-en-la-fil-monterrey\/#organizationLogo"},"sameAs":["https:\/\/www.facebook.com\/Nachofdezber","https:\/\/x.com\/NabercoDigital","https:\/\/www.instagram.com\/nachofdezber\/","https:\/\/www.youtube.com\/channel\/UCZP-2wLEB9Rv6erhFmqVnvg"],"address":{"@id":"https:\/\/candas365.es\/noticias\/#postaladdress","@type":"PostalAddress","streetAddress":"san antonio 4, san antonio 4","postalCode":"33430","addressLocality":"Cand\u00e1s","addressRegion":"Asturias","addressCountry":"ES"}},{"@type":"Person","@id":"https:\/\/candas365.es\/noticias\/author\/admin\/#author","url":"https:\/\/candas365.es\/noticias\/author\/admin\/","name":"Cand\u00e1s 365","image":{"@type":"ImageObject","@id":"https:\/\/candas365.es\/noticias\/colombia-pais-invitado-de-honor-en-la-fil-monterrey\/#authorImage","url":"https:\/\/secure.gravatar.com\/avatar\/496a8e03d0c493ede1718b7934145dbdf8d89be1036b0eec9544e1094c9de390?s=96&d=mm&r=g","width":96,"height":96,"caption":"Cand\u00e1s 365"},"sameAs":["https:\/\/www.facebook.com\/carrenoactualidad","https:\/\/twitter.com\/nbasturias","https:\/\/www.instagram.com\/nachofdezber\/","https:\/\/www.youtube.com\/channel\/UCZP-2wLEB9Rv6erhFmqVnvg"]},{"@type":"WebPage","@id":"https:\/\/candas365.es\/noticias\/colombia-pais-invitado-de-honor-en-la-fil-monterrey\/#webpage","url":"https:\/\/candas365.es\/noticias\/colombia-pais-invitado-de-honor-en-la-fil-monterrey\/","name":"Colombia, pa\u00eds invitado de honor en la FIL Monterrey | Cand\u00e1s 365","description":"Colombia es el pa\u00eds invitado de honor en la Feria Internacional del Libro de Monterrey, con 25 autores, 65 editoriales y una amplia agenda cultural.","inLanguage":"es-ES","isPartOf":{"@id":"https:\/\/candas365.es\/noticias\/#website"},"breadcrumb":{"@id":"https:\/\/candas365.es\/noticias\/colombia-pais-invitado-de-honor-en-la-fil-monterrey\/#breadcrumblist"},"author":{"@id":"https:\/\/candas365.es\/noticias\/author\/admin\/#author"},"creator":{"@id":"https:\/\/candas365.es\/noticias\/author\/admin\/#author"},"image":{"@type":"ImageObject","url":"https:\/\/candas365.es\/noticias\/wp-content\/uploads\/2025\/10\/lirbos-FIL-Monterrey.jpg","@id":"https:\/\/candas365.es\/noticias\/colombia-pais-invitado-de-honor-en-la-fil-monterrey\/#mainImage","width":1081,"height":608,"caption":"Foto: .123rf.com"},"primaryImageOfPage":{"@id":"https:\/\/candas365.es\/noticias\/colombia-pais-invitado-de-honor-en-la-fil-monterrey\/#mainImage"},"datePublished":"2025-10-17T10:20:36+02:00","dateModified":"2025-10-17T10:20:36+02:00"},{"@type":"WebSite","@id":"https:\/\/candas365.es\/noticias\/#website","url":"https:\/\/candas365.es\/noticias\/","name":"Cand\u00e1s 365","alternateName":"Cand\u00e1s 365 Noticias","description":"Actualidad desde Carre\u00f1o para el mundo","inLanguage":"es-ES","publisher":{"@id":"https:\/\/candas365.es\/noticias\/#organization"}}]},"og:locale":"es_ES","og:site_name":"Cand\u00e1s 365","og:type":"article","og:title":"Colombia, pa\u00eds invitado de honor en la FIL Monterrey | Cand\u00e1s 365","og:description":"Colombia es el pa\u00eds invitado de honor en la Feria Internacional del Libro de Monterrey, con 25 autores, 65 editoriales y una amplia agenda cultural.","og:url":"https:\/\/candas365.es\/noticias\/colombia-pais-invitado-de-honor-en-la-fil-monterrey\/","og:image":"https:\/\/candas365.es\/noticias\/wp-content\/uploads\/2025\/10\/lirbos-FIL-Monterrey.jpg","og:image:secure_url":"https:\/\/candas365.es\/noticias\/wp-content\/uploads\/2025\/10\/lirbos-FIL-Monterrey.jpg","og:image:width":1081,"og:image:height":608,"article:published_time":"2025-10-17T08:20:36+00:00","article:modified_time":"2025-10-17T08:20:36+00:00","article:publisher":"https:\/\/www.facebook.com\/Nachofdezber","article:author":"https:\/\/www.facebook.com\/carrenoactualidad","twitter:card":"summary_large_image","twitter:site":"@NabercoDigital","twitter:title":"Colombia, pa\u00eds invitado de honor en la FIL Monterrey | Cand\u00e1s 365","twitter:description":"Colombia es el pa\u00eds invitado de honor en la Feria Internacional del Libro de Monterrey, con 25 autores, 65 editoriales y una amplia agenda cultural.","twitter:creator":"@nbasturias","twitter:image":"https:\/\/candas365.es\/noticias\/wp-content\/uploads\/2025\/10\/lirbos-FIL-Monterrey.jpg","twitter:label1":"Escrito por","twitter:data1":"Cand\u00e1s 365","twitter:label2":"Tiempo de lectura estimado","twitter:data2":"2 minutos"},"aioseo_meta_data":{"post_id":"189216","title":null,"description":"Colombia es el pa\u00eds invitado de honor en la Feria Internacional del Libro de Monterrey, con 25 autores, 65 editoriales y una amplia agenda cultural.","keywords":null,"keyphrases":{"focus":{"keyphrase":"Monterrey","score":91,"analysis":{"keyphraseInTitle":{"score":9,"maxScore":9,"error":0},"keyphraseInDescription":{"score":9,"maxScore":9,"error":0},"keyphraseLength":{"score":9,"maxScore":9,"error":0,"length":1},"keyphraseInURL":{"score":5,"maxScore":5,"error":0},"keyphraseInIntroduction":{"score":9,"maxScore":9,"error":0},"keyphraseInSubHeadings":{"score":3,"maxScore":9,"error":1},"keyphraseInImageAlt":{"score":9,"maxScore":9,"error":0},"keywordDensity":{"type":"best","score":9,"maxScore":9,"error":0}}},"additional":[{"keyphrase":"Monterrey","score":100,"analysis":{"keyphraseInDescription":{"score":9,"maxScore":9,"error":0},"keyphraseLength":{"score":9,"maxScore":9,"error":0,"length":1},"keyphraseInIntroduction":{"score":9,"maxScore":9,"error":0},"keyphraseInImageAlt":{"score":9,"maxScore":9,"error":0},"keywordDensity":{"type":"best","score":9,"maxScore":9,"error":0}}}]},"primary_term":null,"canonical_url":null,"og_title":null,"og_description":null,"og_object_type":"default","og_image_type":"default","og_image_url":null,"og_image_width":null,"og_image_height":null,"og_image_custom_url":null,"og_image_custom_fields":null,"og_video":"","og_custom_url":null,"og_article_section":null,"og_article_tags":null,"twitter_use_og":false,"twitter_card":"default","twitter_image_type":"default","twitter_image_url":null,"twitter_image_custom_url":null,"twitter_image_custom_fields":null,"twitter_title":null,"twitter_description":null,"schema":{"blockGraphs":[],"customGraphs":[],"default":{"data":{"Article":[],"Course":[],"Dataset":[],"FAQPage":[],"Movie":[],"Person":[],"Product":[],"ProductReview":[],"Car":[],"Recipe":[],"Service":[],"SoftwareApplication":[],"WebPage":[]},"graphName":"Article","isEnabled":true},"graphs":[]},"schema_type":"default","schema_type_options":null,"pillar_content":false,"robots_default":true,"robots_noindex":false,"robots_noarchive":false,"robots_nosnippet":false,"robots_nofollow":false,"robots_noimageindex":false,"robots_noodp":false,"robots_notranslate":false,"robots_max_snippet":"-1","robots_max_videopreview":"-1","robots_max_imagepreview":"large","priority":null,"frequency":"default","location":null,"local_seo":null,"seo_analyzer_scan_date":"2025-10-17 08:34:40","breadcrumb_settings":null,"limit_modified_date":false,"reviewed_by":null,"open_ai":null,"ai":{"faqs":[],"keyPoints":[],"titles":[],"descriptions":[],"socialPosts":{"email":[],"linkedin":[],"twitter":[],"facebook":[],"instagram":[]}},"created":"2025-10-17 08:14:58","updated":"2025-10-17 08:34:40"},"aioseo_breadcrumb":"<div class=\"aioseo-breadcrumbs\"><span class=\"aioseo-breadcrumb\">\n\t<a href=\"https:\/\/candas365.es\/noticias\" title=\"Home\">Home<\/a>\n<\/span><span class=\"aioseo-breadcrumb-separator\">&ndash;<\/span><span class=\"aioseo-breadcrumb\">\n\t<a href=\"https:\/\/candas365.es\/noticias\/category\/revista\/\" title=\"Revista\">Revista<\/a>\n<\/span><span class=\"aioseo-breadcrumb-separator\">&ndash;<\/span><span class=\"aioseo-breadcrumb\">\n\tColombia, pa\u00eds invitado de honor en la FIL Monterrey\n<\/span><\/div>","aioseo_breadcrumb_json":[{"label":"Home","link":"https:\/\/candas365.es\/noticias"},{"label":"Revista","link":"https:\/\/candas365.es\/noticias\/category\/revista\/"},{"label":"Colombia, pa\u00eds invitado de honor en la FIL Monterrey","link":"https:\/\/candas365.es\/noticias\/colombia-pais-invitado-de-honor-en-la-fil-monterrey\/"}],"_links":{"self":[{"href":"https:\/\/candas365.es\/noticias\/wp-json\/wp\/v2\/posts\/189216","targetHints":{"allow":["GET"]}}],"collection":[{"href":"https:\/\/candas365.es\/noticias\/wp-json\/wp\/v2\/posts"}],"about":[{"href":"https:\/\/candas365.es\/noticias\/wp-json\/wp\/v2\/types\/post"}],"author":[{"embeddable":true,"href":"https:\/\/candas365.es\/noticias\/wp-json\/wp\/v2\/users\/1"}],"replies":[{"embeddable":true,"href":"https:\/\/candas365.es\/noticias\/wp-json\/wp\/v2\/comments?post=189216"}],"version-history":[{"count":0,"href":"https:\/\/candas365.es\/noticias\/wp-json\/wp\/v2\/posts\/189216\/revisions"}],"wp:featuredmedia":[{"embeddable":true,"href":"https:\/\/candas365.es\/noticias\/wp-json\/wp\/v2\/media\/189217"}],"wp:attachment":[{"href":"https:\/\/candas365.es\/noticias\/wp-json\/wp\/v2\/media?parent=189216"}],"wp:term":[{"taxonomy":"category","embeddable":true,"href":"https:\/\/candas365.es\/noticias\/wp-json\/wp\/v2\/categories?post=189216"},{"taxonomy":"post_tag","embeddable":true,"href":"https:\/\/candas365.es\/noticias\/wp-json\/wp\/v2\/tags?post=189216"}],"curies":[{"name":"wp","href":"https:\/\/api.w.org\/{rel}","templated":true}]}}