{"id":189210,"date":"2025-10-17T09:57:28","date_gmt":"2025-10-17T07:57:28","guid":{"rendered":"https:\/\/candas365.es\/noticias\/?p=189210"},"modified":"2025-10-17T09:57:28","modified_gmt":"2025-10-17T07:57:28","slug":"lluvias-en-mexico-aislan-a-160-comunidades-rurales","status":"publish","type":"post","link":"https:\/\/candas365.es\/noticias\/lluvias-en-mexico-aislan-a-160-comunidades-rurales\/","title":{"rendered":"Lluvias en M\u00e9xico a\u00edslan a 160 comunidades rurales"},"content":{"rendered":"<p>Las intensas<a href=\"https:\/\/candas365.es\/noticias\/lluvias-en-poza-rica-se-desborda-el-cazones\/\"><strong><span style=\"color: #ff6600;\"> lluvias en M\u00e9xico<\/span><\/strong><\/a> dejan v\u00edctimas y numerosas comunidades incomunicadas. El Gobierno despliega maquinaria y helic\u00f3pteros para restablecer accesos.<\/p>\n<figure id=\"attachment_189211\" aria-describedby=\"caption-attachment-189211\" style=\"width: 650px\" class=\"wp-caption aligncenter\"><img fetchpriority=\"high\" decoding=\"async\" class=\"size-large wp-image-189211\" src=\"https:\/\/candas365.es\/noticias\/wp-content\/uploads\/2025\/10\/Lluvias-en-Mexico-650x368.jpg\" alt=\"Lluvias en M\u00e9xico\" width=\"650\" height=\"368\" srcset=\"https:\/\/candas365.es\/noticias\/wp-content\/uploads\/2025\/10\/Lluvias-en-Mexico-650x368.jpg 650w, https:\/\/candas365.es\/noticias\/wp-content\/uploads\/2025\/10\/Lluvias-en-Mexico-360x204.jpg 360w, https:\/\/candas365.es\/noticias\/wp-content\/uploads\/2025\/10\/Lluvias-en-Mexico-768x435.jpg 768w, https:\/\/candas365.es\/noticias\/wp-content\/uploads\/2025\/10\/Lluvias-en-Mexico-150x85.jpg 150w, https:\/\/candas365.es\/noticias\/wp-content\/uploads\/2025\/10\/Lluvias-en-Mexico-450x255.jpg 450w, https:\/\/candas365.es\/noticias\/wp-content\/uploads\/2025\/10\/Lluvias-en-Mexico.jpg 1068w\" sizes=\"(max-width: 650px) 100vw, 650px\" \/><figcaption id=\"caption-attachment-189211\" class=\"wp-caption-text\">Foto: 123rf.com<\/figcaption><\/figure>\n<p>El Gobierno de M\u00e9xico inform\u00f3 que, pese al despliegue de maquinaria pesada y operativos conjuntos para rehabilitar caminos y puentes da\u00f1ados por las lluvias, numerosas comunidades rurales permanecen incomunicadas y se han registrado v\u00edctimas y personas desaparecidas. La presidenta Claudia Sheinbaum ofreci\u00f3 la actualizaci\u00f3n m\u00e1s reciente durante la conferencia matutina del 16 de octubre, destacando que los estados de Veracruz, Hidalgo, Puebla y Quer\u00e9taro concentran la mayor parte de las afectaciones.<\/p>\n<h2>Comunidades aisladas y despliegue de emergencia<\/h2>\n<p>Seg\u00fan la Secretar\u00eda de Infraestructura, Comunicaciones y Transportes (SICT), las acciones de rescate y reconstrucci\u00f3n incluyen la participaci\u00f3n de gobiernos estatales, municipales y fuerzas armadas. En las \u00faltimas horas se logr\u00f3 restablecer parcialmente la conectividad en varias zonas, aunque centenares de familias siguen sin acceso a servicios b\u00e1sicos o v\u00edas de comunicaci\u00f3n.<\/p>\n<p>Los trabajos de emergencia abarcan m\u00e1s de un centenar de municipios con da\u00f1os en carreteras, puentes y caminos rurales. El operativo utiliza equipos de la SICT, la Marina y la Defensa Nacional, adem\u00e1s de helic\u00f3pteros destinados al transporte de suministros y asistencia m\u00e9dica en \u00e1reas sin acceso terrestre.<\/p>\n<h2>Reconstrucci\u00f3n y medidas preventivas ante lluvias extremas<\/h2>\n<p>En regiones como la Huasteca, los esfuerzos se concentran en la reparaci\u00f3n de rampas y pasos provisionales que permitan restablecer la movilidad. En localidades como Yahualica o San Joaqu\u00edn, el trabajo avanza con el apoyo de comunidades locales y ejidatarios, bajo un esquema de colaboraci\u00f3n para aprovechar materiales y recursos de la zona.<\/p>\n<p>El titular de la SICT, Jes\u00fas Esteva, adelant\u00f3 que los nuevos proyectos de reconstrucci\u00f3n incorporar\u00e1n infraestructura dise\u00f1ada para resistir fen\u00f3menos meteorol\u00f3gicos m\u00e1s severos, con puentes y carreteras adaptados a precipitaciones de gran magnitud. En los puntos m\u00e1s cr\u00edticos se han habilitado rutas alternas, pasos peatonales y cruces temporales para mantener la conectividad mientras avanzan las obras definitivas.<\/p>\n<p>El Gobierno federal mantiene como prioridad reabrir los principales accesos y garantizar la llegada de ayuda humanitaria a las comunidades afectadas. Las autoridades insisten en que la recuperaci\u00f3n ser\u00e1 progresiva y requerir\u00e1 coordinaci\u00f3n permanente entre los distintos niveles de gobierno.<\/p>\n<p>Con informaci\u00f3n de NotiPress.<\/p>\n","protected":false},"excerpt":{"rendered":"<p>Las intensas lluvias en M\u00e9xico dejan v\u00edctimas y numerosas comunidades incomunicadas. El Gobierno despliega maquinaria y helic\u00f3pteros para restablecer accesos. El Gobierno de M\u00e9xico inform\u00f3 que, pese al despliegue de maquinaria pesada y operativos conjuntos para rehabilitar caminos y puentes da\u00f1ados por las lluvias, numerosas comunidades rurales permanecen incomunicadas y se han registrado v\u00edctimas y<\/p>\n","protected":false},"author":1,"featured_media":189211,"comment_status":"closed","ping_status":"closed","sticky":false,"template":"","format":"standard","meta":{"footnotes":""},"categories":[485],"tags":[418,518],"class_list":{"0":"post-189210","1":"post","2":"type-post","3":"status-publish","4":"format-standard","5":"has-post-thumbnail","7":"category-internacional","8":"tag-internacional","9":"tag-mexico"},"aioseo_notices":[],"aioseo_head":"\n\t\t<!-- All in One SEO Pro 4.9.6.2 - aioseo.com -->\n\t<meta name=\"description\" content=\"Las intensas lluvias en M\u00e9xico dejan v\u00edctimas y numerosas comunidades incomunicadas. El Gobierno despliega maquinaria y helic\u00f3pteros para restablecer\" \/>\n\t<meta name=\"robots\" content=\"max-image-preview:large\" \/>\n\t<meta name=\"author\" content=\"Cand\u00e1s 365\"\/>\n\t<meta name=\"google-site-verification\" content=\"UA-32230408-1\" \/>\n\t<meta name=\"msvalidate.01\" content=\"354F3CDFB2DA171B47FBE9ABF1F88D5\" \/>\n\t<meta name=\"keywords\" content=\"internacional\" \/>\n\t<link rel=\"canonical\" href=\"https:\/\/candas365.es\/noticias\/lluvias-en-mexico-aislan-a-160-comunidades-rurales\/\" \/>\n\t<meta name=\"generator\" content=\"All in One SEO Pro (AIOSEO) 4.9.6.2\" \/>\n\t\t<meta property=\"og:locale\" content=\"es_ES\" \/>\n\t\t<meta property=\"og:site_name\" content=\"Cand\u00e1s 365\" \/>\n\t\t<meta property=\"og:type\" content=\"article\" \/>\n\t\t<meta property=\"og:title\" content=\"Lluvias en M\u00e9xico a\u00edslan a 160 comunidades rurales | Cand\u00e1s 365\" \/>\n\t\t<meta property=\"og:description\" content=\"Las intensas lluvias en M\u00e9xico dejan v\u00edctimas y numerosas comunidades incomunicadas. El Gobierno despliega maquinaria y helic\u00f3pteros para restablecer\" \/>\n\t\t<meta property=\"og:url\" content=\"https:\/\/candas365.es\/noticias\/lluvias-en-mexico-aislan-a-160-comunidades-rurales\/\" \/>\n\t\t<meta property=\"og:image\" content=\"https:\/\/candas365.es\/noticias\/wp-content\/uploads\/2025\/10\/Lluvias-en-Mexico.jpg\" \/>\n\t\t<meta property=\"og:image:secure_url\" content=\"https:\/\/candas365.es\/noticias\/wp-content\/uploads\/2025\/10\/Lluvias-en-Mexico.jpg\" \/>\n\t\t<meta property=\"og:image:width\" content=\"1068\" \/>\n\t\t<meta property=\"og:image:height\" content=\"605\" \/>\n\t\t<meta property=\"article:published_time\" content=\"2025-10-17T07:57:28+00:00\" \/>\n\t\t<meta property=\"article:modified_time\" content=\"2025-10-17T07:57:28+00:00\" \/>\n\t\t<meta property=\"article:publisher\" content=\"https:\/\/www.facebook.com\/Nachofdezber\" \/>\n\t\t<meta property=\"article:author\" content=\"https:\/\/www.facebook.com\/carrenoactualidad\" \/>\n\t\t<meta name=\"twitter:card\" content=\"summary_large_image\" \/>\n\t\t<meta name=\"twitter:site\" content=\"@NabercoDigital\" \/>\n\t\t<meta name=\"twitter:title\" content=\"Lluvias en M\u00e9xico a\u00edslan a 160 comunidades rurales | Cand\u00e1s 365\" \/>\n\t\t<meta name=\"twitter:description\" content=\"Las intensas lluvias en M\u00e9xico dejan v\u00edctimas y numerosas comunidades incomunicadas. El Gobierno despliega maquinaria y helic\u00f3pteros para restablecer\" \/>\n\t\t<meta name=\"twitter:creator\" content=\"@nbasturias\" \/>\n\t\t<meta name=\"twitter:image\" content=\"https:\/\/candas365.es\/noticias\/wp-content\/uploads\/2025\/10\/Lluvias-en-Mexico.jpg\" \/>\n\t\t<meta name=\"twitter:label1\" content=\"Escrito por\" \/>\n\t\t<meta name=\"twitter:data1\" content=\"Cand\u00e1s 365\" \/>\n\t\t<meta name=\"twitter:label2\" content=\"Tiempo de lectura estimado\" \/>\n\t\t<meta name=\"twitter:data2\" content=\"2 minutos\" \/>\n\t\t<script type=\"application\/ld+json\" class=\"aioseo-schema\">\n\t\t\t{\"@context\":\"https:\\\/\\\/schema.org\",\"@graph\":[{\"@type\":\"BreadcrumbList\",\"@id\":\"https:\\\/\\\/candas365.es\\\/noticias\\\/lluvias-en-mexico-aislan-a-160-comunidades-rurales\\\/#breadcrumblist\",\"itemListElement\":[{\"@type\":\"ListItem\",\"@id\":\"https:\\\/\\\/candas365.es\\\/noticias#listItem\",\"position\":1,\"name\":\"Home\",\"item\":\"https:\\\/\\\/candas365.es\\\/noticias\",\"nextItem\":{\"@type\":\"ListItem\",\"@id\":\"https:\\\/\\\/candas365.es\\\/noticias\\\/category\\\/internacional\\\/#listItem\",\"name\":\"Internacional\"}},{\"@type\":\"ListItem\",\"@id\":\"https:\\\/\\\/candas365.es\\\/noticias\\\/category\\\/internacional\\\/#listItem\",\"position\":2,\"name\":\"Internacional\",\"item\":\"https:\\\/\\\/candas365.es\\\/noticias\\\/category\\\/internacional\\\/\",\"nextItem\":{\"@type\":\"ListItem\",\"@id\":\"https:\\\/\\\/candas365.es\\\/noticias\\\/lluvias-en-mexico-aislan-a-160-comunidades-rurales\\\/#listItem\",\"name\":\"Lluvias en M\\u00e9xico a\\u00edslan a 160 comunidades rurales\"},\"previousItem\":{\"@type\":\"ListItem\",\"@id\":\"https:\\\/\\\/candas365.es\\\/noticias#listItem\",\"name\":\"Home\"}},{\"@type\":\"ListItem\",\"@id\":\"https:\\\/\\\/candas365.es\\\/noticias\\\/lluvias-en-mexico-aislan-a-160-comunidades-rurales\\\/#listItem\",\"position\":3,\"name\":\"Lluvias en M\\u00e9xico a\\u00edslan a 160 comunidades rurales\",\"previousItem\":{\"@type\":\"ListItem\",\"@id\":\"https:\\\/\\\/candas365.es\\\/noticias\\\/category\\\/internacional\\\/#listItem\",\"name\":\"Internacional\"}}]},{\"@type\":\"NewsArticle\",\"@id\":\"https:\\\/\\\/candas365.es\\\/noticias\\\/lluvias-en-mexico-aislan-a-160-comunidades-rurales\\\/#newsarticle\",\"name\":\"Lluvias en M\\u00e9xico a\\u00edslan a 160 comunidades rurales | Cand\\u00e1s 365\",\"headline\":\"Lluvias en M\\u00e9xico a\\u00edslan a 160 comunidades rurales\",\"author\":{\"@id\":\"https:\\\/\\\/candas365.es\\\/noticias\\\/author\\\/admin\\\/#author\"},\"publisher\":{\"@id\":\"https:\\\/\\\/candas365.es\\\/noticias\\\/#organization\"},\"image\":{\"@type\":\"ImageObject\",\"url\":\"https:\\\/\\\/candas365.es\\\/noticias\\\/wp-content\\\/uploads\\\/2025\\\/10\\\/Lluvias-en-Mexico.jpg\",\"width\":1068,\"height\":605,\"caption\":\"Foto: 123rf.com\"},\"datePublished\":\"2025-10-17T09:57:28+02:00\",\"dateModified\":\"2025-10-17T09:57:28+02:00\",\"inLanguage\":\"es-ES\",\"mainEntityOfPage\":{\"@id\":\"https:\\\/\\\/candas365.es\\\/noticias\\\/lluvias-en-mexico-aislan-a-160-comunidades-rurales\\\/#webpage\"},\"isPartOf\":{\"@id\":\"https:\\\/\\\/candas365.es\\\/noticias\\\/lluvias-en-mexico-aislan-a-160-comunidades-rurales\\\/#webpage\"},\"articleSection\":\"Internacional, Internacional, M\\u00e9xico\",\"dateline\":\"Publicado el octubre 17, 2025.\"},{\"@type\":\"Organization\",\"@id\":\"https:\\\/\\\/candas365.es\\\/noticias\\\/#organization\",\"name\":\"Cand\\u00e1s 365\",\"description\":\"Cand\\u00e1s 365 es un diario digital independiente, fundado en 2012, con base en Asturias. Informamos con rigor sobre actualidad, sociedad, cultura y ocio, con una mirada local y global.\",\"url\":\"https:\\\/\\\/candas365.es\\\/noticias\\\/\",\"email\":\"info@candas365.es\",\"telephone\":\"+34652131393\",\"foundingDate\":\"2012-06-10\",\"logo\":{\"@type\":\"ImageObject\",\"url\":\"https:\\\/\\\/candas365.es\\\/noticias\\\/wp-content\\\/uploads\\\/2024\\\/09\\\/Candas-365-Redes.jpg\",\"@id\":\"https:\\\/\\\/candas365.es\\\/noticias\\\/lluvias-en-mexico-aislan-a-160-comunidades-rurales\\\/#organizationLogo\",\"width\":1152,\"height\":864,\"caption\":\"Cand\\u00e1s 365 Redes\"},\"image\":{\"@id\":\"https:\\\/\\\/candas365.es\\\/noticias\\\/lluvias-en-mexico-aislan-a-160-comunidades-rurales\\\/#organizationLogo\"},\"sameAs\":[\"https:\\\/\\\/www.facebook.com\\\/Nachofdezber\",\"https:\\\/\\\/x.com\\\/NabercoDigital\",\"https:\\\/\\\/www.instagram.com\\\/nachofdezber\\\/\",\"https:\\\/\\\/www.youtube.com\\\/channel\\\/UCZP-2wLEB9Rv6erhFmqVnvg\"],\"address\":{\"@id\":\"https:\\\/\\\/candas365.es\\\/noticias\\\/#postaladdress\",\"@type\":\"PostalAddress\",\"streetAddress\":\"san antonio 4, san antonio 4\",\"postalCode\":\"33430\",\"addressLocality\":\"Cand\\u00e1s\",\"addressRegion\":\"Asturias\",\"addressCountry\":\"ES\"}},{\"@type\":\"Person\",\"@id\":\"https:\\\/\\\/candas365.es\\\/noticias\\\/author\\\/admin\\\/#author\",\"url\":\"https:\\\/\\\/candas365.es\\\/noticias\\\/author\\\/admin\\\/\",\"name\":\"Cand\\u00e1s 365\",\"image\":{\"@type\":\"ImageObject\",\"@id\":\"https:\\\/\\\/candas365.es\\\/noticias\\\/lluvias-en-mexico-aislan-a-160-comunidades-rurales\\\/#authorImage\",\"url\":\"https:\\\/\\\/secure.gravatar.com\\\/avatar\\\/496a8e03d0c493ede1718b7934145dbdf8d89be1036b0eec9544e1094c9de390?s=96&d=mm&r=g\",\"width\":96,\"height\":96,\"caption\":\"Cand\\u00e1s 365\"},\"sameAs\":[\"https:\\\/\\\/www.facebook.com\\\/carrenoactualidad\",\"https:\\\/\\\/twitter.com\\\/nbasturias\",\"https:\\\/\\\/www.instagram.com\\\/nachofdezber\\\/\",\"https:\\\/\\\/www.youtube.com\\\/channel\\\/UCZP-2wLEB9Rv6erhFmqVnvg\"]},{\"@type\":\"WebPage\",\"@id\":\"https:\\\/\\\/candas365.es\\\/noticias\\\/lluvias-en-mexico-aislan-a-160-comunidades-rurales\\\/#webpage\",\"url\":\"https:\\\/\\\/candas365.es\\\/noticias\\\/lluvias-en-mexico-aislan-a-160-comunidades-rurales\\\/\",\"name\":\"Lluvias en M\\u00e9xico a\\u00edslan a 160 comunidades rurales | Cand\\u00e1s 365\",\"description\":\"Las intensas lluvias en M\\u00e9xico dejan v\\u00edctimas y numerosas comunidades incomunicadas. El Gobierno despliega maquinaria y helic\\u00f3pteros para restablecer\",\"inLanguage\":\"es-ES\",\"isPartOf\":{\"@id\":\"https:\\\/\\\/candas365.es\\\/noticias\\\/#website\"},\"breadcrumb\":{\"@id\":\"https:\\\/\\\/candas365.es\\\/noticias\\\/lluvias-en-mexico-aislan-a-160-comunidades-rurales\\\/#breadcrumblist\"},\"author\":{\"@id\":\"https:\\\/\\\/candas365.es\\\/noticias\\\/author\\\/admin\\\/#author\"},\"creator\":{\"@id\":\"https:\\\/\\\/candas365.es\\\/noticias\\\/author\\\/admin\\\/#author\"},\"image\":{\"@type\":\"ImageObject\",\"url\":\"https:\\\/\\\/candas365.es\\\/noticias\\\/wp-content\\\/uploads\\\/2025\\\/10\\\/Lluvias-en-Mexico.jpg\",\"@id\":\"https:\\\/\\\/candas365.es\\\/noticias\\\/lluvias-en-mexico-aislan-a-160-comunidades-rurales\\\/#mainImage\",\"width\":1068,\"height\":605,\"caption\":\"Foto: 123rf.com\"},\"primaryImageOfPage\":{\"@id\":\"https:\\\/\\\/candas365.es\\\/noticias\\\/lluvias-en-mexico-aislan-a-160-comunidades-rurales\\\/#mainImage\"},\"datePublished\":\"2025-10-17T09:57:28+02:00\",\"dateModified\":\"2025-10-17T09:57:28+02:00\"},{\"@type\":\"WebSite\",\"@id\":\"https:\\\/\\\/candas365.es\\\/noticias\\\/#website\",\"url\":\"https:\\\/\\\/candas365.es\\\/noticias\\\/\",\"name\":\"Cand\\u00e1s 365\",\"alternateName\":\"Cand\\u00e1s 365 Noticias\",\"description\":\"Actualidad desde Carre\\u00f1o para el mundo\",\"inLanguage\":\"es-ES\",\"publisher\":{\"@id\":\"https:\\\/\\\/candas365.es\\\/noticias\\\/#organization\"}}]}\n\t\t<\/script>\n\t\t<!-- All in One SEO Pro -->\r\n\t\t<title>Lluvias en M\u00e9xico a\u00edslan a 160 comunidades rurales | Cand\u00e1s 365<\/title>\n\n","aioseo_head_json":{"title":"Lluvias en M\u00e9xico a\u00edslan a 160 comunidades rurales | Cand\u00e1s 365","description":"Las intensas lluvias en M\u00e9xico dejan v\u00edctimas y numerosas comunidades incomunicadas. El Gobierno despliega maquinaria y helic\u00f3pteros para restablecer","canonical_url":"https:\/\/candas365.es\/noticias\/lluvias-en-mexico-aislan-a-160-comunidades-rurales\/","robots":"max-image-preview:large","keywords":"internacional","webmasterTools":{"google-site-verification":"UA-32230408-1","msvalidate.01":"354F3CDFB2DA171B47FBE9ABF1F88D5","miscellaneous":""},"schema":{"@context":"https:\/\/schema.org","@graph":[{"@type":"BreadcrumbList","@id":"https:\/\/candas365.es\/noticias\/lluvias-en-mexico-aislan-a-160-comunidades-rurales\/#breadcrumblist","itemListElement":[{"@type":"ListItem","@id":"https:\/\/candas365.es\/noticias#listItem","position":1,"name":"Home","item":"https:\/\/candas365.es\/noticias","nextItem":{"@type":"ListItem","@id":"https:\/\/candas365.es\/noticias\/category\/internacional\/#listItem","name":"Internacional"}},{"@type":"ListItem","@id":"https:\/\/candas365.es\/noticias\/category\/internacional\/#listItem","position":2,"name":"Internacional","item":"https:\/\/candas365.es\/noticias\/category\/internacional\/","nextItem":{"@type":"ListItem","@id":"https:\/\/candas365.es\/noticias\/lluvias-en-mexico-aislan-a-160-comunidades-rurales\/#listItem","name":"Lluvias en M\u00e9xico a\u00edslan a 160 comunidades rurales"},"previousItem":{"@type":"ListItem","@id":"https:\/\/candas365.es\/noticias#listItem","name":"Home"}},{"@type":"ListItem","@id":"https:\/\/candas365.es\/noticias\/lluvias-en-mexico-aislan-a-160-comunidades-rurales\/#listItem","position":3,"name":"Lluvias en M\u00e9xico a\u00edslan a 160 comunidades rurales","previousItem":{"@type":"ListItem","@id":"https:\/\/candas365.es\/noticias\/category\/internacional\/#listItem","name":"Internacional"}}]},{"@type":"NewsArticle","@id":"https:\/\/candas365.es\/noticias\/lluvias-en-mexico-aislan-a-160-comunidades-rurales\/#newsarticle","name":"Lluvias en M\u00e9xico a\u00edslan a 160 comunidades rurales | Cand\u00e1s 365","headline":"Lluvias en M\u00e9xico a\u00edslan a 160 comunidades rurales","author":{"@id":"https:\/\/candas365.es\/noticias\/author\/admin\/#author"},"publisher":{"@id":"https:\/\/candas365.es\/noticias\/#organization"},"image":{"@type":"ImageObject","url":"https:\/\/candas365.es\/noticias\/wp-content\/uploads\/2025\/10\/Lluvias-en-Mexico.jpg","width":1068,"height":605,"caption":"Foto: 123rf.com"},"datePublished":"2025-10-17T09:57:28+02:00","dateModified":"2025-10-17T09:57:28+02:00","inLanguage":"es-ES","mainEntityOfPage":{"@id":"https:\/\/candas365.es\/noticias\/lluvias-en-mexico-aislan-a-160-comunidades-rurales\/#webpage"},"isPartOf":{"@id":"https:\/\/candas365.es\/noticias\/lluvias-en-mexico-aislan-a-160-comunidades-rurales\/#webpage"},"articleSection":"Internacional, Internacional, M\u00e9xico","dateline":"Publicado el octubre 17, 2025."},{"@type":"Organization","@id":"https:\/\/candas365.es\/noticias\/#organization","name":"Cand\u00e1s 365","description":"Cand\u00e1s 365 es un diario digital independiente, fundado en 2012, con base en Asturias. Informamos con rigor sobre actualidad, sociedad, cultura y ocio, con una mirada local y global.","url":"https:\/\/candas365.es\/noticias\/","email":"info@candas365.es","telephone":"+34652131393","foundingDate":"2012-06-10","logo":{"@type":"ImageObject","url":"https:\/\/candas365.es\/noticias\/wp-content\/uploads\/2024\/09\/Candas-365-Redes.jpg","@id":"https:\/\/candas365.es\/noticias\/lluvias-en-mexico-aislan-a-160-comunidades-rurales\/#organizationLogo","width":1152,"height":864,"caption":"Cand\u00e1s 365 Redes"},"image":{"@id":"https:\/\/candas365.es\/noticias\/lluvias-en-mexico-aislan-a-160-comunidades-rurales\/#organizationLogo"},"sameAs":["https:\/\/www.facebook.com\/Nachofdezber","https:\/\/x.com\/NabercoDigital","https:\/\/www.instagram.com\/nachofdezber\/","https:\/\/www.youtube.com\/channel\/UCZP-2wLEB9Rv6erhFmqVnvg"],"address":{"@id":"https:\/\/candas365.es\/noticias\/#postaladdress","@type":"PostalAddress","streetAddress":"san antonio 4, san antonio 4","postalCode":"33430","addressLocality":"Cand\u00e1s","addressRegion":"Asturias","addressCountry":"ES"}},{"@type":"Person","@id":"https:\/\/candas365.es\/noticias\/author\/admin\/#author","url":"https:\/\/candas365.es\/noticias\/author\/admin\/","name":"Cand\u00e1s 365","image":{"@type":"ImageObject","@id":"https:\/\/candas365.es\/noticias\/lluvias-en-mexico-aislan-a-160-comunidades-rurales\/#authorImage","url":"https:\/\/secure.gravatar.com\/avatar\/496a8e03d0c493ede1718b7934145dbdf8d89be1036b0eec9544e1094c9de390?s=96&d=mm&r=g","width":96,"height":96,"caption":"Cand\u00e1s 365"},"sameAs":["https:\/\/www.facebook.com\/carrenoactualidad","https:\/\/twitter.com\/nbasturias","https:\/\/www.instagram.com\/nachofdezber\/","https:\/\/www.youtube.com\/channel\/UCZP-2wLEB9Rv6erhFmqVnvg"]},{"@type":"WebPage","@id":"https:\/\/candas365.es\/noticias\/lluvias-en-mexico-aislan-a-160-comunidades-rurales\/#webpage","url":"https:\/\/candas365.es\/noticias\/lluvias-en-mexico-aislan-a-160-comunidades-rurales\/","name":"Lluvias en M\u00e9xico a\u00edslan a 160 comunidades rurales | Cand\u00e1s 365","description":"Las intensas lluvias en M\u00e9xico dejan v\u00edctimas y numerosas comunidades incomunicadas. El Gobierno despliega maquinaria y helic\u00f3pteros para restablecer","inLanguage":"es-ES","isPartOf":{"@id":"https:\/\/candas365.es\/noticias\/#website"},"breadcrumb":{"@id":"https:\/\/candas365.es\/noticias\/lluvias-en-mexico-aislan-a-160-comunidades-rurales\/#breadcrumblist"},"author":{"@id":"https:\/\/candas365.es\/noticias\/author\/admin\/#author"},"creator":{"@id":"https:\/\/candas365.es\/noticias\/author\/admin\/#author"},"image":{"@type":"ImageObject","url":"https:\/\/candas365.es\/noticias\/wp-content\/uploads\/2025\/10\/Lluvias-en-Mexico.jpg","@id":"https:\/\/candas365.es\/noticias\/lluvias-en-mexico-aislan-a-160-comunidades-rurales\/#mainImage","width":1068,"height":605,"caption":"Foto: 123rf.com"},"primaryImageOfPage":{"@id":"https:\/\/candas365.es\/noticias\/lluvias-en-mexico-aislan-a-160-comunidades-rurales\/#mainImage"},"datePublished":"2025-10-17T09:57:28+02:00","dateModified":"2025-10-17T09:57:28+02:00"},{"@type":"WebSite","@id":"https:\/\/candas365.es\/noticias\/#website","url":"https:\/\/candas365.es\/noticias\/","name":"Cand\u00e1s 365","alternateName":"Cand\u00e1s 365 Noticias","description":"Actualidad desde Carre\u00f1o para el mundo","inLanguage":"es-ES","publisher":{"@id":"https:\/\/candas365.es\/noticias\/#organization"}}]},"og:locale":"es_ES","og:site_name":"Cand\u00e1s 365","og:type":"article","og:title":"Lluvias en M\u00e9xico a\u00edslan a 160 comunidades rurales | Cand\u00e1s 365","og:description":"Las intensas lluvias en M\u00e9xico dejan v\u00edctimas y numerosas comunidades incomunicadas. El Gobierno despliega maquinaria y helic\u00f3pteros para restablecer","og:url":"https:\/\/candas365.es\/noticias\/lluvias-en-mexico-aislan-a-160-comunidades-rurales\/","og:image":"https:\/\/candas365.es\/noticias\/wp-content\/uploads\/2025\/10\/Lluvias-en-Mexico.jpg","og:image:secure_url":"https:\/\/candas365.es\/noticias\/wp-content\/uploads\/2025\/10\/Lluvias-en-Mexico.jpg","og:image:width":1068,"og:image:height":605,"article:published_time":"2025-10-17T07:57:28+00:00","article:modified_time":"2025-10-17T07:57:28+00:00","article:publisher":"https:\/\/www.facebook.com\/Nachofdezber","article:author":"https:\/\/www.facebook.com\/carrenoactualidad","twitter:card":"summary_large_image","twitter:site":"@NabercoDigital","twitter:title":"Lluvias en M\u00e9xico a\u00edslan a 160 comunidades rurales | Cand\u00e1s 365","twitter:description":"Las intensas lluvias en M\u00e9xico dejan v\u00edctimas y numerosas comunidades incomunicadas. El Gobierno despliega maquinaria y helic\u00f3pteros para restablecer","twitter:creator":"@nbasturias","twitter:image":"https:\/\/candas365.es\/noticias\/wp-content\/uploads\/2025\/10\/Lluvias-en-Mexico.jpg","twitter:label1":"Escrito por","twitter:data1":"Cand\u00e1s 365","twitter:label2":"Tiempo de lectura estimado","twitter:data2":"2 minutos"},"aioseo_meta_data":{"post_id":"189210","title":null,"description":"Las intensas lluvias en M\u00e9xico dejan v\u00edctimas y numerosas comunidades incomunicadas. El Gobierno despliega maquinaria y helic\u00f3pteros para restablecer","keywords":null,"keyphrases":{"focus":{"keyphrase":"M\u00e9xico","score":91,"analysis":{"keyphraseInTitle":{"score":9,"maxScore":9,"error":0},"keyphraseInDescription":{"score":9,"maxScore":9,"error":0},"keyphraseLength":{"score":9,"maxScore":9,"error":0,"length":2},"keyphraseInURL":{"score":5,"maxScore":5,"error":0},"keyphraseInIntroduction":{"score":9,"maxScore":9,"error":0},"keyphraseInSubHeadings":{"score":3,"maxScore":9,"error":1},"keyphraseInImageAlt":{"score":9,"maxScore":9,"error":0},"keywordDensity":{"type":"best","score":9,"maxScore":9,"error":0}}},"additional":[{"keyphrase":"lluvias en M\u00e9xico","score":80,"analysis":{"keyphraseInDescription":{"score":9,"maxScore":9,"error":0},"keyphraseLength":{"score":9,"maxScore":9,"error":0,"length":4},"keyphraseInIntroduction":{"score":9,"maxScore":9,"error":0},"keyphraseInImageAlt":{"score":9,"maxScore":9,"error":0},"keywordDensity":{"score":0,"type":"low","maxScore":9,"error":1}}}]},"primary_term":null,"canonical_url":null,"og_title":null,"og_description":null,"og_object_type":"default","og_image_type":"default","og_image_url":null,"og_image_width":null,"og_image_height":null,"og_image_custom_url":null,"og_image_custom_fields":null,"og_video":"","og_custom_url":null,"og_article_section":null,"og_article_tags":null,"twitter_use_og":false,"twitter_card":"default","twitter_image_type":"default","twitter_image_url":null,"twitter_image_custom_url":null,"twitter_image_custom_fields":null,"twitter_title":null,"twitter_description":null,"schema":{"blockGraphs":[],"customGraphs":[],"default":{"data":{"Article":[],"Course":[],"Dataset":[],"FAQPage":[],"Movie":[],"Person":[],"Product":[],"ProductReview":[],"Car":[],"Recipe":[],"Service":[],"SoftwareApplication":[],"WebPage":[]},"graphName":"Article","isEnabled":true},"graphs":[]},"schema_type":"default","schema_type_options":null,"pillar_content":false,"robots_default":true,"robots_noindex":false,"robots_noarchive":false,"robots_nosnippet":false,"robots_nofollow":false,"robots_noimageindex":false,"robots_noodp":false,"robots_notranslate":false,"robots_max_snippet":"-1","robots_max_videopreview":"-1","robots_max_imagepreview":"large","priority":null,"frequency":"default","location":null,"local_seo":null,"seo_analyzer_scan_date":"2025-10-17 07:57:36","breadcrumb_settings":null,"limit_modified_date":false,"reviewed_by":null,"open_ai":null,"ai":{"faqs":[],"keyPoints":[],"titles":[],"descriptions":[],"socialPosts":{"email":[],"linkedin":[],"twitter":[],"facebook":[],"instagram":[]}},"created":"2025-10-17 07:50:50","updated":"2025-10-17 07:57:53"},"aioseo_breadcrumb":"<div class=\"aioseo-breadcrumbs\"><span class=\"aioseo-breadcrumb\">\n\t<a href=\"https:\/\/candas365.es\/noticias\" title=\"Home\">Home<\/a>\n<\/span><span class=\"aioseo-breadcrumb-separator\">&ndash;<\/span><span class=\"aioseo-breadcrumb\">\n\t<a href=\"https:\/\/candas365.es\/noticias\/category\/internacional\/\" title=\"Internacional\">Internacional<\/a>\n<\/span><span class=\"aioseo-breadcrumb-separator\">&ndash;<\/span><span class=\"aioseo-breadcrumb\">\n\tLluvias en M\u00e9xico a\u00edslan a 160 comunidades rurales\n<\/span><\/div>","aioseo_breadcrumb_json":[{"label":"Home","link":"https:\/\/candas365.es\/noticias"},{"label":"Internacional","link":"https:\/\/candas365.es\/noticias\/category\/internacional\/"},{"label":"Lluvias en M\u00e9xico a\u00edslan a 160 comunidades rurales","link":"https:\/\/candas365.es\/noticias\/lluvias-en-mexico-aislan-a-160-comunidades-rurales\/"}],"_links":{"self":[{"href":"https:\/\/candas365.es\/noticias\/wp-json\/wp\/v2\/posts\/189210","targetHints":{"allow":["GET"]}}],"collection":[{"href":"https:\/\/candas365.es\/noticias\/wp-json\/wp\/v2\/posts"}],"about":[{"href":"https:\/\/candas365.es\/noticias\/wp-json\/wp\/v2\/types\/post"}],"author":[{"embeddable":true,"href":"https:\/\/candas365.es\/noticias\/wp-json\/wp\/v2\/users\/1"}],"replies":[{"embeddable":true,"href":"https:\/\/candas365.es\/noticias\/wp-json\/wp\/v2\/comments?post=189210"}],"version-history":[{"count":0,"href":"https:\/\/candas365.es\/noticias\/wp-json\/wp\/v2\/posts\/189210\/revisions"}],"wp:featuredmedia":[{"embeddable":true,"href":"https:\/\/candas365.es\/noticias\/wp-json\/wp\/v2\/media\/189211"}],"wp:attachment":[{"href":"https:\/\/candas365.es\/noticias\/wp-json\/wp\/v2\/media?parent=189210"}],"wp:term":[{"taxonomy":"category","embeddable":true,"href":"https:\/\/candas365.es\/noticias\/wp-json\/wp\/v2\/categories?post=189210"},{"taxonomy":"post_tag","embeddable":true,"href":"https:\/\/candas365.es\/noticias\/wp-json\/wp\/v2\/tags?post=189210"}],"curies":[{"name":"wp","href":"https:\/\/api.w.org\/{rel}","templated":true}]}}