{"id":189207,"date":"2025-10-17T09:49:03","date_gmt":"2025-10-17T07:49:03","guid":{"rendered":"https:\/\/candas365.es\/noticias\/?p=189207"},"modified":"2025-10-17T09:49:03","modified_gmt":"2025-10-17T07:49:03","slug":"protestas-en-peru-tras-la-caida-de-dina-boluarte","status":"publish","type":"post","link":"https:\/\/candas365.es\/noticias\/protestas-en-peru-tras-la-caida-de-dina-boluarte\/","title":{"rendered":"Protestas en Per\u00fa tras la ca\u00edda de Dina Boluarte"},"content":{"rendered":"<p>Las protestas en Per\u00fa tras la destituci\u00f3n de Dina Boluarte dejan v\u00edctimas y decenas de heridos. El nuevo presidente interino pide investigar los hechos.<\/p>\n<figure id=\"attachment_189208\" aria-describedby=\"caption-attachment-189208\" style=\"width: 650px\" class=\"wp-caption aligncenter\"><img fetchpriority=\"high\" decoding=\"async\" class=\"size-large wp-image-189208\" src=\"https:\/\/candas365.es\/noticias\/wp-content\/uploads\/2025\/10\/protestas-en-Peru-650x424.jpg\" alt=\"protestas en Per\u00fa\" width=\"650\" height=\"424\" srcset=\"https:\/\/candas365.es\/noticias\/wp-content\/uploads\/2025\/10\/protestas-en-Peru-650x424.jpg 650w, https:\/\/candas365.es\/noticias\/wp-content\/uploads\/2025\/10\/protestas-en-Peru-360x235.jpg 360w, https:\/\/candas365.es\/noticias\/wp-content\/uploads\/2025\/10\/protestas-en-Peru-768x501.jpg 768w, https:\/\/candas365.es\/noticias\/wp-content\/uploads\/2025\/10\/protestas-en-Peru-150x98.jpg 150w, https:\/\/candas365.es\/noticias\/wp-content\/uploads\/2025\/10\/protestas-en-Peru-450x294.jpg 450w, https:\/\/candas365.es\/noticias\/wp-content\/uploads\/2025\/10\/protestas-en-Peru.jpg 1031w\" sizes=\"(max-width: 650px) 100vw, 650px\" \/><figcaption id=\"caption-attachment-189208\" class=\"wp-caption-text\">Foto: 123rf.com<\/figcaption><\/figure>\n<p>Miles de personas se movilizaron el 15 de octubre en distintas ciudades de <a href=\"https:\/\/candas365.es\/noticias\/category\/internacional\/\"><span style=\"color: #ff6600;\"><strong>Per\u00fa<\/strong> <\/span><\/a>para protestar contra la designaci\u00f3n del presidente interino Jos\u00e9 Jer\u00ed, tras la destituci\u00f3n de Dina Boluarte. Las manifestaciones, lideradas por j\u00f3venes y sindicatos, derivaron en enfrentamientos con las fuerzas de seguridad en Lima y otras regiones, seg\u00fan informes oficiales.<\/p>\n<h2>V\u00edctimas y decenas de heridos durante las protestas<\/h2>\n<p>Durante los disturbios registrados en el centro de la capital peruana se reportaron v\u00edctimas y decenas de personas heridas. La Defensor\u00eda del Pueblo confirm\u00f3 que una de las v\u00edctimas perdi\u00f3 la vida por impacto de proyectil de arma de fuego en las inmediaciones de la plaza Francia. El balance preliminar indica m\u00e1s de un centenar de lesionados, entre ellos agentes policiales y manifestantes.<\/p>\n<p>El presidente interino Jos\u00e9 Jer\u00ed lament\u00f3 los hechos y pidi\u00f3 una investigaci\u00f3n inmediata. En un mensaje publicado en la red social X, asegur\u00f3 que se revisar\u00e1n las grabaciones de seguridad para identificar a los responsables. El Ministerio P\u00fablico abri\u00f3 una investigaci\u00f3n por presuntas violaciones graves a los derechos humanos, y anunci\u00f3 peritajes para determinar responsabilidades.<\/p>\n<p>Testigos presenciales se\u00f1alaron que el disparo pudo provenir de una persona vestida de civil infiltrada entre los manifestantes, versi\u00f3n que el ministro del Interior, Vicente Tiburcio, dijo desconocer. Tiburcio neg\u00f3 la presencia de personal encubierto y orden\u00f3 revisar el operativo policial en Lima.<\/p>\n<h2>Marchas en todo el pa\u00eds y clima de tensi\u00f3n pol\u00edtica<\/h2>\n<p>En Lima, los manifestantes se concentraron en la plaza San Mart\u00edn y marcharon hacia el Congreso, donde se produjeron choques con las fuerzas de seguridad. Las autoridades aplicaron bloqueos viales temporales y la Autoridad de Transporte Urbano (ATU) report\u00f3 interrupciones en varias rutas. Las protestas se extendieron a Huancayo, Chiclayo, Arequipa, Cusco y Ayacucho, donde distintos sectores exigieron el cierre del Congreso y criticaron al nuevo gobierno.<\/p>\n<p>Dina Boluarte fue destituida el 10 de octubre por el Congreso, que design\u00f3 a Jos\u00e9 Jer\u00ed como presidente interino. La exmandataria enfrenta investigaciones fiscales por presunto lavado de activos y negociaci\u00f3n incompatible. Un juez rechaz\u00f3 una solicitud para impedirle salir del pa\u00eds, aunque sigue pendiente otro requerimiento de la Fiscal\u00eda con nuevas medidas.<\/p>\n<p>El escenario pol\u00edtico peruano vuelve a mostrar una profunda divisi\u00f3n social y desconfianza institucional. Las movilizaciones y los disturbios evidencian un pa\u00eds que sigue buscando estabilidad tras a\u00f1os de crisis sucesivas.<\/p>\n<p>Con informaci\u00f3n de NotiPress.<\/p>\n","protected":false},"excerpt":{"rendered":"<p>Las protestas en Per\u00fa tras la destituci\u00f3n de Dina Boluarte dejan v\u00edctimas y decenas de heridos. El nuevo presidente interino pide investigar los hechos. Miles de personas se movilizaron el 15 de octubre en distintas ciudades de Per\u00fa para protestar contra la designaci\u00f3n del presidente interino Jos\u00e9 Jer\u00ed, tras la destituci\u00f3n de Dina Boluarte. Las<\/p>\n","protected":false},"author":1,"featured_media":189208,"comment_status":"closed","ping_status":"closed","sticky":false,"template":"","format":"standard","meta":{"footnotes":""},"categories":[485],"tags":[418],"class_list":{"0":"post-189207","1":"post","2":"type-post","3":"status-publish","4":"format-standard","5":"has-post-thumbnail","7":"category-internacional","8":"tag-internacional"},"aioseo_notices":[],"aioseo_head":"\n\t\t<!-- All in One SEO Pro 4.9.6.2 - aioseo.com -->\n\t<meta name=\"description\" content=\"Las protestas en Per\u00fa tras la destituci\u00f3n de Dina Boluarte dejan v\u00edctimas y decenas de heridos. El nuevo presidente interino pide investigar los hechos.\" \/>\n\t<meta name=\"robots\" content=\"max-image-preview:large\" \/>\n\t<meta name=\"author\" content=\"Cand\u00e1s 365\"\/>\n\t<meta name=\"google-site-verification\" content=\"UA-32230408-1\" \/>\n\t<meta name=\"msvalidate.01\" content=\"354F3CDFB2DA171B47FBE9ABF1F88D5\" \/>\n\t<meta name=\"keywords\" content=\"internacional\" \/>\n\t<link rel=\"canonical\" href=\"https:\/\/candas365.es\/noticias\/protestas-en-peru-tras-la-caida-de-dina-boluarte\/\" \/>\n\t<meta name=\"generator\" content=\"All in One SEO Pro (AIOSEO) 4.9.6.2\" \/>\n\t\t<meta property=\"og:locale\" content=\"es_ES\" \/>\n\t\t<meta property=\"og:site_name\" content=\"Cand\u00e1s 365\" \/>\n\t\t<meta property=\"og:type\" content=\"article\" \/>\n\t\t<meta property=\"og:title\" content=\"Protestas en Per\u00fa tras la ca\u00edda de Dina Boluarte | Cand\u00e1s 365\" \/>\n\t\t<meta property=\"og:description\" content=\"Las protestas en Per\u00fa tras la destituci\u00f3n de Dina Boluarte dejan v\u00edctimas y decenas de heridos. El nuevo presidente interino pide investigar los hechos.\" \/>\n\t\t<meta property=\"og:url\" content=\"https:\/\/candas365.es\/noticias\/protestas-en-peru-tras-la-caida-de-dina-boluarte\/\" \/>\n\t\t<meta property=\"og:image\" content=\"https:\/\/candas365.es\/noticias\/wp-content\/uploads\/2025\/10\/protestas-en-Peru.jpg\" \/>\n\t\t<meta property=\"og:image:secure_url\" content=\"https:\/\/candas365.es\/noticias\/wp-content\/uploads\/2025\/10\/protestas-en-Peru.jpg\" \/>\n\t\t<meta property=\"og:image:width\" content=\"1031\" \/>\n\t\t<meta property=\"og:image:height\" content=\"673\" \/>\n\t\t<meta property=\"article:published_time\" content=\"2025-10-17T07:49:03+00:00\" \/>\n\t\t<meta property=\"article:modified_time\" content=\"2025-10-17T07:49:03+00:00\" \/>\n\t\t<meta property=\"article:publisher\" content=\"https:\/\/www.facebook.com\/Nachofdezber\" \/>\n\t\t<meta property=\"article:author\" content=\"https:\/\/www.facebook.com\/carrenoactualidad\" \/>\n\t\t<meta name=\"twitter:card\" content=\"summary_large_image\" \/>\n\t\t<meta name=\"twitter:site\" content=\"@NabercoDigital\" \/>\n\t\t<meta name=\"twitter:title\" content=\"Protestas en Per\u00fa tras la ca\u00edda de Dina Boluarte | Cand\u00e1s 365\" \/>\n\t\t<meta name=\"twitter:description\" content=\"Las protestas en Per\u00fa tras la destituci\u00f3n de Dina Boluarte dejan v\u00edctimas y decenas de heridos. El nuevo presidente interino pide investigar los hechos.\" \/>\n\t\t<meta name=\"twitter:creator\" content=\"@nbasturias\" \/>\n\t\t<meta name=\"twitter:image\" content=\"https:\/\/candas365.es\/noticias\/wp-content\/uploads\/2025\/10\/protestas-en-Peru.jpg\" \/>\n\t\t<meta name=\"twitter:label1\" content=\"Escrito por\" \/>\n\t\t<meta name=\"twitter:data1\" content=\"Cand\u00e1s 365\" \/>\n\t\t<meta name=\"twitter:label2\" content=\"Tiempo de lectura estimado\" \/>\n\t\t<meta name=\"twitter:data2\" content=\"2 minutos\" \/>\n\t\t<script type=\"application\/ld+json\" class=\"aioseo-schema\">\n\t\t\t{\"@context\":\"https:\\\/\\\/schema.org\",\"@graph\":[{\"@type\":\"BreadcrumbList\",\"@id\":\"https:\\\/\\\/candas365.es\\\/noticias\\\/protestas-en-peru-tras-la-caida-de-dina-boluarte\\\/#breadcrumblist\",\"itemListElement\":[{\"@type\":\"ListItem\",\"@id\":\"https:\\\/\\\/candas365.es\\\/noticias#listItem\",\"position\":1,\"name\":\"Home\",\"item\":\"https:\\\/\\\/candas365.es\\\/noticias\",\"nextItem\":{\"@type\":\"ListItem\",\"@id\":\"https:\\\/\\\/candas365.es\\\/noticias\\\/category\\\/internacional\\\/#listItem\",\"name\":\"Internacional\"}},{\"@type\":\"ListItem\",\"@id\":\"https:\\\/\\\/candas365.es\\\/noticias\\\/category\\\/internacional\\\/#listItem\",\"position\":2,\"name\":\"Internacional\",\"item\":\"https:\\\/\\\/candas365.es\\\/noticias\\\/category\\\/internacional\\\/\",\"nextItem\":{\"@type\":\"ListItem\",\"@id\":\"https:\\\/\\\/candas365.es\\\/noticias\\\/protestas-en-peru-tras-la-caida-de-dina-boluarte\\\/#listItem\",\"name\":\"Protestas en Per\\u00fa tras la ca\\u00edda de Dina Boluarte\"},\"previousItem\":{\"@type\":\"ListItem\",\"@id\":\"https:\\\/\\\/candas365.es\\\/noticias#listItem\",\"name\":\"Home\"}},{\"@type\":\"ListItem\",\"@id\":\"https:\\\/\\\/candas365.es\\\/noticias\\\/protestas-en-peru-tras-la-caida-de-dina-boluarte\\\/#listItem\",\"position\":3,\"name\":\"Protestas en Per\\u00fa tras la ca\\u00edda de Dina Boluarte\",\"previousItem\":{\"@type\":\"ListItem\",\"@id\":\"https:\\\/\\\/candas365.es\\\/noticias\\\/category\\\/internacional\\\/#listItem\",\"name\":\"Internacional\"}}]},{\"@type\":\"NewsArticle\",\"@id\":\"https:\\\/\\\/candas365.es\\\/noticias\\\/protestas-en-peru-tras-la-caida-de-dina-boluarte\\\/#newsarticle\",\"name\":\"Protestas en Per\\u00fa tras la ca\\u00edda de Dina Boluarte | Cand\\u00e1s 365\",\"headline\":\"Protestas en Per\\u00fa tras la ca\\u00edda de Dina Boluarte\",\"author\":{\"@id\":\"https:\\\/\\\/candas365.es\\\/noticias\\\/author\\\/admin\\\/#author\"},\"publisher\":{\"@id\":\"https:\\\/\\\/candas365.es\\\/noticias\\\/#organization\"},\"image\":{\"@type\":\"ImageObject\",\"url\":\"https:\\\/\\\/candas365.es\\\/noticias\\\/wp-content\\\/uploads\\\/2025\\\/10\\\/protestas-en-Peru.jpg\",\"width\":1031,\"height\":673,\"caption\":\"Foto: 123rf.com\"},\"datePublished\":\"2025-10-17T09:49:03+02:00\",\"dateModified\":\"2025-10-17T09:49:03+02:00\",\"inLanguage\":\"es-ES\",\"mainEntityOfPage\":{\"@id\":\"https:\\\/\\\/candas365.es\\\/noticias\\\/protestas-en-peru-tras-la-caida-de-dina-boluarte\\\/#webpage\"},\"isPartOf\":{\"@id\":\"https:\\\/\\\/candas365.es\\\/noticias\\\/protestas-en-peru-tras-la-caida-de-dina-boluarte\\\/#webpage\"},\"articleSection\":\"Internacional, Internacional\",\"dateline\":\"Publicado el octubre 17, 2025.\"},{\"@type\":\"Organization\",\"@id\":\"https:\\\/\\\/candas365.es\\\/noticias\\\/#organization\",\"name\":\"Cand\\u00e1s 365\",\"description\":\"Cand\\u00e1s 365 es un diario digital independiente, fundado en 2012, con base en Asturias. Informamos con rigor sobre actualidad, sociedad, cultura y ocio, con una mirada local y global.\",\"url\":\"https:\\\/\\\/candas365.es\\\/noticias\\\/\",\"email\":\"info@candas365.es\",\"telephone\":\"+34652131393\",\"foundingDate\":\"2012-06-10\",\"logo\":{\"@type\":\"ImageObject\",\"url\":\"https:\\\/\\\/candas365.es\\\/noticias\\\/wp-content\\\/uploads\\\/2024\\\/09\\\/Candas-365-Redes.jpg\",\"@id\":\"https:\\\/\\\/candas365.es\\\/noticias\\\/protestas-en-peru-tras-la-caida-de-dina-boluarte\\\/#organizationLogo\",\"width\":1152,\"height\":864,\"caption\":\"Cand\\u00e1s 365 Redes\"},\"image\":{\"@id\":\"https:\\\/\\\/candas365.es\\\/noticias\\\/protestas-en-peru-tras-la-caida-de-dina-boluarte\\\/#organizationLogo\"},\"sameAs\":[\"https:\\\/\\\/www.facebook.com\\\/Nachofdezber\",\"https:\\\/\\\/x.com\\\/NabercoDigital\",\"https:\\\/\\\/www.instagram.com\\\/nachofdezber\\\/\",\"https:\\\/\\\/www.youtube.com\\\/channel\\\/UCZP-2wLEB9Rv6erhFmqVnvg\"],\"address\":{\"@id\":\"https:\\\/\\\/candas365.es\\\/noticias\\\/#postaladdress\",\"@type\":\"PostalAddress\",\"streetAddress\":\"san antonio 4, san antonio 4\",\"postalCode\":\"33430\",\"addressLocality\":\"Cand\\u00e1s\",\"addressRegion\":\"Asturias\",\"addressCountry\":\"ES\"}},{\"@type\":\"Person\",\"@id\":\"https:\\\/\\\/candas365.es\\\/noticias\\\/author\\\/admin\\\/#author\",\"url\":\"https:\\\/\\\/candas365.es\\\/noticias\\\/author\\\/admin\\\/\",\"name\":\"Cand\\u00e1s 365\",\"image\":{\"@type\":\"ImageObject\",\"@id\":\"https:\\\/\\\/candas365.es\\\/noticias\\\/protestas-en-peru-tras-la-caida-de-dina-boluarte\\\/#authorImage\",\"url\":\"https:\\\/\\\/secure.gravatar.com\\\/avatar\\\/496a8e03d0c493ede1718b7934145dbdf8d89be1036b0eec9544e1094c9de390?s=96&d=mm&r=g\",\"width\":96,\"height\":96,\"caption\":\"Cand\\u00e1s 365\"},\"sameAs\":[\"https:\\\/\\\/www.facebook.com\\\/carrenoactualidad\",\"https:\\\/\\\/twitter.com\\\/nbasturias\",\"https:\\\/\\\/www.instagram.com\\\/nachofdezber\\\/\",\"https:\\\/\\\/www.youtube.com\\\/channel\\\/UCZP-2wLEB9Rv6erhFmqVnvg\"]},{\"@type\":\"WebPage\",\"@id\":\"https:\\\/\\\/candas365.es\\\/noticias\\\/protestas-en-peru-tras-la-caida-de-dina-boluarte\\\/#webpage\",\"url\":\"https:\\\/\\\/candas365.es\\\/noticias\\\/protestas-en-peru-tras-la-caida-de-dina-boluarte\\\/\",\"name\":\"Protestas en Per\\u00fa tras la ca\\u00edda de Dina Boluarte | Cand\\u00e1s 365\",\"description\":\"Las protestas en Per\\u00fa tras la destituci\\u00f3n de Dina Boluarte dejan v\\u00edctimas y decenas de heridos. El nuevo presidente interino pide investigar los hechos.\",\"inLanguage\":\"es-ES\",\"isPartOf\":{\"@id\":\"https:\\\/\\\/candas365.es\\\/noticias\\\/#website\"},\"breadcrumb\":{\"@id\":\"https:\\\/\\\/candas365.es\\\/noticias\\\/protestas-en-peru-tras-la-caida-de-dina-boluarte\\\/#breadcrumblist\"},\"author\":{\"@id\":\"https:\\\/\\\/candas365.es\\\/noticias\\\/author\\\/admin\\\/#author\"},\"creator\":{\"@id\":\"https:\\\/\\\/candas365.es\\\/noticias\\\/author\\\/admin\\\/#author\"},\"image\":{\"@type\":\"ImageObject\",\"url\":\"https:\\\/\\\/candas365.es\\\/noticias\\\/wp-content\\\/uploads\\\/2025\\\/10\\\/protestas-en-Peru.jpg\",\"@id\":\"https:\\\/\\\/candas365.es\\\/noticias\\\/protestas-en-peru-tras-la-caida-de-dina-boluarte\\\/#mainImage\",\"width\":1031,\"height\":673,\"caption\":\"Foto: 123rf.com\"},\"primaryImageOfPage\":{\"@id\":\"https:\\\/\\\/candas365.es\\\/noticias\\\/protestas-en-peru-tras-la-caida-de-dina-boluarte\\\/#mainImage\"},\"datePublished\":\"2025-10-17T09:49:03+02:00\",\"dateModified\":\"2025-10-17T09:49:03+02:00\"},{\"@type\":\"WebSite\",\"@id\":\"https:\\\/\\\/candas365.es\\\/noticias\\\/#website\",\"url\":\"https:\\\/\\\/candas365.es\\\/noticias\\\/\",\"name\":\"Cand\\u00e1s 365\",\"alternateName\":\"Cand\\u00e1s 365 Noticias\",\"description\":\"Actualidad desde Carre\\u00f1o para el mundo\",\"inLanguage\":\"es-ES\",\"publisher\":{\"@id\":\"https:\\\/\\\/candas365.es\\\/noticias\\\/#organization\"}}]}\n\t\t<\/script>\n\t\t<!-- All in One SEO Pro -->\r\n\t\t<title>Protestas en Per\u00fa tras la ca\u00edda de Dina Boluarte | Cand\u00e1s 365<\/title>\n\n","aioseo_head_json":{"title":"Protestas en Per\u00fa tras la ca\u00edda de Dina Boluarte | Cand\u00e1s 365","description":"Las protestas en Per\u00fa tras la destituci\u00f3n de Dina Boluarte dejan v\u00edctimas y decenas de heridos. El nuevo presidente interino pide investigar los hechos.","canonical_url":"https:\/\/candas365.es\/noticias\/protestas-en-peru-tras-la-caida-de-dina-boluarte\/","robots":"max-image-preview:large","keywords":"internacional","webmasterTools":{"google-site-verification":"UA-32230408-1","msvalidate.01":"354F3CDFB2DA171B47FBE9ABF1F88D5","miscellaneous":""},"schema":{"@context":"https:\/\/schema.org","@graph":[{"@type":"BreadcrumbList","@id":"https:\/\/candas365.es\/noticias\/protestas-en-peru-tras-la-caida-de-dina-boluarte\/#breadcrumblist","itemListElement":[{"@type":"ListItem","@id":"https:\/\/candas365.es\/noticias#listItem","position":1,"name":"Home","item":"https:\/\/candas365.es\/noticias","nextItem":{"@type":"ListItem","@id":"https:\/\/candas365.es\/noticias\/category\/internacional\/#listItem","name":"Internacional"}},{"@type":"ListItem","@id":"https:\/\/candas365.es\/noticias\/category\/internacional\/#listItem","position":2,"name":"Internacional","item":"https:\/\/candas365.es\/noticias\/category\/internacional\/","nextItem":{"@type":"ListItem","@id":"https:\/\/candas365.es\/noticias\/protestas-en-peru-tras-la-caida-de-dina-boluarte\/#listItem","name":"Protestas en Per\u00fa tras la ca\u00edda de Dina Boluarte"},"previousItem":{"@type":"ListItem","@id":"https:\/\/candas365.es\/noticias#listItem","name":"Home"}},{"@type":"ListItem","@id":"https:\/\/candas365.es\/noticias\/protestas-en-peru-tras-la-caida-de-dina-boluarte\/#listItem","position":3,"name":"Protestas en Per\u00fa tras la ca\u00edda de Dina Boluarte","previousItem":{"@type":"ListItem","@id":"https:\/\/candas365.es\/noticias\/category\/internacional\/#listItem","name":"Internacional"}}]},{"@type":"NewsArticle","@id":"https:\/\/candas365.es\/noticias\/protestas-en-peru-tras-la-caida-de-dina-boluarte\/#newsarticle","name":"Protestas en Per\u00fa tras la ca\u00edda de Dina Boluarte | Cand\u00e1s 365","headline":"Protestas en Per\u00fa tras la ca\u00edda de Dina Boluarte","author":{"@id":"https:\/\/candas365.es\/noticias\/author\/admin\/#author"},"publisher":{"@id":"https:\/\/candas365.es\/noticias\/#organization"},"image":{"@type":"ImageObject","url":"https:\/\/candas365.es\/noticias\/wp-content\/uploads\/2025\/10\/protestas-en-Peru.jpg","width":1031,"height":673,"caption":"Foto: 123rf.com"},"datePublished":"2025-10-17T09:49:03+02:00","dateModified":"2025-10-17T09:49:03+02:00","inLanguage":"es-ES","mainEntityOfPage":{"@id":"https:\/\/candas365.es\/noticias\/protestas-en-peru-tras-la-caida-de-dina-boluarte\/#webpage"},"isPartOf":{"@id":"https:\/\/candas365.es\/noticias\/protestas-en-peru-tras-la-caida-de-dina-boluarte\/#webpage"},"articleSection":"Internacional, Internacional","dateline":"Publicado el octubre 17, 2025."},{"@type":"Organization","@id":"https:\/\/candas365.es\/noticias\/#organization","name":"Cand\u00e1s 365","description":"Cand\u00e1s 365 es un diario digital independiente, fundado en 2012, con base en Asturias. Informamos con rigor sobre actualidad, sociedad, cultura y ocio, con una mirada local y global.","url":"https:\/\/candas365.es\/noticias\/","email":"info@candas365.es","telephone":"+34652131393","foundingDate":"2012-06-10","logo":{"@type":"ImageObject","url":"https:\/\/candas365.es\/noticias\/wp-content\/uploads\/2024\/09\/Candas-365-Redes.jpg","@id":"https:\/\/candas365.es\/noticias\/protestas-en-peru-tras-la-caida-de-dina-boluarte\/#organizationLogo","width":1152,"height":864,"caption":"Cand\u00e1s 365 Redes"},"image":{"@id":"https:\/\/candas365.es\/noticias\/protestas-en-peru-tras-la-caida-de-dina-boluarte\/#organizationLogo"},"sameAs":["https:\/\/www.facebook.com\/Nachofdezber","https:\/\/x.com\/NabercoDigital","https:\/\/www.instagram.com\/nachofdezber\/","https:\/\/www.youtube.com\/channel\/UCZP-2wLEB9Rv6erhFmqVnvg"],"address":{"@id":"https:\/\/candas365.es\/noticias\/#postaladdress","@type":"PostalAddress","streetAddress":"san antonio 4, san antonio 4","postalCode":"33430","addressLocality":"Cand\u00e1s","addressRegion":"Asturias","addressCountry":"ES"}},{"@type":"Person","@id":"https:\/\/candas365.es\/noticias\/author\/admin\/#author","url":"https:\/\/candas365.es\/noticias\/author\/admin\/","name":"Cand\u00e1s 365","image":{"@type":"ImageObject","@id":"https:\/\/candas365.es\/noticias\/protestas-en-peru-tras-la-caida-de-dina-boluarte\/#authorImage","url":"https:\/\/secure.gravatar.com\/avatar\/496a8e03d0c493ede1718b7934145dbdf8d89be1036b0eec9544e1094c9de390?s=96&d=mm&r=g","width":96,"height":96,"caption":"Cand\u00e1s 365"},"sameAs":["https:\/\/www.facebook.com\/carrenoactualidad","https:\/\/twitter.com\/nbasturias","https:\/\/www.instagram.com\/nachofdezber\/","https:\/\/www.youtube.com\/channel\/UCZP-2wLEB9Rv6erhFmqVnvg"]},{"@type":"WebPage","@id":"https:\/\/candas365.es\/noticias\/protestas-en-peru-tras-la-caida-de-dina-boluarte\/#webpage","url":"https:\/\/candas365.es\/noticias\/protestas-en-peru-tras-la-caida-de-dina-boluarte\/","name":"Protestas en Per\u00fa tras la ca\u00edda de Dina Boluarte | Cand\u00e1s 365","description":"Las protestas en Per\u00fa tras la destituci\u00f3n de Dina Boluarte dejan v\u00edctimas y decenas de heridos. El nuevo presidente interino pide investigar los hechos.","inLanguage":"es-ES","isPartOf":{"@id":"https:\/\/candas365.es\/noticias\/#website"},"breadcrumb":{"@id":"https:\/\/candas365.es\/noticias\/protestas-en-peru-tras-la-caida-de-dina-boluarte\/#breadcrumblist"},"author":{"@id":"https:\/\/candas365.es\/noticias\/author\/admin\/#author"},"creator":{"@id":"https:\/\/candas365.es\/noticias\/author\/admin\/#author"},"image":{"@type":"ImageObject","url":"https:\/\/candas365.es\/noticias\/wp-content\/uploads\/2025\/10\/protestas-en-Peru.jpg","@id":"https:\/\/candas365.es\/noticias\/protestas-en-peru-tras-la-caida-de-dina-boluarte\/#mainImage","width":1031,"height":673,"caption":"Foto: 123rf.com"},"primaryImageOfPage":{"@id":"https:\/\/candas365.es\/noticias\/protestas-en-peru-tras-la-caida-de-dina-boluarte\/#mainImage"},"datePublished":"2025-10-17T09:49:03+02:00","dateModified":"2025-10-17T09:49:03+02:00"},{"@type":"WebSite","@id":"https:\/\/candas365.es\/noticias\/#website","url":"https:\/\/candas365.es\/noticias\/","name":"Cand\u00e1s 365","alternateName":"Cand\u00e1s 365 Noticias","description":"Actualidad desde Carre\u00f1o para el mundo","inLanguage":"es-ES","publisher":{"@id":"https:\/\/candas365.es\/noticias\/#organization"}}]},"og:locale":"es_ES","og:site_name":"Cand\u00e1s 365","og:type":"article","og:title":"Protestas en Per\u00fa tras la ca\u00edda de Dina Boluarte | Cand\u00e1s 365","og:description":"Las protestas en Per\u00fa tras la destituci\u00f3n de Dina Boluarte dejan v\u00edctimas y decenas de heridos. El nuevo presidente interino pide investigar los hechos.","og:url":"https:\/\/candas365.es\/noticias\/protestas-en-peru-tras-la-caida-de-dina-boluarte\/","og:image":"https:\/\/candas365.es\/noticias\/wp-content\/uploads\/2025\/10\/protestas-en-Peru.jpg","og:image:secure_url":"https:\/\/candas365.es\/noticias\/wp-content\/uploads\/2025\/10\/protestas-en-Peru.jpg","og:image:width":1031,"og:image:height":673,"article:published_time":"2025-10-17T07:49:03+00:00","article:modified_time":"2025-10-17T07:49:03+00:00","article:publisher":"https:\/\/www.facebook.com\/Nachofdezber","article:author":"https:\/\/www.facebook.com\/carrenoactualidad","twitter:card":"summary_large_image","twitter:site":"@NabercoDigital","twitter:title":"Protestas en Per\u00fa tras la ca\u00edda de Dina Boluarte | Cand\u00e1s 365","twitter:description":"Las protestas en Per\u00fa tras la destituci\u00f3n de Dina Boluarte dejan v\u00edctimas y decenas de heridos. El nuevo presidente interino pide investigar los hechos.","twitter:creator":"@nbasturias","twitter:image":"https:\/\/candas365.es\/noticias\/wp-content\/uploads\/2025\/10\/protestas-en-Peru.jpg","twitter:label1":"Escrito por","twitter:data1":"Cand\u00e1s 365","twitter:label2":"Tiempo de lectura estimado","twitter:data2":"2 minutos"},"aioseo_meta_data":{"post_id":"189207","title":null,"description":"Las protestas en Per\u00fa tras la destituci\u00f3n de Dina Boluarte dejan v\u00edctimas y decenas de heridos. El nuevo presidente interino pide investigar los hechos.","keywords":null,"keyphrases":{"focus":{"keyphrase":"Per\u00fa","score":78,"analysis":{"keyphraseInTitle":{"score":9,"maxScore":9,"error":0},"keyphraseInDescription":{"score":9,"maxScore":9,"error":0},"keyphraseLength":{"score":9,"maxScore":9,"error":0,"length":1},"keyphraseInURL":{"score":5,"maxScore":5,"error":0},"keyphraseInIntroduction":{"score":9,"maxScore":9,"error":0},"keyphraseInSubHeadings":{"score":3,"maxScore":9,"error":1},"keyphraseInImageAlt":{"score":9,"maxScore":9,"error":0},"keywordDensity":{"score":0,"type":"low","maxScore":9,"error":1}}},"additional":[{"keyphrase":"Per\u00fa","score":80,"analysis":{"keyphraseInDescription":{"score":9,"maxScore":9,"error":0},"keyphraseLength":{"score":9,"maxScore":9,"error":0,"length":1},"keyphraseInIntroduction":{"score":9,"maxScore":9,"error":0},"keyphraseInImageAlt":{"score":9,"maxScore":9,"error":0},"keywordDensity":{"score":0,"type":"low","maxScore":9,"error":1}}}]},"primary_term":null,"canonical_url":null,"og_title":null,"og_description":null,"og_object_type":"default","og_image_type":"default","og_image_url":null,"og_image_width":null,"og_image_height":null,"og_image_custom_url":null,"og_image_custom_fields":null,"og_video":"","og_custom_url":null,"og_article_section":null,"og_article_tags":null,"twitter_use_og":false,"twitter_card":"default","twitter_image_type":"default","twitter_image_url":null,"twitter_image_custom_url":null,"twitter_image_custom_fields":null,"twitter_title":null,"twitter_description":null,"schema":{"blockGraphs":[],"customGraphs":[],"default":{"data":{"Article":[],"Course":[],"Dataset":[],"FAQPage":[],"Movie":[],"Person":[],"Product":[],"ProductReview":[],"Car":[],"Recipe":[],"Service":[],"SoftwareApplication":[],"WebPage":[]},"graphName":"Article","isEnabled":true},"graphs":[]},"schema_type":"default","schema_type_options":null,"pillar_content":false,"robots_default":true,"robots_noindex":false,"robots_noarchive":false,"robots_nosnippet":false,"robots_nofollow":false,"robots_noimageindex":false,"robots_noodp":false,"robots_notranslate":false,"robots_max_snippet":"-1","robots_max_videopreview":"-1","robots_max_imagepreview":"large","priority":null,"frequency":"default","location":null,"local_seo":null,"seo_analyzer_scan_date":"2025-10-17 07:57:35","breadcrumb_settings":null,"limit_modified_date":false,"reviewed_by":null,"open_ai":null,"ai":{"faqs":[],"keyPoints":[],"titles":[],"descriptions":[],"socialPosts":{"email":[],"linkedin":[],"twitter":[],"facebook":[],"instagram":[]}},"created":"2025-10-17 07:41:57","updated":"2025-10-17 07:57:35"},"aioseo_breadcrumb":"<div class=\"aioseo-breadcrumbs\"><span class=\"aioseo-breadcrumb\">\n\t<a href=\"https:\/\/candas365.es\/noticias\" title=\"Home\">Home<\/a>\n<\/span><span class=\"aioseo-breadcrumb-separator\">&ndash;<\/span><span class=\"aioseo-breadcrumb\">\n\t<a href=\"https:\/\/candas365.es\/noticias\/category\/internacional\/\" title=\"Internacional\">Internacional<\/a>\n<\/span><span class=\"aioseo-breadcrumb-separator\">&ndash;<\/span><span class=\"aioseo-breadcrumb\">\n\tProtestas en Per\u00fa tras la ca\u00edda de Dina Boluarte\n<\/span><\/div>","aioseo_breadcrumb_json":[{"label":"Home","link":"https:\/\/candas365.es\/noticias"},{"label":"Internacional","link":"https:\/\/candas365.es\/noticias\/category\/internacional\/"},{"label":"Protestas en Per\u00fa tras la ca\u00edda de Dina Boluarte","link":"https:\/\/candas365.es\/noticias\/protestas-en-peru-tras-la-caida-de-dina-boluarte\/"}],"_links":{"self":[{"href":"https:\/\/candas365.es\/noticias\/wp-json\/wp\/v2\/posts\/189207","targetHints":{"allow":["GET"]}}],"collection":[{"href":"https:\/\/candas365.es\/noticias\/wp-json\/wp\/v2\/posts"}],"about":[{"href":"https:\/\/candas365.es\/noticias\/wp-json\/wp\/v2\/types\/post"}],"author":[{"embeddable":true,"href":"https:\/\/candas365.es\/noticias\/wp-json\/wp\/v2\/users\/1"}],"replies":[{"embeddable":true,"href":"https:\/\/candas365.es\/noticias\/wp-json\/wp\/v2\/comments?post=189207"}],"version-history":[{"count":0,"href":"https:\/\/candas365.es\/noticias\/wp-json\/wp\/v2\/posts\/189207\/revisions"}],"wp:featuredmedia":[{"embeddable":true,"href":"https:\/\/candas365.es\/noticias\/wp-json\/wp\/v2\/media\/189208"}],"wp:attachment":[{"href":"https:\/\/candas365.es\/noticias\/wp-json\/wp\/v2\/media?parent=189207"}],"wp:term":[{"taxonomy":"category","embeddable":true,"href":"https:\/\/candas365.es\/noticias\/wp-json\/wp\/v2\/categories?post=189207"},{"taxonomy":"post_tag","embeddable":true,"href":"https:\/\/candas365.es\/noticias\/wp-json\/wp\/v2\/tags?post=189207"}],"curies":[{"name":"wp","href":"https:\/\/api.w.org\/{rel}","templated":true}]}}