{"id":189147,"date":"2025-10-16T21:29:12","date_gmt":"2025-10-16T19:29:12","guid":{"rendered":"https:\/\/candas365.es\/noticias\/?p=189147"},"modified":"2025-10-16T21:29:12","modified_gmt":"2025-10-16T19:29:12","slug":"favores-en-casa-inversiones-fuera-pymes-y-autonomos","status":"publish","type":"post","link":"https:\/\/candas365.es\/noticias\/favores-en-casa-inversiones-fuera-pymes-y-autonomos\/","title":{"rendered":"Favores en casa, inversiones fuera: Pymes y aut\u00f3nomos"},"content":{"rendered":"<p>En muchos <a href=\"https:\/\/eldigitaldeasturias.com\/radio\/category\/concejos-asturias\/\" target=\"_blank\" rel=\"noopener\"><span style=\"color: #ff6600;\"><strong>concejos de Asturias<\/strong><\/span><\/a>, los aut\u00f3nomos y las peque\u00f1as empresas son quienes mantienen viva la econom\u00eda cotidiana. Son los que abren la persiana cuando todav\u00eda no ha amanecido, los que conocen a sus clientes por el nombre y los que, con pocos recursos, sostienen servicios que parecen invisibles hasta que faltan. Su papel es tan esencial que resulta dif\u00edcil imaginar la vida local sin ellos.<\/p>\n<figure id=\"attachment_189148\" aria-describedby=\"caption-attachment-189148\" style=\"width: 650px\" class=\"wp-caption aligncenter\"><img fetchpriority=\"high\" decoding=\"async\" class=\"size-large wp-image-189148\" src=\"https:\/\/candas365.es\/noticias\/wp-content\/uploads\/2025\/10\/Pymes-y-autonomos-Asturias-650x361.jpg\" alt=\"Pymes y aut\u00f3nomos Asturias\" width=\"650\" height=\"361\" srcset=\"https:\/\/candas365.es\/noticias\/wp-content\/uploads\/2025\/10\/Pymes-y-autonomos-Asturias-650x361.jpg 650w, https:\/\/candas365.es\/noticias\/wp-content\/uploads\/2025\/10\/Pymes-y-autonomos-Asturias-360x200.jpg 360w, https:\/\/candas365.es\/noticias\/wp-content\/uploads\/2025\/10\/Pymes-y-autonomos-Asturias-768x427.jpg 768w, https:\/\/candas365.es\/noticias\/wp-content\/uploads\/2025\/10\/Pymes-y-autonomos-Asturias-150x83.jpg 150w, https:\/\/candas365.es\/noticias\/wp-content\/uploads\/2025\/10\/Pymes-y-autonomos-Asturias-450x250.jpg 450w, https:\/\/candas365.es\/noticias\/wp-content\/uploads\/2025\/10\/Pymes-y-autonomos-Asturias.jpg 1085w\" sizes=\"(max-width: 650px) 100vw, 650px\" \/><figcaption id=\"caption-attachment-189148\" class=\"wp-caption-text\">Foto: 123rf.com<\/figcaption><\/figure>\n<p>Sin embargo, la realidad muestra una paradoja cada vez m\u00e1s evidente. <strong>Cuando se trata de pedir apoyo, colaboraci\u00f3n o visibilidad, se piensa en los negocios del entorno<\/strong>. Pero cuando llega el momento de invertir, contratar un servicio o impulsar una campa\u00f1a, muchas decisiones se van fuera.<strong> El resultado es un desequilibrio que debilita al tejido econ\u00f3mico que da identidad a cada municipio.<\/strong><\/p>\n<p>El fen\u00f3meno no responde solo a una cuesti\u00f3n de preferencias. En ocasiones influyen los precios, la falta de oferta o la b\u00fasqueda de soluciones r\u00e1pidas en plataformas nacionales o internacionales. <strong>Pero detr\u00e1s de cada decisi\u00f3n hay un efecto acumulado: cada euro que se escapa del territorio local es un euro que no genera empleo ni desarrollo en la comunidad.<\/strong><\/p>\n<p>Las pymes representan la inmensa mayor\u00eda del tejido empresarial asturiano. La mayor\u00eda son negocios familiares o proyectos personales que resisten con esfuerzo, adapt\u00e1ndose a los cambios de consumo y a la digitalizaci\u00f3n. No piden trato de favor; piden competir en igualdad de condiciones y que se reconozca su valor real. <strong>Porque la cercan\u00eda no solo se mide en kil\u00f3metros, tambi\u00e9n en confianza y compromiso mutuo.<\/strong><\/p>\n<p>En los \u00faltimos a\u00f1os, muchas peque\u00f1as empresas han dado pasos firmes hacia la modernizaci\u00f3n: presencia digital, <a href=\"https:\/\/www.facebook.com\/Nachofdezber\" target=\"_blank\" rel=\"noopener\"><span style=\"color: #ff6600;\"><strong>redes sociales<\/strong><\/span><\/a>, comercio en l\u00ednea o nuevos servicios adaptados a la vida actual. Lo han hecho sin grandes presupuestos, pero con ingenio y constancia. Lo que a menudo les falta no es talento, sino respaldo. <strong>Falta que instituciones, vecinos y otros empresarios comprendan que apostar por lo local no es un gesto simb\u00f3lico, sino una inversi\u00f3n con retorno directo.<\/strong><\/p>\n<p>Cuando una imprenta, un dise\u00f1ador o una tienda del municipio reciben un encargo, parte de ese dinero vuelve al entorno. Se traduce en consumo, en mantenimiento de empleo y en impuestos que permanecen en la zona. <strong>En cambio, cuando todo se externaliza, se vac\u00eda de contenido la idea de comunidad econ\u00f3mica.<\/strong><\/p>\n<p>Apoyar al comercio de proximidad y a las pymes locales no significa renunciar a la calidad ni cerrarse al mundo. Significa entender que el progreso empieza por cuidar lo que tenemos cerca. <strong>La innovaci\u00f3n tambi\u00e9n puede ser local: se puede ofrecer un servicio moderno desde un peque\u00f1o taller, una asesor\u00eda o una tienda que lleva d\u00e9cadas adapt\u00e1ndose al tiempo sin perder ra\u00edces.<\/strong><\/p>\n<p>El discurso sobre el apoyo al emprendimiento local se repite con frecuencia en campa\u00f1as p\u00fablicas y en redes sociales. <strong>Sin embargo, pocas veces se acompa\u00f1a de una apuesta real y sostenida. La mejor forma de demostrar ese apoyo es con hechos: contratando, comprando, recomendando y difundiendo.<\/strong><\/p>\n<p>Cada pueblo, cada barrio y cada ciudad necesita un tejido econ\u00f3mico que no dependa solo de las grandes cadenas. Las pymes y los aut\u00f3nomos son los que mantienen la luz encendida cuando la econom\u00eda global se enfr\u00eda. Y si desaparecen, con ellos se va una parte de la identidad colectiva.<\/p>\n<p><strong>El desaf\u00edo no est\u00e1 en repetir el mensaje de \u201capoyar lo local\u201d, sino en hacerlo posible. Porque el futuro no se construye con esl\u00f3ganes, sino con coherencia<\/strong>. Favores en casa, inversiones fuera: una frase que deber\u00eda hacernos pensar en c\u00f3mo equilibrar la balanza. Quiz\u00e1 la respuesta no est\u00e9 en gastar m\u00e1s, sino en decidir mejor d\u00f3nde ponemos nuestro esfuerzo y nuestra confianza.<\/p>\n<p><strong><em>Redacci\u00f3n <a href=\"https:\/\/candas365.es\/noticias\/\"><span style=\"color: #ff6600;\">Cand\u00e1s 365<\/span><\/a><\/em><\/strong><\/p>\n","protected":false},"excerpt":{"rendered":"<p>En muchos concejos de Asturias, los aut\u00f3nomos y las peque\u00f1as empresas son quienes mantienen viva la econom\u00eda cotidiana. Son los que abren la persiana cuando todav\u00eda no ha amanecido, los que conocen a sus clientes por el nombre y los que, con pocos recursos, sostienen servicios que parecen invisibles hasta que faltan. Su papel es<\/p>\n","protected":false},"author":1,"featured_media":189148,"comment_status":"closed","ping_status":"closed","sticky":false,"template":"","format":"standard","meta":{"footnotes":""},"categories":[151],"tags":[380,383],"class_list":{"0":"post-189147","1":"post","2":"type-post","3":"status-publish","4":"format-standard","5":"has-post-thumbnail","7":"category-canal-empresas","8":"tag-asturias","9":"tag-empresas"},"aioseo_notices":[],"aioseo_head":"\n\t\t<!-- All in One SEO Pro 4.9.6.2 - aioseo.com -->\n\t<meta name=\"description\" content=\"En muchos concejos de Asturias, los aut\u00f3nomos y las peque\u00f1as empresas son quienes mantienen viva la econom\u00eda cotidiana. Son los que abren la persiana\" \/>\n\t<meta name=\"robots\" content=\"max-image-preview:large\" \/>\n\t<meta name=\"author\" content=\"Cand\u00e1s 365\"\/>\n\t<meta name=\"google-site-verification\" content=\"UA-32230408-1\" \/>\n\t<meta name=\"msvalidate.01\" content=\"354F3CDFB2DA171B47FBE9ABF1F88D5\" \/>\n\t<meta name=\"keywords\" content=\"canal empresas\" \/>\n\t<link rel=\"canonical\" href=\"https:\/\/candas365.es\/noticias\/favores-en-casa-inversiones-fuera-pymes-y-autonomos\/\" \/>\n\t<meta name=\"generator\" content=\"All in One SEO Pro (AIOSEO) 4.9.6.2\" \/>\n\t\t<meta property=\"og:locale\" content=\"es_ES\" \/>\n\t\t<meta property=\"og:site_name\" content=\"Cand\u00e1s 365\" \/>\n\t\t<meta property=\"og:type\" content=\"article\" \/>\n\t\t<meta property=\"og:title\" content=\"Favores en casa, inversiones fuera: Pymes y aut\u00f3nomos | Cand\u00e1s 365\" \/>\n\t\t<meta property=\"og:description\" content=\"En muchos concejos de Asturias, los aut\u00f3nomos y las peque\u00f1as empresas son quienes mantienen viva la econom\u00eda cotidiana. Son los que abren la persiana\" \/>\n\t\t<meta property=\"og:url\" content=\"https:\/\/candas365.es\/noticias\/favores-en-casa-inversiones-fuera-pymes-y-autonomos\/\" \/>\n\t\t<meta property=\"og:image\" content=\"https:\/\/candas365.es\/noticias\/wp-content\/uploads\/2025\/10\/Pymes-y-autonomos-Asturias.jpg\" \/>\n\t\t<meta property=\"og:image:secure_url\" content=\"https:\/\/candas365.es\/noticias\/wp-content\/uploads\/2025\/10\/Pymes-y-autonomos-Asturias.jpg\" \/>\n\t\t<meta property=\"og:image:width\" content=\"1085\" \/>\n\t\t<meta property=\"og:image:height\" content=\"603\" \/>\n\t\t<meta property=\"article:published_time\" content=\"2025-10-16T19:29:12+00:00\" \/>\n\t\t<meta property=\"article:modified_time\" content=\"2025-10-16T19:29:12+00:00\" \/>\n\t\t<meta property=\"article:publisher\" content=\"https:\/\/www.facebook.com\/Nachofdezber\" \/>\n\t\t<meta property=\"article:author\" content=\"https:\/\/www.facebook.com\/carrenoactualidad\" \/>\n\t\t<meta name=\"twitter:card\" content=\"summary_large_image\" \/>\n\t\t<meta name=\"twitter:site\" content=\"@NabercoDigital\" \/>\n\t\t<meta name=\"twitter:title\" content=\"Favores en casa, inversiones fuera: Pymes y aut\u00f3nomos | Cand\u00e1s 365\" \/>\n\t\t<meta name=\"twitter:description\" content=\"En muchos concejos de Asturias, los aut\u00f3nomos y las peque\u00f1as empresas son quienes mantienen viva la econom\u00eda cotidiana. Son los que abren la persiana\" \/>\n\t\t<meta name=\"twitter:creator\" content=\"@nbasturias\" \/>\n\t\t<meta name=\"twitter:image\" content=\"https:\/\/candas365.es\/noticias\/wp-content\/uploads\/2025\/10\/Pymes-y-autonomos-Asturias.jpg\" \/>\n\t\t<meta name=\"twitter:label1\" content=\"Escrito por\" \/>\n\t\t<meta name=\"twitter:data1\" content=\"Cand\u00e1s 365\" \/>\n\t\t<meta name=\"twitter:label2\" content=\"Tiempo de lectura estimado\" \/>\n\t\t<meta name=\"twitter:data2\" content=\"3 minutos\" \/>\n\t\t<script type=\"application\/ld+json\" class=\"aioseo-schema\">\n\t\t\t{\"@context\":\"https:\\\/\\\/schema.org\",\"@graph\":[{\"@type\":\"BreadcrumbList\",\"@id\":\"https:\\\/\\\/candas365.es\\\/noticias\\\/favores-en-casa-inversiones-fuera-pymes-y-autonomos\\\/#breadcrumblist\",\"itemListElement\":[{\"@type\":\"ListItem\",\"@id\":\"https:\\\/\\\/candas365.es\\\/noticias#listItem\",\"position\":1,\"name\":\"Home\",\"item\":\"https:\\\/\\\/candas365.es\\\/noticias\",\"nextItem\":{\"@type\":\"ListItem\",\"@id\":\"https:\\\/\\\/candas365.es\\\/noticias\\\/category\\\/canal-empresas\\\/#listItem\",\"name\":\"Canal Empresas\"}},{\"@type\":\"ListItem\",\"@id\":\"https:\\\/\\\/candas365.es\\\/noticias\\\/category\\\/canal-empresas\\\/#listItem\",\"position\":2,\"name\":\"Canal Empresas\",\"item\":\"https:\\\/\\\/candas365.es\\\/noticias\\\/category\\\/canal-empresas\\\/\",\"nextItem\":{\"@type\":\"ListItem\",\"@id\":\"https:\\\/\\\/candas365.es\\\/noticias\\\/favores-en-casa-inversiones-fuera-pymes-y-autonomos\\\/#listItem\",\"name\":\"Favores en casa, inversiones fuera: Pymes y aut\\u00f3nomos\"},\"previousItem\":{\"@type\":\"ListItem\",\"@id\":\"https:\\\/\\\/candas365.es\\\/noticias#listItem\",\"name\":\"Home\"}},{\"@type\":\"ListItem\",\"@id\":\"https:\\\/\\\/candas365.es\\\/noticias\\\/favores-en-casa-inversiones-fuera-pymes-y-autonomos\\\/#listItem\",\"position\":3,\"name\":\"Favores en casa, inversiones fuera: Pymes y aut\\u00f3nomos\",\"previousItem\":{\"@type\":\"ListItem\",\"@id\":\"https:\\\/\\\/candas365.es\\\/noticias\\\/category\\\/canal-empresas\\\/#listItem\",\"name\":\"Canal Empresas\"}}]},{\"@type\":\"NewsArticle\",\"@id\":\"https:\\\/\\\/candas365.es\\\/noticias\\\/favores-en-casa-inversiones-fuera-pymes-y-autonomos\\\/#newsarticle\",\"name\":\"Favores en casa, inversiones fuera: Pymes y aut\\u00f3nomos | Cand\\u00e1s 365\",\"headline\":\"Favores en casa, inversiones fuera: Pymes y aut\\u00f3nomos\",\"author\":{\"@id\":\"https:\\\/\\\/candas365.es\\\/noticias\\\/author\\\/admin\\\/#author\"},\"publisher\":{\"@id\":\"https:\\\/\\\/candas365.es\\\/noticias\\\/#organization\"},\"image\":{\"@type\":\"ImageObject\",\"url\":\"https:\\\/\\\/candas365.es\\\/noticias\\\/wp-content\\\/uploads\\\/2025\\\/10\\\/Pymes-y-autonomos-Asturias.jpg\",\"width\":1085,\"height\":603,\"caption\":\"Foto: 123rf.com\"},\"datePublished\":\"2025-10-16T21:29:12+02:00\",\"dateModified\":\"2025-10-16T21:29:12+02:00\",\"inLanguage\":\"es-ES\",\"mainEntityOfPage\":{\"@id\":\"https:\\\/\\\/candas365.es\\\/noticias\\\/favores-en-casa-inversiones-fuera-pymes-y-autonomos\\\/#webpage\"},\"isPartOf\":{\"@id\":\"https:\\\/\\\/candas365.es\\\/noticias\\\/favores-en-casa-inversiones-fuera-pymes-y-autonomos\\\/#webpage\"},\"articleSection\":\"Canal Empresas, Asturias, empresas\",\"dateline\":\"Publicado el octubre 16, 2025.\"},{\"@type\":\"Organization\",\"@id\":\"https:\\\/\\\/candas365.es\\\/noticias\\\/#organization\",\"name\":\"Cand\\u00e1s 365\",\"description\":\"Cand\\u00e1s 365 es un diario digital independiente, fundado en 2012, con base en Asturias. Informamos con rigor sobre actualidad, sociedad, cultura y ocio, con una mirada local y global.\",\"url\":\"https:\\\/\\\/candas365.es\\\/noticias\\\/\",\"email\":\"info@candas365.es\",\"telephone\":\"+34652131393\",\"foundingDate\":\"2012-06-10\",\"logo\":{\"@type\":\"ImageObject\",\"url\":\"https:\\\/\\\/candas365.es\\\/noticias\\\/wp-content\\\/uploads\\\/2024\\\/09\\\/Candas-365-Redes.jpg\",\"@id\":\"https:\\\/\\\/candas365.es\\\/noticias\\\/favores-en-casa-inversiones-fuera-pymes-y-autonomos\\\/#organizationLogo\",\"width\":1152,\"height\":864,\"caption\":\"Cand\\u00e1s 365 Redes\"},\"image\":{\"@id\":\"https:\\\/\\\/candas365.es\\\/noticias\\\/favores-en-casa-inversiones-fuera-pymes-y-autonomos\\\/#organizationLogo\"},\"sameAs\":[\"https:\\\/\\\/www.facebook.com\\\/Nachofdezber\",\"https:\\\/\\\/x.com\\\/NabercoDigital\",\"https:\\\/\\\/www.instagram.com\\\/nachofdezber\\\/\",\"https:\\\/\\\/www.youtube.com\\\/channel\\\/UCZP-2wLEB9Rv6erhFmqVnvg\"],\"address\":{\"@id\":\"https:\\\/\\\/candas365.es\\\/noticias\\\/#postaladdress\",\"@type\":\"PostalAddress\",\"streetAddress\":\"san antonio 4, san antonio 4\",\"postalCode\":\"33430\",\"addressLocality\":\"Cand\\u00e1s\",\"addressRegion\":\"Asturias\",\"addressCountry\":\"ES\"}},{\"@type\":\"Person\",\"@id\":\"https:\\\/\\\/candas365.es\\\/noticias\\\/author\\\/admin\\\/#author\",\"url\":\"https:\\\/\\\/candas365.es\\\/noticias\\\/author\\\/admin\\\/\",\"name\":\"Cand\\u00e1s 365\",\"image\":{\"@type\":\"ImageObject\",\"@id\":\"https:\\\/\\\/candas365.es\\\/noticias\\\/favores-en-casa-inversiones-fuera-pymes-y-autonomos\\\/#authorImage\",\"url\":\"https:\\\/\\\/secure.gravatar.com\\\/avatar\\\/496a8e03d0c493ede1718b7934145dbdf8d89be1036b0eec9544e1094c9de390?s=96&d=mm&r=g\",\"width\":96,\"height\":96,\"caption\":\"Cand\\u00e1s 365\"},\"sameAs\":[\"https:\\\/\\\/www.facebook.com\\\/carrenoactualidad\",\"https:\\\/\\\/twitter.com\\\/nbasturias\",\"https:\\\/\\\/www.instagram.com\\\/nachofdezber\\\/\",\"https:\\\/\\\/www.youtube.com\\\/channel\\\/UCZP-2wLEB9Rv6erhFmqVnvg\"]},{\"@type\":\"WebPage\",\"@id\":\"https:\\\/\\\/candas365.es\\\/noticias\\\/favores-en-casa-inversiones-fuera-pymes-y-autonomos\\\/#webpage\",\"url\":\"https:\\\/\\\/candas365.es\\\/noticias\\\/favores-en-casa-inversiones-fuera-pymes-y-autonomos\\\/\",\"name\":\"Favores en casa, inversiones fuera: Pymes y aut\\u00f3nomos | Cand\\u00e1s 365\",\"description\":\"En muchos concejos de Asturias, los aut\\u00f3nomos y las peque\\u00f1as empresas son quienes mantienen viva la econom\\u00eda cotidiana. Son los que abren la persiana\",\"inLanguage\":\"es-ES\",\"isPartOf\":{\"@id\":\"https:\\\/\\\/candas365.es\\\/noticias\\\/#website\"},\"breadcrumb\":{\"@id\":\"https:\\\/\\\/candas365.es\\\/noticias\\\/favores-en-casa-inversiones-fuera-pymes-y-autonomos\\\/#breadcrumblist\"},\"author\":{\"@id\":\"https:\\\/\\\/candas365.es\\\/noticias\\\/author\\\/admin\\\/#author\"},\"creator\":{\"@id\":\"https:\\\/\\\/candas365.es\\\/noticias\\\/author\\\/admin\\\/#author\"},\"image\":{\"@type\":\"ImageObject\",\"url\":\"https:\\\/\\\/candas365.es\\\/noticias\\\/wp-content\\\/uploads\\\/2025\\\/10\\\/Pymes-y-autonomos-Asturias.jpg\",\"@id\":\"https:\\\/\\\/candas365.es\\\/noticias\\\/favores-en-casa-inversiones-fuera-pymes-y-autonomos\\\/#mainImage\",\"width\":1085,\"height\":603,\"caption\":\"Foto: 123rf.com\"},\"primaryImageOfPage\":{\"@id\":\"https:\\\/\\\/candas365.es\\\/noticias\\\/favores-en-casa-inversiones-fuera-pymes-y-autonomos\\\/#mainImage\"},\"datePublished\":\"2025-10-16T21:29:12+02:00\",\"dateModified\":\"2025-10-16T21:29:12+02:00\"},{\"@type\":\"WebSite\",\"@id\":\"https:\\\/\\\/candas365.es\\\/noticias\\\/#website\",\"url\":\"https:\\\/\\\/candas365.es\\\/noticias\\\/\",\"name\":\"Cand\\u00e1s 365\",\"alternateName\":\"Cand\\u00e1s 365 Noticias\",\"description\":\"Actualidad desde Carre\\u00f1o para el mundo\",\"inLanguage\":\"es-ES\",\"publisher\":{\"@id\":\"https:\\\/\\\/candas365.es\\\/noticias\\\/#organization\"}}]}\n\t\t<\/script>\n\t\t<!-- All in One SEO Pro -->\r\n\t\t<title>Favores en casa, inversiones fuera: Pymes y aut\u00f3nomos | Cand\u00e1s 365<\/title>\n\n","aioseo_head_json":{"title":"Favores en casa, inversiones fuera: Pymes y aut\u00f3nomos | Cand\u00e1s 365","description":"En muchos concejos de Asturias, los aut\u00f3nomos y las peque\u00f1as empresas son quienes mantienen viva la econom\u00eda cotidiana. Son los que abren la persiana","canonical_url":"https:\/\/candas365.es\/noticias\/favores-en-casa-inversiones-fuera-pymes-y-autonomos\/","robots":"max-image-preview:large","keywords":"canal empresas","webmasterTools":{"google-site-verification":"UA-32230408-1","msvalidate.01":"354F3CDFB2DA171B47FBE9ABF1F88D5","miscellaneous":""},"schema":{"@context":"https:\/\/schema.org","@graph":[{"@type":"BreadcrumbList","@id":"https:\/\/candas365.es\/noticias\/favores-en-casa-inversiones-fuera-pymes-y-autonomos\/#breadcrumblist","itemListElement":[{"@type":"ListItem","@id":"https:\/\/candas365.es\/noticias#listItem","position":1,"name":"Home","item":"https:\/\/candas365.es\/noticias","nextItem":{"@type":"ListItem","@id":"https:\/\/candas365.es\/noticias\/category\/canal-empresas\/#listItem","name":"Canal Empresas"}},{"@type":"ListItem","@id":"https:\/\/candas365.es\/noticias\/category\/canal-empresas\/#listItem","position":2,"name":"Canal Empresas","item":"https:\/\/candas365.es\/noticias\/category\/canal-empresas\/","nextItem":{"@type":"ListItem","@id":"https:\/\/candas365.es\/noticias\/favores-en-casa-inversiones-fuera-pymes-y-autonomos\/#listItem","name":"Favores en casa, inversiones fuera: Pymes y aut\u00f3nomos"},"previousItem":{"@type":"ListItem","@id":"https:\/\/candas365.es\/noticias#listItem","name":"Home"}},{"@type":"ListItem","@id":"https:\/\/candas365.es\/noticias\/favores-en-casa-inversiones-fuera-pymes-y-autonomos\/#listItem","position":3,"name":"Favores en casa, inversiones fuera: Pymes y aut\u00f3nomos","previousItem":{"@type":"ListItem","@id":"https:\/\/candas365.es\/noticias\/category\/canal-empresas\/#listItem","name":"Canal Empresas"}}]},{"@type":"NewsArticle","@id":"https:\/\/candas365.es\/noticias\/favores-en-casa-inversiones-fuera-pymes-y-autonomos\/#newsarticle","name":"Favores en casa, inversiones fuera: Pymes y aut\u00f3nomos | Cand\u00e1s 365","headline":"Favores en casa, inversiones fuera: Pymes y aut\u00f3nomos","author":{"@id":"https:\/\/candas365.es\/noticias\/author\/admin\/#author"},"publisher":{"@id":"https:\/\/candas365.es\/noticias\/#organization"},"image":{"@type":"ImageObject","url":"https:\/\/candas365.es\/noticias\/wp-content\/uploads\/2025\/10\/Pymes-y-autonomos-Asturias.jpg","width":1085,"height":603,"caption":"Foto: 123rf.com"},"datePublished":"2025-10-16T21:29:12+02:00","dateModified":"2025-10-16T21:29:12+02:00","inLanguage":"es-ES","mainEntityOfPage":{"@id":"https:\/\/candas365.es\/noticias\/favores-en-casa-inversiones-fuera-pymes-y-autonomos\/#webpage"},"isPartOf":{"@id":"https:\/\/candas365.es\/noticias\/favores-en-casa-inversiones-fuera-pymes-y-autonomos\/#webpage"},"articleSection":"Canal Empresas, Asturias, empresas","dateline":"Publicado el octubre 16, 2025."},{"@type":"Organization","@id":"https:\/\/candas365.es\/noticias\/#organization","name":"Cand\u00e1s 365","description":"Cand\u00e1s 365 es un diario digital independiente, fundado en 2012, con base en Asturias. Informamos con rigor sobre actualidad, sociedad, cultura y ocio, con una mirada local y global.","url":"https:\/\/candas365.es\/noticias\/","email":"info@candas365.es","telephone":"+34652131393","foundingDate":"2012-06-10","logo":{"@type":"ImageObject","url":"https:\/\/candas365.es\/noticias\/wp-content\/uploads\/2024\/09\/Candas-365-Redes.jpg","@id":"https:\/\/candas365.es\/noticias\/favores-en-casa-inversiones-fuera-pymes-y-autonomos\/#organizationLogo","width":1152,"height":864,"caption":"Cand\u00e1s 365 Redes"},"image":{"@id":"https:\/\/candas365.es\/noticias\/favores-en-casa-inversiones-fuera-pymes-y-autonomos\/#organizationLogo"},"sameAs":["https:\/\/www.facebook.com\/Nachofdezber","https:\/\/x.com\/NabercoDigital","https:\/\/www.instagram.com\/nachofdezber\/","https:\/\/www.youtube.com\/channel\/UCZP-2wLEB9Rv6erhFmqVnvg"],"address":{"@id":"https:\/\/candas365.es\/noticias\/#postaladdress","@type":"PostalAddress","streetAddress":"san antonio 4, san antonio 4","postalCode":"33430","addressLocality":"Cand\u00e1s","addressRegion":"Asturias","addressCountry":"ES"}},{"@type":"Person","@id":"https:\/\/candas365.es\/noticias\/author\/admin\/#author","url":"https:\/\/candas365.es\/noticias\/author\/admin\/","name":"Cand\u00e1s 365","image":{"@type":"ImageObject","@id":"https:\/\/candas365.es\/noticias\/favores-en-casa-inversiones-fuera-pymes-y-autonomos\/#authorImage","url":"https:\/\/secure.gravatar.com\/avatar\/496a8e03d0c493ede1718b7934145dbdf8d89be1036b0eec9544e1094c9de390?s=96&d=mm&r=g","width":96,"height":96,"caption":"Cand\u00e1s 365"},"sameAs":["https:\/\/www.facebook.com\/carrenoactualidad","https:\/\/twitter.com\/nbasturias","https:\/\/www.instagram.com\/nachofdezber\/","https:\/\/www.youtube.com\/channel\/UCZP-2wLEB9Rv6erhFmqVnvg"]},{"@type":"WebPage","@id":"https:\/\/candas365.es\/noticias\/favores-en-casa-inversiones-fuera-pymes-y-autonomos\/#webpage","url":"https:\/\/candas365.es\/noticias\/favores-en-casa-inversiones-fuera-pymes-y-autonomos\/","name":"Favores en casa, inversiones fuera: Pymes y aut\u00f3nomos | Cand\u00e1s 365","description":"En muchos concejos de Asturias, los aut\u00f3nomos y las peque\u00f1as empresas son quienes mantienen viva la econom\u00eda cotidiana. Son los que abren la persiana","inLanguage":"es-ES","isPartOf":{"@id":"https:\/\/candas365.es\/noticias\/#website"},"breadcrumb":{"@id":"https:\/\/candas365.es\/noticias\/favores-en-casa-inversiones-fuera-pymes-y-autonomos\/#breadcrumblist"},"author":{"@id":"https:\/\/candas365.es\/noticias\/author\/admin\/#author"},"creator":{"@id":"https:\/\/candas365.es\/noticias\/author\/admin\/#author"},"image":{"@type":"ImageObject","url":"https:\/\/candas365.es\/noticias\/wp-content\/uploads\/2025\/10\/Pymes-y-autonomos-Asturias.jpg","@id":"https:\/\/candas365.es\/noticias\/favores-en-casa-inversiones-fuera-pymes-y-autonomos\/#mainImage","width":1085,"height":603,"caption":"Foto: 123rf.com"},"primaryImageOfPage":{"@id":"https:\/\/candas365.es\/noticias\/favores-en-casa-inversiones-fuera-pymes-y-autonomos\/#mainImage"},"datePublished":"2025-10-16T21:29:12+02:00","dateModified":"2025-10-16T21:29:12+02:00"},{"@type":"WebSite","@id":"https:\/\/candas365.es\/noticias\/#website","url":"https:\/\/candas365.es\/noticias\/","name":"Cand\u00e1s 365","alternateName":"Cand\u00e1s 365 Noticias","description":"Actualidad desde Carre\u00f1o para el mundo","inLanguage":"es-ES","publisher":{"@id":"https:\/\/candas365.es\/noticias\/#organization"}}]},"og:locale":"es_ES","og:site_name":"Cand\u00e1s 365","og:type":"article","og:title":"Favores en casa, inversiones fuera: Pymes y aut\u00f3nomos | Cand\u00e1s 365","og:description":"En muchos concejos de Asturias, los aut\u00f3nomos y las peque\u00f1as empresas son quienes mantienen viva la econom\u00eda cotidiana. Son los que abren la persiana","og:url":"https:\/\/candas365.es\/noticias\/favores-en-casa-inversiones-fuera-pymes-y-autonomos\/","og:image":"https:\/\/candas365.es\/noticias\/wp-content\/uploads\/2025\/10\/Pymes-y-autonomos-Asturias.jpg","og:image:secure_url":"https:\/\/candas365.es\/noticias\/wp-content\/uploads\/2025\/10\/Pymes-y-autonomos-Asturias.jpg","og:image:width":1085,"og:image:height":603,"article:published_time":"2025-10-16T19:29:12+00:00","article:modified_time":"2025-10-16T19:29:12+00:00","article:publisher":"https:\/\/www.facebook.com\/Nachofdezber","article:author":"https:\/\/www.facebook.com\/carrenoactualidad","twitter:card":"summary_large_image","twitter:site":"@NabercoDigital","twitter:title":"Favores en casa, inversiones fuera: Pymes y aut\u00f3nomos | Cand\u00e1s 365","twitter:description":"En muchos concejos de Asturias, los aut\u00f3nomos y las peque\u00f1as empresas son quienes mantienen viva la econom\u00eda cotidiana. Son los que abren la persiana","twitter:creator":"@nbasturias","twitter:image":"https:\/\/candas365.es\/noticias\/wp-content\/uploads\/2025\/10\/Pymes-y-autonomos-Asturias.jpg","twitter:label1":"Escrito por","twitter:data1":"Cand\u00e1s 365","twitter:label2":"Tiempo de lectura estimado","twitter:data2":"3 minutos"},"aioseo_meta_data":{"post_id":"189147","title":null,"description":"En muchos concejos de Asturias, los aut\u00f3nomos y las peque\u00f1as empresas son quienes mantienen viva la econom\u00eda cotidiana. Son los que abren la persiana","keywords":null,"keyphrases":{"focus":{"keyphrase":"aut\u00f3nomos","score":85,"analysis":{"keyphraseInTitle":{"score":9,"maxScore":9,"error":0},"keyphraseInDescription":{"score":9,"maxScore":9,"error":0},"keyphraseLength":{"score":9,"maxScore":9,"error":0,"length":2},"keyphraseInURL":{"score":5,"maxScore":5,"error":0},"keyphraseInIntroduction":{"score":9,"maxScore":9,"error":0},"keyphraseInSubHeadings":[],"keyphraseInImageAlt":{"score":9,"maxScore":9,"error":0},"keywordDensity":{"score":0,"type":"low","maxScore":9,"error":1}}},"additional":[{"keyphrase":"Asturias","score":80,"analysis":{"keyphraseInDescription":{"score":9,"maxScore":9,"error":0},"keyphraseLength":{"score":9,"maxScore":9,"error":0,"length":1},"keyphraseInIntroduction":{"score":9,"maxScore":9,"error":0},"keyphraseInImageAlt":{"score":9,"maxScore":9,"error":0},"keywordDensity":{"score":0,"type":"low","maxScore":9,"error":1}}}]},"primary_term":null,"canonical_url":null,"og_title":null,"og_description":null,"og_object_type":"default","og_image_type":"default","og_image_url":null,"og_image_width":null,"og_image_height":null,"og_image_custom_url":null,"og_image_custom_fields":null,"og_video":"","og_custom_url":null,"og_article_section":null,"og_article_tags":null,"twitter_use_og":false,"twitter_card":"default","twitter_image_type":"default","twitter_image_url":null,"twitter_image_custom_url":null,"twitter_image_custom_fields":null,"twitter_title":null,"twitter_description":null,"schema":{"blockGraphs":[],"customGraphs":[],"default":{"data":{"Article":[],"Course":[],"Dataset":[],"FAQPage":[],"Movie":[],"Person":[],"Product":[],"ProductReview":[],"Car":[],"Recipe":[],"Service":[],"SoftwareApplication":[],"WebPage":[]},"graphName":"Article","isEnabled":true},"graphs":[]},"schema_type":"default","schema_type_options":null,"pillar_content":false,"robots_default":true,"robots_noindex":false,"robots_noarchive":false,"robots_nosnippet":false,"robots_nofollow":false,"robots_noimageindex":false,"robots_noodp":false,"robots_notranslate":false,"robots_max_snippet":"-1","robots_max_videopreview":"-1","robots_max_imagepreview":"large","priority":null,"frequency":"default","location":null,"local_seo":null,"seo_analyzer_scan_date":"2025-10-16 19:31:39","breadcrumb_settings":null,"limit_modified_date":false,"reviewed_by":null,"open_ai":null,"ai":{"faqs":[],"keyPoints":[],"titles":[],"descriptions":[],"socialPosts":{"email":[],"linkedin":[],"twitter":[],"facebook":[],"instagram":[]}},"created":"2025-10-16 19:17:32","updated":"2025-10-16 19:39:34"},"aioseo_breadcrumb":"<div class=\"aioseo-breadcrumbs\"><span class=\"aioseo-breadcrumb\">\n\t<a href=\"https:\/\/candas365.es\/noticias\" title=\"Home\">Home<\/a>\n<\/span><span class=\"aioseo-breadcrumb-separator\">&ndash;<\/span><span class=\"aioseo-breadcrumb\">\n\t<a href=\"https:\/\/candas365.es\/noticias\/category\/canal-empresas\/\" title=\"Canal Empresas\">Canal Empresas<\/a>\n<\/span><span class=\"aioseo-breadcrumb-separator\">&ndash;<\/span><span class=\"aioseo-breadcrumb\">\n\tFavores en casa, inversiones fuera: Pymes y aut\u00f3nomos\n<\/span><\/div>","aioseo_breadcrumb_json":[{"label":"Home","link":"https:\/\/candas365.es\/noticias"},{"label":"Canal Empresas","link":"https:\/\/candas365.es\/noticias\/category\/canal-empresas\/"},{"label":"Favores en casa, inversiones fuera: Pymes y aut\u00f3nomos","link":"https:\/\/candas365.es\/noticias\/favores-en-casa-inversiones-fuera-pymes-y-autonomos\/"}],"_links":{"self":[{"href":"https:\/\/candas365.es\/noticias\/wp-json\/wp\/v2\/posts\/189147","targetHints":{"allow":["GET"]}}],"collection":[{"href":"https:\/\/candas365.es\/noticias\/wp-json\/wp\/v2\/posts"}],"about":[{"href":"https:\/\/candas365.es\/noticias\/wp-json\/wp\/v2\/types\/post"}],"author":[{"embeddable":true,"href":"https:\/\/candas365.es\/noticias\/wp-json\/wp\/v2\/users\/1"}],"replies":[{"embeddable":true,"href":"https:\/\/candas365.es\/noticias\/wp-json\/wp\/v2\/comments?post=189147"}],"version-history":[{"count":0,"href":"https:\/\/candas365.es\/noticias\/wp-json\/wp\/v2\/posts\/189147\/revisions"}],"wp:featuredmedia":[{"embeddable":true,"href":"https:\/\/candas365.es\/noticias\/wp-json\/wp\/v2\/media\/189148"}],"wp:attachment":[{"href":"https:\/\/candas365.es\/noticias\/wp-json\/wp\/v2\/media?parent=189147"}],"wp:term":[{"taxonomy":"category","embeddable":true,"href":"https:\/\/candas365.es\/noticias\/wp-json\/wp\/v2\/categories?post=189147"},{"taxonomy":"post_tag","embeddable":true,"href":"https:\/\/candas365.es\/noticias\/wp-json\/wp\/v2\/tags?post=189147"}],"curies":[{"name":"wp","href":"https:\/\/api.w.org\/{rel}","templated":true}]}}