{"id":189123,"date":"2025-10-15T23:54:00","date_gmt":"2025-10-15T21:54:00","guid":{"rendered":"https:\/\/candas365.es\/noticias\/?p=189123"},"modified":"2025-10-15T23:54:00","modified_gmt":"2025-10-15T21:54:00","slug":"navidad-2025-corvera-duplica-su-inversion-en-alumbrado","status":"publish","type":"post","link":"https:\/\/candas365.es\/noticias\/navidad-2025-corvera-duplica-su-inversion-en-alumbrado\/","title":{"rendered":"Navidad 2025: Corvera duplica su inversi\u00f3n en alumbrado"},"content":{"rendered":"<p data-start=\"245\" data-end=\"423\">Corvera destina 103.000 euros a su alumbrado navide\u00f1o en 2025, el doble que el a\u00f1o anterior, para impulsar el comercio y la vida local.<\/p>\n<figure id=\"attachment_189124\" aria-describedby=\"caption-attachment-189124\" style=\"width: 650px\" class=\"wp-caption aligncenter\"><img fetchpriority=\"high\" decoding=\"async\" class=\"size-large wp-image-189124\" src=\"https:\/\/candas365.es\/noticias\/wp-content\/uploads\/2025\/10\/Corvera-duplica-su-inversion-en-alumbrado-Navidad-650x461.jpg\" alt=\"Corvera duplica su inversi\u00f3n en alumbrado Navidad\" width=\"650\" height=\"461\" srcset=\"https:\/\/candas365.es\/noticias\/wp-content\/uploads\/2025\/10\/Corvera-duplica-su-inversion-en-alumbrado-Navidad-650x461.jpg 650w, https:\/\/candas365.es\/noticias\/wp-content\/uploads\/2025\/10\/Corvera-duplica-su-inversion-en-alumbrado-Navidad-360x255.jpg 360w, https:\/\/candas365.es\/noticias\/wp-content\/uploads\/2025\/10\/Corvera-duplica-su-inversion-en-alumbrado-Navidad-768x545.jpg 768w, https:\/\/candas365.es\/noticias\/wp-content\/uploads\/2025\/10\/Corvera-duplica-su-inversion-en-alumbrado-Navidad-150x106.jpg 150w, https:\/\/candas365.es\/noticias\/wp-content\/uploads\/2025\/10\/Corvera-duplica-su-inversion-en-alumbrado-Navidad-450x319.jpg 450w, https:\/\/candas365.es\/noticias\/wp-content\/uploads\/2025\/10\/Corvera-duplica-su-inversion-en-alumbrado-Navidad.jpg 918w\" sizes=\"(max-width: 650px) 100vw, 650px\" \/><figcaption id=\"caption-attachment-189124\" class=\"wp-caption-text\">Foto: Prensa Ayuntamiento de Corvera<\/figcaption><\/figure>\n<p data-start=\"430\" data-end=\"767\">El <strong>Ayuntamiento de Corvera<\/strong> prepara una <strong data-start=\"469\" data-end=\"509\">Navidad m\u00e1s luminosa y participativa<\/strong>. El alcalde, <strong data-start=\"525\" data-end=\"543\">Iv\u00e1n Fern\u00e1ndez<\/strong>, ha presentado a la asociaci\u00f3n <strong data-start=\"575\" data-end=\"585\">APYMEC<\/strong>, que agrupa a la peque\u00f1a y mediana empresa del concejo, el <strong data-start=\"645\" data-end=\"685\">nuevo proyecto de alumbrado navide\u00f1o<\/strong>, dotado con una inversi\u00f3n municipal de <strong data-start=\"725\" data-end=\"742\">103.000 euros<\/strong>, el doble que en 2024.<\/p>\n<p data-start=\"769\" data-end=\"1156\">El alcalde explic\u00f3 que la iluminaci\u00f3n se concibe como una <strong data-start=\"827\" data-end=\"886\">herramienta de dinamizaci\u00f3n econ\u00f3mica y cohesi\u00f3n social<\/strong>, destinada a fortalecer el comercio local y el esp\u00edritu vecinal durante las fiestas.<\/p>\n<blockquote>\n<p data-start=\"769\" data-end=\"1156\">\u201cEl alumbrado navide\u00f1o no solo tiene un valor est\u00e9tico y simb\u00f3lico, tambi\u00e9n contribuye a reforzar la identidad comunitaria y apoyar a la hosteler\u00eda y al comercio\u201d, destac\u00f3 Fern\u00e1ndez.<\/p>\n<\/blockquote>\n<h3 data-start=\"1163\" data-end=\"1198\"><strong data-start=\"1167\" data-end=\"1198\">M\u00e1s luces y mayor cobertura<\/strong><\/h3>\n<p data-start=\"1200\" data-end=\"1429\">El proyecto de este a\u00f1o duplica el alcance de la campa\u00f1a anterior. Corvera pasar\u00e1 de <strong data-start=\"1287\" data-end=\"1322\">174 a 293 elementos decorativos<\/strong>, un aumento del <strong data-start=\"1339\" data-end=\"1346\">69%<\/strong>, y ampliar\u00e1 la iluminaci\u00f3n a <strong data-start=\"1376\" data-end=\"1398\">102 localizaciones<\/strong>, un <strong data-start=\"1403\" data-end=\"1414\">38% m\u00e1s<\/strong> que en 2024.<\/p>\n<p data-start=\"1431\" data-end=\"1858\">Entre las novedades, se instalar\u00e1n <strong data-start=\"1466\" data-end=\"1493\">33 \u00e1rboles ornamentales<\/strong> y <strong data-start=\"1496\" data-end=\"1538\">seis figuras tridimensionales de suelo<\/strong>, junto a <strong data-start=\"1548\" data-end=\"1571\">105 arcos lum\u00ednicos<\/strong> y <strong data-start=\"1574\" data-end=\"1601\">144 motivos decorativos<\/strong>. El <strong data-start=\"1608\" data-end=\"1628\">Parque de Europa<\/strong> y el <strong data-start=\"1634\" data-end=\"1676\">edificio Tom\u00e1s y Valiente de Las Vegas<\/strong> contar\u00e1n con montajes singulares, mientras que las <strong data-start=\"1728\" data-end=\"1776\">fachadas del Centro Social \u201cChas\u201d de Trasona<\/strong> y la <strong data-start=\"1782\" data-end=\"1808\">chimenea de La Lechera<\/strong> se iluminar\u00e1n con motivos especiales de hilo led.<\/p>\n<h3 data-start=\"1865\" data-end=\"1915\"><strong data-start=\"1869\" data-end=\"1915\">Un alumbrado repartido por todo el concejo<\/strong><\/h3>\n<p data-start=\"1917\" data-end=\"2143\">El Ayuntamiento apuesta por una <strong data-start=\"1949\" data-end=\"1980\">iluminaci\u00f3n descentralizada<\/strong>, presente en todas las parroquias.<\/p>\n<blockquote>\n<p data-start=\"1917\" data-end=\"2143\">\u201cQueremos que la Navidad llegue a cada barrio y cada pueblo. Es una celebraci\u00f3n de todos y para todos\u201d, subray\u00f3 el alcalde.<\/p>\n<\/blockquote>\n<p data-start=\"2145\" data-end=\"2468\">Cada una de las <strong data-start=\"2161\" data-end=\"2181\">siete parroquias<\/strong> del concejo contar\u00e1 con un cartel de bienvenida navide\u00f1a, reforzando la idea de una <strong data-start=\"2266\" data-end=\"2288\"><a href=\"https:\/\/candas365.es\/noticias\/category\/revista\/\"><span style=\"color: #ff6600;\">Navidad<\/span><\/a> compartida<\/strong>. El proyecto mantiene el compromiso municipal con la <strong data-start=\"2344\" data-end=\"2384\">eficiencia energ\u00e9tica y la seguridad<\/strong>, renovando anualmente parte del material para mejorar rendimiento y sostenibilidad.<\/p>\n<h3 data-start=\"2475\" data-end=\"2511\"><strong data-start=\"2479\" data-end=\"2511\">Adjudicaci\u00f3n y mantenimiento<\/strong><\/h3>\n<p data-start=\"2513\" data-end=\"2963\">El proceso de adjudicaci\u00f3n del contrato de instalaci\u00f3n, mantenimiento y desmontaje sigue abierto hasta el <strong data-start=\"2619\" data-end=\"2636\">23 de octubre<\/strong>. El pliego valora especialmente la <strong data-start=\"2674\" data-end=\"2699\">eficiencia energ\u00e9tica<\/strong>, la <strong data-start=\"2704\" data-end=\"2717\">seguridad<\/strong> y la <strong data-start=\"2723\" data-end=\"2746\">renovaci\u00f3n est\u00e9tica<\/strong> de las propuestas. El contrato incluye un <strong data-start=\"2791\" data-end=\"2831\">servicio de mantenimiento permanente<\/strong> con respuesta a incidencias urgentes en menos de 24 horas y establece que el desmontaje deber\u00e1 finalizar antes del <strong data-start=\"2947\" data-end=\"2962\">31 de enero<\/strong>.<\/p>\n<p data-start=\"2970\" data-end=\"3194\">Con esta iniciativa, Corvera refuerza su compromiso con el <strong data-start=\"3029\" data-end=\"3055\">comercio de proximidad<\/strong>, la <strong data-start=\"3060\" data-end=\"3076\">vida vecinal<\/strong> y la <strong data-start=\"3082\" data-end=\"3113\">imagen navide\u00f1a del concejo<\/strong>, duplicando recursos y ampliando la experiencia festiva para toda la ciudadan\u00eda.<\/p>\n<p data-start=\"3201\" data-end=\"3237\"><strong data-start=\"3201\" data-end=\"3237\">Redacci\u00f3n <a href=\"https:\/\/x.com\/Candas365\" target=\"_blank\" rel=\"noopener\"><span style=\"color: #ff6600;\">Cand\u00e1s 365<\/span><\/a><\/strong><\/p>\n","protected":false},"excerpt":{"rendered":"<p>Corvera destina 103.000 euros a su alumbrado navide\u00f1o en 2025, el doble que el a\u00f1o anterior, para impulsar el comercio y la vida local. El Ayuntamiento de Corvera prepara una Navidad m\u00e1s luminosa y participativa. El alcalde, Iv\u00e1n Fern\u00e1ndez, ha presentado a la asociaci\u00f3n APYMEC, que agrupa a la peque\u00f1a y mediana empresa del concejo,<\/p>\n","protected":false},"author":1,"featured_media":189124,"comment_status":"closed","ping_status":"closed","sticky":false,"template":"","format":"standard","meta":{"footnotes":""},"categories":[7],"tags":[380,540],"class_list":{"0":"post-189123","1":"post","2":"type-post","3":"status-publish","4":"format-standard","5":"has-post-thumbnail","7":"category-asturias","8":"tag-asturias","9":"tag-corvera"},"aioseo_notices":[],"aioseo_head":"\n\t\t<!-- All in One SEO Pro 4.9.6.2 - aioseo.com -->\n\t<meta name=\"description\" content=\"Corvera destina 103.000 euros a su alumbrado navide\u00f1o en 2025, el doble que el a\u00f1o anterior, para impulsar el comercio y la vida local.\" \/>\n\t<meta name=\"robots\" content=\"max-image-preview:large\" \/>\n\t<meta name=\"author\" content=\"Cand\u00e1s 365\"\/>\n\t<meta name=\"google-site-verification\" content=\"UA-32230408-1\" \/>\n\t<meta name=\"msvalidate.01\" content=\"354F3CDFB2DA171B47FBE9ABF1F88D5\" \/>\n\t<meta name=\"keywords\" content=\"asturias\" \/>\n\t<link rel=\"canonical\" href=\"https:\/\/candas365.es\/noticias\/navidad-2025-corvera-duplica-su-inversion-en-alumbrado\/\" \/>\n\t<meta name=\"generator\" content=\"All in One SEO Pro (AIOSEO) 4.9.6.2\" \/>\n\t\t<meta property=\"og:locale\" content=\"es_ES\" \/>\n\t\t<meta property=\"og:site_name\" content=\"Cand\u00e1s 365\" \/>\n\t\t<meta property=\"og:type\" content=\"article\" \/>\n\t\t<meta property=\"og:title\" content=\"Navidad 2025: Corvera duplica su inversi\u00f3n en alumbrado | Cand\u00e1s 365\" \/>\n\t\t<meta property=\"og:description\" content=\"Corvera destina 103.000 euros a su alumbrado navide\u00f1o en 2025, el doble que el a\u00f1o anterior, para impulsar el comercio y la vida local.\" \/>\n\t\t<meta property=\"og:url\" content=\"https:\/\/candas365.es\/noticias\/navidad-2025-corvera-duplica-su-inversion-en-alumbrado\/\" \/>\n\t\t<meta property=\"og:image\" content=\"https:\/\/candas365.es\/noticias\/wp-content\/uploads\/2025\/10\/Corvera-duplica-su-inversion-en-alumbrado-Navidad.jpg\" \/>\n\t\t<meta property=\"og:image:secure_url\" content=\"https:\/\/candas365.es\/noticias\/wp-content\/uploads\/2025\/10\/Corvera-duplica-su-inversion-en-alumbrado-Navidad.jpg\" \/>\n\t\t<meta property=\"og:image:width\" content=\"918\" \/>\n\t\t<meta property=\"og:image:height\" content=\"651\" \/>\n\t\t<meta property=\"article:published_time\" content=\"2025-10-15T21:54:00+00:00\" \/>\n\t\t<meta property=\"article:modified_time\" content=\"2025-10-15T21:54:00+00:00\" \/>\n\t\t<meta property=\"article:publisher\" content=\"https:\/\/www.facebook.com\/Nachofdezber\" \/>\n\t\t<meta property=\"article:author\" content=\"https:\/\/www.facebook.com\/carrenoactualidad\" \/>\n\t\t<meta name=\"twitter:card\" content=\"summary_large_image\" \/>\n\t\t<meta name=\"twitter:site\" content=\"@NabercoDigital\" \/>\n\t\t<meta name=\"twitter:title\" content=\"Navidad 2025: Corvera duplica su inversi\u00f3n en alumbrado | Cand\u00e1s 365\" \/>\n\t\t<meta name=\"twitter:description\" content=\"Corvera destina 103.000 euros a su alumbrado navide\u00f1o en 2025, el doble que el a\u00f1o anterior, para impulsar el comercio y la vida local.\" \/>\n\t\t<meta name=\"twitter:creator\" content=\"@nbasturias\" \/>\n\t\t<meta name=\"twitter:image\" content=\"https:\/\/candas365.es\/noticias\/wp-content\/uploads\/2025\/10\/Corvera-duplica-su-inversion-en-alumbrado-Navidad.jpg\" \/>\n\t\t<meta name=\"twitter:label1\" content=\"Escrito por\" \/>\n\t\t<meta name=\"twitter:data1\" content=\"Cand\u00e1s 365\" \/>\n\t\t<meta name=\"twitter:label2\" content=\"Tiempo de lectura estimado\" \/>\n\t\t<meta name=\"twitter:data2\" content=\"2 minutos\" \/>\n\t\t<script type=\"application\/ld+json\" class=\"aioseo-schema\">\n\t\t\t{\"@context\":\"https:\\\/\\\/schema.org\",\"@graph\":[{\"@type\":\"BreadcrumbList\",\"@id\":\"https:\\\/\\\/candas365.es\\\/noticias\\\/navidad-2025-corvera-duplica-su-inversion-en-alumbrado\\\/#breadcrumblist\",\"itemListElement\":[{\"@type\":\"ListItem\",\"@id\":\"https:\\\/\\\/candas365.es\\\/noticias#listItem\",\"position\":1,\"name\":\"Home\",\"item\":\"https:\\\/\\\/candas365.es\\\/noticias\",\"nextItem\":{\"@type\":\"ListItem\",\"@id\":\"https:\\\/\\\/candas365.es\\\/noticias\\\/category\\\/asturias\\\/#listItem\",\"name\":\"Asturias\"}},{\"@type\":\"ListItem\",\"@id\":\"https:\\\/\\\/candas365.es\\\/noticias\\\/category\\\/asturias\\\/#listItem\",\"position\":2,\"name\":\"Asturias\",\"item\":\"https:\\\/\\\/candas365.es\\\/noticias\\\/category\\\/asturias\\\/\",\"nextItem\":{\"@type\":\"ListItem\",\"@id\":\"https:\\\/\\\/candas365.es\\\/noticias\\\/navidad-2025-corvera-duplica-su-inversion-en-alumbrado\\\/#listItem\",\"name\":\"Navidad 2025: Corvera duplica su inversi\\u00f3n en alumbrado\"},\"previousItem\":{\"@type\":\"ListItem\",\"@id\":\"https:\\\/\\\/candas365.es\\\/noticias#listItem\",\"name\":\"Home\"}},{\"@type\":\"ListItem\",\"@id\":\"https:\\\/\\\/candas365.es\\\/noticias\\\/navidad-2025-corvera-duplica-su-inversion-en-alumbrado\\\/#listItem\",\"position\":3,\"name\":\"Navidad 2025: Corvera duplica su inversi\\u00f3n en alumbrado\",\"previousItem\":{\"@type\":\"ListItem\",\"@id\":\"https:\\\/\\\/candas365.es\\\/noticias\\\/category\\\/asturias\\\/#listItem\",\"name\":\"Asturias\"}}]},{\"@type\":\"NewsArticle\",\"@id\":\"https:\\\/\\\/candas365.es\\\/noticias\\\/navidad-2025-corvera-duplica-su-inversion-en-alumbrado\\\/#newsarticle\",\"name\":\"Navidad 2025: Corvera duplica su inversi\\u00f3n en alumbrado | Cand\\u00e1s 365\",\"headline\":\"Navidad 2025: Corvera duplica su inversi\\u00f3n en alumbrado\",\"author\":{\"@id\":\"https:\\\/\\\/candas365.es\\\/noticias\\\/author\\\/admin\\\/#author\"},\"publisher\":{\"@id\":\"https:\\\/\\\/candas365.es\\\/noticias\\\/#organization\"},\"image\":{\"@type\":\"ImageObject\",\"url\":\"https:\\\/\\\/candas365.es\\\/noticias\\\/wp-content\\\/uploads\\\/2025\\\/10\\\/Corvera-duplica-su-inversion-en-alumbrado-Navidad.jpg\",\"width\":918,\"height\":651,\"caption\":\"Foto: Prensa Ayuntamiento de Corvera\"},\"datePublished\":\"2025-10-15T23:54:00+02:00\",\"dateModified\":\"2025-10-15T23:54:00+02:00\",\"inLanguage\":\"es-ES\",\"mainEntityOfPage\":{\"@id\":\"https:\\\/\\\/candas365.es\\\/noticias\\\/navidad-2025-corvera-duplica-su-inversion-en-alumbrado\\\/#webpage\"},\"isPartOf\":{\"@id\":\"https:\\\/\\\/candas365.es\\\/noticias\\\/navidad-2025-corvera-duplica-su-inversion-en-alumbrado\\\/#webpage\"},\"articleSection\":\"Asturias, Asturias, Corvera\",\"dateline\":\"Publicado el octubre 15, 2025.\"},{\"@type\":\"Organization\",\"@id\":\"https:\\\/\\\/candas365.es\\\/noticias\\\/#organization\",\"name\":\"Cand\\u00e1s 365\",\"description\":\"Cand\\u00e1s 365 es un diario digital independiente, fundado en 2012, con base en Asturias. Informamos con rigor sobre actualidad, sociedad, cultura y ocio, con una mirada local y global.\",\"url\":\"https:\\\/\\\/candas365.es\\\/noticias\\\/\",\"email\":\"info@candas365.es\",\"telephone\":\"+34652131393\",\"foundingDate\":\"2012-06-10\",\"logo\":{\"@type\":\"ImageObject\",\"url\":\"https:\\\/\\\/candas365.es\\\/noticias\\\/wp-content\\\/uploads\\\/2024\\\/09\\\/Candas-365-Redes.jpg\",\"@id\":\"https:\\\/\\\/candas365.es\\\/noticias\\\/navidad-2025-corvera-duplica-su-inversion-en-alumbrado\\\/#organizationLogo\",\"width\":1152,\"height\":864,\"caption\":\"Cand\\u00e1s 365 Redes\"},\"image\":{\"@id\":\"https:\\\/\\\/candas365.es\\\/noticias\\\/navidad-2025-corvera-duplica-su-inversion-en-alumbrado\\\/#organizationLogo\"},\"sameAs\":[\"https:\\\/\\\/www.facebook.com\\\/Nachofdezber\",\"https:\\\/\\\/x.com\\\/NabercoDigital\",\"https:\\\/\\\/www.instagram.com\\\/nachofdezber\\\/\",\"https:\\\/\\\/www.youtube.com\\\/channel\\\/UCZP-2wLEB9Rv6erhFmqVnvg\"],\"address\":{\"@id\":\"https:\\\/\\\/candas365.es\\\/noticias\\\/#postaladdress\",\"@type\":\"PostalAddress\",\"streetAddress\":\"san antonio 4, san antonio 4\",\"postalCode\":\"33430\",\"addressLocality\":\"Cand\\u00e1s\",\"addressRegion\":\"Asturias\",\"addressCountry\":\"ES\"}},{\"@type\":\"Person\",\"@id\":\"https:\\\/\\\/candas365.es\\\/noticias\\\/author\\\/admin\\\/#author\",\"url\":\"https:\\\/\\\/candas365.es\\\/noticias\\\/author\\\/admin\\\/\",\"name\":\"Cand\\u00e1s 365\",\"image\":{\"@type\":\"ImageObject\",\"@id\":\"https:\\\/\\\/candas365.es\\\/noticias\\\/navidad-2025-corvera-duplica-su-inversion-en-alumbrado\\\/#authorImage\",\"url\":\"https:\\\/\\\/secure.gravatar.com\\\/avatar\\\/496a8e03d0c493ede1718b7934145dbdf8d89be1036b0eec9544e1094c9de390?s=96&d=mm&r=g\",\"width\":96,\"height\":96,\"caption\":\"Cand\\u00e1s 365\"},\"sameAs\":[\"https:\\\/\\\/www.facebook.com\\\/carrenoactualidad\",\"https:\\\/\\\/twitter.com\\\/nbasturias\",\"https:\\\/\\\/www.instagram.com\\\/nachofdezber\\\/\",\"https:\\\/\\\/www.youtube.com\\\/channel\\\/UCZP-2wLEB9Rv6erhFmqVnvg\"]},{\"@type\":\"WebPage\",\"@id\":\"https:\\\/\\\/candas365.es\\\/noticias\\\/navidad-2025-corvera-duplica-su-inversion-en-alumbrado\\\/#webpage\",\"url\":\"https:\\\/\\\/candas365.es\\\/noticias\\\/navidad-2025-corvera-duplica-su-inversion-en-alumbrado\\\/\",\"name\":\"Navidad 2025: Corvera duplica su inversi\\u00f3n en alumbrado | Cand\\u00e1s 365\",\"description\":\"Corvera destina 103.000 euros a su alumbrado navide\\u00f1o en 2025, el doble que el a\\u00f1o anterior, para impulsar el comercio y la vida local.\",\"inLanguage\":\"es-ES\",\"isPartOf\":{\"@id\":\"https:\\\/\\\/candas365.es\\\/noticias\\\/#website\"},\"breadcrumb\":{\"@id\":\"https:\\\/\\\/candas365.es\\\/noticias\\\/navidad-2025-corvera-duplica-su-inversion-en-alumbrado\\\/#breadcrumblist\"},\"author\":{\"@id\":\"https:\\\/\\\/candas365.es\\\/noticias\\\/author\\\/admin\\\/#author\"},\"creator\":{\"@id\":\"https:\\\/\\\/candas365.es\\\/noticias\\\/author\\\/admin\\\/#author\"},\"image\":{\"@type\":\"ImageObject\",\"url\":\"https:\\\/\\\/candas365.es\\\/noticias\\\/wp-content\\\/uploads\\\/2025\\\/10\\\/Corvera-duplica-su-inversion-en-alumbrado-Navidad.jpg\",\"@id\":\"https:\\\/\\\/candas365.es\\\/noticias\\\/navidad-2025-corvera-duplica-su-inversion-en-alumbrado\\\/#mainImage\",\"width\":918,\"height\":651,\"caption\":\"Foto: Prensa Ayuntamiento de Corvera\"},\"primaryImageOfPage\":{\"@id\":\"https:\\\/\\\/candas365.es\\\/noticias\\\/navidad-2025-corvera-duplica-su-inversion-en-alumbrado\\\/#mainImage\"},\"datePublished\":\"2025-10-15T23:54:00+02:00\",\"dateModified\":\"2025-10-15T23:54:00+02:00\"},{\"@type\":\"WebSite\",\"@id\":\"https:\\\/\\\/candas365.es\\\/noticias\\\/#website\",\"url\":\"https:\\\/\\\/candas365.es\\\/noticias\\\/\",\"name\":\"Cand\\u00e1s 365\",\"alternateName\":\"Cand\\u00e1s 365 Noticias\",\"description\":\"Actualidad desde Carre\\u00f1o para el mundo\",\"inLanguage\":\"es-ES\",\"publisher\":{\"@id\":\"https:\\\/\\\/candas365.es\\\/noticias\\\/#organization\"}}]}\n\t\t<\/script>\n\t\t<!-- All in One SEO Pro -->\r\n\t\t<title>Navidad 2025: Corvera duplica su inversi\u00f3n en alumbrado | Cand\u00e1s 365<\/title>\n\n","aioseo_head_json":{"title":"Navidad 2025: Corvera duplica su inversi\u00f3n en alumbrado | Cand\u00e1s 365","description":"Corvera destina 103.000 euros a su alumbrado navide\u00f1o en 2025, el doble que el a\u00f1o anterior, para impulsar el comercio y la vida local.","canonical_url":"https:\/\/candas365.es\/noticias\/navidad-2025-corvera-duplica-su-inversion-en-alumbrado\/","robots":"max-image-preview:large","keywords":"asturias","webmasterTools":{"google-site-verification":"UA-32230408-1","msvalidate.01":"354F3CDFB2DA171B47FBE9ABF1F88D5","miscellaneous":""},"schema":{"@context":"https:\/\/schema.org","@graph":[{"@type":"BreadcrumbList","@id":"https:\/\/candas365.es\/noticias\/navidad-2025-corvera-duplica-su-inversion-en-alumbrado\/#breadcrumblist","itemListElement":[{"@type":"ListItem","@id":"https:\/\/candas365.es\/noticias#listItem","position":1,"name":"Home","item":"https:\/\/candas365.es\/noticias","nextItem":{"@type":"ListItem","@id":"https:\/\/candas365.es\/noticias\/category\/asturias\/#listItem","name":"Asturias"}},{"@type":"ListItem","@id":"https:\/\/candas365.es\/noticias\/category\/asturias\/#listItem","position":2,"name":"Asturias","item":"https:\/\/candas365.es\/noticias\/category\/asturias\/","nextItem":{"@type":"ListItem","@id":"https:\/\/candas365.es\/noticias\/navidad-2025-corvera-duplica-su-inversion-en-alumbrado\/#listItem","name":"Navidad 2025: Corvera duplica su inversi\u00f3n en alumbrado"},"previousItem":{"@type":"ListItem","@id":"https:\/\/candas365.es\/noticias#listItem","name":"Home"}},{"@type":"ListItem","@id":"https:\/\/candas365.es\/noticias\/navidad-2025-corvera-duplica-su-inversion-en-alumbrado\/#listItem","position":3,"name":"Navidad 2025: Corvera duplica su inversi\u00f3n en alumbrado","previousItem":{"@type":"ListItem","@id":"https:\/\/candas365.es\/noticias\/category\/asturias\/#listItem","name":"Asturias"}}]},{"@type":"NewsArticle","@id":"https:\/\/candas365.es\/noticias\/navidad-2025-corvera-duplica-su-inversion-en-alumbrado\/#newsarticle","name":"Navidad 2025: Corvera duplica su inversi\u00f3n en alumbrado | Cand\u00e1s 365","headline":"Navidad 2025: Corvera duplica su inversi\u00f3n en alumbrado","author":{"@id":"https:\/\/candas365.es\/noticias\/author\/admin\/#author"},"publisher":{"@id":"https:\/\/candas365.es\/noticias\/#organization"},"image":{"@type":"ImageObject","url":"https:\/\/candas365.es\/noticias\/wp-content\/uploads\/2025\/10\/Corvera-duplica-su-inversion-en-alumbrado-Navidad.jpg","width":918,"height":651,"caption":"Foto: Prensa Ayuntamiento de Corvera"},"datePublished":"2025-10-15T23:54:00+02:00","dateModified":"2025-10-15T23:54:00+02:00","inLanguage":"es-ES","mainEntityOfPage":{"@id":"https:\/\/candas365.es\/noticias\/navidad-2025-corvera-duplica-su-inversion-en-alumbrado\/#webpage"},"isPartOf":{"@id":"https:\/\/candas365.es\/noticias\/navidad-2025-corvera-duplica-su-inversion-en-alumbrado\/#webpage"},"articleSection":"Asturias, Asturias, Corvera","dateline":"Publicado el octubre 15, 2025."},{"@type":"Organization","@id":"https:\/\/candas365.es\/noticias\/#organization","name":"Cand\u00e1s 365","description":"Cand\u00e1s 365 es un diario digital independiente, fundado en 2012, con base en Asturias. Informamos con rigor sobre actualidad, sociedad, cultura y ocio, con una mirada local y global.","url":"https:\/\/candas365.es\/noticias\/","email":"info@candas365.es","telephone":"+34652131393","foundingDate":"2012-06-10","logo":{"@type":"ImageObject","url":"https:\/\/candas365.es\/noticias\/wp-content\/uploads\/2024\/09\/Candas-365-Redes.jpg","@id":"https:\/\/candas365.es\/noticias\/navidad-2025-corvera-duplica-su-inversion-en-alumbrado\/#organizationLogo","width":1152,"height":864,"caption":"Cand\u00e1s 365 Redes"},"image":{"@id":"https:\/\/candas365.es\/noticias\/navidad-2025-corvera-duplica-su-inversion-en-alumbrado\/#organizationLogo"},"sameAs":["https:\/\/www.facebook.com\/Nachofdezber","https:\/\/x.com\/NabercoDigital","https:\/\/www.instagram.com\/nachofdezber\/","https:\/\/www.youtube.com\/channel\/UCZP-2wLEB9Rv6erhFmqVnvg"],"address":{"@id":"https:\/\/candas365.es\/noticias\/#postaladdress","@type":"PostalAddress","streetAddress":"san antonio 4, san antonio 4","postalCode":"33430","addressLocality":"Cand\u00e1s","addressRegion":"Asturias","addressCountry":"ES"}},{"@type":"Person","@id":"https:\/\/candas365.es\/noticias\/author\/admin\/#author","url":"https:\/\/candas365.es\/noticias\/author\/admin\/","name":"Cand\u00e1s 365","image":{"@type":"ImageObject","@id":"https:\/\/candas365.es\/noticias\/navidad-2025-corvera-duplica-su-inversion-en-alumbrado\/#authorImage","url":"https:\/\/secure.gravatar.com\/avatar\/496a8e03d0c493ede1718b7934145dbdf8d89be1036b0eec9544e1094c9de390?s=96&d=mm&r=g","width":96,"height":96,"caption":"Cand\u00e1s 365"},"sameAs":["https:\/\/www.facebook.com\/carrenoactualidad","https:\/\/twitter.com\/nbasturias","https:\/\/www.instagram.com\/nachofdezber\/","https:\/\/www.youtube.com\/channel\/UCZP-2wLEB9Rv6erhFmqVnvg"]},{"@type":"WebPage","@id":"https:\/\/candas365.es\/noticias\/navidad-2025-corvera-duplica-su-inversion-en-alumbrado\/#webpage","url":"https:\/\/candas365.es\/noticias\/navidad-2025-corvera-duplica-su-inversion-en-alumbrado\/","name":"Navidad 2025: Corvera duplica su inversi\u00f3n en alumbrado | Cand\u00e1s 365","description":"Corvera destina 103.000 euros a su alumbrado navide\u00f1o en 2025, el doble que el a\u00f1o anterior, para impulsar el comercio y la vida local.","inLanguage":"es-ES","isPartOf":{"@id":"https:\/\/candas365.es\/noticias\/#website"},"breadcrumb":{"@id":"https:\/\/candas365.es\/noticias\/navidad-2025-corvera-duplica-su-inversion-en-alumbrado\/#breadcrumblist"},"author":{"@id":"https:\/\/candas365.es\/noticias\/author\/admin\/#author"},"creator":{"@id":"https:\/\/candas365.es\/noticias\/author\/admin\/#author"},"image":{"@type":"ImageObject","url":"https:\/\/candas365.es\/noticias\/wp-content\/uploads\/2025\/10\/Corvera-duplica-su-inversion-en-alumbrado-Navidad.jpg","@id":"https:\/\/candas365.es\/noticias\/navidad-2025-corvera-duplica-su-inversion-en-alumbrado\/#mainImage","width":918,"height":651,"caption":"Foto: Prensa Ayuntamiento de Corvera"},"primaryImageOfPage":{"@id":"https:\/\/candas365.es\/noticias\/navidad-2025-corvera-duplica-su-inversion-en-alumbrado\/#mainImage"},"datePublished":"2025-10-15T23:54:00+02:00","dateModified":"2025-10-15T23:54:00+02:00"},{"@type":"WebSite","@id":"https:\/\/candas365.es\/noticias\/#website","url":"https:\/\/candas365.es\/noticias\/","name":"Cand\u00e1s 365","alternateName":"Cand\u00e1s 365 Noticias","description":"Actualidad desde Carre\u00f1o para el mundo","inLanguage":"es-ES","publisher":{"@id":"https:\/\/candas365.es\/noticias\/#organization"}}]},"og:locale":"es_ES","og:site_name":"Cand\u00e1s 365","og:type":"article","og:title":"Navidad 2025: Corvera duplica su inversi\u00f3n en alumbrado | Cand\u00e1s 365","og:description":"Corvera destina 103.000 euros a su alumbrado navide\u00f1o en 2025, el doble que el a\u00f1o anterior, para impulsar el comercio y la vida local.","og:url":"https:\/\/candas365.es\/noticias\/navidad-2025-corvera-duplica-su-inversion-en-alumbrado\/","og:image":"https:\/\/candas365.es\/noticias\/wp-content\/uploads\/2025\/10\/Corvera-duplica-su-inversion-en-alumbrado-Navidad.jpg","og:image:secure_url":"https:\/\/candas365.es\/noticias\/wp-content\/uploads\/2025\/10\/Corvera-duplica-su-inversion-en-alumbrado-Navidad.jpg","og:image:width":918,"og:image:height":651,"article:published_time":"2025-10-15T21:54:00+00:00","article:modified_time":"2025-10-15T21:54:00+00:00","article:publisher":"https:\/\/www.facebook.com\/Nachofdezber","article:author":"https:\/\/www.facebook.com\/carrenoactualidad","twitter:card":"summary_large_image","twitter:site":"@NabercoDigital","twitter:title":"Navidad 2025: Corvera duplica su inversi\u00f3n en alumbrado | Cand\u00e1s 365","twitter:description":"Corvera destina 103.000 euros a su alumbrado navide\u00f1o en 2025, el doble que el a\u00f1o anterior, para impulsar el comercio y la vida local.","twitter:creator":"@nbasturias","twitter:image":"https:\/\/candas365.es\/noticias\/wp-content\/uploads\/2025\/10\/Corvera-duplica-su-inversion-en-alumbrado-Navidad.jpg","twitter:label1":"Escrito por","twitter:data1":"Cand\u00e1s 365","twitter:label2":"Tiempo de lectura estimado","twitter:data2":"2 minutos"},"aioseo_meta_data":{"post_id":"189123","title":null,"description":"Corvera destina 103.000 euros a su alumbrado navide\u00f1o en 2025, el doble que el a\u00f1o anterior, para impulsar el comercio y la vida local.","keywords":null,"keyphrases":{"focus":{"keyphrase":"Corvera","score":91,"analysis":{"keyphraseInTitle":{"score":9,"maxScore":9,"error":0},"keyphraseInDescription":{"score":9,"maxScore":9,"error":0},"keyphraseLength":{"score":9,"maxScore":9,"error":0,"length":1},"keyphraseInURL":{"score":5,"maxScore":5,"error":0},"keyphraseInIntroduction":{"score":9,"maxScore":9,"error":0},"keyphraseInSubHeadings":{"score":3,"maxScore":9,"error":1},"keyphraseInImageAlt":{"score":9,"maxScore":9,"error":0},"keywordDensity":{"type":"best","score":9,"maxScore":9,"error":0}}},"additional":[{"keyphrase":"alumbrado","score":100,"analysis":{"keyphraseInDescription":{"score":9,"maxScore":9,"error":0},"keyphraseLength":{"score":9,"maxScore":9,"error":0,"length":1},"keyphraseInIntroduction":{"score":9,"maxScore":9,"error":0},"keyphraseInImageAlt":{"score":9,"maxScore":9,"error":0},"keywordDensity":{"type":"best","score":9,"maxScore":9,"error":0}}}]},"primary_term":null,"canonical_url":null,"og_title":null,"og_description":null,"og_object_type":"default","og_image_type":"default","og_image_url":null,"og_image_width":null,"og_image_height":null,"og_image_custom_url":null,"og_image_custom_fields":null,"og_video":"","og_custom_url":null,"og_article_section":null,"og_article_tags":null,"twitter_use_og":false,"twitter_card":"default","twitter_image_type":"default","twitter_image_url":null,"twitter_image_custom_url":null,"twitter_image_custom_fields":null,"twitter_title":null,"twitter_description":null,"schema":{"blockGraphs":[],"customGraphs":[],"default":{"data":{"Article":[],"Course":[],"Dataset":[],"FAQPage":[],"Movie":[],"Person":[],"Product":[],"ProductReview":[],"Car":[],"Recipe":[],"Service":[],"SoftwareApplication":[],"WebPage":[]},"graphName":"Article","isEnabled":true},"graphs":[]},"schema_type":"default","schema_type_options":null,"pillar_content":false,"robots_default":true,"robots_noindex":false,"robots_noarchive":false,"robots_nosnippet":false,"robots_nofollow":false,"robots_noimageindex":false,"robots_noodp":false,"robots_notranslate":false,"robots_max_snippet":"-1","robots_max_videopreview":"-1","robots_max_imagepreview":"large","priority":null,"frequency":"default","location":null,"local_seo":null,"seo_analyzer_scan_date":"2025-10-15 21:58:01","breadcrumb_settings":null,"limit_modified_date":false,"reviewed_by":null,"open_ai":null,"ai":{"faqs":[],"keyPoints":[],"titles":[],"descriptions":[],"socialPosts":{"email":[],"linkedin":[],"twitter":[],"facebook":[],"instagram":[]}},"created":"2025-10-15 21:46:00","updated":"2025-10-15 22:07:58"},"aioseo_breadcrumb":"<div class=\"aioseo-breadcrumbs\"><span class=\"aioseo-breadcrumb\">\n\t<a href=\"https:\/\/candas365.es\/noticias\" title=\"Home\">Home<\/a>\n<\/span><span class=\"aioseo-breadcrumb-separator\">&ndash;<\/span><span class=\"aioseo-breadcrumb\">\n\t<a href=\"https:\/\/candas365.es\/noticias\/category\/asturias\/\" title=\"Asturias\">Asturias<\/a>\n<\/span><span class=\"aioseo-breadcrumb-separator\">&ndash;<\/span><span class=\"aioseo-breadcrumb\">\n\tNavidad 2025: Corvera duplica su inversi\u00f3n en alumbrado\n<\/span><\/div>","aioseo_breadcrumb_json":[{"label":"Home","link":"https:\/\/candas365.es\/noticias"},{"label":"Asturias","link":"https:\/\/candas365.es\/noticias\/category\/asturias\/"},{"label":"Navidad 2025: Corvera duplica su inversi\u00f3n en alumbrado","link":"https:\/\/candas365.es\/noticias\/navidad-2025-corvera-duplica-su-inversion-en-alumbrado\/"}],"_links":{"self":[{"href":"https:\/\/candas365.es\/noticias\/wp-json\/wp\/v2\/posts\/189123","targetHints":{"allow":["GET"]}}],"collection":[{"href":"https:\/\/candas365.es\/noticias\/wp-json\/wp\/v2\/posts"}],"about":[{"href":"https:\/\/candas365.es\/noticias\/wp-json\/wp\/v2\/types\/post"}],"author":[{"embeddable":true,"href":"https:\/\/candas365.es\/noticias\/wp-json\/wp\/v2\/users\/1"}],"replies":[{"embeddable":true,"href":"https:\/\/candas365.es\/noticias\/wp-json\/wp\/v2\/comments?post=189123"}],"version-history":[{"count":0,"href":"https:\/\/candas365.es\/noticias\/wp-json\/wp\/v2\/posts\/189123\/revisions"}],"wp:featuredmedia":[{"embeddable":true,"href":"https:\/\/candas365.es\/noticias\/wp-json\/wp\/v2\/media\/189124"}],"wp:attachment":[{"href":"https:\/\/candas365.es\/noticias\/wp-json\/wp\/v2\/media?parent=189123"}],"wp:term":[{"taxonomy":"category","embeddable":true,"href":"https:\/\/candas365.es\/noticias\/wp-json\/wp\/v2\/categories?post=189123"},{"taxonomy":"post_tag","embeddable":true,"href":"https:\/\/candas365.es\/noticias\/wp-json\/wp\/v2\/tags?post=189123"}],"curies":[{"name":"wp","href":"https:\/\/api.w.org\/{rel}","templated":true}]}}