{"id":189120,"date":"2025-10-15T23:32:47","date_gmt":"2025-10-15T21:32:47","guid":{"rendered":"https:\/\/candas365.es\/noticias\/?p=189120"},"modified":"2025-10-15T23:32:47","modified_gmt":"2025-10-15T21:32:47","slug":"asturias-plantea-reducir-las-capturas-de-salmon-en-2026","status":"publish","type":"post","link":"https:\/\/candas365.es\/noticias\/asturias-plantea-reducir-las-capturas-de-salmon-en-2026\/","title":{"rendered":"Asturias plantea reducir las capturas de salm\u00f3n en 2026"},"content":{"rendered":"<p data-start=\"445\" data-end=\"637\">El <a href=\"https:\/\/actualidad.asturias.es\/\" target=\"_blank\" rel=\"noopener\"><span style=\"color: #ff6600;\"><strong>Principado de Asturias<\/strong> <\/span><\/a>propone reducir un 75% las capturas de salm\u00f3n y limitar a un ejemplar por pescador para preservar las poblaciones en los r\u00edos asturianos.<\/p>\n<figure id=\"attachment_189121\" aria-describedby=\"caption-attachment-189121\" style=\"width: 650px\" class=\"wp-caption aligncenter\"><img fetchpriority=\"high\" decoding=\"async\" class=\"size-large wp-image-189121\" src=\"https:\/\/candas365.es\/noticias\/wp-content\/uploads\/2025\/10\/Asturias-plantea-reducir-las-capturas-de-salmon-en-2026-650x466.jpg\" alt=\"Asturias plantea reducir las capturas de salm\u00f3n en 2026\" width=\"650\" height=\"466\" srcset=\"https:\/\/candas365.es\/noticias\/wp-content\/uploads\/2025\/10\/Asturias-plantea-reducir-las-capturas-de-salmon-en-2026-650x466.jpg 650w, https:\/\/candas365.es\/noticias\/wp-content\/uploads\/2025\/10\/Asturias-plantea-reducir-las-capturas-de-salmon-en-2026-360x258.jpg 360w, https:\/\/candas365.es\/noticias\/wp-content\/uploads\/2025\/10\/Asturias-plantea-reducir-las-capturas-de-salmon-en-2026-768x551.jpg 768w, https:\/\/candas365.es\/noticias\/wp-content\/uploads\/2025\/10\/Asturias-plantea-reducir-las-capturas-de-salmon-en-2026-150x108.jpg 150w, https:\/\/candas365.es\/noticias\/wp-content\/uploads\/2025\/10\/Asturias-plantea-reducir-las-capturas-de-salmon-en-2026-450x323.jpg 450w, https:\/\/candas365.es\/noticias\/wp-content\/uploads\/2025\/10\/Asturias-plantea-reducir-las-capturas-de-salmon-en-2026.jpg 906w\" sizes=\"(max-width: 650px) 100vw, 650px\" \/><figcaption id=\"caption-attachment-189121\" class=\"wp-caption-text\">Foto: Prensa Gobierno de Asturias<\/figcaption><\/figure>\n<p data-start=\"644\" data-end=\"1019\">La Consejer\u00eda de Medio Rural y Pol\u00edtica Agraria ha presentado un borrador de normativa que plantea <strong data-start=\"743\" data-end=\"796\">reducir un 75% las <a href=\"https:\/\/candas365.es\/noticias\/category\/asturias\/\"><span style=\"color: #ff6600;\">capturas de salm\u00f3n en Asturias<\/span><\/a><\/strong> y <strong data-start=\"799\" data-end=\"844\">limitar a un ejemplar por pescador al a\u00f1o<\/strong>.<\/p>\n<p data-start=\"644\" data-end=\"1019\">Estas medidas forman parte de la propuesta para la nueva regulaci\u00f3n de <strong data-start=\"919\" data-end=\"944\">pesca fluvial de 2026<\/strong>, que se debatir\u00e1 en el <strong data-start=\"968\" data-end=\"1018\">Consejo de Ecosistemas Acu\u00e1ticos y de la Pesca<\/strong>.<\/p>\n<p data-start=\"1021\" data-end=\"1530\">El planteamiento del Principado busca <strong data-start=\"1059\" data-end=\"1135\">adaptar la normativa a la situaci\u00f3n actual de las poblaciones pisc\u00edcolas<\/strong> y garantizar un modelo sostenible de pesca en los r\u00edos de la comunidad.<\/p>\n<p data-start=\"1021\" data-end=\"1530\">Los informes t\u00e9cnicos elaborados por la Direcci\u00f3n General de Planificaci\u00f3n Agraria confirman una <strong data-start=\"1307\" data-end=\"1353\">reducci\u00f3n de la poblaci\u00f3n adulta de salm\u00f3n<\/strong>, acompa\u00f1ada de una leve mejora en el reclutamiento de juveniles y una ca\u00edda significativa en las capturas, que esta temporada han sido las m\u00e1s bajas de toda la serie hist\u00f3rica.<\/p>\n<h3 data-start=\"1537\" data-end=\"1587\"><strong data-start=\"1541\" data-end=\"1587\">Reducci\u00f3n de cupos individuales y globales<\/strong><\/h3>\n<p data-start=\"1589\" data-end=\"1860\">La nueva normativa propone que el <strong data-start=\"1623\" data-end=\"1648\">cupo anual individual<\/strong> sea de <strong data-start=\"1656\" data-end=\"1684\">dos salmones por persona<\/strong>, aunque solo <strong data-start=\"1698\" data-end=\"1726\">uno podr\u00e1 ser con muerte<\/strong>. Los pescadores que alcancen ese l\u00edmite solo podr\u00e1n continuar la temporada practicando <strong data-start=\"1816\" data-end=\"1836\">pesca sin muerte<\/strong> en los cotos asignados.<\/p>\n<p data-start=\"1862\" data-end=\"2048\">En el plano general, los <strong data-start=\"1887\" data-end=\"1904\">cupos por r\u00edo<\/strong> se reducen a la cuarta parte, pasando de 620 salmones en 2025 a <strong data-start=\"1969\" data-end=\"1984\">154 en 2026<\/strong>.<\/p>\n<h1 data-start=\"1862\" data-end=\"2048\">La propuesta distribuye las capturas de la siguiente manera:<\/h1>\n<ul data-start=\"2050\" data-end=\"2239\">\n<li data-start=\"2050\" data-end=\"2099\">\n<p data-start=\"2052\" data-end=\"2099\">Nal\u00f3n\u2013Narcea: 60 salmones (20 en zona libre).<\/p>\n<\/li>\n<li data-start=\"2100\" data-end=\"2149\">\n<p data-start=\"2102\" data-end=\"2149\">Sella\u2013Pilo\u00f1a: 52 salmones (17 en zona libre).<\/p>\n<\/li>\n<li data-start=\"2150\" data-end=\"2197\">\n<p data-start=\"2152\" data-end=\"2197\">Cares\u2013Deva: 30 salmones (10 en zona libre).<\/p>\n<\/li>\n<li data-start=\"2198\" data-end=\"2219\">\n<p data-start=\"2200\" data-end=\"2219\">Esva: 5 salmones.<\/p>\n<\/li>\n<li data-start=\"2220\" data-end=\"2239\">\n<p data-start=\"2222\" data-end=\"2239\">Eo: 7 salmones.<\/p>\n<\/li>\n<\/ul>\n<p data-start=\"2241\" data-end=\"2377\">Los cupos podr\u00edan incrementarse hasta un <strong data-start=\"2282\" data-end=\"2299\">30% adicional<\/strong> si se registra una buena entrada de ejemplares antes del 10 de junio de 2026.<\/p>\n<h3 data-start=\"2384\" data-end=\"2429\"><strong data-start=\"2388\" data-end=\"2429\">Nuevos horarios y calendario de pesca<\/strong><\/h3>\n<p data-start=\"2431\" data-end=\"2707\">La normativa introduce tambi\u00e9n <strong data-start=\"2462\" data-end=\"2489\">ajustes en los horarios<\/strong>, retrasando el inicio de la jornada media hora y adelantando el cierre vespertino. Esto reducir\u00e1 en una hora el tiempo diario de pesca, con el objetivo de <strong data-start=\"2647\" data-end=\"2706\">mejorar la visibilidad y reforzar la vigilancia fluvial<\/strong>.<\/p>\n<p data-start=\"2709\" data-end=\"3051\">La <strong data-start=\"2712\" data-end=\"2745\">temporada de pesca del salm\u00f3n<\/strong>, tanto con muerte como sin muerte, comenzar\u00e1 el <strong data-start=\"2794\" data-end=\"2809\">25 de abril<\/strong> y finalizar\u00e1 el <strong data-start=\"2826\" data-end=\"2841\">15 de julio<\/strong>. El retraso en la apertura se justifica por la <strong data-start=\"2891\" data-end=\"2931\">entrada m\u00e1s tard\u00eda de los ejemplares<\/strong> observada en los \u00faltimos a\u00f1os, lo que permitir\u00e1 que los primeros salmones alcancen las zonas de refugio y reproducci\u00f3n.<\/p>\n<h3 data-start=\"3058\" data-end=\"3095\"><strong data-start=\"3062\" data-end=\"3095\">Nuevas zonas de cotos y vedas<\/strong><\/h3>\n<p data-start=\"3097\" data-end=\"3476\">El proyecto ampl\u00eda las <strong data-start=\"3120\" data-end=\"3150\">zonas de protecci\u00f3n y veda<\/strong>, especialmente en los tramos altos de los r\u00edos. En el <strong data-start=\"3207\" data-end=\"3217\">Narcea<\/strong>, uno de los principales cauces salmoneros de Asturias, la pesca se limitar\u00e1 a cotos a partir del 1 de junio. Adem\u00e1s, todas las <strong data-start=\"3347\" data-end=\"3404\">zonas altas quedar\u00e1n vedadas a partir del 15 de junio<\/strong>, creando \u00e1reas naturales de refugio durante el remonte de los salmones.<\/p>\n<p data-start=\"3483\" data-end=\"3801\">La propuesta ser\u00e1 analizada en el Consejo de Ecosistemas Acu\u00e1ticos y de la Pesca antes de su aprobaci\u00f3n definitiva. El Gobierno del Principado defiende que estas medidas son necesarias para <strong data-start=\"3675\" data-end=\"3727\">garantizar la supervivencia del salm\u00f3n atl\u00e1ntico<\/strong> y preservar una tradici\u00f3n profundamente arraigada en los r\u00edos asturianos.<\/p>\n<p data-start=\"3808\" data-end=\"3844\"><strong data-start=\"3808\" data-end=\"3844\">Redacci\u00f3n <a href=\"https:\/\/x.com\/Candas365\" target=\"_blank\" rel=\"noopener\"><span style=\"color: #ff6600;\">Cand\u00e1s 365<\/span><\/a><\/strong><\/p>\n","protected":false},"excerpt":{"rendered":"<p>El Principado de Asturias propone reducir un 75% las capturas de salm\u00f3n y limitar a un ejemplar por pescador para preservar las poblaciones en los r\u00edos asturianos. La Consejer\u00eda de Medio Rural y Pol\u00edtica Agraria ha presentado un borrador de normativa que plantea reducir un 75% las capturas de salm\u00f3n en Asturias y limitar a<\/p>\n","protected":false},"author":1,"featured_media":189121,"comment_status":"closed","ping_status":"closed","sticky":false,"template":"","format":"standard","meta":{"footnotes":""},"categories":[7,316],"tags":[380],"class_list":{"0":"post-189120","1":"post","2":"type-post","3":"status-publish","4":"format-standard","5":"has-post-thumbnail","7":"category-asturias","8":"category-destacadas","9":"tag-asturias"},"aioseo_notices":[],"aioseo_head":"\n\t\t<!-- All in One SEO Pro 4.9.6.2 - aioseo.com -->\n\t<meta name=\"description\" content=\"El Principado de Asturias propone reducir un 75% las capturas de salm\u00f3n y limitar a un ejemplar por pescador para preservar las poblaciones en los r\u00edos\" \/>\n\t<meta name=\"robots\" content=\"max-image-preview:large\" \/>\n\t<meta name=\"author\" content=\"Cand\u00e1s 365\"\/>\n\t<meta name=\"google-site-verification\" content=\"UA-32230408-1\" \/>\n\t<meta name=\"msvalidate.01\" content=\"354F3CDFB2DA171B47FBE9ABF1F88D5\" \/>\n\t<meta name=\"keywords\" content=\"asturias,destacadas\" \/>\n\t<link rel=\"canonical\" href=\"https:\/\/candas365.es\/noticias\/asturias-plantea-reducir-las-capturas-de-salmon-en-2026\/\" \/>\n\t<meta name=\"generator\" content=\"All in One SEO Pro (AIOSEO) 4.9.6.2\" \/>\n\t\t<meta property=\"og:locale\" content=\"es_ES\" \/>\n\t\t<meta property=\"og:site_name\" content=\"Cand\u00e1s 365\" \/>\n\t\t<meta property=\"og:type\" content=\"article\" \/>\n\t\t<meta property=\"og:title\" content=\"Asturias plantea reducir las capturas de salm\u00f3n en 2026 | Cand\u00e1s 365\" \/>\n\t\t<meta property=\"og:description\" content=\"El Principado de Asturias propone reducir un 75% las capturas de salm\u00f3n y limitar a un ejemplar por pescador para preservar las poblaciones en los r\u00edos\" \/>\n\t\t<meta property=\"og:url\" content=\"https:\/\/candas365.es\/noticias\/asturias-plantea-reducir-las-capturas-de-salmon-en-2026\/\" \/>\n\t\t<meta property=\"og:image\" content=\"https:\/\/candas365.es\/noticias\/wp-content\/uploads\/2025\/10\/Asturias-plantea-reducir-las-capturas-de-salmon-en-2026.jpg\" \/>\n\t\t<meta property=\"og:image:secure_url\" content=\"https:\/\/candas365.es\/noticias\/wp-content\/uploads\/2025\/10\/Asturias-plantea-reducir-las-capturas-de-salmon-en-2026.jpg\" \/>\n\t\t<meta property=\"og:image:width\" content=\"906\" \/>\n\t\t<meta property=\"og:image:height\" content=\"650\" \/>\n\t\t<meta property=\"article:published_time\" content=\"2025-10-15T21:32:47+00:00\" \/>\n\t\t<meta property=\"article:modified_time\" content=\"2025-10-15T21:32:47+00:00\" \/>\n\t\t<meta property=\"article:publisher\" content=\"https:\/\/www.facebook.com\/Nachofdezber\" \/>\n\t\t<meta property=\"article:author\" content=\"https:\/\/www.facebook.com\/carrenoactualidad\" \/>\n\t\t<meta name=\"twitter:card\" content=\"summary_large_image\" \/>\n\t\t<meta name=\"twitter:site\" content=\"@NabercoDigital\" \/>\n\t\t<meta name=\"twitter:title\" content=\"Asturias plantea reducir las capturas de salm\u00f3n en 2026 | Cand\u00e1s 365\" \/>\n\t\t<meta name=\"twitter:description\" content=\"El Principado de Asturias propone reducir un 75% las capturas de salm\u00f3n y limitar a un ejemplar por pescador para preservar las poblaciones en los r\u00edos\" \/>\n\t\t<meta name=\"twitter:creator\" content=\"@nbasturias\" \/>\n\t\t<meta name=\"twitter:image\" content=\"https:\/\/candas365.es\/noticias\/wp-content\/uploads\/2025\/10\/Asturias-plantea-reducir-las-capturas-de-salmon-en-2026.jpg\" \/>\n\t\t<meta name=\"twitter:label1\" content=\"Escrito por\" \/>\n\t\t<meta name=\"twitter:data1\" content=\"Cand\u00e1s 365\" \/>\n\t\t<meta name=\"twitter:label2\" content=\"Tiempo de lectura estimado\" \/>\n\t\t<meta name=\"twitter:data2\" content=\"3 minutos\" \/>\n\t\t<script type=\"application\/ld+json\" class=\"aioseo-schema\">\n\t\t\t{\"@context\":\"https:\\\/\\\/schema.org\",\"@graph\":[{\"@type\":\"BreadcrumbList\",\"@id\":\"https:\\\/\\\/candas365.es\\\/noticias\\\/asturias-plantea-reducir-las-capturas-de-salmon-en-2026\\\/#breadcrumblist\",\"itemListElement\":[{\"@type\":\"ListItem\",\"@id\":\"https:\\\/\\\/candas365.es\\\/noticias#listItem\",\"position\":1,\"name\":\"Home\",\"item\":\"https:\\\/\\\/candas365.es\\\/noticias\",\"nextItem\":{\"@type\":\"ListItem\",\"@id\":\"https:\\\/\\\/candas365.es\\\/noticias\\\/category\\\/asturias\\\/#listItem\",\"name\":\"Asturias\"}},{\"@type\":\"ListItem\",\"@id\":\"https:\\\/\\\/candas365.es\\\/noticias\\\/category\\\/asturias\\\/#listItem\",\"position\":2,\"name\":\"Asturias\",\"item\":\"https:\\\/\\\/candas365.es\\\/noticias\\\/category\\\/asturias\\\/\",\"nextItem\":{\"@type\":\"ListItem\",\"@id\":\"https:\\\/\\\/candas365.es\\\/noticias\\\/asturias-plantea-reducir-las-capturas-de-salmon-en-2026\\\/#listItem\",\"name\":\"Asturias plantea reducir las capturas de salm\\u00f3n en 2026\"},\"previousItem\":{\"@type\":\"ListItem\",\"@id\":\"https:\\\/\\\/candas365.es\\\/noticias#listItem\",\"name\":\"Home\"}},{\"@type\":\"ListItem\",\"@id\":\"https:\\\/\\\/candas365.es\\\/noticias\\\/asturias-plantea-reducir-las-capturas-de-salmon-en-2026\\\/#listItem\",\"position\":3,\"name\":\"Asturias plantea reducir las capturas de salm\\u00f3n en 2026\",\"previousItem\":{\"@type\":\"ListItem\",\"@id\":\"https:\\\/\\\/candas365.es\\\/noticias\\\/category\\\/asturias\\\/#listItem\",\"name\":\"Asturias\"}}]},{\"@type\":\"NewsArticle\",\"@id\":\"https:\\\/\\\/candas365.es\\\/noticias\\\/asturias-plantea-reducir-las-capturas-de-salmon-en-2026\\\/#newsarticle\",\"name\":\"Asturias plantea reducir las capturas de salm\\u00f3n en 2026 | Cand\\u00e1s 365\",\"headline\":\"Asturias plantea reducir las capturas de salm\\u00f3n en 2026\",\"author\":{\"@id\":\"https:\\\/\\\/candas365.es\\\/noticias\\\/author\\\/admin\\\/#author\"},\"publisher\":{\"@id\":\"https:\\\/\\\/candas365.es\\\/noticias\\\/#organization\"},\"image\":{\"@type\":\"ImageObject\",\"url\":\"https:\\\/\\\/candas365.es\\\/noticias\\\/wp-content\\\/uploads\\\/2025\\\/10\\\/Asturias-plantea-reducir-las-capturas-de-salmon-en-2026.jpg\",\"width\":906,\"height\":650,\"caption\":\"Foto: Prensa Gobierno de Asturias\"},\"datePublished\":\"2025-10-15T23:32:47+02:00\",\"dateModified\":\"2025-10-15T23:32:47+02:00\",\"inLanguage\":\"es-ES\",\"mainEntityOfPage\":{\"@id\":\"https:\\\/\\\/candas365.es\\\/noticias\\\/asturias-plantea-reducir-las-capturas-de-salmon-en-2026\\\/#webpage\"},\"isPartOf\":{\"@id\":\"https:\\\/\\\/candas365.es\\\/noticias\\\/asturias-plantea-reducir-las-capturas-de-salmon-en-2026\\\/#webpage\"},\"articleSection\":\"Asturias, Destacadas, Asturias\",\"dateline\":\"Publicado el octubre 15, 2025.\"},{\"@type\":\"Organization\",\"@id\":\"https:\\\/\\\/candas365.es\\\/noticias\\\/#organization\",\"name\":\"Cand\\u00e1s 365\",\"description\":\"Cand\\u00e1s 365 es un diario digital independiente, fundado en 2012, con base en Asturias. Informamos con rigor sobre actualidad, sociedad, cultura y ocio, con una mirada local y global.\",\"url\":\"https:\\\/\\\/candas365.es\\\/noticias\\\/\",\"email\":\"info@candas365.es\",\"telephone\":\"+34652131393\",\"foundingDate\":\"2012-06-10\",\"logo\":{\"@type\":\"ImageObject\",\"url\":\"https:\\\/\\\/candas365.es\\\/noticias\\\/wp-content\\\/uploads\\\/2024\\\/09\\\/Candas-365-Redes.jpg\",\"@id\":\"https:\\\/\\\/candas365.es\\\/noticias\\\/asturias-plantea-reducir-las-capturas-de-salmon-en-2026\\\/#organizationLogo\",\"width\":1152,\"height\":864,\"caption\":\"Cand\\u00e1s 365 Redes\"},\"image\":{\"@id\":\"https:\\\/\\\/candas365.es\\\/noticias\\\/asturias-plantea-reducir-las-capturas-de-salmon-en-2026\\\/#organizationLogo\"},\"sameAs\":[\"https:\\\/\\\/www.facebook.com\\\/Nachofdezber\",\"https:\\\/\\\/x.com\\\/NabercoDigital\",\"https:\\\/\\\/www.instagram.com\\\/nachofdezber\\\/\",\"https:\\\/\\\/www.youtube.com\\\/channel\\\/UCZP-2wLEB9Rv6erhFmqVnvg\"],\"address\":{\"@id\":\"https:\\\/\\\/candas365.es\\\/noticias\\\/#postaladdress\",\"@type\":\"PostalAddress\",\"streetAddress\":\"san antonio 4, san antonio 4\",\"postalCode\":\"33430\",\"addressLocality\":\"Cand\\u00e1s\",\"addressRegion\":\"Asturias\",\"addressCountry\":\"ES\"}},{\"@type\":\"Person\",\"@id\":\"https:\\\/\\\/candas365.es\\\/noticias\\\/author\\\/admin\\\/#author\",\"url\":\"https:\\\/\\\/candas365.es\\\/noticias\\\/author\\\/admin\\\/\",\"name\":\"Cand\\u00e1s 365\",\"image\":{\"@type\":\"ImageObject\",\"@id\":\"https:\\\/\\\/candas365.es\\\/noticias\\\/asturias-plantea-reducir-las-capturas-de-salmon-en-2026\\\/#authorImage\",\"url\":\"https:\\\/\\\/secure.gravatar.com\\\/avatar\\\/496a8e03d0c493ede1718b7934145dbdf8d89be1036b0eec9544e1094c9de390?s=96&d=mm&r=g\",\"width\":96,\"height\":96,\"caption\":\"Cand\\u00e1s 365\"},\"sameAs\":[\"https:\\\/\\\/www.facebook.com\\\/carrenoactualidad\",\"https:\\\/\\\/twitter.com\\\/nbasturias\",\"https:\\\/\\\/www.instagram.com\\\/nachofdezber\\\/\",\"https:\\\/\\\/www.youtube.com\\\/channel\\\/UCZP-2wLEB9Rv6erhFmqVnvg\"]},{\"@type\":\"WebPage\",\"@id\":\"https:\\\/\\\/candas365.es\\\/noticias\\\/asturias-plantea-reducir-las-capturas-de-salmon-en-2026\\\/#webpage\",\"url\":\"https:\\\/\\\/candas365.es\\\/noticias\\\/asturias-plantea-reducir-las-capturas-de-salmon-en-2026\\\/\",\"name\":\"Asturias plantea reducir las capturas de salm\\u00f3n en 2026 | Cand\\u00e1s 365\",\"description\":\"El Principado de Asturias propone reducir un 75% las capturas de salm\\u00f3n y limitar a un ejemplar por pescador para preservar las poblaciones en los r\\u00edos\",\"inLanguage\":\"es-ES\",\"isPartOf\":{\"@id\":\"https:\\\/\\\/candas365.es\\\/noticias\\\/#website\"},\"breadcrumb\":{\"@id\":\"https:\\\/\\\/candas365.es\\\/noticias\\\/asturias-plantea-reducir-las-capturas-de-salmon-en-2026\\\/#breadcrumblist\"},\"author\":{\"@id\":\"https:\\\/\\\/candas365.es\\\/noticias\\\/author\\\/admin\\\/#author\"},\"creator\":{\"@id\":\"https:\\\/\\\/candas365.es\\\/noticias\\\/author\\\/admin\\\/#author\"},\"image\":{\"@type\":\"ImageObject\",\"url\":\"https:\\\/\\\/candas365.es\\\/noticias\\\/wp-content\\\/uploads\\\/2025\\\/10\\\/Asturias-plantea-reducir-las-capturas-de-salmon-en-2026.jpg\",\"@id\":\"https:\\\/\\\/candas365.es\\\/noticias\\\/asturias-plantea-reducir-las-capturas-de-salmon-en-2026\\\/#mainImage\",\"width\":906,\"height\":650,\"caption\":\"Foto: Prensa Gobierno de Asturias\"},\"primaryImageOfPage\":{\"@id\":\"https:\\\/\\\/candas365.es\\\/noticias\\\/asturias-plantea-reducir-las-capturas-de-salmon-en-2026\\\/#mainImage\"},\"datePublished\":\"2025-10-15T23:32:47+02:00\",\"dateModified\":\"2025-10-15T23:32:47+02:00\"},{\"@type\":\"WebSite\",\"@id\":\"https:\\\/\\\/candas365.es\\\/noticias\\\/#website\",\"url\":\"https:\\\/\\\/candas365.es\\\/noticias\\\/\",\"name\":\"Cand\\u00e1s 365\",\"alternateName\":\"Cand\\u00e1s 365 Noticias\",\"description\":\"Actualidad desde Carre\\u00f1o para el mundo\",\"inLanguage\":\"es-ES\",\"publisher\":{\"@id\":\"https:\\\/\\\/candas365.es\\\/noticias\\\/#organization\"}}]}\n\t\t<\/script>\n\t\t<!-- All in One SEO Pro -->\r\n\t\t<title>Asturias plantea reducir las capturas de salm\u00f3n en 2026 | Cand\u00e1s 365<\/title>\n\n","aioseo_head_json":{"title":"Asturias plantea reducir las capturas de salm\u00f3n en 2026 | Cand\u00e1s 365","description":"El Principado de Asturias propone reducir un 75% las capturas de salm\u00f3n y limitar a un ejemplar por pescador para preservar las poblaciones en los r\u00edos","canonical_url":"https:\/\/candas365.es\/noticias\/asturias-plantea-reducir-las-capturas-de-salmon-en-2026\/","robots":"max-image-preview:large","keywords":"asturias,destacadas","webmasterTools":{"google-site-verification":"UA-32230408-1","msvalidate.01":"354F3CDFB2DA171B47FBE9ABF1F88D5","miscellaneous":""},"schema":{"@context":"https:\/\/schema.org","@graph":[{"@type":"BreadcrumbList","@id":"https:\/\/candas365.es\/noticias\/asturias-plantea-reducir-las-capturas-de-salmon-en-2026\/#breadcrumblist","itemListElement":[{"@type":"ListItem","@id":"https:\/\/candas365.es\/noticias#listItem","position":1,"name":"Home","item":"https:\/\/candas365.es\/noticias","nextItem":{"@type":"ListItem","@id":"https:\/\/candas365.es\/noticias\/category\/asturias\/#listItem","name":"Asturias"}},{"@type":"ListItem","@id":"https:\/\/candas365.es\/noticias\/category\/asturias\/#listItem","position":2,"name":"Asturias","item":"https:\/\/candas365.es\/noticias\/category\/asturias\/","nextItem":{"@type":"ListItem","@id":"https:\/\/candas365.es\/noticias\/asturias-plantea-reducir-las-capturas-de-salmon-en-2026\/#listItem","name":"Asturias plantea reducir las capturas de salm\u00f3n en 2026"},"previousItem":{"@type":"ListItem","@id":"https:\/\/candas365.es\/noticias#listItem","name":"Home"}},{"@type":"ListItem","@id":"https:\/\/candas365.es\/noticias\/asturias-plantea-reducir-las-capturas-de-salmon-en-2026\/#listItem","position":3,"name":"Asturias plantea reducir las capturas de salm\u00f3n en 2026","previousItem":{"@type":"ListItem","@id":"https:\/\/candas365.es\/noticias\/category\/asturias\/#listItem","name":"Asturias"}}]},{"@type":"NewsArticle","@id":"https:\/\/candas365.es\/noticias\/asturias-plantea-reducir-las-capturas-de-salmon-en-2026\/#newsarticle","name":"Asturias plantea reducir las capturas de salm\u00f3n en 2026 | Cand\u00e1s 365","headline":"Asturias plantea reducir las capturas de salm\u00f3n en 2026","author":{"@id":"https:\/\/candas365.es\/noticias\/author\/admin\/#author"},"publisher":{"@id":"https:\/\/candas365.es\/noticias\/#organization"},"image":{"@type":"ImageObject","url":"https:\/\/candas365.es\/noticias\/wp-content\/uploads\/2025\/10\/Asturias-plantea-reducir-las-capturas-de-salmon-en-2026.jpg","width":906,"height":650,"caption":"Foto: Prensa Gobierno de Asturias"},"datePublished":"2025-10-15T23:32:47+02:00","dateModified":"2025-10-15T23:32:47+02:00","inLanguage":"es-ES","mainEntityOfPage":{"@id":"https:\/\/candas365.es\/noticias\/asturias-plantea-reducir-las-capturas-de-salmon-en-2026\/#webpage"},"isPartOf":{"@id":"https:\/\/candas365.es\/noticias\/asturias-plantea-reducir-las-capturas-de-salmon-en-2026\/#webpage"},"articleSection":"Asturias, Destacadas, Asturias","dateline":"Publicado el octubre 15, 2025."},{"@type":"Organization","@id":"https:\/\/candas365.es\/noticias\/#organization","name":"Cand\u00e1s 365","description":"Cand\u00e1s 365 es un diario digital independiente, fundado en 2012, con base en Asturias. Informamos con rigor sobre actualidad, sociedad, cultura y ocio, con una mirada local y global.","url":"https:\/\/candas365.es\/noticias\/","email":"info@candas365.es","telephone":"+34652131393","foundingDate":"2012-06-10","logo":{"@type":"ImageObject","url":"https:\/\/candas365.es\/noticias\/wp-content\/uploads\/2024\/09\/Candas-365-Redes.jpg","@id":"https:\/\/candas365.es\/noticias\/asturias-plantea-reducir-las-capturas-de-salmon-en-2026\/#organizationLogo","width":1152,"height":864,"caption":"Cand\u00e1s 365 Redes"},"image":{"@id":"https:\/\/candas365.es\/noticias\/asturias-plantea-reducir-las-capturas-de-salmon-en-2026\/#organizationLogo"},"sameAs":["https:\/\/www.facebook.com\/Nachofdezber","https:\/\/x.com\/NabercoDigital","https:\/\/www.instagram.com\/nachofdezber\/","https:\/\/www.youtube.com\/channel\/UCZP-2wLEB9Rv6erhFmqVnvg"],"address":{"@id":"https:\/\/candas365.es\/noticias\/#postaladdress","@type":"PostalAddress","streetAddress":"san antonio 4, san antonio 4","postalCode":"33430","addressLocality":"Cand\u00e1s","addressRegion":"Asturias","addressCountry":"ES"}},{"@type":"Person","@id":"https:\/\/candas365.es\/noticias\/author\/admin\/#author","url":"https:\/\/candas365.es\/noticias\/author\/admin\/","name":"Cand\u00e1s 365","image":{"@type":"ImageObject","@id":"https:\/\/candas365.es\/noticias\/asturias-plantea-reducir-las-capturas-de-salmon-en-2026\/#authorImage","url":"https:\/\/secure.gravatar.com\/avatar\/496a8e03d0c493ede1718b7934145dbdf8d89be1036b0eec9544e1094c9de390?s=96&d=mm&r=g","width":96,"height":96,"caption":"Cand\u00e1s 365"},"sameAs":["https:\/\/www.facebook.com\/carrenoactualidad","https:\/\/twitter.com\/nbasturias","https:\/\/www.instagram.com\/nachofdezber\/","https:\/\/www.youtube.com\/channel\/UCZP-2wLEB9Rv6erhFmqVnvg"]},{"@type":"WebPage","@id":"https:\/\/candas365.es\/noticias\/asturias-plantea-reducir-las-capturas-de-salmon-en-2026\/#webpage","url":"https:\/\/candas365.es\/noticias\/asturias-plantea-reducir-las-capturas-de-salmon-en-2026\/","name":"Asturias plantea reducir las capturas de salm\u00f3n en 2026 | Cand\u00e1s 365","description":"El Principado de Asturias propone reducir un 75% las capturas de salm\u00f3n y limitar a un ejemplar por pescador para preservar las poblaciones en los r\u00edos","inLanguage":"es-ES","isPartOf":{"@id":"https:\/\/candas365.es\/noticias\/#website"},"breadcrumb":{"@id":"https:\/\/candas365.es\/noticias\/asturias-plantea-reducir-las-capturas-de-salmon-en-2026\/#breadcrumblist"},"author":{"@id":"https:\/\/candas365.es\/noticias\/author\/admin\/#author"},"creator":{"@id":"https:\/\/candas365.es\/noticias\/author\/admin\/#author"},"image":{"@type":"ImageObject","url":"https:\/\/candas365.es\/noticias\/wp-content\/uploads\/2025\/10\/Asturias-plantea-reducir-las-capturas-de-salmon-en-2026.jpg","@id":"https:\/\/candas365.es\/noticias\/asturias-plantea-reducir-las-capturas-de-salmon-en-2026\/#mainImage","width":906,"height":650,"caption":"Foto: Prensa Gobierno de Asturias"},"primaryImageOfPage":{"@id":"https:\/\/candas365.es\/noticias\/asturias-plantea-reducir-las-capturas-de-salmon-en-2026\/#mainImage"},"datePublished":"2025-10-15T23:32:47+02:00","dateModified":"2025-10-15T23:32:47+02:00"},{"@type":"WebSite","@id":"https:\/\/candas365.es\/noticias\/#website","url":"https:\/\/candas365.es\/noticias\/","name":"Cand\u00e1s 365","alternateName":"Cand\u00e1s 365 Noticias","description":"Actualidad desde Carre\u00f1o para el mundo","inLanguage":"es-ES","publisher":{"@id":"https:\/\/candas365.es\/noticias\/#organization"}}]},"og:locale":"es_ES","og:site_name":"Cand\u00e1s 365","og:type":"article","og:title":"Asturias plantea reducir las capturas de salm\u00f3n en 2026 | Cand\u00e1s 365","og:description":"El Principado de Asturias propone reducir un 75% las capturas de salm\u00f3n y limitar a un ejemplar por pescador para preservar las poblaciones en los r\u00edos","og:url":"https:\/\/candas365.es\/noticias\/asturias-plantea-reducir-las-capturas-de-salmon-en-2026\/","og:image":"https:\/\/candas365.es\/noticias\/wp-content\/uploads\/2025\/10\/Asturias-plantea-reducir-las-capturas-de-salmon-en-2026.jpg","og:image:secure_url":"https:\/\/candas365.es\/noticias\/wp-content\/uploads\/2025\/10\/Asturias-plantea-reducir-las-capturas-de-salmon-en-2026.jpg","og:image:width":906,"og:image:height":650,"article:published_time":"2025-10-15T21:32:47+00:00","article:modified_time":"2025-10-15T21:32:47+00:00","article:publisher":"https:\/\/www.facebook.com\/Nachofdezber","article:author":"https:\/\/www.facebook.com\/carrenoactualidad","twitter:card":"summary_large_image","twitter:site":"@NabercoDigital","twitter:title":"Asturias plantea reducir las capturas de salm\u00f3n en 2026 | Cand\u00e1s 365","twitter:description":"El Principado de Asturias propone reducir un 75% las capturas de salm\u00f3n y limitar a un ejemplar por pescador para preservar las poblaciones en los r\u00edos","twitter:creator":"@nbasturias","twitter:image":"https:\/\/candas365.es\/noticias\/wp-content\/uploads\/2025\/10\/Asturias-plantea-reducir-las-capturas-de-salmon-en-2026.jpg","twitter:label1":"Escrito por","twitter:data1":"Cand\u00e1s 365","twitter:label2":"Tiempo de lectura estimado","twitter:data2":"3 minutos"},"aioseo_meta_data":{"post_id":"189120","title":null,"description":"El Principado de Asturias propone reducir un 75% las capturas de salm\u00f3n y limitar a un ejemplar por pescador para preservar las poblaciones en los r\u00edos","keywords":null,"keyphrases":{"focus":{"keyphrase":"Asturias","score":91,"analysis":{"keyphraseInTitle":{"score":9,"maxScore":9,"error":0},"keyphraseInDescription":{"score":9,"maxScore":9,"error":0},"keyphraseLength":{"score":9,"maxScore":9,"error":0,"length":1},"keyphraseInURL":{"score":5,"maxScore":5,"error":0},"keyphraseInIntroduction":{"score":9,"maxScore":9,"error":0},"keyphraseInSubHeadings":{"score":3,"maxScore":9,"error":1},"keyphraseInImageAlt":{"score":9,"maxScore":9,"error":0},"keywordDensity":{"type":"best","score":9,"maxScore":9,"error":0}}},"additional":[{"keyphrase":"salm\u00f3n","score":100,"analysis":{"keyphraseInDescription":{"score":9,"maxScore":9,"error":0},"keyphraseLength":{"score":9,"maxScore":9,"error":0,"length":2},"keyphraseInIntroduction":{"score":9,"maxScore":9,"error":0},"keyphraseInImageAlt":{"score":9,"maxScore":9,"error":0},"keywordDensity":{"type":"best","score":9,"maxScore":9,"error":0}}}]},"primary_term":null,"canonical_url":null,"og_title":null,"og_description":null,"og_object_type":"default","og_image_type":"default","og_image_url":null,"og_image_width":null,"og_image_height":null,"og_image_custom_url":null,"og_image_custom_fields":null,"og_video":"","og_custom_url":null,"og_article_section":null,"og_article_tags":null,"twitter_use_og":false,"twitter_card":"default","twitter_image_type":"default","twitter_image_url":null,"twitter_image_custom_url":null,"twitter_image_custom_fields":null,"twitter_title":null,"twitter_description":null,"schema":{"blockGraphs":[],"customGraphs":[],"default":{"data":{"Article":[],"Course":[],"Dataset":[],"FAQPage":[],"Movie":[],"Person":[],"Product":[],"ProductReview":[],"Car":[],"Recipe":[],"Service":[],"SoftwareApplication":[],"WebPage":[]},"graphName":"Article","isEnabled":true},"graphs":[]},"schema_type":"default","schema_type_options":null,"pillar_content":false,"robots_default":true,"robots_noindex":false,"robots_noarchive":false,"robots_nosnippet":false,"robots_nofollow":false,"robots_noimageindex":false,"robots_noodp":false,"robots_notranslate":false,"robots_max_snippet":"-1","robots_max_videopreview":"-1","robots_max_imagepreview":"large","priority":null,"frequency":"default","location":null,"local_seo":null,"seo_analyzer_scan_date":"2025-10-15 21:39:14","breadcrumb_settings":null,"limit_modified_date":false,"reviewed_by":null,"open_ai":null,"ai":{"faqs":[],"keyPoints":[],"titles":[],"descriptions":[],"socialPosts":{"email":[],"linkedin":[],"twitter":[],"facebook":[],"instagram":[]}},"created":"2025-10-15 21:26:15","updated":"2025-10-15 21:39:14"},"aioseo_breadcrumb":"<div class=\"aioseo-breadcrumbs\"><span class=\"aioseo-breadcrumb\">\n\t<a href=\"https:\/\/candas365.es\/noticias\" title=\"Home\">Home<\/a>\n<\/span><span class=\"aioseo-breadcrumb-separator\">&ndash;<\/span><span class=\"aioseo-breadcrumb\">\n\t<a href=\"https:\/\/candas365.es\/noticias\/category\/asturias\/\" title=\"Asturias\">Asturias<\/a>\n<\/span><span class=\"aioseo-breadcrumb-separator\">&ndash;<\/span><span class=\"aioseo-breadcrumb\">\n\tAsturias plantea reducir las capturas de salm\u00f3n en 2026\n<\/span><\/div>","aioseo_breadcrumb_json":[{"label":"Home","link":"https:\/\/candas365.es\/noticias"},{"label":"Asturias","link":"https:\/\/candas365.es\/noticias\/category\/asturias\/"},{"label":"Asturias plantea reducir las capturas de salm\u00f3n en 2026","link":"https:\/\/candas365.es\/noticias\/asturias-plantea-reducir-las-capturas-de-salmon-en-2026\/"}],"_links":{"self":[{"href":"https:\/\/candas365.es\/noticias\/wp-json\/wp\/v2\/posts\/189120","targetHints":{"allow":["GET"]}}],"collection":[{"href":"https:\/\/candas365.es\/noticias\/wp-json\/wp\/v2\/posts"}],"about":[{"href":"https:\/\/candas365.es\/noticias\/wp-json\/wp\/v2\/types\/post"}],"author":[{"embeddable":true,"href":"https:\/\/candas365.es\/noticias\/wp-json\/wp\/v2\/users\/1"}],"replies":[{"embeddable":true,"href":"https:\/\/candas365.es\/noticias\/wp-json\/wp\/v2\/comments?post=189120"}],"version-history":[{"count":0,"href":"https:\/\/candas365.es\/noticias\/wp-json\/wp\/v2\/posts\/189120\/revisions"}],"wp:featuredmedia":[{"embeddable":true,"href":"https:\/\/candas365.es\/noticias\/wp-json\/wp\/v2\/media\/189121"}],"wp:attachment":[{"href":"https:\/\/candas365.es\/noticias\/wp-json\/wp\/v2\/media?parent=189120"}],"wp:term":[{"taxonomy":"category","embeddable":true,"href":"https:\/\/candas365.es\/noticias\/wp-json\/wp\/v2\/categories?post=189120"},{"taxonomy":"post_tag","embeddable":true,"href":"https:\/\/candas365.es\/noticias\/wp-json\/wp\/v2\/tags?post=189120"}],"curies":[{"name":"wp","href":"https:\/\/api.w.org\/{rel}","templated":true}]}}