{"id":189111,"date":"2025-10-15T22:18:40","date_gmt":"2025-10-15T20:18:40","guid":{"rendered":"https:\/\/candas365.es\/noticias\/?p=189111"},"modified":"2025-10-15T22:18:40","modified_gmt":"2025-10-15T20:18:40","slug":"pakistan-y-afganistan-abren-un-nuevo-frente-de-conflicto","status":"publish","type":"post","link":"https:\/\/candas365.es\/noticias\/pakistan-y-afganistan-abren-un-nuevo-frente-de-conflicto\/","title":{"rendered":"Pakist\u00e1n y Afganist\u00e1n abren un nuevo frente de conflicto"},"content":{"rendered":"<p>La frontera entre <a href=\"https:\/\/candas365.es\/noticias\/category\/internacional\/\"><span style=\"color: #ff6600;\"><strong>Pakist\u00e1n y Afganist\u00e1n<\/strong><\/span><\/a>, escenario de v\u00ednculos religiosos y \u00e9tnicos durante d\u00e9cadas, se ha transformado en un <strong>nuevo foco de conflicto armado<\/strong>. Los recientes enfrentamientos entre ambos pa\u00edses han dejado decenas de muertos y marcan el deterioro de unas relaciones que, hasta hace poco, se manten\u00edan bajo cooperaci\u00f3n t\u00e1ctica frente a grupos insurgentes.<\/p>\n<figure id=\"attachment_189112\" aria-describedby=\"caption-attachment-189112\" style=\"width: 650px\" class=\"wp-caption aligncenter\"><img fetchpriority=\"high\" decoding=\"async\" class=\"size-large wp-image-189112\" src=\"https:\/\/candas365.es\/noticias\/wp-content\/uploads\/2025\/10\/Afganistan-650x427.jpg\" alt=\"Afganist\u00e1n\" width=\"650\" height=\"427\" srcset=\"https:\/\/candas365.es\/noticias\/wp-content\/uploads\/2025\/10\/Afganistan-650x427.jpg 650w, https:\/\/candas365.es\/noticias\/wp-content\/uploads\/2025\/10\/Afganistan-360x236.jpg 360w, https:\/\/candas365.es\/noticias\/wp-content\/uploads\/2025\/10\/Afganistan-768x504.jpg 768w, https:\/\/candas365.es\/noticias\/wp-content\/uploads\/2025\/10\/Afganistan-150x99.jpg 150w, https:\/\/candas365.es\/noticias\/wp-content\/uploads\/2025\/10\/Afganistan-450x296.jpg 450w, https:\/\/candas365.es\/noticias\/wp-content\/uploads\/2025\/10\/Afganistan.jpg 1023w\" sizes=\"(max-width: 650px) 100vw, 650px\" \/><figcaption id=\"caption-attachment-189112\" class=\"wp-caption-text\">Foto: 123rf.com<\/figcaption><\/figure>\n<p>La escalada comenz\u00f3 el fin de semana del 11 y 12 de octubre, cuando fuerzas talibanas atacaron varios puestos militares pakistan\u00edes a lo largo de la l\u00ednea fronteriza. Islamabad inform\u00f3 la muerte de 23 soldados, mientras los talibanes reconocieron la p\u00e9rdida de nueve combatientes. Nuevos choques registrados el 15 de octubre elevaron la cifra total de fallecidos a medio centenar, incluidos civiles, sin que exista todav\u00eda un balance oficial.<\/p>\n<p>El origen inmediato del conflicto se sit\u00faa en un bombardeo a\u00e9reo sobre Kabul dirigido contra Noor Wali Mehsud, l\u00edder del Movimiento de los Talibanes Pakistan\u00edes (TTP). Fuentes de seguridad de Pakist\u00e1n aseguraron que la operaci\u00f3n pretend\u00eda eliminar al dirigente del grupo yihadista, aunque su paradero sigue sin confirmarse. En respuesta, el portavoz talib\u00e1n Zabihullah Mujahid declar\u00f3 que las fuerzas afganas realizaron ataques \u201cen represalia\u201d durante la noche del s\u00e1bado.<\/p>\n<p>El TTP mantiene desde 2007 una campa\u00f1a de violencia dentro de Pakist\u00e1n. Nacido de facciones pastunes inspiradas en los talibanes afganos, ha protagonizado atentados contra mercados, mezquitas y bases militares. Uno de los m\u00e1s graves ocurri\u00f3 en 2014, cuando un asalto a una escuela en Peshawar caus\u00f3 la muerte de m\u00e1s de 130 menores. A ra\u00edz de aquel suceso, el Ej\u00e9rcito pakistan\u00ed emprendi\u00f3 una ofensiva que desplaz\u00f3 a gran parte de sus combatientes hacia territorio afgano.<\/p>\n<p>El regreso de los talibanes al poder en Kabul, en 2021, alter\u00f3 el equilibrio regional. Islamabad recibi\u00f3 inicialmente el cambio con optimismo, al pensar que un gobierno isl\u00e1mico estabilizar\u00eda la frontera. Sin embargo, desde entonces los ataques del TTP en suelo pakistan\u00ed se han incrementado. Seg\u00fan el Centro de Estudios de Seguridad de Islamabad, solo en los primeros tres trimestres de 2025 se contabilizaron 2.414 muertes atribuidas a esa organizaci\u00f3n, lo que refleja un repunte sostenido de la violencia.<\/p>\n<p>En el trasfondo del conflicto resurge la disputa por la L\u00ednea Durand, la frontera trazada por el Imperio brit\u00e1nico en 1893 sin consenso local. La demarcaci\u00f3n dividi\u00f3 comunidades pastunes entre ambos pa\u00edses y sigue siendo motivo de tensi\u00f3n: Pakist\u00e1n la reconoce como l\u00edmite internacional, mientras Afganist\u00e1n la considera una imposici\u00f3n colonial. Desde 2017, Islamabad ha levantado un muro y vallas a lo largo de buena parte del trazado, alimentando el resentimiento en las regiones fronterizas.<\/p>\n<p>A pesar de la gravedad del enfrentamiento, algunos diplom\u00e1ticos restan dramatismo a la posibilidad de una guerra abierta. El exembajador pakistan\u00ed en Afganist\u00e1n, Asif Durrani, considera \u201cm\u00ednima\u201d la probabilidad de una escalada mayor, recordando que Afganist\u00e1n \u201ccarece de una fuerza militar convencional comparable\u201d. No obstante, advirti\u00f3 que la falta de cooperaci\u00f3n en torno al TTP mantiene la tensi\u00f3n constante.<\/p>\n<p>Tras un nuevo bombardeo en Kabul el 15 de octubre, ambos gobiernos acordaron un alto el fuego de 48 horas, aunque los intercambios de fuego contin\u00faan en varios puntos fronterizos. El tr\u00e1nsito de personas y mercanc\u00edas entre ambos pa\u00edses se ha reducido dr\u00e1sticamente, y las acusaciones mutuas sobre refugio a militantes y violaciones del espacio a\u00e9reo siguen alimentando la desconfianza.<\/p>\n<p>M\u00e1s de un siglo despu\u00e9s de la L\u00ednea Durand, Pakist\u00e1n y Afganist\u00e1n vuelven a enfrentarse en un conflicto marcado por la historia, la religi\u00f3n y la frontera, donde los viejos aliados se observan ahora como adversarios en una regi\u00f3n cada vez m\u00e1s inestable.<\/p>\n<p><em>Con informaci\u00f3n de NotiPress.<\/em><\/p>\n","protected":false},"excerpt":{"rendered":"<p>La frontera entre Pakist\u00e1n y Afganist\u00e1n, escenario de v\u00ednculos religiosos y \u00e9tnicos durante d\u00e9cadas, se ha transformado en un nuevo foco de conflicto armado. Los recientes enfrentamientos entre ambos pa\u00edses han dejado decenas de muertos y marcan el deterioro de unas relaciones que, hasta hace poco, se manten\u00edan bajo cooperaci\u00f3n t\u00e1ctica frente a grupos insurgentes.<\/p>\n","protected":false},"author":1,"featured_media":189112,"comment_status":"closed","ping_status":"closed","sticky":false,"template":"","format":"standard","meta":{"footnotes":""},"categories":[485],"tags":[464,418],"class_list":{"0":"post-189111","1":"post","2":"type-post","3":"status-publish","4":"format-standard","5":"has-post-thumbnail","7":"category-internacional","8":"tag-conflictos","9":"tag-internacional"},"aioseo_notices":[],"aioseo_head":"\n\t\t<!-- All in One SEO Pro 4.9.6.2 - aioseo.com -->\n\t<meta name=\"description\" content=\"La frontera entre Pakist\u00e1n y Afganist\u00e1n, escenario de v\u00ednculos religiosos y \u00e9tnicos durante d\u00e9cadas, se ha transformado en un nuevo foco de conflicto\" \/>\n\t<meta name=\"robots\" content=\"max-image-preview:large\" \/>\n\t<meta name=\"author\" content=\"Cand\u00e1s 365\"\/>\n\t<meta name=\"google-site-verification\" content=\"UA-32230408-1\" \/>\n\t<meta name=\"msvalidate.01\" content=\"354F3CDFB2DA171B47FBE9ABF1F88D5\" \/>\n\t<meta name=\"keywords\" content=\"internacional\" \/>\n\t<link rel=\"canonical\" href=\"https:\/\/candas365.es\/noticias\/pakistan-y-afganistan-abren-un-nuevo-frente-de-conflicto\/\" \/>\n\t<meta name=\"generator\" content=\"All in One SEO Pro (AIOSEO) 4.9.6.2\" \/>\n\t\t<meta property=\"og:locale\" content=\"es_ES\" \/>\n\t\t<meta property=\"og:site_name\" content=\"Cand\u00e1s 365\" \/>\n\t\t<meta property=\"og:type\" content=\"article\" \/>\n\t\t<meta property=\"og:title\" content=\"Pakist\u00e1n y Afganist\u00e1n abren un nuevo frente de conflicto | Cand\u00e1s 365\" \/>\n\t\t<meta property=\"og:description\" content=\"La frontera entre Pakist\u00e1n y Afganist\u00e1n, escenario de v\u00ednculos religiosos y \u00e9tnicos durante d\u00e9cadas, se ha transformado en un nuevo foco de conflicto\" \/>\n\t\t<meta property=\"og:url\" content=\"https:\/\/candas365.es\/noticias\/pakistan-y-afganistan-abren-un-nuevo-frente-de-conflicto\/\" \/>\n\t\t<meta property=\"og:image\" content=\"https:\/\/candas365.es\/noticias\/wp-content\/uploads\/2025\/10\/Afganistan.jpg\" \/>\n\t\t<meta property=\"og:image:secure_url\" content=\"https:\/\/candas365.es\/noticias\/wp-content\/uploads\/2025\/10\/Afganistan.jpg\" \/>\n\t\t<meta property=\"og:image:width\" content=\"1023\" \/>\n\t\t<meta property=\"og:image:height\" content=\"672\" \/>\n\t\t<meta property=\"article:published_time\" content=\"2025-10-15T20:18:40+00:00\" \/>\n\t\t<meta property=\"article:modified_time\" content=\"2025-10-15T20:18:40+00:00\" \/>\n\t\t<meta property=\"article:publisher\" content=\"https:\/\/www.facebook.com\/Nachofdezber\" \/>\n\t\t<meta property=\"article:author\" content=\"https:\/\/www.facebook.com\/carrenoactualidad\" \/>\n\t\t<meta name=\"twitter:card\" content=\"summary_large_image\" \/>\n\t\t<meta name=\"twitter:site\" content=\"@NabercoDigital\" \/>\n\t\t<meta name=\"twitter:title\" content=\"Pakist\u00e1n y Afganist\u00e1n abren un nuevo frente de conflicto | Cand\u00e1s 365\" \/>\n\t\t<meta name=\"twitter:description\" content=\"La frontera entre Pakist\u00e1n y Afganist\u00e1n, escenario de v\u00ednculos religiosos y \u00e9tnicos durante d\u00e9cadas, se ha transformado en un nuevo foco de conflicto\" \/>\n\t\t<meta name=\"twitter:creator\" content=\"@nbasturias\" \/>\n\t\t<meta name=\"twitter:image\" content=\"https:\/\/candas365.es\/noticias\/wp-content\/uploads\/2025\/10\/Afganistan.jpg\" \/>\n\t\t<meta name=\"twitter:label1\" content=\"Escrito por\" \/>\n\t\t<meta name=\"twitter:data1\" content=\"Cand\u00e1s 365\" \/>\n\t\t<meta name=\"twitter:label2\" content=\"Tiempo de lectura estimado\" \/>\n\t\t<meta name=\"twitter:data2\" content=\"3 minutos\" \/>\n\t\t<script type=\"application\/ld+json\" class=\"aioseo-schema\">\n\t\t\t{\"@context\":\"https:\\\/\\\/schema.org\",\"@graph\":[{\"@type\":\"BreadcrumbList\",\"@id\":\"https:\\\/\\\/candas365.es\\\/noticias\\\/pakistan-y-afganistan-abren-un-nuevo-frente-de-conflicto\\\/#breadcrumblist\",\"itemListElement\":[{\"@type\":\"ListItem\",\"@id\":\"https:\\\/\\\/candas365.es\\\/noticias#listItem\",\"position\":1,\"name\":\"Home\",\"item\":\"https:\\\/\\\/candas365.es\\\/noticias\",\"nextItem\":{\"@type\":\"ListItem\",\"@id\":\"https:\\\/\\\/candas365.es\\\/noticias\\\/category\\\/internacional\\\/#listItem\",\"name\":\"Internacional\"}},{\"@type\":\"ListItem\",\"@id\":\"https:\\\/\\\/candas365.es\\\/noticias\\\/category\\\/internacional\\\/#listItem\",\"position\":2,\"name\":\"Internacional\",\"item\":\"https:\\\/\\\/candas365.es\\\/noticias\\\/category\\\/internacional\\\/\",\"nextItem\":{\"@type\":\"ListItem\",\"@id\":\"https:\\\/\\\/candas365.es\\\/noticias\\\/pakistan-y-afganistan-abren-un-nuevo-frente-de-conflicto\\\/#listItem\",\"name\":\"Pakist\\u00e1n y Afganist\\u00e1n abren un nuevo frente de conflicto\"},\"previousItem\":{\"@type\":\"ListItem\",\"@id\":\"https:\\\/\\\/candas365.es\\\/noticias#listItem\",\"name\":\"Home\"}},{\"@type\":\"ListItem\",\"@id\":\"https:\\\/\\\/candas365.es\\\/noticias\\\/pakistan-y-afganistan-abren-un-nuevo-frente-de-conflicto\\\/#listItem\",\"position\":3,\"name\":\"Pakist\\u00e1n y Afganist\\u00e1n abren un nuevo frente de conflicto\",\"previousItem\":{\"@type\":\"ListItem\",\"@id\":\"https:\\\/\\\/candas365.es\\\/noticias\\\/category\\\/internacional\\\/#listItem\",\"name\":\"Internacional\"}}]},{\"@type\":\"NewsArticle\",\"@id\":\"https:\\\/\\\/candas365.es\\\/noticias\\\/pakistan-y-afganistan-abren-un-nuevo-frente-de-conflicto\\\/#newsarticle\",\"name\":\"Pakist\\u00e1n y Afganist\\u00e1n abren un nuevo frente de conflicto | Cand\\u00e1s 365\",\"headline\":\"Pakist\\u00e1n y Afganist\\u00e1n abren un nuevo frente de conflicto\",\"author\":{\"@id\":\"https:\\\/\\\/candas365.es\\\/noticias\\\/author\\\/admin\\\/#author\"},\"publisher\":{\"@id\":\"https:\\\/\\\/candas365.es\\\/noticias\\\/#organization\"},\"image\":{\"@type\":\"ImageObject\",\"url\":\"https:\\\/\\\/candas365.es\\\/noticias\\\/wp-content\\\/uploads\\\/2025\\\/10\\\/Afganistan.jpg\",\"width\":1023,\"height\":672,\"caption\":\"Foto: 123rf.com\"},\"datePublished\":\"2025-10-15T22:18:40+02:00\",\"dateModified\":\"2025-10-15T22:18:40+02:00\",\"inLanguage\":\"es-ES\",\"mainEntityOfPage\":{\"@id\":\"https:\\\/\\\/candas365.es\\\/noticias\\\/pakistan-y-afganistan-abren-un-nuevo-frente-de-conflicto\\\/#webpage\"},\"isPartOf\":{\"@id\":\"https:\\\/\\\/candas365.es\\\/noticias\\\/pakistan-y-afganistan-abren-un-nuevo-frente-de-conflicto\\\/#webpage\"},\"articleSection\":\"Internacional, conflictos, Internacional\",\"dateline\":\"Publicado el octubre 15, 2025.\"},{\"@type\":\"Organization\",\"@id\":\"https:\\\/\\\/candas365.es\\\/noticias\\\/#organization\",\"name\":\"Cand\\u00e1s 365\",\"description\":\"Cand\\u00e1s 365 es un diario digital independiente, fundado en 2012, con base en Asturias. Informamos con rigor sobre actualidad, sociedad, cultura y ocio, con una mirada local y global.\",\"url\":\"https:\\\/\\\/candas365.es\\\/noticias\\\/\",\"email\":\"info@candas365.es\",\"telephone\":\"+34652131393\",\"foundingDate\":\"2012-06-10\",\"logo\":{\"@type\":\"ImageObject\",\"url\":\"https:\\\/\\\/candas365.es\\\/noticias\\\/wp-content\\\/uploads\\\/2024\\\/09\\\/Candas-365-Redes.jpg\",\"@id\":\"https:\\\/\\\/candas365.es\\\/noticias\\\/pakistan-y-afganistan-abren-un-nuevo-frente-de-conflicto\\\/#organizationLogo\",\"width\":1152,\"height\":864,\"caption\":\"Cand\\u00e1s 365 Redes\"},\"image\":{\"@id\":\"https:\\\/\\\/candas365.es\\\/noticias\\\/pakistan-y-afganistan-abren-un-nuevo-frente-de-conflicto\\\/#organizationLogo\"},\"sameAs\":[\"https:\\\/\\\/www.facebook.com\\\/Nachofdezber\",\"https:\\\/\\\/x.com\\\/NabercoDigital\",\"https:\\\/\\\/www.instagram.com\\\/nachofdezber\\\/\",\"https:\\\/\\\/www.youtube.com\\\/channel\\\/UCZP-2wLEB9Rv6erhFmqVnvg\"],\"address\":{\"@id\":\"https:\\\/\\\/candas365.es\\\/noticias\\\/#postaladdress\",\"@type\":\"PostalAddress\",\"streetAddress\":\"san antonio 4, san antonio 4\",\"postalCode\":\"33430\",\"addressLocality\":\"Cand\\u00e1s\",\"addressRegion\":\"Asturias\",\"addressCountry\":\"ES\"}},{\"@type\":\"Person\",\"@id\":\"https:\\\/\\\/candas365.es\\\/noticias\\\/author\\\/admin\\\/#author\",\"url\":\"https:\\\/\\\/candas365.es\\\/noticias\\\/author\\\/admin\\\/\",\"name\":\"Cand\\u00e1s 365\",\"image\":{\"@type\":\"ImageObject\",\"@id\":\"https:\\\/\\\/candas365.es\\\/noticias\\\/pakistan-y-afganistan-abren-un-nuevo-frente-de-conflicto\\\/#authorImage\",\"url\":\"https:\\\/\\\/secure.gravatar.com\\\/avatar\\\/496a8e03d0c493ede1718b7934145dbdf8d89be1036b0eec9544e1094c9de390?s=96&d=mm&r=g\",\"width\":96,\"height\":96,\"caption\":\"Cand\\u00e1s 365\"},\"sameAs\":[\"https:\\\/\\\/www.facebook.com\\\/carrenoactualidad\",\"https:\\\/\\\/twitter.com\\\/nbasturias\",\"https:\\\/\\\/www.instagram.com\\\/nachofdezber\\\/\",\"https:\\\/\\\/www.youtube.com\\\/channel\\\/UCZP-2wLEB9Rv6erhFmqVnvg\"]},{\"@type\":\"WebPage\",\"@id\":\"https:\\\/\\\/candas365.es\\\/noticias\\\/pakistan-y-afganistan-abren-un-nuevo-frente-de-conflicto\\\/#webpage\",\"url\":\"https:\\\/\\\/candas365.es\\\/noticias\\\/pakistan-y-afganistan-abren-un-nuevo-frente-de-conflicto\\\/\",\"name\":\"Pakist\\u00e1n y Afganist\\u00e1n abren un nuevo frente de conflicto | Cand\\u00e1s 365\",\"description\":\"La frontera entre Pakist\\u00e1n y Afganist\\u00e1n, escenario de v\\u00ednculos religiosos y \\u00e9tnicos durante d\\u00e9cadas, se ha transformado en un nuevo foco de conflicto\",\"inLanguage\":\"es-ES\",\"isPartOf\":{\"@id\":\"https:\\\/\\\/candas365.es\\\/noticias\\\/#website\"},\"breadcrumb\":{\"@id\":\"https:\\\/\\\/candas365.es\\\/noticias\\\/pakistan-y-afganistan-abren-un-nuevo-frente-de-conflicto\\\/#breadcrumblist\"},\"author\":{\"@id\":\"https:\\\/\\\/candas365.es\\\/noticias\\\/author\\\/admin\\\/#author\"},\"creator\":{\"@id\":\"https:\\\/\\\/candas365.es\\\/noticias\\\/author\\\/admin\\\/#author\"},\"image\":{\"@type\":\"ImageObject\",\"url\":\"https:\\\/\\\/candas365.es\\\/noticias\\\/wp-content\\\/uploads\\\/2025\\\/10\\\/Afganistan.jpg\",\"@id\":\"https:\\\/\\\/candas365.es\\\/noticias\\\/pakistan-y-afganistan-abren-un-nuevo-frente-de-conflicto\\\/#mainImage\",\"width\":1023,\"height\":672,\"caption\":\"Foto: 123rf.com\"},\"primaryImageOfPage\":{\"@id\":\"https:\\\/\\\/candas365.es\\\/noticias\\\/pakistan-y-afganistan-abren-un-nuevo-frente-de-conflicto\\\/#mainImage\"},\"datePublished\":\"2025-10-15T22:18:40+02:00\",\"dateModified\":\"2025-10-15T22:18:40+02:00\"},{\"@type\":\"WebSite\",\"@id\":\"https:\\\/\\\/candas365.es\\\/noticias\\\/#website\",\"url\":\"https:\\\/\\\/candas365.es\\\/noticias\\\/\",\"name\":\"Cand\\u00e1s 365\",\"alternateName\":\"Cand\\u00e1s 365 Noticias\",\"description\":\"Actualidad desde Carre\\u00f1o para el mundo\",\"inLanguage\":\"es-ES\",\"publisher\":{\"@id\":\"https:\\\/\\\/candas365.es\\\/noticias\\\/#organization\"}}]}\n\t\t<\/script>\n\t\t<!-- All in One SEO Pro -->\r\n\t\t<title>Pakist\u00e1n y Afganist\u00e1n abren un nuevo frente de conflicto | Cand\u00e1s 365<\/title>\n\n","aioseo_head_json":{"title":"Pakist\u00e1n y Afganist\u00e1n abren un nuevo frente de conflicto | Cand\u00e1s 365","description":"La frontera entre Pakist\u00e1n y Afganist\u00e1n, escenario de v\u00ednculos religiosos y \u00e9tnicos durante d\u00e9cadas, se ha transformado en un nuevo foco de conflicto","canonical_url":"https:\/\/candas365.es\/noticias\/pakistan-y-afganistan-abren-un-nuevo-frente-de-conflicto\/","robots":"max-image-preview:large","keywords":"internacional","webmasterTools":{"google-site-verification":"UA-32230408-1","msvalidate.01":"354F3CDFB2DA171B47FBE9ABF1F88D5","miscellaneous":""},"schema":{"@context":"https:\/\/schema.org","@graph":[{"@type":"BreadcrumbList","@id":"https:\/\/candas365.es\/noticias\/pakistan-y-afganistan-abren-un-nuevo-frente-de-conflicto\/#breadcrumblist","itemListElement":[{"@type":"ListItem","@id":"https:\/\/candas365.es\/noticias#listItem","position":1,"name":"Home","item":"https:\/\/candas365.es\/noticias","nextItem":{"@type":"ListItem","@id":"https:\/\/candas365.es\/noticias\/category\/internacional\/#listItem","name":"Internacional"}},{"@type":"ListItem","@id":"https:\/\/candas365.es\/noticias\/category\/internacional\/#listItem","position":2,"name":"Internacional","item":"https:\/\/candas365.es\/noticias\/category\/internacional\/","nextItem":{"@type":"ListItem","@id":"https:\/\/candas365.es\/noticias\/pakistan-y-afganistan-abren-un-nuevo-frente-de-conflicto\/#listItem","name":"Pakist\u00e1n y Afganist\u00e1n abren un nuevo frente de conflicto"},"previousItem":{"@type":"ListItem","@id":"https:\/\/candas365.es\/noticias#listItem","name":"Home"}},{"@type":"ListItem","@id":"https:\/\/candas365.es\/noticias\/pakistan-y-afganistan-abren-un-nuevo-frente-de-conflicto\/#listItem","position":3,"name":"Pakist\u00e1n y Afganist\u00e1n abren un nuevo frente de conflicto","previousItem":{"@type":"ListItem","@id":"https:\/\/candas365.es\/noticias\/category\/internacional\/#listItem","name":"Internacional"}}]},{"@type":"NewsArticle","@id":"https:\/\/candas365.es\/noticias\/pakistan-y-afganistan-abren-un-nuevo-frente-de-conflicto\/#newsarticle","name":"Pakist\u00e1n y Afganist\u00e1n abren un nuevo frente de conflicto | Cand\u00e1s 365","headline":"Pakist\u00e1n y Afganist\u00e1n abren un nuevo frente de conflicto","author":{"@id":"https:\/\/candas365.es\/noticias\/author\/admin\/#author"},"publisher":{"@id":"https:\/\/candas365.es\/noticias\/#organization"},"image":{"@type":"ImageObject","url":"https:\/\/candas365.es\/noticias\/wp-content\/uploads\/2025\/10\/Afganistan.jpg","width":1023,"height":672,"caption":"Foto: 123rf.com"},"datePublished":"2025-10-15T22:18:40+02:00","dateModified":"2025-10-15T22:18:40+02:00","inLanguage":"es-ES","mainEntityOfPage":{"@id":"https:\/\/candas365.es\/noticias\/pakistan-y-afganistan-abren-un-nuevo-frente-de-conflicto\/#webpage"},"isPartOf":{"@id":"https:\/\/candas365.es\/noticias\/pakistan-y-afganistan-abren-un-nuevo-frente-de-conflicto\/#webpage"},"articleSection":"Internacional, conflictos, Internacional","dateline":"Publicado el octubre 15, 2025."},{"@type":"Organization","@id":"https:\/\/candas365.es\/noticias\/#organization","name":"Cand\u00e1s 365","description":"Cand\u00e1s 365 es un diario digital independiente, fundado en 2012, con base en Asturias. Informamos con rigor sobre actualidad, sociedad, cultura y ocio, con una mirada local y global.","url":"https:\/\/candas365.es\/noticias\/","email":"info@candas365.es","telephone":"+34652131393","foundingDate":"2012-06-10","logo":{"@type":"ImageObject","url":"https:\/\/candas365.es\/noticias\/wp-content\/uploads\/2024\/09\/Candas-365-Redes.jpg","@id":"https:\/\/candas365.es\/noticias\/pakistan-y-afganistan-abren-un-nuevo-frente-de-conflicto\/#organizationLogo","width":1152,"height":864,"caption":"Cand\u00e1s 365 Redes"},"image":{"@id":"https:\/\/candas365.es\/noticias\/pakistan-y-afganistan-abren-un-nuevo-frente-de-conflicto\/#organizationLogo"},"sameAs":["https:\/\/www.facebook.com\/Nachofdezber","https:\/\/x.com\/NabercoDigital","https:\/\/www.instagram.com\/nachofdezber\/","https:\/\/www.youtube.com\/channel\/UCZP-2wLEB9Rv6erhFmqVnvg"],"address":{"@id":"https:\/\/candas365.es\/noticias\/#postaladdress","@type":"PostalAddress","streetAddress":"san antonio 4, san antonio 4","postalCode":"33430","addressLocality":"Cand\u00e1s","addressRegion":"Asturias","addressCountry":"ES"}},{"@type":"Person","@id":"https:\/\/candas365.es\/noticias\/author\/admin\/#author","url":"https:\/\/candas365.es\/noticias\/author\/admin\/","name":"Cand\u00e1s 365","image":{"@type":"ImageObject","@id":"https:\/\/candas365.es\/noticias\/pakistan-y-afganistan-abren-un-nuevo-frente-de-conflicto\/#authorImage","url":"https:\/\/secure.gravatar.com\/avatar\/496a8e03d0c493ede1718b7934145dbdf8d89be1036b0eec9544e1094c9de390?s=96&d=mm&r=g","width":96,"height":96,"caption":"Cand\u00e1s 365"},"sameAs":["https:\/\/www.facebook.com\/carrenoactualidad","https:\/\/twitter.com\/nbasturias","https:\/\/www.instagram.com\/nachofdezber\/","https:\/\/www.youtube.com\/channel\/UCZP-2wLEB9Rv6erhFmqVnvg"]},{"@type":"WebPage","@id":"https:\/\/candas365.es\/noticias\/pakistan-y-afganistan-abren-un-nuevo-frente-de-conflicto\/#webpage","url":"https:\/\/candas365.es\/noticias\/pakistan-y-afganistan-abren-un-nuevo-frente-de-conflicto\/","name":"Pakist\u00e1n y Afganist\u00e1n abren un nuevo frente de conflicto | Cand\u00e1s 365","description":"La frontera entre Pakist\u00e1n y Afganist\u00e1n, escenario de v\u00ednculos religiosos y \u00e9tnicos durante d\u00e9cadas, se ha transformado en un nuevo foco de conflicto","inLanguage":"es-ES","isPartOf":{"@id":"https:\/\/candas365.es\/noticias\/#website"},"breadcrumb":{"@id":"https:\/\/candas365.es\/noticias\/pakistan-y-afganistan-abren-un-nuevo-frente-de-conflicto\/#breadcrumblist"},"author":{"@id":"https:\/\/candas365.es\/noticias\/author\/admin\/#author"},"creator":{"@id":"https:\/\/candas365.es\/noticias\/author\/admin\/#author"},"image":{"@type":"ImageObject","url":"https:\/\/candas365.es\/noticias\/wp-content\/uploads\/2025\/10\/Afganistan.jpg","@id":"https:\/\/candas365.es\/noticias\/pakistan-y-afganistan-abren-un-nuevo-frente-de-conflicto\/#mainImage","width":1023,"height":672,"caption":"Foto: 123rf.com"},"primaryImageOfPage":{"@id":"https:\/\/candas365.es\/noticias\/pakistan-y-afganistan-abren-un-nuevo-frente-de-conflicto\/#mainImage"},"datePublished":"2025-10-15T22:18:40+02:00","dateModified":"2025-10-15T22:18:40+02:00"},{"@type":"WebSite","@id":"https:\/\/candas365.es\/noticias\/#website","url":"https:\/\/candas365.es\/noticias\/","name":"Cand\u00e1s 365","alternateName":"Cand\u00e1s 365 Noticias","description":"Actualidad desde Carre\u00f1o para el mundo","inLanguage":"es-ES","publisher":{"@id":"https:\/\/candas365.es\/noticias\/#organization"}}]},"og:locale":"es_ES","og:site_name":"Cand\u00e1s 365","og:type":"article","og:title":"Pakist\u00e1n y Afganist\u00e1n abren un nuevo frente de conflicto | Cand\u00e1s 365","og:description":"La frontera entre Pakist\u00e1n y Afganist\u00e1n, escenario de v\u00ednculos religiosos y \u00e9tnicos durante d\u00e9cadas, se ha transformado en un nuevo foco de conflicto","og:url":"https:\/\/candas365.es\/noticias\/pakistan-y-afganistan-abren-un-nuevo-frente-de-conflicto\/","og:image":"https:\/\/candas365.es\/noticias\/wp-content\/uploads\/2025\/10\/Afganistan.jpg","og:image:secure_url":"https:\/\/candas365.es\/noticias\/wp-content\/uploads\/2025\/10\/Afganistan.jpg","og:image:width":1023,"og:image:height":672,"article:published_time":"2025-10-15T20:18:40+00:00","article:modified_time":"2025-10-15T20:18:40+00:00","article:publisher":"https:\/\/www.facebook.com\/Nachofdezber","article:author":"https:\/\/www.facebook.com\/carrenoactualidad","twitter:card":"summary_large_image","twitter:site":"@NabercoDigital","twitter:title":"Pakist\u00e1n y Afganist\u00e1n abren un nuevo frente de conflicto | Cand\u00e1s 365","twitter:description":"La frontera entre Pakist\u00e1n y Afganist\u00e1n, escenario de v\u00ednculos religiosos y \u00e9tnicos durante d\u00e9cadas, se ha transformado en un nuevo foco de conflicto","twitter:creator":"@nbasturias","twitter:image":"https:\/\/candas365.es\/noticias\/wp-content\/uploads\/2025\/10\/Afganistan.jpg","twitter:label1":"Escrito por","twitter:data1":"Cand\u00e1s 365","twitter:label2":"Tiempo de lectura estimado","twitter:data2":"3 minutos"},"aioseo_meta_data":{"post_id":"189111","title":null,"description":"La frontera entre Pakist\u00e1n y Afganist\u00e1n, escenario de v\u00ednculos religiosos y \u00e9tnicos durante d\u00e9cadas, se ha transformado en un nuevo foco de conflicto","keywords":null,"keyphrases":{"focus":{"keyphrase":"Afganist\u00e1n","score":100,"analysis":{"keyphraseInTitle":{"score":9,"maxScore":9,"error":0},"keyphraseInDescription":{"score":9,"maxScore":9,"error":0},"keyphraseLength":{"score":9,"maxScore":9,"error":0,"length":2},"keyphraseInURL":{"score":5,"maxScore":5,"error":0},"keyphraseInIntroduction":{"score":9,"maxScore":9,"error":0},"keyphraseInSubHeadings":[],"keyphraseInImageAlt":{"score":9,"maxScore":9,"error":0},"keywordDensity":{"type":"best","score":9,"maxScore":9,"error":0}}},"additional":[{"keyphrase":"conflicto","score":87,"analysis":{"keyphraseInDescription":{"score":9,"maxScore":9,"error":0},"keyphraseLength":{"score":9,"maxScore":9,"error":0,"length":1},"keyphraseInIntroduction":{"score":9,"maxScore":9,"error":0},"keyphraseInImageAlt":{"score":3,"maxScore":9,"error":1},"keywordDensity":{"type":"best","score":9,"maxScore":9,"error":0}}}]},"primary_term":null,"canonical_url":null,"og_title":null,"og_description":null,"og_object_type":"default","og_image_type":"default","og_image_url":null,"og_image_width":null,"og_image_height":null,"og_image_custom_url":null,"og_image_custom_fields":null,"og_video":"","og_custom_url":null,"og_article_section":null,"og_article_tags":null,"twitter_use_og":false,"twitter_card":"default","twitter_image_type":"default","twitter_image_url":null,"twitter_image_custom_url":null,"twitter_image_custom_fields":null,"twitter_title":null,"twitter_description":null,"schema":{"blockGraphs":[],"customGraphs":[],"default":{"data":{"Article":[],"Course":[],"Dataset":[],"FAQPage":[],"Movie":[],"Person":[],"Product":[],"ProductReview":[],"Car":[],"Recipe":[],"Service":[],"SoftwareApplication":[],"WebPage":[]},"graphName":"Article","isEnabled":true},"graphs":[]},"schema_type":"default","schema_type_options":null,"pillar_content":false,"robots_default":true,"robots_noindex":false,"robots_noarchive":false,"robots_nosnippet":false,"robots_nofollow":false,"robots_noimageindex":false,"robots_noodp":false,"robots_notranslate":false,"robots_max_snippet":"-1","robots_max_videopreview":"-1","robots_max_imagepreview":"large","priority":null,"frequency":"default","location":null,"local_seo":null,"seo_analyzer_scan_date":"2025-10-15 20:20:51","breadcrumb_settings":null,"limit_modified_date":false,"reviewed_by":null,"open_ai":null,"ai":{"faqs":[],"keyPoints":[],"titles":[],"descriptions":[],"socialPosts":{"email":[],"linkedin":[],"twitter":[],"facebook":[],"instagram":[]}},"created":"2025-10-15 20:12:16","updated":"2025-10-15 20:20:51"},"aioseo_breadcrumb":"<div class=\"aioseo-breadcrumbs\"><span class=\"aioseo-breadcrumb\">\n\t<a href=\"https:\/\/candas365.es\/noticias\" title=\"Home\">Home<\/a>\n<\/span><span class=\"aioseo-breadcrumb-separator\">&ndash;<\/span><span class=\"aioseo-breadcrumb\">\n\t<a href=\"https:\/\/candas365.es\/noticias\/category\/internacional\/\" title=\"Internacional\">Internacional<\/a>\n<\/span><span class=\"aioseo-breadcrumb-separator\">&ndash;<\/span><span class=\"aioseo-breadcrumb\">\n\tPakist\u00e1n y Afganist\u00e1n abren un nuevo frente de conflicto\n<\/span><\/div>","aioseo_breadcrumb_json":[{"label":"Home","link":"https:\/\/candas365.es\/noticias"},{"label":"Internacional","link":"https:\/\/candas365.es\/noticias\/category\/internacional\/"},{"label":"Pakist\u00e1n y Afganist\u00e1n abren un nuevo frente de conflicto","link":"https:\/\/candas365.es\/noticias\/pakistan-y-afganistan-abren-un-nuevo-frente-de-conflicto\/"}],"_links":{"self":[{"href":"https:\/\/candas365.es\/noticias\/wp-json\/wp\/v2\/posts\/189111","targetHints":{"allow":["GET"]}}],"collection":[{"href":"https:\/\/candas365.es\/noticias\/wp-json\/wp\/v2\/posts"}],"about":[{"href":"https:\/\/candas365.es\/noticias\/wp-json\/wp\/v2\/types\/post"}],"author":[{"embeddable":true,"href":"https:\/\/candas365.es\/noticias\/wp-json\/wp\/v2\/users\/1"}],"replies":[{"embeddable":true,"href":"https:\/\/candas365.es\/noticias\/wp-json\/wp\/v2\/comments?post=189111"}],"version-history":[{"count":0,"href":"https:\/\/candas365.es\/noticias\/wp-json\/wp\/v2\/posts\/189111\/revisions"}],"wp:featuredmedia":[{"embeddable":true,"href":"https:\/\/candas365.es\/noticias\/wp-json\/wp\/v2\/media\/189112"}],"wp:attachment":[{"href":"https:\/\/candas365.es\/noticias\/wp-json\/wp\/v2\/media?parent=189111"}],"wp:term":[{"taxonomy":"category","embeddable":true,"href":"https:\/\/candas365.es\/noticias\/wp-json\/wp\/v2\/categories?post=189111"},{"taxonomy":"post_tag","embeddable":true,"href":"https:\/\/candas365.es\/noticias\/wp-json\/wp\/v2\/tags?post=189111"}],"curies":[{"name":"wp","href":"https:\/\/api.w.org\/{rel}","templated":true}]}}