{"id":189085,"date":"2025-10-15T01:53:32","date_gmt":"2025-10-14T23:53:32","guid":{"rendered":"https:\/\/candas365.es\/noticias\/?p=189085"},"modified":"2025-10-15T01:53:32","modified_gmt":"2025-10-14T23:53:32","slug":"asturias-y-el-nuevo-pacto-para-el-medio-rural","status":"publish","type":"post","link":"https:\/\/candas365.es\/noticias\/asturias-y-el-nuevo-pacto-para-el-medio-rural\/","title":{"rendered":"Asturias y el nuevo pacto para el medio rural"},"content":{"rendered":"<p data-start=\"508\" data-end=\"928\"><span style=\"color: #ff6600;\"><strong>Asturias<\/strong><\/span> avanza en la definici\u00f3n de un <strong data-start=\"547\" data-end=\"581\">nuevo pacto por el medio rural<\/strong> que marca la hoja de ruta para garantizar la <strong data-start=\"627\" data-end=\"685\">viabilidad del campo como espacio de vida y de trabajo<\/strong>.<\/p>\n<figure id=\"attachment_189086\" aria-describedby=\"caption-attachment-189086\" style=\"width: 650px\" class=\"wp-caption aligncenter\"><img fetchpriority=\"high\" decoding=\"async\" class=\"size-large wp-image-189086\" src=\"https:\/\/candas365.es\/noticias\/wp-content\/uploads\/2025\/10\/Asturias-y-el-nuevo-pacto-para-el-medio-rural-650x443.jpg\" alt=\"Asturias y el nuevo pacto para el medio rural\" width=\"650\" height=\"443\" srcset=\"https:\/\/candas365.es\/noticias\/wp-content\/uploads\/2025\/10\/Asturias-y-el-nuevo-pacto-para-el-medio-rural-650x443.jpg 650w, https:\/\/candas365.es\/noticias\/wp-content\/uploads\/2025\/10\/Asturias-y-el-nuevo-pacto-para-el-medio-rural-360x245.jpg 360w, https:\/\/candas365.es\/noticias\/wp-content\/uploads\/2025\/10\/Asturias-y-el-nuevo-pacto-para-el-medio-rural-768x523.jpg 768w, https:\/\/candas365.es\/noticias\/wp-content\/uploads\/2025\/10\/Asturias-y-el-nuevo-pacto-para-el-medio-rural-150x102.jpg 150w, https:\/\/candas365.es\/noticias\/wp-content\/uploads\/2025\/10\/Asturias-y-el-nuevo-pacto-para-el-medio-rural-450x307.jpg 450w, https:\/\/candas365.es\/noticias\/wp-content\/uploads\/2025\/10\/Asturias-y-el-nuevo-pacto-para-el-medio-rural.jpg 979w\" sizes=\"(max-width: 650px) 100vw, 650px\" \/><figcaption id=\"caption-attachment-189086\" class=\"wp-caption-text\">Foto: Prensa Gobierno de Asturias<\/figcaption><\/figure>\n<p data-start=\"508\" data-end=\"928\">El documento, presentado por el <a href=\"https:\/\/actualidad.asturias.es\/\" target=\"_blank\" rel=\"noopener\"><span style=\"color: #ff6600;\"><strong data-start=\"721\" data-end=\"744\">Consejo de Gobierno<\/strong><\/span><\/a>, recoge <strong data-start=\"753\" data-end=\"809\">123 medidas estructuradas en cinco ejes estrat\u00e9gicos<\/strong> orientados a reforzar la ganader\u00eda, la agricultura, la gesti\u00f3n forestal, la planificaci\u00f3n agraria y la pesca mar\u00edtima.<\/p>\n<p data-start=\"930\" data-end=\"1342\">El <strong data-start=\"933\" data-end=\"998\">consejero de Medio Rural y Pol\u00edtica Agraria, Marcelino Marcos<\/strong>, explic\u00f3 que el pacto nace del di\u00e1logo con <strong data-start=\"1042\" data-end=\"1085\">agentes p\u00fablicos, sociales y econ\u00f3micos<\/strong>, y persigue blindar el desarrollo del sector primario hasta el a\u00f1o 2030.<\/p>\n<p data-start=\"930\" data-end=\"1342\">La propuesta busca <strong data-start=\"1180\" data-end=\"1267\">frenar la despoblaci\u00f3n, fortalecer el tejido productivo y modernizar el medio rural<\/strong>, manteniendo el equilibrio entre sostenibilidad, empleo y calidad de vida.<\/p>\n<h3 data-start=\"1349\" data-end=\"1397\"><strong data-start=\"1353\" data-end=\"1397\">Una visi\u00f3n compartida para el territorio<\/strong><\/h3>\n<p data-start=\"1399\" data-end=\"1703\">El documento se apoya en una <strong data-start=\"1428\" data-end=\"1460\">visi\u00f3n de futuro consensuada<\/strong> entre administraciones, profesionales y organizaciones agrarias.<\/p>\n<p data-start=\"1399\" data-end=\"1703\">Incluye acciones transversales en materia de <strong data-start=\"1573\" data-end=\"1632\">formaci\u00f3n, innovaci\u00f3n, conciliaci\u00f3n y gesti\u00f3n ambiental<\/strong>, con el objetivo de consolidar un modelo rural equilibrado y din\u00e1mico.<\/p>\n<h1 data-start=\"1399\" data-end=\"1703\">Entre los principales \u00e1mbitos de actuaci\u00f3n se incluyen:<\/h1>\n<h3 data-start=\"1767\" data-end=\"1802\"><strong data-start=\"1771\" data-end=\"1802\">Ganader\u00eda y sanidad agraria<\/strong><\/h3>\n<ul data-start=\"1803\" data-end=\"2191\">\n<li data-start=\"1803\" data-end=\"1911\">\n<p data-start=\"1805\" data-end=\"1911\">Defensa de la <strong data-start=\"1819\" data-end=\"1855\">explotaci\u00f3n familiar y extensiva<\/strong>, con apoyo a razas aut\u00f3ctonas y producci\u00f3n ecol\u00f3gica.<\/p>\n<\/li>\n<li data-start=\"1912\" data-end=\"1998\">\n<p data-start=\"1914\" data-end=\"1998\">Refuerzo de la <strong data-start=\"1929\" data-end=\"1957\">sanidad animal y vegetal<\/strong>, con campa\u00f1as de control y vacunaci\u00f3n.<\/p>\n<\/li>\n<li data-start=\"1999\" data-end=\"2115\">\n<p data-start=\"2001\" data-end=\"2115\">Ayudas directas por <strong data-start=\"2021\" data-end=\"2057\">499 millones de euros hasta 2029<\/strong> para modernizaci\u00f3n, bioseguridad y relevo generacional.<\/p>\n<\/li>\n<li data-start=\"2116\" data-end=\"2191\">\n<p data-start=\"2118\" data-end=\"2191\">Creaci\u00f3n de un <strong data-start=\"2133\" data-end=\"2157\">banco de germoplasma<\/strong> y programas de mejora gen\u00e9tica.<\/p>\n<\/li>\n<\/ul>\n<h3 data-start=\"2198\" data-end=\"2251\"><strong data-start=\"2202\" data-end=\"2251\">Agricultura, agroindustria y desarrollo rural<\/strong><\/h3>\n<ul data-start=\"2252\" data-end=\"2586\">\n<li data-start=\"2252\" data-end=\"2316\">\n<p data-start=\"2254\" data-end=\"2316\">Simplificaci\u00f3n de la <strong data-start=\"2275\" data-end=\"2282\">PAC<\/strong> y fomento de la digitalizaci\u00f3n.<\/p>\n<\/li>\n<li data-start=\"2317\" data-end=\"2387\">\n<p data-start=\"2319\" data-end=\"2387\">Apoyo a la apicultura, avicultura y cr\u00eda del <strong data-start=\"2364\" data-end=\"2384\">gochu asturcelta<\/strong>.<\/p>\n<\/li>\n<li data-start=\"2388\" data-end=\"2480\">\n<p data-start=\"2390\" data-end=\"2480\">Programas Leader, tique rural y tique asalariado para <strong data-start=\"2444\" data-end=\"2477\">emprendimiento y empleo local<\/strong>.<\/p>\n<\/li>\n<li data-start=\"2481\" data-end=\"2586\">\n<p data-start=\"2483\" data-end=\"2586\">Iniciativas para <strong data-start=\"2500\" data-end=\"2529\">mujeres y j\u00f3venes rurales<\/strong>, con acceso a la tierra y apoyo a la sucesi\u00f3n agraria.<\/p>\n<\/li>\n<\/ul>\n<h3 data-start=\"2593\" data-end=\"2617\"><strong data-start=\"2597\" data-end=\"2617\">Gesti\u00f3n forestal<\/strong><\/h3>\n<ul data-start=\"2618\" data-end=\"2862\">\n<li data-start=\"2618\" data-end=\"2688\">\n<p data-start=\"2620\" data-end=\"2688\">Plan de inversiones contra incendios con <strong data-start=\"2661\" data-end=\"2685\">15 millones de euros<\/strong>.<\/p>\n<\/li>\n<li data-start=\"2689\" data-end=\"2759\">\n<p data-start=\"2691\" data-end=\"2759\">Promoci\u00f3n del <strong data-start=\"2705\" data-end=\"2722\">silvopastoreo<\/strong> y la gesti\u00f3n sostenible del monte.<\/p>\n<\/li>\n<li data-start=\"2760\" data-end=\"2862\">\n<p data-start=\"2762\" data-end=\"2862\">Impulso de la participaci\u00f3n en la planificaci\u00f3n forestal y divulgaci\u00f3n de la cultura agroforestal.<\/p>\n<\/li>\n<\/ul>\n<h3 data-start=\"2869\" data-end=\"2911\"><strong data-start=\"2873\" data-end=\"2911\">Planificaci\u00f3n agraria y gobernanza<\/strong><\/h3>\n<ul data-start=\"2912\" data-end=\"3191\">\n<li data-start=\"2912\" data-end=\"3000\">\n<p data-start=\"2914\" data-end=\"3000\"><strong data-start=\"2914\" data-end=\"2963\">Modernizaci\u00f3n de oficinas comarcales agrarias<\/strong> y refuerzo de la atenci\u00f3n digital.<\/p>\n<\/li>\n<li data-start=\"3001\" data-end=\"3100\">\n<p data-start=\"3003\" data-end=\"3100\">Fortalecimiento del papel de los <strong data-start=\"3036\" data-end=\"3068\">grupos de acci\u00f3n local (GAL)<\/strong> y la cooperaci\u00f3n territorial.<\/p>\n<\/li>\n<li data-start=\"3101\" data-end=\"3191\">\n<p data-start=\"3103\" data-end=\"3191\">Creaci\u00f3n de un <strong data-start=\"3118\" data-end=\"3143\">nuevo contrato social<\/strong> entre territorio, instituciones y ciudadan\u00eda.<\/p>\n<\/li>\n<\/ul>\n<h3 data-start=\"3198\" data-end=\"3220\"><strong data-start=\"3202\" data-end=\"3220\">Pesca mar\u00edtima<\/strong><\/h3>\n<ul data-start=\"3221\" data-end=\"3477\">\n<li data-start=\"3221\" data-end=\"3293\">\n<p data-start=\"3223\" data-end=\"3293\">Refuerzo de la <strong data-start=\"3238\" data-end=\"3261\">vigilancia pesquera<\/strong> y lucha contra el furtivismo.<\/p>\n<\/li>\n<li data-start=\"3294\" data-end=\"3373\">\n<p data-start=\"3296\" data-end=\"3373\">Modernizaci\u00f3n de <strong data-start=\"3313\" data-end=\"3341\">lonjas y puntos de venta<\/strong>, con promoci\u00f3n internacional.<\/p>\n<\/li>\n<li data-start=\"3374\" data-end=\"3477\">\n<p data-start=\"3376\" data-end=\"3477\">Impulso de <strong data-start=\"3387\" data-end=\"3408\">sellos de calidad<\/strong> y comercializaci\u00f3n sostenible de los productos asturianos del mar.<\/p>\n<\/li>\n<\/ul>\n<p data-start=\"3484\" data-end=\"3728\">El pacto se consolidar\u00e1 en los pr\u00f3ximos meses a trav\u00e9s de un proceso de di\u00e1logo continuo.<br data-start=\"3573\" data-end=\"3576\" \/>Su prop\u00f3sito es <strong data-start=\"3592\" data-end=\"3706\">mantener vivo el medio rural, fortalecer la actividad agraria y asegurar el equilibrio territorial de Asturias<\/strong> en la pr\u00f3xima d\u00e9cada.<\/p>\n<p data-start=\"3735\" data-end=\"3759\"><strong data-start=\"3735\" data-end=\"3759\">Redacci\u00f3n Cand\u00e1s 365<\/strong><\/p>\n","protected":false},"excerpt":{"rendered":"<p>Asturias avanza en la definici\u00f3n de un nuevo pacto por el medio rural que marca la hoja de ruta para garantizar la viabilidad del campo como espacio de vida y de trabajo. El documento, presentado por el Consejo de Gobierno, recoge 123 medidas estructuradas en cinco ejes estrat\u00e9gicos orientados a reforzar la ganader\u00eda, la agricultura,<\/p>\n","protected":false},"author":1,"featured_media":189086,"comment_status":"closed","ping_status":"closed","sticky":false,"template":"","format":"standard","meta":{"footnotes":""},"categories":[7,316],"tags":[380],"class_list":{"0":"post-189085","1":"post","2":"type-post","3":"status-publish","4":"format-standard","5":"has-post-thumbnail","7":"category-asturias","8":"category-destacadas","9":"tag-asturias"},"aioseo_notices":[],"aioseo_head":"\n\t\t<!-- All in One SEO Pro 4.9.6.2 - aioseo.com -->\n\t<meta name=\"description\" content=\"Asturias avanza en la definici\u00f3n de un nuevo pacto por el medio rural que marca la hoja de ruta para garantizar la viabilidad del campo como espacio\" \/>\n\t<meta name=\"robots\" content=\"max-image-preview:large\" \/>\n\t<meta name=\"author\" content=\"Cand\u00e1s 365\"\/>\n\t<meta name=\"google-site-verification\" content=\"UA-32230408-1\" \/>\n\t<meta name=\"msvalidate.01\" content=\"354F3CDFB2DA171B47FBE9ABF1F88D5\" \/>\n\t<meta name=\"keywords\" content=\"asturias,destacadas\" \/>\n\t<link rel=\"canonical\" href=\"https:\/\/candas365.es\/noticias\/asturias-y-el-nuevo-pacto-para-el-medio-rural\/\" \/>\n\t<meta name=\"generator\" content=\"All in One SEO Pro (AIOSEO) 4.9.6.2\" \/>\n\t\t<meta property=\"og:locale\" content=\"es_ES\" \/>\n\t\t<meta property=\"og:site_name\" content=\"Cand\u00e1s 365\" \/>\n\t\t<meta property=\"og:type\" content=\"article\" \/>\n\t\t<meta property=\"og:title\" content=\"Asturias y el nuevo pacto para el medio rural | Cand\u00e1s 365\" \/>\n\t\t<meta property=\"og:description\" content=\"Asturias avanza en la definici\u00f3n de un nuevo pacto por el medio rural que marca la hoja de ruta para garantizar la viabilidad del campo como espacio\" \/>\n\t\t<meta property=\"og:url\" content=\"https:\/\/candas365.es\/noticias\/asturias-y-el-nuevo-pacto-para-el-medio-rural\/\" \/>\n\t\t<meta property=\"og:image\" content=\"https:\/\/candas365.es\/noticias\/wp-content\/uploads\/2025\/10\/Asturias-y-el-nuevo-pacto-para-el-medio-rural.jpg\" \/>\n\t\t<meta property=\"og:image:secure_url\" content=\"https:\/\/candas365.es\/noticias\/wp-content\/uploads\/2025\/10\/Asturias-y-el-nuevo-pacto-para-el-medio-rural.jpg\" \/>\n\t\t<meta property=\"og:image:width\" content=\"979\" \/>\n\t\t<meta property=\"og:image:height\" content=\"667\" \/>\n\t\t<meta property=\"article:published_time\" content=\"2025-10-14T23:53:32+00:00\" \/>\n\t\t<meta property=\"article:modified_time\" content=\"2025-10-14T23:53:32+00:00\" \/>\n\t\t<meta property=\"article:publisher\" content=\"https:\/\/www.facebook.com\/Nachofdezber\" \/>\n\t\t<meta property=\"article:author\" content=\"https:\/\/www.facebook.com\/carrenoactualidad\" \/>\n\t\t<meta name=\"twitter:card\" content=\"summary_large_image\" \/>\n\t\t<meta name=\"twitter:site\" content=\"@NabercoDigital\" \/>\n\t\t<meta name=\"twitter:title\" content=\"Asturias y el nuevo pacto para el medio rural | Cand\u00e1s 365\" \/>\n\t\t<meta name=\"twitter:description\" content=\"Asturias avanza en la definici\u00f3n de un nuevo pacto por el medio rural que marca la hoja de ruta para garantizar la viabilidad del campo como espacio\" \/>\n\t\t<meta name=\"twitter:creator\" content=\"@nbasturias\" \/>\n\t\t<meta name=\"twitter:image\" content=\"https:\/\/candas365.es\/noticias\/wp-content\/uploads\/2025\/10\/Asturias-y-el-nuevo-pacto-para-el-medio-rural.jpg\" \/>\n\t\t<meta name=\"twitter:label1\" content=\"Escrito por\" \/>\n\t\t<meta name=\"twitter:data1\" content=\"Cand\u00e1s 365\" \/>\n\t\t<meta name=\"twitter:label2\" content=\"Tiempo de lectura estimado\" \/>\n\t\t<meta name=\"twitter:data2\" content=\"3 minutos\" \/>\n\t\t<script type=\"application\/ld+json\" class=\"aioseo-schema\">\n\t\t\t{\"@context\":\"https:\\\/\\\/schema.org\",\"@graph\":[{\"@type\":\"BreadcrumbList\",\"@id\":\"https:\\\/\\\/candas365.es\\\/noticias\\\/asturias-y-el-nuevo-pacto-para-el-medio-rural\\\/#breadcrumblist\",\"itemListElement\":[{\"@type\":\"ListItem\",\"@id\":\"https:\\\/\\\/candas365.es\\\/noticias#listItem\",\"position\":1,\"name\":\"Home\",\"item\":\"https:\\\/\\\/candas365.es\\\/noticias\",\"nextItem\":{\"@type\":\"ListItem\",\"@id\":\"https:\\\/\\\/candas365.es\\\/noticias\\\/category\\\/asturias\\\/#listItem\",\"name\":\"Asturias\"}},{\"@type\":\"ListItem\",\"@id\":\"https:\\\/\\\/candas365.es\\\/noticias\\\/category\\\/asturias\\\/#listItem\",\"position\":2,\"name\":\"Asturias\",\"item\":\"https:\\\/\\\/candas365.es\\\/noticias\\\/category\\\/asturias\\\/\",\"nextItem\":{\"@type\":\"ListItem\",\"@id\":\"https:\\\/\\\/candas365.es\\\/noticias\\\/asturias-y-el-nuevo-pacto-para-el-medio-rural\\\/#listItem\",\"name\":\"Asturias y el nuevo pacto para el medio rural\"},\"previousItem\":{\"@type\":\"ListItem\",\"@id\":\"https:\\\/\\\/candas365.es\\\/noticias#listItem\",\"name\":\"Home\"}},{\"@type\":\"ListItem\",\"@id\":\"https:\\\/\\\/candas365.es\\\/noticias\\\/asturias-y-el-nuevo-pacto-para-el-medio-rural\\\/#listItem\",\"position\":3,\"name\":\"Asturias y el nuevo pacto para el medio rural\",\"previousItem\":{\"@type\":\"ListItem\",\"@id\":\"https:\\\/\\\/candas365.es\\\/noticias\\\/category\\\/asturias\\\/#listItem\",\"name\":\"Asturias\"}}]},{\"@type\":\"NewsArticle\",\"@id\":\"https:\\\/\\\/candas365.es\\\/noticias\\\/asturias-y-el-nuevo-pacto-para-el-medio-rural\\\/#newsarticle\",\"name\":\"Asturias y el nuevo pacto para el medio rural | Cand\\u00e1s 365\",\"headline\":\"Asturias y el nuevo pacto para el medio rural\",\"author\":{\"@id\":\"https:\\\/\\\/candas365.es\\\/noticias\\\/author\\\/admin\\\/#author\"},\"publisher\":{\"@id\":\"https:\\\/\\\/candas365.es\\\/noticias\\\/#organization\"},\"image\":{\"@type\":\"ImageObject\",\"url\":\"https:\\\/\\\/candas365.es\\\/noticias\\\/wp-content\\\/uploads\\\/2025\\\/10\\\/Asturias-y-el-nuevo-pacto-para-el-medio-rural.jpg\",\"width\":979,\"height\":667,\"caption\":\"Foto: Prensa Gobierno de Asturias\"},\"datePublished\":\"2025-10-15T01:53:32+02:00\",\"dateModified\":\"2025-10-15T01:53:32+02:00\",\"inLanguage\":\"es-ES\",\"mainEntityOfPage\":{\"@id\":\"https:\\\/\\\/candas365.es\\\/noticias\\\/asturias-y-el-nuevo-pacto-para-el-medio-rural\\\/#webpage\"},\"isPartOf\":{\"@id\":\"https:\\\/\\\/candas365.es\\\/noticias\\\/asturias-y-el-nuevo-pacto-para-el-medio-rural\\\/#webpage\"},\"articleSection\":\"Asturias, Destacadas, Asturias\",\"dateline\":\"Publicado el octubre 15, 2025.\"},{\"@type\":\"Organization\",\"@id\":\"https:\\\/\\\/candas365.es\\\/noticias\\\/#organization\",\"name\":\"Cand\\u00e1s 365\",\"description\":\"Cand\\u00e1s 365 es un diario digital independiente, fundado en 2012, con base en Asturias. Informamos con rigor sobre actualidad, sociedad, cultura y ocio, con una mirada local y global.\",\"url\":\"https:\\\/\\\/candas365.es\\\/noticias\\\/\",\"email\":\"info@candas365.es\",\"telephone\":\"+34652131393\",\"foundingDate\":\"2012-06-10\",\"logo\":{\"@type\":\"ImageObject\",\"url\":\"https:\\\/\\\/candas365.es\\\/noticias\\\/wp-content\\\/uploads\\\/2024\\\/09\\\/Candas-365-Redes.jpg\",\"@id\":\"https:\\\/\\\/candas365.es\\\/noticias\\\/asturias-y-el-nuevo-pacto-para-el-medio-rural\\\/#organizationLogo\",\"width\":1152,\"height\":864,\"caption\":\"Cand\\u00e1s 365 Redes\"},\"image\":{\"@id\":\"https:\\\/\\\/candas365.es\\\/noticias\\\/asturias-y-el-nuevo-pacto-para-el-medio-rural\\\/#organizationLogo\"},\"sameAs\":[\"https:\\\/\\\/www.facebook.com\\\/Nachofdezber\",\"https:\\\/\\\/x.com\\\/NabercoDigital\",\"https:\\\/\\\/www.instagram.com\\\/nachofdezber\\\/\",\"https:\\\/\\\/www.youtube.com\\\/channel\\\/UCZP-2wLEB9Rv6erhFmqVnvg\"],\"address\":{\"@id\":\"https:\\\/\\\/candas365.es\\\/noticias\\\/#postaladdress\",\"@type\":\"PostalAddress\",\"streetAddress\":\"san antonio 4, san antonio 4\",\"postalCode\":\"33430\",\"addressLocality\":\"Cand\\u00e1s\",\"addressRegion\":\"Asturias\",\"addressCountry\":\"ES\"}},{\"@type\":\"Person\",\"@id\":\"https:\\\/\\\/candas365.es\\\/noticias\\\/author\\\/admin\\\/#author\",\"url\":\"https:\\\/\\\/candas365.es\\\/noticias\\\/author\\\/admin\\\/\",\"name\":\"Cand\\u00e1s 365\",\"image\":{\"@type\":\"ImageObject\",\"@id\":\"https:\\\/\\\/candas365.es\\\/noticias\\\/asturias-y-el-nuevo-pacto-para-el-medio-rural\\\/#authorImage\",\"url\":\"https:\\\/\\\/secure.gravatar.com\\\/avatar\\\/496a8e03d0c493ede1718b7934145dbdf8d89be1036b0eec9544e1094c9de390?s=96&d=mm&r=g\",\"width\":96,\"height\":96,\"caption\":\"Cand\\u00e1s 365\"},\"sameAs\":[\"https:\\\/\\\/www.facebook.com\\\/carrenoactualidad\",\"https:\\\/\\\/twitter.com\\\/nbasturias\",\"https:\\\/\\\/www.instagram.com\\\/nachofdezber\\\/\",\"https:\\\/\\\/www.youtube.com\\\/channel\\\/UCZP-2wLEB9Rv6erhFmqVnvg\"]},{\"@type\":\"WebPage\",\"@id\":\"https:\\\/\\\/candas365.es\\\/noticias\\\/asturias-y-el-nuevo-pacto-para-el-medio-rural\\\/#webpage\",\"url\":\"https:\\\/\\\/candas365.es\\\/noticias\\\/asturias-y-el-nuevo-pacto-para-el-medio-rural\\\/\",\"name\":\"Asturias y el nuevo pacto para el medio rural | Cand\\u00e1s 365\",\"description\":\"Asturias avanza en la definici\\u00f3n de un nuevo pacto por el medio rural que marca la hoja de ruta para garantizar la viabilidad del campo como espacio\",\"inLanguage\":\"es-ES\",\"isPartOf\":{\"@id\":\"https:\\\/\\\/candas365.es\\\/noticias\\\/#website\"},\"breadcrumb\":{\"@id\":\"https:\\\/\\\/candas365.es\\\/noticias\\\/asturias-y-el-nuevo-pacto-para-el-medio-rural\\\/#breadcrumblist\"},\"author\":{\"@id\":\"https:\\\/\\\/candas365.es\\\/noticias\\\/author\\\/admin\\\/#author\"},\"creator\":{\"@id\":\"https:\\\/\\\/candas365.es\\\/noticias\\\/author\\\/admin\\\/#author\"},\"image\":{\"@type\":\"ImageObject\",\"url\":\"https:\\\/\\\/candas365.es\\\/noticias\\\/wp-content\\\/uploads\\\/2025\\\/10\\\/Asturias-y-el-nuevo-pacto-para-el-medio-rural.jpg\",\"@id\":\"https:\\\/\\\/candas365.es\\\/noticias\\\/asturias-y-el-nuevo-pacto-para-el-medio-rural\\\/#mainImage\",\"width\":979,\"height\":667,\"caption\":\"Foto: Prensa Gobierno de Asturias\"},\"primaryImageOfPage\":{\"@id\":\"https:\\\/\\\/candas365.es\\\/noticias\\\/asturias-y-el-nuevo-pacto-para-el-medio-rural\\\/#mainImage\"},\"datePublished\":\"2025-10-15T01:53:32+02:00\",\"dateModified\":\"2025-10-15T01:53:32+02:00\"},{\"@type\":\"WebSite\",\"@id\":\"https:\\\/\\\/candas365.es\\\/noticias\\\/#website\",\"url\":\"https:\\\/\\\/candas365.es\\\/noticias\\\/\",\"name\":\"Cand\\u00e1s 365\",\"alternateName\":\"Cand\\u00e1s 365 Noticias\",\"description\":\"Actualidad desde Carre\\u00f1o para el mundo\",\"inLanguage\":\"es-ES\",\"publisher\":{\"@id\":\"https:\\\/\\\/candas365.es\\\/noticias\\\/#organization\"}}]}\n\t\t<\/script>\n\t\t<!-- All in One SEO Pro -->\r\n\t\t<title>Asturias y el nuevo pacto para el medio rural | Cand\u00e1s 365<\/title>\n\n","aioseo_head_json":{"title":"Asturias y el nuevo pacto para el medio rural | Cand\u00e1s 365","description":"Asturias avanza en la definici\u00f3n de un nuevo pacto por el medio rural que marca la hoja de ruta para garantizar la viabilidad del campo como espacio","canonical_url":"https:\/\/candas365.es\/noticias\/asturias-y-el-nuevo-pacto-para-el-medio-rural\/","robots":"max-image-preview:large","keywords":"asturias,destacadas","webmasterTools":{"google-site-verification":"UA-32230408-1","msvalidate.01":"354F3CDFB2DA171B47FBE9ABF1F88D5","miscellaneous":""},"schema":{"@context":"https:\/\/schema.org","@graph":[{"@type":"BreadcrumbList","@id":"https:\/\/candas365.es\/noticias\/asturias-y-el-nuevo-pacto-para-el-medio-rural\/#breadcrumblist","itemListElement":[{"@type":"ListItem","@id":"https:\/\/candas365.es\/noticias#listItem","position":1,"name":"Home","item":"https:\/\/candas365.es\/noticias","nextItem":{"@type":"ListItem","@id":"https:\/\/candas365.es\/noticias\/category\/asturias\/#listItem","name":"Asturias"}},{"@type":"ListItem","@id":"https:\/\/candas365.es\/noticias\/category\/asturias\/#listItem","position":2,"name":"Asturias","item":"https:\/\/candas365.es\/noticias\/category\/asturias\/","nextItem":{"@type":"ListItem","@id":"https:\/\/candas365.es\/noticias\/asturias-y-el-nuevo-pacto-para-el-medio-rural\/#listItem","name":"Asturias y el nuevo pacto para el medio rural"},"previousItem":{"@type":"ListItem","@id":"https:\/\/candas365.es\/noticias#listItem","name":"Home"}},{"@type":"ListItem","@id":"https:\/\/candas365.es\/noticias\/asturias-y-el-nuevo-pacto-para-el-medio-rural\/#listItem","position":3,"name":"Asturias y el nuevo pacto para el medio rural","previousItem":{"@type":"ListItem","@id":"https:\/\/candas365.es\/noticias\/category\/asturias\/#listItem","name":"Asturias"}}]},{"@type":"NewsArticle","@id":"https:\/\/candas365.es\/noticias\/asturias-y-el-nuevo-pacto-para-el-medio-rural\/#newsarticle","name":"Asturias y el nuevo pacto para el medio rural | Cand\u00e1s 365","headline":"Asturias y el nuevo pacto para el medio rural","author":{"@id":"https:\/\/candas365.es\/noticias\/author\/admin\/#author"},"publisher":{"@id":"https:\/\/candas365.es\/noticias\/#organization"},"image":{"@type":"ImageObject","url":"https:\/\/candas365.es\/noticias\/wp-content\/uploads\/2025\/10\/Asturias-y-el-nuevo-pacto-para-el-medio-rural.jpg","width":979,"height":667,"caption":"Foto: Prensa Gobierno de Asturias"},"datePublished":"2025-10-15T01:53:32+02:00","dateModified":"2025-10-15T01:53:32+02:00","inLanguage":"es-ES","mainEntityOfPage":{"@id":"https:\/\/candas365.es\/noticias\/asturias-y-el-nuevo-pacto-para-el-medio-rural\/#webpage"},"isPartOf":{"@id":"https:\/\/candas365.es\/noticias\/asturias-y-el-nuevo-pacto-para-el-medio-rural\/#webpage"},"articleSection":"Asturias, Destacadas, Asturias","dateline":"Publicado el octubre 15, 2025."},{"@type":"Organization","@id":"https:\/\/candas365.es\/noticias\/#organization","name":"Cand\u00e1s 365","description":"Cand\u00e1s 365 es un diario digital independiente, fundado en 2012, con base en Asturias. Informamos con rigor sobre actualidad, sociedad, cultura y ocio, con una mirada local y global.","url":"https:\/\/candas365.es\/noticias\/","email":"info@candas365.es","telephone":"+34652131393","foundingDate":"2012-06-10","logo":{"@type":"ImageObject","url":"https:\/\/candas365.es\/noticias\/wp-content\/uploads\/2024\/09\/Candas-365-Redes.jpg","@id":"https:\/\/candas365.es\/noticias\/asturias-y-el-nuevo-pacto-para-el-medio-rural\/#organizationLogo","width":1152,"height":864,"caption":"Cand\u00e1s 365 Redes"},"image":{"@id":"https:\/\/candas365.es\/noticias\/asturias-y-el-nuevo-pacto-para-el-medio-rural\/#organizationLogo"},"sameAs":["https:\/\/www.facebook.com\/Nachofdezber","https:\/\/x.com\/NabercoDigital","https:\/\/www.instagram.com\/nachofdezber\/","https:\/\/www.youtube.com\/channel\/UCZP-2wLEB9Rv6erhFmqVnvg"],"address":{"@id":"https:\/\/candas365.es\/noticias\/#postaladdress","@type":"PostalAddress","streetAddress":"san antonio 4, san antonio 4","postalCode":"33430","addressLocality":"Cand\u00e1s","addressRegion":"Asturias","addressCountry":"ES"}},{"@type":"Person","@id":"https:\/\/candas365.es\/noticias\/author\/admin\/#author","url":"https:\/\/candas365.es\/noticias\/author\/admin\/","name":"Cand\u00e1s 365","image":{"@type":"ImageObject","@id":"https:\/\/candas365.es\/noticias\/asturias-y-el-nuevo-pacto-para-el-medio-rural\/#authorImage","url":"https:\/\/secure.gravatar.com\/avatar\/496a8e03d0c493ede1718b7934145dbdf8d89be1036b0eec9544e1094c9de390?s=96&d=mm&r=g","width":96,"height":96,"caption":"Cand\u00e1s 365"},"sameAs":["https:\/\/www.facebook.com\/carrenoactualidad","https:\/\/twitter.com\/nbasturias","https:\/\/www.instagram.com\/nachofdezber\/","https:\/\/www.youtube.com\/channel\/UCZP-2wLEB9Rv6erhFmqVnvg"]},{"@type":"WebPage","@id":"https:\/\/candas365.es\/noticias\/asturias-y-el-nuevo-pacto-para-el-medio-rural\/#webpage","url":"https:\/\/candas365.es\/noticias\/asturias-y-el-nuevo-pacto-para-el-medio-rural\/","name":"Asturias y el nuevo pacto para el medio rural | Cand\u00e1s 365","description":"Asturias avanza en la definici\u00f3n de un nuevo pacto por el medio rural que marca la hoja de ruta para garantizar la viabilidad del campo como espacio","inLanguage":"es-ES","isPartOf":{"@id":"https:\/\/candas365.es\/noticias\/#website"},"breadcrumb":{"@id":"https:\/\/candas365.es\/noticias\/asturias-y-el-nuevo-pacto-para-el-medio-rural\/#breadcrumblist"},"author":{"@id":"https:\/\/candas365.es\/noticias\/author\/admin\/#author"},"creator":{"@id":"https:\/\/candas365.es\/noticias\/author\/admin\/#author"},"image":{"@type":"ImageObject","url":"https:\/\/candas365.es\/noticias\/wp-content\/uploads\/2025\/10\/Asturias-y-el-nuevo-pacto-para-el-medio-rural.jpg","@id":"https:\/\/candas365.es\/noticias\/asturias-y-el-nuevo-pacto-para-el-medio-rural\/#mainImage","width":979,"height":667,"caption":"Foto: Prensa Gobierno de Asturias"},"primaryImageOfPage":{"@id":"https:\/\/candas365.es\/noticias\/asturias-y-el-nuevo-pacto-para-el-medio-rural\/#mainImage"},"datePublished":"2025-10-15T01:53:32+02:00","dateModified":"2025-10-15T01:53:32+02:00"},{"@type":"WebSite","@id":"https:\/\/candas365.es\/noticias\/#website","url":"https:\/\/candas365.es\/noticias\/","name":"Cand\u00e1s 365","alternateName":"Cand\u00e1s 365 Noticias","description":"Actualidad desde Carre\u00f1o para el mundo","inLanguage":"es-ES","publisher":{"@id":"https:\/\/candas365.es\/noticias\/#organization"}}]},"og:locale":"es_ES","og:site_name":"Cand\u00e1s 365","og:type":"article","og:title":"Asturias y el nuevo pacto para el medio rural | Cand\u00e1s 365","og:description":"Asturias avanza en la definici\u00f3n de un nuevo pacto por el medio rural que marca la hoja de ruta para garantizar la viabilidad del campo como espacio","og:url":"https:\/\/candas365.es\/noticias\/asturias-y-el-nuevo-pacto-para-el-medio-rural\/","og:image":"https:\/\/candas365.es\/noticias\/wp-content\/uploads\/2025\/10\/Asturias-y-el-nuevo-pacto-para-el-medio-rural.jpg","og:image:secure_url":"https:\/\/candas365.es\/noticias\/wp-content\/uploads\/2025\/10\/Asturias-y-el-nuevo-pacto-para-el-medio-rural.jpg","og:image:width":979,"og:image:height":667,"article:published_time":"2025-10-14T23:53:32+00:00","article:modified_time":"2025-10-14T23:53:32+00:00","article:publisher":"https:\/\/www.facebook.com\/Nachofdezber","article:author":"https:\/\/www.facebook.com\/carrenoactualidad","twitter:card":"summary_large_image","twitter:site":"@NabercoDigital","twitter:title":"Asturias y el nuevo pacto para el medio rural | Cand\u00e1s 365","twitter:description":"Asturias avanza en la definici\u00f3n de un nuevo pacto por el medio rural que marca la hoja de ruta para garantizar la viabilidad del campo como espacio","twitter:creator":"@nbasturias","twitter:image":"https:\/\/candas365.es\/noticias\/wp-content\/uploads\/2025\/10\/Asturias-y-el-nuevo-pacto-para-el-medio-rural.jpg","twitter:label1":"Escrito por","twitter:data1":"Cand\u00e1s 365","twitter:label2":"Tiempo de lectura estimado","twitter:data2":"3 minutos"},"aioseo_meta_data":{"post_id":"189085","title":null,"description":"Asturias avanza en la definici\u00f3n de un nuevo pacto por el medio rural que marca la hoja de ruta para garantizar la viabilidad del campo como espacio","keywords":null,"keyphrases":{"focus":{"keyphrase":"Asturias","score":91,"analysis":{"keyphraseInTitle":{"score":9,"maxScore":9,"error":0},"keyphraseInDescription":{"score":9,"maxScore":9,"error":0},"keyphraseLength":{"score":9,"maxScore":9,"error":0,"length":1},"keyphraseInURL":{"score":5,"maxScore":5,"error":0},"keyphraseInIntroduction":{"score":9,"maxScore":9,"error":0},"keyphraseInSubHeadings":{"score":3,"maxScore":9,"error":1},"keyphraseInImageAlt":{"score":9,"maxScore":9,"error":0},"keywordDensity":{"type":"best","score":9,"maxScore":9,"error":0}}},"additional":[{"keyphrase":"Asturias","score":100,"analysis":{"keyphraseInDescription":{"score":9,"maxScore":9,"error":0},"keyphraseLength":{"score":9,"maxScore":9,"error":0,"length":1},"keyphraseInIntroduction":{"score":9,"maxScore":9,"error":0},"keyphraseInImageAlt":{"score":9,"maxScore":9,"error":0},"keywordDensity":{"type":"best","score":9,"maxScore":9,"error":0}}}]},"primary_term":null,"canonical_url":null,"og_title":null,"og_description":null,"og_object_type":"default","og_image_type":"default","og_image_url":null,"og_image_width":null,"og_image_height":null,"og_image_custom_url":null,"og_image_custom_fields":null,"og_video":"","og_custom_url":null,"og_article_section":null,"og_article_tags":null,"twitter_use_og":false,"twitter_card":"default","twitter_image_type":"default","twitter_image_url":null,"twitter_image_custom_url":null,"twitter_image_custom_fields":null,"twitter_title":null,"twitter_description":null,"schema":{"blockGraphs":[],"customGraphs":[],"default":{"data":{"Article":[],"Course":[],"Dataset":[],"FAQPage":[],"Movie":[],"Person":[],"Product":[],"ProductReview":[],"Car":[],"Recipe":[],"Service":[],"SoftwareApplication":[],"WebPage":[]},"graphName":"Article","isEnabled":true},"graphs":[]},"schema_type":"default","schema_type_options":null,"pillar_content":false,"robots_default":true,"robots_noindex":false,"robots_noarchive":false,"robots_nosnippet":false,"robots_nofollow":false,"robots_noimageindex":false,"robots_noodp":false,"robots_notranslate":false,"robots_max_snippet":"-1","robots_max_videopreview":"-1","robots_max_imagepreview":"large","priority":null,"frequency":"default","location":null,"local_seo":null,"seo_analyzer_scan_date":"2025-10-14 23:54:14","breadcrumb_settings":null,"limit_modified_date":false,"reviewed_by":null,"open_ai":null,"ai":{"faqs":[],"keyPoints":[],"titles":[],"descriptions":[],"socialPosts":{"email":[],"linkedin":[],"twitter":[],"facebook":[],"instagram":[]}},"created":"2025-10-14 23:45:34","updated":"2025-10-14 23:57:54"},"aioseo_breadcrumb":"<div class=\"aioseo-breadcrumbs\"><span class=\"aioseo-breadcrumb\">\n\t<a href=\"https:\/\/candas365.es\/noticias\" title=\"Home\">Home<\/a>\n<\/span><span class=\"aioseo-breadcrumb-separator\">&ndash;<\/span><span class=\"aioseo-breadcrumb\">\n\t<a href=\"https:\/\/candas365.es\/noticias\/category\/asturias\/\" title=\"Asturias\">Asturias<\/a>\n<\/span><span class=\"aioseo-breadcrumb-separator\">&ndash;<\/span><span class=\"aioseo-breadcrumb\">\n\tAsturias y el nuevo pacto para el medio rural\n<\/span><\/div>","aioseo_breadcrumb_json":[{"label":"Home","link":"https:\/\/candas365.es\/noticias"},{"label":"Asturias","link":"https:\/\/candas365.es\/noticias\/category\/asturias\/"},{"label":"Asturias y el nuevo pacto para el medio rural","link":"https:\/\/candas365.es\/noticias\/asturias-y-el-nuevo-pacto-para-el-medio-rural\/"}],"_links":{"self":[{"href":"https:\/\/candas365.es\/noticias\/wp-json\/wp\/v2\/posts\/189085","targetHints":{"allow":["GET"]}}],"collection":[{"href":"https:\/\/candas365.es\/noticias\/wp-json\/wp\/v2\/posts"}],"about":[{"href":"https:\/\/candas365.es\/noticias\/wp-json\/wp\/v2\/types\/post"}],"author":[{"embeddable":true,"href":"https:\/\/candas365.es\/noticias\/wp-json\/wp\/v2\/users\/1"}],"replies":[{"embeddable":true,"href":"https:\/\/candas365.es\/noticias\/wp-json\/wp\/v2\/comments?post=189085"}],"version-history":[{"count":0,"href":"https:\/\/candas365.es\/noticias\/wp-json\/wp\/v2\/posts\/189085\/revisions"}],"wp:featuredmedia":[{"embeddable":true,"href":"https:\/\/candas365.es\/noticias\/wp-json\/wp\/v2\/media\/189086"}],"wp:attachment":[{"href":"https:\/\/candas365.es\/noticias\/wp-json\/wp\/v2\/media?parent=189085"}],"wp:term":[{"taxonomy":"category","embeddable":true,"href":"https:\/\/candas365.es\/noticias\/wp-json\/wp\/v2\/categories?post=189085"},{"taxonomy":"post_tag","embeddable":true,"href":"https:\/\/candas365.es\/noticias\/wp-json\/wp\/v2\/tags?post=189085"}],"curies":[{"name":"wp","href":"https:\/\/api.w.org\/{rel}","templated":true}]}}