{"id":189029,"date":"2025-10-13T18:45:38","date_gmt":"2025-10-13T16:45:38","guid":{"rendered":"https:\/\/candas365.es\/noticias\/?p=189029"},"modified":"2025-10-13T18:45:38","modified_gmt":"2025-10-13T16:45:38","slug":"ser-autonomo-en-espana-entre-la-libertad-y-el-riesgo","status":"publish","type":"post","link":"https:\/\/candas365.es\/noticias\/ser-autonomo-en-espana-entre-la-libertad-y-el-riesgo\/","title":{"rendered":"Ser aut\u00f3nomo en Espa\u00f1a: entre la libertad y el riesgo"},"content":{"rendered":"<p data-start=\"377\" data-end=\"563\">Ser aut\u00f3nomo en Espa\u00f1a combina independencia y esfuerzo. Analizamos su realidad, retos y valor en una econom\u00eda que necesita equilibrio y apoyo.<\/p>\n<figure id=\"attachment_189030\" aria-describedby=\"caption-attachment-189030\" style=\"width: 650px\" class=\"wp-caption aligncenter\"><img fetchpriority=\"high\" decoding=\"async\" class=\"size-large wp-image-189030\" src=\"https:\/\/candas365.es\/noticias\/wp-content\/uploads\/2025\/10\/autonomo-en-Espana-650x375.jpg\" alt=\"aut\u00f3nomo en Espa\u00f1a\" width=\"650\" height=\"375\" srcset=\"https:\/\/candas365.es\/noticias\/wp-content\/uploads\/2025\/10\/autonomo-en-Espana-650x375.jpg 650w, https:\/\/candas365.es\/noticias\/wp-content\/uploads\/2025\/10\/autonomo-en-Espana-360x208.jpg 360w, https:\/\/candas365.es\/noticias\/wp-content\/uploads\/2025\/10\/autonomo-en-Espana-768x443.jpg 768w, https:\/\/candas365.es\/noticias\/wp-content\/uploads\/2025\/10\/autonomo-en-Espana-150x87.jpg 150w, https:\/\/candas365.es\/noticias\/wp-content\/uploads\/2025\/10\/autonomo-en-Espana-450x260.jpg 450w, https:\/\/candas365.es\/noticias\/wp-content\/uploads\/2025\/10\/autonomo-en-Espana.jpg 1064w\" sizes=\"(max-width: 650px) 100vw, 650px\" \/><figcaption id=\"caption-attachment-189030\" class=\"wp-caption-text\">Foto: 123rf.com<\/figcaption><\/figure>\n<p data-start=\"570\" data-end=\"926\">Ser <a href=\"https:\/\/naberco.es\/category\/economia\/\" target=\"_blank\" rel=\"noopener\"><span style=\"color: #ff6600;\"><strong>aut\u00f3nomo en Espa\u00f1a<\/strong><\/span><\/a> es una elecci\u00f3n que combina ilusi\u00f3n, esfuerzo y una buena dosis de riesgo.<\/p>\n<p data-start=\"570\" data-end=\"926\">Cada proyecto que nace, desde una tienda hasta un estudio de dise\u00f1o o un taller artesanal, lleva detr\u00e1s una historia de iniciativa personal y de confianza en uno mismo. <strong>Pero tambi\u00e9n implica una traves\u00eda donde la estabilidad no siempre est\u00e1 garantizada.<\/strong><\/p>\n<p data-start=\"928\" data-end=\"1210\">El <a href=\"https:\/\/candas365.es\/noticias\/category\/economia\/\"><span style=\"color: #ff6600;\"><strong>trabajo aut\u00f3nomo<\/strong><\/span><\/a> es, al mismo tiempo, un motor econ\u00f3mico y un desaf\u00edo permanente. Miles de profesionales en Asturias y en toda Espa\u00f1a sostienen con su esfuerzo gran parte del tejido productivo, demostrando que emprender no es solo crear empresa, sino tambi\u00e9n crear comunidad.<\/p>\n<h3 data-start=\"1217\" data-end=\"1255\">Un pilar de la econom\u00eda espa\u00f1ola<\/h3>\n<p data-start=\"1257\" data-end=\"1566\">En Espa\u00f1a hay m\u00e1s de <strong data-start=\"1278\" data-end=\"1320\">3,3 millones de trabajadores aut\u00f3nomos<\/strong>, seg\u00fan los datos m\u00e1s recientes del Ministerio de Inclusi\u00f3n, Seguridad Social y Migraciones. Representan casi el <strong data-start=\"1435\" data-end=\"1460\">16 % del empleo total<\/strong> y son esenciales en sectores como el comercio, la hosteler\u00eda, el transporte o los servicios personales.<\/p>\n<p data-start=\"1568\" data-end=\"1850\">El sistema espa\u00f1ol de aut\u00f3nomos \u2014el <strong data-start=\"1604\" data-end=\"1657\">R\u00e9gimen Especial de Trabajadores Aut\u00f3nomos (RETA)<\/strong>\u2014 ha evolucionado en los \u00faltimos a\u00f1os. Con la reforma de cotizaci\u00f3n por ingresos reales, se intenta ajustar las cuotas a los beneficios, aunque la medida todav\u00eda genera debate y adaptaci\u00f3n.<\/p>\n<p data-start=\"1852\" data-end=\"2118\">La cuota m\u00ednima ronda los <strong data-start=\"1878\" data-end=\"1901\">230 euros mensuales<\/strong> para los ingresos m\u00e1s bajos, y aumenta progresivamente seg\u00fan los tramos declarados. A eso se suman gastos de gestor\u00eda, impuestos trimestrales y la necesidad de cubrir vacaciones o bajas m\u00e9dicas sin ayuda directa.<\/p>\n<h3 data-start=\"2125\" data-end=\"2157\">Libertad y responsabilidad<\/h3>\n<p data-start=\"2159\" data-end=\"2486\">Muchos aut\u00f3nomos destacan la libertad como su mayor recompensa. Elegir los horarios, el rumbo del negocio o el tipo de cliente supone una forma de independencia que no siempre se encuentra en el empleo asalariado. <strong>Tambi\u00e9n est\u00e1 la satisfacci\u00f3n de ver crecer un proyecto propio, fruto del esfuerzo personal y la constancia.<\/strong><\/p>\n<p data-start=\"2488\" data-end=\"2759\"><strong>Pero esa libertad tiene un precio<\/strong>. El aut\u00f3nomo asume la responsabilidad total: planifica, trabaja, factura y responde ante cualquier imprevisto. <strong>No hay pagas extra ni estabilidad garantizada, y el equilibrio entre vida personal y profesional es a menudo complicado.<\/strong><\/p>\n<h3 data-start=\"2766\" data-end=\"2800\">Asturias y el esfuerzo local<\/h3>\n<p data-start=\"2802\" data-end=\"3074\">En Asturias, donde la econom\u00eda combina tradici\u00f3n y servicios, el trabajo aut\u00f3nomo tiene una importancia especial. Desde los peque\u00f1os comercios de Cand\u00e1s hasta los negocios familiares del interior,<strong> los aut\u00f3nomos son parte esencial de la identidad econ\u00f3mica de la regi\u00f3n.<\/strong><\/p>\n<p data-start=\"3076\" data-end=\"3365\">En concejos como Carre\u00f1o, su papel se nota en cada calle: comercios de proximidad, hosteler\u00eda, mantenimiento, cultura y comunicaci\u00f3n. Cada aut\u00f3nomo es, en cierto modo, un punto de apoyo de la econom\u00eda local. <strong>Sus proyectos generan empleo indirecto, actividad y vida en los municipios.<\/strong><\/p>\n<p data-start=\"3367\" data-end=\"3620\">El reto est\u00e1 en mantener esa energ\u00eda emprendedora frente a los costes crecientes y la competencia global. <strong>La digitalizaci\u00f3n, la formaci\u00f3n continua y el acceso a ayudas reales son claves para que el esfuerzo de tantos profesionales tenga continuidad.<\/strong><\/p>\n<h3 data-start=\"3627\" data-end=\"3656\">Los retos del d\u00eda a d\u00eda<\/h3>\n<p data-start=\"3658\" data-end=\"3955\">Ser aut\u00f3nomo en Espa\u00f1a significa vivir pendiente de muchas cosas a la vez. Cumplir con los plazos fiscales, adaptar tarifas, mantener clientes , pagar la cuota y, al mismo tiempo, sostener la motivaci\u00f3n. La inseguridad econ\u00f3mica y la burocracia son, probablemente, los obst\u00e1culos m\u00e1s citados.<\/p>\n<p data-start=\"3957\" data-end=\"4170\">A ello se suma la falta de cobertura en etapas de dificultad. Aunque existen bonificaciones y medidas de apoyo, muchos aut\u00f3nomos reconocen que sigue siendo dif\u00edcil \u201cdesconectar\u201d sin que el negocio se resienta.<\/p>\n<p data-start=\"4172\" data-end=\"4374\">Las asociaciones profesionales insisten en la necesidad de un entorno m\u00e1s estable: cotizaciones adaptadas, asesoramiento accesible y pol\u00edticas que reconozcan el valor social del trabajo independiente.<\/p>\n<h3 data-start=\"4381\" data-end=\"4420\">M\u00e1s que cifras: una forma de vida<\/h3>\n<p data-start=\"4422\" data-end=\"4760\">Ser aut\u00f3nomo no es solo una categor\u00eda laboral, es tambi\u00e9n una actitud. La mayor\u00eda de quienes emprenden lo hacen movidos por una idea, por una vocaci\u00f3n o por el deseo de mantener viva una profesi\u00f3n. <strong>El aut\u00f3nomo vive en un equilibrio constante entre la ilusi\u00f3n y la incertidumbre, entre el riesgo y la satisfacci\u00f3n de seguir adelante.<\/strong><\/p>\n<p data-start=\"4762\" data-end=\"5040\">En un pa\u00eds donde las peque\u00f1as iniciativas sostienen buena parte del empleo, el reconocimiento a este colectivo deber\u00eda ir m\u00e1s all\u00e1 de los n\u00fameros. <strong>Detr\u00e1s de cada factura hay una historia de esfuerzo personal, una familia que conf\u00eda, un proyecto que se resiste a desaparece<\/strong>r.<\/p>\n<h3 data-start=\"5047\" data-end=\"5076\">Un equilibrio necesario<\/h3>\n<p data-start=\"5078\" data-end=\"5385\">El trabajo aut\u00f3nomo es, sin duda, un pilar de la econom\u00eda espa\u00f1ola. Pero su sostenibilidad pasa por alcanzar un equilibrio entre la libertad de emprender y la protecci\u00f3n necesaria frente a los riesgos. Ni privilegios ni abandono: un modelo justo, que valore lo que los aut\u00f3nomos aportan a la sociedad.<\/p>\n<p data-start=\"5387\" data-end=\"5724\">Espa\u00f1a necesita un marco que les permita crecer sin miedo, innovar sin penalizaciones y planificar su futuro con estabilidad.<\/p>\n<p data-start=\"5731\" data-end=\"5889\">\n<p data-start=\"5896\" data-end=\"6165\"><strong data-start=\"5896\" data-end=\"5915\">Nota editorial:<\/strong><br data-start=\"5915\" data-end=\"5918\" \/>Datos verificados del Ministerio de Inclusi\u00f3n, Seguridad Social y Migraciones (2024). Cifras aproximadas actualizadas a m\u00e1s de 3,3 millones de afiliados al RETA. Redacci\u00f3n original, tono neutral y sin fines pol\u00edticos.<\/p>\n<p data-start=\"5896\" data-end=\"6165\"><em data-start=\"6140\" data-end=\"6163\">Redacci\u00f3n Cand\u00e1s 365.<\/em><\/p>\n","protected":false},"excerpt":{"rendered":"<p>Ser aut\u00f3nomo en Espa\u00f1a combina independencia y esfuerzo. Analizamos su realidad, retos y valor en una econom\u00eda que necesita equilibrio y apoyo. Ser aut\u00f3nomo en Espa\u00f1a es una elecci\u00f3n que combina ilusi\u00f3n, esfuerzo y una buena dosis de riesgo. Cada proyecto que nace, desde una tienda hasta un estudio de dise\u00f1o o un taller artesanal,<\/p>\n","protected":false},"author":1,"featured_media":189030,"comment_status":"closed","ping_status":"closed","sticky":false,"template":"","format":"standard","meta":{"footnotes":""},"categories":[316,486],"tags":[437],"class_list":{"0":"post-189029","1":"post","2":"type-post","3":"status-publish","4":"format-standard","5":"has-post-thumbnail","7":"category-destacadas","8":"category-economia","9":"tag-economia"},"aioseo_notices":[],"aioseo_head":"\n\t\t<!-- All in One SEO Pro 4.9.6.2 - aioseo.com -->\n\t<meta name=\"description\" content=\"Ser aut\u00f3nomo en Espa\u00f1a combina independencia y esfuerzo. Analizamos su realidad, retos y valor en una econom\u00eda que necesita equilibrio y apoyo.\" \/>\n\t<meta name=\"robots\" content=\"max-image-preview:large\" \/>\n\t<meta name=\"author\" content=\"Cand\u00e1s 365\"\/>\n\t<meta name=\"google-site-verification\" content=\"UA-32230408-1\" \/>\n\t<meta name=\"msvalidate.01\" content=\"354F3CDFB2DA171B47FBE9ABF1F88D5\" \/>\n\t<meta name=\"keywords\" content=\"destacadas,econom\u00eda\" \/>\n\t<link rel=\"canonical\" href=\"https:\/\/candas365.es\/noticias\/ser-autonomo-en-espana-entre-la-libertad-y-el-riesgo\/\" \/>\n\t<meta name=\"generator\" content=\"All in One SEO Pro (AIOSEO) 4.9.6.2\" \/>\n\t\t<meta property=\"og:locale\" content=\"es_ES\" \/>\n\t\t<meta property=\"og:site_name\" content=\"Cand\u00e1s 365\" \/>\n\t\t<meta property=\"og:type\" content=\"article\" \/>\n\t\t<meta property=\"og:title\" content=\"Ser aut\u00f3nomo en Espa\u00f1a: entre la libertad y el riesgo | Cand\u00e1s 365\" \/>\n\t\t<meta property=\"og:description\" content=\"Ser aut\u00f3nomo en Espa\u00f1a combina independencia y esfuerzo. Analizamos su realidad, retos y valor en una econom\u00eda que necesita equilibrio y apoyo.\" \/>\n\t\t<meta property=\"og:url\" content=\"https:\/\/candas365.es\/noticias\/ser-autonomo-en-espana-entre-la-libertad-y-el-riesgo\/\" \/>\n\t\t<meta property=\"og:image\" content=\"https:\/\/candas365.es\/noticias\/wp-content\/uploads\/2025\/10\/autonomo-en-Espana.jpg\" \/>\n\t\t<meta property=\"og:image:secure_url\" content=\"https:\/\/candas365.es\/noticias\/wp-content\/uploads\/2025\/10\/autonomo-en-Espana.jpg\" \/>\n\t\t<meta property=\"og:image:width\" content=\"1064\" \/>\n\t\t<meta property=\"og:image:height\" content=\"614\" \/>\n\t\t<meta property=\"article:published_time\" content=\"2025-10-13T16:45:38+00:00\" \/>\n\t\t<meta property=\"article:modified_time\" content=\"2025-10-13T16:45:38+00:00\" \/>\n\t\t<meta property=\"article:publisher\" content=\"https:\/\/www.facebook.com\/Nachofdezber\" \/>\n\t\t<meta property=\"article:author\" content=\"https:\/\/www.facebook.com\/carrenoactualidad\" \/>\n\t\t<meta name=\"twitter:card\" content=\"summary_large_image\" \/>\n\t\t<meta name=\"twitter:site\" content=\"@NabercoDigital\" \/>\n\t\t<meta name=\"twitter:title\" content=\"Ser aut\u00f3nomo en Espa\u00f1a: entre la libertad y el riesgo | Cand\u00e1s 365\" \/>\n\t\t<meta name=\"twitter:description\" content=\"Ser aut\u00f3nomo en Espa\u00f1a combina independencia y esfuerzo. Analizamos su realidad, retos y valor en una econom\u00eda que necesita equilibrio y apoyo.\" \/>\n\t\t<meta name=\"twitter:creator\" content=\"@nbasturias\" \/>\n\t\t<meta name=\"twitter:image\" content=\"https:\/\/candas365.es\/noticias\/wp-content\/uploads\/2025\/10\/autonomo-en-Espana.jpg\" \/>\n\t\t<meta name=\"twitter:label1\" content=\"Escrito por\" \/>\n\t\t<meta name=\"twitter:data1\" content=\"Cand\u00e1s 365\" \/>\n\t\t<meta name=\"twitter:label2\" content=\"Tiempo de lectura estimado\" \/>\n\t\t<meta name=\"twitter:data2\" content=\"5 minutos\" \/>\n\t\t<script type=\"application\/ld+json\" class=\"aioseo-schema\">\n\t\t\t{\"@context\":\"https:\\\/\\\/schema.org\",\"@graph\":[{\"@type\":\"BreadcrumbList\",\"@id\":\"https:\\\/\\\/candas365.es\\\/noticias\\\/ser-autonomo-en-espana-entre-la-libertad-y-el-riesgo\\\/#breadcrumblist\",\"itemListElement\":[{\"@type\":\"ListItem\",\"@id\":\"https:\\\/\\\/candas365.es\\\/noticias#listItem\",\"position\":1,\"name\":\"Home\",\"item\":\"https:\\\/\\\/candas365.es\\\/noticias\",\"nextItem\":{\"@type\":\"ListItem\",\"@id\":\"https:\\\/\\\/candas365.es\\\/noticias\\\/category\\\/destacadas\\\/#listItem\",\"name\":\"Destacadas\"}},{\"@type\":\"ListItem\",\"@id\":\"https:\\\/\\\/candas365.es\\\/noticias\\\/category\\\/destacadas\\\/#listItem\",\"position\":2,\"name\":\"Destacadas\",\"item\":\"https:\\\/\\\/candas365.es\\\/noticias\\\/category\\\/destacadas\\\/\",\"nextItem\":{\"@type\":\"ListItem\",\"@id\":\"https:\\\/\\\/candas365.es\\\/noticias\\\/ser-autonomo-en-espana-entre-la-libertad-y-el-riesgo\\\/#listItem\",\"name\":\"Ser aut\\u00f3nomo en Espa\\u00f1a: entre la libertad y el riesgo\"},\"previousItem\":{\"@type\":\"ListItem\",\"@id\":\"https:\\\/\\\/candas365.es\\\/noticias#listItem\",\"name\":\"Home\"}},{\"@type\":\"ListItem\",\"@id\":\"https:\\\/\\\/candas365.es\\\/noticias\\\/ser-autonomo-en-espana-entre-la-libertad-y-el-riesgo\\\/#listItem\",\"position\":3,\"name\":\"Ser aut\\u00f3nomo en Espa\\u00f1a: entre la libertad y el riesgo\",\"previousItem\":{\"@type\":\"ListItem\",\"@id\":\"https:\\\/\\\/candas365.es\\\/noticias\\\/category\\\/destacadas\\\/#listItem\",\"name\":\"Destacadas\"}}]},{\"@type\":\"NewsArticle\",\"@id\":\"https:\\\/\\\/candas365.es\\\/noticias\\\/ser-autonomo-en-espana-entre-la-libertad-y-el-riesgo\\\/#newsarticle\",\"name\":\"Ser aut\\u00f3nomo en Espa\\u00f1a: entre la libertad y el riesgo | Cand\\u00e1s 365\",\"headline\":\"Ser aut\\u00f3nomo en Espa\\u00f1a: entre la libertad y el riesgo\",\"author\":{\"@id\":\"https:\\\/\\\/candas365.es\\\/noticias\\\/author\\\/admin\\\/#author\"},\"publisher\":{\"@id\":\"https:\\\/\\\/candas365.es\\\/noticias\\\/#organization\"},\"image\":{\"@type\":\"ImageObject\",\"url\":\"https:\\\/\\\/candas365.es\\\/noticias\\\/wp-content\\\/uploads\\\/2025\\\/10\\\/autonomo-en-Espana.jpg\",\"width\":1064,\"height\":614,\"caption\":\"Foto: 123rf.com\"},\"datePublished\":\"2025-10-13T18:45:38+02:00\",\"dateModified\":\"2025-10-13T18:45:38+02:00\",\"inLanguage\":\"es-ES\",\"mainEntityOfPage\":{\"@id\":\"https:\\\/\\\/candas365.es\\\/noticias\\\/ser-autonomo-en-espana-entre-la-libertad-y-el-riesgo\\\/#webpage\"},\"isPartOf\":{\"@id\":\"https:\\\/\\\/candas365.es\\\/noticias\\\/ser-autonomo-en-espana-entre-la-libertad-y-el-riesgo\\\/#webpage\"},\"articleSection\":\"Destacadas, Econom\\u00eda, Econom\\u00eda\",\"dateline\":\"Publicado el octubre 13, 2025.\"},{\"@type\":\"Organization\",\"@id\":\"https:\\\/\\\/candas365.es\\\/noticias\\\/#organization\",\"name\":\"Cand\\u00e1s 365\",\"description\":\"Cand\\u00e1s 365 es un diario digital independiente, fundado en 2012, con base en Asturias. Informamos con rigor sobre actualidad, sociedad, cultura y ocio, con una mirada local y global.\",\"url\":\"https:\\\/\\\/candas365.es\\\/noticias\\\/\",\"email\":\"info@candas365.es\",\"telephone\":\"+34652131393\",\"foundingDate\":\"2012-06-10\",\"logo\":{\"@type\":\"ImageObject\",\"url\":\"https:\\\/\\\/candas365.es\\\/noticias\\\/wp-content\\\/uploads\\\/2024\\\/09\\\/Candas-365-Redes.jpg\",\"@id\":\"https:\\\/\\\/candas365.es\\\/noticias\\\/ser-autonomo-en-espana-entre-la-libertad-y-el-riesgo\\\/#organizationLogo\",\"width\":1152,\"height\":864,\"caption\":\"Cand\\u00e1s 365 Redes\"},\"image\":{\"@id\":\"https:\\\/\\\/candas365.es\\\/noticias\\\/ser-autonomo-en-espana-entre-la-libertad-y-el-riesgo\\\/#organizationLogo\"},\"sameAs\":[\"https:\\\/\\\/www.facebook.com\\\/Nachofdezber\",\"https:\\\/\\\/x.com\\\/NabercoDigital\",\"https:\\\/\\\/www.instagram.com\\\/nachofdezber\\\/\",\"https:\\\/\\\/www.youtube.com\\\/channel\\\/UCZP-2wLEB9Rv6erhFmqVnvg\"],\"address\":{\"@id\":\"https:\\\/\\\/candas365.es\\\/noticias\\\/#postaladdress\",\"@type\":\"PostalAddress\",\"streetAddress\":\"san antonio 4, san antonio 4\",\"postalCode\":\"33430\",\"addressLocality\":\"Cand\\u00e1s\",\"addressRegion\":\"Asturias\",\"addressCountry\":\"ES\"}},{\"@type\":\"Person\",\"@id\":\"https:\\\/\\\/candas365.es\\\/noticias\\\/author\\\/admin\\\/#author\",\"url\":\"https:\\\/\\\/candas365.es\\\/noticias\\\/author\\\/admin\\\/\",\"name\":\"Cand\\u00e1s 365\",\"image\":{\"@type\":\"ImageObject\",\"@id\":\"https:\\\/\\\/candas365.es\\\/noticias\\\/ser-autonomo-en-espana-entre-la-libertad-y-el-riesgo\\\/#authorImage\",\"url\":\"https:\\\/\\\/secure.gravatar.com\\\/avatar\\\/496a8e03d0c493ede1718b7934145dbdf8d89be1036b0eec9544e1094c9de390?s=96&d=mm&r=g\",\"width\":96,\"height\":96,\"caption\":\"Cand\\u00e1s 365\"},\"sameAs\":[\"https:\\\/\\\/www.facebook.com\\\/carrenoactualidad\",\"https:\\\/\\\/twitter.com\\\/nbasturias\",\"https:\\\/\\\/www.instagram.com\\\/nachofdezber\\\/\",\"https:\\\/\\\/www.youtube.com\\\/channel\\\/UCZP-2wLEB9Rv6erhFmqVnvg\"]},{\"@type\":\"WebPage\",\"@id\":\"https:\\\/\\\/candas365.es\\\/noticias\\\/ser-autonomo-en-espana-entre-la-libertad-y-el-riesgo\\\/#webpage\",\"url\":\"https:\\\/\\\/candas365.es\\\/noticias\\\/ser-autonomo-en-espana-entre-la-libertad-y-el-riesgo\\\/\",\"name\":\"Ser aut\\u00f3nomo en Espa\\u00f1a: entre la libertad y el riesgo | Cand\\u00e1s 365\",\"description\":\"Ser aut\\u00f3nomo en Espa\\u00f1a combina independencia y esfuerzo. Analizamos su realidad, retos y valor en una econom\\u00eda que necesita equilibrio y apoyo.\",\"inLanguage\":\"es-ES\",\"isPartOf\":{\"@id\":\"https:\\\/\\\/candas365.es\\\/noticias\\\/#website\"},\"breadcrumb\":{\"@id\":\"https:\\\/\\\/candas365.es\\\/noticias\\\/ser-autonomo-en-espana-entre-la-libertad-y-el-riesgo\\\/#breadcrumblist\"},\"author\":{\"@id\":\"https:\\\/\\\/candas365.es\\\/noticias\\\/author\\\/admin\\\/#author\"},\"creator\":{\"@id\":\"https:\\\/\\\/candas365.es\\\/noticias\\\/author\\\/admin\\\/#author\"},\"image\":{\"@type\":\"ImageObject\",\"url\":\"https:\\\/\\\/candas365.es\\\/noticias\\\/wp-content\\\/uploads\\\/2025\\\/10\\\/autonomo-en-Espana.jpg\",\"@id\":\"https:\\\/\\\/candas365.es\\\/noticias\\\/ser-autonomo-en-espana-entre-la-libertad-y-el-riesgo\\\/#mainImage\",\"width\":1064,\"height\":614,\"caption\":\"Foto: 123rf.com\"},\"primaryImageOfPage\":{\"@id\":\"https:\\\/\\\/candas365.es\\\/noticias\\\/ser-autonomo-en-espana-entre-la-libertad-y-el-riesgo\\\/#mainImage\"},\"datePublished\":\"2025-10-13T18:45:38+02:00\",\"dateModified\":\"2025-10-13T18:45:38+02:00\"},{\"@type\":\"WebSite\",\"@id\":\"https:\\\/\\\/candas365.es\\\/noticias\\\/#website\",\"url\":\"https:\\\/\\\/candas365.es\\\/noticias\\\/\",\"name\":\"Cand\\u00e1s 365\",\"alternateName\":\"Cand\\u00e1s 365 Noticias\",\"description\":\"Actualidad desde Carre\\u00f1o para el mundo\",\"inLanguage\":\"es-ES\",\"publisher\":{\"@id\":\"https:\\\/\\\/candas365.es\\\/noticias\\\/#organization\"}}]}\n\t\t<\/script>\n\t\t<!-- All in One SEO Pro -->\r\n\t\t<title>Ser aut\u00f3nomo en Espa\u00f1a: entre la libertad y el riesgo | Cand\u00e1s 365<\/title>\n\n","aioseo_head_json":{"title":"Ser aut\u00f3nomo en Espa\u00f1a: entre la libertad y el riesgo | Cand\u00e1s 365","description":"Ser aut\u00f3nomo en Espa\u00f1a combina independencia y esfuerzo. Analizamos su realidad, retos y valor en una econom\u00eda que necesita equilibrio y apoyo.","canonical_url":"https:\/\/candas365.es\/noticias\/ser-autonomo-en-espana-entre-la-libertad-y-el-riesgo\/","robots":"max-image-preview:large","keywords":"destacadas,econom\u00eda","webmasterTools":{"google-site-verification":"UA-32230408-1","msvalidate.01":"354F3CDFB2DA171B47FBE9ABF1F88D5","miscellaneous":""},"schema":{"@context":"https:\/\/schema.org","@graph":[{"@type":"BreadcrumbList","@id":"https:\/\/candas365.es\/noticias\/ser-autonomo-en-espana-entre-la-libertad-y-el-riesgo\/#breadcrumblist","itemListElement":[{"@type":"ListItem","@id":"https:\/\/candas365.es\/noticias#listItem","position":1,"name":"Home","item":"https:\/\/candas365.es\/noticias","nextItem":{"@type":"ListItem","@id":"https:\/\/candas365.es\/noticias\/category\/destacadas\/#listItem","name":"Destacadas"}},{"@type":"ListItem","@id":"https:\/\/candas365.es\/noticias\/category\/destacadas\/#listItem","position":2,"name":"Destacadas","item":"https:\/\/candas365.es\/noticias\/category\/destacadas\/","nextItem":{"@type":"ListItem","@id":"https:\/\/candas365.es\/noticias\/ser-autonomo-en-espana-entre-la-libertad-y-el-riesgo\/#listItem","name":"Ser aut\u00f3nomo en Espa\u00f1a: entre la libertad y el riesgo"},"previousItem":{"@type":"ListItem","@id":"https:\/\/candas365.es\/noticias#listItem","name":"Home"}},{"@type":"ListItem","@id":"https:\/\/candas365.es\/noticias\/ser-autonomo-en-espana-entre-la-libertad-y-el-riesgo\/#listItem","position":3,"name":"Ser aut\u00f3nomo en Espa\u00f1a: entre la libertad y el riesgo","previousItem":{"@type":"ListItem","@id":"https:\/\/candas365.es\/noticias\/category\/destacadas\/#listItem","name":"Destacadas"}}]},{"@type":"NewsArticle","@id":"https:\/\/candas365.es\/noticias\/ser-autonomo-en-espana-entre-la-libertad-y-el-riesgo\/#newsarticle","name":"Ser aut\u00f3nomo en Espa\u00f1a: entre la libertad y el riesgo | Cand\u00e1s 365","headline":"Ser aut\u00f3nomo en Espa\u00f1a: entre la libertad y el riesgo","author":{"@id":"https:\/\/candas365.es\/noticias\/author\/admin\/#author"},"publisher":{"@id":"https:\/\/candas365.es\/noticias\/#organization"},"image":{"@type":"ImageObject","url":"https:\/\/candas365.es\/noticias\/wp-content\/uploads\/2025\/10\/autonomo-en-Espana.jpg","width":1064,"height":614,"caption":"Foto: 123rf.com"},"datePublished":"2025-10-13T18:45:38+02:00","dateModified":"2025-10-13T18:45:38+02:00","inLanguage":"es-ES","mainEntityOfPage":{"@id":"https:\/\/candas365.es\/noticias\/ser-autonomo-en-espana-entre-la-libertad-y-el-riesgo\/#webpage"},"isPartOf":{"@id":"https:\/\/candas365.es\/noticias\/ser-autonomo-en-espana-entre-la-libertad-y-el-riesgo\/#webpage"},"articleSection":"Destacadas, Econom\u00eda, Econom\u00eda","dateline":"Publicado el octubre 13, 2025."},{"@type":"Organization","@id":"https:\/\/candas365.es\/noticias\/#organization","name":"Cand\u00e1s 365","description":"Cand\u00e1s 365 es un diario digital independiente, fundado en 2012, con base en Asturias. Informamos con rigor sobre actualidad, sociedad, cultura y ocio, con una mirada local y global.","url":"https:\/\/candas365.es\/noticias\/","email":"info@candas365.es","telephone":"+34652131393","foundingDate":"2012-06-10","logo":{"@type":"ImageObject","url":"https:\/\/candas365.es\/noticias\/wp-content\/uploads\/2024\/09\/Candas-365-Redes.jpg","@id":"https:\/\/candas365.es\/noticias\/ser-autonomo-en-espana-entre-la-libertad-y-el-riesgo\/#organizationLogo","width":1152,"height":864,"caption":"Cand\u00e1s 365 Redes"},"image":{"@id":"https:\/\/candas365.es\/noticias\/ser-autonomo-en-espana-entre-la-libertad-y-el-riesgo\/#organizationLogo"},"sameAs":["https:\/\/www.facebook.com\/Nachofdezber","https:\/\/x.com\/NabercoDigital","https:\/\/www.instagram.com\/nachofdezber\/","https:\/\/www.youtube.com\/channel\/UCZP-2wLEB9Rv6erhFmqVnvg"],"address":{"@id":"https:\/\/candas365.es\/noticias\/#postaladdress","@type":"PostalAddress","streetAddress":"san antonio 4, san antonio 4","postalCode":"33430","addressLocality":"Cand\u00e1s","addressRegion":"Asturias","addressCountry":"ES"}},{"@type":"Person","@id":"https:\/\/candas365.es\/noticias\/author\/admin\/#author","url":"https:\/\/candas365.es\/noticias\/author\/admin\/","name":"Cand\u00e1s 365","image":{"@type":"ImageObject","@id":"https:\/\/candas365.es\/noticias\/ser-autonomo-en-espana-entre-la-libertad-y-el-riesgo\/#authorImage","url":"https:\/\/secure.gravatar.com\/avatar\/496a8e03d0c493ede1718b7934145dbdf8d89be1036b0eec9544e1094c9de390?s=96&d=mm&r=g","width":96,"height":96,"caption":"Cand\u00e1s 365"},"sameAs":["https:\/\/www.facebook.com\/carrenoactualidad","https:\/\/twitter.com\/nbasturias","https:\/\/www.instagram.com\/nachofdezber\/","https:\/\/www.youtube.com\/channel\/UCZP-2wLEB9Rv6erhFmqVnvg"]},{"@type":"WebPage","@id":"https:\/\/candas365.es\/noticias\/ser-autonomo-en-espana-entre-la-libertad-y-el-riesgo\/#webpage","url":"https:\/\/candas365.es\/noticias\/ser-autonomo-en-espana-entre-la-libertad-y-el-riesgo\/","name":"Ser aut\u00f3nomo en Espa\u00f1a: entre la libertad y el riesgo | Cand\u00e1s 365","description":"Ser aut\u00f3nomo en Espa\u00f1a combina independencia y esfuerzo. Analizamos su realidad, retos y valor en una econom\u00eda que necesita equilibrio y apoyo.","inLanguage":"es-ES","isPartOf":{"@id":"https:\/\/candas365.es\/noticias\/#website"},"breadcrumb":{"@id":"https:\/\/candas365.es\/noticias\/ser-autonomo-en-espana-entre-la-libertad-y-el-riesgo\/#breadcrumblist"},"author":{"@id":"https:\/\/candas365.es\/noticias\/author\/admin\/#author"},"creator":{"@id":"https:\/\/candas365.es\/noticias\/author\/admin\/#author"},"image":{"@type":"ImageObject","url":"https:\/\/candas365.es\/noticias\/wp-content\/uploads\/2025\/10\/autonomo-en-Espana.jpg","@id":"https:\/\/candas365.es\/noticias\/ser-autonomo-en-espana-entre-la-libertad-y-el-riesgo\/#mainImage","width":1064,"height":614,"caption":"Foto: 123rf.com"},"primaryImageOfPage":{"@id":"https:\/\/candas365.es\/noticias\/ser-autonomo-en-espana-entre-la-libertad-y-el-riesgo\/#mainImage"},"datePublished":"2025-10-13T18:45:38+02:00","dateModified":"2025-10-13T18:45:38+02:00"},{"@type":"WebSite","@id":"https:\/\/candas365.es\/noticias\/#website","url":"https:\/\/candas365.es\/noticias\/","name":"Cand\u00e1s 365","alternateName":"Cand\u00e1s 365 Noticias","description":"Actualidad desde Carre\u00f1o para el mundo","inLanguage":"es-ES","publisher":{"@id":"https:\/\/candas365.es\/noticias\/#organization"}}]},"og:locale":"es_ES","og:site_name":"Cand\u00e1s 365","og:type":"article","og:title":"Ser aut\u00f3nomo en Espa\u00f1a: entre la libertad y el riesgo | Cand\u00e1s 365","og:description":"Ser aut\u00f3nomo en Espa\u00f1a combina independencia y esfuerzo. Analizamos su realidad, retos y valor en una econom\u00eda que necesita equilibrio y apoyo.","og:url":"https:\/\/candas365.es\/noticias\/ser-autonomo-en-espana-entre-la-libertad-y-el-riesgo\/","og:image":"https:\/\/candas365.es\/noticias\/wp-content\/uploads\/2025\/10\/autonomo-en-Espana.jpg","og:image:secure_url":"https:\/\/candas365.es\/noticias\/wp-content\/uploads\/2025\/10\/autonomo-en-Espana.jpg","og:image:width":1064,"og:image:height":614,"article:published_time":"2025-10-13T16:45:38+00:00","article:modified_time":"2025-10-13T16:45:38+00:00","article:publisher":"https:\/\/www.facebook.com\/Nachofdezber","article:author":"https:\/\/www.facebook.com\/carrenoactualidad","twitter:card":"summary_large_image","twitter:site":"@NabercoDigital","twitter:title":"Ser aut\u00f3nomo en Espa\u00f1a: entre la libertad y el riesgo | Cand\u00e1s 365","twitter:description":"Ser aut\u00f3nomo en Espa\u00f1a combina independencia y esfuerzo. Analizamos su realidad, retos y valor en una econom\u00eda que necesita equilibrio y apoyo.","twitter:creator":"@nbasturias","twitter:image":"https:\/\/candas365.es\/noticias\/wp-content\/uploads\/2025\/10\/autonomo-en-Espana.jpg","twitter:label1":"Escrito por","twitter:data1":"Cand\u00e1s 365","twitter:label2":"Tiempo de lectura estimado","twitter:data2":"5 minutos"},"aioseo_meta_data":{"post_id":"189029","title":null,"description":"Ser aut\u00f3nomo en Espa\u00f1a combina independencia y esfuerzo. Analizamos su realidad, retos y valor en una econom\u00eda que necesita equilibrio y apoyo.","keywords":null,"keyphrases":{"focus":{"keyphrase":"aut\u00f3nomo","score":91,"analysis":{"keyphraseInTitle":{"score":9,"maxScore":9,"error":0},"keyphraseInDescription":{"score":9,"maxScore":9,"error":0},"keyphraseLength":{"score":9,"maxScore":9,"error":0,"length":2},"keyphraseInURL":{"score":5,"maxScore":5,"error":0},"keyphraseInIntroduction":{"score":9,"maxScore":9,"error":0},"keyphraseInSubHeadings":{"score":3,"maxScore":9,"error":1},"keyphraseInImageAlt":{"score":9,"maxScore":9,"error":0},"keywordDensity":{"type":"best","score":9,"maxScore":9,"error":0}}},"additional":[{"keyphrase":"aut\u00f3nomo","score":100,"analysis":{"keyphraseInDescription":{"score":9,"maxScore":9,"error":0},"keyphraseLength":{"score":9,"maxScore":9,"error":0,"length":2},"keyphraseInIntroduction":{"score":9,"maxScore":9,"error":0},"keyphraseInImageAlt":{"score":9,"maxScore":9,"error":0},"keywordDensity":{"type":"best","score":9,"maxScore":9,"error":0}}}]},"primary_term":null,"canonical_url":null,"og_title":null,"og_description":null,"og_object_type":"default","og_image_type":"default","og_image_url":null,"og_image_width":null,"og_image_height":null,"og_image_custom_url":null,"og_image_custom_fields":null,"og_video":"","og_custom_url":null,"og_article_section":null,"og_article_tags":null,"twitter_use_og":false,"twitter_card":"default","twitter_image_type":"default","twitter_image_url":null,"twitter_image_custom_url":null,"twitter_image_custom_fields":null,"twitter_title":null,"twitter_description":null,"schema":{"blockGraphs":[],"customGraphs":[],"default":{"data":{"Article":[],"Course":[],"Dataset":[],"FAQPage":[],"Movie":[],"Person":[],"Product":[],"ProductReview":[],"Car":[],"Recipe":[],"Service":[],"SoftwareApplication":[],"WebPage":[]},"graphName":"Article","isEnabled":true},"graphs":[]},"schema_type":"default","schema_type_options":null,"pillar_content":false,"robots_default":true,"robots_noindex":false,"robots_noarchive":false,"robots_nosnippet":false,"robots_nofollow":false,"robots_noimageindex":false,"robots_noodp":false,"robots_notranslate":false,"robots_max_snippet":"-1","robots_max_videopreview":"-1","robots_max_imagepreview":"large","priority":null,"frequency":"default","location":null,"local_seo":null,"seo_analyzer_scan_date":"2025-10-13 16:46:10","breadcrumb_settings":null,"limit_modified_date":false,"reviewed_by":null,"open_ai":null,"ai":{"faqs":[],"keyPoints":[],"titles":[],"descriptions":[],"socialPosts":{"email":[],"linkedin":[],"twitter":[],"facebook":[],"instagram":[]}},"created":"2025-10-13 16:36:00","updated":"2025-10-13 16:58:14"},"aioseo_breadcrumb":"<div class=\"aioseo-breadcrumbs\"><span class=\"aioseo-breadcrumb\">\n\t<a href=\"https:\/\/candas365.es\/noticias\" title=\"Home\">Home<\/a>\n<\/span><span class=\"aioseo-breadcrumb-separator\">&ndash;<\/span><span class=\"aioseo-breadcrumb\">\n\t<a href=\"https:\/\/candas365.es\/noticias\/category\/destacadas\/\" title=\"Destacadas\">Destacadas<\/a>\n<\/span><span class=\"aioseo-breadcrumb-separator\">&ndash;<\/span><span class=\"aioseo-breadcrumb\">\n\tSer aut\u00f3nomo en Espa\u00f1a: entre la libertad y el riesgo\n<\/span><\/div>","aioseo_breadcrumb_json":[{"label":"Home","link":"https:\/\/candas365.es\/noticias"},{"label":"Destacadas","link":"https:\/\/candas365.es\/noticias\/category\/destacadas\/"},{"label":"Ser aut\u00f3nomo en Espa\u00f1a: entre la libertad y el riesgo","link":"https:\/\/candas365.es\/noticias\/ser-autonomo-en-espana-entre-la-libertad-y-el-riesgo\/"}],"_links":{"self":[{"href":"https:\/\/candas365.es\/noticias\/wp-json\/wp\/v2\/posts\/189029","targetHints":{"allow":["GET"]}}],"collection":[{"href":"https:\/\/candas365.es\/noticias\/wp-json\/wp\/v2\/posts"}],"about":[{"href":"https:\/\/candas365.es\/noticias\/wp-json\/wp\/v2\/types\/post"}],"author":[{"embeddable":true,"href":"https:\/\/candas365.es\/noticias\/wp-json\/wp\/v2\/users\/1"}],"replies":[{"embeddable":true,"href":"https:\/\/candas365.es\/noticias\/wp-json\/wp\/v2\/comments?post=189029"}],"version-history":[{"count":0,"href":"https:\/\/candas365.es\/noticias\/wp-json\/wp\/v2\/posts\/189029\/revisions"}],"wp:featuredmedia":[{"embeddable":true,"href":"https:\/\/candas365.es\/noticias\/wp-json\/wp\/v2\/media\/189030"}],"wp:attachment":[{"href":"https:\/\/candas365.es\/noticias\/wp-json\/wp\/v2\/media?parent=189029"}],"wp:term":[{"taxonomy":"category","embeddable":true,"href":"https:\/\/candas365.es\/noticias\/wp-json\/wp\/v2\/categories?post=189029"},{"taxonomy":"post_tag","embeddable":true,"href":"https:\/\/candas365.es\/noticias\/wp-json\/wp\/v2\/tags?post=189029"}],"curies":[{"name":"wp","href":"https:\/\/api.w.org\/{rel}","templated":true}]}}