{"id":189007,"date":"2025-10-12T18:16:27","date_gmt":"2025-10-12T16:16:27","guid":{"rendered":"https:\/\/candas365.es\/noticias\/?p=189007"},"modified":"2025-10-12T18:16:27","modified_gmt":"2025-10-12T16:16:27","slug":"el-tratado-global-sobre-plasticos-se-estanca","status":"publish","type":"post","link":"https:\/\/candas365.es\/noticias\/el-tratado-global-sobre-plasticos-se-estanca\/","title":{"rendered":"El tratado global sobre pl\u00e1sticos se estanca"},"content":{"rendered":"<p>Las negociaciones <a href=\"https:\/\/candas365.es\/noticias\/category\/internacional\/\"><span style=\"color: #ff6600;\"><strong>internacionales<\/strong> <\/span><\/a>para crear el primer acuerdo ambiental vinculante sobre contaminaci\u00f3n pl\u00e1stica se encuentran en crisis tras la renuncia del presidente del comit\u00e9 negociador.<\/p>\n<figure id=\"attachment_189008\" aria-describedby=\"caption-attachment-189008\" style=\"width: 650px\" class=\"wp-caption aligncenter\"><img fetchpriority=\"high\" decoding=\"async\" class=\"size-large wp-image-189008\" src=\"https:\/\/candas365.es\/noticias\/wp-content\/uploads\/2025\/10\/plasticos-650x433.jpg\" alt=\"pl\u00e1sticos\" width=\"650\" height=\"433\" srcset=\"https:\/\/candas365.es\/noticias\/wp-content\/uploads\/2025\/10\/plasticos-650x433.jpg 650w, https:\/\/candas365.es\/noticias\/wp-content\/uploads\/2025\/10\/plasticos-360x240.jpg 360w, https:\/\/candas365.es\/noticias\/wp-content\/uploads\/2025\/10\/plasticos-768x512.jpg 768w, https:\/\/candas365.es\/noticias\/wp-content\/uploads\/2025\/10\/plasticos-150x100.jpg 150w, https:\/\/candas365.es\/noticias\/wp-content\/uploads\/2025\/10\/plasticos-450x300.jpg 450w, https:\/\/candas365.es\/noticias\/wp-content\/uploads\/2025\/10\/plasticos.jpg 1030w\" sizes=\"(max-width: 650px) 100vw, 650px\" \/><figcaption id=\"caption-attachment-189008\" class=\"wp-caption-text\">Foto: 123rf.com<\/figcaption><\/figure>\n<p>El proceso para alcanzar el primer tratado mundial contra la contaminaci\u00f3n pl\u00e1stica atraviesa una fase cr\u00edtica tras el fracaso de las negociaciones en Ginebra y la dimisi\u00f3n de Luis Vayas Valdivieso, embajador de Ecuador y presidente del Comit\u00e9 Intergubernamental de Negociaci\u00f3n (CIN). El Programa de las Naciones Unidas para el Medio Ambiente (PNUMA) abordar\u00e1 el futuro del tratado en su pr\u00f3xima reuni\u00f3n, prevista para diciembre en Nairobi.<\/p>\n<p>La \u00faltima ronda de conversaciones concluy\u00f3 sin acuerdo, pese a varios d\u00edas de intensas discusiones. Por ahora, no est\u00e1 claro si un nuevo presidente del CIN convocar\u00e1 otra sesi\u00f3n o si el proceso quedar\u00e1 interrumpido sin alcanzar un texto final.<\/p>\n<p>\u201cEl papel del presidente en estos procesos es crucial, ya que establece el plan de trabajo y dirige las discusiones\u201d, explic\u00f3 Samuel Winton, investigador de la Universidad de Portsmouth. Seg\u00fan se\u00f1al\u00f3, la salida del embajador ecuatoriano tendr\u00e1 \u201cun gran impacto en el progreso de las conversaciones\u201d.<\/p>\n<p>El Tratado Global sobre Pl\u00e1sticos pretende coordinar medidas internacionales para enfrentar una crisis ambiental en crecimiento. \u201cEl pl\u00e1stico forma parte de una cadena de suministro global\u201d, record\u00f3 Winton, subrayando que las acciones aisladas de los pa\u00edses tienen un impacto limitado. \u201cUn tratado global permitir\u00eda a las naciones colaborar estrat\u00e9gicamente para lograr cambios realmente significativos\u201d.<\/p>\n<p>Entre los avances parciales, Winton destac\u00f3 el trabajo de la Coalici\u00f3n de Alta Ambici\u00f3n \u2014formada por m\u00e1s de 50 pa\u00edses, entre ellos la Uni\u00f3n Europea y el Reino Unido\u2014, que ha logrado fortalecer la cooperaci\u00f3n mutua. Tambi\u00e9n se ha observado una leve apertura en la postura de China, aunque potencias como Arabia Saud\u00ed, Ir\u00e1n y Rusia mantienen su oposici\u00f3n a medidas m\u00e1s estrictas.<\/p>\n<p>El proceso se ha visto obstaculizado por la falta de un bloque negociador s\u00f3lido y la imposibilidad de introducir mecanismos de votaci\u00f3n, ante la oposici\u00f3n del PNUMA y de varios Estados miembros. Seg\u00fan Winton, una posible salida ser\u00eda que un grupo de pa\u00edses impulse un acuerdo paralelo fuera del marco de la ONU, aunque reconoci\u00f3 que esta v\u00eda ser\u00eda \u201ccompleja y pol\u00edticamente delicada\u201d.<\/p>\n<p>Preguntado por el escenario m\u00e1s desfavorable, Winton advirti\u00f3 que \u201cno llegar a un tratado no ser\u00eda lo peor; lo m\u00e1s preocupante ser\u00eda un acuerdo d\u00e9bil, centrado solo en el reciclaje o en los pl\u00e1sticos de un solo uso, sin abordar la producci\u00f3n en origen\u201d.<\/p>\n<p>El experto tambi\u00e9n se\u00f1al\u00f3 que este proceso ha puesto de manifiesto carencias estructurales en la forma en que la ONU negocia los acuerdos medioambientales. \u201cNecesitamos encontrar mejores mecanismos de debate que no puedan ser bloqueados por un grupo de pa\u00edses ni dirigidos en exceso por quienes buscan imponer resultados extremos\u201d, coment\u00f3.<\/p>\n<p>Mientras tanto, bloques regionales como la Uni\u00f3n Europea o la Uni\u00f3n Africana podr\u00edan impulsar sus propios acuerdos en materia de gesti\u00f3n y reciclaje, incluso si no se logra un tratado global. \u201cConf\u00edo en que este proceso, pese a sus dificultades, sirva para fomentar m\u00e1s cooperaci\u00f3n regional\u201d, concluy\u00f3 Winton.<\/p>\n<p><em>Con informaci\u00f3n de NotiPress.<\/em><\/p>\n","protected":false},"excerpt":{"rendered":"<p>Las negociaciones internacionales para crear el primer acuerdo ambiental vinculante sobre contaminaci\u00f3n pl\u00e1stica se encuentran en crisis tras la renuncia del presidente del comit\u00e9 negociador. El proceso para alcanzar el primer tratado mundial contra la contaminaci\u00f3n pl\u00e1stica atraviesa una fase cr\u00edtica tras el fracaso de las negociaciones en Ginebra y la dimisi\u00f3n de Luis Vayas<\/p>\n","protected":false},"author":1,"featured_media":189008,"comment_status":"closed","ping_status":"closed","sticky":false,"template":"","format":"standard","meta":{"footnotes":""},"categories":[316,485],"tags":[418],"class_list":{"0":"post-189007","1":"post","2":"type-post","3":"status-publish","4":"format-standard","5":"has-post-thumbnail","7":"category-destacadas","8":"category-internacional","9":"tag-internacional"},"aioseo_notices":[],"aioseo_head":"\n\t\t<!-- All in One SEO Pro 4.9.6.2 - aioseo.com -->\n\t<meta name=\"description\" content=\"Las negociaciones internacionales para crear el primer acuerdo ambiental vinculante sobre contaminaci\u00f3n pl\u00e1stica se encuentran en crisis tras la renuncia\" \/>\n\t<meta name=\"robots\" content=\"max-image-preview:large\" \/>\n\t<meta name=\"author\" content=\"Cand\u00e1s 365\"\/>\n\t<meta name=\"google-site-verification\" content=\"UA-32230408-1\" \/>\n\t<meta name=\"msvalidate.01\" content=\"354F3CDFB2DA171B47FBE9ABF1F88D5\" \/>\n\t<meta name=\"keywords\" content=\"destacadas,internacional\" \/>\n\t<link rel=\"canonical\" href=\"https:\/\/candas365.es\/noticias\/el-tratado-global-sobre-plasticos-se-estanca\/\" \/>\n\t<meta name=\"generator\" content=\"All in One SEO Pro (AIOSEO) 4.9.6.2\" \/>\n\t\t<meta property=\"og:locale\" content=\"es_ES\" \/>\n\t\t<meta property=\"og:site_name\" content=\"Cand\u00e1s 365\" \/>\n\t\t<meta property=\"og:type\" content=\"article\" \/>\n\t\t<meta property=\"og:title\" content=\"El tratado global sobre pl\u00e1sticos se estanca | Cand\u00e1s 365\" \/>\n\t\t<meta property=\"og:description\" content=\"Las negociaciones internacionales para crear el primer acuerdo ambiental vinculante sobre contaminaci\u00f3n pl\u00e1stica se encuentran en crisis tras la renuncia\" \/>\n\t\t<meta property=\"og:url\" content=\"https:\/\/candas365.es\/noticias\/el-tratado-global-sobre-plasticos-se-estanca\/\" \/>\n\t\t<meta property=\"og:image\" content=\"https:\/\/candas365.es\/noticias\/wp-content\/uploads\/2025\/10\/plasticos.jpg\" \/>\n\t\t<meta property=\"og:image:secure_url\" content=\"https:\/\/candas365.es\/noticias\/wp-content\/uploads\/2025\/10\/plasticos.jpg\" \/>\n\t\t<meta property=\"og:image:width\" content=\"1030\" \/>\n\t\t<meta property=\"og:image:height\" content=\"686\" \/>\n\t\t<meta property=\"article:published_time\" content=\"2025-10-12T16:16:27+00:00\" \/>\n\t\t<meta property=\"article:modified_time\" content=\"2025-10-12T16:16:27+00:00\" \/>\n\t\t<meta property=\"article:publisher\" content=\"https:\/\/www.facebook.com\/Nachofdezber\" \/>\n\t\t<meta property=\"article:author\" content=\"https:\/\/www.facebook.com\/carrenoactualidad\" \/>\n\t\t<meta name=\"twitter:card\" content=\"summary_large_image\" \/>\n\t\t<meta name=\"twitter:site\" content=\"@NabercoDigital\" \/>\n\t\t<meta name=\"twitter:title\" content=\"El tratado global sobre pl\u00e1sticos se estanca | Cand\u00e1s 365\" \/>\n\t\t<meta name=\"twitter:description\" content=\"Las negociaciones internacionales para crear el primer acuerdo ambiental vinculante sobre contaminaci\u00f3n pl\u00e1stica se encuentran en crisis tras la renuncia\" \/>\n\t\t<meta name=\"twitter:creator\" content=\"@nbasturias\" \/>\n\t\t<meta name=\"twitter:image\" content=\"https:\/\/candas365.es\/noticias\/wp-content\/uploads\/2025\/10\/plasticos.jpg\" \/>\n\t\t<meta name=\"twitter:label1\" content=\"Escrito por\" \/>\n\t\t<meta name=\"twitter:data1\" content=\"Cand\u00e1s 365\" \/>\n\t\t<meta name=\"twitter:label2\" content=\"Tiempo de lectura estimado\" \/>\n\t\t<meta name=\"twitter:data2\" content=\"3 minutos\" \/>\n\t\t<script type=\"application\/ld+json\" class=\"aioseo-schema\">\n\t\t\t{\"@context\":\"https:\\\/\\\/schema.org\",\"@graph\":[{\"@type\":\"BreadcrumbList\",\"@id\":\"https:\\\/\\\/candas365.es\\\/noticias\\\/el-tratado-global-sobre-plasticos-se-estanca\\\/#breadcrumblist\",\"itemListElement\":[{\"@type\":\"ListItem\",\"@id\":\"https:\\\/\\\/candas365.es\\\/noticias#listItem\",\"position\":1,\"name\":\"Home\",\"item\":\"https:\\\/\\\/candas365.es\\\/noticias\",\"nextItem\":{\"@type\":\"ListItem\",\"@id\":\"https:\\\/\\\/candas365.es\\\/noticias\\\/category\\\/destacadas\\\/#listItem\",\"name\":\"Destacadas\"}},{\"@type\":\"ListItem\",\"@id\":\"https:\\\/\\\/candas365.es\\\/noticias\\\/category\\\/destacadas\\\/#listItem\",\"position\":2,\"name\":\"Destacadas\",\"item\":\"https:\\\/\\\/candas365.es\\\/noticias\\\/category\\\/destacadas\\\/\",\"nextItem\":{\"@type\":\"ListItem\",\"@id\":\"https:\\\/\\\/candas365.es\\\/noticias\\\/el-tratado-global-sobre-plasticos-se-estanca\\\/#listItem\",\"name\":\"El tratado global sobre pl\\u00e1sticos se estanca\"},\"previousItem\":{\"@type\":\"ListItem\",\"@id\":\"https:\\\/\\\/candas365.es\\\/noticias#listItem\",\"name\":\"Home\"}},{\"@type\":\"ListItem\",\"@id\":\"https:\\\/\\\/candas365.es\\\/noticias\\\/el-tratado-global-sobre-plasticos-se-estanca\\\/#listItem\",\"position\":3,\"name\":\"El tratado global sobre pl\\u00e1sticos se estanca\",\"previousItem\":{\"@type\":\"ListItem\",\"@id\":\"https:\\\/\\\/candas365.es\\\/noticias\\\/category\\\/destacadas\\\/#listItem\",\"name\":\"Destacadas\"}}]},{\"@type\":\"NewsArticle\",\"@id\":\"https:\\\/\\\/candas365.es\\\/noticias\\\/el-tratado-global-sobre-plasticos-se-estanca\\\/#newsarticle\",\"name\":\"El tratado global sobre pl\\u00e1sticos se estanca | Cand\\u00e1s 365\",\"headline\":\"El tratado global sobre pl\\u00e1sticos se estanca\",\"author\":{\"@id\":\"https:\\\/\\\/candas365.es\\\/noticias\\\/author\\\/admin\\\/#author\"},\"publisher\":{\"@id\":\"https:\\\/\\\/candas365.es\\\/noticias\\\/#organization\"},\"image\":{\"@type\":\"ImageObject\",\"url\":\"https:\\\/\\\/candas365.es\\\/noticias\\\/wp-content\\\/uploads\\\/2025\\\/10\\\/plasticos.jpg\",\"width\":1030,\"height\":686,\"caption\":\"Foto: 123rf.com\"},\"datePublished\":\"2025-10-12T18:16:27+02:00\",\"dateModified\":\"2025-10-12T18:16:27+02:00\",\"inLanguage\":\"es-ES\",\"mainEntityOfPage\":{\"@id\":\"https:\\\/\\\/candas365.es\\\/noticias\\\/el-tratado-global-sobre-plasticos-se-estanca\\\/#webpage\"},\"isPartOf\":{\"@id\":\"https:\\\/\\\/candas365.es\\\/noticias\\\/el-tratado-global-sobre-plasticos-se-estanca\\\/#webpage\"},\"articleSection\":\"Destacadas, Internacional, Internacional\",\"dateline\":\"Publicado el octubre 12, 2025.\"},{\"@type\":\"Organization\",\"@id\":\"https:\\\/\\\/candas365.es\\\/noticias\\\/#organization\",\"name\":\"Cand\\u00e1s 365\",\"description\":\"Cand\\u00e1s 365 es un diario digital independiente, fundado en 2012, con base en Asturias. Informamos con rigor sobre actualidad, sociedad, cultura y ocio, con una mirada local y global.\",\"url\":\"https:\\\/\\\/candas365.es\\\/noticias\\\/\",\"email\":\"info@candas365.es\",\"telephone\":\"+34652131393\",\"foundingDate\":\"2012-06-10\",\"logo\":{\"@type\":\"ImageObject\",\"url\":\"https:\\\/\\\/candas365.es\\\/noticias\\\/wp-content\\\/uploads\\\/2024\\\/09\\\/Candas-365-Redes.jpg\",\"@id\":\"https:\\\/\\\/candas365.es\\\/noticias\\\/el-tratado-global-sobre-plasticos-se-estanca\\\/#organizationLogo\",\"width\":1152,\"height\":864,\"caption\":\"Cand\\u00e1s 365 Redes\"},\"image\":{\"@id\":\"https:\\\/\\\/candas365.es\\\/noticias\\\/el-tratado-global-sobre-plasticos-se-estanca\\\/#organizationLogo\"},\"sameAs\":[\"https:\\\/\\\/www.facebook.com\\\/Nachofdezber\",\"https:\\\/\\\/x.com\\\/NabercoDigital\",\"https:\\\/\\\/www.instagram.com\\\/nachofdezber\\\/\",\"https:\\\/\\\/www.youtube.com\\\/channel\\\/UCZP-2wLEB9Rv6erhFmqVnvg\"],\"address\":{\"@id\":\"https:\\\/\\\/candas365.es\\\/noticias\\\/#postaladdress\",\"@type\":\"PostalAddress\",\"streetAddress\":\"san antonio 4, san antonio 4\",\"postalCode\":\"33430\",\"addressLocality\":\"Cand\\u00e1s\",\"addressRegion\":\"Asturias\",\"addressCountry\":\"ES\"}},{\"@type\":\"Person\",\"@id\":\"https:\\\/\\\/candas365.es\\\/noticias\\\/author\\\/admin\\\/#author\",\"url\":\"https:\\\/\\\/candas365.es\\\/noticias\\\/author\\\/admin\\\/\",\"name\":\"Cand\\u00e1s 365\",\"image\":{\"@type\":\"ImageObject\",\"@id\":\"https:\\\/\\\/candas365.es\\\/noticias\\\/el-tratado-global-sobre-plasticos-se-estanca\\\/#authorImage\",\"url\":\"https:\\\/\\\/secure.gravatar.com\\\/avatar\\\/496a8e03d0c493ede1718b7934145dbdf8d89be1036b0eec9544e1094c9de390?s=96&d=mm&r=g\",\"width\":96,\"height\":96,\"caption\":\"Cand\\u00e1s 365\"},\"sameAs\":[\"https:\\\/\\\/www.facebook.com\\\/carrenoactualidad\",\"https:\\\/\\\/twitter.com\\\/nbasturias\",\"https:\\\/\\\/www.instagram.com\\\/nachofdezber\\\/\",\"https:\\\/\\\/www.youtube.com\\\/channel\\\/UCZP-2wLEB9Rv6erhFmqVnvg\"]},{\"@type\":\"WebPage\",\"@id\":\"https:\\\/\\\/candas365.es\\\/noticias\\\/el-tratado-global-sobre-plasticos-se-estanca\\\/#webpage\",\"url\":\"https:\\\/\\\/candas365.es\\\/noticias\\\/el-tratado-global-sobre-plasticos-se-estanca\\\/\",\"name\":\"El tratado global sobre pl\\u00e1sticos se estanca | Cand\\u00e1s 365\",\"description\":\"Las negociaciones internacionales para crear el primer acuerdo ambiental vinculante sobre contaminaci\\u00f3n pl\\u00e1stica se encuentran en crisis tras la renuncia\",\"inLanguage\":\"es-ES\",\"isPartOf\":{\"@id\":\"https:\\\/\\\/candas365.es\\\/noticias\\\/#website\"},\"breadcrumb\":{\"@id\":\"https:\\\/\\\/candas365.es\\\/noticias\\\/el-tratado-global-sobre-plasticos-se-estanca\\\/#breadcrumblist\"},\"author\":{\"@id\":\"https:\\\/\\\/candas365.es\\\/noticias\\\/author\\\/admin\\\/#author\"},\"creator\":{\"@id\":\"https:\\\/\\\/candas365.es\\\/noticias\\\/author\\\/admin\\\/#author\"},\"image\":{\"@type\":\"ImageObject\",\"url\":\"https:\\\/\\\/candas365.es\\\/noticias\\\/wp-content\\\/uploads\\\/2025\\\/10\\\/plasticos.jpg\",\"@id\":\"https:\\\/\\\/candas365.es\\\/noticias\\\/el-tratado-global-sobre-plasticos-se-estanca\\\/#mainImage\",\"width\":1030,\"height\":686,\"caption\":\"Foto: 123rf.com\"},\"primaryImageOfPage\":{\"@id\":\"https:\\\/\\\/candas365.es\\\/noticias\\\/el-tratado-global-sobre-plasticos-se-estanca\\\/#mainImage\"},\"datePublished\":\"2025-10-12T18:16:27+02:00\",\"dateModified\":\"2025-10-12T18:16:27+02:00\"},{\"@type\":\"WebSite\",\"@id\":\"https:\\\/\\\/candas365.es\\\/noticias\\\/#website\",\"url\":\"https:\\\/\\\/candas365.es\\\/noticias\\\/\",\"name\":\"Cand\\u00e1s 365\",\"alternateName\":\"Cand\\u00e1s 365 Noticias\",\"description\":\"Actualidad desde Carre\\u00f1o para el mundo\",\"inLanguage\":\"es-ES\",\"publisher\":{\"@id\":\"https:\\\/\\\/candas365.es\\\/noticias\\\/#organization\"}}]}\n\t\t<\/script>\n\t\t<!-- All in One SEO Pro -->\r\n\t\t<title>El tratado global sobre pl\u00e1sticos se estanca | Cand\u00e1s 365<\/title>\n\n","aioseo_head_json":{"title":"El tratado global sobre pl\u00e1sticos se estanca | Cand\u00e1s 365","description":"Las negociaciones internacionales para crear el primer acuerdo ambiental vinculante sobre contaminaci\u00f3n pl\u00e1stica se encuentran en crisis tras la renuncia","canonical_url":"https:\/\/candas365.es\/noticias\/el-tratado-global-sobre-plasticos-se-estanca\/","robots":"max-image-preview:large","keywords":"destacadas,internacional","webmasterTools":{"google-site-verification":"UA-32230408-1","msvalidate.01":"354F3CDFB2DA171B47FBE9ABF1F88D5","miscellaneous":""},"schema":{"@context":"https:\/\/schema.org","@graph":[{"@type":"BreadcrumbList","@id":"https:\/\/candas365.es\/noticias\/el-tratado-global-sobre-plasticos-se-estanca\/#breadcrumblist","itemListElement":[{"@type":"ListItem","@id":"https:\/\/candas365.es\/noticias#listItem","position":1,"name":"Home","item":"https:\/\/candas365.es\/noticias","nextItem":{"@type":"ListItem","@id":"https:\/\/candas365.es\/noticias\/category\/destacadas\/#listItem","name":"Destacadas"}},{"@type":"ListItem","@id":"https:\/\/candas365.es\/noticias\/category\/destacadas\/#listItem","position":2,"name":"Destacadas","item":"https:\/\/candas365.es\/noticias\/category\/destacadas\/","nextItem":{"@type":"ListItem","@id":"https:\/\/candas365.es\/noticias\/el-tratado-global-sobre-plasticos-se-estanca\/#listItem","name":"El tratado global sobre pl\u00e1sticos se estanca"},"previousItem":{"@type":"ListItem","@id":"https:\/\/candas365.es\/noticias#listItem","name":"Home"}},{"@type":"ListItem","@id":"https:\/\/candas365.es\/noticias\/el-tratado-global-sobre-plasticos-se-estanca\/#listItem","position":3,"name":"El tratado global sobre pl\u00e1sticos se estanca","previousItem":{"@type":"ListItem","@id":"https:\/\/candas365.es\/noticias\/category\/destacadas\/#listItem","name":"Destacadas"}}]},{"@type":"NewsArticle","@id":"https:\/\/candas365.es\/noticias\/el-tratado-global-sobre-plasticos-se-estanca\/#newsarticle","name":"El tratado global sobre pl\u00e1sticos se estanca | Cand\u00e1s 365","headline":"El tratado global sobre pl\u00e1sticos se estanca","author":{"@id":"https:\/\/candas365.es\/noticias\/author\/admin\/#author"},"publisher":{"@id":"https:\/\/candas365.es\/noticias\/#organization"},"image":{"@type":"ImageObject","url":"https:\/\/candas365.es\/noticias\/wp-content\/uploads\/2025\/10\/plasticos.jpg","width":1030,"height":686,"caption":"Foto: 123rf.com"},"datePublished":"2025-10-12T18:16:27+02:00","dateModified":"2025-10-12T18:16:27+02:00","inLanguage":"es-ES","mainEntityOfPage":{"@id":"https:\/\/candas365.es\/noticias\/el-tratado-global-sobre-plasticos-se-estanca\/#webpage"},"isPartOf":{"@id":"https:\/\/candas365.es\/noticias\/el-tratado-global-sobre-plasticos-se-estanca\/#webpage"},"articleSection":"Destacadas, Internacional, Internacional","dateline":"Publicado el octubre 12, 2025."},{"@type":"Organization","@id":"https:\/\/candas365.es\/noticias\/#organization","name":"Cand\u00e1s 365","description":"Cand\u00e1s 365 es un diario digital independiente, fundado en 2012, con base en Asturias. Informamos con rigor sobre actualidad, sociedad, cultura y ocio, con una mirada local y global.","url":"https:\/\/candas365.es\/noticias\/","email":"info@candas365.es","telephone":"+34652131393","foundingDate":"2012-06-10","logo":{"@type":"ImageObject","url":"https:\/\/candas365.es\/noticias\/wp-content\/uploads\/2024\/09\/Candas-365-Redes.jpg","@id":"https:\/\/candas365.es\/noticias\/el-tratado-global-sobre-plasticos-se-estanca\/#organizationLogo","width":1152,"height":864,"caption":"Cand\u00e1s 365 Redes"},"image":{"@id":"https:\/\/candas365.es\/noticias\/el-tratado-global-sobre-plasticos-se-estanca\/#organizationLogo"},"sameAs":["https:\/\/www.facebook.com\/Nachofdezber","https:\/\/x.com\/NabercoDigital","https:\/\/www.instagram.com\/nachofdezber\/","https:\/\/www.youtube.com\/channel\/UCZP-2wLEB9Rv6erhFmqVnvg"],"address":{"@id":"https:\/\/candas365.es\/noticias\/#postaladdress","@type":"PostalAddress","streetAddress":"san antonio 4, san antonio 4","postalCode":"33430","addressLocality":"Cand\u00e1s","addressRegion":"Asturias","addressCountry":"ES"}},{"@type":"Person","@id":"https:\/\/candas365.es\/noticias\/author\/admin\/#author","url":"https:\/\/candas365.es\/noticias\/author\/admin\/","name":"Cand\u00e1s 365","image":{"@type":"ImageObject","@id":"https:\/\/candas365.es\/noticias\/el-tratado-global-sobre-plasticos-se-estanca\/#authorImage","url":"https:\/\/secure.gravatar.com\/avatar\/496a8e03d0c493ede1718b7934145dbdf8d89be1036b0eec9544e1094c9de390?s=96&d=mm&r=g","width":96,"height":96,"caption":"Cand\u00e1s 365"},"sameAs":["https:\/\/www.facebook.com\/carrenoactualidad","https:\/\/twitter.com\/nbasturias","https:\/\/www.instagram.com\/nachofdezber\/","https:\/\/www.youtube.com\/channel\/UCZP-2wLEB9Rv6erhFmqVnvg"]},{"@type":"WebPage","@id":"https:\/\/candas365.es\/noticias\/el-tratado-global-sobre-plasticos-se-estanca\/#webpage","url":"https:\/\/candas365.es\/noticias\/el-tratado-global-sobre-plasticos-se-estanca\/","name":"El tratado global sobre pl\u00e1sticos se estanca | Cand\u00e1s 365","description":"Las negociaciones internacionales para crear el primer acuerdo ambiental vinculante sobre contaminaci\u00f3n pl\u00e1stica se encuentran en crisis tras la renuncia","inLanguage":"es-ES","isPartOf":{"@id":"https:\/\/candas365.es\/noticias\/#website"},"breadcrumb":{"@id":"https:\/\/candas365.es\/noticias\/el-tratado-global-sobre-plasticos-se-estanca\/#breadcrumblist"},"author":{"@id":"https:\/\/candas365.es\/noticias\/author\/admin\/#author"},"creator":{"@id":"https:\/\/candas365.es\/noticias\/author\/admin\/#author"},"image":{"@type":"ImageObject","url":"https:\/\/candas365.es\/noticias\/wp-content\/uploads\/2025\/10\/plasticos.jpg","@id":"https:\/\/candas365.es\/noticias\/el-tratado-global-sobre-plasticos-se-estanca\/#mainImage","width":1030,"height":686,"caption":"Foto: 123rf.com"},"primaryImageOfPage":{"@id":"https:\/\/candas365.es\/noticias\/el-tratado-global-sobre-plasticos-se-estanca\/#mainImage"},"datePublished":"2025-10-12T18:16:27+02:00","dateModified":"2025-10-12T18:16:27+02:00"},{"@type":"WebSite","@id":"https:\/\/candas365.es\/noticias\/#website","url":"https:\/\/candas365.es\/noticias\/","name":"Cand\u00e1s 365","alternateName":"Cand\u00e1s 365 Noticias","description":"Actualidad desde Carre\u00f1o para el mundo","inLanguage":"es-ES","publisher":{"@id":"https:\/\/candas365.es\/noticias\/#organization"}}]},"og:locale":"es_ES","og:site_name":"Cand\u00e1s 365","og:type":"article","og:title":"El tratado global sobre pl\u00e1sticos se estanca | Cand\u00e1s 365","og:description":"Las negociaciones internacionales para crear el primer acuerdo ambiental vinculante sobre contaminaci\u00f3n pl\u00e1stica se encuentran en crisis tras la renuncia","og:url":"https:\/\/candas365.es\/noticias\/el-tratado-global-sobre-plasticos-se-estanca\/","og:image":"https:\/\/candas365.es\/noticias\/wp-content\/uploads\/2025\/10\/plasticos.jpg","og:image:secure_url":"https:\/\/candas365.es\/noticias\/wp-content\/uploads\/2025\/10\/plasticos.jpg","og:image:width":1030,"og:image:height":686,"article:published_time":"2025-10-12T16:16:27+00:00","article:modified_time":"2025-10-12T16:16:27+00:00","article:publisher":"https:\/\/www.facebook.com\/Nachofdezber","article:author":"https:\/\/www.facebook.com\/carrenoactualidad","twitter:card":"summary_large_image","twitter:site":"@NabercoDigital","twitter:title":"El tratado global sobre pl\u00e1sticos se estanca | Cand\u00e1s 365","twitter:description":"Las negociaciones internacionales para crear el primer acuerdo ambiental vinculante sobre contaminaci\u00f3n pl\u00e1stica se encuentran en crisis tras la renuncia","twitter:creator":"@nbasturias","twitter:image":"https:\/\/candas365.es\/noticias\/wp-content\/uploads\/2025\/10\/plasticos.jpg","twitter:label1":"Escrito por","twitter:data1":"Cand\u00e1s 365","twitter:label2":"Tiempo de lectura estimado","twitter:data2":"3 minutos"},"aioseo_meta_data":{"post_id":"189007","title":null,"description":"Las negociaciones internacionales para crear el primer acuerdo ambiental vinculante sobre contaminaci\u00f3n pl\u00e1stica se encuentran en crisis tras la renuncia","keywords":null,"keyphrases":{"focus":{"keyphrase":"pl\u00e1sticos","score":64,"analysis":{"keyphraseInTitle":{"score":9,"maxScore":9,"error":0},"keyphraseInDescription":{"score":3,"maxScore":9,"error":1},"keyphraseLength":{"score":9,"maxScore":9,"error":0,"length":2},"keyphraseInURL":{"score":5,"maxScore":5,"error":0},"keyphraseInIntroduction":{"score":3,"maxScore":9,"error":1},"keyphraseInSubHeadings":[],"keyphraseInImageAlt":{"score":9,"maxScore":9,"error":0},"keywordDensity":{"score":0,"type":"low","maxScore":9,"error":1}}},"additional":[{"keyphrase":"pl\u00e1sticos","score":53,"analysis":{"keyphraseInDescription":{"score":3,"maxScore":9,"error":1},"keyphraseLength":{"score":9,"maxScore":9,"error":0,"length":2},"keyphraseInIntroduction":{"score":3,"maxScore":9,"error":1},"keyphraseInImageAlt":{"score":9,"maxScore":9,"error":0},"keywordDensity":{"score":0,"type":"low","maxScore":9,"error":1}}}]},"primary_term":null,"canonical_url":null,"og_title":null,"og_description":null,"og_object_type":"default","og_image_type":"default","og_image_url":null,"og_image_width":null,"og_image_height":null,"og_image_custom_url":null,"og_image_custom_fields":null,"og_video":"","og_custom_url":null,"og_article_section":null,"og_article_tags":null,"twitter_use_og":false,"twitter_card":"default","twitter_image_type":"default","twitter_image_url":null,"twitter_image_custom_url":null,"twitter_image_custom_fields":null,"twitter_title":null,"twitter_description":null,"schema":{"blockGraphs":[],"customGraphs":[],"default":{"data":{"Article":[],"Course":[],"Dataset":[],"FAQPage":[],"Movie":[],"Person":[],"Product":[],"ProductReview":[],"Car":[],"Recipe":[],"Service":[],"SoftwareApplication":[],"WebPage":[]},"graphName":"Article","isEnabled":true},"graphs":[]},"schema_type":"default","schema_type_options":null,"pillar_content":false,"robots_default":true,"robots_noindex":false,"robots_noarchive":false,"robots_nosnippet":false,"robots_nofollow":false,"robots_noimageindex":false,"robots_noodp":false,"robots_notranslate":false,"robots_max_snippet":"-1","robots_max_videopreview":"-1","robots_max_imagepreview":"large","priority":null,"frequency":"default","location":null,"local_seo":null,"seo_analyzer_scan_date":"2025-10-12 16:18:46","breadcrumb_settings":null,"limit_modified_date":false,"reviewed_by":null,"open_ai":null,"ai":{"faqs":[],"keyPoints":[],"titles":[],"descriptions":[],"socialPosts":{"email":[],"linkedin":[],"twitter":[],"facebook":[],"instagram":[]}},"created":"2025-10-12 16:10:33","updated":"2025-10-12 16:22:18"},"aioseo_breadcrumb":"<div class=\"aioseo-breadcrumbs\"><span class=\"aioseo-breadcrumb\">\n\t<a href=\"https:\/\/candas365.es\/noticias\" title=\"Home\">Home<\/a>\n<\/span><span class=\"aioseo-breadcrumb-separator\">&ndash;<\/span><span class=\"aioseo-breadcrumb\">\n\t<a href=\"https:\/\/candas365.es\/noticias\/category\/destacadas\/\" title=\"Destacadas\">Destacadas<\/a>\n<\/span><span class=\"aioseo-breadcrumb-separator\">&ndash;<\/span><span class=\"aioseo-breadcrumb\">\n\tEl tratado global sobre pl\u00e1sticos se estanca\n<\/span><\/div>","aioseo_breadcrumb_json":[{"label":"Home","link":"https:\/\/candas365.es\/noticias"},{"label":"Destacadas","link":"https:\/\/candas365.es\/noticias\/category\/destacadas\/"},{"label":"El tratado global sobre pl\u00e1sticos se estanca","link":"https:\/\/candas365.es\/noticias\/el-tratado-global-sobre-plasticos-se-estanca\/"}],"_links":{"self":[{"href":"https:\/\/candas365.es\/noticias\/wp-json\/wp\/v2\/posts\/189007","targetHints":{"allow":["GET"]}}],"collection":[{"href":"https:\/\/candas365.es\/noticias\/wp-json\/wp\/v2\/posts"}],"about":[{"href":"https:\/\/candas365.es\/noticias\/wp-json\/wp\/v2\/types\/post"}],"author":[{"embeddable":true,"href":"https:\/\/candas365.es\/noticias\/wp-json\/wp\/v2\/users\/1"}],"replies":[{"embeddable":true,"href":"https:\/\/candas365.es\/noticias\/wp-json\/wp\/v2\/comments?post=189007"}],"version-history":[{"count":0,"href":"https:\/\/candas365.es\/noticias\/wp-json\/wp\/v2\/posts\/189007\/revisions"}],"wp:featuredmedia":[{"embeddable":true,"href":"https:\/\/candas365.es\/noticias\/wp-json\/wp\/v2\/media\/189008"}],"wp:attachment":[{"href":"https:\/\/candas365.es\/noticias\/wp-json\/wp\/v2\/media?parent=189007"}],"wp:term":[{"taxonomy":"category","embeddable":true,"href":"https:\/\/candas365.es\/noticias\/wp-json\/wp\/v2\/categories?post=189007"},{"taxonomy":"post_tag","embeddable":true,"href":"https:\/\/candas365.es\/noticias\/wp-json\/wp\/v2\/tags?post=189007"}],"curies":[{"name":"wp","href":"https:\/\/api.w.org\/{rel}","templated":true}]}}