{"id":188967,"date":"2025-10-11T22:39:24","date_gmt":"2025-10-11T20:39:24","guid":{"rendered":"https:\/\/candas365.es\/noticias\/?p=188967"},"modified":"2025-12-09T22:00:50","modified_gmt":"2025-12-09T21:00:50","slug":"casas-que-respiran-diseno-sostenible-y-bienestar","status":"publish","type":"post","link":"https:\/\/candas365.es\/noticias\/casas-que-respiran-diseno-sostenible-y-bienestar\/","title":{"rendered":"Casas que respiran: dise\u00f1o sostenible y bienestar"},"content":{"rendered":"<p>Casas que respiran: <a href=\"https:\/\/candas365.es\/noticias\/category\/sociedad\/\"><strong><span style=\"color: #ff6600;\">dise\u00f1o sostenible<\/span><\/strong><\/a> que mejora la salud, regula la temperatura y conecta el bienestar humano con la naturaleza.<\/p>\n<figure id=\"attachment_188969\" aria-describedby=\"caption-attachment-188969\" style=\"width: 650px\" class=\"wp-caption aligncenter\"><img fetchpriority=\"high\" decoding=\"async\" class=\"size-large wp-image-188969\" src=\"https:\/\/candas365.es\/noticias\/wp-content\/uploads\/2025\/10\/Casas-que-respiran-650x412.jpg\" alt=\"Casas que respiran\" width=\"650\" height=\"412\" srcset=\"https:\/\/candas365.es\/noticias\/wp-content\/uploads\/2025\/10\/Casas-que-respiran-650x412.jpg 650w, https:\/\/candas365.es\/noticias\/wp-content\/uploads\/2025\/10\/Casas-que-respiran-360x228.jpg 360w, https:\/\/candas365.es\/noticias\/wp-content\/uploads\/2025\/10\/Casas-que-respiran-768x487.jpg 768w, https:\/\/candas365.es\/noticias\/wp-content\/uploads\/2025\/10\/Casas-que-respiran-150x95.jpg 150w, https:\/\/candas365.es\/noticias\/wp-content\/uploads\/2025\/10\/Casas-que-respiran-450x286.jpg 450w, https:\/\/candas365.es\/noticias\/wp-content\/uploads\/2025\/10\/Casas-que-respiran.jpg 1067w\" sizes=\"(max-width: 650px) 100vw, 650px\" \/><figcaption id=\"caption-attachment-188969\" class=\"wp-caption-text\">Foto: 123rf.com<\/figcaption><\/figure>\n<p>La vivienda ha dejado de ser solo un refugio f\u00edsico para convertirse en un espacio que influye directamente en la salud y el bienestar. En los \u00faltimos a\u00f1os, la arquitectura sostenible ha evolucionado hacia un concepto m\u00e1s humano: crear casas que respiran. Espacios que se adaptan al entorno, regulan la temperatura de forma natural y promueven una vida m\u00e1s equilibrada.<\/p>\n<h2>La casa como organismo vivo<\/h2>\n<p>Una vivienda que respira no es una met\u00e1fora po\u00e9tica, sino una realidad arquitect\u00f3nica. Se basa en materiales naturales, ventilaci\u00f3n cruzada y dise\u00f1o bioclim\u00e1tico, elementos que permiten que el aire fluya y el ambiente se mantenga estable sin necesidad de excesiva energ\u00eda.<\/p>\n<p>La luz natural, la orientaci\u00f3n y el aislamiento t\u00e9rmico son factores clave. Una buena ventilaci\u00f3n y el uso de plantas interiores ayudan a mantener el aire limpio y a reducir contaminantes dom\u00e9sticos.<\/p>\n<h2>Materiales que cuidan<\/h2>\n<p>La sostenibilidad comienza por los materiales. La madera certificada, el barro cocido, la piedra o el corcho no solo reducen la huella de carbono, tambi\u00e9n crean atm\u00f3sferas m\u00e1s saludables. Estos materiales regulan la humedad, filtran el aire y contribuyen a un entorno interior m\u00e1s confortable.<\/p>\n<p>El auge de la bioconstrucci\u00f3n ha demostrado que la elecci\u00f3n de materiales naturales mejora la calidad de vida y prolonga la durabilidad de los edificios.<\/p>\n<h2>Energ\u00eda que fluye<\/h2>\n<p>Las casas que respiran aprovechan los recursos naturales. El dise\u00f1o bioclim\u00e1tico orienta la vivienda para captar calor en invierno y mantener frescor en verano. Paneles solares, cubiertas verdes o sistemas de recogida de agua de lluvia completan un modelo energ\u00e9tico eficiente y aut\u00f3nomo.<\/p>\n<p>Este equilibrio entre tecnolog\u00eda y naturaleza busca reducir el impacto ambiental sin renunciar al confort.<strong> Pero tambi\u00e9n es cierto que cada vez m\u00e1s personas tambi\u00e9n optan por <a title=\"poner suelo radiante\" href=\"https:\/\/lamoradamorada.com\/cuanto-tengo-que-levantar-el-suelo-para-poner-suelo-radiante\" target=\"_blank\" rel=\"noopener\"><span style=\"color: #ff6600;\">poner suelo radiante <\/span><\/a><\/strong>en nuevas viviendas o en casas reformadas<strong>.<\/strong> \u00a0<strong>La morada morada es un blog de reformas y de referencia en la red<\/strong> y te ofrece consejos muy \u00fatiles para los que quieran optar por el suelo radiante o conocer otras de sus muchas propuestas, <strong>todo ello ayuda a disfrutar m\u00e1s del hogar.<\/strong><\/p>\n<h2>Bienestar y dise\u00f1o emocional<\/h2>\n<p>La arquitectura tambi\u00e9n influye en el estado de \u00e1nimo. Los espacios amplios, la luz suave y la conexi\u00f3n con el exterior favorecen la calma y la concentraci\u00f3n. Una casa sostenible no solo ahorra energ\u00eda, tambi\u00e9n genera bienestar emocional.<\/p>\n<p>Estudios recientes confirman que los hogares con buena ventilaci\u00f3n y luz natural reducen el estr\u00e9s y mejoran la calidad del sue\u00f1o. Habitar un entorno saludable es una forma de cuidar de uno mismo.<\/p>\n<h2>Un futuro que ya est\u00e1 aqu\u00ed<\/h2>\n<p>El dise\u00f1o sostenible ha pasado de ser una tendencia a convertirse en una necesidad. Las nuevas generaciones de arquitectos buscan equilibrio entre est\u00e9tica, funcionalidad y respeto ambiental. Las casas que respiran simbolizan una vuelta a lo esencial: construir sin da\u00f1ar, vivir sin contaminar, disfrutar sin desperdiciar.<\/p>\n<p>Crear espacios conscientes no es un lujo, sino una responsabilidad compartida. Y empieza, literalmente, por dejar que el aire vuelva a entrar.<\/p>\n","protected":false},"excerpt":{"rendered":"<p>Casas que respiran: dise\u00f1o sostenible que mejora la salud, regula la temperatura y conecta el bienestar humano con la naturaleza. La vivienda ha dejado de ser solo un refugio f\u00edsico para convertirse en un espacio que influye directamente en la salud y el bienestar. En los \u00faltimos a\u00f1os, la arquitectura sostenible ha evolucionado hacia un<\/p>\n","protected":false},"author":1,"featured_media":188969,"comment_status":"closed","ping_status":"closed","sticky":false,"template":"","format":"standard","meta":{"footnotes":""},"categories":[143],"tags":[423],"class_list":{"0":"post-188967","1":"post","2":"type-post","3":"status-publish","4":"format-standard","5":"has-post-thumbnail","7":"category-sociedad","8":"tag-hogar"},"aioseo_notices":[],"aioseo_head":"\n\t\t<!-- All in One SEO Pro 4.9.6.2 - aioseo.com -->\n\t<meta name=\"description\" content=\"Casas que respiran: dise\u00f1o sostenible que mejora la salud, regula la temperatura y conecta el bienestar humano con la naturaleza.\" \/>\n\t<meta name=\"robots\" content=\"max-image-preview:large\" \/>\n\t<meta name=\"author\" content=\"Cand\u00e1s 365\"\/>\n\t<meta name=\"google-site-verification\" content=\"UA-32230408-1\" \/>\n\t<meta name=\"msvalidate.01\" content=\"354F3CDFB2DA171B47FBE9ABF1F88D5\" \/>\n\t<meta name=\"keywords\" content=\"sociedad\" \/>\n\t<link rel=\"canonical\" href=\"https:\/\/candas365.es\/noticias\/casas-que-respiran-diseno-sostenible-y-bienestar\/\" \/>\n\t<meta name=\"generator\" content=\"All in One SEO Pro (AIOSEO) 4.9.6.2\" \/>\n\t\t<meta property=\"og:locale\" content=\"es_ES\" \/>\n\t\t<meta property=\"og:site_name\" content=\"Cand\u00e1s 365\" \/>\n\t\t<meta property=\"og:type\" content=\"article\" \/>\n\t\t<meta property=\"og:title\" content=\"Casas que respiran: dise\u00f1o sostenible y bienestar | Cand\u00e1s 365\" \/>\n\t\t<meta property=\"og:description\" content=\"Casas que respiran: dise\u00f1o sostenible que mejora la salud, regula la temperatura y conecta el bienestar humano con la naturaleza.\" \/>\n\t\t<meta property=\"og:url\" content=\"https:\/\/candas365.es\/noticias\/casas-que-respiran-diseno-sostenible-y-bienestar\/\" \/>\n\t\t<meta property=\"og:image\" content=\"https:\/\/candas365.es\/noticias\/wp-content\/uploads\/2025\/10\/Casas-que-respiran.jpg\" \/>\n\t\t<meta property=\"og:image:secure_url\" content=\"https:\/\/candas365.es\/noticias\/wp-content\/uploads\/2025\/10\/Casas-que-respiran.jpg\" \/>\n\t\t<meta property=\"og:image:width\" content=\"1067\" \/>\n\t\t<meta property=\"og:image:height\" content=\"677\" \/>\n\t\t<meta property=\"article:published_time\" content=\"2025-10-11T20:39:24+00:00\" \/>\n\t\t<meta property=\"article:modified_time\" content=\"2025-12-09T21:00:50+00:00\" \/>\n\t\t<meta property=\"article:publisher\" content=\"https:\/\/www.facebook.com\/Nachofdezber\" \/>\n\t\t<meta property=\"article:author\" content=\"https:\/\/www.facebook.com\/carrenoactualidad\" \/>\n\t\t<meta name=\"twitter:card\" content=\"summary_large_image\" \/>\n\t\t<meta name=\"twitter:site\" content=\"@NabercoDigital\" \/>\n\t\t<meta name=\"twitter:title\" content=\"Casas que respiran: dise\u00f1o sostenible y bienestar | Cand\u00e1s 365\" \/>\n\t\t<meta name=\"twitter:description\" content=\"Casas que respiran: dise\u00f1o sostenible que mejora la salud, regula la temperatura y conecta el bienestar humano con la naturaleza.\" \/>\n\t\t<meta name=\"twitter:creator\" content=\"@nbasturias\" \/>\n\t\t<meta name=\"twitter:image\" content=\"https:\/\/candas365.es\/noticias\/wp-content\/uploads\/2025\/10\/Casas-que-respiran.jpg\" \/>\n\t\t<meta name=\"twitter:label1\" content=\"Escrito por\" \/>\n\t\t<meta name=\"twitter:data1\" content=\"Cand\u00e1s 365\" \/>\n\t\t<meta name=\"twitter:label2\" content=\"Tiempo de lectura estimado\" \/>\n\t\t<meta name=\"twitter:data2\" content=\"3 minutos\" \/>\n\t\t<script type=\"application\/ld+json\" class=\"aioseo-schema\">\n\t\t\t{\"@context\":\"https:\\\/\\\/schema.org\",\"@graph\":[{\"@type\":\"BreadcrumbList\",\"@id\":\"https:\\\/\\\/candas365.es\\\/noticias\\\/casas-que-respiran-diseno-sostenible-y-bienestar\\\/#breadcrumblist\",\"itemListElement\":[{\"@type\":\"ListItem\",\"@id\":\"https:\\\/\\\/candas365.es\\\/noticias#listItem\",\"position\":1,\"name\":\"Home\",\"item\":\"https:\\\/\\\/candas365.es\\\/noticias\",\"nextItem\":{\"@type\":\"ListItem\",\"@id\":\"https:\\\/\\\/candas365.es\\\/noticias\\\/category\\\/sociedad\\\/#listItem\",\"name\":\"Sociedad\"}},{\"@type\":\"ListItem\",\"@id\":\"https:\\\/\\\/candas365.es\\\/noticias\\\/category\\\/sociedad\\\/#listItem\",\"position\":2,\"name\":\"Sociedad\",\"item\":\"https:\\\/\\\/candas365.es\\\/noticias\\\/category\\\/sociedad\\\/\",\"nextItem\":{\"@type\":\"ListItem\",\"@id\":\"https:\\\/\\\/candas365.es\\\/noticias\\\/casas-que-respiran-diseno-sostenible-y-bienestar\\\/#listItem\",\"name\":\"Casas que respiran: dise\\u00f1o sostenible y bienestar\"},\"previousItem\":{\"@type\":\"ListItem\",\"@id\":\"https:\\\/\\\/candas365.es\\\/noticias#listItem\",\"name\":\"Home\"}},{\"@type\":\"ListItem\",\"@id\":\"https:\\\/\\\/candas365.es\\\/noticias\\\/casas-que-respiran-diseno-sostenible-y-bienestar\\\/#listItem\",\"position\":3,\"name\":\"Casas que respiran: dise\\u00f1o sostenible y bienestar\",\"previousItem\":{\"@type\":\"ListItem\",\"@id\":\"https:\\\/\\\/candas365.es\\\/noticias\\\/category\\\/sociedad\\\/#listItem\",\"name\":\"Sociedad\"}}]},{\"@type\":\"NewsArticle\",\"@id\":\"https:\\\/\\\/candas365.es\\\/noticias\\\/casas-que-respiran-diseno-sostenible-y-bienestar\\\/#newsarticle\",\"name\":\"Casas que respiran: dise\\u00f1o sostenible y bienestar | Cand\\u00e1s 365\",\"headline\":\"Casas que respiran: dise\\u00f1o sostenible y bienestar\",\"author\":{\"@id\":\"https:\\\/\\\/candas365.es\\\/noticias\\\/author\\\/admin\\\/#author\"},\"publisher\":{\"@id\":\"https:\\\/\\\/candas365.es\\\/noticias\\\/#organization\"},\"image\":{\"@type\":\"ImageObject\",\"url\":\"https:\\\/\\\/candas365.es\\\/noticias\\\/wp-content\\\/uploads\\\/2025\\\/10\\\/Casas-que-respiran.jpg\",\"width\":1067,\"height\":677,\"caption\":\"Foto: 123rf.com\"},\"datePublished\":\"2025-10-11T22:39:24+02:00\",\"dateModified\":\"2025-12-09T22:00:50+01:00\",\"inLanguage\":\"es-ES\",\"mainEntityOfPage\":{\"@id\":\"https:\\\/\\\/candas365.es\\\/noticias\\\/casas-que-respiran-diseno-sostenible-y-bienestar\\\/#webpage\"},\"isPartOf\":{\"@id\":\"https:\\\/\\\/candas365.es\\\/noticias\\\/casas-que-respiran-diseno-sostenible-y-bienestar\\\/#webpage\"},\"articleSection\":\"Sociedad, Hogar\",\"dateline\":\"Publicado el octubre 11, 2025.\"},{\"@type\":\"Organization\",\"@id\":\"https:\\\/\\\/candas365.es\\\/noticias\\\/#organization\",\"name\":\"Cand\\u00e1s 365\",\"description\":\"Cand\\u00e1s 365 es un diario digital independiente, fundado en 2012, con base en Asturias. Informamos con rigor sobre actualidad, sociedad, cultura y ocio, con una mirada local y global.\",\"url\":\"https:\\\/\\\/candas365.es\\\/noticias\\\/\",\"email\":\"info@candas365.es\",\"telephone\":\"+34652131393\",\"foundingDate\":\"2012-06-10\",\"logo\":{\"@type\":\"ImageObject\",\"url\":\"https:\\\/\\\/candas365.es\\\/noticias\\\/wp-content\\\/uploads\\\/2024\\\/09\\\/Candas-365-Redes.jpg\",\"@id\":\"https:\\\/\\\/candas365.es\\\/noticias\\\/casas-que-respiran-diseno-sostenible-y-bienestar\\\/#organizationLogo\",\"width\":1152,\"height\":864,\"caption\":\"Cand\\u00e1s 365 Redes\"},\"image\":{\"@id\":\"https:\\\/\\\/candas365.es\\\/noticias\\\/casas-que-respiran-diseno-sostenible-y-bienestar\\\/#organizationLogo\"},\"sameAs\":[\"https:\\\/\\\/www.facebook.com\\\/Nachofdezber\",\"https:\\\/\\\/x.com\\\/NabercoDigital\",\"https:\\\/\\\/www.instagram.com\\\/nachofdezber\\\/\",\"https:\\\/\\\/www.youtube.com\\\/channel\\\/UCZP-2wLEB9Rv6erhFmqVnvg\"],\"address\":{\"@id\":\"https:\\\/\\\/candas365.es\\\/noticias\\\/#postaladdress\",\"@type\":\"PostalAddress\",\"streetAddress\":\"san antonio 4, san antonio 4\",\"postalCode\":\"33430\",\"addressLocality\":\"Cand\\u00e1s\",\"addressRegion\":\"Asturias\",\"addressCountry\":\"ES\"}},{\"@type\":\"Person\",\"@id\":\"https:\\\/\\\/candas365.es\\\/noticias\\\/author\\\/admin\\\/#author\",\"url\":\"https:\\\/\\\/candas365.es\\\/noticias\\\/author\\\/admin\\\/\",\"name\":\"Cand\\u00e1s 365\",\"image\":{\"@type\":\"ImageObject\",\"@id\":\"https:\\\/\\\/candas365.es\\\/noticias\\\/casas-que-respiran-diseno-sostenible-y-bienestar\\\/#authorImage\",\"url\":\"https:\\\/\\\/secure.gravatar.com\\\/avatar\\\/496a8e03d0c493ede1718b7934145dbdf8d89be1036b0eec9544e1094c9de390?s=96&d=mm&r=g\",\"width\":96,\"height\":96,\"caption\":\"Cand\\u00e1s 365\"},\"sameAs\":[\"https:\\\/\\\/www.facebook.com\\\/carrenoactualidad\",\"https:\\\/\\\/twitter.com\\\/nbasturias\",\"https:\\\/\\\/www.instagram.com\\\/nachofdezber\\\/\",\"https:\\\/\\\/www.youtube.com\\\/channel\\\/UCZP-2wLEB9Rv6erhFmqVnvg\"]},{\"@type\":\"WebPage\",\"@id\":\"https:\\\/\\\/candas365.es\\\/noticias\\\/casas-que-respiran-diseno-sostenible-y-bienestar\\\/#webpage\",\"url\":\"https:\\\/\\\/candas365.es\\\/noticias\\\/casas-que-respiran-diseno-sostenible-y-bienestar\\\/\",\"name\":\"Casas que respiran: dise\\u00f1o sostenible y bienestar | Cand\\u00e1s 365\",\"description\":\"Casas que respiran: dise\\u00f1o sostenible que mejora la salud, regula la temperatura y conecta el bienestar humano con la naturaleza.\",\"inLanguage\":\"es-ES\",\"isPartOf\":{\"@id\":\"https:\\\/\\\/candas365.es\\\/noticias\\\/#website\"},\"breadcrumb\":{\"@id\":\"https:\\\/\\\/candas365.es\\\/noticias\\\/casas-que-respiran-diseno-sostenible-y-bienestar\\\/#breadcrumblist\"},\"author\":{\"@id\":\"https:\\\/\\\/candas365.es\\\/noticias\\\/author\\\/admin\\\/#author\"},\"creator\":{\"@id\":\"https:\\\/\\\/candas365.es\\\/noticias\\\/author\\\/admin\\\/#author\"},\"image\":{\"@type\":\"ImageObject\",\"url\":\"https:\\\/\\\/candas365.es\\\/noticias\\\/wp-content\\\/uploads\\\/2025\\\/10\\\/Casas-que-respiran.jpg\",\"@id\":\"https:\\\/\\\/candas365.es\\\/noticias\\\/casas-que-respiran-diseno-sostenible-y-bienestar\\\/#mainImage\",\"width\":1067,\"height\":677,\"caption\":\"Foto: 123rf.com\"},\"primaryImageOfPage\":{\"@id\":\"https:\\\/\\\/candas365.es\\\/noticias\\\/casas-que-respiran-diseno-sostenible-y-bienestar\\\/#mainImage\"},\"datePublished\":\"2025-10-11T22:39:24+02:00\",\"dateModified\":\"2025-12-09T22:00:50+01:00\"},{\"@type\":\"WebSite\",\"@id\":\"https:\\\/\\\/candas365.es\\\/noticias\\\/#website\",\"url\":\"https:\\\/\\\/candas365.es\\\/noticias\\\/\",\"name\":\"Cand\\u00e1s 365\",\"alternateName\":\"Cand\\u00e1s 365 Noticias\",\"description\":\"Actualidad desde Carre\\u00f1o para el mundo\",\"inLanguage\":\"es-ES\",\"publisher\":{\"@id\":\"https:\\\/\\\/candas365.es\\\/noticias\\\/#organization\"}}]}\n\t\t<\/script>\n\t\t<!-- All in One SEO Pro -->\r\n\t\t<title>Casas que respiran: dise\u00f1o sostenible y bienestar | Cand\u00e1s 365<\/title>\n\n","aioseo_head_json":{"title":"Casas que respiran: dise\u00f1o sostenible y bienestar | Cand\u00e1s 365","description":"Casas que respiran: dise\u00f1o sostenible que mejora la salud, regula la temperatura y conecta el bienestar humano con la naturaleza.","canonical_url":"https:\/\/candas365.es\/noticias\/casas-que-respiran-diseno-sostenible-y-bienestar\/","robots":"max-image-preview:large","keywords":"sociedad","webmasterTools":{"google-site-verification":"UA-32230408-1","msvalidate.01":"354F3CDFB2DA171B47FBE9ABF1F88D5","miscellaneous":""},"schema":{"@context":"https:\/\/schema.org","@graph":[{"@type":"BreadcrumbList","@id":"https:\/\/candas365.es\/noticias\/casas-que-respiran-diseno-sostenible-y-bienestar\/#breadcrumblist","itemListElement":[{"@type":"ListItem","@id":"https:\/\/candas365.es\/noticias#listItem","position":1,"name":"Home","item":"https:\/\/candas365.es\/noticias","nextItem":{"@type":"ListItem","@id":"https:\/\/candas365.es\/noticias\/category\/sociedad\/#listItem","name":"Sociedad"}},{"@type":"ListItem","@id":"https:\/\/candas365.es\/noticias\/category\/sociedad\/#listItem","position":2,"name":"Sociedad","item":"https:\/\/candas365.es\/noticias\/category\/sociedad\/","nextItem":{"@type":"ListItem","@id":"https:\/\/candas365.es\/noticias\/casas-que-respiran-diseno-sostenible-y-bienestar\/#listItem","name":"Casas que respiran: dise\u00f1o sostenible y bienestar"},"previousItem":{"@type":"ListItem","@id":"https:\/\/candas365.es\/noticias#listItem","name":"Home"}},{"@type":"ListItem","@id":"https:\/\/candas365.es\/noticias\/casas-que-respiran-diseno-sostenible-y-bienestar\/#listItem","position":3,"name":"Casas que respiran: dise\u00f1o sostenible y bienestar","previousItem":{"@type":"ListItem","@id":"https:\/\/candas365.es\/noticias\/category\/sociedad\/#listItem","name":"Sociedad"}}]},{"@type":"NewsArticle","@id":"https:\/\/candas365.es\/noticias\/casas-que-respiran-diseno-sostenible-y-bienestar\/#newsarticle","name":"Casas que respiran: dise\u00f1o sostenible y bienestar | Cand\u00e1s 365","headline":"Casas que respiran: dise\u00f1o sostenible y bienestar","author":{"@id":"https:\/\/candas365.es\/noticias\/author\/admin\/#author"},"publisher":{"@id":"https:\/\/candas365.es\/noticias\/#organization"},"image":{"@type":"ImageObject","url":"https:\/\/candas365.es\/noticias\/wp-content\/uploads\/2025\/10\/Casas-que-respiran.jpg","width":1067,"height":677,"caption":"Foto: 123rf.com"},"datePublished":"2025-10-11T22:39:24+02:00","dateModified":"2025-12-09T22:00:50+01:00","inLanguage":"es-ES","mainEntityOfPage":{"@id":"https:\/\/candas365.es\/noticias\/casas-que-respiran-diseno-sostenible-y-bienestar\/#webpage"},"isPartOf":{"@id":"https:\/\/candas365.es\/noticias\/casas-que-respiran-diseno-sostenible-y-bienestar\/#webpage"},"articleSection":"Sociedad, Hogar","dateline":"Publicado el octubre 11, 2025."},{"@type":"Organization","@id":"https:\/\/candas365.es\/noticias\/#organization","name":"Cand\u00e1s 365","description":"Cand\u00e1s 365 es un diario digital independiente, fundado en 2012, con base en Asturias. Informamos con rigor sobre actualidad, sociedad, cultura y ocio, con una mirada local y global.","url":"https:\/\/candas365.es\/noticias\/","email":"info@candas365.es","telephone":"+34652131393","foundingDate":"2012-06-10","logo":{"@type":"ImageObject","url":"https:\/\/candas365.es\/noticias\/wp-content\/uploads\/2024\/09\/Candas-365-Redes.jpg","@id":"https:\/\/candas365.es\/noticias\/casas-que-respiran-diseno-sostenible-y-bienestar\/#organizationLogo","width":1152,"height":864,"caption":"Cand\u00e1s 365 Redes"},"image":{"@id":"https:\/\/candas365.es\/noticias\/casas-que-respiran-diseno-sostenible-y-bienestar\/#organizationLogo"},"sameAs":["https:\/\/www.facebook.com\/Nachofdezber","https:\/\/x.com\/NabercoDigital","https:\/\/www.instagram.com\/nachofdezber\/","https:\/\/www.youtube.com\/channel\/UCZP-2wLEB9Rv6erhFmqVnvg"],"address":{"@id":"https:\/\/candas365.es\/noticias\/#postaladdress","@type":"PostalAddress","streetAddress":"san antonio 4, san antonio 4","postalCode":"33430","addressLocality":"Cand\u00e1s","addressRegion":"Asturias","addressCountry":"ES"}},{"@type":"Person","@id":"https:\/\/candas365.es\/noticias\/author\/admin\/#author","url":"https:\/\/candas365.es\/noticias\/author\/admin\/","name":"Cand\u00e1s 365","image":{"@type":"ImageObject","@id":"https:\/\/candas365.es\/noticias\/casas-que-respiran-diseno-sostenible-y-bienestar\/#authorImage","url":"https:\/\/secure.gravatar.com\/avatar\/496a8e03d0c493ede1718b7934145dbdf8d89be1036b0eec9544e1094c9de390?s=96&d=mm&r=g","width":96,"height":96,"caption":"Cand\u00e1s 365"},"sameAs":["https:\/\/www.facebook.com\/carrenoactualidad","https:\/\/twitter.com\/nbasturias","https:\/\/www.instagram.com\/nachofdezber\/","https:\/\/www.youtube.com\/channel\/UCZP-2wLEB9Rv6erhFmqVnvg"]},{"@type":"WebPage","@id":"https:\/\/candas365.es\/noticias\/casas-que-respiran-diseno-sostenible-y-bienestar\/#webpage","url":"https:\/\/candas365.es\/noticias\/casas-que-respiran-diseno-sostenible-y-bienestar\/","name":"Casas que respiran: dise\u00f1o sostenible y bienestar | Cand\u00e1s 365","description":"Casas que respiran: dise\u00f1o sostenible que mejora la salud, regula la temperatura y conecta el bienestar humano con la naturaleza.","inLanguage":"es-ES","isPartOf":{"@id":"https:\/\/candas365.es\/noticias\/#website"},"breadcrumb":{"@id":"https:\/\/candas365.es\/noticias\/casas-que-respiran-diseno-sostenible-y-bienestar\/#breadcrumblist"},"author":{"@id":"https:\/\/candas365.es\/noticias\/author\/admin\/#author"},"creator":{"@id":"https:\/\/candas365.es\/noticias\/author\/admin\/#author"},"image":{"@type":"ImageObject","url":"https:\/\/candas365.es\/noticias\/wp-content\/uploads\/2025\/10\/Casas-que-respiran.jpg","@id":"https:\/\/candas365.es\/noticias\/casas-que-respiran-diseno-sostenible-y-bienestar\/#mainImage","width":1067,"height":677,"caption":"Foto: 123rf.com"},"primaryImageOfPage":{"@id":"https:\/\/candas365.es\/noticias\/casas-que-respiran-diseno-sostenible-y-bienestar\/#mainImage"},"datePublished":"2025-10-11T22:39:24+02:00","dateModified":"2025-12-09T22:00:50+01:00"},{"@type":"WebSite","@id":"https:\/\/candas365.es\/noticias\/#website","url":"https:\/\/candas365.es\/noticias\/","name":"Cand\u00e1s 365","alternateName":"Cand\u00e1s 365 Noticias","description":"Actualidad desde Carre\u00f1o para el mundo","inLanguage":"es-ES","publisher":{"@id":"https:\/\/candas365.es\/noticias\/#organization"}}]},"og:locale":"es_ES","og:site_name":"Cand\u00e1s 365","og:type":"article","og:title":"Casas que respiran: dise\u00f1o sostenible y bienestar | Cand\u00e1s 365","og:description":"Casas que respiran: dise\u00f1o sostenible que mejora la salud, regula la temperatura y conecta el bienestar humano con la naturaleza.","og:url":"https:\/\/candas365.es\/noticias\/casas-que-respiran-diseno-sostenible-y-bienestar\/","og:image":"https:\/\/candas365.es\/noticias\/wp-content\/uploads\/2025\/10\/Casas-que-respiran.jpg","og:image:secure_url":"https:\/\/candas365.es\/noticias\/wp-content\/uploads\/2025\/10\/Casas-que-respiran.jpg","og:image:width":1067,"og:image:height":677,"article:published_time":"2025-10-11T20:39:24+00:00","article:modified_time":"2025-12-09T21:00:50+00:00","article:publisher":"https:\/\/www.facebook.com\/Nachofdezber","article:author":"https:\/\/www.facebook.com\/carrenoactualidad","twitter:card":"summary_large_image","twitter:site":"@NabercoDigital","twitter:title":"Casas que respiran: dise\u00f1o sostenible y bienestar | Cand\u00e1s 365","twitter:description":"Casas que respiran: dise\u00f1o sostenible que mejora la salud, regula la temperatura y conecta el bienestar humano con la naturaleza.","twitter:creator":"@nbasturias","twitter:image":"https:\/\/candas365.es\/noticias\/wp-content\/uploads\/2025\/10\/Casas-que-respiran.jpg","twitter:label1":"Escrito por","twitter:data1":"Cand\u00e1s 365","twitter:label2":"Tiempo de lectura estimado","twitter:data2":"3 minutos"},"aioseo_meta_data":{"post_id":"188967","title":null,"description":"Casas que respiran: dise\u00f1o sostenible que mejora la salud, regula la temperatura y conecta el bienestar humano con la naturaleza.","keywords":null,"keyphrases":{"focus":{"keyphrase":"Casas","score":91,"analysis":{"keyphraseInTitle":{"score":9,"maxScore":9,"error":0},"keyphraseInDescription":{"score":9,"maxScore":9,"error":0},"keyphraseLength":{"score":9,"maxScore":9,"error":0,"length":1},"keyphraseInURL":{"score":5,"maxScore":5,"error":0},"keyphraseInIntroduction":{"score":9,"maxScore":9,"error":0},"keyphraseInSubHeadings":{"score":3,"maxScore":9,"error":1},"keyphraseInImageAlt":{"score":9,"maxScore":9,"error":0},"keywordDensity":{"type":"best","score":9,"maxScore":9,"error":0}}},"additional":[{"keyphrase":"Casas que respiran","score":100,"analysis":{"keyphraseInDescription":{"score":9,"maxScore":9,"error":0},"keyphraseLength":{"score":9,"maxScore":9,"error":0,"length":3},"keyphraseInIntroduction":{"score":9,"maxScore":9,"error":0},"keyphraseInImageAlt":{"score":9,"maxScore":9,"error":0},"keywordDensity":{"type":"best","score":9,"maxScore":9,"error":0}}}]},"primary_term":null,"canonical_url":null,"og_title":null,"og_description":null,"og_object_type":"default","og_image_type":"default","og_image_url":null,"og_image_width":null,"og_image_height":null,"og_image_custom_url":null,"og_image_custom_fields":null,"og_video":"","og_custom_url":null,"og_article_section":null,"og_article_tags":null,"twitter_use_og":false,"twitter_card":"default","twitter_image_type":"default","twitter_image_url":null,"twitter_image_custom_url":null,"twitter_image_custom_fields":null,"twitter_title":null,"twitter_description":null,"schema":{"blockGraphs":[],"customGraphs":[],"default":{"data":{"Article":[],"Course":[],"Dataset":[],"FAQPage":[],"Movie":[],"Person":[],"Product":[],"ProductReview":[],"Car":[],"Recipe":[],"Service":[],"SoftwareApplication":[],"WebPage":[]},"graphName":"Article","isEnabled":true},"graphs":[]},"schema_type":"default","schema_type_options":null,"pillar_content":false,"robots_default":true,"robots_noindex":false,"robots_noarchive":false,"robots_nosnippet":false,"robots_nofollow":false,"robots_noimageindex":false,"robots_noodp":false,"robots_notranslate":false,"robots_max_snippet":"-1","robots_max_videopreview":"-1","robots_max_imagepreview":"large","priority":null,"frequency":"default","location":null,"local_seo":null,"seo_analyzer_scan_date":"2025-12-09 21:10:34","breadcrumb_settings":null,"limit_modified_date":false,"reviewed_by":null,"open_ai":null,"ai":{"faqs":[],"keyPoints":[],"titles":[],"descriptions":[],"socialPosts":{"email":[],"linkedin":[],"twitter":[],"facebook":[],"instagram":[]}},"created":"2025-10-11 20:23:14","updated":"2025-12-09 21:10:34"},"aioseo_breadcrumb":"<div class=\"aioseo-breadcrumbs\"><span class=\"aioseo-breadcrumb\">\n\t<a href=\"https:\/\/candas365.es\/noticias\" title=\"Home\">Home<\/a>\n<\/span><span class=\"aioseo-breadcrumb-separator\">&ndash;<\/span><span class=\"aioseo-breadcrumb\">\n\t<a href=\"https:\/\/candas365.es\/noticias\/category\/sociedad\/\" title=\"Sociedad\">Sociedad<\/a>\n<\/span><span class=\"aioseo-breadcrumb-separator\">&ndash;<\/span><span class=\"aioseo-breadcrumb\">\n\tCasas que respiran: dise\u00f1o sostenible y bienestar\n<\/span><\/div>","aioseo_breadcrumb_json":[{"label":"Home","link":"https:\/\/candas365.es\/noticias"},{"label":"Sociedad","link":"https:\/\/candas365.es\/noticias\/category\/sociedad\/"},{"label":"Casas que respiran: dise\u00f1o sostenible y bienestar","link":"https:\/\/candas365.es\/noticias\/casas-que-respiran-diseno-sostenible-y-bienestar\/"}],"_links":{"self":[{"href":"https:\/\/candas365.es\/noticias\/wp-json\/wp\/v2\/posts\/188967","targetHints":{"allow":["GET"]}}],"collection":[{"href":"https:\/\/candas365.es\/noticias\/wp-json\/wp\/v2\/posts"}],"about":[{"href":"https:\/\/candas365.es\/noticias\/wp-json\/wp\/v2\/types\/post"}],"author":[{"embeddable":true,"href":"https:\/\/candas365.es\/noticias\/wp-json\/wp\/v2\/users\/1"}],"replies":[{"embeddable":true,"href":"https:\/\/candas365.es\/noticias\/wp-json\/wp\/v2\/comments?post=188967"}],"version-history":[{"count":0,"href":"https:\/\/candas365.es\/noticias\/wp-json\/wp\/v2\/posts\/188967\/revisions"}],"wp:featuredmedia":[{"embeddable":true,"href":"https:\/\/candas365.es\/noticias\/wp-json\/wp\/v2\/media\/188969"}],"wp:attachment":[{"href":"https:\/\/candas365.es\/noticias\/wp-json\/wp\/v2\/media?parent=188967"}],"wp:term":[{"taxonomy":"category","embeddable":true,"href":"https:\/\/candas365.es\/noticias\/wp-json\/wp\/v2\/categories?post=188967"},{"taxonomy":"post_tag","embeddable":true,"href":"https:\/\/candas365.es\/noticias\/wp-json\/wp\/v2\/tags?post=188967"}],"curies":[{"name":"wp","href":"https:\/\/api.w.org\/{rel}","templated":true}]}}