{"id":188960,"date":"2025-10-11T21:19:57","date_gmt":"2025-10-11T19:19:57","guid":{"rendered":"https:\/\/candas365.es\/noticias\/?p=188960"},"modified":"2025-10-11T21:19:57","modified_gmt":"2025-10-11T19:19:57","slug":"reforma-de-la-glorieta-de-luis-oliver-en-oviedo","status":"publish","type":"post","link":"https:\/\/candas365.es\/noticias\/reforma-de-la-glorieta-de-luis-oliver-en-oviedo\/","title":{"rendered":"Reforma de la glorieta de Luis Oliver en Oviedo"},"content":{"rendered":"<p data-start=\"584\" data-end=\"884\">El <span style=\"color: #ff6600;\"><a style=\"color: #ff6600;\" href=\"https:\/\/actualidad.asturias.es\/\" target=\"_blank\" rel=\"noopener\"><strong data-start=\"587\" data-end=\"611\">Gobierno de Asturias<\/strong><\/a><\/span> y el <strong data-start=\"617\" data-end=\"649\">Ayuntamiento de Oviedo\/Uvi\u00e9u<\/strong> avanzan en el desarrollo de la <strong data-start=\"681\" data-end=\"722\">reforma de la glorieta de Luis Oliver<\/strong>, una actuaci\u00f3n destinada a mejorar la conexi\u00f3n con el barrio de <strong data-start=\"787\" data-end=\"805\">Ciudad Naranco<\/strong> y a aliviar la congesti\u00f3n del tr\u00e1fico en la <strong data-start=\"850\" data-end=\"881\">entrada norte de la capital<\/strong>.<\/p>\n<figure id=\"attachment_188961\" aria-describedby=\"caption-attachment-188961\" style=\"width: 650px\" class=\"wp-caption aligncenter\"><img fetchpriority=\"high\" decoding=\"async\" class=\"size-large wp-image-188961\" src=\"https:\/\/candas365.es\/noticias\/wp-content\/uploads\/2025\/10\/Reforma-de-la-glorieta-de-Luis-Oliver-en-Oviedo-650x359.jpg\" alt=\"Reforma de la glorieta de Luis Oliver en Oviedo\" width=\"650\" height=\"359\" srcset=\"https:\/\/candas365.es\/noticias\/wp-content\/uploads\/2025\/10\/Reforma-de-la-glorieta-de-Luis-Oliver-en-Oviedo-650x359.jpg 650w, https:\/\/candas365.es\/noticias\/wp-content\/uploads\/2025\/10\/Reforma-de-la-glorieta-de-Luis-Oliver-en-Oviedo-360x199.jpg 360w, https:\/\/candas365.es\/noticias\/wp-content\/uploads\/2025\/10\/Reforma-de-la-glorieta-de-Luis-Oliver-en-Oviedo-150x83.jpg 150w, https:\/\/candas365.es\/noticias\/wp-content\/uploads\/2025\/10\/Reforma-de-la-glorieta-de-Luis-Oliver-en-Oviedo-450x249.jpg 450w, https:\/\/candas365.es\/noticias\/wp-content\/uploads\/2025\/10\/Reforma-de-la-glorieta-de-Luis-Oliver-en-Oviedo.jpg 716w\" sizes=\"(max-width: 650px) 100vw, 650px\" \/><figcaption id=\"caption-attachment-188961\" class=\"wp-caption-text\">Foto; Prensa Gobierno de Asturias<\/figcaption><\/figure>\n<p data-start=\"886\" data-end=\"1087\">La obra, que forma parte del plan de mejora de accesos urbanos, implica la <strong data-start=\"961\" data-end=\"995\">construcci\u00f3n de un nuevo ramal<\/strong> y cuenta con un <strong data-start=\"1012\" data-end=\"1046\">presupuesto de 4.064.605 euros<\/strong> y un <strong data-start=\"1052\" data-end=\"1086\">plazo de ejecuci\u00f3n de 18 meses<\/strong>.<\/p>\n<h3 data-start=\"1094\" data-end=\"1137\">Mejoras en la conexi\u00f3n y la circulaci\u00f3n<\/h3>\n<p data-start=\"1139\" data-end=\"1536\">El proyecto incluye la creaci\u00f3n de un <strong data-start=\"1177\" data-end=\"1202\">ramal de giro directo<\/strong> desde la autov\u00eda <strong data-start=\"1220\" data-end=\"1229\">AS-II<\/strong>, en sentido ascendente, hacia la <strong data-start=\"1263\" data-end=\"1294\">calle Ernesto Winter Blanco<\/strong>. Este nuevo acceso pasar\u00e1 <strong data-start=\"1321\" data-end=\"1361\">por debajo de la v\u00eda del ferrocarril<\/strong>, mediante un <strong data-start=\"1375\" data-end=\"1392\">marco hincado<\/strong> dise\u00f1ado con capacidad para <strong data-start=\"1421\" data-end=\"1460\">dos carriles de 3,5 metros de ancho<\/strong>, un <strong data-start=\"1465\" data-end=\"1495\">arc\u00e9n interior de un metro<\/strong> y un <strong data-start=\"1501\" data-end=\"1533\">arc\u00e9n exterior de 2,5 metros<\/strong>.<\/p>\n<p data-start=\"1538\" data-end=\"1696\">Esta soluci\u00f3n t\u00e9cnica permitir\u00e1 ejecutar la obra <strong data-start=\"1587\" data-end=\"1629\">sin interrumpir el tr\u00e1fico ferroviario<\/strong>, garantizando la continuidad del servicio durante todo el proceso.<\/p>\n<p data-start=\"1698\" data-end=\"2137\">Para facilitar la movilidad, se ha <strong data-start=\"1733\" data-end=\"1777\">coordinado con el Ayuntamiento de Oviedo<\/strong> una nueva regulaci\u00f3n del tr\u00e1fico. Durante la ejecuci\u00f3n de los trabajos, el <strong data-start=\"1853\" data-end=\"1951\">tr\u00e1fico en direcci\u00f3n a Ciudad Naranco desde la calle Ernesto Winter Blanco permanecer\u00e1 cortado<\/strong>, mientras que el <strong data-start=\"1969\" data-end=\"2021\">sentido descendente hacia la rotonda de la AS-II<\/strong> seguir\u00e1 operativo.<\/p>\n<blockquote>\n<p data-start=\"1698\" data-end=\"2137\">Como <strong data-start=\"2048\" data-end=\"2077\">v\u00eda alternativa de acceso<\/strong>, se habilitar\u00e1 el recorrido por la <strong data-start=\"2113\" data-end=\"2136\">calle Nicol\u00e1s Soria<\/strong>.<\/p>\n<\/blockquote>\n<h3 data-start=\"2144\" data-end=\"2194\">Colaboraci\u00f3n institucional y futuro desarrollo<\/h3>\n<p data-start=\"2196\" data-end=\"2420\">El proyecto se enmarca en el <strong data-start=\"2225\" data-end=\"2254\">protocolo de colaboraci\u00f3n<\/strong> suscrito entre el <strong data-start=\"2273\" data-end=\"2315\">Principado y el Ayuntamiento de <a href=\"https:\/\/candas365.es\/noticias\/category\/asturias\/\"><span style=\"color: #ff6600;\">Oviedo<\/span><\/a><\/strong> en noviembre de 2021, mediante el cual el Ejecutivo auton\u00f3mico asumi\u00f3 la construcci\u00f3n del nuevo ramal.<\/p>\n<p data-start=\"2422\" data-end=\"2621\">Adem\u00e1s, est\u00e1 previsto un <strong data-start=\"2447\" data-end=\"2464\">segundo ramal<\/strong>, en sentido descendente, que conectar\u00e1 las calles <strong data-start=\"2515\" data-end=\"2533\">Ernesto Winter<\/strong> y <strong data-start=\"2536\" data-end=\"2560\">Jes\u00fas S\u00e1enz de Miera<\/strong>, cuya ejecuci\u00f3n corresponder\u00e1 a la <strong data-start=\"2596\" data-end=\"2620\">Administraci\u00f3n local<\/strong>.<\/p>\n<p data-start=\"2623\" data-end=\"2854\">Esta actuaci\u00f3n constituye un <strong data-start=\"2652\" data-end=\"2712\">avance clave en la modernizaci\u00f3n de la red viaria urbana<\/strong>, contribuyendo a mejorar la fluidez del tr\u00e1fico, reforzar la seguridad y facilitar los desplazamientos entre los barrios del norte de Oviedo.<\/p>\n","protected":false},"excerpt":{"rendered":"<p>El Gobierno de Asturias y el Ayuntamiento de Oviedo\/Uvi\u00e9u avanzan en el desarrollo de la reforma de la glorieta de Luis Oliver, una actuaci\u00f3n destinada a mejorar la conexi\u00f3n con el barrio de Ciudad Naranco y a aliviar la congesti\u00f3n del tr\u00e1fico en la entrada norte de la capital. La obra, que forma parte del<\/p>\n","protected":false},"author":1,"featured_media":188961,"comment_status":"closed","ping_status":"closed","sticky":false,"template":"","format":"standard","meta":{"footnotes":""},"categories":[7],"tags":[380,461],"class_list":{"0":"post-188960","1":"post","2":"type-post","3":"status-publish","4":"format-standard","5":"has-post-thumbnail","7":"category-asturias","8":"tag-asturias","9":"tag-oviedo"},"aioseo_notices":[],"aioseo_head":"\n\t\t<!-- All in One SEO Pro 4.9.6.2 - aioseo.com -->\n\t<meta name=\"description\" content=\"El Gobierno de Asturias y el Ayuntamiento de Oviedo\/Uvi\u00e9u avanzan en el desarrollo de la reforma de la glorieta de Luis Oliver, una actuaci\u00f3n destinada\" \/>\n\t<meta name=\"robots\" content=\"max-image-preview:large\" \/>\n\t<meta name=\"author\" content=\"Cand\u00e1s 365\"\/>\n\t<meta name=\"google-site-verification\" content=\"UA-32230408-1\" \/>\n\t<meta name=\"msvalidate.01\" content=\"354F3CDFB2DA171B47FBE9ABF1F88D5\" \/>\n\t<meta name=\"keywords\" content=\"asturias\" \/>\n\t<link rel=\"canonical\" href=\"https:\/\/candas365.es\/noticias\/reforma-de-la-glorieta-de-luis-oliver-en-oviedo\/\" \/>\n\t<meta name=\"generator\" content=\"All in One SEO Pro (AIOSEO) 4.9.6.2\" \/>\n\t\t<meta property=\"og:locale\" content=\"es_ES\" \/>\n\t\t<meta property=\"og:site_name\" content=\"Cand\u00e1s 365\" \/>\n\t\t<meta property=\"og:type\" content=\"article\" \/>\n\t\t<meta property=\"og:title\" content=\"Reforma de la glorieta de Luis Oliver en Oviedo | Cand\u00e1s 365\" \/>\n\t\t<meta property=\"og:description\" content=\"El Gobierno de Asturias y el Ayuntamiento de Oviedo\/Uvi\u00e9u avanzan en el desarrollo de la reforma de la glorieta de Luis Oliver, una actuaci\u00f3n destinada\" \/>\n\t\t<meta property=\"og:url\" content=\"https:\/\/candas365.es\/noticias\/reforma-de-la-glorieta-de-luis-oliver-en-oviedo\/\" \/>\n\t\t<meta property=\"og:image\" content=\"https:\/\/candas365.es\/noticias\/wp-content\/uploads\/2025\/10\/Reforma-de-la-glorieta-de-Luis-Oliver-en-Oviedo.jpg\" \/>\n\t\t<meta property=\"og:image:secure_url\" content=\"https:\/\/candas365.es\/noticias\/wp-content\/uploads\/2025\/10\/Reforma-de-la-glorieta-de-Luis-Oliver-en-Oviedo.jpg\" \/>\n\t\t<meta property=\"og:image:width\" content=\"716\" \/>\n\t\t<meta property=\"og:image:height\" content=\"396\" \/>\n\t\t<meta property=\"article:published_time\" content=\"2025-10-11T19:19:57+00:00\" \/>\n\t\t<meta property=\"article:modified_time\" content=\"2025-10-11T19:19:57+00:00\" \/>\n\t\t<meta property=\"article:publisher\" content=\"https:\/\/www.facebook.com\/Nachofdezber\" \/>\n\t\t<meta property=\"article:author\" content=\"https:\/\/www.facebook.com\/carrenoactualidad\" \/>\n\t\t<meta name=\"twitter:card\" content=\"summary_large_image\" \/>\n\t\t<meta name=\"twitter:site\" content=\"@NabercoDigital\" \/>\n\t\t<meta name=\"twitter:title\" content=\"Reforma de la glorieta de Luis Oliver en Oviedo | Cand\u00e1s 365\" \/>\n\t\t<meta name=\"twitter:description\" content=\"El Gobierno de Asturias y el Ayuntamiento de Oviedo\/Uvi\u00e9u avanzan en el desarrollo de la reforma de la glorieta de Luis Oliver, una actuaci\u00f3n destinada\" \/>\n\t\t<meta name=\"twitter:creator\" content=\"@nbasturias\" \/>\n\t\t<meta name=\"twitter:image\" content=\"https:\/\/candas365.es\/noticias\/wp-content\/uploads\/2025\/10\/Reforma-de-la-glorieta-de-Luis-Oliver-en-Oviedo.jpg\" \/>\n\t\t<meta name=\"twitter:label1\" content=\"Escrito por\" \/>\n\t\t<meta name=\"twitter:data1\" content=\"Cand\u00e1s 365\" \/>\n\t\t<meta name=\"twitter:label2\" content=\"Tiempo de lectura estimado\" \/>\n\t\t<meta name=\"twitter:data2\" content=\"2 minutos\" \/>\n\t\t<script type=\"application\/ld+json\" class=\"aioseo-schema\">\n\t\t\t{\"@context\":\"https:\\\/\\\/schema.org\",\"@graph\":[{\"@type\":\"BreadcrumbList\",\"@id\":\"https:\\\/\\\/candas365.es\\\/noticias\\\/reforma-de-la-glorieta-de-luis-oliver-en-oviedo\\\/#breadcrumblist\",\"itemListElement\":[{\"@type\":\"ListItem\",\"@id\":\"https:\\\/\\\/candas365.es\\\/noticias#listItem\",\"position\":1,\"name\":\"Home\",\"item\":\"https:\\\/\\\/candas365.es\\\/noticias\",\"nextItem\":{\"@type\":\"ListItem\",\"@id\":\"https:\\\/\\\/candas365.es\\\/noticias\\\/category\\\/asturias\\\/#listItem\",\"name\":\"Asturias\"}},{\"@type\":\"ListItem\",\"@id\":\"https:\\\/\\\/candas365.es\\\/noticias\\\/category\\\/asturias\\\/#listItem\",\"position\":2,\"name\":\"Asturias\",\"item\":\"https:\\\/\\\/candas365.es\\\/noticias\\\/category\\\/asturias\\\/\",\"nextItem\":{\"@type\":\"ListItem\",\"@id\":\"https:\\\/\\\/candas365.es\\\/noticias\\\/reforma-de-la-glorieta-de-luis-oliver-en-oviedo\\\/#listItem\",\"name\":\"Reforma de la glorieta de Luis Oliver en Oviedo\"},\"previousItem\":{\"@type\":\"ListItem\",\"@id\":\"https:\\\/\\\/candas365.es\\\/noticias#listItem\",\"name\":\"Home\"}},{\"@type\":\"ListItem\",\"@id\":\"https:\\\/\\\/candas365.es\\\/noticias\\\/reforma-de-la-glorieta-de-luis-oliver-en-oviedo\\\/#listItem\",\"position\":3,\"name\":\"Reforma de la glorieta de Luis Oliver en Oviedo\",\"previousItem\":{\"@type\":\"ListItem\",\"@id\":\"https:\\\/\\\/candas365.es\\\/noticias\\\/category\\\/asturias\\\/#listItem\",\"name\":\"Asturias\"}}]},{\"@type\":\"NewsArticle\",\"@id\":\"https:\\\/\\\/candas365.es\\\/noticias\\\/reforma-de-la-glorieta-de-luis-oliver-en-oviedo\\\/#newsarticle\",\"name\":\"Reforma de la glorieta de Luis Oliver en Oviedo | Cand\\u00e1s 365\",\"headline\":\"Reforma de la glorieta de Luis Oliver en Oviedo\",\"author\":{\"@id\":\"https:\\\/\\\/candas365.es\\\/noticias\\\/author\\\/admin\\\/#author\"},\"publisher\":{\"@id\":\"https:\\\/\\\/candas365.es\\\/noticias\\\/#organization\"},\"image\":{\"@type\":\"ImageObject\",\"url\":\"https:\\\/\\\/candas365.es\\\/noticias\\\/wp-content\\\/uploads\\\/2025\\\/10\\\/Reforma-de-la-glorieta-de-Luis-Oliver-en-Oviedo.jpg\",\"width\":716,\"height\":396,\"caption\":\"Foto; Prensa Gobierno de Asturias\"},\"datePublished\":\"2025-10-11T21:19:57+02:00\",\"dateModified\":\"2025-10-11T21:19:57+02:00\",\"inLanguage\":\"es-ES\",\"mainEntityOfPage\":{\"@id\":\"https:\\\/\\\/candas365.es\\\/noticias\\\/reforma-de-la-glorieta-de-luis-oliver-en-oviedo\\\/#webpage\"},\"isPartOf\":{\"@id\":\"https:\\\/\\\/candas365.es\\\/noticias\\\/reforma-de-la-glorieta-de-luis-oliver-en-oviedo\\\/#webpage\"},\"articleSection\":\"Asturias, Asturias, Oviedo\",\"dateline\":\"Publicado el octubre 11, 2025.\"},{\"@type\":\"Organization\",\"@id\":\"https:\\\/\\\/candas365.es\\\/noticias\\\/#organization\",\"name\":\"Cand\\u00e1s 365\",\"description\":\"Cand\\u00e1s 365 es un diario digital independiente, fundado en 2012, con base en Asturias. Informamos con rigor sobre actualidad, sociedad, cultura y ocio, con una mirada local y global.\",\"url\":\"https:\\\/\\\/candas365.es\\\/noticias\\\/\",\"email\":\"info@candas365.es\",\"telephone\":\"+34652131393\",\"foundingDate\":\"2012-06-10\",\"logo\":{\"@type\":\"ImageObject\",\"url\":\"https:\\\/\\\/candas365.es\\\/noticias\\\/wp-content\\\/uploads\\\/2024\\\/09\\\/Candas-365-Redes.jpg\",\"@id\":\"https:\\\/\\\/candas365.es\\\/noticias\\\/reforma-de-la-glorieta-de-luis-oliver-en-oviedo\\\/#organizationLogo\",\"width\":1152,\"height\":864,\"caption\":\"Cand\\u00e1s 365 Redes\"},\"image\":{\"@id\":\"https:\\\/\\\/candas365.es\\\/noticias\\\/reforma-de-la-glorieta-de-luis-oliver-en-oviedo\\\/#organizationLogo\"},\"sameAs\":[\"https:\\\/\\\/www.facebook.com\\\/Nachofdezber\",\"https:\\\/\\\/x.com\\\/NabercoDigital\",\"https:\\\/\\\/www.instagram.com\\\/nachofdezber\\\/\",\"https:\\\/\\\/www.youtube.com\\\/channel\\\/UCZP-2wLEB9Rv6erhFmqVnvg\"],\"address\":{\"@id\":\"https:\\\/\\\/candas365.es\\\/noticias\\\/#postaladdress\",\"@type\":\"PostalAddress\",\"streetAddress\":\"san antonio 4, san antonio 4\",\"postalCode\":\"33430\",\"addressLocality\":\"Cand\\u00e1s\",\"addressRegion\":\"Asturias\",\"addressCountry\":\"ES\"}},{\"@type\":\"Person\",\"@id\":\"https:\\\/\\\/candas365.es\\\/noticias\\\/author\\\/admin\\\/#author\",\"url\":\"https:\\\/\\\/candas365.es\\\/noticias\\\/author\\\/admin\\\/\",\"name\":\"Cand\\u00e1s 365\",\"image\":{\"@type\":\"ImageObject\",\"@id\":\"https:\\\/\\\/candas365.es\\\/noticias\\\/reforma-de-la-glorieta-de-luis-oliver-en-oviedo\\\/#authorImage\",\"url\":\"https:\\\/\\\/secure.gravatar.com\\\/avatar\\\/496a8e03d0c493ede1718b7934145dbdf8d89be1036b0eec9544e1094c9de390?s=96&d=mm&r=g\",\"width\":96,\"height\":96,\"caption\":\"Cand\\u00e1s 365\"},\"sameAs\":[\"https:\\\/\\\/www.facebook.com\\\/carrenoactualidad\",\"https:\\\/\\\/twitter.com\\\/nbasturias\",\"https:\\\/\\\/www.instagram.com\\\/nachofdezber\\\/\",\"https:\\\/\\\/www.youtube.com\\\/channel\\\/UCZP-2wLEB9Rv6erhFmqVnvg\"]},{\"@type\":\"WebPage\",\"@id\":\"https:\\\/\\\/candas365.es\\\/noticias\\\/reforma-de-la-glorieta-de-luis-oliver-en-oviedo\\\/#webpage\",\"url\":\"https:\\\/\\\/candas365.es\\\/noticias\\\/reforma-de-la-glorieta-de-luis-oliver-en-oviedo\\\/\",\"name\":\"Reforma de la glorieta de Luis Oliver en Oviedo | Cand\\u00e1s 365\",\"description\":\"El Gobierno de Asturias y el Ayuntamiento de Oviedo\\\/Uvi\\u00e9u avanzan en el desarrollo de la reforma de la glorieta de Luis Oliver, una actuaci\\u00f3n destinada\",\"inLanguage\":\"es-ES\",\"isPartOf\":{\"@id\":\"https:\\\/\\\/candas365.es\\\/noticias\\\/#website\"},\"breadcrumb\":{\"@id\":\"https:\\\/\\\/candas365.es\\\/noticias\\\/reforma-de-la-glorieta-de-luis-oliver-en-oviedo\\\/#breadcrumblist\"},\"author\":{\"@id\":\"https:\\\/\\\/candas365.es\\\/noticias\\\/author\\\/admin\\\/#author\"},\"creator\":{\"@id\":\"https:\\\/\\\/candas365.es\\\/noticias\\\/author\\\/admin\\\/#author\"},\"image\":{\"@type\":\"ImageObject\",\"url\":\"https:\\\/\\\/candas365.es\\\/noticias\\\/wp-content\\\/uploads\\\/2025\\\/10\\\/Reforma-de-la-glorieta-de-Luis-Oliver-en-Oviedo.jpg\",\"@id\":\"https:\\\/\\\/candas365.es\\\/noticias\\\/reforma-de-la-glorieta-de-luis-oliver-en-oviedo\\\/#mainImage\",\"width\":716,\"height\":396,\"caption\":\"Foto; Prensa Gobierno de Asturias\"},\"primaryImageOfPage\":{\"@id\":\"https:\\\/\\\/candas365.es\\\/noticias\\\/reforma-de-la-glorieta-de-luis-oliver-en-oviedo\\\/#mainImage\"},\"datePublished\":\"2025-10-11T21:19:57+02:00\",\"dateModified\":\"2025-10-11T21:19:57+02:00\"},{\"@type\":\"WebSite\",\"@id\":\"https:\\\/\\\/candas365.es\\\/noticias\\\/#website\",\"url\":\"https:\\\/\\\/candas365.es\\\/noticias\\\/\",\"name\":\"Cand\\u00e1s 365\",\"alternateName\":\"Cand\\u00e1s 365 Noticias\",\"description\":\"Actualidad desde Carre\\u00f1o para el mundo\",\"inLanguage\":\"es-ES\",\"publisher\":{\"@id\":\"https:\\\/\\\/candas365.es\\\/noticias\\\/#organization\"}}]}\n\t\t<\/script>\n\t\t<!-- All in One SEO Pro -->\r\n\t\t<title>Reforma de la glorieta de Luis Oliver en Oviedo | Cand\u00e1s 365<\/title>\n\n","aioseo_head_json":{"title":"Reforma de la glorieta de Luis Oliver en Oviedo | Cand\u00e1s 365","description":"El Gobierno de Asturias y el Ayuntamiento de Oviedo\/Uvi\u00e9u avanzan en el desarrollo de la reforma de la glorieta de Luis Oliver, una actuaci\u00f3n destinada","canonical_url":"https:\/\/candas365.es\/noticias\/reforma-de-la-glorieta-de-luis-oliver-en-oviedo\/","robots":"max-image-preview:large","keywords":"asturias","webmasterTools":{"google-site-verification":"UA-32230408-1","msvalidate.01":"354F3CDFB2DA171B47FBE9ABF1F88D5","miscellaneous":""},"schema":{"@context":"https:\/\/schema.org","@graph":[{"@type":"BreadcrumbList","@id":"https:\/\/candas365.es\/noticias\/reforma-de-la-glorieta-de-luis-oliver-en-oviedo\/#breadcrumblist","itemListElement":[{"@type":"ListItem","@id":"https:\/\/candas365.es\/noticias#listItem","position":1,"name":"Home","item":"https:\/\/candas365.es\/noticias","nextItem":{"@type":"ListItem","@id":"https:\/\/candas365.es\/noticias\/category\/asturias\/#listItem","name":"Asturias"}},{"@type":"ListItem","@id":"https:\/\/candas365.es\/noticias\/category\/asturias\/#listItem","position":2,"name":"Asturias","item":"https:\/\/candas365.es\/noticias\/category\/asturias\/","nextItem":{"@type":"ListItem","@id":"https:\/\/candas365.es\/noticias\/reforma-de-la-glorieta-de-luis-oliver-en-oviedo\/#listItem","name":"Reforma de la glorieta de Luis Oliver en Oviedo"},"previousItem":{"@type":"ListItem","@id":"https:\/\/candas365.es\/noticias#listItem","name":"Home"}},{"@type":"ListItem","@id":"https:\/\/candas365.es\/noticias\/reforma-de-la-glorieta-de-luis-oliver-en-oviedo\/#listItem","position":3,"name":"Reforma de la glorieta de Luis Oliver en Oviedo","previousItem":{"@type":"ListItem","@id":"https:\/\/candas365.es\/noticias\/category\/asturias\/#listItem","name":"Asturias"}}]},{"@type":"NewsArticle","@id":"https:\/\/candas365.es\/noticias\/reforma-de-la-glorieta-de-luis-oliver-en-oviedo\/#newsarticle","name":"Reforma de la glorieta de Luis Oliver en Oviedo | Cand\u00e1s 365","headline":"Reforma de la glorieta de Luis Oliver en Oviedo","author":{"@id":"https:\/\/candas365.es\/noticias\/author\/admin\/#author"},"publisher":{"@id":"https:\/\/candas365.es\/noticias\/#organization"},"image":{"@type":"ImageObject","url":"https:\/\/candas365.es\/noticias\/wp-content\/uploads\/2025\/10\/Reforma-de-la-glorieta-de-Luis-Oliver-en-Oviedo.jpg","width":716,"height":396,"caption":"Foto; Prensa Gobierno de Asturias"},"datePublished":"2025-10-11T21:19:57+02:00","dateModified":"2025-10-11T21:19:57+02:00","inLanguage":"es-ES","mainEntityOfPage":{"@id":"https:\/\/candas365.es\/noticias\/reforma-de-la-glorieta-de-luis-oliver-en-oviedo\/#webpage"},"isPartOf":{"@id":"https:\/\/candas365.es\/noticias\/reforma-de-la-glorieta-de-luis-oliver-en-oviedo\/#webpage"},"articleSection":"Asturias, Asturias, Oviedo","dateline":"Publicado el octubre 11, 2025."},{"@type":"Organization","@id":"https:\/\/candas365.es\/noticias\/#organization","name":"Cand\u00e1s 365","description":"Cand\u00e1s 365 es un diario digital independiente, fundado en 2012, con base en Asturias. Informamos con rigor sobre actualidad, sociedad, cultura y ocio, con una mirada local y global.","url":"https:\/\/candas365.es\/noticias\/","email":"info@candas365.es","telephone":"+34652131393","foundingDate":"2012-06-10","logo":{"@type":"ImageObject","url":"https:\/\/candas365.es\/noticias\/wp-content\/uploads\/2024\/09\/Candas-365-Redes.jpg","@id":"https:\/\/candas365.es\/noticias\/reforma-de-la-glorieta-de-luis-oliver-en-oviedo\/#organizationLogo","width":1152,"height":864,"caption":"Cand\u00e1s 365 Redes"},"image":{"@id":"https:\/\/candas365.es\/noticias\/reforma-de-la-glorieta-de-luis-oliver-en-oviedo\/#organizationLogo"},"sameAs":["https:\/\/www.facebook.com\/Nachofdezber","https:\/\/x.com\/NabercoDigital","https:\/\/www.instagram.com\/nachofdezber\/","https:\/\/www.youtube.com\/channel\/UCZP-2wLEB9Rv6erhFmqVnvg"],"address":{"@id":"https:\/\/candas365.es\/noticias\/#postaladdress","@type":"PostalAddress","streetAddress":"san antonio 4, san antonio 4","postalCode":"33430","addressLocality":"Cand\u00e1s","addressRegion":"Asturias","addressCountry":"ES"}},{"@type":"Person","@id":"https:\/\/candas365.es\/noticias\/author\/admin\/#author","url":"https:\/\/candas365.es\/noticias\/author\/admin\/","name":"Cand\u00e1s 365","image":{"@type":"ImageObject","@id":"https:\/\/candas365.es\/noticias\/reforma-de-la-glorieta-de-luis-oliver-en-oviedo\/#authorImage","url":"https:\/\/secure.gravatar.com\/avatar\/496a8e03d0c493ede1718b7934145dbdf8d89be1036b0eec9544e1094c9de390?s=96&d=mm&r=g","width":96,"height":96,"caption":"Cand\u00e1s 365"},"sameAs":["https:\/\/www.facebook.com\/carrenoactualidad","https:\/\/twitter.com\/nbasturias","https:\/\/www.instagram.com\/nachofdezber\/","https:\/\/www.youtube.com\/channel\/UCZP-2wLEB9Rv6erhFmqVnvg"]},{"@type":"WebPage","@id":"https:\/\/candas365.es\/noticias\/reforma-de-la-glorieta-de-luis-oliver-en-oviedo\/#webpage","url":"https:\/\/candas365.es\/noticias\/reforma-de-la-glorieta-de-luis-oliver-en-oviedo\/","name":"Reforma de la glorieta de Luis Oliver en Oviedo | Cand\u00e1s 365","description":"El Gobierno de Asturias y el Ayuntamiento de Oviedo\/Uvi\u00e9u avanzan en el desarrollo de la reforma de la glorieta de Luis Oliver, una actuaci\u00f3n destinada","inLanguage":"es-ES","isPartOf":{"@id":"https:\/\/candas365.es\/noticias\/#website"},"breadcrumb":{"@id":"https:\/\/candas365.es\/noticias\/reforma-de-la-glorieta-de-luis-oliver-en-oviedo\/#breadcrumblist"},"author":{"@id":"https:\/\/candas365.es\/noticias\/author\/admin\/#author"},"creator":{"@id":"https:\/\/candas365.es\/noticias\/author\/admin\/#author"},"image":{"@type":"ImageObject","url":"https:\/\/candas365.es\/noticias\/wp-content\/uploads\/2025\/10\/Reforma-de-la-glorieta-de-Luis-Oliver-en-Oviedo.jpg","@id":"https:\/\/candas365.es\/noticias\/reforma-de-la-glorieta-de-luis-oliver-en-oviedo\/#mainImage","width":716,"height":396,"caption":"Foto; Prensa Gobierno de Asturias"},"primaryImageOfPage":{"@id":"https:\/\/candas365.es\/noticias\/reforma-de-la-glorieta-de-luis-oliver-en-oviedo\/#mainImage"},"datePublished":"2025-10-11T21:19:57+02:00","dateModified":"2025-10-11T21:19:57+02:00"},{"@type":"WebSite","@id":"https:\/\/candas365.es\/noticias\/#website","url":"https:\/\/candas365.es\/noticias\/","name":"Cand\u00e1s 365","alternateName":"Cand\u00e1s 365 Noticias","description":"Actualidad desde Carre\u00f1o para el mundo","inLanguage":"es-ES","publisher":{"@id":"https:\/\/candas365.es\/noticias\/#organization"}}]},"og:locale":"es_ES","og:site_name":"Cand\u00e1s 365","og:type":"article","og:title":"Reforma de la glorieta de Luis Oliver en Oviedo | Cand\u00e1s 365","og:description":"El Gobierno de Asturias y el Ayuntamiento de Oviedo\/Uvi\u00e9u avanzan en el desarrollo de la reforma de la glorieta de Luis Oliver, una actuaci\u00f3n destinada","og:url":"https:\/\/candas365.es\/noticias\/reforma-de-la-glorieta-de-luis-oliver-en-oviedo\/","og:image":"https:\/\/candas365.es\/noticias\/wp-content\/uploads\/2025\/10\/Reforma-de-la-glorieta-de-Luis-Oliver-en-Oviedo.jpg","og:image:secure_url":"https:\/\/candas365.es\/noticias\/wp-content\/uploads\/2025\/10\/Reforma-de-la-glorieta-de-Luis-Oliver-en-Oviedo.jpg","og:image:width":716,"og:image:height":396,"article:published_time":"2025-10-11T19:19:57+00:00","article:modified_time":"2025-10-11T19:19:57+00:00","article:publisher":"https:\/\/www.facebook.com\/Nachofdezber","article:author":"https:\/\/www.facebook.com\/carrenoactualidad","twitter:card":"summary_large_image","twitter:site":"@NabercoDigital","twitter:title":"Reforma de la glorieta de Luis Oliver en Oviedo | Cand\u00e1s 365","twitter:description":"El Gobierno de Asturias y el Ayuntamiento de Oviedo\/Uvi\u00e9u avanzan en el desarrollo de la reforma de la glorieta de Luis Oliver, una actuaci\u00f3n destinada","twitter:creator":"@nbasturias","twitter:image":"https:\/\/candas365.es\/noticias\/wp-content\/uploads\/2025\/10\/Reforma-de-la-glorieta-de-Luis-Oliver-en-Oviedo.jpg","twitter:label1":"Escrito por","twitter:data1":"Cand\u00e1s 365","twitter:label2":"Tiempo de lectura estimado","twitter:data2":"2 minutos"},"aioseo_meta_data":{"post_id":"188960","title":null,"description":"El Gobierno de Asturias y el Ayuntamiento de Oviedo\/Uvi\u00e9u avanzan en el desarrollo de la reforma de la glorieta de Luis Oliver, una actuaci\u00f3n destinada","keywords":null,"keyphrases":{"focus":{"keyphrase":"Oviedo","score":91,"analysis":{"keyphraseInTitle":{"score":9,"maxScore":9,"error":0},"keyphraseInDescription":{"score":9,"maxScore":9,"error":0},"keyphraseLength":{"score":9,"maxScore":9,"error":0,"length":1},"keyphraseInURL":{"score":5,"maxScore":5,"error":0},"keyphraseInIntroduction":{"score":9,"maxScore":9,"error":0},"keyphraseInSubHeadings":{"score":3,"maxScore":9,"error":1},"keyphraseInImageAlt":{"score":9,"maxScore":9,"error":0},"keywordDensity":{"type":"best","score":9,"maxScore":9,"error":0}}},"additional":[{"keyphrase":"glorieta","score":80,"analysis":{"keyphraseInDescription":{"score":9,"maxScore":9,"error":0},"keyphraseLength":{"score":9,"maxScore":9,"error":0,"length":1},"keyphraseInIntroduction":{"score":9,"maxScore":9,"error":0},"keyphraseInImageAlt":{"score":9,"maxScore":9,"error":0},"keywordDensity":{"score":0,"type":"low","maxScore":9,"error":1}}}]},"primary_term":null,"canonical_url":null,"og_title":null,"og_description":null,"og_object_type":"default","og_image_type":"default","og_image_url":null,"og_image_width":null,"og_image_height":null,"og_image_custom_url":null,"og_image_custom_fields":null,"og_video":"","og_custom_url":null,"og_article_section":null,"og_article_tags":null,"twitter_use_og":false,"twitter_card":"default","twitter_image_type":"default","twitter_image_url":null,"twitter_image_custom_url":null,"twitter_image_custom_fields":null,"twitter_title":null,"twitter_description":null,"schema":{"blockGraphs":[],"customGraphs":[],"default":{"data":{"Article":[],"Course":[],"Dataset":[],"FAQPage":[],"Movie":[],"Person":[],"Product":[],"ProductReview":[],"Car":[],"Recipe":[],"Service":[],"SoftwareApplication":[],"WebPage":[]},"graphName":"Article","isEnabled":true},"graphs":[]},"schema_type":"default","schema_type_options":null,"pillar_content":false,"robots_default":true,"robots_noindex":false,"robots_noarchive":false,"robots_nosnippet":false,"robots_nofollow":false,"robots_noimageindex":false,"robots_noodp":false,"robots_notranslate":false,"robots_max_snippet":"-1","robots_max_videopreview":"-1","robots_max_imagepreview":"large","priority":null,"frequency":"default","location":null,"local_seo":null,"seo_analyzer_scan_date":"2025-10-11 19:20:16","breadcrumb_settings":null,"limit_modified_date":false,"reviewed_by":null,"open_ai":null,"ai":{"faqs":[],"keyPoints":[],"titles":[],"descriptions":[],"socialPosts":{"email":[],"linkedin":[],"twitter":[],"facebook":[],"instagram":[]}},"created":"2025-10-11 19:13:36","updated":"2025-10-11 19:27:20"},"aioseo_breadcrumb":"<div class=\"aioseo-breadcrumbs\"><span class=\"aioseo-breadcrumb\">\n\t<a href=\"https:\/\/candas365.es\/noticias\" title=\"Home\">Home<\/a>\n<\/span><span class=\"aioseo-breadcrumb-separator\">&ndash;<\/span><span class=\"aioseo-breadcrumb\">\n\t<a href=\"https:\/\/candas365.es\/noticias\/category\/asturias\/\" title=\"Asturias\">Asturias<\/a>\n<\/span><span class=\"aioseo-breadcrumb-separator\">&ndash;<\/span><span class=\"aioseo-breadcrumb\">\n\tReforma de la glorieta de Luis Oliver en Oviedo\n<\/span><\/div>","aioseo_breadcrumb_json":[{"label":"Home","link":"https:\/\/candas365.es\/noticias"},{"label":"Asturias","link":"https:\/\/candas365.es\/noticias\/category\/asturias\/"},{"label":"Reforma de la glorieta de Luis Oliver en Oviedo","link":"https:\/\/candas365.es\/noticias\/reforma-de-la-glorieta-de-luis-oliver-en-oviedo\/"}],"_links":{"self":[{"href":"https:\/\/candas365.es\/noticias\/wp-json\/wp\/v2\/posts\/188960","targetHints":{"allow":["GET"]}}],"collection":[{"href":"https:\/\/candas365.es\/noticias\/wp-json\/wp\/v2\/posts"}],"about":[{"href":"https:\/\/candas365.es\/noticias\/wp-json\/wp\/v2\/types\/post"}],"author":[{"embeddable":true,"href":"https:\/\/candas365.es\/noticias\/wp-json\/wp\/v2\/users\/1"}],"replies":[{"embeddable":true,"href":"https:\/\/candas365.es\/noticias\/wp-json\/wp\/v2\/comments?post=188960"}],"version-history":[{"count":0,"href":"https:\/\/candas365.es\/noticias\/wp-json\/wp\/v2\/posts\/188960\/revisions"}],"wp:featuredmedia":[{"embeddable":true,"href":"https:\/\/candas365.es\/noticias\/wp-json\/wp\/v2\/media\/188961"}],"wp:attachment":[{"href":"https:\/\/candas365.es\/noticias\/wp-json\/wp\/v2\/media?parent=188960"}],"wp:term":[{"taxonomy":"category","embeddable":true,"href":"https:\/\/candas365.es\/noticias\/wp-json\/wp\/v2\/categories?post=188960"},{"taxonomy":"post_tag","embeddable":true,"href":"https:\/\/candas365.es\/noticias\/wp-json\/wp\/v2\/tags?post=188960"}],"curies":[{"name":"wp","href":"https:\/\/api.w.org\/{rel}","templated":true}]}}