{"id":188941,"date":"2025-10-11T02:59:26","date_gmt":"2025-10-11T00:59:26","guid":{"rendered":"https:\/\/candas365.es\/noticias\/?p=188941"},"modified":"2025-10-11T02:59:26","modified_gmt":"2025-10-11T00:59:26","slug":"los-mayores-de-gozon-tendran-un-mejor-centro-social","status":"publish","type":"post","link":"https:\/\/candas365.es\/noticias\/los-mayores-de-gozon-tendran-un-mejor-centro-social\/","title":{"rendered":"Los mayores de Goz\u00f3n tendr\u00e1n un mejor centro social"},"content":{"rendered":"<p>El <a href=\"https:\/\/actualidad.asturias.es\/\" target=\"_blank\" rel=\"noopener\"><span style=\"color: #ff6600;\"><strong>Principado<\/strong><\/span><\/a> mejora los servicios para las personas mayores en Goz\u00f3n con la reforma del centro social y la pr\u00f3xima apertura de un nuevo centro de d\u00eda.<\/p>\n<figure id=\"attachment_188942\" aria-describedby=\"caption-attachment-188942\" style=\"width: 650px\" class=\"wp-caption aligncenter\"><img fetchpriority=\"high\" decoding=\"async\" class=\"size-large wp-image-188942\" src=\"https:\/\/candas365.es\/noticias\/wp-content\/uploads\/2025\/10\/Gozon-650x476.jpg\" alt=\"Goz\u00f3n\" width=\"650\" height=\"476\" srcset=\"https:\/\/candas365.es\/noticias\/wp-content\/uploads\/2025\/10\/Gozon-650x476.jpg 650w, https:\/\/candas365.es\/noticias\/wp-content\/uploads\/2025\/10\/Gozon-360x263.jpg 360w, https:\/\/candas365.es\/noticias\/wp-content\/uploads\/2025\/10\/Gozon-768x562.jpg 768w, https:\/\/candas365.es\/noticias\/wp-content\/uploads\/2025\/10\/Gozon-150x110.jpg 150w, https:\/\/candas365.es\/noticias\/wp-content\/uploads\/2025\/10\/Gozon-450x329.jpg 450w, https:\/\/candas365.es\/noticias\/wp-content\/uploads\/2025\/10\/Gozon.jpg 895w\" sizes=\"(max-width: 650px) 100vw, 650px\" \/><figcaption id=\"caption-attachment-188942\" class=\"wp-caption-text\">Foto: Prensa Gobierno de Asturias<\/figcaption><\/figure>\n<p>Los mayores de Goz\u00f3n contar\u00e1n con espacios renovados y mejor equipados para disfrutar de una <a href=\"https:\/\/candas365.es\/noticias\/category\/sociedad\/\"><span style=\"color: #ff6600;\"><strong>vida m\u00e1s activa y participativ<\/strong><strong>a<\/strong><\/span><\/a>. La Consejer\u00eda de Derechos Sociales y Bienestar ha finalizado las obras de mejora en el centro social de Luanco, un lugar de encuentro esencial para la comunidad, que ha sido completamente remodelado con una inversi\u00f3n de 275.000 euros.<\/p>\n<p>Las actuaciones incluyeron la reparaci\u00f3n de aleros, la renovaci\u00f3n de la carpinter\u00eda exterior y la adaptaci\u00f3n de los ba\u00f1os para personas con movilidad reducida. Tambi\u00e9n se ampli\u00f3 la cocina y el almac\u00e9n, se moderniz\u00f3 la instalaci\u00f3n el\u00e9ctrica y se incorpor\u00f3 iluminaci\u00f3n LED de bajo consumo. El resultado es un edificio m\u00e1s accesible, eficiente y acogedor.<\/p>\n<p>\u201cTodo ello permitir\u00e1 retomar las actividades orientadas a la vida aut\u00f3noma y participativa de las personas mayores\u201d, se\u00f1al\u00f3 la consejera Marta del Arco, durante una visita reciente al equipamiento, en la que estuvo acompa\u00f1ada por el director general de Promoci\u00f3n de la Autonom\u00eda Personal y Mayores, Enrique Rodr\u00edguez Nu\u00f1o, y el alcalde de Goz\u00f3n, Jorge Su\u00e1rez.<\/p>\n<p>Adem\u00e1s, el concejo estrenar\u00e1 pronto un nuevo centro de d\u00eda, cuya apertura est\u00e1 prevista en las pr\u00f3ximas semanas. Las obras ya han finalizado y actualmente se ultiman los detalles de mobiliario y equipamiento. Este nuevo espacio, ubicado en la calle El Fuerte, ha sido posible gracias a una subvenci\u00f3n de 531.795 euros aportada por la consejer\u00eda.<\/p>\n<p>El centro contar\u00e1 con 21 plazas y ofrecer\u00e1 atenci\u00f3n integral a personas mayores y dependientes, con servicios terap\u00e9uticos, asesoramiento en accesibilidad y programas destinados a mantener las capacidades funcionales. Su objetivo principal ser\u00e1 promover la autonom\u00eda y facilitar que las personas puedan permanecer en sus hogares el mayor tiempo posible, con apoyo profesional y familiar.<\/p>\n<p>El edificio tiene una superficie total de 319 metros cuadrados, distribuidos en dos plantas. La principal acoge las \u00e1reas de atenci\u00f3n y convivencia, mientras que la superior dispone de una sala sociosanitaria para la atenci\u00f3n emocional y el trabajo del personal t\u00e9cnico.<\/p>\n<p>Con estas dos actuaciones, Goz\u00f3n refuerza su compromiso con un modelo de cuidados m\u00e1s humano, cercano y centrado en las personas, alineado con la estrategia del Principado para un envejecimiento activo y digno.<\/p>\n","protected":false},"excerpt":{"rendered":"<p>El Principado mejora los servicios para las personas mayores en Goz\u00f3n con la reforma del centro social y la pr\u00f3xima apertura de un nuevo centro de d\u00eda. Los mayores de Goz\u00f3n contar\u00e1n con espacios renovados y mejor equipados para disfrutar de una vida m\u00e1s activa y participativa. La Consejer\u00eda de Derechos Sociales y Bienestar ha<\/p>\n","protected":false},"author":1,"featured_media":188942,"comment_status":"closed","ping_status":"closed","sticky":false,"template":"","format":"standard","meta":{"footnotes":""},"categories":[7],"tags":[380,408],"class_list":{"0":"post-188941","1":"post","2":"type-post","3":"status-publish","4":"format-standard","5":"has-post-thumbnail","7":"category-asturias","8":"tag-asturias","9":"tag-sociedad"},"aioseo_notices":[],"aioseo_head":"\n\t\t<!-- All in One SEO Pro 4.9.6.2 - aioseo.com -->\n\t<meta name=\"description\" content=\"El Principado mejora los servicios para las personas mayores en Goz\u00f3n con la reforma del centro social y la pr\u00f3xima apertura de un nuevo centro de d\u00eda.\" \/>\n\t<meta name=\"robots\" content=\"max-image-preview:large\" \/>\n\t<meta name=\"author\" content=\"Cand\u00e1s 365\"\/>\n\t<meta name=\"google-site-verification\" content=\"UA-32230408-1\" \/>\n\t<meta name=\"msvalidate.01\" content=\"354F3CDFB2DA171B47FBE9ABF1F88D5\" \/>\n\t<meta name=\"keywords\" content=\"asturias\" \/>\n\t<link rel=\"canonical\" href=\"https:\/\/candas365.es\/noticias\/los-mayores-de-gozon-tendran-un-mejor-centro-social\/\" \/>\n\t<meta name=\"generator\" content=\"All in One SEO Pro (AIOSEO) 4.9.6.2\" \/>\n\t\t<meta property=\"og:locale\" content=\"es_ES\" \/>\n\t\t<meta property=\"og:site_name\" content=\"Cand\u00e1s 365\" \/>\n\t\t<meta property=\"og:type\" content=\"article\" \/>\n\t\t<meta property=\"og:title\" content=\"Los mayores de Goz\u00f3n tendr\u00e1n un mejor centro social | Cand\u00e1s 365\" \/>\n\t\t<meta property=\"og:description\" content=\"El Principado mejora los servicios para las personas mayores en Goz\u00f3n con la reforma del centro social y la pr\u00f3xima apertura de un nuevo centro de d\u00eda.\" \/>\n\t\t<meta property=\"og:url\" content=\"https:\/\/candas365.es\/noticias\/los-mayores-de-gozon-tendran-un-mejor-centro-social\/\" \/>\n\t\t<meta property=\"og:image\" content=\"https:\/\/candas365.es\/noticias\/wp-content\/uploads\/2025\/10\/Gozon.jpg\" \/>\n\t\t<meta property=\"og:image:secure_url\" content=\"https:\/\/candas365.es\/noticias\/wp-content\/uploads\/2025\/10\/Gozon.jpg\" \/>\n\t\t<meta property=\"og:image:width\" content=\"895\" \/>\n\t\t<meta property=\"og:image:height\" content=\"655\" \/>\n\t\t<meta property=\"article:published_time\" content=\"2025-10-11T00:59:26+00:00\" \/>\n\t\t<meta property=\"article:modified_time\" content=\"2025-10-11T00:59:26+00:00\" \/>\n\t\t<meta property=\"article:publisher\" content=\"https:\/\/www.facebook.com\/Nachofdezber\" \/>\n\t\t<meta property=\"article:author\" content=\"https:\/\/www.facebook.com\/carrenoactualidad\" \/>\n\t\t<meta name=\"twitter:card\" content=\"summary_large_image\" \/>\n\t\t<meta name=\"twitter:site\" content=\"@NabercoDigital\" \/>\n\t\t<meta name=\"twitter:title\" content=\"Los mayores de Goz\u00f3n tendr\u00e1n un mejor centro social | Cand\u00e1s 365\" \/>\n\t\t<meta name=\"twitter:description\" content=\"El Principado mejora los servicios para las personas mayores en Goz\u00f3n con la reforma del centro social y la pr\u00f3xima apertura de un nuevo centro de d\u00eda.\" \/>\n\t\t<meta name=\"twitter:creator\" content=\"@nbasturias\" \/>\n\t\t<meta name=\"twitter:image\" content=\"https:\/\/candas365.es\/noticias\/wp-content\/uploads\/2025\/10\/Gozon.jpg\" \/>\n\t\t<meta name=\"twitter:label1\" content=\"Escrito por\" \/>\n\t\t<meta name=\"twitter:data1\" content=\"Cand\u00e1s 365\" \/>\n\t\t<meta name=\"twitter:label2\" content=\"Tiempo de lectura estimado\" \/>\n\t\t<meta name=\"twitter:data2\" content=\"2 minutos\" \/>\n\t\t<script type=\"application\/ld+json\" class=\"aioseo-schema\">\n\t\t\t{\"@context\":\"https:\\\/\\\/schema.org\",\"@graph\":[{\"@type\":\"BreadcrumbList\",\"@id\":\"https:\\\/\\\/candas365.es\\\/noticias\\\/los-mayores-de-gozon-tendran-un-mejor-centro-social\\\/#breadcrumblist\",\"itemListElement\":[{\"@type\":\"ListItem\",\"@id\":\"https:\\\/\\\/candas365.es\\\/noticias#listItem\",\"position\":1,\"name\":\"Home\",\"item\":\"https:\\\/\\\/candas365.es\\\/noticias\",\"nextItem\":{\"@type\":\"ListItem\",\"@id\":\"https:\\\/\\\/candas365.es\\\/noticias\\\/category\\\/asturias\\\/#listItem\",\"name\":\"Asturias\"}},{\"@type\":\"ListItem\",\"@id\":\"https:\\\/\\\/candas365.es\\\/noticias\\\/category\\\/asturias\\\/#listItem\",\"position\":2,\"name\":\"Asturias\",\"item\":\"https:\\\/\\\/candas365.es\\\/noticias\\\/category\\\/asturias\\\/\",\"nextItem\":{\"@type\":\"ListItem\",\"@id\":\"https:\\\/\\\/candas365.es\\\/noticias\\\/los-mayores-de-gozon-tendran-un-mejor-centro-social\\\/#listItem\",\"name\":\"Los mayores de Goz\\u00f3n tendr\\u00e1n un mejor centro social\"},\"previousItem\":{\"@type\":\"ListItem\",\"@id\":\"https:\\\/\\\/candas365.es\\\/noticias#listItem\",\"name\":\"Home\"}},{\"@type\":\"ListItem\",\"@id\":\"https:\\\/\\\/candas365.es\\\/noticias\\\/los-mayores-de-gozon-tendran-un-mejor-centro-social\\\/#listItem\",\"position\":3,\"name\":\"Los mayores de Goz\\u00f3n tendr\\u00e1n un mejor centro social\",\"previousItem\":{\"@type\":\"ListItem\",\"@id\":\"https:\\\/\\\/candas365.es\\\/noticias\\\/category\\\/asturias\\\/#listItem\",\"name\":\"Asturias\"}}]},{\"@type\":\"NewsArticle\",\"@id\":\"https:\\\/\\\/candas365.es\\\/noticias\\\/los-mayores-de-gozon-tendran-un-mejor-centro-social\\\/#newsarticle\",\"name\":\"Los mayores de Goz\\u00f3n tendr\\u00e1n un mejor centro social | Cand\\u00e1s 365\",\"headline\":\"Los mayores de Goz\\u00f3n tendr\\u00e1n un mejor centro social\",\"author\":{\"@id\":\"https:\\\/\\\/candas365.es\\\/noticias\\\/author\\\/admin\\\/#author\"},\"publisher\":{\"@id\":\"https:\\\/\\\/candas365.es\\\/noticias\\\/#organization\"},\"image\":{\"@type\":\"ImageObject\",\"url\":\"https:\\\/\\\/candas365.es\\\/noticias\\\/wp-content\\\/uploads\\\/2025\\\/10\\\/Gozon.jpg\",\"width\":895,\"height\":655,\"caption\":\"Foto: Prensa Gobierno de Asturias\"},\"datePublished\":\"2025-10-11T02:59:26+02:00\",\"dateModified\":\"2025-10-11T02:59:26+02:00\",\"inLanguage\":\"es-ES\",\"mainEntityOfPage\":{\"@id\":\"https:\\\/\\\/candas365.es\\\/noticias\\\/los-mayores-de-gozon-tendran-un-mejor-centro-social\\\/#webpage\"},\"isPartOf\":{\"@id\":\"https:\\\/\\\/candas365.es\\\/noticias\\\/los-mayores-de-gozon-tendran-un-mejor-centro-social\\\/#webpage\"},\"articleSection\":\"Asturias, Asturias, sociedad\",\"dateline\":\"Publicado el octubre 11, 2025.\"},{\"@type\":\"Organization\",\"@id\":\"https:\\\/\\\/candas365.es\\\/noticias\\\/#organization\",\"name\":\"Cand\\u00e1s 365\",\"description\":\"Cand\\u00e1s 365 es un diario digital independiente, fundado en 2012, con base en Asturias. Informamos con rigor sobre actualidad, sociedad, cultura y ocio, con una mirada local y global.\",\"url\":\"https:\\\/\\\/candas365.es\\\/noticias\\\/\",\"email\":\"info@candas365.es\",\"telephone\":\"+34652131393\",\"foundingDate\":\"2012-06-10\",\"logo\":{\"@type\":\"ImageObject\",\"url\":\"https:\\\/\\\/candas365.es\\\/noticias\\\/wp-content\\\/uploads\\\/2024\\\/09\\\/Candas-365-Redes.jpg\",\"@id\":\"https:\\\/\\\/candas365.es\\\/noticias\\\/los-mayores-de-gozon-tendran-un-mejor-centro-social\\\/#organizationLogo\",\"width\":1152,\"height\":864,\"caption\":\"Cand\\u00e1s 365 Redes\"},\"image\":{\"@id\":\"https:\\\/\\\/candas365.es\\\/noticias\\\/los-mayores-de-gozon-tendran-un-mejor-centro-social\\\/#organizationLogo\"},\"sameAs\":[\"https:\\\/\\\/www.facebook.com\\\/Nachofdezber\",\"https:\\\/\\\/x.com\\\/NabercoDigital\",\"https:\\\/\\\/www.instagram.com\\\/nachofdezber\\\/\",\"https:\\\/\\\/www.youtube.com\\\/channel\\\/UCZP-2wLEB9Rv6erhFmqVnvg\"],\"address\":{\"@id\":\"https:\\\/\\\/candas365.es\\\/noticias\\\/#postaladdress\",\"@type\":\"PostalAddress\",\"streetAddress\":\"san antonio 4, san antonio 4\",\"postalCode\":\"33430\",\"addressLocality\":\"Cand\\u00e1s\",\"addressRegion\":\"Asturias\",\"addressCountry\":\"ES\"}},{\"@type\":\"Person\",\"@id\":\"https:\\\/\\\/candas365.es\\\/noticias\\\/author\\\/admin\\\/#author\",\"url\":\"https:\\\/\\\/candas365.es\\\/noticias\\\/author\\\/admin\\\/\",\"name\":\"Cand\\u00e1s 365\",\"image\":{\"@type\":\"ImageObject\",\"@id\":\"https:\\\/\\\/candas365.es\\\/noticias\\\/los-mayores-de-gozon-tendran-un-mejor-centro-social\\\/#authorImage\",\"url\":\"https:\\\/\\\/secure.gravatar.com\\\/avatar\\\/496a8e03d0c493ede1718b7934145dbdf8d89be1036b0eec9544e1094c9de390?s=96&d=mm&r=g\",\"width\":96,\"height\":96,\"caption\":\"Cand\\u00e1s 365\"},\"sameAs\":[\"https:\\\/\\\/www.facebook.com\\\/carrenoactualidad\",\"https:\\\/\\\/twitter.com\\\/nbasturias\",\"https:\\\/\\\/www.instagram.com\\\/nachofdezber\\\/\",\"https:\\\/\\\/www.youtube.com\\\/channel\\\/UCZP-2wLEB9Rv6erhFmqVnvg\"]},{\"@type\":\"WebPage\",\"@id\":\"https:\\\/\\\/candas365.es\\\/noticias\\\/los-mayores-de-gozon-tendran-un-mejor-centro-social\\\/#webpage\",\"url\":\"https:\\\/\\\/candas365.es\\\/noticias\\\/los-mayores-de-gozon-tendran-un-mejor-centro-social\\\/\",\"name\":\"Los mayores de Goz\\u00f3n tendr\\u00e1n un mejor centro social | Cand\\u00e1s 365\",\"description\":\"El Principado mejora los servicios para las personas mayores en Goz\\u00f3n con la reforma del centro social y la pr\\u00f3xima apertura de un nuevo centro de d\\u00eda.\",\"inLanguage\":\"es-ES\",\"isPartOf\":{\"@id\":\"https:\\\/\\\/candas365.es\\\/noticias\\\/#website\"},\"breadcrumb\":{\"@id\":\"https:\\\/\\\/candas365.es\\\/noticias\\\/los-mayores-de-gozon-tendran-un-mejor-centro-social\\\/#breadcrumblist\"},\"author\":{\"@id\":\"https:\\\/\\\/candas365.es\\\/noticias\\\/author\\\/admin\\\/#author\"},\"creator\":{\"@id\":\"https:\\\/\\\/candas365.es\\\/noticias\\\/author\\\/admin\\\/#author\"},\"image\":{\"@type\":\"ImageObject\",\"url\":\"https:\\\/\\\/candas365.es\\\/noticias\\\/wp-content\\\/uploads\\\/2025\\\/10\\\/Gozon.jpg\",\"@id\":\"https:\\\/\\\/candas365.es\\\/noticias\\\/los-mayores-de-gozon-tendran-un-mejor-centro-social\\\/#mainImage\",\"width\":895,\"height\":655,\"caption\":\"Foto: Prensa Gobierno de Asturias\"},\"primaryImageOfPage\":{\"@id\":\"https:\\\/\\\/candas365.es\\\/noticias\\\/los-mayores-de-gozon-tendran-un-mejor-centro-social\\\/#mainImage\"},\"datePublished\":\"2025-10-11T02:59:26+02:00\",\"dateModified\":\"2025-10-11T02:59:26+02:00\"},{\"@type\":\"WebSite\",\"@id\":\"https:\\\/\\\/candas365.es\\\/noticias\\\/#website\",\"url\":\"https:\\\/\\\/candas365.es\\\/noticias\\\/\",\"name\":\"Cand\\u00e1s 365\",\"alternateName\":\"Cand\\u00e1s 365 Noticias\",\"description\":\"Actualidad desde Carre\\u00f1o para el mundo\",\"inLanguage\":\"es-ES\",\"publisher\":{\"@id\":\"https:\\\/\\\/candas365.es\\\/noticias\\\/#organization\"}}]}\n\t\t<\/script>\n\t\t<!-- All in One SEO Pro -->\r\n\t\t<title>Los mayores de Goz\u00f3n tendr\u00e1n un mejor centro social | Cand\u00e1s 365<\/title>\n\n","aioseo_head_json":{"title":"Los mayores de Goz\u00f3n tendr\u00e1n un mejor centro social | Cand\u00e1s 365","description":"El Principado mejora los servicios para las personas mayores en Goz\u00f3n con la reforma del centro social y la pr\u00f3xima apertura de un nuevo centro de d\u00eda.","canonical_url":"https:\/\/candas365.es\/noticias\/los-mayores-de-gozon-tendran-un-mejor-centro-social\/","robots":"max-image-preview:large","keywords":"asturias","webmasterTools":{"google-site-verification":"UA-32230408-1","msvalidate.01":"354F3CDFB2DA171B47FBE9ABF1F88D5","miscellaneous":""},"schema":{"@context":"https:\/\/schema.org","@graph":[{"@type":"BreadcrumbList","@id":"https:\/\/candas365.es\/noticias\/los-mayores-de-gozon-tendran-un-mejor-centro-social\/#breadcrumblist","itemListElement":[{"@type":"ListItem","@id":"https:\/\/candas365.es\/noticias#listItem","position":1,"name":"Home","item":"https:\/\/candas365.es\/noticias","nextItem":{"@type":"ListItem","@id":"https:\/\/candas365.es\/noticias\/category\/asturias\/#listItem","name":"Asturias"}},{"@type":"ListItem","@id":"https:\/\/candas365.es\/noticias\/category\/asturias\/#listItem","position":2,"name":"Asturias","item":"https:\/\/candas365.es\/noticias\/category\/asturias\/","nextItem":{"@type":"ListItem","@id":"https:\/\/candas365.es\/noticias\/los-mayores-de-gozon-tendran-un-mejor-centro-social\/#listItem","name":"Los mayores de Goz\u00f3n tendr\u00e1n un mejor centro social"},"previousItem":{"@type":"ListItem","@id":"https:\/\/candas365.es\/noticias#listItem","name":"Home"}},{"@type":"ListItem","@id":"https:\/\/candas365.es\/noticias\/los-mayores-de-gozon-tendran-un-mejor-centro-social\/#listItem","position":3,"name":"Los mayores de Goz\u00f3n tendr\u00e1n un mejor centro social","previousItem":{"@type":"ListItem","@id":"https:\/\/candas365.es\/noticias\/category\/asturias\/#listItem","name":"Asturias"}}]},{"@type":"NewsArticle","@id":"https:\/\/candas365.es\/noticias\/los-mayores-de-gozon-tendran-un-mejor-centro-social\/#newsarticle","name":"Los mayores de Goz\u00f3n tendr\u00e1n un mejor centro social | Cand\u00e1s 365","headline":"Los mayores de Goz\u00f3n tendr\u00e1n un mejor centro social","author":{"@id":"https:\/\/candas365.es\/noticias\/author\/admin\/#author"},"publisher":{"@id":"https:\/\/candas365.es\/noticias\/#organization"},"image":{"@type":"ImageObject","url":"https:\/\/candas365.es\/noticias\/wp-content\/uploads\/2025\/10\/Gozon.jpg","width":895,"height":655,"caption":"Foto: Prensa Gobierno de Asturias"},"datePublished":"2025-10-11T02:59:26+02:00","dateModified":"2025-10-11T02:59:26+02:00","inLanguage":"es-ES","mainEntityOfPage":{"@id":"https:\/\/candas365.es\/noticias\/los-mayores-de-gozon-tendran-un-mejor-centro-social\/#webpage"},"isPartOf":{"@id":"https:\/\/candas365.es\/noticias\/los-mayores-de-gozon-tendran-un-mejor-centro-social\/#webpage"},"articleSection":"Asturias, Asturias, sociedad","dateline":"Publicado el octubre 11, 2025."},{"@type":"Organization","@id":"https:\/\/candas365.es\/noticias\/#organization","name":"Cand\u00e1s 365","description":"Cand\u00e1s 365 es un diario digital independiente, fundado en 2012, con base en Asturias. Informamos con rigor sobre actualidad, sociedad, cultura y ocio, con una mirada local y global.","url":"https:\/\/candas365.es\/noticias\/","email":"info@candas365.es","telephone":"+34652131393","foundingDate":"2012-06-10","logo":{"@type":"ImageObject","url":"https:\/\/candas365.es\/noticias\/wp-content\/uploads\/2024\/09\/Candas-365-Redes.jpg","@id":"https:\/\/candas365.es\/noticias\/los-mayores-de-gozon-tendran-un-mejor-centro-social\/#organizationLogo","width":1152,"height":864,"caption":"Cand\u00e1s 365 Redes"},"image":{"@id":"https:\/\/candas365.es\/noticias\/los-mayores-de-gozon-tendran-un-mejor-centro-social\/#organizationLogo"},"sameAs":["https:\/\/www.facebook.com\/Nachofdezber","https:\/\/x.com\/NabercoDigital","https:\/\/www.instagram.com\/nachofdezber\/","https:\/\/www.youtube.com\/channel\/UCZP-2wLEB9Rv6erhFmqVnvg"],"address":{"@id":"https:\/\/candas365.es\/noticias\/#postaladdress","@type":"PostalAddress","streetAddress":"san antonio 4, san antonio 4","postalCode":"33430","addressLocality":"Cand\u00e1s","addressRegion":"Asturias","addressCountry":"ES"}},{"@type":"Person","@id":"https:\/\/candas365.es\/noticias\/author\/admin\/#author","url":"https:\/\/candas365.es\/noticias\/author\/admin\/","name":"Cand\u00e1s 365","image":{"@type":"ImageObject","@id":"https:\/\/candas365.es\/noticias\/los-mayores-de-gozon-tendran-un-mejor-centro-social\/#authorImage","url":"https:\/\/secure.gravatar.com\/avatar\/496a8e03d0c493ede1718b7934145dbdf8d89be1036b0eec9544e1094c9de390?s=96&d=mm&r=g","width":96,"height":96,"caption":"Cand\u00e1s 365"},"sameAs":["https:\/\/www.facebook.com\/carrenoactualidad","https:\/\/twitter.com\/nbasturias","https:\/\/www.instagram.com\/nachofdezber\/","https:\/\/www.youtube.com\/channel\/UCZP-2wLEB9Rv6erhFmqVnvg"]},{"@type":"WebPage","@id":"https:\/\/candas365.es\/noticias\/los-mayores-de-gozon-tendran-un-mejor-centro-social\/#webpage","url":"https:\/\/candas365.es\/noticias\/los-mayores-de-gozon-tendran-un-mejor-centro-social\/","name":"Los mayores de Goz\u00f3n tendr\u00e1n un mejor centro social | Cand\u00e1s 365","description":"El Principado mejora los servicios para las personas mayores en Goz\u00f3n con la reforma del centro social y la pr\u00f3xima apertura de un nuevo centro de d\u00eda.","inLanguage":"es-ES","isPartOf":{"@id":"https:\/\/candas365.es\/noticias\/#website"},"breadcrumb":{"@id":"https:\/\/candas365.es\/noticias\/los-mayores-de-gozon-tendran-un-mejor-centro-social\/#breadcrumblist"},"author":{"@id":"https:\/\/candas365.es\/noticias\/author\/admin\/#author"},"creator":{"@id":"https:\/\/candas365.es\/noticias\/author\/admin\/#author"},"image":{"@type":"ImageObject","url":"https:\/\/candas365.es\/noticias\/wp-content\/uploads\/2025\/10\/Gozon.jpg","@id":"https:\/\/candas365.es\/noticias\/los-mayores-de-gozon-tendran-un-mejor-centro-social\/#mainImage","width":895,"height":655,"caption":"Foto: Prensa Gobierno de Asturias"},"primaryImageOfPage":{"@id":"https:\/\/candas365.es\/noticias\/los-mayores-de-gozon-tendran-un-mejor-centro-social\/#mainImage"},"datePublished":"2025-10-11T02:59:26+02:00","dateModified":"2025-10-11T02:59:26+02:00"},{"@type":"WebSite","@id":"https:\/\/candas365.es\/noticias\/#website","url":"https:\/\/candas365.es\/noticias\/","name":"Cand\u00e1s 365","alternateName":"Cand\u00e1s 365 Noticias","description":"Actualidad desde Carre\u00f1o para el mundo","inLanguage":"es-ES","publisher":{"@id":"https:\/\/candas365.es\/noticias\/#organization"}}]},"og:locale":"es_ES","og:site_name":"Cand\u00e1s 365","og:type":"article","og:title":"Los mayores de Goz\u00f3n tendr\u00e1n un mejor centro social | Cand\u00e1s 365","og:description":"El Principado mejora los servicios para las personas mayores en Goz\u00f3n con la reforma del centro social y la pr\u00f3xima apertura de un nuevo centro de d\u00eda.","og:url":"https:\/\/candas365.es\/noticias\/los-mayores-de-gozon-tendran-un-mejor-centro-social\/","og:image":"https:\/\/candas365.es\/noticias\/wp-content\/uploads\/2025\/10\/Gozon.jpg","og:image:secure_url":"https:\/\/candas365.es\/noticias\/wp-content\/uploads\/2025\/10\/Gozon.jpg","og:image:width":895,"og:image:height":655,"article:published_time":"2025-10-11T00:59:26+00:00","article:modified_time":"2025-10-11T00:59:26+00:00","article:publisher":"https:\/\/www.facebook.com\/Nachofdezber","article:author":"https:\/\/www.facebook.com\/carrenoactualidad","twitter:card":"summary_large_image","twitter:site":"@NabercoDigital","twitter:title":"Los mayores de Goz\u00f3n tendr\u00e1n un mejor centro social | Cand\u00e1s 365","twitter:description":"El Principado mejora los servicios para las personas mayores en Goz\u00f3n con la reforma del centro social y la pr\u00f3xima apertura de un nuevo centro de d\u00eda.","twitter:creator":"@nbasturias","twitter:image":"https:\/\/candas365.es\/noticias\/wp-content\/uploads\/2025\/10\/Gozon.jpg","twitter:label1":"Escrito por","twitter:data1":"Cand\u00e1s 365","twitter:label2":"Tiempo de lectura estimado","twitter:data2":"2 minutos"},"aioseo_meta_data":{"post_id":"188941","title":null,"description":"El Principado mejora los servicios para las personas mayores en Goz\u00f3n con la reforma del centro social y la pr\u00f3xima apertura de un nuevo centro de d\u00eda.","keywords":null,"keyphrases":{"focus":{"keyphrase":"Goz\u00f3n","score":100,"analysis":{"keyphraseInTitle":{"score":9,"maxScore":9,"error":0},"keyphraseInDescription":{"score":9,"maxScore":9,"error":0},"keyphraseLength":{"score":9,"maxScore":9,"error":0,"length":2},"keyphraseInURL":{"score":5,"maxScore":5,"error":0},"keyphraseInIntroduction":{"score":9,"maxScore":9,"error":0},"keyphraseInSubHeadings":[],"keyphraseInImageAlt":{"score":9,"maxScore":9,"error":0},"keywordDensity":{"type":"best","score":9,"maxScore":9,"error":0}}},"additional":[{"keyphrase":"Goz\u00f3n","score":100,"analysis":{"keyphraseInDescription":{"score":9,"maxScore":9,"error":0},"keyphraseLength":{"score":9,"maxScore":9,"error":0,"length":2},"keyphraseInIntroduction":{"score":9,"maxScore":9,"error":0},"keyphraseInImageAlt":{"score":9,"maxScore":9,"error":0},"keywordDensity":{"type":"best","score":9,"maxScore":9,"error":0}}}]},"primary_term":null,"canonical_url":null,"og_title":null,"og_description":null,"og_object_type":"default","og_image_type":"default","og_image_url":null,"og_image_width":null,"og_image_height":null,"og_image_custom_url":null,"og_image_custom_fields":null,"og_video":"","og_custom_url":null,"og_article_section":null,"og_article_tags":null,"twitter_use_og":false,"twitter_card":"default","twitter_image_type":"default","twitter_image_url":null,"twitter_image_custom_url":null,"twitter_image_custom_fields":null,"twitter_title":null,"twitter_description":null,"schema":{"blockGraphs":[],"customGraphs":[],"default":{"data":{"Article":[],"Course":[],"Dataset":[],"FAQPage":[],"Movie":[],"Person":[],"Product":[],"ProductReview":[],"Car":[],"Recipe":[],"Service":[],"SoftwareApplication":[],"WebPage":[]},"graphName":"Article","isEnabled":true},"graphs":[]},"schema_type":"default","schema_type_options":null,"pillar_content":false,"robots_default":true,"robots_noindex":false,"robots_noarchive":false,"robots_nosnippet":false,"robots_nofollow":false,"robots_noimageindex":false,"robots_noodp":false,"robots_notranslate":false,"robots_max_snippet":"-1","robots_max_videopreview":"-1","robots_max_imagepreview":"large","priority":null,"frequency":"default","location":null,"local_seo":null,"seo_analyzer_scan_date":"2025-10-11 01:09:11","breadcrumb_settings":null,"limit_modified_date":false,"reviewed_by":null,"open_ai":null,"ai":{"faqs":[],"keyPoints":[],"titles":[],"descriptions":[],"socialPosts":{"email":[],"linkedin":[],"twitter":[],"facebook":[],"instagram":[]}},"created":"2025-10-11 00:54:36","updated":"2025-10-11 01:09:11"},"aioseo_breadcrumb":"<div class=\"aioseo-breadcrumbs\"><span class=\"aioseo-breadcrumb\">\n\t<a href=\"https:\/\/candas365.es\/noticias\" title=\"Home\">Home<\/a>\n<\/span><span class=\"aioseo-breadcrumb-separator\">&ndash;<\/span><span class=\"aioseo-breadcrumb\">\n\t<a href=\"https:\/\/candas365.es\/noticias\/category\/asturias\/\" title=\"Asturias\">Asturias<\/a>\n<\/span><span class=\"aioseo-breadcrumb-separator\">&ndash;<\/span><span class=\"aioseo-breadcrumb\">\n\tLos mayores de Goz\u00f3n tendr\u00e1n un mejor centro social\n<\/span><\/div>","aioseo_breadcrumb_json":[{"label":"Home","link":"https:\/\/candas365.es\/noticias"},{"label":"Asturias","link":"https:\/\/candas365.es\/noticias\/category\/asturias\/"},{"label":"Los mayores de Goz\u00f3n tendr\u00e1n un mejor centro social","link":"https:\/\/candas365.es\/noticias\/los-mayores-de-gozon-tendran-un-mejor-centro-social\/"}],"_links":{"self":[{"href":"https:\/\/candas365.es\/noticias\/wp-json\/wp\/v2\/posts\/188941","targetHints":{"allow":["GET"]}}],"collection":[{"href":"https:\/\/candas365.es\/noticias\/wp-json\/wp\/v2\/posts"}],"about":[{"href":"https:\/\/candas365.es\/noticias\/wp-json\/wp\/v2\/types\/post"}],"author":[{"embeddable":true,"href":"https:\/\/candas365.es\/noticias\/wp-json\/wp\/v2\/users\/1"}],"replies":[{"embeddable":true,"href":"https:\/\/candas365.es\/noticias\/wp-json\/wp\/v2\/comments?post=188941"}],"version-history":[{"count":0,"href":"https:\/\/candas365.es\/noticias\/wp-json\/wp\/v2\/posts\/188941\/revisions"}],"wp:featuredmedia":[{"embeddable":true,"href":"https:\/\/candas365.es\/noticias\/wp-json\/wp\/v2\/media\/188942"}],"wp:attachment":[{"href":"https:\/\/candas365.es\/noticias\/wp-json\/wp\/v2\/media?parent=188941"}],"wp:term":[{"taxonomy":"category","embeddable":true,"href":"https:\/\/candas365.es\/noticias\/wp-json\/wp\/v2\/categories?post=188941"},{"taxonomy":"post_tag","embeddable":true,"href":"https:\/\/candas365.es\/noticias\/wp-json\/wp\/v2\/tags?post=188941"}],"curies":[{"name":"wp","href":"https:\/\/api.w.org\/{rel}","templated":true}]}}