{"id":188925,"date":"2025-10-11T01:12:07","date_gmt":"2025-10-10T23:12:07","guid":{"rendered":"https:\/\/candas365.es\/noticias\/?p=188925"},"modified":"2025-10-11T01:12:07","modified_gmt":"2025-10-10T23:12:07","slug":"el-nobel-de-la-paz-a-machado-genera-reacciones-en-colombia","status":"publish","type":"post","link":"https:\/\/candas365.es\/noticias\/el-nobel-de-la-paz-a-machado-genera-reacciones-en-colombia\/","title":{"rendered":"El Nobel de la Paz a Machado genera reacciones en Colombia"},"content":{"rendered":"<p>Dirigentes colombianos destacan el <strong>Nobel de la Paz<\/strong> a Mar\u00eda Corina Machado y subrayan su lucha democr\u00e1tica frente al r\u00e9gimen de Nicol\u00e1s Maduro.<\/p>\n<figure id=\"attachment_188926\" aria-describedby=\"caption-attachment-188926\" style=\"width: 650px\" class=\"wp-caption aligncenter\"><img fetchpriority=\"high\" decoding=\"async\" class=\"size-large wp-image-188926\" src=\"https:\/\/candas365.es\/noticias\/wp-content\/uploads\/2025\/10\/reacciones-en-Colombia-Machado-650x431.jpg\" alt=\"reacciones en Colombia Machado\" width=\"650\" height=\"431\" srcset=\"https:\/\/candas365.es\/noticias\/wp-content\/uploads\/2025\/10\/reacciones-en-Colombia-Machado-650x431.jpg 650w, https:\/\/candas365.es\/noticias\/wp-content\/uploads\/2025\/10\/reacciones-en-Colombia-Machado-360x239.jpg 360w, https:\/\/candas365.es\/noticias\/wp-content\/uploads\/2025\/10\/reacciones-en-Colombia-Machado-768x509.jpg 768w, https:\/\/candas365.es\/noticias\/wp-content\/uploads\/2025\/10\/reacciones-en-Colombia-Machado-150x99.jpg 150w, https:\/\/candas365.es\/noticias\/wp-content\/uploads\/2025\/10\/reacciones-en-Colombia-Machado-450x298.jpg 450w, https:\/\/candas365.es\/noticias\/wp-content\/uploads\/2025\/10\/reacciones-en-Colombia-Machado.jpg 1012w\" sizes=\"(max-width: 650px) 100vw, 650px\" \/><figcaption id=\"caption-attachment-188926\" class=\"wp-caption-text\">Foto: 123rf.com<\/figcaption><\/figure>\n<p>El Premio Nobel de la Paz concedido a Mar\u00eda Corina Machado provoc\u00f3 una oleada de reacciones en <a href=\"https:\/\/candas365.es\/noticias\/category\/internacional\/\"><span style=\"color: #ff6600;\"><strong>Colombia<\/strong><\/span><\/a>, principalmente entre l\u00edderes de la oposici\u00f3n. La distinci\u00f3n fue interpretada como un reconocimiento a la resistencia democr\u00e1tica en Venezuela y, al mismo tiempo, como una oportunidad para marcar distancia con la pol\u00edtica exterior del presidente Gustavo Petro hacia el r\u00e9gimen de Nicol\u00e1s Maduro.<\/p>\n<p>Entre los primeros en pronunciarse se encontraron \u00c1lvaro Uribe V\u00e9lez, Juan Manuel Santos, Iv\u00e1n Duque, Federico Guti\u00e9rrez, Claudia L\u00f3pez y Mar\u00eda Fernanda Cabal, quienes expresaron respaldo a la dirigente venezolana.<\/p>\n<blockquote><p>Uribe resumi\u00f3 su mensaje en una frase: \u201cViva Mar\u00eda Corina, Viva la Democracia, Viva Venezuela, Viva Colombia\u201d.<\/p><\/blockquote>\n<p>Por su parte, Santos \u2014galardonado tambi\u00e9n con el Nobel de la Paz en 2016\u2014 destac\u00f3 la \u201cvalent\u00eda y perseverancia\u201d de Machado en su lucha por la libertad y la paz.<\/p>\n<p>Federico Guti\u00e9rrez dese\u00f3 verla \u201cdirigiendo y reconstruyendo su pa\u00eds\u201d, mientras que Duque la calific\u00f3 como un ejemplo regional de esfuerzo democr\u00e1tico.<br \/>\nLa exalcaldesa Claudia L\u00f3pez subray\u00f3 que \u201cnadie ha luchado m\u00e1s, por v\u00edas pac\u00edficas y contundentes, por la democracia\u201d, recordando el esfuerzo sostenido de Machado a pesar del exilio y la persecuci\u00f3n.<\/p>\n<p>Tambi\u00e9n se pronunciaron Miguel Uribe Londo\u00f1o y Mar\u00eda Fernanda Cabal, quienes coincidieron en describir el galard\u00f3n como \u201cun reconocimiento a la libertad y a la defensa del pueblo venezolano\u201d.<\/p>\n<blockquote><p>La ex candidata presidencial Ingrid Betancourt defini\u00f3 el premio como \u201cla antesala de la liberaci\u00f3n del pueblo venezolano\u201d, interpret\u00e1ndolo como un mensaje de esperanza para toda la regi\u00f3n.<\/p><\/blockquote>\n<p>Algunas voces incluyeron referencias al contexto colombiano.<\/p>\n<p>La senadora Paloma Valencia compar\u00f3 la postura de Petro con la de Donald Trump en materia internacional, mientras que Gustavo Bol\u00edvar public\u00f3 una advertencia sobre la corrupci\u00f3n pol\u00edtica, sin aludir directamente al galard\u00f3n.<\/p>\n<p>En el \u00e1mbito medi\u00e1tico, la periodista Vicky D\u00e1vila dedic\u00f3 a Machado un mensaje de apoyo y reconocimiento por su \u201cejemplo de amor, valor y persistencia\u201d, destacando el sacrificio personal de la l\u00edder opositora.<\/p>\n<p>Las reacciones coincidieron en un punto: el Nobel a Mar\u00eda Corina Machado trasciende fronteras y reafirma la importancia de la defensa pac\u00edfica de la democracia en Am\u00e9rica Latina.<\/p>\n<p><em>Redacci\u00f3n Cand\u00e1s 365, con informaci\u00f3n de NotiPress.<\/em><\/p>\n","protected":false},"excerpt":{"rendered":"<p>Dirigentes colombianos destacan el Nobel de la Paz a Mar\u00eda Corina Machado y subrayan su lucha democr\u00e1tica frente al r\u00e9gimen de Nicol\u00e1s Maduro. El Premio Nobel de la Paz concedido a Mar\u00eda Corina Machado provoc\u00f3 una oleada de reacciones en Colombia, principalmente entre l\u00edderes de la oposici\u00f3n. La distinci\u00f3n fue interpretada como un reconocimiento a<\/p>\n","protected":false},"author":1,"featured_media":188926,"comment_status":"closed","ping_status":"closed","sticky":false,"template":"","format":"standard","meta":{"footnotes":""},"categories":[485],"tags":[418],"class_list":{"0":"post-188925","1":"post","2":"type-post","3":"status-publish","4":"format-standard","5":"has-post-thumbnail","7":"category-internacional","8":"tag-internacional"},"aioseo_notices":[],"aioseo_head":"\n\t\t<!-- All in One SEO Pro 4.9.6.2 - aioseo.com -->\n\t<meta name=\"description\" content=\"Dirigentes colombianos destacan el Nobel de la Paz a Mar\u00eda Corina Machado y subrayan su lucha democr\u00e1tica frente al r\u00e9gimen de Nicol\u00e1s Maduro.\" \/>\n\t<meta name=\"robots\" content=\"max-image-preview:large\" \/>\n\t<meta name=\"author\" content=\"Cand\u00e1s 365\"\/>\n\t<meta name=\"google-site-verification\" content=\"UA-32230408-1\" \/>\n\t<meta name=\"msvalidate.01\" content=\"354F3CDFB2DA171B47FBE9ABF1F88D5\" \/>\n\t<meta name=\"keywords\" content=\"internacional\" \/>\n\t<link rel=\"canonical\" href=\"https:\/\/candas365.es\/noticias\/el-nobel-de-la-paz-a-machado-genera-reacciones-en-colombia\/\" \/>\n\t<meta name=\"generator\" content=\"All in One SEO Pro (AIOSEO) 4.9.6.2\" \/>\n\t\t<meta property=\"og:locale\" content=\"es_ES\" \/>\n\t\t<meta property=\"og:site_name\" content=\"Cand\u00e1s 365\" \/>\n\t\t<meta property=\"og:type\" content=\"article\" \/>\n\t\t<meta property=\"og:title\" content=\"El Nobel de la Paz a Machado genera reacciones en Colombia | Cand\u00e1s 365\" \/>\n\t\t<meta property=\"og:description\" content=\"Dirigentes colombianos destacan el Nobel de la Paz a Mar\u00eda Corina Machado y subrayan su lucha democr\u00e1tica frente al r\u00e9gimen de Nicol\u00e1s Maduro.\" \/>\n\t\t<meta property=\"og:url\" content=\"https:\/\/candas365.es\/noticias\/el-nobel-de-la-paz-a-machado-genera-reacciones-en-colombia\/\" \/>\n\t\t<meta property=\"og:image\" content=\"https:\/\/candas365.es\/noticias\/wp-content\/uploads\/2025\/10\/reacciones-en-Colombia-Machado.jpg\" \/>\n\t\t<meta property=\"og:image:secure_url\" content=\"https:\/\/candas365.es\/noticias\/wp-content\/uploads\/2025\/10\/reacciones-en-Colombia-Machado.jpg\" \/>\n\t\t<meta property=\"og:image:width\" content=\"1012\" \/>\n\t\t<meta property=\"og:image:height\" content=\"671\" \/>\n\t\t<meta property=\"article:published_time\" content=\"2025-10-10T23:12:07+00:00\" \/>\n\t\t<meta property=\"article:modified_time\" content=\"2025-10-10T23:12:07+00:00\" \/>\n\t\t<meta property=\"article:publisher\" content=\"https:\/\/www.facebook.com\/Nachofdezber\" \/>\n\t\t<meta property=\"article:author\" content=\"https:\/\/www.facebook.com\/carrenoactualidad\" \/>\n\t\t<meta name=\"twitter:card\" content=\"summary_large_image\" \/>\n\t\t<meta name=\"twitter:site\" content=\"@NabercoDigital\" \/>\n\t\t<meta name=\"twitter:title\" content=\"El Nobel de la Paz a Machado genera reacciones en Colombia | Cand\u00e1s 365\" \/>\n\t\t<meta name=\"twitter:description\" content=\"Dirigentes colombianos destacan el Nobel de la Paz a Mar\u00eda Corina Machado y subrayan su lucha democr\u00e1tica frente al r\u00e9gimen de Nicol\u00e1s Maduro.\" \/>\n\t\t<meta name=\"twitter:creator\" content=\"@nbasturias\" \/>\n\t\t<meta name=\"twitter:image\" content=\"https:\/\/candas365.es\/noticias\/wp-content\/uploads\/2025\/10\/reacciones-en-Colombia-Machado.jpg\" \/>\n\t\t<meta name=\"twitter:label1\" content=\"Escrito por\" \/>\n\t\t<meta name=\"twitter:data1\" content=\"Cand\u00e1s 365\" \/>\n\t\t<meta name=\"twitter:label2\" content=\"Tiempo de lectura estimado\" \/>\n\t\t<meta name=\"twitter:data2\" content=\"2 minutos\" \/>\n\t\t<script type=\"application\/ld+json\" class=\"aioseo-schema\">\n\t\t\t{\"@context\":\"https:\\\/\\\/schema.org\",\"@graph\":[{\"@type\":\"BreadcrumbList\",\"@id\":\"https:\\\/\\\/candas365.es\\\/noticias\\\/el-nobel-de-la-paz-a-machado-genera-reacciones-en-colombia\\\/#breadcrumblist\",\"itemListElement\":[{\"@type\":\"ListItem\",\"@id\":\"https:\\\/\\\/candas365.es\\\/noticias#listItem\",\"position\":1,\"name\":\"Home\",\"item\":\"https:\\\/\\\/candas365.es\\\/noticias\",\"nextItem\":{\"@type\":\"ListItem\",\"@id\":\"https:\\\/\\\/candas365.es\\\/noticias\\\/category\\\/internacional\\\/#listItem\",\"name\":\"Internacional\"}},{\"@type\":\"ListItem\",\"@id\":\"https:\\\/\\\/candas365.es\\\/noticias\\\/category\\\/internacional\\\/#listItem\",\"position\":2,\"name\":\"Internacional\",\"item\":\"https:\\\/\\\/candas365.es\\\/noticias\\\/category\\\/internacional\\\/\",\"nextItem\":{\"@type\":\"ListItem\",\"@id\":\"https:\\\/\\\/candas365.es\\\/noticias\\\/el-nobel-de-la-paz-a-machado-genera-reacciones-en-colombia\\\/#listItem\",\"name\":\"El Nobel de la Paz a Machado genera reacciones en Colombia\"},\"previousItem\":{\"@type\":\"ListItem\",\"@id\":\"https:\\\/\\\/candas365.es\\\/noticias#listItem\",\"name\":\"Home\"}},{\"@type\":\"ListItem\",\"@id\":\"https:\\\/\\\/candas365.es\\\/noticias\\\/el-nobel-de-la-paz-a-machado-genera-reacciones-en-colombia\\\/#listItem\",\"position\":3,\"name\":\"El Nobel de la Paz a Machado genera reacciones en Colombia\",\"previousItem\":{\"@type\":\"ListItem\",\"@id\":\"https:\\\/\\\/candas365.es\\\/noticias\\\/category\\\/internacional\\\/#listItem\",\"name\":\"Internacional\"}}]},{\"@type\":\"NewsArticle\",\"@id\":\"https:\\\/\\\/candas365.es\\\/noticias\\\/el-nobel-de-la-paz-a-machado-genera-reacciones-en-colombia\\\/#newsarticle\",\"name\":\"El Nobel de la Paz a Machado genera reacciones en Colombia | Cand\\u00e1s 365\",\"headline\":\"El Nobel de la Paz a Machado genera reacciones en Colombia\",\"author\":{\"@id\":\"https:\\\/\\\/candas365.es\\\/noticias\\\/author\\\/admin\\\/#author\"},\"publisher\":{\"@id\":\"https:\\\/\\\/candas365.es\\\/noticias\\\/#organization\"},\"image\":{\"@type\":\"ImageObject\",\"url\":\"https:\\\/\\\/candas365.es\\\/noticias\\\/wp-content\\\/uploads\\\/2025\\\/10\\\/reacciones-en-Colombia-Machado.jpg\",\"width\":1012,\"height\":671,\"caption\":\"Foto: 123rf.com\"},\"datePublished\":\"2025-10-11T01:12:07+02:00\",\"dateModified\":\"2025-10-11T01:12:07+02:00\",\"inLanguage\":\"es-ES\",\"mainEntityOfPage\":{\"@id\":\"https:\\\/\\\/candas365.es\\\/noticias\\\/el-nobel-de-la-paz-a-machado-genera-reacciones-en-colombia\\\/#webpage\"},\"isPartOf\":{\"@id\":\"https:\\\/\\\/candas365.es\\\/noticias\\\/el-nobel-de-la-paz-a-machado-genera-reacciones-en-colombia\\\/#webpage\"},\"articleSection\":\"Internacional, Internacional\",\"dateline\":\"Publicado el octubre 11, 2025.\"},{\"@type\":\"Organization\",\"@id\":\"https:\\\/\\\/candas365.es\\\/noticias\\\/#organization\",\"name\":\"Cand\\u00e1s 365\",\"description\":\"Cand\\u00e1s 365 es un diario digital independiente, fundado en 2012, con base en Asturias. Informamos con rigor sobre actualidad, sociedad, cultura y ocio, con una mirada local y global.\",\"url\":\"https:\\\/\\\/candas365.es\\\/noticias\\\/\",\"email\":\"info@candas365.es\",\"telephone\":\"+34652131393\",\"foundingDate\":\"2012-06-10\",\"logo\":{\"@type\":\"ImageObject\",\"url\":\"https:\\\/\\\/candas365.es\\\/noticias\\\/wp-content\\\/uploads\\\/2024\\\/09\\\/Candas-365-Redes.jpg\",\"@id\":\"https:\\\/\\\/candas365.es\\\/noticias\\\/el-nobel-de-la-paz-a-machado-genera-reacciones-en-colombia\\\/#organizationLogo\",\"width\":1152,\"height\":864,\"caption\":\"Cand\\u00e1s 365 Redes\"},\"image\":{\"@id\":\"https:\\\/\\\/candas365.es\\\/noticias\\\/el-nobel-de-la-paz-a-machado-genera-reacciones-en-colombia\\\/#organizationLogo\"},\"sameAs\":[\"https:\\\/\\\/www.facebook.com\\\/Nachofdezber\",\"https:\\\/\\\/x.com\\\/NabercoDigital\",\"https:\\\/\\\/www.instagram.com\\\/nachofdezber\\\/\",\"https:\\\/\\\/www.youtube.com\\\/channel\\\/UCZP-2wLEB9Rv6erhFmqVnvg\"],\"address\":{\"@id\":\"https:\\\/\\\/candas365.es\\\/noticias\\\/#postaladdress\",\"@type\":\"PostalAddress\",\"streetAddress\":\"san antonio 4, san antonio 4\",\"postalCode\":\"33430\",\"addressLocality\":\"Cand\\u00e1s\",\"addressRegion\":\"Asturias\",\"addressCountry\":\"ES\"}},{\"@type\":\"Person\",\"@id\":\"https:\\\/\\\/candas365.es\\\/noticias\\\/author\\\/admin\\\/#author\",\"url\":\"https:\\\/\\\/candas365.es\\\/noticias\\\/author\\\/admin\\\/\",\"name\":\"Cand\\u00e1s 365\",\"image\":{\"@type\":\"ImageObject\",\"@id\":\"https:\\\/\\\/candas365.es\\\/noticias\\\/el-nobel-de-la-paz-a-machado-genera-reacciones-en-colombia\\\/#authorImage\",\"url\":\"https:\\\/\\\/secure.gravatar.com\\\/avatar\\\/496a8e03d0c493ede1718b7934145dbdf8d89be1036b0eec9544e1094c9de390?s=96&d=mm&r=g\",\"width\":96,\"height\":96,\"caption\":\"Cand\\u00e1s 365\"},\"sameAs\":[\"https:\\\/\\\/www.facebook.com\\\/carrenoactualidad\",\"https:\\\/\\\/twitter.com\\\/nbasturias\",\"https:\\\/\\\/www.instagram.com\\\/nachofdezber\\\/\",\"https:\\\/\\\/www.youtube.com\\\/channel\\\/UCZP-2wLEB9Rv6erhFmqVnvg\"]},{\"@type\":\"WebPage\",\"@id\":\"https:\\\/\\\/candas365.es\\\/noticias\\\/el-nobel-de-la-paz-a-machado-genera-reacciones-en-colombia\\\/#webpage\",\"url\":\"https:\\\/\\\/candas365.es\\\/noticias\\\/el-nobel-de-la-paz-a-machado-genera-reacciones-en-colombia\\\/\",\"name\":\"El Nobel de la Paz a Machado genera reacciones en Colombia | Cand\\u00e1s 365\",\"description\":\"Dirigentes colombianos destacan el Nobel de la Paz a Mar\\u00eda Corina Machado y subrayan su lucha democr\\u00e1tica frente al r\\u00e9gimen de Nicol\\u00e1s Maduro.\",\"inLanguage\":\"es-ES\",\"isPartOf\":{\"@id\":\"https:\\\/\\\/candas365.es\\\/noticias\\\/#website\"},\"breadcrumb\":{\"@id\":\"https:\\\/\\\/candas365.es\\\/noticias\\\/el-nobel-de-la-paz-a-machado-genera-reacciones-en-colombia\\\/#breadcrumblist\"},\"author\":{\"@id\":\"https:\\\/\\\/candas365.es\\\/noticias\\\/author\\\/admin\\\/#author\"},\"creator\":{\"@id\":\"https:\\\/\\\/candas365.es\\\/noticias\\\/author\\\/admin\\\/#author\"},\"image\":{\"@type\":\"ImageObject\",\"url\":\"https:\\\/\\\/candas365.es\\\/noticias\\\/wp-content\\\/uploads\\\/2025\\\/10\\\/reacciones-en-Colombia-Machado.jpg\",\"@id\":\"https:\\\/\\\/candas365.es\\\/noticias\\\/el-nobel-de-la-paz-a-machado-genera-reacciones-en-colombia\\\/#mainImage\",\"width\":1012,\"height\":671,\"caption\":\"Foto: 123rf.com\"},\"primaryImageOfPage\":{\"@id\":\"https:\\\/\\\/candas365.es\\\/noticias\\\/el-nobel-de-la-paz-a-machado-genera-reacciones-en-colombia\\\/#mainImage\"},\"datePublished\":\"2025-10-11T01:12:07+02:00\",\"dateModified\":\"2025-10-11T01:12:07+02:00\"},{\"@type\":\"WebSite\",\"@id\":\"https:\\\/\\\/candas365.es\\\/noticias\\\/#website\",\"url\":\"https:\\\/\\\/candas365.es\\\/noticias\\\/\",\"name\":\"Cand\\u00e1s 365\",\"alternateName\":\"Cand\\u00e1s 365 Noticias\",\"description\":\"Actualidad desde Carre\\u00f1o para el mundo\",\"inLanguage\":\"es-ES\",\"publisher\":{\"@id\":\"https:\\\/\\\/candas365.es\\\/noticias\\\/#organization\"}}]}\n\t\t<\/script>\n\t\t<!-- All in One SEO Pro -->\r\n\t\t<title>El Nobel de la Paz a Machado genera reacciones en Colombia | Cand\u00e1s 365<\/title>\n\n","aioseo_head_json":{"title":"El Nobel de la Paz a Machado genera reacciones en Colombia | Cand\u00e1s 365","description":"Dirigentes colombianos destacan el Nobel de la Paz a Mar\u00eda Corina Machado y subrayan su lucha democr\u00e1tica frente al r\u00e9gimen de Nicol\u00e1s Maduro.","canonical_url":"https:\/\/candas365.es\/noticias\/el-nobel-de-la-paz-a-machado-genera-reacciones-en-colombia\/","robots":"max-image-preview:large","keywords":"internacional","webmasterTools":{"google-site-verification":"UA-32230408-1","msvalidate.01":"354F3CDFB2DA171B47FBE9ABF1F88D5","miscellaneous":""},"schema":{"@context":"https:\/\/schema.org","@graph":[{"@type":"BreadcrumbList","@id":"https:\/\/candas365.es\/noticias\/el-nobel-de-la-paz-a-machado-genera-reacciones-en-colombia\/#breadcrumblist","itemListElement":[{"@type":"ListItem","@id":"https:\/\/candas365.es\/noticias#listItem","position":1,"name":"Home","item":"https:\/\/candas365.es\/noticias","nextItem":{"@type":"ListItem","@id":"https:\/\/candas365.es\/noticias\/category\/internacional\/#listItem","name":"Internacional"}},{"@type":"ListItem","@id":"https:\/\/candas365.es\/noticias\/category\/internacional\/#listItem","position":2,"name":"Internacional","item":"https:\/\/candas365.es\/noticias\/category\/internacional\/","nextItem":{"@type":"ListItem","@id":"https:\/\/candas365.es\/noticias\/el-nobel-de-la-paz-a-machado-genera-reacciones-en-colombia\/#listItem","name":"El Nobel de la Paz a Machado genera reacciones en Colombia"},"previousItem":{"@type":"ListItem","@id":"https:\/\/candas365.es\/noticias#listItem","name":"Home"}},{"@type":"ListItem","@id":"https:\/\/candas365.es\/noticias\/el-nobel-de-la-paz-a-machado-genera-reacciones-en-colombia\/#listItem","position":3,"name":"El Nobel de la Paz a Machado genera reacciones en Colombia","previousItem":{"@type":"ListItem","@id":"https:\/\/candas365.es\/noticias\/category\/internacional\/#listItem","name":"Internacional"}}]},{"@type":"NewsArticle","@id":"https:\/\/candas365.es\/noticias\/el-nobel-de-la-paz-a-machado-genera-reacciones-en-colombia\/#newsarticle","name":"El Nobel de la Paz a Machado genera reacciones en Colombia | Cand\u00e1s 365","headline":"El Nobel de la Paz a Machado genera reacciones en Colombia","author":{"@id":"https:\/\/candas365.es\/noticias\/author\/admin\/#author"},"publisher":{"@id":"https:\/\/candas365.es\/noticias\/#organization"},"image":{"@type":"ImageObject","url":"https:\/\/candas365.es\/noticias\/wp-content\/uploads\/2025\/10\/reacciones-en-Colombia-Machado.jpg","width":1012,"height":671,"caption":"Foto: 123rf.com"},"datePublished":"2025-10-11T01:12:07+02:00","dateModified":"2025-10-11T01:12:07+02:00","inLanguage":"es-ES","mainEntityOfPage":{"@id":"https:\/\/candas365.es\/noticias\/el-nobel-de-la-paz-a-machado-genera-reacciones-en-colombia\/#webpage"},"isPartOf":{"@id":"https:\/\/candas365.es\/noticias\/el-nobel-de-la-paz-a-machado-genera-reacciones-en-colombia\/#webpage"},"articleSection":"Internacional, Internacional","dateline":"Publicado el octubre 11, 2025."},{"@type":"Organization","@id":"https:\/\/candas365.es\/noticias\/#organization","name":"Cand\u00e1s 365","description":"Cand\u00e1s 365 es un diario digital independiente, fundado en 2012, con base en Asturias. Informamos con rigor sobre actualidad, sociedad, cultura y ocio, con una mirada local y global.","url":"https:\/\/candas365.es\/noticias\/","email":"info@candas365.es","telephone":"+34652131393","foundingDate":"2012-06-10","logo":{"@type":"ImageObject","url":"https:\/\/candas365.es\/noticias\/wp-content\/uploads\/2024\/09\/Candas-365-Redes.jpg","@id":"https:\/\/candas365.es\/noticias\/el-nobel-de-la-paz-a-machado-genera-reacciones-en-colombia\/#organizationLogo","width":1152,"height":864,"caption":"Cand\u00e1s 365 Redes"},"image":{"@id":"https:\/\/candas365.es\/noticias\/el-nobel-de-la-paz-a-machado-genera-reacciones-en-colombia\/#organizationLogo"},"sameAs":["https:\/\/www.facebook.com\/Nachofdezber","https:\/\/x.com\/NabercoDigital","https:\/\/www.instagram.com\/nachofdezber\/","https:\/\/www.youtube.com\/channel\/UCZP-2wLEB9Rv6erhFmqVnvg"],"address":{"@id":"https:\/\/candas365.es\/noticias\/#postaladdress","@type":"PostalAddress","streetAddress":"san antonio 4, san antonio 4","postalCode":"33430","addressLocality":"Cand\u00e1s","addressRegion":"Asturias","addressCountry":"ES"}},{"@type":"Person","@id":"https:\/\/candas365.es\/noticias\/author\/admin\/#author","url":"https:\/\/candas365.es\/noticias\/author\/admin\/","name":"Cand\u00e1s 365","image":{"@type":"ImageObject","@id":"https:\/\/candas365.es\/noticias\/el-nobel-de-la-paz-a-machado-genera-reacciones-en-colombia\/#authorImage","url":"https:\/\/secure.gravatar.com\/avatar\/496a8e03d0c493ede1718b7934145dbdf8d89be1036b0eec9544e1094c9de390?s=96&d=mm&r=g","width":96,"height":96,"caption":"Cand\u00e1s 365"},"sameAs":["https:\/\/www.facebook.com\/carrenoactualidad","https:\/\/twitter.com\/nbasturias","https:\/\/www.instagram.com\/nachofdezber\/","https:\/\/www.youtube.com\/channel\/UCZP-2wLEB9Rv6erhFmqVnvg"]},{"@type":"WebPage","@id":"https:\/\/candas365.es\/noticias\/el-nobel-de-la-paz-a-machado-genera-reacciones-en-colombia\/#webpage","url":"https:\/\/candas365.es\/noticias\/el-nobel-de-la-paz-a-machado-genera-reacciones-en-colombia\/","name":"El Nobel de la Paz a Machado genera reacciones en Colombia | Cand\u00e1s 365","description":"Dirigentes colombianos destacan el Nobel de la Paz a Mar\u00eda Corina Machado y subrayan su lucha democr\u00e1tica frente al r\u00e9gimen de Nicol\u00e1s Maduro.","inLanguage":"es-ES","isPartOf":{"@id":"https:\/\/candas365.es\/noticias\/#website"},"breadcrumb":{"@id":"https:\/\/candas365.es\/noticias\/el-nobel-de-la-paz-a-machado-genera-reacciones-en-colombia\/#breadcrumblist"},"author":{"@id":"https:\/\/candas365.es\/noticias\/author\/admin\/#author"},"creator":{"@id":"https:\/\/candas365.es\/noticias\/author\/admin\/#author"},"image":{"@type":"ImageObject","url":"https:\/\/candas365.es\/noticias\/wp-content\/uploads\/2025\/10\/reacciones-en-Colombia-Machado.jpg","@id":"https:\/\/candas365.es\/noticias\/el-nobel-de-la-paz-a-machado-genera-reacciones-en-colombia\/#mainImage","width":1012,"height":671,"caption":"Foto: 123rf.com"},"primaryImageOfPage":{"@id":"https:\/\/candas365.es\/noticias\/el-nobel-de-la-paz-a-machado-genera-reacciones-en-colombia\/#mainImage"},"datePublished":"2025-10-11T01:12:07+02:00","dateModified":"2025-10-11T01:12:07+02:00"},{"@type":"WebSite","@id":"https:\/\/candas365.es\/noticias\/#website","url":"https:\/\/candas365.es\/noticias\/","name":"Cand\u00e1s 365","alternateName":"Cand\u00e1s 365 Noticias","description":"Actualidad desde Carre\u00f1o para el mundo","inLanguage":"es-ES","publisher":{"@id":"https:\/\/candas365.es\/noticias\/#organization"}}]},"og:locale":"es_ES","og:site_name":"Cand\u00e1s 365","og:type":"article","og:title":"El Nobel de la Paz a Machado genera reacciones en Colombia | Cand\u00e1s 365","og:description":"Dirigentes colombianos destacan el Nobel de la Paz a Mar\u00eda Corina Machado y subrayan su lucha democr\u00e1tica frente al r\u00e9gimen de Nicol\u00e1s Maduro.","og:url":"https:\/\/candas365.es\/noticias\/el-nobel-de-la-paz-a-machado-genera-reacciones-en-colombia\/","og:image":"https:\/\/candas365.es\/noticias\/wp-content\/uploads\/2025\/10\/reacciones-en-Colombia-Machado.jpg","og:image:secure_url":"https:\/\/candas365.es\/noticias\/wp-content\/uploads\/2025\/10\/reacciones-en-Colombia-Machado.jpg","og:image:width":1012,"og:image:height":671,"article:published_time":"2025-10-10T23:12:07+00:00","article:modified_time":"2025-10-10T23:12:07+00:00","article:publisher":"https:\/\/www.facebook.com\/Nachofdezber","article:author":"https:\/\/www.facebook.com\/carrenoactualidad","twitter:card":"summary_large_image","twitter:site":"@NabercoDigital","twitter:title":"El Nobel de la Paz a Machado genera reacciones en Colombia | Cand\u00e1s 365","twitter:description":"Dirigentes colombianos destacan el Nobel de la Paz a Mar\u00eda Corina Machado y subrayan su lucha democr\u00e1tica frente al r\u00e9gimen de Nicol\u00e1s Maduro.","twitter:creator":"@nbasturias","twitter:image":"https:\/\/candas365.es\/noticias\/wp-content\/uploads\/2025\/10\/reacciones-en-Colombia-Machado.jpg","twitter:label1":"Escrito por","twitter:data1":"Cand\u00e1s 365","twitter:label2":"Tiempo de lectura estimado","twitter:data2":"2 minutos"},"aioseo_meta_data":{"post_id":"188925","title":null,"description":"Dirigentes colombianos destacan el Nobel de la Paz a Mar\u00eda Corina Machado y subrayan su lucha democr\u00e1tica frente al r\u00e9gimen de Nicol\u00e1s Maduro.","keywords":null,"keyphrases":{"focus":{"keyphrase":"Machado","score":100,"analysis":{"keyphraseInTitle":{"score":9,"maxScore":9,"error":0},"keyphraseInDescription":{"score":9,"maxScore":9,"error":0},"keyphraseLength":{"score":9,"maxScore":9,"error":0,"length":1},"keyphraseInURL":{"score":5,"maxScore":5,"error":0},"keyphraseInIntroduction":{"score":9,"maxScore":9,"error":0},"keyphraseInSubHeadings":[],"keyphraseInImageAlt":{"score":9,"maxScore":9,"error":0},"keywordDensity":{"type":"best","score":9,"maxScore":9,"error":0}}},"additional":[{"keyphrase":"Nobel de la Paz","score":87,"analysis":{"keyphraseInDescription":{"score":9,"maxScore":9,"error":0},"keyphraseLength":{"score":9,"maxScore":9,"error":0,"length":4},"keyphraseInIntroduction":{"score":9,"maxScore":9,"error":0},"keyphraseInImageAlt":{"score":3,"maxScore":9,"error":1},"keywordDensity":{"type":"best","score":9,"maxScore":9,"error":0}}}]},"primary_term":null,"canonical_url":null,"og_title":null,"og_description":null,"og_object_type":"default","og_image_type":"default","og_image_url":null,"og_image_width":null,"og_image_height":null,"og_image_custom_url":null,"og_image_custom_fields":null,"og_video":"","og_custom_url":null,"og_article_section":null,"og_article_tags":null,"twitter_use_og":false,"twitter_card":"default","twitter_image_type":"default","twitter_image_url":null,"twitter_image_custom_url":null,"twitter_image_custom_fields":null,"twitter_title":null,"twitter_description":null,"schema":{"blockGraphs":[],"customGraphs":[],"default":{"data":{"Article":[],"Course":[],"Dataset":[],"FAQPage":[],"Movie":[],"Person":[],"Product":[],"ProductReview":[],"Car":[],"Recipe":[],"Service":[],"SoftwareApplication":[],"WebPage":[]},"graphName":"Article","isEnabled":true},"graphs":[]},"schema_type":"default","schema_type_options":null,"pillar_content":false,"robots_default":true,"robots_noindex":false,"robots_noarchive":false,"robots_nosnippet":false,"robots_nofollow":false,"robots_noimageindex":false,"robots_noodp":false,"robots_notranslate":false,"robots_max_snippet":"-1","robots_max_videopreview":"-1","robots_max_imagepreview":"large","priority":null,"frequency":"default","location":null,"local_seo":null,"seo_analyzer_scan_date":"2025-10-10 23:14:13","breadcrumb_settings":null,"limit_modified_date":false,"reviewed_by":null,"open_ai":null,"ai":{"faqs":[],"keyPoints":[],"titles":[],"descriptions":[],"socialPosts":{"email":[],"linkedin":[],"twitter":[],"facebook":[],"instagram":[]}},"created":"2025-10-10 23:03:32","updated":"2025-10-10 23:14:13"},"aioseo_breadcrumb":"<div class=\"aioseo-breadcrumbs\"><span class=\"aioseo-breadcrumb\">\n\t<a href=\"https:\/\/candas365.es\/noticias\" title=\"Home\">Home<\/a>\n<\/span><span class=\"aioseo-breadcrumb-separator\">&ndash;<\/span><span class=\"aioseo-breadcrumb\">\n\t<a href=\"https:\/\/candas365.es\/noticias\/category\/internacional\/\" title=\"Internacional\">Internacional<\/a>\n<\/span><span class=\"aioseo-breadcrumb-separator\">&ndash;<\/span><span class=\"aioseo-breadcrumb\">\n\tEl Nobel de la Paz a Machado genera reacciones en Colombia\n<\/span><\/div>","aioseo_breadcrumb_json":[{"label":"Home","link":"https:\/\/candas365.es\/noticias"},{"label":"Internacional","link":"https:\/\/candas365.es\/noticias\/category\/internacional\/"},{"label":"El Nobel de la Paz a Machado genera reacciones en Colombia","link":"https:\/\/candas365.es\/noticias\/el-nobel-de-la-paz-a-machado-genera-reacciones-en-colombia\/"}],"_links":{"self":[{"href":"https:\/\/candas365.es\/noticias\/wp-json\/wp\/v2\/posts\/188925","targetHints":{"allow":["GET"]}}],"collection":[{"href":"https:\/\/candas365.es\/noticias\/wp-json\/wp\/v2\/posts"}],"about":[{"href":"https:\/\/candas365.es\/noticias\/wp-json\/wp\/v2\/types\/post"}],"author":[{"embeddable":true,"href":"https:\/\/candas365.es\/noticias\/wp-json\/wp\/v2\/users\/1"}],"replies":[{"embeddable":true,"href":"https:\/\/candas365.es\/noticias\/wp-json\/wp\/v2\/comments?post=188925"}],"version-history":[{"count":0,"href":"https:\/\/candas365.es\/noticias\/wp-json\/wp\/v2\/posts\/188925\/revisions"}],"wp:featuredmedia":[{"embeddable":true,"href":"https:\/\/candas365.es\/noticias\/wp-json\/wp\/v2\/media\/188926"}],"wp:attachment":[{"href":"https:\/\/candas365.es\/noticias\/wp-json\/wp\/v2\/media?parent=188925"}],"wp:term":[{"taxonomy":"category","embeddable":true,"href":"https:\/\/candas365.es\/noticias\/wp-json\/wp\/v2\/categories?post=188925"},{"taxonomy":"post_tag","embeddable":true,"href":"https:\/\/candas365.es\/noticias\/wp-json\/wp\/v2\/tags?post=188925"}],"curies":[{"name":"wp","href":"https:\/\/api.w.org\/{rel}","templated":true}]}}