{"id":188818,"date":"2025-10-09T02:42:25","date_gmt":"2025-10-09T00:42:25","guid":{"rendered":"https:\/\/candas365.es\/noticias\/?p=188818"},"modified":"2025-10-09T02:42:25","modified_gmt":"2025-10-09T00:42:25","slug":"europa-pondra-nombre-a-las-danas-mas-peligrosas","status":"publish","type":"post","link":"https:\/\/candas365.es\/noticias\/europa-pondra-nombre-a-las-danas-mas-peligrosas\/","title":{"rendered":"Europa pondr\u00e1 nombre a las danas m\u00e1s peligrosas"},"content":{"rendered":"<p>Aemet anuncia que las <a href=\"https:\/\/candas365.es\/noticias\/category\/el-tiempo\/\"><span style=\"color: #ff6600;\"><strong>danas m\u00e1s intensas<\/strong><\/span><\/a> recibir\u00e1n nombre propio tras el acuerdo entre las agencias meteorol\u00f3gicas de <span style=\"color: #ff6600;\"><a style=\"color: #ff6600;\" href=\"https:\/\/naberco.es\/\" target=\"_blank\" rel=\"noopener\"><strong>Espa\u00f1a<\/strong><\/a><\/span>, Francia y otros pa\u00edses europeos.<\/p>\n<figure id=\"attachment_188819\" aria-describedby=\"caption-attachment-188819\" style=\"width: 650px\" class=\"wp-caption aligncenter\"><img fetchpriority=\"high\" decoding=\"async\" class=\"size-large wp-image-188819\" src=\"https:\/\/candas365.es\/noticias\/wp-content\/uploads\/2025\/10\/Europa-pondra-nombre-a-las-danas-650x434.jpg\" alt=\"Europa pondr\u00e1 nombre a las danas\" width=\"650\" height=\"434\" srcset=\"https:\/\/candas365.es\/noticias\/wp-content\/uploads\/2025\/10\/Europa-pondra-nombre-a-las-danas-650x434.jpg 650w, https:\/\/candas365.es\/noticias\/wp-content\/uploads\/2025\/10\/Europa-pondra-nombre-a-las-danas-360x240.jpg 360w, https:\/\/candas365.es\/noticias\/wp-content\/uploads\/2025\/10\/Europa-pondra-nombre-a-las-danas-768x512.jpg 768w, https:\/\/candas365.es\/noticias\/wp-content\/uploads\/2025\/10\/Europa-pondra-nombre-a-las-danas-150x100.jpg 150w, https:\/\/candas365.es\/noticias\/wp-content\/uploads\/2025\/10\/Europa-pondra-nombre-a-las-danas-450x300.jpg 450w, https:\/\/candas365.es\/noticias\/wp-content\/uploads\/2025\/10\/Europa-pondra-nombre-a-las-danas.jpg 1033w\" sizes=\"(max-width: 650px) 100vw, 650px\" \/><figcaption id=\"caption-attachment-188819\" class=\"wp-caption-text\">Foto: 123rf.com<\/figcaption><\/figure>\n<p>Las agencias meteorol\u00f3gicas Andorra, B\u00e9lgica, Espa\u00f1a, Francia, Luxemburgo y Portugal han acordado que las danas m\u00e1s adversas podr\u00e1n tener nombre propio a partir de esta temporada, como ocurre desde 2017 con las borrascas de gran impacto, seg\u00fan inform\u00f3 este lunes la Agencia Estatal de Meteorolog\u00eda (Aemet).<\/p>\n<p>Esta situaci\u00f3n se produce casi un a\u00f1o despu\u00e9s de una dana que golpe\u00f3 la regi\u00f3n valenciana con fuertes lluvias implacables, lo que provoc\u00f3 graves inundaciones que causaron la muerte de m\u00e1s de 230 personas y grandes da\u00f1os a hogares, escuelas, hospitales, redes de transporte y empresas.<\/p>\n<p>Desde diciembre de 2017, la Aemet participa en el programa europeo de nombramiento de borrascas \u2018Storm Naming\u2019 dentro del Grupo Suroeste, que ahora est\u00e1 formado por los servicios meteorol\u00f3gicos de Andorra, B\u00e9lgica, Espa\u00f1a, Francia, Luxemburgo y Portugal.<\/p>\n<p>La palabra dana proviene del acr\u00f3nimo DANA (Depresi\u00f3n Aislada en Niveles Altos). Por su naturaleza, se trata de sistemas atmosf\u00e9ricos de bajas presiones en niveles medios y altos de la troposfera capaces de generar fen\u00f3menos meteorol\u00f3gicos adversos en Espa\u00f1a.<\/p>\n<p>Su evoluci\u00f3n suele ser compleja y comportan una dif\u00edcil predicci\u00f3n. En conjunci\u00f3n con otros factores, son capaces de generar precipitaciones (lluvias y nevadas) muy intensas, localmente torrenciales, y tormentas con gran impacto.<\/p>\n<h2>\u201cNO SIEMPRE\u201d<\/h2>\n<p>Sin embargo, la Aemet record\u00f3 que \u201cno siempre\u201d que una dana se sit\u00faa en el entorno geogr\u00e1fico espa\u00f1ol se produce una situaci\u00f3n de gran impacto. \u201cLa designaci\u00f3n con un nombre propio \u00fanicamente a aquellas danas que potencialmente puedan generar gran adversidad ayudar\u00e1 a evitar que se asocie de manera un\u00edvoca a esos sistemas de bajas presiones con impactos graves o catastr\u00f3ficos\u201d, a\u00f1adi\u00f3.<\/p>\n<p>Adem\u00e1s, el nombramiento permitir\u00e1 mejorar la comunicaci\u00f3n hacia la ciudadan\u00eda y los medios de comunicaci\u00f3n; favorecer la preparaci\u00f3n y respuesta de las administraciones ante episodios meteorol\u00f3gicos adversos, as\u00ed como la elaboraci\u00f3n de estudios a posteriori, y evitar confusiones y reforzar la coherencia del mensaje oficial.<\/p>\n<p>La vicepresidenta tercera del Gobierno y ministra para la Transici\u00f3n Ecol\u00f3gica y el Reto Demogr\u00e1fico, Sara Aagesen, apunt\u00f3 este lunes en declaraciones a los periodistas en la sede de su departamento que esta iniciativa ayudar\u00e1 a que \u201cla ciudadan\u00eda tenga esa concienciaci\u00f3n de cu\u00e1l es la percepci\u00f3n del riesgo\u201d.<\/p>\n<p>Al igual que sucede con las borrascas, solo se nombrar\u00e1n las danas que est\u00e9 previsto que puedan generar un gran impacto, para lo que ser\u00e1 necesario que se activen avisos de nivel naranja o rojo por fen\u00f3menos meteorol\u00f3gicos adversos.<\/p>\n<p>Para el nombramiento se emplea una lista prefijada y acordada entre todos los pa\u00edses del Grupo Suroeste, compuesta por 20 nombres y alternando masculinos y femeninos. La primera borrasca o dana con gran impacto de la temporada 2025-2026 llevar\u00e1 el nombre de Alice.<\/p>\n<p>(<a href=\"https:\/\/www.servimedia.es\/\" target=\"_blank\" rel=\"noopener\"><span style=\"color: #ff6600;\"><strong>SERVIMEDIA<\/strong><\/span><\/a>)<\/p>\n","protected":false},"excerpt":{"rendered":"<p>Aemet anuncia que las danas m\u00e1s intensas recibir\u00e1n nombre propio tras el acuerdo entre las agencias meteorol\u00f3gicas de Espa\u00f1a, Francia y otros pa\u00edses europeos. Las agencias meteorol\u00f3gicas Andorra, B\u00e9lgica, Espa\u00f1a, Francia, Luxemburgo y Portugal han acordado que las danas m\u00e1s adversas podr\u00e1n tener nombre propio a partir de esta temporada, como ocurre desde 2017 con<\/p>\n","protected":false},"author":1,"featured_media":188819,"comment_status":"closed","ping_status":"closed","sticky":false,"template":"","format":"standard","meta":{"footnotes":""},"categories":[358],"tags":[429],"class_list":{"0":"post-188818","1":"post","2":"type-post","3":"status-publish","4":"format-standard","5":"has-post-thumbnail","7":"category-el-tiempo","8":"tag-el-tiempo"},"aioseo_notices":[],"aioseo_head":"\n\t\t<!-- All in One SEO Pro 4.9.6.2 - aioseo.com -->\n\t<meta name=\"description\" content=\"Aemet anuncia que las danas m\u00e1s intensas recibir\u00e1n nombre propio tras el acuerdo entre las agencias meteorol\u00f3gicas de Espa\u00f1a, Francia y otros pa\u00edses europeos.\" \/>\n\t<meta name=\"robots\" content=\"max-image-preview:large\" \/>\n\t<meta name=\"author\" content=\"Cand\u00e1s 365\"\/>\n\t<meta name=\"google-site-verification\" content=\"UA-32230408-1\" \/>\n\t<meta name=\"msvalidate.01\" content=\"354F3CDFB2DA171B47FBE9ABF1F88D5\" \/>\n\t<meta name=\"keywords\" content=\"el tiempo\" \/>\n\t<link rel=\"canonical\" href=\"https:\/\/candas365.es\/noticias\/europa-pondra-nombre-a-las-danas-mas-peligrosas\/\" \/>\n\t<meta name=\"generator\" content=\"All in One SEO Pro (AIOSEO) 4.9.6.2\" \/>\n\t\t<meta property=\"og:locale\" content=\"es_ES\" \/>\n\t\t<meta property=\"og:site_name\" content=\"Cand\u00e1s 365\" \/>\n\t\t<meta property=\"og:type\" content=\"article\" \/>\n\t\t<meta property=\"og:title\" content=\"Europa pondr\u00e1 nombre a las danas m\u00e1s peligrosas | Cand\u00e1s 365\" \/>\n\t\t<meta property=\"og:description\" content=\"Aemet anuncia que las danas m\u00e1s intensas recibir\u00e1n nombre propio tras el acuerdo entre las agencias meteorol\u00f3gicas de Espa\u00f1a, Francia y otros pa\u00edses europeos.\" \/>\n\t\t<meta property=\"og:url\" content=\"https:\/\/candas365.es\/noticias\/europa-pondra-nombre-a-las-danas-mas-peligrosas\/\" \/>\n\t\t<meta property=\"og:image\" content=\"https:\/\/candas365.es\/noticias\/wp-content\/uploads\/2025\/10\/Europa-pondra-nombre-a-las-danas.jpg\" \/>\n\t\t<meta property=\"og:image:secure_url\" content=\"https:\/\/candas365.es\/noticias\/wp-content\/uploads\/2025\/10\/Europa-pondra-nombre-a-las-danas.jpg\" \/>\n\t\t<meta property=\"og:image:width\" content=\"1033\" \/>\n\t\t<meta property=\"og:image:height\" content=\"689\" \/>\n\t\t<meta property=\"article:published_time\" content=\"2025-10-09T00:42:25+00:00\" \/>\n\t\t<meta property=\"article:modified_time\" content=\"2025-10-09T00:42:25+00:00\" \/>\n\t\t<meta property=\"article:publisher\" content=\"https:\/\/www.facebook.com\/Nachofdezber\" \/>\n\t\t<meta property=\"article:author\" content=\"https:\/\/www.facebook.com\/carrenoactualidad\" \/>\n\t\t<meta name=\"twitter:card\" content=\"summary_large_image\" \/>\n\t\t<meta name=\"twitter:site\" content=\"@NabercoDigital\" \/>\n\t\t<meta name=\"twitter:title\" content=\"Europa pondr\u00e1 nombre a las danas m\u00e1s peligrosas | Cand\u00e1s 365\" \/>\n\t\t<meta name=\"twitter:description\" content=\"Aemet anuncia que las danas m\u00e1s intensas recibir\u00e1n nombre propio tras el acuerdo entre las agencias meteorol\u00f3gicas de Espa\u00f1a, Francia y otros pa\u00edses europeos.\" \/>\n\t\t<meta name=\"twitter:creator\" content=\"@nbasturias\" \/>\n\t\t<meta name=\"twitter:image\" content=\"https:\/\/candas365.es\/noticias\/wp-content\/uploads\/2025\/10\/Europa-pondra-nombre-a-las-danas.jpg\" \/>\n\t\t<meta name=\"twitter:label1\" content=\"Escrito por\" \/>\n\t\t<meta name=\"twitter:data1\" content=\"Cand\u00e1s 365\" \/>\n\t\t<meta name=\"twitter:label2\" content=\"Tiempo de lectura estimado\" \/>\n\t\t<meta name=\"twitter:data2\" content=\"3 minutos\" \/>\n\t\t<script type=\"application\/ld+json\" class=\"aioseo-schema\">\n\t\t\t{\"@context\":\"https:\\\/\\\/schema.org\",\"@graph\":[{\"@type\":\"BreadcrumbList\",\"@id\":\"https:\\\/\\\/candas365.es\\\/noticias\\\/europa-pondra-nombre-a-las-danas-mas-peligrosas\\\/#breadcrumblist\",\"itemListElement\":[{\"@type\":\"ListItem\",\"@id\":\"https:\\\/\\\/candas365.es\\\/noticias#listItem\",\"position\":1,\"name\":\"Home\",\"item\":\"https:\\\/\\\/candas365.es\\\/noticias\",\"nextItem\":{\"@type\":\"ListItem\",\"@id\":\"https:\\\/\\\/candas365.es\\\/noticias\\\/category\\\/el-tiempo\\\/#listItem\",\"name\":\"El tiempo\"}},{\"@type\":\"ListItem\",\"@id\":\"https:\\\/\\\/candas365.es\\\/noticias\\\/category\\\/el-tiempo\\\/#listItem\",\"position\":2,\"name\":\"El tiempo\",\"item\":\"https:\\\/\\\/candas365.es\\\/noticias\\\/category\\\/el-tiempo\\\/\",\"nextItem\":{\"@type\":\"ListItem\",\"@id\":\"https:\\\/\\\/candas365.es\\\/noticias\\\/europa-pondra-nombre-a-las-danas-mas-peligrosas\\\/#listItem\",\"name\":\"Europa pondr\\u00e1 nombre a las danas m\\u00e1s peligrosas\"},\"previousItem\":{\"@type\":\"ListItem\",\"@id\":\"https:\\\/\\\/candas365.es\\\/noticias#listItem\",\"name\":\"Home\"}},{\"@type\":\"ListItem\",\"@id\":\"https:\\\/\\\/candas365.es\\\/noticias\\\/europa-pondra-nombre-a-las-danas-mas-peligrosas\\\/#listItem\",\"position\":3,\"name\":\"Europa pondr\\u00e1 nombre a las danas m\\u00e1s peligrosas\",\"previousItem\":{\"@type\":\"ListItem\",\"@id\":\"https:\\\/\\\/candas365.es\\\/noticias\\\/category\\\/el-tiempo\\\/#listItem\",\"name\":\"El tiempo\"}}]},{\"@type\":\"NewsArticle\",\"@id\":\"https:\\\/\\\/candas365.es\\\/noticias\\\/europa-pondra-nombre-a-las-danas-mas-peligrosas\\\/#newsarticle\",\"name\":\"Europa pondr\\u00e1 nombre a las danas m\\u00e1s peligrosas | Cand\\u00e1s 365\",\"headline\":\"Europa pondr\\u00e1 nombre a las danas m\\u00e1s peligrosas\",\"author\":{\"@id\":\"https:\\\/\\\/candas365.es\\\/noticias\\\/author\\\/admin\\\/#author\"},\"publisher\":{\"@id\":\"https:\\\/\\\/candas365.es\\\/noticias\\\/#organization\"},\"image\":{\"@type\":\"ImageObject\",\"url\":\"https:\\\/\\\/candas365.es\\\/noticias\\\/wp-content\\\/uploads\\\/2025\\\/10\\\/Europa-pondra-nombre-a-las-danas.jpg\",\"width\":1033,\"height\":689,\"caption\":\"Foto: 123rf.com\"},\"datePublished\":\"2025-10-09T02:42:25+02:00\",\"dateModified\":\"2025-10-09T02:42:25+02:00\",\"inLanguage\":\"es-ES\",\"mainEntityOfPage\":{\"@id\":\"https:\\\/\\\/candas365.es\\\/noticias\\\/europa-pondra-nombre-a-las-danas-mas-peligrosas\\\/#webpage\"},\"isPartOf\":{\"@id\":\"https:\\\/\\\/candas365.es\\\/noticias\\\/europa-pondra-nombre-a-las-danas-mas-peligrosas\\\/#webpage\"},\"articleSection\":\"El tiempo, El tiempo\",\"dateline\":\"Publicado el octubre 9, 2025.\"},{\"@type\":\"Organization\",\"@id\":\"https:\\\/\\\/candas365.es\\\/noticias\\\/#organization\",\"name\":\"Cand\\u00e1s 365\",\"description\":\"Cand\\u00e1s 365 es un diario digital independiente, fundado en 2012, con base en Asturias. Informamos con rigor sobre actualidad, sociedad, cultura y ocio, con una mirada local y global.\",\"url\":\"https:\\\/\\\/candas365.es\\\/noticias\\\/\",\"email\":\"info@candas365.es\",\"telephone\":\"+34652131393\",\"foundingDate\":\"2012-06-10\",\"logo\":{\"@type\":\"ImageObject\",\"url\":\"https:\\\/\\\/candas365.es\\\/noticias\\\/wp-content\\\/uploads\\\/2024\\\/09\\\/Candas-365-Redes.jpg\",\"@id\":\"https:\\\/\\\/candas365.es\\\/noticias\\\/europa-pondra-nombre-a-las-danas-mas-peligrosas\\\/#organizationLogo\",\"width\":1152,\"height\":864,\"caption\":\"Cand\\u00e1s 365 Redes\"},\"image\":{\"@id\":\"https:\\\/\\\/candas365.es\\\/noticias\\\/europa-pondra-nombre-a-las-danas-mas-peligrosas\\\/#organizationLogo\"},\"sameAs\":[\"https:\\\/\\\/www.facebook.com\\\/Nachofdezber\",\"https:\\\/\\\/x.com\\\/NabercoDigital\",\"https:\\\/\\\/www.instagram.com\\\/nachofdezber\\\/\",\"https:\\\/\\\/www.youtube.com\\\/channel\\\/UCZP-2wLEB9Rv6erhFmqVnvg\"],\"address\":{\"@id\":\"https:\\\/\\\/candas365.es\\\/noticias\\\/#postaladdress\",\"@type\":\"PostalAddress\",\"streetAddress\":\"san antonio 4, san antonio 4\",\"postalCode\":\"33430\",\"addressLocality\":\"Cand\\u00e1s\",\"addressRegion\":\"Asturias\",\"addressCountry\":\"ES\"}},{\"@type\":\"Person\",\"@id\":\"https:\\\/\\\/candas365.es\\\/noticias\\\/author\\\/admin\\\/#author\",\"url\":\"https:\\\/\\\/candas365.es\\\/noticias\\\/author\\\/admin\\\/\",\"name\":\"Cand\\u00e1s 365\",\"image\":{\"@type\":\"ImageObject\",\"@id\":\"https:\\\/\\\/candas365.es\\\/noticias\\\/europa-pondra-nombre-a-las-danas-mas-peligrosas\\\/#authorImage\",\"url\":\"https:\\\/\\\/secure.gravatar.com\\\/avatar\\\/496a8e03d0c493ede1718b7934145dbdf8d89be1036b0eec9544e1094c9de390?s=96&d=mm&r=g\",\"width\":96,\"height\":96,\"caption\":\"Cand\\u00e1s 365\"},\"sameAs\":[\"https:\\\/\\\/www.facebook.com\\\/carrenoactualidad\",\"https:\\\/\\\/twitter.com\\\/nbasturias\",\"https:\\\/\\\/www.instagram.com\\\/nachofdezber\\\/\",\"https:\\\/\\\/www.youtube.com\\\/channel\\\/UCZP-2wLEB9Rv6erhFmqVnvg\"]},{\"@type\":\"WebPage\",\"@id\":\"https:\\\/\\\/candas365.es\\\/noticias\\\/europa-pondra-nombre-a-las-danas-mas-peligrosas\\\/#webpage\",\"url\":\"https:\\\/\\\/candas365.es\\\/noticias\\\/europa-pondra-nombre-a-las-danas-mas-peligrosas\\\/\",\"name\":\"Europa pondr\\u00e1 nombre a las danas m\\u00e1s peligrosas | Cand\\u00e1s 365\",\"description\":\"Aemet anuncia que las danas m\\u00e1s intensas recibir\\u00e1n nombre propio tras el acuerdo entre las agencias meteorol\\u00f3gicas de Espa\\u00f1a, Francia y otros pa\\u00edses europeos.\",\"inLanguage\":\"es-ES\",\"isPartOf\":{\"@id\":\"https:\\\/\\\/candas365.es\\\/noticias\\\/#website\"},\"breadcrumb\":{\"@id\":\"https:\\\/\\\/candas365.es\\\/noticias\\\/europa-pondra-nombre-a-las-danas-mas-peligrosas\\\/#breadcrumblist\"},\"author\":{\"@id\":\"https:\\\/\\\/candas365.es\\\/noticias\\\/author\\\/admin\\\/#author\"},\"creator\":{\"@id\":\"https:\\\/\\\/candas365.es\\\/noticias\\\/author\\\/admin\\\/#author\"},\"image\":{\"@type\":\"ImageObject\",\"url\":\"https:\\\/\\\/candas365.es\\\/noticias\\\/wp-content\\\/uploads\\\/2025\\\/10\\\/Europa-pondra-nombre-a-las-danas.jpg\",\"@id\":\"https:\\\/\\\/candas365.es\\\/noticias\\\/europa-pondra-nombre-a-las-danas-mas-peligrosas\\\/#mainImage\",\"width\":1033,\"height\":689,\"caption\":\"Foto: 123rf.com\"},\"primaryImageOfPage\":{\"@id\":\"https:\\\/\\\/candas365.es\\\/noticias\\\/europa-pondra-nombre-a-las-danas-mas-peligrosas\\\/#mainImage\"},\"datePublished\":\"2025-10-09T02:42:25+02:00\",\"dateModified\":\"2025-10-09T02:42:25+02:00\"},{\"@type\":\"WebSite\",\"@id\":\"https:\\\/\\\/candas365.es\\\/noticias\\\/#website\",\"url\":\"https:\\\/\\\/candas365.es\\\/noticias\\\/\",\"name\":\"Cand\\u00e1s 365\",\"alternateName\":\"Cand\\u00e1s 365 Noticias\",\"description\":\"Actualidad desde Carre\\u00f1o para el mundo\",\"inLanguage\":\"es-ES\",\"publisher\":{\"@id\":\"https:\\\/\\\/candas365.es\\\/noticias\\\/#organization\"}}]}\n\t\t<\/script>\n\t\t<!-- All in One SEO Pro -->\r\n\t\t<title>Europa pondr\u00e1 nombre a las danas m\u00e1s peligrosas | Cand\u00e1s 365<\/title>\n\n","aioseo_head_json":{"title":"Europa pondr\u00e1 nombre a las danas m\u00e1s peligrosas | Cand\u00e1s 365","description":"Aemet anuncia que las danas m\u00e1s intensas recibir\u00e1n nombre propio tras el acuerdo entre las agencias meteorol\u00f3gicas de Espa\u00f1a, Francia y otros pa\u00edses europeos.","canonical_url":"https:\/\/candas365.es\/noticias\/europa-pondra-nombre-a-las-danas-mas-peligrosas\/","robots":"max-image-preview:large","keywords":"el tiempo","webmasterTools":{"google-site-verification":"UA-32230408-1","msvalidate.01":"354F3CDFB2DA171B47FBE9ABF1F88D5","miscellaneous":""},"schema":{"@context":"https:\/\/schema.org","@graph":[{"@type":"BreadcrumbList","@id":"https:\/\/candas365.es\/noticias\/europa-pondra-nombre-a-las-danas-mas-peligrosas\/#breadcrumblist","itemListElement":[{"@type":"ListItem","@id":"https:\/\/candas365.es\/noticias#listItem","position":1,"name":"Home","item":"https:\/\/candas365.es\/noticias","nextItem":{"@type":"ListItem","@id":"https:\/\/candas365.es\/noticias\/category\/el-tiempo\/#listItem","name":"El tiempo"}},{"@type":"ListItem","@id":"https:\/\/candas365.es\/noticias\/category\/el-tiempo\/#listItem","position":2,"name":"El tiempo","item":"https:\/\/candas365.es\/noticias\/category\/el-tiempo\/","nextItem":{"@type":"ListItem","@id":"https:\/\/candas365.es\/noticias\/europa-pondra-nombre-a-las-danas-mas-peligrosas\/#listItem","name":"Europa pondr\u00e1 nombre a las danas m\u00e1s peligrosas"},"previousItem":{"@type":"ListItem","@id":"https:\/\/candas365.es\/noticias#listItem","name":"Home"}},{"@type":"ListItem","@id":"https:\/\/candas365.es\/noticias\/europa-pondra-nombre-a-las-danas-mas-peligrosas\/#listItem","position":3,"name":"Europa pondr\u00e1 nombre a las danas m\u00e1s peligrosas","previousItem":{"@type":"ListItem","@id":"https:\/\/candas365.es\/noticias\/category\/el-tiempo\/#listItem","name":"El tiempo"}}]},{"@type":"NewsArticle","@id":"https:\/\/candas365.es\/noticias\/europa-pondra-nombre-a-las-danas-mas-peligrosas\/#newsarticle","name":"Europa pondr\u00e1 nombre a las danas m\u00e1s peligrosas | Cand\u00e1s 365","headline":"Europa pondr\u00e1 nombre a las danas m\u00e1s peligrosas","author":{"@id":"https:\/\/candas365.es\/noticias\/author\/admin\/#author"},"publisher":{"@id":"https:\/\/candas365.es\/noticias\/#organization"},"image":{"@type":"ImageObject","url":"https:\/\/candas365.es\/noticias\/wp-content\/uploads\/2025\/10\/Europa-pondra-nombre-a-las-danas.jpg","width":1033,"height":689,"caption":"Foto: 123rf.com"},"datePublished":"2025-10-09T02:42:25+02:00","dateModified":"2025-10-09T02:42:25+02:00","inLanguage":"es-ES","mainEntityOfPage":{"@id":"https:\/\/candas365.es\/noticias\/europa-pondra-nombre-a-las-danas-mas-peligrosas\/#webpage"},"isPartOf":{"@id":"https:\/\/candas365.es\/noticias\/europa-pondra-nombre-a-las-danas-mas-peligrosas\/#webpage"},"articleSection":"El tiempo, El tiempo","dateline":"Publicado el octubre 9, 2025."},{"@type":"Organization","@id":"https:\/\/candas365.es\/noticias\/#organization","name":"Cand\u00e1s 365","description":"Cand\u00e1s 365 es un diario digital independiente, fundado en 2012, con base en Asturias. Informamos con rigor sobre actualidad, sociedad, cultura y ocio, con una mirada local y global.","url":"https:\/\/candas365.es\/noticias\/","email":"info@candas365.es","telephone":"+34652131393","foundingDate":"2012-06-10","logo":{"@type":"ImageObject","url":"https:\/\/candas365.es\/noticias\/wp-content\/uploads\/2024\/09\/Candas-365-Redes.jpg","@id":"https:\/\/candas365.es\/noticias\/europa-pondra-nombre-a-las-danas-mas-peligrosas\/#organizationLogo","width":1152,"height":864,"caption":"Cand\u00e1s 365 Redes"},"image":{"@id":"https:\/\/candas365.es\/noticias\/europa-pondra-nombre-a-las-danas-mas-peligrosas\/#organizationLogo"},"sameAs":["https:\/\/www.facebook.com\/Nachofdezber","https:\/\/x.com\/NabercoDigital","https:\/\/www.instagram.com\/nachofdezber\/","https:\/\/www.youtube.com\/channel\/UCZP-2wLEB9Rv6erhFmqVnvg"],"address":{"@id":"https:\/\/candas365.es\/noticias\/#postaladdress","@type":"PostalAddress","streetAddress":"san antonio 4, san antonio 4","postalCode":"33430","addressLocality":"Cand\u00e1s","addressRegion":"Asturias","addressCountry":"ES"}},{"@type":"Person","@id":"https:\/\/candas365.es\/noticias\/author\/admin\/#author","url":"https:\/\/candas365.es\/noticias\/author\/admin\/","name":"Cand\u00e1s 365","image":{"@type":"ImageObject","@id":"https:\/\/candas365.es\/noticias\/europa-pondra-nombre-a-las-danas-mas-peligrosas\/#authorImage","url":"https:\/\/secure.gravatar.com\/avatar\/496a8e03d0c493ede1718b7934145dbdf8d89be1036b0eec9544e1094c9de390?s=96&d=mm&r=g","width":96,"height":96,"caption":"Cand\u00e1s 365"},"sameAs":["https:\/\/www.facebook.com\/carrenoactualidad","https:\/\/twitter.com\/nbasturias","https:\/\/www.instagram.com\/nachofdezber\/","https:\/\/www.youtube.com\/channel\/UCZP-2wLEB9Rv6erhFmqVnvg"]},{"@type":"WebPage","@id":"https:\/\/candas365.es\/noticias\/europa-pondra-nombre-a-las-danas-mas-peligrosas\/#webpage","url":"https:\/\/candas365.es\/noticias\/europa-pondra-nombre-a-las-danas-mas-peligrosas\/","name":"Europa pondr\u00e1 nombre a las danas m\u00e1s peligrosas | Cand\u00e1s 365","description":"Aemet anuncia que las danas m\u00e1s intensas recibir\u00e1n nombre propio tras el acuerdo entre las agencias meteorol\u00f3gicas de Espa\u00f1a, Francia y otros pa\u00edses europeos.","inLanguage":"es-ES","isPartOf":{"@id":"https:\/\/candas365.es\/noticias\/#website"},"breadcrumb":{"@id":"https:\/\/candas365.es\/noticias\/europa-pondra-nombre-a-las-danas-mas-peligrosas\/#breadcrumblist"},"author":{"@id":"https:\/\/candas365.es\/noticias\/author\/admin\/#author"},"creator":{"@id":"https:\/\/candas365.es\/noticias\/author\/admin\/#author"},"image":{"@type":"ImageObject","url":"https:\/\/candas365.es\/noticias\/wp-content\/uploads\/2025\/10\/Europa-pondra-nombre-a-las-danas.jpg","@id":"https:\/\/candas365.es\/noticias\/europa-pondra-nombre-a-las-danas-mas-peligrosas\/#mainImage","width":1033,"height":689,"caption":"Foto: 123rf.com"},"primaryImageOfPage":{"@id":"https:\/\/candas365.es\/noticias\/europa-pondra-nombre-a-las-danas-mas-peligrosas\/#mainImage"},"datePublished":"2025-10-09T02:42:25+02:00","dateModified":"2025-10-09T02:42:25+02:00"},{"@type":"WebSite","@id":"https:\/\/candas365.es\/noticias\/#website","url":"https:\/\/candas365.es\/noticias\/","name":"Cand\u00e1s 365","alternateName":"Cand\u00e1s 365 Noticias","description":"Actualidad desde Carre\u00f1o para el mundo","inLanguage":"es-ES","publisher":{"@id":"https:\/\/candas365.es\/noticias\/#organization"}}]},"og:locale":"es_ES","og:site_name":"Cand\u00e1s 365","og:type":"article","og:title":"Europa pondr\u00e1 nombre a las danas m\u00e1s peligrosas | Cand\u00e1s 365","og:description":"Aemet anuncia que las danas m\u00e1s intensas recibir\u00e1n nombre propio tras el acuerdo entre las agencias meteorol\u00f3gicas de Espa\u00f1a, Francia y otros pa\u00edses europeos.","og:url":"https:\/\/candas365.es\/noticias\/europa-pondra-nombre-a-las-danas-mas-peligrosas\/","og:image":"https:\/\/candas365.es\/noticias\/wp-content\/uploads\/2025\/10\/Europa-pondra-nombre-a-las-danas.jpg","og:image:secure_url":"https:\/\/candas365.es\/noticias\/wp-content\/uploads\/2025\/10\/Europa-pondra-nombre-a-las-danas.jpg","og:image:width":1033,"og:image:height":689,"article:published_time":"2025-10-09T00:42:25+00:00","article:modified_time":"2025-10-09T00:42:25+00:00","article:publisher":"https:\/\/www.facebook.com\/Nachofdezber","article:author":"https:\/\/www.facebook.com\/carrenoactualidad","twitter:card":"summary_large_image","twitter:site":"@NabercoDigital","twitter:title":"Europa pondr\u00e1 nombre a las danas m\u00e1s peligrosas | Cand\u00e1s 365","twitter:description":"Aemet anuncia que las danas m\u00e1s intensas recibir\u00e1n nombre propio tras el acuerdo entre las agencias meteorol\u00f3gicas de Espa\u00f1a, Francia y otros pa\u00edses europeos.","twitter:creator":"@nbasturias","twitter:image":"https:\/\/candas365.es\/noticias\/wp-content\/uploads\/2025\/10\/Europa-pondra-nombre-a-las-danas.jpg","twitter:label1":"Escrito por","twitter:data1":"Cand\u00e1s 365","twitter:label2":"Tiempo de lectura estimado","twitter:data2":"3 minutos"},"aioseo_meta_data":{"post_id":"188818","title":null,"description":"Aemet anuncia que las danas m\u00e1s intensas recibir\u00e1n nombre propio tras el acuerdo entre las agencias meteorol\u00f3gicas de Espa\u00f1a, Francia y otros pa\u00edses europeos.","keywords":null,"keyphrases":{"focus":{"keyphrase":"danas","score":91,"analysis":{"keyphraseInTitle":{"score":9,"maxScore":9,"error":0},"keyphraseInDescription":{"score":9,"maxScore":9,"error":0},"keyphraseLength":{"score":9,"maxScore":9,"error":0,"length":1},"keyphraseInURL":{"score":5,"maxScore":5,"error":0},"keyphraseInIntroduction":{"score":9,"maxScore":9,"error":0},"keyphraseInSubHeadings":{"score":3,"maxScore":9,"error":1},"keyphraseInImageAlt":{"score":9,"maxScore":9,"error":0},"keywordDensity":{"type":"best","score":9,"maxScore":9,"error":0}}},"additional":[{"keyphrase":"danas","score":100,"analysis":{"keyphraseInDescription":{"score":9,"maxScore":9,"error":0},"keyphraseLength":{"score":9,"maxScore":9,"error":0,"length":1},"keyphraseInIntroduction":{"score":9,"maxScore":9,"error":0},"keyphraseInImageAlt":{"score":9,"maxScore":9,"error":0},"keywordDensity":{"type":"best","score":9,"maxScore":9,"error":0}}}]},"primary_term":null,"canonical_url":null,"og_title":null,"og_description":null,"og_object_type":"default","og_image_type":"default","og_image_url":null,"og_image_width":null,"og_image_height":null,"og_image_custom_url":null,"og_image_custom_fields":null,"og_video":"","og_custom_url":null,"og_article_section":null,"og_article_tags":null,"twitter_use_og":false,"twitter_card":"default","twitter_image_type":"default","twitter_image_url":null,"twitter_image_custom_url":null,"twitter_image_custom_fields":null,"twitter_title":null,"twitter_description":null,"schema":{"blockGraphs":[],"customGraphs":[],"default":{"data":{"Article":[],"Course":[],"Dataset":[],"FAQPage":[],"Movie":[],"Person":[],"Product":[],"ProductReview":[],"Car":[],"Recipe":[],"Service":[],"SoftwareApplication":[],"WebPage":[]},"graphName":"Article","isEnabled":true},"graphs":[]},"schema_type":"default","schema_type_options":null,"pillar_content":false,"robots_default":true,"robots_noindex":false,"robots_noarchive":false,"robots_nosnippet":false,"robots_nofollow":false,"robots_noimageindex":false,"robots_noodp":false,"robots_notranslate":false,"robots_max_snippet":"-1","robots_max_videopreview":"-1","robots_max_imagepreview":"large","priority":null,"frequency":"default","location":null,"local_seo":null,"seo_analyzer_scan_date":"2025-10-09 00:52:19","breadcrumb_settings":null,"limit_modified_date":false,"reviewed_by":null,"open_ai":null,"ai":{"faqs":[],"keyPoints":[],"titles":[],"descriptions":[],"socialPosts":{"email":[],"linkedin":[],"twitter":[],"facebook":[],"instagram":[]}},"created":"2025-10-09 00:33:27","updated":"2025-10-09 00:52:19"},"aioseo_breadcrumb":"<div class=\"aioseo-breadcrumbs\"><span class=\"aioseo-breadcrumb\">\n\t<a href=\"https:\/\/candas365.es\/noticias\" title=\"Home\">Home<\/a>\n<\/span><span class=\"aioseo-breadcrumb-separator\">&ndash;<\/span><span class=\"aioseo-breadcrumb\">\n\t<a href=\"https:\/\/candas365.es\/noticias\/category\/el-tiempo\/\" title=\"El tiempo\">El tiempo<\/a>\n<\/span><span class=\"aioseo-breadcrumb-separator\">&ndash;<\/span><span class=\"aioseo-breadcrumb\">\n\tEuropa pondr\u00e1 nombre a las danas m\u00e1s peligrosas\n<\/span><\/div>","aioseo_breadcrumb_json":[{"label":"Home","link":"https:\/\/candas365.es\/noticias"},{"label":"El tiempo","link":"https:\/\/candas365.es\/noticias\/category\/el-tiempo\/"},{"label":"Europa pondr\u00e1 nombre a las danas m\u00e1s peligrosas","link":"https:\/\/candas365.es\/noticias\/europa-pondra-nombre-a-las-danas-mas-peligrosas\/"}],"_links":{"self":[{"href":"https:\/\/candas365.es\/noticias\/wp-json\/wp\/v2\/posts\/188818","targetHints":{"allow":["GET"]}}],"collection":[{"href":"https:\/\/candas365.es\/noticias\/wp-json\/wp\/v2\/posts"}],"about":[{"href":"https:\/\/candas365.es\/noticias\/wp-json\/wp\/v2\/types\/post"}],"author":[{"embeddable":true,"href":"https:\/\/candas365.es\/noticias\/wp-json\/wp\/v2\/users\/1"}],"replies":[{"embeddable":true,"href":"https:\/\/candas365.es\/noticias\/wp-json\/wp\/v2\/comments?post=188818"}],"version-history":[{"count":0,"href":"https:\/\/candas365.es\/noticias\/wp-json\/wp\/v2\/posts\/188818\/revisions"}],"wp:featuredmedia":[{"embeddable":true,"href":"https:\/\/candas365.es\/noticias\/wp-json\/wp\/v2\/media\/188819"}],"wp:attachment":[{"href":"https:\/\/candas365.es\/noticias\/wp-json\/wp\/v2\/media?parent=188818"}],"wp:term":[{"taxonomy":"category","embeddable":true,"href":"https:\/\/candas365.es\/noticias\/wp-json\/wp\/v2\/categories?post=188818"},{"taxonomy":"post_tag","embeddable":true,"href":"https:\/\/candas365.es\/noticias\/wp-json\/wp\/v2\/tags?post=188818"}],"curies":[{"name":"wp","href":"https:\/\/api.w.org\/{rel}","templated":true}]}}