{"id":188809,"date":"2025-10-09T01:16:49","date_gmt":"2025-10-08T23:16:49","guid":{"rendered":"https:\/\/candas365.es\/noticias\/?p=188809"},"modified":"2025-10-09T01:16:49","modified_gmt":"2025-10-08T23:16:49","slug":"espana-segundo-importador-mundial-de-calamar-y-sepia","status":"publish","type":"post","link":"https:\/\/candas365.es\/noticias\/espana-segundo-importador-mundial-de-calamar-y-sepia\/","title":{"rendered":"Espa\u00f1a, segundo importador mundial de calamar y sepia"},"content":{"rendered":"<p>Espa\u00f1a es el segundo mayor <a href=\"https:\/\/candas365.es\/noticias\/category\/economia\/\"><span style=\"color: #ff6600;\"><strong>importador de calamar y sepia del mundo<\/strong><\/span><\/a> y principal punto de entrada en la UE del calamar argentino, seg\u00fan un estudio de EJF<\/p>\n<figure id=\"attachment_188810\" aria-describedby=\"caption-attachment-188810\" style=\"width: 650px\" class=\"wp-caption aligncenter\"><img fetchpriority=\"high\" decoding=\"async\" class=\"size-large wp-image-188810\" src=\"https:\/\/candas365.es\/noticias\/wp-content\/uploads\/2025\/10\/Espana-segundo-importador-mundial-de-calamar-y-sepia-650x385.jpg\" alt=\"Espa\u00f1a, segundo importador mundial de calamar y sepia\" width=\"650\" height=\"385\" srcset=\"https:\/\/candas365.es\/noticias\/wp-content\/uploads\/2025\/10\/Espana-segundo-importador-mundial-de-calamar-y-sepia-650x385.jpg 650w, https:\/\/candas365.es\/noticias\/wp-content\/uploads\/2025\/10\/Espana-segundo-importador-mundial-de-calamar-y-sepia-360x213.jpg 360w, https:\/\/candas365.es\/noticias\/wp-content\/uploads\/2025\/10\/Espana-segundo-importador-mundial-de-calamar-y-sepia-768x455.jpg 768w, https:\/\/candas365.es\/noticias\/wp-content\/uploads\/2025\/10\/Espana-segundo-importador-mundial-de-calamar-y-sepia-150x89.jpg 150w, https:\/\/candas365.es\/noticias\/wp-content\/uploads\/2025\/10\/Espana-segundo-importador-mundial-de-calamar-y-sepia-450x267.jpg 450w, https:\/\/candas365.es\/noticias\/wp-content\/uploads\/2025\/10\/Espana-segundo-importador-mundial-de-calamar-y-sepia.jpg 1135w\" sizes=\"(max-width: 650px) 100vw, 650px\" \/><figcaption id=\"caption-attachment-188810\" class=\"wp-caption-text\">Poteros fuera de la ZEE argentina en el \u00e1rea de la milla 201 | Foto de Environmental Justice Foundation<\/figcaption><\/figure>\n<p>Espa\u00f1a es el segundo mayor importador de calamar y sepia del mundo de la zona conocida como la Milla 201 y el principal punto de entrada en la Uni\u00f3n Europea de calamar argentino (&#8216;Illex argentinus&#8217;), piedra angular del ecosistema y la econom\u00eda del Atl\u00e1ntico suroeste, seg\u00fan un estudio de la Environmental Justice Foundation (EJF).<\/p>\n<p>Se\u00f1ala que la explotaci\u00f3n industrial est\u00e1 llevando a esta especie clave al borde del colapso, a la vez que expone a las tripulaciones a graves abusos laborales y de los derechos humanos.<\/p>\n<p>Expone que, cada a\u00f1o, con la migraci\u00f3n de calamar argentino, cientos de buques pesqueros de alta mar saquean las poblaciones de esta especie en la Milla 201. El calamar de pesquer\u00edas no reguladas del Atl\u00e1ntico suroeste (&#8216;pota argentina&#8217;) llega a Espa\u00f1a a trav\u00e9s de los puertos de Valencia, Bilbao, Vigo, Algeciras y Barcelona, y se destina tanto al consumo dom\u00e9stico como a la reexportaci\u00f3n a la Uni\u00f3n Europea. El 1 de septiembre, EJF desplegaba una lona de 350 m\u00b2 en el centro de Madrid para incrementar la notoriedad de la campa\u00f1a y subrayar el v\u00ednculo entre la importaci\u00f3n de clamar y los abusos en el mar.<\/p>\n<p>La investigaci\u00f3n multianual de EJF incluye 169 entrevistas con tripulantes indonesios y filipinos a bordo de buques poteros, resultados de la monitorizaci\u00f3n en el mar de las flotas de aguas distantes en la Milla 201 junto con la Guardia Costera argentina, y el an\u00e1lisis de im\u00e1genes por sat\u00e9lite de una flota tan extensa que es visible desde el espacio. Las pruebas revelan violaciones de derechos humanos y casos de trabajo forzoso: violencia f\u00edsica, intimidaci\u00f3n, jornadas laborales excesivas y deducciones salariales ilegales. Casi dos tercios de los buques poteros chinos estuvieron vinculados a muertes o agresiones f\u00edsicas a bordo. La tripulaci\u00f3n tambi\u00e9n describi\u00f3 pr\u00e1cticas de pesca ilegal, como el aleteo de tibur\u00f3n o la ocultaci\u00f3n de la identificaci\u00f3n de los buques y la matanza deliberada de mam\u00edferos como los lobos marinos sudamericanos.<\/p>\n<p>Entre 2019 y 2024, las horas de pesca en la regi\u00f3n de la flota potera china aumentaron un 85%, incluso cuando las capturas mostraban se\u00f1ales alarmantes de disminuci\u00f3n. En contraste, alrededor de 30 arrastreros espa\u00f1oles tambi\u00e9n operan en el Atl\u00e1ntico suroeste, bajo estricta normativa de la UE y nacional, con observadores a bordo y planes de gesti\u00f3n aprobados por las autoridades. La entrada de productos procedentes de pesquer\u00edas no reguladas en Espa\u00f1a genera una competencia desleal para estos buques.<\/p>\n<p>Como el segundo mayor importador de calamar y sepia del mundo y el principal punto de entrada en la Uni\u00f3n Europea, Espa\u00f1a tiene un rol fundamental que desempe\u00f1ar en el impulso de la transparencia y la sostenibilidad en el comercio mundial de productos del mar. La investigaci\u00f3n de EJF remarca que Espa\u00f1a no solo est\u00e1 expuesta a estos productos de alto riesgo, sino que tambi\u00e9n tiene la responsabilidad y la oportunidad de liderar la respuesta internacional en relaci\u00f3n con la sobrepesca, las pr\u00e1cticas ilegales y la esclavitud moderna en alta mar.<\/p>\n<h2>ESPA\u00d1A<\/h2>\n<p>EJF ha llamado a Espa\u00f1a a actuar con urgencia revisando y reforzando los controles de importaci\u00f3n de calamar, con foco en especies vinculadas a pesquer\u00edas no reguladas y aplicando; ampliando los criterios de verificaci\u00f3n de riesgos del reglamento europeo contra la pesca INDNR (Ilegal, No Declarada y No Reglamentada) en coordinaci\u00f3n con la Comisi\u00f3n Europea y aumentando las solicitudes de verificaci\u00f3n, inspecciones e investigaciones de los env\u00edos de calamar en los casos en que existan altos riesgos de pesca ilegal o trabajo forzoso.<\/p>\n<p>Tambi\u00e9n ha instado al Gobierno a prevenir el \u201ccontrol shopping\u201d en la UE; reforzar la cooperaci\u00f3n operativa entre las autoridades de control espa\u00f1olas y los buques con bandera espa\u00f1ola que operan en el Atl\u00e1ntico suroeste y mejorar la transparencia y la rendici\u00f3n de cuentas de las actividades de pesca de calamar, incluso mediante la adhesi\u00f3n y la implementaci\u00f3n de la Carta Mundial para la Transparencia de la Pesca.<\/p>\n<p>\u201cEspa\u00f1a no puede seguir siendo puerta de entrada de productos del mar vinculados a abusos laborales, sobrepesca y pr\u00e1cticas pesqueras ilegales\u201d ha afirmado Jes\u00fas Urios Culia\u00f1ez, responsable de pol\u00edticas oce\u00e1nicas en EJF en la presentaci\u00f3n a medios de la investigaci\u00f3n. \u201cHacemos un llamamiento al gobierno espa\u00f1ol para que refuerce los controles de importaci\u00f3n, empezando por el calamar argentino, implemente con agilidad los principios de la Carta Mundial para la Transparencia de la Pesca y utilice su posici\u00f3n estrat\u00e9gica dentro de la UE para impulsar un cambio m\u00e1s amplio en el plano internacional. Se trata de derechos humanos, sostenibilidad y competencia justa para nuestra flota.\u201d<\/p>\n<p>Por su parte, Steve Trent, CEO y fundador de la Environmental Justice Foundation, ha se\u00f1alado que \u201csin medidas urgentes, nos acercamos al desastre\u201d. \u201cLa sobrepesca y la crisis clim\u00e1tica est\u00e1n a\u00f1adiendo una enorme presi\u00f3n esta especie clave mientras que los responsables, mayoritariamente procedentes de China, cometen abusos de derechos humanos con impunidad. Un colapso podr\u00eda suceder con mucha rapidez, generando un impacto en cadena en la vida marina. Los gobiernos deben actuar ahora para a\u00f1adir regulaci\u00f3n, transparencia y responsabilidad a esta pesca sin ley.\u201d<\/p>\n<p>(<a href=\"https:\/\/www.servimedia.es\/\"><span style=\"color: #ff6600;\"><strong>SERVIMEDIA<\/strong><\/span><\/a>)<\/p>\n","protected":false},"excerpt":{"rendered":"<p>Espa\u00f1a es el segundo mayor importador de calamar y sepia del mundo y principal punto de entrada en la UE del calamar argentino, seg\u00fan un estudio de EJF Espa\u00f1a es el segundo mayor importador de calamar y sepia del mundo de la zona conocida como la Milla 201 y el principal punto de entrada en<\/p>\n","protected":false},"author":1,"featured_media":188810,"comment_status":"closed","ping_status":"closed","sticky":false,"template":"","format":"standard","meta":{"footnotes":""},"categories":[316,486],"tags":[437],"class_list":{"0":"post-188809","1":"post","2":"type-post","3":"status-publish","4":"format-standard","5":"has-post-thumbnail","7":"category-destacadas","8":"category-economia","9":"tag-economia"},"aioseo_notices":[],"aioseo_head":"\n\t\t<!-- All in One SEO Pro 4.9.6.2 - aioseo.com -->\n\t<meta name=\"description\" content=\"Espa\u00f1a es el segundo mayor importador de calamar y sepia del mundo y principal punto de entrada en la UE del calamar argentino, seg\u00fan un estudio de EJF\" \/>\n\t<meta name=\"robots\" content=\"max-image-preview:large\" \/>\n\t<meta name=\"author\" content=\"Cand\u00e1s 365\"\/>\n\t<meta name=\"google-site-verification\" content=\"UA-32230408-1\" \/>\n\t<meta name=\"msvalidate.01\" content=\"354F3CDFB2DA171B47FBE9ABF1F88D5\" \/>\n\t<meta name=\"keywords\" content=\"destacadas,econom\u00eda\" \/>\n\t<link rel=\"canonical\" href=\"https:\/\/candas365.es\/noticias\/espana-segundo-importador-mundial-de-calamar-y-sepia\/\" \/>\n\t<meta name=\"generator\" content=\"All in One SEO Pro (AIOSEO) 4.9.6.2\" \/>\n\t\t<meta property=\"og:locale\" content=\"es_ES\" \/>\n\t\t<meta property=\"og:site_name\" content=\"Cand\u00e1s 365\" \/>\n\t\t<meta property=\"og:type\" content=\"article\" \/>\n\t\t<meta property=\"og:title\" content=\"Espa\u00f1a, segundo importador mundial de calamar y sepia | Cand\u00e1s 365\" \/>\n\t\t<meta property=\"og:description\" content=\"Espa\u00f1a es el segundo mayor importador de calamar y sepia del mundo y principal punto de entrada en la UE del calamar argentino, seg\u00fan un estudio de EJF\" \/>\n\t\t<meta property=\"og:url\" content=\"https:\/\/candas365.es\/noticias\/espana-segundo-importador-mundial-de-calamar-y-sepia\/\" \/>\n\t\t<meta property=\"og:image\" content=\"https:\/\/candas365.es\/noticias\/wp-content\/uploads\/2025\/10\/Espana-segundo-importador-mundial-de-calamar-y-sepia.jpg\" \/>\n\t\t<meta property=\"og:image:secure_url\" content=\"https:\/\/candas365.es\/noticias\/wp-content\/uploads\/2025\/10\/Espana-segundo-importador-mundial-de-calamar-y-sepia.jpg\" \/>\n\t\t<meta property=\"og:image:width\" content=\"1135\" \/>\n\t\t<meta property=\"og:image:height\" content=\"673\" \/>\n\t\t<meta property=\"article:published_time\" content=\"2025-10-08T23:16:49+00:00\" \/>\n\t\t<meta property=\"article:modified_time\" content=\"2025-10-08T23:16:49+00:00\" \/>\n\t\t<meta property=\"article:publisher\" content=\"https:\/\/www.facebook.com\/Nachofdezber\" \/>\n\t\t<meta property=\"article:author\" content=\"https:\/\/www.facebook.com\/carrenoactualidad\" \/>\n\t\t<meta name=\"twitter:card\" content=\"summary_large_image\" \/>\n\t\t<meta name=\"twitter:site\" content=\"@NabercoDigital\" \/>\n\t\t<meta name=\"twitter:title\" content=\"Espa\u00f1a, segundo importador mundial de calamar y sepia | Cand\u00e1s 365\" \/>\n\t\t<meta name=\"twitter:description\" content=\"Espa\u00f1a es el segundo mayor importador de calamar y sepia del mundo y principal punto de entrada en la UE del calamar argentino, seg\u00fan un estudio de EJF\" \/>\n\t\t<meta name=\"twitter:creator\" content=\"@nbasturias\" \/>\n\t\t<meta name=\"twitter:image\" content=\"https:\/\/candas365.es\/noticias\/wp-content\/uploads\/2025\/10\/Espana-segundo-importador-mundial-de-calamar-y-sepia.jpg\" \/>\n\t\t<meta name=\"twitter:label1\" content=\"Escrito por\" \/>\n\t\t<meta name=\"twitter:data1\" content=\"Cand\u00e1s 365\" \/>\n\t\t<meta name=\"twitter:label2\" content=\"Tiempo de lectura estimado\" \/>\n\t\t<meta name=\"twitter:data2\" content=\"5 minutos\" \/>\n\t\t<script type=\"application\/ld+json\" class=\"aioseo-schema\">\n\t\t\t{\"@context\":\"https:\\\/\\\/schema.org\",\"@graph\":[{\"@type\":\"BreadcrumbList\",\"@id\":\"https:\\\/\\\/candas365.es\\\/noticias\\\/espana-segundo-importador-mundial-de-calamar-y-sepia\\\/#breadcrumblist\",\"itemListElement\":[{\"@type\":\"ListItem\",\"@id\":\"https:\\\/\\\/candas365.es\\\/noticias#listItem\",\"position\":1,\"name\":\"Home\",\"item\":\"https:\\\/\\\/candas365.es\\\/noticias\",\"nextItem\":{\"@type\":\"ListItem\",\"@id\":\"https:\\\/\\\/candas365.es\\\/noticias\\\/category\\\/destacadas\\\/#listItem\",\"name\":\"Destacadas\"}},{\"@type\":\"ListItem\",\"@id\":\"https:\\\/\\\/candas365.es\\\/noticias\\\/category\\\/destacadas\\\/#listItem\",\"position\":2,\"name\":\"Destacadas\",\"item\":\"https:\\\/\\\/candas365.es\\\/noticias\\\/category\\\/destacadas\\\/\",\"nextItem\":{\"@type\":\"ListItem\",\"@id\":\"https:\\\/\\\/candas365.es\\\/noticias\\\/espana-segundo-importador-mundial-de-calamar-y-sepia\\\/#listItem\",\"name\":\"Espa\\u00f1a, segundo importador mundial de calamar y sepia\"},\"previousItem\":{\"@type\":\"ListItem\",\"@id\":\"https:\\\/\\\/candas365.es\\\/noticias#listItem\",\"name\":\"Home\"}},{\"@type\":\"ListItem\",\"@id\":\"https:\\\/\\\/candas365.es\\\/noticias\\\/espana-segundo-importador-mundial-de-calamar-y-sepia\\\/#listItem\",\"position\":3,\"name\":\"Espa\\u00f1a, segundo importador mundial de calamar y sepia\",\"previousItem\":{\"@type\":\"ListItem\",\"@id\":\"https:\\\/\\\/candas365.es\\\/noticias\\\/category\\\/destacadas\\\/#listItem\",\"name\":\"Destacadas\"}}]},{\"@type\":\"NewsArticle\",\"@id\":\"https:\\\/\\\/candas365.es\\\/noticias\\\/espana-segundo-importador-mundial-de-calamar-y-sepia\\\/#newsarticle\",\"name\":\"Espa\\u00f1a, segundo importador mundial de calamar y sepia | Cand\\u00e1s 365\",\"headline\":\"Espa\\u00f1a, segundo importador mundial de calamar y sepia\",\"author\":{\"@id\":\"https:\\\/\\\/candas365.es\\\/noticias\\\/author\\\/admin\\\/#author\"},\"publisher\":{\"@id\":\"https:\\\/\\\/candas365.es\\\/noticias\\\/#organization\"},\"image\":{\"@type\":\"ImageObject\",\"url\":\"https:\\\/\\\/candas365.es\\\/noticias\\\/wp-content\\\/uploads\\\/2025\\\/10\\\/Espana-segundo-importador-mundial-de-calamar-y-sepia.jpg\",\"width\":1135,\"height\":673,\"caption\":\"Poteros fuera de la ZEE argentina en el \\u00e1rea de la milla 201 | Foto de Environmental Justice Foundation\"},\"datePublished\":\"2025-10-09T01:16:49+02:00\",\"dateModified\":\"2025-10-09T01:16:49+02:00\",\"inLanguage\":\"es-ES\",\"mainEntityOfPage\":{\"@id\":\"https:\\\/\\\/candas365.es\\\/noticias\\\/espana-segundo-importador-mundial-de-calamar-y-sepia\\\/#webpage\"},\"isPartOf\":{\"@id\":\"https:\\\/\\\/candas365.es\\\/noticias\\\/espana-segundo-importador-mundial-de-calamar-y-sepia\\\/#webpage\"},\"articleSection\":\"Destacadas, Econom\\u00eda, Econom\\u00eda\",\"dateline\":\"Publicado el octubre 9, 2025.\"},{\"@type\":\"Organization\",\"@id\":\"https:\\\/\\\/candas365.es\\\/noticias\\\/#organization\",\"name\":\"Cand\\u00e1s 365\",\"description\":\"Cand\\u00e1s 365 es un diario digital independiente, fundado en 2012, con base en Asturias. Informamos con rigor sobre actualidad, sociedad, cultura y ocio, con una mirada local y global.\",\"url\":\"https:\\\/\\\/candas365.es\\\/noticias\\\/\",\"email\":\"info@candas365.es\",\"telephone\":\"+34652131393\",\"foundingDate\":\"2012-06-10\",\"logo\":{\"@type\":\"ImageObject\",\"url\":\"https:\\\/\\\/candas365.es\\\/noticias\\\/wp-content\\\/uploads\\\/2024\\\/09\\\/Candas-365-Redes.jpg\",\"@id\":\"https:\\\/\\\/candas365.es\\\/noticias\\\/espana-segundo-importador-mundial-de-calamar-y-sepia\\\/#organizationLogo\",\"width\":1152,\"height\":864,\"caption\":\"Cand\\u00e1s 365 Redes\"},\"image\":{\"@id\":\"https:\\\/\\\/candas365.es\\\/noticias\\\/espana-segundo-importador-mundial-de-calamar-y-sepia\\\/#organizationLogo\"},\"sameAs\":[\"https:\\\/\\\/www.facebook.com\\\/Nachofdezber\",\"https:\\\/\\\/x.com\\\/NabercoDigital\",\"https:\\\/\\\/www.instagram.com\\\/nachofdezber\\\/\",\"https:\\\/\\\/www.youtube.com\\\/channel\\\/UCZP-2wLEB9Rv6erhFmqVnvg\"],\"address\":{\"@id\":\"https:\\\/\\\/candas365.es\\\/noticias\\\/#postaladdress\",\"@type\":\"PostalAddress\",\"streetAddress\":\"san antonio 4, san antonio 4\",\"postalCode\":\"33430\",\"addressLocality\":\"Cand\\u00e1s\",\"addressRegion\":\"Asturias\",\"addressCountry\":\"ES\"}},{\"@type\":\"Person\",\"@id\":\"https:\\\/\\\/candas365.es\\\/noticias\\\/author\\\/admin\\\/#author\",\"url\":\"https:\\\/\\\/candas365.es\\\/noticias\\\/author\\\/admin\\\/\",\"name\":\"Cand\\u00e1s 365\",\"image\":{\"@type\":\"ImageObject\",\"@id\":\"https:\\\/\\\/candas365.es\\\/noticias\\\/espana-segundo-importador-mundial-de-calamar-y-sepia\\\/#authorImage\",\"url\":\"https:\\\/\\\/secure.gravatar.com\\\/avatar\\\/496a8e03d0c493ede1718b7934145dbdf8d89be1036b0eec9544e1094c9de390?s=96&d=mm&r=g\",\"width\":96,\"height\":96,\"caption\":\"Cand\\u00e1s 365\"},\"sameAs\":[\"https:\\\/\\\/www.facebook.com\\\/carrenoactualidad\",\"https:\\\/\\\/twitter.com\\\/nbasturias\",\"https:\\\/\\\/www.instagram.com\\\/nachofdezber\\\/\",\"https:\\\/\\\/www.youtube.com\\\/channel\\\/UCZP-2wLEB9Rv6erhFmqVnvg\"]},{\"@type\":\"WebPage\",\"@id\":\"https:\\\/\\\/candas365.es\\\/noticias\\\/espana-segundo-importador-mundial-de-calamar-y-sepia\\\/#webpage\",\"url\":\"https:\\\/\\\/candas365.es\\\/noticias\\\/espana-segundo-importador-mundial-de-calamar-y-sepia\\\/\",\"name\":\"Espa\\u00f1a, segundo importador mundial de calamar y sepia | Cand\\u00e1s 365\",\"description\":\"Espa\\u00f1a es el segundo mayor importador de calamar y sepia del mundo y principal punto de entrada en la UE del calamar argentino, seg\\u00fan un estudio de EJF\",\"inLanguage\":\"es-ES\",\"isPartOf\":{\"@id\":\"https:\\\/\\\/candas365.es\\\/noticias\\\/#website\"},\"breadcrumb\":{\"@id\":\"https:\\\/\\\/candas365.es\\\/noticias\\\/espana-segundo-importador-mundial-de-calamar-y-sepia\\\/#breadcrumblist\"},\"author\":{\"@id\":\"https:\\\/\\\/candas365.es\\\/noticias\\\/author\\\/admin\\\/#author\"},\"creator\":{\"@id\":\"https:\\\/\\\/candas365.es\\\/noticias\\\/author\\\/admin\\\/#author\"},\"image\":{\"@type\":\"ImageObject\",\"url\":\"https:\\\/\\\/candas365.es\\\/noticias\\\/wp-content\\\/uploads\\\/2025\\\/10\\\/Espana-segundo-importador-mundial-de-calamar-y-sepia.jpg\",\"@id\":\"https:\\\/\\\/candas365.es\\\/noticias\\\/espana-segundo-importador-mundial-de-calamar-y-sepia\\\/#mainImage\",\"width\":1135,\"height\":673,\"caption\":\"Poteros fuera de la ZEE argentina en el \\u00e1rea de la milla 201 | Foto de Environmental Justice Foundation\"},\"primaryImageOfPage\":{\"@id\":\"https:\\\/\\\/candas365.es\\\/noticias\\\/espana-segundo-importador-mundial-de-calamar-y-sepia\\\/#mainImage\"},\"datePublished\":\"2025-10-09T01:16:49+02:00\",\"dateModified\":\"2025-10-09T01:16:49+02:00\"},{\"@type\":\"WebSite\",\"@id\":\"https:\\\/\\\/candas365.es\\\/noticias\\\/#website\",\"url\":\"https:\\\/\\\/candas365.es\\\/noticias\\\/\",\"name\":\"Cand\\u00e1s 365\",\"alternateName\":\"Cand\\u00e1s 365 Noticias\",\"description\":\"Actualidad desde Carre\\u00f1o para el mundo\",\"inLanguage\":\"es-ES\",\"publisher\":{\"@id\":\"https:\\\/\\\/candas365.es\\\/noticias\\\/#organization\"}}]}\n\t\t<\/script>\n\t\t<!-- All in One SEO Pro -->\r\n\t\t<title>Espa\u00f1a, segundo importador mundial de calamar y sepia | Cand\u00e1s 365<\/title>\n\n","aioseo_head_json":{"title":"Espa\u00f1a, segundo importador mundial de calamar y sepia | Cand\u00e1s 365","description":"Espa\u00f1a es el segundo mayor importador de calamar y sepia del mundo y principal punto de entrada en la UE del calamar argentino, seg\u00fan un estudio de EJF","canonical_url":"https:\/\/candas365.es\/noticias\/espana-segundo-importador-mundial-de-calamar-y-sepia\/","robots":"max-image-preview:large","keywords":"destacadas,econom\u00eda","webmasterTools":{"google-site-verification":"UA-32230408-1","msvalidate.01":"354F3CDFB2DA171B47FBE9ABF1F88D5","miscellaneous":""},"schema":{"@context":"https:\/\/schema.org","@graph":[{"@type":"BreadcrumbList","@id":"https:\/\/candas365.es\/noticias\/espana-segundo-importador-mundial-de-calamar-y-sepia\/#breadcrumblist","itemListElement":[{"@type":"ListItem","@id":"https:\/\/candas365.es\/noticias#listItem","position":1,"name":"Home","item":"https:\/\/candas365.es\/noticias","nextItem":{"@type":"ListItem","@id":"https:\/\/candas365.es\/noticias\/category\/destacadas\/#listItem","name":"Destacadas"}},{"@type":"ListItem","@id":"https:\/\/candas365.es\/noticias\/category\/destacadas\/#listItem","position":2,"name":"Destacadas","item":"https:\/\/candas365.es\/noticias\/category\/destacadas\/","nextItem":{"@type":"ListItem","@id":"https:\/\/candas365.es\/noticias\/espana-segundo-importador-mundial-de-calamar-y-sepia\/#listItem","name":"Espa\u00f1a, segundo importador mundial de calamar y sepia"},"previousItem":{"@type":"ListItem","@id":"https:\/\/candas365.es\/noticias#listItem","name":"Home"}},{"@type":"ListItem","@id":"https:\/\/candas365.es\/noticias\/espana-segundo-importador-mundial-de-calamar-y-sepia\/#listItem","position":3,"name":"Espa\u00f1a, segundo importador mundial de calamar y sepia","previousItem":{"@type":"ListItem","@id":"https:\/\/candas365.es\/noticias\/category\/destacadas\/#listItem","name":"Destacadas"}}]},{"@type":"NewsArticle","@id":"https:\/\/candas365.es\/noticias\/espana-segundo-importador-mundial-de-calamar-y-sepia\/#newsarticle","name":"Espa\u00f1a, segundo importador mundial de calamar y sepia | Cand\u00e1s 365","headline":"Espa\u00f1a, segundo importador mundial de calamar y sepia","author":{"@id":"https:\/\/candas365.es\/noticias\/author\/admin\/#author"},"publisher":{"@id":"https:\/\/candas365.es\/noticias\/#organization"},"image":{"@type":"ImageObject","url":"https:\/\/candas365.es\/noticias\/wp-content\/uploads\/2025\/10\/Espana-segundo-importador-mundial-de-calamar-y-sepia.jpg","width":1135,"height":673,"caption":"Poteros fuera de la ZEE argentina en el \u00e1rea de la milla 201 | Foto de Environmental Justice Foundation"},"datePublished":"2025-10-09T01:16:49+02:00","dateModified":"2025-10-09T01:16:49+02:00","inLanguage":"es-ES","mainEntityOfPage":{"@id":"https:\/\/candas365.es\/noticias\/espana-segundo-importador-mundial-de-calamar-y-sepia\/#webpage"},"isPartOf":{"@id":"https:\/\/candas365.es\/noticias\/espana-segundo-importador-mundial-de-calamar-y-sepia\/#webpage"},"articleSection":"Destacadas, Econom\u00eda, Econom\u00eda","dateline":"Publicado el octubre 9, 2025."},{"@type":"Organization","@id":"https:\/\/candas365.es\/noticias\/#organization","name":"Cand\u00e1s 365","description":"Cand\u00e1s 365 es un diario digital independiente, fundado en 2012, con base en Asturias. Informamos con rigor sobre actualidad, sociedad, cultura y ocio, con una mirada local y global.","url":"https:\/\/candas365.es\/noticias\/","email":"info@candas365.es","telephone":"+34652131393","foundingDate":"2012-06-10","logo":{"@type":"ImageObject","url":"https:\/\/candas365.es\/noticias\/wp-content\/uploads\/2024\/09\/Candas-365-Redes.jpg","@id":"https:\/\/candas365.es\/noticias\/espana-segundo-importador-mundial-de-calamar-y-sepia\/#organizationLogo","width":1152,"height":864,"caption":"Cand\u00e1s 365 Redes"},"image":{"@id":"https:\/\/candas365.es\/noticias\/espana-segundo-importador-mundial-de-calamar-y-sepia\/#organizationLogo"},"sameAs":["https:\/\/www.facebook.com\/Nachofdezber","https:\/\/x.com\/NabercoDigital","https:\/\/www.instagram.com\/nachofdezber\/","https:\/\/www.youtube.com\/channel\/UCZP-2wLEB9Rv6erhFmqVnvg"],"address":{"@id":"https:\/\/candas365.es\/noticias\/#postaladdress","@type":"PostalAddress","streetAddress":"san antonio 4, san antonio 4","postalCode":"33430","addressLocality":"Cand\u00e1s","addressRegion":"Asturias","addressCountry":"ES"}},{"@type":"Person","@id":"https:\/\/candas365.es\/noticias\/author\/admin\/#author","url":"https:\/\/candas365.es\/noticias\/author\/admin\/","name":"Cand\u00e1s 365","image":{"@type":"ImageObject","@id":"https:\/\/candas365.es\/noticias\/espana-segundo-importador-mundial-de-calamar-y-sepia\/#authorImage","url":"https:\/\/secure.gravatar.com\/avatar\/496a8e03d0c493ede1718b7934145dbdf8d89be1036b0eec9544e1094c9de390?s=96&d=mm&r=g","width":96,"height":96,"caption":"Cand\u00e1s 365"},"sameAs":["https:\/\/www.facebook.com\/carrenoactualidad","https:\/\/twitter.com\/nbasturias","https:\/\/www.instagram.com\/nachofdezber\/","https:\/\/www.youtube.com\/channel\/UCZP-2wLEB9Rv6erhFmqVnvg"]},{"@type":"WebPage","@id":"https:\/\/candas365.es\/noticias\/espana-segundo-importador-mundial-de-calamar-y-sepia\/#webpage","url":"https:\/\/candas365.es\/noticias\/espana-segundo-importador-mundial-de-calamar-y-sepia\/","name":"Espa\u00f1a, segundo importador mundial de calamar y sepia | Cand\u00e1s 365","description":"Espa\u00f1a es el segundo mayor importador de calamar y sepia del mundo y principal punto de entrada en la UE del calamar argentino, seg\u00fan un estudio de EJF","inLanguage":"es-ES","isPartOf":{"@id":"https:\/\/candas365.es\/noticias\/#website"},"breadcrumb":{"@id":"https:\/\/candas365.es\/noticias\/espana-segundo-importador-mundial-de-calamar-y-sepia\/#breadcrumblist"},"author":{"@id":"https:\/\/candas365.es\/noticias\/author\/admin\/#author"},"creator":{"@id":"https:\/\/candas365.es\/noticias\/author\/admin\/#author"},"image":{"@type":"ImageObject","url":"https:\/\/candas365.es\/noticias\/wp-content\/uploads\/2025\/10\/Espana-segundo-importador-mundial-de-calamar-y-sepia.jpg","@id":"https:\/\/candas365.es\/noticias\/espana-segundo-importador-mundial-de-calamar-y-sepia\/#mainImage","width":1135,"height":673,"caption":"Poteros fuera de la ZEE argentina en el \u00e1rea de la milla 201 | Foto de Environmental Justice Foundation"},"primaryImageOfPage":{"@id":"https:\/\/candas365.es\/noticias\/espana-segundo-importador-mundial-de-calamar-y-sepia\/#mainImage"},"datePublished":"2025-10-09T01:16:49+02:00","dateModified":"2025-10-09T01:16:49+02:00"},{"@type":"WebSite","@id":"https:\/\/candas365.es\/noticias\/#website","url":"https:\/\/candas365.es\/noticias\/","name":"Cand\u00e1s 365","alternateName":"Cand\u00e1s 365 Noticias","description":"Actualidad desde Carre\u00f1o para el mundo","inLanguage":"es-ES","publisher":{"@id":"https:\/\/candas365.es\/noticias\/#organization"}}]},"og:locale":"es_ES","og:site_name":"Cand\u00e1s 365","og:type":"article","og:title":"Espa\u00f1a, segundo importador mundial de calamar y sepia | Cand\u00e1s 365","og:description":"Espa\u00f1a es el segundo mayor importador de calamar y sepia del mundo y principal punto de entrada en la UE del calamar argentino, seg\u00fan un estudio de EJF","og:url":"https:\/\/candas365.es\/noticias\/espana-segundo-importador-mundial-de-calamar-y-sepia\/","og:image":"https:\/\/candas365.es\/noticias\/wp-content\/uploads\/2025\/10\/Espana-segundo-importador-mundial-de-calamar-y-sepia.jpg","og:image:secure_url":"https:\/\/candas365.es\/noticias\/wp-content\/uploads\/2025\/10\/Espana-segundo-importador-mundial-de-calamar-y-sepia.jpg","og:image:width":1135,"og:image:height":673,"article:published_time":"2025-10-08T23:16:49+00:00","article:modified_time":"2025-10-08T23:16:49+00:00","article:publisher":"https:\/\/www.facebook.com\/Nachofdezber","article:author":"https:\/\/www.facebook.com\/carrenoactualidad","twitter:card":"summary_large_image","twitter:site":"@NabercoDigital","twitter:title":"Espa\u00f1a, segundo importador mundial de calamar y sepia | Cand\u00e1s 365","twitter:description":"Espa\u00f1a es el segundo mayor importador de calamar y sepia del mundo y principal punto de entrada en la UE del calamar argentino, seg\u00fan un estudio de EJF","twitter:creator":"@nbasturias","twitter:image":"https:\/\/candas365.es\/noticias\/wp-content\/uploads\/2025\/10\/Espana-segundo-importador-mundial-de-calamar-y-sepia.jpg","twitter:label1":"Escrito por","twitter:data1":"Cand\u00e1s 365","twitter:label2":"Tiempo de lectura estimado","twitter:data2":"5 minutos"},"aioseo_meta_data":{"post_id":"188809","title":null,"description":"Espa\u00f1a es el segundo mayor importador de calamar y sepia del mundo y principal punto de entrada en la UE del calamar argentino, seg\u00fan un estudio de EJF","keywords":null,"keyphrases":{"focus":{"keyphrase":"Espa\u00f1a","score":100,"analysis":{"keyphraseInTitle":{"score":9,"maxScore":9,"error":0},"keyphraseInDescription":{"score":9,"maxScore":9,"error":0},"keyphraseLength":{"score":9,"maxScore":9,"error":0,"length":2},"keyphraseInURL":{"score":5,"maxScore":5,"error":0},"keyphraseInIntroduction":{"score":9,"maxScore":9,"error":0},"keyphraseInSubHeadings":{"score":9,"maxScore":9,"error":0},"keyphraseInImageAlt":{"score":9,"maxScore":9,"error":0},"keywordDensity":{"type":"best","score":9,"maxScore":9,"error":0}}},"additional":[{"keyphrase":"calamar y sepia","score":80,"analysis":{"keyphraseInDescription":{"score":9,"maxScore":9,"error":0},"keyphraseLength":{"score":9,"maxScore":9,"error":0,"length":3},"keyphraseInIntroduction":{"score":9,"maxScore":9,"error":0},"keyphraseInImageAlt":{"score":9,"maxScore":9,"error":0},"keywordDensity":{"score":0,"type":"low","maxScore":9,"error":1}}}]},"primary_term":null,"canonical_url":null,"og_title":null,"og_description":null,"og_object_type":"default","og_image_type":"default","og_image_url":null,"og_image_width":null,"og_image_height":null,"og_image_custom_url":null,"og_image_custom_fields":null,"og_video":"","og_custom_url":null,"og_article_section":null,"og_article_tags":null,"twitter_use_og":false,"twitter_card":"default","twitter_image_type":"default","twitter_image_url":null,"twitter_image_custom_url":null,"twitter_image_custom_fields":null,"twitter_title":null,"twitter_description":null,"schema":{"blockGraphs":[],"customGraphs":[],"default":{"data":{"Article":[],"Course":[],"Dataset":[],"FAQPage":[],"Movie":[],"Person":[],"Product":[],"ProductReview":[],"Car":[],"Recipe":[],"Service":[],"SoftwareApplication":[],"WebPage":[]},"graphName":"Article","isEnabled":true},"graphs":[]},"schema_type":"default","schema_type_options":null,"pillar_content":false,"robots_default":true,"robots_noindex":false,"robots_noarchive":false,"robots_nosnippet":false,"robots_nofollow":false,"robots_noimageindex":false,"robots_noodp":false,"robots_notranslate":false,"robots_max_snippet":"-1","robots_max_videopreview":"-1","robots_max_imagepreview":"large","priority":null,"frequency":"default","location":null,"local_seo":null,"seo_analyzer_scan_date":"2025-10-08 23:23:12","breadcrumb_settings":null,"limit_modified_date":false,"reviewed_by":null,"open_ai":null,"ai":{"faqs":[],"keyPoints":[],"titles":[],"descriptions":[],"socialPosts":{"email":[],"linkedin":[],"twitter":[],"facebook":[],"instagram":[]}},"created":"2025-10-08 23:08:05","updated":"2025-10-08 23:23:12"},"aioseo_breadcrumb":"<div class=\"aioseo-breadcrumbs\"><span class=\"aioseo-breadcrumb\">\n\t<a href=\"https:\/\/candas365.es\/noticias\" title=\"Home\">Home<\/a>\n<\/span><span class=\"aioseo-breadcrumb-separator\">&ndash;<\/span><span class=\"aioseo-breadcrumb\">\n\t<a href=\"https:\/\/candas365.es\/noticias\/category\/destacadas\/\" title=\"Destacadas\">Destacadas<\/a>\n<\/span><span class=\"aioseo-breadcrumb-separator\">&ndash;<\/span><span class=\"aioseo-breadcrumb\">\n\tEspa\u00f1a, segundo importador mundial de calamar y sepia\n<\/span><\/div>","aioseo_breadcrumb_json":[{"label":"Home","link":"https:\/\/candas365.es\/noticias"},{"label":"Destacadas","link":"https:\/\/candas365.es\/noticias\/category\/destacadas\/"},{"label":"Espa\u00f1a, segundo importador mundial de calamar y sepia","link":"https:\/\/candas365.es\/noticias\/espana-segundo-importador-mundial-de-calamar-y-sepia\/"}],"_links":{"self":[{"href":"https:\/\/candas365.es\/noticias\/wp-json\/wp\/v2\/posts\/188809","targetHints":{"allow":["GET"]}}],"collection":[{"href":"https:\/\/candas365.es\/noticias\/wp-json\/wp\/v2\/posts"}],"about":[{"href":"https:\/\/candas365.es\/noticias\/wp-json\/wp\/v2\/types\/post"}],"author":[{"embeddable":true,"href":"https:\/\/candas365.es\/noticias\/wp-json\/wp\/v2\/users\/1"}],"replies":[{"embeddable":true,"href":"https:\/\/candas365.es\/noticias\/wp-json\/wp\/v2\/comments?post=188809"}],"version-history":[{"count":0,"href":"https:\/\/candas365.es\/noticias\/wp-json\/wp\/v2\/posts\/188809\/revisions"}],"wp:featuredmedia":[{"embeddable":true,"href":"https:\/\/candas365.es\/noticias\/wp-json\/wp\/v2\/media\/188810"}],"wp:attachment":[{"href":"https:\/\/candas365.es\/noticias\/wp-json\/wp\/v2\/media?parent=188809"}],"wp:term":[{"taxonomy":"category","embeddable":true,"href":"https:\/\/candas365.es\/noticias\/wp-json\/wp\/v2\/categories?post=188809"},{"taxonomy":"post_tag","embeddable":true,"href":"https:\/\/candas365.es\/noticias\/wp-json\/wp\/v2\/tags?post=188809"}],"curies":[{"name":"wp","href":"https:\/\/api.w.org\/{rel}","templated":true}]}}