{"id":188753,"date":"2025-10-07T17:10:56","date_gmt":"2025-10-07T15:10:56","guid":{"rendered":"https:\/\/candas365.es\/noticias\/?p=188753"},"modified":"2025-10-07T17:10:56","modified_gmt":"2025-10-07T15:10:56","slug":"asturias-impulsa-su-presencia-en-la-feria-biospain-2025","status":"publish","type":"post","link":"https:\/\/candas365.es\/noticias\/asturias-impulsa-su-presencia-en-la-feria-biospain-2025\/","title":{"rendered":"Asturias impulsa su presencia en la Feria Biospain 2025"},"content":{"rendered":"<p>El Centro Europeo de Empresas e Innovaci\u00f3n (CEEI Asturias) y la Sociedad de Promoci\u00f3n Exterior del<span style=\"color: #ff6600;\"> <a style=\"color: #ff6600;\" href=\"https:\/\/actualidad.asturias.es\/\" target=\"_blank\" rel=\"noopener\"><strong>Principado<\/strong> <\/a><\/span>(Asturex) promueven la participaci\u00f3n de once <a href=\"https:\/\/candas365.es\/noticias\/linkbuilding\/\"><span style=\"color: #ff6600;\"><strong>empresas asturianas<\/strong> <\/span><\/a>en la Feria Biospain 2025, el mayor foro europeo especializado en biotecnolog\u00eda, que se celebra en Barcelona desde hoy y hasta el jueves.<\/p>\n<figure id=\"attachment_188754\" aria-describedby=\"caption-attachment-188754\" style=\"width: 639px\" class=\"wp-caption aligncenter\"><img fetchpriority=\"high\" decoding=\"async\" class=\"wp-image-188754 size-large\" src=\"https:\/\/candas365.es\/noticias\/wp-content\/uploads\/2025\/10\/Asturias-en-la-Feria-Biospain-2025-639x480.jpg\" alt=\"Asturias en la Feria Biospain 2025\" width=\"639\" height=\"480\" srcset=\"https:\/\/candas365.es\/noticias\/wp-content\/uploads\/2025\/10\/Asturias-en-la-Feria-Biospain-2025-639x480.jpg 639w, https:\/\/candas365.es\/noticias\/wp-content\/uploads\/2025\/10\/Asturias-en-la-Feria-Biospain-2025-360x270.jpg 360w, https:\/\/candas365.es\/noticias\/wp-content\/uploads\/2025\/10\/Asturias-en-la-Feria-Biospain-2025-768x577.jpg 768w, https:\/\/candas365.es\/noticias\/wp-content\/uploads\/2025\/10\/Asturias-en-la-Feria-Biospain-2025-150x113.jpg 150w, https:\/\/candas365.es\/noticias\/wp-content\/uploads\/2025\/10\/Asturias-en-la-Feria-Biospain-2025-450x338.jpg 450w, https:\/\/candas365.es\/noticias\/wp-content\/uploads\/2025\/10\/Asturias-en-la-Feria-Biospain-2025.jpg 913w\" sizes=\"(max-width: 639px) 100vw, 639px\" \/><figcaption id=\"caption-attachment-188754\" class=\"wp-caption-text\">Foto: Prensa Gobierno de Asturias<\/figcaption><\/figure>\n<p>Con el objetivo de reforzar la visibilidad de las empresas del Principado ante entidades nacionales e internacionales, fomentar sinergias y potenciar su competitividad, la delegaci\u00f3n contar\u00e1 con un estand propio bajo la marca Asturias Biotech, impulsada por el Gobierno de Asturias.<strong> Esta iniciativa busca proyectar la fortaleza y el talento del ecosistema cient\u00edfico regional en los \u00e1mbitos biotecnol\u00f3gico y sanitario.<\/strong><\/p>\n<p>Las once compa\u00f1\u00edas participantes representan una amplia variedad de sectores: desde la inteligencia artificial aplicada al an\u00e1lisis biol\u00f3gico hasta la creaci\u00f3n de terapias personalizadas o el desarrollo de nanomateriales. En la delegaci\u00f3n tambi\u00e9n participan Bioasturias \u2014la Asociaci\u00f3n de Bioempresas de Asturias\u2014 y la Fundaci\u00f3n para la Investigaci\u00f3n y la Innovaci\u00f3n Biosanitaria del Principado (Finba), entidades que contribuyen a consolidar el peso de la biotecnolog\u00eda en la regi\u00f3n.<\/p>\n<p>Entre las empresas participantes destacan Arquea, FourStrain Labs, Futuver, Iditac, Microviable Therapeutics, Nanovex, Neoalgae, Neurostech, Platelet Biotechnologies y Taxus Medio Ambiente, todas ellas vinculadas al desarrollo de soluciones innovadoras en salud, medio ambiente o tecnolog\u00eda.<\/p>\n<blockquote><p>Asturex y CEEI Asturias tambi\u00e9n han elaborado un v\u00eddeo promocional que muestra las capacidades de estas empresas y posiciona a Asturias como una comunidad din\u00e1mica y referente en biotecnolog\u00eda.<\/p><\/blockquote>\n<p><strong>Biospain 2025 cuenta este a\u00f1o con m\u00e1s de 1.200 empresas inscritas<\/strong>, un centenar de potenciales inversores y delegaciones procedentes de m\u00e1s de 30 pa\u00edses, entre ellos Argentina, Canad\u00e1, China, Jap\u00f3n, M\u00e9xico, Suiza y Reino Unido.<\/p>\n","protected":false},"excerpt":{"rendered":"<p>El Centro Europeo de Empresas e Innovaci\u00f3n (CEEI Asturias) y la Sociedad de Promoci\u00f3n Exterior del Principado (Asturex) promueven la participaci\u00f3n de once empresas asturianas en la Feria Biospain 2025, el mayor foro europeo especializado en biotecnolog\u00eda, que se celebra en Barcelona desde hoy y hasta el jueves. Con el objetivo de reforzar la visibilidad<\/p>\n","protected":false},"author":1,"featured_media":188754,"comment_status":"closed","ping_status":"closed","sticky":false,"template":"","format":"standard","meta":{"footnotes":""},"categories":[7],"tags":[380,383],"class_list":{"0":"post-188753","1":"post","2":"type-post","3":"status-publish","4":"format-standard","5":"has-post-thumbnail","7":"category-asturias","8":"tag-asturias","9":"tag-empresas"},"aioseo_notices":[],"aioseo_head":"\n\t\t<!-- All in One SEO Pro 4.9.6.2 - aioseo.com -->\n\t<meta name=\"description\" content=\"El Centro Europeo de Empresas e Innovaci\u00f3n (CEEI Asturias) y la Sociedad de Promoci\u00f3n Exterior del Principado (Asturex) promueven la participaci\u00f3n de once\" \/>\n\t<meta name=\"robots\" content=\"max-image-preview:large\" \/>\n\t<meta name=\"author\" content=\"Cand\u00e1s 365\"\/>\n\t<meta name=\"google-site-verification\" content=\"UA-32230408-1\" \/>\n\t<meta name=\"msvalidate.01\" content=\"354F3CDFB2DA171B47FBE9ABF1F88D5\" \/>\n\t<meta name=\"keywords\" content=\"asturias\" \/>\n\t<link rel=\"canonical\" href=\"https:\/\/candas365.es\/noticias\/asturias-impulsa-su-presencia-en-la-feria-biospain-2025\/\" \/>\n\t<meta name=\"generator\" content=\"All in One SEO Pro (AIOSEO) 4.9.6.2\" \/>\n\t\t<meta property=\"og:locale\" content=\"es_ES\" \/>\n\t\t<meta property=\"og:site_name\" content=\"Cand\u00e1s 365\" \/>\n\t\t<meta property=\"og:type\" content=\"article\" \/>\n\t\t<meta property=\"og:title\" content=\"Asturias impulsa su presencia en la Feria Biospain 2025 | Cand\u00e1s 365\" \/>\n\t\t<meta property=\"og:description\" content=\"El Centro Europeo de Empresas e Innovaci\u00f3n (CEEI Asturias) y la Sociedad de Promoci\u00f3n Exterior del Principado (Asturex) promueven la participaci\u00f3n de once\" \/>\n\t\t<meta property=\"og:url\" content=\"https:\/\/candas365.es\/noticias\/asturias-impulsa-su-presencia-en-la-feria-biospain-2025\/\" \/>\n\t\t<meta property=\"og:image\" content=\"https:\/\/candas365.es\/noticias\/wp-content\/uploads\/2025\/10\/Asturias-en-la-Feria-Biospain-2025.jpg\" \/>\n\t\t<meta property=\"og:image:secure_url\" content=\"https:\/\/candas365.es\/noticias\/wp-content\/uploads\/2025\/10\/Asturias-en-la-Feria-Biospain-2025.jpg\" \/>\n\t\t<meta property=\"og:image:width\" content=\"913\" \/>\n\t\t<meta property=\"og:image:height\" content=\"686\" \/>\n\t\t<meta property=\"article:published_time\" content=\"2025-10-07T15:10:56+00:00\" \/>\n\t\t<meta property=\"article:modified_time\" content=\"2025-10-07T15:10:56+00:00\" \/>\n\t\t<meta property=\"article:publisher\" content=\"https:\/\/www.facebook.com\/Nachofdezber\" \/>\n\t\t<meta property=\"article:author\" content=\"https:\/\/www.facebook.com\/carrenoactualidad\" \/>\n\t\t<meta name=\"twitter:card\" content=\"summary_large_image\" \/>\n\t\t<meta name=\"twitter:site\" content=\"@NabercoDigital\" \/>\n\t\t<meta name=\"twitter:title\" content=\"Asturias impulsa su presencia en la Feria Biospain 2025 | Cand\u00e1s 365\" \/>\n\t\t<meta name=\"twitter:description\" content=\"El Centro Europeo de Empresas e Innovaci\u00f3n (CEEI Asturias) y la Sociedad de Promoci\u00f3n Exterior del Principado (Asturex) promueven la participaci\u00f3n de once\" \/>\n\t\t<meta name=\"twitter:creator\" content=\"@nbasturias\" \/>\n\t\t<meta name=\"twitter:image\" content=\"https:\/\/candas365.es\/noticias\/wp-content\/uploads\/2025\/10\/Asturias-en-la-Feria-Biospain-2025.jpg\" \/>\n\t\t<meta name=\"twitter:label1\" content=\"Escrito por\" \/>\n\t\t<meta name=\"twitter:data1\" content=\"Cand\u00e1s 365\" \/>\n\t\t<meta name=\"twitter:label2\" content=\"Tiempo de lectura estimado\" \/>\n\t\t<meta name=\"twitter:data2\" content=\"2 minutos\" \/>\n\t\t<script type=\"application\/ld+json\" class=\"aioseo-schema\">\n\t\t\t{\"@context\":\"https:\\\/\\\/schema.org\",\"@graph\":[{\"@type\":\"BreadcrumbList\",\"@id\":\"https:\\\/\\\/candas365.es\\\/noticias\\\/asturias-impulsa-su-presencia-en-la-feria-biospain-2025\\\/#breadcrumblist\",\"itemListElement\":[{\"@type\":\"ListItem\",\"@id\":\"https:\\\/\\\/candas365.es\\\/noticias#listItem\",\"position\":1,\"name\":\"Home\",\"item\":\"https:\\\/\\\/candas365.es\\\/noticias\",\"nextItem\":{\"@type\":\"ListItem\",\"@id\":\"https:\\\/\\\/candas365.es\\\/noticias\\\/category\\\/asturias\\\/#listItem\",\"name\":\"Asturias\"}},{\"@type\":\"ListItem\",\"@id\":\"https:\\\/\\\/candas365.es\\\/noticias\\\/category\\\/asturias\\\/#listItem\",\"position\":2,\"name\":\"Asturias\",\"item\":\"https:\\\/\\\/candas365.es\\\/noticias\\\/category\\\/asturias\\\/\",\"nextItem\":{\"@type\":\"ListItem\",\"@id\":\"https:\\\/\\\/candas365.es\\\/noticias\\\/asturias-impulsa-su-presencia-en-la-feria-biospain-2025\\\/#listItem\",\"name\":\"Asturias impulsa su presencia en la Feria Biospain 2025\"},\"previousItem\":{\"@type\":\"ListItem\",\"@id\":\"https:\\\/\\\/candas365.es\\\/noticias#listItem\",\"name\":\"Home\"}},{\"@type\":\"ListItem\",\"@id\":\"https:\\\/\\\/candas365.es\\\/noticias\\\/asturias-impulsa-su-presencia-en-la-feria-biospain-2025\\\/#listItem\",\"position\":3,\"name\":\"Asturias impulsa su presencia en la Feria Biospain 2025\",\"previousItem\":{\"@type\":\"ListItem\",\"@id\":\"https:\\\/\\\/candas365.es\\\/noticias\\\/category\\\/asturias\\\/#listItem\",\"name\":\"Asturias\"}}]},{\"@type\":\"NewsArticle\",\"@id\":\"https:\\\/\\\/candas365.es\\\/noticias\\\/asturias-impulsa-su-presencia-en-la-feria-biospain-2025\\\/#newsarticle\",\"name\":\"Asturias impulsa su presencia en la Feria Biospain 2025 | Cand\\u00e1s 365\",\"headline\":\"Asturias impulsa su presencia en la Feria Biospain 2025\",\"author\":{\"@id\":\"https:\\\/\\\/candas365.es\\\/noticias\\\/author\\\/admin\\\/#author\"},\"publisher\":{\"@id\":\"https:\\\/\\\/candas365.es\\\/noticias\\\/#organization\"},\"image\":{\"@type\":\"ImageObject\",\"url\":\"https:\\\/\\\/candas365.es\\\/noticias\\\/wp-content\\\/uploads\\\/2025\\\/10\\\/Asturias-en-la-Feria-Biospain-2025.jpg\",\"width\":913,\"height\":686,\"caption\":\"Foto: Prensa Gobierno de Asturias\"},\"datePublished\":\"2025-10-07T17:10:56+02:00\",\"dateModified\":\"2025-10-07T17:10:56+02:00\",\"inLanguage\":\"es-ES\",\"mainEntityOfPage\":{\"@id\":\"https:\\\/\\\/candas365.es\\\/noticias\\\/asturias-impulsa-su-presencia-en-la-feria-biospain-2025\\\/#webpage\"},\"isPartOf\":{\"@id\":\"https:\\\/\\\/candas365.es\\\/noticias\\\/asturias-impulsa-su-presencia-en-la-feria-biospain-2025\\\/#webpage\"},\"articleSection\":\"Asturias, Asturias, empresas\",\"dateline\":\"Publicado el octubre 7, 2025.\"},{\"@type\":\"Organization\",\"@id\":\"https:\\\/\\\/candas365.es\\\/noticias\\\/#organization\",\"name\":\"Cand\\u00e1s 365\",\"description\":\"Cand\\u00e1s 365 es un diario digital independiente, fundado en 2012, con base en Asturias. Informamos con rigor sobre actualidad, sociedad, cultura y ocio, con una mirada local y global.\",\"url\":\"https:\\\/\\\/candas365.es\\\/noticias\\\/\",\"email\":\"info@candas365.es\",\"telephone\":\"+34652131393\",\"foundingDate\":\"2012-06-10\",\"logo\":{\"@type\":\"ImageObject\",\"url\":\"https:\\\/\\\/candas365.es\\\/noticias\\\/wp-content\\\/uploads\\\/2024\\\/09\\\/Candas-365-Redes.jpg\",\"@id\":\"https:\\\/\\\/candas365.es\\\/noticias\\\/asturias-impulsa-su-presencia-en-la-feria-biospain-2025\\\/#organizationLogo\",\"width\":1152,\"height\":864,\"caption\":\"Cand\\u00e1s 365 Redes\"},\"image\":{\"@id\":\"https:\\\/\\\/candas365.es\\\/noticias\\\/asturias-impulsa-su-presencia-en-la-feria-biospain-2025\\\/#organizationLogo\"},\"sameAs\":[\"https:\\\/\\\/www.facebook.com\\\/Nachofdezber\",\"https:\\\/\\\/x.com\\\/NabercoDigital\",\"https:\\\/\\\/www.instagram.com\\\/nachofdezber\\\/\",\"https:\\\/\\\/www.youtube.com\\\/channel\\\/UCZP-2wLEB9Rv6erhFmqVnvg\"],\"address\":{\"@id\":\"https:\\\/\\\/candas365.es\\\/noticias\\\/#postaladdress\",\"@type\":\"PostalAddress\",\"streetAddress\":\"san antonio 4, san antonio 4\",\"postalCode\":\"33430\",\"addressLocality\":\"Cand\\u00e1s\",\"addressRegion\":\"Asturias\",\"addressCountry\":\"ES\"}},{\"@type\":\"Person\",\"@id\":\"https:\\\/\\\/candas365.es\\\/noticias\\\/author\\\/admin\\\/#author\",\"url\":\"https:\\\/\\\/candas365.es\\\/noticias\\\/author\\\/admin\\\/\",\"name\":\"Cand\\u00e1s 365\",\"image\":{\"@type\":\"ImageObject\",\"@id\":\"https:\\\/\\\/candas365.es\\\/noticias\\\/asturias-impulsa-su-presencia-en-la-feria-biospain-2025\\\/#authorImage\",\"url\":\"https:\\\/\\\/secure.gravatar.com\\\/avatar\\\/496a8e03d0c493ede1718b7934145dbdf8d89be1036b0eec9544e1094c9de390?s=96&d=mm&r=g\",\"width\":96,\"height\":96,\"caption\":\"Cand\\u00e1s 365\"},\"sameAs\":[\"https:\\\/\\\/www.facebook.com\\\/carrenoactualidad\",\"https:\\\/\\\/twitter.com\\\/nbasturias\",\"https:\\\/\\\/www.instagram.com\\\/nachofdezber\\\/\",\"https:\\\/\\\/www.youtube.com\\\/channel\\\/UCZP-2wLEB9Rv6erhFmqVnvg\"]},{\"@type\":\"WebPage\",\"@id\":\"https:\\\/\\\/candas365.es\\\/noticias\\\/asturias-impulsa-su-presencia-en-la-feria-biospain-2025\\\/#webpage\",\"url\":\"https:\\\/\\\/candas365.es\\\/noticias\\\/asturias-impulsa-su-presencia-en-la-feria-biospain-2025\\\/\",\"name\":\"Asturias impulsa su presencia en la Feria Biospain 2025 | Cand\\u00e1s 365\",\"description\":\"El Centro Europeo de Empresas e Innovaci\\u00f3n (CEEI Asturias) y la Sociedad de Promoci\\u00f3n Exterior del Principado (Asturex) promueven la participaci\\u00f3n de once\",\"inLanguage\":\"es-ES\",\"isPartOf\":{\"@id\":\"https:\\\/\\\/candas365.es\\\/noticias\\\/#website\"},\"breadcrumb\":{\"@id\":\"https:\\\/\\\/candas365.es\\\/noticias\\\/asturias-impulsa-su-presencia-en-la-feria-biospain-2025\\\/#breadcrumblist\"},\"author\":{\"@id\":\"https:\\\/\\\/candas365.es\\\/noticias\\\/author\\\/admin\\\/#author\"},\"creator\":{\"@id\":\"https:\\\/\\\/candas365.es\\\/noticias\\\/author\\\/admin\\\/#author\"},\"image\":{\"@type\":\"ImageObject\",\"url\":\"https:\\\/\\\/candas365.es\\\/noticias\\\/wp-content\\\/uploads\\\/2025\\\/10\\\/Asturias-en-la-Feria-Biospain-2025.jpg\",\"@id\":\"https:\\\/\\\/candas365.es\\\/noticias\\\/asturias-impulsa-su-presencia-en-la-feria-biospain-2025\\\/#mainImage\",\"width\":913,\"height\":686,\"caption\":\"Foto: Prensa Gobierno de Asturias\"},\"primaryImageOfPage\":{\"@id\":\"https:\\\/\\\/candas365.es\\\/noticias\\\/asturias-impulsa-su-presencia-en-la-feria-biospain-2025\\\/#mainImage\"},\"datePublished\":\"2025-10-07T17:10:56+02:00\",\"dateModified\":\"2025-10-07T17:10:56+02:00\"},{\"@type\":\"WebSite\",\"@id\":\"https:\\\/\\\/candas365.es\\\/noticias\\\/#website\",\"url\":\"https:\\\/\\\/candas365.es\\\/noticias\\\/\",\"name\":\"Cand\\u00e1s 365\",\"alternateName\":\"Cand\\u00e1s 365 Noticias\",\"description\":\"Actualidad desde Carre\\u00f1o para el mundo\",\"inLanguage\":\"es-ES\",\"publisher\":{\"@id\":\"https:\\\/\\\/candas365.es\\\/noticias\\\/#organization\"}}]}\n\t\t<\/script>\n\t\t<!-- All in One SEO Pro -->\r\n\t\t<title>Asturias impulsa su presencia en la Feria Biospain 2025 | Cand\u00e1s 365<\/title>\n\n","aioseo_head_json":{"title":"Asturias impulsa su presencia en la Feria Biospain 2025 | Cand\u00e1s 365","description":"El Centro Europeo de Empresas e Innovaci\u00f3n (CEEI Asturias) y la Sociedad de Promoci\u00f3n Exterior del Principado (Asturex) promueven la participaci\u00f3n de once","canonical_url":"https:\/\/candas365.es\/noticias\/asturias-impulsa-su-presencia-en-la-feria-biospain-2025\/","robots":"max-image-preview:large","keywords":"asturias","webmasterTools":{"google-site-verification":"UA-32230408-1","msvalidate.01":"354F3CDFB2DA171B47FBE9ABF1F88D5","miscellaneous":""},"schema":{"@context":"https:\/\/schema.org","@graph":[{"@type":"BreadcrumbList","@id":"https:\/\/candas365.es\/noticias\/asturias-impulsa-su-presencia-en-la-feria-biospain-2025\/#breadcrumblist","itemListElement":[{"@type":"ListItem","@id":"https:\/\/candas365.es\/noticias#listItem","position":1,"name":"Home","item":"https:\/\/candas365.es\/noticias","nextItem":{"@type":"ListItem","@id":"https:\/\/candas365.es\/noticias\/category\/asturias\/#listItem","name":"Asturias"}},{"@type":"ListItem","@id":"https:\/\/candas365.es\/noticias\/category\/asturias\/#listItem","position":2,"name":"Asturias","item":"https:\/\/candas365.es\/noticias\/category\/asturias\/","nextItem":{"@type":"ListItem","@id":"https:\/\/candas365.es\/noticias\/asturias-impulsa-su-presencia-en-la-feria-biospain-2025\/#listItem","name":"Asturias impulsa su presencia en la Feria Biospain 2025"},"previousItem":{"@type":"ListItem","@id":"https:\/\/candas365.es\/noticias#listItem","name":"Home"}},{"@type":"ListItem","@id":"https:\/\/candas365.es\/noticias\/asturias-impulsa-su-presencia-en-la-feria-biospain-2025\/#listItem","position":3,"name":"Asturias impulsa su presencia en la Feria Biospain 2025","previousItem":{"@type":"ListItem","@id":"https:\/\/candas365.es\/noticias\/category\/asturias\/#listItem","name":"Asturias"}}]},{"@type":"NewsArticle","@id":"https:\/\/candas365.es\/noticias\/asturias-impulsa-su-presencia-en-la-feria-biospain-2025\/#newsarticle","name":"Asturias impulsa su presencia en la Feria Biospain 2025 | Cand\u00e1s 365","headline":"Asturias impulsa su presencia en la Feria Biospain 2025","author":{"@id":"https:\/\/candas365.es\/noticias\/author\/admin\/#author"},"publisher":{"@id":"https:\/\/candas365.es\/noticias\/#organization"},"image":{"@type":"ImageObject","url":"https:\/\/candas365.es\/noticias\/wp-content\/uploads\/2025\/10\/Asturias-en-la-Feria-Biospain-2025.jpg","width":913,"height":686,"caption":"Foto: Prensa Gobierno de Asturias"},"datePublished":"2025-10-07T17:10:56+02:00","dateModified":"2025-10-07T17:10:56+02:00","inLanguage":"es-ES","mainEntityOfPage":{"@id":"https:\/\/candas365.es\/noticias\/asturias-impulsa-su-presencia-en-la-feria-biospain-2025\/#webpage"},"isPartOf":{"@id":"https:\/\/candas365.es\/noticias\/asturias-impulsa-su-presencia-en-la-feria-biospain-2025\/#webpage"},"articleSection":"Asturias, Asturias, empresas","dateline":"Publicado el octubre 7, 2025."},{"@type":"Organization","@id":"https:\/\/candas365.es\/noticias\/#organization","name":"Cand\u00e1s 365","description":"Cand\u00e1s 365 es un diario digital independiente, fundado en 2012, con base en Asturias. Informamos con rigor sobre actualidad, sociedad, cultura y ocio, con una mirada local y global.","url":"https:\/\/candas365.es\/noticias\/","email":"info@candas365.es","telephone":"+34652131393","foundingDate":"2012-06-10","logo":{"@type":"ImageObject","url":"https:\/\/candas365.es\/noticias\/wp-content\/uploads\/2024\/09\/Candas-365-Redes.jpg","@id":"https:\/\/candas365.es\/noticias\/asturias-impulsa-su-presencia-en-la-feria-biospain-2025\/#organizationLogo","width":1152,"height":864,"caption":"Cand\u00e1s 365 Redes"},"image":{"@id":"https:\/\/candas365.es\/noticias\/asturias-impulsa-su-presencia-en-la-feria-biospain-2025\/#organizationLogo"},"sameAs":["https:\/\/www.facebook.com\/Nachofdezber","https:\/\/x.com\/NabercoDigital","https:\/\/www.instagram.com\/nachofdezber\/","https:\/\/www.youtube.com\/channel\/UCZP-2wLEB9Rv6erhFmqVnvg"],"address":{"@id":"https:\/\/candas365.es\/noticias\/#postaladdress","@type":"PostalAddress","streetAddress":"san antonio 4, san antonio 4","postalCode":"33430","addressLocality":"Cand\u00e1s","addressRegion":"Asturias","addressCountry":"ES"}},{"@type":"Person","@id":"https:\/\/candas365.es\/noticias\/author\/admin\/#author","url":"https:\/\/candas365.es\/noticias\/author\/admin\/","name":"Cand\u00e1s 365","image":{"@type":"ImageObject","@id":"https:\/\/candas365.es\/noticias\/asturias-impulsa-su-presencia-en-la-feria-biospain-2025\/#authorImage","url":"https:\/\/secure.gravatar.com\/avatar\/496a8e03d0c493ede1718b7934145dbdf8d89be1036b0eec9544e1094c9de390?s=96&d=mm&r=g","width":96,"height":96,"caption":"Cand\u00e1s 365"},"sameAs":["https:\/\/www.facebook.com\/carrenoactualidad","https:\/\/twitter.com\/nbasturias","https:\/\/www.instagram.com\/nachofdezber\/","https:\/\/www.youtube.com\/channel\/UCZP-2wLEB9Rv6erhFmqVnvg"]},{"@type":"WebPage","@id":"https:\/\/candas365.es\/noticias\/asturias-impulsa-su-presencia-en-la-feria-biospain-2025\/#webpage","url":"https:\/\/candas365.es\/noticias\/asturias-impulsa-su-presencia-en-la-feria-biospain-2025\/","name":"Asturias impulsa su presencia en la Feria Biospain 2025 | Cand\u00e1s 365","description":"El Centro Europeo de Empresas e Innovaci\u00f3n (CEEI Asturias) y la Sociedad de Promoci\u00f3n Exterior del Principado (Asturex) promueven la participaci\u00f3n de once","inLanguage":"es-ES","isPartOf":{"@id":"https:\/\/candas365.es\/noticias\/#website"},"breadcrumb":{"@id":"https:\/\/candas365.es\/noticias\/asturias-impulsa-su-presencia-en-la-feria-biospain-2025\/#breadcrumblist"},"author":{"@id":"https:\/\/candas365.es\/noticias\/author\/admin\/#author"},"creator":{"@id":"https:\/\/candas365.es\/noticias\/author\/admin\/#author"},"image":{"@type":"ImageObject","url":"https:\/\/candas365.es\/noticias\/wp-content\/uploads\/2025\/10\/Asturias-en-la-Feria-Biospain-2025.jpg","@id":"https:\/\/candas365.es\/noticias\/asturias-impulsa-su-presencia-en-la-feria-biospain-2025\/#mainImage","width":913,"height":686,"caption":"Foto: Prensa Gobierno de Asturias"},"primaryImageOfPage":{"@id":"https:\/\/candas365.es\/noticias\/asturias-impulsa-su-presencia-en-la-feria-biospain-2025\/#mainImage"},"datePublished":"2025-10-07T17:10:56+02:00","dateModified":"2025-10-07T17:10:56+02:00"},{"@type":"WebSite","@id":"https:\/\/candas365.es\/noticias\/#website","url":"https:\/\/candas365.es\/noticias\/","name":"Cand\u00e1s 365","alternateName":"Cand\u00e1s 365 Noticias","description":"Actualidad desde Carre\u00f1o para el mundo","inLanguage":"es-ES","publisher":{"@id":"https:\/\/candas365.es\/noticias\/#organization"}}]},"og:locale":"es_ES","og:site_name":"Cand\u00e1s 365","og:type":"article","og:title":"Asturias impulsa su presencia en la Feria Biospain 2025 | Cand\u00e1s 365","og:description":"El Centro Europeo de Empresas e Innovaci\u00f3n (CEEI Asturias) y la Sociedad de Promoci\u00f3n Exterior del Principado (Asturex) promueven la participaci\u00f3n de once","og:url":"https:\/\/candas365.es\/noticias\/asturias-impulsa-su-presencia-en-la-feria-biospain-2025\/","og:image":"https:\/\/candas365.es\/noticias\/wp-content\/uploads\/2025\/10\/Asturias-en-la-Feria-Biospain-2025.jpg","og:image:secure_url":"https:\/\/candas365.es\/noticias\/wp-content\/uploads\/2025\/10\/Asturias-en-la-Feria-Biospain-2025.jpg","og:image:width":913,"og:image:height":686,"article:published_time":"2025-10-07T15:10:56+00:00","article:modified_time":"2025-10-07T15:10:56+00:00","article:publisher":"https:\/\/www.facebook.com\/Nachofdezber","article:author":"https:\/\/www.facebook.com\/carrenoactualidad","twitter:card":"summary_large_image","twitter:site":"@NabercoDigital","twitter:title":"Asturias impulsa su presencia en la Feria Biospain 2025 | Cand\u00e1s 365","twitter:description":"El Centro Europeo de Empresas e Innovaci\u00f3n (CEEI Asturias) y la Sociedad de Promoci\u00f3n Exterior del Principado (Asturex) promueven la participaci\u00f3n de once","twitter:creator":"@nbasturias","twitter:image":"https:\/\/candas365.es\/noticias\/wp-content\/uploads\/2025\/10\/Asturias-en-la-Feria-Biospain-2025.jpg","twitter:label1":"Escrito por","twitter:data1":"Cand\u00e1s 365","twitter:label2":"Tiempo de lectura estimado","twitter:data2":"2 minutos"},"aioseo_meta_data":{"post_id":"188753","title":null,"description":"El Centro Europeo de Empresas e Innovaci\u00f3n (CEEI Asturias) y la Sociedad de Promoci\u00f3n Exterior del Principado (Asturex) promueven la participaci\u00f3n de once","keywords":null,"keyphrases":{"focus":{"keyphrase":"Asturias","score":85,"analysis":{"keyphraseInTitle":{"score":9,"maxScore":9,"error":0},"keyphraseInDescription":{"score":9,"maxScore":9,"error":0},"keyphraseLength":{"score":9,"maxScore":9,"error":0,"length":1},"keyphraseInURL":{"score":5,"maxScore":5,"error":0},"keyphraseInIntroduction":{"score":9,"maxScore":9,"error":0},"keyphraseInSubHeadings":[],"keyphraseInImageAlt":{"score":9,"maxScore":9,"error":0},"keywordDensity":{"type":"high","score":0,"maxScore":9,"error":1}}},"additional":[{"keyphrase":"Asturias","score":80,"analysis":{"keyphraseInDescription":{"score":9,"maxScore":9,"error":0},"keyphraseLength":{"score":9,"maxScore":9,"error":0,"length":1},"keyphraseInIntroduction":{"score":9,"maxScore":9,"error":0},"keyphraseInImageAlt":{"score":9,"maxScore":9,"error":0},"keywordDensity":{"type":"high","score":0,"maxScore":9,"error":1}}}]},"primary_term":null,"canonical_url":null,"og_title":null,"og_description":null,"og_object_type":"default","og_image_type":"default","og_image_url":null,"og_image_width":null,"og_image_height":null,"og_image_custom_url":null,"og_image_custom_fields":null,"og_video":"","og_custom_url":null,"og_article_section":null,"og_article_tags":null,"twitter_use_og":false,"twitter_card":"default","twitter_image_type":"default","twitter_image_url":null,"twitter_image_custom_url":null,"twitter_image_custom_fields":null,"twitter_title":null,"twitter_description":null,"schema":{"blockGraphs":[],"customGraphs":[],"default":{"data":{"Article":[],"Course":[],"Dataset":[],"FAQPage":[],"Movie":[],"Person":[],"Product":[],"ProductReview":[],"Car":[],"Recipe":[],"Service":[],"SoftwareApplication":[],"WebPage":[]},"graphName":"Article","isEnabled":true},"graphs":[]},"schema_type":"default","schema_type_options":null,"pillar_content":false,"robots_default":true,"robots_noindex":false,"robots_noarchive":false,"robots_nosnippet":false,"robots_nofollow":false,"robots_noimageindex":false,"robots_noodp":false,"robots_notranslate":false,"robots_max_snippet":"-1","robots_max_videopreview":"-1","robots_max_imagepreview":"large","priority":null,"frequency":"default","location":null,"local_seo":null,"seo_analyzer_scan_date":"2025-10-07 15:11:12","breadcrumb_settings":null,"limit_modified_date":false,"reviewed_by":null,"open_ai":null,"ai":{"faqs":[],"keyPoints":[],"titles":[],"descriptions":[],"socialPosts":{"email":[],"linkedin":[],"twitter":[],"facebook":[],"instagram":[]}},"created":"2025-10-07 15:04:11","updated":"2025-10-07 15:21:20"},"aioseo_breadcrumb":"<div class=\"aioseo-breadcrumbs\"><span class=\"aioseo-breadcrumb\">\n\t<a href=\"https:\/\/candas365.es\/noticias\" title=\"Home\">Home<\/a>\n<\/span><span class=\"aioseo-breadcrumb-separator\">&ndash;<\/span><span class=\"aioseo-breadcrumb\">\n\t<a href=\"https:\/\/candas365.es\/noticias\/category\/asturias\/\" title=\"Asturias\">Asturias<\/a>\n<\/span><span class=\"aioseo-breadcrumb-separator\">&ndash;<\/span><span class=\"aioseo-breadcrumb\">\n\tAsturias impulsa su presencia en la Feria Biospain 2025\n<\/span><\/div>","aioseo_breadcrumb_json":[{"label":"Home","link":"https:\/\/candas365.es\/noticias"},{"label":"Asturias","link":"https:\/\/candas365.es\/noticias\/category\/asturias\/"},{"label":"Asturias impulsa su presencia en la Feria Biospain 2025","link":"https:\/\/candas365.es\/noticias\/asturias-impulsa-su-presencia-en-la-feria-biospain-2025\/"}],"_links":{"self":[{"href":"https:\/\/candas365.es\/noticias\/wp-json\/wp\/v2\/posts\/188753","targetHints":{"allow":["GET"]}}],"collection":[{"href":"https:\/\/candas365.es\/noticias\/wp-json\/wp\/v2\/posts"}],"about":[{"href":"https:\/\/candas365.es\/noticias\/wp-json\/wp\/v2\/types\/post"}],"author":[{"embeddable":true,"href":"https:\/\/candas365.es\/noticias\/wp-json\/wp\/v2\/users\/1"}],"replies":[{"embeddable":true,"href":"https:\/\/candas365.es\/noticias\/wp-json\/wp\/v2\/comments?post=188753"}],"version-history":[{"count":0,"href":"https:\/\/candas365.es\/noticias\/wp-json\/wp\/v2\/posts\/188753\/revisions"}],"wp:featuredmedia":[{"embeddable":true,"href":"https:\/\/candas365.es\/noticias\/wp-json\/wp\/v2\/media\/188754"}],"wp:attachment":[{"href":"https:\/\/candas365.es\/noticias\/wp-json\/wp\/v2\/media?parent=188753"}],"wp:term":[{"taxonomy":"category","embeddable":true,"href":"https:\/\/candas365.es\/noticias\/wp-json\/wp\/v2\/categories?post=188753"},{"taxonomy":"post_tag","embeddable":true,"href":"https:\/\/candas365.es\/noticias\/wp-json\/wp\/v2\/tags?post=188753"}],"curies":[{"name":"wp","href":"https:\/\/api.w.org\/{rel}","templated":true}]}}