{"id":188700,"date":"2025-10-06T21:27:28","date_gmt":"2025-10-06T19:27:28","guid":{"rendered":"https:\/\/candas365.es\/noticias\/?p=188700"},"modified":"2025-10-06T21:27:28","modified_gmt":"2025-10-06T19:27:28","slug":"cuatro-heridos-en-un-accidente-en-las-regueras","status":"publish","type":"post","link":"https:\/\/candas365.es\/noticias\/cuatro-heridos-en-un-accidente-en-las-regueras\/","title":{"rendered":"Cuatro heridos en un accidente en Las Regueras"},"content":{"rendered":"<p>Cuatro personas resultaron heridas, una grave y tres leves, tras caer un veh\u00edculo por un desnivel de unos 30 metros en Gallegos, Las Regueras (<a href=\"https:\/\/candas365.es\/noticias\/category\/asturias\/\"><span style=\"color: #ff6600;\"><strong>Asturias<\/strong><\/span><\/a>).<\/p>\n<figure id=\"attachment_188701\" aria-describedby=\"caption-attachment-188701\" style=\"width: 650px\" class=\"wp-caption aligncenter\"><img fetchpriority=\"high\" decoding=\"async\" class=\"size-large wp-image-188701\" src=\"https:\/\/candas365.es\/noticias\/wp-content\/uploads\/2025\/10\/accidente-en-Las-Regueras-Asturias-650x379.jpg\" alt=\"accidente en Las Regueras Asturias\" width=\"650\" height=\"379\" srcset=\"https:\/\/candas365.es\/noticias\/wp-content\/uploads\/2025\/10\/accidente-en-Las-Regueras-Asturias-650x379.jpg 650w, https:\/\/candas365.es\/noticias\/wp-content\/uploads\/2025\/10\/accidente-en-Las-Regueras-Asturias-360x210.jpg 360w, https:\/\/candas365.es\/noticias\/wp-content\/uploads\/2025\/10\/accidente-en-Las-Regueras-Asturias-768x448.jpg 768w, https:\/\/candas365.es\/noticias\/wp-content\/uploads\/2025\/10\/accidente-en-Las-Regueras-Asturias-150x87.jpg 150w, https:\/\/candas365.es\/noticias\/wp-content\/uploads\/2025\/10\/accidente-en-Las-Regueras-Asturias-450x262.jpg 450w, https:\/\/candas365.es\/noticias\/wp-content\/uploads\/2025\/10\/accidente-en-Las-Regueras-Asturias.jpg 1034w\" sizes=\"(max-width: 650px) 100vw, 650px\" \/><figcaption id=\"caption-attachment-188701\" class=\"wp-caption-text\">Foto: Prensa SEPA<\/figcaption><\/figure>\n<p>Cuatro personas han resultado heridas de diversa consideraci\u00f3n, una de ellas de car\u00e1cter grave y tres leves, tras salirse de la v\u00eda y caer por un desnivel de unos 30 metros el veh\u00edculo en el que viajaban. <strong>El accidente se produjo en la AS-371, a la altura del punto kilom\u00e9trico 78, en Gallegos (Las Regueras, Asturias), por causas que a\u00fan se desconocen.<\/strong><\/p>\n<p>Seg\u00fan inform\u00f3 el Servicio de Atenci\u00f3n M\u00e9dica Urgente (SAMU), todos los heridos fueron trasladados al Hospital Universitario Central de Asturias (HUCA), en Oviedo. El herido m\u00e1s grave, un var\u00f3n, fue evacuado por el equipo m\u00e9dico de la UVI-m\u00f3vil de Oviedo con pron\u00f3stico reservado, a la espera de nuevas pruebas y valoraci\u00f3n m\u00e9dica.<\/p>\n<p>Los otros tres ocupantes, con heridas leves, fueron trasladados en una ambulancia de soporte vital b\u00e1sico y otra convencional. Hasta el lugar tambi\u00e9n se desplazaron el equipo m\u00e9dico de la UVI, el equipo de Atenci\u00f3n Primaria de La Er\u00eda y el Grupo de Rescate de Bomberos de Asturias, del que forma parte un m\u00e9dico-rescatador, a bordo de un helic\u00f3ptero del Servicio de Emergencias del <a href=\"https:\/\/actualidad.asturias.es\/\" target=\"_blank\" rel=\"noopener\"><span style=\"color: #ff6600;\"><strong>Principado de Asturias<\/strong><\/span><\/a> (SEPA).<\/p>\n<p>Al operativo se sum\u00f3 una dotaci\u00f3n de Bomberos del SEPA del parque de La Morgal y el jefe de zona centro-este. A su llegada, confirmaron que los ocupantes ya estaban fuera del veh\u00edculo. Los bomberos ayudaron a subir a pie a los heridos leves, mientras que el de mayor gravedad fue evacuado inmovilizado en camilla nido, tras ser estabilizado por los sanitarios.<\/p>\n<p>El Centro de Coordinaci\u00f3n de Emergencias del 112 Asturias recibi\u00f3 el aviso a las 17:34 horas, alertando de que un coche se hab\u00eda salido de la carretera y hab\u00eda ca\u00eddo por un desnivel superior a veinte metros.<\/p>\n<p>La sala 112 del SEPA, adem\u00e1s de dar aviso al SAMU, moviliz\u00f3 una dotaci\u00f3n de bomberos desde La Morgal y al Grupo de Rescate con el helic\u00f3ptero del organismo. Tras colaborar en la evacuaci\u00f3n y realizar tareas de seguridad, los equipos se retiraron del lugar. El helic\u00f3ptero regres\u00f3 a base a las 18:33 horas y los bomberos a las 18:36 horas.<\/p>\n<p>El incidente fue comunicado a la Guardia Civil de Tr\u00e1fico y a los responsables del mantenimiento de la v\u00eda.<\/p>\n","protected":false},"excerpt":{"rendered":"<p>Cuatro personas resultaron heridas, una grave y tres leves, tras caer un veh\u00edculo por un desnivel de unos 30 metros en Gallegos, Las Regueras (Asturias). Cuatro personas han resultado heridas de diversa consideraci\u00f3n, una de ellas de car\u00e1cter grave y tres leves, tras salirse de la v\u00eda y caer por un desnivel de unos 30<\/p>\n","protected":false},"author":1,"featured_media":188701,"comment_status":"closed","ping_status":"closed","sticky":false,"template":"","format":"standard","meta":{"footnotes":""},"categories":[316,487],"tags":[380,391],"class_list":{"0":"post-188700","1":"post","2":"type-post","3":"status-publish","4":"format-standard","5":"has-post-thumbnail","7":"category-destacadas","8":"category-sucesos","9":"tag-asturias","10":"tag-sucesos"},"aioseo_notices":[],"aioseo_head":"\n\t\t<!-- All in One SEO Pro 4.9.6.2 - aioseo.com -->\n\t<meta name=\"description\" content=\"Cuatro personas resultaron heridas, una grave y tres leves, tras caer un veh\u00edculo por un desnivel de unos 30 metros en Gallegos, Las Regueras (Asturias).\" \/>\n\t<meta name=\"robots\" content=\"max-image-preview:large\" \/>\n\t<meta name=\"author\" content=\"Cand\u00e1s 365\"\/>\n\t<meta name=\"google-site-verification\" content=\"UA-32230408-1\" \/>\n\t<meta name=\"msvalidate.01\" content=\"354F3CDFB2DA171B47FBE9ABF1F88D5\" \/>\n\t<meta name=\"keywords\" content=\"destacadas,sucesos\" \/>\n\t<link rel=\"canonical\" href=\"https:\/\/candas365.es\/noticias\/cuatro-heridos-en-un-accidente-en-las-regueras\/\" \/>\n\t<meta name=\"generator\" content=\"All in One SEO Pro (AIOSEO) 4.9.6.2\" \/>\n\t\t<meta property=\"og:locale\" content=\"es_ES\" \/>\n\t\t<meta property=\"og:site_name\" content=\"Cand\u00e1s 365\" \/>\n\t\t<meta property=\"og:type\" content=\"article\" \/>\n\t\t<meta property=\"og:title\" content=\"Cuatro heridos en un accidente en Las Regueras | Cand\u00e1s 365\" \/>\n\t\t<meta property=\"og:description\" content=\"Cuatro personas resultaron heridas, una grave y tres leves, tras caer un veh\u00edculo por un desnivel de unos 30 metros en Gallegos, Las Regueras (Asturias).\" \/>\n\t\t<meta property=\"og:url\" content=\"https:\/\/candas365.es\/noticias\/cuatro-heridos-en-un-accidente-en-las-regueras\/\" \/>\n\t\t<meta property=\"og:image\" content=\"https:\/\/candas365.es\/noticias\/wp-content\/uploads\/2025\/10\/accidente-en-Las-Regueras-Asturias.jpg\" \/>\n\t\t<meta property=\"og:image:secure_url\" content=\"https:\/\/candas365.es\/noticias\/wp-content\/uploads\/2025\/10\/accidente-en-Las-Regueras-Asturias.jpg\" \/>\n\t\t<meta property=\"og:image:width\" content=\"1034\" \/>\n\t\t<meta property=\"og:image:height\" content=\"603\" \/>\n\t\t<meta property=\"article:published_time\" content=\"2025-10-06T19:27:28+00:00\" \/>\n\t\t<meta property=\"article:modified_time\" content=\"2025-10-06T19:27:28+00:00\" \/>\n\t\t<meta property=\"article:publisher\" content=\"https:\/\/www.facebook.com\/Nachofdezber\" \/>\n\t\t<meta property=\"article:author\" content=\"https:\/\/www.facebook.com\/carrenoactualidad\" \/>\n\t\t<meta name=\"twitter:card\" content=\"summary_large_image\" \/>\n\t\t<meta name=\"twitter:site\" content=\"@NabercoDigital\" \/>\n\t\t<meta name=\"twitter:title\" content=\"Cuatro heridos en un accidente en Las Regueras | Cand\u00e1s 365\" \/>\n\t\t<meta name=\"twitter:description\" content=\"Cuatro personas resultaron heridas, una grave y tres leves, tras caer un veh\u00edculo por un desnivel de unos 30 metros en Gallegos, Las Regueras (Asturias).\" \/>\n\t\t<meta name=\"twitter:creator\" content=\"@nbasturias\" \/>\n\t\t<meta name=\"twitter:image\" content=\"https:\/\/candas365.es\/noticias\/wp-content\/uploads\/2025\/10\/accidente-en-Las-Regueras-Asturias.jpg\" \/>\n\t\t<meta name=\"twitter:label1\" content=\"Escrito por\" \/>\n\t\t<meta name=\"twitter:data1\" content=\"Cand\u00e1s 365\" \/>\n\t\t<meta name=\"twitter:label2\" content=\"Tiempo de lectura estimado\" \/>\n\t\t<meta name=\"twitter:data2\" content=\"2 minutos\" \/>\n\t\t<script type=\"application\/ld+json\" class=\"aioseo-schema\">\n\t\t\t{\"@context\":\"https:\\\/\\\/schema.org\",\"@graph\":[{\"@type\":\"BreadcrumbList\",\"@id\":\"https:\\\/\\\/candas365.es\\\/noticias\\\/cuatro-heridos-en-un-accidente-en-las-regueras\\\/#breadcrumblist\",\"itemListElement\":[{\"@type\":\"ListItem\",\"@id\":\"https:\\\/\\\/candas365.es\\\/noticias#listItem\",\"position\":1,\"name\":\"Home\",\"item\":\"https:\\\/\\\/candas365.es\\\/noticias\",\"nextItem\":{\"@type\":\"ListItem\",\"@id\":\"https:\\\/\\\/candas365.es\\\/noticias\\\/category\\\/destacadas\\\/#listItem\",\"name\":\"Destacadas\"}},{\"@type\":\"ListItem\",\"@id\":\"https:\\\/\\\/candas365.es\\\/noticias\\\/category\\\/destacadas\\\/#listItem\",\"position\":2,\"name\":\"Destacadas\",\"item\":\"https:\\\/\\\/candas365.es\\\/noticias\\\/category\\\/destacadas\\\/\",\"nextItem\":{\"@type\":\"ListItem\",\"@id\":\"https:\\\/\\\/candas365.es\\\/noticias\\\/cuatro-heridos-en-un-accidente-en-las-regueras\\\/#listItem\",\"name\":\"Cuatro heridos en un accidente en Las Regueras\"},\"previousItem\":{\"@type\":\"ListItem\",\"@id\":\"https:\\\/\\\/candas365.es\\\/noticias#listItem\",\"name\":\"Home\"}},{\"@type\":\"ListItem\",\"@id\":\"https:\\\/\\\/candas365.es\\\/noticias\\\/cuatro-heridos-en-un-accidente-en-las-regueras\\\/#listItem\",\"position\":3,\"name\":\"Cuatro heridos en un accidente en Las Regueras\",\"previousItem\":{\"@type\":\"ListItem\",\"@id\":\"https:\\\/\\\/candas365.es\\\/noticias\\\/category\\\/destacadas\\\/#listItem\",\"name\":\"Destacadas\"}}]},{\"@type\":\"NewsArticle\",\"@id\":\"https:\\\/\\\/candas365.es\\\/noticias\\\/cuatro-heridos-en-un-accidente-en-las-regueras\\\/#newsarticle\",\"name\":\"Cuatro heridos en un accidente en Las Regueras | Cand\\u00e1s 365\",\"headline\":\"Cuatro heridos en un accidente en Las Regueras\",\"author\":{\"@id\":\"https:\\\/\\\/candas365.es\\\/noticias\\\/author\\\/admin\\\/#author\"},\"publisher\":{\"@id\":\"https:\\\/\\\/candas365.es\\\/noticias\\\/#organization\"},\"image\":{\"@type\":\"ImageObject\",\"url\":\"https:\\\/\\\/candas365.es\\\/noticias\\\/wp-content\\\/uploads\\\/2025\\\/10\\\/accidente-en-Las-Regueras-Asturias.jpg\",\"width\":1034,\"height\":603,\"caption\":\"Foto: Prensa SEPA\"},\"datePublished\":\"2025-10-06T21:27:28+02:00\",\"dateModified\":\"2025-10-06T21:27:28+02:00\",\"inLanguage\":\"es-ES\",\"mainEntityOfPage\":{\"@id\":\"https:\\\/\\\/candas365.es\\\/noticias\\\/cuatro-heridos-en-un-accidente-en-las-regueras\\\/#webpage\"},\"isPartOf\":{\"@id\":\"https:\\\/\\\/candas365.es\\\/noticias\\\/cuatro-heridos-en-un-accidente-en-las-regueras\\\/#webpage\"},\"articleSection\":\"Destacadas, Sucesos, Asturias, sucesos\",\"dateline\":\"Publicado el octubre 6, 2025.\"},{\"@type\":\"Organization\",\"@id\":\"https:\\\/\\\/candas365.es\\\/noticias\\\/#organization\",\"name\":\"Cand\\u00e1s 365\",\"description\":\"Cand\\u00e1s 365 es un diario digital independiente, fundado en 2012, con base en Asturias. Informamos con rigor sobre actualidad, sociedad, cultura y ocio, con una mirada local y global.\",\"url\":\"https:\\\/\\\/candas365.es\\\/noticias\\\/\",\"email\":\"info@candas365.es\",\"telephone\":\"+34652131393\",\"foundingDate\":\"2012-06-10\",\"logo\":{\"@type\":\"ImageObject\",\"url\":\"https:\\\/\\\/candas365.es\\\/noticias\\\/wp-content\\\/uploads\\\/2024\\\/09\\\/Candas-365-Redes.jpg\",\"@id\":\"https:\\\/\\\/candas365.es\\\/noticias\\\/cuatro-heridos-en-un-accidente-en-las-regueras\\\/#organizationLogo\",\"width\":1152,\"height\":864,\"caption\":\"Cand\\u00e1s 365 Redes\"},\"image\":{\"@id\":\"https:\\\/\\\/candas365.es\\\/noticias\\\/cuatro-heridos-en-un-accidente-en-las-regueras\\\/#organizationLogo\"},\"sameAs\":[\"https:\\\/\\\/www.facebook.com\\\/Nachofdezber\",\"https:\\\/\\\/x.com\\\/NabercoDigital\",\"https:\\\/\\\/www.instagram.com\\\/nachofdezber\\\/\",\"https:\\\/\\\/www.youtube.com\\\/channel\\\/UCZP-2wLEB9Rv6erhFmqVnvg\"],\"address\":{\"@id\":\"https:\\\/\\\/candas365.es\\\/noticias\\\/#postaladdress\",\"@type\":\"PostalAddress\",\"streetAddress\":\"san antonio 4, san antonio 4\",\"postalCode\":\"33430\",\"addressLocality\":\"Cand\\u00e1s\",\"addressRegion\":\"Asturias\",\"addressCountry\":\"ES\"}},{\"@type\":\"Person\",\"@id\":\"https:\\\/\\\/candas365.es\\\/noticias\\\/author\\\/admin\\\/#author\",\"url\":\"https:\\\/\\\/candas365.es\\\/noticias\\\/author\\\/admin\\\/\",\"name\":\"Cand\\u00e1s 365\",\"image\":{\"@type\":\"ImageObject\",\"@id\":\"https:\\\/\\\/candas365.es\\\/noticias\\\/cuatro-heridos-en-un-accidente-en-las-regueras\\\/#authorImage\",\"url\":\"https:\\\/\\\/secure.gravatar.com\\\/avatar\\\/496a8e03d0c493ede1718b7934145dbdf8d89be1036b0eec9544e1094c9de390?s=96&d=mm&r=g\",\"width\":96,\"height\":96,\"caption\":\"Cand\\u00e1s 365\"},\"sameAs\":[\"https:\\\/\\\/www.facebook.com\\\/carrenoactualidad\",\"https:\\\/\\\/twitter.com\\\/nbasturias\",\"https:\\\/\\\/www.instagram.com\\\/nachofdezber\\\/\",\"https:\\\/\\\/www.youtube.com\\\/channel\\\/UCZP-2wLEB9Rv6erhFmqVnvg\"]},{\"@type\":\"WebPage\",\"@id\":\"https:\\\/\\\/candas365.es\\\/noticias\\\/cuatro-heridos-en-un-accidente-en-las-regueras\\\/#webpage\",\"url\":\"https:\\\/\\\/candas365.es\\\/noticias\\\/cuatro-heridos-en-un-accidente-en-las-regueras\\\/\",\"name\":\"Cuatro heridos en un accidente en Las Regueras | Cand\\u00e1s 365\",\"description\":\"Cuatro personas resultaron heridas, una grave y tres leves, tras caer un veh\\u00edculo por un desnivel de unos 30 metros en Gallegos, Las Regueras (Asturias).\",\"inLanguage\":\"es-ES\",\"isPartOf\":{\"@id\":\"https:\\\/\\\/candas365.es\\\/noticias\\\/#website\"},\"breadcrumb\":{\"@id\":\"https:\\\/\\\/candas365.es\\\/noticias\\\/cuatro-heridos-en-un-accidente-en-las-regueras\\\/#breadcrumblist\"},\"author\":{\"@id\":\"https:\\\/\\\/candas365.es\\\/noticias\\\/author\\\/admin\\\/#author\"},\"creator\":{\"@id\":\"https:\\\/\\\/candas365.es\\\/noticias\\\/author\\\/admin\\\/#author\"},\"image\":{\"@type\":\"ImageObject\",\"url\":\"https:\\\/\\\/candas365.es\\\/noticias\\\/wp-content\\\/uploads\\\/2025\\\/10\\\/accidente-en-Las-Regueras-Asturias.jpg\",\"@id\":\"https:\\\/\\\/candas365.es\\\/noticias\\\/cuatro-heridos-en-un-accidente-en-las-regueras\\\/#mainImage\",\"width\":1034,\"height\":603,\"caption\":\"Foto: Prensa SEPA\"},\"primaryImageOfPage\":{\"@id\":\"https:\\\/\\\/candas365.es\\\/noticias\\\/cuatro-heridos-en-un-accidente-en-las-regueras\\\/#mainImage\"},\"datePublished\":\"2025-10-06T21:27:28+02:00\",\"dateModified\":\"2025-10-06T21:27:28+02:00\"},{\"@type\":\"WebSite\",\"@id\":\"https:\\\/\\\/candas365.es\\\/noticias\\\/#website\",\"url\":\"https:\\\/\\\/candas365.es\\\/noticias\\\/\",\"name\":\"Cand\\u00e1s 365\",\"alternateName\":\"Cand\\u00e1s 365 Noticias\",\"description\":\"Actualidad desde Carre\\u00f1o para el mundo\",\"inLanguage\":\"es-ES\",\"publisher\":{\"@id\":\"https:\\\/\\\/candas365.es\\\/noticias\\\/#organization\"}}]}\n\t\t<\/script>\n\t\t<!-- All in One SEO Pro -->\r\n\t\t<title>Cuatro heridos en un accidente en Las Regueras | Cand\u00e1s 365<\/title>\n\n","aioseo_head_json":{"title":"Cuatro heridos en un accidente en Las Regueras | Cand\u00e1s 365","description":"Cuatro personas resultaron heridas, una grave y tres leves, tras caer un veh\u00edculo por un desnivel de unos 30 metros en Gallegos, Las Regueras (Asturias).","canonical_url":"https:\/\/candas365.es\/noticias\/cuatro-heridos-en-un-accidente-en-las-regueras\/","robots":"max-image-preview:large","keywords":"destacadas,sucesos","webmasterTools":{"google-site-verification":"UA-32230408-1","msvalidate.01":"354F3CDFB2DA171B47FBE9ABF1F88D5","miscellaneous":""},"schema":{"@context":"https:\/\/schema.org","@graph":[{"@type":"BreadcrumbList","@id":"https:\/\/candas365.es\/noticias\/cuatro-heridos-en-un-accidente-en-las-regueras\/#breadcrumblist","itemListElement":[{"@type":"ListItem","@id":"https:\/\/candas365.es\/noticias#listItem","position":1,"name":"Home","item":"https:\/\/candas365.es\/noticias","nextItem":{"@type":"ListItem","@id":"https:\/\/candas365.es\/noticias\/category\/destacadas\/#listItem","name":"Destacadas"}},{"@type":"ListItem","@id":"https:\/\/candas365.es\/noticias\/category\/destacadas\/#listItem","position":2,"name":"Destacadas","item":"https:\/\/candas365.es\/noticias\/category\/destacadas\/","nextItem":{"@type":"ListItem","@id":"https:\/\/candas365.es\/noticias\/cuatro-heridos-en-un-accidente-en-las-regueras\/#listItem","name":"Cuatro heridos en un accidente en Las Regueras"},"previousItem":{"@type":"ListItem","@id":"https:\/\/candas365.es\/noticias#listItem","name":"Home"}},{"@type":"ListItem","@id":"https:\/\/candas365.es\/noticias\/cuatro-heridos-en-un-accidente-en-las-regueras\/#listItem","position":3,"name":"Cuatro heridos en un accidente en Las Regueras","previousItem":{"@type":"ListItem","@id":"https:\/\/candas365.es\/noticias\/category\/destacadas\/#listItem","name":"Destacadas"}}]},{"@type":"NewsArticle","@id":"https:\/\/candas365.es\/noticias\/cuatro-heridos-en-un-accidente-en-las-regueras\/#newsarticle","name":"Cuatro heridos en un accidente en Las Regueras | Cand\u00e1s 365","headline":"Cuatro heridos en un accidente en Las Regueras","author":{"@id":"https:\/\/candas365.es\/noticias\/author\/admin\/#author"},"publisher":{"@id":"https:\/\/candas365.es\/noticias\/#organization"},"image":{"@type":"ImageObject","url":"https:\/\/candas365.es\/noticias\/wp-content\/uploads\/2025\/10\/accidente-en-Las-Regueras-Asturias.jpg","width":1034,"height":603,"caption":"Foto: Prensa SEPA"},"datePublished":"2025-10-06T21:27:28+02:00","dateModified":"2025-10-06T21:27:28+02:00","inLanguage":"es-ES","mainEntityOfPage":{"@id":"https:\/\/candas365.es\/noticias\/cuatro-heridos-en-un-accidente-en-las-regueras\/#webpage"},"isPartOf":{"@id":"https:\/\/candas365.es\/noticias\/cuatro-heridos-en-un-accidente-en-las-regueras\/#webpage"},"articleSection":"Destacadas, Sucesos, Asturias, sucesos","dateline":"Publicado el octubre 6, 2025."},{"@type":"Organization","@id":"https:\/\/candas365.es\/noticias\/#organization","name":"Cand\u00e1s 365","description":"Cand\u00e1s 365 es un diario digital independiente, fundado en 2012, con base en Asturias. Informamos con rigor sobre actualidad, sociedad, cultura y ocio, con una mirada local y global.","url":"https:\/\/candas365.es\/noticias\/","email":"info@candas365.es","telephone":"+34652131393","foundingDate":"2012-06-10","logo":{"@type":"ImageObject","url":"https:\/\/candas365.es\/noticias\/wp-content\/uploads\/2024\/09\/Candas-365-Redes.jpg","@id":"https:\/\/candas365.es\/noticias\/cuatro-heridos-en-un-accidente-en-las-regueras\/#organizationLogo","width":1152,"height":864,"caption":"Cand\u00e1s 365 Redes"},"image":{"@id":"https:\/\/candas365.es\/noticias\/cuatro-heridos-en-un-accidente-en-las-regueras\/#organizationLogo"},"sameAs":["https:\/\/www.facebook.com\/Nachofdezber","https:\/\/x.com\/NabercoDigital","https:\/\/www.instagram.com\/nachofdezber\/","https:\/\/www.youtube.com\/channel\/UCZP-2wLEB9Rv6erhFmqVnvg"],"address":{"@id":"https:\/\/candas365.es\/noticias\/#postaladdress","@type":"PostalAddress","streetAddress":"san antonio 4, san antonio 4","postalCode":"33430","addressLocality":"Cand\u00e1s","addressRegion":"Asturias","addressCountry":"ES"}},{"@type":"Person","@id":"https:\/\/candas365.es\/noticias\/author\/admin\/#author","url":"https:\/\/candas365.es\/noticias\/author\/admin\/","name":"Cand\u00e1s 365","image":{"@type":"ImageObject","@id":"https:\/\/candas365.es\/noticias\/cuatro-heridos-en-un-accidente-en-las-regueras\/#authorImage","url":"https:\/\/secure.gravatar.com\/avatar\/496a8e03d0c493ede1718b7934145dbdf8d89be1036b0eec9544e1094c9de390?s=96&d=mm&r=g","width":96,"height":96,"caption":"Cand\u00e1s 365"},"sameAs":["https:\/\/www.facebook.com\/carrenoactualidad","https:\/\/twitter.com\/nbasturias","https:\/\/www.instagram.com\/nachofdezber\/","https:\/\/www.youtube.com\/channel\/UCZP-2wLEB9Rv6erhFmqVnvg"]},{"@type":"WebPage","@id":"https:\/\/candas365.es\/noticias\/cuatro-heridos-en-un-accidente-en-las-regueras\/#webpage","url":"https:\/\/candas365.es\/noticias\/cuatro-heridos-en-un-accidente-en-las-regueras\/","name":"Cuatro heridos en un accidente en Las Regueras | Cand\u00e1s 365","description":"Cuatro personas resultaron heridas, una grave y tres leves, tras caer un veh\u00edculo por un desnivel de unos 30 metros en Gallegos, Las Regueras (Asturias).","inLanguage":"es-ES","isPartOf":{"@id":"https:\/\/candas365.es\/noticias\/#website"},"breadcrumb":{"@id":"https:\/\/candas365.es\/noticias\/cuatro-heridos-en-un-accidente-en-las-regueras\/#breadcrumblist"},"author":{"@id":"https:\/\/candas365.es\/noticias\/author\/admin\/#author"},"creator":{"@id":"https:\/\/candas365.es\/noticias\/author\/admin\/#author"},"image":{"@type":"ImageObject","url":"https:\/\/candas365.es\/noticias\/wp-content\/uploads\/2025\/10\/accidente-en-Las-Regueras-Asturias.jpg","@id":"https:\/\/candas365.es\/noticias\/cuatro-heridos-en-un-accidente-en-las-regueras\/#mainImage","width":1034,"height":603,"caption":"Foto: Prensa SEPA"},"primaryImageOfPage":{"@id":"https:\/\/candas365.es\/noticias\/cuatro-heridos-en-un-accidente-en-las-regueras\/#mainImage"},"datePublished":"2025-10-06T21:27:28+02:00","dateModified":"2025-10-06T21:27:28+02:00"},{"@type":"WebSite","@id":"https:\/\/candas365.es\/noticias\/#website","url":"https:\/\/candas365.es\/noticias\/","name":"Cand\u00e1s 365","alternateName":"Cand\u00e1s 365 Noticias","description":"Actualidad desde Carre\u00f1o para el mundo","inLanguage":"es-ES","publisher":{"@id":"https:\/\/candas365.es\/noticias\/#organization"}}]},"og:locale":"es_ES","og:site_name":"Cand\u00e1s 365","og:type":"article","og:title":"Cuatro heridos en un accidente en Las Regueras | Cand\u00e1s 365","og:description":"Cuatro personas resultaron heridas, una grave y tres leves, tras caer un veh\u00edculo por un desnivel de unos 30 metros en Gallegos, Las Regueras (Asturias).","og:url":"https:\/\/candas365.es\/noticias\/cuatro-heridos-en-un-accidente-en-las-regueras\/","og:image":"https:\/\/candas365.es\/noticias\/wp-content\/uploads\/2025\/10\/accidente-en-Las-Regueras-Asturias.jpg","og:image:secure_url":"https:\/\/candas365.es\/noticias\/wp-content\/uploads\/2025\/10\/accidente-en-Las-Regueras-Asturias.jpg","og:image:width":1034,"og:image:height":603,"article:published_time":"2025-10-06T19:27:28+00:00","article:modified_time":"2025-10-06T19:27:28+00:00","article:publisher":"https:\/\/www.facebook.com\/Nachofdezber","article:author":"https:\/\/www.facebook.com\/carrenoactualidad","twitter:card":"summary_large_image","twitter:site":"@NabercoDigital","twitter:title":"Cuatro heridos en un accidente en Las Regueras | Cand\u00e1s 365","twitter:description":"Cuatro personas resultaron heridas, una grave y tres leves, tras caer un veh\u00edculo por un desnivel de unos 30 metros en Gallegos, Las Regueras (Asturias).","twitter:creator":"@nbasturias","twitter:image":"https:\/\/candas365.es\/noticias\/wp-content\/uploads\/2025\/10\/accidente-en-Las-Regueras-Asturias.jpg","twitter:label1":"Escrito por","twitter:data1":"Cand\u00e1s 365","twitter:label2":"Tiempo de lectura estimado","twitter:data2":"2 minutos"},"aioseo_meta_data":{"post_id":"188700","title":null,"description":"Cuatro personas resultaron heridas, una grave y tres leves, tras caer un veh\u00edculo por un desnivel de unos 30 metros en Gallegos, Las Regueras (Asturias).","keywords":null,"keyphrases":{"focus":{"keyphrase":"Las Regueras","score":85,"analysis":{"keyphraseInTitle":{"score":9,"maxScore":9,"error":0},"keyphraseInDescription":{"score":9,"maxScore":9,"error":0},"keyphraseLength":{"score":9,"maxScore":9,"error":0,"length":2},"keyphraseInURL":{"score":5,"maxScore":5,"error":0},"keyphraseInIntroduction":{"score":9,"maxScore":9,"error":0},"keyphraseInSubHeadings":[],"keyphraseInImageAlt":{"score":9,"maxScore":9,"error":0},"keywordDensity":{"score":0,"type":"low","maxScore":9,"error":1}}},"additional":[{"keyphrase":"Las Regueras","score":80,"analysis":{"keyphraseInDescription":{"score":9,"maxScore":9,"error":0},"keyphraseLength":{"score":9,"maxScore":9,"error":0,"length":2},"keyphraseInIntroduction":{"score":9,"maxScore":9,"error":0},"keyphraseInImageAlt":{"score":9,"maxScore":9,"error":0},"keywordDensity":{"score":0,"type":"low","maxScore":9,"error":1}}}]},"primary_term":null,"canonical_url":null,"og_title":null,"og_description":null,"og_object_type":"default","og_image_type":"default","og_image_url":null,"og_image_width":null,"og_image_height":null,"og_image_custom_url":null,"og_image_custom_fields":null,"og_video":"","og_custom_url":null,"og_article_section":null,"og_article_tags":null,"twitter_use_og":false,"twitter_card":"default","twitter_image_type":"default","twitter_image_url":null,"twitter_image_custom_url":null,"twitter_image_custom_fields":null,"twitter_title":null,"twitter_description":null,"schema":{"blockGraphs":[],"customGraphs":[],"default":{"data":{"Article":[],"Course":[],"Dataset":[],"FAQPage":[],"Movie":[],"Person":[],"Product":[],"ProductReview":[],"Car":[],"Recipe":[],"Service":[],"SoftwareApplication":[],"WebPage":[]},"graphName":"Article","isEnabled":true},"graphs":[]},"schema_type":"default","schema_type_options":null,"pillar_content":false,"robots_default":true,"robots_noindex":false,"robots_noarchive":false,"robots_nosnippet":false,"robots_nofollow":false,"robots_noimageindex":false,"robots_noodp":false,"robots_notranslate":false,"robots_max_snippet":"-1","robots_max_videopreview":"-1","robots_max_imagepreview":"large","priority":null,"frequency":"default","location":null,"local_seo":null,"seo_analyzer_scan_date":"2025-10-06 19:27:38","breadcrumb_settings":null,"limit_modified_date":false,"reviewed_by":null,"open_ai":null,"ai":{"faqs":[],"keyPoints":[],"titles":[],"descriptions":[],"socialPosts":{"email":[],"linkedin":[],"twitter":[],"facebook":[],"instagram":[]}},"created":"2025-10-06 19:22:23","updated":"2025-10-06 19:34:15"},"aioseo_breadcrumb":"<div class=\"aioseo-breadcrumbs\"><span class=\"aioseo-breadcrumb\">\n\t<a href=\"https:\/\/candas365.es\/noticias\" title=\"Home\">Home<\/a>\n<\/span><span class=\"aioseo-breadcrumb-separator\">&ndash;<\/span><span class=\"aioseo-breadcrumb\">\n\t<a href=\"https:\/\/candas365.es\/noticias\/category\/destacadas\/\" title=\"Destacadas\">Destacadas<\/a>\n<\/span><span class=\"aioseo-breadcrumb-separator\">&ndash;<\/span><span class=\"aioseo-breadcrumb\">\n\tCuatro heridos en un accidente en Las Regueras\n<\/span><\/div>","aioseo_breadcrumb_json":[{"label":"Home","link":"https:\/\/candas365.es\/noticias"},{"label":"Destacadas","link":"https:\/\/candas365.es\/noticias\/category\/destacadas\/"},{"label":"Cuatro heridos en un accidente en Las Regueras","link":"https:\/\/candas365.es\/noticias\/cuatro-heridos-en-un-accidente-en-las-regueras\/"}],"_links":{"self":[{"href":"https:\/\/candas365.es\/noticias\/wp-json\/wp\/v2\/posts\/188700","targetHints":{"allow":["GET"]}}],"collection":[{"href":"https:\/\/candas365.es\/noticias\/wp-json\/wp\/v2\/posts"}],"about":[{"href":"https:\/\/candas365.es\/noticias\/wp-json\/wp\/v2\/types\/post"}],"author":[{"embeddable":true,"href":"https:\/\/candas365.es\/noticias\/wp-json\/wp\/v2\/users\/1"}],"replies":[{"embeddable":true,"href":"https:\/\/candas365.es\/noticias\/wp-json\/wp\/v2\/comments?post=188700"}],"version-history":[{"count":0,"href":"https:\/\/candas365.es\/noticias\/wp-json\/wp\/v2\/posts\/188700\/revisions"}],"wp:featuredmedia":[{"embeddable":true,"href":"https:\/\/candas365.es\/noticias\/wp-json\/wp\/v2\/media\/188701"}],"wp:attachment":[{"href":"https:\/\/candas365.es\/noticias\/wp-json\/wp\/v2\/media?parent=188700"}],"wp:term":[{"taxonomy":"category","embeddable":true,"href":"https:\/\/candas365.es\/noticias\/wp-json\/wp\/v2\/categories?post=188700"},{"taxonomy":"post_tag","embeddable":true,"href":"https:\/\/candas365.es\/noticias\/wp-json\/wp\/v2\/tags?post=188700"}],"curies":[{"name":"wp","href":"https:\/\/api.w.org\/{rel}","templated":true}]}}